{"id":10164,"date":"2018-06-05T16:07:20","date_gmt":"2018-06-05T14:07:20","guid":{"rendered":"https:\/\/www.globalong.com\/blog\/?p=10164"},"modified":"2024-10-20T21:43:43","modified_gmt":"2024-10-20T19:43:43","slug":"kaemp-mod-plastforurening-miljoe-okologi-hav-og-ocean-ansvarligt-eco-frivilligt-arbejde-vita","status":"publish","type":"post","link":"https:\/\/www.vita-explorers.dk\/blog\/kaemp-mod-plastforurening-miljoe-okologi-hav-og-ocean-ansvarligt-eco-frivilligt-arbejde-vita\/","title":{"rendered":"#StopPlastforurening!"},"content":{"rendered":"<div class=\"ti-widget ti-goog\" data-layout-id=\"4\" data-set-id=\"light-background\" data-pid=\"\" data-language=\"fr\" data-version=\"2\" data-review-target-width=\"300\" data-review-text-mode=\"readmore\" data-pager-autoplay-timeout=\"6\" > <div class=\"ti-widget-container ti-col-3\"> <div class=\"ti-reviews-container\"> <div class=\"ti-controls\"> <div class=\"ti-next\" aria-label=\"Avis suivante\" role=\"button\"><\/div> <div class=\"ti-prev\" aria-label=\"Avis pr\u00e9c\u00e9dent\" role=\"button\"><\/div> <\/div> <div class=\"ti-reviews-container-wrapper\">  <div data-empty=\"0\" class=\"ti-review-item source-Google ti-image-layout-thumbnail\" data-id=\"cfcd208495d565ef66e7dff9f98764da\" > <div class=\"ti-inner\"> <div class=\"ti-review-header\"> <div class=\"ti-profile-img\"> <img decoding=\"async\" src=\"https:\/\/lh3.googleusercontent.com\/a\/ACg8ocKpaoKe37CD0_POxO97KqB60GsWQRsIuG2vmCfXT-W_FY44vw=s120-c-rp-mo-br100\" srcset=\"https:\/\/lh3.googleusercontent.com\/a\/ACg8ocKpaoKe37CD0_POxO97KqB60GsWQRsIuG2vmCfXT-W_FY44vw=s120-c-rp-mo-br100 2x\" alt=\"Lucie Correia\" loading=\"lazy\" \/> <\/div> <div class=\"ti-profile-details\"> <div class=\"ti-name\"> Lucie Correia <\/div> <div class=\"ti-date\">2024-10-17<\/div> <\/div> <\/div> <span class=\"ti-stars\"><span class=\"ti-star f\"><\/span><span class=\"ti-star f\"><\/span><span class=\"ti-star f\"><\/span><span class=\"ti-star f\"><\/span><span class=\"ti-star f\"><\/span><\/span> <div class=\"ti-review-text-container ti-review-content\"><!-- R-CONTENT -->La communication avec Globalong est super, personnes tr\u00e8s pr\u00e9sentes pour les b\u00e9n\u00e9voles et \u00e9tudiants partant avec cette association. Elles r\u00e9pondent \u00e0 toutes nos questions et sont tr\u00e8s accessibles au t\u00e9l\u00e9phone.<!-- R-CONTENT --><\/div> <span class=\"ti-read-more\" data-container=\".ti-review-content\" data-collapse-text=\"Cacher\" data-open-text=\"Lire la suite\" ><\/span> <\/div> <\/div>  <div data-empty=\"0\" class=\"ti-review-item source-Google ti-image-layout-thumbnail\" data-id=\"cfcd208495d565ef66e7dff9f98764da\" > <div class=\"ti-inner\"> <div class=\"ti-review-header\"> <div class=\"ti-profile-img\"> <img decoding=\"async\" src=\"https:\/\/lh3.googleusercontent.com\/a-\/ALV-UjWqnnzM7-7c9BDqeTDF-a7pOgNjvLkJ3WshRd_Tn7z0Eu-AGQwo=s120-c-rp-mo-br100\" srcset=\"https:\/\/lh3.googleusercontent.com\/a-\/ALV-UjWqnnzM7-7c9BDqeTDF-a7pOgNjvLkJ3WshRd_Tn7z0Eu-AGQwo=s120-c-rp-mo-br100 2x\" alt=\"Ra\u00efssa Frisch\" loading=\"lazy\" \/> <\/div> <div class=\"ti-profile-details\"> <div class=\"ti-name\"> Ra\u00efssa Frisch <\/div> <div class=\"ti-date\">2024-10-14<\/div> <\/div> <\/div> <span class=\"ti-stars\"><span class=\"ti-star f\"><\/span><span class=\"ti-star f\"><\/span><span class=\"ti-star f\"><\/span><span class=\"ti-star f\"><\/span><span class=\"ti-star f\"><\/span><\/span> <div class=\"ti-review-text-container ti-review-content\"><!-- R-CONTENT -->J\u2019ai d\u00e9j\u00e0 eu l\u2019opportunit\u00e9 de r\u00e9aliser deux projets humanitaires avec l\u2019association Globalong. Je ne peux que la recommander, car j\u2019ai toujours b\u00e9n\u00e9fici\u00e9 d\u2019un excellent accompagnement, aussi bien avant que pendant le voyage. On ne vous laisse pas vous d\u00e9brouiller seuls, bien au contraire, vous \u00eates tr\u00e8s bien encadr\u00e9s pour accomplir toutes les d\u00e9marches dans les d\u00e9lais.\n\nAu-del\u00e0 du suivi, les exp\u00e9riences humanitaires propos\u00e9es par Globalong ne peuvent que transformer votre vie de mani\u00e8re positive. Elles vous apportent une richesse humaine inestimable.<!-- R-CONTENT --><\/div> <span class=\"ti-read-more\" data-container=\".ti-review-content\" data-collapse-text=\"Cacher\" data-open-text=\"Lire la suite\" ><\/span> <\/div> <\/div>  <div data-empty=\"0\" class=\"ti-review-item source-Google ti-image-layout-thumbnail\" data-id=\"cfcd208495d565ef66e7dff9f98764da\" > <div class=\"ti-inner\"> <div class=\"ti-review-header\"> <div class=\"ti-profile-img\"> <img decoding=\"async\" src=\"https:\/\/lh3.googleusercontent.com\/a\/ACg8ocJL-Dxv25YkXK2QwWPNRxTVqZCv5uTmDQDFg5qslKra3vRZew=s120-c-rp-mo-br100\" srcset=\"https:\/\/lh3.googleusercontent.com\/a\/ACg8ocJL-Dxv25YkXK2QwWPNRxTVqZCv5uTmDQDFg5qslKra3vRZew=s120-c-rp-mo-br100 2x\" alt=\"Tara Turan\" loading=\"lazy\" \/> <\/div> <div class=\"ti-profile-details\"> <div class=\"ti-name\"> Tara Turan <\/div> <div class=\"ti-date\">2024-10-14<\/div> <\/div> <\/div> <span class=\"ti-stars\"><span class=\"ti-star f\"><\/span><span class=\"ti-star f\"><\/span><span class=\"ti-star f\"><\/span><span class=\"ti-star f\"><\/span><span class=\"ti-star f\"><\/span><\/span> <div class=\"ti-review-text-container ti-review-content\"><!-- R-CONTENT -->Une des meilleures associations que j\u2019ai pu faire !\nUne organisation et un suivi vraiment parfait, c\u2019est avec grand plaisir que je referai un projet avec eux.<!-- R-CONTENT --><\/div> <span class=\"ti-read-more\" data-container=\".ti-review-content\" data-collapse-text=\"Cacher\" data-open-text=\"Lire la suite\" ><\/span> <\/div> <\/div>  <div data-empty=\"0\" class=\"ti-review-item source-Google ti-image-layout-thumbnail\" data-id=\"cfcd208495d565ef66e7dff9f98764da\" > <div class=\"ti-inner\"> <div class=\"ti-review-header\"> <div class=\"ti-profile-img\"> <img decoding=\"async\" src=\"https:\/\/lh3.googleusercontent.com\/a\/ACg8ocLctTPNovSk3eKM0b_MIPOfcFEQsz2135Cdu59_BWRVsIYC7Q=s120-c-rp-mo-br100\" srcset=\"https:\/\/lh3.googleusercontent.com\/a\/ACg8ocLctTPNovSk3eKM0b_MIPOfcFEQsz2135Cdu59_BWRVsIYC7Q=s120-c-rp-mo-br100 2x\" alt=\"Repiquet Julie\" loading=\"lazy\" \/> <\/div> <div class=\"ti-profile-details\"> <div class=\"ti-name\"> Repiquet Julie <\/div> <div class=\"ti-date\">2024-10-13<\/div> <\/div> <\/div> <span class=\"ti-stars\"><span class=\"ti-star f\"><\/span><span class=\"ti-star f\"><\/span><span class=\"ti-star f\"><\/span><span class=\"ti-star f\"><\/span><span class=\"ti-star f\"><\/span><\/span> <div class=\"ti-review-text-container ti-review-content\"><!-- R-CONTENT -->Tr\u00e8s bon accompagnement de la part de Globalong, du premier jour avec toutes mes interrogations, jusqu'au d\u00e9part dans quelques jours. Le dossier transmis apr\u00e8s validation de la mission est plus que complet, les webmaster tr\u00e8s int\u00e9ressantes et permettent de d\u00e9charger mentalement ce genre de pr\u00e9paration, tout est pr\u00e9vu il n'y a plus qu'\u00e0 suivre ! Merci \u00e0 Florence de r\u00e9pondre \u00e0 toutes mes questions avec gentillesse et bienveillance, cela m'a permis de passer le cap!\nMaintenant, il n'y a plus qu'\u00e0 \ud83d\ude00<!-- R-CONTENT --><\/div> <span class=\"ti-read-more\" data-container=\".ti-review-content\" data-collapse-text=\"Cacher\" data-open-text=\"Lire la suite\" ><\/span> <\/div> <\/div>  <div data-empty=\"0\" class=\"ti-review-item source-Google ti-image-layout-thumbnail\" data-id=\"cfcd208495d565ef66e7dff9f98764da\" > <div class=\"ti-inner\"> <div class=\"ti-review-header\"> <div class=\"ti-profile-img\"> <img decoding=\"async\" src=\"https:\/\/lh3.googleusercontent.com\/a\/ACg8ocJJTdmTWs8nAA0yuH_cKOUgzc6GFAkHBiXhpnnVYXaWMBZsHw=s120-c-rp-mo-br100\" srcset=\"https:\/\/lh3.googleusercontent.com\/a\/ACg8ocJJTdmTWs8nAA0yuH_cKOUgzc6GFAkHBiXhpnnVYXaWMBZsHw=s120-c-rp-mo-br100 2x\" alt=\"Marine Guilhamat\" loading=\"lazy\" \/> <\/div> <div class=\"ti-profile-details\"> <div class=\"ti-name\"> Marine Guilhamat <\/div> <div class=\"ti-date\">2024-10-09<\/div> <\/div> <\/div> <span class=\"ti-stars\"><span class=\"ti-star f\"><\/span><span class=\"ti-star f\"><\/span><span class=\"ti-star f\"><\/span><span class=\"ti-star f\"><\/span><span class=\"ti-star f\"><\/span><\/span> <div class=\"ti-review-text-container ti-review-content\"><!-- R-CONTENT -->Tr\u00e8s belle association qui offre un cadre super s\u00e9curisant et permet de s\u2019investir dans des projets qui ont du sens. Merci \u00e0 l\u2019\u00e9quipe Globalong pour votre disponibilit\u00e9, gentillesse et accompagnement !<!-- R-CONTENT --><\/div> <span class=\"ti-read-more\" data-container=\".ti-review-content\" data-collapse-text=\"Cacher\" data-open-text=\"Lire la suite\" ><\/span> <\/div> <\/div>  <div data-empty=\"0\" class=\"ti-review-item source-Google ti-image-layout-thumbnail\" data-id=\"cfcd208495d565ef66e7dff9f98764da\" > <div class=\"ti-inner\"> <div class=\"ti-review-header\"> <div class=\"ti-profile-img\"> <img decoding=\"async\" src=\"https:\/\/lh3.googleusercontent.com\/a\/ACg8ocIgITHXKo46qgJyPqlJeAcxz11gCKUJpGIk2qauiIe2O3iZ6w=s120-c-rp-mo-br100\" srcset=\"https:\/\/lh3.googleusercontent.com\/a\/ACg8ocIgITHXKo46qgJyPqlJeAcxz11gCKUJpGIk2qauiIe2O3iZ6w=s120-c-rp-mo-br100 2x\" alt=\"Laura Mercier\" loading=\"lazy\" \/> <\/div> <div class=\"ti-profile-details\"> <div class=\"ti-name\"> Laura Mercier <\/div> <div class=\"ti-date\">2024-10-08<\/div> <\/div> <\/div> <span class=\"ti-stars\"><span class=\"ti-star f\"><\/span><span class=\"ti-star f\"><\/span><span class=\"ti-star f\"><\/span><span class=\"ti-star f\"><\/span><span class=\"ti-star f\"><\/span><\/span> <div class=\"ti-review-text-container ti-review-content\"><!-- R-CONTENT -->Mon d\u00e9part approche, je pars dans une semaine, et depuis le d\u00e9but de mon inscription je suis tr\u00e8s satisfaite du suivi effectu\u00e9 par l\u2019association. Ils sont tr\u00e8s disponibles et r\u00e9pondent rapidement \u00e0 l\u2019ensemble des questions. Je suis tr\u00e8s contente de partir faire cette mission humanitaire encadr\u00e9e par cette association. Je recommande vraiment.<!-- R-CONTENT --><\/div> <span class=\"ti-read-more\" data-container=\".ti-review-content\" data-collapse-text=\"Cacher\" data-open-text=\"Lire la suite\" ><\/span> <\/div> <\/div>  <div data-empty=\"0\" class=\"ti-review-item source-Google ti-image-layout-thumbnail\" data-id=\"cfcd208495d565ef66e7dff9f98764da\" > <div class=\"ti-inner\"> <div class=\"ti-review-header\"> <div class=\"ti-profile-img\"> <img decoding=\"async\" src=\"https:\/\/lh3.googleusercontent.com\/a-\/ALV-UjVVr0YMQhXl8QNEEB32l-rnoaYwvRZUjIEX9OEwPE_1fQwzIyk=s120-c-rp-mo-br100\" srcset=\"https:\/\/lh3.googleusercontent.com\/a-\/ALV-UjVVr0YMQhXl8QNEEB32l-rnoaYwvRZUjIEX9OEwPE_1fQwzIyk=s120-c-rp-mo-br100 2x\" alt=\"Anouk Rzkt\" loading=\"lazy\" \/> <\/div> <div class=\"ti-profile-details\"> <div class=\"ti-name\"> Anouk Rzkt <\/div> <div class=\"ti-date\">2024-10-02<\/div> <\/div> <\/div> <span class=\"ti-stars\"><span class=\"ti-star f\"><\/span><span class=\"ti-star f\"><\/span><span class=\"ti-star f\"><\/span><span class=\"ti-star f\"><\/span><span class=\"ti-star f\"><\/span><\/span> <div class=\"ti-review-text-container ti-review-content\"><!-- R-CONTENT -->Globalong est l'association parfaite. L'\u00e9quipe offre un v\u00e9ritable accompagnement rythm\u00e9 par beaucoup de conseils et d'\u00e9coute. Le site est tr\u00e8s bien fait avec des dossiers complets allant des sujets tr\u00e8s pratiques a d'autres plus th\u00e9oriques (tels que le choc culturel par exemple). Je recommande vivement et remercie sinc\u00e8rement toute l'\u00e9quipe pour leur gentillesse et investissement !<!-- R-CONTENT --><\/div> <span class=\"ti-read-more\" data-container=\".ti-review-content\" data-collapse-text=\"Cacher\" data-open-text=\"Lire la suite\" ><\/span> <\/div> <\/div>  <\/div> <div class=\"ti-controls-line\"> <div class=\"dot\"><\/div> <\/div> <\/div> <div class=\"ti-footer\"> <div class=\"ti-rating-text\"> <span class=\"nowrap\">\u00c9valuation <strong>Google<\/strong> : <\/span><span class=\"nowrap\"><strong>4.8<\/strong> sur 5, <\/span><span class=\"nowrap\">Bas\u00e9e sur <strong>240 avis<\/strong><\/span> <\/div> <\/div>  <\/div> <\/div> \n<p style=\"text-align: center;\"><strong><span style=\"color: #b81657;\">Verdens Milj\u00f8dag er \u00e5rets vigtigste internationale m\u00e6rkedag for oplysning om milj\u00f8 og natur.<\/span><\/strong><strong><span style=\"color: #b81657;\">Med opbakning fra FN og fejret i mere end 100 lande er m\u00e5let at inspirere til handling verden over for at beskytte vores f\u00e6lles milj\u00f8.<\/span><\/strong><\/p>\n<p><img loading=\"lazy\" decoding=\"async\" class=\"size-medium wp-image-9111 aligncenter\" src=\"https:\/\/www.vita-explorers.dk\/blog\/wp-content\/uploads\/2018\/03\/Ludivine-et-les-enfants-de-l\u00e9cole-participent-\u00e0-une-collecte-de-d\u00e9chets-02-2018-min-300x169.jpg\" alt=\"\" width=\"300\" height=\"169\" srcset=\"https:\/\/www.vita-explorers.dk\/blog\/wp-content\/uploads\/2018\/03\/Ludivine-et-les-enfants-de-l\u00e9cole-participent-\u00e0-une-collecte-de-d\u00e9chets-02-2018-min-300x169.jpg 300w, https:\/\/www.vita-explorers.dk\/blog\/wp-content\/uploads\/2018\/03\/Ludivine-et-les-enfants-de-l\u00e9cole-participent-\u00e0-une-collecte-de-d\u00e9chets-02-2018-min-768x432.jpg 768w, https:\/\/www.vita-explorers.dk\/blog\/wp-content\/uploads\/2018\/03\/Ludivine-et-les-enfants-de-l\u00e9cole-participent-\u00e0-une-collecte-de-d\u00e9chets-02-2018-min-1024x576.jpg 1024w, https:\/\/www.vita-explorers.dk\/blog\/wp-content\/uploads\/2018\/03\/Ludivine-et-les-enfants-de-l\u00e9cole-participent-\u00e0-une-collecte-de-d\u00e9chets-02-2018-min-150x84.jpg 150w\" sizes=\"(max-width: 300px) 100vw, 300px\" \/><\/p>\n<p style=\"text-align: justify;\">De seneste \u00e5r er <strong><a href=\"https:\/\/www.vita-explorers.dk\/blog\/verdens-oprydningsdag-2024\/\" target=\"_blank\" rel=\"noopener\">initiativer for at beskytte milj\u00f8et<\/a> blevet delt vidt og bredt<\/strong>: hashtags som <strong>#Oc\u00e9ansPropres<\/strong>, <strong>#Pickup3<\/strong> (en opfordring til at samle og smide tre stykker affald ud om dagen, n\u00e5r du er p\u00e5 farten) og <strong>#5minutebeachcleanup<\/strong> (en opfordring til at g\u00f8re stranden ren p\u00e5 5 minutter) <strong>har engageret tusindvis af mennesker verden over i samme sag.<\/strong><\/p>\n<p><strong><a href=\"https:\/\/www.vita-explorers.dk\/blog\/wp-content\/uploads\/2018\/06\/Friends-in-Costa-Rica-Globalong-min.jpg\"><img loading=\"lazy\" decoding=\"async\" class=\"size-medium wp-image-10169 aligncenter\" src=\"https:\/\/www.vita-explorers.dk\/blog\/wp-content\/uploads\/2018\/06\/Friends-in-Costa-Rica-Globalong-min-300x225.jpg\" alt=\"\" width=\"300\" height=\"225\" srcset=\"https:\/\/www.vita-explorers.dk\/blog\/wp-content\/uploads\/2018\/06\/Friends-in-Costa-Rica-Globalong-min-300x225.jpg 300w, https:\/\/www.vita-explorers.dk\/blog\/wp-content\/uploads\/2018\/06\/Friends-in-Costa-Rica-Globalong-min-768x577.jpg 768w, https:\/\/www.vita-explorers.dk\/blog\/wp-content\/uploads\/2018\/06\/Friends-in-Costa-Rica-Globalong-min-150x113.jpg 150w, https:\/\/www.vita-explorers.dk\/blog\/wp-content\/uploads\/2018\/06\/Friends-in-Costa-Rica-Globalong-min.jpg 852w\" sizes=\"(max-width: 300px) 100vw, 300px\" \/><\/a>\u00c5rets tema i 2020 er indsatsen for biodiversitet.<\/strong><\/p>\n<p><strong> V\u00e6rtslandet i \u00e5r er Colombia.<\/strong><\/p>\n<p style=\"text-align: justify;\"><span style=\"color: #b81657;\"><strong>Plastforurening \u2013 en alvorlig udfordring for milj\u00f8et!<\/strong><br \/>\n<\/span><br \/>\n<strong>Plastforurening er blevet et stort problem: If\u00f8lge FN har mennesker siden begyndelsen af det 21. \u00e5rhundrede produceret mere plast end i hele det 20. \u00e5rhundrede.<\/strong><br \/>\n<strong><br \/>\nTallene for 2015 er bekymrende&#8230;<br \/>\n<a href=\"https:\/\/www.vita-explorers.dk\/blog\/wp-content\/uploads\/2018\/06\/IMG_1494-min.jpg\"><img loading=\"lazy\" decoding=\"async\" class=\"size-medium wp-image-10172 aligncenter\" src=\"https:\/\/www.vita-explorers.dk\/blog\/wp-content\/uploads\/2018\/06\/IMG_1494-min-300x225.jpg\" alt=\"\" width=\"300\" height=\"225\" srcset=\"https:\/\/www.vita-explorers.dk\/blog\/wp-content\/uploads\/2018\/06\/IMG_1494-min-300x225.jpg 300w, https:\/\/www.vita-explorers.dk\/blog\/wp-content\/uploads\/2018\/06\/IMG_1494-min-768x576.jpg 768w, https:\/\/www.vita-explorers.dk\/blog\/wp-content\/uploads\/2018\/06\/IMG_1494-min-1024x768.jpg 1024w, https:\/\/www.vita-explorers.dk\/blog\/wp-content\/uploads\/2018\/06\/IMG_1494-min-150x113.jpg 150w\" sizes=\"(max-width: 300px) 100vw, 300px\" \/><\/a>322 millioner ton plast blev produceret globalt det \u00e5r<\/strong> (mod 2 millioner i 1950).<br \/>\n<strong><br \/>\nKernen i problemet: engangsplast,<\/strong> <strong>som f\u00e5r plastaffald til at hobe sig op i lossepladser (og desv\u00e6rre ogs\u00e5 i naturen) i et tempo, der er sv\u00e6rt at f\u00f8lge med.<\/strong><br \/>\nAlligevel kan <strong>enkle valg i hverdagen<\/strong> g\u00f8re en forskel og reducere vores <strong>forbrug af engangsplast!<\/strong><\/p>\n<p><img loading=\"lazy\" decoding=\"async\" class=\"wp-image-10185 size-medium aligncenter\" src=\"https:\/\/www.vita-explorers.dk\/blog\/wp-content\/uploads\/2018\/06\/Volontariat-international-en-Afrique-GlobAlong-min-300x200.jpg\" alt=\"\" width=\"300\" height=\"200\" srcset=\"https:\/\/www.vita-explorers.dk\/blog\/wp-content\/uploads\/2018\/06\/Volontariat-international-en-Afrique-GlobAlong-min-300x200.jpg 300w, https:\/\/www.vita-explorers.dk\/blog\/wp-content\/uploads\/2018\/06\/Volontariat-international-en-Afrique-GlobAlong-min-768x512.jpg 768w, https:\/\/www.vita-explorers.dk\/blog\/wp-content\/uploads\/2018\/06\/Volontariat-international-en-Afrique-GlobAlong-min-1024x683.jpg 1024w, https:\/\/www.vita-explorers.dk\/blog\/wp-content\/uploads\/2018\/06\/Volontariat-international-en-Afrique-GlobAlong-min-150x100.jpg 150w, https:\/\/www.vita-explorers.dk\/blog\/wp-content\/uploads\/2018\/06\/Volontariat-international-en-Afrique-GlobAlong-min.jpg 1600w\" sizes=\"(max-width: 300px) 100vw, 300px\" \/><\/p>\n<p><strong>Bev\u00e6gelsen #BeatPlasticPollution \/ #CombattreLaPollutionPlastique udfordrer dig!<\/strong><\/p>\n<p><strong><span style=\"color: #b81657;\">Tag udfordringen op! Tag dine venner, virksomheder\u2026 eller kendte!<\/span><\/strong><\/p>\n<p style=\"text-align: justify;\"><strong>I 2018 blev den globale bev\u00e6gelse #CombattreLaPollutionPlastique sat i gang!<\/strong><\/p>\n<p style=\"text-align: justify;\"><strong>Konceptet er enkelt: <\/strong><\/p>\n<ol>\n<li style=\"text-align: justify;\"><strong>Drop \u00e9n type engangsplast<\/strong><\/li>\n<li style=\"text-align: justify;\"><strong><img loading=\"lazy\" decoding=\"async\" class=\"size-medium wp-image-10174 aligncenter\" src=\"https:\/\/www.vita-explorers.dk\/blog\/wp-content\/uploads\/2018\/06\/Programme-de-be\u0301ne\u0301volat-en-Mongolie-GlobAlong-min-300x225.jpg\" alt=\"\" width=\"300\" height=\"225\" srcset=\"https:\/\/www.vita-explorers.dk\/blog\/wp-content\/uploads\/2018\/06\/Programme-de-be\u0301ne\u0301volat-en-Mongolie-GlobAlong-min-300x225.jpg 300w, https:\/\/www.vita-explorers.dk\/blog\/wp-content\/uploads\/2018\/06\/Programme-de-be\u0301ne\u0301volat-en-Mongolie-GlobAlong-min-768x576.jpg 768w, https:\/\/www.vita-explorers.dk\/blog\/wp-content\/uploads\/2018\/06\/Programme-de-be\u0301ne\u0301volat-en-Mongolie-GlobAlong-min-150x113.jpg 150w, https:\/\/www.vita-explorers.dk\/blog\/wp-content\/uploads\/2018\/06\/Programme-de-be\u0301ne\u0301volat-en-Mongolie-GlobAlong-min.jpg 960w\" sizes=\"(max-width: 300px) 100vw, 300px\" \/>tag en selfie, hvor du fort\u00e6ller om dit valg<\/strong><\/li>\n<li style=\"text-align: justify;\"><strong>del den p\u00e5 sociale medier <\/strong><\/li>\n<li style=\"text-align: justify;\"><strong> tag dine venner, virksomheder eller endda kendte, s\u00e5 de ogs\u00e5 tager udfordringen op!<\/strong><\/li>\n<\/ol>\n<p style=\"text-align: justify;\"><strong>Bliv en del af bev\u00e6gelsen med f\u00e5 klik!<\/strong><\/p>\n<p><strong>Del dit engagement med teamet hos <a href=\"https:\/\/www.vita-explorers.dk\/association-globalong.html\" target=\"_blank\" rel=\"noopener noreferrer\"><span style=\"text-decoration: underline; color: #b81657;\">VITA<\/span><\/a> ved at sende dine selfies til: <a href=\"mailto:info@globalong.com\" target=\"_blank\" rel=\"noopener noreferrer\"><span style=\"text-decoration: underline; color: #b81657;\">info@globalong.com.<\/span><\/a><\/strong><\/p>\n<p>Vi deler dem efterf\u00f8lgende p\u00e5 vores <strong><a href=\"https:\/\/fr-fr.facebook.com\/globalong\/\" target=\"_blank\" rel=\"noopener noreferrer\"><span style=\"text-decoration: underline; color: #b81657;\">Facebook<\/span><\/a><\/strong>!<\/p>\n<p>\u00a0<\/p>\n<p><a href=\"https:\/\/www.vita-explorers.dk\/blog\/wp-content\/uploads\/2018\/06\/GameTag_FR-min.jpg\"><img loading=\"lazy\" decoding=\"async\" class=\"aligncenter wp-image-10179\" src=\"https:\/\/www.vita-explorers.dk\/blog\/wp-content\/uploads\/2018\/06\/GameTag_FR-min-819x1024.jpg\" alt=\"\" width=\"650\" height=\"813\" srcset=\"https:\/\/www.vita-explorers.dk\/blog\/wp-content\/uploads\/2018\/06\/GameTag_FR-min-819x1024.jpg 819w, https:\/\/www.vita-explorers.dk\/blog\/wp-content\/uploads\/2018\/06\/GameTag_FR-min-240x300.jpg 240w, https:\/\/www.vita-explorers.dk\/blog\/wp-content\/uploads\/2018\/06\/GameTag_FR-min-768x960.jpg 768w, https:\/\/www.vita-explorers.dk\/blog\/wp-content\/uploads\/2018\/06\/GameTag_FR-min-120x150.jpg 120w, https:\/\/www.vita-explorers.dk\/blog\/wp-content\/uploads\/2018\/06\/GameTag_FR-min.jpg 960w\" sizes=\"(max-width: 650px) 100vw, 650px\" \/><\/a><\/p>\n<p style=\"text-align: center;\"><a href=\"https:\/\/www.youtube.com\/watch?v=2JORn8u_qqg\" target=\"_blank\" rel=\"noopener noreferrer\"><span style=\"text-decoration: underline; color: #b81657;\"><strong>Se, hvordan den franske FN-mission valgte at #CombattreLaPollutionPlastique!<\/strong><\/span><\/a><\/p>\n<p style=\"text-align: center;\"><a href=\"https:\/\/www.youtube.com\/watch?time_continue=4&#038;v=7HIkIBsKZF4\" target=\"_blank\" rel=\"noopener noreferrer\"><span style=\"text-decoration: underline; color: #b81657;\"><strong>Se videoen om #BeatPlasticPollution her (p\u00e5 engelsk)!<\/strong><\/span><\/a><\/p>\n<p style=\"text-align: justify;\"><span style=\"color: #b81657;\"><strong><img loading=\"lazy\" decoding=\"async\" class=\"wp-image-9505 size-medium aligncenter\" src=\"https:\/\/www.vita-explorers.dk\/blog\/wp-content\/uploads\/2018\/04\/Protection-et-sauvegarde-des-plages-GlobAlong-min-300x206.jpg\" alt=\"\" width=\"300\" height=\"206\" srcset=\"https:\/\/www.vita-explorers.dk\/blog\/wp-content\/uploads\/2018\/04\/Protection-et-sauvegarde-des-plages-GlobAlong-min-300x206.jpg 300w, https:\/\/www.vita-explorers.dk\/blog\/wp-content\/uploads\/2018\/04\/Protection-et-sauvegarde-des-plages-GlobAlong-min-768x528.jpg 768w, https:\/\/www.vita-explorers.dk\/blog\/wp-content\/uploads\/2018\/04\/Protection-et-sauvegarde-des-plages-GlobAlong-min-1024x704.jpg 1024w, https:\/\/www.vita-explorers.dk\/blog\/wp-content\/uploads\/2018\/04\/Protection-et-sauvegarde-des-plages-GlobAlong-min-150x103.jpg 150w, https:\/\/www.vita-explorers.dk\/blog\/wp-content\/uploads\/2018\/04\/Protection-et-sauvegarde-des-plages-GlobAlong-min.jpg 1600w\" sizes=\"(max-width: 300px) 100vw, 300px\" \/>Lad os passe p\u00e5 vores have!<\/strong><\/span><\/p>\n<p style=\"text-align: justify;\"><strong>Den 8. juni er det Verdens Havdag.<\/strong><\/p>\n<p style=\"text-align: justify;\"><strong>Plastforurening p\u00e5virker \u00f8kosystemer i vand lige s\u00e5 meget som p\u00e5 land: 80 % af den forurening, der rammer havene, stammer fra land!<\/strong><\/p>\n<p style=\"text-align: justify;\">I dag vurderes det, at havene indeholder <strong>150 millioner ton plast<\/strong>.<\/p>\n<p><img loading=\"lazy\" decoding=\"async\" class=\"size-medium wp-image-9484 aligncenter\" src=\"https:\/\/www.vita-explorers.dk\/blog\/wp-content\/uploads\/2018\/04\/30697909_775870015941605_6974369780182548480_n-min-300x200.jpg\" alt=\"\" width=\"300\" height=\"200\" srcset=\"https:\/\/www.vita-explorers.dk\/blog\/wp-content\/uploads\/2018\/04\/30697909_775870015941605_6974369780182548480_n-min-300x200.jpg 300w, https:\/\/www.vita-explorers.dk\/blog\/wp-content\/uploads\/2018\/04\/30697909_775870015941605_6974369780182548480_n-min-150x100.jpg 150w, https:\/\/www.vita-explorers.dk\/blog\/wp-content\/uploads\/2018\/04\/30697909_775870015941605_6974369780182548480_n-min.jpg 450w\" sizes=\"(max-width: 300px) 100vw, 300px\" \/><\/p>\n<p style=\"text-align: justify;\">Derudover ender <strong>mindst 8 millioner ton plastaffald i havet hvert \u00e5r<\/strong>.<\/p>\n<p style=\"text-align: justify;\">Det betyder, at <strong>tusindvis af havpattedyr, havskildpadder, fisk og havfugle hvert \u00e5r d\u00f8r af at indtage plastaffald<\/strong>. Plastposer i vandet kan for eksempel ligne gopler, som nogle dyrearter lever af.<\/p>\n<p style=\"text-align: justify;\"><span style=\"color: #b81657;\"><strong>Hvad kan man g\u00f8re for at begr\u00e6nse plastforurening i havet?<\/strong><\/span><\/p>\n<p><img loading=\"lazy\" decoding=\"async\" class=\"wp-image-10192 aligncenter\" src=\"https:\/\/www.vita-explorers.dk\/blog\/wp-content\/uploads\/2018\/06\/image6-min-768x1024.jpeg\" alt=\"\" width=\"300\" height=\"400\" srcset=\"https:\/\/www.vita-explorers.dk\/blog\/wp-content\/uploads\/2018\/06\/image6-min-768x1024.jpeg 768w, https:\/\/www.vita-explorers.dk\/blog\/wp-content\/uploads\/2018\/06\/image6-min-225x300.jpeg 225w, https:\/\/www.vita-explorers.dk\/blog\/wp-content\/uploads\/2018\/06\/image6-min-113x150.jpeg 113w, https:\/\/www.vita-explorers.dk\/blog\/wp-content\/uploads\/2018\/06\/image6-min.jpeg 960w\" sizes=\"(max-width: 300px) 100vw, 300px\" \/><\/p>\n<p style=\"text-align: justify;\"><strong>N\u00e6ste gang du er p\u00e5 stranden, s\u00e5 g\u00f8r en lille, konkret indsats: saml et par stykker plastaffald op, s\u00e5 vi kan reducere forureningen i havet mest muligt<\/strong>!<\/p>\n<p style=\"text-align: justify;\"><strong>Det tager<\/strong> <strong>kun f\u00e5 minutter<\/strong> \u2013 men n\u00e5r mange g\u00f8r lidt, kan det g\u00f8re en reel forskel!<\/p>\n<p style=\"text-align: justify;\">I st\u00f8rre skala findes der <a href=\"https:\/\/www.vita-explorers.dk\/frivilligt-arbejde\/\" target=\"_blank\" rel=\"noopener noreferrer\"><span style=\"text-decoration: underline; color: #b81657;\"><strong>internationale forl\u00f8b med fokus p\u00e5 natur og milj\u00f8<\/strong><\/span><\/a> rundt om i verden, hvor man kan <a href=\"https:\/\/www.vita-explorers.dk\/blog\/\u00f8ko-frivilligt-arbejde-ansvarlig-rejse-praktik-milj\u00f8-natur-\u00f8kologi-asien\/\" target=\"_blank\" rel=\"noopener noreferrer\"><span style=\"text-decoration: underline; color: #b81657;\"><strong>rense strande<\/strong><\/span><\/a>, <strong>genoprette kystomr\u00e5der<\/strong> og <a href=\"https:\/\/www.vita-explorers.dk\/blog\/international-dag-for-dyrs-rettigheder-10-december-dyrevelfaerd-frivilligt-arbejde\/\" target=\"_blank\" rel=\"noopener noreferrer\"><span style=\"text-decoration: underline; color: #b81657;\"><strong>beskytte marine arter<\/strong><\/span><\/a>.<\/p>\n<p style=\"text-align: justify;\"><strong>Hvis det her ligger dig p\u00e5 sinde, kan du engagere dig i et forl\u00f8b med fokus p\u00e5 havbeskyttelse og\/eller havskildpadder!<\/strong><\/p>\n<p style=\"text-align: justify;\">Vil du vide mere, er du velkommen til at kontakte os p\u00e5 <a href=\"mailto:info@globalong.com\" target=\"_blank\" rel=\"noopener noreferrer\"><span style=\"text-decoration: underline; color: #b81657;\"><strong>info@globalong.com<\/strong><\/span><\/a>.<\/p>\n<p>\u00a0<\/p>\n<p>\u00a0<\/p>\n<p style=\"text-align: center;\"><a href=\"https:\/\/www.vita-explorers.dk\/frivilligt-arbejde\/\" target=\"_blank\" rel=\"noopener noreferrer\"><span style=\"text-decoration: underline; color: #b81657;\"><strong>Deltag i et praktikforl\u00f8b eller et internationalt milj\u00f8forl\u00f8b!<\/strong><\/span><\/a><\/p>\n<p style=\"text-align: center;\"><a href=\"https:\/\/www.flickr.com\/photos\/globalong\/albums\" target=\"_blank\" rel=\"noopener noreferrer\"><span style=\"text-decoration: underline; color: #b81657;\"><strong>Se forl\u00f8bene i billeder!<\/strong><\/span><\/a><\/p>\n<p style=\"text-align: center;\"><a href=\"https:\/\/www.vita-explorers.dk\/blog\/avis-globalong\/\" target=\"_blank\" rel=\"noopener noreferrer\"><span style=\"text-decoration: underline; color: #b81657;\"><strong>L\u00e6s deltagernes oplevelser!<\/strong><\/span><\/a><\/p>\n<p style=\"text-align: center;\"><a href=\"https:\/\/www.vita-explorers.dk\/blog\/videoer-fra-vores-destinationer-frivilligt-arbejde-internationale-forloeb\/\" target=\"_blank\" rel=\"noopener noreferrer\"><span style=\"text-decoration: underline; color: #b81657;\"><strong>VITA p\u00e5 video!<\/strong><\/span><\/a><\/p>\n<p style=\"text-align: center;\"><a href=\"https:\/\/www.vita-explorers.dk\/association-globalong.html\" target=\"_blank\" rel=\"noopener noreferrer\"><span style=\"text-decoration: underline; color: #b81657;\"><strong>Alt om VITA Institute<\/strong><\/span><\/a><\/p>\n<p style=\"text-align: center;\"><a href=\"https:\/\/www.vita-explorers.dk\/blog\/dossiers-vita-ekstra-information-gode-rad-forskelle-sporgsmal-praktik-sprog-internationale-forlob-frivilligt-arbejde-sprogophold-udlandsophold-humanitaert-arbejde-projekt-sabbat\u00e5r\/charte-de-lecovolontariat\/\" target=\"_blank\" rel=\"noopener noreferrer\"><span style=\"text-decoration: underline; color: #b81657;\"><strong>Charter for ansvarlige milj\u00f8forl\u00f8b<\/strong><\/span><\/a><\/p>\n<p style=\"text-align: justify;\"><strong>Kilder<\/strong>\u00a0: FN \/ World Ocean Network<\/p>\n<p><span style=\"font-size: 8pt;\">Fotos er vejledende<\/span><\/p>\n","protected":false},"excerpt":{"rendered":"<p>Verdens Milj\u00f8dag er \u00e5rets vigtigste internationale m\u00e6rkedag for oplysning om milj\u00f8 og natur.Med opbakning fra FN og fejret i mere end 100 lande er\u2026<\/p>\n","protected":false},"author":1,"featured_media":10165,"comment_status":"open","ping_status":"open","sticky":false,"template":"","format":"standard","meta":{"footnotes":""},"categories":[8,3,4],"tags":[585,586,379,559,104,584,95,583,426,61,440],"yoast_head":"<!-- This site is optimized with the Yoast SEO Premium plugin v23.4 (Yoast SEO v23.4) - https:\/\/yoast.com\/wordpress\/plugins\/seo\/ -->\n<title>#StopPlastforurening! - VITA Explorers Blog<\/title>\n<meta name=\"robots\" content=\"index, follow, max-snippet:-1, max-image-preview:large, max-video-preview:-1\" \/>\n<link rel=\"canonical\" href=\"https:\/\/www.vita-explorers.dk\/blog\/kaemp-mod-plastforurening-miljoe-okologi-hav-og-ocean-ansvarligt-eco-frivilligt-arbejde-vita\/\" \/>\n<meta property=\"og:locale\" content=\"da_DK\" \/>\n<meta property=\"og:type\" content=\"article\" \/>\n<meta property=\"og:title\" content=\"#StopPlastforurening!\" \/>\n<meta property=\"og:description\" content=\"Verdens Milj\u00f8dag er \u00e5rets vigtigste internationale m\u00e6rkedag for oplysning om milj\u00f8 og natur.Med opbakning fra FN og fejret i mere end 100 lande er\u2026\" \/>\n<meta property=\"og:url\" content=\"https:\/\/www.vita-explorers.dk\/blog\/kaemp-mod-plastforurening-miljoe-okologi-hav-og-ocean-ansvarligt-eco-frivilligt-arbejde-vita\/\" \/>\n<meta property=\"og:site_name\" content=\"VITA Explorers Blog\" \/>\n<meta property=\"article:publisher\" content=\"https:\/\/www.facebook.com\/globalong\" \/>\n<meta property=\"article:published_time\" content=\"2018-06-05T14:07:20+00:00\" \/>\n<meta property=\"article:modified_time\" content=\"2024-10-20T19:43:43+00:00\" \/>\n<meta property=\"og:image\" content=\"https:\/\/www.vita-explorers.dk\/blog\/wp-content\/uploads\/2018\/06\/DSC_6879-copy-min-1.jpg\" \/>\n\t<meta property=\"og:image:width\" content=\"3216\" \/>\n\t<meta property=\"og:image:height\" content=\"2136\" \/>\n\t<meta property=\"og:image:type\" content=\"image\/jpeg\" \/>\n<meta name=\"author\" content=\"VITA Tribe\" \/>\n<meta name=\"twitter:card\" content=\"summary_large_image\" \/>\n<meta name=\"twitter:label1\" content=\"Skrevet af\" \/>\n\t<meta name=\"twitter:data1\" content=\"VITA Tribe\" \/>\n\t<meta name=\"twitter:label2\" content=\"Estimeret l\u00e6setid\" \/>\n\t<meta name=\"twitter:data2\" content=\"6 minutter\" \/>\n<script type=\"application\/ld+json\" class=\"yoast-schema-graph\">{\"@context\":\"https:\/\/schema.org\",\"@graph\":[{\"@type\":\"Article\",\"@id\":\"https:\/\/www.vita-explorers.dk\/blog\/kaemp-mod-plastforurening-miljoe-okologi-hav-og-ocean-ansvarligt-eco-frivilligt-arbejde-vita\/#article\",\"isPartOf\":{\"@id\":\"https:\/\/www.vita-explorers.dk\/blog\/kaemp-mod-plastforurening-miljoe-okologi-hav-og-ocean-ansvarligt-eco-frivilligt-arbejde-vita\/\"},\"author\":{\"name\":\"VITA Tribe\",\"@id\":\"https:\/\/www.vita-explorers.dk\/blog\/#\/schema\/person\/d7df267b64f23018d1dc519e78fb2735\"},\"headline\":\"#StopPlastforurening!\",\"datePublished\":\"2018-06-05T14:07:20+00:00\",\"dateModified\":\"2024-10-20T19:43:43+00:00\",\"mainEntityOfPage\":{\"@id\":\"https:\/\/www.vita-explorers.dk\/blog\/kaemp-mod-plastforurening-miljoe-okologi-hav-og-ocean-ansvarligt-eco-frivilligt-arbejde-vita\/\"},\"wordCount\":574,\"commentCount\":0,\"publisher\":{\"@id\":\"https:\/\/www.vita-explorers.dk\/blog\/#organization\"},\"image\":{\"@id\":\"https:\/\/www.vita-explorers.dk\/blog\/kaemp-mod-plastforurening-miljoe-okologi-hav-og-ocean-ansvarligt-eco-frivilligt-arbejde-vita\/#primaryimage\"},\"thumbnailUrl\":\"https:\/\/www.vita-explorers.dk\/blog\/wp-content\/uploads\/2018\/06\/DSC_6879-copy-min-1.jpg\",\"keywords\":[\"#CombattreLaPollutionPlastique\",\"#Oc\u00e9ansPropres\",\"action\",\"\u00e9co-responsable\",\"\u00e9cologie\",\"\u00e9cosyst\u00e8mes\",\"environnement\",\"mer\",\"nature\",\"Oc\u00e9an\",\"sensibilisation\"],\"articleSection\":[\"Humanit\u00e6rt frivilligt arbejde\",\"Rejser - generelle oplysninger\",\"VITA Explorers\"],\"inLanguage\":\"da-DK\",\"potentialAction\":[{\"@type\":\"CommentAction\",\"name\":\"Comment\",\"target\":[\"https:\/\/www.vita-explorers.dk\/blog\/kaemp-mod-plastforurening-miljoe-okologi-hav-og-ocean-ansvarligt-eco-frivilligt-arbejde-vita\/#respond\"]}]},{\"@type\":\"WebPage\",\"@id\":\"https:\/\/www.vita-explorers.dk\/blog\/kaemp-mod-plastforurening-miljoe-okologi-hav-og-ocean-ansvarligt-eco-frivilligt-arbejde-vita\/\",\"url\":\"https:\/\/www.vita-explorers.dk\/blog\/kaemp-mod-plastforurening-miljoe-okologi-hav-og-ocean-ansvarligt-eco-frivilligt-arbejde-vita\/\",\"name\":\"#StopPlastforurening! - VITA Explorers Blog\",\"isPartOf\":{\"@id\":\"https:\/\/www.vita-explorers.dk\/blog\/#website\"},\"primaryImageOfPage\":{\"@id\":\"https:\/\/www.vita-explorers.dk\/blog\/kaemp-mod-plastforurening-miljoe-okologi-hav-og-ocean-ansvarligt-eco-frivilligt-arbejde-vita\/#primaryimage\"},\"image\":{\"@id\":\"https:\/\/www.vita-explorers.dk\/blog\/kaemp-mod-plastforurening-miljoe-okologi-hav-og-ocean-ansvarligt-eco-frivilligt-arbejde-vita\/#primaryimage\"},\"thumbnailUrl\":\"https:\/\/www.vita-explorers.dk\/blog\/wp-content\/uploads\/2018\/06\/DSC_6879-copy-min-1.jpg\",\"datePublished\":\"2018-06-05T14:07:20+00:00\",\"dateModified\":\"2024-10-20T19:43:43+00:00\",\"breadcrumb\":{\"@id\":\"https:\/\/www.vita-explorers.dk\/blog\/kaemp-mod-plastforurening-miljoe-okologi-hav-og-ocean-ansvarligt-eco-frivilligt-arbejde-vita\/#breadcrumb\"},\"inLanguage\":\"da-DK\",\"potentialAction\":[{\"@type\":\"ReadAction\",\"target\":[\"https:\/\/www.vita-explorers.dk\/blog\/kaemp-mod-plastforurening-miljoe-okologi-hav-og-ocean-ansvarligt-eco-frivilligt-arbejde-vita\/\"]}]},{\"@type\":\"ImageObject\",\"inLanguage\":\"da-DK\",\"@id\":\"https:\/\/www.vita-explorers.dk\/blog\/kaemp-mod-plastforurening-miljoe-okologi-hav-og-ocean-ansvarligt-eco-frivilligt-arbejde-vita\/#primaryimage\",\"url\":\"https:\/\/www.vita-explorers.dk\/blog\/wp-content\/uploads\/2018\/06\/DSC_6879-copy-min-1.jpg\",\"contentUrl\":\"https:\/\/www.vita-explorers.dk\/blog\/wp-content\/uploads\/2018\/06\/DSC_6879-copy-min-1.jpg\",\"width\":3216,\"height\":2136,\"caption\":\"Mission plastique\"},{\"@type\":\"BreadcrumbList\",\"@id\":\"https:\/\/www.vita-explorers.dk\/blog\/kaemp-mod-plastforurening-miljoe-okologi-hav-og-ocean-ansvarligt-eco-frivilligt-arbejde-vita\/#breadcrumb\",\"itemListElement\":[{\"@type\":\"ListItem\",\"position\":1,\"name\":\"Accueil\",\"item\":\"https:\/\/www.vita-explorers.dk\/blog\/\"},{\"@type\":\"ListItem\",\"position\":2,\"name\":\"#StopPlastforurening!\"}]},{\"@type\":\"WebSite\",\"@id\":\"https:\/\/www.vita-explorers.dk\/blog\/#website\",\"url\":\"https:\/\/www.vita-explorers.dk\/blog\/\",\"name\":\"Association Globalong\",\"description\":\"Frivilligt arbejde, sprogophold, praktik i udlandet og internationale oplevelser\",\"publisher\":{\"@id\":\"https:\/\/www.vita-explorers.dk\/blog\/#organization\"},\"potentialAction\":[{\"@type\":\"SearchAction\",\"target\":{\"@type\":\"EntryPoint\",\"urlTemplate\":\"https:\/\/www.vita-explorers.dk\/blog\/?s={search_term_string}\"},\"query-input\":{\"@type\":\"PropertyValueSpecification\",\"valueRequired\":true,\"valueName\":\"search_term_string\"}}],\"inLanguage\":\"da-DK\"},{\"@type\":\"Organization\",\"@id\":\"https:\/\/www.vita-explorers.dk\/blog\/#organization\",\"name\":\"Association Globalong\",\"url\":\"https:\/\/www.vita-explorers.dk\/blog\/\",\"logo\":{\"@type\":\"ImageObject\",\"inLanguage\":\"da-DK\",\"@id\":\"https:\/\/www.vita-explorers.dk\/blog\/#\/schema\/logo\/image\/\",\"url\":\"https:\/\/www.globalong.com\/blog\/wp-content\/uploads\/2014\/11\/cropped-cropped-Logo-et-Afrique-Globalong-petite-taille-2.jpg\",\"contentUrl\":\"https:\/\/www.globalong.com\/blog\/wp-content\/uploads\/2014\/11\/cropped-cropped-Logo-et-Afrique-Globalong-petite-taille-2.jpg\",\"width\":512,\"height\":512,\"caption\":\"Association Globalong\"},\"image\":{\"@id\":\"https:\/\/www.vita-explorers.dk\/blog\/#\/schema\/logo\/image\/\"},\"sameAs\":[\"https:\/\/www.facebook.com\/globalong\"]},{\"@type\":\"Person\",\"@id\":\"https:\/\/www.vita-explorers.dk\/blog\/#\/schema\/person\/d7df267b64f23018d1dc519e78fb2735\",\"name\":\"VITA Tribe\",\"image\":{\"@type\":\"ImageObject\",\"inLanguage\":\"da-DK\",\"@id\":\"https:\/\/www.vita-explorers.dk\/blog\/#\/schema\/person\/image\/\",\"url\":\"https:\/\/secure.gravatar.com\/avatar\/81461bcc213d0ff2bdc043d4206648f0?s=96&d=mm&r=g\",\"contentUrl\":\"https:\/\/secure.gravatar.com\/avatar\/81461bcc213d0ff2bdc043d4206648f0?s=96&d=mm&r=g\",\"caption\":\"VITA Tribe\"},\"sameAs\":[\"https:\/\/www.globalong.com\"],\"url\":\"https:\/\/www.vita-explorers.dk\/blog\/author\/sophie\/\"}]}<\/script>\n<!-- \/ Yoast SEO Premium plugin. -->","yoast_head_json":{"title":"#StopPlastforurening! - VITA Explorers Blog","robots":{"index":"index","follow":"follow","max-snippet":"max-snippet:-1","max-image-preview":"max-image-preview:large","max-video-preview":"max-video-preview:-1"},"canonical":"https:\/\/www.vita-explorers.dk\/blog\/kaemp-mod-plastforurening-miljoe-okologi-hav-og-ocean-ansvarligt-eco-frivilligt-arbejde-vita\/","og_locale":"da_DK","og_type":"article","og_title":"#StopPlastforurening!","og_description":"Verdens Milj\u00f8dag er \u00e5rets vigtigste internationale m\u00e6rkedag for oplysning om milj\u00f8 og natur.Med opbakning fra FN og fejret i mere end 100 lande er\u2026","og_url":"https:\/\/www.vita-explorers.dk\/blog\/kaemp-mod-plastforurening-miljoe-okologi-hav-og-ocean-ansvarligt-eco-frivilligt-arbejde-vita\/","og_site_name":"VITA Explorers Blog","article_publisher":"https:\/\/www.facebook.com\/globalong","article_published_time":"2018-06-05T14:07:20+00:00","article_modified_time":"2024-10-20T19:43:43+00:00","og_image":[{"width":3216,"height":2136,"url":"https:\/\/www.vita-explorers.dk\/blog\/wp-content\/uploads\/2018\/06\/DSC_6879-copy-min-1.jpg","type":"image\/jpeg"}],"author":"VITA Tribe","twitter_card":"summary_large_image","twitter_misc":{"Skrevet af":"VITA Tribe","Estimeret l\u00e6setid":"6 minutter"},"schema":{"@context":"https:\/\/schema.org","@graph":[{"@type":"Article","@id":"https:\/\/www.vita-explorers.dk\/blog\/kaemp-mod-plastforurening-miljoe-okologi-hav-og-ocean-ansvarligt-eco-frivilligt-arbejde-vita\/#article","isPartOf":{"@id":"https:\/\/www.vita-explorers.dk\/blog\/kaemp-mod-plastforurening-miljoe-okologi-hav-og-ocean-ansvarligt-eco-frivilligt-arbejde-vita\/"},"author":{"name":"VITA Tribe","@id":"https:\/\/www.vita-explorers.dk\/blog\/#\/schema\/person\/d7df267b64f23018d1dc519e78fb2735"},"headline":"#StopPlastforurening!","datePublished":"2018-06-05T14:07:20+00:00","dateModified":"2024-10-20T19:43:43+00:00","mainEntityOfPage":{"@id":"https:\/\/www.vita-explorers.dk\/blog\/kaemp-mod-plastforurening-miljoe-okologi-hav-og-ocean-ansvarligt-eco-frivilligt-arbejde-vita\/"},"wordCount":574,"commentCount":0,"publisher":{"@id":"https:\/\/www.vita-explorers.dk\/blog\/#organization"},"image":{"@id":"https:\/\/www.vita-explorers.dk\/blog\/kaemp-mod-plastforurening-miljoe-okologi-hav-og-ocean-ansvarligt-eco-frivilligt-arbejde-vita\/#primaryimage"},"thumbnailUrl":"https:\/\/www.vita-explorers.dk\/blog\/wp-content\/uploads\/2018\/06\/DSC_6879-copy-min-1.jpg","keywords":["#CombattreLaPollutionPlastique","#Oc\u00e9ansPropres","action","\u00e9co-responsable","\u00e9cologie","\u00e9cosyst\u00e8mes","environnement","mer","nature","Oc\u00e9an","sensibilisation"],"articleSection":["Humanit\u00e6rt frivilligt arbejde","Rejser - generelle oplysninger","VITA Explorers"],"inLanguage":"da-DK","potentialAction":[{"@type":"CommentAction","name":"Comment","target":["https:\/\/www.vita-explorers.dk\/blog\/kaemp-mod-plastforurening-miljoe-okologi-hav-og-ocean-ansvarligt-eco-frivilligt-arbejde-vita\/#respond"]}]},{"@type":"WebPage","@id":"https:\/\/www.vita-explorers.dk\/blog\/kaemp-mod-plastforurening-miljoe-okologi-hav-og-ocean-ansvarligt-eco-frivilligt-arbejde-vita\/","url":"https:\/\/www.vita-explorers.dk\/blog\/kaemp-mod-plastforurening-miljoe-okologi-hav-og-ocean-ansvarligt-eco-frivilligt-arbejde-vita\/","name":"#StopPlastforurening! - VITA Explorers Blog","isPartOf":{"@id":"https:\/\/www.vita-explorers.dk\/blog\/#website"},"primaryImageOfPage":{"@id":"https:\/\/www.vita-explorers.dk\/blog\/kaemp-mod-plastforurening-miljoe-okologi-hav-og-ocean-ansvarligt-eco-frivilligt-arbejde-vita\/#primaryimage"},"image":{"@id":"https:\/\/www.vita-explorers.dk\/blog\/kaemp-mod-plastforurening-miljoe-okologi-hav-og-ocean-ansvarligt-eco-frivilligt-arbejde-vita\/#primaryimage"},"thumbnailUrl":"https:\/\/www.vita-explorers.dk\/blog\/wp-content\/uploads\/2018\/06\/DSC_6879-copy-min-1.jpg","datePublished":"2018-06-05T14:07:20+00:00","dateModified":"2024-10-20T19:43:43+00:00","breadcrumb":{"@id":"https:\/\/www.vita-explorers.dk\/blog\/kaemp-mod-plastforurening-miljoe-okologi-hav-og-ocean-ansvarligt-eco-frivilligt-arbejde-vita\/#breadcrumb"},"inLanguage":"da-DK","potentialAction":[{"@type":"ReadAction","target":["https:\/\/www.vita-explorers.dk\/blog\/kaemp-mod-plastforurening-miljoe-okologi-hav-og-ocean-ansvarligt-eco-frivilligt-arbejde-vita\/"]}]},{"@type":"ImageObject","inLanguage":"da-DK","@id":"https:\/\/www.vita-explorers.dk\/blog\/kaemp-mod-plastforurening-miljoe-okologi-hav-og-ocean-ansvarligt-eco-frivilligt-arbejde-vita\/#primaryimage","url":"https:\/\/www.vita-explorers.dk\/blog\/wp-content\/uploads\/2018\/06\/DSC_6879-copy-min-1.jpg","contentUrl":"https:\/\/www.vita-explorers.dk\/blog\/wp-content\/uploads\/2018\/06\/DSC_6879-copy-min-1.jpg","width":3216,"height":2136,"caption":"Mission plastique"},{"@type":"BreadcrumbList","@id":"https:\/\/www.vita-explorers.dk\/blog\/kaemp-mod-plastforurening-miljoe-okologi-hav-og-ocean-ansvarligt-eco-frivilligt-arbejde-vita\/#breadcrumb","itemListElement":[{"@type":"ListItem","position":1,"name":"Accueil","item":"https:\/\/www.vita-explorers.dk\/blog\/"},{"@type":"ListItem","position":2,"name":"#StopPlastforurening!"}]},{"@type":"WebSite","@id":"https:\/\/www.vita-explorers.dk\/blog\/#website","url":"https:\/\/www.vita-explorers.dk\/blog\/","name":"Association Globalong","description":"Frivilligt arbejde, sprogophold, praktik i udlandet og internationale oplevelser","publisher":{"@id":"https:\/\/www.vita-explorers.dk\/blog\/#organization"},"potentialAction":[{"@type":"SearchAction","target":{"@type":"EntryPoint","urlTemplate":"https:\/\/www.vita-explorers.dk\/blog\/?s={search_term_string}"},"query-input":{"@type":"PropertyValueSpecification","valueRequired":true,"valueName":"search_term_string"}}],"inLanguage":"da-DK"},{"@type":"Organization","@id":"https:\/\/www.vita-explorers.dk\/blog\/#organization","name":"Association Globalong","url":"https:\/\/www.vita-explorers.dk\/blog\/","logo":{"@type":"ImageObject","inLanguage":"da-DK","@id":"https:\/\/www.vita-explorers.dk\/blog\/#\/schema\/logo\/image\/","url":"https:\/\/www.globalong.com\/blog\/wp-content\/uploads\/2014\/11\/cropped-cropped-Logo-et-Afrique-Globalong-petite-taille-2.jpg","contentUrl":"https:\/\/www.globalong.com\/blog\/wp-content\/uploads\/2014\/11\/cropped-cropped-Logo-et-Afrique-Globalong-petite-taille-2.jpg","width":512,"height":512,"caption":"Association Globalong"},"image":{"@id":"https:\/\/www.vita-explorers.dk\/blog\/#\/schema\/logo\/image\/"},"sameAs":["https:\/\/www.facebook.com\/globalong"]},{"@type":"Person","@id":"https:\/\/www.vita-explorers.dk\/blog\/#\/schema\/person\/d7df267b64f23018d1dc519e78fb2735","name":"VITA Tribe","image":{"@type":"ImageObject","inLanguage":"da-DK","@id":"https:\/\/www.vita-explorers.dk\/blog\/#\/schema\/person\/image\/","url":"https:\/\/secure.gravatar.com\/avatar\/81461bcc213d0ff2bdc043d4206648f0?s=96&d=mm&r=g","contentUrl":"https:\/\/secure.gravatar.com\/avatar\/81461bcc213d0ff2bdc043d4206648f0?s=96&d=mm&r=g","caption":"VITA Tribe"},"sameAs":["https:\/\/www.globalong.com"],"url":"https:\/\/www.vita-explorers.dk\/blog\/author\/sophie\/"}]}},"_links":{"self":[{"href":"https:\/\/www.vita-explorers.dk\/blog\/wp-json\/wp\/v2\/posts\/10164"}],"collection":[{"href":"https:\/\/www.vita-explorers.dk\/blog\/wp-json\/wp\/v2\/posts"}],"about":[{"href":"https:\/\/www.vita-explorers.dk\/blog\/wp-json\/wp\/v2\/types\/post"}],"author":[{"embeddable":true,"href":"https:\/\/www.vita-explorers.dk\/blog\/wp-json\/wp\/v2\/users\/1"}],"replies":[{"embeddable":true,"href":"https:\/\/www.vita-explorers.dk\/blog\/wp-json\/wp\/v2\/comments?post=10164"}],"version-history":[{"count":33,"href":"https:\/\/www.vita-explorers.dk\/blog\/wp-json\/wp\/v2\/posts\/10164\/revisions"}],"predecessor-version":[{"id":17987,"href":"https:\/\/www.vita-explorers.dk\/blog\/wp-json\/wp\/v2\/posts\/10164\/revisions\/17987"}],"wp:featuredmedia":[{"embeddable":true,"href":"https:\/\/www.vita-explorers.dk\/blog\/wp-json\/wp\/v2\/media\/10165"}],"wp:attachment":[{"href":"https:\/\/www.vita-explorers.dk\/blog\/wp-json\/wp\/v2\/media?parent=10164"}],"wp:term":[{"taxonomy":"category","embeddable":true,"href":"https:\/\/www.vita-explorers.dk\/blog\/wp-json\/wp\/v2\/categories?post=10164"},{"taxonomy":"post_tag","embeddable":true,"href":"https:\/\/www.vita-explorers.dk\/blog\/wp-json\/wp\/v2\/tags?post=10164"}],"curies":[{"name":"wp","href":"https:\/\/api.w.org\/{rel}","templated":true}]}}