{"id":10721,"date":"2018-07-30T15:59:29","date_gmt":"2018-07-30T13:59:29","guid":{"rendered":"https:\/\/www.globalong.com\/blog\/?p=10721"},"modified":"2023-01-04T16:17:02","modified_gmt":"2023-01-04T15:17:02","slug":"venskab-solidaritet-fred-mellem-folk-udvikling-frivilligt-arbejde-internationalt-forloeb-vita","status":"publish","type":"post","link":"https:\/\/www.vita-explorers.dk\/blog\/venskab-solidaritet-fred-mellem-folk-udvikling-frivilligt-arbejde-internationalt-forloeb-vita\/","title":{"rendered":"Venskab mellem folk: for en fredskultur."},"content":{"rendered":"<div class=\"ti-widget ti-goog\" data-layout-id=\"4\" data-set-id=\"light-background\" data-pid=\"\" data-language=\"fr\" data-version=\"2\" data-review-target-width=\"300\" data-review-text-mode=\"readmore\" data-pager-autoplay-timeout=\"6\" > <div class=\"ti-widget-container ti-col-3\"> <div class=\"ti-reviews-container\"> <div class=\"ti-controls\"> <div class=\"ti-next\" aria-label=\"Avis suivante\" role=\"button\"><\/div> <div class=\"ti-prev\" aria-label=\"Avis pr\u00e9c\u00e9dent\" role=\"button\"><\/div> <\/div> <div class=\"ti-reviews-container-wrapper\">  <div data-empty=\"0\" class=\"ti-review-item source-Google ti-image-layout-thumbnail\" data-id=\"cfcd208495d565ef66e7dff9f98764da\" > <div class=\"ti-inner\"> <div class=\"ti-review-header\"> <div class=\"ti-profile-img\"> <img decoding=\"async\" src=\"https:\/\/lh3.googleusercontent.com\/a\/ACg8ocKpaoKe37CD0_POxO97KqB60GsWQRsIuG2vmCfXT-W_FY44vw=s120-c-rp-mo-br100\" srcset=\"https:\/\/lh3.googleusercontent.com\/a\/ACg8ocKpaoKe37CD0_POxO97KqB60GsWQRsIuG2vmCfXT-W_FY44vw=s120-c-rp-mo-br100 2x\" alt=\"Lucie Correia\" loading=\"lazy\" \/> <\/div> <div class=\"ti-profile-details\"> <div class=\"ti-name\"> Lucie Correia <\/div> <div class=\"ti-date\">2024-10-17<\/div> <\/div> <\/div> <span class=\"ti-stars\"><span class=\"ti-star f\"><\/span><span class=\"ti-star f\"><\/span><span class=\"ti-star f\"><\/span><span class=\"ti-star f\"><\/span><span class=\"ti-star f\"><\/span><\/span> <div class=\"ti-review-text-container ti-review-content\"><!-- R-CONTENT -->La communication avec Globalong est super, personnes tr\u00e8s pr\u00e9sentes pour les b\u00e9n\u00e9voles et \u00e9tudiants partant avec cette association. Elles r\u00e9pondent \u00e0 toutes nos questions et sont tr\u00e8s accessibles au t\u00e9l\u00e9phone.<!-- R-CONTENT --><\/div> <span class=\"ti-read-more\" data-container=\".ti-review-content\" data-collapse-text=\"Cacher\" data-open-text=\"Lire la suite\" ><\/span> <\/div> <\/div>  <div data-empty=\"0\" class=\"ti-review-item source-Google ti-image-layout-thumbnail\" data-id=\"cfcd208495d565ef66e7dff9f98764da\" > <div class=\"ti-inner\"> <div class=\"ti-review-header\"> <div class=\"ti-profile-img\"> <img decoding=\"async\" src=\"https:\/\/lh3.googleusercontent.com\/a-\/ALV-UjWqnnzM7-7c9BDqeTDF-a7pOgNjvLkJ3WshRd_Tn7z0Eu-AGQwo=s120-c-rp-mo-br100\" srcset=\"https:\/\/lh3.googleusercontent.com\/a-\/ALV-UjWqnnzM7-7c9BDqeTDF-a7pOgNjvLkJ3WshRd_Tn7z0Eu-AGQwo=s120-c-rp-mo-br100 2x\" alt=\"Ra\u00efssa Frisch\" loading=\"lazy\" \/> <\/div> <div class=\"ti-profile-details\"> <div class=\"ti-name\"> Ra\u00efssa Frisch <\/div> <div class=\"ti-date\">2024-10-14<\/div> <\/div> <\/div> <span class=\"ti-stars\"><span class=\"ti-star f\"><\/span><span class=\"ti-star f\"><\/span><span class=\"ti-star f\"><\/span><span class=\"ti-star f\"><\/span><span class=\"ti-star f\"><\/span><\/span> <div class=\"ti-review-text-container ti-review-content\"><!-- R-CONTENT -->J\u2019ai d\u00e9j\u00e0 eu l\u2019opportunit\u00e9 de r\u00e9aliser deux projets humanitaires avec l\u2019association Globalong. Je ne peux que la recommander, car j\u2019ai toujours b\u00e9n\u00e9fici\u00e9 d\u2019un excellent accompagnement, aussi bien avant que pendant le voyage. On ne vous laisse pas vous d\u00e9brouiller seuls, bien au contraire, vous \u00eates tr\u00e8s bien encadr\u00e9s pour accomplir toutes les d\u00e9marches dans les d\u00e9lais.\n\nAu-del\u00e0 du suivi, les exp\u00e9riences humanitaires propos\u00e9es par Globalong ne peuvent que transformer votre vie de mani\u00e8re positive. Elles vous apportent une richesse humaine inestimable.<!-- R-CONTENT --><\/div> <span class=\"ti-read-more\" data-container=\".ti-review-content\" data-collapse-text=\"Cacher\" data-open-text=\"Lire la suite\" ><\/span> <\/div> <\/div>  <div data-empty=\"0\" class=\"ti-review-item source-Google ti-image-layout-thumbnail\" data-id=\"cfcd208495d565ef66e7dff9f98764da\" > <div class=\"ti-inner\"> <div class=\"ti-review-header\"> <div class=\"ti-profile-img\"> <img decoding=\"async\" src=\"https:\/\/lh3.googleusercontent.com\/a\/ACg8ocJL-Dxv25YkXK2QwWPNRxTVqZCv5uTmDQDFg5qslKra3vRZew=s120-c-rp-mo-br100\" srcset=\"https:\/\/lh3.googleusercontent.com\/a\/ACg8ocJL-Dxv25YkXK2QwWPNRxTVqZCv5uTmDQDFg5qslKra3vRZew=s120-c-rp-mo-br100 2x\" alt=\"Tara Turan\" loading=\"lazy\" \/> <\/div> <div class=\"ti-profile-details\"> <div class=\"ti-name\"> Tara Turan <\/div> <div class=\"ti-date\">2024-10-14<\/div> <\/div> <\/div> <span class=\"ti-stars\"><span class=\"ti-star f\"><\/span><span class=\"ti-star f\"><\/span><span class=\"ti-star f\"><\/span><span class=\"ti-star f\"><\/span><span class=\"ti-star f\"><\/span><\/span> <div class=\"ti-review-text-container ti-review-content\"><!-- R-CONTENT -->Une des meilleures associations que j\u2019ai pu faire !\nUne organisation et un suivi vraiment parfait, c\u2019est avec grand plaisir que je referai un projet avec eux.<!-- R-CONTENT --><\/div> <span class=\"ti-read-more\" data-container=\".ti-review-content\" data-collapse-text=\"Cacher\" data-open-text=\"Lire la suite\" ><\/span> <\/div> <\/div>  <div data-empty=\"0\" class=\"ti-review-item source-Google ti-image-layout-thumbnail\" data-id=\"cfcd208495d565ef66e7dff9f98764da\" > <div class=\"ti-inner\"> <div class=\"ti-review-header\"> <div class=\"ti-profile-img\"> <img decoding=\"async\" src=\"https:\/\/lh3.googleusercontent.com\/a\/ACg8ocLctTPNovSk3eKM0b_MIPOfcFEQsz2135Cdu59_BWRVsIYC7Q=s120-c-rp-mo-br100\" srcset=\"https:\/\/lh3.googleusercontent.com\/a\/ACg8ocLctTPNovSk3eKM0b_MIPOfcFEQsz2135Cdu59_BWRVsIYC7Q=s120-c-rp-mo-br100 2x\" alt=\"Repiquet Julie\" loading=\"lazy\" \/> <\/div> <div class=\"ti-profile-details\"> <div class=\"ti-name\"> Repiquet Julie <\/div> <div class=\"ti-date\">2024-10-13<\/div> <\/div> <\/div> <span class=\"ti-stars\"><span class=\"ti-star f\"><\/span><span class=\"ti-star f\"><\/span><span class=\"ti-star f\"><\/span><span class=\"ti-star f\"><\/span><span class=\"ti-star f\"><\/span><\/span> <div class=\"ti-review-text-container ti-review-content\"><!-- R-CONTENT -->Tr\u00e8s bon accompagnement de la part de Globalong, du premier jour avec toutes mes interrogations, jusqu'au d\u00e9part dans quelques jours. Le dossier transmis apr\u00e8s validation de la mission est plus que complet, les webmaster tr\u00e8s int\u00e9ressantes et permettent de d\u00e9charger mentalement ce genre de pr\u00e9paration, tout est pr\u00e9vu il n'y a plus qu'\u00e0 suivre ! Merci \u00e0 Florence de r\u00e9pondre \u00e0 toutes mes questions avec gentillesse et bienveillance, cela m'a permis de passer le cap!\nMaintenant, il n'y a plus qu'\u00e0 \ud83d\ude00<!-- R-CONTENT --><\/div> <span class=\"ti-read-more\" data-container=\".ti-review-content\" data-collapse-text=\"Cacher\" data-open-text=\"Lire la suite\" ><\/span> <\/div> <\/div>  <div data-empty=\"0\" class=\"ti-review-item source-Google ti-image-layout-thumbnail\" data-id=\"cfcd208495d565ef66e7dff9f98764da\" > <div class=\"ti-inner\"> <div class=\"ti-review-header\"> <div class=\"ti-profile-img\"> <img decoding=\"async\" src=\"https:\/\/lh3.googleusercontent.com\/a\/ACg8ocJJTdmTWs8nAA0yuH_cKOUgzc6GFAkHBiXhpnnVYXaWMBZsHw=s120-c-rp-mo-br100\" srcset=\"https:\/\/lh3.googleusercontent.com\/a\/ACg8ocJJTdmTWs8nAA0yuH_cKOUgzc6GFAkHBiXhpnnVYXaWMBZsHw=s120-c-rp-mo-br100 2x\" alt=\"Marine Guilhamat\" loading=\"lazy\" \/> <\/div> <div class=\"ti-profile-details\"> <div class=\"ti-name\"> Marine Guilhamat <\/div> <div class=\"ti-date\">2024-10-09<\/div> <\/div> <\/div> <span class=\"ti-stars\"><span class=\"ti-star f\"><\/span><span class=\"ti-star f\"><\/span><span class=\"ti-star f\"><\/span><span class=\"ti-star f\"><\/span><span class=\"ti-star f\"><\/span><\/span> <div class=\"ti-review-text-container ti-review-content\"><!-- R-CONTENT -->Tr\u00e8s belle association qui offre un cadre super s\u00e9curisant et permet de s\u2019investir dans des projets qui ont du sens. Merci \u00e0 l\u2019\u00e9quipe Globalong pour votre disponibilit\u00e9, gentillesse et accompagnement !<!-- R-CONTENT --><\/div> <span class=\"ti-read-more\" data-container=\".ti-review-content\" data-collapse-text=\"Cacher\" data-open-text=\"Lire la suite\" ><\/span> <\/div> <\/div>  <div data-empty=\"0\" class=\"ti-review-item source-Google ti-image-layout-thumbnail\" data-id=\"cfcd208495d565ef66e7dff9f98764da\" > <div class=\"ti-inner\"> <div class=\"ti-review-header\"> <div class=\"ti-profile-img\"> <img decoding=\"async\" src=\"https:\/\/lh3.googleusercontent.com\/a\/ACg8ocIgITHXKo46qgJyPqlJeAcxz11gCKUJpGIk2qauiIe2O3iZ6w=s120-c-rp-mo-br100\" srcset=\"https:\/\/lh3.googleusercontent.com\/a\/ACg8ocIgITHXKo46qgJyPqlJeAcxz11gCKUJpGIk2qauiIe2O3iZ6w=s120-c-rp-mo-br100 2x\" alt=\"Laura Mercier\" loading=\"lazy\" \/> <\/div> <div class=\"ti-profile-details\"> <div class=\"ti-name\"> Laura Mercier <\/div> <div class=\"ti-date\">2024-10-08<\/div> <\/div> <\/div> <span class=\"ti-stars\"><span class=\"ti-star f\"><\/span><span class=\"ti-star f\"><\/span><span class=\"ti-star f\"><\/span><span class=\"ti-star f\"><\/span><span class=\"ti-star f\"><\/span><\/span> <div class=\"ti-review-text-container ti-review-content\"><!-- R-CONTENT -->Mon d\u00e9part approche, je pars dans une semaine, et depuis le d\u00e9but de mon inscription je suis tr\u00e8s satisfaite du suivi effectu\u00e9 par l\u2019association. Ils sont tr\u00e8s disponibles et r\u00e9pondent rapidement \u00e0 l\u2019ensemble des questions. Je suis tr\u00e8s contente de partir faire cette mission humanitaire encadr\u00e9e par cette association. Je recommande vraiment.<!-- R-CONTENT --><\/div> <span class=\"ti-read-more\" data-container=\".ti-review-content\" data-collapse-text=\"Cacher\" data-open-text=\"Lire la suite\" ><\/span> <\/div> <\/div>  <div data-empty=\"0\" class=\"ti-review-item source-Google ti-image-layout-thumbnail\" data-id=\"cfcd208495d565ef66e7dff9f98764da\" > <div class=\"ti-inner\"> <div class=\"ti-review-header\"> <div class=\"ti-profile-img\"> <img decoding=\"async\" src=\"https:\/\/lh3.googleusercontent.com\/a-\/ALV-UjVVr0YMQhXl8QNEEB32l-rnoaYwvRZUjIEX9OEwPE_1fQwzIyk=s120-c-rp-mo-br100\" srcset=\"https:\/\/lh3.googleusercontent.com\/a-\/ALV-UjVVr0YMQhXl8QNEEB32l-rnoaYwvRZUjIEX9OEwPE_1fQwzIyk=s120-c-rp-mo-br100 2x\" alt=\"Anouk Rzkt\" loading=\"lazy\" \/> <\/div> <div class=\"ti-profile-details\"> <div class=\"ti-name\"> Anouk Rzkt <\/div> <div class=\"ti-date\">2024-10-02<\/div> <\/div> <\/div> <span class=\"ti-stars\"><span class=\"ti-star f\"><\/span><span class=\"ti-star f\"><\/span><span class=\"ti-star f\"><\/span><span class=\"ti-star f\"><\/span><span class=\"ti-star f\"><\/span><\/span> <div class=\"ti-review-text-container ti-review-content\"><!-- R-CONTENT -->Globalong est l'association parfaite. L'\u00e9quipe offre un v\u00e9ritable accompagnement rythm\u00e9 par beaucoup de conseils et d'\u00e9coute. Le site est tr\u00e8s bien fait avec des dossiers complets allant des sujets tr\u00e8s pratiques a d'autres plus th\u00e9oriques (tels que le choc culturel par exemple). Je recommande vivement et remercie sinc\u00e8rement toute l'\u00e9quipe pour leur gentillesse et investissement !<!-- R-CONTENT --><\/div> <span class=\"ti-read-more\" data-container=\".ti-review-content\" data-collapse-text=\"Cacher\" data-open-text=\"Lire la suite\" ><\/span> <\/div> <\/div>  <\/div> <div class=\"ti-controls-line\"> <div class=\"dot\"><\/div> <\/div> <\/div> <div class=\"ti-footer\"> <div class=\"ti-rating-text\"> <span class=\"nowrap\">\u00c9valuation <strong>Google<\/strong> : <\/span><span class=\"nowrap\"><strong>4.8<\/strong> sur 5, <\/span><span class=\"nowrap\">Bas\u00e9e sur <strong>240 avis<\/strong><\/span> <\/div> <\/div>  <\/div> <\/div> \n<p style=\"text-align: center;\"><span style=\"color: #b81657;\"><strong><a href=\"https:\/\/www.vita-explorers.dk\/blog\/wp-content\/uploads\/2018\/07\/27113028829_678b5f2738_o-min.jpg\"><img loading=\"lazy\" decoding=\"async\" class=\"size-medium wp-image-10726 aligncenter\" src=\"https:\/\/www.vita-explorers.dk\/blog\/wp-content\/uploads\/2018\/07\/27113028829_678b5f2738_o-min-300x200.jpg\" alt=\"\" width=\"300\" height=\"200\" srcset=\"https:\/\/www.vita-explorers.dk\/blog\/wp-content\/uploads\/2018\/07\/27113028829_678b5f2738_o-min-300x200.jpg 300w, https:\/\/www.vita-explorers.dk\/blog\/wp-content\/uploads\/2018\/07\/27113028829_678b5f2738_o-min-768x511.jpg 768w, https:\/\/www.vita-explorers.dk\/blog\/wp-content\/uploads\/2018\/07\/27113028829_678b5f2738_o-min-1024x681.jpg 1024w, https:\/\/www.vita-explorers.dk\/blog\/wp-content\/uploads\/2018\/07\/27113028829_678b5f2738_o-min-150x100.jpg 150w\" sizes=\"(max-width: 300px) 100vw, 300px\" \/><\/a>I en verden, hvor mange kriser skaber afstand (krig, terror, racisme, stigende individualisme osv.), er der brug for handling for solidaritet og social sammenh\u00e6ngskraft \u2013 s\u00e5 vi kan skabe st\u00e6rke b\u00e5nd mellem lande, mennesker og f\u00e6llesskaber.<\/strong><\/span><\/p>\n<p>Familie- og f\u00e6llesskabsv\u00e6rdier har \u00e6ndret sig over tid. Trods teknologier, der skulle g\u00f8re det nemmere at v\u00e6re i kontakt, lever millioner af mennesker \u2013 is\u00e6r i store vestlige storbyer \u2013 <strong>isoleret<\/strong> og trukket tilbage i sig selv.<\/p>\n<p><strong><a href=\"https:\/\/www.vita-explorers.dk\/blog\/wp-content\/uploads\/2018\/07\/31655461_10155256360511533_3847273176513904640_n-copy-min.jpg\"><img loading=\"lazy\" decoding=\"async\" class=\"size-medium wp-image-10728 aligncenter\" src=\"https:\/\/www.vita-explorers.dk\/blog\/wp-content\/uploads\/2018\/07\/31655461_10155256360511533_3847273176513904640_n-copy-min-300x200.jpg\" alt=\"\" width=\"300\" height=\"200\" srcset=\"https:\/\/www.vita-explorers.dk\/blog\/wp-content\/uploads\/2018\/07\/31655461_10155256360511533_3847273176513904640_n-copy-min-300x200.jpg 300w, https:\/\/www.vita-explorers.dk\/blog\/wp-content\/uploads\/2018\/07\/31655461_10155256360511533_3847273176513904640_n-copy-min-768x511.jpg 768w, https:\/\/www.vita-explorers.dk\/blog\/wp-content\/uploads\/2018\/07\/31655461_10155256360511533_3847273176513904640_n-copy-min-150x100.jpg 150w, https:\/\/www.vita-explorers.dk\/blog\/wp-content\/uploads\/2018\/07\/31655461_10155256360511533_3847273176513904640_n-copy-min.jpg 960w\" sizes=\"(max-width: 300px) 100vw, 300px\" \/><\/a>Venskab er en drivkraft, der bringer os t\u00e6ttere p\u00e5 hinanden \u2013 det f\u00e5r os til at m\u00f8des, tale sammen, dele og acceptere forskelligheder, s\u00e5 vi kan komme videre sammen.<\/strong><\/p>\n<p><strong>Det er en grundl\u00e6ggende v\u00e6rdi, der kan v\u00e6re med til at styrke fred og et indre fundament af trivsel, tillid og tryghed \u2013 b\u00e5de for den enkelte og i et st\u00f8rre perspektiv.<\/strong><\/p>\n<p><strong>Den Internationale Venskabsdag<\/strong>\u00a0markeres hvert \u00e5r den 30. juli. <a href=\"https:\/\/www.vita-explorers.dk\/blog\/wp-content\/uploads\/2018\/07\/37415395_1953315841356230_2429474879779635200_n-min.jpg\"><img loading=\"lazy\" decoding=\"async\" class=\"size-medium wp-image-10730 aligncenter\" src=\"https:\/\/www.vita-explorers.dk\/blog\/wp-content\/uploads\/2018\/07\/37415395_1953315841356230_2429474879779635200_n-min-300x219.jpg\" alt=\"\" width=\"300\" height=\"219\" srcset=\"https:\/\/www.vita-explorers.dk\/blog\/wp-content\/uploads\/2018\/07\/37415395_1953315841356230_2429474879779635200_n-min-300x219.jpg 300w, https:\/\/www.vita-explorers.dk\/blog\/wp-content\/uploads\/2018\/07\/37415395_1953315841356230_2429474879779635200_n-min-768x560.jpg 768w, https:\/\/www.vita-explorers.dk\/blog\/wp-content\/uploads\/2018\/07\/37415395_1953315841356230_2429474879779635200_n-min-150x109.jpg 150w, https:\/\/www.vita-explorers.dk\/blog\/wp-content\/uploads\/2018\/07\/37415395_1953315841356230_2429474879779635200_n-min.jpg 960w\" sizes=\"(max-width: 300px) 100vw, 300px\" \/><\/a>Den blev vedtaget af FN\u2019s Generalforsamling i 2011 for at <strong>fremme en fredskultur gennem <a href=\"https:\/\/www.vita-explorers.dk\/blog\/vita-institute-frivilligt-arbejde-internationalt-uddannelse-undervisning-skole-ikke-vold\/\" target=\"_blank\" rel=\"noopener\"><span style=\"text-decoration: underline; color: #b81657;\">uddannelse<\/span><\/a>, <a href=\"https:\/\/www.vita-explorers.dk\/blog\/ansvarlig-og-solidarisk-turisme-frivilligt-arbejde-humanitaere-forloeb-og-studiepraktik-vita\/\" target=\"_blank\" rel=\"noopener\"><span style=\"text-decoration: underline; color: #b81657;\">b\u00e6redygtig udvikling<\/span><\/a> og <a href=\"https:\/\/www.vita-explorers.dk\/blog\/international-menneskerettighedsdag-10-december-humanitaert-solidaritet-frivilligt-arbejde\/\" target=\"_blank\" rel=\"noopener\"><span style=\"color: #b81657;\"><span style=\"text-decoration: underline;\">respekt for m\u00e6nds, kvinders og b\u00f8rns rettigheder<\/span> <\/span><\/a>overalt i verden<\/strong>.<\/p>\n<p>Venskab begynder som regel i ens n\u00e6rmeste omgangskreds \u2013 men hvorfor stoppe der? Det kender ingen<strong>\u00a0gr\u00e6nser<\/strong>\u00a0!<\/p>\n<p><a href=\"https:\/\/www.vita-explorers.dk\/blog\/humanitaer-rejse-tourisme-solidaire-international-a-letranger\/\" target=\"_blank\" rel=\"noopener\"><span style=\"text-decoration: underline; color: #b81657;\"><strong>R<\/strong><\/span><span style=\"color: #b81657;\"><strong><span style=\"text-decoration: underline;\">ejsen \u00e5bner for m\u00f8det med nye kulturer og kan skabe venskaber p\u00e5 tv\u00e6rs af lande og mennesker.<\/span> <\/strong><\/span><\/a><\/p>\n<p><a href=\"https:\/\/www.vita-explorers.dk\/blog\/wp-content\/uploads\/2018\/07\/bonheur-denfants-volontariat-Globalong-min.jpg\"><img loading=\"lazy\" decoding=\"async\" class=\"size-medium wp-image-10737 aligncenter\" src=\"https:\/\/www.vita-explorers.dk\/blog\/wp-content\/uploads\/2018\/07\/bonheur-denfants-volontariat-Globalong-min-300x200.jpg\" alt=\"\" width=\"300\" height=\"200\" srcset=\"https:\/\/www.vita-explorers.dk\/blog\/wp-content\/uploads\/2018\/07\/bonheur-denfants-volontariat-Globalong-min-300x200.jpg 300w, https:\/\/www.vita-explorers.dk\/blog\/wp-content\/uploads\/2018\/07\/bonheur-denfants-volontariat-Globalong-min-768x512.jpg 768w, https:\/\/www.vita-explorers.dk\/blog\/wp-content\/uploads\/2018\/07\/bonheur-denfants-volontariat-Globalong-min-1024x683.jpg 1024w, https:\/\/www.vita-explorers.dk\/blog\/wp-content\/uploads\/2018\/07\/bonheur-denfants-volontariat-Globalong-min-150x100.jpg 150w, https:\/\/www.vita-explorers.dk\/blog\/wp-content\/uploads\/2018\/07\/bonheur-denfants-volontariat-Globalong-min.jpg 1296w\" sizes=\"(max-width: 300px) 100vw, 300px\" \/><\/a>Alligevel er det ikke altid let at komme i kontakt med lokalbefolkningen i et land, man ikke kender.<\/p>\n<p>Internationalt frivilligt arbejde kan give <strong>en autentisk, meningsfuld og givende oplevelse<\/strong> \u2013 <strong>med <a href=\"https:\/\/www.vita-explorers.dk\/blog\/kritik-vita-laere-fremmedsprog-immersion-internationalt-sprogophold\/\" target=\"_blank\" rel=\"noopener\"> <span style=\"text-decoration: underline; color: #b81657;\">fuld fordybelse<\/span><\/a><\/strong>.<\/p>\n<p>Som deltager kan du engagere dig i problemstillinger inden for omr\u00e5der som <strong>socialt arbejde<\/strong>, <strong>b\u00e6redygtig udvikling<\/strong> (socialt, uddannelse, sundhed, milj\u00f8 osv.) og <strong>give din tid til<\/strong> <strong>en sag, du br\u00e6nder for<\/strong>.<\/p>\n<p><a href=\"https:\/\/www.vita-explorers.dk\/blog\/wp-content\/uploads\/2018\/07\/repas-S\u00e9n\u00e9gal-min.jpg\"><img loading=\"lazy\" decoding=\"async\" class=\"size-medium wp-image-10739 aligncenter\" src=\"https:\/\/www.vita-explorers.dk\/blog\/wp-content\/uploads\/2018\/07\/repas-S\u00e9n\u00e9gal-min-300x169.jpg\" alt=\"\" width=\"300\" height=\"169\" srcset=\"https:\/\/www.vita-explorers.dk\/blog\/wp-content\/uploads\/2018\/07\/repas-S\u00e9n\u00e9gal-min-300x169.jpg 300w, https:\/\/www.vita-explorers.dk\/blog\/wp-content\/uploads\/2018\/07\/repas-S\u00e9n\u00e9gal-min-150x84.jpg 150w, https:\/\/www.vita-explorers.dk\/blog\/wp-content\/uploads\/2018\/07\/repas-S\u00e9n\u00e9gal-min.jpg 454w\" sizes=\"(max-width: 300px) 100vw, 300px\" \/><\/a>At bidrage til en regions b\u00e6redygtige udvikling giver deltagerne mulighed for at <strong>dele deres v\u00e6rdier med f\u00e6llesskaber, der har f\u00e6rre ressourcer, eller med andre engagerede deltagere<\/strong> \u2013 i et land, de \u00f8nsker at <a href=\"https:\/\/www.vita-explorers.dk\/blog\/frivilligt-arbejde-i-organisationer-psykologiske-fordele-international-erfaring-i-udlandet\/\" target=\"_blank\" rel=\"noopener\"><span style=\"text-decoration: underline; color: #b81657;\"><strong>opleve p\u00e5 en anden m\u00e5de<\/strong><\/span><\/a>.<\/p>\n<p>Ved at blive <a href=\"https:\/\/www.vita-explorers.dk\/blog\/milj\u00f8frivillig-internationalt-ophold-for-b\u00f8rn-og-lokalsamfund-kultur-vita-information\/\" target=\"_blank\" rel=\"noopener\"> <span style=\"text-decoration: underline; color: #b81657;\"><strong>deltager<\/strong><\/span> <\/a>eller gennemf\u00f8re dit <strong><a href=\"https:\/\/www.vita-explorers.dk\/blog\/humanitaer-rejse-etudiant\/\" target=\"_blank\" rel=\"noopener\"><span style=\"text-decoration: underline;\"><span style=\"color: #b81657; text-decoration: underline;\">studiepraktik<\/span><\/span><\/a> i udlandet<\/strong>, <strong>kan du skabe st\u00e6rke venskaber<\/strong>!<\/p>\n<p><a href=\"https:\/\/www.vita-explorers.dk\/blog\/wp-content\/uploads\/2018\/07\/Ferme-\u00e9cologique-en-Mongolie-GlobAlong-min.jpg\"><img loading=\"lazy\" decoding=\"async\" class=\"size-medium wp-image-10741 aligncenter\" src=\"https:\/\/www.vita-explorers.dk\/blog\/wp-content\/uploads\/2018\/07\/Ferme-\u00e9cologique-en-Mongolie-GlobAlong-min-300x225.jpg\" alt=\"\" width=\"300\" height=\"225\" srcset=\"https:\/\/www.vita-explorers.dk\/blog\/wp-content\/uploads\/2018\/07\/Ferme-\u00e9cologique-en-Mongolie-GlobAlong-min-300x225.jpg 300w, https:\/\/www.vita-explorers.dk\/blog\/wp-content\/uploads\/2018\/07\/Ferme-\u00e9cologique-en-Mongolie-GlobAlong-min-768x576.jpg 768w, https:\/\/www.vita-explorers.dk\/blog\/wp-content\/uploads\/2018\/07\/Ferme-\u00e9cologique-en-Mongolie-GlobAlong-min.jpg 1024w, https:\/\/www.vita-explorers.dk\/blog\/wp-content\/uploads\/2018\/07\/Ferme-\u00e9cologique-en-Mongolie-GlobAlong-min-150x113.jpg 150w\" sizes=\"(max-width: 300px) 100vw, 300px\" \/><\/a>Vi kan l\u00e6re meget af f\u00e6llesskaber i lande under udvikling, som holder fast i<strong> enkle, men vigtige v\u00e6rdier<\/strong> \u2013 v\u00e6rdier, vi let glemmer i en travl hverdag.<\/p>\n<p><strong>Hvis du har lyst til at tr\u00e6de et skridt tilbage fra din m\u00e5de at leve p\u00e5 og finde mere mening i det, du g\u00f8r, kan du lade dig inspirere af mennesker, der m\u00f8der hverdagen med smil, gl\u00e6de og optimisme \u2013 ogs\u00e5 n\u00e5r vilk\u00e5rene er sv\u00e6re og ressourcerne f\u00e5. De kan minde os om universelle v\u00e6rdier som solidaritet, hj\u00e6lpsomhed og det at dele.<\/strong><\/p>\n<p style=\"text-align: center;\"><span style=\"color: #b81657;\"><strong>Sammen kan vi dele vores erfaringer og perspektiver, skabe dialog p\u00e5 tv\u00e6rs af kulturer og finde mere ro ved at styrke venskaber internationalt.<\/strong><\/span><\/p>\n<p><span style=\"font-size: 8pt;\">Fotos er vejledende<\/span><\/p>\n","protected":false},"excerpt":{"rendered":"<p>I en verden, hvor mange kriser skaber afstand (krig, terror, racisme, stigende individualisme osv.), er der brug for handling for solidaritet og social sammenh\u00e6ngskraft\u2026<\/p>\n","protected":false},"author":1,"featured_media":10723,"comment_status":"open","ping_status":"open","sticky":false,"template":"","format":"standard","meta":{"footnotes":""},"categories":[8,1,3,4],"tags":[590,543,17,526,149,243,25],"yoast_head":"<!-- This site is optimized with the Yoast SEO Premium plugin v23.4 (Yoast SEO v23.4) - https:\/\/yoast.com\/wordpress\/plugins\/seo\/ -->\n<title>Venskab mellem folk: for en fredskultur. - VITA Explorers Blog<\/title>\n<meta name=\"robots\" content=\"index, follow, max-snippet:-1, max-image-preview:large, max-video-preview:-1\" \/>\n<link rel=\"canonical\" href=\"https:\/\/www.vita-explorers.dk\/blog\/venskab-solidaritet-fred-mellem-folk-udvikling-frivilligt-arbejde-internationalt-forloeb-vita\/\" \/>\n<meta property=\"og:locale\" content=\"da_DK\" \/>\n<meta property=\"og:type\" content=\"article\" \/>\n<meta property=\"og:title\" content=\"Venskab mellem folk: for en fredskultur.\" \/>\n<meta property=\"og:description\" content=\"I en verden, hvor mange kriser skaber afstand (krig, terror, racisme, stigende individualisme osv.), er der brug for handling for solidaritet og social sammenh\u00e6ngskraft\u2026\" \/>\n<meta property=\"og:url\" content=\"https:\/\/www.vita-explorers.dk\/blog\/venskab-solidaritet-fred-mellem-folk-udvikling-frivilligt-arbejde-internationalt-forloeb-vita\/\" \/>\n<meta property=\"og:site_name\" content=\"VITA Explorers Blog\" \/>\n<meta property=\"article:publisher\" content=\"https:\/\/www.facebook.com\/globalong\" \/>\n<meta property=\"article:published_time\" content=\"2018-07-30T13:59:29+00:00\" \/>\n<meta property=\"article:modified_time\" content=\"2023-01-04T15:17:02+00:00\" \/>\n<meta property=\"og:image\" content=\"https:\/\/www.vita-explorers.dk\/blog\/wp-content\/uploads\/2018\/07\/40020252911_c75f5b0c21_o-min.jpg\" \/>\n\t<meta property=\"og:image:width\" content=\"800\" \/>\n\t<meta property=\"og:image:height\" content=\"533\" \/>\n\t<meta property=\"og:image:type\" content=\"image\/jpeg\" \/>\n<meta name=\"author\" content=\"VITA Tribe\" \/>\n<meta name=\"twitter:card\" content=\"summary_large_image\" \/>\n<meta name=\"twitter:label1\" content=\"Skrevet af\" \/>\n\t<meta name=\"twitter:data1\" content=\"VITA Tribe\" \/>\n\t<meta name=\"twitter:label2\" content=\"Estimeret l\u00e6setid\" \/>\n\t<meta name=\"twitter:data2\" content=\"2 minutter\" \/>\n<script type=\"application\/ld+json\" class=\"yoast-schema-graph\">{\"@context\":\"https:\/\/schema.org\",\"@graph\":[{\"@type\":\"Article\",\"@id\":\"https:\/\/www.vita-explorers.dk\/blog\/venskab-solidaritet-fred-mellem-folk-udvikling-frivilligt-arbejde-internationalt-forloeb-vita\/#article\",\"isPartOf\":{\"@id\":\"https:\/\/www.vita-explorers.dk\/blog\/venskab-solidaritet-fred-mellem-folk-udvikling-frivilligt-arbejde-internationalt-forloeb-vita\/\"},\"author\":{\"name\":\"VITA Tribe\",\"@id\":\"https:\/\/www.vita-explorers.dk\/blog\/#\/schema\/person\/d7df267b64f23018d1dc519e78fb2735\"},\"headline\":\"Venskab mellem folk: for en fredskultur.\",\"datePublished\":\"2018-07-30T13:59:29+00:00\",\"dateModified\":\"2023-01-04T15:17:02+00:00\",\"mainEntityOfPage\":{\"@id\":\"https:\/\/www.vita-explorers.dk\/blog\/venskab-solidaritet-fred-mellem-folk-udvikling-frivilligt-arbejde-internationalt-forloeb-vita\/\"},\"wordCount\":485,\"commentCount\":2,\"publisher\":{\"@id\":\"https:\/\/www.vita-explorers.dk\/blog\/#organization\"},\"image\":{\"@id\":\"https:\/\/www.vita-explorers.dk\/blog\/venskab-solidaritet-fred-mellem-folk-udvikling-frivilligt-arbejde-internationalt-forloeb-vita\/#primaryimage\"},\"thumbnailUrl\":\"https:\/\/www.vita-explorers.dk\/blog\/wp-content\/uploads\/2018\/07\/40020252911_c75f5b0c21_o-min.jpg\",\"keywords\":[\"amiti\u00e9\",\"association\",\"b\u00e9n\u00e9volat\",\"entraide\",\"humanitaire\",\"international\",\"solidarit\u00e9\"],\"articleSection\":[\"Humanit\u00e6rt frivilligt arbejde\",\"No Name\",\"Rejser - generelle oplysninger\",\"VITA Explorers\"],\"inLanguage\":\"da-DK\",\"potentialAction\":[{\"@type\":\"CommentAction\",\"name\":\"Comment\",\"target\":[\"https:\/\/www.vita-explorers.dk\/blog\/venskab-solidaritet-fred-mellem-folk-udvikling-frivilligt-arbejde-internationalt-forloeb-vita\/#respond\"]}]},{\"@type\":\"WebPage\",\"@id\":\"https:\/\/www.vita-explorers.dk\/blog\/venskab-solidaritet-fred-mellem-folk-udvikling-frivilligt-arbejde-internationalt-forloeb-vita\/\",\"url\":\"https:\/\/www.vita-explorers.dk\/blog\/venskab-solidaritet-fred-mellem-folk-udvikling-frivilligt-arbejde-internationalt-forloeb-vita\/\",\"name\":\"Venskab mellem folk: for en fredskultur. - VITA Explorers Blog\",\"isPartOf\":{\"@id\":\"https:\/\/www.vita-explorers.dk\/blog\/#website\"},\"primaryImageOfPage\":{\"@id\":\"https:\/\/www.vita-explorers.dk\/blog\/venskab-solidaritet-fred-mellem-folk-udvikling-frivilligt-arbejde-internationalt-forloeb-vita\/#primaryimage\"},\"image\":{\"@id\":\"https:\/\/www.vita-explorers.dk\/blog\/venskab-solidaritet-fred-mellem-folk-udvikling-frivilligt-arbejde-internationalt-forloeb-vita\/#primaryimage\"},\"thumbnailUrl\":\"https:\/\/www.vita-explorers.dk\/blog\/wp-content\/uploads\/2018\/07\/40020252911_c75f5b0c21_o-min.jpg\",\"datePublished\":\"2018-07-30T13:59:29+00:00\",\"dateModified\":\"2023-01-04T15:17:02+00:00\",\"breadcrumb\":{\"@id\":\"https:\/\/www.vita-explorers.dk\/blog\/venskab-solidaritet-fred-mellem-folk-udvikling-frivilligt-arbejde-internationalt-forloeb-vita\/#breadcrumb\"},\"inLanguage\":\"da-DK\",\"potentialAction\":[{\"@type\":\"ReadAction\",\"target\":[\"https:\/\/www.vita-explorers.dk\/blog\/venskab-solidaritet-fred-mellem-folk-udvikling-frivilligt-arbejde-internationalt-forloeb-vita\/\"]}]},{\"@type\":\"ImageObject\",\"inLanguage\":\"da-DK\",\"@id\":\"https:\/\/www.vita-explorers.dk\/blog\/venskab-solidaritet-fred-mellem-folk-udvikling-frivilligt-arbejde-internationalt-forloeb-vita\/#primaryimage\",\"url\":\"https:\/\/www.vita-explorers.dk\/blog\/wp-content\/uploads\/2018\/07\/40020252911_c75f5b0c21_o-min.jpg\",\"contentUrl\":\"https:\/\/www.vita-explorers.dk\/blog\/wp-content\/uploads\/2018\/07\/40020252911_c75f5b0c21_o-min.jpg\",\"width\":800,\"height\":533,\"caption\":\"Chantier de solidarit\u00e9 international\"},{\"@type\":\"BreadcrumbList\",\"@id\":\"https:\/\/www.vita-explorers.dk\/blog\/venskab-solidaritet-fred-mellem-folk-udvikling-frivilligt-arbejde-internationalt-forloeb-vita\/#breadcrumb\",\"itemListElement\":[{\"@type\":\"ListItem\",\"position\":1,\"name\":\"Accueil\",\"item\":\"https:\/\/www.vita-explorers.dk\/blog\/\"},{\"@type\":\"ListItem\",\"position\":2,\"name\":\"Venskab mellem folk: for en fredskultur.\"}]},{\"@type\":\"WebSite\",\"@id\":\"https:\/\/www.vita-explorers.dk\/blog\/#website\",\"url\":\"https:\/\/www.vita-explorers.dk\/blog\/\",\"name\":\"Association Globalong\",\"description\":\"Frivilligt arbejde, sprogophold, praktik i udlandet og internationale oplevelser\",\"publisher\":{\"@id\":\"https:\/\/www.vita-explorers.dk\/blog\/#organization\"},\"potentialAction\":[{\"@type\":\"SearchAction\",\"target\":{\"@type\":\"EntryPoint\",\"urlTemplate\":\"https:\/\/www.vita-explorers.dk\/blog\/?s={search_term_string}\"},\"query-input\":{\"@type\":\"PropertyValueSpecification\",\"valueRequired\":true,\"valueName\":\"search_term_string\"}}],\"inLanguage\":\"da-DK\"},{\"@type\":\"Organization\",\"@id\":\"https:\/\/www.vita-explorers.dk\/blog\/#organization\",\"name\":\"Association Globalong\",\"url\":\"https:\/\/www.vita-explorers.dk\/blog\/\",\"logo\":{\"@type\":\"ImageObject\",\"inLanguage\":\"da-DK\",\"@id\":\"https:\/\/www.vita-explorers.dk\/blog\/#\/schema\/logo\/image\/\",\"url\":\"https:\/\/www.globalong.com\/blog\/wp-content\/uploads\/2014\/11\/cropped-cropped-Logo-et-Afrique-Globalong-petite-taille-2.jpg\",\"contentUrl\":\"https:\/\/www.globalong.com\/blog\/wp-content\/uploads\/2014\/11\/cropped-cropped-Logo-et-Afrique-Globalong-petite-taille-2.jpg\",\"width\":512,\"height\":512,\"caption\":\"Association Globalong\"},\"image\":{\"@id\":\"https:\/\/www.vita-explorers.dk\/blog\/#\/schema\/logo\/image\/\"},\"sameAs\":[\"https:\/\/www.facebook.com\/globalong\"]},{\"@type\":\"Person\",\"@id\":\"https:\/\/www.vita-explorers.dk\/blog\/#\/schema\/person\/d7df267b64f23018d1dc519e78fb2735\",\"name\":\"VITA Tribe\",\"image\":{\"@type\":\"ImageObject\",\"inLanguage\":\"da-DK\",\"@id\":\"https:\/\/www.vita-explorers.dk\/blog\/#\/schema\/person\/image\/\",\"url\":\"https:\/\/secure.gravatar.com\/avatar\/81461bcc213d0ff2bdc043d4206648f0?s=96&d=mm&r=g\",\"contentUrl\":\"https:\/\/secure.gravatar.com\/avatar\/81461bcc213d0ff2bdc043d4206648f0?s=96&d=mm&r=g\",\"caption\":\"VITA Tribe\"},\"sameAs\":[\"https:\/\/www.globalong.com\"],\"url\":\"https:\/\/www.vita-explorers.dk\/blog\/author\/sophie\/\"}]}<\/script>\n<!-- \/ Yoast SEO Premium plugin. -->","yoast_head_json":{"title":"Venskab mellem folk: for en fredskultur. - VITA Explorers Blog","robots":{"index":"index","follow":"follow","max-snippet":"max-snippet:-1","max-image-preview":"max-image-preview:large","max-video-preview":"max-video-preview:-1"},"canonical":"https:\/\/www.vita-explorers.dk\/blog\/venskab-solidaritet-fred-mellem-folk-udvikling-frivilligt-arbejde-internationalt-forloeb-vita\/","og_locale":"da_DK","og_type":"article","og_title":"Venskab mellem folk: for en fredskultur.","og_description":"I en verden, hvor mange kriser skaber afstand (krig, terror, racisme, stigende individualisme osv.), er der brug for handling for solidaritet og social sammenh\u00e6ngskraft\u2026","og_url":"https:\/\/www.vita-explorers.dk\/blog\/venskab-solidaritet-fred-mellem-folk-udvikling-frivilligt-arbejde-internationalt-forloeb-vita\/","og_site_name":"VITA Explorers Blog","article_publisher":"https:\/\/www.facebook.com\/globalong","article_published_time":"2018-07-30T13:59:29+00:00","article_modified_time":"2023-01-04T15:17:02+00:00","og_image":[{"width":800,"height":533,"url":"https:\/\/www.vita-explorers.dk\/blog\/wp-content\/uploads\/2018\/07\/40020252911_c75f5b0c21_o-min.jpg","type":"image\/jpeg"}],"author":"VITA Tribe","twitter_card":"summary_large_image","twitter_misc":{"Skrevet af":"VITA Tribe","Estimeret l\u00e6setid":"2 minutter"},"schema":{"@context":"https:\/\/schema.org","@graph":[{"@type":"Article","@id":"https:\/\/www.vita-explorers.dk\/blog\/venskab-solidaritet-fred-mellem-folk-udvikling-frivilligt-arbejde-internationalt-forloeb-vita\/#article","isPartOf":{"@id":"https:\/\/www.vita-explorers.dk\/blog\/venskab-solidaritet-fred-mellem-folk-udvikling-frivilligt-arbejde-internationalt-forloeb-vita\/"},"author":{"name":"VITA Tribe","@id":"https:\/\/www.vita-explorers.dk\/blog\/#\/schema\/person\/d7df267b64f23018d1dc519e78fb2735"},"headline":"Venskab mellem folk: for en fredskultur.","datePublished":"2018-07-30T13:59:29+00:00","dateModified":"2023-01-04T15:17:02+00:00","mainEntityOfPage":{"@id":"https:\/\/www.vita-explorers.dk\/blog\/venskab-solidaritet-fred-mellem-folk-udvikling-frivilligt-arbejde-internationalt-forloeb-vita\/"},"wordCount":485,"commentCount":2,"publisher":{"@id":"https:\/\/www.vita-explorers.dk\/blog\/#organization"},"image":{"@id":"https:\/\/www.vita-explorers.dk\/blog\/venskab-solidaritet-fred-mellem-folk-udvikling-frivilligt-arbejde-internationalt-forloeb-vita\/#primaryimage"},"thumbnailUrl":"https:\/\/www.vita-explorers.dk\/blog\/wp-content\/uploads\/2018\/07\/40020252911_c75f5b0c21_o-min.jpg","keywords":["amiti\u00e9","association","b\u00e9n\u00e9volat","entraide","humanitaire","international","solidarit\u00e9"],"articleSection":["Humanit\u00e6rt frivilligt arbejde","No Name","Rejser - generelle oplysninger","VITA Explorers"],"inLanguage":"da-DK","potentialAction":[{"@type":"CommentAction","name":"Comment","target":["https:\/\/www.vita-explorers.dk\/blog\/venskab-solidaritet-fred-mellem-folk-udvikling-frivilligt-arbejde-internationalt-forloeb-vita\/#respond"]}]},{"@type":"WebPage","@id":"https:\/\/www.vita-explorers.dk\/blog\/venskab-solidaritet-fred-mellem-folk-udvikling-frivilligt-arbejde-internationalt-forloeb-vita\/","url":"https:\/\/www.vita-explorers.dk\/blog\/venskab-solidaritet-fred-mellem-folk-udvikling-frivilligt-arbejde-internationalt-forloeb-vita\/","name":"Venskab mellem folk: for en fredskultur. - VITA Explorers Blog","isPartOf":{"@id":"https:\/\/www.vita-explorers.dk\/blog\/#website"},"primaryImageOfPage":{"@id":"https:\/\/www.vita-explorers.dk\/blog\/venskab-solidaritet-fred-mellem-folk-udvikling-frivilligt-arbejde-internationalt-forloeb-vita\/#primaryimage"},"image":{"@id":"https:\/\/www.vita-explorers.dk\/blog\/venskab-solidaritet-fred-mellem-folk-udvikling-frivilligt-arbejde-internationalt-forloeb-vita\/#primaryimage"},"thumbnailUrl":"https:\/\/www.vita-explorers.dk\/blog\/wp-content\/uploads\/2018\/07\/40020252911_c75f5b0c21_o-min.jpg","datePublished":"2018-07-30T13:59:29+00:00","dateModified":"2023-01-04T15:17:02+00:00","breadcrumb":{"@id":"https:\/\/www.vita-explorers.dk\/blog\/venskab-solidaritet-fred-mellem-folk-udvikling-frivilligt-arbejde-internationalt-forloeb-vita\/#breadcrumb"},"inLanguage":"da-DK","potentialAction":[{"@type":"ReadAction","target":["https:\/\/www.vita-explorers.dk\/blog\/venskab-solidaritet-fred-mellem-folk-udvikling-frivilligt-arbejde-internationalt-forloeb-vita\/"]}]},{"@type":"ImageObject","inLanguage":"da-DK","@id":"https:\/\/www.vita-explorers.dk\/blog\/venskab-solidaritet-fred-mellem-folk-udvikling-frivilligt-arbejde-internationalt-forloeb-vita\/#primaryimage","url":"https:\/\/www.vita-explorers.dk\/blog\/wp-content\/uploads\/2018\/07\/40020252911_c75f5b0c21_o-min.jpg","contentUrl":"https:\/\/www.vita-explorers.dk\/blog\/wp-content\/uploads\/2018\/07\/40020252911_c75f5b0c21_o-min.jpg","width":800,"height":533,"caption":"Chantier de solidarit\u00e9 international"},{"@type":"BreadcrumbList","@id":"https:\/\/www.vita-explorers.dk\/blog\/venskab-solidaritet-fred-mellem-folk-udvikling-frivilligt-arbejde-internationalt-forloeb-vita\/#breadcrumb","itemListElement":[{"@type":"ListItem","position":1,"name":"Accueil","item":"https:\/\/www.vita-explorers.dk\/blog\/"},{"@type":"ListItem","position":2,"name":"Venskab mellem folk: for en fredskultur."}]},{"@type":"WebSite","@id":"https:\/\/www.vita-explorers.dk\/blog\/#website","url":"https:\/\/www.vita-explorers.dk\/blog\/","name":"Association Globalong","description":"Frivilligt arbejde, sprogophold, praktik i udlandet og internationale oplevelser","publisher":{"@id":"https:\/\/www.vita-explorers.dk\/blog\/#organization"},"potentialAction":[{"@type":"SearchAction","target":{"@type":"EntryPoint","urlTemplate":"https:\/\/www.vita-explorers.dk\/blog\/?s={search_term_string}"},"query-input":{"@type":"PropertyValueSpecification","valueRequired":true,"valueName":"search_term_string"}}],"inLanguage":"da-DK"},{"@type":"Organization","@id":"https:\/\/www.vita-explorers.dk\/blog\/#organization","name":"Association Globalong","url":"https:\/\/www.vita-explorers.dk\/blog\/","logo":{"@type":"ImageObject","inLanguage":"da-DK","@id":"https:\/\/www.vita-explorers.dk\/blog\/#\/schema\/logo\/image\/","url":"https:\/\/www.globalong.com\/blog\/wp-content\/uploads\/2014\/11\/cropped-cropped-Logo-et-Afrique-Globalong-petite-taille-2.jpg","contentUrl":"https:\/\/www.globalong.com\/blog\/wp-content\/uploads\/2014\/11\/cropped-cropped-Logo-et-Afrique-Globalong-petite-taille-2.jpg","width":512,"height":512,"caption":"Association Globalong"},"image":{"@id":"https:\/\/www.vita-explorers.dk\/blog\/#\/schema\/logo\/image\/"},"sameAs":["https:\/\/www.facebook.com\/globalong"]},{"@type":"Person","@id":"https:\/\/www.vita-explorers.dk\/blog\/#\/schema\/person\/d7df267b64f23018d1dc519e78fb2735","name":"VITA Tribe","image":{"@type":"ImageObject","inLanguage":"da-DK","@id":"https:\/\/www.vita-explorers.dk\/blog\/#\/schema\/person\/image\/","url":"https:\/\/secure.gravatar.com\/avatar\/81461bcc213d0ff2bdc043d4206648f0?s=96&d=mm&r=g","contentUrl":"https:\/\/secure.gravatar.com\/avatar\/81461bcc213d0ff2bdc043d4206648f0?s=96&d=mm&r=g","caption":"VITA Tribe"},"sameAs":["https:\/\/www.globalong.com"],"url":"https:\/\/www.vita-explorers.dk\/blog\/author\/sophie\/"}]}},"_links":{"self":[{"href":"https:\/\/www.vita-explorers.dk\/blog\/wp-json\/wp\/v2\/posts\/10721"}],"collection":[{"href":"https:\/\/www.vita-explorers.dk\/blog\/wp-json\/wp\/v2\/posts"}],"about":[{"href":"https:\/\/www.vita-explorers.dk\/blog\/wp-json\/wp\/v2\/types\/post"}],"author":[{"embeddable":true,"href":"https:\/\/www.vita-explorers.dk\/blog\/wp-json\/wp\/v2\/users\/1"}],"replies":[{"embeddable":true,"href":"https:\/\/www.vita-explorers.dk\/blog\/wp-json\/wp\/v2\/comments?post=10721"}],"version-history":[{"count":19,"href":"https:\/\/www.vita-explorers.dk\/blog\/wp-json\/wp\/v2\/posts\/10721\/revisions"}],"predecessor-version":[{"id":15058,"href":"https:\/\/www.vita-explorers.dk\/blog\/wp-json\/wp\/v2\/posts\/10721\/revisions\/15058"}],"wp:featuredmedia":[{"embeddable":true,"href":"https:\/\/www.vita-explorers.dk\/blog\/wp-json\/wp\/v2\/media\/10723"}],"wp:attachment":[{"href":"https:\/\/www.vita-explorers.dk\/blog\/wp-json\/wp\/v2\/media?parent=10721"}],"wp:term":[{"taxonomy":"category","embeddable":true,"href":"https:\/\/www.vita-explorers.dk\/blog\/wp-json\/wp\/v2\/categories?post=10721"},{"taxonomy":"post_tag","embeddable":true,"href":"https:\/\/www.vita-explorers.dk\/blog\/wp-json\/wp\/v2\/tags?post=10721"}],"curies":[{"name":"wp","href":"https:\/\/api.w.org\/{rel}","templated":true}]}}