{"id":10800,"date":"2018-08-07T13:53:59","date_gmt":"2018-08-07T11:53:59","guid":{"rendered":"https:\/\/www.globalong.com\/blog\/?p=10800"},"modified":"2025-07-07T14:13:21","modified_gmt":"2025-07-07T12:13:21","slug":"uddannelsesforlob-internationalt-ophold-boern-unge-alfabetisering-vita-institute","status":"publish","type":"post","link":"https:\/\/www.vita-explorers.dk\/blog\/uddannelsesforlob-internationalt-ophold-boern-unge-alfabetisering-vita-institute\/","title":{"rendered":"\u201cUddannelse er det st\u00e6rkeste v\u00e5ben til at \u00e6ndre verden.\u201d \u2013 Nelson Mandela"},"content":{"rendered":"<div class=\"ti-widget ti-goog\" data-layout-id=\"4\" data-set-id=\"light-background\" data-pid=\"\" data-language=\"fr\" data-version=\"2\" data-review-target-width=\"300\" data-review-text-mode=\"readmore\" data-pager-autoplay-timeout=\"6\" > <div class=\"ti-widget-container ti-col-3\"> <div class=\"ti-reviews-container\"> <div class=\"ti-controls\"> <div class=\"ti-next\" aria-label=\"Avis suivante\" role=\"button\"><\/div> <div class=\"ti-prev\" aria-label=\"Avis pr\u00e9c\u00e9dent\" role=\"button\"><\/div> <\/div> <div class=\"ti-reviews-container-wrapper\">  <div data-empty=\"0\" class=\"ti-review-item source-Google ti-image-layout-thumbnail\" data-id=\"cfcd208495d565ef66e7dff9f98764da\" > <div class=\"ti-inner\"> <div class=\"ti-review-header\"> <div class=\"ti-profile-img\"> <img decoding=\"async\" src=\"https:\/\/lh3.googleusercontent.com\/a\/ACg8ocKpaoKe37CD0_POxO97KqB60GsWQRsIuG2vmCfXT-W_FY44vw=s120-c-rp-mo-br100\" srcset=\"https:\/\/lh3.googleusercontent.com\/a\/ACg8ocKpaoKe37CD0_POxO97KqB60GsWQRsIuG2vmCfXT-W_FY44vw=s120-c-rp-mo-br100 2x\" alt=\"Lucie Correia\" loading=\"lazy\" \/> <\/div> <div class=\"ti-profile-details\"> <div class=\"ti-name\"> Lucie Correia <\/div> <div class=\"ti-date\">2024-10-17<\/div> <\/div> <\/div> <span class=\"ti-stars\"><span class=\"ti-star f\"><\/span><span class=\"ti-star f\"><\/span><span class=\"ti-star f\"><\/span><span class=\"ti-star f\"><\/span><span class=\"ti-star f\"><\/span><\/span> <div class=\"ti-review-text-container ti-review-content\"><!-- R-CONTENT -->La communication avec Globalong est super, personnes tr\u00e8s pr\u00e9sentes pour les b\u00e9n\u00e9voles et \u00e9tudiants partant avec cette association. Elles r\u00e9pondent \u00e0 toutes nos questions et sont tr\u00e8s accessibles au t\u00e9l\u00e9phone.<!-- R-CONTENT --><\/div> <span class=\"ti-read-more\" data-container=\".ti-review-content\" data-collapse-text=\"Cacher\" data-open-text=\"Lire la suite\" ><\/span> <\/div> <\/div>  <div data-empty=\"0\" class=\"ti-review-item source-Google ti-image-layout-thumbnail\" data-id=\"cfcd208495d565ef66e7dff9f98764da\" > <div class=\"ti-inner\"> <div class=\"ti-review-header\"> <div class=\"ti-profile-img\"> <img decoding=\"async\" src=\"https:\/\/lh3.googleusercontent.com\/a-\/ALV-UjWqnnzM7-7c9BDqeTDF-a7pOgNjvLkJ3WshRd_Tn7z0Eu-AGQwo=s120-c-rp-mo-br100\" srcset=\"https:\/\/lh3.googleusercontent.com\/a-\/ALV-UjWqnnzM7-7c9BDqeTDF-a7pOgNjvLkJ3WshRd_Tn7z0Eu-AGQwo=s120-c-rp-mo-br100 2x\" alt=\"Ra\u00efssa Frisch\" loading=\"lazy\" \/> <\/div> <div class=\"ti-profile-details\"> <div class=\"ti-name\"> Ra\u00efssa Frisch <\/div> <div class=\"ti-date\">2024-10-14<\/div> <\/div> <\/div> <span class=\"ti-stars\"><span class=\"ti-star f\"><\/span><span class=\"ti-star f\"><\/span><span class=\"ti-star f\"><\/span><span class=\"ti-star f\"><\/span><span class=\"ti-star f\"><\/span><\/span> <div class=\"ti-review-text-container ti-review-content\"><!-- R-CONTENT -->J\u2019ai d\u00e9j\u00e0 eu l\u2019opportunit\u00e9 de r\u00e9aliser deux projets humanitaires avec l\u2019association Globalong. Je ne peux que la recommander, car j\u2019ai toujours b\u00e9n\u00e9fici\u00e9 d\u2019un excellent accompagnement, aussi bien avant que pendant le voyage. On ne vous laisse pas vous d\u00e9brouiller seuls, bien au contraire, vous \u00eates tr\u00e8s bien encadr\u00e9s pour accomplir toutes les d\u00e9marches dans les d\u00e9lais.\n\nAu-del\u00e0 du suivi, les exp\u00e9riences humanitaires propos\u00e9es par Globalong ne peuvent que transformer votre vie de mani\u00e8re positive. Elles vous apportent une richesse humaine inestimable.<!-- R-CONTENT --><\/div> <span class=\"ti-read-more\" data-container=\".ti-review-content\" data-collapse-text=\"Cacher\" data-open-text=\"Lire la suite\" ><\/span> <\/div> <\/div>  <div data-empty=\"0\" class=\"ti-review-item source-Google ti-image-layout-thumbnail\" data-id=\"cfcd208495d565ef66e7dff9f98764da\" > <div class=\"ti-inner\"> <div class=\"ti-review-header\"> <div class=\"ti-profile-img\"> <img decoding=\"async\" src=\"https:\/\/lh3.googleusercontent.com\/a\/ACg8ocJL-Dxv25YkXK2QwWPNRxTVqZCv5uTmDQDFg5qslKra3vRZew=s120-c-rp-mo-br100\" srcset=\"https:\/\/lh3.googleusercontent.com\/a\/ACg8ocJL-Dxv25YkXK2QwWPNRxTVqZCv5uTmDQDFg5qslKra3vRZew=s120-c-rp-mo-br100 2x\" alt=\"Tara Turan\" loading=\"lazy\" \/> <\/div> <div class=\"ti-profile-details\"> <div class=\"ti-name\"> Tara Turan <\/div> <div class=\"ti-date\">2024-10-14<\/div> <\/div> <\/div> <span class=\"ti-stars\"><span class=\"ti-star f\"><\/span><span class=\"ti-star f\"><\/span><span class=\"ti-star f\"><\/span><span class=\"ti-star f\"><\/span><span class=\"ti-star f\"><\/span><\/span> <div class=\"ti-review-text-container ti-review-content\"><!-- R-CONTENT -->Une des meilleures associations que j\u2019ai pu faire !\nUne organisation et un suivi vraiment parfait, c\u2019est avec grand plaisir que je referai un projet avec eux.<!-- R-CONTENT --><\/div> <span class=\"ti-read-more\" data-container=\".ti-review-content\" data-collapse-text=\"Cacher\" data-open-text=\"Lire la suite\" ><\/span> <\/div> <\/div>  <div data-empty=\"0\" class=\"ti-review-item source-Google ti-image-layout-thumbnail\" data-id=\"cfcd208495d565ef66e7dff9f98764da\" > <div class=\"ti-inner\"> <div class=\"ti-review-header\"> <div class=\"ti-profile-img\"> <img decoding=\"async\" src=\"https:\/\/lh3.googleusercontent.com\/a\/ACg8ocLctTPNovSk3eKM0b_MIPOfcFEQsz2135Cdu59_BWRVsIYC7Q=s120-c-rp-mo-br100\" srcset=\"https:\/\/lh3.googleusercontent.com\/a\/ACg8ocLctTPNovSk3eKM0b_MIPOfcFEQsz2135Cdu59_BWRVsIYC7Q=s120-c-rp-mo-br100 2x\" alt=\"Repiquet Julie\" loading=\"lazy\" \/> <\/div> <div class=\"ti-profile-details\"> <div class=\"ti-name\"> Repiquet Julie <\/div> <div class=\"ti-date\">2024-10-13<\/div> <\/div> <\/div> <span class=\"ti-stars\"><span class=\"ti-star f\"><\/span><span class=\"ti-star f\"><\/span><span class=\"ti-star f\"><\/span><span class=\"ti-star f\"><\/span><span class=\"ti-star f\"><\/span><\/span> <div class=\"ti-review-text-container ti-review-content\"><!-- R-CONTENT -->Tr\u00e8s bon accompagnement de la part de Globalong, du premier jour avec toutes mes interrogations, jusqu'au d\u00e9part dans quelques jours. Le dossier transmis apr\u00e8s validation de la mission est plus que complet, les webmaster tr\u00e8s int\u00e9ressantes et permettent de d\u00e9charger mentalement ce genre de pr\u00e9paration, tout est pr\u00e9vu il n'y a plus qu'\u00e0 suivre ! Merci \u00e0 Florence de r\u00e9pondre \u00e0 toutes mes questions avec gentillesse et bienveillance, cela m'a permis de passer le cap!\nMaintenant, il n'y a plus qu'\u00e0 \ud83d\ude00<!-- R-CONTENT --><\/div> <span class=\"ti-read-more\" data-container=\".ti-review-content\" data-collapse-text=\"Cacher\" data-open-text=\"Lire la suite\" ><\/span> <\/div> <\/div>  <div data-empty=\"0\" class=\"ti-review-item source-Google ti-image-layout-thumbnail\" data-id=\"cfcd208495d565ef66e7dff9f98764da\" > <div class=\"ti-inner\"> <div class=\"ti-review-header\"> <div class=\"ti-profile-img\"> <img decoding=\"async\" src=\"https:\/\/lh3.googleusercontent.com\/a\/ACg8ocJJTdmTWs8nAA0yuH_cKOUgzc6GFAkHBiXhpnnVYXaWMBZsHw=s120-c-rp-mo-br100\" srcset=\"https:\/\/lh3.googleusercontent.com\/a\/ACg8ocJJTdmTWs8nAA0yuH_cKOUgzc6GFAkHBiXhpnnVYXaWMBZsHw=s120-c-rp-mo-br100 2x\" alt=\"Marine Guilhamat\" loading=\"lazy\" \/> <\/div> <div class=\"ti-profile-details\"> <div class=\"ti-name\"> Marine Guilhamat <\/div> <div class=\"ti-date\">2024-10-09<\/div> <\/div> <\/div> <span class=\"ti-stars\"><span class=\"ti-star f\"><\/span><span class=\"ti-star f\"><\/span><span class=\"ti-star f\"><\/span><span class=\"ti-star f\"><\/span><span class=\"ti-star f\"><\/span><\/span> <div class=\"ti-review-text-container ti-review-content\"><!-- R-CONTENT -->Tr\u00e8s belle association qui offre un cadre super s\u00e9curisant et permet de s\u2019investir dans des projets qui ont du sens. Merci \u00e0 l\u2019\u00e9quipe Globalong pour votre disponibilit\u00e9, gentillesse et accompagnement !<!-- R-CONTENT --><\/div> <span class=\"ti-read-more\" data-container=\".ti-review-content\" data-collapse-text=\"Cacher\" data-open-text=\"Lire la suite\" ><\/span> <\/div> <\/div>  <div data-empty=\"0\" class=\"ti-review-item source-Google ti-image-layout-thumbnail\" data-id=\"cfcd208495d565ef66e7dff9f98764da\" > <div class=\"ti-inner\"> <div class=\"ti-review-header\"> <div class=\"ti-profile-img\"> <img decoding=\"async\" src=\"https:\/\/lh3.googleusercontent.com\/a\/ACg8ocIgITHXKo46qgJyPqlJeAcxz11gCKUJpGIk2qauiIe2O3iZ6w=s120-c-rp-mo-br100\" srcset=\"https:\/\/lh3.googleusercontent.com\/a\/ACg8ocIgITHXKo46qgJyPqlJeAcxz11gCKUJpGIk2qauiIe2O3iZ6w=s120-c-rp-mo-br100 2x\" alt=\"Laura Mercier\" loading=\"lazy\" \/> <\/div> <div class=\"ti-profile-details\"> <div class=\"ti-name\"> Laura Mercier <\/div> <div class=\"ti-date\">2024-10-08<\/div> <\/div> <\/div> <span class=\"ti-stars\"><span class=\"ti-star f\"><\/span><span class=\"ti-star f\"><\/span><span class=\"ti-star f\"><\/span><span class=\"ti-star f\"><\/span><span class=\"ti-star f\"><\/span><\/span> <div class=\"ti-review-text-container ti-review-content\"><!-- R-CONTENT -->Mon d\u00e9part approche, je pars dans une semaine, et depuis le d\u00e9but de mon inscription je suis tr\u00e8s satisfaite du suivi effectu\u00e9 par l\u2019association. Ils sont tr\u00e8s disponibles et r\u00e9pondent rapidement \u00e0 l\u2019ensemble des questions. Je suis tr\u00e8s contente de partir faire cette mission humanitaire encadr\u00e9e par cette association. Je recommande vraiment.<!-- R-CONTENT --><\/div> <span class=\"ti-read-more\" data-container=\".ti-review-content\" data-collapse-text=\"Cacher\" data-open-text=\"Lire la suite\" ><\/span> <\/div> <\/div>  <div data-empty=\"0\" class=\"ti-review-item source-Google ti-image-layout-thumbnail\" data-id=\"cfcd208495d565ef66e7dff9f98764da\" > <div class=\"ti-inner\"> <div class=\"ti-review-header\"> <div class=\"ti-profile-img\"> <img decoding=\"async\" src=\"https:\/\/lh3.googleusercontent.com\/a-\/ALV-UjVVr0YMQhXl8QNEEB32l-rnoaYwvRZUjIEX9OEwPE_1fQwzIyk=s120-c-rp-mo-br100\" srcset=\"https:\/\/lh3.googleusercontent.com\/a-\/ALV-UjVVr0YMQhXl8QNEEB32l-rnoaYwvRZUjIEX9OEwPE_1fQwzIyk=s120-c-rp-mo-br100 2x\" alt=\"Anouk Rzkt\" loading=\"lazy\" \/> <\/div> <div class=\"ti-profile-details\"> <div class=\"ti-name\"> Anouk Rzkt <\/div> <div class=\"ti-date\">2024-10-02<\/div> <\/div> <\/div> <span class=\"ti-stars\"><span class=\"ti-star f\"><\/span><span class=\"ti-star f\"><\/span><span class=\"ti-star f\"><\/span><span class=\"ti-star f\"><\/span><span class=\"ti-star f\"><\/span><\/span> <div class=\"ti-review-text-container ti-review-content\"><!-- R-CONTENT -->Globalong est l'association parfaite. L'\u00e9quipe offre un v\u00e9ritable accompagnement rythm\u00e9 par beaucoup de conseils et d'\u00e9coute. Le site est tr\u00e8s bien fait avec des dossiers complets allant des sujets tr\u00e8s pratiques a d'autres plus th\u00e9oriques (tels que le choc culturel par exemple). Je recommande vivement et remercie sinc\u00e8rement toute l'\u00e9quipe pour leur gentillesse et investissement !<!-- R-CONTENT --><\/div> <span class=\"ti-read-more\" data-container=\".ti-review-content\" data-collapse-text=\"Cacher\" data-open-text=\"Lire la suite\" ><\/span> <\/div> <\/div>  <\/div> <div class=\"ti-controls-line\"> <div class=\"dot\"><\/div> <\/div> <\/div> <div class=\"ti-footer\"> <div class=\"ti-rating-text\"> <span class=\"nowrap\">\u00c9valuation <strong>Google<\/strong> : <\/span><span class=\"nowrap\"><strong>4.8<\/strong> sur 5, <\/span><span class=\"nowrap\">Bas\u00e9e sur <strong>240 avis<\/strong><\/span> <\/div> <\/div>  <\/div> <\/div> \n<p style=\"text-align: justify;\"><span style=\"color: #b81657;\"><strong><a href=\"https:\/\/www.vita-explorers.dk\/blog\/wp-content\/uploads\/2018\/08\/Diane-pose-avec-ses-\u00e9tudiantes-lors-de-son-voyage-humanitaire-dans-une-\u00e9cole-s\u00e9n\u00e9galaise-min.jpg\"><img loading=\"lazy\" decoding=\"async\" class=\"wp-image-10812 size-medium aligncenter\" src=\"https:\/\/www.vita-explorers.dk\/blog\/wp-content\/uploads\/2018\/08\/Diane-pose-avec-ses-\u00e9tudiantes-lors-de-son-voyage-humanitaire-dans-une-\u00e9cole-s\u00e9n\u00e9galaise-min-300x169.jpg\" alt=\"\" width=\"300\" height=\"169\" srcset=\"https:\/\/www.vita-explorers.dk\/blog\/wp-content\/uploads\/2018\/08\/Diane-pose-avec-ses-\u00e9tudiantes-lors-de-son-voyage-humanitaire-dans-une-\u00e9cole-s\u00e9n\u00e9galaise-min-300x169.jpg 300w, https:\/\/www.vita-explorers.dk\/blog\/wp-content\/uploads\/2018\/08\/Diane-pose-avec-ses-\u00e9tudiantes-lors-de-son-voyage-humanitaire-dans-une-\u00e9cole-s\u00e9n\u00e9galaise-min-768x432.jpg 768w, https:\/\/www.vita-explorers.dk\/blog\/wp-content\/uploads\/2018\/08\/Diane-pose-avec-ses-\u00e9tudiantes-lors-de-son-voyage-humanitaire-dans-une-\u00e9cole-s\u00e9n\u00e9galaise-min-1024x576.jpg 1024w, https:\/\/www.vita-explorers.dk\/blog\/wp-content\/uploads\/2018\/08\/Diane-pose-avec-ses-\u00e9tudiantes-lors-de-son-voyage-humanitaire-dans-une-\u00e9cole-s\u00e9n\u00e9galaise-min-150x84.jpg 150w\" sizes=\"(max-width: 300px) 100vw, 300px\" \/><\/a>En helt grundl\u00e6ggende indsats for at sikre bedre fremtidsmuligheder for kommende generationer<\/strong><\/span><\/p>\n<p style=\"text-align: justify;\"><strong><a href=\"https:\/\/www.vita-explorers.dk\/blog\/vita-institute-frivilligt-arbejde-internationalt-uddannelse-undervisning-skole-ikke-vold\/\" target=\"_blank\" rel=\"noopener\"><span style=\"text-decoration: underline; color: #b81657;\">Uddannelse<\/span><\/a> er en rettighed<\/strong> for os alle.<\/p>\n<p>Uddannelse b\u00f8r ogs\u00e5 v\u00e6re <strong>en prioritet, hvis vi vil st\u00f8tte global udvikling<\/strong>.<\/p>\n<p style=\"text-align: justify;\"><strong>Der er sket m\u00e6rkbare fremskridt<\/strong><strong> p\u00e5<\/strong><strong> uddannelsesomr\u00e5det globalt<\/strong>, is\u00e6r i de seneste \u00e5rtier.<\/p>\n<p><img loading=\"lazy\" decoding=\"async\" class=\"wp-image-10803 aligncenter\" src=\"https:\/\/www.vita-explorers.dk\/blog\/wp-content\/uploads\/2018\/08\/IMG-20180720-WA0010-1-min-225x300.jpg\" alt=\"\" width=\"300\" height=\"400\" srcset=\"https:\/\/www.vita-explorers.dk\/blog\/wp-content\/uploads\/2018\/08\/IMG-20180720-WA0010-1-min-225x300.jpg 225w, https:\/\/www.vita-explorers.dk\/blog\/wp-content\/uploads\/2018\/08\/IMG-20180720-WA0010-1-min-113x150.jpg 113w, https:\/\/www.vita-explorers.dk\/blog\/wp-content\/uploads\/2018\/08\/IMG-20180720-WA0010-1-min.jpg 612w\" sizes=\"(max-width: 300px) 100vw, 300px\" \/><\/p>\n<p>P\u00e5 trods af disse fremskridt har <strong>millioner af mennesker stadig ikke adgang til <a href=\"https:\/\/www.vita-explorers.dk\/blog\/frivilligt-arbejde-inden-for-uddannelse-i-udlandet\/\" target=\"_blank\" rel=\"noopener\">grundl\u00e6ggende uddannelse<\/a><\/strong>.<\/p>\n<p><span style=\"text-align: justify;\">Som en reel <\/span><strong style=\"text-align: justify;\">bremse for landes udvikling er analfabetisme ogs\u00e5 en faktor, der fastholder<\/strong> <strong style=\"text-align: justify;\">de ber\u00f8rte grupper i fattigdom<\/strong><span style=\"text-align: justify;\">.<\/span><\/p>\n<p style=\"text-align: justify;\"><strong>Det rammer is\u00e6r piger og kvinder<\/strong>.<\/p>\n<p style=\"text-align: justify;\">N\u00e5r andre helt afg\u00f8rende udfordringer kr\u00e6ver akut handling (som at bevare <a href=\"https:\/\/www.vita-explorers.dk\/blog\/venskab-solidaritet-fred-mellem-folk-udvikling-frivilligt-arbejde-internationalt-forloeb-vita\/\" target=\"_blank\" rel=\"noopener\"><span style=\"text-decoration: underline; color: #b81657;\"><strong>fred<\/strong><\/span><\/a>, sikre adgang til <a href=\"https:\/\/www.vita-explorers.dk\/blog\/22-marts-vita-institute-verdens-vanddag-day-zero-sydafrika-vandkrise-klima-miljoe-handling-baeredygtig-udvikling\/\" target=\"_blank\" rel=\"noopener\"><span style=\"color: #b81657;\"><strong><span style=\"text-decoration: underline;\">drikkevand<\/span><\/strong><\/span><\/a>, mad,<a href=\"https:\/\/www.vita-explorers.dk\/blog\/praktik-for-medicin-og-sygepleje-humanitaert-sundhed-internationalt-hospitaler-og-klinikker-asien-afrika-amerika\/\" target=\"_blank\" rel=\"noopener\"> <span style=\"text-decoration: underline;\"><strong><span style=\"color: #b81657; text-decoration: underline;\">sundhedsydelser<\/span><\/strong><\/span><\/a> samt <a href=\"https:\/\/www.vita-explorers.dk\/blog\/\u00f8kofrivilligt-arbejde-jordens-dag-22-april-2018-internationalt-forl\u00f8b-deltager-\u00f8kologi-milj\u00f8-natur\/\" target=\"_blank\" rel=\"noopener\"><span style=\"text-decoration: underline; color: #b81657;\"><strong>beskyttelse af milj\u00f8et<\/strong><\/span><\/a> og mennesker i m\u00f8det med naturkatastrofer og klimaforandringer, blandt andet), kan indsatsen for at styrke uddannelse for de mest s\u00e5rbare nogle gange blive nedprioriteret.<\/p>\n<p><strong>Men det er en akut og helt grundl\u00e6ggende indsats, hvis vi vil sikre fremtiden i nogle regioner og bedre livskvaliteten for dem, der bor der!<\/strong><\/p>\n<p><img loading=\"lazy\" decoding=\"async\" class=\"size-medium wp-image-10807 aligncenter\" src=\"https:\/\/www.vita-explorers.dk\/blog\/wp-content\/uploads\/2018\/08\/img_1473-1-min-300x225.jpg\" alt=\"\" width=\"300\" height=\"225\" srcset=\"https:\/\/www.vita-explorers.dk\/blog\/wp-content\/uploads\/2018\/08\/img_1473-1-min-300x225.jpg 300w, https:\/\/www.vita-explorers.dk\/blog\/wp-content\/uploads\/2018\/08\/img_1473-1-min-768x576.jpg 768w, https:\/\/www.vita-explorers.dk\/blog\/wp-content\/uploads\/2018\/08\/img_1473-1-min-1024x768.jpg 1024w, https:\/\/www.vita-explorers.dk\/blog\/wp-content\/uploads\/2018\/08\/img_1473-1-min-150x113.jpg 150w\" sizes=\"(max-width: 300px) 100vw, 300px\" \/><\/p>\n<p><span style=\"text-align: justify;\">Hvert \u00e5r den 7. august markeres <\/span><strong style=\"text-align: justify;\">Den Internationale Uddannelsesdag<\/strong><span style=\"text-align: justify;\"> verden over \u2013 en dag, der s\u00e6tter fokus p\u00e5 retten til uddannelse.<\/span><\/p>\n<p style=\"text-align: justify;\"><span style=\"color: #b81657;\"><strong>Uddannelse i tal<\/strong><\/span><\/p>\n<ul>\n<li style=\"text-align: justify;\">I dag ansl\u00e5s det, at <strong>mere end 750 millioner<\/strong> mennesker i verden er <strong>analfabeter<\/strong>. 2\/3 af dem (ca. 500 millioner) er kvinder.<\/li>\n<li style=\"text-align: justify;\">Omkring <strong>263 millioner b\u00f8rn, unge og unge voksne<\/strong> p\u00e5 verdensplan \u2013 <strong>svarende til 1 ud af 5<\/strong> \u2013 <strong>g\u00e5r ikke i skole<\/strong>.<\/li>\n<li style=\"text-align: justify;\"><strong><img loading=\"lazy\" decoding=\"async\" class=\"wp-image-10806 aligncenter\" src=\"https:\/\/www.vita-explorers.dk\/blog\/wp-content\/uploads\/2018\/08\/28680855538_645841aa04_o-min-168x300.jpg\" alt=\"\" width=\"300\" height=\"536\" srcset=\"https:\/\/www.vita-explorers.dk\/blog\/wp-content\/uploads\/2018\/08\/28680855538_645841aa04_o-min-168x300.jpg 168w, https:\/\/www.vita-explorers.dk\/blog\/wp-content\/uploads\/2018\/08\/28680855538_645841aa04_o-min-768x1373.jpg 768w, https:\/\/www.vita-explorers.dk\/blog\/wp-content\/uploads\/2018\/08\/28680855538_645841aa04_o-min-573x1024.jpg 573w, https:\/\/www.vita-explorers.dk\/blog\/wp-content\/uploads\/2018\/08\/28680855538_645841aa04_o-min-84x150.jpg 84w\" sizes=\"(max-width: 300px) 100vw, 300px\" \/>Mere end 61 millioner b\u00f8rn<\/strong> i verden <strong>g\u00e5r ikke i skole<\/strong> (<strong>heraf halvdelen, dvs. over 30 millioner, i Afrika<\/strong>).<\/li>\n<li style=\"text-align: justify;\">Omkring <strong>152 millioner b\u00f8rn er n\u00f8dt til at arbejde<\/strong>.<\/li>\n<li style=\"text-align: justify;\"><strong>Titusindvis af millioner af b\u00f8rn lever p\u00e5 gaden<\/strong>.<\/li>\n<\/ul>\n<p style=\"text-align: justify;\"><span style=\"color: #b81657;\"><strong>Hvilke l\u00f8sninger findes der?<\/strong><\/span><\/p>\n<p style=\"text-align: justify;\"><strong>Vi har alle en rolle at spille, hvis vi vil st\u00f8tte retten til uddannelse for de mest s\u00e5rbare!<\/strong><\/p>\n<p style=\"text-align: justify;\">Selv hvis du ikke er uddannet l\u00e6rer, <strong>kan du bidrage allerede i dag<\/strong> \u2013 vi har alle noget, vi kan give.<\/p>\n<p>Hvis <strong>uddannelse for alle<\/strong> ligger dig p\u00e5 sinde, og du gerne vil g\u00f8re en forskel, <strong>kan du engagere dig i et projekt som deltager!<\/strong><\/p>\n<p style=\"text-align: justify;\"><span style=\"text-decoration: underline;\"><strong>Deltag i et lokalt projekt<\/strong><\/span><strong>:<\/strong><\/p>\n<p style=\"text-align: justify;\"><strong>Lektiehj\u00e6lp<\/strong>: Du kan st\u00f8tte b\u00f8rn og unge, der har det sv\u00e6rt i skolen, ved at give lidt af din tid gennem en forening. Du kan fx hj\u00e6lpe i l\u00e6sev\u00e6rksteder eller med lektier, s\u00e5 de f\u00e5r bedre foruds\u00e6tninger gennem deres skolegang.<\/p>\n<p style=\"text-align: justify;\"><strong><a href=\"https:\/\/www.vita-explorers.dk\/blog\/wp-content\/uploads\/2018\/08\/IMG_0272-min.jpg\"><img loading=\"lazy\" decoding=\"async\" class=\"wp-image-10829 aligncenter\" src=\"https:\/\/www.vita-explorers.dk\/blog\/wp-content\/uploads\/2018\/08\/IMG_0272-min-225x300.jpg\" alt=\"\" width=\"300\" height=\"400\" srcset=\"https:\/\/www.vita-explorers.dk\/blog\/wp-content\/uploads\/2018\/08\/IMG_0272-min-225x300.jpg 225w, https:\/\/www.vita-explorers.dk\/blog\/wp-content\/uploads\/2018\/08\/IMG_0272-min-768x1024.jpg 768w, https:\/\/www.vita-explorers.dk\/blog\/wp-content\/uploads\/2018\/08\/IMG_0272-min-113x150.jpg 113w\" sizes=\"(max-width: 300px) 100vw, 300px\" \/><\/a>Alfabetisering<\/strong>: Du kan hj\u00e6lpe organisationer med at tilbyde undervisning i hverdagsfransk til mennesker (lokale eller migranter), som ikke kan l\u00e6se eller skrive \u2013 eller grundl\u00e6ggende matematik til dem, der har brug for det \u2013 s\u00e5 de lettere kan klare hverdagen.<\/p>\n<p style=\"text-align: justify;\"><span style=\"text-decoration: underline;\"><strong>Deltag i et internationalt forl\u00f8b<\/strong><\/span><strong>:<\/strong><\/p>\n<p style=\"text-align: justify;\"><strong>Sponsorordning<\/strong>: Ved at st\u00f8tte et barn fra et udsat lokalsamfund i et udviklingsland <strong>bidrager du til adgang til grundl\u00e6ggende skolegang og bedre fremtidsmuligheder<\/strong>.<\/p>\n<p style=\"text-align: justify;\"><strong>Donation af skolematerialer og b\u00f8ger<\/strong>: Du kan donere skolematerialer og b\u00f8ger via en organisation til en skole i et udviklingsland. Kontakt en trov\u00e6rdig organisation, der arbejder lokalt, og foresl\u00e5 fx en indsamling til at k\u00f8be materialer p\u00e5 stedet eller til at sende materialer, du allerede har derhjemme.<\/p>\n<p style=\"text-align: justify;\"><strong><a href=\"https:\/\/www.vita-explorers.dk\/blog\/wp-content\/uploads\/2018\/08\/IMG_0538-min.jpg\"><img loading=\"lazy\" decoding=\"async\" class=\"size-medium wp-image-10831 aligncenter\" src=\"https:\/\/www.vita-explorers.dk\/blog\/wp-content\/uploads\/2018\/08\/IMG_0538-min-300x225.jpg\" alt=\"\" width=\"300\" height=\"225\" srcset=\"https:\/\/www.vita-explorers.dk\/blog\/wp-content\/uploads\/2018\/08\/IMG_0538-min-300x225.jpg 300w, https:\/\/www.vita-explorers.dk\/blog\/wp-content\/uploads\/2018\/08\/IMG_0538-min-768x576.jpg 768w, https:\/\/www.vita-explorers.dk\/blog\/wp-content\/uploads\/2018\/08\/IMG_0538-min-1024x768.jpg 1024w, https:\/\/www.vita-explorers.dk\/blog\/wp-content\/uploads\/2018\/08\/IMG_0538-min-150x113.jpg 150w\" sizes=\"(max-width: 300px) 100vw, 300px\" \/><\/a><a href=\"https:\/\/www.vita-explorers.dk\/blog\/guides-raad-vita-information-finansiering-gode-argumenter-stoette-tilskud-praktik-internationale-forloeb-sprogophold-projekter-frivilligt-arbejde-sabbataar-rejseprojekt-tag-afsted-rejs\/guide-enseignement_education-voyage-preparation-professeur-ecoles-enfants-adultes-afrique-asie-voyage-mission-etranger\/\" target=\"_blank\" rel=\"noopener\"><span style=\"text-decoration: underline; color: #b81657;\">Frivilligt undervisningsforl\u00f8b<\/span><\/a><\/strong>: Bliv deltager i et internationalt forl\u00f8b og indg\u00e5 i et undervisningsteam i et udviklingsland. Skoler har ofte f\u00e5 ressourcer og mangel p\u00e5 undervisere, men elevernes lyst til at l\u00e6re er stor \u2013 og <strong>du vil hurtigt kunne m\u00e6rke, at din indsats g\u00f8r en konkret forskel i b\u00f8rnenes hverdag<\/strong>. Samtidig f\u00e5r du kulturudveksling t\u00e6t p\u00e5 og rejser hjem med nye perspektiver.<\/p>\n<p style=\"text-align: justify;\">Hvis du ikke har undervisningserfaring, men gerne vil i gang, s\u00e5 hold dig ikke tilbage. Du finder <a href=\"http:\/\/www.globalong.net\/globalong-service-international-civique-enseignement\/\" target=\"_blank\" rel=\"noopener\"><span style=\"text-decoration: underline; color: #b81657;\"><strong>et par gode r\u00e5d til klasseundervisning her<\/strong><\/span> <\/a>!<\/p>\n<p style=\"text-align: center;\"><a href=\"https:\/\/www.vita-explorers.dk\/blog\/avis-globalong\/madagascar-afrique-volontariat-stage-alphabetisation-education-enseignement-enfants-jeunes\/\" target=\"_blank\" rel=\"noopener\"><span style=\"text-decoration: underline; color: #b81657;\"><strong>L\u00e6s om Muriel og Guilhems oplevelser som frivillige undervisere p\u00e5 Madagascar!<\/strong><\/span><\/a><\/p>\n<p style=\"text-align: justify;\"><span style=\"font-size: 8pt;\"><span style=\"text-decoration: underline;\">Kilder<\/span>: UNESCO<\/span><\/p>\n<p><span style=\"font-size: 8pt;\">Billederne er vejledende<\/span><\/p>\n","protected":false},"excerpt":{"rendered":"<p>En helt grundl\u00e6ggende indsats for at sikre bedre fremtidsmuligheder for kommende generationer Uddannelse er en rettighed for os alle. Uddannelse b\u00f8r ogs\u00e5 v\u00e6re en\u2026<\/p>\n","protected":false},"author":1,"featured_media":10804,"comment_status":"open","ping_status":"open","sticky":false,"template":"","format":"standard","meta":{"footnotes":""},"categories":[8,1,6,3,4],"tags":[182,543,223,567,38,276,149,243,81,592,380],"yoast_head":"<!-- This site is optimized with the Yoast SEO Premium plugin v23.4 (Yoast SEO v23.4) - https:\/\/yoast.com\/wordpress\/plugins\/seo\/ -->\n<title>\u201cUddannelse er det st\u00e6rkeste v\u00e5ben til at \u00e6ndre verden.\u201d \u2013 Nelson Mandela - VITA Explorers Blog<\/title>\n<meta name=\"robots\" content=\"index, follow, max-snippet:-1, max-image-preview:large, max-video-preview:-1\" \/>\n<link rel=\"canonical\" href=\"https:\/\/www.vita-explorers.dk\/blog\/uddannelsesforlob-internationalt-ophold-boern-unge-alfabetisering-vita-institute\/\" \/>\n<meta property=\"og:locale\" content=\"da_DK\" \/>\n<meta property=\"og:type\" content=\"article\" \/>\n<meta property=\"og:title\" content=\"\u201cUddannelse er det st\u00e6rkeste v\u00e5ben til at \u00e6ndre verden.\u201d \u2013 Nelson Mandela\" \/>\n<meta property=\"og:description\" content=\"En helt grundl\u00e6ggende indsats for at sikre bedre fremtidsmuligheder for kommende generationer Uddannelse er en rettighed for os alle. Uddannelse b\u00f8r ogs\u00e5 v\u00e6re en\u2026\" \/>\n<meta property=\"og:url\" content=\"https:\/\/www.vita-explorers.dk\/blog\/uddannelsesforlob-internationalt-ophold-boern-unge-alfabetisering-vita-institute\/\" \/>\n<meta property=\"og:site_name\" content=\"VITA Explorers Blog\" \/>\n<meta property=\"article:publisher\" content=\"https:\/\/www.facebook.com\/globalong\" \/>\n<meta property=\"article:published_time\" content=\"2018-08-07T11:53:59+00:00\" \/>\n<meta property=\"article:modified_time\" content=\"2025-07-07T12:13:21+00:00\" \/>\n<meta property=\"og:image\" content=\"https:\/\/www.vita-explorers.dk\/blog\/wp-content\/uploads\/2018\/08\/12778813_794188387354295_6469100218866687599_o-min.jpg\" \/>\n\t<meta property=\"og:image:width\" content=\"2048\" \/>\n\t<meta property=\"og:image:height\" content=\"1152\" \/>\n\t<meta property=\"og:image:type\" content=\"image\/jpeg\" \/>\n<meta name=\"author\" content=\"VITA Tribe\" \/>\n<meta name=\"twitter:card\" content=\"summary_large_image\" \/>\n<meta name=\"twitter:label1\" content=\"Skrevet af\" \/>\n\t<meta name=\"twitter:data1\" content=\"VITA Tribe\" \/>\n\t<meta name=\"twitter:label2\" content=\"Estimeret l\u00e6setid\" \/>\n\t<meta name=\"twitter:data2\" content=\"5 minutter\" \/>\n<script type=\"application\/ld+json\" class=\"yoast-schema-graph\">{\"@context\":\"https:\/\/schema.org\",\"@graph\":[{\"@type\":\"Article\",\"@id\":\"https:\/\/www.vita-explorers.dk\/blog\/uddannelsesforlob-internationalt-ophold-boern-unge-alfabetisering-vita-institute\/#article\",\"isPartOf\":{\"@id\":\"https:\/\/www.vita-explorers.dk\/blog\/uddannelsesforlob-internationalt-ophold-boern-unge-alfabetisering-vita-institute\/\"},\"author\":{\"name\":\"VITA Tribe\",\"@id\":\"https:\/\/www.vita-explorers.dk\/blog\/#\/schema\/person\/d7df267b64f23018d1dc519e78fb2735\"},\"headline\":\"\u201cUddannelse er det st\u00e6rkeste v\u00e5ben til at \u00e6ndre verden.\u201d \u2013 Nelson Mandela\",\"datePublished\":\"2018-08-07T11:53:59+00:00\",\"dateModified\":\"2025-07-07T12:13:21+00:00\",\"mainEntityOfPage\":{\"@id\":\"https:\/\/www.vita-explorers.dk\/blog\/uddannelsesforlob-internationalt-ophold-boern-unge-alfabetisering-vita-institute\/\"},\"wordCount\":647,\"commentCount\":0,\"publisher\":{\"@id\":\"https:\/\/www.vita-explorers.dk\/blog\/#organization\"},\"image\":{\"@id\":\"https:\/\/www.vita-explorers.dk\/blog\/uddannelsesforlob-internationalt-ophold-boern-unge-alfabetisering-vita-institute\/#primaryimage\"},\"thumbnailUrl\":\"https:\/\/www.vita-explorers.dk\/blog\/wp-content\/uploads\/2018\/08\/12778813_794188387354295_6469100218866687599_o-min.jpg\",\"keywords\":[\"alphab\u00e9tisation\",\"association\",\"Ecole\",\"\u00e9ducation\",\"enfants\",\"enseignement\",\"humanitaire\",\"international\",\"jeunes\",\"Journ\u00e9e international de la femme africaine\",\"solidaire\"],\"articleSection\":[\"Humanit\u00e6rt frivilligt arbejde\",\"No Name\",\"Nyheder\",\"Rejser - generelle oplysninger\",\"VITA Explorers\"],\"inLanguage\":\"da-DK\",\"potentialAction\":[{\"@type\":\"CommentAction\",\"name\":\"Comment\",\"target\":[\"https:\/\/www.vita-explorers.dk\/blog\/uddannelsesforlob-internationalt-ophold-boern-unge-alfabetisering-vita-institute\/#respond\"]}]},{\"@type\":\"WebPage\",\"@id\":\"https:\/\/www.vita-explorers.dk\/blog\/uddannelsesforlob-internationalt-ophold-boern-unge-alfabetisering-vita-institute\/\",\"url\":\"https:\/\/www.vita-explorers.dk\/blog\/uddannelsesforlob-internationalt-ophold-boern-unge-alfabetisering-vita-institute\/\",\"name\":\"\u201cUddannelse er det st\u00e6rkeste v\u00e5ben til at \u00e6ndre verden.\u201d \u2013 Nelson Mandela - VITA Explorers Blog\",\"isPartOf\":{\"@id\":\"https:\/\/www.vita-explorers.dk\/blog\/#website\"},\"primaryImageOfPage\":{\"@id\":\"https:\/\/www.vita-explorers.dk\/blog\/uddannelsesforlob-internationalt-ophold-boern-unge-alfabetisering-vita-institute\/#primaryimage\"},\"image\":{\"@id\":\"https:\/\/www.vita-explorers.dk\/blog\/uddannelsesforlob-internationalt-ophold-boern-unge-alfabetisering-vita-institute\/#primaryimage\"},\"thumbnailUrl\":\"https:\/\/www.vita-explorers.dk\/blog\/wp-content\/uploads\/2018\/08\/12778813_794188387354295_6469100218866687599_o-min.jpg\",\"datePublished\":\"2018-08-07T11:53:59+00:00\",\"dateModified\":\"2025-07-07T12:13:21+00:00\",\"breadcrumb\":{\"@id\":\"https:\/\/www.vita-explorers.dk\/blog\/uddannelsesforlob-internationalt-ophold-boern-unge-alfabetisering-vita-institute\/#breadcrumb\"},\"inLanguage\":\"da-DK\",\"potentialAction\":[{\"@type\":\"ReadAction\",\"target\":[\"https:\/\/www.vita-explorers.dk\/blog\/uddannelsesforlob-internationalt-ophold-boern-unge-alfabetisering-vita-institute\/\"]}]},{\"@type\":\"ImageObject\",\"inLanguage\":\"da-DK\",\"@id\":\"https:\/\/www.vita-explorers.dk\/blog\/uddannelsesforlob-internationalt-ophold-boern-unge-alfabetisering-vita-institute\/#primaryimage\",\"url\":\"https:\/\/www.vita-explorers.dk\/blog\/wp-content\/uploads\/2018\/08\/12778813_794188387354295_6469100218866687599_o-min.jpg\",\"contentUrl\":\"https:\/\/www.vita-explorers.dk\/blog\/wp-content\/uploads\/2018\/08\/12778813_794188387354295_6469100218866687599_o-min.jpg\",\"width\":2048,\"height\":1152,\"caption\":\"\u00e9ducation, mission humanitaire dans le monde\"},{\"@type\":\"BreadcrumbList\",\"@id\":\"https:\/\/www.vita-explorers.dk\/blog\/uddannelsesforlob-internationalt-ophold-boern-unge-alfabetisering-vita-institute\/#breadcrumb\",\"itemListElement\":[{\"@type\":\"ListItem\",\"position\":1,\"name\":\"Accueil\",\"item\":\"https:\/\/www.vita-explorers.dk\/blog\/\"},{\"@type\":\"ListItem\",\"position\":2,\"name\":\"\u201cUddannelse er det st\u00e6rkeste v\u00e5ben til at \u00e6ndre verden.\u201d \u2013 Nelson Mandela\"}]},{\"@type\":\"WebSite\",\"@id\":\"https:\/\/www.vita-explorers.dk\/blog\/#website\",\"url\":\"https:\/\/www.vita-explorers.dk\/blog\/\",\"name\":\"Association Globalong\",\"description\":\"Frivilligt arbejde, sprogophold, praktik i udlandet og internationale oplevelser\",\"publisher\":{\"@id\":\"https:\/\/www.vita-explorers.dk\/blog\/#organization\"},\"potentialAction\":[{\"@type\":\"SearchAction\",\"target\":{\"@type\":\"EntryPoint\",\"urlTemplate\":\"https:\/\/www.vita-explorers.dk\/blog\/?s={search_term_string}\"},\"query-input\":{\"@type\":\"PropertyValueSpecification\",\"valueRequired\":true,\"valueName\":\"search_term_string\"}}],\"inLanguage\":\"da-DK\"},{\"@type\":\"Organization\",\"@id\":\"https:\/\/www.vita-explorers.dk\/blog\/#organization\",\"name\":\"Association Globalong\",\"url\":\"https:\/\/www.vita-explorers.dk\/blog\/\",\"logo\":{\"@type\":\"ImageObject\",\"inLanguage\":\"da-DK\",\"@id\":\"https:\/\/www.vita-explorers.dk\/blog\/#\/schema\/logo\/image\/\",\"url\":\"https:\/\/www.globalong.com\/blog\/wp-content\/uploads\/2014\/11\/cropped-cropped-Logo-et-Afrique-Globalong-petite-taille-2.jpg\",\"contentUrl\":\"https:\/\/www.globalong.com\/blog\/wp-content\/uploads\/2014\/11\/cropped-cropped-Logo-et-Afrique-Globalong-petite-taille-2.jpg\",\"width\":512,\"height\":512,\"caption\":\"Association Globalong\"},\"image\":{\"@id\":\"https:\/\/www.vita-explorers.dk\/blog\/#\/schema\/logo\/image\/\"},\"sameAs\":[\"https:\/\/www.facebook.com\/globalong\"]},{\"@type\":\"Person\",\"@id\":\"https:\/\/www.vita-explorers.dk\/blog\/#\/schema\/person\/d7df267b64f23018d1dc519e78fb2735\",\"name\":\"VITA Tribe\",\"image\":{\"@type\":\"ImageObject\",\"inLanguage\":\"da-DK\",\"@id\":\"https:\/\/www.vita-explorers.dk\/blog\/#\/schema\/person\/image\/\",\"url\":\"https:\/\/secure.gravatar.com\/avatar\/81461bcc213d0ff2bdc043d4206648f0?s=96&d=mm&r=g\",\"contentUrl\":\"https:\/\/secure.gravatar.com\/avatar\/81461bcc213d0ff2bdc043d4206648f0?s=96&d=mm&r=g\",\"caption\":\"VITA Tribe\"},\"sameAs\":[\"https:\/\/www.globalong.com\"],\"url\":\"https:\/\/www.vita-explorers.dk\/blog\/author\/sophie\/\"}]}<\/script>\n<!-- \/ Yoast SEO Premium plugin. -->","yoast_head_json":{"title":"\u201cUddannelse er det st\u00e6rkeste v\u00e5ben til at \u00e6ndre verden.\u201d \u2013 Nelson Mandela - VITA Explorers Blog","robots":{"index":"index","follow":"follow","max-snippet":"max-snippet:-1","max-image-preview":"max-image-preview:large","max-video-preview":"max-video-preview:-1"},"canonical":"https:\/\/www.vita-explorers.dk\/blog\/uddannelsesforlob-internationalt-ophold-boern-unge-alfabetisering-vita-institute\/","og_locale":"da_DK","og_type":"article","og_title":"\u201cUddannelse er det st\u00e6rkeste v\u00e5ben til at \u00e6ndre verden.\u201d \u2013 Nelson Mandela","og_description":"En helt grundl\u00e6ggende indsats for at sikre bedre fremtidsmuligheder for kommende generationer Uddannelse er en rettighed for os alle. Uddannelse b\u00f8r ogs\u00e5 v\u00e6re en\u2026","og_url":"https:\/\/www.vita-explorers.dk\/blog\/uddannelsesforlob-internationalt-ophold-boern-unge-alfabetisering-vita-institute\/","og_site_name":"VITA Explorers Blog","article_publisher":"https:\/\/www.facebook.com\/globalong","article_published_time":"2018-08-07T11:53:59+00:00","article_modified_time":"2025-07-07T12:13:21+00:00","og_image":[{"width":2048,"height":1152,"url":"https:\/\/www.vita-explorers.dk\/blog\/wp-content\/uploads\/2018\/08\/12778813_794188387354295_6469100218866687599_o-min.jpg","type":"image\/jpeg"}],"author":"VITA Tribe","twitter_card":"summary_large_image","twitter_misc":{"Skrevet af":"VITA Tribe","Estimeret l\u00e6setid":"5 minutter"},"schema":{"@context":"https:\/\/schema.org","@graph":[{"@type":"Article","@id":"https:\/\/www.vita-explorers.dk\/blog\/uddannelsesforlob-internationalt-ophold-boern-unge-alfabetisering-vita-institute\/#article","isPartOf":{"@id":"https:\/\/www.vita-explorers.dk\/blog\/uddannelsesforlob-internationalt-ophold-boern-unge-alfabetisering-vita-institute\/"},"author":{"name":"VITA Tribe","@id":"https:\/\/www.vita-explorers.dk\/blog\/#\/schema\/person\/d7df267b64f23018d1dc519e78fb2735"},"headline":"\u201cUddannelse er det st\u00e6rkeste v\u00e5ben til at \u00e6ndre verden.\u201d \u2013 Nelson Mandela","datePublished":"2018-08-07T11:53:59+00:00","dateModified":"2025-07-07T12:13:21+00:00","mainEntityOfPage":{"@id":"https:\/\/www.vita-explorers.dk\/blog\/uddannelsesforlob-internationalt-ophold-boern-unge-alfabetisering-vita-institute\/"},"wordCount":647,"commentCount":0,"publisher":{"@id":"https:\/\/www.vita-explorers.dk\/blog\/#organization"},"image":{"@id":"https:\/\/www.vita-explorers.dk\/blog\/uddannelsesforlob-internationalt-ophold-boern-unge-alfabetisering-vita-institute\/#primaryimage"},"thumbnailUrl":"https:\/\/www.vita-explorers.dk\/blog\/wp-content\/uploads\/2018\/08\/12778813_794188387354295_6469100218866687599_o-min.jpg","keywords":["alphab\u00e9tisation","association","Ecole","\u00e9ducation","enfants","enseignement","humanitaire","international","jeunes","Journ\u00e9e international de la femme africaine","solidaire"],"articleSection":["Humanit\u00e6rt frivilligt arbejde","No Name","Nyheder","Rejser - generelle oplysninger","VITA Explorers"],"inLanguage":"da-DK","potentialAction":[{"@type":"CommentAction","name":"Comment","target":["https:\/\/www.vita-explorers.dk\/blog\/uddannelsesforlob-internationalt-ophold-boern-unge-alfabetisering-vita-institute\/#respond"]}]},{"@type":"WebPage","@id":"https:\/\/www.vita-explorers.dk\/blog\/uddannelsesforlob-internationalt-ophold-boern-unge-alfabetisering-vita-institute\/","url":"https:\/\/www.vita-explorers.dk\/blog\/uddannelsesforlob-internationalt-ophold-boern-unge-alfabetisering-vita-institute\/","name":"\u201cUddannelse er det st\u00e6rkeste v\u00e5ben til at \u00e6ndre verden.\u201d \u2013 Nelson Mandela - VITA Explorers Blog","isPartOf":{"@id":"https:\/\/www.vita-explorers.dk\/blog\/#website"},"primaryImageOfPage":{"@id":"https:\/\/www.vita-explorers.dk\/blog\/uddannelsesforlob-internationalt-ophold-boern-unge-alfabetisering-vita-institute\/#primaryimage"},"image":{"@id":"https:\/\/www.vita-explorers.dk\/blog\/uddannelsesforlob-internationalt-ophold-boern-unge-alfabetisering-vita-institute\/#primaryimage"},"thumbnailUrl":"https:\/\/www.vita-explorers.dk\/blog\/wp-content\/uploads\/2018\/08\/12778813_794188387354295_6469100218866687599_o-min.jpg","datePublished":"2018-08-07T11:53:59+00:00","dateModified":"2025-07-07T12:13:21+00:00","breadcrumb":{"@id":"https:\/\/www.vita-explorers.dk\/blog\/uddannelsesforlob-internationalt-ophold-boern-unge-alfabetisering-vita-institute\/#breadcrumb"},"inLanguage":"da-DK","potentialAction":[{"@type":"ReadAction","target":["https:\/\/www.vita-explorers.dk\/blog\/uddannelsesforlob-internationalt-ophold-boern-unge-alfabetisering-vita-institute\/"]}]},{"@type":"ImageObject","inLanguage":"da-DK","@id":"https:\/\/www.vita-explorers.dk\/blog\/uddannelsesforlob-internationalt-ophold-boern-unge-alfabetisering-vita-institute\/#primaryimage","url":"https:\/\/www.vita-explorers.dk\/blog\/wp-content\/uploads\/2018\/08\/12778813_794188387354295_6469100218866687599_o-min.jpg","contentUrl":"https:\/\/www.vita-explorers.dk\/blog\/wp-content\/uploads\/2018\/08\/12778813_794188387354295_6469100218866687599_o-min.jpg","width":2048,"height":1152,"caption":"\u00e9ducation, mission humanitaire dans le monde"},{"@type":"BreadcrumbList","@id":"https:\/\/www.vita-explorers.dk\/blog\/uddannelsesforlob-internationalt-ophold-boern-unge-alfabetisering-vita-institute\/#breadcrumb","itemListElement":[{"@type":"ListItem","position":1,"name":"Accueil","item":"https:\/\/www.vita-explorers.dk\/blog\/"},{"@type":"ListItem","position":2,"name":"\u201cUddannelse er det st\u00e6rkeste v\u00e5ben til at \u00e6ndre verden.\u201d \u2013 Nelson Mandela"}]},{"@type":"WebSite","@id":"https:\/\/www.vita-explorers.dk\/blog\/#website","url":"https:\/\/www.vita-explorers.dk\/blog\/","name":"Association Globalong","description":"Frivilligt arbejde, sprogophold, praktik i udlandet og internationale oplevelser","publisher":{"@id":"https:\/\/www.vita-explorers.dk\/blog\/#organization"},"potentialAction":[{"@type":"SearchAction","target":{"@type":"EntryPoint","urlTemplate":"https:\/\/www.vita-explorers.dk\/blog\/?s={search_term_string}"},"query-input":{"@type":"PropertyValueSpecification","valueRequired":true,"valueName":"search_term_string"}}],"inLanguage":"da-DK"},{"@type":"Organization","@id":"https:\/\/www.vita-explorers.dk\/blog\/#organization","name":"Association Globalong","url":"https:\/\/www.vita-explorers.dk\/blog\/","logo":{"@type":"ImageObject","inLanguage":"da-DK","@id":"https:\/\/www.vita-explorers.dk\/blog\/#\/schema\/logo\/image\/","url":"https:\/\/www.globalong.com\/blog\/wp-content\/uploads\/2014\/11\/cropped-cropped-Logo-et-Afrique-Globalong-petite-taille-2.jpg","contentUrl":"https:\/\/www.globalong.com\/blog\/wp-content\/uploads\/2014\/11\/cropped-cropped-Logo-et-Afrique-Globalong-petite-taille-2.jpg","width":512,"height":512,"caption":"Association Globalong"},"image":{"@id":"https:\/\/www.vita-explorers.dk\/blog\/#\/schema\/logo\/image\/"},"sameAs":["https:\/\/www.facebook.com\/globalong"]},{"@type":"Person","@id":"https:\/\/www.vita-explorers.dk\/blog\/#\/schema\/person\/d7df267b64f23018d1dc519e78fb2735","name":"VITA Tribe","image":{"@type":"ImageObject","inLanguage":"da-DK","@id":"https:\/\/www.vita-explorers.dk\/blog\/#\/schema\/person\/image\/","url":"https:\/\/secure.gravatar.com\/avatar\/81461bcc213d0ff2bdc043d4206648f0?s=96&d=mm&r=g","contentUrl":"https:\/\/secure.gravatar.com\/avatar\/81461bcc213d0ff2bdc043d4206648f0?s=96&d=mm&r=g","caption":"VITA Tribe"},"sameAs":["https:\/\/www.globalong.com"],"url":"https:\/\/www.vita-explorers.dk\/blog\/author\/sophie\/"}]}},"_links":{"self":[{"href":"https:\/\/www.vita-explorers.dk\/blog\/wp-json\/wp\/v2\/posts\/10800"}],"collection":[{"href":"https:\/\/www.vita-explorers.dk\/blog\/wp-json\/wp\/v2\/posts"}],"about":[{"href":"https:\/\/www.vita-explorers.dk\/blog\/wp-json\/wp\/v2\/types\/post"}],"author":[{"embeddable":true,"href":"https:\/\/www.vita-explorers.dk\/blog\/wp-json\/wp\/v2\/users\/1"}],"replies":[{"embeddable":true,"href":"https:\/\/www.vita-explorers.dk\/blog\/wp-json\/wp\/v2\/comments?post=10800"}],"version-history":[{"count":34,"href":"https:\/\/www.vita-explorers.dk\/blog\/wp-json\/wp\/v2\/posts\/10800\/revisions"}],"predecessor-version":[{"id":21374,"href":"https:\/\/www.vita-explorers.dk\/blog\/wp-json\/wp\/v2\/posts\/10800\/revisions\/21374"}],"wp:featuredmedia":[{"embeddable":true,"href":"https:\/\/www.vita-explorers.dk\/blog\/wp-json\/wp\/v2\/media\/10804"}],"wp:attachment":[{"href":"https:\/\/www.vita-explorers.dk\/blog\/wp-json\/wp\/v2\/media?parent=10800"}],"wp:term":[{"taxonomy":"category","embeddable":true,"href":"https:\/\/www.vita-explorers.dk\/blog\/wp-json\/wp\/v2\/categories?post=10800"},{"taxonomy":"post_tag","embeddable":true,"href":"https:\/\/www.vita-explorers.dk\/blog\/wp-json\/wp\/v2\/tags?post=10800"}],"curies":[{"name":"wp","href":"https:\/\/api.w.org\/{rel}","templated":true}]}}