{"id":10843,"date":"2018-08-09T12:29:37","date_gmt":"2018-08-09T10:29:37","guid":{"rendered":"https:\/\/www.globalong.com\/blog\/?p=10843"},"modified":"2023-01-04T16:15:34","modified_gmt":"2023-01-04T15:15:34","slug":"oprindelige-folk-indigene-rettigheder-kulturer-sprog-mangfoldighed-solidaritet-internationalt-frivilligt-arbejde-vita-institute","status":"publish","type":"post","link":"https:\/\/www.vita-explorers.dk\/blog\/oprindelige-folk-indigene-rettigheder-kulturer-sprog-mangfoldighed-solidaritet-internationalt-frivilligt-arbejde-vita-institute\/","title":{"rendered":"Sammen st\u00f8tter vi oprindelige folks rettigheder."},"content":{"rendered":"<div class=\"ti-widget ti-goog\" data-layout-id=\"4\" data-set-id=\"light-background\" data-pid=\"\" data-language=\"fr\" data-version=\"2\" data-review-target-width=\"300\" data-review-text-mode=\"readmore\" data-pager-autoplay-timeout=\"6\" > <div class=\"ti-widget-container ti-col-3\"> <div class=\"ti-reviews-container\"> <div class=\"ti-controls\"> <div class=\"ti-next\" aria-label=\"Avis suivante\" role=\"button\"><\/div> <div class=\"ti-prev\" aria-label=\"Avis pr\u00e9c\u00e9dent\" role=\"button\"><\/div> <\/div> <div class=\"ti-reviews-container-wrapper\">  <div data-empty=\"0\" class=\"ti-review-item source-Google ti-image-layout-thumbnail\" data-id=\"cfcd208495d565ef66e7dff9f98764da\" > <div class=\"ti-inner\"> <div class=\"ti-review-header\"> <div class=\"ti-profile-img\"> <img decoding=\"async\" src=\"https:\/\/lh3.googleusercontent.com\/a\/ACg8ocKpaoKe37CD0_POxO97KqB60GsWQRsIuG2vmCfXT-W_FY44vw=s120-c-rp-mo-br100\" srcset=\"https:\/\/lh3.googleusercontent.com\/a\/ACg8ocKpaoKe37CD0_POxO97KqB60GsWQRsIuG2vmCfXT-W_FY44vw=s120-c-rp-mo-br100 2x\" alt=\"Lucie Correia\" loading=\"lazy\" \/> <\/div> <div class=\"ti-profile-details\"> <div class=\"ti-name\"> Lucie Correia <\/div> <div class=\"ti-date\">2024-10-17<\/div> <\/div> <\/div> <span class=\"ti-stars\"><span class=\"ti-star f\"><\/span><span class=\"ti-star f\"><\/span><span class=\"ti-star f\"><\/span><span class=\"ti-star f\"><\/span><span class=\"ti-star f\"><\/span><\/span> <div class=\"ti-review-text-container ti-review-content\"><!-- R-CONTENT -->La communication avec Globalong est super, personnes tr\u00e8s pr\u00e9sentes pour les b\u00e9n\u00e9voles et \u00e9tudiants partant avec cette association. Elles r\u00e9pondent \u00e0 toutes nos questions et sont tr\u00e8s accessibles au t\u00e9l\u00e9phone.<!-- R-CONTENT --><\/div> <span class=\"ti-read-more\" data-container=\".ti-review-content\" data-collapse-text=\"Cacher\" data-open-text=\"Lire la suite\" ><\/span> <\/div> <\/div>  <div data-empty=\"0\" class=\"ti-review-item source-Google ti-image-layout-thumbnail\" data-id=\"cfcd208495d565ef66e7dff9f98764da\" > <div class=\"ti-inner\"> <div class=\"ti-review-header\"> <div class=\"ti-profile-img\"> <img decoding=\"async\" src=\"https:\/\/lh3.googleusercontent.com\/a-\/ALV-UjWqnnzM7-7c9BDqeTDF-a7pOgNjvLkJ3WshRd_Tn7z0Eu-AGQwo=s120-c-rp-mo-br100\" srcset=\"https:\/\/lh3.googleusercontent.com\/a-\/ALV-UjWqnnzM7-7c9BDqeTDF-a7pOgNjvLkJ3WshRd_Tn7z0Eu-AGQwo=s120-c-rp-mo-br100 2x\" alt=\"Ra\u00efssa Frisch\" loading=\"lazy\" \/> <\/div> <div class=\"ti-profile-details\"> <div class=\"ti-name\"> Ra\u00efssa Frisch <\/div> <div class=\"ti-date\">2024-10-14<\/div> <\/div> <\/div> <span class=\"ti-stars\"><span class=\"ti-star f\"><\/span><span class=\"ti-star f\"><\/span><span class=\"ti-star f\"><\/span><span class=\"ti-star f\"><\/span><span class=\"ti-star f\"><\/span><\/span> <div class=\"ti-review-text-container ti-review-content\"><!-- R-CONTENT -->J\u2019ai d\u00e9j\u00e0 eu l\u2019opportunit\u00e9 de r\u00e9aliser deux projets humanitaires avec l\u2019association Globalong. Je ne peux que la recommander, car j\u2019ai toujours b\u00e9n\u00e9fici\u00e9 d\u2019un excellent accompagnement, aussi bien avant que pendant le voyage. On ne vous laisse pas vous d\u00e9brouiller seuls, bien au contraire, vous \u00eates tr\u00e8s bien encadr\u00e9s pour accomplir toutes les d\u00e9marches dans les d\u00e9lais.\n\nAu-del\u00e0 du suivi, les exp\u00e9riences humanitaires propos\u00e9es par Globalong ne peuvent que transformer votre vie de mani\u00e8re positive. Elles vous apportent une richesse humaine inestimable.<!-- R-CONTENT --><\/div> <span class=\"ti-read-more\" data-container=\".ti-review-content\" data-collapse-text=\"Cacher\" data-open-text=\"Lire la suite\" ><\/span> <\/div> <\/div>  <div data-empty=\"0\" class=\"ti-review-item source-Google ti-image-layout-thumbnail\" data-id=\"cfcd208495d565ef66e7dff9f98764da\" > <div class=\"ti-inner\"> <div class=\"ti-review-header\"> <div class=\"ti-profile-img\"> <img decoding=\"async\" src=\"https:\/\/lh3.googleusercontent.com\/a\/ACg8ocJL-Dxv25YkXK2QwWPNRxTVqZCv5uTmDQDFg5qslKra3vRZew=s120-c-rp-mo-br100\" srcset=\"https:\/\/lh3.googleusercontent.com\/a\/ACg8ocJL-Dxv25YkXK2QwWPNRxTVqZCv5uTmDQDFg5qslKra3vRZew=s120-c-rp-mo-br100 2x\" alt=\"Tara Turan\" loading=\"lazy\" \/> <\/div> <div class=\"ti-profile-details\"> <div class=\"ti-name\"> Tara Turan <\/div> <div class=\"ti-date\">2024-10-14<\/div> <\/div> <\/div> <span class=\"ti-stars\"><span class=\"ti-star f\"><\/span><span class=\"ti-star f\"><\/span><span class=\"ti-star f\"><\/span><span class=\"ti-star f\"><\/span><span class=\"ti-star f\"><\/span><\/span> <div class=\"ti-review-text-container ti-review-content\"><!-- R-CONTENT -->Une des meilleures associations que j\u2019ai pu faire !\nUne organisation et un suivi vraiment parfait, c\u2019est avec grand plaisir que je referai un projet avec eux.<!-- R-CONTENT --><\/div> <span class=\"ti-read-more\" data-container=\".ti-review-content\" data-collapse-text=\"Cacher\" data-open-text=\"Lire la suite\" ><\/span> <\/div> <\/div>  <div data-empty=\"0\" class=\"ti-review-item source-Google ti-image-layout-thumbnail\" data-id=\"cfcd208495d565ef66e7dff9f98764da\" > <div class=\"ti-inner\"> <div class=\"ti-review-header\"> <div class=\"ti-profile-img\"> <img decoding=\"async\" src=\"https:\/\/lh3.googleusercontent.com\/a\/ACg8ocLctTPNovSk3eKM0b_MIPOfcFEQsz2135Cdu59_BWRVsIYC7Q=s120-c-rp-mo-br100\" srcset=\"https:\/\/lh3.googleusercontent.com\/a\/ACg8ocLctTPNovSk3eKM0b_MIPOfcFEQsz2135Cdu59_BWRVsIYC7Q=s120-c-rp-mo-br100 2x\" alt=\"Repiquet Julie\" loading=\"lazy\" \/> <\/div> <div class=\"ti-profile-details\"> <div class=\"ti-name\"> Repiquet Julie <\/div> <div class=\"ti-date\">2024-10-13<\/div> <\/div> <\/div> <span class=\"ti-stars\"><span class=\"ti-star f\"><\/span><span class=\"ti-star f\"><\/span><span class=\"ti-star f\"><\/span><span class=\"ti-star f\"><\/span><span class=\"ti-star f\"><\/span><\/span> <div class=\"ti-review-text-container ti-review-content\"><!-- R-CONTENT -->Tr\u00e8s bon accompagnement de la part de Globalong, du premier jour avec toutes mes interrogations, jusqu'au d\u00e9part dans quelques jours. Le dossier transmis apr\u00e8s validation de la mission est plus que complet, les webmaster tr\u00e8s int\u00e9ressantes et permettent de d\u00e9charger mentalement ce genre de pr\u00e9paration, tout est pr\u00e9vu il n'y a plus qu'\u00e0 suivre ! Merci \u00e0 Florence de r\u00e9pondre \u00e0 toutes mes questions avec gentillesse et bienveillance, cela m'a permis de passer le cap!\nMaintenant, il n'y a plus qu'\u00e0 \ud83d\ude00<!-- R-CONTENT --><\/div> <span class=\"ti-read-more\" data-container=\".ti-review-content\" data-collapse-text=\"Cacher\" data-open-text=\"Lire la suite\" ><\/span> <\/div> <\/div>  <div data-empty=\"0\" class=\"ti-review-item source-Google ti-image-layout-thumbnail\" data-id=\"cfcd208495d565ef66e7dff9f98764da\" > <div class=\"ti-inner\"> <div class=\"ti-review-header\"> <div class=\"ti-profile-img\"> <img decoding=\"async\" src=\"https:\/\/lh3.googleusercontent.com\/a\/ACg8ocJJTdmTWs8nAA0yuH_cKOUgzc6GFAkHBiXhpnnVYXaWMBZsHw=s120-c-rp-mo-br100\" srcset=\"https:\/\/lh3.googleusercontent.com\/a\/ACg8ocJJTdmTWs8nAA0yuH_cKOUgzc6GFAkHBiXhpnnVYXaWMBZsHw=s120-c-rp-mo-br100 2x\" alt=\"Marine Guilhamat\" loading=\"lazy\" \/> <\/div> <div class=\"ti-profile-details\"> <div class=\"ti-name\"> Marine Guilhamat <\/div> <div class=\"ti-date\">2024-10-09<\/div> <\/div> <\/div> <span class=\"ti-stars\"><span class=\"ti-star f\"><\/span><span class=\"ti-star f\"><\/span><span class=\"ti-star f\"><\/span><span class=\"ti-star f\"><\/span><span class=\"ti-star f\"><\/span><\/span> <div class=\"ti-review-text-container ti-review-content\"><!-- R-CONTENT -->Tr\u00e8s belle association qui offre un cadre super s\u00e9curisant et permet de s\u2019investir dans des projets qui ont du sens. Merci \u00e0 l\u2019\u00e9quipe Globalong pour votre disponibilit\u00e9, gentillesse et accompagnement !<!-- R-CONTENT --><\/div> <span class=\"ti-read-more\" data-container=\".ti-review-content\" data-collapse-text=\"Cacher\" data-open-text=\"Lire la suite\" ><\/span> <\/div> <\/div>  <div data-empty=\"0\" class=\"ti-review-item source-Google ti-image-layout-thumbnail\" data-id=\"cfcd208495d565ef66e7dff9f98764da\" > <div class=\"ti-inner\"> <div class=\"ti-review-header\"> <div class=\"ti-profile-img\"> <img decoding=\"async\" src=\"https:\/\/lh3.googleusercontent.com\/a\/ACg8ocIgITHXKo46qgJyPqlJeAcxz11gCKUJpGIk2qauiIe2O3iZ6w=s120-c-rp-mo-br100\" srcset=\"https:\/\/lh3.googleusercontent.com\/a\/ACg8ocIgITHXKo46qgJyPqlJeAcxz11gCKUJpGIk2qauiIe2O3iZ6w=s120-c-rp-mo-br100 2x\" alt=\"Laura Mercier\" loading=\"lazy\" \/> <\/div> <div class=\"ti-profile-details\"> <div class=\"ti-name\"> Laura Mercier <\/div> <div class=\"ti-date\">2024-10-08<\/div> <\/div> <\/div> <span class=\"ti-stars\"><span class=\"ti-star f\"><\/span><span class=\"ti-star f\"><\/span><span class=\"ti-star f\"><\/span><span class=\"ti-star f\"><\/span><span class=\"ti-star f\"><\/span><\/span> <div class=\"ti-review-text-container ti-review-content\"><!-- R-CONTENT -->Mon d\u00e9part approche, je pars dans une semaine, et depuis le d\u00e9but de mon inscription je suis tr\u00e8s satisfaite du suivi effectu\u00e9 par l\u2019association. Ils sont tr\u00e8s disponibles et r\u00e9pondent rapidement \u00e0 l\u2019ensemble des questions. Je suis tr\u00e8s contente de partir faire cette mission humanitaire encadr\u00e9e par cette association. Je recommande vraiment.<!-- R-CONTENT --><\/div> <span class=\"ti-read-more\" data-container=\".ti-review-content\" data-collapse-text=\"Cacher\" data-open-text=\"Lire la suite\" ><\/span> <\/div> <\/div>  <div data-empty=\"0\" class=\"ti-review-item source-Google ti-image-layout-thumbnail\" data-id=\"cfcd208495d565ef66e7dff9f98764da\" > <div class=\"ti-inner\"> <div class=\"ti-review-header\"> <div class=\"ti-profile-img\"> <img decoding=\"async\" src=\"https:\/\/lh3.googleusercontent.com\/a-\/ALV-UjVVr0YMQhXl8QNEEB32l-rnoaYwvRZUjIEX9OEwPE_1fQwzIyk=s120-c-rp-mo-br100\" srcset=\"https:\/\/lh3.googleusercontent.com\/a-\/ALV-UjVVr0YMQhXl8QNEEB32l-rnoaYwvRZUjIEX9OEwPE_1fQwzIyk=s120-c-rp-mo-br100 2x\" alt=\"Anouk Rzkt\" loading=\"lazy\" \/> <\/div> <div class=\"ti-profile-details\"> <div class=\"ti-name\"> Anouk Rzkt <\/div> <div class=\"ti-date\">2024-10-02<\/div> <\/div> <\/div> <span class=\"ti-stars\"><span class=\"ti-star f\"><\/span><span class=\"ti-star f\"><\/span><span class=\"ti-star f\"><\/span><span class=\"ti-star f\"><\/span><span class=\"ti-star f\"><\/span><\/span> <div class=\"ti-review-text-container ti-review-content\"><!-- R-CONTENT -->Globalong est l'association parfaite. L'\u00e9quipe offre un v\u00e9ritable accompagnement rythm\u00e9 par beaucoup de conseils et d'\u00e9coute. Le site est tr\u00e8s bien fait avec des dossiers complets allant des sujets tr\u00e8s pratiques a d'autres plus th\u00e9oriques (tels que le choc culturel par exemple). Je recommande vivement et remercie sinc\u00e8rement toute l'\u00e9quipe pour leur gentillesse et investissement !<!-- R-CONTENT --><\/div> <span class=\"ti-read-more\" data-container=\".ti-review-content\" data-collapse-text=\"Cacher\" data-open-text=\"Lire la suite\" ><\/span> <\/div> <\/div>  <\/div> <div class=\"ti-controls-line\"> <div class=\"dot\"><\/div> <\/div> <\/div> <div class=\"ti-footer\"> <div class=\"ti-rating-text\"> <span class=\"nowrap\">\u00c9valuation <strong>Google<\/strong> : <\/span><span class=\"nowrap\"><strong>4.8<\/strong> sur 5, <\/span><span class=\"nowrap\">Bas\u00e9e sur <strong>240 avis<\/strong><\/span> <\/div> <\/div>  <\/div> <\/div> \n<p style=\"text-align: justify;\"><span style=\"color: #b81657;\"><strong><a href=\"https:\/\/www.vita-explorers.dk\/blog\/wp-content\/uploads\/2018\/08\/nepal_09-min.jpg\"><img loading=\"lazy\" decoding=\"async\" class=\"wp-image-10854 aligncenter\" src=\"https:\/\/www.vita-explorers.dk\/blog\/wp-content\/uploads\/2018\/08\/nepal_09-min.jpg\" alt=\"\" width=\"300\" height=\"300\" srcset=\"https:\/\/www.vita-explorers.dk\/blog\/wp-content\/uploads\/2018\/08\/nepal_09-min.jpg 190w, https:\/\/www.vita-explorers.dk\/blog\/wp-content\/uploads\/2018\/08\/nepal_09-min-150x150.jpg 150w\" sizes=\"(max-width: 300px) 100vw, 300px\" \/><\/a>En social, kulturel og sproglig arv i fare!<\/strong><\/span><\/p>\n<p style=\"text-align: justify;\"><strong>Oprindelige folk rummer en stor kulturel og sproglig rigdom og mangfoldighed, men deler ogs\u00e5 en vanskelig virkelighed: de bliver ofte fordrevet fra deres landomr\u00e5der, frataget ressourcer og marginaliseret, og deres kulturer bliver ikke altid anerkendt \u2013 og deres rettigheder ikke altid respekteret.<\/strong><\/p>\n<p style=\"text-align: justify;\">I dag findes der <strong>mere end 5.000 oprindelige folk verden over<\/strong><\/p>\n<p>Det svarer til <strong>5% af verdens befolkning<\/strong>, alts\u00e5 <strong>370 til 500 millioner mennesker<\/strong> fordelt p\u00e5 <strong>90 lande<\/strong>, som taler <strong>st\u00f8rstedelen af klodens 7.000 <a href=\"https:\/\/www.vita-explorers.dk\/blog\/kritik-vita-laere-fremmedsprog-immersion-internationalt-sprogophold\/\" target=\"_blank\" rel=\"noopener\"><span style=\"text-decoration: underline; color: #b81657;\">sprog<\/span><\/a><\/strong>.<\/p>\n<p><img loading=\"lazy\" decoding=\"async\" class=\"wp-image-10849 size-medium aligncenter\" src=\"https:\/\/www.vita-explorers.dk\/blog\/wp-content\/uploads\/2018\/08\/B\u00e9n\u00e9voles-et-Maasa\u00ef-min-300x225-min-300x225.jpg\" alt=\"\" width=\"300\" height=\"225\" srcset=\"https:\/\/www.vita-explorers.dk\/blog\/wp-content\/uploads\/2018\/08\/B\u00e9n\u00e9voles-et-Maasa\u00ef-min-300x225-min.jpg 300w, https:\/\/www.vita-explorers.dk\/blog\/wp-content\/uploads\/2018\/08\/B\u00e9n\u00e9voles-et-Maasa\u00ef-min-300x225-min-150x113.jpg 150w\" sizes=\"(max-width: 300px) 100vw, 300px\" \/><\/p>\n<p style=\"text-align: justify;\">If\u00f8lge Amnesty International, <strong><em>\u00ab i \u00e5rtier har oprindelige folk bedt om anerkendelse af deres identitet, levevis, land, territorier og naturressourcer, men trods deres indsats er de fortsat udsat for diskrimination og uretf\u00e6rdighed \u00bb<\/em>.<\/strong><\/p>\n<p style=\"text-align: justify;\">P\u00e5 trods af m\u00e6rkbare fremskridt og mange folks fredelige kamp er en officiel anerkendelse af deres rettigheder desv\u00e6rre stadig ikke en realitet for alle oprindelige folk verden over.<\/p>\n<p><img loading=\"lazy\" decoding=\"async\" class=\"wp-image-10851 aligncenter\" src=\"https:\/\/www.vita-explorers.dk\/blog\/wp-content\/uploads\/2018\/08\/enfants-au-maroc-min-200x300.jpg\" alt=\"\" width=\"300\" height=\"450\" srcset=\"https:\/\/www.vita-explorers.dk\/blog\/wp-content\/uploads\/2018\/08\/enfants-au-maroc-min-200x300.jpg 200w, https:\/\/www.vita-explorers.dk\/blog\/wp-content\/uploads\/2018\/08\/enfants-au-maroc-min-768x1152.jpg 768w, https:\/\/www.vita-explorers.dk\/blog\/wp-content\/uploads\/2018\/08\/enfants-au-maroc-min-683x1024.jpg 683w, https:\/\/www.vita-explorers.dk\/blog\/wp-content\/uploads\/2018\/08\/enfants-au-maroc-min-100x150.jpg 100w\" sizes=\"(max-width: 300px) 100vw, 300px\" \/><\/p>\n<p style=\"text-align: justify;\"><strong>Mange oprindelige folk<\/strong> (mellem 40 og 80% afh\u00e6ngigt af region) bor i dag<strong> i byomr\u00e5der<\/strong>, selv om deres kulturer historisk er knyttet til store landskaber. <strong>Migrationen<\/strong> skyldes delvist <strong>tab af landomr\u00e5der<\/strong>, men ogs\u00e5 <strong>konflikter<\/strong>, <strong>forf\u00f8lgelser<\/strong> samt<strong> alvorlige konsekvenser af industrialisering<\/strong> og af <a href=\"https:\/\/www.vita-explorers.dk\/blog\/\u00f8kofrivilligt-arbejde-jordens-dag-22-april-2018-internationalt-forl\u00f8b-deltager-\u00f8kologi-milj\u00f8-natur\/\" target=\"_blank\" rel=\"noopener\"><span style=\"text-decoration: underline; color: #b81657;\"><strong>klimaforandringer<\/strong><\/span><\/a> p\u00e5 deres omr\u00e5der.<\/p>\n<p style=\"text-align: justify;\"><strong>Den internationale dag for oprindelige folk<\/strong>, som markeres hvert \u00e5r <strong>den 9. august<\/strong>, er en anledning til <strong>at s\u00e6tte fokus p\u00e5 de udfordringer, som oprindelige folk m\u00f8der<\/strong>, og til at <strong>dr\u00f8fte l\u00f8sninger<\/strong>, der kan styrke deres rettigheder og fremme deres kulturer og traditioner.<\/p>\n<p style=\"text-align: justify;\">Temaet for Den internationale dag for oprindelige folk i 2018 handler om <strong><em>\u00ab den aktuelle situation for oprindelige territorier, de grundl\u00e6ggende \u00e5rsager til migration, gr\u00e6nseoverskridende bev\u00e6gelser og fordrivelse, med s\u00e6rligt fokus p\u00e5 oprindelige folk, der lever i byomr\u00e5der og p\u00e5 tv\u00e6rs af internationale gr\u00e6nser \u00bb<\/em><\/strong>.<\/p>\n<p style=\"text-align: justify;\"><span style=\"color: #b81657;\"><strong>M\u00f8d oprindelige folk i Mellemamerika<\/strong><\/span><\/p>\n<p style=\"text-align: justify;\"><a href=\"https:\/\/www.vita-explorers.dk\/blog\/wp-content\/uploads\/2018\/08\/ecuador_05-min.jpg\"><img loading=\"lazy\" decoding=\"async\" class=\"wp-image-10857 aligncenter\" src=\"https:\/\/www.vita-explorers.dk\/blog\/wp-content\/uploads\/2018\/08\/ecuador_05-min.jpg\" alt=\"\" width=\"300\" height=\"300\" srcset=\"https:\/\/www.vita-explorers.dk\/blog\/wp-content\/uploads\/2018\/08\/ecuador_05-min.jpg 190w, https:\/\/www.vita-explorers.dk\/blog\/wp-content\/uploads\/2018\/08\/ecuador_05-min-150x150.jpg 150w\" sizes=\"(max-width: 300px) 100vw, 300px\" \/><\/a>Hvis du \u00f8nsker at <strong>bakke op om oprindelige folk<\/strong> og <strong>st\u00e5 sammen med dem om at beskytte deres rettigheder, kultur og traditioner<\/strong>, kan du st\u00f8tte direkte ved at engagere dig som <a href=\"https:\/\/www.vita-explorers.dk\/blog\/milj\u00f8frivillig-internationalt-ophold-for-b\u00f8rn-og-lokalsamfund-kultur-vita-information\/\" target=\"_blank\" rel=\"noopener\"><span style=\"text-decoration: underline; color: #b81657;\"><strong>deltager<\/strong><\/span><\/a> hos VITA.<\/p>\n<p>S\u00e5 kan du fx opleve hverdagslivet i <span style=\"text-decoration: underline; color: #b81657;\"><a href=\"https:\/\/www.vita-explorers.dk\/sprog-og-frivilligt-arbejde\/equateur-eco-volontariat\/ecuador-otavalo-indianere.html\" target=\"_blank\" rel=\"noopener\"><strong>Otovalo-f\u00e6llesskabet<\/strong><\/a><\/span> i en t\u00e6t og n\u00e6rv\u00e6rende ramme i Imbabura-provinsen, 110 km fra Quito \u2013 eller i <a href=\"https:\/\/www.vita-explorers.dk\/sprog-og-frivilligt-arbejde\/equateur-eco-volontariat\/ecuador-udvikling.html\" target=\"_blank\" rel=\"noopener\"><span style=\"text-decoration: underline; color: #b81657;\"><strong>Shuar-f\u00e6llesskabet<\/strong><\/span><\/a>, 50 km syd for Quito.<br \/>\nDu kan <strong>l\u00e6re nogle ord af deres sprog<\/strong>, <strong>komme t\u00e6ttere p\u00e5 deres traditioner<\/strong> og <strong><a href=\"https:\/\/www.vita-explorers.dk\/blog\/frivilligt-arbejde-i-organisationer-psykologiske-fordele-international-erfaring-i-udlandet\/\" target=\"_blank\" rel=\"noopener\"><span style=\"text-decoration: underline; color: #b81657;\">bidrage i f\u00e6llesskabets hverdag<\/span><\/a> i deres daglige aktiviteter<\/strong>: <strong>b\u00e6redygtigt landbrug<\/strong>, <strong>h\u00e5ndv\u00e6rk<\/strong>, <strong>traditionel plantebaseret viden<\/strong>, <strong>undervisning af b\u00f8rn<\/strong> m.m.<\/p>\n<p style=\"text-align: justify;\"><span style=\"text-decoration: underline; color: #b81657;\"><strong><a href=\"https:\/\/www.vita-explorers.dk\/blog\/wp-content\/uploads\/2018\/08\/Sandy-b\u00e9n\u00e9vole-de-Globalong-en-Equateur-min-min.jpg\"><img loading=\"lazy\" decoding=\"async\" class=\"wp-image-10859 aligncenter\" src=\"https:\/\/www.vita-explorers.dk\/blog\/wp-content\/uploads\/2018\/08\/Sandy-b\u00e9n\u00e9vole-de-Globalong-en-Equateur-min-min-225x300.jpg\" alt=\"\" width=\"300\" height=\"400\" srcset=\"https:\/\/www.vita-explorers.dk\/blog\/wp-content\/uploads\/2018\/08\/Sandy-b\u00e9n\u00e9vole-de-Globalong-en-Equateur-min-min.jpg 225w, https:\/\/www.vita-explorers.dk\/blog\/wp-content\/uploads\/2018\/08\/Sandy-b\u00e9n\u00e9vole-de-Globalong-en-Equateur-min-min-113x150.jpg 113w\" sizes=\"(max-width: 300px) 100vw, 300px\" \/><\/a><a href=\"https:\/\/www.vita-explorers.dk\/blog\/avis-globalong\/action-sociale-equateur-service-civique-benevolat-cours-espagnol-programme-humanitaire-medical\/\" target=\"_blank\" rel=\"noopener\">Sandy<\/a><\/strong><\/span>, som deltager som jordemoder i Otovalo-f\u00e6llesskabet, fort\u00e6ller om sine oplevelser:<\/p>\n<p style=\"text-align: justify;\">\u00ab <strong>Min anden familie (v\u00e6rtsfamilien) er en oprindelig familie<\/strong>. <strong>De har deres egen kultur, og det var virkelig fantastisk at kunne dele det i hverdagen!<\/strong><\/p>\n<p><strong>De tog mig med til en d\u00e5b<\/strong> og ogs\u00e5 den 02\/11, <strong>de d\u00f8des dag<\/strong>, hvor de tager p\u00e5 kirkeg\u00e5rden og spiser ved de afd\u00f8des grave og deler maden med hinanden. Og det bedste: <strong>de tog mig med p\u00e5 en vandretur<\/strong> (h\u00e5rdt for mig, fordi jeg var syg og havde ingen energi, s\u00e5 de 1000 h\u00f8jdemeter kunne jeg godt m\u00e6rke \u2026), hvor vi gjorde <strong>stop med botanisk l\u00e6ring<\/strong> (det hjalp mig ogs\u00e5 med at f\u00e5 vejret igen) \u2013 og med en fantastisk udsigt p\u00e5 toppen! Blandt skolens studerende og andre, jeg m\u00f8dte p\u00e5 hospitalet (hvor jeg var i mit medicinske praktikforl\u00f8b), fik jeg nogle rigtig gode bekendtskaber!<\/p>\n<p><a href=\"https:\/\/www.vita-explorers.dk\/blog\/wp-content\/uploads\/2018\/08\/Otavalo-water-min.jpg\"><img loading=\"lazy\" decoding=\"async\" class=\"wp-image-10862 aligncenter\" src=\"https:\/\/www.vita-explorers.dk\/blog\/wp-content\/uploads\/2018\/08\/Otavalo-water-min.jpg\" alt=\"\" width=\"300\" height=\"226\" srcset=\"https:\/\/www.vita-explorers.dk\/blog\/wp-content\/uploads\/2018\/08\/Otavalo-water-min.jpg 206w, https:\/\/www.vita-explorers.dk\/blog\/wp-content\/uploads\/2018\/08\/Otavalo-water-min-150x113.jpg 150w\" sizes=\"(max-width: 300px) 100vw, 300px\" \/><\/a><strong>Rosita, hospitalets eneste jordemoder, er en oprindelig kvinde, og hun delte sin viden om f\u00f8dselshj\u00e6lp \u2013 koblet sammen med sin kultur.<\/strong> Desv\u00e6rre ville jeg gerne have haft mere tid med hende, s\u00e5 hun kunne l\u00e6re mig endnu mere! \u00bb<\/p>\n<p style=\"text-align: justify;\">Som Sandy kan du, n\u00e5r du kommer hjem fra dit forl\u00f8b, <a href=\"https:\/\/www.vita-explorers.dk\/blog\/avis-globalong\/\" target=\"_blank\" rel=\"noopener\"><span style=\"text-decoration: underline; color: #b81657;\"><strong>dele dine oplevelser<\/strong><\/span><\/a> p\u00e5 sociale medier for at <strong>skabe opm\u00e6rksomhed om de udfordringer, som disse f\u00e6llesskaber<\/strong> <strong>st\u00e5r overfor<\/strong>, og <strong>st\u00f8tte arbejdet for oprindelige folks rettigheder verden over<\/strong>.<\/p>\n<p style=\"text-align: center;\"><a href=\"https:\/\/www.vita-explorers.dk\/sprog-og-frivilligt-arbejde\/equateur-eco-volontariat.html#b\" target=\"_blank\" rel=\"noopener\"><span style=\"text-decoration: underline; color: #b81657;\"><strong>Deltag i et frivilligt forl\u00f8b i Ecuador!<\/strong><\/span><\/a><\/p>\n<p style=\"text-align: center;\"><a href=\"https:\/\/www.vita-explorers.dk\/blog\/avis-globalong\/action-sociale-equateur-service-civique-benevolat-cours-espagnol-programme-humanitaire-medical\/\" target=\"_blank\" rel=\"noopener\"><span style=\"text-decoration: underline; color: #b81657;\"><strong>L\u00e6s Sandys oplevelser som deltager i Ecuador hos Otovalo-f\u00e6llesskabet<\/strong><\/span><\/a><\/p>\n<p style=\"text-align: center;\"><a href=\"https:\/\/www.flickr.com\/photos\/globalong\/albums\/72157645329107728\" target=\"_blank\" rel=\"noopener\"><span style=\"text-decoration: underline; color: #b81657;\"><strong>Se billeder fra forl\u00f8bene i Ecuador<\/strong><\/span><\/a><\/p>\n<p style=\"text-align: center;\"><a href=\"https:\/\/www.vita-explorers.dk\/association-globalong.html\" target=\"_blank\" rel=\"noopener\"><span style=\"text-decoration: underline; color: #b81657;\"><strong>L\u00e6s mere om VITA Institute<\/strong><\/span><\/a><\/p>\n<p style=\"text-align: justify;\"><span style=\"font-size: 10pt;\">Kilder: Amnesty International, UNESCO<\/span><\/p>\n<p style=\"text-align: justify;\"><span style=\"font-size: 10pt;\">Fotos er vejledende<\/span><\/p>\n","protected":false},"excerpt":{"rendered":"<p>En social, kulturel og sproglig arv i fare! Oprindelige folk rummer en stor kulturel og sproglig rigdom og mangfoldighed, men deler ogs\u00e5 en vanskelig\u2026<\/p>\n","protected":false},"author":1,"featured_media":14154,"comment_status":"open","ping_status":"open","sticky":false,"template":"","format":"standard","meta":{"footnotes":""},"categories":[8,1,6,3,4],"tags":[543,534,17,597,243,596,203,594,595,423,25,219,598,202],"yoast_head":"<!-- This site is optimized with the Yoast SEO Premium plugin v23.4 (Yoast SEO v23.4) - https:\/\/yoast.com\/wordpress\/plugins\/seo\/ -->\n<title>Sammen st\u00f8tter vi oprindelige folks rettigheder. - VITA Explorers Blog<\/title>\n<meta name=\"robots\" content=\"index, follow, max-snippet:-1, max-image-preview:large, max-video-preview:-1\" \/>\n<link rel=\"canonical\" href=\"https:\/\/www.vita-explorers.dk\/blog\/oprindelige-folk-indigene-rettigheder-kulturer-sprog-mangfoldighed-solidaritet-internationalt-frivilligt-arbejde-vita-institute\/\" \/>\n<meta property=\"og:locale\" content=\"da_DK\" \/>\n<meta property=\"og:type\" content=\"article\" \/>\n<meta property=\"og:title\" content=\"Sammen st\u00f8tter vi oprindelige folks rettigheder.\" \/>\n<meta property=\"og:description\" content=\"En social, kulturel og sproglig arv i fare! Oprindelige folk rummer en stor kulturel og sproglig rigdom og mangfoldighed, men deler ogs\u00e5 en vanskelig\u2026\" \/>\n<meta property=\"og:url\" content=\"https:\/\/www.vita-explorers.dk\/blog\/oprindelige-folk-indigene-rettigheder-kulturer-sprog-mangfoldighed-solidaritet-internationalt-frivilligt-arbejde-vita-institute\/\" \/>\n<meta property=\"og:site_name\" content=\"VITA Explorers Blog\" \/>\n<meta property=\"article:publisher\" content=\"https:\/\/www.facebook.com\/globalong\" \/>\n<meta property=\"article:published_time\" content=\"2018-08-09T10:29:37+00:00\" \/>\n<meta property=\"article:modified_time\" content=\"2023-01-04T15:15:34+00:00\" \/>\n<meta property=\"og:image\" content=\"https:\/\/www.vita-explorers.dk\/blog\/wp-content\/uploads\/2022\/03\/llama.jpg\" \/>\n\t<meta property=\"og:image:width\" content=\"1728\" \/>\n\t<meta property=\"og:image:height\" content=\"1152\" \/>\n\t<meta property=\"og:image:type\" content=\"image\/jpeg\" \/>\n<meta name=\"author\" content=\"VITA Tribe\" \/>\n<meta name=\"twitter:card\" content=\"summary_large_image\" \/>\n<meta name=\"twitter:label1\" content=\"Skrevet af\" \/>\n\t<meta name=\"twitter:data1\" content=\"VITA Tribe\" \/>\n\t<meta name=\"twitter:label2\" content=\"Estimeret l\u00e6setid\" \/>\n\t<meta name=\"twitter:data2\" content=\"3 minutter\" \/>\n<script type=\"application\/ld+json\" class=\"yoast-schema-graph\">{\"@context\":\"https:\/\/schema.org\",\"@graph\":[{\"@type\":\"Article\",\"@id\":\"https:\/\/www.vita-explorers.dk\/blog\/oprindelige-folk-indigene-rettigheder-kulturer-sprog-mangfoldighed-solidaritet-internationalt-frivilligt-arbejde-vita-institute\/#article\",\"isPartOf\":{\"@id\":\"https:\/\/www.vita-explorers.dk\/blog\/oprindelige-folk-indigene-rettigheder-kulturer-sprog-mangfoldighed-solidaritet-internationalt-frivilligt-arbejde-vita-institute\/\"},\"author\":{\"name\":\"VITA Tribe\",\"@id\":\"https:\/\/www.vita-explorers.dk\/blog\/#\/schema\/person\/d7df267b64f23018d1dc519e78fb2735\"},\"headline\":\"Sammen st\u00f8tter vi oprindelige folks rettigheder.\",\"datePublished\":\"2018-08-09T10:29:37+00:00\",\"dateModified\":\"2023-01-04T15:15:34+00:00\",\"mainEntityOfPage\":{\"@id\":\"https:\/\/www.vita-explorers.dk\/blog\/oprindelige-folk-indigene-rettigheder-kulturer-sprog-mangfoldighed-solidaritet-internationalt-frivilligt-arbejde-vita-institute\/\"},\"wordCount\":683,\"commentCount\":0,\"publisher\":{\"@id\":\"https:\/\/www.vita-explorers.dk\/blog\/#organization\"},\"image\":{\"@id\":\"https:\/\/www.vita-explorers.dk\/blog\/oprindelige-folk-indigene-rettigheder-kulturer-sprog-mangfoldighed-solidaritet-internationalt-frivilligt-arbejde-vita-institute\/#primaryimage\"},\"thumbnailUrl\":\"https:\/\/www.vita-explorers.dk\/blog\/wp-content\/uploads\/2022\/03\/llama.jpg\",\"keywords\":[\"association\",\"Association GlobAlong\",\"b\u00e9n\u00e9volat\",\"cultures\",\"international\",\"Journ\u00e9e internationale des peuples autochtones\",\"langues\",\"peuples autochtones\",\"peuples indig\u00e8nes\",\"respect\",\"solidarit\u00e9\",\"traditions\",\"us et coutumes\",\"volontaire\"],\"articleSection\":[\"Humanit\u00e6rt frivilligt arbejde\",\"No Name\",\"Nyheder\",\"Rejser - generelle oplysninger\",\"VITA Explorers\"],\"inLanguage\":\"da-DK\",\"potentialAction\":[{\"@type\":\"CommentAction\",\"name\":\"Comment\",\"target\":[\"https:\/\/www.vita-explorers.dk\/blog\/oprindelige-folk-indigene-rettigheder-kulturer-sprog-mangfoldighed-solidaritet-internationalt-frivilligt-arbejde-vita-institute\/#respond\"]}]},{\"@type\":\"WebPage\",\"@id\":\"https:\/\/www.vita-explorers.dk\/blog\/oprindelige-folk-indigene-rettigheder-kulturer-sprog-mangfoldighed-solidaritet-internationalt-frivilligt-arbejde-vita-institute\/\",\"url\":\"https:\/\/www.vita-explorers.dk\/blog\/oprindelige-folk-indigene-rettigheder-kulturer-sprog-mangfoldighed-solidaritet-internationalt-frivilligt-arbejde-vita-institute\/\",\"name\":\"Sammen st\u00f8tter vi oprindelige folks rettigheder. - VITA Explorers Blog\",\"isPartOf\":{\"@id\":\"https:\/\/www.vita-explorers.dk\/blog\/#website\"},\"primaryImageOfPage\":{\"@id\":\"https:\/\/www.vita-explorers.dk\/blog\/oprindelige-folk-indigene-rettigheder-kulturer-sprog-mangfoldighed-solidaritet-internationalt-frivilligt-arbejde-vita-institute\/#primaryimage\"},\"image\":{\"@id\":\"https:\/\/www.vita-explorers.dk\/blog\/oprindelige-folk-indigene-rettigheder-kulturer-sprog-mangfoldighed-solidaritet-internationalt-frivilligt-arbejde-vita-institute\/#primaryimage\"},\"thumbnailUrl\":\"https:\/\/www.vita-explorers.dk\/blog\/wp-content\/uploads\/2022\/03\/llama.jpg\",\"datePublished\":\"2018-08-09T10:29:37+00:00\",\"dateModified\":\"2023-01-04T15:15:34+00:00\",\"breadcrumb\":{\"@id\":\"https:\/\/www.vita-explorers.dk\/blog\/oprindelige-folk-indigene-rettigheder-kulturer-sprog-mangfoldighed-solidaritet-internationalt-frivilligt-arbejde-vita-institute\/#breadcrumb\"},\"inLanguage\":\"da-DK\",\"potentialAction\":[{\"@type\":\"ReadAction\",\"target\":[\"https:\/\/www.vita-explorers.dk\/blog\/oprindelige-folk-indigene-rettigheder-kulturer-sprog-mangfoldighed-solidaritet-internationalt-frivilligt-arbejde-vita-institute\/\"]}]},{\"@type\":\"ImageObject\",\"inLanguage\":\"da-DK\",\"@id\":\"https:\/\/www.vita-explorers.dk\/blog\/oprindelige-folk-indigene-rettigheder-kulturer-sprog-mangfoldighed-solidaritet-internationalt-frivilligt-arbejde-vita-institute\/#primaryimage\",\"url\":\"https:\/\/www.vita-explorers.dk\/blog\/wp-content\/uploads\/2022\/03\/llama.jpg\",\"contentUrl\":\"https:\/\/www.vita-explorers.dk\/blog\/wp-content\/uploads\/2022\/03\/llama.jpg\",\"width\":1728,\"height\":1152},{\"@type\":\"BreadcrumbList\",\"@id\":\"https:\/\/www.vita-explorers.dk\/blog\/oprindelige-folk-indigene-rettigheder-kulturer-sprog-mangfoldighed-solidaritet-internationalt-frivilligt-arbejde-vita-institute\/#breadcrumb\",\"itemListElement\":[{\"@type\":\"ListItem\",\"position\":1,\"name\":\"Accueil\",\"item\":\"https:\/\/www.vita-explorers.dk\/blog\/\"},{\"@type\":\"ListItem\",\"position\":2,\"name\":\"Sammen st\u00f8tter vi oprindelige folks rettigheder.\"}]},{\"@type\":\"WebSite\",\"@id\":\"https:\/\/www.vita-explorers.dk\/blog\/#website\",\"url\":\"https:\/\/www.vita-explorers.dk\/blog\/\",\"name\":\"Association Globalong\",\"description\":\"Frivilligt arbejde, sprogophold, praktik i udlandet og internationale oplevelser\",\"publisher\":{\"@id\":\"https:\/\/www.vita-explorers.dk\/blog\/#organization\"},\"potentialAction\":[{\"@type\":\"SearchAction\",\"target\":{\"@type\":\"EntryPoint\",\"urlTemplate\":\"https:\/\/www.vita-explorers.dk\/blog\/?s={search_term_string}\"},\"query-input\":{\"@type\":\"PropertyValueSpecification\",\"valueRequired\":true,\"valueName\":\"search_term_string\"}}],\"inLanguage\":\"da-DK\"},{\"@type\":\"Organization\",\"@id\":\"https:\/\/www.vita-explorers.dk\/blog\/#organization\",\"name\":\"Association Globalong\",\"url\":\"https:\/\/www.vita-explorers.dk\/blog\/\",\"logo\":{\"@type\":\"ImageObject\",\"inLanguage\":\"da-DK\",\"@id\":\"https:\/\/www.vita-explorers.dk\/blog\/#\/schema\/logo\/image\/\",\"url\":\"https:\/\/www.globalong.com\/blog\/wp-content\/uploads\/2014\/11\/cropped-cropped-Logo-et-Afrique-Globalong-petite-taille-2.jpg\",\"contentUrl\":\"https:\/\/www.globalong.com\/blog\/wp-content\/uploads\/2014\/11\/cropped-cropped-Logo-et-Afrique-Globalong-petite-taille-2.jpg\",\"width\":512,\"height\":512,\"caption\":\"Association Globalong\"},\"image\":{\"@id\":\"https:\/\/www.vita-explorers.dk\/blog\/#\/schema\/logo\/image\/\"},\"sameAs\":[\"https:\/\/www.facebook.com\/globalong\"]},{\"@type\":\"Person\",\"@id\":\"https:\/\/www.vita-explorers.dk\/blog\/#\/schema\/person\/d7df267b64f23018d1dc519e78fb2735\",\"name\":\"VITA Tribe\",\"image\":{\"@type\":\"ImageObject\",\"inLanguage\":\"da-DK\",\"@id\":\"https:\/\/www.vita-explorers.dk\/blog\/#\/schema\/person\/image\/\",\"url\":\"https:\/\/secure.gravatar.com\/avatar\/81461bcc213d0ff2bdc043d4206648f0?s=96&d=mm&r=g\",\"contentUrl\":\"https:\/\/secure.gravatar.com\/avatar\/81461bcc213d0ff2bdc043d4206648f0?s=96&d=mm&r=g\",\"caption\":\"VITA Tribe\"},\"sameAs\":[\"https:\/\/www.globalong.com\"],\"url\":\"https:\/\/www.vita-explorers.dk\/blog\/author\/sophie\/\"}]}<\/script>\n<!-- \/ Yoast SEO Premium plugin. -->","yoast_head_json":{"title":"Sammen st\u00f8tter vi oprindelige folks rettigheder. - VITA Explorers Blog","robots":{"index":"index","follow":"follow","max-snippet":"max-snippet:-1","max-image-preview":"max-image-preview:large","max-video-preview":"max-video-preview:-1"},"canonical":"https:\/\/www.vita-explorers.dk\/blog\/oprindelige-folk-indigene-rettigheder-kulturer-sprog-mangfoldighed-solidaritet-internationalt-frivilligt-arbejde-vita-institute\/","og_locale":"da_DK","og_type":"article","og_title":"Sammen st\u00f8tter vi oprindelige folks rettigheder.","og_description":"En social, kulturel og sproglig arv i fare! Oprindelige folk rummer en stor kulturel og sproglig rigdom og mangfoldighed, men deler ogs\u00e5 en vanskelig\u2026","og_url":"https:\/\/www.vita-explorers.dk\/blog\/oprindelige-folk-indigene-rettigheder-kulturer-sprog-mangfoldighed-solidaritet-internationalt-frivilligt-arbejde-vita-institute\/","og_site_name":"VITA Explorers Blog","article_publisher":"https:\/\/www.facebook.com\/globalong","article_published_time":"2018-08-09T10:29:37+00:00","article_modified_time":"2023-01-04T15:15:34+00:00","og_image":[{"width":1728,"height":1152,"url":"https:\/\/www.vita-explorers.dk\/blog\/wp-content\/uploads\/2022\/03\/llama.jpg","type":"image\/jpeg"}],"author":"VITA Tribe","twitter_card":"summary_large_image","twitter_misc":{"Skrevet af":"VITA Tribe","Estimeret l\u00e6setid":"3 minutter"},"schema":{"@context":"https:\/\/schema.org","@graph":[{"@type":"Article","@id":"https:\/\/www.vita-explorers.dk\/blog\/oprindelige-folk-indigene-rettigheder-kulturer-sprog-mangfoldighed-solidaritet-internationalt-frivilligt-arbejde-vita-institute\/#article","isPartOf":{"@id":"https:\/\/www.vita-explorers.dk\/blog\/oprindelige-folk-indigene-rettigheder-kulturer-sprog-mangfoldighed-solidaritet-internationalt-frivilligt-arbejde-vita-institute\/"},"author":{"name":"VITA Tribe","@id":"https:\/\/www.vita-explorers.dk\/blog\/#\/schema\/person\/d7df267b64f23018d1dc519e78fb2735"},"headline":"Sammen st\u00f8tter vi oprindelige folks rettigheder.","datePublished":"2018-08-09T10:29:37+00:00","dateModified":"2023-01-04T15:15:34+00:00","mainEntityOfPage":{"@id":"https:\/\/www.vita-explorers.dk\/blog\/oprindelige-folk-indigene-rettigheder-kulturer-sprog-mangfoldighed-solidaritet-internationalt-frivilligt-arbejde-vita-institute\/"},"wordCount":683,"commentCount":0,"publisher":{"@id":"https:\/\/www.vita-explorers.dk\/blog\/#organization"},"image":{"@id":"https:\/\/www.vita-explorers.dk\/blog\/oprindelige-folk-indigene-rettigheder-kulturer-sprog-mangfoldighed-solidaritet-internationalt-frivilligt-arbejde-vita-institute\/#primaryimage"},"thumbnailUrl":"https:\/\/www.vita-explorers.dk\/blog\/wp-content\/uploads\/2022\/03\/llama.jpg","keywords":["association","Association GlobAlong","b\u00e9n\u00e9volat","cultures","international","Journ\u00e9e internationale des peuples autochtones","langues","peuples autochtones","peuples indig\u00e8nes","respect","solidarit\u00e9","traditions","us et coutumes","volontaire"],"articleSection":["Humanit\u00e6rt frivilligt arbejde","No Name","Nyheder","Rejser - generelle oplysninger","VITA Explorers"],"inLanguage":"da-DK","potentialAction":[{"@type":"CommentAction","name":"Comment","target":["https:\/\/www.vita-explorers.dk\/blog\/oprindelige-folk-indigene-rettigheder-kulturer-sprog-mangfoldighed-solidaritet-internationalt-frivilligt-arbejde-vita-institute\/#respond"]}]},{"@type":"WebPage","@id":"https:\/\/www.vita-explorers.dk\/blog\/oprindelige-folk-indigene-rettigheder-kulturer-sprog-mangfoldighed-solidaritet-internationalt-frivilligt-arbejde-vita-institute\/","url":"https:\/\/www.vita-explorers.dk\/blog\/oprindelige-folk-indigene-rettigheder-kulturer-sprog-mangfoldighed-solidaritet-internationalt-frivilligt-arbejde-vita-institute\/","name":"Sammen st\u00f8tter vi oprindelige folks rettigheder. - VITA Explorers Blog","isPartOf":{"@id":"https:\/\/www.vita-explorers.dk\/blog\/#website"},"primaryImageOfPage":{"@id":"https:\/\/www.vita-explorers.dk\/blog\/oprindelige-folk-indigene-rettigheder-kulturer-sprog-mangfoldighed-solidaritet-internationalt-frivilligt-arbejde-vita-institute\/#primaryimage"},"image":{"@id":"https:\/\/www.vita-explorers.dk\/blog\/oprindelige-folk-indigene-rettigheder-kulturer-sprog-mangfoldighed-solidaritet-internationalt-frivilligt-arbejde-vita-institute\/#primaryimage"},"thumbnailUrl":"https:\/\/www.vita-explorers.dk\/blog\/wp-content\/uploads\/2022\/03\/llama.jpg","datePublished":"2018-08-09T10:29:37+00:00","dateModified":"2023-01-04T15:15:34+00:00","breadcrumb":{"@id":"https:\/\/www.vita-explorers.dk\/blog\/oprindelige-folk-indigene-rettigheder-kulturer-sprog-mangfoldighed-solidaritet-internationalt-frivilligt-arbejde-vita-institute\/#breadcrumb"},"inLanguage":"da-DK","potentialAction":[{"@type":"ReadAction","target":["https:\/\/www.vita-explorers.dk\/blog\/oprindelige-folk-indigene-rettigheder-kulturer-sprog-mangfoldighed-solidaritet-internationalt-frivilligt-arbejde-vita-institute\/"]}]},{"@type":"ImageObject","inLanguage":"da-DK","@id":"https:\/\/www.vita-explorers.dk\/blog\/oprindelige-folk-indigene-rettigheder-kulturer-sprog-mangfoldighed-solidaritet-internationalt-frivilligt-arbejde-vita-institute\/#primaryimage","url":"https:\/\/www.vita-explorers.dk\/blog\/wp-content\/uploads\/2022\/03\/llama.jpg","contentUrl":"https:\/\/www.vita-explorers.dk\/blog\/wp-content\/uploads\/2022\/03\/llama.jpg","width":1728,"height":1152},{"@type":"BreadcrumbList","@id":"https:\/\/www.vita-explorers.dk\/blog\/oprindelige-folk-indigene-rettigheder-kulturer-sprog-mangfoldighed-solidaritet-internationalt-frivilligt-arbejde-vita-institute\/#breadcrumb","itemListElement":[{"@type":"ListItem","position":1,"name":"Accueil","item":"https:\/\/www.vita-explorers.dk\/blog\/"},{"@type":"ListItem","position":2,"name":"Sammen st\u00f8tter vi oprindelige folks rettigheder."}]},{"@type":"WebSite","@id":"https:\/\/www.vita-explorers.dk\/blog\/#website","url":"https:\/\/www.vita-explorers.dk\/blog\/","name":"Association Globalong","description":"Frivilligt arbejde, sprogophold, praktik i udlandet og internationale oplevelser","publisher":{"@id":"https:\/\/www.vita-explorers.dk\/blog\/#organization"},"potentialAction":[{"@type":"SearchAction","target":{"@type":"EntryPoint","urlTemplate":"https:\/\/www.vita-explorers.dk\/blog\/?s={search_term_string}"},"query-input":{"@type":"PropertyValueSpecification","valueRequired":true,"valueName":"search_term_string"}}],"inLanguage":"da-DK"},{"@type":"Organization","@id":"https:\/\/www.vita-explorers.dk\/blog\/#organization","name":"Association Globalong","url":"https:\/\/www.vita-explorers.dk\/blog\/","logo":{"@type":"ImageObject","inLanguage":"da-DK","@id":"https:\/\/www.vita-explorers.dk\/blog\/#\/schema\/logo\/image\/","url":"https:\/\/www.globalong.com\/blog\/wp-content\/uploads\/2014\/11\/cropped-cropped-Logo-et-Afrique-Globalong-petite-taille-2.jpg","contentUrl":"https:\/\/www.globalong.com\/blog\/wp-content\/uploads\/2014\/11\/cropped-cropped-Logo-et-Afrique-Globalong-petite-taille-2.jpg","width":512,"height":512,"caption":"Association Globalong"},"image":{"@id":"https:\/\/www.vita-explorers.dk\/blog\/#\/schema\/logo\/image\/"},"sameAs":["https:\/\/www.facebook.com\/globalong"]},{"@type":"Person","@id":"https:\/\/www.vita-explorers.dk\/blog\/#\/schema\/person\/d7df267b64f23018d1dc519e78fb2735","name":"VITA Tribe","image":{"@type":"ImageObject","inLanguage":"da-DK","@id":"https:\/\/www.vita-explorers.dk\/blog\/#\/schema\/person\/image\/","url":"https:\/\/secure.gravatar.com\/avatar\/81461bcc213d0ff2bdc043d4206648f0?s=96&d=mm&r=g","contentUrl":"https:\/\/secure.gravatar.com\/avatar\/81461bcc213d0ff2bdc043d4206648f0?s=96&d=mm&r=g","caption":"VITA Tribe"},"sameAs":["https:\/\/www.globalong.com"],"url":"https:\/\/www.vita-explorers.dk\/blog\/author\/sophie\/"}]}},"_links":{"self":[{"href":"https:\/\/www.vita-explorers.dk\/blog\/wp-json\/wp\/v2\/posts\/10843"}],"collection":[{"href":"https:\/\/www.vita-explorers.dk\/blog\/wp-json\/wp\/v2\/posts"}],"about":[{"href":"https:\/\/www.vita-explorers.dk\/blog\/wp-json\/wp\/v2\/types\/post"}],"author":[{"embeddable":true,"href":"https:\/\/www.vita-explorers.dk\/blog\/wp-json\/wp\/v2\/users\/1"}],"replies":[{"embeddable":true,"href":"https:\/\/www.vita-explorers.dk\/blog\/wp-json\/wp\/v2\/comments?post=10843"}],"version-history":[{"count":19,"href":"https:\/\/www.vita-explorers.dk\/blog\/wp-json\/wp\/v2\/posts\/10843\/revisions"}],"predecessor-version":[{"id":15055,"href":"https:\/\/www.vita-explorers.dk\/blog\/wp-json\/wp\/v2\/posts\/10843\/revisions\/15055"}],"wp:featuredmedia":[{"embeddable":true,"href":"https:\/\/www.vita-explorers.dk\/blog\/wp-json\/wp\/v2\/media\/14154"}],"wp:attachment":[{"href":"https:\/\/www.vita-explorers.dk\/blog\/wp-json\/wp\/v2\/media?parent=10843"}],"wp:term":[{"taxonomy":"category","embeddable":true,"href":"https:\/\/www.vita-explorers.dk\/blog\/wp-json\/wp\/v2\/categories?post=10843"},{"taxonomy":"post_tag","embeddable":true,"href":"https:\/\/www.vita-explorers.dk\/blog\/wp-json\/wp\/v2\/tags?post=10843"}],"curies":[{"name":"wp","href":"https:\/\/api.w.org\/{rel}","templated":true}]}}