{"id":11033,"date":"2018-09-07T17:40:54","date_gmt":"2018-09-07T15:40:54","guid":{"rendered":"https:\/\/www.globalong.com\/blog\/?p=11033"},"modified":"2025-10-29T17:11:40","modified_gmt":"2025-10-29T16:11:40","slug":"laese-og-skrivefaerdigheder-uddannelse-kompetenceudvikling-humanitaer-uddannelse-vita","status":"publish","type":"post","link":"https:\/\/www.vita-explorers.dk\/blog\/laese-og-skrivefaerdigheder-uddannelse-kompetenceudvikling-humanitaer-uddannelse-vita\/","title":{"rendered":"L\u00e6se- og skriveundervisning samt kompetenceudvikling"},"content":{"rendered":"<div class=\"ti-widget ti-goog\" data-layout-id=\"4\" data-set-id=\"light-background\" data-pid=\"\" data-language=\"fr\" data-version=\"2\" data-review-target-width=\"300\" data-review-text-mode=\"readmore\" data-pager-autoplay-timeout=\"6\" > <div class=\"ti-widget-container ti-col-3\"> <div class=\"ti-reviews-container\"> <div class=\"ti-controls\"> <div class=\"ti-next\" aria-label=\"Avis suivante\" role=\"button\"><\/div> <div class=\"ti-prev\" aria-label=\"Avis pr\u00e9c\u00e9dent\" role=\"button\"><\/div> <\/div> <div class=\"ti-reviews-container-wrapper\">  <div data-empty=\"0\" class=\"ti-review-item source-Google ti-image-layout-thumbnail\" data-id=\"cfcd208495d565ef66e7dff9f98764da\" > <div class=\"ti-inner\"> <div class=\"ti-review-header\"> <div class=\"ti-profile-img\"> <img decoding=\"async\" src=\"https:\/\/lh3.googleusercontent.com\/a\/ACg8ocKpaoKe37CD0_POxO97KqB60GsWQRsIuG2vmCfXT-W_FY44vw=s120-c-rp-mo-br100\" srcset=\"https:\/\/lh3.googleusercontent.com\/a\/ACg8ocKpaoKe37CD0_POxO97KqB60GsWQRsIuG2vmCfXT-W_FY44vw=s120-c-rp-mo-br100 2x\" alt=\"Lucie Correia\" loading=\"lazy\" \/> <\/div> <div class=\"ti-profile-details\"> <div class=\"ti-name\"> Lucie Correia <\/div> <div class=\"ti-date\">2024-10-17<\/div> <\/div> <\/div> <span class=\"ti-stars\"><span class=\"ti-star f\"><\/span><span class=\"ti-star f\"><\/span><span class=\"ti-star f\"><\/span><span class=\"ti-star f\"><\/span><span class=\"ti-star f\"><\/span><\/span> <div class=\"ti-review-text-container ti-review-content\"><!-- R-CONTENT -->La communication avec Globalong est super, personnes tr\u00e8s pr\u00e9sentes pour les b\u00e9n\u00e9voles et \u00e9tudiants partant avec cette association. Elles r\u00e9pondent \u00e0 toutes nos questions et sont tr\u00e8s accessibles au t\u00e9l\u00e9phone.<!-- R-CONTENT --><\/div> <span class=\"ti-read-more\" data-container=\".ti-review-content\" data-collapse-text=\"Cacher\" data-open-text=\"Lire la suite\" ><\/span> <\/div> <\/div>  <div data-empty=\"0\" class=\"ti-review-item source-Google ti-image-layout-thumbnail\" data-id=\"cfcd208495d565ef66e7dff9f98764da\" > <div class=\"ti-inner\"> <div class=\"ti-review-header\"> <div class=\"ti-profile-img\"> <img decoding=\"async\" src=\"https:\/\/lh3.googleusercontent.com\/a-\/ALV-UjWqnnzM7-7c9BDqeTDF-a7pOgNjvLkJ3WshRd_Tn7z0Eu-AGQwo=s120-c-rp-mo-br100\" srcset=\"https:\/\/lh3.googleusercontent.com\/a-\/ALV-UjWqnnzM7-7c9BDqeTDF-a7pOgNjvLkJ3WshRd_Tn7z0Eu-AGQwo=s120-c-rp-mo-br100 2x\" alt=\"Ra\u00efssa Frisch\" loading=\"lazy\" \/> <\/div> <div class=\"ti-profile-details\"> <div class=\"ti-name\"> Ra\u00efssa Frisch <\/div> <div class=\"ti-date\">2024-10-14<\/div> <\/div> <\/div> <span class=\"ti-stars\"><span class=\"ti-star f\"><\/span><span class=\"ti-star f\"><\/span><span class=\"ti-star f\"><\/span><span class=\"ti-star f\"><\/span><span class=\"ti-star f\"><\/span><\/span> <div class=\"ti-review-text-container ti-review-content\"><!-- R-CONTENT -->J\u2019ai d\u00e9j\u00e0 eu l\u2019opportunit\u00e9 de r\u00e9aliser deux projets humanitaires avec l\u2019association Globalong. Je ne peux que la recommander, car j\u2019ai toujours b\u00e9n\u00e9fici\u00e9 d\u2019un excellent accompagnement, aussi bien avant que pendant le voyage. On ne vous laisse pas vous d\u00e9brouiller seuls, bien au contraire, vous \u00eates tr\u00e8s bien encadr\u00e9s pour accomplir toutes les d\u00e9marches dans les d\u00e9lais.\n\nAu-del\u00e0 du suivi, les exp\u00e9riences humanitaires propos\u00e9es par Globalong ne peuvent que transformer votre vie de mani\u00e8re positive. Elles vous apportent une richesse humaine inestimable.<!-- R-CONTENT --><\/div> <span class=\"ti-read-more\" data-container=\".ti-review-content\" data-collapse-text=\"Cacher\" data-open-text=\"Lire la suite\" ><\/span> <\/div> <\/div>  <div data-empty=\"0\" class=\"ti-review-item source-Google ti-image-layout-thumbnail\" data-id=\"cfcd208495d565ef66e7dff9f98764da\" > <div class=\"ti-inner\"> <div class=\"ti-review-header\"> <div class=\"ti-profile-img\"> <img decoding=\"async\" src=\"https:\/\/lh3.googleusercontent.com\/a\/ACg8ocJL-Dxv25YkXK2QwWPNRxTVqZCv5uTmDQDFg5qslKra3vRZew=s120-c-rp-mo-br100\" srcset=\"https:\/\/lh3.googleusercontent.com\/a\/ACg8ocJL-Dxv25YkXK2QwWPNRxTVqZCv5uTmDQDFg5qslKra3vRZew=s120-c-rp-mo-br100 2x\" alt=\"Tara Turan\" loading=\"lazy\" \/> <\/div> <div class=\"ti-profile-details\"> <div class=\"ti-name\"> Tara Turan <\/div> <div class=\"ti-date\">2024-10-14<\/div> <\/div> <\/div> <span class=\"ti-stars\"><span class=\"ti-star f\"><\/span><span class=\"ti-star f\"><\/span><span class=\"ti-star f\"><\/span><span class=\"ti-star f\"><\/span><span class=\"ti-star f\"><\/span><\/span> <div class=\"ti-review-text-container ti-review-content\"><!-- R-CONTENT -->Une des meilleures associations que j\u2019ai pu faire !\nUne organisation et un suivi vraiment parfait, c\u2019est avec grand plaisir que je referai un projet avec eux.<!-- R-CONTENT --><\/div> <span class=\"ti-read-more\" data-container=\".ti-review-content\" data-collapse-text=\"Cacher\" data-open-text=\"Lire la suite\" ><\/span> <\/div> <\/div>  <div data-empty=\"0\" class=\"ti-review-item source-Google ti-image-layout-thumbnail\" data-id=\"cfcd208495d565ef66e7dff9f98764da\" > <div class=\"ti-inner\"> <div class=\"ti-review-header\"> <div class=\"ti-profile-img\"> <img decoding=\"async\" src=\"https:\/\/lh3.googleusercontent.com\/a\/ACg8ocLctTPNovSk3eKM0b_MIPOfcFEQsz2135Cdu59_BWRVsIYC7Q=s120-c-rp-mo-br100\" srcset=\"https:\/\/lh3.googleusercontent.com\/a\/ACg8ocLctTPNovSk3eKM0b_MIPOfcFEQsz2135Cdu59_BWRVsIYC7Q=s120-c-rp-mo-br100 2x\" alt=\"Repiquet Julie\" loading=\"lazy\" \/> <\/div> <div class=\"ti-profile-details\"> <div class=\"ti-name\"> Repiquet Julie <\/div> <div class=\"ti-date\">2024-10-13<\/div> <\/div> <\/div> <span class=\"ti-stars\"><span class=\"ti-star f\"><\/span><span class=\"ti-star f\"><\/span><span class=\"ti-star f\"><\/span><span class=\"ti-star f\"><\/span><span class=\"ti-star f\"><\/span><\/span> <div class=\"ti-review-text-container ti-review-content\"><!-- R-CONTENT -->Tr\u00e8s bon accompagnement de la part de Globalong, du premier jour avec toutes mes interrogations, jusqu'au d\u00e9part dans quelques jours. Le dossier transmis apr\u00e8s validation de la mission est plus que complet, les webmaster tr\u00e8s int\u00e9ressantes et permettent de d\u00e9charger mentalement ce genre de pr\u00e9paration, tout est pr\u00e9vu il n'y a plus qu'\u00e0 suivre ! Merci \u00e0 Florence de r\u00e9pondre \u00e0 toutes mes questions avec gentillesse et bienveillance, cela m'a permis de passer le cap!\nMaintenant, il n'y a plus qu'\u00e0 \ud83d\ude00<!-- R-CONTENT --><\/div> <span class=\"ti-read-more\" data-container=\".ti-review-content\" data-collapse-text=\"Cacher\" data-open-text=\"Lire la suite\" ><\/span> <\/div> <\/div>  <div data-empty=\"0\" class=\"ti-review-item source-Google ti-image-layout-thumbnail\" data-id=\"cfcd208495d565ef66e7dff9f98764da\" > <div class=\"ti-inner\"> <div class=\"ti-review-header\"> <div class=\"ti-profile-img\"> <img decoding=\"async\" src=\"https:\/\/lh3.googleusercontent.com\/a\/ACg8ocJJTdmTWs8nAA0yuH_cKOUgzc6GFAkHBiXhpnnVYXaWMBZsHw=s120-c-rp-mo-br100\" srcset=\"https:\/\/lh3.googleusercontent.com\/a\/ACg8ocJJTdmTWs8nAA0yuH_cKOUgzc6GFAkHBiXhpnnVYXaWMBZsHw=s120-c-rp-mo-br100 2x\" alt=\"Marine Guilhamat\" loading=\"lazy\" \/> <\/div> <div class=\"ti-profile-details\"> <div class=\"ti-name\"> Marine Guilhamat <\/div> <div class=\"ti-date\">2024-10-09<\/div> <\/div> <\/div> <span class=\"ti-stars\"><span class=\"ti-star f\"><\/span><span class=\"ti-star f\"><\/span><span class=\"ti-star f\"><\/span><span class=\"ti-star f\"><\/span><span class=\"ti-star f\"><\/span><\/span> <div class=\"ti-review-text-container ti-review-content\"><!-- R-CONTENT -->Tr\u00e8s belle association qui offre un cadre super s\u00e9curisant et permet de s\u2019investir dans des projets qui ont du sens. Merci \u00e0 l\u2019\u00e9quipe Globalong pour votre disponibilit\u00e9, gentillesse et accompagnement !<!-- R-CONTENT --><\/div> <span class=\"ti-read-more\" data-container=\".ti-review-content\" data-collapse-text=\"Cacher\" data-open-text=\"Lire la suite\" ><\/span> <\/div> <\/div>  <div data-empty=\"0\" class=\"ti-review-item source-Google ti-image-layout-thumbnail\" data-id=\"cfcd208495d565ef66e7dff9f98764da\" > <div class=\"ti-inner\"> <div class=\"ti-review-header\"> <div class=\"ti-profile-img\"> <img decoding=\"async\" src=\"https:\/\/lh3.googleusercontent.com\/a\/ACg8ocIgITHXKo46qgJyPqlJeAcxz11gCKUJpGIk2qauiIe2O3iZ6w=s120-c-rp-mo-br100\" srcset=\"https:\/\/lh3.googleusercontent.com\/a\/ACg8ocIgITHXKo46qgJyPqlJeAcxz11gCKUJpGIk2qauiIe2O3iZ6w=s120-c-rp-mo-br100 2x\" alt=\"Laura Mercier\" loading=\"lazy\" \/> <\/div> <div class=\"ti-profile-details\"> <div class=\"ti-name\"> Laura Mercier <\/div> <div class=\"ti-date\">2024-10-08<\/div> <\/div> <\/div> <span class=\"ti-stars\"><span class=\"ti-star f\"><\/span><span class=\"ti-star f\"><\/span><span class=\"ti-star f\"><\/span><span class=\"ti-star f\"><\/span><span class=\"ti-star f\"><\/span><\/span> <div class=\"ti-review-text-container ti-review-content\"><!-- R-CONTENT -->Mon d\u00e9part approche, je pars dans une semaine, et depuis le d\u00e9but de mon inscription je suis tr\u00e8s satisfaite du suivi effectu\u00e9 par l\u2019association. Ils sont tr\u00e8s disponibles et r\u00e9pondent rapidement \u00e0 l\u2019ensemble des questions. Je suis tr\u00e8s contente de partir faire cette mission humanitaire encadr\u00e9e par cette association. Je recommande vraiment.<!-- R-CONTENT --><\/div> <span class=\"ti-read-more\" data-container=\".ti-review-content\" data-collapse-text=\"Cacher\" data-open-text=\"Lire la suite\" ><\/span> <\/div> <\/div>  <div data-empty=\"0\" class=\"ti-review-item source-Google ti-image-layout-thumbnail\" data-id=\"cfcd208495d565ef66e7dff9f98764da\" > <div class=\"ti-inner\"> <div class=\"ti-review-header\"> <div class=\"ti-profile-img\"> <img decoding=\"async\" src=\"https:\/\/lh3.googleusercontent.com\/a-\/ALV-UjVVr0YMQhXl8QNEEB32l-rnoaYwvRZUjIEX9OEwPE_1fQwzIyk=s120-c-rp-mo-br100\" srcset=\"https:\/\/lh3.googleusercontent.com\/a-\/ALV-UjVVr0YMQhXl8QNEEB32l-rnoaYwvRZUjIEX9OEwPE_1fQwzIyk=s120-c-rp-mo-br100 2x\" alt=\"Anouk Rzkt\" loading=\"lazy\" \/> <\/div> <div class=\"ti-profile-details\"> <div class=\"ti-name\"> Anouk Rzkt <\/div> <div class=\"ti-date\">2024-10-02<\/div> <\/div> <\/div> <span class=\"ti-stars\"><span class=\"ti-star f\"><\/span><span class=\"ti-star f\"><\/span><span class=\"ti-star f\"><\/span><span class=\"ti-star f\"><\/span><span class=\"ti-star f\"><\/span><\/span> <div class=\"ti-review-text-container ti-review-content\"><!-- R-CONTENT -->Globalong est l'association parfaite. L'\u00e9quipe offre un v\u00e9ritable accompagnement rythm\u00e9 par beaucoup de conseils et d'\u00e9coute. Le site est tr\u00e8s bien fait avec des dossiers complets allant des sujets tr\u00e8s pratiques a d'autres plus th\u00e9oriques (tels que le choc culturel par exemple). Je recommande vivement et remercie sinc\u00e8rement toute l'\u00e9quipe pour leur gentillesse et investissement !<!-- R-CONTENT --><\/div> <span class=\"ti-read-more\" data-container=\".ti-review-content\" data-collapse-text=\"Cacher\" data-open-text=\"Lire la suite\" ><\/span> <\/div> <\/div>  <\/div> <div class=\"ti-controls-line\"> <div class=\"dot\"><\/div> <\/div> <\/div> <div class=\"ti-footer\"> <div class=\"ti-rating-text\"> <span class=\"nowrap\">\u00c9valuation <strong>Google<\/strong> : <\/span><span class=\"nowrap\"><strong>4.8<\/strong> sur 5, <\/span><span class=\"nowrap\">Bas\u00e9e sur <strong>240 avis<\/strong><\/span> <\/div> <\/div>  <\/div> <\/div> \n<p style=\"text-align: center;\"><span style=\"color: #b81657;\"><strong>I \u00e5r s\u00e6tter Den internationale l\u00e6sedag, som markeres den 8. september, fokus p\u00e5 udvikling af kompetencer.<\/strong><\/span><\/p>\n<p><img loading=\"lazy\" decoding=\"async\" class=\"alignright wp-image-11036\" src=\"https:\/\/www.vita-explorers.dk\/blog\/wp-content\/uploads\/2018\/09\/IMG-20180720-WA0010-1-min-225x300.jpg\" alt=\"\" width=\"300\" height=\"400\" srcset=\"https:\/\/www.vita-explorers.dk\/blog\/wp-content\/uploads\/2018\/09\/IMG-20180720-WA0010-1-min-225x300.jpg 225w, https:\/\/www.vita-explorers.dk\/blog\/wp-content\/uploads\/2018\/09\/IMG-20180720-WA0010-1-min-113x150.jpg 113w, https:\/\/www.vita-explorers.dk\/blog\/wp-content\/uploads\/2018\/09\/IMG-20180720-WA0010-1-min.jpg 612w\" sizes=\"(max-width: 300px) 100vw, 300px\" \/><\/p>\n<p style=\"text-align: justify;\">750 000 000.<\/p>\n<p style=\"text-align: justify;\">S\u00e5 mange voksne i verden kan hverken l\u00e6se eller skrive \u2013 og 2\/3 er unge piger og kvinder.<\/p>\n<p style=\"text-align: justify;\">I den digitale tidsalder skaber nye teknologier, som i dag er til stede n\u00e6sten overalt, nye muligheder for b\u00e6redygtig udvikling \u2013 ogs\u00e5 i lande, der er under udvikling.<\/p>\n<p style=\"text-align: justify;\">Men mennesker uden adgang til grundl\u00e6ggende uddannelse og uden skriftlige f\u00e6rdigheder er ofte de f\u00f8rste, der bliver udelukket fra de teknologiske og \u00f8konomiske fremskridt.<\/p>\n<p>Alfabetisering og l\u00e6se- og skrivef\u00e6rdigheder er derfor afg\u00f8rende, hvis vi skal rykke os fremad \u2013 sammen!<\/p>\n<p>Hvis du \u00f8nsker at deltage i et <a href=\"https:\/\/www.vita-explorers.dk\/blog\/internationalt-frivilligt-arbejde-laese-og-skriveundervisning\/\" target=\"_blank\" rel=\"noopener\">internationalt forl\u00f8b inden for alfabetisering<\/a>, s\u00e5 kontakt os p\u00e5: <a href=\"mailto:info@globalong.com\" target=\"_blank\" rel=\"noopener\"><span style=\"text-decoration: underline;\"><strong>info@globalong.com<\/strong><\/span><\/a>.<\/p>\n<p style=\"text-align: center;\"><span style=\"text-decoration: underline; color: #b81657;\"><strong><a href=\"https:\/\/www.youtube.com\/watch?v=NuzdscWd-Qs\" target=\"_blank\" rel=\"noopener\">Vil du vide mere, s\u00e5 se denne video fra UNESCO!<\/a><\/strong><\/span><\/p>\n<p style=\"text-align: center;\"><a href=\"https:\/\/www.vita-explorers.dk\/frivilligt-arbejde\/\" target=\"_blank\" rel=\"noopener\"><span style=\"text-decoration: underline; color: #b81657;\"><strong>Deltag i frivilligt arbejde i udlandet<\/strong><\/span><\/a><\/p>\n<p style=\"text-align: center;\"><a href=\"https:\/\/www.vita-explorers.dk\/association-globalong.html\" target=\"_blank\" rel=\"noopener\"><span style=\"text-decoration: underline; color: #b81657;\"><strong>L\u00e6r mere om VITA Institute<\/strong><\/span><\/a><\/p>\n","protected":false},"excerpt":{"rendered":"<p>I \u00e5r s\u00e6tter Den internationale l\u00e6sedag, som markeres den 8. september, fokus p\u00e5 udvikling af kompetencer. 750 000 000. S\u00e5 mange voksne i verden\u2026<\/p>\n","protected":false},"author":1,"featured_media":11034,"comment_status":"open","ping_status":"open","sticky":false,"template":"","format":"standard","meta":{"footnotes":""},"categories":[8,1,6,4],"tags":[182,223,567,149,190],"yoast_head":"<!-- This site is optimized with the Yoast SEO Premium plugin v23.4 (Yoast SEO v23.4) - https:\/\/yoast.com\/wordpress\/plugins\/seo\/ -->\n<title>L\u00e6se- og skriveundervisning og kompetenceudvikling - VITA Explorers Blog<\/title>\n<meta name=\"description\" content=\"D\u00e9couvrez l&#039;importance de l&#039;alphab\u00e9tisation dans le d\u00e9veloppement des comp\u00e9tences et l&#039;\u00e9galit\u00e9 des chances pour tous.\" \/>\n<meta name=\"robots\" content=\"index, follow, max-snippet:-1, max-image-preview:large, max-video-preview:-1\" \/>\n<link rel=\"canonical\" href=\"https:\/\/www.vita-explorers.dk\/blog\/laese-%20og%20skrivefaerdigheder-uddannelse-kompetenceudvikling-humanitaer-uddannelse-vita\/\" \/>\n<meta property=\"og:locale\" content=\"da_DK\" \/>\n<meta property=\"og:type\" content=\"article\" \/>\n<meta property=\"og:title\" content=\"L\u00e6se- og skriveundervisning samt kompetenceudvikling\" \/>\n<meta property=\"og:description\" content=\"D\u00e9couvrez l&#039;importance de l&#039;alphab\u00e9tisation dans le d\u00e9veloppement des comp\u00e9tences et l&#039;\u00e9galit\u00e9 des chances pour tous.\" \/>\n<meta property=\"og:url\" content=\"https:\/\/www.vita-explorers.dk\/blog\/laese- og skrivefaerdigheder-uddannelse-kompetenceudvikling-humanitaer-uddannelse-vita\/\" \/>\n<meta property=\"og:site_name\" content=\"VITA Explorers Blog\" \/>\n<meta property=\"article:publisher\" content=\"https:\/\/www.facebook.com\/globalong\" \/>\n<meta property=\"article:published_time\" content=\"2018-09-07T15:40:54+00:00\" \/>\n<meta property=\"article:modified_time\" content=\"2025-10-29T16:11:40+00:00\" \/>\n<meta property=\"og:image\" content=\"https:\/\/www.vita-explorers.dk\/blog\/wp-content\/uploads\/2018\/09\/B\u00e9n\u00e9volat-international-avec-des-enfants-en-Inde-du-Sud-Globalong-min.jpg\" \/>\n\t<meta property=\"og:image:width\" content=\"1280\" \/>\n\t<meta property=\"og:image:height\" content=\"720\" \/>\n\t<meta property=\"og:image:type\" content=\"image\/jpeg\" \/>\n<meta name=\"author\" content=\"VITA Tribe\" \/>\n<meta name=\"twitter:card\" content=\"summary_large_image\" \/>\n<meta name=\"twitter:label1\" content=\"Skrevet af\" \/>\n\t<meta name=\"twitter:data1\" content=\"VITA Tribe\" \/>\n\t<meta name=\"twitter:label2\" content=\"Estimeret l\u00e6setid\" \/>\n\t<meta name=\"twitter:data2\" content=\"2 minutter\" \/>\n<script type=\"application\/ld+json\" class=\"yoast-schema-graph\">{\"@context\":\"https:\/\/schema.org\",\"@graph\":[{\"@type\":\"Article\",\"@id\":\"https:\/\/www.vita-explorers.dk\/blog\/laese- og skrivefaerdigheder-uddannelse-kompetenceudvikling-humanitaer-uddannelse-vita\/#article\",\"isPartOf\":{\"@id\":\"https:\/\/www.vita-explorers.dk\/blog\/laese- og skrivefaerdigheder-uddannelse-kompetenceudvikling-humanitaer-uddannelse-vita\/\"},\"author\":{\"name\":\"VITA Tribe\",\"@id\":\"https:\/\/www.vita-explorers.dk\/blog\/#\/schema\/person\/d7df267b64f23018d1dc519e78fb2735\"},\"headline\":\"L\u00e6se- og skriveundervisning samt kompetenceudvikling\",\"datePublished\":\"2018-09-07T15:40:54+00:00\",\"dateModified\":\"2025-10-29T16:11:40+00:00\",\"mainEntityOfPage\":{\"@id\":\"https:\/\/www.vita-explorers.dk\/blog\/laese- og skrivefaerdigheder-uddannelse-kompetenceudvikling-humanitaer-uddannelse-vita\/\"},\"wordCount\":159,\"commentCount\":0,\"publisher\":{\"@id\":\"https:\/\/www.vita-explorers.dk\/blog\/#organization\"},\"image\":{\"@id\":\"https:\/\/www.vita-explorers.dk\/blog\/laese- og skrivefaerdigheder-uddannelse-kompetenceudvikling-humanitaer-uddannelse-vita\/#primaryimage\"},\"thumbnailUrl\":\"https:\/\/www.vita-explorers.dk\/blog\/wp-content\/uploads\/2018\/09\/B\u00e9n\u00e9volat-international-avec-des-enfants-en-Inde-du-Sud-Globalong-min.jpg\",\"keywords\":[\"alphab\u00e9tisation\",\"Ecole\",\"\u00e9ducation\",\"humanitaire\",\"mission\"],\"articleSection\":[\"Humanit\u00e6rt frivilligt arbejde\",\"No Name\",\"Nyheder\",\"VITA Explorers\"],\"inLanguage\":\"da-DK\",\"potentialAction\":[{\"@type\":\"CommentAction\",\"name\":\"Comment\",\"target\":[\"https:\/\/www.vita-explorers.dk\/blog\/laese- og skrivefaerdigheder-uddannelse-kompetenceudvikling-humanitaer-uddannelse-vita\/#respond\"]}]},{\"@type\":\"WebPage\",\"@id\":\"https:\/\/www.vita-explorers.dk\/blog\/laese- og skrivefaerdigheder-uddannelse-kompetenceudvikling-humanitaer-uddannelse-vita\/\",\"url\":\"https:\/\/www.vita-explorers.dk\/blog\/laese- og skrivefaerdigheder-uddannelse-kompetenceudvikling-humanitaer-uddannelse-vita\/\",\"name\":\"L\u00e6se- og skriveundervisning og kompetenceudvikling - VITA Explorers Blog\",\"isPartOf\":{\"@id\":\"https:\/\/www.vita-explorers.dk\/blog\/#website\"},\"primaryImageOfPage\":{\"@id\":\"https:\/\/www.vita-explorers.dk\/blog\/laese- og skrivefaerdigheder-uddannelse-kompetenceudvikling-humanitaer-uddannelse-vita\/#primaryimage\"},\"image\":{\"@id\":\"https:\/\/www.vita-explorers.dk\/blog\/laese- og skrivefaerdigheder-uddannelse-kompetenceudvikling-humanitaer-uddannelse-vita\/#primaryimage\"},\"thumbnailUrl\":\"https:\/\/www.vita-explorers.dk\/blog\/wp-content\/uploads\/2018\/09\/B\u00e9n\u00e9volat-international-avec-des-enfants-en-Inde-du-Sud-Globalong-min.jpg\",\"datePublished\":\"2018-09-07T15:40:54+00:00\",\"dateModified\":\"2025-10-29T16:11:40+00:00\",\"description\":\"D\u00e9couvrez l'importance de l'alphab\u00e9tisation dans le d\u00e9veloppement des comp\u00e9tences et l'\u00e9galit\u00e9 des chances pour tous.\",\"breadcrumb\":{\"@id\":\"https:\/\/www.vita-explorers.dk\/blog\/laese- og skrivefaerdigheder-uddannelse-kompetenceudvikling-humanitaer-uddannelse-vita\/#breadcrumb\"},\"inLanguage\":\"da-DK\",\"potentialAction\":[{\"@type\":\"ReadAction\",\"target\":[\"https:\/\/www.vita-explorers.dk\/blog\/laese- og skrivefaerdigheder-uddannelse-kompetenceudvikling-humanitaer-uddannelse-vita\/\"]}]},{\"@type\":\"ImageObject\",\"inLanguage\":\"da-DK\",\"@id\":\"https:\/\/www.vita-explorers.dk\/blog\/laese- og skrivefaerdigheder-uddannelse-kompetenceudvikling-humanitaer-uddannelse-vita\/#primaryimage\",\"url\":\"https:\/\/www.vita-explorers.dk\/blog\/wp-content\/uploads\/2018\/09\/B\u00e9n\u00e9volat-international-avec-des-enfants-en-Inde-du-Sud-Globalong-min.jpg\",\"contentUrl\":\"https:\/\/www.vita-explorers.dk\/blog\/wp-content\/uploads\/2018\/09\/B\u00e9n\u00e9volat-international-avec-des-enfants-en-Inde-du-Sud-Globalong-min.jpg\",\"width\":1280,\"height\":720,\"caption\":\"B\u00e9n\u00e9volat avec les enfants en Inde\"},{\"@type\":\"BreadcrumbList\",\"@id\":\"https:\/\/www.vita-explorers.dk\/blog\/laese- og skrivefaerdigheder-uddannelse-kompetenceudvikling-humanitaer-uddannelse-vita\/#breadcrumb\",\"itemListElement\":[{\"@type\":\"ListItem\",\"position\":1,\"name\":\"Accueil\",\"item\":\"https:\/\/www.vita-explorers.dk\/blog\/\"},{\"@type\":\"ListItem\",\"position\":2,\"name\":\"L\u00e6se- og skriveundervisning samt kompetenceudvikling\"}]},{\"@type\":\"WebSite\",\"@id\":\"https:\/\/www.vita-explorers.dk\/blog\/#website\",\"url\":\"https:\/\/www.vita-explorers.dk\/blog\/\",\"name\":\"Association Globalong\",\"description\":\"Frivilligt arbejde, sprogophold, praktik i udlandet og internationale oplevelser\",\"publisher\":{\"@id\":\"https:\/\/www.vita-explorers.dk\/blog\/#organization\"},\"potentialAction\":[{\"@type\":\"SearchAction\",\"target\":{\"@type\":\"EntryPoint\",\"urlTemplate\":\"https:\/\/www.vita-explorers.dk\/blog\/?s={search_term_string}\"},\"query-input\":{\"@type\":\"PropertyValueSpecification\",\"valueRequired\":true,\"valueName\":\"search_term_string\"}}],\"inLanguage\":\"da-DK\"},{\"@type\":\"Organization\",\"@id\":\"https:\/\/www.vita-explorers.dk\/blog\/#organization\",\"name\":\"Association Globalong\",\"url\":\"https:\/\/www.vita-explorers.dk\/blog\/\",\"logo\":{\"@type\":\"ImageObject\",\"inLanguage\":\"da-DK\",\"@id\":\"https:\/\/www.vita-explorers.dk\/blog\/#\/schema\/logo\/image\/\",\"url\":\"https:\/\/www.globalong.com\/blog\/wp-content\/uploads\/2014\/11\/cropped-cropped-Logo-et-Afrique-Globalong-petite-taille-2.jpg\",\"contentUrl\":\"https:\/\/www.globalong.com\/blog\/wp-content\/uploads\/2014\/11\/cropped-cropped-Logo-et-Afrique-Globalong-petite-taille-2.jpg\",\"width\":512,\"height\":512,\"caption\":\"Association Globalong\"},\"image\":{\"@id\":\"https:\/\/www.vita-explorers.dk\/blog\/#\/schema\/logo\/image\/\"},\"sameAs\":[\"https:\/\/www.facebook.com\/globalong\"]},{\"@type\":\"Person\",\"@id\":\"https:\/\/www.vita-explorers.dk\/blog\/#\/schema\/person\/d7df267b64f23018d1dc519e78fb2735\",\"name\":\"VITA Tribe\",\"image\":{\"@type\":\"ImageObject\",\"inLanguage\":\"da-DK\",\"@id\":\"https:\/\/www.vita-explorers.dk\/blog\/#\/schema\/person\/image\/\",\"url\":\"https:\/\/secure.gravatar.com\/avatar\/81461bcc213d0ff2bdc043d4206648f0?s=96&d=mm&r=g\",\"contentUrl\":\"https:\/\/secure.gravatar.com\/avatar\/81461bcc213d0ff2bdc043d4206648f0?s=96&d=mm&r=g\",\"caption\":\"VITA Tribe\"},\"sameAs\":[\"https:\/\/www.globalong.com\"],\"url\":\"https:\/\/www.vita-explorers.dk\/blog\/author\/sophie\/\"}]}<\/script>\n<!-- \/ Yoast SEO Premium plugin. -->","yoast_head_json":{"title":"L\u00e6se- og skriveundervisning og kompetenceudvikling - VITA Explorers Blog","description":"D\u00e9couvrez l'importance de l'alphab\u00e9tisation dans le d\u00e9veloppement des comp\u00e9tences et l'\u00e9galit\u00e9 des chances pour tous.","robots":{"index":"index","follow":"follow","max-snippet":"max-snippet:-1","max-image-preview":"max-image-preview:large","max-video-preview":"max-video-preview:-1"},"canonical":"https:\/\/www.vita-explorers.dk\/blog\/laese- og skrivefaerdigheder-uddannelse-kompetenceudvikling-humanitaer-uddannelse-vita\/","og_locale":"da_DK","og_type":"article","og_title":"L\u00e6se- og skriveundervisning samt kompetenceudvikling","og_description":"D\u00e9couvrez l'importance de l'alphab\u00e9tisation dans le d\u00e9veloppement des comp\u00e9tences et l'\u00e9galit\u00e9 des chances pour tous.","og_url":"https:\/\/www.vita-explorers.dk\/blog\/laese- og skrivefaerdigheder-uddannelse-kompetenceudvikling-humanitaer-uddannelse-vita\/","og_site_name":"VITA Explorers Blog","article_publisher":"https:\/\/www.facebook.com\/globalong","article_published_time":"2018-09-07T15:40:54+00:00","article_modified_time":"2025-10-29T16:11:40+00:00","og_image":[{"width":1280,"height":720,"url":"https:\/\/www.vita-explorers.dk\/blog\/wp-content\/uploads\/2018\/09\/B\u00e9n\u00e9volat-international-avec-des-enfants-en-Inde-du-Sud-Globalong-min.jpg","type":"image\/jpeg"}],"author":"VITA Tribe","twitter_card":"summary_large_image","twitter_misc":{"Skrevet af":"VITA Tribe","Estimeret l\u00e6setid":"2 minutter"},"schema":{"@context":"https:\/\/schema.org","@graph":[{"@type":"Article","@id":"https:\/\/www.vita-explorers.dk\/blog\/laese- og skrivefaerdigheder-uddannelse-kompetenceudvikling-humanitaer-uddannelse-vita\/#article","isPartOf":{"@id":"https:\/\/www.vita-explorers.dk\/blog\/laese- og skrivefaerdigheder-uddannelse-kompetenceudvikling-humanitaer-uddannelse-vita\/"},"author":{"name":"VITA Tribe","@id":"https:\/\/www.vita-explorers.dk\/blog\/#\/schema\/person\/d7df267b64f23018d1dc519e78fb2735"},"headline":"L\u00e6se- og skriveundervisning samt kompetenceudvikling","datePublished":"2018-09-07T15:40:54+00:00","dateModified":"2025-10-29T16:11:40+00:00","mainEntityOfPage":{"@id":"https:\/\/www.vita-explorers.dk\/blog\/laese- og skrivefaerdigheder-uddannelse-kompetenceudvikling-humanitaer-uddannelse-vita\/"},"wordCount":159,"commentCount":0,"publisher":{"@id":"https:\/\/www.vita-explorers.dk\/blog\/#organization"},"image":{"@id":"https:\/\/www.vita-explorers.dk\/blog\/laese- og skrivefaerdigheder-uddannelse-kompetenceudvikling-humanitaer-uddannelse-vita\/#primaryimage"},"thumbnailUrl":"https:\/\/www.vita-explorers.dk\/blog\/wp-content\/uploads\/2018\/09\/B\u00e9n\u00e9volat-international-avec-des-enfants-en-Inde-du-Sud-Globalong-min.jpg","keywords":["alphab\u00e9tisation","Ecole","\u00e9ducation","humanitaire","mission"],"articleSection":["Humanit\u00e6rt frivilligt arbejde","No Name","Nyheder","VITA Explorers"],"inLanguage":"da-DK","potentialAction":[{"@type":"CommentAction","name":"Comment","target":["https:\/\/www.vita-explorers.dk\/blog\/laese- og skrivefaerdigheder-uddannelse-kompetenceudvikling-humanitaer-uddannelse-vita\/#respond"]}]},{"@type":"WebPage","@id":"https:\/\/www.vita-explorers.dk\/blog\/laese- og skrivefaerdigheder-uddannelse-kompetenceudvikling-humanitaer-uddannelse-vita\/","url":"https:\/\/www.vita-explorers.dk\/blog\/laese- og skrivefaerdigheder-uddannelse-kompetenceudvikling-humanitaer-uddannelse-vita\/","name":"L\u00e6se- og skriveundervisning og kompetenceudvikling - VITA Explorers Blog","isPartOf":{"@id":"https:\/\/www.vita-explorers.dk\/blog\/#website"},"primaryImageOfPage":{"@id":"https:\/\/www.vita-explorers.dk\/blog\/laese- og skrivefaerdigheder-uddannelse-kompetenceudvikling-humanitaer-uddannelse-vita\/#primaryimage"},"image":{"@id":"https:\/\/www.vita-explorers.dk\/blog\/laese- og skrivefaerdigheder-uddannelse-kompetenceudvikling-humanitaer-uddannelse-vita\/#primaryimage"},"thumbnailUrl":"https:\/\/www.vita-explorers.dk\/blog\/wp-content\/uploads\/2018\/09\/B\u00e9n\u00e9volat-international-avec-des-enfants-en-Inde-du-Sud-Globalong-min.jpg","datePublished":"2018-09-07T15:40:54+00:00","dateModified":"2025-10-29T16:11:40+00:00","description":"D\u00e9couvrez l'importance de l'alphab\u00e9tisation dans le d\u00e9veloppement des comp\u00e9tences et l'\u00e9galit\u00e9 des chances pour tous.","breadcrumb":{"@id":"https:\/\/www.vita-explorers.dk\/blog\/laese- og skrivefaerdigheder-uddannelse-kompetenceudvikling-humanitaer-uddannelse-vita\/#breadcrumb"},"inLanguage":"da-DK","potentialAction":[{"@type":"ReadAction","target":["https:\/\/www.vita-explorers.dk\/blog\/laese- og skrivefaerdigheder-uddannelse-kompetenceudvikling-humanitaer-uddannelse-vita\/"]}]},{"@type":"ImageObject","inLanguage":"da-DK","@id":"https:\/\/www.vita-explorers.dk\/blog\/laese- og skrivefaerdigheder-uddannelse-kompetenceudvikling-humanitaer-uddannelse-vita\/#primaryimage","url":"https:\/\/www.vita-explorers.dk\/blog\/wp-content\/uploads\/2018\/09\/B\u00e9n\u00e9volat-international-avec-des-enfants-en-Inde-du-Sud-Globalong-min.jpg","contentUrl":"https:\/\/www.vita-explorers.dk\/blog\/wp-content\/uploads\/2018\/09\/B\u00e9n\u00e9volat-international-avec-des-enfants-en-Inde-du-Sud-Globalong-min.jpg","width":1280,"height":720,"caption":"B\u00e9n\u00e9volat avec les enfants en Inde"},{"@type":"BreadcrumbList","@id":"https:\/\/www.vita-explorers.dk\/blog\/laese- og skrivefaerdigheder-uddannelse-kompetenceudvikling-humanitaer-uddannelse-vita\/#breadcrumb","itemListElement":[{"@type":"ListItem","position":1,"name":"Accueil","item":"https:\/\/www.vita-explorers.dk\/blog\/"},{"@type":"ListItem","position":2,"name":"L\u00e6se- og skriveundervisning samt kompetenceudvikling"}]},{"@type":"WebSite","@id":"https:\/\/www.vita-explorers.dk\/blog\/#website","url":"https:\/\/www.vita-explorers.dk\/blog\/","name":"Association Globalong","description":"Frivilligt arbejde, sprogophold, praktik i udlandet og internationale oplevelser","publisher":{"@id":"https:\/\/www.vita-explorers.dk\/blog\/#organization"},"potentialAction":[{"@type":"SearchAction","target":{"@type":"EntryPoint","urlTemplate":"https:\/\/www.vita-explorers.dk\/blog\/?s={search_term_string}"},"query-input":{"@type":"PropertyValueSpecification","valueRequired":true,"valueName":"search_term_string"}}],"inLanguage":"da-DK"},{"@type":"Organization","@id":"https:\/\/www.vita-explorers.dk\/blog\/#organization","name":"Association Globalong","url":"https:\/\/www.vita-explorers.dk\/blog\/","logo":{"@type":"ImageObject","inLanguage":"da-DK","@id":"https:\/\/www.vita-explorers.dk\/blog\/#\/schema\/logo\/image\/","url":"https:\/\/www.globalong.com\/blog\/wp-content\/uploads\/2014\/11\/cropped-cropped-Logo-et-Afrique-Globalong-petite-taille-2.jpg","contentUrl":"https:\/\/www.globalong.com\/blog\/wp-content\/uploads\/2014\/11\/cropped-cropped-Logo-et-Afrique-Globalong-petite-taille-2.jpg","width":512,"height":512,"caption":"Association Globalong"},"image":{"@id":"https:\/\/www.vita-explorers.dk\/blog\/#\/schema\/logo\/image\/"},"sameAs":["https:\/\/www.facebook.com\/globalong"]},{"@type":"Person","@id":"https:\/\/www.vita-explorers.dk\/blog\/#\/schema\/person\/d7df267b64f23018d1dc519e78fb2735","name":"VITA Tribe","image":{"@type":"ImageObject","inLanguage":"da-DK","@id":"https:\/\/www.vita-explorers.dk\/blog\/#\/schema\/person\/image\/","url":"https:\/\/secure.gravatar.com\/avatar\/81461bcc213d0ff2bdc043d4206648f0?s=96&d=mm&r=g","contentUrl":"https:\/\/secure.gravatar.com\/avatar\/81461bcc213d0ff2bdc043d4206648f0?s=96&d=mm&r=g","caption":"VITA Tribe"},"sameAs":["https:\/\/www.globalong.com"],"url":"https:\/\/www.vita-explorers.dk\/blog\/author\/sophie\/"}]}},"_links":{"self":[{"href":"https:\/\/www.vita-explorers.dk\/blog\/wp-json\/wp\/v2\/posts\/11033"}],"collection":[{"href":"https:\/\/www.vita-explorers.dk\/blog\/wp-json\/wp\/v2\/posts"}],"about":[{"href":"https:\/\/www.vita-explorers.dk\/blog\/wp-json\/wp\/v2\/types\/post"}],"author":[{"embeddable":true,"href":"https:\/\/www.vita-explorers.dk\/blog\/wp-json\/wp\/v2\/users\/1"}],"replies":[{"embeddable":true,"href":"https:\/\/www.vita-explorers.dk\/blog\/wp-json\/wp\/v2\/comments?post=11033"}],"version-history":[{"count":7,"href":"https:\/\/www.vita-explorers.dk\/blog\/wp-json\/wp\/v2\/posts\/11033\/revisions"}],"predecessor-version":[{"id":22185,"href":"https:\/\/www.vita-explorers.dk\/blog\/wp-json\/wp\/v2\/posts\/11033\/revisions\/22185"}],"wp:featuredmedia":[{"embeddable":true,"href":"https:\/\/www.vita-explorers.dk\/blog\/wp-json\/wp\/v2\/media\/11034"}],"wp:attachment":[{"href":"https:\/\/www.vita-explorers.dk\/blog\/wp-json\/wp\/v2\/media?parent=11033"}],"wp:term":[{"taxonomy":"category","embeddable":true,"href":"https:\/\/www.vita-explorers.dk\/blog\/wp-json\/wp\/v2\/categories?post=11033"},{"taxonomy":"post_tag","embeddable":true,"href":"https:\/\/www.vita-explorers.dk\/blog\/wp-json\/wp\/v2\/tags?post=11033"}],"curies":[{"name":"wp","href":"https:\/\/api.w.org\/{rel}","templated":true}]}}