{"id":11775,"date":"2018-10-16T18:19:27","date_gmt":"2018-10-16T16:19:27","guid":{"rendered":"https:\/\/www.globalong.com\/blog\/?p=11775"},"modified":"2025-09-08T18:52:38","modified_gmt":"2025-09-08T16:52:38","slug":"humanitaert-praktikophold-rejse-udlandsophold-for-unge-danskere-internationalt","status":"publish","type":"post","link":"https:\/\/www.vita-explorers.dk\/blog\/humanitaert-praktikophold-rejse-udlandsophold-for-unge-danskere-internationalt\/","title":{"rendered":"Humanit\u00e6rt engagement: De fleste 18-30-\u00e5rige dr\u00f8mmer om at g\u00f8re en forskel"},"content":{"rendered":"<div class=\"ti-widget ti-goog\" data-layout-id=\"4\" data-set-id=\"light-background\" data-pid=\"\" data-language=\"fr\" data-version=\"2\" data-review-target-width=\"300\" data-review-text-mode=\"readmore\" data-pager-autoplay-timeout=\"6\" > <div class=\"ti-widget-container ti-col-3\"> <div class=\"ti-reviews-container\"> <div class=\"ti-controls\"> <div class=\"ti-next\" aria-label=\"Avis suivante\" role=\"button\"><\/div> <div class=\"ti-prev\" aria-label=\"Avis pr\u00e9c\u00e9dent\" role=\"button\"><\/div> <\/div> <div class=\"ti-reviews-container-wrapper\">  <div data-empty=\"0\" class=\"ti-review-item source-Google ti-image-layout-thumbnail\" data-id=\"cfcd208495d565ef66e7dff9f98764da\" > <div class=\"ti-inner\"> <div class=\"ti-review-header\"> <div class=\"ti-profile-img\"> <img decoding=\"async\" src=\"https:\/\/lh3.googleusercontent.com\/a\/ACg8ocKpaoKe37CD0_POxO97KqB60GsWQRsIuG2vmCfXT-W_FY44vw=s120-c-rp-mo-br100\" srcset=\"https:\/\/lh3.googleusercontent.com\/a\/ACg8ocKpaoKe37CD0_POxO97KqB60GsWQRsIuG2vmCfXT-W_FY44vw=s120-c-rp-mo-br100 2x\" alt=\"Lucie Correia\" loading=\"lazy\" \/> <\/div> <div class=\"ti-profile-details\"> <div class=\"ti-name\"> Lucie Correia <\/div> <div class=\"ti-date\">2024-10-17<\/div> <\/div> <\/div> <span class=\"ti-stars\"><span class=\"ti-star f\"><\/span><span class=\"ti-star f\"><\/span><span class=\"ti-star f\"><\/span><span class=\"ti-star f\"><\/span><span class=\"ti-star f\"><\/span><\/span> <div class=\"ti-review-text-container ti-review-content\"><!-- R-CONTENT -->La communication avec Globalong est super, personnes tr\u00e8s pr\u00e9sentes pour les b\u00e9n\u00e9voles et \u00e9tudiants partant avec cette association. Elles r\u00e9pondent \u00e0 toutes nos questions et sont tr\u00e8s accessibles au t\u00e9l\u00e9phone.<!-- R-CONTENT --><\/div> <span class=\"ti-read-more\" data-container=\".ti-review-content\" data-collapse-text=\"Cacher\" data-open-text=\"Lire la suite\" ><\/span> <\/div> <\/div>  <div data-empty=\"0\" class=\"ti-review-item source-Google ti-image-layout-thumbnail\" data-id=\"cfcd208495d565ef66e7dff9f98764da\" > <div class=\"ti-inner\"> <div class=\"ti-review-header\"> <div class=\"ti-profile-img\"> <img decoding=\"async\" src=\"https:\/\/lh3.googleusercontent.com\/a-\/ALV-UjWqnnzM7-7c9BDqeTDF-a7pOgNjvLkJ3WshRd_Tn7z0Eu-AGQwo=s120-c-rp-mo-br100\" srcset=\"https:\/\/lh3.googleusercontent.com\/a-\/ALV-UjWqnnzM7-7c9BDqeTDF-a7pOgNjvLkJ3WshRd_Tn7z0Eu-AGQwo=s120-c-rp-mo-br100 2x\" alt=\"Ra\u00efssa Frisch\" loading=\"lazy\" \/> <\/div> <div class=\"ti-profile-details\"> <div class=\"ti-name\"> Ra\u00efssa Frisch <\/div> <div class=\"ti-date\">2024-10-14<\/div> <\/div> <\/div> <span class=\"ti-stars\"><span class=\"ti-star f\"><\/span><span class=\"ti-star f\"><\/span><span class=\"ti-star f\"><\/span><span class=\"ti-star f\"><\/span><span class=\"ti-star f\"><\/span><\/span> <div class=\"ti-review-text-container ti-review-content\"><!-- R-CONTENT -->J\u2019ai d\u00e9j\u00e0 eu l\u2019opportunit\u00e9 de r\u00e9aliser deux projets humanitaires avec l\u2019association Globalong. Je ne peux que la recommander, car j\u2019ai toujours b\u00e9n\u00e9fici\u00e9 d\u2019un excellent accompagnement, aussi bien avant que pendant le voyage. On ne vous laisse pas vous d\u00e9brouiller seuls, bien au contraire, vous \u00eates tr\u00e8s bien encadr\u00e9s pour accomplir toutes les d\u00e9marches dans les d\u00e9lais.\n\nAu-del\u00e0 du suivi, les exp\u00e9riences humanitaires propos\u00e9es par Globalong ne peuvent que transformer votre vie de mani\u00e8re positive. Elles vous apportent une richesse humaine inestimable.<!-- R-CONTENT --><\/div> <span class=\"ti-read-more\" data-container=\".ti-review-content\" data-collapse-text=\"Cacher\" data-open-text=\"Lire la suite\" ><\/span> <\/div> <\/div>  <div data-empty=\"0\" class=\"ti-review-item source-Google ti-image-layout-thumbnail\" data-id=\"cfcd208495d565ef66e7dff9f98764da\" > <div class=\"ti-inner\"> <div class=\"ti-review-header\"> <div class=\"ti-profile-img\"> <img decoding=\"async\" src=\"https:\/\/lh3.googleusercontent.com\/a\/ACg8ocJL-Dxv25YkXK2QwWPNRxTVqZCv5uTmDQDFg5qslKra3vRZew=s120-c-rp-mo-br100\" srcset=\"https:\/\/lh3.googleusercontent.com\/a\/ACg8ocJL-Dxv25YkXK2QwWPNRxTVqZCv5uTmDQDFg5qslKra3vRZew=s120-c-rp-mo-br100 2x\" alt=\"Tara Turan\" loading=\"lazy\" \/> <\/div> <div class=\"ti-profile-details\"> <div class=\"ti-name\"> Tara Turan <\/div> <div class=\"ti-date\">2024-10-14<\/div> <\/div> <\/div> <span class=\"ti-stars\"><span class=\"ti-star f\"><\/span><span class=\"ti-star f\"><\/span><span class=\"ti-star f\"><\/span><span class=\"ti-star f\"><\/span><span class=\"ti-star f\"><\/span><\/span> <div class=\"ti-review-text-container ti-review-content\"><!-- R-CONTENT -->Une des meilleures associations que j\u2019ai pu faire !\nUne organisation et un suivi vraiment parfait, c\u2019est avec grand plaisir que je referai un projet avec eux.<!-- R-CONTENT --><\/div> <span class=\"ti-read-more\" data-container=\".ti-review-content\" data-collapse-text=\"Cacher\" data-open-text=\"Lire la suite\" ><\/span> <\/div> <\/div>  <div data-empty=\"0\" class=\"ti-review-item source-Google ti-image-layout-thumbnail\" data-id=\"cfcd208495d565ef66e7dff9f98764da\" > <div class=\"ti-inner\"> <div class=\"ti-review-header\"> <div class=\"ti-profile-img\"> <img decoding=\"async\" src=\"https:\/\/lh3.googleusercontent.com\/a\/ACg8ocLctTPNovSk3eKM0b_MIPOfcFEQsz2135Cdu59_BWRVsIYC7Q=s120-c-rp-mo-br100\" srcset=\"https:\/\/lh3.googleusercontent.com\/a\/ACg8ocLctTPNovSk3eKM0b_MIPOfcFEQsz2135Cdu59_BWRVsIYC7Q=s120-c-rp-mo-br100 2x\" alt=\"Repiquet Julie\" loading=\"lazy\" \/> <\/div> <div class=\"ti-profile-details\"> <div class=\"ti-name\"> Repiquet Julie <\/div> <div class=\"ti-date\">2024-10-13<\/div> <\/div> <\/div> <span class=\"ti-stars\"><span class=\"ti-star f\"><\/span><span class=\"ti-star f\"><\/span><span class=\"ti-star f\"><\/span><span class=\"ti-star f\"><\/span><span class=\"ti-star f\"><\/span><\/span> <div class=\"ti-review-text-container ti-review-content\"><!-- R-CONTENT -->Tr\u00e8s bon accompagnement de la part de Globalong, du premier jour avec toutes mes interrogations, jusqu'au d\u00e9part dans quelques jours. Le dossier transmis apr\u00e8s validation de la mission est plus que complet, les webmaster tr\u00e8s int\u00e9ressantes et permettent de d\u00e9charger mentalement ce genre de pr\u00e9paration, tout est pr\u00e9vu il n'y a plus qu'\u00e0 suivre ! Merci \u00e0 Florence de r\u00e9pondre \u00e0 toutes mes questions avec gentillesse et bienveillance, cela m'a permis de passer le cap!\nMaintenant, il n'y a plus qu'\u00e0 \ud83d\ude00<!-- R-CONTENT --><\/div> <span class=\"ti-read-more\" data-container=\".ti-review-content\" data-collapse-text=\"Cacher\" data-open-text=\"Lire la suite\" ><\/span> <\/div> <\/div>  <div data-empty=\"0\" class=\"ti-review-item source-Google ti-image-layout-thumbnail\" data-id=\"cfcd208495d565ef66e7dff9f98764da\" > <div class=\"ti-inner\"> <div class=\"ti-review-header\"> <div class=\"ti-profile-img\"> <img decoding=\"async\" src=\"https:\/\/lh3.googleusercontent.com\/a\/ACg8ocJJTdmTWs8nAA0yuH_cKOUgzc6GFAkHBiXhpnnVYXaWMBZsHw=s120-c-rp-mo-br100\" srcset=\"https:\/\/lh3.googleusercontent.com\/a\/ACg8ocJJTdmTWs8nAA0yuH_cKOUgzc6GFAkHBiXhpnnVYXaWMBZsHw=s120-c-rp-mo-br100 2x\" alt=\"Marine Guilhamat\" loading=\"lazy\" \/> <\/div> <div class=\"ti-profile-details\"> <div class=\"ti-name\"> Marine Guilhamat <\/div> <div class=\"ti-date\">2024-10-09<\/div> <\/div> <\/div> <span class=\"ti-stars\"><span class=\"ti-star f\"><\/span><span class=\"ti-star f\"><\/span><span class=\"ti-star f\"><\/span><span class=\"ti-star f\"><\/span><span class=\"ti-star f\"><\/span><\/span> <div class=\"ti-review-text-container ti-review-content\"><!-- R-CONTENT -->Tr\u00e8s belle association qui offre un cadre super s\u00e9curisant et permet de s\u2019investir dans des projets qui ont du sens. Merci \u00e0 l\u2019\u00e9quipe Globalong pour votre disponibilit\u00e9, gentillesse et accompagnement !<!-- R-CONTENT --><\/div> <span class=\"ti-read-more\" data-container=\".ti-review-content\" data-collapse-text=\"Cacher\" data-open-text=\"Lire la suite\" ><\/span> <\/div> <\/div>  <div data-empty=\"0\" class=\"ti-review-item source-Google ti-image-layout-thumbnail\" data-id=\"cfcd208495d565ef66e7dff9f98764da\" > <div class=\"ti-inner\"> <div class=\"ti-review-header\"> <div class=\"ti-profile-img\"> <img decoding=\"async\" src=\"https:\/\/lh3.googleusercontent.com\/a\/ACg8ocIgITHXKo46qgJyPqlJeAcxz11gCKUJpGIk2qauiIe2O3iZ6w=s120-c-rp-mo-br100\" srcset=\"https:\/\/lh3.googleusercontent.com\/a\/ACg8ocIgITHXKo46qgJyPqlJeAcxz11gCKUJpGIk2qauiIe2O3iZ6w=s120-c-rp-mo-br100 2x\" alt=\"Laura Mercier\" loading=\"lazy\" \/> <\/div> <div class=\"ti-profile-details\"> <div class=\"ti-name\"> Laura Mercier <\/div> <div class=\"ti-date\">2024-10-08<\/div> <\/div> <\/div> <span class=\"ti-stars\"><span class=\"ti-star f\"><\/span><span class=\"ti-star f\"><\/span><span class=\"ti-star f\"><\/span><span class=\"ti-star f\"><\/span><span class=\"ti-star f\"><\/span><\/span> <div class=\"ti-review-text-container ti-review-content\"><!-- R-CONTENT -->Mon d\u00e9part approche, je pars dans une semaine, et depuis le d\u00e9but de mon inscription je suis tr\u00e8s satisfaite du suivi effectu\u00e9 par l\u2019association. Ils sont tr\u00e8s disponibles et r\u00e9pondent rapidement \u00e0 l\u2019ensemble des questions. Je suis tr\u00e8s contente de partir faire cette mission humanitaire encadr\u00e9e par cette association. Je recommande vraiment.<!-- R-CONTENT --><\/div> <span class=\"ti-read-more\" data-container=\".ti-review-content\" data-collapse-text=\"Cacher\" data-open-text=\"Lire la suite\" ><\/span> <\/div> <\/div>  <div data-empty=\"0\" class=\"ti-review-item source-Google ti-image-layout-thumbnail\" data-id=\"cfcd208495d565ef66e7dff9f98764da\" > <div class=\"ti-inner\"> <div class=\"ti-review-header\"> <div class=\"ti-profile-img\"> <img decoding=\"async\" src=\"https:\/\/lh3.googleusercontent.com\/a-\/ALV-UjVVr0YMQhXl8QNEEB32l-rnoaYwvRZUjIEX9OEwPE_1fQwzIyk=s120-c-rp-mo-br100\" srcset=\"https:\/\/lh3.googleusercontent.com\/a-\/ALV-UjVVr0YMQhXl8QNEEB32l-rnoaYwvRZUjIEX9OEwPE_1fQwzIyk=s120-c-rp-mo-br100 2x\" alt=\"Anouk Rzkt\" loading=\"lazy\" \/> <\/div> <div class=\"ti-profile-details\"> <div class=\"ti-name\"> Anouk Rzkt <\/div> <div class=\"ti-date\">2024-10-02<\/div> <\/div> <\/div> <span class=\"ti-stars\"><span class=\"ti-star f\"><\/span><span class=\"ti-star f\"><\/span><span class=\"ti-star f\"><\/span><span class=\"ti-star f\"><\/span><span class=\"ti-star f\"><\/span><\/span> <div class=\"ti-review-text-container ti-review-content\"><!-- R-CONTENT -->Globalong est l'association parfaite. L'\u00e9quipe offre un v\u00e9ritable accompagnement rythm\u00e9 par beaucoup de conseils et d'\u00e9coute. Le site est tr\u00e8s bien fait avec des dossiers complets allant des sujets tr\u00e8s pratiques a d'autres plus th\u00e9oriques (tels que le choc culturel par exemple). Je recommande vivement et remercie sinc\u00e8rement toute l'\u00e9quipe pour leur gentillesse et investissement !<!-- R-CONTENT --><\/div> <span class=\"ti-read-more\" data-container=\".ti-review-content\" data-collapse-text=\"Cacher\" data-open-text=\"Lire la suite\" ><\/span> <\/div> <\/div>  <\/div> <div class=\"ti-controls-line\"> <div class=\"dot\"><\/div> <\/div> <\/div> <div class=\"ti-footer\"> <div class=\"ti-rating-text\"> <span class=\"nowrap\">\u00c9valuation <strong>Google<\/strong> : <\/span><span class=\"nowrap\"><strong>4.8<\/strong> sur 5, <\/span><span class=\"nowrap\">Bas\u00e9e sur <strong>240 avis<\/strong><\/span> <\/div> <\/div>  <\/div> <\/div> \n<p style=\"text-align: center;\"><span style=\"color: #b81657;\"><strong>If\u00f8lge en nyere unders\u00f8gelse dr\u00f8mmer de fleste unge franskm\u00e6nd om at rejse og deltage i et program i udlandet!<\/strong><\/span><\/p>\n<p style=\"text-align: justify;\"><strong><a href=\"https:\/\/www.vita-explorers.dk\/blog\/wp-content\/uploads\/2018\/10\/de\u0301part-ae\u0301roport-GlobAlong-min.jpg\"><img loading=\"lazy\" decoding=\"async\" class=\"wp-image-11783 size-medium aligncenter\" src=\"https:\/\/www.vita-explorers.dk\/blog\/wp-content\/uploads\/2018\/10\/de\u0301part-ae\u0301roport-GlobAlong-min-300x169.jpg\" alt=\"\" width=\"300\" height=\"169\" srcset=\"https:\/\/www.vita-explorers.dk\/blog\/wp-content\/uploads\/2018\/10\/de\u0301part-ae\u0301roport-GlobAlong-min-300x169.jpg 300w, https:\/\/www.vita-explorers.dk\/blog\/wp-content\/uploads\/2018\/10\/de\u0301part-ae\u0301roport-GlobAlong-min-768x431.jpg 768w, https:\/\/www.vita-explorers.dk\/blog\/wp-content\/uploads\/2018\/10\/de\u0301part-ae\u0301roport-GlobAlong-min-1024x575.jpg 1024w, https:\/\/www.vita-explorers.dk\/blog\/wp-content\/uploads\/2018\/10\/de\u0301part-ae\u0301roport-GlobAlong-min-150x84.jpg 150w, https:\/\/www.vita-explorers.dk\/blog\/wp-content\/uploads\/2018\/10\/de\u0301part-ae\u0301roport-GlobAlong-min.jpg 1440w\" sizes=\"(max-width: 300px) 100vw, 300px\" \/><\/a>Unders\u00f8gelsen blev gennemf\u00f8rt online blandt 769 franskm\u00e6nd i alderen 18\u201330 \u00e5r i september 2018.<\/strong><\/p>\n<p style=\"text-align: justify;\">Resultaterne viser, at <strong>54% af de adspurgte gerne vil <a href=\"https:\/\/www.vita-explorers.dk\/blog\/de-problemer-ved-humanitaert-frivilligt-arbejde-i-udlandet-svindel-serios-anmeldelser-vita\/\" target=\"_blank\" rel=\"noopener\"><span style=\"text-decoration: underline; color: #b81657;\">rejse med et socialt form\u00e5l<\/span><\/a> og engagere sig i et <a href=\"https:\/\/www.vita-explorers.dk\/frivilligt-arbejde\/\" target=\"_blank\" rel=\"noopener\"><span style=\"text-decoration: underline;\"><span style=\"color: #b81657; text-decoration: underline;\">humanit\u00e6rt forl\u00f8b<\/span><\/span><\/a> eller et <a href=\"https:\/\/www.vita-explorers.dk\/blog\/dossiers-vita-ekstra-information-gode-rad-forskelle-sporgsmal-praktik-sprog-internationale-forlob-frivilligt-arbejde-sprogophold-udlandsophold-humanitaert-arbejde-projekt-sabbat\u00e5r\/charte-de-lecovolontariat\/\" target=\"_blank\" rel=\"noopener\"><span style=\"text-decoration: underline; color: #b81657;\">\u00f8ko-frivilligt projekt<\/span><\/a> internationalt, og <\/strong><strong>44% af dem vil gerne rejse ud for et <a href=\"https:\/\/www.vita-explorers.dk\/sprogophold\/\" target=\"_blank\" rel=\"noopener\"><span style=\"text-decoration: underline; color: #b81657;\">sprogophold<\/span><\/a><span style=\"text-decoration: underline;\">.<br \/>\n<a href=\"https:\/\/www.vita-explorers.dk\/blog\/wp-content\/uploads\/2018\/10\/Mission-de-b\u00e9n\u00e9volat-en-Afrique-avce-les-animaux-Globalong-1-min.jpg\"><img loading=\"lazy\" decoding=\"async\" class=\"size-medium wp-image-11788 aligncenter\" src=\"https:\/\/www.vita-explorers.dk\/blog\/wp-content\/uploads\/2018\/10\/Mission-de-b\u00e9n\u00e9volat-en-Afrique-avce-les-animaux-Globalong-1-min-300x225.jpg\" alt=\"\" width=\"300\" height=\"225\" srcset=\"https:\/\/www.vita-explorers.dk\/blog\/wp-content\/uploads\/2018\/10\/Mission-de-b\u00e9n\u00e9volat-en-Afrique-avce-les-animaux-Globalong-1-min-300x225.jpg 300w, https:\/\/www.vita-explorers.dk\/blog\/wp-content\/uploads\/2018\/10\/Mission-de-b\u00e9n\u00e9volat-en-Afrique-avce-les-animaux-Globalong-1-min-768x576.jpg 768w, https:\/\/www.vita-explorers.dk\/blog\/wp-content\/uploads\/2018\/10\/Mission-de-b\u00e9n\u00e9volat-en-Afrique-avce-les-animaux-Globalong-1-min-150x113.jpg 150w, https:\/\/www.vita-explorers.dk\/blog\/wp-content\/uploads\/2018\/10\/Mission-de-b\u00e9n\u00e9volat-en-Afrique-avce-les-animaux-Globalong-1-min.jpg 800w\" sizes=\"(max-width: 300px) 100vw, 300px\" \/><\/a><\/span><\/strong>Engelsktalende lande er blandt de mest popul\u00e6re destinationer for unge franskm\u00e6nd \u2013 med Canada, USA og Australien i toppen.<\/p>\n<p style=\"text-align: justify;\"><span style=\"color: #b81657;\"><strong>Er franskm\u00e6nd mere hjemmevante end deres europ\u00e6iske naboer?<\/strong><\/span><\/p>\n<p style=\"text-align: justify;\"><strong>Selvom de fleste unge i unders\u00f8gelsen dr\u00f8mmer om at rejse jorden rundt (75%), er det kun 26%, der allerede har v\u00e6ret p\u00e5 et l\u00e6ngere ophold i udlandet.<\/strong><\/p>\n<p style=\"text-align: justify;\"><strong>I andre europ\u00e6iske lande er unge generelt mere mobile\u2026 <\/strong><\/p>\n<p style=\"text-align: justify;\"><img loading=\"lazy\" decoding=\"async\" class=\"wp-image-11787 size-medium aligncenter\" src=\"https:\/\/www.vita-explorers.dk\/blog\/wp-content\/uploads\/2018\/10\/Vol1_turtle-2-min-300x204.jpg\" alt=\"\" width=\"300\" height=\"204\" srcset=\"https:\/\/www.vita-explorers.dk\/blog\/wp-content\/uploads\/2018\/10\/Vol1_turtle-2-min-300x204.jpg 300w, https:\/\/www.vita-explorers.dk\/blog\/wp-content\/uploads\/2018\/10\/Vol1_turtle-2-min-768x522.jpg 768w, https:\/\/www.vita-explorers.dk\/blog\/wp-content\/uploads\/2018\/10\/Vol1_turtle-2-min-1024x697.jpg 1024w, https:\/\/www.vita-explorers.dk\/blog\/wp-content\/uploads\/2018\/10\/Vol1_turtle-2-min-150x102.jpg 150w, https:\/\/www.vita-explorers.dk\/blog\/wp-content\/uploads\/2018\/10\/Vol1_turtle-2-min.jpg 1426w\" sizes=\"(max-width: 300px) 100vw, 300px\" \/><\/p>\n<p style=\"text-align: justify;\">Til sammenligning har udvandringen af studerende og unge p\u00e5 vej ind p\u00e5 arbejdsmarkedet i de seneste \u00e5r v\u00e6ret markant i middelhavslande som Gr\u00e6kenland, Spanien og Italien \u2013 som er blevet h\u00e5rdt ramt af den \u00f8konomiske krise.<br \/>\nI Nordeuropa er et \u201c<strong>gap year<\/strong>\u201d (et sabbat\u00e5r, som kan planl\u00e6gges f\u00f8r eller efter universitetsstudier) for mange et naturligt skridt ind i voksenlivet.<\/p>\n<p style=\"text-align: justify;\"><strong>Men i Frankrig er det ikke lige s\u00e5 almindeligt at tage til udlandet for at studere eller gennemf\u00f8re et <a href=\"https:\/\/www.vita-explorers.dk\/blog\/humanitaer-rejse-etudiant\/\" target=\"_blank\" rel=\"noopener\"><span style=\"text-decoration: underline; color: #b81657;\">praktikforl\u00f8b<\/span><\/a><\/strong>.<br \/>\n<a href=\"https:\/\/www.vita-explorers.dk\/blog\/wp-content\/uploads\/2018\/10\/Festival-5-min.jpg\"><img loading=\"lazy\" decoding=\"async\" class=\"size-medium wp-image-11794 aligncenter\" src=\"https:\/\/www.vita-explorers.dk\/blog\/wp-content\/uploads\/2018\/10\/Festival-5-min-300x212.jpg\" alt=\"\" width=\"300\" height=\"212\" srcset=\"https:\/\/www.vita-explorers.dk\/blog\/wp-content\/uploads\/2018\/10\/Festival-5-min-300x212.jpg 300w, https:\/\/www.vita-explorers.dk\/blog\/wp-content\/uploads\/2018\/10\/Festival-5-min-150x106.jpg 150w, https:\/\/www.vita-explorers.dk\/blog\/wp-content\/uploads\/2018\/10\/Festival-5-min.jpg 500w\" sizes=\"(max-width: 300px) 100vw, 300px\" \/><\/a><strong>F\u00e6nomenet<\/strong> \u201c<strong>gap year<\/strong>\u201d <strong>er stadig undtagelsen i Frankrig \u2013 p\u00e5 trods af de mange fordele<\/strong>: <strong><a href=\"https:\/\/www.vita-explorers.dk\/blog\/fremmedsprog-europaeiske-sprog-laering-kulturer-folk-udveksling\/\" target=\"_blank\" rel=\"noopener\"><span style=\"text-decoration: underline; color: #b81657;\">bedre sprogkundskaber<\/span><\/a>, <a href=\"https:\/\/www.vita-explorers.dk\/blog\/vita-institute-pas-til-frivilligt-arbejde-i-frankrig-frivillighed-deltagelse\/\" target=\"_blank\" rel=\"noopener\"><span style=\"text-decoration: underline; color: #b81657;\">erhvervserfaring fra udlandet<\/span><\/a>, livserfaring, <a href=\"https:\/\/www.vita-explorers.dk\/blog\/frivilligt-arbejde-i-organisationer-psykologiske-fordele-international-erfaring-i-udlandet\/\" target=\"_blank\" rel=\"noopener\"><span style=\"text-decoration: underline; color: #b81657;\">personlig udvikling<\/span><\/a>, st\u00f8rre udsyn<\/strong> osv.<\/p>\n<p style=\"text-align: justify;\">If\u00f8lge unders\u00f8gelsen t\u00f8ver unge franskm\u00e6nd is\u00e6r af <strong>\u00f8konomiske<\/strong> grunde. Alligevel <strong>findes der mange m\u00e5der at finansiere frivilligt arbejde i udlandet<\/strong> (udover de klassiske l\u00f8sninger som sm\u00e5jobs og opsparing).<br \/>\n<img loading=\"lazy\" decoding=\"async\" class=\"size-medium wp-image-11796 aligncenter\" src=\"https:\/\/www.vita-explorers.dk\/blog\/wp-content\/uploads\/2018\/10\/Equipe-b\u00e9n\u00e9voles-min-300x225.jpg\" alt=\"\" width=\"300\" height=\"225\" srcset=\"https:\/\/www.vita-explorers.dk\/blog\/wp-content\/uploads\/2018\/10\/Equipe-b\u00e9n\u00e9voles-min-300x225.jpg 300w, https:\/\/www.vita-explorers.dk\/blog\/wp-content\/uploads\/2018\/10\/Equipe-b\u00e9n\u00e9voles-min-768x576.jpg 768w, https:\/\/www.vita-explorers.dk\/blog\/wp-content\/uploads\/2018\/10\/Equipe-b\u00e9n\u00e9voles-min-150x113.jpg 150w, https:\/\/www.vita-explorers.dk\/blog\/wp-content\/uploads\/2018\/10\/Equipe-b\u00e9n\u00e9voles-min.jpg 960w\" sizes=\"(max-width: 300px) 100vw, 300px\" \/>Du kan for eksempel bruge <a href=\"https:\/\/www.vita-explorers.dk\/blog\/dossiers-vita-ekstra-information-gode-rad-forskelle-sporgsmal-praktik-sprog-internationale-forlob-frivilligt-arbejde-sprogophold-udlandsophold-humanitaert-arbejde-projekt-sabbat\u00e5r\/financer-son-projet-sejours-linguistiques-periode-de-benevolat-etranger-argent-collect-internet-distance-partenaires-volontaires-inde-afrique-amerique\/\" target=\"_blank\" rel=\"noopener\"><span style=\"text-decoration: underline; color: #b81657;\"><strong>online indsamlinger<\/strong><\/span><\/a> eller <strong>finde sponsorer, der vil st\u00f8tte din sag.<\/strong><\/p>\n<p style=\"text-align: justify;\">Hvis du har lyst til at <strong>tage en meningsfuld pause i livet<\/strong>, og <strong>frivilligt engagement<\/strong> motiverer dig, er du velkommen til at kontakte os p\u00e5 <a href=\"mailto:info@globalong.com\" target=\"_blank\" rel=\"noopener\"><span style=\"color: #b81657;\"><strong><span style=\"text-decoration: underline;\">info@globalong.com<\/span><\/strong><\/span><\/a>.<\/p>\n<p>\u00a0<\/p>\n<p style=\"text-align: center;\"><a href=\"https:\/\/www.vita-explorers.dk\/frivilligt-arbejde\/\" target=\"_blank\" rel=\"noopener\"><span style=\"text-decoration: underline; color: #b81657;\"><strong>Jeg vil gerne vide mere om frivillige forl\u00f8b internationalt!<\/strong><\/span><\/a><\/p>\n<p style=\"text-align: center;\"><a href=\"https:\/\/www.vita-explorers.dk\/sprogophold\/\" target=\"_blank\" rel=\"noopener\"><span style=\"text-decoration: underline; color: #b81657;\"><strong>Jeg vil gerne vide mere om sprogophold i udlandet!<\/strong><\/span><\/a><\/p>\n<p style=\"text-align: center;\"><a href=\"https:\/\/www.vita-explorers.dk\/association-globalong.html\" target=\"_blank\" rel=\"noopener\"><span style=\"text-decoration: underline; color: #b81657;\"><strong>VITA Institute<\/strong><\/span><\/a><\/p>\n<p style=\"text-align: justify;\"><span style=\"font-size: 8pt;\">Kilde: Unders\u00f8gelse gennemf\u00f8rt af Opinion Way<\/span><\/p>\n<p style=\"text-align: justify;\"><span style=\"font-size: 8pt;\">Billederne er kun vejledende<\/span><\/p>\n","protected":false},"excerpt":{"rendered":"<p>If\u00f8lge en nyere unders\u00f8gelse dr\u00f8mmer de fleste unge franskm\u00e6nd om at rejse og deltage i et program i udlandet! Unders\u00f8gelsen blev gennemf\u00f8rt online blandt\u2026<\/p>\n","protected":false},"author":1,"featured_media":11782,"comment_status":"open","ping_status":"open","sticky":false,"template":"","format":"standard","meta":{"footnotes":""},"categories":[8,1,6,3,5,4],"tags":[17,620,147,149,243,81,22,380,325,225,15],"yoast_head":"<!-- This site is optimized with the Yoast SEO Premium plugin v23.4 (Yoast SEO v23.4) - https:\/\/yoast.com\/wordpress\/plugins\/seo\/ -->\n<title>Humanit\u00e6rt engagement: De fleste 18-30-\u00e5rige dr\u00f8mmer om at g\u00f8re en forskel - VITA Explorers Blog<\/title>\n<meta name=\"robots\" content=\"index, follow, max-snippet:-1, max-image-preview:large, max-video-preview:-1\" \/>\n<link rel=\"canonical\" href=\"https:\/\/www.vita-explorers.dk\/blog\/humanitaert-praktikophold-rejse-udlandsophold-for-unge-danskere-internationalt\/\" \/>\n<meta property=\"og:locale\" content=\"da_DK\" \/>\n<meta property=\"og:type\" content=\"article\" \/>\n<meta property=\"og:title\" content=\"Humanit\u00e6rt engagement: De fleste 18-30-\u00e5rige dr\u00f8mmer om at g\u00f8re en forskel\" \/>\n<meta property=\"og:description\" content=\"If\u00f8lge en nyere unders\u00f8gelse dr\u00f8mmer de fleste unge franskm\u00e6nd om at rejse og deltage i et program i udlandet! Unders\u00f8gelsen blev gennemf\u00f8rt online blandt\u2026\" \/>\n<meta property=\"og:url\" content=\"https:\/\/www.vita-explorers.dk\/blog\/humanitaert-praktikophold-rejse-udlandsophold-for-unge-danskere-internationalt\/\" \/>\n<meta property=\"og:site_name\" content=\"VITA Explorers Blog\" \/>\n<meta property=\"article:publisher\" content=\"https:\/\/www.facebook.com\/globalong\" \/>\n<meta property=\"article:published_time\" content=\"2018-10-16T16:19:27+00:00\" \/>\n<meta property=\"article:modified_time\" content=\"2025-09-08T16:52:38+00:00\" \/>\n<meta property=\"og:image\" content=\"https:\/\/www.vita-explorers.dk\/blog\/wp-content\/uploads\/2018\/10\/Arriv\u00e9e-des-b\u00e9n\u00e9voles-Globalong-afrique-min.jpg\" \/>\n\t<meta property=\"og:image:width\" content=\"960\" \/>\n\t<meta property=\"og:image:height\" content=\"720\" \/>\n\t<meta property=\"og:image:type\" content=\"image\/jpeg\" \/>\n<meta name=\"author\" content=\"VITA Tribe\" \/>\n<meta name=\"twitter:card\" content=\"summary_large_image\" \/>\n<meta name=\"twitter:label1\" content=\"Skrevet af\" \/>\n\t<meta name=\"twitter:data1\" content=\"VITA Tribe\" \/>\n\t<meta name=\"twitter:label2\" content=\"Estimeret l\u00e6setid\" \/>\n\t<meta name=\"twitter:data2\" content=\"4 minutter\" \/>\n<script type=\"application\/ld+json\" class=\"yoast-schema-graph\">{\"@context\":\"https:\/\/schema.org\",\"@graph\":[{\"@type\":\"Article\",\"@id\":\"https:\/\/www.vita-explorers.dk\/blog\/humanitaert-praktikophold-rejse-udlandsophold-for-unge-danskere-internationalt\/#article\",\"isPartOf\":{\"@id\":\"https:\/\/www.vita-explorers.dk\/blog\/humanitaert-praktikophold-rejse-udlandsophold-for-unge-danskere-internationalt\/\"},\"author\":{\"name\":\"VITA Tribe\",\"@id\":\"https:\/\/www.vita-explorers.dk\/blog\/#\/schema\/person\/d7df267b64f23018d1dc519e78fb2735\"},\"headline\":\"Humanit\u00e6rt engagement: De fleste 18-30-\u00e5rige dr\u00f8mmer om at g\u00f8re en forskel\",\"datePublished\":\"2018-10-16T16:19:27+00:00\",\"dateModified\":\"2025-09-08T16:52:38+00:00\",\"mainEntityOfPage\":{\"@id\":\"https:\/\/www.vita-explorers.dk\/blog\/humanitaert-praktikophold-rejse-udlandsophold-for-unge-danskere-internationalt\/\"},\"wordCount\":389,\"commentCount\":0,\"publisher\":{\"@id\":\"https:\/\/www.vita-explorers.dk\/blog\/#organization\"},\"image\":{\"@id\":\"https:\/\/www.vita-explorers.dk\/blog\/humanitaert-praktikophold-rejse-udlandsophold-for-unge-danskere-internationalt\/#primaryimage\"},\"thumbnailUrl\":\"https:\/\/www.vita-explorers.dk\/blog\/wp-content\/uploads\/2018\/10\/Arriv\u00e9e-des-b\u00e9n\u00e9voles-Globalong-afrique-min.jpg\",\"keywords\":[\"b\u00e9n\u00e9volat\",\"fran\u00e7ais\",\"gap year\",\"humanitaire\",\"international\",\"jeunes\",\"s\u00e9jour linguistique\",\"solidaire\",\"stage\",\"utile\",\"voyage\"],\"articleSection\":[\"Humanit\u00e6rt frivilligt arbejde\",\"No Name\",\"Nyheder\",\"Rejser - generelle oplysninger\",\"Sprogophold\",\"VITA Explorers\"],\"inLanguage\":\"da-DK\",\"potentialAction\":[{\"@type\":\"CommentAction\",\"name\":\"Comment\",\"target\":[\"https:\/\/www.vita-explorers.dk\/blog\/humanitaert-praktikophold-rejse-udlandsophold-for-unge-danskere-internationalt\/#respond\"]}]},{\"@type\":\"WebPage\",\"@id\":\"https:\/\/www.vita-explorers.dk\/blog\/humanitaert-praktikophold-rejse-udlandsophold-for-unge-danskere-internationalt\/\",\"url\":\"https:\/\/www.vita-explorers.dk\/blog\/humanitaert-praktikophold-rejse-udlandsophold-for-unge-danskere-internationalt\/\",\"name\":\"Humanit\u00e6rt engagement: De fleste 18-30-\u00e5rige dr\u00f8mmer om at g\u00f8re en forskel - VITA Explorers Blog\",\"isPartOf\":{\"@id\":\"https:\/\/www.vita-explorers.dk\/blog\/#website\"},\"primaryImageOfPage\":{\"@id\":\"https:\/\/www.vita-explorers.dk\/blog\/humanitaert-praktikophold-rejse-udlandsophold-for-unge-danskere-internationalt\/#primaryimage\"},\"image\":{\"@id\":\"https:\/\/www.vita-explorers.dk\/blog\/humanitaert-praktikophold-rejse-udlandsophold-for-unge-danskere-internationalt\/#primaryimage\"},\"thumbnailUrl\":\"https:\/\/www.vita-explorers.dk\/blog\/wp-content\/uploads\/2018\/10\/Arriv\u00e9e-des-b\u00e9n\u00e9voles-Globalong-afrique-min.jpg\",\"datePublished\":\"2018-10-16T16:19:27+00:00\",\"dateModified\":\"2025-09-08T16:52:38+00:00\",\"breadcrumb\":{\"@id\":\"https:\/\/www.vita-explorers.dk\/blog\/humanitaert-praktikophold-rejse-udlandsophold-for-unge-danskere-internationalt\/#breadcrumb\"},\"inLanguage\":\"da-DK\",\"potentialAction\":[{\"@type\":\"ReadAction\",\"target\":[\"https:\/\/www.vita-explorers.dk\/blog\/humanitaert-praktikophold-rejse-udlandsophold-for-unge-danskere-internationalt\/\"]}]},{\"@type\":\"ImageObject\",\"inLanguage\":\"da-DK\",\"@id\":\"https:\/\/www.vita-explorers.dk\/blog\/humanitaert-praktikophold-rejse-udlandsophold-for-unge-danskere-internationalt\/#primaryimage\",\"url\":\"https:\/\/www.vita-explorers.dk\/blog\/wp-content\/uploads\/2018\/10\/Arriv\u00e9e-des-b\u00e9n\u00e9voles-Globalong-afrique-min.jpg\",\"contentUrl\":\"https:\/\/www.vita-explorers.dk\/blog\/wp-content\/uploads\/2018\/10\/Arriv\u00e9e-des-b\u00e9n\u00e9voles-Globalong-afrique-min.jpg\",\"width\":960,\"height\":720,\"caption\":\"Ou faire du b\u00e9n\u00e9volat en Afrique\"},{\"@type\":\"BreadcrumbList\",\"@id\":\"https:\/\/www.vita-explorers.dk\/blog\/humanitaert-praktikophold-rejse-udlandsophold-for-unge-danskere-internationalt\/#breadcrumb\",\"itemListElement\":[{\"@type\":\"ListItem\",\"position\":1,\"name\":\"Accueil\",\"item\":\"https:\/\/www.vita-explorers.dk\/blog\/\"},{\"@type\":\"ListItem\",\"position\":2,\"name\":\"Humanit\u00e6rt engagement: De fleste 18-30-\u00e5rige dr\u00f8mmer om at g\u00f8re en forskel\"}]},{\"@type\":\"WebSite\",\"@id\":\"https:\/\/www.vita-explorers.dk\/blog\/#website\",\"url\":\"https:\/\/www.vita-explorers.dk\/blog\/\",\"name\":\"Association Globalong\",\"description\":\"Frivilligt arbejde, sprogophold, praktik i udlandet og internationale oplevelser\",\"publisher\":{\"@id\":\"https:\/\/www.vita-explorers.dk\/blog\/#organization\"},\"potentialAction\":[{\"@type\":\"SearchAction\",\"target\":{\"@type\":\"EntryPoint\",\"urlTemplate\":\"https:\/\/www.vita-explorers.dk\/blog\/?s={search_term_string}\"},\"query-input\":{\"@type\":\"PropertyValueSpecification\",\"valueRequired\":true,\"valueName\":\"search_term_string\"}}],\"inLanguage\":\"da-DK\"},{\"@type\":\"Organization\",\"@id\":\"https:\/\/www.vita-explorers.dk\/blog\/#organization\",\"name\":\"Association Globalong\",\"url\":\"https:\/\/www.vita-explorers.dk\/blog\/\",\"logo\":{\"@type\":\"ImageObject\",\"inLanguage\":\"da-DK\",\"@id\":\"https:\/\/www.vita-explorers.dk\/blog\/#\/schema\/logo\/image\/\",\"url\":\"https:\/\/www.globalong.com\/blog\/wp-content\/uploads\/2014\/11\/cropped-cropped-Logo-et-Afrique-Globalong-petite-taille-2.jpg\",\"contentUrl\":\"https:\/\/www.globalong.com\/blog\/wp-content\/uploads\/2014\/11\/cropped-cropped-Logo-et-Afrique-Globalong-petite-taille-2.jpg\",\"width\":512,\"height\":512,\"caption\":\"Association Globalong\"},\"image\":{\"@id\":\"https:\/\/www.vita-explorers.dk\/blog\/#\/schema\/logo\/image\/\"},\"sameAs\":[\"https:\/\/www.facebook.com\/globalong\"]},{\"@type\":\"Person\",\"@id\":\"https:\/\/www.vita-explorers.dk\/blog\/#\/schema\/person\/d7df267b64f23018d1dc519e78fb2735\",\"name\":\"VITA Tribe\",\"image\":{\"@type\":\"ImageObject\",\"inLanguage\":\"da-DK\",\"@id\":\"https:\/\/www.vita-explorers.dk\/blog\/#\/schema\/person\/image\/\",\"url\":\"https:\/\/secure.gravatar.com\/avatar\/81461bcc213d0ff2bdc043d4206648f0?s=96&d=mm&r=g\",\"contentUrl\":\"https:\/\/secure.gravatar.com\/avatar\/81461bcc213d0ff2bdc043d4206648f0?s=96&d=mm&r=g\",\"caption\":\"VITA Tribe\"},\"sameAs\":[\"https:\/\/www.globalong.com\"],\"url\":\"https:\/\/www.vita-explorers.dk\/blog\/author\/sophie\/\"}]}<\/script>\n<!-- \/ Yoast SEO Premium plugin. -->","yoast_head_json":{"title":"Humanit\u00e6rt engagement: De fleste 18-30-\u00e5rige dr\u00f8mmer om at g\u00f8re en forskel - VITA Explorers Blog","robots":{"index":"index","follow":"follow","max-snippet":"max-snippet:-1","max-image-preview":"max-image-preview:large","max-video-preview":"max-video-preview:-1"},"canonical":"https:\/\/www.vita-explorers.dk\/blog\/humanitaert-praktikophold-rejse-udlandsophold-for-unge-danskere-internationalt\/","og_locale":"da_DK","og_type":"article","og_title":"Humanit\u00e6rt engagement: De fleste 18-30-\u00e5rige dr\u00f8mmer om at g\u00f8re en forskel","og_description":"If\u00f8lge en nyere unders\u00f8gelse dr\u00f8mmer de fleste unge franskm\u00e6nd om at rejse og deltage i et program i udlandet! Unders\u00f8gelsen blev gennemf\u00f8rt online blandt\u2026","og_url":"https:\/\/www.vita-explorers.dk\/blog\/humanitaert-praktikophold-rejse-udlandsophold-for-unge-danskere-internationalt\/","og_site_name":"VITA Explorers Blog","article_publisher":"https:\/\/www.facebook.com\/globalong","article_published_time":"2018-10-16T16:19:27+00:00","article_modified_time":"2025-09-08T16:52:38+00:00","og_image":[{"width":960,"height":720,"url":"https:\/\/www.vita-explorers.dk\/blog\/wp-content\/uploads\/2018\/10\/Arriv\u00e9e-des-b\u00e9n\u00e9voles-Globalong-afrique-min.jpg","type":"image\/jpeg"}],"author":"VITA Tribe","twitter_card":"summary_large_image","twitter_misc":{"Skrevet af":"VITA Tribe","Estimeret l\u00e6setid":"4 minutter"},"schema":{"@context":"https:\/\/schema.org","@graph":[{"@type":"Article","@id":"https:\/\/www.vita-explorers.dk\/blog\/humanitaert-praktikophold-rejse-udlandsophold-for-unge-danskere-internationalt\/#article","isPartOf":{"@id":"https:\/\/www.vita-explorers.dk\/blog\/humanitaert-praktikophold-rejse-udlandsophold-for-unge-danskere-internationalt\/"},"author":{"name":"VITA Tribe","@id":"https:\/\/www.vita-explorers.dk\/blog\/#\/schema\/person\/d7df267b64f23018d1dc519e78fb2735"},"headline":"Humanit\u00e6rt engagement: De fleste 18-30-\u00e5rige dr\u00f8mmer om at g\u00f8re en forskel","datePublished":"2018-10-16T16:19:27+00:00","dateModified":"2025-09-08T16:52:38+00:00","mainEntityOfPage":{"@id":"https:\/\/www.vita-explorers.dk\/blog\/humanitaert-praktikophold-rejse-udlandsophold-for-unge-danskere-internationalt\/"},"wordCount":389,"commentCount":0,"publisher":{"@id":"https:\/\/www.vita-explorers.dk\/blog\/#organization"},"image":{"@id":"https:\/\/www.vita-explorers.dk\/blog\/humanitaert-praktikophold-rejse-udlandsophold-for-unge-danskere-internationalt\/#primaryimage"},"thumbnailUrl":"https:\/\/www.vita-explorers.dk\/blog\/wp-content\/uploads\/2018\/10\/Arriv\u00e9e-des-b\u00e9n\u00e9voles-Globalong-afrique-min.jpg","keywords":["b\u00e9n\u00e9volat","fran\u00e7ais","gap year","humanitaire","international","jeunes","s\u00e9jour linguistique","solidaire","stage","utile","voyage"],"articleSection":["Humanit\u00e6rt frivilligt arbejde","No Name","Nyheder","Rejser - generelle oplysninger","Sprogophold","VITA Explorers"],"inLanguage":"da-DK","potentialAction":[{"@type":"CommentAction","name":"Comment","target":["https:\/\/www.vita-explorers.dk\/blog\/humanitaert-praktikophold-rejse-udlandsophold-for-unge-danskere-internationalt\/#respond"]}]},{"@type":"WebPage","@id":"https:\/\/www.vita-explorers.dk\/blog\/humanitaert-praktikophold-rejse-udlandsophold-for-unge-danskere-internationalt\/","url":"https:\/\/www.vita-explorers.dk\/blog\/humanitaert-praktikophold-rejse-udlandsophold-for-unge-danskere-internationalt\/","name":"Humanit\u00e6rt engagement: De fleste 18-30-\u00e5rige dr\u00f8mmer om at g\u00f8re en forskel - VITA Explorers Blog","isPartOf":{"@id":"https:\/\/www.vita-explorers.dk\/blog\/#website"},"primaryImageOfPage":{"@id":"https:\/\/www.vita-explorers.dk\/blog\/humanitaert-praktikophold-rejse-udlandsophold-for-unge-danskere-internationalt\/#primaryimage"},"image":{"@id":"https:\/\/www.vita-explorers.dk\/blog\/humanitaert-praktikophold-rejse-udlandsophold-for-unge-danskere-internationalt\/#primaryimage"},"thumbnailUrl":"https:\/\/www.vita-explorers.dk\/blog\/wp-content\/uploads\/2018\/10\/Arriv\u00e9e-des-b\u00e9n\u00e9voles-Globalong-afrique-min.jpg","datePublished":"2018-10-16T16:19:27+00:00","dateModified":"2025-09-08T16:52:38+00:00","breadcrumb":{"@id":"https:\/\/www.vita-explorers.dk\/blog\/humanitaert-praktikophold-rejse-udlandsophold-for-unge-danskere-internationalt\/#breadcrumb"},"inLanguage":"da-DK","potentialAction":[{"@type":"ReadAction","target":["https:\/\/www.vita-explorers.dk\/blog\/humanitaert-praktikophold-rejse-udlandsophold-for-unge-danskere-internationalt\/"]}]},{"@type":"ImageObject","inLanguage":"da-DK","@id":"https:\/\/www.vita-explorers.dk\/blog\/humanitaert-praktikophold-rejse-udlandsophold-for-unge-danskere-internationalt\/#primaryimage","url":"https:\/\/www.vita-explorers.dk\/blog\/wp-content\/uploads\/2018\/10\/Arriv\u00e9e-des-b\u00e9n\u00e9voles-Globalong-afrique-min.jpg","contentUrl":"https:\/\/www.vita-explorers.dk\/blog\/wp-content\/uploads\/2018\/10\/Arriv\u00e9e-des-b\u00e9n\u00e9voles-Globalong-afrique-min.jpg","width":960,"height":720,"caption":"Ou faire du b\u00e9n\u00e9volat en Afrique"},{"@type":"BreadcrumbList","@id":"https:\/\/www.vita-explorers.dk\/blog\/humanitaert-praktikophold-rejse-udlandsophold-for-unge-danskere-internationalt\/#breadcrumb","itemListElement":[{"@type":"ListItem","position":1,"name":"Accueil","item":"https:\/\/www.vita-explorers.dk\/blog\/"},{"@type":"ListItem","position":2,"name":"Humanit\u00e6rt engagement: De fleste 18-30-\u00e5rige dr\u00f8mmer om at g\u00f8re en forskel"}]},{"@type":"WebSite","@id":"https:\/\/www.vita-explorers.dk\/blog\/#website","url":"https:\/\/www.vita-explorers.dk\/blog\/","name":"Association Globalong","description":"Frivilligt arbejde, sprogophold, praktik i udlandet og internationale oplevelser","publisher":{"@id":"https:\/\/www.vita-explorers.dk\/blog\/#organization"},"potentialAction":[{"@type":"SearchAction","target":{"@type":"EntryPoint","urlTemplate":"https:\/\/www.vita-explorers.dk\/blog\/?s={search_term_string}"},"query-input":{"@type":"PropertyValueSpecification","valueRequired":true,"valueName":"search_term_string"}}],"inLanguage":"da-DK"},{"@type":"Organization","@id":"https:\/\/www.vita-explorers.dk\/blog\/#organization","name":"Association Globalong","url":"https:\/\/www.vita-explorers.dk\/blog\/","logo":{"@type":"ImageObject","inLanguage":"da-DK","@id":"https:\/\/www.vita-explorers.dk\/blog\/#\/schema\/logo\/image\/","url":"https:\/\/www.globalong.com\/blog\/wp-content\/uploads\/2014\/11\/cropped-cropped-Logo-et-Afrique-Globalong-petite-taille-2.jpg","contentUrl":"https:\/\/www.globalong.com\/blog\/wp-content\/uploads\/2014\/11\/cropped-cropped-Logo-et-Afrique-Globalong-petite-taille-2.jpg","width":512,"height":512,"caption":"Association Globalong"},"image":{"@id":"https:\/\/www.vita-explorers.dk\/blog\/#\/schema\/logo\/image\/"},"sameAs":["https:\/\/www.facebook.com\/globalong"]},{"@type":"Person","@id":"https:\/\/www.vita-explorers.dk\/blog\/#\/schema\/person\/d7df267b64f23018d1dc519e78fb2735","name":"VITA Tribe","image":{"@type":"ImageObject","inLanguage":"da-DK","@id":"https:\/\/www.vita-explorers.dk\/blog\/#\/schema\/person\/image\/","url":"https:\/\/secure.gravatar.com\/avatar\/81461bcc213d0ff2bdc043d4206648f0?s=96&d=mm&r=g","contentUrl":"https:\/\/secure.gravatar.com\/avatar\/81461bcc213d0ff2bdc043d4206648f0?s=96&d=mm&r=g","caption":"VITA Tribe"},"sameAs":["https:\/\/www.globalong.com"],"url":"https:\/\/www.vita-explorers.dk\/blog\/author\/sophie\/"}]}},"_links":{"self":[{"href":"https:\/\/www.vita-explorers.dk\/blog\/wp-json\/wp\/v2\/posts\/11775"}],"collection":[{"href":"https:\/\/www.vita-explorers.dk\/blog\/wp-json\/wp\/v2\/posts"}],"about":[{"href":"https:\/\/www.vita-explorers.dk\/blog\/wp-json\/wp\/v2\/types\/post"}],"author":[{"embeddable":true,"href":"https:\/\/www.vita-explorers.dk\/blog\/wp-json\/wp\/v2\/users\/1"}],"replies":[{"embeddable":true,"href":"https:\/\/www.vita-explorers.dk\/blog\/wp-json\/wp\/v2\/comments?post=11775"}],"version-history":[{"count":28,"href":"https:\/\/www.vita-explorers.dk\/blog\/wp-json\/wp\/v2\/posts\/11775\/revisions"}],"predecessor-version":[{"id":21661,"href":"https:\/\/www.vita-explorers.dk\/blog\/wp-json\/wp\/v2\/posts\/11775\/revisions\/21661"}],"wp:featuredmedia":[{"embeddable":true,"href":"https:\/\/www.vita-explorers.dk\/blog\/wp-json\/wp\/v2\/media\/11782"}],"wp:attachment":[{"href":"https:\/\/www.vita-explorers.dk\/blog\/wp-json\/wp\/v2\/media?parent=11775"}],"wp:term":[{"taxonomy":"category","embeddable":true,"href":"https:\/\/www.vita-explorers.dk\/blog\/wp-json\/wp\/v2\/categories?post=11775"},{"taxonomy":"post_tag","embeddable":true,"href":"https:\/\/www.vita-explorers.dk\/blog\/wp-json\/wp\/v2\/tags?post=11775"}],"curies":[{"name":"wp","href":"https:\/\/api.w.org\/{rel}","templated":true}]}}