{"id":11937,"date":"2018-11-16T11:57:57","date_gmt":"2018-11-16T10:57:57","guid":{"rendered":"https:\/\/www.globalong.com\/blog\/?p=11937"},"modified":"2023-01-04T15:57:06","modified_gmt":"2023-01-04T14:57:06","slug":"californie-camp-fire-ildbrand-miljo-frivilligt-arbejde-baeredygtig-udvikling-internationalt-forloeb","status":"publish","type":"post","link":"https:\/\/www.vita-explorers.dk\/blog\/californie-camp-fire-ildbrand-miljo-frivilligt-arbejde-baeredygtig-udvikling-internationalt-forloeb\/","title":{"rendered":"Californien ramt af \u00abCamp Fire\u00bb \u2013 den d\u00f8deligste skovbrand i delstatens historie"},"content":{"rendered":"<div class=\"ti-widget ti-goog\" data-layout-id=\"4\" data-set-id=\"light-background\" data-pid=\"\" data-language=\"fr\" data-version=\"2\" data-review-target-width=\"300\" data-review-text-mode=\"readmore\" data-pager-autoplay-timeout=\"6\" > <div class=\"ti-widget-container ti-col-3\"> <div class=\"ti-reviews-container\"> <div class=\"ti-controls\"> <div class=\"ti-next\" aria-label=\"Avis suivante\" role=\"button\"><\/div> <div class=\"ti-prev\" aria-label=\"Avis pr\u00e9c\u00e9dent\" role=\"button\"><\/div> <\/div> <div class=\"ti-reviews-container-wrapper\">  <div data-empty=\"0\" class=\"ti-review-item source-Google ti-image-layout-thumbnail\" data-id=\"cfcd208495d565ef66e7dff9f98764da\" > <div class=\"ti-inner\"> <div class=\"ti-review-header\"> <div class=\"ti-profile-img\"> <img decoding=\"async\" src=\"https:\/\/lh3.googleusercontent.com\/a\/ACg8ocKpaoKe37CD0_POxO97KqB60GsWQRsIuG2vmCfXT-W_FY44vw=s120-c-rp-mo-br100\" srcset=\"https:\/\/lh3.googleusercontent.com\/a\/ACg8ocKpaoKe37CD0_POxO97KqB60GsWQRsIuG2vmCfXT-W_FY44vw=s120-c-rp-mo-br100 2x\" alt=\"Lucie Correia\" loading=\"lazy\" \/> <\/div> <div class=\"ti-profile-details\"> <div class=\"ti-name\"> Lucie Correia <\/div> <div class=\"ti-date\">2024-10-17<\/div> <\/div> <\/div> <span class=\"ti-stars\"><span class=\"ti-star f\"><\/span><span class=\"ti-star f\"><\/span><span class=\"ti-star f\"><\/span><span class=\"ti-star f\"><\/span><span class=\"ti-star f\"><\/span><\/span> <div class=\"ti-review-text-container ti-review-content\"><!-- R-CONTENT -->La communication avec Globalong est super, personnes tr\u00e8s pr\u00e9sentes pour les b\u00e9n\u00e9voles et \u00e9tudiants partant avec cette association. Elles r\u00e9pondent \u00e0 toutes nos questions et sont tr\u00e8s accessibles au t\u00e9l\u00e9phone.<!-- R-CONTENT --><\/div> <span class=\"ti-read-more\" data-container=\".ti-review-content\" data-collapse-text=\"Cacher\" data-open-text=\"Lire la suite\" ><\/span> <\/div> <\/div>  <div data-empty=\"0\" class=\"ti-review-item source-Google ti-image-layout-thumbnail\" data-id=\"cfcd208495d565ef66e7dff9f98764da\" > <div class=\"ti-inner\"> <div class=\"ti-review-header\"> <div class=\"ti-profile-img\"> <img decoding=\"async\" src=\"https:\/\/lh3.googleusercontent.com\/a-\/ALV-UjWqnnzM7-7c9BDqeTDF-a7pOgNjvLkJ3WshRd_Tn7z0Eu-AGQwo=s120-c-rp-mo-br100\" srcset=\"https:\/\/lh3.googleusercontent.com\/a-\/ALV-UjWqnnzM7-7c9BDqeTDF-a7pOgNjvLkJ3WshRd_Tn7z0Eu-AGQwo=s120-c-rp-mo-br100 2x\" alt=\"Ra\u00efssa Frisch\" loading=\"lazy\" \/> <\/div> <div class=\"ti-profile-details\"> <div class=\"ti-name\"> Ra\u00efssa Frisch <\/div> <div class=\"ti-date\">2024-10-14<\/div> <\/div> <\/div> <span class=\"ti-stars\"><span class=\"ti-star f\"><\/span><span class=\"ti-star f\"><\/span><span class=\"ti-star f\"><\/span><span class=\"ti-star f\"><\/span><span class=\"ti-star f\"><\/span><\/span> <div class=\"ti-review-text-container ti-review-content\"><!-- R-CONTENT -->J\u2019ai d\u00e9j\u00e0 eu l\u2019opportunit\u00e9 de r\u00e9aliser deux projets humanitaires avec l\u2019association Globalong. Je ne peux que la recommander, car j\u2019ai toujours b\u00e9n\u00e9fici\u00e9 d\u2019un excellent accompagnement, aussi bien avant que pendant le voyage. On ne vous laisse pas vous d\u00e9brouiller seuls, bien au contraire, vous \u00eates tr\u00e8s bien encadr\u00e9s pour accomplir toutes les d\u00e9marches dans les d\u00e9lais.\n\nAu-del\u00e0 du suivi, les exp\u00e9riences humanitaires propos\u00e9es par Globalong ne peuvent que transformer votre vie de mani\u00e8re positive. Elles vous apportent une richesse humaine inestimable.<!-- R-CONTENT --><\/div> <span class=\"ti-read-more\" data-container=\".ti-review-content\" data-collapse-text=\"Cacher\" data-open-text=\"Lire la suite\" ><\/span> <\/div> <\/div>  <div data-empty=\"0\" class=\"ti-review-item source-Google ti-image-layout-thumbnail\" data-id=\"cfcd208495d565ef66e7dff9f98764da\" > <div class=\"ti-inner\"> <div class=\"ti-review-header\"> <div class=\"ti-profile-img\"> <img decoding=\"async\" src=\"https:\/\/lh3.googleusercontent.com\/a\/ACg8ocJL-Dxv25YkXK2QwWPNRxTVqZCv5uTmDQDFg5qslKra3vRZew=s120-c-rp-mo-br100\" srcset=\"https:\/\/lh3.googleusercontent.com\/a\/ACg8ocJL-Dxv25YkXK2QwWPNRxTVqZCv5uTmDQDFg5qslKra3vRZew=s120-c-rp-mo-br100 2x\" alt=\"Tara Turan\" loading=\"lazy\" \/> <\/div> <div class=\"ti-profile-details\"> <div class=\"ti-name\"> Tara Turan <\/div> <div class=\"ti-date\">2024-10-14<\/div> <\/div> <\/div> <span class=\"ti-stars\"><span class=\"ti-star f\"><\/span><span class=\"ti-star f\"><\/span><span class=\"ti-star f\"><\/span><span class=\"ti-star f\"><\/span><span class=\"ti-star f\"><\/span><\/span> <div class=\"ti-review-text-container ti-review-content\"><!-- R-CONTENT -->Une des meilleures associations que j\u2019ai pu faire !\nUne organisation et un suivi vraiment parfait, c\u2019est avec grand plaisir que je referai un projet avec eux.<!-- R-CONTENT --><\/div> <span class=\"ti-read-more\" data-container=\".ti-review-content\" data-collapse-text=\"Cacher\" data-open-text=\"Lire la suite\" ><\/span> <\/div> <\/div>  <div data-empty=\"0\" class=\"ti-review-item source-Google ti-image-layout-thumbnail\" data-id=\"cfcd208495d565ef66e7dff9f98764da\" > <div class=\"ti-inner\"> <div class=\"ti-review-header\"> <div class=\"ti-profile-img\"> <img decoding=\"async\" src=\"https:\/\/lh3.googleusercontent.com\/a\/ACg8ocLctTPNovSk3eKM0b_MIPOfcFEQsz2135Cdu59_BWRVsIYC7Q=s120-c-rp-mo-br100\" srcset=\"https:\/\/lh3.googleusercontent.com\/a\/ACg8ocLctTPNovSk3eKM0b_MIPOfcFEQsz2135Cdu59_BWRVsIYC7Q=s120-c-rp-mo-br100 2x\" alt=\"Repiquet Julie\" loading=\"lazy\" \/> <\/div> <div class=\"ti-profile-details\"> <div class=\"ti-name\"> Repiquet Julie <\/div> <div class=\"ti-date\">2024-10-13<\/div> <\/div> <\/div> <span class=\"ti-stars\"><span class=\"ti-star f\"><\/span><span class=\"ti-star f\"><\/span><span class=\"ti-star f\"><\/span><span class=\"ti-star f\"><\/span><span class=\"ti-star f\"><\/span><\/span> <div class=\"ti-review-text-container ti-review-content\"><!-- R-CONTENT -->Tr\u00e8s bon accompagnement de la part de Globalong, du premier jour avec toutes mes interrogations, jusqu'au d\u00e9part dans quelques jours. Le dossier transmis apr\u00e8s validation de la mission est plus que complet, les webmaster tr\u00e8s int\u00e9ressantes et permettent de d\u00e9charger mentalement ce genre de pr\u00e9paration, tout est pr\u00e9vu il n'y a plus qu'\u00e0 suivre ! Merci \u00e0 Florence de r\u00e9pondre \u00e0 toutes mes questions avec gentillesse et bienveillance, cela m'a permis de passer le cap!\nMaintenant, il n'y a plus qu'\u00e0 \ud83d\ude00<!-- R-CONTENT --><\/div> <span class=\"ti-read-more\" data-container=\".ti-review-content\" data-collapse-text=\"Cacher\" data-open-text=\"Lire la suite\" ><\/span> <\/div> <\/div>  <div data-empty=\"0\" class=\"ti-review-item source-Google ti-image-layout-thumbnail\" data-id=\"cfcd208495d565ef66e7dff9f98764da\" > <div class=\"ti-inner\"> <div class=\"ti-review-header\"> <div class=\"ti-profile-img\"> <img decoding=\"async\" src=\"https:\/\/lh3.googleusercontent.com\/a\/ACg8ocJJTdmTWs8nAA0yuH_cKOUgzc6GFAkHBiXhpnnVYXaWMBZsHw=s120-c-rp-mo-br100\" srcset=\"https:\/\/lh3.googleusercontent.com\/a\/ACg8ocJJTdmTWs8nAA0yuH_cKOUgzc6GFAkHBiXhpnnVYXaWMBZsHw=s120-c-rp-mo-br100 2x\" alt=\"Marine Guilhamat\" loading=\"lazy\" \/> <\/div> <div class=\"ti-profile-details\"> <div class=\"ti-name\"> Marine Guilhamat <\/div> <div class=\"ti-date\">2024-10-09<\/div> <\/div> <\/div> <span class=\"ti-stars\"><span class=\"ti-star f\"><\/span><span class=\"ti-star f\"><\/span><span class=\"ti-star f\"><\/span><span class=\"ti-star f\"><\/span><span class=\"ti-star f\"><\/span><\/span> <div class=\"ti-review-text-container ti-review-content\"><!-- R-CONTENT -->Tr\u00e8s belle association qui offre un cadre super s\u00e9curisant et permet de s\u2019investir dans des projets qui ont du sens. Merci \u00e0 l\u2019\u00e9quipe Globalong pour votre disponibilit\u00e9, gentillesse et accompagnement !<!-- R-CONTENT --><\/div> <span class=\"ti-read-more\" data-container=\".ti-review-content\" data-collapse-text=\"Cacher\" data-open-text=\"Lire la suite\" ><\/span> <\/div> <\/div>  <div data-empty=\"0\" class=\"ti-review-item source-Google ti-image-layout-thumbnail\" data-id=\"cfcd208495d565ef66e7dff9f98764da\" > <div class=\"ti-inner\"> <div class=\"ti-review-header\"> <div class=\"ti-profile-img\"> <img decoding=\"async\" src=\"https:\/\/lh3.googleusercontent.com\/a\/ACg8ocIgITHXKo46qgJyPqlJeAcxz11gCKUJpGIk2qauiIe2O3iZ6w=s120-c-rp-mo-br100\" srcset=\"https:\/\/lh3.googleusercontent.com\/a\/ACg8ocIgITHXKo46qgJyPqlJeAcxz11gCKUJpGIk2qauiIe2O3iZ6w=s120-c-rp-mo-br100 2x\" alt=\"Laura Mercier\" loading=\"lazy\" \/> <\/div> <div class=\"ti-profile-details\"> <div class=\"ti-name\"> Laura Mercier <\/div> <div class=\"ti-date\">2024-10-08<\/div> <\/div> <\/div> <span class=\"ti-stars\"><span class=\"ti-star f\"><\/span><span class=\"ti-star f\"><\/span><span class=\"ti-star f\"><\/span><span class=\"ti-star f\"><\/span><span class=\"ti-star f\"><\/span><\/span> <div class=\"ti-review-text-container ti-review-content\"><!-- R-CONTENT -->Mon d\u00e9part approche, je pars dans une semaine, et depuis le d\u00e9but de mon inscription je suis tr\u00e8s satisfaite du suivi effectu\u00e9 par l\u2019association. Ils sont tr\u00e8s disponibles et r\u00e9pondent rapidement \u00e0 l\u2019ensemble des questions. Je suis tr\u00e8s contente de partir faire cette mission humanitaire encadr\u00e9e par cette association. Je recommande vraiment.<!-- R-CONTENT --><\/div> <span class=\"ti-read-more\" data-container=\".ti-review-content\" data-collapse-text=\"Cacher\" data-open-text=\"Lire la suite\" ><\/span> <\/div> <\/div>  <div data-empty=\"0\" class=\"ti-review-item source-Google ti-image-layout-thumbnail\" data-id=\"cfcd208495d565ef66e7dff9f98764da\" > <div class=\"ti-inner\"> <div class=\"ti-review-header\"> <div class=\"ti-profile-img\"> <img decoding=\"async\" src=\"https:\/\/lh3.googleusercontent.com\/a-\/ALV-UjVVr0YMQhXl8QNEEB32l-rnoaYwvRZUjIEX9OEwPE_1fQwzIyk=s120-c-rp-mo-br100\" srcset=\"https:\/\/lh3.googleusercontent.com\/a-\/ALV-UjVVr0YMQhXl8QNEEB32l-rnoaYwvRZUjIEX9OEwPE_1fQwzIyk=s120-c-rp-mo-br100 2x\" alt=\"Anouk Rzkt\" loading=\"lazy\" \/> <\/div> <div class=\"ti-profile-details\"> <div class=\"ti-name\"> Anouk Rzkt <\/div> <div class=\"ti-date\">2024-10-02<\/div> <\/div> <\/div> <span class=\"ti-stars\"><span class=\"ti-star f\"><\/span><span class=\"ti-star f\"><\/span><span class=\"ti-star f\"><\/span><span class=\"ti-star f\"><\/span><span class=\"ti-star f\"><\/span><\/span> <div class=\"ti-review-text-container ti-review-content\"><!-- R-CONTENT -->Globalong est l'association parfaite. L'\u00e9quipe offre un v\u00e9ritable accompagnement rythm\u00e9 par beaucoup de conseils et d'\u00e9coute. Le site est tr\u00e8s bien fait avec des dossiers complets allant des sujets tr\u00e8s pratiques a d'autres plus th\u00e9oriques (tels que le choc culturel par exemple). Je recommande vivement et remercie sinc\u00e8rement toute l'\u00e9quipe pour leur gentillesse et investissement !<!-- R-CONTENT --><\/div> <span class=\"ti-read-more\" data-container=\".ti-review-content\" data-collapse-text=\"Cacher\" data-open-text=\"Lire la suite\" ><\/span> <\/div> <\/div>  <\/div> <div class=\"ti-controls-line\"> <div class=\"dot\"><\/div> <\/div> <\/div> <div class=\"ti-footer\"> <div class=\"ti-rating-text\"> <span class=\"nowrap\">\u00c9valuation <strong>Google<\/strong> : <\/span><span class=\"nowrap\"><strong>4.8<\/strong> sur 5, <\/span><span class=\"nowrap\">Bas\u00e9e sur <strong>240 avis<\/strong><\/span> <\/div> <\/div>  <\/div> <\/div> \n<p style=\"text-align: center;\"><span style=\"color: #b81657;\"><strong>Den aktuelle status er 56 omkomne.<br \/>\nTil dato er mere end 130 personer stadig meldt savnet. Over 50.000 mennesker har m\u00e5ttet forlade deres hjem. Mere end 10.000 bygninger er blevet \u00f8delagt.<br \/>\nSkovbranden \u201cCamp Fire\u201d har raset siden tidligt om morgenen den 8. november.<\/strong><\/span><\/p>\n<p style=\"text-align: justify;\"><a href=\"https:\/\/www.vita-explorers.dk\/blog\/wp-content\/uploads\/2018\/11\/Camp-Fire-California-15-11-2018-min.jpg\"><img loading=\"lazy\" decoding=\"async\" class=\"wp-image-11941 aligncenter\" src=\"https:\/\/www.vita-explorers.dk\/blog\/wp-content\/uploads\/2018\/11\/Camp-Fire-California-15-11-2018-min.jpg\" alt=\"\" width=\"300\" height=\"180\" srcset=\"https:\/\/www.vita-explorers.dk\/blog\/wp-content\/uploads\/2018\/11\/Camp-Fire-California-15-11-2018-min.jpg 290w, https:\/\/www.vita-explorers.dk\/blog\/wp-content\/uploads\/2018\/11\/Camp-Fire-California-15-11-2018-min-150x90.jpg 150w\" sizes=\"(max-width: 300px) 100vw, 300px\" \/><\/a>Skovbranden kaldes \u201cCamp Fire\u201d efter omr\u00e5det, hvor den opstod \u2013 Camp Creek Road i Butte County i <strong>det nordlige Californien<\/strong> \u2013 og den har kostet <strong>mange menneskeliv<\/strong> og <strong>forts\u00e6tter med at \u00f8del\u00e6gge alt p\u00e5 sin vej<\/strong>.<\/p>\n<p style=\"text-align: justify;\"><strong>Det er en alvorlig humanit\u00e6r og milj\u00f8m\u00e6ssig katastrofe \u2013 for statens beboere og for den vilde natur, dyre- og planteliv.<\/strong><\/p>\n<p>Branden er <strong>stadig ikke under kontrol<\/strong>, en uge<br \/>\nsenere&#8230;<\/p>\n<p style=\"text-align: justify;\"><a href=\"https:\/\/www.vita-explorers.dk\/blog\/wp-content\/uploads\/2018\/11\/t\u00e9l\u00e9chargement-1-min.jpg\"><img loading=\"lazy\" decoding=\"async\" class=\"wp-image-11952 aligncenter\" src=\"https:\/\/www.vita-explorers.dk\/blog\/wp-content\/uploads\/2018\/11\/t\u00e9l\u00e9chargement-1-min.jpg\" alt=\"\" width=\"300\" height=\"180\" srcset=\"https:\/\/www.vita-explorers.dk\/blog\/wp-content\/uploads\/2018\/11\/t\u00e9l\u00e9chargement-1-min.jpg 290w, https:\/\/www.vita-explorers.dk\/blog\/wp-content\/uploads\/2018\/11\/t\u00e9l\u00e9chargement-1-min-150x90.jpg 150w\" sizes=\"(max-width: 300px) 100vw, 300px\" \/><\/a>De enorme skader vil kunne m\u00e6rkes i lang tid: Ud over <strong>\u00f8del\u00e6ggelsen af skove og bygninger<\/strong> kommer ogs\u00e5 <strong>forurening af jord og grundvand<\/strong> i store dele af regionen.<\/p>\n<p style=\"text-align: justify;\">Genopbygningen kan tage lang tid.<br \/>\nFor eksempel er <strong>den lille by Paradise<\/strong>, som havde omkring 26.000 indbyggere, blevet <strong>n\u00e6sten fuldst\u00e6ndig udslettet<\/strong>.<br \/>\nP\u00e5 nettet viser <strong>hjertesk\u00e6rende billeder<\/strong> en by <strong>lagt i aske<\/strong>.<\/p>\n<p><img loading=\"lazy\" decoding=\"async\" class=\"wp-image-11946 aligncenter\" src=\"https:\/\/www.vita-explorers.dk\/blog\/wp-content\/uploads\/2018\/11\/trail_190-1-min.jpg\" alt=\"\" width=\"300\" height=\"300\" srcset=\"https:\/\/www.vita-explorers.dk\/blog\/wp-content\/uploads\/2018\/11\/trail_190-1-min.jpg 190w, https:\/\/www.vita-explorers.dk\/blog\/wp-content\/uploads\/2018\/11\/trail_190-1-min-150x150.jpg 150w\" sizes=\"(max-width: 300px) 100vw, 300px\" \/><\/p>\n<p style=\"text-align: justify;\">L\u00e6ngere mod syd, i Los Angeles County og Ventura County, har <strong>Woolsey Fire<\/strong> ogs\u00e5 kostet <strong>3 menneskeliv og medf\u00f8rt store skader<\/strong>.<\/p>\n<p style=\"text-align: justify;\"><span style=\"color: #b81657;\"><strong>En tanke til Californien<br \/>\n<\/strong><\/span><span style=\"color: #b81657;\"><strong><br \/>\n<\/strong><\/span><strong>Hele teamet hos VITA Institute vil gerne sende vores st\u00f8tte og varme tanker til vores VITA Explorers inden for <span style=\"text-decoration: underline; color: #b81657;\"><a href=\"https:\/\/www.vita-explorers.dk\/blog\/dossiers-vita-ekstra-information-gode-rad-forskelle-sporgsmal-praktik-sprog-internationale-forlob-frivilligt-arbejde-sprogophold-udlandsophold-humanitaert-arbejde-projekt-sabbat\u00e5r\/charte-de-lecovolontariat\/\" target=\"_blank\" rel=\"noopener\">\u00f8kofrivilligt arbejde<\/a><\/span><span style=\"color: #b81657;\"><span style=\"color: #000000; text-decoration: underline;\">,<\/span><\/span> som \u00e5ret rundt er med til at passe p\u00e5 nationalparkerne i <a href=\"https:\/\/www.vita-explorers.dk\/frivilligt-arbejde\/usa-oko-frivilligt-arbejde-californien.html\" target=\"_blank\" rel=\"noopener\"><span style=\"text-decoration: underline; color: #b81657;\">Californien<\/span><\/a>.<\/strong><\/p>\n<p style=\"text-align: justify;\"><strong>Vi t\u00e6nker ogs\u00e5 p\u00e5 alle, der er ramt af katastrofen, og p\u00e5 brandfolkene i Californien og verden over, som s\u00e6tter deres liv p\u00e5 spil for at redde andre.<\/strong><\/p>\n<p><img loading=\"lazy\" decoding=\"async\" class=\"wp-image-11940 aligncenter\" src=\"https:\/\/www.vita-explorers.dk\/blog\/wp-content\/uploads\/2018\/11\/pqr11-min-212x300.jpg\" alt=\"\" width=\"300\" height=\"424\" srcset=\"https:\/\/www.vita-explorers.dk\/blog\/wp-content\/uploads\/2018\/11\/pqr11-min-212x300.jpg 212w, https:\/\/www.vita-explorers.dk\/blog\/wp-content\/uploads\/2018\/11\/pqr11-min-106x150.jpg 106w, https:\/\/www.vita-explorers.dk\/blog\/wp-content\/uploads\/2018\/11\/pqr11-min.jpg 647w\" sizes=\"(max-width: 300px) 100vw, 300px\" \/><\/p>\n<p>Hvis du vil vide mere om <strong>\u00f8kofrivillige programmer<\/strong> og <strong>deltage i et forl\u00f8b med \u00f8kofrivilligt arbejde i Californien<\/strong> (b\u00e6redygtige projekter uden for akutte krisesituationer som denne), <span style=\"text-decoration: underline;\"><a href=\"https:\/\/www.vita-explorers.dk\/frivilligt-arbejde\/usa-oko-frivilligt-arbejde-californien\/okovolontariat-californien.html\" target=\"_blank\" rel=\"noopener\"><strong>kan du l\u00e6se mere her<\/strong><\/a><\/span>.<\/p>\n<p style=\"text-align: justify;\"><span style=\"color: #b81657;\"><strong>Hvordan forebygger man skovbrande?<\/strong><\/span><\/p>\n<p style=\"text-align: justify;\">If\u00f8lge franske milj\u00f8myndigheder har <strong>90% af alle skovbrande menneskelige \u00e5rsager<\/strong>. <strong>50% skyldes uforsigtighed<\/strong>. <strong>Mange skovbrande kan derfor forebygges, hvis vi alle er opm\u00e6rksomme!<\/strong><\/p>\n<p style=\"text-align: justify;\"><strong>Her er nogle enkle r\u00e5d til gode vaner, n\u00e5r der er risiko for skovbrand. Tak for din omtanke!<\/strong><\/p>\n<p style=\"text-align: justify;\"><span style=\"font-size: 10pt;\"><em>Kilde: The Guardian, franske milj\u00f8myndigheder<\/em><\/span><\/p>\n<p style=\"text-align: center;\"><a href=\"https:\/\/www.vita-explorers.dk\/association-globalong.html\" target=\"_blank\" rel=\"noopener\"><span style=\"text-decoration: underline; color: #b81657;\"><strong>L\u00e6s mere om VITA Institute<\/strong><\/span><\/a><\/p>\n","protected":false},"excerpt":{"rendered":"<p>Den aktuelle status er 56 omkomne. Til dato er mere end 130 personer stadig meldt savnet. Over 50.000 mennesker har m\u00e5ttet forlade deres hjem.\u2026<\/p>\n","protected":false},"author":1,"featured_media":11941,"comment_status":"open","ping_status":"open","sticky":false,"template":"","format":"standard","meta":{"footnotes":""},"categories":[8,1,6,3,4],"tags":[316,645,648,91,52,64,647,243,646,649,471],"yoast_head":"<!-- This site is optimized with the Yoast SEO Premium plugin v23.4 (Yoast SEO v23.4) - https:\/\/yoast.com\/wordpress\/plugins\/seo\/ -->\n<title>Californien ramt af \u00abCamp Fire\u00bb \u2013 den d\u00f8deligste skovbrand i delstatens historie - VITA Explorers Blog<\/title>\n<meta name=\"robots\" content=\"index, follow, max-snippet:-1, max-image-preview:large, max-video-preview:-1\" \/>\n<link rel=\"canonical\" href=\"https:\/\/www.vita-explorers.dk\/blog\/californie-camp-fire-ildbrand-miljo-frivilligt-arbejde-baeredygtig-udvikling-internationalt-forloeb\/\" \/>\n<meta property=\"og:locale\" content=\"da_DK\" \/>\n<meta property=\"og:type\" content=\"article\" \/>\n<meta property=\"og:title\" content=\"Californien ramt af \u00abCamp Fire\u00bb \u2013 den d\u00f8deligste skovbrand i delstatens historie\" \/>\n<meta property=\"og:description\" content=\"Den aktuelle status er 56 omkomne. Til dato er mere end 130 personer stadig meldt savnet. Over 50.000 mennesker har m\u00e5ttet forlade deres hjem.\u2026\" \/>\n<meta property=\"og:url\" content=\"https:\/\/www.vita-explorers.dk\/blog\/californie-camp-fire-ildbrand-miljo-frivilligt-arbejde-baeredygtig-udvikling-internationalt-forloeb\/\" \/>\n<meta property=\"og:site_name\" content=\"VITA Explorers Blog\" \/>\n<meta property=\"article:publisher\" content=\"https:\/\/www.facebook.com\/globalong\" \/>\n<meta property=\"article:published_time\" content=\"2018-11-16T10:57:57+00:00\" \/>\n<meta property=\"article:modified_time\" content=\"2023-01-04T14:57:06+00:00\" \/>\n<meta property=\"og:image\" content=\"https:\/\/www.vita-explorers.dk\/blog\/wp-content\/uploads\/2018\/11\/Camp-Fire-California-15-11-2018-min.jpg\" \/>\n\t<meta property=\"og:image:width\" content=\"290\" \/>\n\t<meta property=\"og:image:height\" content=\"174\" \/>\n\t<meta property=\"og:image:type\" content=\"image\/jpeg\" \/>\n<meta name=\"author\" content=\"VITA Tribe\" \/>\n<meta name=\"twitter:card\" content=\"summary_large_image\" \/>\n<meta name=\"twitter:label1\" content=\"Skrevet af\" \/>\n\t<meta name=\"twitter:data1\" content=\"VITA Tribe\" \/>\n\t<meta name=\"twitter:label2\" content=\"Estimeret l\u00e6setid\" \/>\n\t<meta name=\"twitter:data2\" content=\"2 minutter\" \/>\n<script type=\"application\/ld+json\" class=\"yoast-schema-graph\">{\"@context\":\"https:\/\/schema.org\",\"@graph\":[{\"@type\":\"Article\",\"@id\":\"https:\/\/www.vita-explorers.dk\/blog\/californie-camp-fire-ildbrand-miljo-frivilligt-arbejde-baeredygtig-udvikling-internationalt-forloeb\/#article\",\"isPartOf\":{\"@id\":\"https:\/\/www.vita-explorers.dk\/blog\/californie-camp-fire-ildbrand-miljo-frivilligt-arbejde-baeredygtig-udvikling-internationalt-forloeb\/\"},\"author\":{\"name\":\"VITA Tribe\",\"@id\":\"https:\/\/www.vita-explorers.dk\/blog\/#\/schema\/person\/d7df267b64f23018d1dc519e78fb2735\"},\"headline\":\"Californien ramt af \u00abCamp Fire\u00bb \u2013 den d\u00f8deligste skovbrand i delstatens historie\",\"datePublished\":\"2018-11-16T10:57:57+00:00\",\"dateModified\":\"2023-01-04T14:57:06+00:00\",\"mainEntityOfPage\":{\"@id\":\"https:\/\/www.vita-explorers.dk\/blog\/californie-camp-fire-ildbrand-miljo-frivilligt-arbejde-baeredygtig-udvikling-internationalt-forloeb\/\"},\"wordCount\":369,\"commentCount\":2,\"publisher\":{\"@id\":\"https:\/\/www.vita-explorers.dk\/blog\/#organization\"},\"image\":{\"@id\":\"https:\/\/www.vita-explorers.dk\/blog\/californie-camp-fire-ildbrand-miljo-frivilligt-arbejde-baeredygtig-udvikling-internationalt-forloeb\/#primaryimage\"},\"thumbnailUrl\":\"https:\/\/www.vita-explorers.dk\/blog\/wp-content\/uploads\/2018\/11\/Camp-Fire-California-15-11-2018-min.jpg\",\"keywords\":[\"californie\",\"Camp Fire\",\"catastrophe\",\"d\u00e9veloppement durable\",\"Eco-volontariat\",\"etats-unis\",\"incendie\",\"international\",\"novembre 2018\",\"programme de b\u00e9n\u00e9volat\",\"USA\"],\"articleSection\":[\"Humanit\u00e6rt frivilligt arbejde\",\"No Name\",\"Nyheder\",\"Rejser - generelle oplysninger\",\"VITA Explorers\"],\"inLanguage\":\"da-DK\",\"potentialAction\":[{\"@type\":\"CommentAction\",\"name\":\"Comment\",\"target\":[\"https:\/\/www.vita-explorers.dk\/blog\/californie-camp-fire-ildbrand-miljo-frivilligt-arbejde-baeredygtig-udvikling-internationalt-forloeb\/#respond\"]}]},{\"@type\":\"WebPage\",\"@id\":\"https:\/\/www.vita-explorers.dk\/blog\/californie-camp-fire-ildbrand-miljo-frivilligt-arbejde-baeredygtig-udvikling-internationalt-forloeb\/\",\"url\":\"https:\/\/www.vita-explorers.dk\/blog\/californie-camp-fire-ildbrand-miljo-frivilligt-arbejde-baeredygtig-udvikling-internationalt-forloeb\/\",\"name\":\"Californien ramt af \u00abCamp Fire\u00bb \u2013 den d\u00f8deligste skovbrand i delstatens historie - VITA Explorers Blog\",\"isPartOf\":{\"@id\":\"https:\/\/www.vita-explorers.dk\/blog\/#website\"},\"primaryImageOfPage\":{\"@id\":\"https:\/\/www.vita-explorers.dk\/blog\/californie-camp-fire-ildbrand-miljo-frivilligt-arbejde-baeredygtig-udvikling-internationalt-forloeb\/#primaryimage\"},\"image\":{\"@id\":\"https:\/\/www.vita-explorers.dk\/blog\/californie-camp-fire-ildbrand-miljo-frivilligt-arbejde-baeredygtig-udvikling-internationalt-forloeb\/#primaryimage\"},\"thumbnailUrl\":\"https:\/\/www.vita-explorers.dk\/blog\/wp-content\/uploads\/2018\/11\/Camp-Fire-California-15-11-2018-min.jpg\",\"datePublished\":\"2018-11-16T10:57:57+00:00\",\"dateModified\":\"2023-01-04T14:57:06+00:00\",\"breadcrumb\":{\"@id\":\"https:\/\/www.vita-explorers.dk\/blog\/californie-camp-fire-ildbrand-miljo-frivilligt-arbejde-baeredygtig-udvikling-internationalt-forloeb\/#breadcrumb\"},\"inLanguage\":\"da-DK\",\"potentialAction\":[{\"@type\":\"ReadAction\",\"target\":[\"https:\/\/www.vita-explorers.dk\/blog\/californie-camp-fire-ildbrand-miljo-frivilligt-arbejde-baeredygtig-udvikling-internationalt-forloeb\/\"]}]},{\"@type\":\"ImageObject\",\"inLanguage\":\"da-DK\",\"@id\":\"https:\/\/www.vita-explorers.dk\/blog\/californie-camp-fire-ildbrand-miljo-frivilligt-arbejde-baeredygtig-udvikling-internationalt-forloeb\/#primaryimage\",\"url\":\"https:\/\/www.vita-explorers.dk\/blog\/wp-content\/uploads\/2018\/11\/Camp-Fire-California-15-11-2018-min.jpg\",\"contentUrl\":\"https:\/\/www.vita-explorers.dk\/blog\/wp-content\/uploads\/2018\/11\/Camp-Fire-California-15-11-2018-min.jpg\",\"width\":290,\"height\":174},{\"@type\":\"BreadcrumbList\",\"@id\":\"https:\/\/www.vita-explorers.dk\/blog\/californie-camp-fire-ildbrand-miljo-frivilligt-arbejde-baeredygtig-udvikling-internationalt-forloeb\/#breadcrumb\",\"itemListElement\":[{\"@type\":\"ListItem\",\"position\":1,\"name\":\"Accueil\",\"item\":\"https:\/\/www.vita-explorers.dk\/blog\/\"},{\"@type\":\"ListItem\",\"position\":2,\"name\":\"Californien ramt af \u00abCamp Fire\u00bb \u2013 den d\u00f8deligste skovbrand i delstatens historie\"}]},{\"@type\":\"WebSite\",\"@id\":\"https:\/\/www.vita-explorers.dk\/blog\/#website\",\"url\":\"https:\/\/www.vita-explorers.dk\/blog\/\",\"name\":\"Association Globalong\",\"description\":\"Frivilligt arbejde, sprogophold, praktik i udlandet og internationale oplevelser\",\"publisher\":{\"@id\":\"https:\/\/www.vita-explorers.dk\/blog\/#organization\"},\"potentialAction\":[{\"@type\":\"SearchAction\",\"target\":{\"@type\":\"EntryPoint\",\"urlTemplate\":\"https:\/\/www.vita-explorers.dk\/blog\/?s={search_term_string}\"},\"query-input\":{\"@type\":\"PropertyValueSpecification\",\"valueRequired\":true,\"valueName\":\"search_term_string\"}}],\"inLanguage\":\"da-DK\"},{\"@type\":\"Organization\",\"@id\":\"https:\/\/www.vita-explorers.dk\/blog\/#organization\",\"name\":\"Association Globalong\",\"url\":\"https:\/\/www.vita-explorers.dk\/blog\/\",\"logo\":{\"@type\":\"ImageObject\",\"inLanguage\":\"da-DK\",\"@id\":\"https:\/\/www.vita-explorers.dk\/blog\/#\/schema\/logo\/image\/\",\"url\":\"https:\/\/www.globalong.com\/blog\/wp-content\/uploads\/2014\/11\/cropped-cropped-Logo-et-Afrique-Globalong-petite-taille-2.jpg\",\"contentUrl\":\"https:\/\/www.globalong.com\/blog\/wp-content\/uploads\/2014\/11\/cropped-cropped-Logo-et-Afrique-Globalong-petite-taille-2.jpg\",\"width\":512,\"height\":512,\"caption\":\"Association Globalong\"},\"image\":{\"@id\":\"https:\/\/www.vita-explorers.dk\/blog\/#\/schema\/logo\/image\/\"},\"sameAs\":[\"https:\/\/www.facebook.com\/globalong\"]},{\"@type\":\"Person\",\"@id\":\"https:\/\/www.vita-explorers.dk\/blog\/#\/schema\/person\/d7df267b64f23018d1dc519e78fb2735\",\"name\":\"VITA Tribe\",\"image\":{\"@type\":\"ImageObject\",\"inLanguage\":\"da-DK\",\"@id\":\"https:\/\/www.vita-explorers.dk\/blog\/#\/schema\/person\/image\/\",\"url\":\"https:\/\/secure.gravatar.com\/avatar\/81461bcc213d0ff2bdc043d4206648f0?s=96&d=mm&r=g\",\"contentUrl\":\"https:\/\/secure.gravatar.com\/avatar\/81461bcc213d0ff2bdc043d4206648f0?s=96&d=mm&r=g\",\"caption\":\"VITA Tribe\"},\"sameAs\":[\"https:\/\/www.globalong.com\"],\"url\":\"https:\/\/www.vita-explorers.dk\/blog\/author\/sophie\/\"}]}<\/script>\n<!-- \/ Yoast SEO Premium plugin. -->","yoast_head_json":{"title":"Californien ramt af \u00abCamp Fire\u00bb \u2013 den d\u00f8deligste skovbrand i delstatens historie - VITA Explorers Blog","robots":{"index":"index","follow":"follow","max-snippet":"max-snippet:-1","max-image-preview":"max-image-preview:large","max-video-preview":"max-video-preview:-1"},"canonical":"https:\/\/www.vita-explorers.dk\/blog\/californie-camp-fire-ildbrand-miljo-frivilligt-arbejde-baeredygtig-udvikling-internationalt-forloeb\/","og_locale":"da_DK","og_type":"article","og_title":"Californien ramt af \u00abCamp Fire\u00bb \u2013 den d\u00f8deligste skovbrand i delstatens historie","og_description":"Den aktuelle status er 56 omkomne. Til dato er mere end 130 personer stadig meldt savnet. Over 50.000 mennesker har m\u00e5ttet forlade deres hjem.\u2026","og_url":"https:\/\/www.vita-explorers.dk\/blog\/californie-camp-fire-ildbrand-miljo-frivilligt-arbejde-baeredygtig-udvikling-internationalt-forloeb\/","og_site_name":"VITA Explorers Blog","article_publisher":"https:\/\/www.facebook.com\/globalong","article_published_time":"2018-11-16T10:57:57+00:00","article_modified_time":"2023-01-04T14:57:06+00:00","og_image":[{"width":290,"height":174,"url":"https:\/\/www.vita-explorers.dk\/blog\/wp-content\/uploads\/2018\/11\/Camp-Fire-California-15-11-2018-min.jpg","type":"image\/jpeg"}],"author":"VITA Tribe","twitter_card":"summary_large_image","twitter_misc":{"Skrevet af":"VITA Tribe","Estimeret l\u00e6setid":"2 minutter"},"schema":{"@context":"https:\/\/schema.org","@graph":[{"@type":"Article","@id":"https:\/\/www.vita-explorers.dk\/blog\/californie-camp-fire-ildbrand-miljo-frivilligt-arbejde-baeredygtig-udvikling-internationalt-forloeb\/#article","isPartOf":{"@id":"https:\/\/www.vita-explorers.dk\/blog\/californie-camp-fire-ildbrand-miljo-frivilligt-arbejde-baeredygtig-udvikling-internationalt-forloeb\/"},"author":{"name":"VITA Tribe","@id":"https:\/\/www.vita-explorers.dk\/blog\/#\/schema\/person\/d7df267b64f23018d1dc519e78fb2735"},"headline":"Californien ramt af \u00abCamp Fire\u00bb \u2013 den d\u00f8deligste skovbrand i delstatens historie","datePublished":"2018-11-16T10:57:57+00:00","dateModified":"2023-01-04T14:57:06+00:00","mainEntityOfPage":{"@id":"https:\/\/www.vita-explorers.dk\/blog\/californie-camp-fire-ildbrand-miljo-frivilligt-arbejde-baeredygtig-udvikling-internationalt-forloeb\/"},"wordCount":369,"commentCount":2,"publisher":{"@id":"https:\/\/www.vita-explorers.dk\/blog\/#organization"},"image":{"@id":"https:\/\/www.vita-explorers.dk\/blog\/californie-camp-fire-ildbrand-miljo-frivilligt-arbejde-baeredygtig-udvikling-internationalt-forloeb\/#primaryimage"},"thumbnailUrl":"https:\/\/www.vita-explorers.dk\/blog\/wp-content\/uploads\/2018\/11\/Camp-Fire-California-15-11-2018-min.jpg","keywords":["californie","Camp Fire","catastrophe","d\u00e9veloppement durable","Eco-volontariat","etats-unis","incendie","international","novembre 2018","programme de b\u00e9n\u00e9volat","USA"],"articleSection":["Humanit\u00e6rt frivilligt arbejde","No Name","Nyheder","Rejser - generelle oplysninger","VITA Explorers"],"inLanguage":"da-DK","potentialAction":[{"@type":"CommentAction","name":"Comment","target":["https:\/\/www.vita-explorers.dk\/blog\/californie-camp-fire-ildbrand-miljo-frivilligt-arbejde-baeredygtig-udvikling-internationalt-forloeb\/#respond"]}]},{"@type":"WebPage","@id":"https:\/\/www.vita-explorers.dk\/blog\/californie-camp-fire-ildbrand-miljo-frivilligt-arbejde-baeredygtig-udvikling-internationalt-forloeb\/","url":"https:\/\/www.vita-explorers.dk\/blog\/californie-camp-fire-ildbrand-miljo-frivilligt-arbejde-baeredygtig-udvikling-internationalt-forloeb\/","name":"Californien ramt af \u00abCamp Fire\u00bb \u2013 den d\u00f8deligste skovbrand i delstatens historie - VITA Explorers Blog","isPartOf":{"@id":"https:\/\/www.vita-explorers.dk\/blog\/#website"},"primaryImageOfPage":{"@id":"https:\/\/www.vita-explorers.dk\/blog\/californie-camp-fire-ildbrand-miljo-frivilligt-arbejde-baeredygtig-udvikling-internationalt-forloeb\/#primaryimage"},"image":{"@id":"https:\/\/www.vita-explorers.dk\/blog\/californie-camp-fire-ildbrand-miljo-frivilligt-arbejde-baeredygtig-udvikling-internationalt-forloeb\/#primaryimage"},"thumbnailUrl":"https:\/\/www.vita-explorers.dk\/blog\/wp-content\/uploads\/2018\/11\/Camp-Fire-California-15-11-2018-min.jpg","datePublished":"2018-11-16T10:57:57+00:00","dateModified":"2023-01-04T14:57:06+00:00","breadcrumb":{"@id":"https:\/\/www.vita-explorers.dk\/blog\/californie-camp-fire-ildbrand-miljo-frivilligt-arbejde-baeredygtig-udvikling-internationalt-forloeb\/#breadcrumb"},"inLanguage":"da-DK","potentialAction":[{"@type":"ReadAction","target":["https:\/\/www.vita-explorers.dk\/blog\/californie-camp-fire-ildbrand-miljo-frivilligt-arbejde-baeredygtig-udvikling-internationalt-forloeb\/"]}]},{"@type":"ImageObject","inLanguage":"da-DK","@id":"https:\/\/www.vita-explorers.dk\/blog\/californie-camp-fire-ildbrand-miljo-frivilligt-arbejde-baeredygtig-udvikling-internationalt-forloeb\/#primaryimage","url":"https:\/\/www.vita-explorers.dk\/blog\/wp-content\/uploads\/2018\/11\/Camp-Fire-California-15-11-2018-min.jpg","contentUrl":"https:\/\/www.vita-explorers.dk\/blog\/wp-content\/uploads\/2018\/11\/Camp-Fire-California-15-11-2018-min.jpg","width":290,"height":174},{"@type":"BreadcrumbList","@id":"https:\/\/www.vita-explorers.dk\/blog\/californie-camp-fire-ildbrand-miljo-frivilligt-arbejde-baeredygtig-udvikling-internationalt-forloeb\/#breadcrumb","itemListElement":[{"@type":"ListItem","position":1,"name":"Accueil","item":"https:\/\/www.vita-explorers.dk\/blog\/"},{"@type":"ListItem","position":2,"name":"Californien ramt af \u00abCamp Fire\u00bb \u2013 den d\u00f8deligste skovbrand i delstatens historie"}]},{"@type":"WebSite","@id":"https:\/\/www.vita-explorers.dk\/blog\/#website","url":"https:\/\/www.vita-explorers.dk\/blog\/","name":"Association Globalong","description":"Frivilligt arbejde, sprogophold, praktik i udlandet og internationale oplevelser","publisher":{"@id":"https:\/\/www.vita-explorers.dk\/blog\/#organization"},"potentialAction":[{"@type":"SearchAction","target":{"@type":"EntryPoint","urlTemplate":"https:\/\/www.vita-explorers.dk\/blog\/?s={search_term_string}"},"query-input":{"@type":"PropertyValueSpecification","valueRequired":true,"valueName":"search_term_string"}}],"inLanguage":"da-DK"},{"@type":"Organization","@id":"https:\/\/www.vita-explorers.dk\/blog\/#organization","name":"Association Globalong","url":"https:\/\/www.vita-explorers.dk\/blog\/","logo":{"@type":"ImageObject","inLanguage":"da-DK","@id":"https:\/\/www.vita-explorers.dk\/blog\/#\/schema\/logo\/image\/","url":"https:\/\/www.globalong.com\/blog\/wp-content\/uploads\/2014\/11\/cropped-cropped-Logo-et-Afrique-Globalong-petite-taille-2.jpg","contentUrl":"https:\/\/www.globalong.com\/blog\/wp-content\/uploads\/2014\/11\/cropped-cropped-Logo-et-Afrique-Globalong-petite-taille-2.jpg","width":512,"height":512,"caption":"Association Globalong"},"image":{"@id":"https:\/\/www.vita-explorers.dk\/blog\/#\/schema\/logo\/image\/"},"sameAs":["https:\/\/www.facebook.com\/globalong"]},{"@type":"Person","@id":"https:\/\/www.vita-explorers.dk\/blog\/#\/schema\/person\/d7df267b64f23018d1dc519e78fb2735","name":"VITA Tribe","image":{"@type":"ImageObject","inLanguage":"da-DK","@id":"https:\/\/www.vita-explorers.dk\/blog\/#\/schema\/person\/image\/","url":"https:\/\/secure.gravatar.com\/avatar\/81461bcc213d0ff2bdc043d4206648f0?s=96&d=mm&r=g","contentUrl":"https:\/\/secure.gravatar.com\/avatar\/81461bcc213d0ff2bdc043d4206648f0?s=96&d=mm&r=g","caption":"VITA Tribe"},"sameAs":["https:\/\/www.globalong.com"],"url":"https:\/\/www.vita-explorers.dk\/blog\/author\/sophie\/"}]}},"_links":{"self":[{"href":"https:\/\/www.vita-explorers.dk\/blog\/wp-json\/wp\/v2\/posts\/11937"}],"collection":[{"href":"https:\/\/www.vita-explorers.dk\/blog\/wp-json\/wp\/v2\/posts"}],"about":[{"href":"https:\/\/www.vita-explorers.dk\/blog\/wp-json\/wp\/v2\/types\/post"}],"author":[{"embeddable":true,"href":"https:\/\/www.vita-explorers.dk\/blog\/wp-json\/wp\/v2\/users\/1"}],"replies":[{"embeddable":true,"href":"https:\/\/www.vita-explorers.dk\/blog\/wp-json\/wp\/v2\/comments?post=11937"}],"version-history":[{"count":20,"href":"https:\/\/www.vita-explorers.dk\/blog\/wp-json\/wp\/v2\/posts\/11937\/revisions"}],"predecessor-version":[{"id":15038,"href":"https:\/\/www.vita-explorers.dk\/blog\/wp-json\/wp\/v2\/posts\/11937\/revisions\/15038"}],"wp:featuredmedia":[{"embeddable":true,"href":"https:\/\/www.vita-explorers.dk\/blog\/wp-json\/wp\/v2\/media\/11941"}],"wp:attachment":[{"href":"https:\/\/www.vita-explorers.dk\/blog\/wp-json\/wp\/v2\/media?parent=11937"}],"wp:term":[{"taxonomy":"category","embeddable":true,"href":"https:\/\/www.vita-explorers.dk\/blog\/wp-json\/wp\/v2\/categories?post=11937"},{"taxonomy":"post_tag","embeddable":true,"href":"https:\/\/www.vita-explorers.dk\/blog\/wp-json\/wp\/v2\/tags?post=11937"}],"curies":[{"name":"wp","href":"https:\/\/api.w.org\/{rel}","templated":true}]}}