{"id":11996,"date":"2018-11-29T17:01:42","date_gmt":"2018-11-29T16:01:42","guid":{"rendered":"https:\/\/www.globalong.com\/blog\/?p=11996"},"modified":"2023-01-04T15:56:40","modified_gmt":"2023-01-04T14:56:40","slug":"reggae-jamaica-caribien-immateriel-kulturarv-unesco-frivilligt-arbejde-internationalt-socialt","status":"publish","type":"post","link":"https:\/\/www.vita-explorers.dk\/blog\/reggae-jamaica-caribien-immateriel-kulturarv-unesco-frivilligt-arbejde-internationalt-socialt\/","title":{"rendered":"Jamaica: Reggae optaget p\u00e5 Unescos liste over immateriel kulturarv!"},"content":{"rendered":"<div class=\"ti-widget ti-goog\" data-layout-id=\"4\" data-set-id=\"light-background\" data-pid=\"\" data-language=\"fr\" data-version=\"2\" data-review-target-width=\"300\" data-review-text-mode=\"readmore\" data-pager-autoplay-timeout=\"6\" > <div class=\"ti-widget-container ti-col-3\"> <div class=\"ti-reviews-container\"> <div class=\"ti-controls\"> <div class=\"ti-next\" aria-label=\"Avis suivante\" role=\"button\"><\/div> <div class=\"ti-prev\" aria-label=\"Avis pr\u00e9c\u00e9dent\" role=\"button\"><\/div> <\/div> <div class=\"ti-reviews-container-wrapper\">  <div data-empty=\"0\" class=\"ti-review-item source-Google ti-image-layout-thumbnail\" data-id=\"cfcd208495d565ef66e7dff9f98764da\" > <div class=\"ti-inner\"> <div class=\"ti-review-header\"> <div class=\"ti-profile-img\"> <img decoding=\"async\" src=\"https:\/\/lh3.googleusercontent.com\/a\/ACg8ocKpaoKe37CD0_POxO97KqB60GsWQRsIuG2vmCfXT-W_FY44vw=s120-c-rp-mo-br100\" srcset=\"https:\/\/lh3.googleusercontent.com\/a\/ACg8ocKpaoKe37CD0_POxO97KqB60GsWQRsIuG2vmCfXT-W_FY44vw=s120-c-rp-mo-br100 2x\" alt=\"Lucie Correia\" loading=\"lazy\" \/> <\/div> <div class=\"ti-profile-details\"> <div class=\"ti-name\"> Lucie Correia <\/div> <div class=\"ti-date\">2024-10-17<\/div> <\/div> <\/div> <span class=\"ti-stars\"><span class=\"ti-star f\"><\/span><span class=\"ti-star f\"><\/span><span class=\"ti-star f\"><\/span><span class=\"ti-star f\"><\/span><span class=\"ti-star f\"><\/span><\/span> <div class=\"ti-review-text-container ti-review-content\"><!-- R-CONTENT -->La communication avec Globalong est super, personnes tr\u00e8s pr\u00e9sentes pour les b\u00e9n\u00e9voles et \u00e9tudiants partant avec cette association. Elles r\u00e9pondent \u00e0 toutes nos questions et sont tr\u00e8s accessibles au t\u00e9l\u00e9phone.<!-- R-CONTENT --><\/div> <span class=\"ti-read-more\" data-container=\".ti-review-content\" data-collapse-text=\"Cacher\" data-open-text=\"Lire la suite\" ><\/span> <\/div> <\/div>  <div data-empty=\"0\" class=\"ti-review-item source-Google ti-image-layout-thumbnail\" data-id=\"cfcd208495d565ef66e7dff9f98764da\" > <div class=\"ti-inner\"> <div class=\"ti-review-header\"> <div class=\"ti-profile-img\"> <img decoding=\"async\" src=\"https:\/\/lh3.googleusercontent.com\/a-\/ALV-UjWqnnzM7-7c9BDqeTDF-a7pOgNjvLkJ3WshRd_Tn7z0Eu-AGQwo=s120-c-rp-mo-br100\" srcset=\"https:\/\/lh3.googleusercontent.com\/a-\/ALV-UjWqnnzM7-7c9BDqeTDF-a7pOgNjvLkJ3WshRd_Tn7z0Eu-AGQwo=s120-c-rp-mo-br100 2x\" alt=\"Ra\u00efssa Frisch\" loading=\"lazy\" \/> <\/div> <div class=\"ti-profile-details\"> <div class=\"ti-name\"> Ra\u00efssa Frisch <\/div> <div class=\"ti-date\">2024-10-14<\/div> <\/div> <\/div> <span class=\"ti-stars\"><span class=\"ti-star f\"><\/span><span class=\"ti-star f\"><\/span><span class=\"ti-star f\"><\/span><span class=\"ti-star f\"><\/span><span class=\"ti-star f\"><\/span><\/span> <div class=\"ti-review-text-container ti-review-content\"><!-- R-CONTENT -->J\u2019ai d\u00e9j\u00e0 eu l\u2019opportunit\u00e9 de r\u00e9aliser deux projets humanitaires avec l\u2019association Globalong. Je ne peux que la recommander, car j\u2019ai toujours b\u00e9n\u00e9fici\u00e9 d\u2019un excellent accompagnement, aussi bien avant que pendant le voyage. On ne vous laisse pas vous d\u00e9brouiller seuls, bien au contraire, vous \u00eates tr\u00e8s bien encadr\u00e9s pour accomplir toutes les d\u00e9marches dans les d\u00e9lais.\n\nAu-del\u00e0 du suivi, les exp\u00e9riences humanitaires propos\u00e9es par Globalong ne peuvent que transformer votre vie de mani\u00e8re positive. Elles vous apportent une richesse humaine inestimable.<!-- R-CONTENT --><\/div> <span class=\"ti-read-more\" data-container=\".ti-review-content\" data-collapse-text=\"Cacher\" data-open-text=\"Lire la suite\" ><\/span> <\/div> <\/div>  <div data-empty=\"0\" class=\"ti-review-item source-Google ti-image-layout-thumbnail\" data-id=\"cfcd208495d565ef66e7dff9f98764da\" > <div class=\"ti-inner\"> <div class=\"ti-review-header\"> <div class=\"ti-profile-img\"> <img decoding=\"async\" src=\"https:\/\/lh3.googleusercontent.com\/a\/ACg8ocJL-Dxv25YkXK2QwWPNRxTVqZCv5uTmDQDFg5qslKra3vRZew=s120-c-rp-mo-br100\" srcset=\"https:\/\/lh3.googleusercontent.com\/a\/ACg8ocJL-Dxv25YkXK2QwWPNRxTVqZCv5uTmDQDFg5qslKra3vRZew=s120-c-rp-mo-br100 2x\" alt=\"Tara Turan\" loading=\"lazy\" \/> <\/div> <div class=\"ti-profile-details\"> <div class=\"ti-name\"> Tara Turan <\/div> <div class=\"ti-date\">2024-10-14<\/div> <\/div> <\/div> <span class=\"ti-stars\"><span class=\"ti-star f\"><\/span><span class=\"ti-star f\"><\/span><span class=\"ti-star f\"><\/span><span class=\"ti-star f\"><\/span><span class=\"ti-star f\"><\/span><\/span> <div class=\"ti-review-text-container ti-review-content\"><!-- R-CONTENT -->Une des meilleures associations que j\u2019ai pu faire !\nUne organisation et un suivi vraiment parfait, c\u2019est avec grand plaisir que je referai un projet avec eux.<!-- R-CONTENT --><\/div> <span class=\"ti-read-more\" data-container=\".ti-review-content\" data-collapse-text=\"Cacher\" data-open-text=\"Lire la suite\" ><\/span> <\/div> <\/div>  <div data-empty=\"0\" class=\"ti-review-item source-Google ti-image-layout-thumbnail\" data-id=\"cfcd208495d565ef66e7dff9f98764da\" > <div class=\"ti-inner\"> <div class=\"ti-review-header\"> <div class=\"ti-profile-img\"> <img decoding=\"async\" src=\"https:\/\/lh3.googleusercontent.com\/a\/ACg8ocLctTPNovSk3eKM0b_MIPOfcFEQsz2135Cdu59_BWRVsIYC7Q=s120-c-rp-mo-br100\" srcset=\"https:\/\/lh3.googleusercontent.com\/a\/ACg8ocLctTPNovSk3eKM0b_MIPOfcFEQsz2135Cdu59_BWRVsIYC7Q=s120-c-rp-mo-br100 2x\" alt=\"Repiquet Julie\" loading=\"lazy\" \/> <\/div> <div class=\"ti-profile-details\"> <div class=\"ti-name\"> Repiquet Julie <\/div> <div class=\"ti-date\">2024-10-13<\/div> <\/div> <\/div> <span class=\"ti-stars\"><span class=\"ti-star f\"><\/span><span class=\"ti-star f\"><\/span><span class=\"ti-star f\"><\/span><span class=\"ti-star f\"><\/span><span class=\"ti-star f\"><\/span><\/span> <div class=\"ti-review-text-container ti-review-content\"><!-- R-CONTENT -->Tr\u00e8s bon accompagnement de la part de Globalong, du premier jour avec toutes mes interrogations, jusqu'au d\u00e9part dans quelques jours. Le dossier transmis apr\u00e8s validation de la mission est plus que complet, les webmaster tr\u00e8s int\u00e9ressantes et permettent de d\u00e9charger mentalement ce genre de pr\u00e9paration, tout est pr\u00e9vu il n'y a plus qu'\u00e0 suivre ! Merci \u00e0 Florence de r\u00e9pondre \u00e0 toutes mes questions avec gentillesse et bienveillance, cela m'a permis de passer le cap!\nMaintenant, il n'y a plus qu'\u00e0 \ud83d\ude00<!-- R-CONTENT --><\/div> <span class=\"ti-read-more\" data-container=\".ti-review-content\" data-collapse-text=\"Cacher\" data-open-text=\"Lire la suite\" ><\/span> <\/div> <\/div>  <div data-empty=\"0\" class=\"ti-review-item source-Google ti-image-layout-thumbnail\" data-id=\"cfcd208495d565ef66e7dff9f98764da\" > <div class=\"ti-inner\"> <div class=\"ti-review-header\"> <div class=\"ti-profile-img\"> <img decoding=\"async\" src=\"https:\/\/lh3.googleusercontent.com\/a\/ACg8ocJJTdmTWs8nAA0yuH_cKOUgzc6GFAkHBiXhpnnVYXaWMBZsHw=s120-c-rp-mo-br100\" srcset=\"https:\/\/lh3.googleusercontent.com\/a\/ACg8ocJJTdmTWs8nAA0yuH_cKOUgzc6GFAkHBiXhpnnVYXaWMBZsHw=s120-c-rp-mo-br100 2x\" alt=\"Marine Guilhamat\" loading=\"lazy\" \/> <\/div> <div class=\"ti-profile-details\"> <div class=\"ti-name\"> Marine Guilhamat <\/div> <div class=\"ti-date\">2024-10-09<\/div> <\/div> <\/div> <span class=\"ti-stars\"><span class=\"ti-star f\"><\/span><span class=\"ti-star f\"><\/span><span class=\"ti-star f\"><\/span><span class=\"ti-star f\"><\/span><span class=\"ti-star f\"><\/span><\/span> <div class=\"ti-review-text-container ti-review-content\"><!-- R-CONTENT -->Tr\u00e8s belle association qui offre un cadre super s\u00e9curisant et permet de s\u2019investir dans des projets qui ont du sens. Merci \u00e0 l\u2019\u00e9quipe Globalong pour votre disponibilit\u00e9, gentillesse et accompagnement !<!-- R-CONTENT --><\/div> <span class=\"ti-read-more\" data-container=\".ti-review-content\" data-collapse-text=\"Cacher\" data-open-text=\"Lire la suite\" ><\/span> <\/div> <\/div>  <div data-empty=\"0\" class=\"ti-review-item source-Google ti-image-layout-thumbnail\" data-id=\"cfcd208495d565ef66e7dff9f98764da\" > <div class=\"ti-inner\"> <div class=\"ti-review-header\"> <div class=\"ti-profile-img\"> <img decoding=\"async\" src=\"https:\/\/lh3.googleusercontent.com\/a\/ACg8ocIgITHXKo46qgJyPqlJeAcxz11gCKUJpGIk2qauiIe2O3iZ6w=s120-c-rp-mo-br100\" srcset=\"https:\/\/lh3.googleusercontent.com\/a\/ACg8ocIgITHXKo46qgJyPqlJeAcxz11gCKUJpGIk2qauiIe2O3iZ6w=s120-c-rp-mo-br100 2x\" alt=\"Laura Mercier\" loading=\"lazy\" \/> <\/div> <div class=\"ti-profile-details\"> <div class=\"ti-name\"> Laura Mercier <\/div> <div class=\"ti-date\">2024-10-08<\/div> <\/div> <\/div> <span class=\"ti-stars\"><span class=\"ti-star f\"><\/span><span class=\"ti-star f\"><\/span><span class=\"ti-star f\"><\/span><span class=\"ti-star f\"><\/span><span class=\"ti-star f\"><\/span><\/span> <div class=\"ti-review-text-container ti-review-content\"><!-- R-CONTENT -->Mon d\u00e9part approche, je pars dans une semaine, et depuis le d\u00e9but de mon inscription je suis tr\u00e8s satisfaite du suivi effectu\u00e9 par l\u2019association. Ils sont tr\u00e8s disponibles et r\u00e9pondent rapidement \u00e0 l\u2019ensemble des questions. Je suis tr\u00e8s contente de partir faire cette mission humanitaire encadr\u00e9e par cette association. Je recommande vraiment.<!-- R-CONTENT --><\/div> <span class=\"ti-read-more\" data-container=\".ti-review-content\" data-collapse-text=\"Cacher\" data-open-text=\"Lire la suite\" ><\/span> <\/div> <\/div>  <div data-empty=\"0\" class=\"ti-review-item source-Google ti-image-layout-thumbnail\" data-id=\"cfcd208495d565ef66e7dff9f98764da\" > <div class=\"ti-inner\"> <div class=\"ti-review-header\"> <div class=\"ti-profile-img\"> <img decoding=\"async\" src=\"https:\/\/lh3.googleusercontent.com\/a-\/ALV-UjVVr0YMQhXl8QNEEB32l-rnoaYwvRZUjIEX9OEwPE_1fQwzIyk=s120-c-rp-mo-br100\" srcset=\"https:\/\/lh3.googleusercontent.com\/a-\/ALV-UjVVr0YMQhXl8QNEEB32l-rnoaYwvRZUjIEX9OEwPE_1fQwzIyk=s120-c-rp-mo-br100 2x\" alt=\"Anouk Rzkt\" loading=\"lazy\" \/> <\/div> <div class=\"ti-profile-details\"> <div class=\"ti-name\"> Anouk Rzkt <\/div> <div class=\"ti-date\">2024-10-02<\/div> <\/div> <\/div> <span class=\"ti-stars\"><span class=\"ti-star f\"><\/span><span class=\"ti-star f\"><\/span><span class=\"ti-star f\"><\/span><span class=\"ti-star f\"><\/span><span class=\"ti-star f\"><\/span><\/span> <div class=\"ti-review-text-container ti-review-content\"><!-- R-CONTENT -->Globalong est l'association parfaite. L'\u00e9quipe offre un v\u00e9ritable accompagnement rythm\u00e9 par beaucoup de conseils et d'\u00e9coute. Le site est tr\u00e8s bien fait avec des dossiers complets allant des sujets tr\u00e8s pratiques a d'autres plus th\u00e9oriques (tels que le choc culturel par exemple). Je recommande vivement et remercie sinc\u00e8rement toute l'\u00e9quipe pour leur gentillesse et investissement !<!-- R-CONTENT --><\/div> <span class=\"ti-read-more\" data-container=\".ti-review-content\" data-collapse-text=\"Cacher\" data-open-text=\"Lire la suite\" ><\/span> <\/div> <\/div>  <\/div> <div class=\"ti-controls-line\"> <div class=\"dot\"><\/div> <\/div> <\/div> <div class=\"ti-footer\"> <div class=\"ti-rating-text\"> <span class=\"nowrap\">\u00c9valuation <strong>Google<\/strong> : <\/span><span class=\"nowrap\"><strong>4.8<\/strong> sur 5, <\/span><span class=\"nowrap\">Bas\u00e9e sur <strong>240 avis<\/strong><\/span> <\/div> <\/div>  <\/div> <\/div> \n<p style=\"text-align: center;\"><span style=\"color: #b81657;\"><strong>I dag har Jamaica pr\u00e6senteret og bakket op om reggaens optagelse hos Komit\u00e9en for beskyttelse af den immaterielle kulturarv, som var samlet i Port-Louis (Mauritius) for at dr\u00f8fte sagen.<\/strong><\/span><\/p>\n<p style=\"text-align: justify;\"><a href=\"https:\/\/www.vita-explorers.dk\/blog\/wp-content\/uploads\/2018\/11\/ac68488c-d10a-4524-9c17-b3235c3e876a-min.jpg\"><img loading=\"lazy\" decoding=\"async\" class=\"wp-image-12002 size-medium aligncenter\" src=\"https:\/\/www.vita-explorers.dk\/blog\/wp-content\/uploads\/2018\/11\/ac68488c-d10a-4524-9c17-b3235c3e876a-min-300x169.jpg\" alt=\"\" width=\"300\" height=\"169\" srcset=\"https:\/\/www.vita-explorers.dk\/blog\/wp-content\/uploads\/2018\/11\/ac68488c-d10a-4524-9c17-b3235c3e876a-min-300x169.jpg 300w, https:\/\/www.vita-explorers.dk\/blog\/wp-content\/uploads\/2018\/11\/ac68488c-d10a-4524-9c17-b3235c3e876a-min-768x432.jpg 768w, https:\/\/www.vita-explorers.dk\/blog\/wp-content\/uploads\/2018\/11\/ac68488c-d10a-4524-9c17-b3235c3e876a-min-1024x576.jpg 1024w, https:\/\/www.vita-explorers.dk\/blog\/wp-content\/uploads\/2018\/11\/ac68488c-d10a-4524-9c17-b3235c3e876a-min-150x84.jpg 150w, https:\/\/www.vita-explorers.dk\/blog\/wp-content\/uploads\/2018\/11\/ac68488c-d10a-4524-9c17-b3235c3e876a-min.jpg 1032w\" sizes=\"(max-width: 300px) 100vw, 300px\" \/><\/a>Reggae opstod i slutningen af <strong>1960\u2019erne<\/strong> p\u00e5 <a href=\"https:\/\/www.vita-explorers.dk\/frivilligt-arbejde\/jamaica-praktik-ophold-humanitaert-arbejde-frivilligt-arbejde-undervisning.html\" target=\"_blank\" rel=\"noopener\"><span style=\"text-decoration: underline; color: #b81657;\"><strong>Jamaica<\/strong><\/span><\/a> og blev kendt <strong>over hele verden<\/strong> gennem kunstnere som <strong>Bob Marley.<\/strong><\/p>\n<p style=\"text-align: justify;\">Denne <strong>\u201dhelt igennem jamaicanske\u201d musikstil<\/strong> er nu blevet en del af de godt 400 <strong>internationale kulturtraditioner<\/strong> p\u00e5 <strong>UNESCOs liste over menneskehedens immaterielle kulturarv<\/strong>.<\/p>\n<p style=\"text-align: justify;\"><a href=\"https:\/\/www.vita-explorers.dk\/blog\/wp-content\/uploads\/2018\/11\/acd26574-56c3-4bed-86b1-aa4ce0e28b1d-min.jpg\"><img loading=\"lazy\" decoding=\"async\" class=\"size-medium wp-image-12005 aligncenter\" src=\"https:\/\/www.vita-explorers.dk\/blog\/wp-content\/uploads\/2018\/11\/acd26574-56c3-4bed-86b1-aa4ce0e28b1d-min-300x169.jpg\" alt=\"\" width=\"300\" height=\"169\" srcset=\"https:\/\/www.vita-explorers.dk\/blog\/wp-content\/uploads\/2018\/11\/acd26574-56c3-4bed-86b1-aa4ce0e28b1d-min-300x169.jpg 300w, https:\/\/www.vita-explorers.dk\/blog\/wp-content\/uploads\/2018\/11\/acd26574-56c3-4bed-86b1-aa4ce0e28b1d-min-768x432.jpg 768w, https:\/\/www.vita-explorers.dk\/blog\/wp-content\/uploads\/2018\/11\/acd26574-56c3-4bed-86b1-aa4ce0e28b1d-min-1024x576.jpg 1024w, https:\/\/www.vita-explorers.dk\/blog\/wp-content\/uploads\/2018\/11\/acd26574-56c3-4bed-86b1-aa4ce0e28b1d-min-150x84.jpg 150w, https:\/\/www.vita-explorers.dk\/blog\/wp-content\/uploads\/2018\/11\/acd26574-56c3-4bed-86b1-aa4ce0e28b1d-min.jpg 1032w\" sizes=\"(max-width: 300px) 100vw, 300px\" \/><\/a>Mange ser reggae som <strong>de undertryktes musik.<\/strong><\/p>\n<p>If\u00f8lge UNESCO har den nemlig <strong>bidraget til \u00f8get international bevidsthed om store sociale og politiske temaer som slaveri, social ulighed, uretf\u00e6rdighed og racisme \u2013 samtidig med at den formidler positive v\u00e6rdier som modstandskraft, k\u00e6rlighed og menneskelighed<\/strong>.<\/p>\n<p style=\"text-align: justify;\"><a href=\"https:\/\/www.vita-explorers.dk\/blog\/wp-content\/uploads\/2018\/11\/IMG_20171028_142116-min.jpg\"><img loading=\"lazy\" decoding=\"async\" class=\"size-medium wp-image-12009 aligncenter\" src=\"https:\/\/www.vita-explorers.dk\/blog\/wp-content\/uploads\/2018\/11\/IMG_20171028_142116-min-300x225.jpg\" alt=\"\" width=\"300\" height=\"225\" srcset=\"https:\/\/www.vita-explorers.dk\/blog\/wp-content\/uploads\/2018\/11\/IMG_20171028_142116-min-300x225.jpg 300w, https:\/\/www.vita-explorers.dk\/blog\/wp-content\/uploads\/2018\/11\/IMG_20171028_142116-min-768x576.jpg 768w, https:\/\/www.vita-explorers.dk\/blog\/wp-content\/uploads\/2018\/11\/IMG_20171028_142116-min-1024x768.jpg 1024w, https:\/\/www.vita-explorers.dk\/blog\/wp-content\/uploads\/2018\/11\/IMG_20171028_142116-min-150x113.jpg 150w\" sizes=\"(max-width: 300px) 100vw, 300px\" \/><\/a>P\u00e5 den caribiske \u00f8, hvor genren blev f\u00f8dt, lever <strong>en stor del af befolkningen stadig i fattigdom og utrygge vilk\u00e5r<\/strong> \u2013 de seneste \u00e5rs \u00f8konomiske krise har givet en meget h\u00f8j arbejdsl\u00f8shed \u2013 og <strong>reggae st\u00e5r fortsat som et symbol p\u00e5 kulturel identitet og h\u00e5b<\/strong>.<\/p>\n<p style=\"text-align: justify;\"><strong>Hvis du gerne vil st\u00f8tte udsatte lokalsamfund i Caribien, kan du deltage som <a href=\"https:\/\/www.vita-explorers.dk\/blog\/frivilligt-arbejde-i-organisationer-psykologiske-fordele-international-erfaring-i-udlandet\/\" target=\"_blank\" rel=\"noopener\"><span style=\"text-decoration: underline; color: #b81657;\">international deltager\/praktikant<\/span><\/a> i et forl\u00f8b med frivilligt arbejde eller <a href=\"https:\/\/www.vita-explorers.dk\/blog\/dossiers-vita-ekstra-information-gode-rad-forskelle-sporgsmal-praktik-sprog-internationale-forlob-frivilligt-arbejde-sprogophold-udlandsophold-humanitaert-arbejde-projekt-sabbat\u00e5r\/charte-de-lecovolontariat\/\" target=\"_blank\" rel=\"noopener\"><span style=\"text-decoration: underline; color: #b81657;\">\u00f8ko-frivilligt arbejde<\/span><\/a> i dialog med lokale teams \u2013 og opleve Jamaica p\u00e5 en anden m\u00e5de!<\/strong><\/p>\n<p style=\"text-align: center;\"><a href=\"https:\/\/www.vita-explorers.dk\/frivilligt-arbejde\/jamaica-praktik-ophold-humanitaert-arbejde-frivilligt-arbejde-undervisning.html\" target=\"_blank\" rel=\"noopener\"><span style=\"text-decoration: underline;\"><span style=\"color: #b81657; text-decoration: underline;\"><strong>Se vores programmer med frivilligt arbejde p\u00e5 Jamaica!<\/strong><\/span><\/span><\/a><\/p>\n<p style=\"text-align: center;\"><a href=\"https:\/\/www.flickr.com\/photos\/globalong\/sets\/72157674924227316\" target=\"_blank\" rel=\"noopener\"><span style=\"text-decoration: underline;\"><span style=\"color: #b81657; text-decoration: underline;\"><strong>Se billeder fra VITA Explorers, der har engageret sig p\u00e5 Jamaica!<\/strong><\/span><\/span><\/a><\/p>\n<p style=\"text-align: center;\"><a href=\"https:\/\/www.vita-explorers.dk\/association-globalong.html\" target=\"_blank\" rel=\"noopener\"><span style=\"text-decoration: underline; color: #b81657;\"><strong>L\u00e6s mere om VITA Institute<\/strong><\/span><\/a><\/p>\n<p><span style=\"font-size: 8pt;\">Kilde: BBC News<\/span><\/p>\n<p><span style=\"font-size: 8pt;\">Fotos er vejledende<\/span><\/p>\n","protected":false},"excerpt":{"rendered":"<p>I dag har Jamaica pr\u00e6senteret og bakket op om reggaens optagelse hos Komit\u00e9en for beskyttelse af den immaterielle kulturarv, som var samlet i Port-Louis\u2026<\/p>\n","protected":false},"author":1,"featured_media":12001,"comment_status":"open","ping_status":"open","sticky":false,"template":"","format":"standard","meta":{"footnotes":""},"categories":[8,6,3,4],"tags":[17,658,655,657,243,387,654,656,653,166,380,325],"yoast_head":"<!-- This site is optimized with the Yoast SEO Premium plugin v23.4 (Yoast SEO v23.4) - https:\/\/yoast.com\/wordpress\/plugins\/seo\/ -->\n<title>Jamaica: Reggae optaget p\u00e5 Unescos liste over immateriel kulturarv! - VITA Explorers Blog<\/title>\n<meta name=\"robots\" content=\"index, follow, max-snippet:-1, max-image-preview:large, max-video-preview:-1\" \/>\n<link rel=\"canonical\" href=\"https:\/\/www.vita-explorers.dk\/blog\/reggae-jamaica-caribien-immateriel-kulturarv-unesco-frivilligt-arbejde-internationalt-socialt\/\" \/>\n<meta property=\"og:locale\" content=\"da_DK\" \/>\n<meta property=\"og:type\" content=\"article\" \/>\n<meta property=\"og:title\" content=\"Jamaica: Reggae optaget p\u00e5 Unescos liste over immateriel kulturarv!\" \/>\n<meta property=\"og:description\" content=\"I dag har Jamaica pr\u00e6senteret og bakket op om reggaens optagelse hos Komit\u00e9en for beskyttelse af den immaterielle kulturarv, som var samlet i Port-Louis\u2026\" \/>\n<meta property=\"og:url\" content=\"https:\/\/www.vita-explorers.dk\/blog\/reggae-jamaica-caribien-immateriel-kulturarv-unesco-frivilligt-arbejde-internationalt-socialt\/\" \/>\n<meta property=\"og:site_name\" content=\"VITA Explorers Blog\" \/>\n<meta property=\"article:publisher\" content=\"https:\/\/www.facebook.com\/globalong\" \/>\n<meta property=\"article:published_time\" content=\"2018-11-29T16:01:42+00:00\" \/>\n<meta property=\"article:modified_time\" content=\"2023-01-04T14:56:40+00:00\" \/>\n<meta property=\"og:image\" content=\"https:\/\/www.vita-explorers.dk\/blog\/wp-content\/uploads\/2018\/11\/Bob-Marley-min.jpg\" \/>\n\t<meta property=\"og:image:width\" content=\"960\" \/>\n\t<meta property=\"og:image:height\" content=\"540\" \/>\n\t<meta property=\"og:image:type\" content=\"image\/jpeg\" \/>\n<meta name=\"author\" content=\"VITA Tribe\" \/>\n<meta name=\"twitter:card\" content=\"summary_large_image\" \/>\n<meta name=\"twitter:label1\" content=\"Skrevet af\" \/>\n\t<meta name=\"twitter:data1\" content=\"VITA Tribe\" \/>\n\t<meta name=\"twitter:label2\" content=\"Estimeret l\u00e6setid\" \/>\n\t<meta name=\"twitter:data2\" content=\"1 minut\" \/>\n<script type=\"application\/ld+json\" class=\"yoast-schema-graph\">{\"@context\":\"https:\/\/schema.org\",\"@graph\":[{\"@type\":\"Article\",\"@id\":\"https:\/\/www.vita-explorers.dk\/blog\/reggae-jamaica-caribien-immateriel-kulturarv-unesco-frivilligt-arbejde-internationalt-socialt\/#article\",\"isPartOf\":{\"@id\":\"https:\/\/www.vita-explorers.dk\/blog\/reggae-jamaica-caribien-immateriel-kulturarv-unesco-frivilligt-arbejde-internationalt-socialt\/\"},\"author\":{\"name\":\"VITA Tribe\",\"@id\":\"https:\/\/www.vita-explorers.dk\/blog\/#\/schema\/person\/d7df267b64f23018d1dc519e78fb2735\"},\"headline\":\"Jamaica: Reggae optaget p\u00e5 Unescos liste over immateriel kulturarv!\",\"datePublished\":\"2018-11-29T16:01:42+00:00\",\"dateModified\":\"2023-01-04T14:56:40+00:00\",\"mainEntityOfPage\":{\"@id\":\"https:\/\/www.vita-explorers.dk\/blog\/reggae-jamaica-caribien-immateriel-kulturarv-unesco-frivilligt-arbejde-internationalt-socialt\/\"},\"wordCount\":250,\"commentCount\":0,\"publisher\":{\"@id\":\"https:\/\/www.vita-explorers.dk\/blog\/#organization\"},\"image\":{\"@id\":\"https:\/\/www.vita-explorers.dk\/blog\/reggae-jamaica-caribien-immateriel-kulturarv-unesco-frivilligt-arbejde-internationalt-socialt\/#primaryimage\"},\"thumbnailUrl\":\"https:\/\/www.vita-explorers.dk\/blog\/wp-content\/uploads\/2018\/11\/Bob-Marley-min.jpg\",\"keywords\":[\"b\u00e9n\u00e9volat\",\"Bob Marley\",\"Cara\u00efbes\",\"humanit\u00e9\",\"international\",\"Jama\u00efque\",\"musique\",\"Patrimoine culturel immat\u00e9riel de l'Unesco\",\"reggae\",\"social\",\"solidaire\",\"stage\"],\"articleSection\":[\"Humanit\u00e6rt frivilligt arbejde\",\"Nyheder\",\"Rejser - generelle oplysninger\",\"VITA Explorers\"],\"inLanguage\":\"da-DK\",\"potentialAction\":[{\"@type\":\"CommentAction\",\"name\":\"Comment\",\"target\":[\"https:\/\/www.vita-explorers.dk\/blog\/reggae-jamaica-caribien-immateriel-kulturarv-unesco-frivilligt-arbejde-internationalt-socialt\/#respond\"]}]},{\"@type\":\"WebPage\",\"@id\":\"https:\/\/www.vita-explorers.dk\/blog\/reggae-jamaica-caribien-immateriel-kulturarv-unesco-frivilligt-arbejde-internationalt-socialt\/\",\"url\":\"https:\/\/www.vita-explorers.dk\/blog\/reggae-jamaica-caribien-immateriel-kulturarv-unesco-frivilligt-arbejde-internationalt-socialt\/\",\"name\":\"Jamaica: Reggae optaget p\u00e5 Unescos liste over immateriel kulturarv! - VITA Explorers Blog\",\"isPartOf\":{\"@id\":\"https:\/\/www.vita-explorers.dk\/blog\/#website\"},\"primaryImageOfPage\":{\"@id\":\"https:\/\/www.vita-explorers.dk\/blog\/reggae-jamaica-caribien-immateriel-kulturarv-unesco-frivilligt-arbejde-internationalt-socialt\/#primaryimage\"},\"image\":{\"@id\":\"https:\/\/www.vita-explorers.dk\/blog\/reggae-jamaica-caribien-immateriel-kulturarv-unesco-frivilligt-arbejde-internationalt-socialt\/#primaryimage\"},\"thumbnailUrl\":\"https:\/\/www.vita-explorers.dk\/blog\/wp-content\/uploads\/2018\/11\/Bob-Marley-min.jpg\",\"datePublished\":\"2018-11-29T16:01:42+00:00\",\"dateModified\":\"2023-01-04T14:56:40+00:00\",\"breadcrumb\":{\"@id\":\"https:\/\/www.vita-explorers.dk\/blog\/reggae-jamaica-caribien-immateriel-kulturarv-unesco-frivilligt-arbejde-internationalt-socialt\/#breadcrumb\"},\"inLanguage\":\"da-DK\",\"potentialAction\":[{\"@type\":\"ReadAction\",\"target\":[\"https:\/\/www.vita-explorers.dk\/blog\/reggae-jamaica-caribien-immateriel-kulturarv-unesco-frivilligt-arbejde-internationalt-socialt\/\"]}]},{\"@type\":\"ImageObject\",\"inLanguage\":\"da-DK\",\"@id\":\"https:\/\/www.vita-explorers.dk\/blog\/reggae-jamaica-caribien-immateriel-kulturarv-unesco-frivilligt-arbejde-internationalt-socialt\/#primaryimage\",\"url\":\"https:\/\/www.vita-explorers.dk\/blog\/wp-content\/uploads\/2018\/11\/Bob-Marley-min.jpg\",\"contentUrl\":\"https:\/\/www.vita-explorers.dk\/blog\/wp-content\/uploads\/2018\/11\/Bob-Marley-min.jpg\",\"width\":960,\"height\":540},{\"@type\":\"BreadcrumbList\",\"@id\":\"https:\/\/www.vita-explorers.dk\/blog\/reggae-jamaica-caribien-immateriel-kulturarv-unesco-frivilligt-arbejde-internationalt-socialt\/#breadcrumb\",\"itemListElement\":[{\"@type\":\"ListItem\",\"position\":1,\"name\":\"Accueil\",\"item\":\"https:\/\/www.vita-explorers.dk\/blog\/\"},{\"@type\":\"ListItem\",\"position\":2,\"name\":\"Jamaica: Reggae optaget p\u00e5 Unescos liste over immateriel kulturarv!\"}]},{\"@type\":\"WebSite\",\"@id\":\"https:\/\/www.vita-explorers.dk\/blog\/#website\",\"url\":\"https:\/\/www.vita-explorers.dk\/blog\/\",\"name\":\"Association Globalong\",\"description\":\"Frivilligt arbejde, sprogophold, praktik i udlandet og internationale oplevelser\",\"publisher\":{\"@id\":\"https:\/\/www.vita-explorers.dk\/blog\/#organization\"},\"potentialAction\":[{\"@type\":\"SearchAction\",\"target\":{\"@type\":\"EntryPoint\",\"urlTemplate\":\"https:\/\/www.vita-explorers.dk\/blog\/?s={search_term_string}\"},\"query-input\":{\"@type\":\"PropertyValueSpecification\",\"valueRequired\":true,\"valueName\":\"search_term_string\"}}],\"inLanguage\":\"da-DK\"},{\"@type\":\"Organization\",\"@id\":\"https:\/\/www.vita-explorers.dk\/blog\/#organization\",\"name\":\"Association Globalong\",\"url\":\"https:\/\/www.vita-explorers.dk\/blog\/\",\"logo\":{\"@type\":\"ImageObject\",\"inLanguage\":\"da-DK\",\"@id\":\"https:\/\/www.vita-explorers.dk\/blog\/#\/schema\/logo\/image\/\",\"url\":\"https:\/\/www.globalong.com\/blog\/wp-content\/uploads\/2014\/11\/cropped-cropped-Logo-et-Afrique-Globalong-petite-taille-2.jpg\",\"contentUrl\":\"https:\/\/www.globalong.com\/blog\/wp-content\/uploads\/2014\/11\/cropped-cropped-Logo-et-Afrique-Globalong-petite-taille-2.jpg\",\"width\":512,\"height\":512,\"caption\":\"Association Globalong\"},\"image\":{\"@id\":\"https:\/\/www.vita-explorers.dk\/blog\/#\/schema\/logo\/image\/\"},\"sameAs\":[\"https:\/\/www.facebook.com\/globalong\"]},{\"@type\":\"Person\",\"@id\":\"https:\/\/www.vita-explorers.dk\/blog\/#\/schema\/person\/d7df267b64f23018d1dc519e78fb2735\",\"name\":\"VITA Tribe\",\"image\":{\"@type\":\"ImageObject\",\"inLanguage\":\"da-DK\",\"@id\":\"https:\/\/www.vita-explorers.dk\/blog\/#\/schema\/person\/image\/\",\"url\":\"https:\/\/secure.gravatar.com\/avatar\/81461bcc213d0ff2bdc043d4206648f0?s=96&d=mm&r=g\",\"contentUrl\":\"https:\/\/secure.gravatar.com\/avatar\/81461bcc213d0ff2bdc043d4206648f0?s=96&d=mm&r=g\",\"caption\":\"VITA Tribe\"},\"sameAs\":[\"https:\/\/www.globalong.com\"],\"url\":\"https:\/\/www.vita-explorers.dk\/blog\/author\/sophie\/\"}]}<\/script>\n<!-- \/ Yoast SEO Premium plugin. -->","yoast_head_json":{"title":"Jamaica: Reggae optaget p\u00e5 Unescos liste over immateriel kulturarv! - VITA Explorers Blog","robots":{"index":"index","follow":"follow","max-snippet":"max-snippet:-1","max-image-preview":"max-image-preview:large","max-video-preview":"max-video-preview:-1"},"canonical":"https:\/\/www.vita-explorers.dk\/blog\/reggae-jamaica-caribien-immateriel-kulturarv-unesco-frivilligt-arbejde-internationalt-socialt\/","og_locale":"da_DK","og_type":"article","og_title":"Jamaica: Reggae optaget p\u00e5 Unescos liste over immateriel kulturarv!","og_description":"I dag har Jamaica pr\u00e6senteret og bakket op om reggaens optagelse hos Komit\u00e9en for beskyttelse af den immaterielle kulturarv, som var samlet i Port-Louis\u2026","og_url":"https:\/\/www.vita-explorers.dk\/blog\/reggae-jamaica-caribien-immateriel-kulturarv-unesco-frivilligt-arbejde-internationalt-socialt\/","og_site_name":"VITA Explorers Blog","article_publisher":"https:\/\/www.facebook.com\/globalong","article_published_time":"2018-11-29T16:01:42+00:00","article_modified_time":"2023-01-04T14:56:40+00:00","og_image":[{"width":960,"height":540,"url":"https:\/\/www.vita-explorers.dk\/blog\/wp-content\/uploads\/2018\/11\/Bob-Marley-min.jpg","type":"image\/jpeg"}],"author":"VITA Tribe","twitter_card":"summary_large_image","twitter_misc":{"Skrevet af":"VITA Tribe","Estimeret l\u00e6setid":"1 minut"},"schema":{"@context":"https:\/\/schema.org","@graph":[{"@type":"Article","@id":"https:\/\/www.vita-explorers.dk\/blog\/reggae-jamaica-caribien-immateriel-kulturarv-unesco-frivilligt-arbejde-internationalt-socialt\/#article","isPartOf":{"@id":"https:\/\/www.vita-explorers.dk\/blog\/reggae-jamaica-caribien-immateriel-kulturarv-unesco-frivilligt-arbejde-internationalt-socialt\/"},"author":{"name":"VITA Tribe","@id":"https:\/\/www.vita-explorers.dk\/blog\/#\/schema\/person\/d7df267b64f23018d1dc519e78fb2735"},"headline":"Jamaica: Reggae optaget p\u00e5 Unescos liste over immateriel kulturarv!","datePublished":"2018-11-29T16:01:42+00:00","dateModified":"2023-01-04T14:56:40+00:00","mainEntityOfPage":{"@id":"https:\/\/www.vita-explorers.dk\/blog\/reggae-jamaica-caribien-immateriel-kulturarv-unesco-frivilligt-arbejde-internationalt-socialt\/"},"wordCount":250,"commentCount":0,"publisher":{"@id":"https:\/\/www.vita-explorers.dk\/blog\/#organization"},"image":{"@id":"https:\/\/www.vita-explorers.dk\/blog\/reggae-jamaica-caribien-immateriel-kulturarv-unesco-frivilligt-arbejde-internationalt-socialt\/#primaryimage"},"thumbnailUrl":"https:\/\/www.vita-explorers.dk\/blog\/wp-content\/uploads\/2018\/11\/Bob-Marley-min.jpg","keywords":["b\u00e9n\u00e9volat","Bob Marley","Cara\u00efbes","humanit\u00e9","international","Jama\u00efque","musique","Patrimoine culturel immat\u00e9riel de l'Unesco","reggae","social","solidaire","stage"],"articleSection":["Humanit\u00e6rt frivilligt arbejde","Nyheder","Rejser - generelle oplysninger","VITA Explorers"],"inLanguage":"da-DK","potentialAction":[{"@type":"CommentAction","name":"Comment","target":["https:\/\/www.vita-explorers.dk\/blog\/reggae-jamaica-caribien-immateriel-kulturarv-unesco-frivilligt-arbejde-internationalt-socialt\/#respond"]}]},{"@type":"WebPage","@id":"https:\/\/www.vita-explorers.dk\/blog\/reggae-jamaica-caribien-immateriel-kulturarv-unesco-frivilligt-arbejde-internationalt-socialt\/","url":"https:\/\/www.vita-explorers.dk\/blog\/reggae-jamaica-caribien-immateriel-kulturarv-unesco-frivilligt-arbejde-internationalt-socialt\/","name":"Jamaica: Reggae optaget p\u00e5 Unescos liste over immateriel kulturarv! - VITA Explorers Blog","isPartOf":{"@id":"https:\/\/www.vita-explorers.dk\/blog\/#website"},"primaryImageOfPage":{"@id":"https:\/\/www.vita-explorers.dk\/blog\/reggae-jamaica-caribien-immateriel-kulturarv-unesco-frivilligt-arbejde-internationalt-socialt\/#primaryimage"},"image":{"@id":"https:\/\/www.vita-explorers.dk\/blog\/reggae-jamaica-caribien-immateriel-kulturarv-unesco-frivilligt-arbejde-internationalt-socialt\/#primaryimage"},"thumbnailUrl":"https:\/\/www.vita-explorers.dk\/blog\/wp-content\/uploads\/2018\/11\/Bob-Marley-min.jpg","datePublished":"2018-11-29T16:01:42+00:00","dateModified":"2023-01-04T14:56:40+00:00","breadcrumb":{"@id":"https:\/\/www.vita-explorers.dk\/blog\/reggae-jamaica-caribien-immateriel-kulturarv-unesco-frivilligt-arbejde-internationalt-socialt\/#breadcrumb"},"inLanguage":"da-DK","potentialAction":[{"@type":"ReadAction","target":["https:\/\/www.vita-explorers.dk\/blog\/reggae-jamaica-caribien-immateriel-kulturarv-unesco-frivilligt-arbejde-internationalt-socialt\/"]}]},{"@type":"ImageObject","inLanguage":"da-DK","@id":"https:\/\/www.vita-explorers.dk\/blog\/reggae-jamaica-caribien-immateriel-kulturarv-unesco-frivilligt-arbejde-internationalt-socialt\/#primaryimage","url":"https:\/\/www.vita-explorers.dk\/blog\/wp-content\/uploads\/2018\/11\/Bob-Marley-min.jpg","contentUrl":"https:\/\/www.vita-explorers.dk\/blog\/wp-content\/uploads\/2018\/11\/Bob-Marley-min.jpg","width":960,"height":540},{"@type":"BreadcrumbList","@id":"https:\/\/www.vita-explorers.dk\/blog\/reggae-jamaica-caribien-immateriel-kulturarv-unesco-frivilligt-arbejde-internationalt-socialt\/#breadcrumb","itemListElement":[{"@type":"ListItem","position":1,"name":"Accueil","item":"https:\/\/www.vita-explorers.dk\/blog\/"},{"@type":"ListItem","position":2,"name":"Jamaica: Reggae optaget p\u00e5 Unescos liste over immateriel kulturarv!"}]},{"@type":"WebSite","@id":"https:\/\/www.vita-explorers.dk\/blog\/#website","url":"https:\/\/www.vita-explorers.dk\/blog\/","name":"Association Globalong","description":"Frivilligt arbejde, sprogophold, praktik i udlandet og internationale oplevelser","publisher":{"@id":"https:\/\/www.vita-explorers.dk\/blog\/#organization"},"potentialAction":[{"@type":"SearchAction","target":{"@type":"EntryPoint","urlTemplate":"https:\/\/www.vita-explorers.dk\/blog\/?s={search_term_string}"},"query-input":{"@type":"PropertyValueSpecification","valueRequired":true,"valueName":"search_term_string"}}],"inLanguage":"da-DK"},{"@type":"Organization","@id":"https:\/\/www.vita-explorers.dk\/blog\/#organization","name":"Association Globalong","url":"https:\/\/www.vita-explorers.dk\/blog\/","logo":{"@type":"ImageObject","inLanguage":"da-DK","@id":"https:\/\/www.vita-explorers.dk\/blog\/#\/schema\/logo\/image\/","url":"https:\/\/www.globalong.com\/blog\/wp-content\/uploads\/2014\/11\/cropped-cropped-Logo-et-Afrique-Globalong-petite-taille-2.jpg","contentUrl":"https:\/\/www.globalong.com\/blog\/wp-content\/uploads\/2014\/11\/cropped-cropped-Logo-et-Afrique-Globalong-petite-taille-2.jpg","width":512,"height":512,"caption":"Association Globalong"},"image":{"@id":"https:\/\/www.vita-explorers.dk\/blog\/#\/schema\/logo\/image\/"},"sameAs":["https:\/\/www.facebook.com\/globalong"]},{"@type":"Person","@id":"https:\/\/www.vita-explorers.dk\/blog\/#\/schema\/person\/d7df267b64f23018d1dc519e78fb2735","name":"VITA Tribe","image":{"@type":"ImageObject","inLanguage":"da-DK","@id":"https:\/\/www.vita-explorers.dk\/blog\/#\/schema\/person\/image\/","url":"https:\/\/secure.gravatar.com\/avatar\/81461bcc213d0ff2bdc043d4206648f0?s=96&d=mm&r=g","contentUrl":"https:\/\/secure.gravatar.com\/avatar\/81461bcc213d0ff2bdc043d4206648f0?s=96&d=mm&r=g","caption":"VITA Tribe"},"sameAs":["https:\/\/www.globalong.com"],"url":"https:\/\/www.vita-explorers.dk\/blog\/author\/sophie\/"}]}},"_links":{"self":[{"href":"https:\/\/www.vita-explorers.dk\/blog\/wp-json\/wp\/v2\/posts\/11996"}],"collection":[{"href":"https:\/\/www.vita-explorers.dk\/blog\/wp-json\/wp\/v2\/posts"}],"about":[{"href":"https:\/\/www.vita-explorers.dk\/blog\/wp-json\/wp\/v2\/types\/post"}],"author":[{"embeddable":true,"href":"https:\/\/www.vita-explorers.dk\/blog\/wp-json\/wp\/v2\/users\/1"}],"replies":[{"embeddable":true,"href":"https:\/\/www.vita-explorers.dk\/blog\/wp-json\/wp\/v2\/comments?post=11996"}],"version-history":[{"count":14,"href":"https:\/\/www.vita-explorers.dk\/blog\/wp-json\/wp\/v2\/posts\/11996\/revisions"}],"predecessor-version":[{"id":15037,"href":"https:\/\/www.vita-explorers.dk\/blog\/wp-json\/wp\/v2\/posts\/11996\/revisions\/15037"}],"wp:featuredmedia":[{"embeddable":true,"href":"https:\/\/www.vita-explorers.dk\/blog\/wp-json\/wp\/v2\/media\/12001"}],"wp:attachment":[{"href":"https:\/\/www.vita-explorers.dk\/blog\/wp-json\/wp\/v2\/media?parent=11996"}],"wp:term":[{"taxonomy":"category","embeddable":true,"href":"https:\/\/www.vita-explorers.dk\/blog\/wp-json\/wp\/v2\/categories?post=11996"},{"taxonomy":"post_tag","embeddable":true,"href":"https:\/\/www.vita-explorers.dk\/blog\/wp-json\/wp\/v2\/tags?post=11996"}],"curies":[{"name":"wp","href":"https:\/\/api.w.org\/{rel}","templated":true}]}}