{"id":12429,"date":"2019-03-08T15:56:12","date_gmt":"2019-03-08T14:56:12","guid":{"rendered":"https:\/\/www.globalong.com\/blog\/?p=12429"},"modified":"2022-03-14T19:01:20","modified_gmt":"2022-03-14T18:01:20","slug":"innovation-ligestilling-kvinder-8-marts-frivilligt-arbejde-internationalt-solidarisk","status":"publish","type":"post","link":"https:\/\/www.vita-explorers.dk\/blog\/innovation-ligestilling-kvinder-8-marts-frivilligt-arbejde-internationalt-solidarisk\/","title":{"rendered":"Innovation i centrum for ligestilling mellem kvinder og m\u00e6nd!"},"content":{"rendered":"<p style=\"text-align: center;\"><span style=\"color: #b81657;\"><strong><a href=\"https:\/\/www.vita-explorers.dk\/blog\/wp-content\/uploads\/2019\/03\/39580606_1037289663106021_4018178717019799552_n-min.jpg\"><img loading=\"lazy\" decoding=\"async\" class=\"wp-image-12438 size-medium aligncenter\" src=\"https:\/\/www.vita-explorers.dk\/blog\/wp-content\/uploads\/2019\/03\/39580606_1037289663106021_4018178717019799552_n-min-300x200.jpg\" alt=\"\" width=\"300\" height=\"200\" srcset=\"https:\/\/www.vita-explorers.dk\/blog\/wp-content\/uploads\/2019\/03\/39580606_1037289663106021_4018178717019799552_n-min-300x200.jpg 300w, https:\/\/www.vita-explorers.dk\/blog\/wp-content\/uploads\/2019\/03\/39580606_1037289663106021_4018178717019799552_n-min-768x511.jpg 768w, https:\/\/www.vita-explorers.dk\/blog\/wp-content\/uploads\/2019\/03\/39580606_1037289663106021_4018178717019799552_n-min-150x100.jpg 150w, https:\/\/www.vita-explorers.dk\/blog\/wp-content\/uploads\/2019\/03\/39580606_1037289663106021_4018178717019799552_n-min.jpg 960w\" sizes=\"(max-width: 300px) 100vw, 300px\" \/><\/a>Innovation for ligestilling \u2013 s\u00e5 kvinder f\u00e5r en fair plads i samfundet!<\/strong><\/span><\/p>\n<p style=\"text-align: justify;\">I anledning af <strong>Kvindernes internationale kampdag<\/strong> den <strong>8. marts<\/strong> er <strong>innovation<\/strong> i \u00e5r i centrum for arbejdet med at fremme ligestilling mellem kvinder og m\u00e6nd verden over.<\/p>\n<p style=\"text-align: justify;\"><strong>\u00ab<\/strong>\u2009<strong>T\u00e6nk retf\u00e6rdigt, byg klogt, innover for forandring<\/strong>\u2009\u00bb \u2013 s\u00e5dan lyder temaet for dagen, som ogs\u00e5 i 2019 er lige s\u00e5 relevant, fordi uligheder stadig best\u00e5r.<\/p>\n<p style=\"text-align: justify;\"><a href=\"https:\/\/www.vita-explorers.dk\/blog\/wp-content\/uploads\/2019\/03\/image4-min.jpeg\"><img loading=\"lazy\" decoding=\"async\" class=\"size-medium wp-image-12440 aligncenter\" src=\"https:\/\/www.vita-explorers.dk\/blog\/wp-content\/uploads\/2019\/03\/image4-min-300x225.jpeg\" alt=\"\" width=\"300\" height=\"225\" srcset=\"https:\/\/www.vita-explorers.dk\/blog\/wp-content\/uploads\/2019\/03\/image4-min-300x225.jpeg 300w, https:\/\/www.vita-explorers.dk\/blog\/wp-content\/uploads\/2019\/03\/image4-min-768x576.jpeg 768w, https:\/\/www.vita-explorers.dk\/blog\/wp-content\/uploads\/2019\/03\/image4-min-1024x768.jpeg 1024w, https:\/\/www.vita-explorers.dk\/blog\/wp-content\/uploads\/2019\/03\/image4-min-150x113.jpeg 150w, https:\/\/www.vita-explorers.dk\/blog\/wp-content\/uploads\/2019\/03\/image4-min.jpeg 2016w\" sizes=\"(max-width: 300px) 100vw, 300px\" \/><\/a>Bag denne <strong>store udfordring<\/strong> ligger is\u00e6r <strong>ulige muligheder inden for <a href=\"https:\/\/www.vita-explorers.dk\/blog\/uddannelsesforl\u00f8b-internationalt-ophold-boern-unge-alfabetisering-vita-institute\/\" target=\"_blank\" rel=\"noopener\"><span style=\"text-decoration: underline; color: #b81657;\">uddannelse<\/span><\/a><\/strong>, som der er behov for at g\u00f8re noget ved: Piger har stadig f\u00e6rre muligheder end drenge for at g\u00e5 i skole, f\u00e5 undervisning og tage en uddannelse \u2013 og det bremser den <strong>sociale udvikling<\/strong> i mange lande.<\/p>\n<p style=\"text-align: justify;\">N\u00e5r vi s\u00e6tter fokus p\u00e5 <strong><a href=\"https:\/\/www.vita-explorers.dk\/blog\/vita-8-marts-international-kvindedag-rettigheder-for-kvinder-og-piger-uddannelse-frivilligt-arbejde-ngo\/\" target=\"_blank\" rel=\"noopener\"><span style=\"text-decoration: underline;\"><span style=\"color: #b81657; text-decoration: underline;\">pigers og kvinders<\/span> rettigheder<\/span><\/a>, herunder retten til uddannelse i udviklingslande<\/strong> i s\u00e6rdeleshed, giver det dem bedre muligheder for at blive <strong>frontl\u00f8bere<\/strong> inden for innovation og <strong>skabe forandring i deres samfund<\/strong>.<\/p>\n<p style=\"text-align: justify;\"><a href=\"https:\/\/www.vita-explorers.dk\/blog\/wp-content\/uploads\/2019\/03\/Sage-femme-infirmiere-globalong-min.jpg\"><img loading=\"lazy\" decoding=\"async\" class=\"size-medium wp-image-12442 aligncenter\" src=\"https:\/\/www.vita-explorers.dk\/blog\/wp-content\/uploads\/2019\/03\/Sage-femme-infirmiere-globalong-min-300x169.jpg\" alt=\"\" width=\"300\" height=\"169\" srcset=\"https:\/\/www.vita-explorers.dk\/blog\/wp-content\/uploads\/2019\/03\/Sage-femme-infirmiere-globalong-min-300x169.jpg 300w, https:\/\/www.vita-explorers.dk\/blog\/wp-content\/uploads\/2019\/03\/Sage-femme-infirmiere-globalong-min-768x432.jpg 768w, https:\/\/www.vita-explorers.dk\/blog\/wp-content\/uploads\/2019\/03\/Sage-femme-infirmiere-globalong-min-1024x576.jpg 1024w, https:\/\/www.vita-explorers.dk\/blog\/wp-content\/uploads\/2019\/03\/Sage-femme-infirmiere-globalong-min-150x84.jpg 150w, https:\/\/www.vita-explorers.dk\/blog\/wp-content\/uploads\/2019\/03\/Sage-femme-infirmiere-globalong-min.jpg 1632w\" sizes=\"(max-width: 300px) 100vw, 300px\" \/><\/a>Samtidig f\u00e5r <strong>drenge<\/strong> og <strong>m\u00e6nd<\/strong> mulighed for at <strong>bidrage aktivt til en inkluderende social bev\u00e6gelse<\/strong> ved at st\u00f8tte rettighederne for deres d\u00f8tre, partnere, s\u00f8stre, kusiner, venner og kolleger \u2013 s\u00e5 vi <strong>sammen kan n\u00e5 m\u00e5l for social, \u00f8konomisk og kulturel udvikling<\/strong>.<\/p>\n<p style=\"text-align: justify;\"><strong>N\u00e5r vi bygger fundamentet for et mere lige samfund, <a href=\"https:\/\/www.vita-explorers.dk\/blog\/frivilligt-arbejde-i-organisationer-psykologiske-fordele-international-erfaring-i-udlandet\/\" target=\"_blank\" rel=\"noopener\"><span style=\"text-decoration: underline; color: #b81657;\">vinder vi alle ved det<\/span><\/a>!<\/strong><\/p>\n<p style=\"text-align: justify;\"><a href=\"https:\/\/www.vita-explorers.dk\/blog\/wp-content\/uploads\/2019\/03\/Jeux-des-enfants-dans-la-cour-GlobAlong-min.jpg\"><img loading=\"lazy\" decoding=\"async\" class=\"size-medium wp-image-12444 aligncenter\" src=\"https:\/\/www.vita-explorers.dk\/blog\/wp-content\/uploads\/2019\/03\/Jeux-des-enfants-dans-la-cour-GlobAlong-min-300x169.jpg\" alt=\"\" width=\"300\" height=\"169\" srcset=\"https:\/\/www.vita-explorers.dk\/blog\/wp-content\/uploads\/2019\/03\/Jeux-des-enfants-dans-la-cour-GlobAlong-min-300x169.jpg 300w, https:\/\/www.vita-explorers.dk\/blog\/wp-content\/uploads\/2019\/03\/Jeux-des-enfants-dans-la-cour-GlobAlong-min-768x432.jpg 768w, https:\/\/www.vita-explorers.dk\/blog\/wp-content\/uploads\/2019\/03\/Jeux-des-enfants-dans-la-cour-GlobAlong-min-1024x576.jpg 1024w, https:\/\/www.vita-explorers.dk\/blog\/wp-content\/uploads\/2019\/03\/Jeux-des-enfants-dans-la-cour-GlobAlong-min-150x84.jpg 150w\" sizes=\"(max-width: 300px) 100vw, 300px\" \/><\/a>I dag hylder vi <strong>kvinder, der g\u00e5r forrest og driver innovation<\/strong>: deres<strong> livserfaring<\/strong> er <strong>en st\u00e6rk drivkraft<\/strong>, der kan hj\u00e6lpe piger og kvinder verden over til at (gen)finde <strong>tilliden til egne evner<\/strong> og f\u00f8re de <strong>projekter<\/strong> ud i livet, som betyder noget for dem.<\/p>\n<p style=\"text-align: justify;\"><strong>P\u00e9n\u00e9lope Bagieus blog<\/strong>, <span style=\"text-decoration: underline;\"><span style=\"color: #b81657;\"><strong><a style=\"color: #b81657; text-decoration: underline;\" href=\"http:\/\/lesculottees.blog.lemonde.fr\/\" target=\"_blank\" rel=\"noopener\">&#8220;Les Culott\u00e9es&#8221;<\/a><\/strong><\/span><\/span>, pr\u00e6senterer <strong>30 portr\u00e6tter af st\u00e6rke kvinder, der m\u00e5lrettet har v\u00e6ret med til at flytte gr\u00e6nser<\/strong>!<\/p>\n<p style=\"text-align: justify;\"><a href=\"https:\/\/www.vita-explorers.dk\/blog\/wp-content\/uploads\/2019\/03\/english-class-2-min.jpg\"><img loading=\"lazy\" decoding=\"async\" class=\"size-medium wp-image-12446 aligncenter\" src=\"https:\/\/www.vita-explorers.dk\/blog\/wp-content\/uploads\/2019\/03\/english-class-2-min-300x199.jpg\" alt=\"\" width=\"300\" height=\"199\" srcset=\"https:\/\/www.vita-explorers.dk\/blog\/wp-content\/uploads\/2019\/03\/english-class-2-min-300x199.jpg 300w, https:\/\/www.vita-explorers.dk\/blog\/wp-content\/uploads\/2019\/03\/english-class-2-min-768x511.jpg 768w, https:\/\/www.vita-explorers.dk\/blog\/wp-content\/uploads\/2019\/03\/english-class-2-min-1024x681.jpg 1024w, https:\/\/www.vita-explorers.dk\/blog\/wp-content\/uploads\/2019\/03\/english-class-2-min-150x100.jpg 150w\" sizes=\"(max-width: 300px) 100vw, 300px\" \/><\/a>Hvis du ogs\u00e5 \u00f8nsker at <strong>st\u00f8tte retten til uddannelse og kvinders selvst\u00e6ndighed<\/strong> i udviklingslande, kan <strong>du engagere dig i et internationalt forl\u00f8b som <a href=\"https:\/\/www.vita-explorers.dk\/blog\/milj\u00f8frivillig-internationalt-ophold-for-b\u00f8rn-og-lokalsamfund-kultur-vita-information\/\" target=\"_blank\" rel=\"noopener\"><span style=\"text-decoration: underline; color: #b81657;\">international deltager<\/span><\/a> og v\u00e6re med allerede i dag!<\/strong><\/p>\n<p style=\"text-align: justify;\"><a href=\"https:\/\/www.vita-explorers.dk\/blog\/vita-forening-frivilligt-arbejde-internationale-forloeb-stoette-faellesskab-udveksling\/\" target=\"_blank\" rel=\"noopener\"><strong><span style=\"text-decoration: underline; color: #b81657;\">De <\/span><span style=\"text-decoration: underline; color: #b81657;\">lokale teams har i h\u00f8j grad brug for deltagere<\/span><span style=\"text-decoration: underline; color: #b81657;\">, der deler deres v\u00e6rdier og m\u00e5l<\/span><\/strong><\/a>\u00a0: <strong>alfabetisering, sundhed, \u00f8konomisk styrkelse, landbrugsudvikling m.m.<\/strong><\/p>\n<p style=\"text-align: justify;\"><a href=\"https:\/\/www.vita-explorers.dk\/blog\/wp-content\/uploads\/2019\/03\/IMG-20181112-WA0021-min.jpg\"><img loading=\"lazy\" decoding=\"async\" class=\"size-medium wp-image-12448 aligncenter\" src=\"https:\/\/www.vita-explorers.dk\/blog\/wp-content\/uploads\/2019\/03\/IMG-20181112-WA0021-min-300x195.jpg\" alt=\"\" width=\"300\" height=\"195\" srcset=\"https:\/\/www.vita-explorers.dk\/blog\/wp-content\/uploads\/2019\/03\/IMG-20181112-WA0021-min-300x195.jpg 300w, https:\/\/www.vita-explorers.dk\/blog\/wp-content\/uploads\/2019\/03\/IMG-20181112-WA0021-min-768x498.jpg 768w, https:\/\/www.vita-explorers.dk\/blog\/wp-content\/uploads\/2019\/03\/IMG-20181112-WA0021-min-150x97.jpg 150w, https:\/\/www.vita-explorers.dk\/blog\/wp-content\/uploads\/2019\/03\/IMG-20181112-WA0021-min.jpg 1019w\" sizes=\"(max-width: 300px) 100vw, 300px\" \/><\/a>Du kan g\u00f8re<strong> en forskel<\/strong> p\u00e5 mange m\u00e5der og st\u00f8tte piger og kvinder, som ikke altid har haft adgang til <strong>uddannelse<\/strong> og <strong>\u00f8konomisk selvst\u00e6ndighed<\/strong> \u2026 men som rummer et stort <strong>potentiale<\/strong>!<\/p>\n<p style=\"text-align: justify;\"><strong>Til alle jer, der g\u00e5r forrest for ligestilling: tak for jeres indsats \u2013 og lad os forts\u00e6tte med at innovere for et mere lige samfund!<\/strong><\/p>\n<p>\u00a0<\/p>\n<p style=\"text-align: center;\"><a href=\"https:\/\/www.vita-explorers.dk\/frivilligt-arbejde\/\" target=\"_blank\" rel=\"noopener\"><span style=\"text-decoration: underline; color: #b81657;\"><strong>Se vores internationale forl\u00f8b inden for socialt arbejde, alfabetisering og styrkelse af kvinder verden over!<\/strong><\/span><\/a><\/p>\n<p style=\"text-align: center;\"><a href=\"https:\/\/www.flickr.com\/photos\/113196753@N04\/albums\/with\/72157640876582423\" target=\"_blank\" rel=\"noopener\"><span style=\"text-decoration: underline; color: #b81657;\"><strong>Se billeder af vores medlemmer, der engagerer sig internationalt<\/strong><\/span><\/a><\/p>\n<p style=\"text-align: center;\"><a href=\"https:\/\/www.vita-explorers.dk\/blog\/videoer-fra-vores-destinationer-frivilligt-arbejde-internationale-forloeb\/\" target=\"_blank\" rel=\"noopener\"><span style=\"text-decoration: underline; color: #b81657;\"><strong>GlobAlong p\u00e5 video!<\/strong><\/span><\/a><\/p>\n<p style=\"text-align: center;\"><a href=\"https:\/\/www.vita-explorers.dk\/association-globalong.html\" target=\"_blank\" rel=\"noopener\"><span style=\"text-decoration: underline; color: #b81657;\"><strong>L\u00e6s mere om VITA Institute<\/strong><\/span><\/a><\/p>\n<p style=\"text-align: justify;\"><span style=\"font-size: 10pt;\">Billederne er vejledende<\/span><\/p>\n","protected":false},"excerpt":{"rendered":"<p>Innovation for ligestilling \u2013 s\u00e5 kvinder f\u00e5r en fair plads i samfundet! I anledning af Kvindernes internationale kampdag den 8. marts er innovation i\u2026<\/p>\n","protected":false},"author":1,"featured_media":12444,"comment_status":"open","ping_status":"open","sticky":false,"template":"","format":"standard","meta":{"footnotes":""},"categories":[8,6,4],"tags":[695,692,182,567,693,694,149,691,551,380],"yoast_head":"<!-- This site is optimized with the Yoast SEO Premium plugin v23.4 (Yoast SEO v23.4) - https:\/\/yoast.com\/wordpress\/plugins\/seo\/ -->\n<title>Innovation i centrum for ligestilling mellem kvinder og m\u00e6nd! - VITA Explorers Blog<\/title>\n<meta name=\"robots\" content=\"index, follow, max-snippet:-1, max-image-preview:large, max-video-preview:-1\" \/>\n<link rel=\"canonical\" href=\"https:\/\/www.vita-explorers.dk\/blog\/innovation-ligestilling-kvinder-8-marts-frivilligt-arbejde-internationalt-solidarisk\/\" \/>\n<meta property=\"og:locale\" content=\"da_DK\" \/>\n<meta property=\"og:type\" content=\"article\" \/>\n<meta property=\"og:title\" content=\"Innovation i centrum for ligestilling mellem kvinder og m\u00e6nd!\" \/>\n<meta property=\"og:description\" content=\"Innovation for ligestilling \u2013 s\u00e5 kvinder f\u00e5r en fair plads i samfundet! I anledning af Kvindernes internationale kampdag den 8. marts er innovation i\u2026\" \/>\n<meta property=\"og:url\" content=\"https:\/\/www.vita-explorers.dk\/blog\/innovation-ligestilling-kvinder-8-marts-frivilligt-arbejde-internationalt-solidarisk\/\" \/>\n<meta property=\"og:site_name\" content=\"VITA Explorers Blog\" \/>\n<meta property=\"article:publisher\" content=\"https:\/\/www.facebook.com\/globalong\" \/>\n<meta property=\"article:published_time\" content=\"2019-03-08T14:56:12+00:00\" \/>\n<meta property=\"article:modified_time\" content=\"2022-03-14T18:01:20+00:00\" \/>\n<meta property=\"og:image\" content=\"https:\/\/www.vita-explorers.dk\/blog\/wp-content\/uploads\/2019\/03\/Jeux-des-enfants-dans-la-cour-GlobAlong-min.jpg\" \/>\n\t<meta property=\"og:image:width\" content=\"3920\" \/>\n\t<meta property=\"og:image:height\" content=\"2204\" \/>\n\t<meta property=\"og:image:type\" content=\"image\/jpeg\" \/>\n<meta name=\"author\" content=\"VITA Tribe\" \/>\n<meta name=\"twitter:card\" content=\"summary_large_image\" \/>\n<meta name=\"twitter:label1\" content=\"Skrevet af\" \/>\n\t<meta name=\"twitter:data1\" content=\"VITA Tribe\" \/>\n\t<meta name=\"twitter:label2\" content=\"Estimeret l\u00e6setid\" \/>\n\t<meta name=\"twitter:data2\" content=\"2 minutter\" \/>\n<script type=\"application\/ld+json\" class=\"yoast-schema-graph\">{\"@context\":\"https:\/\/schema.org\",\"@graph\":[{\"@type\":\"Article\",\"@id\":\"https:\/\/www.vita-explorers.dk\/blog\/innovation-ligestilling-kvinder-8-marts-frivilligt-arbejde-internationalt-solidarisk\/#article\",\"isPartOf\":{\"@id\":\"https:\/\/www.vita-explorers.dk\/blog\/innovation-ligestilling-kvinder-8-marts-frivilligt-arbejde-internationalt-solidarisk\/\"},\"author\":{\"name\":\"VITA Tribe\",\"@id\":\"https:\/\/www.vita-explorers.dk\/blog\/#\/schema\/person\/d7df267b64f23018d1dc519e78fb2735\"},\"headline\":\"Innovation i centrum for ligestilling mellem kvinder og m\u00e6nd!\",\"datePublished\":\"2019-03-08T14:56:12+00:00\",\"dateModified\":\"2022-03-14T18:01:20+00:00\",\"mainEntityOfPage\":{\"@id\":\"https:\/\/www.vita-explorers.dk\/blog\/innovation-ligestilling-kvinder-8-marts-frivilligt-arbejde-internationalt-solidarisk\/\"},\"wordCount\":462,\"commentCount\":0,\"publisher\":{\"@id\":\"https:\/\/www.vita-explorers.dk\/blog\/#organization\"},\"image\":{\"@id\":\"https:\/\/www.vita-explorers.dk\/blog\/innovation-ligestilling-kvinder-8-marts-frivilligt-arbejde-internationalt-solidarisk\/#primaryimage\"},\"thumbnailUrl\":\"https:\/\/www.vita-explorers.dk\/blog\/wp-content\/uploads\/2019\/03\/Jeux-des-enfants-dans-la-cour-GlobAlong-min.jpg\",\"keywords\":[\"#Journ\u00e9edesfemmes\",\"8 mars\",\"alphab\u00e9tisation\",\"\u00e9ducation\",\"\u00e9galit\u00e9\",\"\u00e9mancipation\",\"humanitaire\",\"Journ\u00e9e des femmes\",\"Journ\u00e9e internationale des droits des femmes\",\"solidaire\"],\"articleSection\":[\"Humanit\u00e6rt frivilligt arbejde\",\"Nyheder\",\"VITA Explorers\"],\"inLanguage\":\"da-DK\",\"potentialAction\":[{\"@type\":\"CommentAction\",\"name\":\"Comment\",\"target\":[\"https:\/\/www.vita-explorers.dk\/blog\/innovation-ligestilling-kvinder-8-marts-frivilligt-arbejde-internationalt-solidarisk\/#respond\"]}]},{\"@type\":\"WebPage\",\"@id\":\"https:\/\/www.vita-explorers.dk\/blog\/innovation-ligestilling-kvinder-8-marts-frivilligt-arbejde-internationalt-solidarisk\/\",\"url\":\"https:\/\/www.vita-explorers.dk\/blog\/innovation-ligestilling-kvinder-8-marts-frivilligt-arbejde-internationalt-solidarisk\/\",\"name\":\"Innovation i centrum for ligestilling mellem kvinder og m\u00e6nd! - VITA Explorers Blog\",\"isPartOf\":{\"@id\":\"https:\/\/www.vita-explorers.dk\/blog\/#website\"},\"primaryImageOfPage\":{\"@id\":\"https:\/\/www.vita-explorers.dk\/blog\/innovation-ligestilling-kvinder-8-marts-frivilligt-arbejde-internationalt-solidarisk\/#primaryimage\"},\"image\":{\"@id\":\"https:\/\/www.vita-explorers.dk\/blog\/innovation-ligestilling-kvinder-8-marts-frivilligt-arbejde-internationalt-solidarisk\/#primaryimage\"},\"thumbnailUrl\":\"https:\/\/www.vita-explorers.dk\/blog\/wp-content\/uploads\/2019\/03\/Jeux-des-enfants-dans-la-cour-GlobAlong-min.jpg\",\"datePublished\":\"2019-03-08T14:56:12+00:00\",\"dateModified\":\"2022-03-14T18:01:20+00:00\",\"breadcrumb\":{\"@id\":\"https:\/\/www.vita-explorers.dk\/blog\/innovation-ligestilling-kvinder-8-marts-frivilligt-arbejde-internationalt-solidarisk\/#breadcrumb\"},\"inLanguage\":\"da-DK\",\"potentialAction\":[{\"@type\":\"ReadAction\",\"target\":[\"https:\/\/www.vita-explorers.dk\/blog\/innovation-ligestilling-kvinder-8-marts-frivilligt-arbejde-internationalt-solidarisk\/\"]}]},{\"@type\":\"ImageObject\",\"inLanguage\":\"da-DK\",\"@id\":\"https:\/\/www.vita-explorers.dk\/blog\/innovation-ligestilling-kvinder-8-marts-frivilligt-arbejde-internationalt-solidarisk\/#primaryimage\",\"url\":\"https:\/\/www.vita-explorers.dk\/blog\/wp-content\/uploads\/2019\/03\/Jeux-des-enfants-dans-la-cour-GlobAlong-min.jpg\",\"contentUrl\":\"https:\/\/www.vita-explorers.dk\/blog\/wp-content\/uploads\/2019\/03\/Jeux-des-enfants-dans-la-cour-GlobAlong-min.jpg\",\"width\":3920,\"height\":2204,\"caption\":\"Stage \u00e9tudiant a l'etranger\"},{\"@type\":\"BreadcrumbList\",\"@id\":\"https:\/\/www.vita-explorers.dk\/blog\/innovation-ligestilling-kvinder-8-marts-frivilligt-arbejde-internationalt-solidarisk\/#breadcrumb\",\"itemListElement\":[{\"@type\":\"ListItem\",\"position\":1,\"name\":\"Accueil\",\"item\":\"https:\/\/www.vita-explorers.dk\/blog\/\"},{\"@type\":\"ListItem\",\"position\":2,\"name\":\"Innovation i centrum for ligestilling mellem kvinder og m\u00e6nd!\"}]},{\"@type\":\"WebSite\",\"@id\":\"https:\/\/www.vita-explorers.dk\/blog\/#website\",\"url\":\"https:\/\/www.vita-explorers.dk\/blog\/\",\"name\":\"Association Globalong\",\"description\":\"Frivilligt arbejde, sprogophold, praktik i udlandet og internationale oplevelser\",\"publisher\":{\"@id\":\"https:\/\/www.vita-explorers.dk\/blog\/#organization\"},\"potentialAction\":[{\"@type\":\"SearchAction\",\"target\":{\"@type\":\"EntryPoint\",\"urlTemplate\":\"https:\/\/www.vita-explorers.dk\/blog\/?s={search_term_string}\"},\"query-input\":{\"@type\":\"PropertyValueSpecification\",\"valueRequired\":true,\"valueName\":\"search_term_string\"}}],\"inLanguage\":\"da-DK\"},{\"@type\":\"Organization\",\"@id\":\"https:\/\/www.vita-explorers.dk\/blog\/#organization\",\"name\":\"Association Globalong\",\"url\":\"https:\/\/www.vita-explorers.dk\/blog\/\",\"logo\":{\"@type\":\"ImageObject\",\"inLanguage\":\"da-DK\",\"@id\":\"https:\/\/www.vita-explorers.dk\/blog\/#\/schema\/logo\/image\/\",\"url\":\"https:\/\/www.globalong.com\/blog\/wp-content\/uploads\/2014\/11\/cropped-cropped-Logo-et-Afrique-Globalong-petite-taille-2.jpg\",\"contentUrl\":\"https:\/\/www.globalong.com\/blog\/wp-content\/uploads\/2014\/11\/cropped-cropped-Logo-et-Afrique-Globalong-petite-taille-2.jpg\",\"width\":512,\"height\":512,\"caption\":\"Association Globalong\"},\"image\":{\"@id\":\"https:\/\/www.vita-explorers.dk\/blog\/#\/schema\/logo\/image\/\"},\"sameAs\":[\"https:\/\/www.facebook.com\/globalong\"]},{\"@type\":\"Person\",\"@id\":\"https:\/\/www.vita-explorers.dk\/blog\/#\/schema\/person\/d7df267b64f23018d1dc519e78fb2735\",\"name\":\"VITA Tribe\",\"image\":{\"@type\":\"ImageObject\",\"inLanguage\":\"da-DK\",\"@id\":\"https:\/\/www.vita-explorers.dk\/blog\/#\/schema\/person\/image\/\",\"url\":\"https:\/\/secure.gravatar.com\/avatar\/81461bcc213d0ff2bdc043d4206648f0?s=96&d=mm&r=g\",\"contentUrl\":\"https:\/\/secure.gravatar.com\/avatar\/81461bcc213d0ff2bdc043d4206648f0?s=96&d=mm&r=g\",\"caption\":\"VITA Tribe\"},\"sameAs\":[\"https:\/\/www.globalong.com\"],\"url\":\"https:\/\/www.vita-explorers.dk\/blog\/author\/sophie\/\"}]}<\/script>\n<!-- \/ Yoast SEO Premium plugin. -->","yoast_head_json":{"title":"Innovation i centrum for ligestilling mellem kvinder og m\u00e6nd! - VITA Explorers Blog","robots":{"index":"index","follow":"follow","max-snippet":"max-snippet:-1","max-image-preview":"max-image-preview:large","max-video-preview":"max-video-preview:-1"},"canonical":"https:\/\/www.vita-explorers.dk\/blog\/innovation-ligestilling-kvinder-8-marts-frivilligt-arbejde-internationalt-solidarisk\/","og_locale":"da_DK","og_type":"article","og_title":"Innovation i centrum for ligestilling mellem kvinder og m\u00e6nd!","og_description":"Innovation for ligestilling \u2013 s\u00e5 kvinder f\u00e5r en fair plads i samfundet! I anledning af Kvindernes internationale kampdag den 8. marts er innovation i\u2026","og_url":"https:\/\/www.vita-explorers.dk\/blog\/innovation-ligestilling-kvinder-8-marts-frivilligt-arbejde-internationalt-solidarisk\/","og_site_name":"VITA Explorers Blog","article_publisher":"https:\/\/www.facebook.com\/globalong","article_published_time":"2019-03-08T14:56:12+00:00","article_modified_time":"2022-03-14T18:01:20+00:00","og_image":[{"width":3920,"height":2204,"url":"https:\/\/www.vita-explorers.dk\/blog\/wp-content\/uploads\/2019\/03\/Jeux-des-enfants-dans-la-cour-GlobAlong-min.jpg","type":"image\/jpeg"}],"author":"VITA Tribe","twitter_card":"summary_large_image","twitter_misc":{"Skrevet af":"VITA Tribe","Estimeret l\u00e6setid":"2 minutter"},"schema":{"@context":"https:\/\/schema.org","@graph":[{"@type":"Article","@id":"https:\/\/www.vita-explorers.dk\/blog\/innovation-ligestilling-kvinder-8-marts-frivilligt-arbejde-internationalt-solidarisk\/#article","isPartOf":{"@id":"https:\/\/www.vita-explorers.dk\/blog\/innovation-ligestilling-kvinder-8-marts-frivilligt-arbejde-internationalt-solidarisk\/"},"author":{"name":"VITA Tribe","@id":"https:\/\/www.vita-explorers.dk\/blog\/#\/schema\/person\/d7df267b64f23018d1dc519e78fb2735"},"headline":"Innovation i centrum for ligestilling mellem kvinder og m\u00e6nd!","datePublished":"2019-03-08T14:56:12+00:00","dateModified":"2022-03-14T18:01:20+00:00","mainEntityOfPage":{"@id":"https:\/\/www.vita-explorers.dk\/blog\/innovation-ligestilling-kvinder-8-marts-frivilligt-arbejde-internationalt-solidarisk\/"},"wordCount":462,"commentCount":0,"publisher":{"@id":"https:\/\/www.vita-explorers.dk\/blog\/#organization"},"image":{"@id":"https:\/\/www.vita-explorers.dk\/blog\/innovation-ligestilling-kvinder-8-marts-frivilligt-arbejde-internationalt-solidarisk\/#primaryimage"},"thumbnailUrl":"https:\/\/www.vita-explorers.dk\/blog\/wp-content\/uploads\/2019\/03\/Jeux-des-enfants-dans-la-cour-GlobAlong-min.jpg","keywords":["#Journ\u00e9edesfemmes","8 mars","alphab\u00e9tisation","\u00e9ducation","\u00e9galit\u00e9","\u00e9mancipation","humanitaire","Journ\u00e9e des femmes","Journ\u00e9e internationale des droits des femmes","solidaire"],"articleSection":["Humanit\u00e6rt frivilligt arbejde","Nyheder","VITA Explorers"],"inLanguage":"da-DK","potentialAction":[{"@type":"CommentAction","name":"Comment","target":["https:\/\/www.vita-explorers.dk\/blog\/innovation-ligestilling-kvinder-8-marts-frivilligt-arbejde-internationalt-solidarisk\/#respond"]}]},{"@type":"WebPage","@id":"https:\/\/www.vita-explorers.dk\/blog\/innovation-ligestilling-kvinder-8-marts-frivilligt-arbejde-internationalt-solidarisk\/","url":"https:\/\/www.vita-explorers.dk\/blog\/innovation-ligestilling-kvinder-8-marts-frivilligt-arbejde-internationalt-solidarisk\/","name":"Innovation i centrum for ligestilling mellem kvinder og m\u00e6nd! - VITA Explorers Blog","isPartOf":{"@id":"https:\/\/www.vita-explorers.dk\/blog\/#website"},"primaryImageOfPage":{"@id":"https:\/\/www.vita-explorers.dk\/blog\/innovation-ligestilling-kvinder-8-marts-frivilligt-arbejde-internationalt-solidarisk\/#primaryimage"},"image":{"@id":"https:\/\/www.vita-explorers.dk\/blog\/innovation-ligestilling-kvinder-8-marts-frivilligt-arbejde-internationalt-solidarisk\/#primaryimage"},"thumbnailUrl":"https:\/\/www.vita-explorers.dk\/blog\/wp-content\/uploads\/2019\/03\/Jeux-des-enfants-dans-la-cour-GlobAlong-min.jpg","datePublished":"2019-03-08T14:56:12+00:00","dateModified":"2022-03-14T18:01:20+00:00","breadcrumb":{"@id":"https:\/\/www.vita-explorers.dk\/blog\/innovation-ligestilling-kvinder-8-marts-frivilligt-arbejde-internationalt-solidarisk\/#breadcrumb"},"inLanguage":"da-DK","potentialAction":[{"@type":"ReadAction","target":["https:\/\/www.vita-explorers.dk\/blog\/innovation-ligestilling-kvinder-8-marts-frivilligt-arbejde-internationalt-solidarisk\/"]}]},{"@type":"ImageObject","inLanguage":"da-DK","@id":"https:\/\/www.vita-explorers.dk\/blog\/innovation-ligestilling-kvinder-8-marts-frivilligt-arbejde-internationalt-solidarisk\/#primaryimage","url":"https:\/\/www.vita-explorers.dk\/blog\/wp-content\/uploads\/2019\/03\/Jeux-des-enfants-dans-la-cour-GlobAlong-min.jpg","contentUrl":"https:\/\/www.vita-explorers.dk\/blog\/wp-content\/uploads\/2019\/03\/Jeux-des-enfants-dans-la-cour-GlobAlong-min.jpg","width":3920,"height":2204,"caption":"Stage \u00e9tudiant a l'etranger"},{"@type":"BreadcrumbList","@id":"https:\/\/www.vita-explorers.dk\/blog\/innovation-ligestilling-kvinder-8-marts-frivilligt-arbejde-internationalt-solidarisk\/#breadcrumb","itemListElement":[{"@type":"ListItem","position":1,"name":"Accueil","item":"https:\/\/www.vita-explorers.dk\/blog\/"},{"@type":"ListItem","position":2,"name":"Innovation i centrum for ligestilling mellem kvinder og m\u00e6nd!"}]},{"@type":"WebSite","@id":"https:\/\/www.vita-explorers.dk\/blog\/#website","url":"https:\/\/www.vita-explorers.dk\/blog\/","name":"Association Globalong","description":"Frivilligt arbejde, sprogophold, praktik i udlandet og internationale oplevelser","publisher":{"@id":"https:\/\/www.vita-explorers.dk\/blog\/#organization"},"potentialAction":[{"@type":"SearchAction","target":{"@type":"EntryPoint","urlTemplate":"https:\/\/www.vita-explorers.dk\/blog\/?s={search_term_string}"},"query-input":{"@type":"PropertyValueSpecification","valueRequired":true,"valueName":"search_term_string"}}],"inLanguage":"da-DK"},{"@type":"Organization","@id":"https:\/\/www.vita-explorers.dk\/blog\/#organization","name":"Association Globalong","url":"https:\/\/www.vita-explorers.dk\/blog\/","logo":{"@type":"ImageObject","inLanguage":"da-DK","@id":"https:\/\/www.vita-explorers.dk\/blog\/#\/schema\/logo\/image\/","url":"https:\/\/www.globalong.com\/blog\/wp-content\/uploads\/2014\/11\/cropped-cropped-Logo-et-Afrique-Globalong-petite-taille-2.jpg","contentUrl":"https:\/\/www.globalong.com\/blog\/wp-content\/uploads\/2014\/11\/cropped-cropped-Logo-et-Afrique-Globalong-petite-taille-2.jpg","width":512,"height":512,"caption":"Association Globalong"},"image":{"@id":"https:\/\/www.vita-explorers.dk\/blog\/#\/schema\/logo\/image\/"},"sameAs":["https:\/\/www.facebook.com\/globalong"]},{"@type":"Person","@id":"https:\/\/www.vita-explorers.dk\/blog\/#\/schema\/person\/d7df267b64f23018d1dc519e78fb2735","name":"VITA Tribe","image":{"@type":"ImageObject","inLanguage":"da-DK","@id":"https:\/\/www.vita-explorers.dk\/blog\/#\/schema\/person\/image\/","url":"https:\/\/secure.gravatar.com\/avatar\/81461bcc213d0ff2bdc043d4206648f0?s=96&d=mm&r=g","contentUrl":"https:\/\/secure.gravatar.com\/avatar\/81461bcc213d0ff2bdc043d4206648f0?s=96&d=mm&r=g","caption":"VITA Tribe"},"sameAs":["https:\/\/www.globalong.com"],"url":"https:\/\/www.vita-explorers.dk\/blog\/author\/sophie\/"}]}},"_links":{"self":[{"href":"https:\/\/www.vita-explorers.dk\/blog\/wp-json\/wp\/v2\/posts\/12429"}],"collection":[{"href":"https:\/\/www.vita-explorers.dk\/blog\/wp-json\/wp\/v2\/posts"}],"about":[{"href":"https:\/\/www.vita-explorers.dk\/blog\/wp-json\/wp\/v2\/types\/post"}],"author":[{"embeddable":true,"href":"https:\/\/www.vita-explorers.dk\/blog\/wp-json\/wp\/v2\/users\/1"}],"replies":[{"embeddable":true,"href":"https:\/\/www.vita-explorers.dk\/blog\/wp-json\/wp\/v2\/comments?post=12429"}],"version-history":[{"count":16,"href":"https:\/\/www.vita-explorers.dk\/blog\/wp-json\/wp\/v2\/posts\/12429\/revisions"}],"predecessor-version":[{"id":14201,"href":"https:\/\/www.vita-explorers.dk\/blog\/wp-json\/wp\/v2\/posts\/12429\/revisions\/14201"}],"wp:featuredmedia":[{"embeddable":true,"href":"https:\/\/www.vita-explorers.dk\/blog\/wp-json\/wp\/v2\/media\/12444"}],"wp:attachment":[{"href":"https:\/\/www.vita-explorers.dk\/blog\/wp-json\/wp\/v2\/media?parent=12429"}],"wp:term":[{"taxonomy":"category","embeddable":true,"href":"https:\/\/www.vita-explorers.dk\/blog\/wp-json\/wp\/v2\/categories?post=12429"},{"taxonomy":"post_tag","embeddable":true,"href":"https:\/\/www.vita-explorers.dk\/blog\/wp-json\/wp\/v2\/tags?post=12429"}],"curies":[{"name":"wp","href":"https:\/\/api.w.org\/{rel}","templated":true}]}}