{"id":12452,"date":"2019-03-22T15:19:20","date_gmt":"2019-03-22T14:19:20","guid":{"rendered":"https:\/\/www.globalong.com\/blog\/?p=12452"},"modified":"2023-01-04T15:51:25","modified_gmt":"2023-01-04T14:51:25","slug":"internationalt-frivilligt-forloeb-og-praktik-trash-tag-udfordring-ansvarlig-oekologi-sociale-medier-miljoe","status":"publish","type":"post","link":"https:\/\/www.vita-explorers.dk\/blog\/internationalt-frivilligt-forloeb-og-praktik-trash-tag-udfordring-ansvarlig-oekologi-sociale-medier-miljoe\/","title":{"rendered":"\u201cTrash Tag Challenge\u201d: en milj\u00f8ansvarlig udfordring!"},"content":{"rendered":"<div class=\"ti-widget ti-goog\" data-layout-id=\"4\" data-set-id=\"light-background\" data-pid=\"\" data-language=\"fr\" data-version=\"2\" data-review-target-width=\"300\" data-review-text-mode=\"readmore\" data-pager-autoplay-timeout=\"6\" > <div class=\"ti-widget-container ti-col-3\"> <div class=\"ti-reviews-container\"> <div class=\"ti-controls\"> <div class=\"ti-next\" aria-label=\"Avis suivante\" role=\"button\"><\/div> <div class=\"ti-prev\" aria-label=\"Avis pr\u00e9c\u00e9dent\" role=\"button\"><\/div> <\/div> <div class=\"ti-reviews-container-wrapper\">  <div data-empty=\"0\" class=\"ti-review-item source-Google ti-image-layout-thumbnail\" data-id=\"cfcd208495d565ef66e7dff9f98764da\" > <div class=\"ti-inner\"> <div class=\"ti-review-header\"> <div class=\"ti-profile-img\"> <img decoding=\"async\" src=\"https:\/\/lh3.googleusercontent.com\/a\/ACg8ocKpaoKe37CD0_POxO97KqB60GsWQRsIuG2vmCfXT-W_FY44vw=s120-c-rp-mo-br100\" srcset=\"https:\/\/lh3.googleusercontent.com\/a\/ACg8ocKpaoKe37CD0_POxO97KqB60GsWQRsIuG2vmCfXT-W_FY44vw=s120-c-rp-mo-br100 2x\" alt=\"Lucie Correia\" loading=\"lazy\" \/> <\/div> <div class=\"ti-profile-details\"> <div class=\"ti-name\"> Lucie Correia <\/div> <div class=\"ti-date\">2024-10-17<\/div> <\/div> <\/div> <span class=\"ti-stars\"><span class=\"ti-star f\"><\/span><span class=\"ti-star f\"><\/span><span class=\"ti-star f\"><\/span><span class=\"ti-star f\"><\/span><span class=\"ti-star f\"><\/span><\/span> <div class=\"ti-review-text-container ti-review-content\"><!-- R-CONTENT -->La communication avec Globalong est super, personnes tr\u00e8s pr\u00e9sentes pour les b\u00e9n\u00e9voles et \u00e9tudiants partant avec cette association. Elles r\u00e9pondent \u00e0 toutes nos questions et sont tr\u00e8s accessibles au t\u00e9l\u00e9phone.<!-- R-CONTENT --><\/div> <span class=\"ti-read-more\" data-container=\".ti-review-content\" data-collapse-text=\"Cacher\" data-open-text=\"Lire la suite\" ><\/span> <\/div> <\/div>  <div data-empty=\"0\" class=\"ti-review-item source-Google ti-image-layout-thumbnail\" data-id=\"cfcd208495d565ef66e7dff9f98764da\" > <div class=\"ti-inner\"> <div class=\"ti-review-header\"> <div class=\"ti-profile-img\"> <img decoding=\"async\" src=\"https:\/\/lh3.googleusercontent.com\/a-\/ALV-UjWqnnzM7-7c9BDqeTDF-a7pOgNjvLkJ3WshRd_Tn7z0Eu-AGQwo=s120-c-rp-mo-br100\" srcset=\"https:\/\/lh3.googleusercontent.com\/a-\/ALV-UjWqnnzM7-7c9BDqeTDF-a7pOgNjvLkJ3WshRd_Tn7z0Eu-AGQwo=s120-c-rp-mo-br100 2x\" alt=\"Ra\u00efssa Frisch\" loading=\"lazy\" \/> <\/div> <div class=\"ti-profile-details\"> <div class=\"ti-name\"> Ra\u00efssa Frisch <\/div> <div class=\"ti-date\">2024-10-14<\/div> <\/div> <\/div> <span class=\"ti-stars\"><span class=\"ti-star f\"><\/span><span class=\"ti-star f\"><\/span><span class=\"ti-star f\"><\/span><span class=\"ti-star f\"><\/span><span class=\"ti-star f\"><\/span><\/span> <div class=\"ti-review-text-container ti-review-content\"><!-- R-CONTENT -->J\u2019ai d\u00e9j\u00e0 eu l\u2019opportunit\u00e9 de r\u00e9aliser deux projets humanitaires avec l\u2019association Globalong. Je ne peux que la recommander, car j\u2019ai toujours b\u00e9n\u00e9fici\u00e9 d\u2019un excellent accompagnement, aussi bien avant que pendant le voyage. On ne vous laisse pas vous d\u00e9brouiller seuls, bien au contraire, vous \u00eates tr\u00e8s bien encadr\u00e9s pour accomplir toutes les d\u00e9marches dans les d\u00e9lais.\n\nAu-del\u00e0 du suivi, les exp\u00e9riences humanitaires propos\u00e9es par Globalong ne peuvent que transformer votre vie de mani\u00e8re positive. Elles vous apportent une richesse humaine inestimable.<!-- R-CONTENT --><\/div> <span class=\"ti-read-more\" data-container=\".ti-review-content\" data-collapse-text=\"Cacher\" data-open-text=\"Lire la suite\" ><\/span> <\/div> <\/div>  <div data-empty=\"0\" class=\"ti-review-item source-Google ti-image-layout-thumbnail\" data-id=\"cfcd208495d565ef66e7dff9f98764da\" > <div class=\"ti-inner\"> <div class=\"ti-review-header\"> <div class=\"ti-profile-img\"> <img decoding=\"async\" src=\"https:\/\/lh3.googleusercontent.com\/a\/ACg8ocJL-Dxv25YkXK2QwWPNRxTVqZCv5uTmDQDFg5qslKra3vRZew=s120-c-rp-mo-br100\" srcset=\"https:\/\/lh3.googleusercontent.com\/a\/ACg8ocJL-Dxv25YkXK2QwWPNRxTVqZCv5uTmDQDFg5qslKra3vRZew=s120-c-rp-mo-br100 2x\" alt=\"Tara Turan\" loading=\"lazy\" \/> <\/div> <div class=\"ti-profile-details\"> <div class=\"ti-name\"> Tara Turan <\/div> <div class=\"ti-date\">2024-10-14<\/div> <\/div> <\/div> <span class=\"ti-stars\"><span class=\"ti-star f\"><\/span><span class=\"ti-star f\"><\/span><span class=\"ti-star f\"><\/span><span class=\"ti-star f\"><\/span><span class=\"ti-star f\"><\/span><\/span> <div class=\"ti-review-text-container ti-review-content\"><!-- R-CONTENT -->Une des meilleures associations que j\u2019ai pu faire !\nUne organisation et un suivi vraiment parfait, c\u2019est avec grand plaisir que je referai un projet avec eux.<!-- R-CONTENT --><\/div> <span class=\"ti-read-more\" data-container=\".ti-review-content\" data-collapse-text=\"Cacher\" data-open-text=\"Lire la suite\" ><\/span> <\/div> <\/div>  <div data-empty=\"0\" class=\"ti-review-item source-Google ti-image-layout-thumbnail\" data-id=\"cfcd208495d565ef66e7dff9f98764da\" > <div class=\"ti-inner\"> <div class=\"ti-review-header\"> <div class=\"ti-profile-img\"> <img decoding=\"async\" src=\"https:\/\/lh3.googleusercontent.com\/a\/ACg8ocLctTPNovSk3eKM0b_MIPOfcFEQsz2135Cdu59_BWRVsIYC7Q=s120-c-rp-mo-br100\" srcset=\"https:\/\/lh3.googleusercontent.com\/a\/ACg8ocLctTPNovSk3eKM0b_MIPOfcFEQsz2135Cdu59_BWRVsIYC7Q=s120-c-rp-mo-br100 2x\" alt=\"Repiquet Julie\" loading=\"lazy\" \/> <\/div> <div class=\"ti-profile-details\"> <div class=\"ti-name\"> Repiquet Julie <\/div> <div class=\"ti-date\">2024-10-13<\/div> <\/div> <\/div> <span class=\"ti-stars\"><span class=\"ti-star f\"><\/span><span class=\"ti-star f\"><\/span><span class=\"ti-star f\"><\/span><span class=\"ti-star f\"><\/span><span class=\"ti-star f\"><\/span><\/span> <div class=\"ti-review-text-container ti-review-content\"><!-- R-CONTENT -->Tr\u00e8s bon accompagnement de la part de Globalong, du premier jour avec toutes mes interrogations, jusqu'au d\u00e9part dans quelques jours. Le dossier transmis apr\u00e8s validation de la mission est plus que complet, les webmaster tr\u00e8s int\u00e9ressantes et permettent de d\u00e9charger mentalement ce genre de pr\u00e9paration, tout est pr\u00e9vu il n'y a plus qu'\u00e0 suivre ! Merci \u00e0 Florence de r\u00e9pondre \u00e0 toutes mes questions avec gentillesse et bienveillance, cela m'a permis de passer le cap!\nMaintenant, il n'y a plus qu'\u00e0 \ud83d\ude00<!-- R-CONTENT --><\/div> <span class=\"ti-read-more\" data-container=\".ti-review-content\" data-collapse-text=\"Cacher\" data-open-text=\"Lire la suite\" ><\/span> <\/div> <\/div>  <div data-empty=\"0\" class=\"ti-review-item source-Google ti-image-layout-thumbnail\" data-id=\"cfcd208495d565ef66e7dff9f98764da\" > <div class=\"ti-inner\"> <div class=\"ti-review-header\"> <div class=\"ti-profile-img\"> <img decoding=\"async\" src=\"https:\/\/lh3.googleusercontent.com\/a\/ACg8ocJJTdmTWs8nAA0yuH_cKOUgzc6GFAkHBiXhpnnVYXaWMBZsHw=s120-c-rp-mo-br100\" srcset=\"https:\/\/lh3.googleusercontent.com\/a\/ACg8ocJJTdmTWs8nAA0yuH_cKOUgzc6GFAkHBiXhpnnVYXaWMBZsHw=s120-c-rp-mo-br100 2x\" alt=\"Marine Guilhamat\" loading=\"lazy\" \/> <\/div> <div class=\"ti-profile-details\"> <div class=\"ti-name\"> Marine Guilhamat <\/div> <div class=\"ti-date\">2024-10-09<\/div> <\/div> <\/div> <span class=\"ti-stars\"><span class=\"ti-star f\"><\/span><span class=\"ti-star f\"><\/span><span class=\"ti-star f\"><\/span><span class=\"ti-star f\"><\/span><span class=\"ti-star f\"><\/span><\/span> <div class=\"ti-review-text-container ti-review-content\"><!-- R-CONTENT -->Tr\u00e8s belle association qui offre un cadre super s\u00e9curisant et permet de s\u2019investir dans des projets qui ont du sens. Merci \u00e0 l\u2019\u00e9quipe Globalong pour votre disponibilit\u00e9, gentillesse et accompagnement !<!-- R-CONTENT --><\/div> <span class=\"ti-read-more\" data-container=\".ti-review-content\" data-collapse-text=\"Cacher\" data-open-text=\"Lire la suite\" ><\/span> <\/div> <\/div>  <div data-empty=\"0\" class=\"ti-review-item source-Google ti-image-layout-thumbnail\" data-id=\"cfcd208495d565ef66e7dff9f98764da\" > <div class=\"ti-inner\"> <div class=\"ti-review-header\"> <div class=\"ti-profile-img\"> <img decoding=\"async\" src=\"https:\/\/lh3.googleusercontent.com\/a\/ACg8ocIgITHXKo46qgJyPqlJeAcxz11gCKUJpGIk2qauiIe2O3iZ6w=s120-c-rp-mo-br100\" srcset=\"https:\/\/lh3.googleusercontent.com\/a\/ACg8ocIgITHXKo46qgJyPqlJeAcxz11gCKUJpGIk2qauiIe2O3iZ6w=s120-c-rp-mo-br100 2x\" alt=\"Laura Mercier\" loading=\"lazy\" \/> <\/div> <div class=\"ti-profile-details\"> <div class=\"ti-name\"> Laura Mercier <\/div> <div class=\"ti-date\">2024-10-08<\/div> <\/div> <\/div> <span class=\"ti-stars\"><span class=\"ti-star f\"><\/span><span class=\"ti-star f\"><\/span><span class=\"ti-star f\"><\/span><span class=\"ti-star f\"><\/span><span class=\"ti-star f\"><\/span><\/span> <div class=\"ti-review-text-container ti-review-content\"><!-- R-CONTENT -->Mon d\u00e9part approche, je pars dans une semaine, et depuis le d\u00e9but de mon inscription je suis tr\u00e8s satisfaite du suivi effectu\u00e9 par l\u2019association. Ils sont tr\u00e8s disponibles et r\u00e9pondent rapidement \u00e0 l\u2019ensemble des questions. Je suis tr\u00e8s contente de partir faire cette mission humanitaire encadr\u00e9e par cette association. Je recommande vraiment.<!-- R-CONTENT --><\/div> <span class=\"ti-read-more\" data-container=\".ti-review-content\" data-collapse-text=\"Cacher\" data-open-text=\"Lire la suite\" ><\/span> <\/div> <\/div>  <div data-empty=\"0\" class=\"ti-review-item source-Google ti-image-layout-thumbnail\" data-id=\"cfcd208495d565ef66e7dff9f98764da\" > <div class=\"ti-inner\"> <div class=\"ti-review-header\"> <div class=\"ti-profile-img\"> <img decoding=\"async\" src=\"https:\/\/lh3.googleusercontent.com\/a-\/ALV-UjVVr0YMQhXl8QNEEB32l-rnoaYwvRZUjIEX9OEwPE_1fQwzIyk=s120-c-rp-mo-br100\" srcset=\"https:\/\/lh3.googleusercontent.com\/a-\/ALV-UjVVr0YMQhXl8QNEEB32l-rnoaYwvRZUjIEX9OEwPE_1fQwzIyk=s120-c-rp-mo-br100 2x\" alt=\"Anouk Rzkt\" loading=\"lazy\" \/> <\/div> <div class=\"ti-profile-details\"> <div class=\"ti-name\"> Anouk Rzkt <\/div> <div class=\"ti-date\">2024-10-02<\/div> <\/div> <\/div> <span class=\"ti-stars\"><span class=\"ti-star f\"><\/span><span class=\"ti-star f\"><\/span><span class=\"ti-star f\"><\/span><span class=\"ti-star f\"><\/span><span class=\"ti-star f\"><\/span><\/span> <div class=\"ti-review-text-container ti-review-content\"><!-- R-CONTENT -->Globalong est l'association parfaite. L'\u00e9quipe offre un v\u00e9ritable accompagnement rythm\u00e9 par beaucoup de conseils et d'\u00e9coute. Le site est tr\u00e8s bien fait avec des dossiers complets allant des sujets tr\u00e8s pratiques a d'autres plus th\u00e9oriques (tels que le choc culturel par exemple). Je recommande vivement et remercie sinc\u00e8rement toute l'\u00e9quipe pour leur gentillesse et investissement !<!-- R-CONTENT --><\/div> <span class=\"ti-read-more\" data-container=\".ti-review-content\" data-collapse-text=\"Cacher\" data-open-text=\"Lire la suite\" ><\/span> <\/div> <\/div>  <\/div> <div class=\"ti-controls-line\"> <div class=\"dot\"><\/div> <\/div> <\/div> <div class=\"ti-footer\"> <div class=\"ti-rating-text\"> <span class=\"nowrap\">\u00c9valuation <strong>Google<\/strong> : <\/span><span class=\"nowrap\"><strong>4.8<\/strong> sur 5, <\/span><span class=\"nowrap\">Bas\u00e9e sur <strong>240 avis<\/strong><\/span> <\/div> <\/div>  <\/div> <\/div> \n<p style=\"text-align: center;\"><span style=\"color: #b81657;\"><strong>Det er et af de helt store trends p\u00e5 Twitter og Instagram lige nu. \u201cTrash Tag Challenge\u201d f\u00e5r mennesker verden over til at engagere sig i <a href=\"https:\/\/www.vita-explorers.dk\/blog\/\u00f8kofrivilligt-arbejde-jordens-dag-22-april-2018-internationalt-forl\u00f8b-deltager-\u00f8kologi-milj\u00f8-natur\/\" target=\"_blank\" rel=\"noopener\"><span style=\"text-decoration: underline;\">at passe p\u00e5 milj\u00f8et<\/span><\/a>. En enkel og meningsfuld udfordring, der g\u00f8r det lettere for alle at handle.<\/strong><\/span><\/p>\n<p style=\"text-align: justify;\"><span style=\"color: #b81657;\"><strong><a href=\"https:\/\/www.vita-explorers.dk\/blog\/wp-content\/uploads\/2019\/03\/30697839_775870009274939_9202373456413327360_n-min.jpg\"><img loading=\"lazy\" decoding=\"async\" class=\"size-medium wp-image-12454 aligncenter\" src=\"https:\/\/www.vita-explorers.dk\/blog\/wp-content\/uploads\/2019\/03\/30697839_775870009274939_9202373456413327360_n-min-300x200.jpg\" alt=\"\" width=\"300\" height=\"200\" srcset=\"https:\/\/www.vita-explorers.dk\/blog\/wp-content\/uploads\/2019\/03\/30697839_775870009274939_9202373456413327360_n-min-300x200.jpg 300w, https:\/\/www.vita-explorers.dk\/blog\/wp-content\/uploads\/2019\/03\/30697839_775870009274939_9202373456413327360_n-min-150x100.jpg 150w, https:\/\/www.vita-explorers.dk\/blog\/wp-content\/uploads\/2019\/03\/30697839_775870009274939_9202373456413327360_n-min.jpg 450w\" sizes=\"(max-width: 300px) 100vw, 300px\" \/><\/a>Hvad g\u00e5r Trash Tag Challenge egentlig ud p\u00e5?<\/strong><\/span><\/p>\n<p style=\"text-align: justify;\">Efter en r\u00e6kke underholdende (og til tider omdiskuterede) challenges som \u201cIce Bucket Challenge\u201d (h\u00e6lde en spand iskoldt vand over sig selv for at samle penge ind), \u201c<a href=\"https:\/\/www.vita-explorers.dk\/blog\/wash-in-5-challenge-oplysning-om-vand-og-toerke-i-sydafrika-solidaritet-borgerhandling-frivilligt-arbejde-internationalt-engagement\/\" target=\"_blank\" rel=\"noopener\"><span style=\"color: #b81657;\"><strong><span style=\"text-decoration: underline;\">Wash in 5 challenge<\/span><\/strong><\/span><\/a>\u201d (spare vand ved at tage brusebade p\u00e5 under 5 minutter), \u201cMannequin challenge\u201d (st\u00e5 helt stille i gruppe) eller \u201c10 Year Challenge\u201d (poste to billeder taget med ti \u00e5rs mellemrum), <strong>har \u201cTrash Tag Challenge\u201d taget nettet med storm de seneste dage<\/strong>!<\/p>\n<p><img loading=\"lazy\" decoding=\"async\" class=\"size-medium wp-image-12453 aligncenter\" src=\"https:\/\/www.vita-explorers.dk\/blog\/wp-content\/uploads\/2019\/03\/TrashTag-Challenge-min-300x188.jpg\" alt=\"\" width=\"300\" height=\"188\" srcset=\"https:\/\/www.vita-explorers.dk\/blog\/wp-content\/uploads\/2019\/03\/TrashTag-Challenge-min-300x188.jpg 300w, https:\/\/www.vita-explorers.dk\/blog\/wp-content\/uploads\/2019\/03\/TrashTag-Challenge-min-150x94.jpg 150w, https:\/\/www.vita-explorers.dk\/blog\/wp-content\/uploads\/2019\/03\/TrashTag-Challenge-min.jpg 640w\" sizes=\"(max-width: 300px) 100vw, 300px\" \/><\/p>\n<p style=\"text-align: justify;\">Udfordringen blev sat i gang af <strong>Younes Drici Tani<\/strong>, algerisk milj\u00f8fork\u00e6mper og aktivist (se billedet ved siden af). Denne <a href=\"https:\/\/www.vita-explorers.dk\/blog\/kaemp-mod-plastforurening-miljoe-okologi-hav-og-ocean-ansvarligt-eco-frivilligt-arbejde-vita\/\" target=\"_blank\" rel=\"noopener\"><span style=\"text-decoration: underline; color: #b81657;\"><strong>milj\u00f8ansvarlige bev\u00e6gelse<\/strong><\/span><\/a> henvender sig til \u201calle unge, der keder sig\u201d og opfordrer til at <strong>g\u00e5 i gang med at rydde op et forurenet sted<\/strong> i n\u00e6romr\u00e5det \u2013 og bagefter <strong>dele resultatet online<\/strong>.<\/p>\n<p style=\"text-align: justify;\">For at v\u00e6re med i \u201c<strong>Trash Tag Challenge<\/strong>\u201d skal du bare bruge <a href=\"https:\/\/www.vita-explorers.dk\/blog\/frivilligt-arbejde-i-organisationer-psykologiske-fordele-international-erfaring-i-udlandet\/\" target=\"_blank\" rel=\"noopener\"><span style=\"text-decoration: underline; color: #b81657;\"><strong>god vilje<\/strong><\/span><\/a>, <strong>et par handsker<\/strong>, <strong>affaldss\u00e6kke<\/strong> \u2026 og <strong>et kamera<\/strong>!<\/p>\n<p style=\"text-align: justify;\"><a href=\"https:\/\/www.vita-explorers.dk\/blog\/wp-content\/uploads\/2019\/03\/Ludivine-et-les-enfants-de-le\u0301cole-participent-a\u0300-une-collecte-de-de\u0301chets-02-2018-min-300x169.jpg\"><img loading=\"lazy\" decoding=\"async\" class=\"size-medium wp-image-12460 aligncenter\" src=\"https:\/\/www.vita-explorers.dk\/blog\/wp-content\/uploads\/2019\/03\/Ludivine-et-les-enfants-de-le\u0301cole-participent-a\u0300-une-collecte-de-de\u0301chets-02-2018-min-300x169-300x169.jpg\" alt=\"\" width=\"300\" height=\"169\" srcset=\"https:\/\/www.vita-explorers.dk\/blog\/wp-content\/uploads\/2019\/03\/Ludivine-et-les-enfants-de-le\u0301cole-participent-a\u0300-une-collecte-de-de\u0301chets-02-2018-min-300x169.jpg 300w, https:\/\/www.vita-explorers.dk\/blog\/wp-content\/uploads\/2019\/03\/Ludivine-et-les-enfants-de-le\u0301cole-participent-a\u0300-une-collecte-de-de\u0301chets-02-2018-min-300x169-150x85.jpg 150w\" sizes=\"(max-width: 300px) 100vw, 300px\" \/><\/a>Du v\u00e6lger et sted, der er fyldt med affald, <strong>tager et billede<\/strong> n\u00e5r du ankommer, <strong>samler affaldet<\/strong> og <strong>tager et nyt billede, n\u00e5r der er ryddet op<\/strong>. Til sidst <strong>poster du f\u00f8r\/efter-billedet p\u00e5 sociale medier med hashtagget #TrashChallenge<\/strong>.<\/p>\n<p style=\"text-align: justify;\"><span style=\"color: #b81657;\"><strong>Hvem kan deltage i Trash Tag Challenge?<\/strong><\/span><\/p>\n<p style=\"text-align: justify;\"><strong>Alle!<\/strong><\/p>\n<p style=\"text-align: justify;\"><a href=\"https:\/\/www.vita-explorers.dk\/blog\/wp-content\/uploads\/2019\/03\/10321019_577095915730211_8869803165837218211_o-min.jpg\"><img loading=\"lazy\" decoding=\"async\" class=\"size-medium wp-image-12462 aligncenter\" src=\"https:\/\/www.vita-explorers.dk\/blog\/wp-content\/uploads\/2019\/03\/10321019_577095915730211_8869803165837218211_o-min-300x200.jpg\" alt=\"\" width=\"300\" height=\"200\" srcset=\"https:\/\/www.vita-explorers.dk\/blog\/wp-content\/uploads\/2019\/03\/10321019_577095915730211_8869803165837218211_o-min-300x200.jpg 300w, https:\/\/www.vita-explorers.dk\/blog\/wp-content\/uploads\/2019\/03\/10321019_577095915730211_8869803165837218211_o-min-768x512.jpg 768w, https:\/\/www.vita-explorers.dk\/blog\/wp-content\/uploads\/2019\/03\/10321019_577095915730211_8869803165837218211_o-min-1024x683.jpg 1024w, https:\/\/www.vita-explorers.dk\/blog\/wp-content\/uploads\/2019\/03\/10321019_577095915730211_8869803165837218211_o-min-150x100.jpg 150w, https:\/\/www.vita-explorers.dk\/blog\/wp-content\/uploads\/2019\/03\/10321019_577095915730211_8869803165837218211_o-min.jpg 2048w\" sizes=\"(max-width: 300px) 100vw, 300px\" \/><\/a>Udfordringen kan gennemf\u00f8res <strong>alene eller sammen med andre<\/strong> \u2013 en god m\u00e5de at <strong>samles om en <a href=\"https:\/\/www.vita-explorers.dk\/blog\/humanit\u00e6rt-praktikophold-rejse-udlandsophold-for-unge-danskere-internationalt\/\" target=\"_blank\" rel=\"noopener\"><span style=\"text-decoration: underline; color: #b81657;\">sag, der giver mening<\/span><\/a><\/strong>!<\/p>\n<p style=\"text-align: justify;\">F\u00f8r\/efter-billeder fra mange lande er imponerende og peger p\u00e5 en <strong>f\u00e6lles bevidsthed<\/strong> og et <strong>st\u00e6rkt engagement i klima og milj\u00f8<\/strong> \u2013 i tr\u00e5d med andre nyere <strong>initiativer<\/strong> som f.eks. <strong>klimamarcher<\/strong>.<\/p>\n<p style=\"text-align: justify;\">Samtidig g\u00f8r udfordringen det lettere at <strong>s\u00e6tte fokus p\u00e5 problemet med forurening<\/strong> og viser, at <strong>vi alle kan bidrage til at passe p\u00e5 naturen og planeten<\/strong>.<\/p>\n<p><img loading=\"lazy\" decoding=\"async\" class=\"size-medium wp-image-12467 aligncenter\" src=\"https:\/\/www.vita-explorers.dk\/blog\/wp-content\/uploads\/2019\/03\/Thailande-e\u0301le\u0301phants-min-11-min-300x211.jpg\" alt=\"\" width=\"300\" height=\"211\" srcset=\"https:\/\/www.vita-explorers.dk\/blog\/wp-content\/uploads\/2019\/03\/Thailande-e\u0301le\u0301phants-min-11-min-300x211.jpg 300w, https:\/\/www.vita-explorers.dk\/blog\/wp-content\/uploads\/2019\/03\/Thailande-e\u0301le\u0301phants-min-11-min-768x539.jpg 768w, https:\/\/www.vita-explorers.dk\/blog\/wp-content\/uploads\/2019\/03\/Thailande-e\u0301le\u0301phants-min-11-min-150x105.jpg 150w, https:\/\/www.vita-explorers.dk\/blog\/wp-content\/uploads\/2019\/03\/Thailande-e\u0301le\u0301phants-min-11-min.jpg 815w\" sizes=\"(max-width: 300px) 100vw, 300px\" \/><\/p>\n<p style=\"text-align: justify;\">S\u00e5\u2026 <strong>find affaldss\u00e6kkene frem!<\/strong><\/p>\n<p style=\"text-align: justify;\"><span style=\"color: #b81657;\"><strong>VITA Explorers, der engagerer sig i at passe p\u00e5 milj\u00f8et!<\/strong><\/span><\/p>\n<p style=\"text-align: justify;\">\u00c5ret rundt findes der mange <strong>internationale forl\u00f8b med fokus p\u00e5 milj\u00f8 og natur<\/strong>, hvor <strong><a href=\"https:\/\/www.vita-explorers.dk\/blog\/milj\u00f8frivillig-internationalt-ophold-for-b\u00f8rn-og-lokalsamfund-kultur-vita-information\/\" target=\"_blank\" rel=\"noopener\"><span style=\"text-decoration: underline; color: #b81657;\">deltagere<\/span><\/a> engagerer sig i milj\u00f8indsatser<\/strong> forskellige steder i verden.<\/p>\n<p>Visse forl\u00f8b handler om <strong>beskyttelse af <a href=\"https:\/\/www.vita-explorers.dk\/blog\/international-dag-for-dyrs-rettigheder-10-december-dyrevelfaerd-frivilligt-arbejde\/\" target=\"_blank\" rel=\"noopener\"><span style=\"text-decoration: underline;\"><span style=\"color: #b81657; text-decoration: underline;\">vilde dyr<\/span><\/span><\/a><\/strong><a href=\"https:\/\/www.vita-explorers.dk\/blog\/international-dag-for-dyrs-rettigheder-10-december-dyrevelfaerd-frivilligt-arbejde\/\" target=\"_blank\" rel=\"noopener\">.<\/a><\/p>\n<p><img loading=\"lazy\" decoding=\"async\" class=\"wp-image-12469 aligncenter\" src=\"https:\/\/www.vita-explorers.dk\/blog\/wp-content\/uploads\/2019\/03\/image6-min-225x300.jpeg\" alt=\"\" width=\"300\" height=\"400\" srcset=\"https:\/\/www.vita-explorers.dk\/blog\/wp-content\/uploads\/2019\/03\/image6-min-225x300.jpeg 225w, https:\/\/www.vita-explorers.dk\/blog\/wp-content\/uploads\/2019\/03\/image6-min-768x1024.jpeg 768w, https:\/\/www.vita-explorers.dk\/blog\/wp-content\/uploads\/2019\/03\/image6-min-113x150.jpeg 113w, https:\/\/www.vita-explorers.dk\/blog\/wp-content\/uploads\/2019\/03\/image6-min.jpeg 960w\" sizes=\"(max-width: 300px) 100vw, 300px\" \/><\/p>\n<p>Andre har som m\u00e5l at <strong>bevare \u00f8kosystemer<\/strong> (<strong>genplantning af skov<\/strong>, <strong>beskyttelse af kyster<\/strong>, forl\u00f8b i <strong>nationalparker<\/strong> m.m.).<\/p>\n<p style=\"text-align: justify;\">Forl\u00f8bene er for alle, der \u00f8nsker at <strong>bidrage i praksis<\/strong> og <strong>g\u00f8re noget, der er konkret og nyttigt<\/strong>, samtidig med at man er <strong>i <a href=\"https:\/\/www.vita-explorers.dk\/blog\/fremmedsprog-europaeiske-sprog-laering-kulturer-folk-udveksling\/\" target=\"_blank\" rel=\"noopener\"><span style=\"text-decoration: underline; color: #b81657;\">fuld kulturudveksling<\/span><\/a><\/strong> i et andet land \u2013 uden at det kr\u00e6ver s\u00e6rlige uddannelser eller kompetencer (se <span style=\"text-decoration: underline;\"><a href=\"https:\/\/www.vita-explorers.dk\/frivilligt-arbejde\/\" target=\"_blank\" rel=\"noopener\">programdetaljer<\/a><\/span> p\u00e5 vores site).<\/p>\n<p style=\"text-align: justify;\">Vil du <strong>v\u00e6re en del af #TrashChallenge<\/strong>?<br \/>\n<strong>G\u00e5 i gang<\/strong> og <strong>send os dine f\u00f8r\/efter-billeder<\/strong> p\u00e5: <a href=\"mailto:info@globalong.com\" target=\"_blank\" rel=\"noopener\">info@globalong.com<\/a>.<br \/>\nVi deler dem gerne p\u00e5 vores <strong>sociale medier<\/strong>!<\/p>\n<p style=\"text-align: justify;\">Uanset om du <strong>er derhjemme<\/strong> eller <strong>deltager i et internationalt forl\u00f8b<\/strong>, kan du ogs\u00e5 <strong>v\u00e6re med i den virale udfordring<\/strong>!<\/p>\n<p style=\"text-align: justify;\">Tak for din <strong>milj\u00f8ansvarlige indsats<\/strong> \ud83d\ude42<\/p>\n<p style=\"text-align: center;\"><a href=\"https:\/\/www.vita-explorers.dk\/frivilligt-arbejde\/\" target=\"_blank\" rel=\"noopener\"><span style=\"text-decoration: underline; color: #b81657;\"><strong>Deltag i et internationalt milj\u00f8forl\u00f8b i udlandet!<\/strong><\/span><\/a><\/p>\n<p style=\"text-align: center;\"><a href=\"https:\/\/www.vita-explorers.dk\/blog\/dossiers-vita-ekstra-information-gode-rad-forskelle-sporgsmal-praktik-sprog-internationale-forlob-frivilligt-arbejde-sprogophold-udlandsophold-humanitaert-arbejde-projekt-sabbat\u00e5r\/charte-de-lecovolontariat\/\" target=\"_blank\" rel=\"noopener\"><span style=\"text-decoration: underline; color: #b81657;\"><strong>L\u00e6s vores charter for ansvarlige milj\u00f8ophold<\/strong><\/span><\/a><\/p>\n<p style=\"text-align: center;\"><a href=\"https:\/\/www.flickr.com\/photos\/globalong\/\" target=\"_blank\" rel=\"noopener\"><span style=\"text-decoration: underline; color: #b81657;\"><strong>Se billeder fra vores deltagere rundt omkring i verden!<\/strong><\/span><\/a><\/p>\n<p style=\"text-align: center;\"><a href=\"https:\/\/www.vita-explorers.dk\/blog\/avis-globalong\/\" target=\"_blank\" rel=\"noopener\"><span style=\"text-decoration: underline; color: #b81657;\"><strong>L\u00e6s oplevelser fra internationale deltagere!<\/strong><\/span><\/a><\/p>\n<p style=\"text-align: center;\"><a href=\"https:\/\/www.vita-explorers.dk\/blog\/videoer-fra-vores-destinationer-frivilligt-arbejde-internationale-forloeb\/\" target=\"_blank\" rel=\"noopener\"><span style=\"text-decoration: underline; color: #b81657;\"><strong>VITA i video<\/strong><\/span><\/a><\/p>\n<p><span style=\"font-size: 8pt;\">Fotos er vejledende<\/span><\/p>\n","protected":false},"excerpt":{"rendered":"<p>Det er et af de helt store trends p\u00e5 Twitter og Instagram lige nu. \u201cTrash Tag Challenge\u201d f\u00e5r mennesker verden over til at engagere\u2026<\/p>\n","protected":false},"author":1,"featured_media":12454,"comment_status":"open","ping_status":"open","sticky":false,"template":"","format":"standard","meta":{"footnotes":""},"categories":[8,6,3,4],"tags":[697,696,379,698,559,104,82,95,700,243,422,273,699,99,522,380,701,202,521],"yoast_head":"<!-- This site is optimized with the Yoast SEO Premium plugin v23.4 (Yoast SEO v23.4) - https:\/\/yoast.com\/wordpress\/plugins\/seo\/ -->\n<title>\u201cTrash Tag Challenge\u201d: en milj\u00f8ansvarlig udfordring! - VITA Explorers Blog<\/title>\n<meta name=\"robots\" content=\"index, follow, max-snippet:-1, max-image-preview:large, max-video-preview:-1\" \/>\n<link rel=\"canonical\" href=\"https:\/\/www.vita-explorers.dk\/blog\/internationalt-frivilligt-forloeb-og-praktik-trash-tag-udfordring-ansvarlig-oekologi-sociale-medier-miljoe\/\" \/>\n<meta property=\"og:locale\" content=\"da_DK\" \/>\n<meta property=\"og:type\" content=\"article\" \/>\n<meta property=\"og:title\" content=\"\u201cTrash Tag Challenge\u201d: en milj\u00f8ansvarlig udfordring!\" \/>\n<meta property=\"og:description\" content=\"Det er et af de helt store trends p\u00e5 Twitter og Instagram lige nu. \u201cTrash Tag Challenge\u201d f\u00e5r mennesker verden over til at engagere\u2026\" \/>\n<meta property=\"og:url\" content=\"https:\/\/www.vita-explorers.dk\/blog\/internationalt-frivilligt-forloeb-og-praktik-trash-tag-udfordring-ansvarlig-oekologi-sociale-medier-miljoe\/\" \/>\n<meta property=\"og:site_name\" content=\"VITA Explorers Blog\" \/>\n<meta property=\"article:publisher\" content=\"https:\/\/www.facebook.com\/globalong\" \/>\n<meta property=\"article:published_time\" content=\"2019-03-22T14:19:20+00:00\" \/>\n<meta property=\"article:modified_time\" content=\"2023-01-04T14:51:25+00:00\" \/>\n<meta property=\"og:image\" content=\"https:\/\/www.vita-explorers.dk\/blog\/wp-content\/uploads\/2019\/03\/30697839_775870009274939_9202373456413327360_n-min.jpg\" \/>\n\t<meta property=\"og:image:width\" content=\"450\" \/>\n\t<meta property=\"og:image:height\" content=\"300\" \/>\n\t<meta property=\"og:image:type\" content=\"image\/jpeg\" \/>\n<meta name=\"author\" content=\"VITA Tribe\" \/>\n<meta name=\"twitter:card\" content=\"summary_large_image\" \/>\n<meta name=\"twitter:label1\" content=\"Skrevet af\" \/>\n\t<meta name=\"twitter:data1\" content=\"VITA Tribe\" \/>\n\t<meta name=\"twitter:label2\" content=\"Estimeret l\u00e6setid\" \/>\n\t<meta name=\"twitter:data2\" content=\"3 minutter\" \/>\n<script type=\"application\/ld+json\" class=\"yoast-schema-graph\">{\"@context\":\"https:\/\/schema.org\",\"@graph\":[{\"@type\":\"Article\",\"@id\":\"https:\/\/www.vita-explorers.dk\/blog\/internationalt-frivilligt-forloeb-og-praktik-trash-tag-udfordring-ansvarlig-oekologi-sociale-medier-miljoe\/#article\",\"isPartOf\":{\"@id\":\"https:\/\/www.vita-explorers.dk\/blog\/internationalt-frivilligt-forloeb-og-praktik-trash-tag-udfordring-ansvarlig-oekologi-sociale-medier-miljoe\/\"},\"author\":{\"name\":\"VITA Tribe\",\"@id\":\"https:\/\/www.vita-explorers.dk\/blog\/#\/schema\/person\/d7df267b64f23018d1dc519e78fb2735\"},\"headline\":\"\u201cTrash Tag Challenge\u201d: en milj\u00f8ansvarlig udfordring!\",\"datePublished\":\"2019-03-22T14:19:20+00:00\",\"dateModified\":\"2023-01-04T14:51:25+00:00\",\"mainEntityOfPage\":{\"@id\":\"https:\/\/www.vita-explorers.dk\/blog\/internationalt-frivilligt-forloeb-og-praktik-trash-tag-udfordring-ansvarlig-oekologi-sociale-medier-miljoe\/\"},\"wordCount\":561,\"commentCount\":0,\"publisher\":{\"@id\":\"https:\/\/www.vita-explorers.dk\/blog\/#organization\"},\"image\":{\"@id\":\"https:\/\/www.vita-explorers.dk\/blog\/internationalt-frivilligt-forloeb-og-praktik-trash-tag-udfordring-ansvarlig-oekologi-sociale-medier-miljoe\/#primaryimage\"},\"thumbnailUrl\":\"https:\/\/www.vita-explorers.dk\/blog\/wp-content\/uploads\/2019\/03\/30697839_775870009274939_9202373456413327360_n-min.jpg\",\"keywords\":[\"#Trashchallenge\",\"#Trashtagchallenge\",\"action\",\"d\u00e9fi\",\"\u00e9co-responsable\",\"\u00e9cologie\",\"engagement\",\"environnement\",\"Instagram\",\"international\",\"photo\",\"Plan\u00e8te\",\"pollution\",\"protection de l'environnement\",\"r\u00e9seaux sociaux\",\"solidaire\",\"Twitter\",\"volontaire\",\"volontaires internationaux\"],\"articleSection\":[\"Humanit\u00e6rt frivilligt arbejde\",\"Nyheder\",\"Rejser - generelle oplysninger\",\"VITA Explorers\"],\"inLanguage\":\"da-DK\",\"potentialAction\":[{\"@type\":\"CommentAction\",\"name\":\"Comment\",\"target\":[\"https:\/\/www.vita-explorers.dk\/blog\/internationalt-frivilligt-forloeb-og-praktik-trash-tag-udfordring-ansvarlig-oekologi-sociale-medier-miljoe\/#respond\"]}]},{\"@type\":\"WebPage\",\"@id\":\"https:\/\/www.vita-explorers.dk\/blog\/internationalt-frivilligt-forloeb-og-praktik-trash-tag-udfordring-ansvarlig-oekologi-sociale-medier-miljoe\/\",\"url\":\"https:\/\/www.vita-explorers.dk\/blog\/internationalt-frivilligt-forloeb-og-praktik-trash-tag-udfordring-ansvarlig-oekologi-sociale-medier-miljoe\/\",\"name\":\"\u201cTrash Tag Challenge\u201d: en milj\u00f8ansvarlig udfordring! - VITA Explorers Blog\",\"isPartOf\":{\"@id\":\"https:\/\/www.vita-explorers.dk\/blog\/#website\"},\"primaryImageOfPage\":{\"@id\":\"https:\/\/www.vita-explorers.dk\/blog\/internationalt-frivilligt-forloeb-og-praktik-trash-tag-udfordring-ansvarlig-oekologi-sociale-medier-miljoe\/#primaryimage\"},\"image\":{\"@id\":\"https:\/\/www.vita-explorers.dk\/blog\/internationalt-frivilligt-forloeb-og-praktik-trash-tag-udfordring-ansvarlig-oekologi-sociale-medier-miljoe\/#primaryimage\"},\"thumbnailUrl\":\"https:\/\/www.vita-explorers.dk\/blog\/wp-content\/uploads\/2019\/03\/30697839_775870009274939_9202373456413327360_n-min.jpg\",\"datePublished\":\"2019-03-22T14:19:20+00:00\",\"dateModified\":\"2023-01-04T14:51:25+00:00\",\"breadcrumb\":{\"@id\":\"https:\/\/www.vita-explorers.dk\/blog\/internationalt-frivilligt-forloeb-og-praktik-trash-tag-udfordring-ansvarlig-oekologi-sociale-medier-miljoe\/#breadcrumb\"},\"inLanguage\":\"da-DK\",\"potentialAction\":[{\"@type\":\"ReadAction\",\"target\":[\"https:\/\/www.vita-explorers.dk\/blog\/internationalt-frivilligt-forloeb-og-praktik-trash-tag-udfordring-ansvarlig-oekologi-sociale-medier-miljoe\/\"]}]},{\"@type\":\"ImageObject\",\"inLanguage\":\"da-DK\",\"@id\":\"https:\/\/www.vita-explorers.dk\/blog\/internationalt-frivilligt-forloeb-og-praktik-trash-tag-udfordring-ansvarlig-oekologi-sociale-medier-miljoe\/#primaryimage\",\"url\":\"https:\/\/www.vita-explorers.dk\/blog\/wp-content\/uploads\/2019\/03\/30697839_775870009274939_9202373456413327360_n-min.jpg\",\"contentUrl\":\"https:\/\/www.vita-explorers.dk\/blog\/wp-content\/uploads\/2019\/03\/30697839_775870009274939_9202373456413327360_n-min.jpg\",\"width\":450,\"height\":300,\"caption\":\"Missions aux Maldives\"},{\"@type\":\"BreadcrumbList\",\"@id\":\"https:\/\/www.vita-explorers.dk\/blog\/internationalt-frivilligt-forloeb-og-praktik-trash-tag-udfordring-ansvarlig-oekologi-sociale-medier-miljoe\/#breadcrumb\",\"itemListElement\":[{\"@type\":\"ListItem\",\"position\":1,\"name\":\"Accueil\",\"item\":\"https:\/\/www.vita-explorers.dk\/blog\/\"},{\"@type\":\"ListItem\",\"position\":2,\"name\":\"\u201cTrash Tag Challenge\u201d: en milj\u00f8ansvarlig udfordring!\"}]},{\"@type\":\"WebSite\",\"@id\":\"https:\/\/www.vita-explorers.dk\/blog\/#website\",\"url\":\"https:\/\/www.vita-explorers.dk\/blog\/\",\"name\":\"Association Globalong\",\"description\":\"Frivilligt arbejde, sprogophold, praktik i udlandet og internationale oplevelser\",\"publisher\":{\"@id\":\"https:\/\/www.vita-explorers.dk\/blog\/#organization\"},\"potentialAction\":[{\"@type\":\"SearchAction\",\"target\":{\"@type\":\"EntryPoint\",\"urlTemplate\":\"https:\/\/www.vita-explorers.dk\/blog\/?s={search_term_string}\"},\"query-input\":{\"@type\":\"PropertyValueSpecification\",\"valueRequired\":true,\"valueName\":\"search_term_string\"}}],\"inLanguage\":\"da-DK\"},{\"@type\":\"Organization\",\"@id\":\"https:\/\/www.vita-explorers.dk\/blog\/#organization\",\"name\":\"Association Globalong\",\"url\":\"https:\/\/www.vita-explorers.dk\/blog\/\",\"logo\":{\"@type\":\"ImageObject\",\"inLanguage\":\"da-DK\",\"@id\":\"https:\/\/www.vita-explorers.dk\/blog\/#\/schema\/logo\/image\/\",\"url\":\"https:\/\/www.globalong.com\/blog\/wp-content\/uploads\/2014\/11\/cropped-cropped-Logo-et-Afrique-Globalong-petite-taille-2.jpg\",\"contentUrl\":\"https:\/\/www.globalong.com\/blog\/wp-content\/uploads\/2014\/11\/cropped-cropped-Logo-et-Afrique-Globalong-petite-taille-2.jpg\",\"width\":512,\"height\":512,\"caption\":\"Association Globalong\"},\"image\":{\"@id\":\"https:\/\/www.vita-explorers.dk\/blog\/#\/schema\/logo\/image\/\"},\"sameAs\":[\"https:\/\/www.facebook.com\/globalong\"]},{\"@type\":\"Person\",\"@id\":\"https:\/\/www.vita-explorers.dk\/blog\/#\/schema\/person\/d7df267b64f23018d1dc519e78fb2735\",\"name\":\"VITA Tribe\",\"image\":{\"@type\":\"ImageObject\",\"inLanguage\":\"da-DK\",\"@id\":\"https:\/\/www.vita-explorers.dk\/blog\/#\/schema\/person\/image\/\",\"url\":\"https:\/\/secure.gravatar.com\/avatar\/81461bcc213d0ff2bdc043d4206648f0?s=96&d=mm&r=g\",\"contentUrl\":\"https:\/\/secure.gravatar.com\/avatar\/81461bcc213d0ff2bdc043d4206648f0?s=96&d=mm&r=g\",\"caption\":\"VITA Tribe\"},\"sameAs\":[\"https:\/\/www.globalong.com\"],\"url\":\"https:\/\/www.vita-explorers.dk\/blog\/author\/sophie\/\"}]}<\/script>\n<!-- \/ Yoast SEO Premium plugin. -->","yoast_head_json":{"title":"\u201cTrash Tag Challenge\u201d: en milj\u00f8ansvarlig udfordring! - VITA Explorers Blog","robots":{"index":"index","follow":"follow","max-snippet":"max-snippet:-1","max-image-preview":"max-image-preview:large","max-video-preview":"max-video-preview:-1"},"canonical":"https:\/\/www.vita-explorers.dk\/blog\/internationalt-frivilligt-forloeb-og-praktik-trash-tag-udfordring-ansvarlig-oekologi-sociale-medier-miljoe\/","og_locale":"da_DK","og_type":"article","og_title":"\u201cTrash Tag Challenge\u201d: en milj\u00f8ansvarlig udfordring!","og_description":"Det er et af de helt store trends p\u00e5 Twitter og Instagram lige nu. \u201cTrash Tag Challenge\u201d f\u00e5r mennesker verden over til at engagere\u2026","og_url":"https:\/\/www.vita-explorers.dk\/blog\/internationalt-frivilligt-forloeb-og-praktik-trash-tag-udfordring-ansvarlig-oekologi-sociale-medier-miljoe\/","og_site_name":"VITA Explorers Blog","article_publisher":"https:\/\/www.facebook.com\/globalong","article_published_time":"2019-03-22T14:19:20+00:00","article_modified_time":"2023-01-04T14:51:25+00:00","og_image":[{"width":450,"height":300,"url":"https:\/\/www.vita-explorers.dk\/blog\/wp-content\/uploads\/2019\/03\/30697839_775870009274939_9202373456413327360_n-min.jpg","type":"image\/jpeg"}],"author":"VITA Tribe","twitter_card":"summary_large_image","twitter_misc":{"Skrevet af":"VITA Tribe","Estimeret l\u00e6setid":"3 minutter"},"schema":{"@context":"https:\/\/schema.org","@graph":[{"@type":"Article","@id":"https:\/\/www.vita-explorers.dk\/blog\/internationalt-frivilligt-forloeb-og-praktik-trash-tag-udfordring-ansvarlig-oekologi-sociale-medier-miljoe\/#article","isPartOf":{"@id":"https:\/\/www.vita-explorers.dk\/blog\/internationalt-frivilligt-forloeb-og-praktik-trash-tag-udfordring-ansvarlig-oekologi-sociale-medier-miljoe\/"},"author":{"name":"VITA Tribe","@id":"https:\/\/www.vita-explorers.dk\/blog\/#\/schema\/person\/d7df267b64f23018d1dc519e78fb2735"},"headline":"\u201cTrash Tag Challenge\u201d: en milj\u00f8ansvarlig udfordring!","datePublished":"2019-03-22T14:19:20+00:00","dateModified":"2023-01-04T14:51:25+00:00","mainEntityOfPage":{"@id":"https:\/\/www.vita-explorers.dk\/blog\/internationalt-frivilligt-forloeb-og-praktik-trash-tag-udfordring-ansvarlig-oekologi-sociale-medier-miljoe\/"},"wordCount":561,"commentCount":0,"publisher":{"@id":"https:\/\/www.vita-explorers.dk\/blog\/#organization"},"image":{"@id":"https:\/\/www.vita-explorers.dk\/blog\/internationalt-frivilligt-forloeb-og-praktik-trash-tag-udfordring-ansvarlig-oekologi-sociale-medier-miljoe\/#primaryimage"},"thumbnailUrl":"https:\/\/www.vita-explorers.dk\/blog\/wp-content\/uploads\/2019\/03\/30697839_775870009274939_9202373456413327360_n-min.jpg","keywords":["#Trashchallenge","#Trashtagchallenge","action","d\u00e9fi","\u00e9co-responsable","\u00e9cologie","engagement","environnement","Instagram","international","photo","Plan\u00e8te","pollution","protection de l'environnement","r\u00e9seaux sociaux","solidaire","Twitter","volontaire","volontaires internationaux"],"articleSection":["Humanit\u00e6rt frivilligt arbejde","Nyheder","Rejser - generelle oplysninger","VITA Explorers"],"inLanguage":"da-DK","potentialAction":[{"@type":"CommentAction","name":"Comment","target":["https:\/\/www.vita-explorers.dk\/blog\/internationalt-frivilligt-forloeb-og-praktik-trash-tag-udfordring-ansvarlig-oekologi-sociale-medier-miljoe\/#respond"]}]},{"@type":"WebPage","@id":"https:\/\/www.vita-explorers.dk\/blog\/internationalt-frivilligt-forloeb-og-praktik-trash-tag-udfordring-ansvarlig-oekologi-sociale-medier-miljoe\/","url":"https:\/\/www.vita-explorers.dk\/blog\/internationalt-frivilligt-forloeb-og-praktik-trash-tag-udfordring-ansvarlig-oekologi-sociale-medier-miljoe\/","name":"\u201cTrash Tag Challenge\u201d: en milj\u00f8ansvarlig udfordring! - VITA Explorers Blog","isPartOf":{"@id":"https:\/\/www.vita-explorers.dk\/blog\/#website"},"primaryImageOfPage":{"@id":"https:\/\/www.vita-explorers.dk\/blog\/internationalt-frivilligt-forloeb-og-praktik-trash-tag-udfordring-ansvarlig-oekologi-sociale-medier-miljoe\/#primaryimage"},"image":{"@id":"https:\/\/www.vita-explorers.dk\/blog\/internationalt-frivilligt-forloeb-og-praktik-trash-tag-udfordring-ansvarlig-oekologi-sociale-medier-miljoe\/#primaryimage"},"thumbnailUrl":"https:\/\/www.vita-explorers.dk\/blog\/wp-content\/uploads\/2019\/03\/30697839_775870009274939_9202373456413327360_n-min.jpg","datePublished":"2019-03-22T14:19:20+00:00","dateModified":"2023-01-04T14:51:25+00:00","breadcrumb":{"@id":"https:\/\/www.vita-explorers.dk\/blog\/internationalt-frivilligt-forloeb-og-praktik-trash-tag-udfordring-ansvarlig-oekologi-sociale-medier-miljoe\/#breadcrumb"},"inLanguage":"da-DK","potentialAction":[{"@type":"ReadAction","target":["https:\/\/www.vita-explorers.dk\/blog\/internationalt-frivilligt-forloeb-og-praktik-trash-tag-udfordring-ansvarlig-oekologi-sociale-medier-miljoe\/"]}]},{"@type":"ImageObject","inLanguage":"da-DK","@id":"https:\/\/www.vita-explorers.dk\/blog\/internationalt-frivilligt-forloeb-og-praktik-trash-tag-udfordring-ansvarlig-oekologi-sociale-medier-miljoe\/#primaryimage","url":"https:\/\/www.vita-explorers.dk\/blog\/wp-content\/uploads\/2019\/03\/30697839_775870009274939_9202373456413327360_n-min.jpg","contentUrl":"https:\/\/www.vita-explorers.dk\/blog\/wp-content\/uploads\/2019\/03\/30697839_775870009274939_9202373456413327360_n-min.jpg","width":450,"height":300,"caption":"Missions aux Maldives"},{"@type":"BreadcrumbList","@id":"https:\/\/www.vita-explorers.dk\/blog\/internationalt-frivilligt-forloeb-og-praktik-trash-tag-udfordring-ansvarlig-oekologi-sociale-medier-miljoe\/#breadcrumb","itemListElement":[{"@type":"ListItem","position":1,"name":"Accueil","item":"https:\/\/www.vita-explorers.dk\/blog\/"},{"@type":"ListItem","position":2,"name":"\u201cTrash Tag Challenge\u201d: en milj\u00f8ansvarlig udfordring!"}]},{"@type":"WebSite","@id":"https:\/\/www.vita-explorers.dk\/blog\/#website","url":"https:\/\/www.vita-explorers.dk\/blog\/","name":"Association Globalong","description":"Frivilligt arbejde, sprogophold, praktik i udlandet og internationale oplevelser","publisher":{"@id":"https:\/\/www.vita-explorers.dk\/blog\/#organization"},"potentialAction":[{"@type":"SearchAction","target":{"@type":"EntryPoint","urlTemplate":"https:\/\/www.vita-explorers.dk\/blog\/?s={search_term_string}"},"query-input":{"@type":"PropertyValueSpecification","valueRequired":true,"valueName":"search_term_string"}}],"inLanguage":"da-DK"},{"@type":"Organization","@id":"https:\/\/www.vita-explorers.dk\/blog\/#organization","name":"Association Globalong","url":"https:\/\/www.vita-explorers.dk\/blog\/","logo":{"@type":"ImageObject","inLanguage":"da-DK","@id":"https:\/\/www.vita-explorers.dk\/blog\/#\/schema\/logo\/image\/","url":"https:\/\/www.globalong.com\/blog\/wp-content\/uploads\/2014\/11\/cropped-cropped-Logo-et-Afrique-Globalong-petite-taille-2.jpg","contentUrl":"https:\/\/www.globalong.com\/blog\/wp-content\/uploads\/2014\/11\/cropped-cropped-Logo-et-Afrique-Globalong-petite-taille-2.jpg","width":512,"height":512,"caption":"Association Globalong"},"image":{"@id":"https:\/\/www.vita-explorers.dk\/blog\/#\/schema\/logo\/image\/"},"sameAs":["https:\/\/www.facebook.com\/globalong"]},{"@type":"Person","@id":"https:\/\/www.vita-explorers.dk\/blog\/#\/schema\/person\/d7df267b64f23018d1dc519e78fb2735","name":"VITA Tribe","image":{"@type":"ImageObject","inLanguage":"da-DK","@id":"https:\/\/www.vita-explorers.dk\/blog\/#\/schema\/person\/image\/","url":"https:\/\/secure.gravatar.com\/avatar\/81461bcc213d0ff2bdc043d4206648f0?s=96&d=mm&r=g","contentUrl":"https:\/\/secure.gravatar.com\/avatar\/81461bcc213d0ff2bdc043d4206648f0?s=96&d=mm&r=g","caption":"VITA Tribe"},"sameAs":["https:\/\/www.globalong.com"],"url":"https:\/\/www.vita-explorers.dk\/blog\/author\/sophie\/"}]}},"_links":{"self":[{"href":"https:\/\/www.vita-explorers.dk\/blog\/wp-json\/wp\/v2\/posts\/12452"}],"collection":[{"href":"https:\/\/www.vita-explorers.dk\/blog\/wp-json\/wp\/v2\/posts"}],"about":[{"href":"https:\/\/www.vita-explorers.dk\/blog\/wp-json\/wp\/v2\/types\/post"}],"author":[{"embeddable":true,"href":"https:\/\/www.vita-explorers.dk\/blog\/wp-json\/wp\/v2\/users\/1"}],"replies":[{"embeddable":true,"href":"https:\/\/www.vita-explorers.dk\/blog\/wp-json\/wp\/v2\/comments?post=12452"}],"version-history":[{"count":19,"href":"https:\/\/www.vita-explorers.dk\/blog\/wp-json\/wp\/v2\/posts\/12452\/revisions"}],"predecessor-version":[{"id":15027,"href":"https:\/\/www.vita-explorers.dk\/blog\/wp-json\/wp\/v2\/posts\/12452\/revisions\/15027"}],"wp:featuredmedia":[{"embeddable":true,"href":"https:\/\/www.vita-explorers.dk\/blog\/wp-json\/wp\/v2\/media\/12454"}],"wp:attachment":[{"href":"https:\/\/www.vita-explorers.dk\/blog\/wp-json\/wp\/v2\/media?parent=12452"}],"wp:term":[{"taxonomy":"category","embeddable":true,"href":"https:\/\/www.vita-explorers.dk\/blog\/wp-json\/wp\/v2\/categories?post=12452"},{"taxonomy":"post_tag","embeddable":true,"href":"https:\/\/www.vita-explorers.dk\/blog\/wp-json\/wp\/v2\/tags?post=12452"}],"curies":[{"name":"wp","href":"https:\/\/api.w.org\/{rel}","templated":true}]}}