{"id":12674,"date":"2019-05-23T17:38:23","date_gmt":"2019-05-23T15:38:23","guid":{"rendered":"https:\/\/www.globalong.com\/blog\/?p=12674"},"modified":"2023-01-04T15:48:27","modified_gmt":"2023-01-04T14:48:27","slug":"gul-feber-myg-sundhed-vaccine-afrika-latinamerika-mellemamerika-rejse-frivilligt-arbejde-internationalt-forloeb-humanitaert-praktikophold","status":"publish","type":"post","link":"https:\/\/www.vita-explorers.dk\/blog\/gul-feber-myg-sundhed-vaccine-afrika-latinamerika-mellemamerika-rejse-frivilligt-arbejde-internationalt-forloeb-humanitaert-praktikophold\/","title":{"rendered":"Beskyt dig mod gul feber!"},"content":{"rendered":"<div class=\"ti-widget ti-goog\" data-layout-id=\"4\" data-set-id=\"light-background\" data-pid=\"\" data-language=\"fr\" data-version=\"2\" data-review-target-width=\"300\" data-review-text-mode=\"readmore\" data-pager-autoplay-timeout=\"6\" > <div class=\"ti-widget-container ti-col-3\"> <div class=\"ti-reviews-container\"> <div class=\"ti-controls\"> <div class=\"ti-next\" aria-label=\"Avis suivante\" role=\"button\"><\/div> <div class=\"ti-prev\" aria-label=\"Avis pr\u00e9c\u00e9dent\" role=\"button\"><\/div> <\/div> <div class=\"ti-reviews-container-wrapper\">  <div data-empty=\"0\" class=\"ti-review-item source-Google ti-image-layout-thumbnail\" data-id=\"cfcd208495d565ef66e7dff9f98764da\" > <div class=\"ti-inner\"> <div class=\"ti-review-header\"> <div class=\"ti-profile-img\"> <img decoding=\"async\" src=\"https:\/\/lh3.googleusercontent.com\/a\/ACg8ocKpaoKe37CD0_POxO97KqB60GsWQRsIuG2vmCfXT-W_FY44vw=s120-c-rp-mo-br100\" srcset=\"https:\/\/lh3.googleusercontent.com\/a\/ACg8ocKpaoKe37CD0_POxO97KqB60GsWQRsIuG2vmCfXT-W_FY44vw=s120-c-rp-mo-br100 2x\" alt=\"Lucie Correia\" loading=\"lazy\" \/> <\/div> <div class=\"ti-profile-details\"> <div class=\"ti-name\"> Lucie Correia <\/div> <div class=\"ti-date\">2024-10-17<\/div> <\/div> <\/div> <span class=\"ti-stars\"><span class=\"ti-star f\"><\/span><span class=\"ti-star f\"><\/span><span class=\"ti-star f\"><\/span><span class=\"ti-star f\"><\/span><span class=\"ti-star f\"><\/span><\/span> <div class=\"ti-review-text-container ti-review-content\"><!-- R-CONTENT -->La communication avec Globalong est super, personnes tr\u00e8s pr\u00e9sentes pour les b\u00e9n\u00e9voles et \u00e9tudiants partant avec cette association. Elles r\u00e9pondent \u00e0 toutes nos questions et sont tr\u00e8s accessibles au t\u00e9l\u00e9phone.<!-- R-CONTENT --><\/div> <span class=\"ti-read-more\" data-container=\".ti-review-content\" data-collapse-text=\"Cacher\" data-open-text=\"Lire la suite\" ><\/span> <\/div> <\/div>  <div data-empty=\"0\" class=\"ti-review-item source-Google ti-image-layout-thumbnail\" data-id=\"cfcd208495d565ef66e7dff9f98764da\" > <div class=\"ti-inner\"> <div class=\"ti-review-header\"> <div class=\"ti-profile-img\"> <img decoding=\"async\" src=\"https:\/\/lh3.googleusercontent.com\/a-\/ALV-UjWqnnzM7-7c9BDqeTDF-a7pOgNjvLkJ3WshRd_Tn7z0Eu-AGQwo=s120-c-rp-mo-br100\" srcset=\"https:\/\/lh3.googleusercontent.com\/a-\/ALV-UjWqnnzM7-7c9BDqeTDF-a7pOgNjvLkJ3WshRd_Tn7z0Eu-AGQwo=s120-c-rp-mo-br100 2x\" alt=\"Ra\u00efssa Frisch\" loading=\"lazy\" \/> <\/div> <div class=\"ti-profile-details\"> <div class=\"ti-name\"> Ra\u00efssa Frisch <\/div> <div class=\"ti-date\">2024-10-14<\/div> <\/div> <\/div> <span class=\"ti-stars\"><span class=\"ti-star f\"><\/span><span class=\"ti-star f\"><\/span><span class=\"ti-star f\"><\/span><span class=\"ti-star f\"><\/span><span class=\"ti-star f\"><\/span><\/span> <div class=\"ti-review-text-container ti-review-content\"><!-- R-CONTENT -->J\u2019ai d\u00e9j\u00e0 eu l\u2019opportunit\u00e9 de r\u00e9aliser deux projets humanitaires avec l\u2019association Globalong. Je ne peux que la recommander, car j\u2019ai toujours b\u00e9n\u00e9fici\u00e9 d\u2019un excellent accompagnement, aussi bien avant que pendant le voyage. On ne vous laisse pas vous d\u00e9brouiller seuls, bien au contraire, vous \u00eates tr\u00e8s bien encadr\u00e9s pour accomplir toutes les d\u00e9marches dans les d\u00e9lais.\n\nAu-del\u00e0 du suivi, les exp\u00e9riences humanitaires propos\u00e9es par Globalong ne peuvent que transformer votre vie de mani\u00e8re positive. Elles vous apportent une richesse humaine inestimable.<!-- R-CONTENT --><\/div> <span class=\"ti-read-more\" data-container=\".ti-review-content\" data-collapse-text=\"Cacher\" data-open-text=\"Lire la suite\" ><\/span> <\/div> <\/div>  <div data-empty=\"0\" class=\"ti-review-item source-Google ti-image-layout-thumbnail\" data-id=\"cfcd208495d565ef66e7dff9f98764da\" > <div class=\"ti-inner\"> <div class=\"ti-review-header\"> <div class=\"ti-profile-img\"> <img decoding=\"async\" src=\"https:\/\/lh3.googleusercontent.com\/a\/ACg8ocJL-Dxv25YkXK2QwWPNRxTVqZCv5uTmDQDFg5qslKra3vRZew=s120-c-rp-mo-br100\" srcset=\"https:\/\/lh3.googleusercontent.com\/a\/ACg8ocJL-Dxv25YkXK2QwWPNRxTVqZCv5uTmDQDFg5qslKra3vRZew=s120-c-rp-mo-br100 2x\" alt=\"Tara Turan\" loading=\"lazy\" \/> <\/div> <div class=\"ti-profile-details\"> <div class=\"ti-name\"> Tara Turan <\/div> <div class=\"ti-date\">2024-10-14<\/div> <\/div> <\/div> <span class=\"ti-stars\"><span class=\"ti-star f\"><\/span><span class=\"ti-star f\"><\/span><span class=\"ti-star f\"><\/span><span class=\"ti-star f\"><\/span><span class=\"ti-star f\"><\/span><\/span> <div class=\"ti-review-text-container ti-review-content\"><!-- R-CONTENT -->Une des meilleures associations que j\u2019ai pu faire !\nUne organisation et un suivi vraiment parfait, c\u2019est avec grand plaisir que je referai un projet avec eux.<!-- R-CONTENT --><\/div> <span class=\"ti-read-more\" data-container=\".ti-review-content\" data-collapse-text=\"Cacher\" data-open-text=\"Lire la suite\" ><\/span> <\/div> <\/div>  <div data-empty=\"0\" class=\"ti-review-item source-Google ti-image-layout-thumbnail\" data-id=\"cfcd208495d565ef66e7dff9f98764da\" > <div class=\"ti-inner\"> <div class=\"ti-review-header\"> <div class=\"ti-profile-img\"> <img decoding=\"async\" src=\"https:\/\/lh3.googleusercontent.com\/a\/ACg8ocLctTPNovSk3eKM0b_MIPOfcFEQsz2135Cdu59_BWRVsIYC7Q=s120-c-rp-mo-br100\" srcset=\"https:\/\/lh3.googleusercontent.com\/a\/ACg8ocLctTPNovSk3eKM0b_MIPOfcFEQsz2135Cdu59_BWRVsIYC7Q=s120-c-rp-mo-br100 2x\" alt=\"Repiquet Julie\" loading=\"lazy\" \/> <\/div> <div class=\"ti-profile-details\"> <div class=\"ti-name\"> Repiquet Julie <\/div> <div class=\"ti-date\">2024-10-13<\/div> <\/div> <\/div> <span class=\"ti-stars\"><span class=\"ti-star f\"><\/span><span class=\"ti-star f\"><\/span><span class=\"ti-star f\"><\/span><span class=\"ti-star f\"><\/span><span class=\"ti-star f\"><\/span><\/span> <div class=\"ti-review-text-container ti-review-content\"><!-- R-CONTENT -->Tr\u00e8s bon accompagnement de la part de Globalong, du premier jour avec toutes mes interrogations, jusqu'au d\u00e9part dans quelques jours. Le dossier transmis apr\u00e8s validation de la mission est plus que complet, les webmaster tr\u00e8s int\u00e9ressantes et permettent de d\u00e9charger mentalement ce genre de pr\u00e9paration, tout est pr\u00e9vu il n'y a plus qu'\u00e0 suivre ! Merci \u00e0 Florence de r\u00e9pondre \u00e0 toutes mes questions avec gentillesse et bienveillance, cela m'a permis de passer le cap!\nMaintenant, il n'y a plus qu'\u00e0 \ud83d\ude00<!-- R-CONTENT --><\/div> <span class=\"ti-read-more\" data-container=\".ti-review-content\" data-collapse-text=\"Cacher\" data-open-text=\"Lire la suite\" ><\/span> <\/div> <\/div>  <div data-empty=\"0\" class=\"ti-review-item source-Google ti-image-layout-thumbnail\" data-id=\"cfcd208495d565ef66e7dff9f98764da\" > <div class=\"ti-inner\"> <div class=\"ti-review-header\"> <div class=\"ti-profile-img\"> <img decoding=\"async\" src=\"https:\/\/lh3.googleusercontent.com\/a\/ACg8ocJJTdmTWs8nAA0yuH_cKOUgzc6GFAkHBiXhpnnVYXaWMBZsHw=s120-c-rp-mo-br100\" srcset=\"https:\/\/lh3.googleusercontent.com\/a\/ACg8ocJJTdmTWs8nAA0yuH_cKOUgzc6GFAkHBiXhpnnVYXaWMBZsHw=s120-c-rp-mo-br100 2x\" alt=\"Marine Guilhamat\" loading=\"lazy\" \/> <\/div> <div class=\"ti-profile-details\"> <div class=\"ti-name\"> Marine Guilhamat <\/div> <div class=\"ti-date\">2024-10-09<\/div> <\/div> <\/div> <span class=\"ti-stars\"><span class=\"ti-star f\"><\/span><span class=\"ti-star f\"><\/span><span class=\"ti-star f\"><\/span><span class=\"ti-star f\"><\/span><span class=\"ti-star f\"><\/span><\/span> <div class=\"ti-review-text-container ti-review-content\"><!-- R-CONTENT -->Tr\u00e8s belle association qui offre un cadre super s\u00e9curisant et permet de s\u2019investir dans des projets qui ont du sens. Merci \u00e0 l\u2019\u00e9quipe Globalong pour votre disponibilit\u00e9, gentillesse et accompagnement !<!-- R-CONTENT --><\/div> <span class=\"ti-read-more\" data-container=\".ti-review-content\" data-collapse-text=\"Cacher\" data-open-text=\"Lire la suite\" ><\/span> <\/div> <\/div>  <div data-empty=\"0\" class=\"ti-review-item source-Google ti-image-layout-thumbnail\" data-id=\"cfcd208495d565ef66e7dff9f98764da\" > <div class=\"ti-inner\"> <div class=\"ti-review-header\"> <div class=\"ti-profile-img\"> <img decoding=\"async\" src=\"https:\/\/lh3.googleusercontent.com\/a\/ACg8ocIgITHXKo46qgJyPqlJeAcxz11gCKUJpGIk2qauiIe2O3iZ6w=s120-c-rp-mo-br100\" srcset=\"https:\/\/lh3.googleusercontent.com\/a\/ACg8ocIgITHXKo46qgJyPqlJeAcxz11gCKUJpGIk2qauiIe2O3iZ6w=s120-c-rp-mo-br100 2x\" alt=\"Laura Mercier\" loading=\"lazy\" \/> <\/div> <div class=\"ti-profile-details\"> <div class=\"ti-name\"> Laura Mercier <\/div> <div class=\"ti-date\">2024-10-08<\/div> <\/div> <\/div> <span class=\"ti-stars\"><span class=\"ti-star f\"><\/span><span class=\"ti-star f\"><\/span><span class=\"ti-star f\"><\/span><span class=\"ti-star f\"><\/span><span class=\"ti-star f\"><\/span><\/span> <div class=\"ti-review-text-container ti-review-content\"><!-- R-CONTENT -->Mon d\u00e9part approche, je pars dans une semaine, et depuis le d\u00e9but de mon inscription je suis tr\u00e8s satisfaite du suivi effectu\u00e9 par l\u2019association. Ils sont tr\u00e8s disponibles et r\u00e9pondent rapidement \u00e0 l\u2019ensemble des questions. Je suis tr\u00e8s contente de partir faire cette mission humanitaire encadr\u00e9e par cette association. Je recommande vraiment.<!-- R-CONTENT --><\/div> <span class=\"ti-read-more\" data-container=\".ti-review-content\" data-collapse-text=\"Cacher\" data-open-text=\"Lire la suite\" ><\/span> <\/div> <\/div>  <div data-empty=\"0\" class=\"ti-review-item source-Google ti-image-layout-thumbnail\" data-id=\"cfcd208495d565ef66e7dff9f98764da\" > <div class=\"ti-inner\"> <div class=\"ti-review-header\"> <div class=\"ti-profile-img\"> <img decoding=\"async\" src=\"https:\/\/lh3.googleusercontent.com\/a-\/ALV-UjVVr0YMQhXl8QNEEB32l-rnoaYwvRZUjIEX9OEwPE_1fQwzIyk=s120-c-rp-mo-br100\" srcset=\"https:\/\/lh3.googleusercontent.com\/a-\/ALV-UjVVr0YMQhXl8QNEEB32l-rnoaYwvRZUjIEX9OEwPE_1fQwzIyk=s120-c-rp-mo-br100 2x\" alt=\"Anouk Rzkt\" loading=\"lazy\" \/> <\/div> <div class=\"ti-profile-details\"> <div class=\"ti-name\"> Anouk Rzkt <\/div> <div class=\"ti-date\">2024-10-02<\/div> <\/div> <\/div> <span class=\"ti-stars\"><span class=\"ti-star f\"><\/span><span class=\"ti-star f\"><\/span><span class=\"ti-star f\"><\/span><span class=\"ti-star f\"><\/span><span class=\"ti-star f\"><\/span><\/span> <div class=\"ti-review-text-container ti-review-content\"><!-- R-CONTENT -->Globalong est l'association parfaite. L'\u00e9quipe offre un v\u00e9ritable accompagnement rythm\u00e9 par beaucoup de conseils et d'\u00e9coute. Le site est tr\u00e8s bien fait avec des dossiers complets allant des sujets tr\u00e8s pratiques a d'autres plus th\u00e9oriques (tels que le choc culturel par exemple). Je recommande vivement et remercie sinc\u00e8rement toute l'\u00e9quipe pour leur gentillesse et investissement !<!-- R-CONTENT --><\/div> <span class=\"ti-read-more\" data-container=\".ti-review-content\" data-collapse-text=\"Cacher\" data-open-text=\"Lire la suite\" ><\/span> <\/div> <\/div>  <\/div> <div class=\"ti-controls-line\"> <div class=\"dot\"><\/div> <\/div> <\/div> <div class=\"ti-footer\"> <div class=\"ti-rating-text\"> <span class=\"nowrap\">\u00c9valuation <strong>Google<\/strong> : <\/span><span class=\"nowrap\"><strong>4.8<\/strong> sur 5, <\/span><span class=\"nowrap\">Bas\u00e9e sur <strong>240 avis<\/strong><\/span> <\/div> <\/div>  <\/div> <\/div> \n<p style=\"text-align: center;\"><span style=\"color: #b81657;\"><strong><a href=\"https:\/\/www.vita-explorers.dk\/blog\/wp-content\/uploads\/2019\/05\/Moustique-min.jpg\"><img loading=\"lazy\" decoding=\"async\" class=\"size-medium wp-image-12676 aligncenter\" src=\"https:\/\/www.vita-explorers.dk\/blog\/wp-content\/uploads\/2019\/05\/Moustique-min-300x184.jpg\" alt=\"\" width=\"300\" height=\"184\" srcset=\"https:\/\/www.vita-explorers.dk\/blog\/wp-content\/uploads\/2019\/05\/Moustique-min-300x184.jpg 300w, https:\/\/www.vita-explorers.dk\/blog\/wp-content\/uploads\/2019\/05\/Moustique-min-768x471.jpg 768w, https:\/\/www.vita-explorers.dk\/blog\/wp-content\/uploads\/2019\/05\/Moustique-min-1024x628.jpg 1024w, https:\/\/www.vita-explorers.dk\/blog\/wp-content\/uploads\/2019\/05\/Moustique-min-150x92.jpg 150w, https:\/\/www.vita-explorers.dk\/blog\/wp-content\/uploads\/2019\/05\/Moustique-min.jpg 1400w\" sizes=\"(max-width: 300px) 100vw, 300px\" \/><\/a>Gul feber blev beskrevet i Yucat\u00e1n (Mexico) i midten af 1500-tallet og er en virussygdom, der findes fast i dele af Afrika samt i Syd- og Mellemamerika. Sygdommen smitter via myggestik.<\/strong><\/span><\/p>\n<p style=\"text-align: justify;\"><strong>P\u00e5 verdensplan registreres der omkring 200.000 tilf\u00e6lde af gul feber om \u00e5ret<\/strong>, og <strong>ca. 30.000 mennesker d\u00f8r<\/strong>, if\u00f8lge WHO.<\/p>\n<p style=\"text-align: justify;\">For <strong>at beskytte dig effektivt mod sygdommen<\/strong> findes der <strong>en enkel l\u00f8sning<\/strong> : <a href=\"https:\/\/www.vita-explorers.dk\/blog\/wp-content\/uploads\/2019\/05\/Programme-me\u0301dical-en-Tanzanie-GlobAlong-min.jpg\"><img loading=\"lazy\" decoding=\"async\" class=\"size-medium wp-image-12679 aligncenter\" src=\"https:\/\/www.vita-explorers.dk\/blog\/wp-content\/uploads\/2019\/05\/Programme-me\u0301dical-en-Tanzanie-GlobAlong-min-300x225.jpg\" alt=\"\" width=\"300\" height=\"225\" srcset=\"https:\/\/www.vita-explorers.dk\/blog\/wp-content\/uploads\/2019\/05\/Programme-me\u0301dical-en-Tanzanie-GlobAlong-min-300x225.jpg 300w, https:\/\/www.vita-explorers.dk\/blog\/wp-content\/uploads\/2019\/05\/Programme-me\u0301dical-en-Tanzanie-GlobAlong-min-768x576.jpg 768w, https:\/\/www.vita-explorers.dk\/blog\/wp-content\/uploads\/2019\/05\/Programme-me\u0301dical-en-Tanzanie-GlobAlong-min-1024x768.jpg 1024w, https:\/\/www.vita-explorers.dk\/blog\/wp-content\/uploads\/2019\/05\/Programme-me\u0301dical-en-Tanzanie-GlobAlong-min-150x113.jpg 150w, https:\/\/www.vita-explorers.dk\/blog\/wp-content\/uploads\/2019\/05\/Programme-me\u0301dical-en-Tanzanie-GlobAlong-min.jpg 2048w\" sizes=\"(max-width: 300px) 100vw, 300px\" \/><\/a>en <strong>vaccination<\/strong> kan give <strong>livslang beskyttelse mod gul feber<\/strong>!<\/p>\n<p style=\"text-align: justify;\">Det er ekstra vigtigt, fordi <strong>sygdommen igen ses<\/strong> i enkelte <strong>afrikanske og sydamerikanske lande<\/strong> samt \u2026 <strong>i Kina<\/strong>, hvor gul feber for nylig er blevet registreret <strong>for f\u00f8rste gang<\/strong>.<\/p>\n<p style=\"text-align: justify;\"><strong>Forebyggelse<\/strong> er derfor den bedste mulighed, da der indtil videre <strong>ikke findes nogen specifik behandling mod gul feber<\/strong>.<\/p>\n<p style=\"text-align: justify;\"><strong>Vaccination er b\u00e5de enkel og effektiv!<\/strong><\/p>\n<p style=\"text-align: justify;\"><a href=\"https:\/\/www.vita-explorers.dk\/blog\/wp-content\/uploads\/2019\/05\/image1-min.jpeg\"><img loading=\"lazy\" decoding=\"async\" class=\"size-medium wp-image-12681 aligncenter\" src=\"https:\/\/www.vita-explorers.dk\/blog\/wp-content\/uploads\/2019\/05\/image1-min-300x225.jpeg\" alt=\"\" width=\"300\" height=\"225\" srcset=\"https:\/\/www.vita-explorers.dk\/blog\/wp-content\/uploads\/2019\/05\/image1-min-300x225.jpeg 300w, https:\/\/www.vita-explorers.dk\/blog\/wp-content\/uploads\/2019\/05\/image1-min-150x113.jpeg 150w, https:\/\/www.vita-explorers.dk\/blog\/wp-content\/uploads\/2019\/05\/image1-min.jpeg 640w\" sizes=\"(max-width: 300px) 100vw, 300px\" \/><\/a>Vaccination mod gul feber er desuden <strong>obligatorisk<\/strong> for alle <strong>rejsende<\/strong>, der skal til <strong>endemiske intertropiske omr\u00e5der<\/strong>, hvad enten det er i <strong>Afrika<\/strong> eller <strong>Sydamerika<\/strong>.<\/p>\n<p style=\"text-align: justify;\"><span style=\"color: #b81657;\"><strong>Nogle r\u00e5d til at undg\u00e5 myggestik (uanset om myggene b\u00e6rer sygdom eller ej, kan disse enkle tips hj\u00e6lpe dig med at undg\u00e5 gener):<\/strong><\/span><\/p>\n<ul>\n<li style=\"text-align: justify;\"><strong>D\u00e6k arme og ben til, n\u00e5r det bliver m\u00f8rkt<\/strong><\/li>\n<li style=\"text-align: justify;\"><strong>Brug t\u00f8j i lyse farver<\/strong><\/li>\n<li style=\"text-align: justify;\"><strong>Brug myggespray (DEET)<\/strong><\/li>\n<li style=\"text-align: justify;\"><strong>Brug citronella-lys<\/strong><\/li>\n<li style=\"text-align: justify;\"><strong>Undg\u00e5 stillest\u00e5ende vand<\/strong><\/li>\n<\/ul>\n<p style=\"text-align: center;\"><a href=\"https:\/\/www.vita-explorers.dk\/frivilligt-arbejde\/\" target=\"_blank\" rel=\"noopener\"><span style=\"color: #b81657;\"><strong><span style=\"text-decoration: underline;\">Vil du vide mere om internationale forl\u00f8b og frivilligt arbejde, s\u00e5 klik her!<\/span><\/strong><\/span><\/a><\/p>\n<p style=\"text-align: center;\"><a href=\"https:\/\/www.vita-explorers.dk\/blog\/praktik-for-medicin-og-sygepleje-humanitaert-sundhed-internationalt-hospitaler-og-klinikker-asien-afrika-amerika\/\" target=\"_blank\" rel=\"noopener\"><span style=\"text-decoration: underline; color: #b81657;\"><strong>Se praktikforl\u00f8b og deltagermuligheder inden for sundhed!<\/strong><\/span><\/a><\/p>\n<p style=\"text-align: center;\"><span style=\"color: #b81657;\"><strong><span style=\"text-decoration: underline;\"><a href=\"https:\/\/www.vita-explorers.dk\/blog\/avis-globalong\/\" target=\"_blank\" rel=\"noopener\">L\u00e6s oplevelser fra deltagere, der har v\u00e6ret med p\u00e5 forl\u00f8b i udlandet<\/a>!<\/span><\/strong><\/span><\/p>\n<p style=\"text-align: center;\"><a href=\"https:\/\/www.vita-explorers.dk\/blog\/videoer-fra-vores-destinationer-frivilligt-arbejde-internationale-forloeb\/\" target=\"_blank\" rel=\"noopener\"><span style=\"color: #b81657;\"><strong><span style=\"text-decoration: underline;\">Globalong p\u00e5 video!<\/span><\/strong><\/span><\/a><\/p>\n<p><span style=\"font-size: 8pt;\">Kilde: <a href=\"https:\/\/www.pasteur.fr\/fr\/centre-medical\" target=\"_blank\" rel=\"noopener\"><span style=\"text-decoration: underline; color: #b81657;\"><strong>Institut Pasteur<\/strong><\/span><\/a><\/span><\/p>\n<p><span style=\"font-size: 8pt;\">Billeder er vejledende<\/span><\/p>\n","protected":false},"excerpt":{"rendered":"<p>Gul feber blev beskrevet i Yucat\u00e1n (Mexico) i midten af 1500-tallet og er en virussygdom, der findes fast i dele af Afrika samt i\u2026<\/p>\n","protected":false},"author":1,"featured_media":12676,"comment_status":"open","ping_status":"open","sticky":false,"template":"","format":"standard","meta":{"footnotes":""},"categories":[8,6,3,4],"tags":[],"yoast_head":"<!-- This site is optimized with the Yoast SEO Premium plugin v23.4 (Yoast SEO v23.4) - https:\/\/yoast.com\/wordpress\/plugins\/seo\/ -->\n<title>Beskyt dig mod gul feber! - VITA Explorers Blog<\/title>\n<meta name=\"robots\" content=\"index, follow, max-snippet:-1, max-image-preview:large, max-video-preview:-1\" \/>\n<link rel=\"canonical\" href=\"https:\/\/www.vita-explorers.dk\/blog\/gul-feber-myg-sundhed-vaccine-afrika-latinamerika-mellemamerika-rejse-frivilligt-arbejde-internationalt-forloeb-humanitaert-praktikophold\/\" \/>\n<meta property=\"og:locale\" content=\"da_DK\" \/>\n<meta property=\"og:type\" content=\"article\" \/>\n<meta property=\"og:title\" content=\"Beskyt dig mod gul feber!\" \/>\n<meta property=\"og:description\" content=\"Gul feber blev beskrevet i Yucat\u00e1n (Mexico) i midten af 1500-tallet og er en virussygdom, der findes fast i dele af Afrika samt i\u2026\" \/>\n<meta property=\"og:url\" content=\"https:\/\/www.vita-explorers.dk\/blog\/gul-feber-myg-sundhed-vaccine-afrika-latinamerika-mellemamerika-rejse-frivilligt-arbejde-internationalt-forloeb-humanitaert-praktikophold\/\" \/>\n<meta property=\"og:site_name\" content=\"VITA Explorers Blog\" \/>\n<meta property=\"article:publisher\" content=\"https:\/\/www.facebook.com\/globalong\" \/>\n<meta property=\"article:published_time\" content=\"2019-05-23T15:38:23+00:00\" \/>\n<meta property=\"article:modified_time\" content=\"2023-01-04T14:48:27+00:00\" \/>\n<meta property=\"og:image\" content=\"https:\/\/www.vita-explorers.dk\/blog\/wp-content\/uploads\/2019\/05\/Moustique-min.jpg\" \/>\n\t<meta property=\"og:image:width\" content=\"1400\" \/>\n\t<meta property=\"og:image:height\" content=\"859\" \/>\n\t<meta property=\"og:image:type\" content=\"image\/jpeg\" \/>\n<meta name=\"author\" content=\"VITA Tribe\" \/>\n<meta name=\"twitter:card\" content=\"summary_large_image\" \/>\n<meta name=\"twitter:label1\" content=\"Skrevet af\" \/>\n\t<meta name=\"twitter:data1\" content=\"VITA Tribe\" \/>\n\t<meta name=\"twitter:label2\" content=\"Estimeret l\u00e6setid\" \/>\n\t<meta name=\"twitter:data2\" content=\"1 minut\" \/>\n<script type=\"application\/ld+json\" class=\"yoast-schema-graph\">{\"@context\":\"https:\/\/schema.org\",\"@graph\":[{\"@type\":\"Article\",\"@id\":\"https:\/\/www.vita-explorers.dk\/blog\/gul-feber-myg-sundhed-vaccine-afrika-latinamerika-mellemamerika-rejse-frivilligt-arbejde-internationalt-forloeb-humanitaert-praktikophold\/#article\",\"isPartOf\":{\"@id\":\"https:\/\/www.vita-explorers.dk\/blog\/gul-feber-myg-sundhed-vaccine-afrika-latinamerika-mellemamerika-rejse-frivilligt-arbejde-internationalt-forloeb-humanitaert-praktikophold\/\"},\"author\":{\"name\":\"VITA Tribe\",\"@id\":\"https:\/\/www.vita-explorers.dk\/blog\/#\/schema\/person\/d7df267b64f23018d1dc519e78fb2735\"},\"headline\":\"Beskyt dig mod gul feber!\",\"datePublished\":\"2019-05-23T15:38:23+00:00\",\"dateModified\":\"2023-01-04T14:48:27+00:00\",\"mainEntityOfPage\":{\"@id\":\"https:\/\/www.vita-explorers.dk\/blog\/gul-feber-myg-sundhed-vaccine-afrika-latinamerika-mellemamerika-rejse-frivilligt-arbejde-internationalt-forloeb-humanitaert-praktikophold\/\"},\"wordCount\":260,\"commentCount\":0,\"publisher\":{\"@id\":\"https:\/\/www.vita-explorers.dk\/blog\/#organization\"},\"image\":{\"@id\":\"https:\/\/www.vita-explorers.dk\/blog\/gul-feber-myg-sundhed-vaccine-afrika-latinamerika-mellemamerika-rejse-frivilligt-arbejde-internationalt-forloeb-humanitaert-praktikophold\/#primaryimage\"},\"thumbnailUrl\":\"https:\/\/www.vita-explorers.dk\/blog\/wp-content\/uploads\/2019\/05\/Moustique-min.jpg\",\"articleSection\":[\"Humanit\u00e6rt frivilligt arbejde\",\"Nyheder\",\"Rejser - generelle oplysninger\",\"VITA Explorers\"],\"inLanguage\":\"da-DK\",\"potentialAction\":[{\"@type\":\"CommentAction\",\"name\":\"Comment\",\"target\":[\"https:\/\/www.vita-explorers.dk\/blog\/gul-feber-myg-sundhed-vaccine-afrika-latinamerika-mellemamerika-rejse-frivilligt-arbejde-internationalt-forloeb-humanitaert-praktikophold\/#respond\"]}]},{\"@type\":\"WebPage\",\"@id\":\"https:\/\/www.vita-explorers.dk\/blog\/gul-feber-myg-sundhed-vaccine-afrika-latinamerika-mellemamerika-rejse-frivilligt-arbejde-internationalt-forloeb-humanitaert-praktikophold\/\",\"url\":\"https:\/\/www.vita-explorers.dk\/blog\/gul-feber-myg-sundhed-vaccine-afrika-latinamerika-mellemamerika-rejse-frivilligt-arbejde-internationalt-forloeb-humanitaert-praktikophold\/\",\"name\":\"Beskyt dig mod gul feber! - VITA Explorers Blog\",\"isPartOf\":{\"@id\":\"https:\/\/www.vita-explorers.dk\/blog\/#website\"},\"primaryImageOfPage\":{\"@id\":\"https:\/\/www.vita-explorers.dk\/blog\/gul-feber-myg-sundhed-vaccine-afrika-latinamerika-mellemamerika-rejse-frivilligt-arbejde-internationalt-forloeb-humanitaert-praktikophold\/#primaryimage\"},\"image\":{\"@id\":\"https:\/\/www.vita-explorers.dk\/blog\/gul-feber-myg-sundhed-vaccine-afrika-latinamerika-mellemamerika-rejse-frivilligt-arbejde-internationalt-forloeb-humanitaert-praktikophold\/#primaryimage\"},\"thumbnailUrl\":\"https:\/\/www.vita-explorers.dk\/blog\/wp-content\/uploads\/2019\/05\/Moustique-min.jpg\",\"datePublished\":\"2019-05-23T15:38:23+00:00\",\"dateModified\":\"2023-01-04T14:48:27+00:00\",\"breadcrumb\":{\"@id\":\"https:\/\/www.vita-explorers.dk\/blog\/gul-feber-myg-sundhed-vaccine-afrika-latinamerika-mellemamerika-rejse-frivilligt-arbejde-internationalt-forloeb-humanitaert-praktikophold\/#breadcrumb\"},\"inLanguage\":\"da-DK\",\"potentialAction\":[{\"@type\":\"ReadAction\",\"target\":[\"https:\/\/www.vita-explorers.dk\/blog\/gul-feber-myg-sundhed-vaccine-afrika-latinamerika-mellemamerika-rejse-frivilligt-arbejde-internationalt-forloeb-humanitaert-praktikophold\/\"]}]},{\"@type\":\"ImageObject\",\"inLanguage\":\"da-DK\",\"@id\":\"https:\/\/www.vita-explorers.dk\/blog\/gul-feber-myg-sundhed-vaccine-afrika-latinamerika-mellemamerika-rejse-frivilligt-arbejde-internationalt-forloeb-humanitaert-praktikophold\/#primaryimage\",\"url\":\"https:\/\/www.vita-explorers.dk\/blog\/wp-content\/uploads\/2019\/05\/Moustique-min.jpg\",\"contentUrl\":\"https:\/\/www.vita-explorers.dk\/blog\/wp-content\/uploads\/2019\/05\/Moustique-min.jpg\",\"width\":1400,\"height\":859,\"caption\":\"Vaccins contre la fi\u00e9vre jaune\"},{\"@type\":\"BreadcrumbList\",\"@id\":\"https:\/\/www.vita-explorers.dk\/blog\/gul-feber-myg-sundhed-vaccine-afrika-latinamerika-mellemamerika-rejse-frivilligt-arbejde-internationalt-forloeb-humanitaert-praktikophold\/#breadcrumb\",\"itemListElement\":[{\"@type\":\"ListItem\",\"position\":1,\"name\":\"Accueil\",\"item\":\"https:\/\/www.vita-explorers.dk\/blog\/\"},{\"@type\":\"ListItem\",\"position\":2,\"name\":\"Beskyt dig mod gul feber!\"}]},{\"@type\":\"WebSite\",\"@id\":\"https:\/\/www.vita-explorers.dk\/blog\/#website\",\"url\":\"https:\/\/www.vita-explorers.dk\/blog\/\",\"name\":\"Association Globalong\",\"description\":\"Frivilligt arbejde, sprogophold, praktik i udlandet og internationale oplevelser\",\"publisher\":{\"@id\":\"https:\/\/www.vita-explorers.dk\/blog\/#organization\"},\"potentialAction\":[{\"@type\":\"SearchAction\",\"target\":{\"@type\":\"EntryPoint\",\"urlTemplate\":\"https:\/\/www.vita-explorers.dk\/blog\/?s={search_term_string}\"},\"query-input\":{\"@type\":\"PropertyValueSpecification\",\"valueRequired\":true,\"valueName\":\"search_term_string\"}}],\"inLanguage\":\"da-DK\"},{\"@type\":\"Organization\",\"@id\":\"https:\/\/www.vita-explorers.dk\/blog\/#organization\",\"name\":\"Association Globalong\",\"url\":\"https:\/\/www.vita-explorers.dk\/blog\/\",\"logo\":{\"@type\":\"ImageObject\",\"inLanguage\":\"da-DK\",\"@id\":\"https:\/\/www.vita-explorers.dk\/blog\/#\/schema\/logo\/image\/\",\"url\":\"https:\/\/www.globalong.com\/blog\/wp-content\/uploads\/2014\/11\/cropped-cropped-Logo-et-Afrique-Globalong-petite-taille-2.jpg\",\"contentUrl\":\"https:\/\/www.globalong.com\/blog\/wp-content\/uploads\/2014\/11\/cropped-cropped-Logo-et-Afrique-Globalong-petite-taille-2.jpg\",\"width\":512,\"height\":512,\"caption\":\"Association Globalong\"},\"image\":{\"@id\":\"https:\/\/www.vita-explorers.dk\/blog\/#\/schema\/logo\/image\/\"},\"sameAs\":[\"https:\/\/www.facebook.com\/globalong\"]},{\"@type\":\"Person\",\"@id\":\"https:\/\/www.vita-explorers.dk\/blog\/#\/schema\/person\/d7df267b64f23018d1dc519e78fb2735\",\"name\":\"VITA Tribe\",\"image\":{\"@type\":\"ImageObject\",\"inLanguage\":\"da-DK\",\"@id\":\"https:\/\/www.vita-explorers.dk\/blog\/#\/schema\/person\/image\/\",\"url\":\"https:\/\/secure.gravatar.com\/avatar\/81461bcc213d0ff2bdc043d4206648f0?s=96&d=mm&r=g\",\"contentUrl\":\"https:\/\/secure.gravatar.com\/avatar\/81461bcc213d0ff2bdc043d4206648f0?s=96&d=mm&r=g\",\"caption\":\"VITA Tribe\"},\"sameAs\":[\"https:\/\/www.globalong.com\"],\"url\":\"https:\/\/www.vita-explorers.dk\/blog\/author\/sophie\/\"}]}<\/script>\n<!-- \/ Yoast SEO Premium plugin. -->","yoast_head_json":{"title":"Beskyt dig mod gul feber! - VITA Explorers Blog","robots":{"index":"index","follow":"follow","max-snippet":"max-snippet:-1","max-image-preview":"max-image-preview:large","max-video-preview":"max-video-preview:-1"},"canonical":"https:\/\/www.vita-explorers.dk\/blog\/gul-feber-myg-sundhed-vaccine-afrika-latinamerika-mellemamerika-rejse-frivilligt-arbejde-internationalt-forloeb-humanitaert-praktikophold\/","og_locale":"da_DK","og_type":"article","og_title":"Beskyt dig mod gul feber!","og_description":"Gul feber blev beskrevet i Yucat\u00e1n (Mexico) i midten af 1500-tallet og er en virussygdom, der findes fast i dele af Afrika samt i\u2026","og_url":"https:\/\/www.vita-explorers.dk\/blog\/gul-feber-myg-sundhed-vaccine-afrika-latinamerika-mellemamerika-rejse-frivilligt-arbejde-internationalt-forloeb-humanitaert-praktikophold\/","og_site_name":"VITA Explorers Blog","article_publisher":"https:\/\/www.facebook.com\/globalong","article_published_time":"2019-05-23T15:38:23+00:00","article_modified_time":"2023-01-04T14:48:27+00:00","og_image":[{"width":1400,"height":859,"url":"https:\/\/www.vita-explorers.dk\/blog\/wp-content\/uploads\/2019\/05\/Moustique-min.jpg","type":"image\/jpeg"}],"author":"VITA Tribe","twitter_card":"summary_large_image","twitter_misc":{"Skrevet af":"VITA Tribe","Estimeret l\u00e6setid":"1 minut"},"schema":{"@context":"https:\/\/schema.org","@graph":[{"@type":"Article","@id":"https:\/\/www.vita-explorers.dk\/blog\/gul-feber-myg-sundhed-vaccine-afrika-latinamerika-mellemamerika-rejse-frivilligt-arbejde-internationalt-forloeb-humanitaert-praktikophold\/#article","isPartOf":{"@id":"https:\/\/www.vita-explorers.dk\/blog\/gul-feber-myg-sundhed-vaccine-afrika-latinamerika-mellemamerika-rejse-frivilligt-arbejde-internationalt-forloeb-humanitaert-praktikophold\/"},"author":{"name":"VITA Tribe","@id":"https:\/\/www.vita-explorers.dk\/blog\/#\/schema\/person\/d7df267b64f23018d1dc519e78fb2735"},"headline":"Beskyt dig mod gul feber!","datePublished":"2019-05-23T15:38:23+00:00","dateModified":"2023-01-04T14:48:27+00:00","mainEntityOfPage":{"@id":"https:\/\/www.vita-explorers.dk\/blog\/gul-feber-myg-sundhed-vaccine-afrika-latinamerika-mellemamerika-rejse-frivilligt-arbejde-internationalt-forloeb-humanitaert-praktikophold\/"},"wordCount":260,"commentCount":0,"publisher":{"@id":"https:\/\/www.vita-explorers.dk\/blog\/#organization"},"image":{"@id":"https:\/\/www.vita-explorers.dk\/blog\/gul-feber-myg-sundhed-vaccine-afrika-latinamerika-mellemamerika-rejse-frivilligt-arbejde-internationalt-forloeb-humanitaert-praktikophold\/#primaryimage"},"thumbnailUrl":"https:\/\/www.vita-explorers.dk\/blog\/wp-content\/uploads\/2019\/05\/Moustique-min.jpg","articleSection":["Humanit\u00e6rt frivilligt arbejde","Nyheder","Rejser - generelle oplysninger","VITA Explorers"],"inLanguage":"da-DK","potentialAction":[{"@type":"CommentAction","name":"Comment","target":["https:\/\/www.vita-explorers.dk\/blog\/gul-feber-myg-sundhed-vaccine-afrika-latinamerika-mellemamerika-rejse-frivilligt-arbejde-internationalt-forloeb-humanitaert-praktikophold\/#respond"]}]},{"@type":"WebPage","@id":"https:\/\/www.vita-explorers.dk\/blog\/gul-feber-myg-sundhed-vaccine-afrika-latinamerika-mellemamerika-rejse-frivilligt-arbejde-internationalt-forloeb-humanitaert-praktikophold\/","url":"https:\/\/www.vita-explorers.dk\/blog\/gul-feber-myg-sundhed-vaccine-afrika-latinamerika-mellemamerika-rejse-frivilligt-arbejde-internationalt-forloeb-humanitaert-praktikophold\/","name":"Beskyt dig mod gul feber! - VITA Explorers Blog","isPartOf":{"@id":"https:\/\/www.vita-explorers.dk\/blog\/#website"},"primaryImageOfPage":{"@id":"https:\/\/www.vita-explorers.dk\/blog\/gul-feber-myg-sundhed-vaccine-afrika-latinamerika-mellemamerika-rejse-frivilligt-arbejde-internationalt-forloeb-humanitaert-praktikophold\/#primaryimage"},"image":{"@id":"https:\/\/www.vita-explorers.dk\/blog\/gul-feber-myg-sundhed-vaccine-afrika-latinamerika-mellemamerika-rejse-frivilligt-arbejde-internationalt-forloeb-humanitaert-praktikophold\/#primaryimage"},"thumbnailUrl":"https:\/\/www.vita-explorers.dk\/blog\/wp-content\/uploads\/2019\/05\/Moustique-min.jpg","datePublished":"2019-05-23T15:38:23+00:00","dateModified":"2023-01-04T14:48:27+00:00","breadcrumb":{"@id":"https:\/\/www.vita-explorers.dk\/blog\/gul-feber-myg-sundhed-vaccine-afrika-latinamerika-mellemamerika-rejse-frivilligt-arbejde-internationalt-forloeb-humanitaert-praktikophold\/#breadcrumb"},"inLanguage":"da-DK","potentialAction":[{"@type":"ReadAction","target":["https:\/\/www.vita-explorers.dk\/blog\/gul-feber-myg-sundhed-vaccine-afrika-latinamerika-mellemamerika-rejse-frivilligt-arbejde-internationalt-forloeb-humanitaert-praktikophold\/"]}]},{"@type":"ImageObject","inLanguage":"da-DK","@id":"https:\/\/www.vita-explorers.dk\/blog\/gul-feber-myg-sundhed-vaccine-afrika-latinamerika-mellemamerika-rejse-frivilligt-arbejde-internationalt-forloeb-humanitaert-praktikophold\/#primaryimage","url":"https:\/\/www.vita-explorers.dk\/blog\/wp-content\/uploads\/2019\/05\/Moustique-min.jpg","contentUrl":"https:\/\/www.vita-explorers.dk\/blog\/wp-content\/uploads\/2019\/05\/Moustique-min.jpg","width":1400,"height":859,"caption":"Vaccins contre la fi\u00e9vre jaune"},{"@type":"BreadcrumbList","@id":"https:\/\/www.vita-explorers.dk\/blog\/gul-feber-myg-sundhed-vaccine-afrika-latinamerika-mellemamerika-rejse-frivilligt-arbejde-internationalt-forloeb-humanitaert-praktikophold\/#breadcrumb","itemListElement":[{"@type":"ListItem","position":1,"name":"Accueil","item":"https:\/\/www.vita-explorers.dk\/blog\/"},{"@type":"ListItem","position":2,"name":"Beskyt dig mod gul feber!"}]},{"@type":"WebSite","@id":"https:\/\/www.vita-explorers.dk\/blog\/#website","url":"https:\/\/www.vita-explorers.dk\/blog\/","name":"Association Globalong","description":"Frivilligt arbejde, sprogophold, praktik i udlandet og internationale oplevelser","publisher":{"@id":"https:\/\/www.vita-explorers.dk\/blog\/#organization"},"potentialAction":[{"@type":"SearchAction","target":{"@type":"EntryPoint","urlTemplate":"https:\/\/www.vita-explorers.dk\/blog\/?s={search_term_string}"},"query-input":{"@type":"PropertyValueSpecification","valueRequired":true,"valueName":"search_term_string"}}],"inLanguage":"da-DK"},{"@type":"Organization","@id":"https:\/\/www.vita-explorers.dk\/blog\/#organization","name":"Association Globalong","url":"https:\/\/www.vita-explorers.dk\/blog\/","logo":{"@type":"ImageObject","inLanguage":"da-DK","@id":"https:\/\/www.vita-explorers.dk\/blog\/#\/schema\/logo\/image\/","url":"https:\/\/www.globalong.com\/blog\/wp-content\/uploads\/2014\/11\/cropped-cropped-Logo-et-Afrique-Globalong-petite-taille-2.jpg","contentUrl":"https:\/\/www.globalong.com\/blog\/wp-content\/uploads\/2014\/11\/cropped-cropped-Logo-et-Afrique-Globalong-petite-taille-2.jpg","width":512,"height":512,"caption":"Association Globalong"},"image":{"@id":"https:\/\/www.vita-explorers.dk\/blog\/#\/schema\/logo\/image\/"},"sameAs":["https:\/\/www.facebook.com\/globalong"]},{"@type":"Person","@id":"https:\/\/www.vita-explorers.dk\/blog\/#\/schema\/person\/d7df267b64f23018d1dc519e78fb2735","name":"VITA Tribe","image":{"@type":"ImageObject","inLanguage":"da-DK","@id":"https:\/\/www.vita-explorers.dk\/blog\/#\/schema\/person\/image\/","url":"https:\/\/secure.gravatar.com\/avatar\/81461bcc213d0ff2bdc043d4206648f0?s=96&d=mm&r=g","contentUrl":"https:\/\/secure.gravatar.com\/avatar\/81461bcc213d0ff2bdc043d4206648f0?s=96&d=mm&r=g","caption":"VITA Tribe"},"sameAs":["https:\/\/www.globalong.com"],"url":"https:\/\/www.vita-explorers.dk\/blog\/author\/sophie\/"}]}},"_links":{"self":[{"href":"https:\/\/www.vita-explorers.dk\/blog\/wp-json\/wp\/v2\/posts\/12674"}],"collection":[{"href":"https:\/\/www.vita-explorers.dk\/blog\/wp-json\/wp\/v2\/posts"}],"about":[{"href":"https:\/\/www.vita-explorers.dk\/blog\/wp-json\/wp\/v2\/types\/post"}],"author":[{"embeddable":true,"href":"https:\/\/www.vita-explorers.dk\/blog\/wp-json\/wp\/v2\/users\/1"}],"replies":[{"embeddable":true,"href":"https:\/\/www.vita-explorers.dk\/blog\/wp-json\/wp\/v2\/comments?post=12674"}],"version-history":[{"count":9,"href":"https:\/\/www.vita-explorers.dk\/blog\/wp-json\/wp\/v2\/posts\/12674\/revisions"}],"predecessor-version":[{"id":15021,"href":"https:\/\/www.vita-explorers.dk\/blog\/wp-json\/wp\/v2\/posts\/12674\/revisions\/15021"}],"wp:featuredmedia":[{"embeddable":true,"href":"https:\/\/www.vita-explorers.dk\/blog\/wp-json\/wp\/v2\/media\/12676"}],"wp:attachment":[{"href":"https:\/\/www.vita-explorers.dk\/blog\/wp-json\/wp\/v2\/media?parent=12674"}],"wp:term":[{"taxonomy":"category","embeddable":true,"href":"https:\/\/www.vita-explorers.dk\/blog\/wp-json\/wp\/v2\/categories?post=12674"},{"taxonomy":"post_tag","embeddable":true,"href":"https:\/\/www.vita-explorers.dk\/blog\/wp-json\/wp\/v2\/tags?post=12674"}],"curies":[{"name":"wp","href":"https:\/\/api.w.org\/{rel}","templated":true}]}}