{"id":13100,"date":"2019-12-02T15:27:13","date_gmt":"2019-12-02T14:27:13","guid":{"rendered":"https:\/\/www.globalong.com\/blog\/?p=13100"},"modified":"2023-01-04T15:38:57","modified_gmt":"2023-01-04T14:38:57","slug":"trussel-mod-verdens-stoerste-koralrev","status":"publish","type":"post","link":"https:\/\/www.vita-explorers.dk\/blog\/trussel-mod-verdens-stoerste-koralrev\/","title":{"rendered":"Verdens st\u00f8rste koralrev er i fare!"},"content":{"rendered":"<div class=\"ti-widget ti-goog\" data-layout-id=\"4\" data-set-id=\"light-background\" data-pid=\"\" data-language=\"fr\" data-version=\"2\" data-review-target-width=\"300\" data-review-text-mode=\"readmore\" data-pager-autoplay-timeout=\"6\" > <div class=\"ti-widget-container ti-col-3\"> <div class=\"ti-reviews-container\"> <div class=\"ti-controls\"> <div class=\"ti-next\" aria-label=\"Avis suivante\" role=\"button\"><\/div> <div class=\"ti-prev\" aria-label=\"Avis pr\u00e9c\u00e9dent\" role=\"button\"><\/div> <\/div> <div class=\"ti-reviews-container-wrapper\">  <div data-empty=\"0\" class=\"ti-review-item source-Google ti-image-layout-thumbnail\" data-id=\"cfcd208495d565ef66e7dff9f98764da\" > <div class=\"ti-inner\"> <div class=\"ti-review-header\"> <div class=\"ti-profile-img\"> <img decoding=\"async\" src=\"https:\/\/lh3.googleusercontent.com\/a\/ACg8ocKpaoKe37CD0_POxO97KqB60GsWQRsIuG2vmCfXT-W_FY44vw=s120-c-rp-mo-br100\" srcset=\"https:\/\/lh3.googleusercontent.com\/a\/ACg8ocKpaoKe37CD0_POxO97KqB60GsWQRsIuG2vmCfXT-W_FY44vw=s120-c-rp-mo-br100 2x\" alt=\"Lucie Correia\" loading=\"lazy\" \/> <\/div> <div class=\"ti-profile-details\"> <div class=\"ti-name\"> Lucie Correia <\/div> <div class=\"ti-date\">2024-10-17<\/div> <\/div> <\/div> <span class=\"ti-stars\"><span class=\"ti-star f\"><\/span><span class=\"ti-star f\"><\/span><span class=\"ti-star f\"><\/span><span class=\"ti-star f\"><\/span><span class=\"ti-star f\"><\/span><\/span> <div class=\"ti-review-text-container ti-review-content\"><!-- R-CONTENT -->La communication avec Globalong est super, personnes tr\u00e8s pr\u00e9sentes pour les b\u00e9n\u00e9voles et \u00e9tudiants partant avec cette association. Elles r\u00e9pondent \u00e0 toutes nos questions et sont tr\u00e8s accessibles au t\u00e9l\u00e9phone.<!-- R-CONTENT --><\/div> <span class=\"ti-read-more\" data-container=\".ti-review-content\" data-collapse-text=\"Cacher\" data-open-text=\"Lire la suite\" ><\/span> <\/div> <\/div>  <div data-empty=\"0\" class=\"ti-review-item source-Google ti-image-layout-thumbnail\" data-id=\"cfcd208495d565ef66e7dff9f98764da\" > <div class=\"ti-inner\"> <div class=\"ti-review-header\"> <div class=\"ti-profile-img\"> <img decoding=\"async\" src=\"https:\/\/lh3.googleusercontent.com\/a-\/ALV-UjWqnnzM7-7c9BDqeTDF-a7pOgNjvLkJ3WshRd_Tn7z0Eu-AGQwo=s120-c-rp-mo-br100\" srcset=\"https:\/\/lh3.googleusercontent.com\/a-\/ALV-UjWqnnzM7-7c9BDqeTDF-a7pOgNjvLkJ3WshRd_Tn7z0Eu-AGQwo=s120-c-rp-mo-br100 2x\" alt=\"Ra\u00efssa Frisch\" loading=\"lazy\" \/> <\/div> <div class=\"ti-profile-details\"> <div class=\"ti-name\"> Ra\u00efssa Frisch <\/div> <div class=\"ti-date\">2024-10-14<\/div> <\/div> <\/div> <span class=\"ti-stars\"><span class=\"ti-star f\"><\/span><span class=\"ti-star f\"><\/span><span class=\"ti-star f\"><\/span><span class=\"ti-star f\"><\/span><span class=\"ti-star f\"><\/span><\/span> <div class=\"ti-review-text-container ti-review-content\"><!-- R-CONTENT -->J\u2019ai d\u00e9j\u00e0 eu l\u2019opportunit\u00e9 de r\u00e9aliser deux projets humanitaires avec l\u2019association Globalong. Je ne peux que la recommander, car j\u2019ai toujours b\u00e9n\u00e9fici\u00e9 d\u2019un excellent accompagnement, aussi bien avant que pendant le voyage. On ne vous laisse pas vous d\u00e9brouiller seuls, bien au contraire, vous \u00eates tr\u00e8s bien encadr\u00e9s pour accomplir toutes les d\u00e9marches dans les d\u00e9lais.\n\nAu-del\u00e0 du suivi, les exp\u00e9riences humanitaires propos\u00e9es par Globalong ne peuvent que transformer votre vie de mani\u00e8re positive. Elles vous apportent une richesse humaine inestimable.<!-- R-CONTENT --><\/div> <span class=\"ti-read-more\" data-container=\".ti-review-content\" data-collapse-text=\"Cacher\" data-open-text=\"Lire la suite\" ><\/span> <\/div> <\/div>  <div data-empty=\"0\" class=\"ti-review-item source-Google ti-image-layout-thumbnail\" data-id=\"cfcd208495d565ef66e7dff9f98764da\" > <div class=\"ti-inner\"> <div class=\"ti-review-header\"> <div class=\"ti-profile-img\"> <img decoding=\"async\" src=\"https:\/\/lh3.googleusercontent.com\/a\/ACg8ocJL-Dxv25YkXK2QwWPNRxTVqZCv5uTmDQDFg5qslKra3vRZew=s120-c-rp-mo-br100\" srcset=\"https:\/\/lh3.googleusercontent.com\/a\/ACg8ocJL-Dxv25YkXK2QwWPNRxTVqZCv5uTmDQDFg5qslKra3vRZew=s120-c-rp-mo-br100 2x\" alt=\"Tara Turan\" loading=\"lazy\" \/> <\/div> <div class=\"ti-profile-details\"> <div class=\"ti-name\"> Tara Turan <\/div> <div class=\"ti-date\">2024-10-14<\/div> <\/div> <\/div> <span class=\"ti-stars\"><span class=\"ti-star f\"><\/span><span class=\"ti-star f\"><\/span><span class=\"ti-star f\"><\/span><span class=\"ti-star f\"><\/span><span class=\"ti-star f\"><\/span><\/span> <div class=\"ti-review-text-container ti-review-content\"><!-- R-CONTENT -->Une des meilleures associations que j\u2019ai pu faire !\nUne organisation et un suivi vraiment parfait, c\u2019est avec grand plaisir que je referai un projet avec eux.<!-- R-CONTENT --><\/div> <span class=\"ti-read-more\" data-container=\".ti-review-content\" data-collapse-text=\"Cacher\" data-open-text=\"Lire la suite\" ><\/span> <\/div> <\/div>  <div data-empty=\"0\" class=\"ti-review-item source-Google ti-image-layout-thumbnail\" data-id=\"cfcd208495d565ef66e7dff9f98764da\" > <div class=\"ti-inner\"> <div class=\"ti-review-header\"> <div class=\"ti-profile-img\"> <img decoding=\"async\" src=\"https:\/\/lh3.googleusercontent.com\/a\/ACg8ocLctTPNovSk3eKM0b_MIPOfcFEQsz2135Cdu59_BWRVsIYC7Q=s120-c-rp-mo-br100\" srcset=\"https:\/\/lh3.googleusercontent.com\/a\/ACg8ocLctTPNovSk3eKM0b_MIPOfcFEQsz2135Cdu59_BWRVsIYC7Q=s120-c-rp-mo-br100 2x\" alt=\"Repiquet Julie\" loading=\"lazy\" \/> <\/div> <div class=\"ti-profile-details\"> <div class=\"ti-name\"> Repiquet Julie <\/div> <div class=\"ti-date\">2024-10-13<\/div> <\/div> <\/div> <span class=\"ti-stars\"><span class=\"ti-star f\"><\/span><span class=\"ti-star f\"><\/span><span class=\"ti-star f\"><\/span><span class=\"ti-star f\"><\/span><span class=\"ti-star f\"><\/span><\/span> <div class=\"ti-review-text-container ti-review-content\"><!-- R-CONTENT -->Tr\u00e8s bon accompagnement de la part de Globalong, du premier jour avec toutes mes interrogations, jusqu'au d\u00e9part dans quelques jours. Le dossier transmis apr\u00e8s validation de la mission est plus que complet, les webmaster tr\u00e8s int\u00e9ressantes et permettent de d\u00e9charger mentalement ce genre de pr\u00e9paration, tout est pr\u00e9vu il n'y a plus qu'\u00e0 suivre ! Merci \u00e0 Florence de r\u00e9pondre \u00e0 toutes mes questions avec gentillesse et bienveillance, cela m'a permis de passer le cap!\nMaintenant, il n'y a plus qu'\u00e0 \ud83d\ude00<!-- R-CONTENT --><\/div> <span class=\"ti-read-more\" data-container=\".ti-review-content\" data-collapse-text=\"Cacher\" data-open-text=\"Lire la suite\" ><\/span> <\/div> <\/div>  <div data-empty=\"0\" class=\"ti-review-item source-Google ti-image-layout-thumbnail\" data-id=\"cfcd208495d565ef66e7dff9f98764da\" > <div class=\"ti-inner\"> <div class=\"ti-review-header\"> <div class=\"ti-profile-img\"> <img decoding=\"async\" src=\"https:\/\/lh3.googleusercontent.com\/a\/ACg8ocJJTdmTWs8nAA0yuH_cKOUgzc6GFAkHBiXhpnnVYXaWMBZsHw=s120-c-rp-mo-br100\" srcset=\"https:\/\/lh3.googleusercontent.com\/a\/ACg8ocJJTdmTWs8nAA0yuH_cKOUgzc6GFAkHBiXhpnnVYXaWMBZsHw=s120-c-rp-mo-br100 2x\" alt=\"Marine Guilhamat\" loading=\"lazy\" \/> <\/div> <div class=\"ti-profile-details\"> <div class=\"ti-name\"> Marine Guilhamat <\/div> <div class=\"ti-date\">2024-10-09<\/div> <\/div> <\/div> <span class=\"ti-stars\"><span class=\"ti-star f\"><\/span><span class=\"ti-star f\"><\/span><span class=\"ti-star f\"><\/span><span class=\"ti-star f\"><\/span><span class=\"ti-star f\"><\/span><\/span> <div class=\"ti-review-text-container ti-review-content\"><!-- R-CONTENT -->Tr\u00e8s belle association qui offre un cadre super s\u00e9curisant et permet de s\u2019investir dans des projets qui ont du sens. Merci \u00e0 l\u2019\u00e9quipe Globalong pour votre disponibilit\u00e9, gentillesse et accompagnement !<!-- R-CONTENT --><\/div> <span class=\"ti-read-more\" data-container=\".ti-review-content\" data-collapse-text=\"Cacher\" data-open-text=\"Lire la suite\" ><\/span> <\/div> <\/div>  <div data-empty=\"0\" class=\"ti-review-item source-Google ti-image-layout-thumbnail\" data-id=\"cfcd208495d565ef66e7dff9f98764da\" > <div class=\"ti-inner\"> <div class=\"ti-review-header\"> <div class=\"ti-profile-img\"> <img decoding=\"async\" src=\"https:\/\/lh3.googleusercontent.com\/a\/ACg8ocIgITHXKo46qgJyPqlJeAcxz11gCKUJpGIk2qauiIe2O3iZ6w=s120-c-rp-mo-br100\" srcset=\"https:\/\/lh3.googleusercontent.com\/a\/ACg8ocIgITHXKo46qgJyPqlJeAcxz11gCKUJpGIk2qauiIe2O3iZ6w=s120-c-rp-mo-br100 2x\" alt=\"Laura Mercier\" loading=\"lazy\" \/> <\/div> <div class=\"ti-profile-details\"> <div class=\"ti-name\"> Laura Mercier <\/div> <div class=\"ti-date\">2024-10-08<\/div> <\/div> <\/div> <span class=\"ti-stars\"><span class=\"ti-star f\"><\/span><span class=\"ti-star f\"><\/span><span class=\"ti-star f\"><\/span><span class=\"ti-star f\"><\/span><span class=\"ti-star f\"><\/span><\/span> <div class=\"ti-review-text-container ti-review-content\"><!-- R-CONTENT -->Mon d\u00e9part approche, je pars dans une semaine, et depuis le d\u00e9but de mon inscription je suis tr\u00e8s satisfaite du suivi effectu\u00e9 par l\u2019association. Ils sont tr\u00e8s disponibles et r\u00e9pondent rapidement \u00e0 l\u2019ensemble des questions. Je suis tr\u00e8s contente de partir faire cette mission humanitaire encadr\u00e9e par cette association. Je recommande vraiment.<!-- R-CONTENT --><\/div> <span class=\"ti-read-more\" data-container=\".ti-review-content\" data-collapse-text=\"Cacher\" data-open-text=\"Lire la suite\" ><\/span> <\/div> <\/div>  <div data-empty=\"0\" class=\"ti-review-item source-Google ti-image-layout-thumbnail\" data-id=\"cfcd208495d565ef66e7dff9f98764da\" > <div class=\"ti-inner\"> <div class=\"ti-review-header\"> <div class=\"ti-profile-img\"> <img decoding=\"async\" src=\"https:\/\/lh3.googleusercontent.com\/a-\/ALV-UjVVr0YMQhXl8QNEEB32l-rnoaYwvRZUjIEX9OEwPE_1fQwzIyk=s120-c-rp-mo-br100\" srcset=\"https:\/\/lh3.googleusercontent.com\/a-\/ALV-UjVVr0YMQhXl8QNEEB32l-rnoaYwvRZUjIEX9OEwPE_1fQwzIyk=s120-c-rp-mo-br100 2x\" alt=\"Anouk Rzkt\" loading=\"lazy\" \/> <\/div> <div class=\"ti-profile-details\"> <div class=\"ti-name\"> Anouk Rzkt <\/div> <div class=\"ti-date\">2024-10-02<\/div> <\/div> <\/div> <span class=\"ti-stars\"><span class=\"ti-star f\"><\/span><span class=\"ti-star f\"><\/span><span class=\"ti-star f\"><\/span><span class=\"ti-star f\"><\/span><span class=\"ti-star f\"><\/span><\/span> <div class=\"ti-review-text-container ti-review-content\"><!-- R-CONTENT -->Globalong est l'association parfaite. L'\u00e9quipe offre un v\u00e9ritable accompagnement rythm\u00e9 par beaucoup de conseils et d'\u00e9coute. Le site est tr\u00e8s bien fait avec des dossiers complets allant des sujets tr\u00e8s pratiques a d'autres plus th\u00e9oriques (tels que le choc culturel par exemple). Je recommande vivement et remercie sinc\u00e8rement toute l'\u00e9quipe pour leur gentillesse et investissement !<!-- R-CONTENT --><\/div> <span class=\"ti-read-more\" data-container=\".ti-review-content\" data-collapse-text=\"Cacher\" data-open-text=\"Lire la suite\" ><\/span> <\/div> <\/div>  <\/div> <div class=\"ti-controls-line\"> <div class=\"dot\"><\/div> <\/div> <\/div> <div class=\"ti-footer\"> <div class=\"ti-rating-text\"> <span class=\"nowrap\">\u00c9valuation <strong>Google<\/strong> : <\/span><span class=\"nowrap\"><strong>4.8<\/strong> sur 5, <\/span><span class=\"nowrap\">Bas\u00e9e sur <strong>240 avis<\/strong><\/span> <\/div> <\/div>  <\/div> <\/div> \n<p style=\"text-align: justify;\"><span style=\"font-weight: 400;\"><strong>Mulige l\u00f8sninger \u2026<\/strong><a href=\"https:\/\/www.vita-explorers.dk\/blog\/wp-content\/uploads\/2019\/05\/24049280088_a1c89cb5e6_m.jpg\"><img loading=\"lazy\" decoding=\"async\" class=\"size-full wp-image-12657 aligncenter\" src=\"https:\/\/www.vita-explorers.dk\/blog\/wp-content\/uploads\/2019\/05\/24049280088_a1c89cb5e6_m.jpg\" alt=\"\" width=\"240\" height=\"165\" srcset=\"https:\/\/www.vita-explorers.dk\/blog\/wp-content\/uploads\/2019\/05\/24049280088_a1c89cb5e6_m.jpg 240w, https:\/\/www.vita-explorers.dk\/blog\/wp-content\/uploads\/2019\/05\/24049280088_a1c89cb5e6_m-150x103.jpg 150w\" sizes=\"(max-width: 240px) 100vw, 240px\" \/><\/a><\/span><\/p>\n<p style=\"text-align: justify;\"><span style=\"font-weight: 400;\">Great Barrier Reef i <span style=\"text-decoration: underline;\"><a href=\"https:\/\/www.vita-explorers.dk\/frivilligt-arbejde\/ecovolontariat-i-australien.html\" target=\"_blank\" rel=\"noopener noreferrer\">Australien<\/a><\/span> str\u00e6kker sig over <strong>345.000 km2<\/strong> og rummer omkring 3.000 <\/span><i><span style=\"font-weight: 400;\">systemer<\/span><\/i><span style=\"font-weight: 400;\"> af rev samt cirka 1.000 tropiske \u00f8er. <\/span><span style=\"font-weight: 400;\">Det ligger ud for Australiens nord\u00f8stlige kyst og er verdens st\u00f8rste sammenh\u00e6ngende koralrev. Med <strong>400 koralarter<\/strong>, 1.500 fiskearter og 4.000 arter af bl\u00f8ddyr er det et enest\u00e5ende undervandslandskab i b\u00e5de variation og sk\u00f8nhed.<br \/>\n<a href=\"https:\/\/www.vita-explorers.dk\/blog\/wp-content\/uploads\/2019\/05\/37870355842_5f1b1eef88_m.jpg\"><img loading=\"lazy\" decoding=\"async\" class=\"size-full wp-image-12654 aligncenter\" src=\"https:\/\/www.vita-explorers.dk\/blog\/wp-content\/uploads\/2019\/05\/37870355842_5f1b1eef88_m.jpg\" alt=\"\" width=\"240\" height=\"165\" srcset=\"https:\/\/www.vita-explorers.dk\/blog\/wp-content\/uploads\/2019\/05\/37870355842_5f1b1eef88_m.jpg 240w, https:\/\/www.vita-explorers.dk\/blog\/wp-content\/uploads\/2019\/05\/37870355842_5f1b1eef88_m-150x103.jpg 150w\" sizes=\"(max-width: 240px) 100vw, 240px\" \/><\/a><br \/>\n<\/span><span style=\"font-weight: 400;\">Omr\u00e5det er kendt for sin <strong>store marine biodiversitet<\/strong> og har siden 1981 v\u00e6ret p\u00e5 UNESCOs verdensarvsliste. <\/span><span style=\"font-weight: 400;\">Desv\u00e6rre bidrager <strong>klimaforandringer<\/strong> til en udvikling, hvor blandt andet en koral\u00e6dende s\u00f8stjerne breder sig, samtidig med pres fra fiskeri, store udledninger af nitrater og pesticider fra landbruget samt industriel udvikling langs kysten i forbindelse med <\/span><span style=\"font-weight: 400;\">mineboomet<\/span><span style=\"font-weight: 400;\">. <\/span><span style=\"font-weight: 400;\">Koralrev er nemlig <strong>meget f\u00f8lsomme<\/strong> over for \u00e6ndringer i vandtemperaturen og kan kun trives inden for et relativt sn\u00e6vert temperaturinterval. <\/span><\/p>\n<p><img loading=\"lazy\" decoding=\"async\" class=\"wp-image-12646 aligncenter\" src=\"https:\/\/www.vita-explorers.dk\/blog\/wp-content\/uploads\/2019\/05\/Plastic-ban-300x202.png\" alt=\"\" width=\"240\" height=\"161\" srcset=\"https:\/\/www.vita-explorers.dk\/blog\/wp-content\/uploads\/2019\/05\/Plastic-ban-300x202.png 300w, https:\/\/www.vita-explorers.dk\/blog\/wp-content\/uploads\/2019\/05\/Plastic-ban-150x101.png 150w, https:\/\/www.vita-explorers.dk\/blog\/wp-content\/uploads\/2019\/05\/Plastic-ban.png 657w\" sizes=\"(max-width: 240px) 100vw, 240px\" \/><\/p>\n<p style=\"text-align: justify;\"><span style=\"font-weight: 400;\">N\u00e5r vandtemperaturen stiger, bliver korallerne stressede og udst\u00f8der de symbiotiske mikroalger, de lever i samspil med.<\/span><span style=\"font-weight: 400;\">Det kan ske ved en stigning p\u00e5 blot 1\u00b0C over t\u00e6rsklen i nogle f\u00e5 uger. <\/span><span style=\"font-weight: 400;\">Derudover har australske forskere p\u00e5vist, at koraller indtager plastaffald fra et Stillehav, der er kraftigt forurenet \u2014 <\/span><i><span style=\"font-weight: 400;\">n\u00e6sten i samme tempo, som de normalt optager plankton<\/span><\/i><span style=\"font-weight: 400;\">. <\/span><span style=\"font-weight: 400;\">Udledningen af pesticider skal ned, hvis man vil beskytte <\/span><span style=\"font-weight: 400;\">havskildpadder, delfiner og andre havdyr, hvis overlevelse er afh\u00e6ngig af korallerne.<a href=\"https:\/\/www.vita-explorers.dk\/blog\/wp-content\/uploads\/2019\/01\/Lake-Nakuru-min.jpg\"><img loading=\"lazy\" decoding=\"async\" class=\"wp-image-12271 aligncenter\" src=\"https:\/\/www.vita-explorers.dk\/blog\/wp-content\/uploads\/2019\/01\/Lake-Nakuru-min-300x190.jpg\" alt=\"\" width=\"240\" height=\"152\" srcset=\"https:\/\/www.vita-explorers.dk\/blog\/wp-content\/uploads\/2019\/01\/Lake-Nakuru-min-300x190.jpg 300w, https:\/\/www.vita-explorers.dk\/blog\/wp-content\/uploads\/2019\/01\/Lake-Nakuru-min-768x486.jpg 768w, https:\/\/www.vita-explorers.dk\/blog\/wp-content\/uploads\/2019\/01\/Lake-Nakuru-min-150x95.jpg 150w, https:\/\/www.vita-explorers.dk\/blog\/wp-content\/uploads\/2019\/01\/Lake-Nakuru-min.jpg 856w\" sizes=\"(max-width: 240px) 100vw, 240px\" \/><\/a> <\/span>&#8220;<i>Great Barrier Reefs langsigtede overlevelse afh\u00e6nger af en f\u00e6lles indsats fra det internationale samfund \u2014 herunder Australien \u2014 for at reducere udledningen af drivhusgasser<\/i>&#8220;, udtalte WWF Australias administrerende leder Dermot O&#8217;Gorman. Desv\u00e6rre forts\u00e6tter kuludvindingen i <span style=\"text-decoration: underline;\"><a href=\"https:\/\/www.vita-explorers.dk\/frivilligt-arbejde\/ecovolontariat-i-australien.html#b\" target=\"_blank\" rel=\"noopener noreferrer\">Queensland<\/a><\/span>, ligesom udbygningen af havne langs kysten. <a href=\"https:\/\/www.vita-explorers.dk\/blog\/wp-content\/uploads\/2018\/10\/Vol1_turtle-2-min.jpg\"><img loading=\"lazy\" decoding=\"async\" class=\"wp-image-11787 aligncenter\" src=\"https:\/\/www.vita-explorers.dk\/blog\/wp-content\/uploads\/2018\/10\/Vol1_turtle-2-min-300x204.jpg\" alt=\"\" width=\"240\" height=\"163\" srcset=\"https:\/\/www.vita-explorers.dk\/blog\/wp-content\/uploads\/2018\/10\/Vol1_turtle-2-min-300x204.jpg 300w, https:\/\/www.vita-explorers.dk\/blog\/wp-content\/uploads\/2018\/10\/Vol1_turtle-2-min-768x522.jpg 768w, https:\/\/www.vita-explorers.dk\/blog\/wp-content\/uploads\/2018\/10\/Vol1_turtle-2-min-1024x697.jpg 1024w, https:\/\/www.vita-explorers.dk\/blog\/wp-content\/uploads\/2018\/10\/Vol1_turtle-2-min-150x102.jpg 150w, https:\/\/www.vita-explorers.dk\/blog\/wp-content\/uploads\/2018\/10\/Vol1_turtle-2-min.jpg 1426w\" sizes=\"(max-width: 240px) 100vw, 240px\" \/><\/a>Selv om f\u00e6nomenet kan v\u00e6re reversibelt, kan for alvorlige skader ogs\u00e5 f\u00f8re til, at korallerne d\u00f8r. At beskytte et UNESCO-verdensarvsomr\u00e5de som <strong>Great Barrier Reef<\/strong> er en meget stor opgave. Mulige l\u00f8sninger, ikke for at vende udviklingen fuldst\u00e6ndigt, men for at begr\u00e6nse konsekvenserne:<\/p>\n<ul style=\"text-align: justify;\">\n<li style=\"font-weight: 400;\"><span style=\"font-weight: 400;\">Nogle forskere foresl\u00e5r <\/span><span style=\"font-weight: 400;\">at etablere flydende skygge-strukturer, der kan beskytte korallerne mod sollys, som forv\u00e6rrer blegningsepisoder<\/span><span style=\"font-weight: 400;\">, mens andre hellere vil <\/span><span style=\"font-weight: 400;\">pumpe dybere, k\u00f8ligere havvand op for at nedk\u00f8le et s\u00e5rbart habitat<\/span><span style=\"font-weight: 400;\">. <a href=\"https:\/\/www.vita-explorers.dk\/blog\/wp-content\/uploads\/2018\/10\/Equipe-b\u00e9n\u00e9voles-min.jpg\"><img loading=\"lazy\" decoding=\"async\" class=\"wp-image-11796 aligncenter\" src=\"https:\/\/www.vita-explorers.dk\/blog\/wp-content\/uploads\/2018\/10\/Equipe-b\u00e9n\u00e9voles-min-300x225.jpg\" alt=\"\" width=\"240\" height=\"180\" srcset=\"https:\/\/www.vita-explorers.dk\/blog\/wp-content\/uploads\/2018\/10\/Equipe-b\u00e9n\u00e9voles-min-300x225.jpg 300w, https:\/\/www.vita-explorers.dk\/blog\/wp-content\/uploads\/2018\/10\/Equipe-b\u00e9n\u00e9voles-min-768x576.jpg 768w, https:\/\/www.vita-explorers.dk\/blog\/wp-content\/uploads\/2018\/10\/Equipe-b\u00e9n\u00e9voles-min-150x113.jpg 150w, https:\/\/www.vita-explorers.dk\/blog\/wp-content\/uploads\/2018\/10\/Equipe-b\u00e9n\u00e9voles-min.jpg 960w\" sizes=\"(max-width: 240px) 100vw, 240px\" \/><\/a>Den marine \u00f8kolog og professor <\/span><a href=\"http:\/\/johnfbruno.web.unc.edu\/\"><span style=\"font-weight: 400;\">John Bruno<\/span><\/a><span style=\"font-weight: 400;\"> har for nylig samlet flere videnskabelige initiativer til at redde koraller i en artikel i <\/span><a href=\"https:\/\/www.washingtonpost.com\/news\/theworldpost\/wp\/2018\/01\/09\/coral-reefs\/?tid=ss_tw-amp&#038;utm_term=.fdacd5340107\"><i><span style=\"font-weight: 400;\">Washington Post<\/span><\/i><\/a><i><span style=\"font-weight: 400;\">.<\/span><\/i><\/li>\n<li style=\"font-weight: 400;\"><span style=\"font-weight: 400;\">Forskere arbejder ogs\u00e5 i laboratorier med at dyrke koraller, som senere kan genplantes i eksisterende rev. De nye koraller skal kunne erstatte tidligere bestande i et milj\u00f8, der er meget varmt, surt og belastet \u2014 i nogle tilf\u00e6lde ligefrem giftigt.<\/span><\/li>\n<li style=\"font-weight: 400;\"><span style=\"font-weight: 400;\">Andre forskere, mere optimistiske, h\u00e5ber at kunne bruge genteknologi ved at \u00e6ndre korallernes DNA, s\u00e5 de bliver mere robuste. <a href=\"https:\/\/www.vita-explorers.dk\/blog\/wp-content\/uploads\/2018\/10\/volontaire-en-Jamaique-avec-globalong-en-ballade-min-min.jpg\"><img loading=\"lazy\" decoding=\"async\" class=\"wp-image-11680 aligncenter\" src=\"https:\/\/www.vita-explorers.dk\/blog\/wp-content\/uploads\/2018\/10\/volontaire-en-Jamaique-avec-globalong-en-ballade-min-min-300x225.jpg\" alt=\"\" width=\"240\" height=\"180\" srcset=\"https:\/\/www.vita-explorers.dk\/blog\/wp-content\/uploads\/2018\/10\/volontaire-en-Jamaique-avec-globalong-en-ballade-min-min-300x225.jpg 300w, https:\/\/www.vita-explorers.dk\/blog\/wp-content\/uploads\/2018\/10\/volontaire-en-Jamaique-avec-globalong-en-ballade-min-min-768x576.jpg 768w, https:\/\/www.vita-explorers.dk\/blog\/wp-content\/uploads\/2018\/10\/volontaire-en-Jamaique-avec-globalong-en-ballade-min-min-150x113.jpg 150w, https:\/\/www.vita-explorers.dk\/blog\/wp-content\/uploads\/2018\/10\/volontaire-en-Jamaique-avec-globalong-en-ballade-min-min.jpg 960w\" sizes=\"(max-width: 240px) 100vw, 240px\" \/><\/a>N\u00e5r stigende temperaturer rammer forskellige dele af det habitat, som korallerne udg\u00f8r, kan korallernes d\u00f8d f\u00f8re til, at mange andre organismer ogs\u00e5 forsvinder. Og at redde korallerne alene redder ikke hele havets \u00f8kosystem.<\/span><\/li>\n<\/ul>\n<p style=\"text-align: justify;\"><strong>Vil du v\u00e6re med til at beskytte livet under havoverfladen: <\/strong><\/p>\n<p style=\"text-align: justify;\"><span style=\"text-decoration: underline;\"><a href=\"https:\/\/www.vita-explorers.dk\/sprog-og-frivilligt-arbejde\/ecovolontariat-galapagos.html\" target=\"_blank\" rel=\"noopener noreferrer\"><span style=\"font-weight: 400;\">Gal\u00e1pagos-\u00f8erne <\/span><\/a><\/span><span style=\"font-weight: 400;\">: \u00d8ko-forl\u00f8b \u2013 biologisk station<\/span><\/p>\n<p style=\"text-align: justify;\"><span style=\"text-decoration: underline;\"><a href=\"https:\/\/www.vita-explorers.dk\/sprog-og-frivilligt-arbejde\/frivilligt-arbejde-spansk-costa-rica.html\" target=\"_blank\" rel=\"noopener noreferrer\"><span style=\"font-weight: 400;\">Costa Rica<\/span><\/a><\/span><span style=\"font-weight: 400;\"> : \u00d8ko-forl\u00f8b i nationalparker i Costa Rica<\/span><\/p>\n<p style=\"text-align: justify;\"><span style=\"text-decoration: underline;\"><a href=\"https:\/\/www.vita-explorers.dk\/frivilligt-arbejde\/tortues-sri-lanka-volontariat-benevolat-ecovolontariat-stage.html\" target=\"_blank\" rel=\"noopener noreferrer\"><span style=\"font-weight: 400;\">Sri Lanka<\/span><\/a><\/span><span style=\"font-weight: 400;\"> : Projekt for beskyttelse af havskildpadder<\/span><\/p>\n<p style=\"text-align: justify;\"><span style=\"text-decoration: underline;\"><a href=\"https:\/\/www.vita-explorers.dk\/frivilligt-arbejde\/nicaragua-frivilligt-arbejde-havskildpadder-praktik-anmeldelser.html\" target=\"_blank\" rel=\"noopener noreferrer\"><span style=\"font-weight: 400;\">Nicaragua<\/span><\/a><\/span><span style=\"font-weight: 400;\"> : Beskyttelse af skildpadder <\/span><\/p>\n<p style=\"text-align: justify;\"><span style=\"text-decoration: underline;\"><a href=\"https:\/\/www.vita-explorers.dk\/frivilligt-arbejde\/maldiverne-frivilligt-arbejde-praktik-naturbevarelse-socialt-undervisning.html\" target=\"_blank\" rel=\"noopener noreferrer\"><span style=\"font-weight: 400;\">Maldiverne<\/span><\/a><\/span><span style=\"font-weight: 400;\"> : Internationalt frivilligt arbejde og \u00f8ko-forl\u00f8b <\/span><\/p>\n<p style=\"text-align: justify;\"><span style=\"text-decoration: underline;\"><a href=\"https:\/\/www.vita-explorers.dk\/frivilligt-arbejde\/volontariat-afrique-du-sud-soins-animaliers.html\" target=\"_blank\" rel=\"noopener noreferrer\"><span style=\"font-weight: 400;\">Sydafrika <\/span><\/a><\/span><span style=\"font-weight: 400;\">: Beskyttelse af den store hvide haj<\/span><\/p>\n<p style=\"text-align: justify;\"><span style=\"text-decoration: underline;\"><a href=\"https:\/\/www.vita-explorers.dk\/frivilligt-arbejde\/volontariat-afrique-du-sud-faune-sauvage.html\" target=\"_blank\" rel=\"noopener noreferrer\"><span style=\"font-weight: 400;\">Sydafrika <\/span><\/a><\/span><span style=\"font-weight: 400;\">: Marin naturbevarelse <\/span><\/p>\n<p style=\"text-align: justify;\">\n","protected":false},"excerpt":{"rendered":"<p>Mulige l\u00f8sninger \u2026 Great Barrier Reef i Australien str\u00e6kker sig over 345.000 km2 og rummer omkring 3.000 systemer af rev samt cirka 1.000 tropiske\u2026<\/p>\n","protected":false},"author":7,"featured_media":10957,"comment_status":"open","ping_status":"open","sticky":false,"template":"","format":"standard","meta":{"footnotes":""},"categories":[470,6,469,468,472,4],"tags":[205,51,543,17,52,82,95,440],"yoast_head":"<!-- This site is optimized with the Yoast SEO Premium plugin v23.4 (Yoast SEO v23.4) - https:\/\/yoast.com\/wordpress\/plugins\/seo\/ -->\n<title>Verdens st\u00f8rste koralrev er i fare! - VITA Explorers Blog<\/title>\n<meta name=\"robots\" content=\"index, follow, max-snippet:-1, max-image-preview:large, max-video-preview:-1\" \/>\n<link rel=\"canonical\" href=\"https:\/\/www.vita-explorers.dk\/blog\/trussel-mod-verdens-stoerste-koralrev\/\" \/>\n<meta property=\"og:locale\" content=\"da_DK\" \/>\n<meta property=\"og:type\" content=\"article\" \/>\n<meta property=\"og:title\" content=\"Verdens st\u00f8rste koralrev er i fare!\" \/>\n<meta property=\"og:description\" content=\"Mulige l\u00f8sninger \u2026 Great Barrier Reef i Australien str\u00e6kker sig over 345.000 km2 og rummer omkring 3.000 systemer af rev samt cirka 1.000 tropiske\u2026\" \/>\n<meta property=\"og:url\" content=\"https:\/\/www.vita-explorers.dk\/blog\/trussel-mod-verdens-stoerste-koralrev\/\" \/>\n<meta property=\"og:site_name\" content=\"VITA Explorers Blog\" \/>\n<meta property=\"article:publisher\" content=\"https:\/\/www.facebook.com\/globalong\" \/>\n<meta property=\"article:published_time\" content=\"2019-12-02T14:27:13+00:00\" \/>\n<meta property=\"article:modified_time\" content=\"2023-01-04T14:38:57+00:00\" \/>\n<meta property=\"og:image\" content=\"https:\/\/www.vita-explorers.dk\/blog\/wp-content\/uploads\/2018\/08\/01-straw-wars.adapt_.1190.1-min.jpg\" \/>\n\t<meta property=\"og:image:width\" content=\"1000\" \/>\n\t<meta property=\"og:image:height\" content=\"666\" \/>\n\t<meta property=\"og:image:type\" content=\"image\/jpeg\" \/>\n<meta name=\"author\" content=\"VITA Tribe\" \/>\n<meta name=\"twitter:card\" content=\"summary_large_image\" \/>\n<meta name=\"twitter:label1\" content=\"Skrevet af\" \/>\n\t<meta name=\"twitter:data1\" content=\"VITA Tribe\" \/>\n\t<meta name=\"twitter:label2\" content=\"Estimeret l\u00e6setid\" \/>\n\t<meta name=\"twitter:data2\" content=\"3 minutter\" \/>\n<script type=\"application\/ld+json\" class=\"yoast-schema-graph\">{\"@context\":\"https:\/\/schema.org\",\"@graph\":[{\"@type\":\"Article\",\"@id\":\"https:\/\/www.vita-explorers.dk\/blog\/trussel-mod-verdens-stoerste-koralrev\/#article\",\"isPartOf\":{\"@id\":\"https:\/\/www.vita-explorers.dk\/blog\/trussel-mod-verdens-stoerste-koralrev\/\"},\"author\":{\"name\":\"VITA Tribe\",\"@id\":\"https:\/\/www.vita-explorers.dk\/blog\/#\/schema\/person\/fc0343a2f2db2ebb2793c1f62dbe73f0\"},\"headline\":\"Verdens st\u00f8rste koralrev er i fare!\",\"datePublished\":\"2019-12-02T14:27:13+00:00\",\"dateModified\":\"2023-01-04T14:38:57+00:00\",\"mainEntityOfPage\":{\"@id\":\"https:\/\/www.vita-explorers.dk\/blog\/trussel-mod-verdens-stoerste-koralrev\/\"},\"wordCount\":536,\"commentCount\":0,\"publisher\":{\"@id\":\"https:\/\/www.vita-explorers.dk\/blog\/#organization\"},\"image\":{\"@id\":\"https:\/\/www.vita-explorers.dk\/blog\/trussel-mod-verdens-stoerste-koralrev\/#primaryimage\"},\"thumbnailUrl\":\"https:\/\/www.vita-explorers.dk\/blog\/wp-content\/uploads\/2018\/08\/01-straw-wars.adapt_.1190.1-min.jpg\",\"keywords\":[\"#voyagerautrement\",\"Animaux\",\"association\",\"b\u00e9n\u00e9volat\",\"Eco-volontariat\",\"engagement\",\"environnement\",\"sensibilisation\"],\"articleSection\":[\"Natur- og milj\u00f8frivilligt arbejde\",\"Nyheder\",\"Oceanien\",\"Oceanien\",\"Oplysning\",\"VITA Explorers\"],\"inLanguage\":\"da-DK\",\"potentialAction\":[{\"@type\":\"CommentAction\",\"name\":\"Comment\",\"target\":[\"https:\/\/www.vita-explorers.dk\/blog\/trussel-mod-verdens-stoerste-koralrev\/#respond\"]}]},{\"@type\":\"WebPage\",\"@id\":\"https:\/\/www.vita-explorers.dk\/blog\/trussel-mod-verdens-stoerste-koralrev\/\",\"url\":\"https:\/\/www.vita-explorers.dk\/blog\/trussel-mod-verdens-stoerste-koralrev\/\",\"name\":\"Verdens st\u00f8rste koralrev er i fare! - VITA Explorers Blog\",\"isPartOf\":{\"@id\":\"https:\/\/www.vita-explorers.dk\/blog\/#website\"},\"primaryImageOfPage\":{\"@id\":\"https:\/\/www.vita-explorers.dk\/blog\/trussel-mod-verdens-stoerste-koralrev\/#primaryimage\"},\"image\":{\"@id\":\"https:\/\/www.vita-explorers.dk\/blog\/trussel-mod-verdens-stoerste-koralrev\/#primaryimage\"},\"thumbnailUrl\":\"https:\/\/www.vita-explorers.dk\/blog\/wp-content\/uploads\/2018\/08\/01-straw-wars.adapt_.1190.1-min.jpg\",\"datePublished\":\"2019-12-02T14:27:13+00:00\",\"dateModified\":\"2023-01-04T14:38:57+00:00\",\"breadcrumb\":{\"@id\":\"https:\/\/www.vita-explorers.dk\/blog\/trussel-mod-verdens-stoerste-koralrev\/#breadcrumb\"},\"inLanguage\":\"da-DK\",\"potentialAction\":[{\"@type\":\"ReadAction\",\"target\":[\"https:\/\/www.vita-explorers.dk\/blog\/trussel-mod-verdens-stoerste-koralrev\/\"]}]},{\"@type\":\"ImageObject\",\"inLanguage\":\"da-DK\",\"@id\":\"https:\/\/www.vita-explorers.dk\/blog\/trussel-mod-verdens-stoerste-koralrev\/#primaryimage\",\"url\":\"https:\/\/www.vita-explorers.dk\/blog\/wp-content\/uploads\/2018\/08\/01-straw-wars.adapt_.1190.1-min.jpg\",\"contentUrl\":\"https:\/\/www.vita-explorers.dk\/blog\/wp-content\/uploads\/2018\/08\/01-straw-wars.adapt_.1190.1-min.jpg\",\"width\":1000,\"height\":666,\"caption\":\"Mission plastique dans les oc\u00e9ans\"},{\"@type\":\"BreadcrumbList\",\"@id\":\"https:\/\/www.vita-explorers.dk\/blog\/trussel-mod-verdens-stoerste-koralrev\/#breadcrumb\",\"itemListElement\":[{\"@type\":\"ListItem\",\"position\":1,\"name\":\"Accueil\",\"item\":\"https:\/\/www.vita-explorers.dk\/blog\/\"},{\"@type\":\"ListItem\",\"position\":2,\"name\":\"Verdens st\u00f8rste koralrev er i fare!\"}]},{\"@type\":\"WebSite\",\"@id\":\"https:\/\/www.vita-explorers.dk\/blog\/#website\",\"url\":\"https:\/\/www.vita-explorers.dk\/blog\/\",\"name\":\"Association Globalong\",\"description\":\"Frivilligt arbejde, sprogophold, praktik i udlandet og internationale oplevelser\",\"publisher\":{\"@id\":\"https:\/\/www.vita-explorers.dk\/blog\/#organization\"},\"potentialAction\":[{\"@type\":\"SearchAction\",\"target\":{\"@type\":\"EntryPoint\",\"urlTemplate\":\"https:\/\/www.vita-explorers.dk\/blog\/?s={search_term_string}\"},\"query-input\":{\"@type\":\"PropertyValueSpecification\",\"valueRequired\":true,\"valueName\":\"search_term_string\"}}],\"inLanguage\":\"da-DK\"},{\"@type\":\"Organization\",\"@id\":\"https:\/\/www.vita-explorers.dk\/blog\/#organization\",\"name\":\"Association Globalong\",\"url\":\"https:\/\/www.vita-explorers.dk\/blog\/\",\"logo\":{\"@type\":\"ImageObject\",\"inLanguage\":\"da-DK\",\"@id\":\"https:\/\/www.vita-explorers.dk\/blog\/#\/schema\/logo\/image\/\",\"url\":\"https:\/\/www.globalong.com\/blog\/wp-content\/uploads\/2014\/11\/cropped-cropped-Logo-et-Afrique-Globalong-petite-taille-2.jpg\",\"contentUrl\":\"https:\/\/www.globalong.com\/blog\/wp-content\/uploads\/2014\/11\/cropped-cropped-Logo-et-Afrique-Globalong-petite-taille-2.jpg\",\"width\":512,\"height\":512,\"caption\":\"Association Globalong\"},\"image\":{\"@id\":\"https:\/\/www.vita-explorers.dk\/blog\/#\/schema\/logo\/image\/\"},\"sameAs\":[\"https:\/\/www.facebook.com\/globalong\"]},{\"@type\":\"Person\",\"@id\":\"https:\/\/www.vita-explorers.dk\/blog\/#\/schema\/person\/fc0343a2f2db2ebb2793c1f62dbe73f0\",\"name\":\"VITA Tribe\",\"image\":{\"@type\":\"ImageObject\",\"inLanguage\":\"da-DK\",\"@id\":\"https:\/\/www.vita-explorers.dk\/blog\/#\/schema\/person\/image\/\",\"url\":\"https:\/\/secure.gravatar.com\/avatar\/f7f05026bb439d0c96b30e135e5f852c?s=96&d=mm&r=g\",\"contentUrl\":\"https:\/\/secure.gravatar.com\/avatar\/f7f05026bb439d0c96b30e135e5f852c?s=96&d=mm&r=g\",\"caption\":\"VITA Tribe\"},\"sameAs\":[\"http:\/\/www.globalong.com\"],\"url\":\"https:\/\/www.vita-explorers.dk\/blog\/author\/teamglobalong\/\"}]}<\/script>\n<!-- \/ Yoast SEO Premium plugin. -->","yoast_head_json":{"title":"Verdens st\u00f8rste koralrev er i fare! - VITA Explorers Blog","robots":{"index":"index","follow":"follow","max-snippet":"max-snippet:-1","max-image-preview":"max-image-preview:large","max-video-preview":"max-video-preview:-1"},"canonical":"https:\/\/www.vita-explorers.dk\/blog\/trussel-mod-verdens-stoerste-koralrev\/","og_locale":"da_DK","og_type":"article","og_title":"Verdens st\u00f8rste koralrev er i fare!","og_description":"Mulige l\u00f8sninger \u2026 Great Barrier Reef i Australien str\u00e6kker sig over 345.000 km2 og rummer omkring 3.000 systemer af rev samt cirka 1.000 tropiske\u2026","og_url":"https:\/\/www.vita-explorers.dk\/blog\/trussel-mod-verdens-stoerste-koralrev\/","og_site_name":"VITA Explorers Blog","article_publisher":"https:\/\/www.facebook.com\/globalong","article_published_time":"2019-12-02T14:27:13+00:00","article_modified_time":"2023-01-04T14:38:57+00:00","og_image":[{"width":1000,"height":666,"url":"https:\/\/www.vita-explorers.dk\/blog\/wp-content\/uploads\/2018\/08\/01-straw-wars.adapt_.1190.1-min.jpg","type":"image\/jpeg"}],"author":"VITA Tribe","twitter_card":"summary_large_image","twitter_misc":{"Skrevet af":"VITA Tribe","Estimeret l\u00e6setid":"3 minutter"},"schema":{"@context":"https:\/\/schema.org","@graph":[{"@type":"Article","@id":"https:\/\/www.vita-explorers.dk\/blog\/trussel-mod-verdens-stoerste-koralrev\/#article","isPartOf":{"@id":"https:\/\/www.vita-explorers.dk\/blog\/trussel-mod-verdens-stoerste-koralrev\/"},"author":{"name":"VITA Tribe","@id":"https:\/\/www.vita-explorers.dk\/blog\/#\/schema\/person\/fc0343a2f2db2ebb2793c1f62dbe73f0"},"headline":"Verdens st\u00f8rste koralrev er i fare!","datePublished":"2019-12-02T14:27:13+00:00","dateModified":"2023-01-04T14:38:57+00:00","mainEntityOfPage":{"@id":"https:\/\/www.vita-explorers.dk\/blog\/trussel-mod-verdens-stoerste-koralrev\/"},"wordCount":536,"commentCount":0,"publisher":{"@id":"https:\/\/www.vita-explorers.dk\/blog\/#organization"},"image":{"@id":"https:\/\/www.vita-explorers.dk\/blog\/trussel-mod-verdens-stoerste-koralrev\/#primaryimage"},"thumbnailUrl":"https:\/\/www.vita-explorers.dk\/blog\/wp-content\/uploads\/2018\/08\/01-straw-wars.adapt_.1190.1-min.jpg","keywords":["#voyagerautrement","Animaux","association","b\u00e9n\u00e9volat","Eco-volontariat","engagement","environnement","sensibilisation"],"articleSection":["Natur- og milj\u00f8frivilligt arbejde","Nyheder","Oceanien","Oceanien","Oplysning","VITA Explorers"],"inLanguage":"da-DK","potentialAction":[{"@type":"CommentAction","name":"Comment","target":["https:\/\/www.vita-explorers.dk\/blog\/trussel-mod-verdens-stoerste-koralrev\/#respond"]}]},{"@type":"WebPage","@id":"https:\/\/www.vita-explorers.dk\/blog\/trussel-mod-verdens-stoerste-koralrev\/","url":"https:\/\/www.vita-explorers.dk\/blog\/trussel-mod-verdens-stoerste-koralrev\/","name":"Verdens st\u00f8rste koralrev er i fare! - VITA Explorers Blog","isPartOf":{"@id":"https:\/\/www.vita-explorers.dk\/blog\/#website"},"primaryImageOfPage":{"@id":"https:\/\/www.vita-explorers.dk\/blog\/trussel-mod-verdens-stoerste-koralrev\/#primaryimage"},"image":{"@id":"https:\/\/www.vita-explorers.dk\/blog\/trussel-mod-verdens-stoerste-koralrev\/#primaryimage"},"thumbnailUrl":"https:\/\/www.vita-explorers.dk\/blog\/wp-content\/uploads\/2018\/08\/01-straw-wars.adapt_.1190.1-min.jpg","datePublished":"2019-12-02T14:27:13+00:00","dateModified":"2023-01-04T14:38:57+00:00","breadcrumb":{"@id":"https:\/\/www.vita-explorers.dk\/blog\/trussel-mod-verdens-stoerste-koralrev\/#breadcrumb"},"inLanguage":"da-DK","potentialAction":[{"@type":"ReadAction","target":["https:\/\/www.vita-explorers.dk\/blog\/trussel-mod-verdens-stoerste-koralrev\/"]}]},{"@type":"ImageObject","inLanguage":"da-DK","@id":"https:\/\/www.vita-explorers.dk\/blog\/trussel-mod-verdens-stoerste-koralrev\/#primaryimage","url":"https:\/\/www.vita-explorers.dk\/blog\/wp-content\/uploads\/2018\/08\/01-straw-wars.adapt_.1190.1-min.jpg","contentUrl":"https:\/\/www.vita-explorers.dk\/blog\/wp-content\/uploads\/2018\/08\/01-straw-wars.adapt_.1190.1-min.jpg","width":1000,"height":666,"caption":"Mission plastique dans les oc\u00e9ans"},{"@type":"BreadcrumbList","@id":"https:\/\/www.vita-explorers.dk\/blog\/trussel-mod-verdens-stoerste-koralrev\/#breadcrumb","itemListElement":[{"@type":"ListItem","position":1,"name":"Accueil","item":"https:\/\/www.vita-explorers.dk\/blog\/"},{"@type":"ListItem","position":2,"name":"Verdens st\u00f8rste koralrev er i fare!"}]},{"@type":"WebSite","@id":"https:\/\/www.vita-explorers.dk\/blog\/#website","url":"https:\/\/www.vita-explorers.dk\/blog\/","name":"Association Globalong","description":"Frivilligt arbejde, sprogophold, praktik i udlandet og internationale oplevelser","publisher":{"@id":"https:\/\/www.vita-explorers.dk\/blog\/#organization"},"potentialAction":[{"@type":"SearchAction","target":{"@type":"EntryPoint","urlTemplate":"https:\/\/www.vita-explorers.dk\/blog\/?s={search_term_string}"},"query-input":{"@type":"PropertyValueSpecification","valueRequired":true,"valueName":"search_term_string"}}],"inLanguage":"da-DK"},{"@type":"Organization","@id":"https:\/\/www.vita-explorers.dk\/blog\/#organization","name":"Association Globalong","url":"https:\/\/www.vita-explorers.dk\/blog\/","logo":{"@type":"ImageObject","inLanguage":"da-DK","@id":"https:\/\/www.vita-explorers.dk\/blog\/#\/schema\/logo\/image\/","url":"https:\/\/www.globalong.com\/blog\/wp-content\/uploads\/2014\/11\/cropped-cropped-Logo-et-Afrique-Globalong-petite-taille-2.jpg","contentUrl":"https:\/\/www.globalong.com\/blog\/wp-content\/uploads\/2014\/11\/cropped-cropped-Logo-et-Afrique-Globalong-petite-taille-2.jpg","width":512,"height":512,"caption":"Association Globalong"},"image":{"@id":"https:\/\/www.vita-explorers.dk\/blog\/#\/schema\/logo\/image\/"},"sameAs":["https:\/\/www.facebook.com\/globalong"]},{"@type":"Person","@id":"https:\/\/www.vita-explorers.dk\/blog\/#\/schema\/person\/fc0343a2f2db2ebb2793c1f62dbe73f0","name":"VITA Tribe","image":{"@type":"ImageObject","inLanguage":"da-DK","@id":"https:\/\/www.vita-explorers.dk\/blog\/#\/schema\/person\/image\/","url":"https:\/\/secure.gravatar.com\/avatar\/f7f05026bb439d0c96b30e135e5f852c?s=96&d=mm&r=g","contentUrl":"https:\/\/secure.gravatar.com\/avatar\/f7f05026bb439d0c96b30e135e5f852c?s=96&d=mm&r=g","caption":"VITA Tribe"},"sameAs":["http:\/\/www.globalong.com"],"url":"https:\/\/www.vita-explorers.dk\/blog\/author\/teamglobalong\/"}]}},"_links":{"self":[{"href":"https:\/\/www.vita-explorers.dk\/blog\/wp-json\/wp\/v2\/posts\/13100"}],"collection":[{"href":"https:\/\/www.vita-explorers.dk\/blog\/wp-json\/wp\/v2\/posts"}],"about":[{"href":"https:\/\/www.vita-explorers.dk\/blog\/wp-json\/wp\/v2\/types\/post"}],"author":[{"embeddable":true,"href":"https:\/\/www.vita-explorers.dk\/blog\/wp-json\/wp\/v2\/users\/7"}],"replies":[{"embeddable":true,"href":"https:\/\/www.vita-explorers.dk\/blog\/wp-json\/wp\/v2\/comments?post=13100"}],"version-history":[{"count":21,"href":"https:\/\/www.vita-explorers.dk\/blog\/wp-json\/wp\/v2\/posts\/13100\/revisions"}],"predecessor-version":[{"id":15005,"href":"https:\/\/www.vita-explorers.dk\/blog\/wp-json\/wp\/v2\/posts\/13100\/revisions\/15005"}],"wp:featuredmedia":[{"embeddable":true,"href":"https:\/\/www.vita-explorers.dk\/blog\/wp-json\/wp\/v2\/media\/10957"}],"wp:attachment":[{"href":"https:\/\/www.vita-explorers.dk\/blog\/wp-json\/wp\/v2\/media?parent=13100"}],"wp:term":[{"taxonomy":"category","embeddable":true,"href":"https:\/\/www.vita-explorers.dk\/blog\/wp-json\/wp\/v2\/categories?post=13100"},{"taxonomy":"post_tag","embeddable":true,"href":"https:\/\/www.vita-explorers.dk\/blog\/wp-json\/wp\/v2\/tags?post=13100"}],"curies":[{"name":"wp","href":"https:\/\/api.w.org\/{rel}","templated":true}]}}