{"id":13185,"date":"2020-01-07T12:01:36","date_gmt":"2020-01-07T11:01:36","guid":{"rendered":"https:\/\/www.globalong.com\/blog\/?p=13185"},"modified":"2023-01-04T15:37:54","modified_gmt":"2023-01-04T14:37:54","slug":"13185-2","status":"publish","type":"post","link":"https:\/\/www.vita-explorers.dk\/blog\/13185-2\/","title":{"rendered":"Fotojournalist \/ reportagefotograf \u2013 udviklingen i faget"},"content":{"rendered":"<div class=\"ti-widget ti-goog\" data-layout-id=\"4\" data-set-id=\"light-background\" data-pid=\"\" data-language=\"fr\" data-version=\"2\" data-review-target-width=\"300\" data-review-text-mode=\"readmore\" data-pager-autoplay-timeout=\"6\" > <div class=\"ti-widget-container ti-col-3\"> <div class=\"ti-reviews-container\"> <div class=\"ti-controls\"> <div class=\"ti-next\" aria-label=\"Avis suivante\" role=\"button\"><\/div> <div class=\"ti-prev\" aria-label=\"Avis pr\u00e9c\u00e9dent\" role=\"button\"><\/div> <\/div> <div class=\"ti-reviews-container-wrapper\">  <div data-empty=\"0\" class=\"ti-review-item source-Google ti-image-layout-thumbnail\" data-id=\"cfcd208495d565ef66e7dff9f98764da\" > <div class=\"ti-inner\"> <div class=\"ti-review-header\"> <div class=\"ti-profile-img\"> <img decoding=\"async\" src=\"https:\/\/lh3.googleusercontent.com\/a\/ACg8ocKpaoKe37CD0_POxO97KqB60GsWQRsIuG2vmCfXT-W_FY44vw=s120-c-rp-mo-br100\" srcset=\"https:\/\/lh3.googleusercontent.com\/a\/ACg8ocKpaoKe37CD0_POxO97KqB60GsWQRsIuG2vmCfXT-W_FY44vw=s120-c-rp-mo-br100 2x\" alt=\"Lucie Correia\" loading=\"lazy\" \/> <\/div> <div class=\"ti-profile-details\"> <div class=\"ti-name\"> Lucie Correia <\/div> <div class=\"ti-date\">2024-10-17<\/div> <\/div> <\/div> <span class=\"ti-stars\"><span class=\"ti-star f\"><\/span><span class=\"ti-star f\"><\/span><span class=\"ti-star f\"><\/span><span class=\"ti-star f\"><\/span><span class=\"ti-star f\"><\/span><\/span> <div class=\"ti-review-text-container ti-review-content\"><!-- R-CONTENT -->La communication avec Globalong est super, personnes tr\u00e8s pr\u00e9sentes pour les b\u00e9n\u00e9voles et \u00e9tudiants partant avec cette association. Elles r\u00e9pondent \u00e0 toutes nos questions et sont tr\u00e8s accessibles au t\u00e9l\u00e9phone.<!-- R-CONTENT --><\/div> <span class=\"ti-read-more\" data-container=\".ti-review-content\" data-collapse-text=\"Cacher\" data-open-text=\"Lire la suite\" ><\/span> <\/div> <\/div>  <div data-empty=\"0\" class=\"ti-review-item source-Google ti-image-layout-thumbnail\" data-id=\"cfcd208495d565ef66e7dff9f98764da\" > <div class=\"ti-inner\"> <div class=\"ti-review-header\"> <div class=\"ti-profile-img\"> <img decoding=\"async\" src=\"https:\/\/lh3.googleusercontent.com\/a-\/ALV-UjWqnnzM7-7c9BDqeTDF-a7pOgNjvLkJ3WshRd_Tn7z0Eu-AGQwo=s120-c-rp-mo-br100\" srcset=\"https:\/\/lh3.googleusercontent.com\/a-\/ALV-UjWqnnzM7-7c9BDqeTDF-a7pOgNjvLkJ3WshRd_Tn7z0Eu-AGQwo=s120-c-rp-mo-br100 2x\" alt=\"Ra\u00efssa Frisch\" loading=\"lazy\" \/> <\/div> <div class=\"ti-profile-details\"> <div class=\"ti-name\"> Ra\u00efssa Frisch <\/div> <div class=\"ti-date\">2024-10-14<\/div> <\/div> <\/div> <span class=\"ti-stars\"><span class=\"ti-star f\"><\/span><span class=\"ti-star f\"><\/span><span class=\"ti-star f\"><\/span><span class=\"ti-star f\"><\/span><span class=\"ti-star f\"><\/span><\/span> <div class=\"ti-review-text-container ti-review-content\"><!-- R-CONTENT -->J\u2019ai d\u00e9j\u00e0 eu l\u2019opportunit\u00e9 de r\u00e9aliser deux projets humanitaires avec l\u2019association Globalong. Je ne peux que la recommander, car j\u2019ai toujours b\u00e9n\u00e9fici\u00e9 d\u2019un excellent accompagnement, aussi bien avant que pendant le voyage. On ne vous laisse pas vous d\u00e9brouiller seuls, bien au contraire, vous \u00eates tr\u00e8s bien encadr\u00e9s pour accomplir toutes les d\u00e9marches dans les d\u00e9lais.\n\nAu-del\u00e0 du suivi, les exp\u00e9riences humanitaires propos\u00e9es par Globalong ne peuvent que transformer votre vie de mani\u00e8re positive. Elles vous apportent une richesse humaine inestimable.<!-- R-CONTENT --><\/div> <span class=\"ti-read-more\" data-container=\".ti-review-content\" data-collapse-text=\"Cacher\" data-open-text=\"Lire la suite\" ><\/span> <\/div> <\/div>  <div data-empty=\"0\" class=\"ti-review-item source-Google ti-image-layout-thumbnail\" data-id=\"cfcd208495d565ef66e7dff9f98764da\" > <div class=\"ti-inner\"> <div class=\"ti-review-header\"> <div class=\"ti-profile-img\"> <img decoding=\"async\" src=\"https:\/\/lh3.googleusercontent.com\/a\/ACg8ocJL-Dxv25YkXK2QwWPNRxTVqZCv5uTmDQDFg5qslKra3vRZew=s120-c-rp-mo-br100\" srcset=\"https:\/\/lh3.googleusercontent.com\/a\/ACg8ocJL-Dxv25YkXK2QwWPNRxTVqZCv5uTmDQDFg5qslKra3vRZew=s120-c-rp-mo-br100 2x\" alt=\"Tara Turan\" loading=\"lazy\" \/> <\/div> <div class=\"ti-profile-details\"> <div class=\"ti-name\"> Tara Turan <\/div> <div class=\"ti-date\">2024-10-14<\/div> <\/div> <\/div> <span class=\"ti-stars\"><span class=\"ti-star f\"><\/span><span class=\"ti-star f\"><\/span><span class=\"ti-star f\"><\/span><span class=\"ti-star f\"><\/span><span class=\"ti-star f\"><\/span><\/span> <div class=\"ti-review-text-container ti-review-content\"><!-- R-CONTENT -->Une des meilleures associations que j\u2019ai pu faire !\nUne organisation et un suivi vraiment parfait, c\u2019est avec grand plaisir que je referai un projet avec eux.<!-- R-CONTENT --><\/div> <span class=\"ti-read-more\" data-container=\".ti-review-content\" data-collapse-text=\"Cacher\" data-open-text=\"Lire la suite\" ><\/span> <\/div> <\/div>  <div data-empty=\"0\" class=\"ti-review-item source-Google ti-image-layout-thumbnail\" data-id=\"cfcd208495d565ef66e7dff9f98764da\" > <div class=\"ti-inner\"> <div class=\"ti-review-header\"> <div class=\"ti-profile-img\"> <img decoding=\"async\" src=\"https:\/\/lh3.googleusercontent.com\/a\/ACg8ocLctTPNovSk3eKM0b_MIPOfcFEQsz2135Cdu59_BWRVsIYC7Q=s120-c-rp-mo-br100\" srcset=\"https:\/\/lh3.googleusercontent.com\/a\/ACg8ocLctTPNovSk3eKM0b_MIPOfcFEQsz2135Cdu59_BWRVsIYC7Q=s120-c-rp-mo-br100 2x\" alt=\"Repiquet Julie\" loading=\"lazy\" \/> <\/div> <div class=\"ti-profile-details\"> <div class=\"ti-name\"> Repiquet Julie <\/div> <div class=\"ti-date\">2024-10-13<\/div> <\/div> <\/div> <span class=\"ti-stars\"><span class=\"ti-star f\"><\/span><span class=\"ti-star f\"><\/span><span class=\"ti-star f\"><\/span><span class=\"ti-star f\"><\/span><span class=\"ti-star f\"><\/span><\/span> <div class=\"ti-review-text-container ti-review-content\"><!-- R-CONTENT -->Tr\u00e8s bon accompagnement de la part de Globalong, du premier jour avec toutes mes interrogations, jusqu'au d\u00e9part dans quelques jours. Le dossier transmis apr\u00e8s validation de la mission est plus que complet, les webmaster tr\u00e8s int\u00e9ressantes et permettent de d\u00e9charger mentalement ce genre de pr\u00e9paration, tout est pr\u00e9vu il n'y a plus qu'\u00e0 suivre ! Merci \u00e0 Florence de r\u00e9pondre \u00e0 toutes mes questions avec gentillesse et bienveillance, cela m'a permis de passer le cap!\nMaintenant, il n'y a plus qu'\u00e0 \ud83d\ude00<!-- R-CONTENT --><\/div> <span class=\"ti-read-more\" data-container=\".ti-review-content\" data-collapse-text=\"Cacher\" data-open-text=\"Lire la suite\" ><\/span> <\/div> <\/div>  <div data-empty=\"0\" class=\"ti-review-item source-Google ti-image-layout-thumbnail\" data-id=\"cfcd208495d565ef66e7dff9f98764da\" > <div class=\"ti-inner\"> <div class=\"ti-review-header\"> <div class=\"ti-profile-img\"> <img decoding=\"async\" src=\"https:\/\/lh3.googleusercontent.com\/a\/ACg8ocJJTdmTWs8nAA0yuH_cKOUgzc6GFAkHBiXhpnnVYXaWMBZsHw=s120-c-rp-mo-br100\" srcset=\"https:\/\/lh3.googleusercontent.com\/a\/ACg8ocJJTdmTWs8nAA0yuH_cKOUgzc6GFAkHBiXhpnnVYXaWMBZsHw=s120-c-rp-mo-br100 2x\" alt=\"Marine Guilhamat\" loading=\"lazy\" \/> <\/div> <div class=\"ti-profile-details\"> <div class=\"ti-name\"> Marine Guilhamat <\/div> <div class=\"ti-date\">2024-10-09<\/div> <\/div> <\/div> <span class=\"ti-stars\"><span class=\"ti-star f\"><\/span><span class=\"ti-star f\"><\/span><span class=\"ti-star f\"><\/span><span class=\"ti-star f\"><\/span><span class=\"ti-star f\"><\/span><\/span> <div class=\"ti-review-text-container ti-review-content\"><!-- R-CONTENT -->Tr\u00e8s belle association qui offre un cadre super s\u00e9curisant et permet de s\u2019investir dans des projets qui ont du sens. Merci \u00e0 l\u2019\u00e9quipe Globalong pour votre disponibilit\u00e9, gentillesse et accompagnement !<!-- R-CONTENT --><\/div> <span class=\"ti-read-more\" data-container=\".ti-review-content\" data-collapse-text=\"Cacher\" data-open-text=\"Lire la suite\" ><\/span> <\/div> <\/div>  <div data-empty=\"0\" class=\"ti-review-item source-Google ti-image-layout-thumbnail\" data-id=\"cfcd208495d565ef66e7dff9f98764da\" > <div class=\"ti-inner\"> <div class=\"ti-review-header\"> <div class=\"ti-profile-img\"> <img decoding=\"async\" src=\"https:\/\/lh3.googleusercontent.com\/a\/ACg8ocIgITHXKo46qgJyPqlJeAcxz11gCKUJpGIk2qauiIe2O3iZ6w=s120-c-rp-mo-br100\" srcset=\"https:\/\/lh3.googleusercontent.com\/a\/ACg8ocIgITHXKo46qgJyPqlJeAcxz11gCKUJpGIk2qauiIe2O3iZ6w=s120-c-rp-mo-br100 2x\" alt=\"Laura Mercier\" loading=\"lazy\" \/> <\/div> <div class=\"ti-profile-details\"> <div class=\"ti-name\"> Laura Mercier <\/div> <div class=\"ti-date\">2024-10-08<\/div> <\/div> <\/div> <span class=\"ti-stars\"><span class=\"ti-star f\"><\/span><span class=\"ti-star f\"><\/span><span class=\"ti-star f\"><\/span><span class=\"ti-star f\"><\/span><span class=\"ti-star f\"><\/span><\/span> <div class=\"ti-review-text-container ti-review-content\"><!-- R-CONTENT -->Mon d\u00e9part approche, je pars dans une semaine, et depuis le d\u00e9but de mon inscription je suis tr\u00e8s satisfaite du suivi effectu\u00e9 par l\u2019association. Ils sont tr\u00e8s disponibles et r\u00e9pondent rapidement \u00e0 l\u2019ensemble des questions. Je suis tr\u00e8s contente de partir faire cette mission humanitaire encadr\u00e9e par cette association. Je recommande vraiment.<!-- R-CONTENT --><\/div> <span class=\"ti-read-more\" data-container=\".ti-review-content\" data-collapse-text=\"Cacher\" data-open-text=\"Lire la suite\" ><\/span> <\/div> <\/div>  <div data-empty=\"0\" class=\"ti-review-item source-Google ti-image-layout-thumbnail\" data-id=\"cfcd208495d565ef66e7dff9f98764da\" > <div class=\"ti-inner\"> <div class=\"ti-review-header\"> <div class=\"ti-profile-img\"> <img decoding=\"async\" src=\"https:\/\/lh3.googleusercontent.com\/a-\/ALV-UjVVr0YMQhXl8QNEEB32l-rnoaYwvRZUjIEX9OEwPE_1fQwzIyk=s120-c-rp-mo-br100\" srcset=\"https:\/\/lh3.googleusercontent.com\/a-\/ALV-UjVVr0YMQhXl8QNEEB32l-rnoaYwvRZUjIEX9OEwPE_1fQwzIyk=s120-c-rp-mo-br100 2x\" alt=\"Anouk Rzkt\" loading=\"lazy\" \/> <\/div> <div class=\"ti-profile-details\"> <div class=\"ti-name\"> Anouk Rzkt <\/div> <div class=\"ti-date\">2024-10-02<\/div> <\/div> <\/div> <span class=\"ti-stars\"><span class=\"ti-star f\"><\/span><span class=\"ti-star f\"><\/span><span class=\"ti-star f\"><\/span><span class=\"ti-star f\"><\/span><span class=\"ti-star f\"><\/span><\/span> <div class=\"ti-review-text-container ti-review-content\"><!-- R-CONTENT -->Globalong est l'association parfaite. L'\u00e9quipe offre un v\u00e9ritable accompagnement rythm\u00e9 par beaucoup de conseils et d'\u00e9coute. Le site est tr\u00e8s bien fait avec des dossiers complets allant des sujets tr\u00e8s pratiques a d'autres plus th\u00e9oriques (tels que le choc culturel par exemple). Je recommande vivement et remercie sinc\u00e8rement toute l'\u00e9quipe pour leur gentillesse et investissement !<!-- R-CONTENT --><\/div> <span class=\"ti-read-more\" data-container=\".ti-review-content\" data-collapse-text=\"Cacher\" data-open-text=\"Lire la suite\" ><\/span> <\/div> <\/div>  <\/div> <div class=\"ti-controls-line\"> <div class=\"dot\"><\/div> <\/div> <\/div> <div class=\"ti-footer\"> <div class=\"ti-rating-text\"> <span class=\"nowrap\">\u00c9valuation <strong>Google<\/strong> : <\/span><span class=\"nowrap\"><strong>4.8<\/strong> sur 5, <\/span><span class=\"nowrap\">Bas\u00e9e sur <strong>240 avis<\/strong><\/span> <\/div> <\/div>  <\/div> <\/div> \n<p style=\"text-align: justify;\"><a href=\"https:\/\/www.vita-explorers.dk\/blog\/wp-content\/uploads\/2019\/09\/camiile-clem-.png\"><img loading=\"lazy\" decoding=\"async\" class=\"wp-image-12901 aligncenter\" src=\"https:\/\/www.vita-explorers.dk\/blog\/wp-content\/uploads\/2019\/09\/camiile-clem--300x300.png\" alt=\"\" width=\"250\" height=\"250\" srcset=\"https:\/\/www.vita-explorers.dk\/blog\/wp-content\/uploads\/2019\/09\/camiile-clem--300x300.png 300w, https:\/\/www.vita-explorers.dk\/blog\/wp-content\/uploads\/2019\/09\/camiile-clem--150x150.png 150w, https:\/\/www.vita-explorers.dk\/blog\/wp-content\/uploads\/2019\/09\/camiile-clem-.png 443w\" sizes=\"(max-width: 250px) 100vw, 250px\" \/><\/a>Titlen <strong>journalist og videojournalist<\/strong> er relativt ny. Den rolle, der tidligere l\u00e5 t\u00e6ttest p\u00e5, var nyhedsfotograf\/kameraf\u00f8rer \u2013 og faget har udviklet sig i takt med den teknologiske udvikling i den audiovisuelle branche.<strong> En videojournalist<\/strong> er derfor ofte <strong>b\u00e5de fotograf og journalist<\/strong> i \u00e9n og samme funktion.<\/p>\n<p style=\"text-align: justify;\"><a href=\"https:\/\/www.studyrama.com\/formations\/fiches-metiers\/journalisme\/journaliste-reporter-d-images-1105\">Vedkommende<\/a> producerer <strong>aktuelle historier<\/strong> til magasiner eller audiovisuelle medier og formidler nyheder gennem kameraet. Den tekniske udvikling har betydet, at reportagehold gradvist er blevet mindre: lys, lyd og nogle gange ogs\u00e5 en separat skribent er ofte sk\u00e5ret fra. Moderne <strong>kameraops\u00e6tninger<\/strong> er i dag s\u00e5 avancerede, at \u00e9n person kan st\u00e5 for billede, lyd og i nogle tilf\u00e6lde interview. Det kr\u00e6ver en solid uddannelse og mangeartede kompetencer.<a href=\"https:\/\/www.vita-explorers.dk\/blog\/wp-content\/uploads\/2019\/03\/image6-min.jpeg\"><img loading=\"lazy\" decoding=\"async\" class=\"wp-image-12469 aligncenter\" src=\"https:\/\/www.vita-explorers.dk\/blog\/wp-content\/uploads\/2019\/03\/image6-min-225x300.jpeg\" alt=\"\" width=\"250\" height=\"333\" srcset=\"https:\/\/www.vita-explorers.dk\/blog\/wp-content\/uploads\/2019\/03\/image6-min-225x300.jpeg 225w, https:\/\/www.vita-explorers.dk\/blog\/wp-content\/uploads\/2019\/03\/image6-min-768x1024.jpeg 768w, https:\/\/www.vita-explorers.dk\/blog\/wp-content\/uploads\/2019\/03\/image6-min-113x150.jpeg 113w, https:\/\/www.vita-explorers.dk\/blog\/wp-content\/uploads\/2019\/03\/image6-min.jpeg 960w\" sizes=\"(max-width: 250px) 100vw, 250px\" \/><\/a><br \/>\nI Frankrig findes der fire <strong>videojournalist-uddannelser<\/strong>, som er anerkendt i branchen. De optager sm\u00e5 hold og er kendetegnet ved et t\u00e6t og struktureret studieforl\u00f8b.<\/p>\n<p style=\"text-align: justify;\"><strong><u>Fotojournalisten<\/u> <\/strong>har som opgave <strong>at informere gennem kameraets linse<\/strong><strong>.<\/strong> Vedkommende laver reportager om et sted, en person eller en begivenhed. Faget kr\u00e6ver en vis mobilitet af den kommende professionelle \u2013 <strong>i Frankrig<\/strong> <strong>s\u00e5vel som internationalt<\/strong> \u2013 for at kunne f\u00f8lge nyhedsbilledet: v\u00e6bnede konflikter, demonstrationer, internationale konferencer, tropiske landskaber osv. Fotojournalisten tilbringer derfor st\u00f8rstedelen af tiden i felten og skal v\u00e6re klar til at rykke ud, n\u00e5r historien sker.<\/p>\n<p style=\"text-align: justify;\"><strong><u>Fotojournalistens billeder<\/u><\/strong> bruges til at <strong>illustrere artikler<\/strong> og giver l\u00e6seren ekstra perspektiv. <strong>Et billede fanger opm\u00e6rksomheden<\/strong><\/p>\n<p><img loading=\"lazy\" decoding=\"async\" class=\"wp-image-11886 aligncenter\" src=\"https:\/\/www.vita-explorers.dk\/blog\/wp-content\/uploads\/2018\/11\/benin-cuiseur-300x225-min-300x225.jpg\" alt=\"\" width=\"250\" height=\"188\" srcset=\"https:\/\/www.vita-explorers.dk\/blog\/wp-content\/uploads\/2018\/11\/benin-cuiseur-300x225-min.jpg 300w, https:\/\/www.vita-explorers.dk\/blog\/wp-content\/uploads\/2018\/11\/benin-cuiseur-300x225-min-150x113.jpg 150w\" sizes=\"(max-width: 250px) 100vw, 250px\" \/><\/p>\n<p style=\"text-align: justify;\">og kan f\u00e5 en begivenhed eller en situation til at f\u00f8les n\u00e6rv\u00e6rende. Fotojournalisten er dermed <strong>journalist p\u00e5 lige fod med andre<\/strong>. Gennem sine billeder kan l\u00e6serne s\u00e6tte ansigt og stemning p\u00e5 ordene og opleve historien mere direkte<\/p>\n<p style=\"text-align: justify;\"><strong>Som journalist<\/strong> skal man interessere sig for verden omkring sig \u2013 b\u00e5de <strong>politisk, kulturelt og socialt\u2026<\/strong> Man skal kunne iagttage sin omverden, <strong>v\u00e6re det rigtige sted p\u00e5 det rigtige tidspunkt<\/strong><strong> <\/strong>og have den tekniske viden, der g\u00f8r, at fotografiet afspejler virkeligheden bedst muligt. <a href=\"https:\/\/www.vita-explorers.dk\/blog\/wp-content\/uploads\/2018\/06\/Marie-Anne-Sri-Lanka-min.jpg\"><img loading=\"lazy\" decoding=\"async\" class=\"wp-image-10300 aligncenter\" src=\"https:\/\/www.vita-explorers.dk\/blog\/wp-content\/uploads\/2018\/06\/Marie-Anne-Sri-Lanka-min-225x300.jpg\" alt=\"\" width=\"250\" height=\"333\" srcset=\"https:\/\/www.vita-explorers.dk\/blog\/wp-content\/uploads\/2018\/06\/Marie-Anne-Sri-Lanka-min.jpg 225w, https:\/\/www.vita-explorers.dk\/blog\/wp-content\/uploads\/2018\/06\/Marie-Anne-Sri-Lanka-min-113x150.jpg 113w\" sizes=\"(max-width: 250px) 100vw, 250px\" \/><\/a>Tekniske f\u00e6rdigheder, en unders\u00f8gende tilgang, hurtig reaktionsevne, beherskelse af flere fremmedsprog (herunder engelsk) samt evnen til at opbygge et st\u00e6rkt netv\u00e6rk \u2013 ogs\u00e5 internationalt \u2013 er blandt de kvalifikationer, der ofte kr\u00e6ves i jobbet.<\/p>\n<p style=\"text-align: justify;\"><strong>Vigtige menneskelige kvaliteter:<\/strong><\/p>\n<p style=\"text-align: justify;\"><strong>At v\u00e6re nysgerrig og engageret<\/strong><\/p>\n<p style=\"text-align: justify;\"><strong>Det er den grundl\u00e6ggende drivkraft<\/strong> i faget. Man kan ikke fort\u00e6lle om verden uden nysgerrighed og en \u00e6gte interesse for den. Nysgerrigheden hj\u00e6lper dig med at finde dine historier og lysten til at formidle det, du undrer dig over. Hvis du aldrig har haft lyst til at rejse, m\u00f8de andre kulturer eller forskellige f\u00e6llesskaber, er det sv\u00e6rt at trives i denne branche.<\/p>\n<p style=\"text-align: justify;\"><strong>At have sans for kontakt:<\/strong> Man kan godt arbejde i faget, selvom man er genert \u2013 men det er sj\u00e6ldent det letteste. <a href=\"https:\/\/www.vita-explorers.dk\/blog\/wp-content\/uploads\/2018\/05\/Domaine-sant\u00e9-Cusco-1-Globalong.png\"><img loading=\"lazy\" decoding=\"async\" class=\"wp-image-9875 aligncenter\" src=\"https:\/\/www.vita-explorers.dk\/blog\/wp-content\/uploads\/2018\/05\/Domaine-sant\u00e9-Cusco-1-Globalong.png\" alt=\"\" width=\"250\" height=\"167\" srcset=\"https:\/\/www.vita-explorers.dk\/blog\/wp-content\/uploads\/2018\/05\/Domaine-sant\u00e9-Cusco-1-Globalong.png 286w, https:\/\/www.vita-explorers.dk\/blog\/wp-content\/uploads\/2018\/05\/Domaine-sant\u00e9-Cusco-1-Globalong-150x100.png 150w\" sizes=\"(max-width: 250px) 100vw, 250px\" \/><\/a>Uanset om det er i felten eller i arbejdet med at finde opgaver, <strong>skal du forholde dig til andre mennesker.<\/strong> P\u00e5 location skal du kunne stille sp\u00f8rgsm\u00e5l, tage initiativ, forhandle adgang og opbygge tillid hos dem, du fotograferer. Dern\u00e6st skal du formidle og s\u00e6lge dit arbejde, f\u00e5 m\u00f8der i stand og vedligeholde dit professionelle netv\u00e6rk. Det kr\u00e6ver god social forst\u00e5else. Samtidig er der reportager, hvor man skal kunne bevare roen, turde st\u00e5 frem og vise sine kompetencer. Det er et menneskeligt kontaktfag.<a href=\"https:\/\/www.vita-explorers.dk\/blog\/wp-content\/uploads\/2018\/02\/Copie-de-Copie-de-Globalong-en-vide\u0301o-27.jpg\"><img loading=\"lazy\" decoding=\"async\" class=\"wp-image-9771 aligncenter\" src=\"https:\/\/www.vita-explorers.dk\/blog\/wp-content\/uploads\/2018\/02\/Copie-de-Copie-de-Globalong-en-vide\u0301o-27-300x225.jpg\" alt=\"\" width=\"250\" height=\"188\" srcset=\"https:\/\/www.vita-explorers.dk\/blog\/wp-content\/uploads\/2018\/02\/Copie-de-Copie-de-Globalong-en-vide\u0301o-27.jpg 300w, https:\/\/www.vita-explorers.dk\/blog\/wp-content\/uploads\/2018\/02\/Copie-de-Copie-de-Globalong-en-vide\u0301o-27-150x113.jpg 150w\" sizes=\"(max-width: 250px) 100vw, 250px\" \/><\/a><\/p>\n<p style=\"text-align: justify;\"><strong>At have empati:<\/strong> En <strong>fotojournalist<\/strong> skal kunne m\u00e6rke og forst\u00e5 det, der sker omkring sig. Det handler b\u00e5de om at komme t\u00e6t p\u00e5 sit motiv og om at kunne forst\u00e5 behovene hos en redaktion eller en kunde.<\/p>\n<p style=\"text-align: justify;\"><strong>At v\u00e6re vidende og interesseret i verden:<\/strong> <strong>Du b\u00f8r have en politisk og kulturel forst\u00e5else af den moderne verden.<\/strong> Det er et fag, der fort\u00e6ller historie, f\u00f8lger samfundets udvikling og dokumenterer virkeligheden. Uanset om reportagen handler om det n\u00e6re eller de store nyhedsbegivenheder, har du brug for viden til at <strong>afkode<\/strong> det, der foreg\u00e5r \u2013 og til at v\u00e6lge vinkel og retning for dit projekt. <a href=\"https:\/\/www.vita-explorers.dk\/blog\/wp-content\/uploads\/2018\/03\/Logo-Respect-Zone-Flat.png\"><img loading=\"lazy\" decoding=\"async\" class=\"wp-image-9225 aligncenter\" src=\"https:\/\/www.vita-explorers.dk\/blog\/wp-content\/uploads\/2018\/03\/Logo-Respect-Zone-Flat-300x300.png\" alt=\"\" width=\"250\" height=\"249\" srcset=\"https:\/\/www.vita-explorers.dk\/blog\/wp-content\/uploads\/2018\/03\/Logo-Respect-Zone-Flat-300x300.png 300w, https:\/\/www.vita-explorers.dk\/blog\/wp-content\/uploads\/2018\/03\/Logo-Respect-Zone-Flat-150x150.png 150w, https:\/\/www.vita-explorers.dk\/blog\/wp-content\/uploads\/2018\/03\/Logo-Respect-Zone-Flat.png 407w\" sizes=\"(max-width: 250px) 100vw, 250px\" \/><\/a><strong>At v\u00e6re journalist<\/strong> betyder derfor at f\u00f8lge med i nyhederne og holde sig orienteret. Det indeb\u00e6rer ogs\u00e5 interesse for historie, sociologi, kultur, \u00f8konomi \u2013 og endda psykologi. <strong>Kort sagt alt, der hj\u00e6lper dig med at forst\u00e5 verden og mennesker.<\/strong><\/p>\n<p style=\"text-align: justify;\"><strong>At kunne lide at dele:<\/strong> Man skal have lyst til at dele sine billeder og v\u00e6re drevet af \u00f8nsket om at informere. Du formidler dine oplevelser p\u00e5 din egen m\u00e5de. Du er ikke en \u201censom kunstner\u201d \u2013 du arbejder, s\u00e5 andre kan se og forst\u00e5. Du har et publikum.<\/p>\n<p style=\"text-align: justify;\"><strong>\u00d8nsker du at engagere dig i internationale forl\u00f8b inden for fotojournalistik:<\/strong><\/p>\n<p style=\"text-align: justify;\"><a href=\"https:\/\/www.vita-explorers.dk\/frivilligt-arbejde\/argentina-frivilligt-arbejde.html\">Argentina<\/a><\/p>\n<p style=\"text-align: justify;\"><u>\u00a0<a href=\"https:\/\/www.vita-explorers.dk\/crm\/index.php?controller=programmes&#038;action=panel_projet&#038;id_projet=423\">Praktik i journalistik<\/a><\/u><\/p>\n<p style=\"text-align: justify;\"><a href=\"https:\/\/www.vita-explorers.dk\/frivilligt-arbejde\/frivilligt-arbejde-i-nepal.html\">Nepal<\/a><\/p>\n<p style=\"text-align: justify;\"><u>\u00a0<\/u><a href=\"https:\/\/www.vita-explorers.dk\/crm\/index.php?controller=programmes&#038;action=panel_projet&#038;id_projet=478\">Praktik eller frivilligt arbejde i journalistik (foto, trykt presse, dokumentarskabelse)<\/a><\/p>\n<p>\u00a0<\/p>\n","protected":false},"excerpt":{"rendered":"<p>Titlen journalist og videojournalist er relativt ny. Den rolle, der tidligere l\u00e5 t\u00e6ttest p\u00e5, var nyhedsfotograf\/kameraf\u00f8rer \u2013 og faget har udviklet sig i takt\u2026<\/p>\n","protected":false},"author":7,"featured_media":9591,"comment_status":"open","ping_status":"open","sticky":false,"template":"","format":"standard","meta":{"footnotes":""},"categories":[1],"tags":[],"yoast_head":"<!-- This site is optimized with the Yoast SEO Premium plugin v23.4 (Yoast SEO v23.4) - https:\/\/yoast.com\/wordpress\/plugins\/seo\/ -->\n<title>Fotojournalist \/ reportagefotograf \u2013 udviklingen i faget - VITA Explorers Blog<\/title>\n<meta name=\"robots\" content=\"index, follow, max-snippet:-1, max-image-preview:large, max-video-preview:-1\" \/>\n<link rel=\"canonical\" href=\"https:\/\/www.vita-explorers.dk\/blog\/13185-2\/\" \/>\n<meta property=\"og:locale\" content=\"da_DK\" \/>\n<meta property=\"og:type\" content=\"article\" \/>\n<meta property=\"og:title\" content=\"Fotojournalist \/ reportagefotograf \u2013 udviklingen i faget\" \/>\n<meta property=\"og:description\" content=\"Titlen journalist og videojournalist er relativt ny. Den rolle, der tidligere l\u00e5 t\u00e6ttest p\u00e5, var nyhedsfotograf\/kameraf\u00f8rer \u2013 og faget har udviklet sig i takt\u2026\" \/>\n<meta property=\"og:url\" content=\"https:\/\/www.vita-explorers.dk\/blog\/13185-2\/\" \/>\n<meta property=\"og:site_name\" content=\"VITA Explorers Blog\" \/>\n<meta property=\"article:publisher\" content=\"https:\/\/www.facebook.com\/globalong\" \/>\n<meta property=\"article:published_time\" content=\"2020-01-07T11:01:36+00:00\" \/>\n<meta property=\"article:modified_time\" content=\"2023-01-04T14:37:54+00:00\" \/>\n<meta property=\"og:image\" content=\"https:\/\/www.vita-explorers.dk\/blog\/wp-content\/uploads\/2016\/06\/Copie-de-Copie-de-Globalong-en-vide\u0301o-1.jpg\" \/>\n\t<meta property=\"og:image:width\" content=\"300\" \/>\n\t<meta property=\"og:image:height\" content=\"225\" \/>\n\t<meta property=\"og:image:type\" content=\"image\/jpeg\" \/>\n<meta name=\"author\" content=\"VITA Tribe\" \/>\n<meta name=\"twitter:card\" content=\"summary_large_image\" \/>\n<meta name=\"twitter:label1\" content=\"Skrevet af\" \/>\n\t<meta name=\"twitter:data1\" content=\"VITA Tribe\" \/>\n\t<meta name=\"twitter:label2\" content=\"Estimeret l\u00e6setid\" \/>\n\t<meta name=\"twitter:data2\" content=\"4 minutter\" \/>\n<script type=\"application\/ld+json\" class=\"yoast-schema-graph\">{\"@context\":\"https:\/\/schema.org\",\"@graph\":[{\"@type\":\"Article\",\"@id\":\"https:\/\/www.vita-explorers.dk\/blog\/13185-2\/#article\",\"isPartOf\":{\"@id\":\"https:\/\/www.vita-explorers.dk\/blog\/13185-2\/\"},\"author\":{\"name\":\"VITA Tribe\",\"@id\":\"https:\/\/www.vita-explorers.dk\/blog\/#\/schema\/person\/fc0343a2f2db2ebb2793c1f62dbe73f0\"},\"headline\":\"Fotojournalist \/ reportagefotograf \u2013 udviklingen i faget\",\"datePublished\":\"2020-01-07T11:01:36+00:00\",\"dateModified\":\"2023-01-04T14:37:54+00:00\",\"mainEntityOfPage\":{\"@id\":\"https:\/\/www.vita-explorers.dk\/blog\/13185-2\/\"},\"wordCount\":788,\"commentCount\":0,\"publisher\":{\"@id\":\"https:\/\/www.vita-explorers.dk\/blog\/#organization\"},\"image\":{\"@id\":\"https:\/\/www.vita-explorers.dk\/blog\/13185-2\/#primaryimage\"},\"thumbnailUrl\":\"https:\/\/www.vita-explorers.dk\/blog\/wp-content\/uploads\/2016\/06\/Copie-de-Copie-de-Globalong-en-vide\u0301o-1.jpg\",\"articleSection\":[\"No Name\"],\"inLanguage\":\"da-DK\",\"potentialAction\":[{\"@type\":\"CommentAction\",\"name\":\"Comment\",\"target\":[\"https:\/\/www.vita-explorers.dk\/blog\/13185-2\/#respond\"]}]},{\"@type\":\"WebPage\",\"@id\":\"https:\/\/www.vita-explorers.dk\/blog\/13185-2\/\",\"url\":\"https:\/\/www.vita-explorers.dk\/blog\/13185-2\/\",\"name\":\"Fotojournalist \/ reportagefotograf \u2013 udviklingen i faget - VITA Explorers Blog\",\"isPartOf\":{\"@id\":\"https:\/\/www.vita-explorers.dk\/blog\/#website\"},\"primaryImageOfPage\":{\"@id\":\"https:\/\/www.vita-explorers.dk\/blog\/13185-2\/#primaryimage\"},\"image\":{\"@id\":\"https:\/\/www.vita-explorers.dk\/blog\/13185-2\/#primaryimage\"},\"thumbnailUrl\":\"https:\/\/www.vita-explorers.dk\/blog\/wp-content\/uploads\/2016\/06\/Copie-de-Copie-de-Globalong-en-vide\u0301o-1.jpg\",\"datePublished\":\"2020-01-07T11:01:36+00:00\",\"dateModified\":\"2023-01-04T14:37:54+00:00\",\"breadcrumb\":{\"@id\":\"https:\/\/www.vita-explorers.dk\/blog\/13185-2\/#breadcrumb\"},\"inLanguage\":\"da-DK\",\"potentialAction\":[{\"@type\":\"ReadAction\",\"target\":[\"https:\/\/www.vita-explorers.dk\/blog\/13185-2\/\"]}]},{\"@type\":\"ImageObject\",\"inLanguage\":\"da-DK\",\"@id\":\"https:\/\/www.vita-explorers.dk\/blog\/13185-2\/#primaryimage\",\"url\":\"https:\/\/www.vita-explorers.dk\/blog\/wp-content\/uploads\/2016\/06\/Copie-de-Copie-de-Globalong-en-vide\u0301o-1.jpg\",\"contentUrl\":\"https:\/\/www.vita-explorers.dk\/blog\/wp-content\/uploads\/2016\/06\/Copie-de-Copie-de-Globalong-en-vide\u0301o-1.jpg\",\"width\":300,\"height\":225},{\"@type\":\"BreadcrumbList\",\"@id\":\"https:\/\/www.vita-explorers.dk\/blog\/13185-2\/#breadcrumb\",\"itemListElement\":[{\"@type\":\"ListItem\",\"position\":1,\"name\":\"Accueil\",\"item\":\"https:\/\/www.vita-explorers.dk\/blog\/\"},{\"@type\":\"ListItem\",\"position\":2,\"name\":\"Fotojournalist \/ reportagefotograf \u2013 udviklingen i faget\"}]},{\"@type\":\"WebSite\",\"@id\":\"https:\/\/www.vita-explorers.dk\/blog\/#website\",\"url\":\"https:\/\/www.vita-explorers.dk\/blog\/\",\"name\":\"Association Globalong\",\"description\":\"Frivilligt arbejde, sprogophold, praktik i udlandet og internationale oplevelser\",\"publisher\":{\"@id\":\"https:\/\/www.vita-explorers.dk\/blog\/#organization\"},\"potentialAction\":[{\"@type\":\"SearchAction\",\"target\":{\"@type\":\"EntryPoint\",\"urlTemplate\":\"https:\/\/www.vita-explorers.dk\/blog\/?s={search_term_string}\"},\"query-input\":{\"@type\":\"PropertyValueSpecification\",\"valueRequired\":true,\"valueName\":\"search_term_string\"}}],\"inLanguage\":\"da-DK\"},{\"@type\":\"Organization\",\"@id\":\"https:\/\/www.vita-explorers.dk\/blog\/#organization\",\"name\":\"Association Globalong\",\"url\":\"https:\/\/www.vita-explorers.dk\/blog\/\",\"logo\":{\"@type\":\"ImageObject\",\"inLanguage\":\"da-DK\",\"@id\":\"https:\/\/www.vita-explorers.dk\/blog\/#\/schema\/logo\/image\/\",\"url\":\"https:\/\/www.globalong.com\/blog\/wp-content\/uploads\/2014\/11\/cropped-cropped-Logo-et-Afrique-Globalong-petite-taille-2.jpg\",\"contentUrl\":\"https:\/\/www.globalong.com\/blog\/wp-content\/uploads\/2014\/11\/cropped-cropped-Logo-et-Afrique-Globalong-petite-taille-2.jpg\",\"width\":512,\"height\":512,\"caption\":\"Association Globalong\"},\"image\":{\"@id\":\"https:\/\/www.vita-explorers.dk\/blog\/#\/schema\/logo\/image\/\"},\"sameAs\":[\"https:\/\/www.facebook.com\/globalong\"]},{\"@type\":\"Person\",\"@id\":\"https:\/\/www.vita-explorers.dk\/blog\/#\/schema\/person\/fc0343a2f2db2ebb2793c1f62dbe73f0\",\"name\":\"VITA Tribe\",\"image\":{\"@type\":\"ImageObject\",\"inLanguage\":\"da-DK\",\"@id\":\"https:\/\/www.vita-explorers.dk\/blog\/#\/schema\/person\/image\/\",\"url\":\"https:\/\/secure.gravatar.com\/avatar\/f7f05026bb439d0c96b30e135e5f852c?s=96&d=mm&r=g\",\"contentUrl\":\"https:\/\/secure.gravatar.com\/avatar\/f7f05026bb439d0c96b30e135e5f852c?s=96&d=mm&r=g\",\"caption\":\"VITA Tribe\"},\"sameAs\":[\"http:\/\/www.globalong.com\"],\"url\":\"https:\/\/www.vita-explorers.dk\/blog\/author\/teamglobalong\/\"}]}<\/script>\n<!-- \/ Yoast SEO Premium plugin. -->","yoast_head_json":{"title":"Fotojournalist \/ reportagefotograf \u2013 udviklingen i faget - VITA Explorers Blog","robots":{"index":"index","follow":"follow","max-snippet":"max-snippet:-1","max-image-preview":"max-image-preview:large","max-video-preview":"max-video-preview:-1"},"canonical":"https:\/\/www.vita-explorers.dk\/blog\/13185-2\/","og_locale":"da_DK","og_type":"article","og_title":"Fotojournalist \/ reportagefotograf \u2013 udviklingen i faget","og_description":"Titlen journalist og videojournalist er relativt ny. Den rolle, der tidligere l\u00e5 t\u00e6ttest p\u00e5, var nyhedsfotograf\/kameraf\u00f8rer \u2013 og faget har udviklet sig i takt\u2026","og_url":"https:\/\/www.vita-explorers.dk\/blog\/13185-2\/","og_site_name":"VITA Explorers Blog","article_publisher":"https:\/\/www.facebook.com\/globalong","article_published_time":"2020-01-07T11:01:36+00:00","article_modified_time":"2023-01-04T14:37:54+00:00","og_image":[{"width":300,"height":225,"url":"https:\/\/www.vita-explorers.dk\/blog\/wp-content\/uploads\/2016\/06\/Copie-de-Copie-de-Globalong-en-vide\u0301o-1.jpg","type":"image\/jpeg"}],"author":"VITA Tribe","twitter_card":"summary_large_image","twitter_misc":{"Skrevet af":"VITA Tribe","Estimeret l\u00e6setid":"4 minutter"},"schema":{"@context":"https:\/\/schema.org","@graph":[{"@type":"Article","@id":"https:\/\/www.vita-explorers.dk\/blog\/13185-2\/#article","isPartOf":{"@id":"https:\/\/www.vita-explorers.dk\/blog\/13185-2\/"},"author":{"name":"VITA Tribe","@id":"https:\/\/www.vita-explorers.dk\/blog\/#\/schema\/person\/fc0343a2f2db2ebb2793c1f62dbe73f0"},"headline":"Fotojournalist \/ reportagefotograf \u2013 udviklingen i faget","datePublished":"2020-01-07T11:01:36+00:00","dateModified":"2023-01-04T14:37:54+00:00","mainEntityOfPage":{"@id":"https:\/\/www.vita-explorers.dk\/blog\/13185-2\/"},"wordCount":788,"commentCount":0,"publisher":{"@id":"https:\/\/www.vita-explorers.dk\/blog\/#organization"},"image":{"@id":"https:\/\/www.vita-explorers.dk\/blog\/13185-2\/#primaryimage"},"thumbnailUrl":"https:\/\/www.vita-explorers.dk\/blog\/wp-content\/uploads\/2016\/06\/Copie-de-Copie-de-Globalong-en-vide\u0301o-1.jpg","articleSection":["No Name"],"inLanguage":"da-DK","potentialAction":[{"@type":"CommentAction","name":"Comment","target":["https:\/\/www.vita-explorers.dk\/blog\/13185-2\/#respond"]}]},{"@type":"WebPage","@id":"https:\/\/www.vita-explorers.dk\/blog\/13185-2\/","url":"https:\/\/www.vita-explorers.dk\/blog\/13185-2\/","name":"Fotojournalist \/ reportagefotograf \u2013 udviklingen i faget - VITA Explorers Blog","isPartOf":{"@id":"https:\/\/www.vita-explorers.dk\/blog\/#website"},"primaryImageOfPage":{"@id":"https:\/\/www.vita-explorers.dk\/blog\/13185-2\/#primaryimage"},"image":{"@id":"https:\/\/www.vita-explorers.dk\/blog\/13185-2\/#primaryimage"},"thumbnailUrl":"https:\/\/www.vita-explorers.dk\/blog\/wp-content\/uploads\/2016\/06\/Copie-de-Copie-de-Globalong-en-vide\u0301o-1.jpg","datePublished":"2020-01-07T11:01:36+00:00","dateModified":"2023-01-04T14:37:54+00:00","breadcrumb":{"@id":"https:\/\/www.vita-explorers.dk\/blog\/13185-2\/#breadcrumb"},"inLanguage":"da-DK","potentialAction":[{"@type":"ReadAction","target":["https:\/\/www.vita-explorers.dk\/blog\/13185-2\/"]}]},{"@type":"ImageObject","inLanguage":"da-DK","@id":"https:\/\/www.vita-explorers.dk\/blog\/13185-2\/#primaryimage","url":"https:\/\/www.vita-explorers.dk\/blog\/wp-content\/uploads\/2016\/06\/Copie-de-Copie-de-Globalong-en-vide\u0301o-1.jpg","contentUrl":"https:\/\/www.vita-explorers.dk\/blog\/wp-content\/uploads\/2016\/06\/Copie-de-Copie-de-Globalong-en-vide\u0301o-1.jpg","width":300,"height":225},{"@type":"BreadcrumbList","@id":"https:\/\/www.vita-explorers.dk\/blog\/13185-2\/#breadcrumb","itemListElement":[{"@type":"ListItem","position":1,"name":"Accueil","item":"https:\/\/www.vita-explorers.dk\/blog\/"},{"@type":"ListItem","position":2,"name":"Fotojournalist \/ reportagefotograf \u2013 udviklingen i faget"}]},{"@type":"WebSite","@id":"https:\/\/www.vita-explorers.dk\/blog\/#website","url":"https:\/\/www.vita-explorers.dk\/blog\/","name":"Association Globalong","description":"Frivilligt arbejde, sprogophold, praktik i udlandet og internationale oplevelser","publisher":{"@id":"https:\/\/www.vita-explorers.dk\/blog\/#organization"},"potentialAction":[{"@type":"SearchAction","target":{"@type":"EntryPoint","urlTemplate":"https:\/\/www.vita-explorers.dk\/blog\/?s={search_term_string}"},"query-input":{"@type":"PropertyValueSpecification","valueRequired":true,"valueName":"search_term_string"}}],"inLanguage":"da-DK"},{"@type":"Organization","@id":"https:\/\/www.vita-explorers.dk\/blog\/#organization","name":"Association Globalong","url":"https:\/\/www.vita-explorers.dk\/blog\/","logo":{"@type":"ImageObject","inLanguage":"da-DK","@id":"https:\/\/www.vita-explorers.dk\/blog\/#\/schema\/logo\/image\/","url":"https:\/\/www.globalong.com\/blog\/wp-content\/uploads\/2014\/11\/cropped-cropped-Logo-et-Afrique-Globalong-petite-taille-2.jpg","contentUrl":"https:\/\/www.globalong.com\/blog\/wp-content\/uploads\/2014\/11\/cropped-cropped-Logo-et-Afrique-Globalong-petite-taille-2.jpg","width":512,"height":512,"caption":"Association Globalong"},"image":{"@id":"https:\/\/www.vita-explorers.dk\/blog\/#\/schema\/logo\/image\/"},"sameAs":["https:\/\/www.facebook.com\/globalong"]},{"@type":"Person","@id":"https:\/\/www.vita-explorers.dk\/blog\/#\/schema\/person\/fc0343a2f2db2ebb2793c1f62dbe73f0","name":"VITA Tribe","image":{"@type":"ImageObject","inLanguage":"da-DK","@id":"https:\/\/www.vita-explorers.dk\/blog\/#\/schema\/person\/image\/","url":"https:\/\/secure.gravatar.com\/avatar\/f7f05026bb439d0c96b30e135e5f852c?s=96&d=mm&r=g","contentUrl":"https:\/\/secure.gravatar.com\/avatar\/f7f05026bb439d0c96b30e135e5f852c?s=96&d=mm&r=g","caption":"VITA Tribe"},"sameAs":["http:\/\/www.globalong.com"],"url":"https:\/\/www.vita-explorers.dk\/blog\/author\/teamglobalong\/"}]}},"_links":{"self":[{"href":"https:\/\/www.vita-explorers.dk\/blog\/wp-json\/wp\/v2\/posts\/13185"}],"collection":[{"href":"https:\/\/www.vita-explorers.dk\/blog\/wp-json\/wp\/v2\/posts"}],"about":[{"href":"https:\/\/www.vita-explorers.dk\/blog\/wp-json\/wp\/v2\/types\/post"}],"author":[{"embeddable":true,"href":"https:\/\/www.vita-explorers.dk\/blog\/wp-json\/wp\/v2\/users\/7"}],"replies":[{"embeddable":true,"href":"https:\/\/www.vita-explorers.dk\/blog\/wp-json\/wp\/v2\/comments?post=13185"}],"version-history":[{"count":18,"href":"https:\/\/www.vita-explorers.dk\/blog\/wp-json\/wp\/v2\/posts\/13185\/revisions"}],"predecessor-version":[{"id":15003,"href":"https:\/\/www.vita-explorers.dk\/blog\/wp-json\/wp\/v2\/posts\/13185\/revisions\/15003"}],"wp:featuredmedia":[{"embeddable":true,"href":"https:\/\/www.vita-explorers.dk\/blog\/wp-json\/wp\/v2\/media\/9591"}],"wp:attachment":[{"href":"https:\/\/www.vita-explorers.dk\/blog\/wp-json\/wp\/v2\/media?parent=13185"}],"wp:term":[{"taxonomy":"category","embeddable":true,"href":"https:\/\/www.vita-explorers.dk\/blog\/wp-json\/wp\/v2\/categories?post=13185"},{"taxonomy":"post_tag","embeddable":true,"href":"https:\/\/www.vita-explorers.dk\/blog\/wp-json\/wp\/v2\/tags?post=13185"}],"curies":[{"name":"wp","href":"https:\/\/api.w.org\/{rel}","templated":true}]}}