{"id":13491,"date":"2020-05-11T14:20:56","date_gmt":"2020-05-11T12:20:56","guid":{"rendered":"https:\/\/www.globalong.com\/blog\/?p=13491"},"modified":"2023-01-04T15:29:07","modified_gmt":"2023-01-04T14:29:07","slug":"biodiversitet-frivilligt-arbejde-praktik-oekologi-bier-irland-colombia-frivilligt-engagement-ansvarligt-ophold-landbrug-biavl-2","status":"publish","type":"post","link":"https:\/\/www.vita-explorers.dk\/blog\/biodiversitet-frivilligt-arbejde-praktik-oekologi-bier-irland-colombia-frivilligt-engagement-ansvarligt-ophold-landbrug-biavl-2\/","title":{"rendered":"Beskyttelse af bier og biodiversitet"},"content":{"rendered":"<div class=\"ti-widget ti-goog\" data-layout-id=\"4\" data-set-id=\"light-background\" data-pid=\"\" data-language=\"fr\" data-version=\"2\" data-review-target-width=\"300\" data-review-text-mode=\"readmore\" data-pager-autoplay-timeout=\"6\" > <div class=\"ti-widget-container ti-col-3\"> <div class=\"ti-reviews-container\"> <div class=\"ti-controls\"> <div class=\"ti-next\" aria-label=\"Avis suivante\" role=\"button\"><\/div> <div class=\"ti-prev\" aria-label=\"Avis pr\u00e9c\u00e9dent\" role=\"button\"><\/div> <\/div> <div class=\"ti-reviews-container-wrapper\">  <div data-empty=\"0\" class=\"ti-review-item source-Google ti-image-layout-thumbnail\" data-id=\"cfcd208495d565ef66e7dff9f98764da\" > <div class=\"ti-inner\"> <div class=\"ti-review-header\"> <div class=\"ti-profile-img\"> <img decoding=\"async\" src=\"https:\/\/lh3.googleusercontent.com\/a\/ACg8ocKpaoKe37CD0_POxO97KqB60GsWQRsIuG2vmCfXT-W_FY44vw=s120-c-rp-mo-br100\" srcset=\"https:\/\/lh3.googleusercontent.com\/a\/ACg8ocKpaoKe37CD0_POxO97KqB60GsWQRsIuG2vmCfXT-W_FY44vw=s120-c-rp-mo-br100 2x\" alt=\"Lucie Correia\" loading=\"lazy\" \/> <\/div> <div class=\"ti-profile-details\"> <div class=\"ti-name\"> Lucie Correia <\/div> <div class=\"ti-date\">2024-10-17<\/div> <\/div> <\/div> <span class=\"ti-stars\"><span class=\"ti-star f\"><\/span><span class=\"ti-star f\"><\/span><span class=\"ti-star f\"><\/span><span class=\"ti-star f\"><\/span><span class=\"ti-star f\"><\/span><\/span> <div class=\"ti-review-text-container ti-review-content\"><!-- R-CONTENT -->La communication avec Globalong est super, personnes tr\u00e8s pr\u00e9sentes pour les b\u00e9n\u00e9voles et \u00e9tudiants partant avec cette association. Elles r\u00e9pondent \u00e0 toutes nos questions et sont tr\u00e8s accessibles au t\u00e9l\u00e9phone.<!-- R-CONTENT --><\/div> <span class=\"ti-read-more\" data-container=\".ti-review-content\" data-collapse-text=\"Cacher\" data-open-text=\"Lire la suite\" ><\/span> <\/div> <\/div>  <div data-empty=\"0\" class=\"ti-review-item source-Google ti-image-layout-thumbnail\" data-id=\"cfcd208495d565ef66e7dff9f98764da\" > <div class=\"ti-inner\"> <div class=\"ti-review-header\"> <div class=\"ti-profile-img\"> <img decoding=\"async\" src=\"https:\/\/lh3.googleusercontent.com\/a-\/ALV-UjWqnnzM7-7c9BDqeTDF-a7pOgNjvLkJ3WshRd_Tn7z0Eu-AGQwo=s120-c-rp-mo-br100\" srcset=\"https:\/\/lh3.googleusercontent.com\/a-\/ALV-UjWqnnzM7-7c9BDqeTDF-a7pOgNjvLkJ3WshRd_Tn7z0Eu-AGQwo=s120-c-rp-mo-br100 2x\" alt=\"Ra\u00efssa Frisch\" loading=\"lazy\" \/> <\/div> <div class=\"ti-profile-details\"> <div class=\"ti-name\"> Ra\u00efssa Frisch <\/div> <div class=\"ti-date\">2024-10-14<\/div> <\/div> <\/div> <span class=\"ti-stars\"><span class=\"ti-star f\"><\/span><span class=\"ti-star f\"><\/span><span class=\"ti-star f\"><\/span><span class=\"ti-star f\"><\/span><span class=\"ti-star f\"><\/span><\/span> <div class=\"ti-review-text-container ti-review-content\"><!-- R-CONTENT -->J\u2019ai d\u00e9j\u00e0 eu l\u2019opportunit\u00e9 de r\u00e9aliser deux projets humanitaires avec l\u2019association Globalong. Je ne peux que la recommander, car j\u2019ai toujours b\u00e9n\u00e9fici\u00e9 d\u2019un excellent accompagnement, aussi bien avant que pendant le voyage. On ne vous laisse pas vous d\u00e9brouiller seuls, bien au contraire, vous \u00eates tr\u00e8s bien encadr\u00e9s pour accomplir toutes les d\u00e9marches dans les d\u00e9lais.\n\nAu-del\u00e0 du suivi, les exp\u00e9riences humanitaires propos\u00e9es par Globalong ne peuvent que transformer votre vie de mani\u00e8re positive. Elles vous apportent une richesse humaine inestimable.<!-- R-CONTENT --><\/div> <span class=\"ti-read-more\" data-container=\".ti-review-content\" data-collapse-text=\"Cacher\" data-open-text=\"Lire la suite\" ><\/span> <\/div> <\/div>  <div data-empty=\"0\" class=\"ti-review-item source-Google ti-image-layout-thumbnail\" data-id=\"cfcd208495d565ef66e7dff9f98764da\" > <div class=\"ti-inner\"> <div class=\"ti-review-header\"> <div class=\"ti-profile-img\"> <img decoding=\"async\" src=\"https:\/\/lh3.googleusercontent.com\/a\/ACg8ocJL-Dxv25YkXK2QwWPNRxTVqZCv5uTmDQDFg5qslKra3vRZew=s120-c-rp-mo-br100\" srcset=\"https:\/\/lh3.googleusercontent.com\/a\/ACg8ocJL-Dxv25YkXK2QwWPNRxTVqZCv5uTmDQDFg5qslKra3vRZew=s120-c-rp-mo-br100 2x\" alt=\"Tara Turan\" loading=\"lazy\" \/> <\/div> <div class=\"ti-profile-details\"> <div class=\"ti-name\"> Tara Turan <\/div> <div class=\"ti-date\">2024-10-14<\/div> <\/div> <\/div> <span class=\"ti-stars\"><span class=\"ti-star f\"><\/span><span class=\"ti-star f\"><\/span><span class=\"ti-star f\"><\/span><span class=\"ti-star f\"><\/span><span class=\"ti-star f\"><\/span><\/span> <div class=\"ti-review-text-container ti-review-content\"><!-- R-CONTENT -->Une des meilleures associations que j\u2019ai pu faire !\nUne organisation et un suivi vraiment parfait, c\u2019est avec grand plaisir que je referai un projet avec eux.<!-- R-CONTENT --><\/div> <span class=\"ti-read-more\" data-container=\".ti-review-content\" data-collapse-text=\"Cacher\" data-open-text=\"Lire la suite\" ><\/span> <\/div> <\/div>  <div data-empty=\"0\" class=\"ti-review-item source-Google ti-image-layout-thumbnail\" data-id=\"cfcd208495d565ef66e7dff9f98764da\" > <div class=\"ti-inner\"> <div class=\"ti-review-header\"> <div class=\"ti-profile-img\"> <img decoding=\"async\" src=\"https:\/\/lh3.googleusercontent.com\/a\/ACg8ocLctTPNovSk3eKM0b_MIPOfcFEQsz2135Cdu59_BWRVsIYC7Q=s120-c-rp-mo-br100\" srcset=\"https:\/\/lh3.googleusercontent.com\/a\/ACg8ocLctTPNovSk3eKM0b_MIPOfcFEQsz2135Cdu59_BWRVsIYC7Q=s120-c-rp-mo-br100 2x\" alt=\"Repiquet Julie\" loading=\"lazy\" \/> <\/div> <div class=\"ti-profile-details\"> <div class=\"ti-name\"> Repiquet Julie <\/div> <div class=\"ti-date\">2024-10-13<\/div> <\/div> <\/div> <span class=\"ti-stars\"><span class=\"ti-star f\"><\/span><span class=\"ti-star f\"><\/span><span class=\"ti-star f\"><\/span><span class=\"ti-star f\"><\/span><span class=\"ti-star f\"><\/span><\/span> <div class=\"ti-review-text-container ti-review-content\"><!-- R-CONTENT -->Tr\u00e8s bon accompagnement de la part de Globalong, du premier jour avec toutes mes interrogations, jusqu'au d\u00e9part dans quelques jours. Le dossier transmis apr\u00e8s validation de la mission est plus que complet, les webmaster tr\u00e8s int\u00e9ressantes et permettent de d\u00e9charger mentalement ce genre de pr\u00e9paration, tout est pr\u00e9vu il n'y a plus qu'\u00e0 suivre ! Merci \u00e0 Florence de r\u00e9pondre \u00e0 toutes mes questions avec gentillesse et bienveillance, cela m'a permis de passer le cap!\nMaintenant, il n'y a plus qu'\u00e0 \ud83d\ude00<!-- R-CONTENT --><\/div> <span class=\"ti-read-more\" data-container=\".ti-review-content\" data-collapse-text=\"Cacher\" data-open-text=\"Lire la suite\" ><\/span> <\/div> <\/div>  <div data-empty=\"0\" class=\"ti-review-item source-Google ti-image-layout-thumbnail\" data-id=\"cfcd208495d565ef66e7dff9f98764da\" > <div class=\"ti-inner\"> <div class=\"ti-review-header\"> <div class=\"ti-profile-img\"> <img decoding=\"async\" src=\"https:\/\/lh3.googleusercontent.com\/a\/ACg8ocJJTdmTWs8nAA0yuH_cKOUgzc6GFAkHBiXhpnnVYXaWMBZsHw=s120-c-rp-mo-br100\" srcset=\"https:\/\/lh3.googleusercontent.com\/a\/ACg8ocJJTdmTWs8nAA0yuH_cKOUgzc6GFAkHBiXhpnnVYXaWMBZsHw=s120-c-rp-mo-br100 2x\" alt=\"Marine Guilhamat\" loading=\"lazy\" \/> <\/div> <div class=\"ti-profile-details\"> <div class=\"ti-name\"> Marine Guilhamat <\/div> <div class=\"ti-date\">2024-10-09<\/div> <\/div> <\/div> <span class=\"ti-stars\"><span class=\"ti-star f\"><\/span><span class=\"ti-star f\"><\/span><span class=\"ti-star f\"><\/span><span class=\"ti-star f\"><\/span><span class=\"ti-star f\"><\/span><\/span> <div class=\"ti-review-text-container ti-review-content\"><!-- R-CONTENT -->Tr\u00e8s belle association qui offre un cadre super s\u00e9curisant et permet de s\u2019investir dans des projets qui ont du sens. Merci \u00e0 l\u2019\u00e9quipe Globalong pour votre disponibilit\u00e9, gentillesse et accompagnement !<!-- R-CONTENT --><\/div> <span class=\"ti-read-more\" data-container=\".ti-review-content\" data-collapse-text=\"Cacher\" data-open-text=\"Lire la suite\" ><\/span> <\/div> <\/div>  <div data-empty=\"0\" class=\"ti-review-item source-Google ti-image-layout-thumbnail\" data-id=\"cfcd208495d565ef66e7dff9f98764da\" > <div class=\"ti-inner\"> <div class=\"ti-review-header\"> <div class=\"ti-profile-img\"> <img decoding=\"async\" src=\"https:\/\/lh3.googleusercontent.com\/a\/ACg8ocIgITHXKo46qgJyPqlJeAcxz11gCKUJpGIk2qauiIe2O3iZ6w=s120-c-rp-mo-br100\" srcset=\"https:\/\/lh3.googleusercontent.com\/a\/ACg8ocIgITHXKo46qgJyPqlJeAcxz11gCKUJpGIk2qauiIe2O3iZ6w=s120-c-rp-mo-br100 2x\" alt=\"Laura Mercier\" loading=\"lazy\" \/> <\/div> <div class=\"ti-profile-details\"> <div class=\"ti-name\"> Laura Mercier <\/div> <div class=\"ti-date\">2024-10-08<\/div> <\/div> <\/div> <span class=\"ti-stars\"><span class=\"ti-star f\"><\/span><span class=\"ti-star f\"><\/span><span class=\"ti-star f\"><\/span><span class=\"ti-star f\"><\/span><span class=\"ti-star f\"><\/span><\/span> <div class=\"ti-review-text-container ti-review-content\"><!-- R-CONTENT -->Mon d\u00e9part approche, je pars dans une semaine, et depuis le d\u00e9but de mon inscription je suis tr\u00e8s satisfaite du suivi effectu\u00e9 par l\u2019association. Ils sont tr\u00e8s disponibles et r\u00e9pondent rapidement \u00e0 l\u2019ensemble des questions. Je suis tr\u00e8s contente de partir faire cette mission humanitaire encadr\u00e9e par cette association. Je recommande vraiment.<!-- R-CONTENT --><\/div> <span class=\"ti-read-more\" data-container=\".ti-review-content\" data-collapse-text=\"Cacher\" data-open-text=\"Lire la suite\" ><\/span> <\/div> <\/div>  <div data-empty=\"0\" class=\"ti-review-item source-Google ti-image-layout-thumbnail\" data-id=\"cfcd208495d565ef66e7dff9f98764da\" > <div class=\"ti-inner\"> <div class=\"ti-review-header\"> <div class=\"ti-profile-img\"> <img decoding=\"async\" src=\"https:\/\/lh3.googleusercontent.com\/a-\/ALV-UjVVr0YMQhXl8QNEEB32l-rnoaYwvRZUjIEX9OEwPE_1fQwzIyk=s120-c-rp-mo-br100\" srcset=\"https:\/\/lh3.googleusercontent.com\/a-\/ALV-UjVVr0YMQhXl8QNEEB32l-rnoaYwvRZUjIEX9OEwPE_1fQwzIyk=s120-c-rp-mo-br100 2x\" alt=\"Anouk Rzkt\" loading=\"lazy\" \/> <\/div> <div class=\"ti-profile-details\"> <div class=\"ti-name\"> Anouk Rzkt <\/div> <div class=\"ti-date\">2024-10-02<\/div> <\/div> <\/div> <span class=\"ti-stars\"><span class=\"ti-star f\"><\/span><span class=\"ti-star f\"><\/span><span class=\"ti-star f\"><\/span><span class=\"ti-star f\"><\/span><span class=\"ti-star f\"><\/span><\/span> <div class=\"ti-review-text-container ti-review-content\"><!-- R-CONTENT -->Globalong est l'association parfaite. L'\u00e9quipe offre un v\u00e9ritable accompagnement rythm\u00e9 par beaucoup de conseils et d'\u00e9coute. Le site est tr\u00e8s bien fait avec des dossiers complets allant des sujets tr\u00e8s pratiques a d'autres plus th\u00e9oriques (tels que le choc culturel par exemple). Je recommande vivement et remercie sinc\u00e8rement toute l'\u00e9quipe pour leur gentillesse et investissement !<!-- R-CONTENT --><\/div> <span class=\"ti-read-more\" data-container=\".ti-review-content\" data-collapse-text=\"Cacher\" data-open-text=\"Lire la suite\" ><\/span> <\/div> <\/div>  <\/div> <div class=\"ti-controls-line\"> <div class=\"dot\"><\/div> <\/div> <\/div> <div class=\"ti-footer\"> <div class=\"ti-rating-text\"> <span class=\"nowrap\">\u00c9valuation <strong>Google<\/strong> : <\/span><span class=\"nowrap\"><strong>4.8<\/strong> sur 5, <\/span><span class=\"nowrap\">Bas\u00e9e sur <strong>240 avis<\/strong><\/span> <\/div> <\/div>  <\/div> <\/div> \n<div class=\"ligne-full-claire\">\n<h2 class=\"titre-reseau-claire\"><\/h2>\n<\/div>\n<div class=\"blog-post-content\">\n<p style=\"text-align: justify;\"><strong><a href=\"https:\/\/www.vita-explorers.dk\/blog\/wp-content\/uploads\/2019\/05\/VolunteerInColombia.Beekeeping.3-min.jpg\"><img loading=\"lazy\" decoding=\"async\" class=\"size-medium wp-image-12624 aligncenter\" src=\"https:\/\/www.vita-explorers.dk\/blog\/wp-content\/uploads\/2019\/05\/VolunteerInColombia.Beekeeping.3-min-300x225.jpg\" sizes=\"(max-width: 300px) 100vw, 300px\" srcset=\"https:\/\/www.vita-explorers.dk\/blog\/wp-content\/uploads\/2019\/05\/VolunteerInColombia.Beekeeping.3-min-300x225.jpg 300w, https:\/\/www.vita-explorers.dk\/blog\/wp-content\/uploads\/2019\/05\/VolunteerInColombia.Beekeeping.3-min-768x576.jpg 768w, https:\/\/www.vita-explorers.dk\/blog\/wp-content\/uploads\/2019\/05\/VolunteerInColombia.Beekeeping.3-min-150x113.jpg 150w, https:\/\/www.vita-explorers.dk\/blog\/wp-content\/uploads\/2019\/05\/VolunteerInColombia.Beekeeping.3-min.jpg 900w\" alt=\"\" width=\"300\" height=\"225\" \/><\/a>Verdensdagen for truede arter, som hvert \u00e5r markeres den 11. maj, har til form\u00e5l at \u00f8ge den brede bevidsthed om biodiversitet.<\/strong><\/p>\n<p style=\"text-align: justify;\"><strong>Det er en god anledning til at sp\u00f8rge os selv, hvad vi helt konkret kan g\u00f8re for at styrke beskyttelsen af bierne!<\/strong><\/p>\n<p style=\"text-align: justify;\">I <a href=\"https:\/\/www.vita-explorers.dk\/frivilligt-arbejde\/vita-institute-frivilligt-arbejde-internationale-forloeb-praktik-irland.html#b\" target=\"_blank\" rel=\"noopener noreferrer\"><strong>Irland<\/strong><\/a> og i <a href=\"https:\/\/www.vita-explorers.dk\/frivilligt-arbejde\/colombia-frivilligt-arbejde-internationalt-vita-erfaringer-service.html#b\" target=\"_blank\" rel=\"noopener noreferrer\"><strong>Colombia<\/strong><\/a> arbejder internationale forl\u00f8b med <strong>\u00f8kofrivilligt arbejde<\/strong> med at <strong>beskytte best\u00f8vere<\/strong>, som er med til at <strong>holde den biologiske balance<\/strong>: <strong>bier<\/strong>.<\/p>\n<p style=\"text-align: justify;\"><a href=\"https:\/\/www.vita-explorers.dk\/blog\/wp-content\/uploads\/2019\/05\/VolunteerInColombia.Beekeeping.5-min.jpg\"><img loading=\"lazy\" decoding=\"async\" class=\"size-medium wp-image-12627 aligncenter\" src=\"https:\/\/www.vita-explorers.dk\/blog\/wp-content\/uploads\/2019\/05\/VolunteerInColombia.Beekeeping.5-min-300x225.jpg\" sizes=\"(max-width: 300px) 100vw, 300px\" srcset=\"https:\/\/www.vita-explorers.dk\/blog\/wp-content\/uploads\/2019\/05\/VolunteerInColombia.Beekeeping.5-min-300x225.jpg 300w, https:\/\/www.vita-explorers.dk\/blog\/wp-content\/uploads\/2019\/05\/VolunteerInColombia.Beekeeping.5-min-768x576.jpg 768w, https:\/\/www.vita-explorers.dk\/blog\/wp-content\/uploads\/2019\/05\/VolunteerInColombia.Beekeeping.5-min-150x113.jpg 150w, https:\/\/www.vita-explorers.dk\/blog\/wp-content\/uploads\/2019\/05\/VolunteerInColombia.Beekeeping.5-min.jpg 900w\" alt=\"\" width=\"300\" height=\"225\" \/><\/a>Situationen for disse <strong>insekter<\/strong>, hvis <strong>rolle<\/strong> er helt afg\u00f8rende for <strong>\u00f8kosystemer<\/strong> verden over, <strong>bekymrer<\/strong> forskere: For eksempel vurderes det, at op mod en tredjedel af Irlands bi-arter kan <strong>forsvinde<\/strong> inden 2030.<\/p>\n<p style=\"text-align: justify;\">Det <strong>markante fald i antallet af bier<\/strong> kan skyldes flere faktorer: nye <strong>dyrkningsmetoder<\/strong> (bl.a. intensivt landbrug), <strong>pesticiders giftige p\u00e5virkning<\/strong>, <strong>urbanisering<\/strong> og <strong>omfattende ukrudtsbek\u00e6mpelse<\/strong>.<\/p>\n<p style=\"text-align: justify;\"><a href=\"https:\/\/www.vita-explorers.dk\/blog\/wp-content\/uploads\/2019\/05\/Excursion-min.jpg\"><img loading=\"lazy\" decoding=\"async\" class=\"size-medium wp-image-12629 aligncenter\" src=\"https:\/\/www.vita-explorers.dk\/blog\/wp-content\/uploads\/2019\/05\/Excursion-min-300x225.jpg\" sizes=\"(max-width: 300px) 100vw, 300px\" srcset=\"https:\/\/www.vita-explorers.dk\/blog\/wp-content\/uploads\/2019\/05\/Excursion-min-300x225.jpg 300w, https:\/\/www.vita-explorers.dk\/blog\/wp-content\/uploads\/2019\/05\/Excursion-min-150x113.jpg 150w, https:\/\/www.vita-explorers.dk\/blog\/wp-content\/uploads\/2019\/05\/Excursion-min.jpg 520w\" alt=\"\" width=\"300\" height=\"225\" \/><\/a>Lige nu gennemf\u00f8res der <strong>oplysende indsatser om milj\u00f8et<\/strong> over hele verden for at <strong>beskytte best\u00f8vende insekter<\/strong>, som vi er s\u00e5 afh\u00e6ngige af \u2013 f\u00f8r det er for sent\u2026<\/p>\n<p style=\"text-align: justify;\"><strong>Unge deltagere med fokus p\u00e5 milj\u00f8et i Irland!<\/strong><\/p>\n<p style=\"text-align: justify;\">Til sommer tager <strong>medlemmer<\/strong> af <a href=\"https:\/\/www.vita-explorers.dk\/association-globalong.html\" target=\"_blank\" rel=\"noopener noreferrer\"><strong>VITA Institute<\/strong><\/a> afsted p\u00e5 et <a href=\"https:\/\/www.vita-explorers.dk\/frivilligt-arbejde\/vita-institute-frivilligt-arbejde-internationale-forloeb-praktik-irland\/internationalt-frivilligt-arbejde-praktik-europa-unge-mindreaarige-15-17-aar-vita-irland.html\" target=\"_blank\" rel=\"noopener noreferrer\"><strong>internationalt frivilligforl\u00f8b i Irland for 15\u201317-\u00e5rige<\/strong><\/a>.<\/p>\n<p style=\"text-align: justify;\"><a href=\"https:\/\/www.vita-explorers.dk\/blog\/wp-content\/uploads\/2019\/05\/VolunteerInColombia.Beekeeping.4-min.jpg\"><img loading=\"lazy\" decoding=\"async\" class=\"size-medium wp-image-12631 aligncenter\" src=\"https:\/\/www.vita-explorers.dk\/blog\/wp-content\/uploads\/2019\/05\/VolunteerInColombia.Beekeeping.4-min-300x225.jpg\" sizes=\"(max-width: 300px) 100vw, 300px\" srcset=\"https:\/\/www.vita-explorers.dk\/blog\/wp-content\/uploads\/2019\/05\/VolunteerInColombia.Beekeeping.4-min-300x225.jpg 300w, https:\/\/www.vita-explorers.dk\/blog\/wp-content\/uploads\/2019\/05\/VolunteerInColombia.Beekeeping.4-min-768x576.jpg 768w, https:\/\/www.vita-explorers.dk\/blog\/wp-content\/uploads\/2019\/05\/VolunteerInColombia.Beekeeping.4-min-150x113.jpg 150w, https:\/\/www.vita-explorers.dk\/blog\/wp-content\/uploads\/2019\/05\/VolunteerInColombia.Beekeeping.4-min.jpg 900w\" alt=\"\" width=\"300\" height=\"225\" \/><\/a>Her vil de sammen med <strong>unge irske deltagere<\/strong> v\u00e6re med til at <a href=\"https:\/\/www.vita-explorers.dk\/blog\/biodiversitet-oekologi-dyrebeskyttelse-miljoe-eco-frivilligt-arbejde-natur\/\" target=\"_blank\" rel=\"noopener noreferrer\"><strong>styrke biodiversiteten<\/strong><\/a> ved at skabe <strong>bedre rammer for biernes trivsel<\/strong>. Det sker blandt andet ved at plante blomster og planter, som tiltr\u00e6kker best\u00f8vere, langs den lokale flod og ved cykelstier.<\/p>\n<p style=\"text-align: justify;\"><strong>En stor tak til de unge deltagere for deres indsats og for deres vigtige bidrag til at passe p\u00e5 \u00f8kosystemerne.<\/strong><\/p>\n<p style=\"text-align: justify;\"><strong>St\u00f8t colombianske landm\u00e6nd og biavlere!<\/strong><\/p>\n<p style=\"text-align: justify;\"><a href=\"https:\/\/www.vita-explorers.dk\/blog\/wp-content\/uploads\/2019\/05\/rolf-min.jpg\"><img loading=\"lazy\" decoding=\"async\" class=\"size-medium wp-image-12633 aligncenter\" src=\"https:\/\/www.vita-explorers.dk\/blog\/wp-content\/uploads\/2019\/05\/rolf-min-300x223.jpg\" sizes=\"(max-width: 300px) 100vw, 300px\" srcset=\"https:\/\/www.vita-explorers.dk\/blog\/wp-content\/uploads\/2019\/05\/rolf-min-300x223.jpg 300w, https:\/\/www.vita-explorers.dk\/blog\/wp-content\/uploads\/2019\/05\/rolf-min-150x111.jpg 150w, https:\/\/www.vita-explorers.dk\/blog\/wp-content\/uploads\/2019\/05\/rolf-min.jpg 450w\" alt=\"\" width=\"300\" height=\"223\" \/><\/a>I <a href=\"https:\/\/www.vita-explorers.dk\/frivilligt-arbejde\/colombia-frivilligt-arbejde-internationalt-vita-erfaringer-service.html\" target=\"_blank\" rel=\"noopener noreferrer\"><strong>Colombia<\/strong><\/a> st\u00f8tter <strong>internationale deltagere<\/strong> \u00e5ret rundt en gruppe mindre <strong>landm\u00e6nd<\/strong> og <strong>biavlere<\/strong> ved at hj\u00e6lpe med at <strong>passe bistaderne<\/strong> og deltage i <strong>produktion<\/strong> og <strong>salg af honning<\/strong>.<\/p>\n<p style=\"text-align: justify;\">Et <strong>st\u00e6rkt initiativ<\/strong>, der forener <strong>udvikling i landdistrikter<\/strong>, <strong>styrket \u00f8konomisk selvst\u00e6ndighed for landm\u00e6nd<\/strong> og <strong>hensyn til milj\u00f8et<\/strong>!<\/p>\n<p style=\"text-align: justify;\"><strong>Tak til deltagerne i \u00f8kofrivilligt arbejde for deres engagement og ansvarlige valg.<\/strong><\/p>\n<p style=\"text-align: justify;\"><strong><a href=\"https:\/\/www.vita-explorers.dk\/blog\/wp-content\/uploads\/2019\/05\/Agriculture.Chapoleando.CoffeeFarm-min.jpg\"><img loading=\"lazy\" decoding=\"async\" class=\"size-medium wp-image-12635 aligncenter\" src=\"https:\/\/www.vita-explorers.dk\/blog\/wp-content\/uploads\/2019\/05\/Agriculture.Chapoleando.CoffeeFarm-min-300x225.jpg\" sizes=\"(max-width: 300px) 100vw, 300px\" srcset=\"https:\/\/www.vita-explorers.dk\/blog\/wp-content\/uploads\/2019\/05\/Agriculture.Chapoleando.CoffeeFarm-min-300x225.jpg 300w, https:\/\/www.vita-explorers.dk\/blog\/wp-content\/uploads\/2019\/05\/Agriculture.Chapoleando.CoffeeFarm-min-768x576.jpg 768w, https:\/\/www.vita-explorers.dk\/blog\/wp-content\/uploads\/2019\/05\/Agriculture.Chapoleando.CoffeeFarm-min-1024x768.jpg 1024w, https:\/\/www.vita-explorers.dk\/blog\/wp-content\/uploads\/2019\/05\/Agriculture.Chapoleando.CoffeeFarm-min-150x113.jpg 150w\" alt=\"\" width=\"300\" height=\"225\" \/><\/a>Det kan du g\u00f8re for at skabe et milj\u00f8 omkring dig, der er godt for bierne:<\/strong><\/p>\n<p style=\"text-align: justify;\">\u2013 <strong>Skab blomstrende omr\u00e5der<\/strong> og <strong>sm\u00e5 hj\u00f8rner med vild natur<\/strong> i haven, p\u00e5 altanen eller i en f\u00e6lleshave i dit nabolag<\/p>\n<p style=\"text-align: justify;\">\u2013 <strong>Lad v\u00e6re med altid at fjerne ukrudt<\/strong><\/p>\n<p style=\"text-align: justify;\">\u2013 <strong>Undg\u00e5 pesticider<\/strong> og v\u00e6lg i stedet naturlige, ikke-forurenende metoder<\/p>\n<p style=\"text-align: justify;\"><a href=\"https:\/\/www.vita-explorers.dk\/blog\/wp-content\/uploads\/2019\/05\/7.-Farming-min.jpg\"><img loading=\"lazy\" decoding=\"async\" class=\"size-medium wp-image-12637 aligncenter\" src=\"https:\/\/www.vita-explorers.dk\/blog\/wp-content\/uploads\/2019\/05\/7.-Farming-min-300x225.jpg\" sizes=\"(max-width: 300px) 100vw, 300px\" srcset=\"https:\/\/www.vita-explorers.dk\/blog\/wp-content\/uploads\/2019\/05\/7.-Farming-min-300x225.jpg 300w, https:\/\/www.vita-explorers.dk\/blog\/wp-content\/uploads\/2019\/05\/7.-Farming-min-768x576.jpg 768w, https:\/\/www.vita-explorers.dk\/blog\/wp-content\/uploads\/2019\/05\/7.-Farming-min-1024x768.jpg 1024w, https:\/\/www.vita-explorers.dk\/blog\/wp-content\/uploads\/2019\/05\/7.-Farming-min-150x113.jpg 150w\" alt=\"\" width=\"300\" height=\"225\" \/><\/a>\u2013 <strong>Deltag i et internationalt \u00f8koforl\u00f8b<\/strong> for at bidrage til <strong>beskyttelse af lokal flora og fauna \u2013 med fuld fordybelse<\/strong>.<\/p>\n<p style=\"text-align: justify;\"><strong>Alle kan bidrage med noget.<\/strong><\/p>\n<p style=\"text-align: center;\"><strong>Sammen kan vi g\u00f8re en forskel for truede arter \u2013 og samtidig opleve andre lande og kulturer p\u00e5 en mere n\u00e6rv\u00e6rende m\u00e5de!<br \/>\n<\/strong><br \/>\n<a href=\"https:\/\/www.vita-explorers.dk\/frivilligt-arbejde\/vita-institute-frivilligt-arbejde-internationale-forloeb-praktik-irland\/internationalt-frivilligt-arbejde-praktik-europa-unge-mindreaarige-15-17-aar-vita-irland.html\" target=\"_blank\" rel=\"noopener noreferrer\"><strong>Se programmet for unge deltagere i Irland!<\/strong><\/a><\/p>\n<p style=\"text-align: center;\"><a href=\"https:\/\/www.vita-explorers.dk\/frivilligt-arbejde\/colombia-frivilligt-arbejde-internationalt-vita-erfaringer-service.html#b\" target=\"_blank\" rel=\"noopener noreferrer\"><strong>Se frivilligprogrammerne i Colombia!<\/strong><\/a><\/p>\n<p style=\"text-align: center;\"><a href=\"https:\/\/www.vita-explorers.dk\/blog\/dossiers-vita-ekstra-information-gode-rad-forskelle-sporgsmal-praktik-sprog-internationale-forlob-frivilligt-arbejde-sprogophold-udlandsophold-humanitaert-arbejde-projekt-sabbat\u00e5r\/charte-de-lecovolontariat\/\" target=\"_blank\" rel=\"noopener noreferrer\"><strong>Tilslut dig \u00f8ko-frivillighedschartret!<\/strong><\/a><\/p>\n<p style=\"text-align: center;\"><a href=\"https:\/\/www.flickr.com\/photos\/globalong\/albums\/with\/72157667177764388\" target=\"_blank\" rel=\"noopener noreferrer\"><strong>Se billeder af vores medlemmer, der engagerer sig internationalt<\/strong><\/a><\/p>\n<p style=\"text-align: center;\"><a href=\"https:\/\/www.vita-explorers.dk\/blog\/avis-globalong\/\" target=\"_blank\" rel=\"noopener noreferrer\"><strong>L\u00e6s deres oplevelser!<\/strong><\/a><\/p>\n<p style=\"text-align: center;\"><a href=\"https:\/\/www.vita-explorers.dk\/blog\/videoer-fra-vores-destinationer-frivilligt-arbejde-internationale-forloeb\/\" target=\"_blank\" rel=\"noopener noreferrer\"><strong>GlobAlong p\u00e5 video!<\/strong><\/a><\/p>\n<\/div>\n","protected":false},"excerpt":{"rendered":"<p>Verdensdagen for truede arter, som hvert \u00e5r markeres den 11. maj, har til form\u00e5l at \u00f8ge den brede bevidsthed om biodiversitet. Det er en\u2026<\/p>\n","protected":false},"author":7,"featured_media":12631,"comment_status":"open","ping_status":"open","sticky":false,"template":"","format":"standard","meta":{"footnotes":""},"categories":[470,6,472,4],"tags":[],"yoast_head":"<!-- This site is optimized with the Yoast SEO Premium plugin v23.4 (Yoast SEO v23.4) - https:\/\/yoast.com\/wordpress\/plugins\/seo\/ -->\n<title>Beskyttelse af bier og biodiversitet - VITA Explorers Blog<\/title>\n<meta name=\"robots\" content=\"index, follow, max-snippet:-1, max-image-preview:large, max-video-preview:-1\" \/>\n<link rel=\"canonical\" href=\"https:\/\/www.vita-explorers.dk\/blog\/biodiversitet-frivilligt-arbejde-praktik-oekologi-bier-irland-colombia-frivilligt-engagement-ansvarligt-ophold-landbrug-biavl-2\/\" \/>\n<meta property=\"og:locale\" content=\"da_DK\" \/>\n<meta property=\"og:type\" content=\"article\" \/>\n<meta property=\"og:title\" content=\"Beskyttelse af bier og biodiversitet\" \/>\n<meta property=\"og:description\" content=\"Verdensdagen for truede arter, som hvert \u00e5r markeres den 11. maj, har til form\u00e5l at \u00f8ge den brede bevidsthed om biodiversitet. Det er en\u2026\" \/>\n<meta property=\"og:url\" content=\"https:\/\/www.vita-explorers.dk\/blog\/biodiversitet-frivilligt-arbejde-praktik-oekologi-bier-irland-colombia-frivilligt-engagement-ansvarligt-ophold-landbrug-biavl-2\/\" \/>\n<meta property=\"og:site_name\" content=\"VITA Explorers Blog\" \/>\n<meta property=\"article:publisher\" content=\"https:\/\/www.facebook.com\/globalong\" \/>\n<meta property=\"article:published_time\" content=\"2020-05-11T12:20:56+00:00\" \/>\n<meta property=\"article:modified_time\" content=\"2023-01-04T14:29:07+00:00\" \/>\n<meta property=\"og:image\" content=\"https:\/\/www.vita-explorers.dk\/blog\/wp-content\/uploads\/2019\/05\/VolunteerInColombia.Beekeeping.4-min.jpg\" \/>\n\t<meta property=\"og:image:width\" content=\"900\" \/>\n\t<meta property=\"og:image:height\" content=\"675\" \/>\n\t<meta property=\"og:image:type\" content=\"image\/jpeg\" \/>\n<meta name=\"author\" content=\"VITA Tribe\" \/>\n<meta name=\"twitter:card\" content=\"summary_large_image\" \/>\n<meta name=\"twitter:label1\" content=\"Skrevet af\" \/>\n\t<meta name=\"twitter:data1\" content=\"VITA Tribe\" \/>\n\t<meta name=\"twitter:label2\" content=\"Estimeret l\u00e6setid\" \/>\n\t<meta name=\"twitter:data2\" content=\"2 minutter\" \/>\n<script type=\"application\/ld+json\" class=\"yoast-schema-graph\">{\"@context\":\"https:\/\/schema.org\",\"@graph\":[{\"@type\":\"Article\",\"@id\":\"https:\/\/www.vita-explorers.dk\/blog\/biodiversitet-frivilligt-arbejde-praktik-oekologi-bier-irland-colombia-frivilligt-engagement-ansvarligt-ophold-landbrug-biavl-2\/#article\",\"isPartOf\":{\"@id\":\"https:\/\/www.vita-explorers.dk\/blog\/biodiversitet-frivilligt-arbejde-praktik-oekologi-bier-irland-colombia-frivilligt-engagement-ansvarligt-ophold-landbrug-biavl-2\/\"},\"author\":{\"name\":\"VITA Tribe\",\"@id\":\"https:\/\/www.vita-explorers.dk\/blog\/#\/schema\/person\/fc0343a2f2db2ebb2793c1f62dbe73f0\"},\"headline\":\"Beskyttelse af bier og biodiversitet\",\"datePublished\":\"2020-05-11T12:20:56+00:00\",\"dateModified\":\"2023-01-04T14:29:07+00:00\",\"mainEntityOfPage\":{\"@id\":\"https:\/\/www.vita-explorers.dk\/blog\/biodiversitet-frivilligt-arbejde-praktik-oekologi-bier-irland-colombia-frivilligt-engagement-ansvarligt-ophold-landbrug-biavl-2\/\"},\"wordCount\":469,\"commentCount\":0,\"publisher\":{\"@id\":\"https:\/\/www.vita-explorers.dk\/blog\/#organization\"},\"image\":{\"@id\":\"https:\/\/www.vita-explorers.dk\/blog\/biodiversitet-frivilligt-arbejde-praktik-oekologi-bier-irland-colombia-frivilligt-engagement-ansvarligt-ophold-landbrug-biavl-2\/#primaryimage\"},\"thumbnailUrl\":\"https:\/\/www.vita-explorers.dk\/blog\/wp-content\/uploads\/2019\/05\/VolunteerInColombia.Beekeeping.4-min.jpg\",\"articleSection\":[\"Natur- og milj\u00f8frivilligt arbejde\",\"Nyheder\",\"Oplysning\",\"VITA Explorers\"],\"inLanguage\":\"da-DK\",\"potentialAction\":[{\"@type\":\"CommentAction\",\"name\":\"Comment\",\"target\":[\"https:\/\/www.vita-explorers.dk\/blog\/biodiversitet-frivilligt-arbejde-praktik-oekologi-bier-irland-colombia-frivilligt-engagement-ansvarligt-ophold-landbrug-biavl-2\/#respond\"]}]},{\"@type\":\"WebPage\",\"@id\":\"https:\/\/www.vita-explorers.dk\/blog\/biodiversitet-frivilligt-arbejde-praktik-oekologi-bier-irland-colombia-frivilligt-engagement-ansvarligt-ophold-landbrug-biavl-2\/\",\"url\":\"https:\/\/www.vita-explorers.dk\/blog\/biodiversitet-frivilligt-arbejde-praktik-oekologi-bier-irland-colombia-frivilligt-engagement-ansvarligt-ophold-landbrug-biavl-2\/\",\"name\":\"Beskyttelse af bier og biodiversitet - VITA Explorers Blog\",\"isPartOf\":{\"@id\":\"https:\/\/www.vita-explorers.dk\/blog\/#website\"},\"primaryImageOfPage\":{\"@id\":\"https:\/\/www.vita-explorers.dk\/blog\/biodiversitet-frivilligt-arbejde-praktik-oekologi-bier-irland-colombia-frivilligt-engagement-ansvarligt-ophold-landbrug-biavl-2\/#primaryimage\"},\"image\":{\"@id\":\"https:\/\/www.vita-explorers.dk\/blog\/biodiversitet-frivilligt-arbejde-praktik-oekologi-bier-irland-colombia-frivilligt-engagement-ansvarligt-ophold-landbrug-biavl-2\/#primaryimage\"},\"thumbnailUrl\":\"https:\/\/www.vita-explorers.dk\/blog\/wp-content\/uploads\/2019\/05\/VolunteerInColombia.Beekeeping.4-min.jpg\",\"datePublished\":\"2020-05-11T12:20:56+00:00\",\"dateModified\":\"2023-01-04T14:29:07+00:00\",\"breadcrumb\":{\"@id\":\"https:\/\/www.vita-explorers.dk\/blog\/biodiversitet-frivilligt-arbejde-praktik-oekologi-bier-irland-colombia-frivilligt-engagement-ansvarligt-ophold-landbrug-biavl-2\/#breadcrumb\"},\"inLanguage\":\"da-DK\",\"potentialAction\":[{\"@type\":\"ReadAction\",\"target\":[\"https:\/\/www.vita-explorers.dk\/blog\/biodiversitet-frivilligt-arbejde-praktik-oekologi-bier-irland-colombia-frivilligt-engagement-ansvarligt-ophold-landbrug-biavl-2\/\"]}]},{\"@type\":\"ImageObject\",\"inLanguage\":\"da-DK\",\"@id\":\"https:\/\/www.vita-explorers.dk\/blog\/biodiversitet-frivilligt-arbejde-praktik-oekologi-bier-irland-colombia-frivilligt-engagement-ansvarligt-ophold-landbrug-biavl-2\/#primaryimage\",\"url\":\"https:\/\/www.vita-explorers.dk\/blog\/wp-content\/uploads\/2019\/05\/VolunteerInColombia.Beekeeping.4-min.jpg\",\"contentUrl\":\"https:\/\/www.vita-explorers.dk\/blog\/wp-content\/uploads\/2019\/05\/VolunteerInColombia.Beekeeping.4-min.jpg\",\"width\":900,\"height\":675},{\"@type\":\"BreadcrumbList\",\"@id\":\"https:\/\/www.vita-explorers.dk\/blog\/biodiversitet-frivilligt-arbejde-praktik-oekologi-bier-irland-colombia-frivilligt-engagement-ansvarligt-ophold-landbrug-biavl-2\/#breadcrumb\",\"itemListElement\":[{\"@type\":\"ListItem\",\"position\":1,\"name\":\"Accueil\",\"item\":\"https:\/\/www.vita-explorers.dk\/blog\/\"},{\"@type\":\"ListItem\",\"position\":2,\"name\":\"Beskyttelse af bier og biodiversitet\"}]},{\"@type\":\"WebSite\",\"@id\":\"https:\/\/www.vita-explorers.dk\/blog\/#website\",\"url\":\"https:\/\/www.vita-explorers.dk\/blog\/\",\"name\":\"Association Globalong\",\"description\":\"Frivilligt arbejde, sprogophold, praktik i udlandet og internationale oplevelser\",\"publisher\":{\"@id\":\"https:\/\/www.vita-explorers.dk\/blog\/#organization\"},\"potentialAction\":[{\"@type\":\"SearchAction\",\"target\":{\"@type\":\"EntryPoint\",\"urlTemplate\":\"https:\/\/www.vita-explorers.dk\/blog\/?s={search_term_string}\"},\"query-input\":{\"@type\":\"PropertyValueSpecification\",\"valueRequired\":true,\"valueName\":\"search_term_string\"}}],\"inLanguage\":\"da-DK\"},{\"@type\":\"Organization\",\"@id\":\"https:\/\/www.vita-explorers.dk\/blog\/#organization\",\"name\":\"Association Globalong\",\"url\":\"https:\/\/www.vita-explorers.dk\/blog\/\",\"logo\":{\"@type\":\"ImageObject\",\"inLanguage\":\"da-DK\",\"@id\":\"https:\/\/www.vita-explorers.dk\/blog\/#\/schema\/logo\/image\/\",\"url\":\"https:\/\/www.globalong.com\/blog\/wp-content\/uploads\/2014\/11\/cropped-cropped-Logo-et-Afrique-Globalong-petite-taille-2.jpg\",\"contentUrl\":\"https:\/\/www.globalong.com\/blog\/wp-content\/uploads\/2014\/11\/cropped-cropped-Logo-et-Afrique-Globalong-petite-taille-2.jpg\",\"width\":512,\"height\":512,\"caption\":\"Association Globalong\"},\"image\":{\"@id\":\"https:\/\/www.vita-explorers.dk\/blog\/#\/schema\/logo\/image\/\"},\"sameAs\":[\"https:\/\/www.facebook.com\/globalong\"]},{\"@type\":\"Person\",\"@id\":\"https:\/\/www.vita-explorers.dk\/blog\/#\/schema\/person\/fc0343a2f2db2ebb2793c1f62dbe73f0\",\"name\":\"VITA Tribe\",\"image\":{\"@type\":\"ImageObject\",\"inLanguage\":\"da-DK\",\"@id\":\"https:\/\/www.vita-explorers.dk\/blog\/#\/schema\/person\/image\/\",\"url\":\"https:\/\/secure.gravatar.com\/avatar\/f7f05026bb439d0c96b30e135e5f852c?s=96&d=mm&r=g\",\"contentUrl\":\"https:\/\/secure.gravatar.com\/avatar\/f7f05026bb439d0c96b30e135e5f852c?s=96&d=mm&r=g\",\"caption\":\"VITA Tribe\"},\"sameAs\":[\"http:\/\/www.globalong.com\"],\"url\":\"https:\/\/www.vita-explorers.dk\/blog\/author\/teamglobalong\/\"}]}<\/script>\n<!-- \/ Yoast SEO Premium plugin. -->","yoast_head_json":{"title":"Beskyttelse af bier og biodiversitet - VITA Explorers Blog","robots":{"index":"index","follow":"follow","max-snippet":"max-snippet:-1","max-image-preview":"max-image-preview:large","max-video-preview":"max-video-preview:-1"},"canonical":"https:\/\/www.vita-explorers.dk\/blog\/biodiversitet-frivilligt-arbejde-praktik-oekologi-bier-irland-colombia-frivilligt-engagement-ansvarligt-ophold-landbrug-biavl-2\/","og_locale":"da_DK","og_type":"article","og_title":"Beskyttelse af bier og biodiversitet","og_description":"Verdensdagen for truede arter, som hvert \u00e5r markeres den 11. maj, har til form\u00e5l at \u00f8ge den brede bevidsthed om biodiversitet. Det er en\u2026","og_url":"https:\/\/www.vita-explorers.dk\/blog\/biodiversitet-frivilligt-arbejde-praktik-oekologi-bier-irland-colombia-frivilligt-engagement-ansvarligt-ophold-landbrug-biavl-2\/","og_site_name":"VITA Explorers Blog","article_publisher":"https:\/\/www.facebook.com\/globalong","article_published_time":"2020-05-11T12:20:56+00:00","article_modified_time":"2023-01-04T14:29:07+00:00","og_image":[{"width":900,"height":675,"url":"https:\/\/www.vita-explorers.dk\/blog\/wp-content\/uploads\/2019\/05\/VolunteerInColombia.Beekeeping.4-min.jpg","type":"image\/jpeg"}],"author":"VITA Tribe","twitter_card":"summary_large_image","twitter_misc":{"Skrevet af":"VITA Tribe","Estimeret l\u00e6setid":"2 minutter"},"schema":{"@context":"https:\/\/schema.org","@graph":[{"@type":"Article","@id":"https:\/\/www.vita-explorers.dk\/blog\/biodiversitet-frivilligt-arbejde-praktik-oekologi-bier-irland-colombia-frivilligt-engagement-ansvarligt-ophold-landbrug-biavl-2\/#article","isPartOf":{"@id":"https:\/\/www.vita-explorers.dk\/blog\/biodiversitet-frivilligt-arbejde-praktik-oekologi-bier-irland-colombia-frivilligt-engagement-ansvarligt-ophold-landbrug-biavl-2\/"},"author":{"name":"VITA Tribe","@id":"https:\/\/www.vita-explorers.dk\/blog\/#\/schema\/person\/fc0343a2f2db2ebb2793c1f62dbe73f0"},"headline":"Beskyttelse af bier og biodiversitet","datePublished":"2020-05-11T12:20:56+00:00","dateModified":"2023-01-04T14:29:07+00:00","mainEntityOfPage":{"@id":"https:\/\/www.vita-explorers.dk\/blog\/biodiversitet-frivilligt-arbejde-praktik-oekologi-bier-irland-colombia-frivilligt-engagement-ansvarligt-ophold-landbrug-biavl-2\/"},"wordCount":469,"commentCount":0,"publisher":{"@id":"https:\/\/www.vita-explorers.dk\/blog\/#organization"},"image":{"@id":"https:\/\/www.vita-explorers.dk\/blog\/biodiversitet-frivilligt-arbejde-praktik-oekologi-bier-irland-colombia-frivilligt-engagement-ansvarligt-ophold-landbrug-biavl-2\/#primaryimage"},"thumbnailUrl":"https:\/\/www.vita-explorers.dk\/blog\/wp-content\/uploads\/2019\/05\/VolunteerInColombia.Beekeeping.4-min.jpg","articleSection":["Natur- og milj\u00f8frivilligt arbejde","Nyheder","Oplysning","VITA Explorers"],"inLanguage":"da-DK","potentialAction":[{"@type":"CommentAction","name":"Comment","target":["https:\/\/www.vita-explorers.dk\/blog\/biodiversitet-frivilligt-arbejde-praktik-oekologi-bier-irland-colombia-frivilligt-engagement-ansvarligt-ophold-landbrug-biavl-2\/#respond"]}]},{"@type":"WebPage","@id":"https:\/\/www.vita-explorers.dk\/blog\/biodiversitet-frivilligt-arbejde-praktik-oekologi-bier-irland-colombia-frivilligt-engagement-ansvarligt-ophold-landbrug-biavl-2\/","url":"https:\/\/www.vita-explorers.dk\/blog\/biodiversitet-frivilligt-arbejde-praktik-oekologi-bier-irland-colombia-frivilligt-engagement-ansvarligt-ophold-landbrug-biavl-2\/","name":"Beskyttelse af bier og biodiversitet - VITA Explorers Blog","isPartOf":{"@id":"https:\/\/www.vita-explorers.dk\/blog\/#website"},"primaryImageOfPage":{"@id":"https:\/\/www.vita-explorers.dk\/blog\/biodiversitet-frivilligt-arbejde-praktik-oekologi-bier-irland-colombia-frivilligt-engagement-ansvarligt-ophold-landbrug-biavl-2\/#primaryimage"},"image":{"@id":"https:\/\/www.vita-explorers.dk\/blog\/biodiversitet-frivilligt-arbejde-praktik-oekologi-bier-irland-colombia-frivilligt-engagement-ansvarligt-ophold-landbrug-biavl-2\/#primaryimage"},"thumbnailUrl":"https:\/\/www.vita-explorers.dk\/blog\/wp-content\/uploads\/2019\/05\/VolunteerInColombia.Beekeeping.4-min.jpg","datePublished":"2020-05-11T12:20:56+00:00","dateModified":"2023-01-04T14:29:07+00:00","breadcrumb":{"@id":"https:\/\/www.vita-explorers.dk\/blog\/biodiversitet-frivilligt-arbejde-praktik-oekologi-bier-irland-colombia-frivilligt-engagement-ansvarligt-ophold-landbrug-biavl-2\/#breadcrumb"},"inLanguage":"da-DK","potentialAction":[{"@type":"ReadAction","target":["https:\/\/www.vita-explorers.dk\/blog\/biodiversitet-frivilligt-arbejde-praktik-oekologi-bier-irland-colombia-frivilligt-engagement-ansvarligt-ophold-landbrug-biavl-2\/"]}]},{"@type":"ImageObject","inLanguage":"da-DK","@id":"https:\/\/www.vita-explorers.dk\/blog\/biodiversitet-frivilligt-arbejde-praktik-oekologi-bier-irland-colombia-frivilligt-engagement-ansvarligt-ophold-landbrug-biavl-2\/#primaryimage","url":"https:\/\/www.vita-explorers.dk\/blog\/wp-content\/uploads\/2019\/05\/VolunteerInColombia.Beekeeping.4-min.jpg","contentUrl":"https:\/\/www.vita-explorers.dk\/blog\/wp-content\/uploads\/2019\/05\/VolunteerInColombia.Beekeeping.4-min.jpg","width":900,"height":675},{"@type":"BreadcrumbList","@id":"https:\/\/www.vita-explorers.dk\/blog\/biodiversitet-frivilligt-arbejde-praktik-oekologi-bier-irland-colombia-frivilligt-engagement-ansvarligt-ophold-landbrug-biavl-2\/#breadcrumb","itemListElement":[{"@type":"ListItem","position":1,"name":"Accueil","item":"https:\/\/www.vita-explorers.dk\/blog\/"},{"@type":"ListItem","position":2,"name":"Beskyttelse af bier og biodiversitet"}]},{"@type":"WebSite","@id":"https:\/\/www.vita-explorers.dk\/blog\/#website","url":"https:\/\/www.vita-explorers.dk\/blog\/","name":"Association Globalong","description":"Frivilligt arbejde, sprogophold, praktik i udlandet og internationale oplevelser","publisher":{"@id":"https:\/\/www.vita-explorers.dk\/blog\/#organization"},"potentialAction":[{"@type":"SearchAction","target":{"@type":"EntryPoint","urlTemplate":"https:\/\/www.vita-explorers.dk\/blog\/?s={search_term_string}"},"query-input":{"@type":"PropertyValueSpecification","valueRequired":true,"valueName":"search_term_string"}}],"inLanguage":"da-DK"},{"@type":"Organization","@id":"https:\/\/www.vita-explorers.dk\/blog\/#organization","name":"Association Globalong","url":"https:\/\/www.vita-explorers.dk\/blog\/","logo":{"@type":"ImageObject","inLanguage":"da-DK","@id":"https:\/\/www.vita-explorers.dk\/blog\/#\/schema\/logo\/image\/","url":"https:\/\/www.globalong.com\/blog\/wp-content\/uploads\/2014\/11\/cropped-cropped-Logo-et-Afrique-Globalong-petite-taille-2.jpg","contentUrl":"https:\/\/www.globalong.com\/blog\/wp-content\/uploads\/2014\/11\/cropped-cropped-Logo-et-Afrique-Globalong-petite-taille-2.jpg","width":512,"height":512,"caption":"Association Globalong"},"image":{"@id":"https:\/\/www.vita-explorers.dk\/blog\/#\/schema\/logo\/image\/"},"sameAs":["https:\/\/www.facebook.com\/globalong"]},{"@type":"Person","@id":"https:\/\/www.vita-explorers.dk\/blog\/#\/schema\/person\/fc0343a2f2db2ebb2793c1f62dbe73f0","name":"VITA Tribe","image":{"@type":"ImageObject","inLanguage":"da-DK","@id":"https:\/\/www.vita-explorers.dk\/blog\/#\/schema\/person\/image\/","url":"https:\/\/secure.gravatar.com\/avatar\/f7f05026bb439d0c96b30e135e5f852c?s=96&d=mm&r=g","contentUrl":"https:\/\/secure.gravatar.com\/avatar\/f7f05026bb439d0c96b30e135e5f852c?s=96&d=mm&r=g","caption":"VITA Tribe"},"sameAs":["http:\/\/www.globalong.com"],"url":"https:\/\/www.vita-explorers.dk\/blog\/author\/teamglobalong\/"}]}},"_links":{"self":[{"href":"https:\/\/www.vita-explorers.dk\/blog\/wp-json\/wp\/v2\/posts\/13491"}],"collection":[{"href":"https:\/\/www.vita-explorers.dk\/blog\/wp-json\/wp\/v2\/posts"}],"about":[{"href":"https:\/\/www.vita-explorers.dk\/blog\/wp-json\/wp\/v2\/types\/post"}],"author":[{"embeddable":true,"href":"https:\/\/www.vita-explorers.dk\/blog\/wp-json\/wp\/v2\/users\/7"}],"replies":[{"embeddable":true,"href":"https:\/\/www.vita-explorers.dk\/blog\/wp-json\/wp\/v2\/comments?post=13491"}],"version-history":[{"count":10,"href":"https:\/\/www.vita-explorers.dk\/blog\/wp-json\/wp\/v2\/posts\/13491\/revisions"}],"predecessor-version":[{"id":14989,"href":"https:\/\/www.vita-explorers.dk\/blog\/wp-json\/wp\/v2\/posts\/13491\/revisions\/14989"}],"wp:featuredmedia":[{"embeddable":true,"href":"https:\/\/www.vita-explorers.dk\/blog\/wp-json\/wp\/v2\/media\/12631"}],"wp:attachment":[{"href":"https:\/\/www.vita-explorers.dk\/blog\/wp-json\/wp\/v2\/media?parent=13491"}],"wp:term":[{"taxonomy":"category","embeddable":true,"href":"https:\/\/www.vita-explorers.dk\/blog\/wp-json\/wp\/v2\/categories?post=13491"},{"taxonomy":"post_tag","embeddable":true,"href":"https:\/\/www.vita-explorers.dk\/blog\/wp-json\/wp\/v2\/tags?post=13491"}],"curies":[{"name":"wp","href":"https:\/\/api.w.org\/{rel}","templated":true}]}}