{"id":13598,"date":"2020-07-17T17:40:13","date_gmt":"2020-07-17T15:40:13","guid":{"rendered":"https:\/\/www.globalong.com\/blog\/?p=13598"},"modified":"2024-05-02T12:15:33","modified_gmt":"2024-05-02T10:15:33","slug":"genaabning-af-graenser-og-covid19","status":"publish","type":"post","link":"https:\/\/www.vita-explorers.dk\/blog\/genaabning-af-graenser-og-covid19\/","title":{"rendered":"Gen\u00e5bning af gr\u00e6nserne og covid-19?"},"content":{"rendered":"<div class=\"ti-widget ti-goog\" data-layout-id=\"4\" data-set-id=\"light-background\" data-pid=\"\" data-language=\"fr\" data-version=\"2\" data-review-target-width=\"300\" data-review-text-mode=\"readmore\" data-pager-autoplay-timeout=\"6\" > <div class=\"ti-widget-container ti-col-3\"> <div class=\"ti-reviews-container\"> <div class=\"ti-controls\"> <div class=\"ti-next\" aria-label=\"Avis suivante\" role=\"button\"><\/div> <div class=\"ti-prev\" aria-label=\"Avis pr\u00e9c\u00e9dent\" role=\"button\"><\/div> <\/div> <div class=\"ti-reviews-container-wrapper\">  <div data-empty=\"0\" class=\"ti-review-item source-Google ti-image-layout-thumbnail\" data-id=\"cfcd208495d565ef66e7dff9f98764da\" > <div class=\"ti-inner\"> <div class=\"ti-review-header\"> <div class=\"ti-profile-img\"> <img decoding=\"async\" src=\"https:\/\/lh3.googleusercontent.com\/a\/ACg8ocKpaoKe37CD0_POxO97KqB60GsWQRsIuG2vmCfXT-W_FY44vw=s120-c-rp-mo-br100\" srcset=\"https:\/\/lh3.googleusercontent.com\/a\/ACg8ocKpaoKe37CD0_POxO97KqB60GsWQRsIuG2vmCfXT-W_FY44vw=s120-c-rp-mo-br100 2x\" alt=\"Lucie Correia\" loading=\"lazy\" \/> <\/div> <div class=\"ti-profile-details\"> <div class=\"ti-name\"> Lucie Correia <\/div> <div class=\"ti-date\">2024-10-17<\/div> <\/div> <\/div> <span class=\"ti-stars\"><span class=\"ti-star f\"><\/span><span class=\"ti-star f\"><\/span><span class=\"ti-star f\"><\/span><span class=\"ti-star f\"><\/span><span class=\"ti-star f\"><\/span><\/span> <div class=\"ti-review-text-container ti-review-content\"><!-- R-CONTENT -->La communication avec Globalong est super, personnes tr\u00e8s pr\u00e9sentes pour les b\u00e9n\u00e9voles et \u00e9tudiants partant avec cette association. Elles r\u00e9pondent \u00e0 toutes nos questions et sont tr\u00e8s accessibles au t\u00e9l\u00e9phone.<!-- R-CONTENT --><\/div> <span class=\"ti-read-more\" data-container=\".ti-review-content\" data-collapse-text=\"Cacher\" data-open-text=\"Lire la suite\" ><\/span> <\/div> <\/div>  <div data-empty=\"0\" class=\"ti-review-item source-Google ti-image-layout-thumbnail\" data-id=\"cfcd208495d565ef66e7dff9f98764da\" > <div class=\"ti-inner\"> <div class=\"ti-review-header\"> <div class=\"ti-profile-img\"> <img decoding=\"async\" src=\"https:\/\/lh3.googleusercontent.com\/a-\/ALV-UjWqnnzM7-7c9BDqeTDF-a7pOgNjvLkJ3WshRd_Tn7z0Eu-AGQwo=s120-c-rp-mo-br100\" srcset=\"https:\/\/lh3.googleusercontent.com\/a-\/ALV-UjWqnnzM7-7c9BDqeTDF-a7pOgNjvLkJ3WshRd_Tn7z0Eu-AGQwo=s120-c-rp-mo-br100 2x\" alt=\"Ra\u00efssa Frisch\" loading=\"lazy\" \/> <\/div> <div class=\"ti-profile-details\"> <div class=\"ti-name\"> Ra\u00efssa Frisch <\/div> <div class=\"ti-date\">2024-10-14<\/div> <\/div> <\/div> <span class=\"ti-stars\"><span class=\"ti-star f\"><\/span><span class=\"ti-star f\"><\/span><span class=\"ti-star f\"><\/span><span class=\"ti-star f\"><\/span><span class=\"ti-star f\"><\/span><\/span> <div class=\"ti-review-text-container ti-review-content\"><!-- R-CONTENT -->J\u2019ai d\u00e9j\u00e0 eu l\u2019opportunit\u00e9 de r\u00e9aliser deux projets humanitaires avec l\u2019association Globalong. Je ne peux que la recommander, car j\u2019ai toujours b\u00e9n\u00e9fici\u00e9 d\u2019un excellent accompagnement, aussi bien avant que pendant le voyage. On ne vous laisse pas vous d\u00e9brouiller seuls, bien au contraire, vous \u00eates tr\u00e8s bien encadr\u00e9s pour accomplir toutes les d\u00e9marches dans les d\u00e9lais.\n\nAu-del\u00e0 du suivi, les exp\u00e9riences humanitaires propos\u00e9es par Globalong ne peuvent que transformer votre vie de mani\u00e8re positive. Elles vous apportent une richesse humaine inestimable.<!-- R-CONTENT --><\/div> <span class=\"ti-read-more\" data-container=\".ti-review-content\" data-collapse-text=\"Cacher\" data-open-text=\"Lire la suite\" ><\/span> <\/div> <\/div>  <div data-empty=\"0\" class=\"ti-review-item source-Google ti-image-layout-thumbnail\" data-id=\"cfcd208495d565ef66e7dff9f98764da\" > <div class=\"ti-inner\"> <div class=\"ti-review-header\"> <div class=\"ti-profile-img\"> <img decoding=\"async\" src=\"https:\/\/lh3.googleusercontent.com\/a\/ACg8ocJL-Dxv25YkXK2QwWPNRxTVqZCv5uTmDQDFg5qslKra3vRZew=s120-c-rp-mo-br100\" srcset=\"https:\/\/lh3.googleusercontent.com\/a\/ACg8ocJL-Dxv25YkXK2QwWPNRxTVqZCv5uTmDQDFg5qslKra3vRZew=s120-c-rp-mo-br100 2x\" alt=\"Tara Turan\" loading=\"lazy\" \/> <\/div> <div class=\"ti-profile-details\"> <div class=\"ti-name\"> Tara Turan <\/div> <div class=\"ti-date\">2024-10-14<\/div> <\/div> <\/div> <span class=\"ti-stars\"><span class=\"ti-star f\"><\/span><span class=\"ti-star f\"><\/span><span class=\"ti-star f\"><\/span><span class=\"ti-star f\"><\/span><span class=\"ti-star f\"><\/span><\/span> <div class=\"ti-review-text-container ti-review-content\"><!-- R-CONTENT -->Une des meilleures associations que j\u2019ai pu faire !\nUne organisation et un suivi vraiment parfait, c\u2019est avec grand plaisir que je referai un projet avec eux.<!-- R-CONTENT --><\/div> <span class=\"ti-read-more\" data-container=\".ti-review-content\" data-collapse-text=\"Cacher\" data-open-text=\"Lire la suite\" ><\/span> <\/div> <\/div>  <div data-empty=\"0\" class=\"ti-review-item source-Google ti-image-layout-thumbnail\" data-id=\"cfcd208495d565ef66e7dff9f98764da\" > <div class=\"ti-inner\"> <div class=\"ti-review-header\"> <div class=\"ti-profile-img\"> <img decoding=\"async\" src=\"https:\/\/lh3.googleusercontent.com\/a\/ACg8ocLctTPNovSk3eKM0b_MIPOfcFEQsz2135Cdu59_BWRVsIYC7Q=s120-c-rp-mo-br100\" srcset=\"https:\/\/lh3.googleusercontent.com\/a\/ACg8ocLctTPNovSk3eKM0b_MIPOfcFEQsz2135Cdu59_BWRVsIYC7Q=s120-c-rp-mo-br100 2x\" alt=\"Repiquet Julie\" loading=\"lazy\" \/> <\/div> <div class=\"ti-profile-details\"> <div class=\"ti-name\"> Repiquet Julie <\/div> <div class=\"ti-date\">2024-10-13<\/div> <\/div> <\/div> <span class=\"ti-stars\"><span class=\"ti-star f\"><\/span><span class=\"ti-star f\"><\/span><span class=\"ti-star f\"><\/span><span class=\"ti-star f\"><\/span><span class=\"ti-star f\"><\/span><\/span> <div class=\"ti-review-text-container ti-review-content\"><!-- R-CONTENT -->Tr\u00e8s bon accompagnement de la part de Globalong, du premier jour avec toutes mes interrogations, jusqu'au d\u00e9part dans quelques jours. Le dossier transmis apr\u00e8s validation de la mission est plus que complet, les webmaster tr\u00e8s int\u00e9ressantes et permettent de d\u00e9charger mentalement ce genre de pr\u00e9paration, tout est pr\u00e9vu il n'y a plus qu'\u00e0 suivre ! Merci \u00e0 Florence de r\u00e9pondre \u00e0 toutes mes questions avec gentillesse et bienveillance, cela m'a permis de passer le cap!\nMaintenant, il n'y a plus qu'\u00e0 \ud83d\ude00<!-- R-CONTENT --><\/div> <span class=\"ti-read-more\" data-container=\".ti-review-content\" data-collapse-text=\"Cacher\" data-open-text=\"Lire la suite\" ><\/span> <\/div> <\/div>  <div data-empty=\"0\" class=\"ti-review-item source-Google ti-image-layout-thumbnail\" data-id=\"cfcd208495d565ef66e7dff9f98764da\" > <div class=\"ti-inner\"> <div class=\"ti-review-header\"> <div class=\"ti-profile-img\"> <img decoding=\"async\" src=\"https:\/\/lh3.googleusercontent.com\/a\/ACg8ocJJTdmTWs8nAA0yuH_cKOUgzc6GFAkHBiXhpnnVYXaWMBZsHw=s120-c-rp-mo-br100\" srcset=\"https:\/\/lh3.googleusercontent.com\/a\/ACg8ocJJTdmTWs8nAA0yuH_cKOUgzc6GFAkHBiXhpnnVYXaWMBZsHw=s120-c-rp-mo-br100 2x\" alt=\"Marine Guilhamat\" loading=\"lazy\" \/> <\/div> <div class=\"ti-profile-details\"> <div class=\"ti-name\"> Marine Guilhamat <\/div> <div class=\"ti-date\">2024-10-09<\/div> <\/div> <\/div> <span class=\"ti-stars\"><span class=\"ti-star f\"><\/span><span class=\"ti-star f\"><\/span><span class=\"ti-star f\"><\/span><span class=\"ti-star f\"><\/span><span class=\"ti-star f\"><\/span><\/span> <div class=\"ti-review-text-container ti-review-content\"><!-- R-CONTENT -->Tr\u00e8s belle association qui offre un cadre super s\u00e9curisant et permet de s\u2019investir dans des projets qui ont du sens. Merci \u00e0 l\u2019\u00e9quipe Globalong pour votre disponibilit\u00e9, gentillesse et accompagnement !<!-- R-CONTENT --><\/div> <span class=\"ti-read-more\" data-container=\".ti-review-content\" data-collapse-text=\"Cacher\" data-open-text=\"Lire la suite\" ><\/span> <\/div> <\/div>  <div data-empty=\"0\" class=\"ti-review-item source-Google ti-image-layout-thumbnail\" data-id=\"cfcd208495d565ef66e7dff9f98764da\" > <div class=\"ti-inner\"> <div class=\"ti-review-header\"> <div class=\"ti-profile-img\"> <img decoding=\"async\" src=\"https:\/\/lh3.googleusercontent.com\/a\/ACg8ocIgITHXKo46qgJyPqlJeAcxz11gCKUJpGIk2qauiIe2O3iZ6w=s120-c-rp-mo-br100\" srcset=\"https:\/\/lh3.googleusercontent.com\/a\/ACg8ocIgITHXKo46qgJyPqlJeAcxz11gCKUJpGIk2qauiIe2O3iZ6w=s120-c-rp-mo-br100 2x\" alt=\"Laura Mercier\" loading=\"lazy\" \/> <\/div> <div class=\"ti-profile-details\"> <div class=\"ti-name\"> Laura Mercier <\/div> <div class=\"ti-date\">2024-10-08<\/div> <\/div> <\/div> <span class=\"ti-stars\"><span class=\"ti-star f\"><\/span><span class=\"ti-star f\"><\/span><span class=\"ti-star f\"><\/span><span class=\"ti-star f\"><\/span><span class=\"ti-star f\"><\/span><\/span> <div class=\"ti-review-text-container ti-review-content\"><!-- R-CONTENT -->Mon d\u00e9part approche, je pars dans une semaine, et depuis le d\u00e9but de mon inscription je suis tr\u00e8s satisfaite du suivi effectu\u00e9 par l\u2019association. Ils sont tr\u00e8s disponibles et r\u00e9pondent rapidement \u00e0 l\u2019ensemble des questions. Je suis tr\u00e8s contente de partir faire cette mission humanitaire encadr\u00e9e par cette association. Je recommande vraiment.<!-- R-CONTENT --><\/div> <span class=\"ti-read-more\" data-container=\".ti-review-content\" data-collapse-text=\"Cacher\" data-open-text=\"Lire la suite\" ><\/span> <\/div> <\/div>  <div data-empty=\"0\" class=\"ti-review-item source-Google ti-image-layout-thumbnail\" data-id=\"cfcd208495d565ef66e7dff9f98764da\" > <div class=\"ti-inner\"> <div class=\"ti-review-header\"> <div class=\"ti-profile-img\"> <img decoding=\"async\" src=\"https:\/\/lh3.googleusercontent.com\/a-\/ALV-UjVVr0YMQhXl8QNEEB32l-rnoaYwvRZUjIEX9OEwPE_1fQwzIyk=s120-c-rp-mo-br100\" srcset=\"https:\/\/lh3.googleusercontent.com\/a-\/ALV-UjVVr0YMQhXl8QNEEB32l-rnoaYwvRZUjIEX9OEwPE_1fQwzIyk=s120-c-rp-mo-br100 2x\" alt=\"Anouk Rzkt\" loading=\"lazy\" \/> <\/div> <div class=\"ti-profile-details\"> <div class=\"ti-name\"> Anouk Rzkt <\/div> <div class=\"ti-date\">2024-10-02<\/div> <\/div> <\/div> <span class=\"ti-stars\"><span class=\"ti-star f\"><\/span><span class=\"ti-star f\"><\/span><span class=\"ti-star f\"><\/span><span class=\"ti-star f\"><\/span><span class=\"ti-star f\"><\/span><\/span> <div class=\"ti-review-text-container ti-review-content\"><!-- R-CONTENT -->Globalong est l'association parfaite. L'\u00e9quipe offre un v\u00e9ritable accompagnement rythm\u00e9 par beaucoup de conseils et d'\u00e9coute. Le site est tr\u00e8s bien fait avec des dossiers complets allant des sujets tr\u00e8s pratiques a d'autres plus th\u00e9oriques (tels que le choc culturel par exemple). Je recommande vivement et remercie sinc\u00e8rement toute l'\u00e9quipe pour leur gentillesse et investissement !<!-- R-CONTENT --><\/div> <span class=\"ti-read-more\" data-container=\".ti-review-content\" data-collapse-text=\"Cacher\" data-open-text=\"Lire la suite\" ><\/span> <\/div> <\/div>  <\/div> <div class=\"ti-controls-line\"> <div class=\"dot\"><\/div> <\/div> <\/div> <div class=\"ti-footer\"> <div class=\"ti-rating-text\"> <span class=\"nowrap\">\u00c9valuation <strong>Google<\/strong> : <\/span><span class=\"nowrap\"><strong>4.8<\/strong> sur 5, <\/span><span class=\"nowrap\">Bas\u00e9e sur <strong>240 avis<\/strong><\/span> <\/div> <\/div>  <\/div> <\/div> \n<p style=\"text-align: justify;\"><strong>Nye regler for gen\u00e5bning af gr\u00e6nser.<\/strong><a href=\"https:\/\/www.vita-explorers.dk\/blog\/wp-content\/uploads\/2020\/04\/94727526_1300473983481203_2662204421517082624_n.jpg\"><img loading=\"lazy\" decoding=\"async\" class=\"wp-image-13477 aligncenter\" src=\"https:\/\/www.vita-explorers.dk\/blog\/wp-content\/uploads\/2020\/04\/94727526_1300473983481203_2662204421517082624_n-150x150.jpg\" alt=\"\" width=\"250\" height=\"333\" srcset=\"https:\/\/www.vita-explorers.dk\/blog\/wp-content\/uploads\/2020\/04\/94727526_1300473983481203_2662204421517082624_n-225x300.jpg 225w, https:\/\/www.vita-explorers.dk\/blog\/wp-content\/uploads\/2020\/04\/94727526_1300473983481203_2662204421517082624_n-113x150.jpg 113w, https:\/\/www.vita-explorers.dk\/blog\/wp-content\/uploads\/2020\/04\/94727526_1300473983481203_2662204421517082624_n.jpg 720w\" sizes=\"(max-width: 250px) 100vw, 250px\" \/><\/a><\/p>\n<h1 style=\"text-align: justify;\"><span style=\"font-size: 12pt;\">I flere m\u00e5neder har milliarder af mennesker verden over v\u00e6ret ramt af en meget utryg og s\u00e5rbar situation. <strong>Nedlukningerne<\/strong> har haft alvorlige konsekvenser for de mest udsatte \u2013 og for natur og milj\u00f8 mange steder. <strong>Verden efter krisen bliver ikke helt den samme,<\/strong> og behovet for f\u00e6llesskaber og engagement bliver kun st\u00f8rre, fordi <strong>eftersp\u00f8rgslen aldrig har v\u00e6ret h\u00f8jere.<\/strong><\/span><\/h1>\n<p style=\"text-align: justify;\">Gennem hele denne <strong>globale sundhedskrise<\/strong> har de internationale koordinatorer hos <span style=\"text-decoration: underline;\"><a href=\"https:\/\/www.vita-explorers.dk\/association-globalong.html\" target=\"_blank\" rel=\"noopener noreferrer\">VITA Institute<\/a><\/span> l\u00f8bende st\u00f8ttet mennesker i de mest pressede situationer.<\/p>\n<p style=\"text-align: justify;\"> <strong>Deltagere<\/strong> som har v\u00e6ret n\u00f8dt til at afbryde deres <strong>ophold i udlandet<\/strong> afventer nu muligheden for at kunne vende tilbage.<\/p>\n<p style=\"text-align: justify;\"><img loading=\"lazy\" decoding=\"async\" class=\"wp-image-12875 aligncenter\" src=\"https:\/\/www.vita-explorers.dk\/blog\/wp-content\/uploads\/2019\/09\/DSCF1702-150x150.jpg\" alt=\"\" width=\"250\" height=\"188\" srcset=\"https:\/\/www.vita-explorers.dk\/blog\/wp-content\/uploads\/2019\/09\/DSCF1702-300x225.jpg 300w, https:\/\/www.vita-explorers.dk\/blog\/wp-content\/uploads\/2019\/09\/DSCF1702-768x576.jpg 768w, https:\/\/www.vita-explorers.dk\/blog\/wp-content\/uploads\/2019\/09\/DSCF1702-1024x768.jpg 1024w, https:\/\/www.vita-explorers.dk\/blog\/wp-content\/uploads\/2019\/09\/DSCF1702-150x113.jpg 150w\" sizes=\"(max-width: 250px) 100vw, 250px\" \/><\/p>\n<p style=\"text-align: justify;\">Det operationelle team i Frankrig, som stod for hjemrejse for medlemmer p\u00e5 ophold i udlandet, vil i den n\u00e6rmeste fremtid ogs\u00e5 organisere deltagernes tilbagevenden, s\u00e5 de kan afslutte deres forl\u00f8b under de bedst mulige sundhedsm\u00e6ssige forhold og med st\u00f8rst mulig sikkerhed.<\/p>\n<p style=\"text-align: justify;\">.Siden starten p\u00e5 <strong>den globale sundhedskrise<\/strong> har <strong>VITA Institute<\/strong> modtaget henvendelser fra mange <strong>internationale NGO\u2019er.<\/strong><\/p>\n<h3 style=\"text-align: justify;\"><a href=\"https:\/\/www.vita-explorers.dk\/blog\/wp-content\/uploads\/2019\/05\/VolunteerInColombia.Beekeeping.5-min.jpg\"><img loading=\"lazy\" decoding=\"async\" class=\"wp-image-12627 aligncenter\" src=\"https:\/\/www.vita-explorers.dk\/blog\/wp-content\/uploads\/2019\/05\/VolunteerInColombia.Beekeeping.5-min-150x150.jpg\" alt=\"\" width=\"250\" height=\"188\" srcset=\"https:\/\/www.vita-explorers.dk\/blog\/wp-content\/uploads\/2019\/05\/VolunteerInColombia.Beekeeping.5-min-300x225.jpg 300w, https:\/\/www.vita-explorers.dk\/blog\/wp-content\/uploads\/2019\/05\/VolunteerInColombia.Beekeeping.5-min-768x576.jpg 768w, https:\/\/www.vita-explorers.dk\/blog\/wp-content\/uploads\/2019\/05\/VolunteerInColombia.Beekeeping.5-min-150x113.jpg 150w, https:\/\/www.vita-explorers.dk\/blog\/wp-content\/uploads\/2019\/05\/VolunteerInColombia.Beekeeping.5-min.jpg 900w\" sizes=\"(max-width: 250px) 100vw, 250px\" \/><\/a>Henvendelserne handler is\u00e6r om <strong>logistisk st\u00f8tte,<\/strong> adgang til deltagere og\/eller \u00f8konomisk st\u00f8tte. Disse <strong>NGO\u2019er<\/strong> arbejder inden for <strong>sociale og milj\u00f8m\u00e6ssige indsatser,<\/strong> og der er allerede bekr\u00e6ftet aftaler om nye projekter i Europa og resten af verden.<br \/>\n<span style=\"font-size: 12pt;\">Der er nu nye internationale forl\u00f8b tilg\u00e6ngelige i lande som:<\/span><br \/>\n<span style=\"font-size: 12pt;\"><strong>Armenien, Cambodja, Gr\u00e6kenland, Mauritius, Indien, Kenya, Laos, Moldova, New Zealand, Portugal, Den Dominikanske Republik, Slovakiet, Sri Lanka, Tanzania.<\/strong><\/span><br \/>\nFor mere information kan medlemmer kontakte<br \/>\nmere information hos deres kontaktperson via mail p\u00e5<br \/>\n<a href=\"mailto:info@globalong.com\">info@globalong.com<\/a>. <a href=\"https:\/\/www.vita-explorers.dk\/blog\/wp-content\/uploads\/2020\/04\/94883301_1300473876814547_4785795355427995648_n.jpg\"><img loading=\"lazy\" decoding=\"async\" class=\"wp-image-13479 aligncenter\" src=\"https:\/\/www.vita-explorers.dk\/blog\/wp-content\/uploads\/2020\/04\/94883301_1300473876814547_4785795355427995648_n-150x150.jpg\" alt=\"\" width=\"250\" height=\"188\" srcset=\"https:\/\/www.vita-explorers.dk\/blog\/wp-content\/uploads\/2020\/04\/94883301_1300473876814547_4785795355427995648_n-300x225.jpg 300w, https:\/\/www.vita-explorers.dk\/blog\/wp-content\/uploads\/2020\/04\/94883301_1300473876814547_4785795355427995648_n-768x576.jpg 768w, https:\/\/www.vita-explorers.dk\/blog\/wp-content\/uploads\/2020\/04\/94883301_1300473876814547_4785795355427995648_n-150x113.jpg 150w, https:\/\/www.vita-explorers.dk\/blog\/wp-content\/uploads\/2020\/04\/94883301_1300473876814547_4785795355427995648_n.jpg 960w\" sizes=\"(max-width: 250px) 100vw, 250px\" \/><\/a> Alle projekter kan ogs\u00e5 tage imod <strong>internationale studerende<\/strong> \u2013 blandt andet i forbindelse med en <strong>praktikaftale i udlandet.<\/strong><br \/>\nI dag, <strong>den 17. juli 2020,<\/strong> g\u00f8r vi status over de lande, der igen tager imod nye medlemmer fra <strong>VITA Institute.<\/strong><\/h3>\n<p style=\"text-align: justify;\"><strong>Internationalt frivilligt arbejde, \u00f8ko-frivilligt arbejde, praktik og humanit\u00e6re ophold i Europa?<br \/>\n<\/strong> Lempelsen g\u00e6lder ikke kun EU-borgere, og der er udarbejdet en liste over lande uden for EU.<\/p>\n<p style=\"text-align: justify;\"><img loading=\"lazy\" decoding=\"async\" class=\"wp-image-10266 aligncenter\" src=\"https:\/\/www.vita-explorers.dk\/blog\/wp-content\/uploads\/2018\/06\/Taj-Mahal-avec-Globalong-min-150x150.jpg\" alt=\"\" width=\"250\" height=\"188\" srcset=\"https:\/\/www.vita-explorers.dk\/blog\/wp-content\/uploads\/2018\/06\/Taj-Mahal-avec-Globalong-min-300x225.jpg 300w, https:\/\/www.vita-explorers.dk\/blog\/wp-content\/uploads\/2018\/06\/Taj-Mahal-avec-Globalong-min-768x576.jpg 768w, https:\/\/www.vita-explorers.dk\/blog\/wp-content\/uploads\/2018\/06\/Taj-Mahal-avec-Globalong-min-1024x768.jpg 1024w, https:\/\/www.vita-explorers.dk\/blog\/wp-content\/uploads\/2018\/06\/Taj-Mahal-avec-Globalong-min-150x113.jpg 150w, https:\/\/www.vita-explorers.dk\/blog\/wp-content\/uploads\/2018\/06\/Taj-Mahal-avec-Globalong-min.jpg 1600w\" sizes=\"(max-width: 250px) 100vw, 250px\" \/><\/p>\n<p style=\"text-align: justify;\">Listen kan hurtigt \u00e6ndre sig og vil blive opdateret meget regelm\u00e6ssigt (hver fjortende dag). De <strong>EU-lande<\/strong> der tager imod internationale deltagere, er:<\/p>\n<p style=\"text-align: justify;\">Stort set alle medlemslande i <strong>EU<\/strong> er blevet enige og har godkendt gen\u00e5bning af deres gr\u00e6nser ved at lempe reglerne for indrejse for udenlandske rejsende og dermed oph\u00e6ve forbuddet mod ikke-n\u00f8dvendige rejser.<\/p>\n<p style=\"text-align: justify;\"><img loading=\"lazy\" decoding=\"async\" class=\"wp-image-10122 aligncenter\" src=\"https:\/\/www.vita-explorers.dk\/blog\/wp-content\/uploads\/2018\/06\/Vol1_turtle-2-min-150x150.jpg\" alt=\"\" width=\"250\" height=\"170\" srcset=\"https:\/\/www.vita-explorers.dk\/blog\/wp-content\/uploads\/2018\/06\/Vol1_turtle-2-min-300x204.jpg 300w, https:\/\/www.vita-explorers.dk\/blog\/wp-content\/uploads\/2018\/06\/Vol1_turtle-2-min-768x522.jpg 768w, https:\/\/www.vita-explorers.dk\/blog\/wp-content\/uploads\/2018\/06\/Vol1_turtle-2-min-1024x697.jpg 1024w, https:\/\/www.vita-explorers.dk\/blog\/wp-content\/uploads\/2018\/06\/Vol1_turtle-2-min-150x102.jpg 150w, https:\/\/www.vita-explorers.dk\/blog\/wp-content\/uploads\/2018\/06\/Vol1_turtle-2-min.jpg 1426w\" sizes=\"(max-width: 250px) 100vw, 250px\" \/><\/p>\n<p style=\"text-align: justify;\"><strong>Italien, Spanien, Tyskland, \u00d8strig, Storbritannien, Irland, Gr\u00e6kenland, Malta, Belgien, Danmark, Island samt langt de fleste \u00f8vrige europ\u00e6iske lande.<\/strong><\/p>\n<p style=\"text-align: justify;\">P\u00e5 grund af <strong>sundhedskrisen<\/strong> kan hvert lands indrejseregler \u00e6ndre sig uden varsel. Derfor anbefaler vi, at alle medlemmer altid f\u00e5r en bekr\u00e6ftelse hos deres kontaktperson f\u00f8r hver <strong>rejse til udlandet.<\/strong><\/p>\n<p style=\"text-align: justify;\"><strong>Hvilke lande uden for EU tager imod internationale deltagere?<\/strong><br \/>\n<img loading=\"lazy\" decoding=\"async\" class=\"wp-image-9476 aligncenter\" style=\"text-align: justify;\" src=\"https:\/\/www.vita-explorers.dk\/blog\/wp-content\/uploads\/2018\/04\/thailand_08-150x150.jpg\" alt=\"\" width=\"250\" height=\"250\" srcset=\"https:\/\/www.vita-explorers.dk\/blog\/wp-content\/uploads\/2018\/04\/thailand_08-150x150.jpg 150w, https:\/\/www.vita-explorers.dk\/blog\/wp-content\/uploads\/2018\/04\/thailand_08.jpg 190w\" sizes=\"(max-width: 250px) 100vw, 250px\" \/>P\u00e5 nuv\u00e6rende tidspunkt har mange lande uden for <strong>Schengen-omr\u00e5det<\/strong> besluttet at gen\u00e5bne gr\u00e6nserne for at kunne tage imod <strong>internationale deltagere.<\/strong><\/p>\n<p style=\"text-align: justify;\">Nogle med <strong>stramme sundhedsrestriktioner<\/strong>, mens andre i praksis er vendt tilbage til reglerne fra f\u00f8r krisen. <strong>Jamaica, Senegal, Tanzania, Elfenbenskysten, Gal\u00e1pagos\u00f8erne (Ecuador)<\/strong> samt flere andre lande er begyndt at gen\u00e5bne for borgere fra EU.<\/p>\n<p style=\"text-align: justify;\">Vi vil l\u00f8bende dele den opdaterede liste med medlemmer over de lande, der gen\u00e5bner deres gr\u00e6nser.<br \/>\nDet er kun begyndelsen, men der ser ud til gradvist at komme flere <strong>tilladelser til rejser til udlandet<\/strong>.<br \/>\nTilladelser gives<br \/>\nfra sag til sag, og mange lande arbejder med<br \/>\n<strong>gensidighedsprincippet.<\/strong><\/p>\n<p style=\"text-align: justify;\"><img loading=\"lazy\" decoding=\"async\" class=\"wp-image-13229 aligncenter\" src=\"https:\/\/www.vita-explorers.dk\/blog\/wp-content\/uploads\/2020\/01\/79180857_1177053042489965_5888870886936674304_n-150x150.jpg\" alt=\"\" width=\"250\" height=\"188\" srcset=\"https:\/\/www.vita-explorers.dk\/blog\/wp-content\/uploads\/2020\/01\/79180857_1177053042489965_5888870886936674304_n-300x225.jpg 300w, https:\/\/www.vita-explorers.dk\/blog\/wp-content\/uploads\/2020\/01\/79180857_1177053042489965_5888870886936674304_n-768x576.jpg 768w, https:\/\/www.vita-explorers.dk\/blog\/wp-content\/uploads\/2020\/01\/79180857_1177053042489965_5888870886936674304_n-150x113.jpg 150w, https:\/\/www.vita-explorers.dk\/blog\/wp-content\/uploads\/2020\/01\/79180857_1177053042489965_5888870886936674304_n.jpg 960w\" sizes=\"(max-width: 250px) 100vw, 250px\" \/><\/p>\n<p style=\"text-align: justify;\">Hele teamet hos <strong>VITA Institute<\/strong> \u2013 b\u00e5de i Frankrig og internationalt \u2013 siger tak for jeres st\u00f8tte og for de mange opmuntrende beskeder.<br \/>\nHvis du vil l\u00e6se mere om <strong>rejserestriktioner<\/strong> efter destination, kan du bruge dette site:  <a href=\"https:\/\/www.iatatravelcentre.com\/international-travel-document-news\/1580226297.htm\" data-saferedirecturl=\"https:\/\/www.google.com\/url?q=https:\/\/www.iatatravelcentre.com\/international-travel-document-news\/1580226297.htm&#038;source=gmail&#038;ust=1595081928386000&#038;usg=AFQjCNH7slyjCM9aItxwk7a_WeYdgY5zSg\">https:\/\/www.iatatravelcentre.com\/international-travel-document-news\/1580226297.htm<\/a><\/p>\n<p style=\"text-align: justify;\">Medlemmernes sikkerhed er <strong>vores f\u00f8rsteprioritet,<\/strong> og derfor har VITA\u2019s koordinatorer i hvert land <strong>implementeret en klar sundhedsprotokol,<\/strong> som er udviklet og tilpasset til hvert projekt.<\/p>\n<p><img loading=\"lazy\" decoding=\"async\" class=\"wp-image-12657 aligncenter\" src=\"https:\/\/www.vita-explorers.dk\/blog\/wp-content\/uploads\/2019\/05\/24049280088_a1c89cb5e6_m-150x150.jpg\" alt=\"\" width=\"250\" height=\"172\" srcset=\"https:\/\/www.vita-explorers.dk\/blog\/wp-content\/uploads\/2019\/05\/24049280088_a1c89cb5e6_m-150x103.jpg 150w, https:\/\/www.vita-explorers.dk\/blog\/wp-content\/uploads\/2019\/05\/24049280088_a1c89cb5e6_m.jpg 240w\" sizes=\"(max-width: 250px) 100vw, 250px\" \/><\/p>\n<p style=\"text-align: justify;\">Protokollen er udarbejdet i tr\u00e5d med retningslinjerne fra <strong>Verdenssundhedsorganisationen (WHO)<\/strong> i dialog med sundhedsmyndighederne i de relevante lande.<br \/>\nVITA har stor tillid til den enkelte deltagers d\u00f8mmekraft, og under hele krisen relateret til <strong>COVID-19<\/strong> vil alle, der deltager i internationale forl\u00f8b, s\u00e5 vidt muligt blive bedt om at <strong>handle ansvarligt<\/strong> af hensyn til alle og l\u00f8bende m\u00e5le deres temperatur med udstyr, der stilles til r\u00e5dighed.<a href=\"https:\/\/www.vita-explorers.dk\/blog\/wp-content\/uploads\/2019\/04\/passeport-visa2-300x225-min.jpg\"><img loading=\"lazy\" decoding=\"async\" class=\"wp-image-12502 aligncenter\" src=\"https:\/\/www.vita-explorers.dk\/blog\/wp-content\/uploads\/2019\/04\/passeport-visa2-300x225-min-150x150.jpg\" alt=\"\" width=\"250\" height=\"188\" srcset=\"https:\/\/www.vita-explorers.dk\/blog\/wp-content\/uploads\/2019\/04\/passeport-visa2-300x225-min.jpg 300w, https:\/\/www.vita-explorers.dk\/blog\/wp-content\/uploads\/2019\/04\/passeport-visa2-300x225-min-150x113.jpg 150w\" sizes=\"(max-width: 250px) 100vw, 250px\" \/><\/a><br \/>\nDet vil ogs\u00e5 blive forventet, at <strong>praktikanter og deltagere p\u00e5 internationale ophold<\/strong> overholder <strong>afstandsanbefalinger<\/strong> og g\u00f8r deres bedste for at efterleve og medvirke til at sikre de n\u00f8dvendige <strong>smitteforebyggende retningslinjer<\/strong>. De relevante sundhedsoplysninger for hver destination sendes til medlemmer f\u00f8r afrejse.<br \/>\n<strong>Ved symptomer og\/eller p\u00e5vist feber bedes deltagere kontakte de ansvarlige p\u00e5 stedet og isolere sig, indtil der kan arrangeres en l\u00e6gekonsultation.<\/strong><\/p>\n<p><img loading=\"lazy\" decoding=\"async\" class=\"wp-image-12348 aligncenter\" style=\"text-align: justify;\" src=\"https:\/\/www.vita-explorers.dk\/blog\/wp-content\/uploads\/2019\/01\/1-Rurrenabaque-San-Miguel-Voyage-Rurrenabaque-17.59-23.mars2015-1-min-150x150.jpg\" alt=\"\" width=\"250\" height=\"167\" srcset=\"https:\/\/www.vita-explorers.dk\/blog\/wp-content\/uploads\/2019\/01\/1-Rurrenabaque-San-Miguel-Voyage-Rurrenabaque-17.59-23.mars2015-1-min-300x200.jpg 300w, https:\/\/www.vita-explorers.dk\/blog\/wp-content\/uploads\/2019\/01\/1-Rurrenabaque-San-Miguel-Voyage-Rurrenabaque-17.59-23.mars2015-1-min-768x512.jpg 768w, https:\/\/www.vita-explorers.dk\/blog\/wp-content\/uploads\/2019\/01\/1-Rurrenabaque-San-Miguel-Voyage-Rurrenabaque-17.59-23.mars2015-1-min-1024x683.jpg 1024w, https:\/\/www.vita-explorers.dk\/blog\/wp-content\/uploads\/2019\/01\/1-Rurrenabaque-San-Miguel-Voyage-Rurrenabaque-17.59-23.mars2015-1-min-150x100.jpg 150w, https:\/\/www.vita-explorers.dk\/blog\/wp-content\/uploads\/2019\/01\/1-Rurrenabaque-San-Miguel-Voyage-Rurrenabaque-17.59-23.mars2015-1-min.jpg 1600w\" sizes=\"(max-width: 250px) 100vw, 250px\" \/><\/p>\n<p><span style=\"text-align: justify;\"><strong>COVID-19<\/strong> er fortsat til stede, og medlemmers internationale engagement i en s\u00e5dan periode vidner om ansvarlighed og omtanke.<\/span><\/p>\n<p style=\"text-align: justify;\">Du er altid velkommen til at kontakte os for flere oplysninger p\u00e5 <a href=\"mailto:info@globalong.com\">info@globalong.com<\/a><\/p>\n<p style=\"text-align: justify;\"><a href=\"https:\/\/www.flickr.com\/photos\/globalong\/albums\/72157671053729330\" target=\"_blank\" rel=\"noopener noreferrer\">Se billeder fra Namibia.<\/a><br \/>\n<strong><br \/>\n<\/strong><a href=\"https:\/\/www.vita-explorers.dk\/frivilligt-arbejde\/frivilligt-arbejde-humanitaert-afrika-namibie-ansvarlig-rejse.html\" target=\"_blank\" rel=\"noopener noreferrer\">Se programmerne i Namibia.<\/a><\/p>\n<p style=\"text-align: justify;\"><a href=\"http:\/\/www.vita-explorers.dk\" target=\"_blank\" rel=\"noopener noreferrer\">VITA<\/a><\/p>\n","protected":false},"excerpt":{"rendered":"<p>Nye regler for gen\u00e5bning af gr\u00e6nser. I flere m\u00e5neder har milliarder af mennesker verden over v\u00e6ret ramt af en meget utryg og s\u00e5rbar situation.\u2026<\/p>\n","protected":false},"author":7,"featured_media":8946,"comment_status":"open","ping_status":"open","sticky":false,"template":"","format":"standard","meta":{"footnotes":""},"categories":[1,6,472,3],"tags":[],"yoast_head":"<!-- This site is optimized with the Yoast SEO Premium plugin v23.4 (Yoast SEO v23.4) - https:\/\/yoast.com\/wordpress\/plugins\/seo\/ -->\n<title>Gen\u00e5bning af gr\u00e6nserne og covid-19? - VITA Explorers Blog<\/title>\n<meta name=\"robots\" content=\"index, follow, max-snippet:-1, max-image-preview:large, max-video-preview:-1\" \/>\n<link rel=\"canonical\" href=\"https:\/\/www.vita-explorers.dk\/blog\/genaabning-af-graenser-og-covid19\/\" \/>\n<meta property=\"og:locale\" content=\"da_DK\" \/>\n<meta property=\"og:type\" content=\"article\" \/>\n<meta property=\"og:title\" content=\"Gen\u00e5bning af gr\u00e6nserne og covid-19?\" \/>\n<meta property=\"og:description\" content=\"Nye regler for gen\u00e5bning af gr\u00e6nser. I flere m\u00e5neder har milliarder af mennesker verden over v\u00e6ret ramt af en meget utryg og s\u00e5rbar situation.\u2026\" \/>\n<meta property=\"og:url\" content=\"https:\/\/www.vita-explorers.dk\/blog\/genaabning-af-graenser-og-covid19\/\" \/>\n<meta property=\"og:site_name\" content=\"VITA Explorers Blog\" \/>\n<meta property=\"article:publisher\" content=\"https:\/\/www.facebook.com\/globalong\" \/>\n<meta property=\"article:published_time\" content=\"2020-07-17T15:40:13+00:00\" \/>\n<meta property=\"article:modified_time\" content=\"2024-05-02T10:15:33+00:00\" \/>\n<meta property=\"og:image\" content=\"https:\/\/www.vita-explorers.dk\/blog\/wp-content\/uploads\/2018\/01\/Logo-et-Afrique-Globalong2.jpg\" \/>\n\t<meta property=\"og:image:width\" content=\"250\" \/>\n\t<meta property=\"og:image:height\" content=\"172\" \/>\n\t<meta property=\"og:image:type\" content=\"image\/jpeg\" \/>\n<meta name=\"author\" content=\"VITA Tribe\" \/>\n<meta name=\"twitter:card\" content=\"summary_large_image\" \/>\n<meta name=\"twitter:label1\" content=\"Skrevet af\" \/>\n\t<meta name=\"twitter:data1\" content=\"VITA Tribe\" \/>\n\t<meta name=\"twitter:label2\" content=\"Estimeret l\u00e6setid\" \/>\n\t<meta name=\"twitter:data2\" content=\"4 minutter\" \/>\n<script type=\"application\/ld+json\" class=\"yoast-schema-graph\">{\"@context\":\"https:\/\/schema.org\",\"@graph\":[{\"@type\":\"Article\",\"@id\":\"https:\/\/www.vita-explorers.dk\/blog\/genaabning-af-graenser-og-covid19\/#article\",\"isPartOf\":{\"@id\":\"https:\/\/www.vita-explorers.dk\/blog\/genaabning-af-graenser-og-covid19\/\"},\"author\":{\"name\":\"VITA Tribe\",\"@id\":\"https:\/\/www.vita-explorers.dk\/blog\/#\/schema\/person\/fc0343a2f2db2ebb2793c1f62dbe73f0\"},\"headline\":\"Gen\u00e5bning af gr\u00e6nserne og covid-19?\",\"datePublished\":\"2020-07-17T15:40:13+00:00\",\"dateModified\":\"2024-05-02T10:15:33+00:00\",\"mainEntityOfPage\":{\"@id\":\"https:\/\/www.vita-explorers.dk\/blog\/genaabning-af-graenser-og-covid19\/\"},\"wordCount\":831,\"commentCount\":0,\"publisher\":{\"@id\":\"https:\/\/www.vita-explorers.dk\/blog\/#organization\"},\"image\":{\"@id\":\"https:\/\/www.vita-explorers.dk\/blog\/genaabning-af-graenser-og-covid19\/#primaryimage\"},\"thumbnailUrl\":\"https:\/\/www.vita-explorers.dk\/blog\/wp-content\/uploads\/2018\/01\/Logo-et-Afrique-Globalong2.jpg\",\"articleSection\":[\"No Name\",\"Nyheder\",\"Oplysning\",\"Rejser - generelle oplysninger\"],\"inLanguage\":\"da-DK\",\"potentialAction\":[{\"@type\":\"CommentAction\",\"name\":\"Comment\",\"target\":[\"https:\/\/www.vita-explorers.dk\/blog\/genaabning-af-graenser-og-covid19\/#respond\"]}]},{\"@type\":\"WebPage\",\"@id\":\"https:\/\/www.vita-explorers.dk\/blog\/genaabning-af-graenser-og-covid19\/\",\"url\":\"https:\/\/www.vita-explorers.dk\/blog\/genaabning-af-graenser-og-covid19\/\",\"name\":\"Gen\u00e5bning af gr\u00e6nserne og covid-19? - VITA Explorers Blog\",\"isPartOf\":{\"@id\":\"https:\/\/www.vita-explorers.dk\/blog\/#website\"},\"primaryImageOfPage\":{\"@id\":\"https:\/\/www.vita-explorers.dk\/blog\/genaabning-af-graenser-og-covid19\/#primaryimage\"},\"image\":{\"@id\":\"https:\/\/www.vita-explorers.dk\/blog\/genaabning-af-graenser-og-covid19\/#primaryimage\"},\"thumbnailUrl\":\"https:\/\/www.vita-explorers.dk\/blog\/wp-content\/uploads\/2018\/01\/Logo-et-Afrique-Globalong2.jpg\",\"datePublished\":\"2020-07-17T15:40:13+00:00\",\"dateModified\":\"2024-05-02T10:15:33+00:00\",\"breadcrumb\":{\"@id\":\"https:\/\/www.vita-explorers.dk\/blog\/genaabning-af-graenser-og-covid19\/#breadcrumb\"},\"inLanguage\":\"da-DK\",\"potentialAction\":[{\"@type\":\"ReadAction\",\"target\":[\"https:\/\/www.vita-explorers.dk\/blog\/genaabning-af-graenser-og-covid19\/\"]}]},{\"@type\":\"ImageObject\",\"inLanguage\":\"da-DK\",\"@id\":\"https:\/\/www.vita-explorers.dk\/blog\/genaabning-af-graenser-og-covid19\/#primaryimage\",\"url\":\"https:\/\/www.vita-explorers.dk\/blog\/wp-content\/uploads\/2018\/01\/Logo-et-Afrique-Globalong2.jpg\",\"contentUrl\":\"https:\/\/www.vita-explorers.dk\/blog\/wp-content\/uploads\/2018\/01\/Logo-et-Afrique-Globalong2.jpg\",\"width\":250,\"height\":172},{\"@type\":\"BreadcrumbList\",\"@id\":\"https:\/\/www.vita-explorers.dk\/blog\/genaabning-af-graenser-og-covid19\/#breadcrumb\",\"itemListElement\":[{\"@type\":\"ListItem\",\"position\":1,\"name\":\"Accueil\",\"item\":\"https:\/\/www.vita-explorers.dk\/blog\/\"},{\"@type\":\"ListItem\",\"position\":2,\"name\":\"Gen\u00e5bning af gr\u00e6nserne og covid-19?\"}]},{\"@type\":\"WebSite\",\"@id\":\"https:\/\/www.vita-explorers.dk\/blog\/#website\",\"url\":\"https:\/\/www.vita-explorers.dk\/blog\/\",\"name\":\"Association Globalong\",\"description\":\"Frivilligt arbejde, sprogophold, praktik i udlandet og internationale oplevelser\",\"publisher\":{\"@id\":\"https:\/\/www.vita-explorers.dk\/blog\/#organization\"},\"potentialAction\":[{\"@type\":\"SearchAction\",\"target\":{\"@type\":\"EntryPoint\",\"urlTemplate\":\"https:\/\/www.vita-explorers.dk\/blog\/?s={search_term_string}\"},\"query-input\":{\"@type\":\"PropertyValueSpecification\",\"valueRequired\":true,\"valueName\":\"search_term_string\"}}],\"inLanguage\":\"da-DK\"},{\"@type\":\"Organization\",\"@id\":\"https:\/\/www.vita-explorers.dk\/blog\/#organization\",\"name\":\"Association Globalong\",\"url\":\"https:\/\/www.vita-explorers.dk\/blog\/\",\"logo\":{\"@type\":\"ImageObject\",\"inLanguage\":\"da-DK\",\"@id\":\"https:\/\/www.vita-explorers.dk\/blog\/#\/schema\/logo\/image\/\",\"url\":\"https:\/\/www.globalong.com\/blog\/wp-content\/uploads\/2014\/11\/cropped-cropped-Logo-et-Afrique-Globalong-petite-taille-2.jpg\",\"contentUrl\":\"https:\/\/www.globalong.com\/blog\/wp-content\/uploads\/2014\/11\/cropped-cropped-Logo-et-Afrique-Globalong-petite-taille-2.jpg\",\"width\":512,\"height\":512,\"caption\":\"Association Globalong\"},\"image\":{\"@id\":\"https:\/\/www.vita-explorers.dk\/blog\/#\/schema\/logo\/image\/\"},\"sameAs\":[\"https:\/\/www.facebook.com\/globalong\"]},{\"@type\":\"Person\",\"@id\":\"https:\/\/www.vita-explorers.dk\/blog\/#\/schema\/person\/fc0343a2f2db2ebb2793c1f62dbe73f0\",\"name\":\"VITA Tribe\",\"image\":{\"@type\":\"ImageObject\",\"inLanguage\":\"da-DK\",\"@id\":\"https:\/\/www.vita-explorers.dk\/blog\/#\/schema\/person\/image\/\",\"url\":\"https:\/\/secure.gravatar.com\/avatar\/f7f05026bb439d0c96b30e135e5f852c?s=96&d=mm&r=g\",\"contentUrl\":\"https:\/\/secure.gravatar.com\/avatar\/f7f05026bb439d0c96b30e135e5f852c?s=96&d=mm&r=g\",\"caption\":\"VITA Tribe\"},\"sameAs\":[\"http:\/\/www.globalong.com\"],\"url\":\"https:\/\/www.vita-explorers.dk\/blog\/author\/teamglobalong\/\"}]}<\/script>\n<!-- \/ Yoast SEO Premium plugin. -->","yoast_head_json":{"title":"Gen\u00e5bning af gr\u00e6nserne og covid-19? - VITA Explorers Blog","robots":{"index":"index","follow":"follow","max-snippet":"max-snippet:-1","max-image-preview":"max-image-preview:large","max-video-preview":"max-video-preview:-1"},"canonical":"https:\/\/www.vita-explorers.dk\/blog\/genaabning-af-graenser-og-covid19\/","og_locale":"da_DK","og_type":"article","og_title":"Gen\u00e5bning af gr\u00e6nserne og covid-19?","og_description":"Nye regler for gen\u00e5bning af gr\u00e6nser. I flere m\u00e5neder har milliarder af mennesker verden over v\u00e6ret ramt af en meget utryg og s\u00e5rbar situation.\u2026","og_url":"https:\/\/www.vita-explorers.dk\/blog\/genaabning-af-graenser-og-covid19\/","og_site_name":"VITA Explorers Blog","article_publisher":"https:\/\/www.facebook.com\/globalong","article_published_time":"2020-07-17T15:40:13+00:00","article_modified_time":"2024-05-02T10:15:33+00:00","og_image":[{"width":250,"height":172,"url":"https:\/\/www.vita-explorers.dk\/blog\/wp-content\/uploads\/2018\/01\/Logo-et-Afrique-Globalong2.jpg","type":"image\/jpeg"}],"author":"VITA Tribe","twitter_card":"summary_large_image","twitter_misc":{"Skrevet af":"VITA Tribe","Estimeret l\u00e6setid":"4 minutter"},"schema":{"@context":"https:\/\/schema.org","@graph":[{"@type":"Article","@id":"https:\/\/www.vita-explorers.dk\/blog\/genaabning-af-graenser-og-covid19\/#article","isPartOf":{"@id":"https:\/\/www.vita-explorers.dk\/blog\/genaabning-af-graenser-og-covid19\/"},"author":{"name":"VITA Tribe","@id":"https:\/\/www.vita-explorers.dk\/blog\/#\/schema\/person\/fc0343a2f2db2ebb2793c1f62dbe73f0"},"headline":"Gen\u00e5bning af gr\u00e6nserne og covid-19?","datePublished":"2020-07-17T15:40:13+00:00","dateModified":"2024-05-02T10:15:33+00:00","mainEntityOfPage":{"@id":"https:\/\/www.vita-explorers.dk\/blog\/genaabning-af-graenser-og-covid19\/"},"wordCount":831,"commentCount":0,"publisher":{"@id":"https:\/\/www.vita-explorers.dk\/blog\/#organization"},"image":{"@id":"https:\/\/www.vita-explorers.dk\/blog\/genaabning-af-graenser-og-covid19\/#primaryimage"},"thumbnailUrl":"https:\/\/www.vita-explorers.dk\/blog\/wp-content\/uploads\/2018\/01\/Logo-et-Afrique-Globalong2.jpg","articleSection":["No Name","Nyheder","Oplysning","Rejser - generelle oplysninger"],"inLanguage":"da-DK","potentialAction":[{"@type":"CommentAction","name":"Comment","target":["https:\/\/www.vita-explorers.dk\/blog\/genaabning-af-graenser-og-covid19\/#respond"]}]},{"@type":"WebPage","@id":"https:\/\/www.vita-explorers.dk\/blog\/genaabning-af-graenser-og-covid19\/","url":"https:\/\/www.vita-explorers.dk\/blog\/genaabning-af-graenser-og-covid19\/","name":"Gen\u00e5bning af gr\u00e6nserne og covid-19? - VITA Explorers Blog","isPartOf":{"@id":"https:\/\/www.vita-explorers.dk\/blog\/#website"},"primaryImageOfPage":{"@id":"https:\/\/www.vita-explorers.dk\/blog\/genaabning-af-graenser-og-covid19\/#primaryimage"},"image":{"@id":"https:\/\/www.vita-explorers.dk\/blog\/genaabning-af-graenser-og-covid19\/#primaryimage"},"thumbnailUrl":"https:\/\/www.vita-explorers.dk\/blog\/wp-content\/uploads\/2018\/01\/Logo-et-Afrique-Globalong2.jpg","datePublished":"2020-07-17T15:40:13+00:00","dateModified":"2024-05-02T10:15:33+00:00","breadcrumb":{"@id":"https:\/\/www.vita-explorers.dk\/blog\/genaabning-af-graenser-og-covid19\/#breadcrumb"},"inLanguage":"da-DK","potentialAction":[{"@type":"ReadAction","target":["https:\/\/www.vita-explorers.dk\/blog\/genaabning-af-graenser-og-covid19\/"]}]},{"@type":"ImageObject","inLanguage":"da-DK","@id":"https:\/\/www.vita-explorers.dk\/blog\/genaabning-af-graenser-og-covid19\/#primaryimage","url":"https:\/\/www.vita-explorers.dk\/blog\/wp-content\/uploads\/2018\/01\/Logo-et-Afrique-Globalong2.jpg","contentUrl":"https:\/\/www.vita-explorers.dk\/blog\/wp-content\/uploads\/2018\/01\/Logo-et-Afrique-Globalong2.jpg","width":250,"height":172},{"@type":"BreadcrumbList","@id":"https:\/\/www.vita-explorers.dk\/blog\/genaabning-af-graenser-og-covid19\/#breadcrumb","itemListElement":[{"@type":"ListItem","position":1,"name":"Accueil","item":"https:\/\/www.vita-explorers.dk\/blog\/"},{"@type":"ListItem","position":2,"name":"Gen\u00e5bning af gr\u00e6nserne og covid-19?"}]},{"@type":"WebSite","@id":"https:\/\/www.vita-explorers.dk\/blog\/#website","url":"https:\/\/www.vita-explorers.dk\/blog\/","name":"Association Globalong","description":"Frivilligt arbejde, sprogophold, praktik i udlandet og internationale oplevelser","publisher":{"@id":"https:\/\/www.vita-explorers.dk\/blog\/#organization"},"potentialAction":[{"@type":"SearchAction","target":{"@type":"EntryPoint","urlTemplate":"https:\/\/www.vita-explorers.dk\/blog\/?s={search_term_string}"},"query-input":{"@type":"PropertyValueSpecification","valueRequired":true,"valueName":"search_term_string"}}],"inLanguage":"da-DK"},{"@type":"Organization","@id":"https:\/\/www.vita-explorers.dk\/blog\/#organization","name":"Association Globalong","url":"https:\/\/www.vita-explorers.dk\/blog\/","logo":{"@type":"ImageObject","inLanguage":"da-DK","@id":"https:\/\/www.vita-explorers.dk\/blog\/#\/schema\/logo\/image\/","url":"https:\/\/www.globalong.com\/blog\/wp-content\/uploads\/2014\/11\/cropped-cropped-Logo-et-Afrique-Globalong-petite-taille-2.jpg","contentUrl":"https:\/\/www.globalong.com\/blog\/wp-content\/uploads\/2014\/11\/cropped-cropped-Logo-et-Afrique-Globalong-petite-taille-2.jpg","width":512,"height":512,"caption":"Association Globalong"},"image":{"@id":"https:\/\/www.vita-explorers.dk\/blog\/#\/schema\/logo\/image\/"},"sameAs":["https:\/\/www.facebook.com\/globalong"]},{"@type":"Person","@id":"https:\/\/www.vita-explorers.dk\/blog\/#\/schema\/person\/fc0343a2f2db2ebb2793c1f62dbe73f0","name":"VITA Tribe","image":{"@type":"ImageObject","inLanguage":"da-DK","@id":"https:\/\/www.vita-explorers.dk\/blog\/#\/schema\/person\/image\/","url":"https:\/\/secure.gravatar.com\/avatar\/f7f05026bb439d0c96b30e135e5f852c?s=96&d=mm&r=g","contentUrl":"https:\/\/secure.gravatar.com\/avatar\/f7f05026bb439d0c96b30e135e5f852c?s=96&d=mm&r=g","caption":"VITA Tribe"},"sameAs":["http:\/\/www.globalong.com"],"url":"https:\/\/www.vita-explorers.dk\/blog\/author\/teamglobalong\/"}]}},"_links":{"self":[{"href":"https:\/\/www.vita-explorers.dk\/blog\/wp-json\/wp\/v2\/posts\/13598"}],"collection":[{"href":"https:\/\/www.vita-explorers.dk\/blog\/wp-json\/wp\/v2\/posts"}],"about":[{"href":"https:\/\/www.vita-explorers.dk\/blog\/wp-json\/wp\/v2\/types\/post"}],"author":[{"embeddable":true,"href":"https:\/\/www.vita-explorers.dk\/blog\/wp-json\/wp\/v2\/users\/7"}],"replies":[{"embeddable":true,"href":"https:\/\/www.vita-explorers.dk\/blog\/wp-json\/wp\/v2\/comments?post=13598"}],"version-history":[{"count":48,"href":"https:\/\/www.vita-explorers.dk\/blog\/wp-json\/wp\/v2\/posts\/13598\/revisions"}],"predecessor-version":[{"id":16481,"href":"https:\/\/www.vita-explorers.dk\/blog\/wp-json\/wp\/v2\/posts\/13598\/revisions\/16481"}],"wp:featuredmedia":[{"embeddable":true,"href":"https:\/\/www.vita-explorers.dk\/blog\/wp-json\/wp\/v2\/media\/8946"}],"wp:attachment":[{"href":"https:\/\/www.vita-explorers.dk\/blog\/wp-json\/wp\/v2\/media?parent=13598"}],"wp:term":[{"taxonomy":"category","embeddable":true,"href":"https:\/\/www.vita-explorers.dk\/blog\/wp-json\/wp\/v2\/categories?post=13598"},{"taxonomy":"post_tag","embeddable":true,"href":"https:\/\/www.vita-explorers.dk\/blog\/wp-json\/wp\/v2\/tags?post=13598"}],"curies":[{"name":"wp","href":"https:\/\/api.w.org\/{rel}","templated":true}]}}