{"id":14144,"date":"2022-03-14T13:10:22","date_gmt":"2022-03-14T12:10:22","guid":{"rendered":"https:\/\/www.globalong.com\/blog\/?p=14144"},"modified":"2024-05-02T12:01:32","modified_gmt":"2024-05-02T10:01:32","slug":"laura-i-praktik-med-boernebeskyttelse-i-peru","status":"publish","type":"post","link":"https:\/\/www.vita-explorers.dk\/blog\/laura-i-praktik-med-boernebeskyttelse-i-peru\/","title":{"rendered":"Laura, praktik i b\u00f8rnebeskyttelse i Peru!"},"content":{"rendered":"<div class=\"ti-widget ti-goog\" data-layout-id=\"4\" data-set-id=\"light-background\" data-pid=\"\" data-language=\"fr\" data-version=\"2\" data-review-target-width=\"300\" data-review-text-mode=\"readmore\" data-pager-autoplay-timeout=\"6\" > <div class=\"ti-widget-container ti-col-3\"> <div class=\"ti-reviews-container\"> <div class=\"ti-controls\"> <div class=\"ti-next\" aria-label=\"Avis suivante\" role=\"button\"><\/div> <div class=\"ti-prev\" aria-label=\"Avis pr\u00e9c\u00e9dent\" role=\"button\"><\/div> <\/div> <div class=\"ti-reviews-container-wrapper\">  <div data-empty=\"0\" class=\"ti-review-item source-Google ti-image-layout-thumbnail\" data-id=\"cfcd208495d565ef66e7dff9f98764da\" > <div class=\"ti-inner\"> <div class=\"ti-review-header\"> <div class=\"ti-profile-img\"> <img decoding=\"async\" src=\"https:\/\/lh3.googleusercontent.com\/a\/ACg8ocKpaoKe37CD0_POxO97KqB60GsWQRsIuG2vmCfXT-W_FY44vw=s120-c-rp-mo-br100\" srcset=\"https:\/\/lh3.googleusercontent.com\/a\/ACg8ocKpaoKe37CD0_POxO97KqB60GsWQRsIuG2vmCfXT-W_FY44vw=s120-c-rp-mo-br100 2x\" alt=\"Lucie Correia\" loading=\"lazy\" \/> <\/div> <div class=\"ti-profile-details\"> <div class=\"ti-name\"> Lucie Correia <\/div> <div class=\"ti-date\">2024-10-17<\/div> <\/div> <\/div> <span class=\"ti-stars\"><span class=\"ti-star f\"><\/span><span class=\"ti-star f\"><\/span><span class=\"ti-star f\"><\/span><span class=\"ti-star f\"><\/span><span class=\"ti-star f\"><\/span><\/span> <div class=\"ti-review-text-container ti-review-content\"><!-- R-CONTENT -->La communication avec Globalong est super, personnes tr\u00e8s pr\u00e9sentes pour les b\u00e9n\u00e9voles et \u00e9tudiants partant avec cette association. Elles r\u00e9pondent \u00e0 toutes nos questions et sont tr\u00e8s accessibles au t\u00e9l\u00e9phone.<!-- R-CONTENT --><\/div> <span class=\"ti-read-more\" data-container=\".ti-review-content\" data-collapse-text=\"Cacher\" data-open-text=\"Lire la suite\" ><\/span> <\/div> <\/div>  <div data-empty=\"0\" class=\"ti-review-item source-Google ti-image-layout-thumbnail\" data-id=\"cfcd208495d565ef66e7dff9f98764da\" > <div class=\"ti-inner\"> <div class=\"ti-review-header\"> <div class=\"ti-profile-img\"> <img decoding=\"async\" src=\"https:\/\/lh3.googleusercontent.com\/a-\/ALV-UjWqnnzM7-7c9BDqeTDF-a7pOgNjvLkJ3WshRd_Tn7z0Eu-AGQwo=s120-c-rp-mo-br100\" srcset=\"https:\/\/lh3.googleusercontent.com\/a-\/ALV-UjWqnnzM7-7c9BDqeTDF-a7pOgNjvLkJ3WshRd_Tn7z0Eu-AGQwo=s120-c-rp-mo-br100 2x\" alt=\"Ra\u00efssa Frisch\" loading=\"lazy\" \/> <\/div> <div class=\"ti-profile-details\"> <div class=\"ti-name\"> Ra\u00efssa Frisch <\/div> <div class=\"ti-date\">2024-10-14<\/div> <\/div> <\/div> <span class=\"ti-stars\"><span class=\"ti-star f\"><\/span><span class=\"ti-star f\"><\/span><span class=\"ti-star f\"><\/span><span class=\"ti-star f\"><\/span><span class=\"ti-star f\"><\/span><\/span> <div class=\"ti-review-text-container ti-review-content\"><!-- R-CONTENT -->J\u2019ai d\u00e9j\u00e0 eu l\u2019opportunit\u00e9 de r\u00e9aliser deux projets humanitaires avec l\u2019association Globalong. Je ne peux que la recommander, car j\u2019ai toujours b\u00e9n\u00e9fici\u00e9 d\u2019un excellent accompagnement, aussi bien avant que pendant le voyage. On ne vous laisse pas vous d\u00e9brouiller seuls, bien au contraire, vous \u00eates tr\u00e8s bien encadr\u00e9s pour accomplir toutes les d\u00e9marches dans les d\u00e9lais.\n\nAu-del\u00e0 du suivi, les exp\u00e9riences humanitaires propos\u00e9es par Globalong ne peuvent que transformer votre vie de mani\u00e8re positive. Elles vous apportent une richesse humaine inestimable.<!-- R-CONTENT --><\/div> <span class=\"ti-read-more\" data-container=\".ti-review-content\" data-collapse-text=\"Cacher\" data-open-text=\"Lire la suite\" ><\/span> <\/div> <\/div>  <div data-empty=\"0\" class=\"ti-review-item source-Google ti-image-layout-thumbnail\" data-id=\"cfcd208495d565ef66e7dff9f98764da\" > <div class=\"ti-inner\"> <div class=\"ti-review-header\"> <div class=\"ti-profile-img\"> <img decoding=\"async\" src=\"https:\/\/lh3.googleusercontent.com\/a\/ACg8ocJL-Dxv25YkXK2QwWPNRxTVqZCv5uTmDQDFg5qslKra3vRZew=s120-c-rp-mo-br100\" srcset=\"https:\/\/lh3.googleusercontent.com\/a\/ACg8ocJL-Dxv25YkXK2QwWPNRxTVqZCv5uTmDQDFg5qslKra3vRZew=s120-c-rp-mo-br100 2x\" alt=\"Tara Turan\" loading=\"lazy\" \/> <\/div> <div class=\"ti-profile-details\"> <div class=\"ti-name\"> Tara Turan <\/div> <div class=\"ti-date\">2024-10-14<\/div> <\/div> <\/div> <span class=\"ti-stars\"><span class=\"ti-star f\"><\/span><span class=\"ti-star f\"><\/span><span class=\"ti-star f\"><\/span><span class=\"ti-star f\"><\/span><span class=\"ti-star f\"><\/span><\/span> <div class=\"ti-review-text-container ti-review-content\"><!-- R-CONTENT -->Une des meilleures associations que j\u2019ai pu faire !\nUne organisation et un suivi vraiment parfait, c\u2019est avec grand plaisir que je referai un projet avec eux.<!-- R-CONTENT --><\/div> <span class=\"ti-read-more\" data-container=\".ti-review-content\" data-collapse-text=\"Cacher\" data-open-text=\"Lire la suite\" ><\/span> <\/div> <\/div>  <div data-empty=\"0\" class=\"ti-review-item source-Google ti-image-layout-thumbnail\" data-id=\"cfcd208495d565ef66e7dff9f98764da\" > <div class=\"ti-inner\"> <div class=\"ti-review-header\"> <div class=\"ti-profile-img\"> <img decoding=\"async\" src=\"https:\/\/lh3.googleusercontent.com\/a\/ACg8ocLctTPNovSk3eKM0b_MIPOfcFEQsz2135Cdu59_BWRVsIYC7Q=s120-c-rp-mo-br100\" srcset=\"https:\/\/lh3.googleusercontent.com\/a\/ACg8ocLctTPNovSk3eKM0b_MIPOfcFEQsz2135Cdu59_BWRVsIYC7Q=s120-c-rp-mo-br100 2x\" alt=\"Repiquet Julie\" loading=\"lazy\" \/> <\/div> <div class=\"ti-profile-details\"> <div class=\"ti-name\"> Repiquet Julie <\/div> <div class=\"ti-date\">2024-10-13<\/div> <\/div> <\/div> <span class=\"ti-stars\"><span class=\"ti-star f\"><\/span><span class=\"ti-star f\"><\/span><span class=\"ti-star f\"><\/span><span class=\"ti-star f\"><\/span><span class=\"ti-star f\"><\/span><\/span> <div class=\"ti-review-text-container ti-review-content\"><!-- R-CONTENT -->Tr\u00e8s bon accompagnement de la part de Globalong, du premier jour avec toutes mes interrogations, jusqu'au d\u00e9part dans quelques jours. Le dossier transmis apr\u00e8s validation de la mission est plus que complet, les webmaster tr\u00e8s int\u00e9ressantes et permettent de d\u00e9charger mentalement ce genre de pr\u00e9paration, tout est pr\u00e9vu il n'y a plus qu'\u00e0 suivre ! Merci \u00e0 Florence de r\u00e9pondre \u00e0 toutes mes questions avec gentillesse et bienveillance, cela m'a permis de passer le cap!\nMaintenant, il n'y a plus qu'\u00e0 \ud83d\ude00<!-- R-CONTENT --><\/div> <span class=\"ti-read-more\" data-container=\".ti-review-content\" data-collapse-text=\"Cacher\" data-open-text=\"Lire la suite\" ><\/span> <\/div> <\/div>  <div data-empty=\"0\" class=\"ti-review-item source-Google ti-image-layout-thumbnail\" data-id=\"cfcd208495d565ef66e7dff9f98764da\" > <div class=\"ti-inner\"> <div class=\"ti-review-header\"> <div class=\"ti-profile-img\"> <img decoding=\"async\" src=\"https:\/\/lh3.googleusercontent.com\/a\/ACg8ocJJTdmTWs8nAA0yuH_cKOUgzc6GFAkHBiXhpnnVYXaWMBZsHw=s120-c-rp-mo-br100\" srcset=\"https:\/\/lh3.googleusercontent.com\/a\/ACg8ocJJTdmTWs8nAA0yuH_cKOUgzc6GFAkHBiXhpnnVYXaWMBZsHw=s120-c-rp-mo-br100 2x\" alt=\"Marine Guilhamat\" loading=\"lazy\" \/> <\/div> <div class=\"ti-profile-details\"> <div class=\"ti-name\"> Marine Guilhamat <\/div> <div class=\"ti-date\">2024-10-09<\/div> <\/div> <\/div> <span class=\"ti-stars\"><span class=\"ti-star f\"><\/span><span class=\"ti-star f\"><\/span><span class=\"ti-star f\"><\/span><span class=\"ti-star f\"><\/span><span class=\"ti-star f\"><\/span><\/span> <div class=\"ti-review-text-container ti-review-content\"><!-- R-CONTENT -->Tr\u00e8s belle association qui offre un cadre super s\u00e9curisant et permet de s\u2019investir dans des projets qui ont du sens. Merci \u00e0 l\u2019\u00e9quipe Globalong pour votre disponibilit\u00e9, gentillesse et accompagnement !<!-- R-CONTENT --><\/div> <span class=\"ti-read-more\" data-container=\".ti-review-content\" data-collapse-text=\"Cacher\" data-open-text=\"Lire la suite\" ><\/span> <\/div> <\/div>  <div data-empty=\"0\" class=\"ti-review-item source-Google ti-image-layout-thumbnail\" data-id=\"cfcd208495d565ef66e7dff9f98764da\" > <div class=\"ti-inner\"> <div class=\"ti-review-header\"> <div class=\"ti-profile-img\"> <img decoding=\"async\" src=\"https:\/\/lh3.googleusercontent.com\/a\/ACg8ocIgITHXKo46qgJyPqlJeAcxz11gCKUJpGIk2qauiIe2O3iZ6w=s120-c-rp-mo-br100\" srcset=\"https:\/\/lh3.googleusercontent.com\/a\/ACg8ocIgITHXKo46qgJyPqlJeAcxz11gCKUJpGIk2qauiIe2O3iZ6w=s120-c-rp-mo-br100 2x\" alt=\"Laura Mercier\" loading=\"lazy\" \/> <\/div> <div class=\"ti-profile-details\"> <div class=\"ti-name\"> Laura Mercier <\/div> <div class=\"ti-date\">2024-10-08<\/div> <\/div> <\/div> <span class=\"ti-stars\"><span class=\"ti-star f\"><\/span><span class=\"ti-star f\"><\/span><span class=\"ti-star f\"><\/span><span class=\"ti-star f\"><\/span><span class=\"ti-star f\"><\/span><\/span> <div class=\"ti-review-text-container ti-review-content\"><!-- R-CONTENT -->Mon d\u00e9part approche, je pars dans une semaine, et depuis le d\u00e9but de mon inscription je suis tr\u00e8s satisfaite du suivi effectu\u00e9 par l\u2019association. Ils sont tr\u00e8s disponibles et r\u00e9pondent rapidement \u00e0 l\u2019ensemble des questions. Je suis tr\u00e8s contente de partir faire cette mission humanitaire encadr\u00e9e par cette association. Je recommande vraiment.<!-- R-CONTENT --><\/div> <span class=\"ti-read-more\" data-container=\".ti-review-content\" data-collapse-text=\"Cacher\" data-open-text=\"Lire la suite\" ><\/span> <\/div> <\/div>  <div data-empty=\"0\" class=\"ti-review-item source-Google ti-image-layout-thumbnail\" data-id=\"cfcd208495d565ef66e7dff9f98764da\" > <div class=\"ti-inner\"> <div class=\"ti-review-header\"> <div class=\"ti-profile-img\"> <img decoding=\"async\" src=\"https:\/\/lh3.googleusercontent.com\/a-\/ALV-UjVVr0YMQhXl8QNEEB32l-rnoaYwvRZUjIEX9OEwPE_1fQwzIyk=s120-c-rp-mo-br100\" srcset=\"https:\/\/lh3.googleusercontent.com\/a-\/ALV-UjVVr0YMQhXl8QNEEB32l-rnoaYwvRZUjIEX9OEwPE_1fQwzIyk=s120-c-rp-mo-br100 2x\" alt=\"Anouk Rzkt\" loading=\"lazy\" \/> <\/div> <div class=\"ti-profile-details\"> <div class=\"ti-name\"> Anouk Rzkt <\/div> <div class=\"ti-date\">2024-10-02<\/div> <\/div> <\/div> <span class=\"ti-stars\"><span class=\"ti-star f\"><\/span><span class=\"ti-star f\"><\/span><span class=\"ti-star f\"><\/span><span class=\"ti-star f\"><\/span><span class=\"ti-star f\"><\/span><\/span> <div class=\"ti-review-text-container ti-review-content\"><!-- R-CONTENT -->Globalong est l'association parfaite. L'\u00e9quipe offre un v\u00e9ritable accompagnement rythm\u00e9 par beaucoup de conseils et d'\u00e9coute. Le site est tr\u00e8s bien fait avec des dossiers complets allant des sujets tr\u00e8s pratiques a d'autres plus th\u00e9oriques (tels que le choc culturel par exemple). Je recommande vivement et remercie sinc\u00e8rement toute l'\u00e9quipe pour leur gentillesse et investissement !<!-- R-CONTENT --><\/div> <span class=\"ti-read-more\" data-container=\".ti-review-content\" data-collapse-text=\"Cacher\" data-open-text=\"Lire la suite\" ><\/span> <\/div> <\/div>  <\/div> <div class=\"ti-controls-line\"> <div class=\"dot\"><\/div> <\/div> <\/div> <div class=\"ti-footer\"> <div class=\"ti-rating-text\"> <span class=\"nowrap\">\u00c9valuation <strong>Google<\/strong> : <\/span><span class=\"nowrap\"><strong>4.8<\/strong> sur 5, <\/span><span class=\"nowrap\">Bas\u00e9e sur <strong>240 avis<\/strong><\/span> <\/div> <\/div>  <\/div> <\/div> \n<h1 style=\"text-align: justify;\"><span style=\"font-size: 12pt;\">Fascineret af mennesker og optaget af <strong>menneskerettigheder<\/strong> h\u00e5bede jeg en dag at komme helt t\u00e6t p\u00e5 den virkelighed, som omr\u00e5det rummer \u2013 for at sikre, at mine faglige ambitioner ogs\u00e5 kan st\u00e5 m\u00e5l med det, jeg dr\u00f8mmer om.<\/span><\/h1>\n<h2 style=\"text-align: justify;\"><span style=\"font-size: 12pt;\"> Jeg \u00f8nsker derfor at blive optaget p\u00e5 <strong>Master 2 i humanit\u00e6r indsats og humanit\u00e6r ret ved Aix-Marseille Universitet<\/strong>, s\u00e5 jeg kan f\u00e5 den n\u00f8dvendige teoretiske ballast og opbygge kompetencer p\u00e5 omr\u00e5det. Derudover ser jeg deltagelse i menneskerettighedsklinikken som et uundv\u00e6rligt praktisk supplement til min uddannelse.<\/span><img loading=\"lazy\" decoding=\"async\" class=\"aligncenter size-full wp-image-14150\" src=\"https:\/\/www.vita-explorers.dk\/blog\/wp-content\/uploads\/2022\/03\/excursion-perou.jpg\" alt=\"\" width=\"720\" height=\"540\" srcset=\"https:\/\/www.vita-explorers.dk\/blog\/wp-content\/uploads\/2022\/03\/excursion-perou.jpg 720w, https:\/\/www.vita-explorers.dk\/blog\/wp-content\/uploads\/2022\/03\/excursion-perou-300x225.jpg 300w\" sizes=\"(max-width: 720px) 100vw, 720px\" \/><\/h2>\n<p style=\"text-align: justify;\">Sidel\u00f8bende overvejer jeg at tage et <strong>universitetsdiplom p\u00e5 videreg\u00e5ende niveau<\/strong>, som kan \u00e5bne d\u00f8ren til at arbejde som <strong>international jurist<\/strong> i praksis i en <strong>NGO<\/strong>. Jeg har ogs\u00e5 en dr\u00f8m om at etablere min egen <strong>organisation for beskyttelse af b\u00f8rn i Frankrig<\/strong> og i udlandet. Efter min <strong>Master 2<\/strong> vil jeg gerne tage advokateksamen for at specialisere mig i at varetage b\u00f8rns og oprindelige folks rettigheder. Som led i et <strong>praktikforl\u00f8b p\u00e5 mit Master 1 i international og europ\u00e6isk ret<\/strong> greb jeg muligheden for at tage af sted internationalt. Jeg fik chancen for at rejse til <strong>Cusco i Peru p\u00e5 et immersionsophold<\/strong> i et b\u00f8rnecenter for b\u00f8rn, der blandt andet havde v\u00e6ret udsat for menneskehandel \u2013 s\u00e6rligt seksuel udnyttelse \u2013 samt forskellige former for vold, misbrugsproblemer og omsorgssvigt. Dette <strong>praktikophold<\/strong> v\u00e6kkede en tydelig retning i mig og gjorde det klart, hvad der for mig st\u00e5r st\u00e6rkest i menneskerettigheder: at beskytte mennesker i s\u00e5rbare positioner, som b\u00f8rn og oprindelige folk. Og af en helt enkel grund: fordi jeg gerne vil g\u00f8re en reel forskel og bidrage til at rette op p\u00e5 kr\u00e6nkelser af menneskelig v\u00e6rdighed.<\/p>\n<p style=\"text-align: justify;\"><strong>&#8211; Rammerne for praktikopholdet <\/strong><img loading=\"lazy\" decoding=\"async\" class=\"aligncenter size-large wp-image-14151\" src=\"https:\/\/www.vita-explorers.dk\/blog\/wp-content\/uploads\/2022\/03\/20180617_091020_resized-1024x576.jpg\" alt=\"\" width=\"640\" height=\"360\" srcset=\"https:\/\/www.vita-explorers.dk\/blog\/wp-content\/uploads\/2022\/03\/20180617_091020_resized-1024x576.jpg 1024w, https:\/\/www.vita-explorers.dk\/blog\/wp-content\/uploads\/2022\/03\/20180617_091020_resized-300x169.jpg 300w, https:\/\/www.vita-explorers.dk\/blog\/wp-content\/uploads\/2022\/03\/20180617_091020_resized-768x432.jpg 768w, https:\/\/www.vita-explorers.dk\/blog\/wp-content\/uploads\/2022\/03\/20180617_091020_resized-1536x864.jpg 1536w, https:\/\/www.vita-explorers.dk\/blog\/wp-content\/uploads\/2022\/03\/20180617_091020_resized-2048x1152.jpg 2048w\" sizes=\"(max-width: 640px) 100vw, 640px\" \/><\/p>\n<p style=\"text-align: justify;\">Efter en uopfordret ans\u00f8gning tilb\u00f8d <span style=\"text-decoration: underline;\"><a href=\"https:\/\/www.vita-explorers.dk\/association-globalong.html\" target=\"_blank\" rel=\"noopener\">VITA Institute<\/a><\/span> mig et skr\u00e6ddersyet forl\u00f8b i Peru, tilpasset universitetets krav og mine st\u00e6rke spanske sprogkompetencer. <strong>VITA<\/strong> arbejder i dialog med organisationer i de lande, hvor der findes internationale forl\u00f8b. Det gav mig mulighed for at komme ud af <strong>Cusco<\/strong> og m\u00f8de oprindelige folk, som lever i udkanten af det peruvianske samfund (junglen) med egne leveformer, strukturer, skikke og traditioner \u2013 og g\u00f8re, hvad jeg kunne, for at de ikke fortsat skulle v\u00e6re truet p\u00e5 grund af deres s\u00e5rbarhed. Men is\u00e6r handlede det om at styrke <strong>beskyttelsen af b\u00f8rn i disse f\u00e6llesskaber<\/strong> mod menneskehandel, tvangsarbejde og vold \u2013 blandt andet ved at arbejde med de rettigheder, der f\u00f8lger af <strong>B\u00f8rnekonventionen<\/strong> fra New York (1989), som supplerer rettighederne i <strong>Peru<\/strong> i b\u00f8rne- og unge-kodeksen fra 2001. Det var ogs\u00e5 planen at arbejde sammen med regionale ressourcepersoner, der kunne komme med forslag til forbedringer over for lokale myndigheder. Projektet kunne dog ikke gennemf\u00f8res, da sikkerhedsansvarlige ved Aix-Marseille Universitet gav en negativ vurdering. Jeg fik stadig mulighed for at rejse til Peru, men p\u00e5 betingelse af, at jeg ikke forlod Cusco af sikkerhedsm\u00e6ssige \u00e5rsager.<\/p>\n<p style=\"text-align: justify;\">Derefter m\u00e5tte mit projekt justeres med \u00e9n afg\u00f8rende betingelse: at v\u00e6re i kontakt med b\u00f8rn. Hvert botilbud for b\u00f8rn er sammensat af:<img loading=\"lazy\" decoding=\"async\" class=\"aligncenter size-full wp-image-14152\" src=\"https:\/\/www.vita-explorers.dk\/blog\/wp-content\/uploads\/2022\/03\/IMG-20180611-WA0021_resized.jpg\" alt=\"\" width=\"640\" height=\"480\" srcset=\"https:\/\/www.vita-explorers.dk\/blog\/wp-content\/uploads\/2022\/03\/IMG-20180611-WA0021_resized.jpg 640w, https:\/\/www.vita-explorers.dk\/blog\/wp-content\/uploads\/2022\/03\/IMG-20180611-WA0021_resized-300x225.jpg 300w\" sizes=\"(max-width: 640px) 100vw, 640px\" \/><\/p>\n<p style=\"text-align: justify;\"><strong>&#8211; en leder, som sikrer stedets daglige drift (budget, personale osv.) og h\u00e5ndterer nye ankomster;<\/strong><br \/>\n<strong>&#8211; p\u00e6dagogisk personale, som varetager de daglige opgaver (madlavning, aktiviteter, praktiske opgaver osv.);<\/strong><br \/>\n<strong>&#8211; et sundhedsomr\u00e5de, som l\u00f8bende f\u00f8lger b\u00f8rnenes helbred;<\/strong><br \/>\n<strong>&#8211; socialr\u00e5dgivere, som f\u00f8lger udviklingen i hver enkelt sag.<\/strong><\/p>\n<p style=\"text-align: justify;\">Derudover er der et f\u00e6lles juridisk omr\u00e5de for de tre steder, bemandet af en engageret advokat, der er uddannet i arbejdsret, men arbejder med <strong>ungdomsstrafferet<\/strong>. Hun er afg\u00f8rende for, at stederne kan fungere: hun f\u00f8lger retslige m\u00f8der og straffesager, <strong>repr\u00e6senterer b\u00f8rnene<\/strong> hvis der bliver en retssag, og h\u00e5ndterer anbringelsesprocesser samt logistik. Hun er ogs\u00e5 til stede i b\u00f8rnenes hverdag \u2013 for at lytte, holde \u00f8je og s\u00e6tte rammer, n\u00e5r det er n\u00f8dvendigt.<img loading=\"lazy\" decoding=\"async\" class=\"aligncenter size-large wp-image-14154\" src=\"https:\/\/www.vita-explorers.dk\/blog\/wp-content\/uploads\/2022\/03\/llama-1024x683.jpg\" alt=\"\" width=\"640\" height=\"427\" srcset=\"https:\/\/www.vita-explorers.dk\/blog\/wp-content\/uploads\/2022\/03\/llama-1024x683.jpg 1024w, https:\/\/www.vita-explorers.dk\/blog\/wp-content\/uploads\/2022\/03\/llama-300x200.jpg 300w, https:\/\/www.vita-explorers.dk\/blog\/wp-content\/uploads\/2022\/03\/llama-768x512.jpg 768w, https:\/\/www.vita-explorers.dk\/blog\/wp-content\/uploads\/2022\/03\/llama-1536x1024.jpg 1536w, https:\/\/www.vita-explorers.dk\/blog\/wp-content\/uploads\/2022\/03\/llama.jpg 1728w\" sizes=\"(max-width: 640px) 100vw, 640px\" \/><\/p>\n<p style=\"text-align: justify;\">Da jeg ankom, var der endnu ingen <strong>psykologer<\/strong>, som kunne give b\u00f8rnene et rum til at s\u00e6tte ord p\u00e5 deres oplevelser og f\u00e5 st\u00f8tte i deres videre proces. Anbringelserne sker efter retslige unders\u00f8gelser og en beslutning fra anklagemyndigheden, som kan sammenlignes med <strong>b\u00f8rne- og ungeforvaltningen i Frankrig<\/strong>. Disse steder har b\u00e5de lokal og til tider national betydning. Godkendelsen gives af <strong>Ministeriet for Kvinder<\/strong>. Reglerne for disse botilbud blev fastlagt af Sociedad de Beneficencia Publica (en akt\u00f8r, der arbejder for mennesker i s\u00e5rbare situationer) i Cusco den 18. november 2014 ved resolution nr. 192\/2014\/SBPC. Her f\u00e5r b\u00f8rnene en p\u00e6dagogisk ramme, der har til form\u00e5l at styrke de v\u00e6rdier, de \u2013 i st\u00f8rre eller mindre grad \u2013 har f\u00e5et med hjemmefra. De l\u00e6rer h\u00f8flighed, renlighed, punktlighed, respekt og solidaritet. Samtidig f\u00e5r de undervisning i blandt andet <strong>matematik, naturfag, sprog og samfundsfag<\/strong>\u2026<\/p>\n<p style=\"text-align: justify;\"><strong>&#8211; Pr\u00e6sentation af opgaverne<\/strong><\/p>\n<p style=\"text-align: justify;\">Mine prim\u00e6re opgaver var f\u00f8lgende:<img loading=\"lazy\" decoding=\"async\" class=\"aligncenter size-large wp-image-14153\" src=\"https:\/\/www.vita-explorers.dk\/blog\/wp-content\/uploads\/2022\/03\/gente-lago-1024x768.jpg\" alt=\"\" width=\"640\" height=\"480\" srcset=\"https:\/\/www.vita-explorers.dk\/blog\/wp-content\/uploads\/2022\/03\/gente-lago-1024x768.jpg 1024w, https:\/\/www.vita-explorers.dk\/blog\/wp-content\/uploads\/2022\/03\/gente-lago-300x225.jpg 300w, https:\/\/www.vita-explorers.dk\/blog\/wp-content\/uploads\/2022\/03\/gente-lago-768x576.jpg 768w, https:\/\/www.vita-explorers.dk\/blog\/wp-content\/uploads\/2022\/03\/gente-lago-1536x1152.jpg 1536w, https:\/\/www.vita-explorers.dk\/blog\/wp-content\/uploads\/2022\/03\/gente-lago-2048x1536.jpg 2048w\" sizes=\"(max-width: 640px) 100vw, 640px\" \/><\/p>\n<p style=\"text-align: justify;\">&#8211; At formidle b\u00f8rns internationale rettigheder <strong>(B\u00f8rnekonventionen 1989)<\/strong> til b\u00f8rnene gennem legende aktiviteter (tegning, maling, teater, mime, sport). Her trak jeg p\u00e5 min universitetsviden om europ\u00e6iske og internationale grundrettigheder. Jeg lod mig ogs\u00e5 inspirere af <span style=\"text-decoration: underline;\"><a href=\"https:\/\/www.unicef.org\/\" target=\"_blank\" rel=\"noopener\"><strong>UNICEFs program<\/strong><\/a><\/span>, som er udviklet til fagpersoner p\u00e5 b\u00f8rneomr\u00e5det for at hj\u00e6lpe dem med at introducere og forklare b\u00f8rns rettigheder for b\u00f8rn. I <strong>f\u00f8rste fase<\/strong>, som handler om at opdage, gennemf\u00f8rte jeg for eksempel \u201crettigheds-bolden\u201d og \u201cg\u00e5sespillet\u201d. I <strong>anden fase<\/strong>, som handler om forst\u00e5else, lavede vi en debat om b\u00f8rns rettigheder, og i tredje fase, som handler om handling, gennemf\u00f8rte vi en teaterworkshop om b\u00f8rns rettigheder (f\u00f8lelser og oplevelser).<\/p>\n<p style=\"text-align: justify;\"><strong>&#8211; At st\u00f8tte den<\/strong> juridiske <strong>r\u00e5dgiver<\/strong> i hverdagen og ved m\u00f8der. I den forbindelse kom jeg til anklagemyndigheden (Jir\u00f3n Urubamba i Urbanizaci\u00f3n Progreso) i forbindelse med en protokolf\u00f8ring i en kommende sag om menneskehandel \u2013 konkret seksuel udnyttelse af mindre\u00e5rige, i dette tilf\u00e6lde to teenagepiger. Den ansvarlige for Camera Gesel (specialenhed for menneskehandel) viste mig lokalerne, hvor afh\u00f8ringen og optagelserne foreg\u00e5r. <strong>Jeg kunne ikke deltage i afh\u00f8ringen af ofrene af procedurem\u00e6ssige grunde<\/strong> (modpartens tilstedev\u00e6relse og risikoen for, at det kunne bruges som et processuelt problem i retten), men ogs\u00e5 for at undg\u00e5 at skabe utryghed for de mindre\u00e5rige, som kunne p\u00e5virke kvaliteten af deres forklaring. Jeg bes\u00f8gte ogs\u00e5 Defensoria del Pueblo (en statslig institution, der varetager borgernes rettigheder), hvor jeg m\u00f8dte en <strong>specialiseret advokat<\/strong> i menneskehandel \u2013 s\u00e6rligt sager med mindre\u00e5rige \u2013 Ma\u00eetre Abraham Puma Quispe. Da landet tydeligt st\u00e5r over for to store udfordringer, menneskehandel og vold, har staten opbygget offentlige instanser, der gratis hj\u00e6lper personer, som har v\u00e6ret udsat, med at komme videre til de relevante myndigheder (politiet med en specialenhed for menneskehandel eller anklagemyndigheden), giver juridisk r\u00e5dgivning og f\u00f8lger sagens udvikling (herunder at sikre, at procedurerne bliver fulgt).<\/p>\n<p style=\"text-align: justify;\"><strong>4 &#8211; Praktikkens tema<\/strong><img loading=\"lazy\" decoding=\"async\" class=\"aligncenter size-full wp-image-14155\" src=\"https:\/\/www.vita-explorers.dk\/blog\/wp-content\/uploads\/2022\/03\/turista-en-la-selva.jpg\" alt=\"\" width=\"600\" height=\"400\" srcset=\"https:\/\/www.vita-explorers.dk\/blog\/wp-content\/uploads\/2022\/03\/turista-en-la-selva.jpg 600w, https:\/\/www.vita-explorers.dk\/blog\/wp-content\/uploads\/2022\/03\/turista-en-la-selva-300x200.jpg 300w\" sizes=\"(max-width: 600px) 100vw, 600px\" \/><\/p>\n<p style=\"text-align: justify;\">Selv om <strong>\u201calle b\u00f8rn fortjener den bedst mulige start p\u00e5 livet\u201d<\/strong>, er det langt fra alle, der f\u00e5r den chance \u2013 og mange oplever alvorlige kr\u00e6nkelser af deres rettigheder. Som reaktion p\u00e5 disse uacceptable forhold, som ses hyppigt i Peru, har staten vedtaget en lovramme inspireret af Verdenserkl\u00e6ringen om Menneskerettigheder fra 10. december 1948 og s\u00e6rligt m\u00e5lrettet b\u00f8rn for at styrke deres beskyttelse. Mere overordnet giver den <strong>amerikanske menneskerettighedskonvention af 22. november 1969<\/strong> en s\u00e6rlig beskyttelse af b\u00f8rn i artikel 19, som er blevet udviklet gennem praksis ved Den Interamerikanske Menneskerettighedsdomstol. Derudover har Peru ratificeret B\u00f8rnekonventionen fra 1989, som etablerer et samlet beskyttelsesgrundlag og anerkender b\u00f8rn som rettighedsb\u00e6rere. Selvom b\u00f8rn ikke altid historisk er blevet anerkendt som s\u00e5dan, fandtes der tidlige spor hos Janusz Korczak, som arbejdede for at f\u00e5 b\u00f8rns rettigheder ind i et juridisk instrument, og Eglantyne Jebb, som udarbejdede en tekst vedtaget af Folkeforbundet, s\u00e5 <strong>\u201cmenneskeheden kan give barnet det bedste, den har\u201d<\/strong>.<\/p>\n<p style=\"text-align: justify;\">Senere blev erkl\u00e6ringen om barnets rettigheder vedtaget i 1959 i 10 artikler. I dag er det mest markante instrument dog fortsat B\u00f8rnekonventionen, <strong>vedtaget i FN-regi og ratificeret af 193 stater.<\/strong> Allerede i artikel 1 m\u00e6rkes den brede beskyttelsesambition, n\u00e5r et barn defineres som \u201cethvert menneske under 18 \u00e5r\u201d. Det adskiller sig for eksempel fra definitionen i CNA, som skelner mellem barn og ung i artikel 1: <strong>\u201csom barn regnes ethvert menneske fra undfangelsen til det fylder 12 \u00e5r, og som ung fra 12 \u00e5r til det fylder 18 \u00e5r\u201d<\/strong>. Men disse forskelle er mindre end dem, man ser mellem de latinamerikanske og europ\u00e6iske beskyttelsessystemer. For selv om systemerne har et f\u00e6lles form\u00e5l, er det s\u00e5 rimeligt at sige, at de giver b\u00f8rn samme beskyttelse? Internationalt findes der traditionelt kun det amerikanske, europ\u00e6iske og afrikanske menneskerettighedssystem, selv om andre er ved at tage form, som ASEAN. Da Peru ligger i det amerikanske omr\u00e5de, h\u00f8rer landet under det interamerikanske menneskerettighedssystem. Frankrig ligger derimod i Europa og h\u00f8rer derfor under det europ\u00e6iske menneskerettighedssystem.<\/p>\n","protected":false},"excerpt":{"rendered":"<p>Fascineret af mennesker og optaget af menneskerettigheder h\u00e5bede jeg en dag at komme helt t\u00e6t p\u00e5 den virkelighed, som omr\u00e5det rummer \u2013 for at\u2026<\/p>\n","protected":false},"author":7,"featured_media":14152,"comment_status":"open","ping_status":"open","sticky":false,"template":"","format":"standard","meta":{"footnotes":""},"categories":[1],"tags":[],"yoast_head":"<!-- This site is optimized with the Yoast SEO Premium plugin v23.4 (Yoast SEO v23.4) - https:\/\/yoast.com\/wordpress\/plugins\/seo\/ -->\n<title>Laura, praktik i b\u00f8rnebeskyttelse i Peru! - VITA Explorers Blog<\/title>\n<meta name=\"robots\" content=\"index, follow, max-snippet:-1, max-image-preview:large, max-video-preview:-1\" \/>\n<link rel=\"canonical\" href=\"https:\/\/www.vita-explorers.dk\/blog\/laura-i-praktik-med-boernebeskyttelse-i-peru\/\" \/>\n<meta property=\"og:locale\" content=\"da_DK\" \/>\n<meta property=\"og:type\" content=\"article\" \/>\n<meta property=\"og:title\" content=\"Laura, praktik i b\u00f8rnebeskyttelse i Peru!\" \/>\n<meta property=\"og:description\" content=\"Fascineret af mennesker og optaget af menneskerettigheder h\u00e5bede jeg en dag at komme helt t\u00e6t p\u00e5 den virkelighed, som omr\u00e5det rummer \u2013 for at\u2026\" \/>\n<meta property=\"og:url\" content=\"https:\/\/www.vita-explorers.dk\/blog\/laura-i-praktik-med-boernebeskyttelse-i-peru\/\" \/>\n<meta property=\"og:site_name\" content=\"VITA Explorers Blog\" \/>\n<meta property=\"article:publisher\" content=\"https:\/\/www.facebook.com\/globalong\" \/>\n<meta property=\"article:published_time\" content=\"2022-03-14T12:10:22+00:00\" \/>\n<meta property=\"article:modified_time\" content=\"2024-05-02T10:01:32+00:00\" \/>\n<meta property=\"og:image\" content=\"https:\/\/www.vita-explorers.dk\/blog\/wp-content\/uploads\/2022\/03\/IMG-20180611-WA0021_resized.jpg\" \/>\n\t<meta property=\"og:image:width\" content=\"640\" \/>\n\t<meta property=\"og:image:height\" content=\"480\" \/>\n\t<meta property=\"og:image:type\" content=\"image\/jpeg\" \/>\n<meta name=\"author\" content=\"VITA Tribe\" \/>\n<meta name=\"twitter:card\" content=\"summary_large_image\" \/>\n<meta name=\"twitter:label1\" content=\"Skrevet af\" \/>\n\t<meta name=\"twitter:data1\" content=\"VITA Tribe\" \/>\n\t<meta name=\"twitter:label2\" content=\"Estimeret l\u00e6setid\" \/>\n\t<meta name=\"twitter:data2\" content=\"8 minutter\" \/>\n<script type=\"application\/ld+json\" class=\"yoast-schema-graph\">{\"@context\":\"https:\/\/schema.org\",\"@graph\":[{\"@type\":\"Article\",\"@id\":\"https:\/\/www.vita-explorers.dk\/blog\/laura-i-praktik-med-boernebeskyttelse-i-peru\/#article\",\"isPartOf\":{\"@id\":\"https:\/\/www.vita-explorers.dk\/blog\/laura-i-praktik-med-boernebeskyttelse-i-peru\/\"},\"author\":{\"name\":\"VITA Tribe\",\"@id\":\"https:\/\/www.vita-explorers.dk\/blog\/#\/schema\/person\/fc0343a2f2db2ebb2793c1f62dbe73f0\"},\"headline\":\"Laura, praktik i b\u00f8rnebeskyttelse i Peru!\",\"datePublished\":\"2022-03-14T12:10:22+00:00\",\"dateModified\":\"2024-05-02T10:01:32+00:00\",\"mainEntityOfPage\":{\"@id\":\"https:\/\/www.vita-explorers.dk\/blog\/laura-i-praktik-med-boernebeskyttelse-i-peru\/\"},\"wordCount\":1507,\"commentCount\":0,\"publisher\":{\"@id\":\"https:\/\/www.vita-explorers.dk\/blog\/#organization\"},\"image\":{\"@id\":\"https:\/\/www.vita-explorers.dk\/blog\/laura-i-praktik-med-boernebeskyttelse-i-peru\/#primaryimage\"},\"thumbnailUrl\":\"https:\/\/www.vita-explorers.dk\/blog\/wp-content\/uploads\/2022\/03\/IMG-20180611-WA0021_resized.jpg\",\"articleSection\":[\"No Name\"],\"inLanguage\":\"da-DK\",\"potentialAction\":[{\"@type\":\"CommentAction\",\"name\":\"Comment\",\"target\":[\"https:\/\/www.vita-explorers.dk\/blog\/laura-i-praktik-med-boernebeskyttelse-i-peru\/#respond\"]}]},{\"@type\":\"WebPage\",\"@id\":\"https:\/\/www.vita-explorers.dk\/blog\/laura-i-praktik-med-boernebeskyttelse-i-peru\/\",\"url\":\"https:\/\/www.vita-explorers.dk\/blog\/laura-i-praktik-med-boernebeskyttelse-i-peru\/\",\"name\":\"Laura, praktik i b\u00f8rnebeskyttelse i Peru! - VITA Explorers Blog\",\"isPartOf\":{\"@id\":\"https:\/\/www.vita-explorers.dk\/blog\/#website\"},\"primaryImageOfPage\":{\"@id\":\"https:\/\/www.vita-explorers.dk\/blog\/laura-i-praktik-med-boernebeskyttelse-i-peru\/#primaryimage\"},\"image\":{\"@id\":\"https:\/\/www.vita-explorers.dk\/blog\/laura-i-praktik-med-boernebeskyttelse-i-peru\/#primaryimage\"},\"thumbnailUrl\":\"https:\/\/www.vita-explorers.dk\/blog\/wp-content\/uploads\/2022\/03\/IMG-20180611-WA0021_resized.jpg\",\"datePublished\":\"2022-03-14T12:10:22+00:00\",\"dateModified\":\"2024-05-02T10:01:32+00:00\",\"breadcrumb\":{\"@id\":\"https:\/\/www.vita-explorers.dk\/blog\/laura-i-praktik-med-boernebeskyttelse-i-peru\/#breadcrumb\"},\"inLanguage\":\"da-DK\",\"potentialAction\":[{\"@type\":\"ReadAction\",\"target\":[\"https:\/\/www.vita-explorers.dk\/blog\/laura-i-praktik-med-boernebeskyttelse-i-peru\/\"]}]},{\"@type\":\"ImageObject\",\"inLanguage\":\"da-DK\",\"@id\":\"https:\/\/www.vita-explorers.dk\/blog\/laura-i-praktik-med-boernebeskyttelse-i-peru\/#primaryimage\",\"url\":\"https:\/\/www.vita-explorers.dk\/blog\/wp-content\/uploads\/2022\/03\/IMG-20180611-WA0021_resized.jpg\",\"contentUrl\":\"https:\/\/www.vita-explorers.dk\/blog\/wp-content\/uploads\/2022\/03\/IMG-20180611-WA0021_resized.jpg\",\"width\":640,\"height\":480},{\"@type\":\"BreadcrumbList\",\"@id\":\"https:\/\/www.vita-explorers.dk\/blog\/laura-i-praktik-med-boernebeskyttelse-i-peru\/#breadcrumb\",\"itemListElement\":[{\"@type\":\"ListItem\",\"position\":1,\"name\":\"Accueil\",\"item\":\"https:\/\/www.vita-explorers.dk\/blog\/\"},{\"@type\":\"ListItem\",\"position\":2,\"name\":\"Laura, praktik i b\u00f8rnebeskyttelse i Peru!\"}]},{\"@type\":\"WebSite\",\"@id\":\"https:\/\/www.vita-explorers.dk\/blog\/#website\",\"url\":\"https:\/\/www.vita-explorers.dk\/blog\/\",\"name\":\"Association Globalong\",\"description\":\"Frivilligt arbejde, sprogophold, praktik i udlandet og internationale oplevelser\",\"publisher\":{\"@id\":\"https:\/\/www.vita-explorers.dk\/blog\/#organization\"},\"potentialAction\":[{\"@type\":\"SearchAction\",\"target\":{\"@type\":\"EntryPoint\",\"urlTemplate\":\"https:\/\/www.vita-explorers.dk\/blog\/?s={search_term_string}\"},\"query-input\":{\"@type\":\"PropertyValueSpecification\",\"valueRequired\":true,\"valueName\":\"search_term_string\"}}],\"inLanguage\":\"da-DK\"},{\"@type\":\"Organization\",\"@id\":\"https:\/\/www.vita-explorers.dk\/blog\/#organization\",\"name\":\"Association Globalong\",\"url\":\"https:\/\/www.vita-explorers.dk\/blog\/\",\"logo\":{\"@type\":\"ImageObject\",\"inLanguage\":\"da-DK\",\"@id\":\"https:\/\/www.vita-explorers.dk\/blog\/#\/schema\/logo\/image\/\",\"url\":\"https:\/\/www.globalong.com\/blog\/wp-content\/uploads\/2014\/11\/cropped-cropped-Logo-et-Afrique-Globalong-petite-taille-2.jpg\",\"contentUrl\":\"https:\/\/www.globalong.com\/blog\/wp-content\/uploads\/2014\/11\/cropped-cropped-Logo-et-Afrique-Globalong-petite-taille-2.jpg\",\"width\":512,\"height\":512,\"caption\":\"Association Globalong\"},\"image\":{\"@id\":\"https:\/\/www.vita-explorers.dk\/blog\/#\/schema\/logo\/image\/\"},\"sameAs\":[\"https:\/\/www.facebook.com\/globalong\"]},{\"@type\":\"Person\",\"@id\":\"https:\/\/www.vita-explorers.dk\/blog\/#\/schema\/person\/fc0343a2f2db2ebb2793c1f62dbe73f0\",\"name\":\"VITA Tribe\",\"image\":{\"@type\":\"ImageObject\",\"inLanguage\":\"da-DK\",\"@id\":\"https:\/\/www.vita-explorers.dk\/blog\/#\/schema\/person\/image\/\",\"url\":\"https:\/\/secure.gravatar.com\/avatar\/f7f05026bb439d0c96b30e135e5f852c?s=96&d=mm&r=g\",\"contentUrl\":\"https:\/\/secure.gravatar.com\/avatar\/f7f05026bb439d0c96b30e135e5f852c?s=96&d=mm&r=g\",\"caption\":\"VITA Tribe\"},\"sameAs\":[\"http:\/\/www.globalong.com\"],\"url\":\"https:\/\/www.vita-explorers.dk\/blog\/author\/teamglobalong\/\"}]}<\/script>\n<!-- \/ Yoast SEO Premium plugin. -->","yoast_head_json":{"title":"Laura, praktik i b\u00f8rnebeskyttelse i Peru! - VITA Explorers Blog","robots":{"index":"index","follow":"follow","max-snippet":"max-snippet:-1","max-image-preview":"max-image-preview:large","max-video-preview":"max-video-preview:-1"},"canonical":"https:\/\/www.vita-explorers.dk\/blog\/laura-i-praktik-med-boernebeskyttelse-i-peru\/","og_locale":"da_DK","og_type":"article","og_title":"Laura, praktik i b\u00f8rnebeskyttelse i Peru!","og_description":"Fascineret af mennesker og optaget af menneskerettigheder h\u00e5bede jeg en dag at komme helt t\u00e6t p\u00e5 den virkelighed, som omr\u00e5det rummer \u2013 for at\u2026","og_url":"https:\/\/www.vita-explorers.dk\/blog\/laura-i-praktik-med-boernebeskyttelse-i-peru\/","og_site_name":"VITA Explorers Blog","article_publisher":"https:\/\/www.facebook.com\/globalong","article_published_time":"2022-03-14T12:10:22+00:00","article_modified_time":"2024-05-02T10:01:32+00:00","og_image":[{"width":640,"height":480,"url":"https:\/\/www.vita-explorers.dk\/blog\/wp-content\/uploads\/2022\/03\/IMG-20180611-WA0021_resized.jpg","type":"image\/jpeg"}],"author":"VITA Tribe","twitter_card":"summary_large_image","twitter_misc":{"Skrevet af":"VITA Tribe","Estimeret l\u00e6setid":"8 minutter"},"schema":{"@context":"https:\/\/schema.org","@graph":[{"@type":"Article","@id":"https:\/\/www.vita-explorers.dk\/blog\/laura-i-praktik-med-boernebeskyttelse-i-peru\/#article","isPartOf":{"@id":"https:\/\/www.vita-explorers.dk\/blog\/laura-i-praktik-med-boernebeskyttelse-i-peru\/"},"author":{"name":"VITA Tribe","@id":"https:\/\/www.vita-explorers.dk\/blog\/#\/schema\/person\/fc0343a2f2db2ebb2793c1f62dbe73f0"},"headline":"Laura, praktik i b\u00f8rnebeskyttelse i Peru!","datePublished":"2022-03-14T12:10:22+00:00","dateModified":"2024-05-02T10:01:32+00:00","mainEntityOfPage":{"@id":"https:\/\/www.vita-explorers.dk\/blog\/laura-i-praktik-med-boernebeskyttelse-i-peru\/"},"wordCount":1507,"commentCount":0,"publisher":{"@id":"https:\/\/www.vita-explorers.dk\/blog\/#organization"},"image":{"@id":"https:\/\/www.vita-explorers.dk\/blog\/laura-i-praktik-med-boernebeskyttelse-i-peru\/#primaryimage"},"thumbnailUrl":"https:\/\/www.vita-explorers.dk\/blog\/wp-content\/uploads\/2022\/03\/IMG-20180611-WA0021_resized.jpg","articleSection":["No Name"],"inLanguage":"da-DK","potentialAction":[{"@type":"CommentAction","name":"Comment","target":["https:\/\/www.vita-explorers.dk\/blog\/laura-i-praktik-med-boernebeskyttelse-i-peru\/#respond"]}]},{"@type":"WebPage","@id":"https:\/\/www.vita-explorers.dk\/blog\/laura-i-praktik-med-boernebeskyttelse-i-peru\/","url":"https:\/\/www.vita-explorers.dk\/blog\/laura-i-praktik-med-boernebeskyttelse-i-peru\/","name":"Laura, praktik i b\u00f8rnebeskyttelse i Peru! - VITA Explorers Blog","isPartOf":{"@id":"https:\/\/www.vita-explorers.dk\/blog\/#website"},"primaryImageOfPage":{"@id":"https:\/\/www.vita-explorers.dk\/blog\/laura-i-praktik-med-boernebeskyttelse-i-peru\/#primaryimage"},"image":{"@id":"https:\/\/www.vita-explorers.dk\/blog\/laura-i-praktik-med-boernebeskyttelse-i-peru\/#primaryimage"},"thumbnailUrl":"https:\/\/www.vita-explorers.dk\/blog\/wp-content\/uploads\/2022\/03\/IMG-20180611-WA0021_resized.jpg","datePublished":"2022-03-14T12:10:22+00:00","dateModified":"2024-05-02T10:01:32+00:00","breadcrumb":{"@id":"https:\/\/www.vita-explorers.dk\/blog\/laura-i-praktik-med-boernebeskyttelse-i-peru\/#breadcrumb"},"inLanguage":"da-DK","potentialAction":[{"@type":"ReadAction","target":["https:\/\/www.vita-explorers.dk\/blog\/laura-i-praktik-med-boernebeskyttelse-i-peru\/"]}]},{"@type":"ImageObject","inLanguage":"da-DK","@id":"https:\/\/www.vita-explorers.dk\/blog\/laura-i-praktik-med-boernebeskyttelse-i-peru\/#primaryimage","url":"https:\/\/www.vita-explorers.dk\/blog\/wp-content\/uploads\/2022\/03\/IMG-20180611-WA0021_resized.jpg","contentUrl":"https:\/\/www.vita-explorers.dk\/blog\/wp-content\/uploads\/2022\/03\/IMG-20180611-WA0021_resized.jpg","width":640,"height":480},{"@type":"BreadcrumbList","@id":"https:\/\/www.vita-explorers.dk\/blog\/laura-i-praktik-med-boernebeskyttelse-i-peru\/#breadcrumb","itemListElement":[{"@type":"ListItem","position":1,"name":"Accueil","item":"https:\/\/www.vita-explorers.dk\/blog\/"},{"@type":"ListItem","position":2,"name":"Laura, praktik i b\u00f8rnebeskyttelse i Peru!"}]},{"@type":"WebSite","@id":"https:\/\/www.vita-explorers.dk\/blog\/#website","url":"https:\/\/www.vita-explorers.dk\/blog\/","name":"Association Globalong","description":"Frivilligt arbejde, sprogophold, praktik i udlandet og internationale oplevelser","publisher":{"@id":"https:\/\/www.vita-explorers.dk\/blog\/#organization"},"potentialAction":[{"@type":"SearchAction","target":{"@type":"EntryPoint","urlTemplate":"https:\/\/www.vita-explorers.dk\/blog\/?s={search_term_string}"},"query-input":{"@type":"PropertyValueSpecification","valueRequired":true,"valueName":"search_term_string"}}],"inLanguage":"da-DK"},{"@type":"Organization","@id":"https:\/\/www.vita-explorers.dk\/blog\/#organization","name":"Association Globalong","url":"https:\/\/www.vita-explorers.dk\/blog\/","logo":{"@type":"ImageObject","inLanguage":"da-DK","@id":"https:\/\/www.vita-explorers.dk\/blog\/#\/schema\/logo\/image\/","url":"https:\/\/www.globalong.com\/blog\/wp-content\/uploads\/2014\/11\/cropped-cropped-Logo-et-Afrique-Globalong-petite-taille-2.jpg","contentUrl":"https:\/\/www.globalong.com\/blog\/wp-content\/uploads\/2014\/11\/cropped-cropped-Logo-et-Afrique-Globalong-petite-taille-2.jpg","width":512,"height":512,"caption":"Association Globalong"},"image":{"@id":"https:\/\/www.vita-explorers.dk\/blog\/#\/schema\/logo\/image\/"},"sameAs":["https:\/\/www.facebook.com\/globalong"]},{"@type":"Person","@id":"https:\/\/www.vita-explorers.dk\/blog\/#\/schema\/person\/fc0343a2f2db2ebb2793c1f62dbe73f0","name":"VITA Tribe","image":{"@type":"ImageObject","inLanguage":"da-DK","@id":"https:\/\/www.vita-explorers.dk\/blog\/#\/schema\/person\/image\/","url":"https:\/\/secure.gravatar.com\/avatar\/f7f05026bb439d0c96b30e135e5f852c?s=96&d=mm&r=g","contentUrl":"https:\/\/secure.gravatar.com\/avatar\/f7f05026bb439d0c96b30e135e5f852c?s=96&d=mm&r=g","caption":"VITA Tribe"},"sameAs":["http:\/\/www.globalong.com"],"url":"https:\/\/www.vita-explorers.dk\/blog\/author\/teamglobalong\/"}]}},"_links":{"self":[{"href":"https:\/\/www.vita-explorers.dk\/blog\/wp-json\/wp\/v2\/posts\/14144"}],"collection":[{"href":"https:\/\/www.vita-explorers.dk\/blog\/wp-json\/wp\/v2\/posts"}],"about":[{"href":"https:\/\/www.vita-explorers.dk\/blog\/wp-json\/wp\/v2\/types\/post"}],"author":[{"embeddable":true,"href":"https:\/\/www.vita-explorers.dk\/blog\/wp-json\/wp\/v2\/users\/7"}],"replies":[{"embeddable":true,"href":"https:\/\/www.vita-explorers.dk\/blog\/wp-json\/wp\/v2\/comments?post=14144"}],"version-history":[{"count":12,"href":"https:\/\/www.vita-explorers.dk\/blog\/wp-json\/wp\/v2\/posts\/14144\/revisions"}],"predecessor-version":[{"id":14161,"href":"https:\/\/www.vita-explorers.dk\/blog\/wp-json\/wp\/v2\/posts\/14144\/revisions\/14161"}],"wp:featuredmedia":[{"embeddable":true,"href":"https:\/\/www.vita-explorers.dk\/blog\/wp-json\/wp\/v2\/media\/14152"}],"wp:attachment":[{"href":"https:\/\/www.vita-explorers.dk\/blog\/wp-json\/wp\/v2\/media?parent=14144"}],"wp:term":[{"taxonomy":"category","embeddable":true,"href":"https:\/\/www.vita-explorers.dk\/blog\/wp-json\/wp\/v2\/categories?post=14144"},{"taxonomy":"post_tag","embeddable":true,"href":"https:\/\/www.vita-explorers.dk\/blog\/wp-json\/wp\/v2\/tags?post=14144"}],"curies":[{"name":"wp","href":"https:\/\/api.w.org\/{rel}","templated":true}]}}