{"id":14339,"date":"2022-04-06T16:46:01","date_gmt":"2022-04-06T14:46:01","guid":{"rendered":"https:\/\/www.globalong.com\/blog\/?p=14339"},"modified":"2024-05-02T11:55:23","modified_gmt":"2024-05-02T09:55:23","slug":"interview-veronique-riotton-folketingsmedlem-i-1-kreds-i-haute-savoie","status":"publish","type":"post","link":"https:\/\/www.vita-explorers.dk\/blog\/interview-veronique-riotton-folketingsmedlem-i-1-kreds-i-haute-savoie\/","title":{"rendered":"Interview med V\u00e9ronique Riotton, folketingsmedlem for 1. valgkreds i Haute-Savoie"},"content":{"rendered":"<div class=\"ti-widget ti-goog\" data-layout-id=\"4\" data-set-id=\"light-background\" data-pid=\"\" data-language=\"fr\" data-version=\"2\" data-review-target-width=\"300\" data-review-text-mode=\"readmore\" data-pager-autoplay-timeout=\"6\" > <div class=\"ti-widget-container ti-col-3\"> <div class=\"ti-reviews-container\"> <div class=\"ti-controls\"> <div class=\"ti-next\" aria-label=\"Avis suivante\" role=\"button\"><\/div> <div class=\"ti-prev\" aria-label=\"Avis pr\u00e9c\u00e9dent\" role=\"button\"><\/div> <\/div> <div class=\"ti-reviews-container-wrapper\">  <div data-empty=\"0\" class=\"ti-review-item source-Google ti-image-layout-thumbnail\" data-id=\"cfcd208495d565ef66e7dff9f98764da\" > <div class=\"ti-inner\"> <div class=\"ti-review-header\"> <div class=\"ti-profile-img\"> <img decoding=\"async\" src=\"https:\/\/lh3.googleusercontent.com\/a\/ACg8ocKpaoKe37CD0_POxO97KqB60GsWQRsIuG2vmCfXT-W_FY44vw=s120-c-rp-mo-br100\" srcset=\"https:\/\/lh3.googleusercontent.com\/a\/ACg8ocKpaoKe37CD0_POxO97KqB60GsWQRsIuG2vmCfXT-W_FY44vw=s120-c-rp-mo-br100 2x\" alt=\"Lucie Correia\" loading=\"lazy\" \/> <\/div> <div class=\"ti-profile-details\"> <div class=\"ti-name\"> Lucie Correia <\/div> <div class=\"ti-date\">2024-10-17<\/div> <\/div> <\/div> <span class=\"ti-stars\"><span class=\"ti-star f\"><\/span><span class=\"ti-star f\"><\/span><span class=\"ti-star f\"><\/span><span class=\"ti-star f\"><\/span><span class=\"ti-star f\"><\/span><\/span> <div class=\"ti-review-text-container ti-review-content\"><!-- R-CONTENT -->La communication avec Globalong est super, personnes tr\u00e8s pr\u00e9sentes pour les b\u00e9n\u00e9voles et \u00e9tudiants partant avec cette association. Elles r\u00e9pondent \u00e0 toutes nos questions et sont tr\u00e8s accessibles au t\u00e9l\u00e9phone.<!-- R-CONTENT --><\/div> <span class=\"ti-read-more\" data-container=\".ti-review-content\" data-collapse-text=\"Cacher\" data-open-text=\"Lire la suite\" ><\/span> <\/div> <\/div>  <div data-empty=\"0\" class=\"ti-review-item source-Google ti-image-layout-thumbnail\" data-id=\"cfcd208495d565ef66e7dff9f98764da\" > <div class=\"ti-inner\"> <div class=\"ti-review-header\"> <div class=\"ti-profile-img\"> <img decoding=\"async\" src=\"https:\/\/lh3.googleusercontent.com\/a-\/ALV-UjWqnnzM7-7c9BDqeTDF-a7pOgNjvLkJ3WshRd_Tn7z0Eu-AGQwo=s120-c-rp-mo-br100\" srcset=\"https:\/\/lh3.googleusercontent.com\/a-\/ALV-UjWqnnzM7-7c9BDqeTDF-a7pOgNjvLkJ3WshRd_Tn7z0Eu-AGQwo=s120-c-rp-mo-br100 2x\" alt=\"Ra\u00efssa Frisch\" loading=\"lazy\" \/> <\/div> <div class=\"ti-profile-details\"> <div class=\"ti-name\"> Ra\u00efssa Frisch <\/div> <div class=\"ti-date\">2024-10-14<\/div> <\/div> <\/div> <span class=\"ti-stars\"><span class=\"ti-star f\"><\/span><span class=\"ti-star f\"><\/span><span class=\"ti-star f\"><\/span><span class=\"ti-star f\"><\/span><span class=\"ti-star f\"><\/span><\/span> <div class=\"ti-review-text-container ti-review-content\"><!-- R-CONTENT -->J\u2019ai d\u00e9j\u00e0 eu l\u2019opportunit\u00e9 de r\u00e9aliser deux projets humanitaires avec l\u2019association Globalong. Je ne peux que la recommander, car j\u2019ai toujours b\u00e9n\u00e9fici\u00e9 d\u2019un excellent accompagnement, aussi bien avant que pendant le voyage. On ne vous laisse pas vous d\u00e9brouiller seuls, bien au contraire, vous \u00eates tr\u00e8s bien encadr\u00e9s pour accomplir toutes les d\u00e9marches dans les d\u00e9lais.\n\nAu-del\u00e0 du suivi, les exp\u00e9riences humanitaires propos\u00e9es par Globalong ne peuvent que transformer votre vie de mani\u00e8re positive. Elles vous apportent une richesse humaine inestimable.<!-- R-CONTENT --><\/div> <span class=\"ti-read-more\" data-container=\".ti-review-content\" data-collapse-text=\"Cacher\" data-open-text=\"Lire la suite\" ><\/span> <\/div> <\/div>  <div data-empty=\"0\" class=\"ti-review-item source-Google ti-image-layout-thumbnail\" data-id=\"cfcd208495d565ef66e7dff9f98764da\" > <div class=\"ti-inner\"> <div class=\"ti-review-header\"> <div class=\"ti-profile-img\"> <img decoding=\"async\" src=\"https:\/\/lh3.googleusercontent.com\/a\/ACg8ocJL-Dxv25YkXK2QwWPNRxTVqZCv5uTmDQDFg5qslKra3vRZew=s120-c-rp-mo-br100\" srcset=\"https:\/\/lh3.googleusercontent.com\/a\/ACg8ocJL-Dxv25YkXK2QwWPNRxTVqZCv5uTmDQDFg5qslKra3vRZew=s120-c-rp-mo-br100 2x\" alt=\"Tara Turan\" loading=\"lazy\" \/> <\/div> <div class=\"ti-profile-details\"> <div class=\"ti-name\"> Tara Turan <\/div> <div class=\"ti-date\">2024-10-14<\/div> <\/div> <\/div> <span class=\"ti-stars\"><span class=\"ti-star f\"><\/span><span class=\"ti-star f\"><\/span><span class=\"ti-star f\"><\/span><span class=\"ti-star f\"><\/span><span class=\"ti-star f\"><\/span><\/span> <div class=\"ti-review-text-container ti-review-content\"><!-- R-CONTENT -->Une des meilleures associations que j\u2019ai pu faire !\nUne organisation et un suivi vraiment parfait, c\u2019est avec grand plaisir que je referai un projet avec eux.<!-- R-CONTENT --><\/div> <span class=\"ti-read-more\" data-container=\".ti-review-content\" data-collapse-text=\"Cacher\" data-open-text=\"Lire la suite\" ><\/span> <\/div> <\/div>  <div data-empty=\"0\" class=\"ti-review-item source-Google ti-image-layout-thumbnail\" data-id=\"cfcd208495d565ef66e7dff9f98764da\" > <div class=\"ti-inner\"> <div class=\"ti-review-header\"> <div class=\"ti-profile-img\"> <img decoding=\"async\" src=\"https:\/\/lh3.googleusercontent.com\/a\/ACg8ocLctTPNovSk3eKM0b_MIPOfcFEQsz2135Cdu59_BWRVsIYC7Q=s120-c-rp-mo-br100\" srcset=\"https:\/\/lh3.googleusercontent.com\/a\/ACg8ocLctTPNovSk3eKM0b_MIPOfcFEQsz2135Cdu59_BWRVsIYC7Q=s120-c-rp-mo-br100 2x\" alt=\"Repiquet Julie\" loading=\"lazy\" \/> <\/div> <div class=\"ti-profile-details\"> <div class=\"ti-name\"> Repiquet Julie <\/div> <div class=\"ti-date\">2024-10-13<\/div> <\/div> <\/div> <span class=\"ti-stars\"><span class=\"ti-star f\"><\/span><span class=\"ti-star f\"><\/span><span class=\"ti-star f\"><\/span><span class=\"ti-star f\"><\/span><span class=\"ti-star f\"><\/span><\/span> <div class=\"ti-review-text-container ti-review-content\"><!-- R-CONTENT -->Tr\u00e8s bon accompagnement de la part de Globalong, du premier jour avec toutes mes interrogations, jusqu'au d\u00e9part dans quelques jours. Le dossier transmis apr\u00e8s validation de la mission est plus que complet, les webmaster tr\u00e8s int\u00e9ressantes et permettent de d\u00e9charger mentalement ce genre de pr\u00e9paration, tout est pr\u00e9vu il n'y a plus qu'\u00e0 suivre ! Merci \u00e0 Florence de r\u00e9pondre \u00e0 toutes mes questions avec gentillesse et bienveillance, cela m'a permis de passer le cap!\nMaintenant, il n'y a plus qu'\u00e0 \ud83d\ude00<!-- R-CONTENT --><\/div> <span class=\"ti-read-more\" data-container=\".ti-review-content\" data-collapse-text=\"Cacher\" data-open-text=\"Lire la suite\" ><\/span> <\/div> <\/div>  <div data-empty=\"0\" class=\"ti-review-item source-Google ti-image-layout-thumbnail\" data-id=\"cfcd208495d565ef66e7dff9f98764da\" > <div class=\"ti-inner\"> <div class=\"ti-review-header\"> <div class=\"ti-profile-img\"> <img decoding=\"async\" src=\"https:\/\/lh3.googleusercontent.com\/a\/ACg8ocJJTdmTWs8nAA0yuH_cKOUgzc6GFAkHBiXhpnnVYXaWMBZsHw=s120-c-rp-mo-br100\" srcset=\"https:\/\/lh3.googleusercontent.com\/a\/ACg8ocJJTdmTWs8nAA0yuH_cKOUgzc6GFAkHBiXhpnnVYXaWMBZsHw=s120-c-rp-mo-br100 2x\" alt=\"Marine Guilhamat\" loading=\"lazy\" \/> <\/div> <div class=\"ti-profile-details\"> <div class=\"ti-name\"> Marine Guilhamat <\/div> <div class=\"ti-date\">2024-10-09<\/div> <\/div> <\/div> <span class=\"ti-stars\"><span class=\"ti-star f\"><\/span><span class=\"ti-star f\"><\/span><span class=\"ti-star f\"><\/span><span class=\"ti-star f\"><\/span><span class=\"ti-star f\"><\/span><\/span> <div class=\"ti-review-text-container ti-review-content\"><!-- R-CONTENT -->Tr\u00e8s belle association qui offre un cadre super s\u00e9curisant et permet de s\u2019investir dans des projets qui ont du sens. Merci \u00e0 l\u2019\u00e9quipe Globalong pour votre disponibilit\u00e9, gentillesse et accompagnement !<!-- R-CONTENT --><\/div> <span class=\"ti-read-more\" data-container=\".ti-review-content\" data-collapse-text=\"Cacher\" data-open-text=\"Lire la suite\" ><\/span> <\/div> <\/div>  <div data-empty=\"0\" class=\"ti-review-item source-Google ti-image-layout-thumbnail\" data-id=\"cfcd208495d565ef66e7dff9f98764da\" > <div class=\"ti-inner\"> <div class=\"ti-review-header\"> <div class=\"ti-profile-img\"> <img decoding=\"async\" src=\"https:\/\/lh3.googleusercontent.com\/a\/ACg8ocIgITHXKo46qgJyPqlJeAcxz11gCKUJpGIk2qauiIe2O3iZ6w=s120-c-rp-mo-br100\" srcset=\"https:\/\/lh3.googleusercontent.com\/a\/ACg8ocIgITHXKo46qgJyPqlJeAcxz11gCKUJpGIk2qauiIe2O3iZ6w=s120-c-rp-mo-br100 2x\" alt=\"Laura Mercier\" loading=\"lazy\" \/> <\/div> <div class=\"ti-profile-details\"> <div class=\"ti-name\"> Laura Mercier <\/div> <div class=\"ti-date\">2024-10-08<\/div> <\/div> <\/div> <span class=\"ti-stars\"><span class=\"ti-star f\"><\/span><span class=\"ti-star f\"><\/span><span class=\"ti-star f\"><\/span><span class=\"ti-star f\"><\/span><span class=\"ti-star f\"><\/span><\/span> <div class=\"ti-review-text-container ti-review-content\"><!-- R-CONTENT -->Mon d\u00e9part approche, je pars dans une semaine, et depuis le d\u00e9but de mon inscription je suis tr\u00e8s satisfaite du suivi effectu\u00e9 par l\u2019association. Ils sont tr\u00e8s disponibles et r\u00e9pondent rapidement \u00e0 l\u2019ensemble des questions. Je suis tr\u00e8s contente de partir faire cette mission humanitaire encadr\u00e9e par cette association. Je recommande vraiment.<!-- R-CONTENT --><\/div> <span class=\"ti-read-more\" data-container=\".ti-review-content\" data-collapse-text=\"Cacher\" data-open-text=\"Lire la suite\" ><\/span> <\/div> <\/div>  <div data-empty=\"0\" class=\"ti-review-item source-Google ti-image-layout-thumbnail\" data-id=\"cfcd208495d565ef66e7dff9f98764da\" > <div class=\"ti-inner\"> <div class=\"ti-review-header\"> <div class=\"ti-profile-img\"> <img decoding=\"async\" src=\"https:\/\/lh3.googleusercontent.com\/a-\/ALV-UjVVr0YMQhXl8QNEEB32l-rnoaYwvRZUjIEX9OEwPE_1fQwzIyk=s120-c-rp-mo-br100\" srcset=\"https:\/\/lh3.googleusercontent.com\/a-\/ALV-UjVVr0YMQhXl8QNEEB32l-rnoaYwvRZUjIEX9OEwPE_1fQwzIyk=s120-c-rp-mo-br100 2x\" alt=\"Anouk Rzkt\" loading=\"lazy\" \/> <\/div> <div class=\"ti-profile-details\"> <div class=\"ti-name\"> Anouk Rzkt <\/div> <div class=\"ti-date\">2024-10-02<\/div> <\/div> <\/div> <span class=\"ti-stars\"><span class=\"ti-star f\"><\/span><span class=\"ti-star f\"><\/span><span class=\"ti-star f\"><\/span><span class=\"ti-star f\"><\/span><span class=\"ti-star f\"><\/span><\/span> <div class=\"ti-review-text-container ti-review-content\"><!-- R-CONTENT -->Globalong est l'association parfaite. L'\u00e9quipe offre un v\u00e9ritable accompagnement rythm\u00e9 par beaucoup de conseils et d'\u00e9coute. Le site est tr\u00e8s bien fait avec des dossiers complets allant des sujets tr\u00e8s pratiques a d'autres plus th\u00e9oriques (tels que le choc culturel par exemple). Je recommande vivement et remercie sinc\u00e8rement toute l'\u00e9quipe pour leur gentillesse et investissement !<!-- R-CONTENT --><\/div> <span class=\"ti-read-more\" data-container=\".ti-review-content\" data-collapse-text=\"Cacher\" data-open-text=\"Lire la suite\" ><\/span> <\/div> <\/div>  <\/div> <div class=\"ti-controls-line\"> <div class=\"dot\"><\/div> <\/div> <\/div> <div class=\"ti-footer\"> <div class=\"ti-rating-text\"> <span class=\"nowrap\">\u00c9valuation <strong>Google<\/strong> : <\/span><span class=\"nowrap\"><strong>4.8<\/strong> sur 5, <\/span><span class=\"nowrap\">Bas\u00e9e sur <strong>240 avis<\/strong><\/span> <\/div> <\/div>  <\/div> <\/div> \n<h1 class=\"Standard\" style=\"text-align: justify;\"><span style=\"font-size: 12pt;\"><strong>Mme V\u00e9ronique Riotton, formand for Venskabsgruppen Frankrig\u2013Nepal i den franske Nationalforsamling siden 2017<\/strong>, har for nylig v\u00e6ret p\u00e5 <strong>et seks dages bes\u00f8g i <span style=\"text-decoration: underline;\"><span style=\"color: #800000; text-decoration: underline;\"><a style=\"color: #800000; text-decoration: underline;\" href=\"https:\/\/www.vita-explorers.dk\/frivilligt-arbejde\/frivilligt-arbejde-i-nepal.html\" target=\"_blank\" rel=\"noopener\">Nepal<\/a><\/span><\/span><\/strong>.<\/span><\/h1>\n<h2 class=\"Standard\" style=\"text-align: justify;\"><span style=\"font-size: 12pt;\">Hun var ledsaget af <strong>hr. Nicolas Forissier og fru Graziella Melchior (n\u00e6stform\u00e6nd)<\/strong>. Mme Riotton har specialiseret sig i HR og har arbejdet inden for omr\u00e5det i omkring tyve \u00e5r. <strong>Hun arbejder med organisationer inden for b\u00e6redygtig udvikling, uddannelse, sport og sociale indsatser.<\/strong> I Frankrig er Mme Riotton <strong>medlem af parlamentet (deputeret for Haute-Savoie)<\/strong> under <strong>pr\u00e6sident Emmanuel Macron (LREM).<\/strong> Den 11. marts 2022 sagde Mme Riotton ja til et interview med New Spotlight Magazine p\u00e5 <strong>den franske ambassade i Kathmandu<\/strong> for at fort\u00e6lle om form\u00e5let med rejsen og de begivenheder, der fandt sted under m\u00f8derne. Uddrag:<\/span><\/h2>\n<p class=\"Standard\" style=\"text-align: justify;\"><img loading=\"lazy\" decoding=\"async\" class=\"aligncenter wp-image-14308 size-medium\" src=\"https:\/\/www.vita-explorers.dk\/blog\/wp-content\/uploads\/2022\/03\/V.Riotton-3-207x300.jpg\" alt=\"\" width=\"207\" height=\"300\" srcset=\"https:\/\/www.vita-explorers.dk\/blog\/wp-content\/uploads\/2022\/03\/V.Riotton-3-207x300.jpg 207w, https:\/\/www.vita-explorers.dk\/blog\/wp-content\/uploads\/2022\/03\/V.Riotton-3-707x1024.jpg 707w, https:\/\/www.vita-explorers.dk\/blog\/wp-content\/uploads\/2022\/03\/V.Riotton-3-768x1113.jpg 768w, https:\/\/www.vita-explorers.dk\/blog\/wp-content\/uploads\/2022\/03\/V.Riotton-3-1060x1536.jpg 1060w, https:\/\/www.vita-explorers.dk\/blog\/wp-content\/uploads\/2022\/03\/V.Riotton-3-1413x2048.jpg 1413w, https:\/\/www.vita-explorers.dk\/blog\/wp-content\/uploads\/2022\/03\/V.Riotton-3-scaled.jpg 1767w\" sizes=\"(max-width: 207px) 100vw, 207px\" \/><\/p>\n<h3 style=\"text-align: justify;\"><span style=\"font-size: 12pt;\"><strong>Hvordan ser du p\u00e5 relationerne mellem Frankrig og Nepal?<\/strong><\/span><\/h3>\n<p style=\"text-align: justify;\">Siden etableringen af de diplomatiske relationer i 1949 mellem Frankrig og Nepal har de to lande bevaret et godt bilateralt forhold. I 73 \u00e5r har vi haft gl\u00e6de af et st\u00e6rkt og respektfuldt venskab.<\/p>\n<h4 style=\"text-align: justify;\"><span style=\"font-size: 12pt;\"><strong>Hvordan oplevede du dine m\u00f8der med Nepals \u00f8verste ledelse?<\/strong><\/span><\/h4>\n<p style=\"text-align: justify;\">Vores m\u00f8der med pr\u00e6sidenten, premierministeren, formanden for den interparlamentariske gruppe Frankrig\u2013Nepal (hr. Madhav Kumar Nepal) og andre politiske ledere var rigtig gode.<\/p>\n<h5 style=\"text-align: justify;\"><span style=\"font-size: 12pt;\"><strong>Hvilke indtryk fik du efter at have m\u00f8dt medlemmerne af venskabsgruppen?<\/strong><\/span><\/h5>\n<p style=\"text-align: justify;\">Mit m\u00f8de med formanden [for venskabsgruppen] udsprang f\u00f8rst af et \u00f8nske om at hj\u00e6lpe og om at stille mig til r\u00e5dighed for det nepalesiske f\u00e6llesskab. Jeg opdagede, at civilsamfundet er meget velorganiseret, og at de ikke har brug for os. S\u00e5 spurgte jeg mig selv: &#8220;Hvor kan jeg g\u00f8re en reel forskel?&#8221; Derfor valgte jeg at fokusere p\u00e5 de diplomatiske relationer mellem de to lande. Min rolle er at opbygge parlamentariske diplomatiske relationer, og jeg mener, at parlamentarisk diplomati har en vigtig plads. I Nepal var vores bes\u00f8g ventet. Men for at komme videre end de oplagte relationer m\u00e5 vi finde konkrete temaer at arbejde med.<\/p>\n<p style=\"text-align: justify;\"><img loading=\"lazy\" decoding=\"async\" class=\"aligncenter wp-image-14309 size-medium\" src=\"https:\/\/www.vita-explorers.dk\/blog\/wp-content\/uploads\/2022\/03\/V.Riotton-6-300x210.png\" alt=\"\" width=\"300\" height=\"210\" srcset=\"https:\/\/www.vita-explorers.dk\/blog\/wp-content\/uploads\/2022\/03\/V.Riotton-6-300x210.png 300w, https:\/\/www.vita-explorers.dk\/blog\/wp-content\/uploads\/2022\/03\/V.Riotton-6-768x539.png 768w, https:\/\/www.vita-explorers.dk\/blog\/wp-content\/uploads\/2022\/03\/V.Riotton-6.png 807w\" sizes=\"(max-width: 300px) 100vw, 300px\" \/><\/p>\n<p style=\"text-align: justify;\"><strong>Du har v\u00e6ret med til at udforme flere love i Frankrig om b\u00e6redygtig udvikling (bl.a. mod mad- og ressourcespild og for cirkul\u00e6r \u00f8konomi med AGEC-loven, reform af energirenovering med \u00c9lan-loven og fremme af \u00f8kodesign med klimaloven). Du er ogs\u00e5 medlem af Udvalget for B\u00e6redygtig Udvikling i den franske Nationalforsamling.<\/strong><\/p>\n<p style=\"text-align: justify;\"><strong>\u00a0<\/strong><\/p>\n<h6 style=\"text-align: justify;\"><span style=\"font-size: 12pt;\"><strong>Hvad t\u00e6nkte du om Nepal i forhold til b\u00e6redygtig udvikling?<\/strong><\/span><\/h6>\n<p style=\"text-align: justify;\">Vi talte om udviklingen af transport og vandkraft i Nepal, men helt \u00e6rligt blev jeg is\u00e6r sl\u00e5et af, hvor udfordrende affaldsindsamlingen er i Kathmandu. Jeg h\u00e5ber, at vi kan finde nye metoder, der kan hj\u00e6lpe [Nepal] v\u00e6k fra plastikafh\u00e6ngigheden. Jeg mener ogs\u00e5, at man b\u00f8r se p\u00e5 energirenovering af bygninger, for eksempel med termoruder.<\/p>\n<p style=\"text-align: justify;\"><strong>I 2019 n\u00e6vnte du et sv\u00e6vebaneprojekt i Kathmandu for at lette trafikken \u2013 er det stadig aktuelt?<\/strong><\/p>\n<p style=\"text-align: justify;\">Der var faktisk tre projekter: opsendelse af en telekommunikationssatellit, sikkerhed for den trykte presse og sv\u00e6vebanen. For sv\u00e6vebanen h\u00e5bede man, at det franske firma POMA kunne deltage, men det ser ud til, at projektet er blevet erstattet af id\u00e9en om en metro, som skal udbydes i et udbud.<\/p>\n<p style=\"text-align: justify;\"><strong>Hvilke andre emner blev taget op?<\/strong><\/p>\n<p style=\"text-align: justify;\">Covid-19-situationen blev kun kort ber\u00f8rt; pr\u00e6sidenten henviste mest til bekymringen for en fjerde b\u00f8lge. Til geng\u00e6ld talte vi om, at det nepalesiske parlament lige nu er lidt fastl\u00e5st i sp\u00f8rgsm\u00e5let om MCC. Derfor dr\u00f8ftede vi parlamentets rolle, som i praksis ogs\u00e5 skal tage <em>sin plads<\/em>!<img loading=\"lazy\" decoding=\"async\" class=\"aligncenter wp-image-14330 size-medium\" src=\"https:\/\/www.vita-explorers.dk\/blog\/wp-content\/uploads\/2022\/04\/Culture-Nepal-min-300x209.jpg\" alt=\"\" width=\"300\" height=\"209\" srcset=\"https:\/\/www.vita-explorers.dk\/blog\/wp-content\/uploads\/2022\/04\/Culture-Nepal-min-300x209.jpg 300w, https:\/\/www.vita-explorers.dk\/blog\/wp-content\/uploads\/2022\/04\/Culture-Nepal-min-1024x715.jpg 1024w, https:\/\/www.vita-explorers.dk\/blog\/wp-content\/uploads\/2022\/04\/Culture-Nepal-min-768x536.jpg 768w, https:\/\/www.vita-explorers.dk\/blog\/wp-content\/uploads\/2022\/04\/Culture-Nepal-min.jpg 1097w\" sizes=\"(max-width: 300px) 100vw, 300px\" \/><\/p>\n<p style=\"text-align: justify;\"><strong>Kvinders repr\u00e6sentation er et emne, der tydeligvis ligger dig meget p\u00e5 sinde, da du er medlem af Kvindebureauet i Den Interparlamentariske Union og offentligt arbejder for kvinders plads i politik. Hvad t\u00e6nker du om Nepal p\u00e5 dette omr\u00e5de?<\/strong><\/p>\n<p style=\"text-align: justify;\"><strong>\u00a0<\/strong><\/p>\n<p style=\"text-align: justify;\">Jeg mener, at loven om 33 % kvinder i de nationale parlamentariske forsamlinger, som kom med forfatningen fra 2015, har hjulpet, og alle var enige [p\u00e5 m\u00f8derne] om, at der er en plads til kvinder \u2013 men personligt fandt jeg det skuffende. Vi talte om kvinders repr\u00e6sentation og kastesystemet, som optager mig meget, som europ\u00e6er. Mit eneste budskab til kvinder er, at kvoten er et f\u00f8rste skridt, men at det ikke er nok. Man skal forts\u00e6tte med at styrke pigers og kvinders uddannelse og skabe netv\u00e6rk for kvinder.<\/p>\n<p style=\"text-align: justify;\"><strong>Overordnet set, hvad syntes du om dit bes\u00f8g i Nepal?<\/strong><\/p>\n<p style=\"text-align: justify;\"><strong>\u00a0<\/strong><\/p>\n<p style=\"text-align: justify;\">M\u00f8derne var meget indholdsrige, og jeg oplevede stor respekt, opm\u00e6rksomhed og en varm im\u00f8dekommenhed i relationen til det nepalesiske folk. Jeg blev i ordets egentlige forstand taget godt imod, og efter den officielle del vil jeg bruge lidt tid p\u00e5 at rejse rundt og l\u00e6re Nepal bedre at kende.<\/p>\n<p style=\"text-align: justify;\"><strong>\u00a0<\/strong><\/p>\n<p style=\"text-align: justify;\"><strong>Nu hvor din rejse n\u00e6rmer sig sin afslutning, hvordan vurderer du udbyttet af din delegations bes\u00f8g i Nepal?<\/strong><\/p>\n<p style=\"text-align: justify;\">Efter at have talt med de \u00f8verste ledere og kvindelige parlamentsmedlemmer st\u00e5r det klart, at Nepal har taget skridt i forhold til kvinders empowerment og deres deltagelse i Nepals politiske liv. De forfatningsm\u00e6ssige forpligtelser i forfatningen fra 2015 har givet kvinder nogle rettigheder. Alligevel er det ikke nok til reelt at skabe forandring. Mange kvinder, der i begyndelsen gik ind i politik, har trukket sig p\u00e5 grund af manglende muligheder. For eksempel skulle en vellidt kvinde, der stillede op som borgmesterkandidat i Kathmandu, angiveligt v\u00e6re p\u00e5 vej til at tr\u00e6kke sig tilbage fra politik. Efter at have m\u00f8dt flere kvindelige ledere og aktivister konkluderede vi, at der stadig er mange barrierer for kvinder i politik.<\/p>\n<p style=\"text-align: justify;\"><strong>Mener du ikke, at de seneste tiltag i Nepal skaber forandring?<\/strong><\/p>\n<p style=\"text-align: justify;\">Det er positivt at se, at lovgivningen i forfatningen \u00e6ndrer sig, men Nepal har ogs\u00e5 brug for et skifte i mindset og v\u00e6rdier. Vi h\u00e5ber, at vilk\u00e5rene for kvindelige politikere i Nepal bliver bedre. Folk har brug for at forst\u00e5, at vi er lige.<\/p>\n<p style=\"text-align: justify;\"><strong>Nepal stemte i FN imod invasionen af Ukraine og opfordrer Rusland til at anerkende Ukraines suver\u00e6nitet, integritet og uafh\u00e6ngighed. Talte I om denne situation under m\u00f8derne med de nepalesiske delegationer?<\/strong><\/p>\n<p style=\"text-align: justify;\">Det franske folk og parlamentet st\u00f8tter den franske regering, som har bedt Rusland om at stoppe krigen mod Ukraine og straks indf\u00f8re en v\u00e5benhvile. V\u00e5benhvile er n\u00f8dvendig for at forbedre den humanit\u00e6re situation i Ukraine. Da det er en global problemstilling, understregede de nepalesiske ledere ogs\u00e5, at krigen i Ukraine m\u00e5 stoppe.<\/p>\n<p style=\"text-align: justify;\"><strong>Situationen i Europa er ustabil efter invasionen af Ukraine. Hvad siger regeringen om det, der sker?<\/strong><\/p>\n<p style=\"text-align: justify;\">Den franske regering ford\u00f8mmer invasionen, og vi ved, at der vil komme en \u00f8konomisk p\u00e5virkning og \u2013 naturligvis \u2013 sociale konsekvenser. Trods konsekvenserne har Frankrig viljen til at tage imod ukrainske flygtninge. Uanset de \u00f8konomiske f\u00f8lger vil vi st\u00f8tte de sektorer, der er \u00f8konomisk pressede, for at kunne fastholde de \u00f8konomiske sanktioner mod Rusland.<\/p>\n<p>\u00a0<\/p>\n<p class=\"Standard\"><strong>Spotlight Magazine<\/strong><\/p>\n<p class=\"Standard\"><strong>Fanny Jonckeau<\/strong><\/p>\n","protected":false},"excerpt":{"rendered":"<p>Mme V\u00e9ronique Riotton, formand for Venskabsgruppen Frankrig\u2013Nepal i den franske Nationalforsamling siden 2017, har for nylig v\u00e6ret p\u00e5 et seks dages bes\u00f8g i Nepal.\u2026<\/p>\n","protected":false},"author":7,"featured_media":14309,"comment_status":"open","ping_status":"open","sticky":false,"template":"","format":"standard","meta":{"footnotes":""},"categories":[12,6,4],"tags":[],"yoast_head":"<!-- This site is optimized with the Yoast SEO Premium plugin v23.4 (Yoast SEO v23.4) - https:\/\/yoast.com\/wordpress\/plugins\/seo\/ -->\n<title>Interview med V\u00e9ronique Riotton, folketingsmedlem for 1. valgkreds i Haute-Savoie - VITA Explorers Blog<\/title>\n<meta name=\"robots\" content=\"index, follow, max-snippet:-1, max-image-preview:large, max-video-preview:-1\" \/>\n<link rel=\"canonical\" href=\"https:\/\/www.vita-explorers.dk\/blog\/interview-veronique-riotton-folketingsmedlem-i-1-kreds-i-haute-savoie\/\" \/>\n<meta property=\"og:locale\" content=\"da_DK\" \/>\n<meta property=\"og:type\" content=\"article\" \/>\n<meta property=\"og:title\" content=\"Interview med V\u00e9ronique Riotton, folketingsmedlem for 1. valgkreds i Haute-Savoie\" \/>\n<meta property=\"og:description\" content=\"Mme V\u00e9ronique Riotton, formand for Venskabsgruppen Frankrig\u2013Nepal i den franske Nationalforsamling siden 2017, har for nylig v\u00e6ret p\u00e5 et seks dages bes\u00f8g i Nepal.\u2026\" \/>\n<meta property=\"og:url\" content=\"https:\/\/www.vita-explorers.dk\/blog\/interview-veronique-riotton-folketingsmedlem-i-1-kreds-i-haute-savoie\/\" \/>\n<meta property=\"og:site_name\" content=\"VITA Explorers Blog\" \/>\n<meta property=\"article:publisher\" content=\"https:\/\/www.facebook.com\/globalong\" \/>\n<meta property=\"article:published_time\" content=\"2022-04-06T14:46:01+00:00\" \/>\n<meta property=\"article:modified_time\" content=\"2024-05-02T09:55:23+00:00\" \/>\n<meta property=\"og:image\" content=\"https:\/\/www.vita-explorers.dk\/blog\/wp-content\/uploads\/2022\/03\/V.Riotton-6.png\" \/>\n\t<meta property=\"og:image:width\" content=\"807\" \/>\n\t<meta property=\"og:image:height\" content=\"566\" \/>\n\t<meta property=\"og:image:type\" content=\"image\/png\" \/>\n<meta name=\"author\" content=\"VITA Tribe\" \/>\n<meta name=\"twitter:card\" content=\"summary_large_image\" \/>\n<meta name=\"twitter:label1\" content=\"Skrevet af\" \/>\n\t<meta name=\"twitter:data1\" content=\"VITA Tribe\" \/>\n\t<meta name=\"twitter:label2\" content=\"Estimeret l\u00e6setid\" \/>\n\t<meta name=\"twitter:data2\" content=\"6 minutter\" \/>\n<script type=\"application\/ld+json\" class=\"yoast-schema-graph\">{\"@context\":\"https:\/\/schema.org\",\"@graph\":[{\"@type\":\"Article\",\"@id\":\"https:\/\/www.vita-explorers.dk\/blog\/interview-veronique-riotton-folketingsmedlem-i-1-kreds-i-haute-savoie\/#article\",\"isPartOf\":{\"@id\":\"https:\/\/www.vita-explorers.dk\/blog\/interview-veronique-riotton-folketingsmedlem-i-1-kreds-i-haute-savoie\/\"},\"author\":{\"name\":\"VITA Tribe\",\"@id\":\"https:\/\/www.vita-explorers.dk\/blog\/#\/schema\/person\/fc0343a2f2db2ebb2793c1f62dbe73f0\"},\"headline\":\"Interview med V\u00e9ronique Riotton, folketingsmedlem for 1. valgkreds i Haute-Savoie\",\"datePublished\":\"2022-04-06T14:46:01+00:00\",\"dateModified\":\"2024-05-02T09:55:23+00:00\",\"mainEntityOfPage\":{\"@id\":\"https:\/\/www.vita-explorers.dk\/blog\/interview-veronique-riotton-folketingsmedlem-i-1-kreds-i-haute-savoie\/\"},\"wordCount\":1159,\"commentCount\":0,\"publisher\":{\"@id\":\"https:\/\/www.vita-explorers.dk\/blog\/#organization\"},\"image\":{\"@id\":\"https:\/\/www.vita-explorers.dk\/blog\/interview-veronique-riotton-folketingsmedlem-i-1-kreds-i-haute-savoie\/#primaryimage\"},\"thumbnailUrl\":\"https:\/\/www.vita-explorers.dk\/blog\/wp-content\/uploads\/2022\/03\/V.Riotton-6.png\",\"articleSection\":[\"Asien\",\"Nyheder\",\"VITA Explorers\"],\"inLanguage\":\"da-DK\",\"potentialAction\":[{\"@type\":\"CommentAction\",\"name\":\"Comment\",\"target\":[\"https:\/\/www.vita-explorers.dk\/blog\/interview-veronique-riotton-folketingsmedlem-i-1-kreds-i-haute-savoie\/#respond\"]}]},{\"@type\":\"WebPage\",\"@id\":\"https:\/\/www.vita-explorers.dk\/blog\/interview-veronique-riotton-folketingsmedlem-i-1-kreds-i-haute-savoie\/\",\"url\":\"https:\/\/www.vita-explorers.dk\/blog\/interview-veronique-riotton-folketingsmedlem-i-1-kreds-i-haute-savoie\/\",\"name\":\"Interview med V\u00e9ronique Riotton, folketingsmedlem for 1. valgkreds i Haute-Savoie - VITA Explorers Blog\",\"isPartOf\":{\"@id\":\"https:\/\/www.vita-explorers.dk\/blog\/#website\"},\"primaryImageOfPage\":{\"@id\":\"https:\/\/www.vita-explorers.dk\/blog\/interview-veronique-riotton-folketingsmedlem-i-1-kreds-i-haute-savoie\/#primaryimage\"},\"image\":{\"@id\":\"https:\/\/www.vita-explorers.dk\/blog\/interview-veronique-riotton-folketingsmedlem-i-1-kreds-i-haute-savoie\/#primaryimage\"},\"thumbnailUrl\":\"https:\/\/www.vita-explorers.dk\/blog\/wp-content\/uploads\/2022\/03\/V.Riotton-6.png\",\"datePublished\":\"2022-04-06T14:46:01+00:00\",\"dateModified\":\"2024-05-02T09:55:23+00:00\",\"breadcrumb\":{\"@id\":\"https:\/\/www.vita-explorers.dk\/blog\/interview-veronique-riotton-folketingsmedlem-i-1-kreds-i-haute-savoie\/#breadcrumb\"},\"inLanguage\":\"da-DK\",\"potentialAction\":[{\"@type\":\"ReadAction\",\"target\":[\"https:\/\/www.vita-explorers.dk\/blog\/interview-veronique-riotton-folketingsmedlem-i-1-kreds-i-haute-savoie\/\"]}]},{\"@type\":\"ImageObject\",\"inLanguage\":\"da-DK\",\"@id\":\"https:\/\/www.vita-explorers.dk\/blog\/interview-veronique-riotton-folketingsmedlem-i-1-kreds-i-haute-savoie\/#primaryimage\",\"url\":\"https:\/\/www.vita-explorers.dk\/blog\/wp-content\/uploads\/2022\/03\/V.Riotton-6.png\",\"contentUrl\":\"https:\/\/www.vita-explorers.dk\/blog\/wp-content\/uploads\/2022\/03\/V.Riotton-6.png\",\"width\":807,\"height\":566},{\"@type\":\"BreadcrumbList\",\"@id\":\"https:\/\/www.vita-explorers.dk\/blog\/interview-veronique-riotton-folketingsmedlem-i-1-kreds-i-haute-savoie\/#breadcrumb\",\"itemListElement\":[{\"@type\":\"ListItem\",\"position\":1,\"name\":\"Accueil\",\"item\":\"https:\/\/www.vita-explorers.dk\/blog\/\"},{\"@type\":\"ListItem\",\"position\":2,\"name\":\"Interview med V\u00e9ronique Riotton, folketingsmedlem for 1. valgkreds i Haute-Savoie\"}]},{\"@type\":\"WebSite\",\"@id\":\"https:\/\/www.vita-explorers.dk\/blog\/#website\",\"url\":\"https:\/\/www.vita-explorers.dk\/blog\/\",\"name\":\"Association Globalong\",\"description\":\"Frivilligt arbejde, sprogophold, praktik i udlandet og internationale oplevelser\",\"publisher\":{\"@id\":\"https:\/\/www.vita-explorers.dk\/blog\/#organization\"},\"potentialAction\":[{\"@type\":\"SearchAction\",\"target\":{\"@type\":\"EntryPoint\",\"urlTemplate\":\"https:\/\/www.vita-explorers.dk\/blog\/?s={search_term_string}\"},\"query-input\":{\"@type\":\"PropertyValueSpecification\",\"valueRequired\":true,\"valueName\":\"search_term_string\"}}],\"inLanguage\":\"da-DK\"},{\"@type\":\"Organization\",\"@id\":\"https:\/\/www.vita-explorers.dk\/blog\/#organization\",\"name\":\"Association Globalong\",\"url\":\"https:\/\/www.vita-explorers.dk\/blog\/\",\"logo\":{\"@type\":\"ImageObject\",\"inLanguage\":\"da-DK\",\"@id\":\"https:\/\/www.vita-explorers.dk\/blog\/#\/schema\/logo\/image\/\",\"url\":\"https:\/\/www.globalong.com\/blog\/wp-content\/uploads\/2014\/11\/cropped-cropped-Logo-et-Afrique-Globalong-petite-taille-2.jpg\",\"contentUrl\":\"https:\/\/www.globalong.com\/blog\/wp-content\/uploads\/2014\/11\/cropped-cropped-Logo-et-Afrique-Globalong-petite-taille-2.jpg\",\"width\":512,\"height\":512,\"caption\":\"Association Globalong\"},\"image\":{\"@id\":\"https:\/\/www.vita-explorers.dk\/blog\/#\/schema\/logo\/image\/\"},\"sameAs\":[\"https:\/\/www.facebook.com\/globalong\"]},{\"@type\":\"Person\",\"@id\":\"https:\/\/www.vita-explorers.dk\/blog\/#\/schema\/person\/fc0343a2f2db2ebb2793c1f62dbe73f0\",\"name\":\"VITA Tribe\",\"image\":{\"@type\":\"ImageObject\",\"inLanguage\":\"da-DK\",\"@id\":\"https:\/\/www.vita-explorers.dk\/blog\/#\/schema\/person\/image\/\",\"url\":\"https:\/\/secure.gravatar.com\/avatar\/f7f05026bb439d0c96b30e135e5f852c?s=96&d=mm&r=g\",\"contentUrl\":\"https:\/\/secure.gravatar.com\/avatar\/f7f05026bb439d0c96b30e135e5f852c?s=96&d=mm&r=g\",\"caption\":\"VITA Tribe\"},\"sameAs\":[\"http:\/\/www.globalong.com\"],\"url\":\"https:\/\/www.vita-explorers.dk\/blog\/author\/teamglobalong\/\"}]}<\/script>\n<!-- \/ Yoast SEO Premium plugin. -->","yoast_head_json":{"title":"Interview med V\u00e9ronique Riotton, folketingsmedlem for 1. valgkreds i Haute-Savoie - VITA Explorers Blog","robots":{"index":"index","follow":"follow","max-snippet":"max-snippet:-1","max-image-preview":"max-image-preview:large","max-video-preview":"max-video-preview:-1"},"canonical":"https:\/\/www.vita-explorers.dk\/blog\/interview-veronique-riotton-folketingsmedlem-i-1-kreds-i-haute-savoie\/","og_locale":"da_DK","og_type":"article","og_title":"Interview med V\u00e9ronique Riotton, folketingsmedlem for 1. valgkreds i Haute-Savoie","og_description":"Mme V\u00e9ronique Riotton, formand for Venskabsgruppen Frankrig\u2013Nepal i den franske Nationalforsamling siden 2017, har for nylig v\u00e6ret p\u00e5 et seks dages bes\u00f8g i Nepal.\u2026","og_url":"https:\/\/www.vita-explorers.dk\/blog\/interview-veronique-riotton-folketingsmedlem-i-1-kreds-i-haute-savoie\/","og_site_name":"VITA Explorers Blog","article_publisher":"https:\/\/www.facebook.com\/globalong","article_published_time":"2022-04-06T14:46:01+00:00","article_modified_time":"2024-05-02T09:55:23+00:00","og_image":[{"width":807,"height":566,"url":"https:\/\/www.vita-explorers.dk\/blog\/wp-content\/uploads\/2022\/03\/V.Riotton-6.png","type":"image\/png"}],"author":"VITA Tribe","twitter_card":"summary_large_image","twitter_misc":{"Skrevet af":"VITA Tribe","Estimeret l\u00e6setid":"6 minutter"},"schema":{"@context":"https:\/\/schema.org","@graph":[{"@type":"Article","@id":"https:\/\/www.vita-explorers.dk\/blog\/interview-veronique-riotton-folketingsmedlem-i-1-kreds-i-haute-savoie\/#article","isPartOf":{"@id":"https:\/\/www.vita-explorers.dk\/blog\/interview-veronique-riotton-folketingsmedlem-i-1-kreds-i-haute-savoie\/"},"author":{"name":"VITA Tribe","@id":"https:\/\/www.vita-explorers.dk\/blog\/#\/schema\/person\/fc0343a2f2db2ebb2793c1f62dbe73f0"},"headline":"Interview med V\u00e9ronique Riotton, folketingsmedlem for 1. valgkreds i Haute-Savoie","datePublished":"2022-04-06T14:46:01+00:00","dateModified":"2024-05-02T09:55:23+00:00","mainEntityOfPage":{"@id":"https:\/\/www.vita-explorers.dk\/blog\/interview-veronique-riotton-folketingsmedlem-i-1-kreds-i-haute-savoie\/"},"wordCount":1159,"commentCount":0,"publisher":{"@id":"https:\/\/www.vita-explorers.dk\/blog\/#organization"},"image":{"@id":"https:\/\/www.vita-explorers.dk\/blog\/interview-veronique-riotton-folketingsmedlem-i-1-kreds-i-haute-savoie\/#primaryimage"},"thumbnailUrl":"https:\/\/www.vita-explorers.dk\/blog\/wp-content\/uploads\/2022\/03\/V.Riotton-6.png","articleSection":["Asien","Nyheder","VITA Explorers"],"inLanguage":"da-DK","potentialAction":[{"@type":"CommentAction","name":"Comment","target":["https:\/\/www.vita-explorers.dk\/blog\/interview-veronique-riotton-folketingsmedlem-i-1-kreds-i-haute-savoie\/#respond"]}]},{"@type":"WebPage","@id":"https:\/\/www.vita-explorers.dk\/blog\/interview-veronique-riotton-folketingsmedlem-i-1-kreds-i-haute-savoie\/","url":"https:\/\/www.vita-explorers.dk\/blog\/interview-veronique-riotton-folketingsmedlem-i-1-kreds-i-haute-savoie\/","name":"Interview med V\u00e9ronique Riotton, folketingsmedlem for 1. valgkreds i Haute-Savoie - VITA Explorers Blog","isPartOf":{"@id":"https:\/\/www.vita-explorers.dk\/blog\/#website"},"primaryImageOfPage":{"@id":"https:\/\/www.vita-explorers.dk\/blog\/interview-veronique-riotton-folketingsmedlem-i-1-kreds-i-haute-savoie\/#primaryimage"},"image":{"@id":"https:\/\/www.vita-explorers.dk\/blog\/interview-veronique-riotton-folketingsmedlem-i-1-kreds-i-haute-savoie\/#primaryimage"},"thumbnailUrl":"https:\/\/www.vita-explorers.dk\/blog\/wp-content\/uploads\/2022\/03\/V.Riotton-6.png","datePublished":"2022-04-06T14:46:01+00:00","dateModified":"2024-05-02T09:55:23+00:00","breadcrumb":{"@id":"https:\/\/www.vita-explorers.dk\/blog\/interview-veronique-riotton-folketingsmedlem-i-1-kreds-i-haute-savoie\/#breadcrumb"},"inLanguage":"da-DK","potentialAction":[{"@type":"ReadAction","target":["https:\/\/www.vita-explorers.dk\/blog\/interview-veronique-riotton-folketingsmedlem-i-1-kreds-i-haute-savoie\/"]}]},{"@type":"ImageObject","inLanguage":"da-DK","@id":"https:\/\/www.vita-explorers.dk\/blog\/interview-veronique-riotton-folketingsmedlem-i-1-kreds-i-haute-savoie\/#primaryimage","url":"https:\/\/www.vita-explorers.dk\/blog\/wp-content\/uploads\/2022\/03\/V.Riotton-6.png","contentUrl":"https:\/\/www.vita-explorers.dk\/blog\/wp-content\/uploads\/2022\/03\/V.Riotton-6.png","width":807,"height":566},{"@type":"BreadcrumbList","@id":"https:\/\/www.vita-explorers.dk\/blog\/interview-veronique-riotton-folketingsmedlem-i-1-kreds-i-haute-savoie\/#breadcrumb","itemListElement":[{"@type":"ListItem","position":1,"name":"Accueil","item":"https:\/\/www.vita-explorers.dk\/blog\/"},{"@type":"ListItem","position":2,"name":"Interview med V\u00e9ronique Riotton, folketingsmedlem for 1. valgkreds i Haute-Savoie"}]},{"@type":"WebSite","@id":"https:\/\/www.vita-explorers.dk\/blog\/#website","url":"https:\/\/www.vita-explorers.dk\/blog\/","name":"Association Globalong","description":"Frivilligt arbejde, sprogophold, praktik i udlandet og internationale oplevelser","publisher":{"@id":"https:\/\/www.vita-explorers.dk\/blog\/#organization"},"potentialAction":[{"@type":"SearchAction","target":{"@type":"EntryPoint","urlTemplate":"https:\/\/www.vita-explorers.dk\/blog\/?s={search_term_string}"},"query-input":{"@type":"PropertyValueSpecification","valueRequired":true,"valueName":"search_term_string"}}],"inLanguage":"da-DK"},{"@type":"Organization","@id":"https:\/\/www.vita-explorers.dk\/blog\/#organization","name":"Association Globalong","url":"https:\/\/www.vita-explorers.dk\/blog\/","logo":{"@type":"ImageObject","inLanguage":"da-DK","@id":"https:\/\/www.vita-explorers.dk\/blog\/#\/schema\/logo\/image\/","url":"https:\/\/www.globalong.com\/blog\/wp-content\/uploads\/2014\/11\/cropped-cropped-Logo-et-Afrique-Globalong-petite-taille-2.jpg","contentUrl":"https:\/\/www.globalong.com\/blog\/wp-content\/uploads\/2014\/11\/cropped-cropped-Logo-et-Afrique-Globalong-petite-taille-2.jpg","width":512,"height":512,"caption":"Association Globalong"},"image":{"@id":"https:\/\/www.vita-explorers.dk\/blog\/#\/schema\/logo\/image\/"},"sameAs":["https:\/\/www.facebook.com\/globalong"]},{"@type":"Person","@id":"https:\/\/www.vita-explorers.dk\/blog\/#\/schema\/person\/fc0343a2f2db2ebb2793c1f62dbe73f0","name":"VITA Tribe","image":{"@type":"ImageObject","inLanguage":"da-DK","@id":"https:\/\/www.vita-explorers.dk\/blog\/#\/schema\/person\/image\/","url":"https:\/\/secure.gravatar.com\/avatar\/f7f05026bb439d0c96b30e135e5f852c?s=96&d=mm&r=g","contentUrl":"https:\/\/secure.gravatar.com\/avatar\/f7f05026bb439d0c96b30e135e5f852c?s=96&d=mm&r=g","caption":"VITA Tribe"},"sameAs":["http:\/\/www.globalong.com"],"url":"https:\/\/www.vita-explorers.dk\/blog\/author\/teamglobalong\/"}]}},"_links":{"self":[{"href":"https:\/\/www.vita-explorers.dk\/blog\/wp-json\/wp\/v2\/posts\/14339"}],"collection":[{"href":"https:\/\/www.vita-explorers.dk\/blog\/wp-json\/wp\/v2\/posts"}],"about":[{"href":"https:\/\/www.vita-explorers.dk\/blog\/wp-json\/wp\/v2\/types\/post"}],"author":[{"embeddable":true,"href":"https:\/\/www.vita-explorers.dk\/blog\/wp-json\/wp\/v2\/users\/7"}],"replies":[{"embeddable":true,"href":"https:\/\/www.vita-explorers.dk\/blog\/wp-json\/wp\/v2\/comments?post=14339"}],"version-history":[{"count":8,"href":"https:\/\/www.vita-explorers.dk\/blog\/wp-json\/wp\/v2\/posts\/14339\/revisions"}],"predecessor-version":[{"id":19545,"href":"https:\/\/www.vita-explorers.dk\/blog\/wp-json\/wp\/v2\/posts\/14339\/revisions\/19545"}],"wp:featuredmedia":[{"embeddable":true,"href":"https:\/\/www.vita-explorers.dk\/blog\/wp-json\/wp\/v2\/media\/14309"}],"wp:attachment":[{"href":"https:\/\/www.vita-explorers.dk\/blog\/wp-json\/wp\/v2\/media?parent=14339"}],"wp:term":[{"taxonomy":"category","embeddable":true,"href":"https:\/\/www.vita-explorers.dk\/blog\/wp-json\/wp\/v2\/categories?post=14339"},{"taxonomy":"post_tag","embeddable":true,"href":"https:\/\/www.vita-explorers.dk\/blog\/wp-json\/wp\/v2\/tags?post=14339"}],"curies":[{"name":"wp","href":"https:\/\/api.w.org\/{rel}","templated":true}]}}