{"id":14694,"date":"2022-08-04T16:24:59","date_gmt":"2022-08-04T14:24:59","guid":{"rendered":"https:\/\/www.globalong.com\/blog\/?p=14694"},"modified":"2025-09-08T18:42:30","modified_gmt":"2025-09-08T16:42:30","slug":"studiepraktik-i-arkitektur-i-udlandet","status":"publish","type":"post","link":"https:\/\/www.vita-explorers.dk\/blog\/studiepraktik-i-arkitektur-i-udlandet\/","title":{"rendered":"Studiepraktik i arkitektur i udlandet"},"content":{"rendered":"<div class=\"ti-widget ti-goog\" data-layout-id=\"4\" data-set-id=\"light-background\" data-pid=\"\" data-language=\"fr\" data-version=\"2\" data-review-target-width=\"300\" data-review-text-mode=\"readmore\" data-pager-autoplay-timeout=\"6\" > <div class=\"ti-widget-container ti-col-3\"> <div class=\"ti-reviews-container\"> <div class=\"ti-controls\"> <div class=\"ti-next\" aria-label=\"Avis suivante\" role=\"button\"><\/div> <div class=\"ti-prev\" aria-label=\"Avis pr\u00e9c\u00e9dent\" role=\"button\"><\/div> <\/div> <div class=\"ti-reviews-container-wrapper\">  <div data-empty=\"0\" class=\"ti-review-item source-Google ti-image-layout-thumbnail\" data-id=\"cfcd208495d565ef66e7dff9f98764da\" > <div class=\"ti-inner\"> <div class=\"ti-review-header\"> <div class=\"ti-profile-img\"> <img decoding=\"async\" src=\"https:\/\/lh3.googleusercontent.com\/a\/ACg8ocKpaoKe37CD0_POxO97KqB60GsWQRsIuG2vmCfXT-W_FY44vw=s120-c-rp-mo-br100\" srcset=\"https:\/\/lh3.googleusercontent.com\/a\/ACg8ocKpaoKe37CD0_POxO97KqB60GsWQRsIuG2vmCfXT-W_FY44vw=s120-c-rp-mo-br100 2x\" alt=\"Lucie Correia\" loading=\"lazy\" \/> <\/div> <div class=\"ti-profile-details\"> <div class=\"ti-name\"> Lucie Correia <\/div> <div class=\"ti-date\">2024-10-17<\/div> <\/div> <\/div> <span class=\"ti-stars\"><span class=\"ti-star f\"><\/span><span class=\"ti-star f\"><\/span><span class=\"ti-star f\"><\/span><span class=\"ti-star f\"><\/span><span class=\"ti-star f\"><\/span><\/span> <div class=\"ti-review-text-container ti-review-content\"><!-- R-CONTENT -->La communication avec Globalong est super, personnes tr\u00e8s pr\u00e9sentes pour les b\u00e9n\u00e9voles et \u00e9tudiants partant avec cette association. Elles r\u00e9pondent \u00e0 toutes nos questions et sont tr\u00e8s accessibles au t\u00e9l\u00e9phone.<!-- R-CONTENT --><\/div> <span class=\"ti-read-more\" data-container=\".ti-review-content\" data-collapse-text=\"Cacher\" data-open-text=\"Lire la suite\" ><\/span> <\/div> <\/div>  <div data-empty=\"0\" class=\"ti-review-item source-Google ti-image-layout-thumbnail\" data-id=\"cfcd208495d565ef66e7dff9f98764da\" > <div class=\"ti-inner\"> <div class=\"ti-review-header\"> <div class=\"ti-profile-img\"> <img decoding=\"async\" src=\"https:\/\/lh3.googleusercontent.com\/a-\/ALV-UjWqnnzM7-7c9BDqeTDF-a7pOgNjvLkJ3WshRd_Tn7z0Eu-AGQwo=s120-c-rp-mo-br100\" srcset=\"https:\/\/lh3.googleusercontent.com\/a-\/ALV-UjWqnnzM7-7c9BDqeTDF-a7pOgNjvLkJ3WshRd_Tn7z0Eu-AGQwo=s120-c-rp-mo-br100 2x\" alt=\"Ra\u00efssa Frisch\" loading=\"lazy\" \/> <\/div> <div class=\"ti-profile-details\"> <div class=\"ti-name\"> Ra\u00efssa Frisch <\/div> <div class=\"ti-date\">2024-10-14<\/div> <\/div> <\/div> <span class=\"ti-stars\"><span class=\"ti-star f\"><\/span><span class=\"ti-star f\"><\/span><span class=\"ti-star f\"><\/span><span class=\"ti-star f\"><\/span><span class=\"ti-star f\"><\/span><\/span> <div class=\"ti-review-text-container ti-review-content\"><!-- R-CONTENT -->J\u2019ai d\u00e9j\u00e0 eu l\u2019opportunit\u00e9 de r\u00e9aliser deux projets humanitaires avec l\u2019association Globalong. Je ne peux que la recommander, car j\u2019ai toujours b\u00e9n\u00e9fici\u00e9 d\u2019un excellent accompagnement, aussi bien avant que pendant le voyage. On ne vous laisse pas vous d\u00e9brouiller seuls, bien au contraire, vous \u00eates tr\u00e8s bien encadr\u00e9s pour accomplir toutes les d\u00e9marches dans les d\u00e9lais.\n\nAu-del\u00e0 du suivi, les exp\u00e9riences humanitaires propos\u00e9es par Globalong ne peuvent que transformer votre vie de mani\u00e8re positive. Elles vous apportent une richesse humaine inestimable.<!-- R-CONTENT --><\/div> <span class=\"ti-read-more\" data-container=\".ti-review-content\" data-collapse-text=\"Cacher\" data-open-text=\"Lire la suite\" ><\/span> <\/div> <\/div>  <div data-empty=\"0\" class=\"ti-review-item source-Google ti-image-layout-thumbnail\" data-id=\"cfcd208495d565ef66e7dff9f98764da\" > <div class=\"ti-inner\"> <div class=\"ti-review-header\"> <div class=\"ti-profile-img\"> <img decoding=\"async\" src=\"https:\/\/lh3.googleusercontent.com\/a\/ACg8ocJL-Dxv25YkXK2QwWPNRxTVqZCv5uTmDQDFg5qslKra3vRZew=s120-c-rp-mo-br100\" srcset=\"https:\/\/lh3.googleusercontent.com\/a\/ACg8ocJL-Dxv25YkXK2QwWPNRxTVqZCv5uTmDQDFg5qslKra3vRZew=s120-c-rp-mo-br100 2x\" alt=\"Tara Turan\" loading=\"lazy\" \/> <\/div> <div class=\"ti-profile-details\"> <div class=\"ti-name\"> Tara Turan <\/div> <div class=\"ti-date\">2024-10-14<\/div> <\/div> <\/div> <span class=\"ti-stars\"><span class=\"ti-star f\"><\/span><span class=\"ti-star f\"><\/span><span class=\"ti-star f\"><\/span><span class=\"ti-star f\"><\/span><span class=\"ti-star f\"><\/span><\/span> <div class=\"ti-review-text-container ti-review-content\"><!-- R-CONTENT -->Une des meilleures associations que j\u2019ai pu faire !\nUne organisation et un suivi vraiment parfait, c\u2019est avec grand plaisir que je referai un projet avec eux.<!-- R-CONTENT --><\/div> <span class=\"ti-read-more\" data-container=\".ti-review-content\" data-collapse-text=\"Cacher\" data-open-text=\"Lire la suite\" ><\/span> <\/div> <\/div>  <div data-empty=\"0\" class=\"ti-review-item source-Google ti-image-layout-thumbnail\" data-id=\"cfcd208495d565ef66e7dff9f98764da\" > <div class=\"ti-inner\"> <div class=\"ti-review-header\"> <div class=\"ti-profile-img\"> <img decoding=\"async\" src=\"https:\/\/lh3.googleusercontent.com\/a\/ACg8ocLctTPNovSk3eKM0b_MIPOfcFEQsz2135Cdu59_BWRVsIYC7Q=s120-c-rp-mo-br100\" srcset=\"https:\/\/lh3.googleusercontent.com\/a\/ACg8ocLctTPNovSk3eKM0b_MIPOfcFEQsz2135Cdu59_BWRVsIYC7Q=s120-c-rp-mo-br100 2x\" alt=\"Repiquet Julie\" loading=\"lazy\" \/> <\/div> <div class=\"ti-profile-details\"> <div class=\"ti-name\"> Repiquet Julie <\/div> <div class=\"ti-date\">2024-10-13<\/div> <\/div> <\/div> <span class=\"ti-stars\"><span class=\"ti-star f\"><\/span><span class=\"ti-star f\"><\/span><span class=\"ti-star f\"><\/span><span class=\"ti-star f\"><\/span><span class=\"ti-star f\"><\/span><\/span> <div class=\"ti-review-text-container ti-review-content\"><!-- R-CONTENT -->Tr\u00e8s bon accompagnement de la part de Globalong, du premier jour avec toutes mes interrogations, jusqu'au d\u00e9part dans quelques jours. Le dossier transmis apr\u00e8s validation de la mission est plus que complet, les webmaster tr\u00e8s int\u00e9ressantes et permettent de d\u00e9charger mentalement ce genre de pr\u00e9paration, tout est pr\u00e9vu il n'y a plus qu'\u00e0 suivre ! Merci \u00e0 Florence de r\u00e9pondre \u00e0 toutes mes questions avec gentillesse et bienveillance, cela m'a permis de passer le cap!\nMaintenant, il n'y a plus qu'\u00e0 \ud83d\ude00<!-- R-CONTENT --><\/div> <span class=\"ti-read-more\" data-container=\".ti-review-content\" data-collapse-text=\"Cacher\" data-open-text=\"Lire la suite\" ><\/span> <\/div> <\/div>  <div data-empty=\"0\" class=\"ti-review-item source-Google ti-image-layout-thumbnail\" data-id=\"cfcd208495d565ef66e7dff9f98764da\" > <div class=\"ti-inner\"> <div class=\"ti-review-header\"> <div class=\"ti-profile-img\"> <img decoding=\"async\" src=\"https:\/\/lh3.googleusercontent.com\/a\/ACg8ocJJTdmTWs8nAA0yuH_cKOUgzc6GFAkHBiXhpnnVYXaWMBZsHw=s120-c-rp-mo-br100\" srcset=\"https:\/\/lh3.googleusercontent.com\/a\/ACg8ocJJTdmTWs8nAA0yuH_cKOUgzc6GFAkHBiXhpnnVYXaWMBZsHw=s120-c-rp-mo-br100 2x\" alt=\"Marine Guilhamat\" loading=\"lazy\" \/> <\/div> <div class=\"ti-profile-details\"> <div class=\"ti-name\"> Marine Guilhamat <\/div> <div class=\"ti-date\">2024-10-09<\/div> <\/div> <\/div> <span class=\"ti-stars\"><span class=\"ti-star f\"><\/span><span class=\"ti-star f\"><\/span><span class=\"ti-star f\"><\/span><span class=\"ti-star f\"><\/span><span class=\"ti-star f\"><\/span><\/span> <div class=\"ti-review-text-container ti-review-content\"><!-- R-CONTENT -->Tr\u00e8s belle association qui offre un cadre super s\u00e9curisant et permet de s\u2019investir dans des projets qui ont du sens. Merci \u00e0 l\u2019\u00e9quipe Globalong pour votre disponibilit\u00e9, gentillesse et accompagnement !<!-- R-CONTENT --><\/div> <span class=\"ti-read-more\" data-container=\".ti-review-content\" data-collapse-text=\"Cacher\" data-open-text=\"Lire la suite\" ><\/span> <\/div> <\/div>  <div data-empty=\"0\" class=\"ti-review-item source-Google ti-image-layout-thumbnail\" data-id=\"cfcd208495d565ef66e7dff9f98764da\" > <div class=\"ti-inner\"> <div class=\"ti-review-header\"> <div class=\"ti-profile-img\"> <img decoding=\"async\" src=\"https:\/\/lh3.googleusercontent.com\/a\/ACg8ocIgITHXKo46qgJyPqlJeAcxz11gCKUJpGIk2qauiIe2O3iZ6w=s120-c-rp-mo-br100\" srcset=\"https:\/\/lh3.googleusercontent.com\/a\/ACg8ocIgITHXKo46qgJyPqlJeAcxz11gCKUJpGIk2qauiIe2O3iZ6w=s120-c-rp-mo-br100 2x\" alt=\"Laura Mercier\" loading=\"lazy\" \/> <\/div> <div class=\"ti-profile-details\"> <div class=\"ti-name\"> Laura Mercier <\/div> <div class=\"ti-date\">2024-10-08<\/div> <\/div> <\/div> <span class=\"ti-stars\"><span class=\"ti-star f\"><\/span><span class=\"ti-star f\"><\/span><span class=\"ti-star f\"><\/span><span class=\"ti-star f\"><\/span><span class=\"ti-star f\"><\/span><\/span> <div class=\"ti-review-text-container ti-review-content\"><!-- R-CONTENT -->Mon d\u00e9part approche, je pars dans une semaine, et depuis le d\u00e9but de mon inscription je suis tr\u00e8s satisfaite du suivi effectu\u00e9 par l\u2019association. Ils sont tr\u00e8s disponibles et r\u00e9pondent rapidement \u00e0 l\u2019ensemble des questions. Je suis tr\u00e8s contente de partir faire cette mission humanitaire encadr\u00e9e par cette association. Je recommande vraiment.<!-- R-CONTENT --><\/div> <span class=\"ti-read-more\" data-container=\".ti-review-content\" data-collapse-text=\"Cacher\" data-open-text=\"Lire la suite\" ><\/span> <\/div> <\/div>  <div data-empty=\"0\" class=\"ti-review-item source-Google ti-image-layout-thumbnail\" data-id=\"cfcd208495d565ef66e7dff9f98764da\" > <div class=\"ti-inner\"> <div class=\"ti-review-header\"> <div class=\"ti-profile-img\"> <img decoding=\"async\" src=\"https:\/\/lh3.googleusercontent.com\/a-\/ALV-UjVVr0YMQhXl8QNEEB32l-rnoaYwvRZUjIEX9OEwPE_1fQwzIyk=s120-c-rp-mo-br100\" srcset=\"https:\/\/lh3.googleusercontent.com\/a-\/ALV-UjVVr0YMQhXl8QNEEB32l-rnoaYwvRZUjIEX9OEwPE_1fQwzIyk=s120-c-rp-mo-br100 2x\" alt=\"Anouk Rzkt\" loading=\"lazy\" \/> <\/div> <div class=\"ti-profile-details\"> <div class=\"ti-name\"> Anouk Rzkt <\/div> <div class=\"ti-date\">2024-10-02<\/div> <\/div> <\/div> <span class=\"ti-stars\"><span class=\"ti-star f\"><\/span><span class=\"ti-star f\"><\/span><span class=\"ti-star f\"><\/span><span class=\"ti-star f\"><\/span><span class=\"ti-star f\"><\/span><\/span> <div class=\"ti-review-text-container ti-review-content\"><!-- R-CONTENT -->Globalong est l'association parfaite. L'\u00e9quipe offre un v\u00e9ritable accompagnement rythm\u00e9 par beaucoup de conseils et d'\u00e9coute. Le site est tr\u00e8s bien fait avec des dossiers complets allant des sujets tr\u00e8s pratiques a d'autres plus th\u00e9oriques (tels que le choc culturel par exemple). Je recommande vivement et remercie sinc\u00e8rement toute l'\u00e9quipe pour leur gentillesse et investissement !<!-- R-CONTENT --><\/div> <span class=\"ti-read-more\" data-container=\".ti-review-content\" data-collapse-text=\"Cacher\" data-open-text=\"Lire la suite\" ><\/span> <\/div> <\/div>  <\/div> <div class=\"ti-controls-line\"> <div class=\"dot\"><\/div> <\/div> <\/div> <div class=\"ti-footer\"> <div class=\"ti-rating-text\"> <span class=\"nowrap\">\u00c9valuation <strong>Google<\/strong> : <\/span><span class=\"nowrap\"><strong>4.8<\/strong> sur 5, <\/span><span class=\"nowrap\">Bas\u00e9e sur <strong>240 avis<\/strong><\/span> <\/div> <\/div>  <\/div> <\/div> \n<h1 style=\"text-align: justify;\"><span style=\"font-size: 12pt;\">Vi er en vennegruppe p\u00e5 <strong>seks arkitektstuderende fra arkitektskolen i Montpellier<\/strong>, som deler et f\u00e6lles \u00f8nske om <strong>at f\u00e5 erfaring fra et byggeprojekt i udlandet<\/strong> \u2013 uden for rammerne af det franske studiesystem. Denne <span style=\"text-decoration: underline;\"><a href=\"https:\/\/www.vita-explorers.dk\/stage-humanitaire-asie.html\" target=\"_blank\" rel=\"noopener\"><strong>sabatsperiode<\/strong><\/a><\/span> er for os en mulighed for at holde en pause i studierne og <strong>opleve nye kulturer og byggemetoder<\/strong>, samtidig med at vi bor og arbejder sammen om noget, vi kommer til at huske l\u00e6nge. For os f\u00f8ltes det helt naturligt <strong>at l\u00e6re ved at bidrage d\u00e9r, hvor der er brug for h\u00e6nder<\/strong> \u2013 med arbejdskraft, engagement og godt hum\u00f8r.<\/span><\/h1>\n<p style=\"text-align: justify;\"><img loading=\"lazy\" decoding=\"async\" class=\"aligncenter wp-image-14699 size-large\" src=\"https:\/\/www.vita-explorers.dk\/blog\/wp-content\/uploads\/2022\/08\/20180406_102658-1024x768.jpg\" alt=\"\" width=\"640\" height=\"480\" srcset=\"https:\/\/www.vita-explorers.dk\/blog\/wp-content\/uploads\/2022\/08\/20180406_102658-1024x768.jpg 1024w, https:\/\/www.vita-explorers.dk\/blog\/wp-content\/uploads\/2022\/08\/20180406_102658-300x225.jpg 300w, https:\/\/www.vita-explorers.dk\/blog\/wp-content\/uploads\/2022\/08\/20180406_102658-768x576.jpg 768w, https:\/\/www.vita-explorers.dk\/blog\/wp-content\/uploads\/2022\/08\/20180406_102658-1536x1152.jpg 1536w, https:\/\/www.vita-explorers.dk\/blog\/wp-content\/uploads\/2022\/08\/20180406_102658-2048x1536.jpg 2048w\" sizes=\"(max-width: 640px) 100vw, 640px\" \/><\/p>\n<h2 style=\"text-align: justify;\"><span style=\"font-size: 12pt;\">Vi kommer fra en skole, hvor <strong>studiemilj\u00f8 og foreningsliv fylder meget<\/strong> og er med til at forme hverdagen p\u00e5 uddannelsen. Det bygger p\u00e5 <strong>hj\u00e6lp, f\u00e6llesskab og videndeling<\/strong> \u2013 og p\u00e5 relationer p\u00e5 tv\u00e6rs af \u00e5rgange. Med den tanke har vi etableret foreningen <strong>\u201c3 paires de chaussettes&#8221;<\/strong>, som kan skabe en ramme for <strong>studerende<\/strong> sidst i bacheloren, der \u00f8nsker <strong>at tage en sabatsperiode i udlandet<\/strong>. M\u00e5let er at give n\u00e6ste hold et godt udgangspunkt gennem et netv\u00e6rk, st\u00f8tte til fundraising og delte oplevelser og erfaringer.<\/span><\/h2>\n<p style=\"text-align: justify;\"><img loading=\"lazy\" decoding=\"async\" class=\"aligncenter wp-image-14701 size-large\" src=\"https:\/\/www.vita-explorers.dk\/blog\/wp-content\/uploads\/2022\/08\/20180406_103115-1024x768.jpg\" alt=\"\" width=\"640\" height=\"480\" srcset=\"https:\/\/www.vita-explorers.dk\/blog\/wp-content\/uploads\/2022\/08\/20180406_103115-1024x768.jpg 1024w, https:\/\/www.vita-explorers.dk\/blog\/wp-content\/uploads\/2022\/08\/20180406_103115-300x225.jpg 300w, https:\/\/www.vita-explorers.dk\/blog\/wp-content\/uploads\/2022\/08\/20180406_103115-768x576.jpg 768w, https:\/\/www.vita-explorers.dk\/blog\/wp-content\/uploads\/2022\/08\/20180406_103115-1536x1152.jpg 1536w, https:\/\/www.vita-explorers.dk\/blog\/wp-content\/uploads\/2022\/08\/20180406_103115-2048x1536.jpg 2048w\" sizes=\"(max-width: 640px) 100vw, 640px\" \/><\/p>\n<h3 style=\"text-align: justify;\"><span style=\"font-size: 12pt;\">Vi tog kontakt til <span style=\"text-decoration: underline;\"><a href=\"https:\/\/www.vita-explorers.dk\/association-globalong.html\" target=\"_blank\" rel=\"noopener\"><strong>VITA Institute,<\/strong> <\/a><\/span>fordi vi gerne ville gennemf\u00f8re et <strong>arkitekturprojekt med socialt form\u00e5l.<\/strong> <\/span><\/h3>\n<p style=\"text-align: justify;\">Vi foreslog derfor at skabe et f\u00e6lles projekt, s\u00e5 vi kunne l\u00e6ne os op ad VITAs erfaring og rammer for ansvarlige internationale forl\u00f8b. Efter den f\u00f8rste kontakt m\u00f8dte vi Sophie, som pr\u00e6senterede et projekt med stort behov for st\u00f8tte i <span style=\"text-decoration: underline;\"><a href=\"https:\/\/www.vita-explorers.dk\/frivilligt-arbejde\/sri-lanka.html\" target=\"_blank\" rel=\"noopener\"><strong>Sri Lanka.<\/strong><\/a><\/span> Projektet kan lade sig g\u00f8re, fordi vi er en <strong>gruppe arkitektstuderende<\/strong>, der kan planl\u00e6gge, tegne og v\u00e6re med til at gennemf\u00f8re projektet i l\u00f8bet af vores <strong>sabatsperiode<\/strong> \u2013 og oms\u00e6tte vores viden til praksis. <strong>Projektet i Sri Lanka<\/strong> handler om <strong>en omfattende renovering<\/strong> af et center, der modtager mennesker med handicap fra hele \u00f8ens sydlige provins. <strong>Under tsunamien i 2004<\/strong> blev bygningen n\u00e6sten totalt \u00f8delagt, og nogle beboere mistede livet. P\u00e5 grund af manglende ressourcer er centret ikke blevet ordentligt genopbygget. I dag bor de tilbagev\u00e6rende beboere i nedslidte rammer <strong>under meget vanskelige forhold.<\/strong><\/p>\n<p style=\"text-align: justify;\"><strong><img loading=\"lazy\" decoding=\"async\" class=\"aligncenter wp-image-14700 size-large\" src=\"https:\/\/www.vita-explorers.dk\/blog\/wp-content\/uploads\/2022\/08\/20180406_103044-1024x768.jpg\" alt=\"\" width=\"640\" height=\"480\" srcset=\"https:\/\/www.vita-explorers.dk\/blog\/wp-content\/uploads\/2022\/08\/20180406_103044-1024x768.jpg 1024w, https:\/\/www.vita-explorers.dk\/blog\/wp-content\/uploads\/2022\/08\/20180406_103044-300x225.jpg 300w, https:\/\/www.vita-explorers.dk\/blog\/wp-content\/uploads\/2022\/08\/20180406_103044-768x576.jpg 768w, https:\/\/www.vita-explorers.dk\/blog\/wp-content\/uploads\/2022\/08\/20180406_103044-1536x1152.jpg 1536w, https:\/\/www.vita-explorers.dk\/blog\/wp-content\/uploads\/2022\/08\/20180406_103044-2048x1536.jpg 2048w\" sizes=\"(max-width: 640px) 100vw, 640px\" \/><\/strong><\/p>\n<p style=\"text-align: justify;\">Projektet Sambodhi Home er opdelt i to faser: F\u00f8rst forberedelserne, som g\u00f8r det muligt at planl\u00e6gge arbejdet og kunne g\u00e5 i gang, s\u00e5 snart vi ankommer \u2013 og dern\u00e6st selve byggeperioden, som er den mest omfattende del. <strong>Det var vigtigt for os at st\u00e5 for projektet fra start til slut,<\/strong> og derfor arbejder vi allerede inden vores ankomst til <strong>Sri Lanka i januar 2023<\/strong> med tegninger og design i dialog med teamet p\u00e5 stedet. Det handler blandt andet om tekniske tegninger og l\u00f8sninger, der er n\u00f8dvendige, f\u00f8r renoveringen kan g\u00e5 i gang. Grundtanken er at bygge videre p\u00e5 <strong>\u201cdet, der allerede er\u201d<\/strong> \u2013 b\u00e5de strukturelt og i forhold til rum \u2013 og derfor arbejder vi med en renovering frem for at starte forfra. Det er <strong>renovering uden nedrivning.<\/strong> Arbejdet fokuserer p\u00e5 <strong>omstrukturering af bygningen<\/strong> for at forbedre indeklima og komfort. I samme \u00e5nd vil vi ogs\u00e5 gerne genbruge restmaterialer fra byggeprocessen til at lave indvendigt inventar, s\u00e5 beboerne f\u00e5r sunde, opdaterede rammer.<\/p>\n<p style=\"text-align: justify;\"><img loading=\"lazy\" decoding=\"async\" class=\"aligncenter wp-image-14703 size-medium\" src=\"https:\/\/www.vita-explorers.dk\/blog\/wp-content\/uploads\/2022\/08\/UNADJUSTEDNONRAW_thumb_394f-300x225.jpg\" alt=\"\" width=\"300\" height=\"225\" srcset=\"https:\/\/www.vita-explorers.dk\/blog\/wp-content\/uploads\/2022\/08\/UNADJUSTEDNONRAW_thumb_394f-300x225.jpg 300w, https:\/\/www.vita-explorers.dk\/blog\/wp-content\/uploads\/2022\/08\/UNADJUSTEDNONRAW_thumb_394f-768x576.jpg 768w, https:\/\/www.vita-explorers.dk\/blog\/wp-content\/uploads\/2022\/08\/UNADJUSTEDNONRAW_thumb_394f.jpg 1024w\" sizes=\"(max-width: 300px) 100vw, 300px\" \/><\/p>\n<p style=\"text-align: justify;\">Til sidst kommer den vigtigste del af Sambodhi Home: <strong>selve byggeperioden p\u00e5 stedet i to og en halv m\u00e5ned.<\/strong> For os giver det ikke mening at st\u00e5 bag et projekt uden ogs\u00e5 selv at tage fat. Vi vil derfor bidrage med <strong>praktisk hj\u00e6lp til renoveringsarbejdet<\/strong> og til produktion af inventar. Derudover er vores ophold ogs\u00e5 en mulighed for at st\u00f8tte op om beboernes hverdag ved at v\u00e6re til stede og hj\u00e6lpe i to og en halv m\u00e5ned.<\/p>\n<p style=\"text-align: justify;\"><img loading=\"lazy\" decoding=\"async\" class=\"aligncenter wp-image-14704 size-large\" src=\"https:\/\/www.vita-explorers.dk\/blog\/wp-content\/uploads\/2022\/08\/UNADJUSTEDNONRAW_thumb_3943-1024x576.jpg\" alt=\"\" width=\"640\" height=\"360\" srcset=\"https:\/\/www.vita-explorers.dk\/blog\/wp-content\/uploads\/2022\/08\/UNADJUSTEDNONRAW_thumb_3943-1024x576.jpg 1024w, https:\/\/www.vita-explorers.dk\/blog\/wp-content\/uploads\/2022\/08\/UNADJUSTEDNONRAW_thumb_3943-300x169.jpg 300w, https:\/\/www.vita-explorers.dk\/blog\/wp-content\/uploads\/2022\/08\/UNADJUSTEDNONRAW_thumb_3943-768x432.jpg 768w, https:\/\/www.vita-explorers.dk\/blog\/wp-content\/uploads\/2022\/08\/UNADJUSTEDNONRAW_thumb_3943.jpg 1182w\" sizes=\"(max-width: 640px) 100vw, 640px\" \/><\/p>\n<h4 style=\"text-align: justify;\"><span style=\"font-size: 12pt;\"><strong>S\u00f8gning efter virksomhedssponsorat:<\/strong><\/span><\/h4>\n<p style=\"text-align: justify;\">For at gennemf\u00f8re Sambodhi Home og <strong>styrke rammerne omkring beboerne p\u00e5 centret<\/strong> har vi brug for opbakning. Et sponsorat er en mulighed for <strong>at engagere sig i et socialt projekt<\/strong>, der kan v\u00e6re med til at forbedre forholdene for bolig og pleje \u2013 og skabe et sundere milj\u00f8. <span style=\"text-decoration: underline;\"><a href=\"https:\/\/www.leetchi.com\/c\/renovation-dun-centre-daccueil-au-sri-lanka\" target=\"_blank\" rel=\"noopener\"><strong>Et \u00f8konomisk partnerskab<\/strong> <\/a><\/span>vil samtidig give <strong>synlighed p\u00e5 sociale medier som Instagram og Facebook.<\/strong> Vi forpligter os til <strong>at pr\u00e6sentere jeres virksomhed<\/strong> for vores f\u00f8lgere, s\u00e5 de kan se jeres engagement i projektet. Alle bidrag til Sambodhi Home bliver fremh\u00e6vet og f\u00e5r tydelig synlighed. <strong>Jeres logo vil fremg\u00e5<\/strong> p\u00e5 vores materialer ved de arrangementer, vi organiserer sammen med VITA for at pr\u00e6sentere projektet. Vi deler l\u00f8bende udviklingen p\u00e5 sociale medier og planl\u00e6gger at forts\u00e6tte frem til afslutningen. I kan dermed f\u00f8lge projektet helt frem til aflevering i <strong>marts 2023.<\/strong><\/p>\n<p style=\"text-align: justify;\"><strong> <img loading=\"lazy\" decoding=\"async\" class=\"aligncenter wp-image-14068 size-full\" src=\"https:\/\/www.vita-explorers.dk\/blog\/wp-content\/uploads\/2022\/01\/Globalong-Voyager-Autrement-Pour-Changer-La-Vie.jpg\" alt=\"\" width=\"425\" height=\"282\" srcset=\"https:\/\/www.vita-explorers.dk\/blog\/wp-content\/uploads\/2022\/01\/Globalong-Voyager-Autrement-Pour-Changer-La-Vie.jpg 425w, https:\/\/www.vita-explorers.dk\/blog\/wp-content\/uploads\/2022\/01\/Globalong-Voyager-Autrement-Pour-Changer-La-Vie-300x199.jpg 300w\" sizes=\"(max-width: 425px) 100vw, 425px\" \/><\/strong><\/p>\n<p style=\"text-align: justify;\">Vi gennemf\u00f8rer projektet som en del af <strong>vores arkitektstudie<\/strong>. <strong>Arkitektskolen i Montpellier<\/strong> er ogs\u00e5 et sted, hvor vi kan skabe synlighed i hverdagen \u2013 og hvor vi vil informere om projektet og holde arrangementer, der s\u00e6tter fokus p\u00e5 initiativet og de parter, der er med. <strong>Jeres st\u00f8tte g\u00f8r en forskel \u2013 og vi h\u00e5ber, I har lyst til at v\u00e6re med.<\/strong><\/p>\n","protected":false},"excerpt":{"rendered":"<p>Vi er en vennegruppe p\u00e5 seks arkitektstuderende fra arkitektskolen i Montpellier, som deler et f\u00e6lles \u00f8nske om at f\u00e5 erfaring fra et byggeprojekt i\u2026<\/p>\n","protected":false},"author":7,"featured_media":14702,"comment_status":"open","ping_status":"open","sticky":false,"template":"","format":"standard","meta":{"footnotes":""},"categories":[12,6,4],"tags":[],"yoast_head":"<!-- This site is optimized with the Yoast SEO Premium plugin v23.4 (Yoast SEO v23.4) - https:\/\/yoast.com\/wordpress\/plugins\/seo\/ -->\n<title>Studiepraktik i arkitektur i udlandet - VITA Explorers Blog<\/title>\n<meta name=\"description\" content=\"Stage \u00e9tudiant en architecture \u00e0 l&#039;\u00e9tranger : d\u00e9couvrez notre projet urgent au Sri Lanka et notre association sp\u00e9cialis\u00e9e en humanitaire.\" \/>\n<meta name=\"robots\" content=\"index, follow, max-snippet:-1, max-image-preview:large, max-video-preview:-1\" \/>\n<link rel=\"canonical\" href=\"https:\/\/www.vita-explorers.dk\/blog\/studiepraktik-i-arkitektur-i-udlandet\/\" \/>\n<meta property=\"og:locale\" content=\"da_DK\" \/>\n<meta property=\"og:type\" content=\"article\" \/>\n<meta property=\"og:title\" content=\"Studiepraktik i arkitektur i udlandet\" \/>\n<meta property=\"og:description\" content=\"Stage \u00e9tudiant en architecture \u00e0 l&#039;\u00e9tranger : d\u00e9couvrez notre projet urgent au Sri Lanka et notre association sp\u00e9cialis\u00e9e en humanitaire.\" \/>\n<meta property=\"og:url\" content=\"https:\/\/www.vita-explorers.dk\/blog\/studiepraktik-i-arkitektur-i-udlandet\/\" \/>\n<meta property=\"og:site_name\" content=\"VITA Explorers Blog\" \/>\n<meta property=\"article:publisher\" content=\"https:\/\/www.facebook.com\/globalong\" \/>\n<meta property=\"article:published_time\" content=\"2022-08-04T14:24:59+00:00\" \/>\n<meta property=\"article:modified_time\" content=\"2025-09-08T16:42:30+00:00\" \/>\n<meta property=\"og:image\" content=\"https:\/\/www.vita-explorers.dk\/blog\/wp-content\/uploads\/2022\/08\/UNADJUSTEDNONRAW_thumb_39ad.jpg\" \/>\n\t<meta property=\"og:image:width\" content=\"1024\" \/>\n\t<meta property=\"og:image:height\" content=\"768\" \/>\n\t<meta property=\"og:image:type\" content=\"image\/jpeg\" \/>\n<meta name=\"author\" content=\"VITA Tribe\" \/>\n<meta name=\"twitter:card\" content=\"summary_large_image\" \/>\n<meta name=\"twitter:label1\" content=\"Skrevet af\" \/>\n\t<meta name=\"twitter:data1\" content=\"VITA Tribe\" \/>\n\t<meta name=\"twitter:label2\" content=\"Estimeret l\u00e6setid\" \/>\n\t<meta name=\"twitter:data2\" content=\"6 minutter\" \/>\n<script type=\"application\/ld+json\" class=\"yoast-schema-graph\">{\"@context\":\"https:\/\/schema.org\",\"@graph\":[{\"@type\":\"Article\",\"@id\":\"https:\/\/www.vita-explorers.dk\/blog\/studiepraktik-i-arkitektur-i-udlandet\/#article\",\"isPartOf\":{\"@id\":\"https:\/\/www.vita-explorers.dk\/blog\/studiepraktik-i-arkitektur-i-udlandet\/\"},\"author\":{\"name\":\"VITA Tribe\",\"@id\":\"https:\/\/www.vita-explorers.dk\/blog\/#\/schema\/person\/fc0343a2f2db2ebb2793c1f62dbe73f0\"},\"headline\":\"Studiepraktik i arkitektur i udlandet\",\"datePublished\":\"2022-08-04T14:24:59+00:00\",\"dateModified\":\"2025-09-08T16:42:30+00:00\",\"mainEntityOfPage\":{\"@id\":\"https:\/\/www.vita-explorers.dk\/blog\/studiepraktik-i-arkitektur-i-udlandet\/\"},\"wordCount\":828,\"commentCount\":2,\"publisher\":{\"@id\":\"https:\/\/www.vita-explorers.dk\/blog\/#organization\"},\"image\":{\"@id\":\"https:\/\/www.vita-explorers.dk\/blog\/studiepraktik-i-arkitektur-i-udlandet\/#primaryimage\"},\"thumbnailUrl\":\"https:\/\/www.vita-explorers.dk\/blog\/wp-content\/uploads\/2022\/08\/UNADJUSTEDNONRAW_thumb_39ad.jpg\",\"articleSection\":[\"Asien\",\"Nyheder\",\"VITA Explorers\"],\"inLanguage\":\"da-DK\",\"potentialAction\":[{\"@type\":\"CommentAction\",\"name\":\"Comment\",\"target\":[\"https:\/\/www.vita-explorers.dk\/blog\/studiepraktik-i-arkitektur-i-udlandet\/#respond\"]}]},{\"@type\":\"WebPage\",\"@id\":\"https:\/\/www.vita-explorers.dk\/blog\/studiepraktik-i-arkitektur-i-udlandet\/\",\"url\":\"https:\/\/www.vita-explorers.dk\/blog\/studiepraktik-i-arkitektur-i-udlandet\/\",\"name\":\"Studiepraktik i arkitektur i udlandet - VITA Explorers Blog\",\"isPartOf\":{\"@id\":\"https:\/\/www.vita-explorers.dk\/blog\/#website\"},\"primaryImageOfPage\":{\"@id\":\"https:\/\/www.vita-explorers.dk\/blog\/studiepraktik-i-arkitektur-i-udlandet\/#primaryimage\"},\"image\":{\"@id\":\"https:\/\/www.vita-explorers.dk\/blog\/studiepraktik-i-arkitektur-i-udlandet\/#primaryimage\"},\"thumbnailUrl\":\"https:\/\/www.vita-explorers.dk\/blog\/wp-content\/uploads\/2022\/08\/UNADJUSTEDNONRAW_thumb_39ad.jpg\",\"datePublished\":\"2022-08-04T14:24:59+00:00\",\"dateModified\":\"2025-09-08T16:42:30+00:00\",\"description\":\"Stage \u00e9tudiant en architecture \u00e0 l'\u00e9tranger : d\u00e9couvrez notre projet urgent au Sri Lanka et notre association sp\u00e9cialis\u00e9e en humanitaire.\",\"breadcrumb\":{\"@id\":\"https:\/\/www.vita-explorers.dk\/blog\/studiepraktik-i-arkitektur-i-udlandet\/#breadcrumb\"},\"inLanguage\":\"da-DK\",\"potentialAction\":[{\"@type\":\"ReadAction\",\"target\":[\"https:\/\/www.vita-explorers.dk\/blog\/studiepraktik-i-arkitektur-i-udlandet\/\"]}]},{\"@type\":\"ImageObject\",\"inLanguage\":\"da-DK\",\"@id\":\"https:\/\/www.vita-explorers.dk\/blog\/studiepraktik-i-arkitektur-i-udlandet\/#primaryimage\",\"url\":\"https:\/\/www.vita-explorers.dk\/blog\/wp-content\/uploads\/2022\/08\/UNADJUSTEDNONRAW_thumb_39ad.jpg\",\"contentUrl\":\"https:\/\/www.vita-explorers.dk\/blog\/wp-content\/uploads\/2022\/08\/UNADJUSTEDNONRAW_thumb_39ad.jpg\",\"width\":1024,\"height\":768,\"caption\":\"stage \u00e9tudiant en architecture \u00e0 l'\u00e9tranger\"},{\"@type\":\"BreadcrumbList\",\"@id\":\"https:\/\/www.vita-explorers.dk\/blog\/studiepraktik-i-arkitektur-i-udlandet\/#breadcrumb\",\"itemListElement\":[{\"@type\":\"ListItem\",\"position\":1,\"name\":\"Accueil\",\"item\":\"https:\/\/www.vita-explorers.dk\/blog\/\"},{\"@type\":\"ListItem\",\"position\":2,\"name\":\"Studiepraktik i arkitektur i udlandet\"}]},{\"@type\":\"WebSite\",\"@id\":\"https:\/\/www.vita-explorers.dk\/blog\/#website\",\"url\":\"https:\/\/www.vita-explorers.dk\/blog\/\",\"name\":\"Association Globalong\",\"description\":\"Frivilligt arbejde, sprogophold, praktik i udlandet og internationale oplevelser\",\"publisher\":{\"@id\":\"https:\/\/www.vita-explorers.dk\/blog\/#organization\"},\"potentialAction\":[{\"@type\":\"SearchAction\",\"target\":{\"@type\":\"EntryPoint\",\"urlTemplate\":\"https:\/\/www.vita-explorers.dk\/blog\/?s={search_term_string}\"},\"query-input\":{\"@type\":\"PropertyValueSpecification\",\"valueRequired\":true,\"valueName\":\"search_term_string\"}}],\"inLanguage\":\"da-DK\"},{\"@type\":\"Organization\",\"@id\":\"https:\/\/www.vita-explorers.dk\/blog\/#organization\",\"name\":\"Association Globalong\",\"url\":\"https:\/\/www.vita-explorers.dk\/blog\/\",\"logo\":{\"@type\":\"ImageObject\",\"inLanguage\":\"da-DK\",\"@id\":\"https:\/\/www.vita-explorers.dk\/blog\/#\/schema\/logo\/image\/\",\"url\":\"https:\/\/www.globalong.com\/blog\/wp-content\/uploads\/2014\/11\/cropped-cropped-Logo-et-Afrique-Globalong-petite-taille-2.jpg\",\"contentUrl\":\"https:\/\/www.globalong.com\/blog\/wp-content\/uploads\/2014\/11\/cropped-cropped-Logo-et-Afrique-Globalong-petite-taille-2.jpg\",\"width\":512,\"height\":512,\"caption\":\"Association Globalong\"},\"image\":{\"@id\":\"https:\/\/www.vita-explorers.dk\/blog\/#\/schema\/logo\/image\/\"},\"sameAs\":[\"https:\/\/www.facebook.com\/globalong\"]},{\"@type\":\"Person\",\"@id\":\"https:\/\/www.vita-explorers.dk\/blog\/#\/schema\/person\/fc0343a2f2db2ebb2793c1f62dbe73f0\",\"name\":\"VITA Tribe\",\"image\":{\"@type\":\"ImageObject\",\"inLanguage\":\"da-DK\",\"@id\":\"https:\/\/www.vita-explorers.dk\/blog\/#\/schema\/person\/image\/\",\"url\":\"https:\/\/secure.gravatar.com\/avatar\/f7f05026bb439d0c96b30e135e5f852c?s=96&d=mm&r=g\",\"contentUrl\":\"https:\/\/secure.gravatar.com\/avatar\/f7f05026bb439d0c96b30e135e5f852c?s=96&d=mm&r=g\",\"caption\":\"VITA Tribe\"},\"sameAs\":[\"http:\/\/www.globalong.com\"],\"url\":\"https:\/\/www.vita-explorers.dk\/blog\/author\/teamglobalong\/\"}]}<\/script>\n<!-- \/ Yoast SEO Premium plugin. -->","yoast_head_json":{"title":"Studiepraktik i arkitektur i udlandet - VITA Explorers Blog","description":"Stage \u00e9tudiant en architecture \u00e0 l'\u00e9tranger : d\u00e9couvrez notre projet urgent au Sri Lanka et notre association sp\u00e9cialis\u00e9e en humanitaire.","robots":{"index":"index","follow":"follow","max-snippet":"max-snippet:-1","max-image-preview":"max-image-preview:large","max-video-preview":"max-video-preview:-1"},"canonical":"https:\/\/www.vita-explorers.dk\/blog\/studiepraktik-i-arkitektur-i-udlandet\/","og_locale":"da_DK","og_type":"article","og_title":"Studiepraktik i arkitektur i udlandet","og_description":"Stage \u00e9tudiant en architecture \u00e0 l'\u00e9tranger : d\u00e9couvrez notre projet urgent au Sri Lanka et notre association sp\u00e9cialis\u00e9e en humanitaire.","og_url":"https:\/\/www.vita-explorers.dk\/blog\/studiepraktik-i-arkitektur-i-udlandet\/","og_site_name":"VITA Explorers Blog","article_publisher":"https:\/\/www.facebook.com\/globalong","article_published_time":"2022-08-04T14:24:59+00:00","article_modified_time":"2025-09-08T16:42:30+00:00","og_image":[{"width":1024,"height":768,"url":"https:\/\/www.vita-explorers.dk\/blog\/wp-content\/uploads\/2022\/08\/UNADJUSTEDNONRAW_thumb_39ad.jpg","type":"image\/jpeg"}],"author":"VITA Tribe","twitter_card":"summary_large_image","twitter_misc":{"Skrevet af":"VITA Tribe","Estimeret l\u00e6setid":"6 minutter"},"schema":{"@context":"https:\/\/schema.org","@graph":[{"@type":"Article","@id":"https:\/\/www.vita-explorers.dk\/blog\/studiepraktik-i-arkitektur-i-udlandet\/#article","isPartOf":{"@id":"https:\/\/www.vita-explorers.dk\/blog\/studiepraktik-i-arkitektur-i-udlandet\/"},"author":{"name":"VITA Tribe","@id":"https:\/\/www.vita-explorers.dk\/blog\/#\/schema\/person\/fc0343a2f2db2ebb2793c1f62dbe73f0"},"headline":"Studiepraktik i arkitektur i udlandet","datePublished":"2022-08-04T14:24:59+00:00","dateModified":"2025-09-08T16:42:30+00:00","mainEntityOfPage":{"@id":"https:\/\/www.vita-explorers.dk\/blog\/studiepraktik-i-arkitektur-i-udlandet\/"},"wordCount":828,"commentCount":2,"publisher":{"@id":"https:\/\/www.vita-explorers.dk\/blog\/#organization"},"image":{"@id":"https:\/\/www.vita-explorers.dk\/blog\/studiepraktik-i-arkitektur-i-udlandet\/#primaryimage"},"thumbnailUrl":"https:\/\/www.vita-explorers.dk\/blog\/wp-content\/uploads\/2022\/08\/UNADJUSTEDNONRAW_thumb_39ad.jpg","articleSection":["Asien","Nyheder","VITA Explorers"],"inLanguage":"da-DK","potentialAction":[{"@type":"CommentAction","name":"Comment","target":["https:\/\/www.vita-explorers.dk\/blog\/studiepraktik-i-arkitektur-i-udlandet\/#respond"]}]},{"@type":"WebPage","@id":"https:\/\/www.vita-explorers.dk\/blog\/studiepraktik-i-arkitektur-i-udlandet\/","url":"https:\/\/www.vita-explorers.dk\/blog\/studiepraktik-i-arkitektur-i-udlandet\/","name":"Studiepraktik i arkitektur i udlandet - VITA Explorers Blog","isPartOf":{"@id":"https:\/\/www.vita-explorers.dk\/blog\/#website"},"primaryImageOfPage":{"@id":"https:\/\/www.vita-explorers.dk\/blog\/studiepraktik-i-arkitektur-i-udlandet\/#primaryimage"},"image":{"@id":"https:\/\/www.vita-explorers.dk\/blog\/studiepraktik-i-arkitektur-i-udlandet\/#primaryimage"},"thumbnailUrl":"https:\/\/www.vita-explorers.dk\/blog\/wp-content\/uploads\/2022\/08\/UNADJUSTEDNONRAW_thumb_39ad.jpg","datePublished":"2022-08-04T14:24:59+00:00","dateModified":"2025-09-08T16:42:30+00:00","description":"Stage \u00e9tudiant en architecture \u00e0 l'\u00e9tranger : d\u00e9couvrez notre projet urgent au Sri Lanka et notre association sp\u00e9cialis\u00e9e en humanitaire.","breadcrumb":{"@id":"https:\/\/www.vita-explorers.dk\/blog\/studiepraktik-i-arkitektur-i-udlandet\/#breadcrumb"},"inLanguage":"da-DK","potentialAction":[{"@type":"ReadAction","target":["https:\/\/www.vita-explorers.dk\/blog\/studiepraktik-i-arkitektur-i-udlandet\/"]}]},{"@type":"ImageObject","inLanguage":"da-DK","@id":"https:\/\/www.vita-explorers.dk\/blog\/studiepraktik-i-arkitektur-i-udlandet\/#primaryimage","url":"https:\/\/www.vita-explorers.dk\/blog\/wp-content\/uploads\/2022\/08\/UNADJUSTEDNONRAW_thumb_39ad.jpg","contentUrl":"https:\/\/www.vita-explorers.dk\/blog\/wp-content\/uploads\/2022\/08\/UNADJUSTEDNONRAW_thumb_39ad.jpg","width":1024,"height":768,"caption":"stage \u00e9tudiant en architecture \u00e0 l'\u00e9tranger"},{"@type":"BreadcrumbList","@id":"https:\/\/www.vita-explorers.dk\/blog\/studiepraktik-i-arkitektur-i-udlandet\/#breadcrumb","itemListElement":[{"@type":"ListItem","position":1,"name":"Accueil","item":"https:\/\/www.vita-explorers.dk\/blog\/"},{"@type":"ListItem","position":2,"name":"Studiepraktik i arkitektur i udlandet"}]},{"@type":"WebSite","@id":"https:\/\/www.vita-explorers.dk\/blog\/#website","url":"https:\/\/www.vita-explorers.dk\/blog\/","name":"Association Globalong","description":"Frivilligt arbejde, sprogophold, praktik i udlandet og internationale oplevelser","publisher":{"@id":"https:\/\/www.vita-explorers.dk\/blog\/#organization"},"potentialAction":[{"@type":"SearchAction","target":{"@type":"EntryPoint","urlTemplate":"https:\/\/www.vita-explorers.dk\/blog\/?s={search_term_string}"},"query-input":{"@type":"PropertyValueSpecification","valueRequired":true,"valueName":"search_term_string"}}],"inLanguage":"da-DK"},{"@type":"Organization","@id":"https:\/\/www.vita-explorers.dk\/blog\/#organization","name":"Association Globalong","url":"https:\/\/www.vita-explorers.dk\/blog\/","logo":{"@type":"ImageObject","inLanguage":"da-DK","@id":"https:\/\/www.vita-explorers.dk\/blog\/#\/schema\/logo\/image\/","url":"https:\/\/www.globalong.com\/blog\/wp-content\/uploads\/2014\/11\/cropped-cropped-Logo-et-Afrique-Globalong-petite-taille-2.jpg","contentUrl":"https:\/\/www.globalong.com\/blog\/wp-content\/uploads\/2014\/11\/cropped-cropped-Logo-et-Afrique-Globalong-petite-taille-2.jpg","width":512,"height":512,"caption":"Association Globalong"},"image":{"@id":"https:\/\/www.vita-explorers.dk\/blog\/#\/schema\/logo\/image\/"},"sameAs":["https:\/\/www.facebook.com\/globalong"]},{"@type":"Person","@id":"https:\/\/www.vita-explorers.dk\/blog\/#\/schema\/person\/fc0343a2f2db2ebb2793c1f62dbe73f0","name":"VITA Tribe","image":{"@type":"ImageObject","inLanguage":"da-DK","@id":"https:\/\/www.vita-explorers.dk\/blog\/#\/schema\/person\/image\/","url":"https:\/\/secure.gravatar.com\/avatar\/f7f05026bb439d0c96b30e135e5f852c?s=96&d=mm&r=g","contentUrl":"https:\/\/secure.gravatar.com\/avatar\/f7f05026bb439d0c96b30e135e5f852c?s=96&d=mm&r=g","caption":"VITA Tribe"},"sameAs":["http:\/\/www.globalong.com"],"url":"https:\/\/www.vita-explorers.dk\/blog\/author\/teamglobalong\/"}]}},"_links":{"self":[{"href":"https:\/\/www.vita-explorers.dk\/blog\/wp-json\/wp\/v2\/posts\/14694"}],"collection":[{"href":"https:\/\/www.vita-explorers.dk\/blog\/wp-json\/wp\/v2\/posts"}],"about":[{"href":"https:\/\/www.vita-explorers.dk\/blog\/wp-json\/wp\/v2\/types\/post"}],"author":[{"embeddable":true,"href":"https:\/\/www.vita-explorers.dk\/blog\/wp-json\/wp\/v2\/users\/7"}],"replies":[{"embeddable":true,"href":"https:\/\/www.vita-explorers.dk\/blog\/wp-json\/wp\/v2\/comments?post=14694"}],"version-history":[{"count":14,"href":"https:\/\/www.vita-explorers.dk\/blog\/wp-json\/wp\/v2\/posts\/14694\/revisions"}],"predecessor-version":[{"id":21657,"href":"https:\/\/www.vita-explorers.dk\/blog\/wp-json\/wp\/v2\/posts\/14694\/revisions\/21657"}],"wp:featuredmedia":[{"embeddable":true,"href":"https:\/\/www.vita-explorers.dk\/blog\/wp-json\/wp\/v2\/media\/14702"}],"wp:attachment":[{"href":"https:\/\/www.vita-explorers.dk\/blog\/wp-json\/wp\/v2\/media?parent=14694"}],"wp:term":[{"taxonomy":"category","embeddable":true,"href":"https:\/\/www.vita-explorers.dk\/blog\/wp-json\/wp\/v2\/categories?post=14694"},{"taxonomy":"post_tag","embeddable":true,"href":"https:\/\/www.vita-explorers.dk\/blog\/wp-json\/wp\/v2\/tags?post=14694"}],"curies":[{"name":"wp","href":"https:\/\/api.w.org\/{rel}","templated":true}]}}