{"id":15102,"date":"2023-01-13T17:33:44","date_gmt":"2023-01-13T16:33:44","guid":{"rendered":"https:\/\/www.globalong.com\/blog\/?p=15102"},"modified":"2024-05-02T11:08:08","modified_gmt":"2024-05-02T09:08:08","slug":"ugens-fokus-sociale-programmer-i-sydafrika","status":"publish","type":"post","link":"https:\/\/www.vita-explorers.dk\/blog\/ugens-fokus-sociale-programmer-i-sydafrika\/","title":{"rendered":"Ugens fokus: Sociale programmer i Sydafrika!"},"content":{"rendered":"<p><a href=\"https:\/\/www.vita-explorers.dk\/blog\/wp-content\/uploads\/2023\/01\/Focus-de-la-semaine-Afrique-du-sud-1.png\" target=\"_blank\" rel=\"noopener\"><img loading=\"lazy\" decoding=\"async\" class=\"alignnone wp-image-15106 size-full\" src=\"https:\/\/www.vita-explorers.dk\/blog\/wp-content\/uploads\/2023\/01\/Focus-de-la-semaine-Afrique-du-sud-1.png\" alt=\"\" width=\"2400\" height=\"838\" srcset=\"https:\/\/www.vita-explorers.dk\/blog\/wp-content\/uploads\/2023\/01\/Focus-de-la-semaine-Afrique-du-sud-1.png 2400w, https:\/\/www.vita-explorers.dk\/blog\/wp-content\/uploads\/2023\/01\/Focus-de-la-semaine-Afrique-du-sud-1-300x105.png 300w, https:\/\/www.vita-explorers.dk\/blog\/wp-content\/uploads\/2023\/01\/Focus-de-la-semaine-Afrique-du-sud-1-1024x358.png 1024w, https:\/\/www.vita-explorers.dk\/blog\/wp-content\/uploads\/2023\/01\/Focus-de-la-semaine-Afrique-du-sud-1-768x268.png 768w, https:\/\/www.vita-explorers.dk\/blog\/wp-content\/uploads\/2023\/01\/Focus-de-la-semaine-Afrique-du-sud-1-1536x536.png 1536w, https:\/\/www.vita-explorers.dk\/blog\/wp-content\/uploads\/2023\/01\/Focus-de-la-semaine-Afrique-du-sud-1-2048x715.png 2048w\" sizes=\"(max-width: 2400px) 100vw, 2400px\" \/><\/a><\/p>\n<h1 class=\"p1\" style=\"text-align: justify;\"><span style=\"font-size: 12pt;\"><strong><em>Hej<\/em> (eller rettere, <em>Goeie more<\/em>)! I denne uge tager vi jer med til Sydafrika.<\/strong><\/span><\/h1>\n<h2 class=\"p1\" style=\"text-align: justify;\"><span style=\"font-size: 12pt;\"><strong>Sydafrikas historie rummer mange bensp\u00e6nd, som har v\u00e6ret med til at forme et land, der b\u00e5de er mangfoldigt og samlet: <em>The Rainbow Nation<\/em>.<\/strong><\/span><\/h2>\n<p class=\"p1\" style=\"text-align: justify;\"><strong>Fra Capes Towns farverige og levende kvarterer til de enorme vildtreservater i nationalparkerne er Sydafrikas landskaber imponerende varierede.<\/strong><\/p>\n<p class=\"p1\" style=\"text-align: justify;\"><strong>Samtidig betyder de mange townships, hvor tusindvis lever i stor udsathed, at en stor del af befolkningen st\u00e5r med nogle af verdens mest markante sociale udfordringer.<\/strong><\/p>\n<p class=\"p1\" style=\"text-align: justify;\"><strong>Et af disse townships, som tidligere var kendt for at have en af de h\u00f8jeste kriminalitetsrater i Cape Town, har gradvist oplevet forbedringer \u2013 blandt andet takket v\u00e6re vedholdende indsats fra lokale NGO\u2019er, hvor internationale deltagere ogs\u00e5 spiller en rolle.<\/strong><\/p>\n<h3 class=\"p1\" style=\"text-align: justify;\"><span style=\"font-size: 12pt;\"><strong>Det g\u00e6lder blandt andet bydelen Nyanga, hvor du ogs\u00e5 kan engagere dig som international deltager. M\u00e5let er at bakke op om lokale initiativer, der arbejder for at mindske fattigdom og skabe jobmuligheder.<\/strong><\/span><\/h3>\n<p class=\"p1\" style=\"text-align: justify;\"><strong>Projektet fors\u00f8ger at im\u00f8dekomme flere af de udfordringer, beboerne st\u00e5r med, ved f\u00f8rst og fremmest at st\u00f8tte de mest s\u00e5rbare: b\u00f8rn og unge kvinder.<span class=\"Apple-converted-space\">\u00a0 <\/span>Derfor har teamet bag etableret 8 programmer, som allerede har vist gode resultater \u2013 men som fortsat har brug for st\u00f8tte.<\/strong><\/p>\n<p class=\"p1\" style=\"text-align: justify;\"><strong>Du kan for eksempel blive en del af et program for tidlig barndomsudvikling, som tager h\u00e5nd om mere end hundrede b\u00f8rn i lokalsamfundet, der lever med hiv, eller som har mistet for\u00e6ldre som f\u00f8lge af sygdommen.<\/strong><\/p>\n<p class=\"p1\" style=\"text-align: justify;\"><strong>Projektet arbejder med flere aldersgrupper for at underst\u00f8tte udvikling og reducere fattigdom gennem l\u00e6ring og t\u00e6t st\u00f8tte.<\/strong><\/p>\n<p class=\"p1\" style=\"text-align: justify;\"><strong>Du kan ogs\u00e5 indg\u00e5 i et ungdomsudviklingscenter, som st\u00f8tter 40 b\u00f8rn i alderen 6 til 13 \u00e5r med fokus p\u00e5 faglig hj\u00e6lp i matematik, l\u00e6sning og skrivning samt IT.<\/strong><\/p>\n<p class=\"p1\" style=\"text-align: justify;\"><strong>For at tage fat om nogle af udfordringerne tidligt tilbyder projektet ogs\u00e5 et program, der styrker piger og unge kvinder. Programmet henvender sig til piger i udsatte livssituationer i alderen 9 til 16 \u00e5r. M\u00e5let er at give dem redskaber og ansvar, s\u00e5 de kan st\u00e5 st\u00e6rkere og forme deres egen fremtid. Pigerne deltager hver uge i intensive workshops og bruger tid sammen p\u00e5 at tale om mulighederne for at skabe bedre rammer for deres liv. Med samme fokus tilbyder projektet ogs\u00e5 undervisning i syning samt iv\u00e6rks\u00e6tteri.<\/strong><\/p>\n<p class=\"p1\" style=\"text-align: justify;\"><strong>Ved at arbejde med flere grupper blandt b\u00f8rn og unge bidrager projektet til at styrke livskvaliteten i lokalsamfundet \u2013 b\u00e5de nu og p\u00e5 l\u00e6ngere sigt.<\/strong><\/p>\n<p class=\"p1\" style=\"text-align: justify;\"><strong>Derudover rummer projektet et ern\u00e6ringsprogram og etablering af f\u00e6lles nyttehaver for lokalsamfundets medlemmer samt et hjemmeplejeprogram.<\/strong><\/p>\n<p class=\"p1\" style=\"text-align: justify;\"><strong>Som du kan h\u00f8re, arbejder projektet for at d\u00e6kke behovene hos s\u00e5rbare b\u00f8rn, hos dem der tager sig af dem, og hos lokalsamfundet, som \u2013 n\u00e5r det er n\u00f8dvendigt \u2013 bliver deres vigtigste sikkerhedsnet.<\/strong><\/p>\n<p style=\"text-align: justify;\"><strong>Hvis du vil vide mere om projektet, <span style=\"text-decoration: underline;\"><a href=\"https:\/\/www.vita-explorers.dk\/frivilligt-arbejde\/frivilligt-arbejde-sydafrika\/forloeb-afrika-piger-boern-frivilligt-arbejde-uddannelsescenter.html\" target=\"_blank\" rel=\"noopener\">s\u00e5 klik her<\/a><\/span>! Imens kan du se vores <span style=\"text-decoration: underline;\"><a href=\"https:\/\/www.flickr.com\/photos\/globalong\/albums\/72157640876582423\" target=\"_blank\" rel=\"noopener\">fotoalbum fra Sydafrika<\/a><\/span>!<\/strong><\/p>\n<p style=\"text-align: justify;\"><strong>Hvis du \u00f8nsker information om de andre frivillige forl\u00f8b i Sydafrika, <span style=\"text-decoration: underline;\"><a href=\"https:\/\/www.vita-explorers.dk\/frivilligt-arbejde\/frivilligt-arbejde-sydafrika.html\" target=\"_blank\" rel=\"noopener\">s\u00e5 klik her<\/a><\/span>!<\/strong><\/p>\n<p style=\"text-align: justify;\"><strong>Du er altid velkommen til at kontakte os med sp\u00f8rgsm\u00e5l p\u00e5 <span style=\"text-decoration: underline;\"><a href=\"mailto:info@globalong.com\"><span class=\"s2\">info@globalong.com<\/span><\/a><\/span><\/strong><\/p>\n<p><a href=\"https:\/\/www.vita-explorers.dk\/blog\/wp-content\/uploads\/2023\/01\/Focus-de-la-semaine-Afrique-du-sud.png\" target=\"_blank\" rel=\"noopener\"><img loading=\"lazy\" decoding=\"async\" class=\"alignnone wp-image-15107 size-full\" src=\"https:\/\/www.vita-explorers.dk\/blog\/wp-content\/uploads\/2023\/01\/Focus-de-la-semaine-Afrique-du-sud.png\" alt=\"\" width=\"2282\" height=\"840\" srcset=\"https:\/\/www.vita-explorers.dk\/blog\/wp-content\/uploads\/2023\/01\/Focus-de-la-semaine-Afrique-du-sud.png 2282w, https:\/\/www.vita-explorers.dk\/blog\/wp-content\/uploads\/2023\/01\/Focus-de-la-semaine-Afrique-du-sud-300x110.png 300w, https:\/\/www.vita-explorers.dk\/blog\/wp-content\/uploads\/2023\/01\/Focus-de-la-semaine-Afrique-du-sud-1024x377.png 1024w, https:\/\/www.vita-explorers.dk\/blog\/wp-content\/uploads\/2023\/01\/Focus-de-la-semaine-Afrique-du-sud-768x283.png 768w, https:\/\/www.vita-explorers.dk\/blog\/wp-content\/uploads\/2023\/01\/Focus-de-la-semaine-Afrique-du-sud-1536x565.png 1536w, https:\/\/www.vita-explorers.dk\/blog\/wp-content\/uploads\/2023\/01\/Focus-de-la-semaine-Afrique-du-sud-2048x754.png 2048w\" sizes=\"(max-width: 2282px) 100vw, 2282px\" \/><\/a><\/p>\n<p>\u00a0<\/p>\n","protected":false},"excerpt":{"rendered":"<p>Hej (eller rettere, Goeie more)! I denne uge tager vi jer med til Sydafrika. Sydafrikas historie rummer mange bensp\u00e6nd, som har v\u00e6ret med til\u2026<\/p>\n","protected":false},"author":1,"featured_media":15103,"comment_status":"open","ping_status":"open","sticky":false,"template":"","format":"standard","meta":{"footnotes":""},"categories":[1,6,4],"tags":[],"yoast_head":"<!-- This site is optimized with the Yoast SEO Premium plugin v23.4 (Yoast SEO v23.4) - https:\/\/yoast.com\/wordpress\/plugins\/seo\/ -->\n<title>Ugens fokus: Sociale programmer i Sydafrika! - VITA Explorers Blog<\/title>\n<meta name=\"robots\" content=\"index, follow, max-snippet:-1, max-image-preview:large, max-video-preview:-1\" \/>\n<link rel=\"canonical\" href=\"https:\/\/www.vita-explorers.dk\/blog\/ugens-fokus-sociale-programmer-i-sydafrika\/\" \/>\n<meta property=\"og:locale\" content=\"da_DK\" \/>\n<meta property=\"og:type\" content=\"article\" \/>\n<meta property=\"og:title\" content=\"Ugens fokus: Sociale programmer i Sydafrika!\" \/>\n<meta property=\"og:description\" content=\"Hej (eller rettere, Goeie more)! I denne uge tager vi jer med til Sydafrika. Sydafrikas historie rummer mange bensp\u00e6nd, som har v\u00e6ret med til\u2026\" \/>\n<meta property=\"og:url\" content=\"https:\/\/www.vita-explorers.dk\/blog\/ugens-fokus-sociale-programmer-i-sydafrika\/\" \/>\n<meta property=\"og:site_name\" content=\"VITA Explorers Blog\" \/>\n<meta property=\"article:publisher\" content=\"https:\/\/www.facebook.com\/globalong\" \/>\n<meta property=\"article:published_time\" content=\"2023-01-13T16:33:44+00:00\" \/>\n<meta property=\"article:modified_time\" content=\"2024-05-02T09:08:08+00:00\" \/>\n<meta property=\"og:image\" content=\"https:\/\/www.vita-explorers.dk\/blog\/wp-content\/uploads\/2023\/01\/Capture-de\u0301cran-2023-01-13-a\u0300-17.21.18-1024x575.png\" \/>\n\t<meta property=\"og:image:width\" content=\"1024\" \/>\n\t<meta property=\"og:image:height\" content=\"575\" \/>\n\t<meta property=\"og:image:type\" content=\"image\/png\" \/>\n<meta name=\"author\" content=\"VITA Tribe\" \/>\n<meta name=\"twitter:card\" content=\"summary_large_image\" \/>\n<meta name=\"twitter:label1\" content=\"Skrevet af\" \/>\n\t<meta name=\"twitter:data1\" content=\"VITA Tribe\" \/>\n\t<meta name=\"twitter:label2\" content=\"Estimeret l\u00e6setid\" \/>\n\t<meta name=\"twitter:data2\" content=\"3 minutter\" \/>\n<script type=\"application\/ld+json\" class=\"yoast-schema-graph\">{\"@context\":\"https:\/\/schema.org\",\"@graph\":[{\"@type\":\"Article\",\"@id\":\"https:\/\/www.vita-explorers.dk\/blog\/ugens-fokus-sociale-programmer-i-sydafrika\/#article\",\"isPartOf\":{\"@id\":\"https:\/\/www.vita-explorers.dk\/blog\/ugens-fokus-sociale-programmer-i-sydafrika\/\"},\"author\":{\"name\":\"VITA Tribe\",\"@id\":\"https:\/\/www.vita-explorers.dk\/blog\/#\/schema\/person\/d7df267b64f23018d1dc519e78fb2735\"},\"headline\":\"Ugens fokus: Sociale programmer i Sydafrika!\",\"datePublished\":\"2023-01-13T16:33:44+00:00\",\"dateModified\":\"2024-05-02T09:08:08+00:00\",\"mainEntityOfPage\":{\"@id\":\"https:\/\/www.vita-explorers.dk\/blog\/ugens-fokus-sociale-programmer-i-sydafrika\/\"},\"wordCount\":530,\"commentCount\":0,\"publisher\":{\"@id\":\"https:\/\/www.vita-explorers.dk\/blog\/#organization\"},\"image\":{\"@id\":\"https:\/\/www.vita-explorers.dk\/blog\/ugens-fokus-sociale-programmer-i-sydafrika\/#primaryimage\"},\"thumbnailUrl\":\"https:\/\/www.vita-explorers.dk\/blog\/wp-content\/uploads\/2023\/01\/Capture-de\u0301cran-2023-01-13-a\u0300-17.21.18.png\",\"articleSection\":[\"No Name\",\"Nyheder\",\"VITA Explorers\"],\"inLanguage\":\"da-DK\",\"potentialAction\":[{\"@type\":\"CommentAction\",\"name\":\"Comment\",\"target\":[\"https:\/\/www.vita-explorers.dk\/blog\/ugens-fokus-sociale-programmer-i-sydafrika\/#respond\"]}]},{\"@type\":\"WebPage\",\"@id\":\"https:\/\/www.vita-explorers.dk\/blog\/ugens-fokus-sociale-programmer-i-sydafrika\/\",\"url\":\"https:\/\/www.vita-explorers.dk\/blog\/ugens-fokus-sociale-programmer-i-sydafrika\/\",\"name\":\"Ugens fokus: Sociale programmer i Sydafrika! - VITA Explorers Blog\",\"isPartOf\":{\"@id\":\"https:\/\/www.vita-explorers.dk\/blog\/#website\"},\"primaryImageOfPage\":{\"@id\":\"https:\/\/www.vita-explorers.dk\/blog\/ugens-fokus-sociale-programmer-i-sydafrika\/#primaryimage\"},\"image\":{\"@id\":\"https:\/\/www.vita-explorers.dk\/blog\/ugens-fokus-sociale-programmer-i-sydafrika\/#primaryimage\"},\"thumbnailUrl\":\"https:\/\/www.vita-explorers.dk\/blog\/wp-content\/uploads\/2023\/01\/Capture-de\u0301cran-2023-01-13-a\u0300-17.21.18.png\",\"datePublished\":\"2023-01-13T16:33:44+00:00\",\"dateModified\":\"2024-05-02T09:08:08+00:00\",\"breadcrumb\":{\"@id\":\"https:\/\/www.vita-explorers.dk\/blog\/ugens-fokus-sociale-programmer-i-sydafrika\/#breadcrumb\"},\"inLanguage\":\"da-DK\",\"potentialAction\":[{\"@type\":\"ReadAction\",\"target\":[\"https:\/\/www.vita-explorers.dk\/blog\/ugens-fokus-sociale-programmer-i-sydafrika\/\"]}]},{\"@type\":\"ImageObject\",\"inLanguage\":\"da-DK\",\"@id\":\"https:\/\/www.vita-explorers.dk\/blog\/ugens-fokus-sociale-programmer-i-sydafrika\/#primaryimage\",\"url\":\"https:\/\/www.vita-explorers.dk\/blog\/wp-content\/uploads\/2023\/01\/Capture-de\u0301cran-2023-01-13-a\u0300-17.21.18.png\",\"contentUrl\":\"https:\/\/www.vita-explorers.dk\/blog\/wp-content\/uploads\/2023\/01\/Capture-de\u0301cran-2023-01-13-a\u0300-17.21.18.png\",\"width\":2598,\"height\":1460},{\"@type\":\"BreadcrumbList\",\"@id\":\"https:\/\/www.vita-explorers.dk\/blog\/ugens-fokus-sociale-programmer-i-sydafrika\/#breadcrumb\",\"itemListElement\":[{\"@type\":\"ListItem\",\"position\":1,\"name\":\"Accueil\",\"item\":\"https:\/\/www.vita-explorers.dk\/blog\/\"},{\"@type\":\"ListItem\",\"position\":2,\"name\":\"Ugens fokus: Sociale programmer i Sydafrika!\"}]},{\"@type\":\"WebSite\",\"@id\":\"https:\/\/www.vita-explorers.dk\/blog\/#website\",\"url\":\"https:\/\/www.vita-explorers.dk\/blog\/\",\"name\":\"Association Globalong\",\"description\":\"Frivilligt arbejde, sprogophold, praktik i udlandet og internationale oplevelser\",\"publisher\":{\"@id\":\"https:\/\/www.vita-explorers.dk\/blog\/#organization\"},\"potentialAction\":[{\"@type\":\"SearchAction\",\"target\":{\"@type\":\"EntryPoint\",\"urlTemplate\":\"https:\/\/www.vita-explorers.dk\/blog\/?s={search_term_string}\"},\"query-input\":{\"@type\":\"PropertyValueSpecification\",\"valueRequired\":true,\"valueName\":\"search_term_string\"}}],\"inLanguage\":\"da-DK\"},{\"@type\":\"Organization\",\"@id\":\"https:\/\/www.vita-explorers.dk\/blog\/#organization\",\"name\":\"Association Globalong\",\"url\":\"https:\/\/www.vita-explorers.dk\/blog\/\",\"logo\":{\"@type\":\"ImageObject\",\"inLanguage\":\"da-DK\",\"@id\":\"https:\/\/www.vita-explorers.dk\/blog\/#\/schema\/logo\/image\/\",\"url\":\"https:\/\/www.globalong.com\/blog\/wp-content\/uploads\/2014\/11\/cropped-cropped-Logo-et-Afrique-Globalong-petite-taille-2.jpg\",\"contentUrl\":\"https:\/\/www.globalong.com\/blog\/wp-content\/uploads\/2014\/11\/cropped-cropped-Logo-et-Afrique-Globalong-petite-taille-2.jpg\",\"width\":512,\"height\":512,\"caption\":\"Association Globalong\"},\"image\":{\"@id\":\"https:\/\/www.vita-explorers.dk\/blog\/#\/schema\/logo\/image\/\"},\"sameAs\":[\"https:\/\/www.facebook.com\/globalong\"]},{\"@type\":\"Person\",\"@id\":\"https:\/\/www.vita-explorers.dk\/blog\/#\/schema\/person\/d7df267b64f23018d1dc519e78fb2735\",\"name\":\"VITA Tribe\",\"image\":{\"@type\":\"ImageObject\",\"inLanguage\":\"da-DK\",\"@id\":\"https:\/\/www.vita-explorers.dk\/blog\/#\/schema\/person\/image\/\",\"url\":\"https:\/\/secure.gravatar.com\/avatar\/81461bcc213d0ff2bdc043d4206648f0?s=96&d=mm&r=g\",\"contentUrl\":\"https:\/\/secure.gravatar.com\/avatar\/81461bcc213d0ff2bdc043d4206648f0?s=96&d=mm&r=g\",\"caption\":\"VITA Tribe\"},\"sameAs\":[\"https:\/\/www.globalong.com\"],\"url\":\"https:\/\/www.vita-explorers.dk\/blog\/author\/sophie\/\"}]}<\/script>\n<!-- \/ Yoast SEO Premium plugin. -->","yoast_head_json":{"title":"Ugens fokus: Sociale programmer i Sydafrika! - VITA Explorers Blog","robots":{"index":"index","follow":"follow","max-snippet":"max-snippet:-1","max-image-preview":"max-image-preview:large","max-video-preview":"max-video-preview:-1"},"canonical":"https:\/\/www.vita-explorers.dk\/blog\/ugens-fokus-sociale-programmer-i-sydafrika\/","og_locale":"da_DK","og_type":"article","og_title":"Ugens fokus: Sociale programmer i Sydafrika!","og_description":"Hej (eller rettere, Goeie more)! I denne uge tager vi jer med til Sydafrika. Sydafrikas historie rummer mange bensp\u00e6nd, som har v\u00e6ret med til\u2026","og_url":"https:\/\/www.vita-explorers.dk\/blog\/ugens-fokus-sociale-programmer-i-sydafrika\/","og_site_name":"VITA Explorers Blog","article_publisher":"https:\/\/www.facebook.com\/globalong","article_published_time":"2023-01-13T16:33:44+00:00","article_modified_time":"2024-05-02T09:08:08+00:00","og_image":[{"width":1024,"height":575,"url":"https:\/\/www.vita-explorers.dk\/blog\/wp-content\/uploads\/2023\/01\/Capture-de\u0301cran-2023-01-13-a\u0300-17.21.18-1024x575.png","type":"image\/png"}],"author":"VITA Tribe","twitter_card":"summary_large_image","twitter_misc":{"Skrevet af":"VITA Tribe","Estimeret l\u00e6setid":"3 minutter"},"schema":{"@context":"https:\/\/schema.org","@graph":[{"@type":"Article","@id":"https:\/\/www.vita-explorers.dk\/blog\/ugens-fokus-sociale-programmer-i-sydafrika\/#article","isPartOf":{"@id":"https:\/\/www.vita-explorers.dk\/blog\/ugens-fokus-sociale-programmer-i-sydafrika\/"},"author":{"name":"VITA Tribe","@id":"https:\/\/www.vita-explorers.dk\/blog\/#\/schema\/person\/d7df267b64f23018d1dc519e78fb2735"},"headline":"Ugens fokus: Sociale programmer i Sydafrika!","datePublished":"2023-01-13T16:33:44+00:00","dateModified":"2024-05-02T09:08:08+00:00","mainEntityOfPage":{"@id":"https:\/\/www.vita-explorers.dk\/blog\/ugens-fokus-sociale-programmer-i-sydafrika\/"},"wordCount":530,"commentCount":0,"publisher":{"@id":"https:\/\/www.vita-explorers.dk\/blog\/#organization"},"image":{"@id":"https:\/\/www.vita-explorers.dk\/blog\/ugens-fokus-sociale-programmer-i-sydafrika\/#primaryimage"},"thumbnailUrl":"https:\/\/www.vita-explorers.dk\/blog\/wp-content\/uploads\/2023\/01\/Capture-de\u0301cran-2023-01-13-a\u0300-17.21.18.png","articleSection":["No Name","Nyheder","VITA Explorers"],"inLanguage":"da-DK","potentialAction":[{"@type":"CommentAction","name":"Comment","target":["https:\/\/www.vita-explorers.dk\/blog\/ugens-fokus-sociale-programmer-i-sydafrika\/#respond"]}]},{"@type":"WebPage","@id":"https:\/\/www.vita-explorers.dk\/blog\/ugens-fokus-sociale-programmer-i-sydafrika\/","url":"https:\/\/www.vita-explorers.dk\/blog\/ugens-fokus-sociale-programmer-i-sydafrika\/","name":"Ugens fokus: Sociale programmer i Sydafrika! - VITA Explorers Blog","isPartOf":{"@id":"https:\/\/www.vita-explorers.dk\/blog\/#website"},"primaryImageOfPage":{"@id":"https:\/\/www.vita-explorers.dk\/blog\/ugens-fokus-sociale-programmer-i-sydafrika\/#primaryimage"},"image":{"@id":"https:\/\/www.vita-explorers.dk\/blog\/ugens-fokus-sociale-programmer-i-sydafrika\/#primaryimage"},"thumbnailUrl":"https:\/\/www.vita-explorers.dk\/blog\/wp-content\/uploads\/2023\/01\/Capture-de\u0301cran-2023-01-13-a\u0300-17.21.18.png","datePublished":"2023-01-13T16:33:44+00:00","dateModified":"2024-05-02T09:08:08+00:00","breadcrumb":{"@id":"https:\/\/www.vita-explorers.dk\/blog\/ugens-fokus-sociale-programmer-i-sydafrika\/#breadcrumb"},"inLanguage":"da-DK","potentialAction":[{"@type":"ReadAction","target":["https:\/\/www.vita-explorers.dk\/blog\/ugens-fokus-sociale-programmer-i-sydafrika\/"]}]},{"@type":"ImageObject","inLanguage":"da-DK","@id":"https:\/\/www.vita-explorers.dk\/blog\/ugens-fokus-sociale-programmer-i-sydafrika\/#primaryimage","url":"https:\/\/www.vita-explorers.dk\/blog\/wp-content\/uploads\/2023\/01\/Capture-de\u0301cran-2023-01-13-a\u0300-17.21.18.png","contentUrl":"https:\/\/www.vita-explorers.dk\/blog\/wp-content\/uploads\/2023\/01\/Capture-de\u0301cran-2023-01-13-a\u0300-17.21.18.png","width":2598,"height":1460},{"@type":"BreadcrumbList","@id":"https:\/\/www.vita-explorers.dk\/blog\/ugens-fokus-sociale-programmer-i-sydafrika\/#breadcrumb","itemListElement":[{"@type":"ListItem","position":1,"name":"Accueil","item":"https:\/\/www.vita-explorers.dk\/blog\/"},{"@type":"ListItem","position":2,"name":"Ugens fokus: Sociale programmer i Sydafrika!"}]},{"@type":"WebSite","@id":"https:\/\/www.vita-explorers.dk\/blog\/#website","url":"https:\/\/www.vita-explorers.dk\/blog\/","name":"Association Globalong","description":"Frivilligt arbejde, sprogophold, praktik i udlandet og internationale oplevelser","publisher":{"@id":"https:\/\/www.vita-explorers.dk\/blog\/#organization"},"potentialAction":[{"@type":"SearchAction","target":{"@type":"EntryPoint","urlTemplate":"https:\/\/www.vita-explorers.dk\/blog\/?s={search_term_string}"},"query-input":{"@type":"PropertyValueSpecification","valueRequired":true,"valueName":"search_term_string"}}],"inLanguage":"da-DK"},{"@type":"Organization","@id":"https:\/\/www.vita-explorers.dk\/blog\/#organization","name":"Association Globalong","url":"https:\/\/www.vita-explorers.dk\/blog\/","logo":{"@type":"ImageObject","inLanguage":"da-DK","@id":"https:\/\/www.vita-explorers.dk\/blog\/#\/schema\/logo\/image\/","url":"https:\/\/www.globalong.com\/blog\/wp-content\/uploads\/2014\/11\/cropped-cropped-Logo-et-Afrique-Globalong-petite-taille-2.jpg","contentUrl":"https:\/\/www.globalong.com\/blog\/wp-content\/uploads\/2014\/11\/cropped-cropped-Logo-et-Afrique-Globalong-petite-taille-2.jpg","width":512,"height":512,"caption":"Association Globalong"},"image":{"@id":"https:\/\/www.vita-explorers.dk\/blog\/#\/schema\/logo\/image\/"},"sameAs":["https:\/\/www.facebook.com\/globalong"]},{"@type":"Person","@id":"https:\/\/www.vita-explorers.dk\/blog\/#\/schema\/person\/d7df267b64f23018d1dc519e78fb2735","name":"VITA Tribe","image":{"@type":"ImageObject","inLanguage":"da-DK","@id":"https:\/\/www.vita-explorers.dk\/blog\/#\/schema\/person\/image\/","url":"https:\/\/secure.gravatar.com\/avatar\/81461bcc213d0ff2bdc043d4206648f0?s=96&d=mm&r=g","contentUrl":"https:\/\/secure.gravatar.com\/avatar\/81461bcc213d0ff2bdc043d4206648f0?s=96&d=mm&r=g","caption":"VITA Tribe"},"sameAs":["https:\/\/www.globalong.com"],"url":"https:\/\/www.vita-explorers.dk\/blog\/author\/sophie\/"}]}},"_links":{"self":[{"href":"https:\/\/www.vita-explorers.dk\/blog\/wp-json\/wp\/v2\/posts\/15102"}],"collection":[{"href":"https:\/\/www.vita-explorers.dk\/blog\/wp-json\/wp\/v2\/posts"}],"about":[{"href":"https:\/\/www.vita-explorers.dk\/blog\/wp-json\/wp\/v2\/types\/post"}],"author":[{"embeddable":true,"href":"https:\/\/www.vita-explorers.dk\/blog\/wp-json\/wp\/v2\/users\/1"}],"replies":[{"embeddable":true,"href":"https:\/\/www.vita-explorers.dk\/blog\/wp-json\/wp\/v2\/comments?post=15102"}],"version-history":[{"count":8,"href":"https:\/\/www.vita-explorers.dk\/blog\/wp-json\/wp\/v2\/posts\/15102\/revisions"}],"predecessor-version":[{"id":16431,"href":"https:\/\/www.vita-explorers.dk\/blog\/wp-json\/wp\/v2\/posts\/15102\/revisions\/16431"}],"wp:featuredmedia":[{"embeddable":true,"href":"https:\/\/www.vita-explorers.dk\/blog\/wp-json\/wp\/v2\/media\/15103"}],"wp:attachment":[{"href":"https:\/\/www.vita-explorers.dk\/blog\/wp-json\/wp\/v2\/media?parent=15102"}],"wp:term":[{"taxonomy":"category","embeddable":true,"href":"https:\/\/www.vita-explorers.dk\/blog\/wp-json\/wp\/v2\/categories?post=15102"},{"taxonomy":"post_tag","embeddable":true,"href":"https:\/\/www.vita-explorers.dk\/blog\/wp-json\/wp\/v2\/tags?post=15102"}],"curies":[{"name":"wp","href":"https:\/\/api.w.org\/{rel}","templated":true}]}}