{"id":15119,"date":"2023-01-24T17:38:58","date_gmt":"2023-01-24T16:38:58","guid":{"rendered":"https:\/\/www.globalong.com\/blog\/?p=15119"},"modified":"2024-05-02T11:04:48","modified_gmt":"2024-05-02T09:04:48","slug":"den-internationale-uddannelsesdag","status":"publish","type":"post","link":"https:\/\/www.vita-explorers.dk\/blog\/den-internationale-uddannelsesdag\/","title":{"rendered":"Den Internationale Uddannelsesdag"},"content":{"rendered":"<p class=\"p1\" style=\"text-align: center;\"><strong><em>&#8220;Et barn, en l\u00e6rer, en bog og en blyant kan \u00e6ndre verden&#8221;<\/em><\/strong> Malala Yousafzai.<\/p>\n<p class=\"p1\" style=\"text-align: center;\">Som internationalt symbol p\u00e5 kampen for adgang til uddannelse er hendes budskab desv\u00e6rre stadig aktuelt \u2013 m\u00e5ske mere end nogensinde.<\/p>\n<p><a href=\"https:\/\/www.vita-explorers.dk\/blog\/wp-content\/uploads\/2023\/01\/Capture-de\u0301cran-2023-01-24-a\u0300-17.00.16.png\"><img loading=\"lazy\" decoding=\"async\" class=\"alignnone size-full wp-image-15122\" src=\"https:\/\/www.vita-explorers.dk\/blog\/wp-content\/uploads\/2023\/01\/Capture-de\u0301cran-2023-01-24-a\u0300-17.00.16.png\" alt=\"\" width=\"2510\" height=\"912\" srcset=\"https:\/\/www.vita-explorers.dk\/blog\/wp-content\/uploads\/2023\/01\/Capture-de\u0301cran-2023-01-24-a\u0300-17.00.16.png 2510w, https:\/\/www.vita-explorers.dk\/blog\/wp-content\/uploads\/2023\/01\/Capture-de\u0301cran-2023-01-24-a\u0300-17.00.16-300x109.png 300w, https:\/\/www.vita-explorers.dk\/blog\/wp-content\/uploads\/2023\/01\/Capture-de\u0301cran-2023-01-24-a\u0300-17.00.16-1024x372.png 1024w, https:\/\/www.vita-explorers.dk\/blog\/wp-content\/uploads\/2023\/01\/Capture-de\u0301cran-2023-01-24-a\u0300-17.00.16-768x279.png 768w, https:\/\/www.vita-explorers.dk\/blog\/wp-content\/uploads\/2023\/01\/Capture-de\u0301cran-2023-01-24-a\u0300-17.00.16-1536x558.png 1536w, https:\/\/www.vita-explorers.dk\/blog\/wp-content\/uploads\/2023\/01\/Capture-de\u0301cran-2023-01-24-a\u0300-17.00.16-2048x744.png 2048w\" sizes=\"(max-width: 2510px) 100vw, 2510px\" \/><\/a><\/p>\n<h1 class=\"p1\" style=\"text-align: justify;\"><span style=\"font-size: 12pt;\">Efter at Taliban har taget magten i Afghanistan, er der \u2013 <a href=\"https:\/\/www.un.org\/fr\" target=\"_blank\" rel=\"noopener\">if\u00f8lge FN<\/a> \u2013 <strong>over 2,6 millioner piger og unge kvinder, der slet ikke l\u00e6ngere har adgang til uddannelse<\/strong>. Ud over den alvorlige situation i Afghanistan er det at n\u00e6gte alle afghanske piger skolegang <strong>en meget tung trussel mod landets fremtid.<\/strong><\/span><\/h1>\n<h2 class=\"p1\" style=\"text-align: justify;\"><span style=\"font-size: 12pt;\"><strong>Viden er en styrke \u2013 men kun hvis man kan f\u00e5 adgang til den<\/strong>. I 2022 var <strong>mere end 244 millioner b\u00f8rn p\u00e5 verdensplan stadig ikke i skole<\/strong>. Det er flere end hele befolkningen i Pakistan, som ellers er verdens femte mest folkerige land.<\/span><\/h2>\n<p class=\"p1\" style=\"text-align: justify;\">Den Internationale Uddannelsesdag, som FN indstiftede i 2018, har til form\u00e5l at <strong>fremh\u00e6ve uddannelsens afg\u00f8rende rolle for fred og menneskelig udvikling<\/strong>. Denne femte udgave er en anledning for <a href=\"https:\/\/www.vita-explorers.dk\/association-globalong.html\" target=\"_blank\" rel=\"noopener\"><span style=\"text-decoration: underline;\"><strong>VITA Institute<\/strong><\/span><\/a> til at s\u00e6tte fokus p\u00e5 de mange forhold, der ligger bag disse alarmerende tal. Konflikter og politiske sp\u00e6ndinger er selvf\u00f8lgelig en vigtig \u00e5rsag til manglende adgang til skole \u2013 men langt fra den eneste.<\/p>\n<p class=\"p1\" style=\"text-align: justify;\">I mange lande er det <strong>manglen p\u00e5 \u2013 eller frav\u00e6ret af \u2013 et velfungerende skolesystem<\/strong>, der skaber store udfordringer, ofte p\u00e5 grund af begr\u00e6nsede \u00f8konomiske og menneskelige ressourcer. Den mest udbredte \u00e5rsag til, at b\u00f8rn ikke g\u00e5r i skole, er <strong>fattigdom<\/strong>. I mange lande er uddannelse ikke gratis, og det udelukker i praksis de mest s\u00e5rbare familier fra skolegang. Gratis skolegang kan v\u00e6re en del af l\u00f8sningen, men ofte er det ikke nok. <strong>Mange b\u00f8rn er n\u00f8dt til at arbejde<\/strong> for at bidrage til familiens indkomst og d\u00e6kke udgifter i hjemmet. I lande med h\u00f8j kriminalitet kan vejen til og fra skole v\u00e6re forbundet med stor risiko, og nogle for\u00e6ldre v\u00e6lger derfor, at deres b\u00f8rn bliver hjemme og dermed <strong>ufrivilligt mister muligheden for at f\u00e5 en uddannelse.<\/strong><\/p>\n<p class=\"p1\" style=\"text-align: justify;\">Som det blandt andet ses i Afghanistan, er der ogs\u00e5 s\u00e6rlige udfordringer, der rammer pigers adgang til uddannelse. I nogle lande kan <strong>kulturelle normer og traditioner st\u00e5 i vejen for skolegang<\/strong>. Piger kan opleve <strong>tidlige og tvungne \u00e6gteskaber eller graviditeter<\/strong>, som afbryder deres uddannelse. Derudover er det mange steder forventet, at piger bliver hjemme for<strong> at tage sig af familiens mest s\u00e5rbare.<\/strong><\/p>\n<p class=\"p1\" style=\"text-align: justify;\"><strong>Fattigdom g\u00e5r igen som kernen i problemet<\/strong> \u2013 ogs\u00e5 n\u00e5r piger rammes af praktiske barrierer i forbindelse med menstruation. Manglende \u00f8konomi til menstruationsprodukter betyder, at nogle tvinges til at blive hjemme. <strong>Samtidig er uddannelse et af de st\u00e6rkeste redskaber til at bryde fattigdom og skabe st\u00f8rre selvst\u00e6ndighed.<\/strong><\/p>\n<p class=\"p1\" style=\"text-align: justify;\">Den Internationale Uddannelsesdag er ogs\u00e5 en anledning til at minde om, at <strong>du kan v\u00e6re med til at g\u00f8re en forskel<\/strong>. I samarbejde med lokale organisationer i 49 lande tilbyder vi internationale frivillige forl\u00f8b, is\u00e6r inden for undervisning og uddannelse.<\/p>\n<p><a href=\"https:\/\/www.vita-explorers.dk\/blog\/wp-content\/uploads\/2023\/01\/Capture-de\u0301cran-2023-01-24-a\u0300-17.01.13.png\"><img loading=\"lazy\" decoding=\"async\" class=\"alignnone size-full wp-image-15121\" src=\"https:\/\/www.vita-explorers.dk\/blog\/wp-content\/uploads\/2023\/01\/Capture-de\u0301cran-2023-01-24-a\u0300-17.01.13.png\" alt=\"\" width=\"2510\" height=\"912\" srcset=\"https:\/\/www.vita-explorers.dk\/blog\/wp-content\/uploads\/2023\/01\/Capture-de\u0301cran-2023-01-24-a\u0300-17.01.13.png 2510w, https:\/\/www.vita-explorers.dk\/blog\/wp-content\/uploads\/2023\/01\/Capture-de\u0301cran-2023-01-24-a\u0300-17.01.13-300x109.png 300w, https:\/\/www.vita-explorers.dk\/blog\/wp-content\/uploads\/2023\/01\/Capture-de\u0301cran-2023-01-24-a\u0300-17.01.13-1024x372.png 1024w, https:\/\/www.vita-explorers.dk\/blog\/wp-content\/uploads\/2023\/01\/Capture-de\u0301cran-2023-01-24-a\u0300-17.01.13-768x279.png 768w, https:\/\/www.vita-explorers.dk\/blog\/wp-content\/uploads\/2023\/01\/Capture-de\u0301cran-2023-01-24-a\u0300-17.01.13-1536x558.png 1536w, https:\/\/www.vita-explorers.dk\/blog\/wp-content\/uploads\/2023\/01\/Capture-de\u0301cran-2023-01-24-a\u0300-17.01.13-2048x744.png 2048w\" sizes=\"(max-width: 2510px) 100vw, 2510px\" \/><\/a><\/p>\n<h3 class=\"p1\" style=\"text-align: justify;\"><span style=\"font-size: 12pt;\">P\u00e5 din egen m\u00e5de kan du alts\u00e5 v\u00e6re med og<strong> bidrage til bedre adgang til uddannelse p\u00e5 tv\u00e6rs af alle fem kontinenter.<\/strong><\/span><\/h3>\n<p class=\"p1\" style=\"text-align: justify;\"><strong>Du kan engagere dig som underviser<\/strong> i b\u00f8rnehaver, grundskoler og ungdomsuddannelser og v\u00e6re med til at facilitere undervisning p\u00e5 skoler, hvor der mangler l\u00e6rere. Du kan ogs\u00e5 deltage i <strong>forl\u00f8b, hvor du st\u00f8tter og opkvalificerer undervisere<\/strong>, som nogle steder ikke har mulighed for at undervise i bestemte fag \u2013 s\u00e6rligt engelsk og IT. Endelig kan du engagere dig i <strong>bygge- eller renoveringsprojekter p\u00e5 skoler, s\u00e5 b\u00f8rn f\u00e5r bedre rammer og et milj\u00f8, der underst\u00f8tter l\u00e6ring.<\/strong> Deltagere p\u00e5 den type forl\u00f8b bidrager ofte ogs\u00e5 med materialer til skoler og b\u00f8rn (h\u00e6fter, b\u00f8ger, kuglepenne osv.), hvilket kan g\u00f8re en stor forskel i <strong>indsatsen mod mangelfulde ressourcer i undervisningen.<\/strong><\/p>\n<h4 class=\"p3\" style=\"text-align: justify;\"><span style=\"font-size: 12pt;\">Tag en meningsfuld pause i dit liv, og bliv en del af de lokale teams, der arbejder for at <strong>begr\u00e6nse denne sociale udfordring \u2013 og giv din st\u00f8tte<\/strong>. Vil du se vores internationale frivillige forl\u00f8b inden for undervisning og uddannelse, s\u00e5 <span style=\"text-decoration: underline;\"><a href=\"https:\/\/www.vita-explorers.dk\/find\" target=\"_blank\" rel=\"noopener\"><strong>klik her.<\/strong><\/a><\/span><\/span><\/h4>\n<p class=\"p1\" style=\"text-align: justify;\">Og frem for alt er dagen en anledning til at <strong>sige tak til alle vores engagerede medlemmer<\/strong>, der deltager i forl\u00f8b om undervisning, adgang til uddannelse og menneskerettigheder. Hver p\u00e5 jeres m\u00e5de<strong> er I med til at skabe bedre muligheder \u2013 og en bedre fremtid for b\u00f8rnene.<\/strong><\/p>\n<h5 class=\"p1\" style=\"text-align: justify;\"><span style=\"font-size: 12pt;\"><strong>Til alle vores engagerede medlemmer \u2013 og jer, der overvejer at v\u00e6re med: Tak for jeres st\u00f8tte!<\/strong><\/span><\/h5>\n<p class=\"p1\" style=\"text-align: justify;\">Hvis du \u00f8nsker r\u00e5d og vejledning om forl\u00f8b inden for undervisning og uddannelse, <strong><span style=\"text-decoration: underline;\"><a href=\"https:\/\/www.vita-explorers.dk\/blog\/guides-raad-vita-information-finansiering-gode-argumenter-stoette-tilskud-praktik-internationale-forloeb-sprogophold-projekter-frivilligt-arbejde-sabbataar-rejseprojekt-tag-afsted-rejs\/guide-enseignement_education-voyage-preparation-professeur-ecoles-enfants-adultes-afrique-asie-voyage-mission-etranger\/\" target=\"_blank\" rel=\"noopener\">s\u00e5 finder du dem her<\/a><\/span> <\/strong>!<\/p>\n<h6 class=\"p6\" style=\"text-align: justify;\"><span style=\"font-size: 12pt;\">Har du sp\u00f8rgsm\u00e5l, er du altid velkommen til at kontakte os p\u00e5<span style=\"text-decoration: underline;\"><strong> <a href=\"mailto:info@globalong.com\"><span class=\"s1\">info@globalong.com<\/span><\/a><span class=\"s2\"> <\/span><\/strong><\/span><\/span><\/h6>\n<p><a href=\"https:\/\/www.vita-explorers.dk\/blog\/wp-content\/uploads\/2023\/01\/Capture-de\u0301cran-2023-01-24-a\u0300-17.06.55.png\"><img loading=\"lazy\" decoding=\"async\" class=\"alignnone size-full wp-image-15120\" src=\"https:\/\/www.vita-explorers.dk\/blog\/wp-content\/uploads\/2023\/01\/Capture-de\u0301cran-2023-01-24-a\u0300-17.06.55.png\" alt=\"\" width=\"2510\" height=\"912\" srcset=\"https:\/\/www.vita-explorers.dk\/blog\/wp-content\/uploads\/2023\/01\/Capture-de\u0301cran-2023-01-24-a\u0300-17.06.55.png 2510w, https:\/\/www.vita-explorers.dk\/blog\/wp-content\/uploads\/2023\/01\/Capture-de\u0301cran-2023-01-24-a\u0300-17.06.55-300x109.png 300w, https:\/\/www.vita-explorers.dk\/blog\/wp-content\/uploads\/2023\/01\/Capture-de\u0301cran-2023-01-24-a\u0300-17.06.55-1024x372.png 1024w, https:\/\/www.vita-explorers.dk\/blog\/wp-content\/uploads\/2023\/01\/Capture-de\u0301cran-2023-01-24-a\u0300-17.06.55-768x279.png 768w, https:\/\/www.vita-explorers.dk\/blog\/wp-content\/uploads\/2023\/01\/Capture-de\u0301cran-2023-01-24-a\u0300-17.06.55-1536x558.png 1536w, https:\/\/www.vita-explorers.dk\/blog\/wp-content\/uploads\/2023\/01\/Capture-de\u0301cran-2023-01-24-a\u0300-17.06.55-2048x744.png 2048w\" sizes=\"(max-width: 2510px) 100vw, 2510px\" \/><\/a><\/p>\n","protected":false},"excerpt":{"rendered":"<p>&#8220;Et barn, en l\u00e6rer, en bog og en blyant kan \u00e6ndre verden&#8221; Malala Yousafzai. Som internationalt symbol p\u00e5 kampen for adgang til uddannelse er\u2026<\/p>\n","protected":false},"author":1,"featured_media":15123,"comment_status":"open","ping_status":"open","sticky":false,"template":"","format":"standard","meta":{"footnotes":""},"categories":[1,6,4],"tags":[],"yoast_head":"<!-- This site is optimized with the Yoast SEO Premium plugin v23.4 (Yoast SEO v23.4) - https:\/\/yoast.com\/wordpress\/plugins\/seo\/ -->\n<title>Den Internationale Uddannelsesdag - VITA Explorers Blog<\/title>\n<meta name=\"robots\" content=\"index, follow, max-snippet:-1, max-image-preview:large, max-video-preview:-1\" \/>\n<link rel=\"canonical\" href=\"https:\/\/www.vita-explorers.dk\/blog\/den-internationale-uddannelsesdag\/\" \/>\n<meta property=\"og:locale\" content=\"da_DK\" \/>\n<meta property=\"og:type\" content=\"article\" \/>\n<meta property=\"og:title\" content=\"Den Internationale Uddannelsesdag\" \/>\n<meta property=\"og:description\" content=\"&#8220;Et barn, en l\u00e6rer, en bog og en blyant kan \u00e6ndre verden&#8221; Malala Yousafzai. Som internationalt symbol p\u00e5 kampen for adgang til uddannelse er\u2026\" \/>\n<meta property=\"og:url\" content=\"https:\/\/www.vita-explorers.dk\/blog\/den-internationale-uddannelsesdag\/\" \/>\n<meta property=\"og:site_name\" content=\"VITA Explorers Blog\" \/>\n<meta property=\"article:publisher\" content=\"https:\/\/www.facebook.com\/globalong\" \/>\n<meta property=\"article:published_time\" content=\"2023-01-24T16:38:58+00:00\" \/>\n<meta property=\"article:modified_time\" content=\"2024-05-02T09:04:48+00:00\" \/>\n<meta property=\"og:image\" content=\"https:\/\/www.vita-explorers.dk\/blog\/wp-content\/uploads\/2023\/01\/Capture-de\u0301cran-2023-01-24-a\u0300-16.57.43-1024x855.png\" \/>\n\t<meta property=\"og:image:width\" content=\"1024\" \/>\n\t<meta property=\"og:image:height\" content=\"855\" \/>\n\t<meta property=\"og:image:type\" content=\"image\/png\" \/>\n<meta name=\"author\" content=\"VITA Tribe\" \/>\n<meta name=\"twitter:card\" content=\"summary_large_image\" \/>\n<meta name=\"twitter:label1\" content=\"Skrevet af\" \/>\n\t<meta name=\"twitter:data1\" content=\"VITA Tribe\" \/>\n\t<meta name=\"twitter:label2\" content=\"Estimeret l\u00e6setid\" \/>\n\t<meta name=\"twitter:data2\" content=\"4 minutter\" \/>\n<script type=\"application\/ld+json\" class=\"yoast-schema-graph\">{\"@context\":\"https:\/\/schema.org\",\"@graph\":[{\"@type\":\"Article\",\"@id\":\"https:\/\/www.vita-explorers.dk\/blog\/den-internationale-uddannelsesdag\/#article\",\"isPartOf\":{\"@id\":\"https:\/\/www.vita-explorers.dk\/blog\/den-internationale-uddannelsesdag\/\"},\"author\":{\"name\":\"VITA Tribe\",\"@id\":\"https:\/\/www.vita-explorers.dk\/blog\/#\/schema\/person\/d7df267b64f23018d1dc519e78fb2735\"},\"headline\":\"Den Internationale Uddannelsesdag\",\"datePublished\":\"2023-01-24T16:38:58+00:00\",\"dateModified\":\"2024-05-02T09:04:48+00:00\",\"mainEntityOfPage\":{\"@id\":\"https:\/\/www.vita-explorers.dk\/blog\/den-internationale-uddannelsesdag\/\"},\"wordCount\":792,\"commentCount\":0,\"publisher\":{\"@id\":\"https:\/\/www.vita-explorers.dk\/blog\/#organization\"},\"image\":{\"@id\":\"https:\/\/www.vita-explorers.dk\/blog\/den-internationale-uddannelsesdag\/#primaryimage\"},\"thumbnailUrl\":\"https:\/\/www.vita-explorers.dk\/blog\/wp-content\/uploads\/2023\/01\/Capture-de\u0301cran-2023-01-24-a\u0300-16.57.43.png\",\"articleSection\":[\"No Name\",\"Nyheder\",\"VITA Explorers\"],\"inLanguage\":\"da-DK\",\"potentialAction\":[{\"@type\":\"CommentAction\",\"name\":\"Comment\",\"target\":[\"https:\/\/www.vita-explorers.dk\/blog\/den-internationale-uddannelsesdag\/#respond\"]}]},{\"@type\":\"WebPage\",\"@id\":\"https:\/\/www.vita-explorers.dk\/blog\/den-internationale-uddannelsesdag\/\",\"url\":\"https:\/\/www.vita-explorers.dk\/blog\/den-internationale-uddannelsesdag\/\",\"name\":\"Den Internationale Uddannelsesdag - VITA Explorers Blog\",\"isPartOf\":{\"@id\":\"https:\/\/www.vita-explorers.dk\/blog\/#website\"},\"primaryImageOfPage\":{\"@id\":\"https:\/\/www.vita-explorers.dk\/blog\/den-internationale-uddannelsesdag\/#primaryimage\"},\"image\":{\"@id\":\"https:\/\/www.vita-explorers.dk\/blog\/den-internationale-uddannelsesdag\/#primaryimage\"},\"thumbnailUrl\":\"https:\/\/www.vita-explorers.dk\/blog\/wp-content\/uploads\/2023\/01\/Capture-de\u0301cran-2023-01-24-a\u0300-16.57.43.png\",\"datePublished\":\"2023-01-24T16:38:58+00:00\",\"dateModified\":\"2024-05-02T09:04:48+00:00\",\"breadcrumb\":{\"@id\":\"https:\/\/www.vita-explorers.dk\/blog\/den-internationale-uddannelsesdag\/#breadcrumb\"},\"inLanguage\":\"da-DK\",\"potentialAction\":[{\"@type\":\"ReadAction\",\"target\":[\"https:\/\/www.vita-explorers.dk\/blog\/den-internationale-uddannelsesdag\/\"]}]},{\"@type\":\"ImageObject\",\"inLanguage\":\"da-DK\",\"@id\":\"https:\/\/www.vita-explorers.dk\/blog\/den-internationale-uddannelsesdag\/#primaryimage\",\"url\":\"https:\/\/www.vita-explorers.dk\/blog\/wp-content\/uploads\/2023\/01\/Capture-de\u0301cran-2023-01-24-a\u0300-16.57.43.png\",\"contentUrl\":\"https:\/\/www.vita-explorers.dk\/blog\/wp-content\/uploads\/2023\/01\/Capture-de\u0301cran-2023-01-24-a\u0300-16.57.43.png\",\"width\":1688,\"height\":1410},{\"@type\":\"BreadcrumbList\",\"@id\":\"https:\/\/www.vita-explorers.dk\/blog\/den-internationale-uddannelsesdag\/#breadcrumb\",\"itemListElement\":[{\"@type\":\"ListItem\",\"position\":1,\"name\":\"Accueil\",\"item\":\"https:\/\/www.vita-explorers.dk\/blog\/\"},{\"@type\":\"ListItem\",\"position\":2,\"name\":\"Den Internationale Uddannelsesdag\"}]},{\"@type\":\"WebSite\",\"@id\":\"https:\/\/www.vita-explorers.dk\/blog\/#website\",\"url\":\"https:\/\/www.vita-explorers.dk\/blog\/\",\"name\":\"Association Globalong\",\"description\":\"Frivilligt arbejde, sprogophold, praktik i udlandet og internationale oplevelser\",\"publisher\":{\"@id\":\"https:\/\/www.vita-explorers.dk\/blog\/#organization\"},\"potentialAction\":[{\"@type\":\"SearchAction\",\"target\":{\"@type\":\"EntryPoint\",\"urlTemplate\":\"https:\/\/www.vita-explorers.dk\/blog\/?s={search_term_string}\"},\"query-input\":{\"@type\":\"PropertyValueSpecification\",\"valueRequired\":true,\"valueName\":\"search_term_string\"}}],\"inLanguage\":\"da-DK\"},{\"@type\":\"Organization\",\"@id\":\"https:\/\/www.vita-explorers.dk\/blog\/#organization\",\"name\":\"Association Globalong\",\"url\":\"https:\/\/www.vita-explorers.dk\/blog\/\",\"logo\":{\"@type\":\"ImageObject\",\"inLanguage\":\"da-DK\",\"@id\":\"https:\/\/www.vita-explorers.dk\/blog\/#\/schema\/logo\/image\/\",\"url\":\"https:\/\/www.globalong.com\/blog\/wp-content\/uploads\/2014\/11\/cropped-cropped-Logo-et-Afrique-Globalong-petite-taille-2.jpg\",\"contentUrl\":\"https:\/\/www.globalong.com\/blog\/wp-content\/uploads\/2014\/11\/cropped-cropped-Logo-et-Afrique-Globalong-petite-taille-2.jpg\",\"width\":512,\"height\":512,\"caption\":\"Association Globalong\"},\"image\":{\"@id\":\"https:\/\/www.vita-explorers.dk\/blog\/#\/schema\/logo\/image\/\"},\"sameAs\":[\"https:\/\/www.facebook.com\/globalong\"]},{\"@type\":\"Person\",\"@id\":\"https:\/\/www.vita-explorers.dk\/blog\/#\/schema\/person\/d7df267b64f23018d1dc519e78fb2735\",\"name\":\"VITA Tribe\",\"image\":{\"@type\":\"ImageObject\",\"inLanguage\":\"da-DK\",\"@id\":\"https:\/\/www.vita-explorers.dk\/blog\/#\/schema\/person\/image\/\",\"url\":\"https:\/\/secure.gravatar.com\/avatar\/81461bcc213d0ff2bdc043d4206648f0?s=96&d=mm&r=g\",\"contentUrl\":\"https:\/\/secure.gravatar.com\/avatar\/81461bcc213d0ff2bdc043d4206648f0?s=96&d=mm&r=g\",\"caption\":\"VITA Tribe\"},\"sameAs\":[\"https:\/\/www.globalong.com\"],\"url\":\"https:\/\/www.vita-explorers.dk\/blog\/author\/sophie\/\"}]}<\/script>\n<!-- \/ Yoast SEO Premium plugin. -->","yoast_head_json":{"title":"Den Internationale Uddannelsesdag - VITA Explorers Blog","robots":{"index":"index","follow":"follow","max-snippet":"max-snippet:-1","max-image-preview":"max-image-preview:large","max-video-preview":"max-video-preview:-1"},"canonical":"https:\/\/www.vita-explorers.dk\/blog\/den-internationale-uddannelsesdag\/","og_locale":"da_DK","og_type":"article","og_title":"Den Internationale Uddannelsesdag","og_description":"&#8220;Et barn, en l\u00e6rer, en bog og en blyant kan \u00e6ndre verden&#8221; Malala Yousafzai. Som internationalt symbol p\u00e5 kampen for adgang til uddannelse er\u2026","og_url":"https:\/\/www.vita-explorers.dk\/blog\/den-internationale-uddannelsesdag\/","og_site_name":"VITA Explorers Blog","article_publisher":"https:\/\/www.facebook.com\/globalong","article_published_time":"2023-01-24T16:38:58+00:00","article_modified_time":"2024-05-02T09:04:48+00:00","og_image":[{"width":1024,"height":855,"url":"https:\/\/www.vita-explorers.dk\/blog\/wp-content\/uploads\/2023\/01\/Capture-de\u0301cran-2023-01-24-a\u0300-16.57.43-1024x855.png","type":"image\/png"}],"author":"VITA Tribe","twitter_card":"summary_large_image","twitter_misc":{"Skrevet af":"VITA Tribe","Estimeret l\u00e6setid":"4 minutter"},"schema":{"@context":"https:\/\/schema.org","@graph":[{"@type":"Article","@id":"https:\/\/www.vita-explorers.dk\/blog\/den-internationale-uddannelsesdag\/#article","isPartOf":{"@id":"https:\/\/www.vita-explorers.dk\/blog\/den-internationale-uddannelsesdag\/"},"author":{"name":"VITA Tribe","@id":"https:\/\/www.vita-explorers.dk\/blog\/#\/schema\/person\/d7df267b64f23018d1dc519e78fb2735"},"headline":"Den Internationale Uddannelsesdag","datePublished":"2023-01-24T16:38:58+00:00","dateModified":"2024-05-02T09:04:48+00:00","mainEntityOfPage":{"@id":"https:\/\/www.vita-explorers.dk\/blog\/den-internationale-uddannelsesdag\/"},"wordCount":792,"commentCount":0,"publisher":{"@id":"https:\/\/www.vita-explorers.dk\/blog\/#organization"},"image":{"@id":"https:\/\/www.vita-explorers.dk\/blog\/den-internationale-uddannelsesdag\/#primaryimage"},"thumbnailUrl":"https:\/\/www.vita-explorers.dk\/blog\/wp-content\/uploads\/2023\/01\/Capture-de\u0301cran-2023-01-24-a\u0300-16.57.43.png","articleSection":["No Name","Nyheder","VITA Explorers"],"inLanguage":"da-DK","potentialAction":[{"@type":"CommentAction","name":"Comment","target":["https:\/\/www.vita-explorers.dk\/blog\/den-internationale-uddannelsesdag\/#respond"]}]},{"@type":"WebPage","@id":"https:\/\/www.vita-explorers.dk\/blog\/den-internationale-uddannelsesdag\/","url":"https:\/\/www.vita-explorers.dk\/blog\/den-internationale-uddannelsesdag\/","name":"Den Internationale Uddannelsesdag - VITA Explorers Blog","isPartOf":{"@id":"https:\/\/www.vita-explorers.dk\/blog\/#website"},"primaryImageOfPage":{"@id":"https:\/\/www.vita-explorers.dk\/blog\/den-internationale-uddannelsesdag\/#primaryimage"},"image":{"@id":"https:\/\/www.vita-explorers.dk\/blog\/den-internationale-uddannelsesdag\/#primaryimage"},"thumbnailUrl":"https:\/\/www.vita-explorers.dk\/blog\/wp-content\/uploads\/2023\/01\/Capture-de\u0301cran-2023-01-24-a\u0300-16.57.43.png","datePublished":"2023-01-24T16:38:58+00:00","dateModified":"2024-05-02T09:04:48+00:00","breadcrumb":{"@id":"https:\/\/www.vita-explorers.dk\/blog\/den-internationale-uddannelsesdag\/#breadcrumb"},"inLanguage":"da-DK","potentialAction":[{"@type":"ReadAction","target":["https:\/\/www.vita-explorers.dk\/blog\/den-internationale-uddannelsesdag\/"]}]},{"@type":"ImageObject","inLanguage":"da-DK","@id":"https:\/\/www.vita-explorers.dk\/blog\/den-internationale-uddannelsesdag\/#primaryimage","url":"https:\/\/www.vita-explorers.dk\/blog\/wp-content\/uploads\/2023\/01\/Capture-de\u0301cran-2023-01-24-a\u0300-16.57.43.png","contentUrl":"https:\/\/www.vita-explorers.dk\/blog\/wp-content\/uploads\/2023\/01\/Capture-de\u0301cran-2023-01-24-a\u0300-16.57.43.png","width":1688,"height":1410},{"@type":"BreadcrumbList","@id":"https:\/\/www.vita-explorers.dk\/blog\/den-internationale-uddannelsesdag\/#breadcrumb","itemListElement":[{"@type":"ListItem","position":1,"name":"Accueil","item":"https:\/\/www.vita-explorers.dk\/blog\/"},{"@type":"ListItem","position":2,"name":"Den Internationale Uddannelsesdag"}]},{"@type":"WebSite","@id":"https:\/\/www.vita-explorers.dk\/blog\/#website","url":"https:\/\/www.vita-explorers.dk\/blog\/","name":"Association Globalong","description":"Frivilligt arbejde, sprogophold, praktik i udlandet og internationale oplevelser","publisher":{"@id":"https:\/\/www.vita-explorers.dk\/blog\/#organization"},"potentialAction":[{"@type":"SearchAction","target":{"@type":"EntryPoint","urlTemplate":"https:\/\/www.vita-explorers.dk\/blog\/?s={search_term_string}"},"query-input":{"@type":"PropertyValueSpecification","valueRequired":true,"valueName":"search_term_string"}}],"inLanguage":"da-DK"},{"@type":"Organization","@id":"https:\/\/www.vita-explorers.dk\/blog\/#organization","name":"Association Globalong","url":"https:\/\/www.vita-explorers.dk\/blog\/","logo":{"@type":"ImageObject","inLanguage":"da-DK","@id":"https:\/\/www.vita-explorers.dk\/blog\/#\/schema\/logo\/image\/","url":"https:\/\/www.globalong.com\/blog\/wp-content\/uploads\/2014\/11\/cropped-cropped-Logo-et-Afrique-Globalong-petite-taille-2.jpg","contentUrl":"https:\/\/www.globalong.com\/blog\/wp-content\/uploads\/2014\/11\/cropped-cropped-Logo-et-Afrique-Globalong-petite-taille-2.jpg","width":512,"height":512,"caption":"Association Globalong"},"image":{"@id":"https:\/\/www.vita-explorers.dk\/blog\/#\/schema\/logo\/image\/"},"sameAs":["https:\/\/www.facebook.com\/globalong"]},{"@type":"Person","@id":"https:\/\/www.vita-explorers.dk\/blog\/#\/schema\/person\/d7df267b64f23018d1dc519e78fb2735","name":"VITA Tribe","image":{"@type":"ImageObject","inLanguage":"da-DK","@id":"https:\/\/www.vita-explorers.dk\/blog\/#\/schema\/person\/image\/","url":"https:\/\/secure.gravatar.com\/avatar\/81461bcc213d0ff2bdc043d4206648f0?s=96&d=mm&r=g","contentUrl":"https:\/\/secure.gravatar.com\/avatar\/81461bcc213d0ff2bdc043d4206648f0?s=96&d=mm&r=g","caption":"VITA Tribe"},"sameAs":["https:\/\/www.globalong.com"],"url":"https:\/\/www.vita-explorers.dk\/blog\/author\/sophie\/"}]}},"_links":{"self":[{"href":"https:\/\/www.vita-explorers.dk\/blog\/wp-json\/wp\/v2\/posts\/15119"}],"collection":[{"href":"https:\/\/www.vita-explorers.dk\/blog\/wp-json\/wp\/v2\/posts"}],"about":[{"href":"https:\/\/www.vita-explorers.dk\/blog\/wp-json\/wp\/v2\/types\/post"}],"author":[{"embeddable":true,"href":"https:\/\/www.vita-explorers.dk\/blog\/wp-json\/wp\/v2\/users\/1"}],"replies":[{"embeddable":true,"href":"https:\/\/www.vita-explorers.dk\/blog\/wp-json\/wp\/v2\/comments?post=15119"}],"version-history":[{"count":3,"href":"https:\/\/www.vita-explorers.dk\/blog\/wp-json\/wp\/v2\/posts\/15119\/revisions"}],"predecessor-version":[{"id":16429,"href":"https:\/\/www.vita-explorers.dk\/blog\/wp-json\/wp\/v2\/posts\/15119\/revisions\/16429"}],"wp:featuredmedia":[{"embeddable":true,"href":"https:\/\/www.vita-explorers.dk\/blog\/wp-json\/wp\/v2\/media\/15123"}],"wp:attachment":[{"href":"https:\/\/www.vita-explorers.dk\/blog\/wp-json\/wp\/v2\/media?parent=15119"}],"wp:term":[{"taxonomy":"category","embeddable":true,"href":"https:\/\/www.vita-explorers.dk\/blog\/wp-json\/wp\/v2\/categories?post=15119"},{"taxonomy":"post_tag","embeddable":true,"href":"https:\/\/www.vita-explorers.dk\/blog\/wp-json\/wp\/v2\/tags?post=15119"}],"curies":[{"name":"wp","href":"https:\/\/api.w.org\/{rel}","templated":true}]}}