{"id":15184,"date":"2023-02-15T17:28:56","date_gmt":"2023-02-15T16:28:56","guid":{"rendered":"https:\/\/www.globalong.com\/blog\/?p=15184"},"modified":"2025-11-12T15:57:43","modified_gmt":"2025-11-12T14:57:43","slug":"ugens-fokus-colombia","status":"publish","type":"post","link":"https:\/\/www.vita-explorers.dk\/blog\/ugens-fokus-colombia\/","title":{"rendered":"Ugens fokus: Colombia!"},"content":{"rendered":"<p class=\"p1\" style=\"text-align: justify;\"><strong>Hola alle sammen! I denne uge tager vi jer med til <a href=\"https:\/\/www.vita-explorers.dk\/blog\/humanit\u00e6rt-ophold-colombia-2026\/\" target=\"_blank\" rel=\"noopener\">Colombia<\/a>!<\/strong><\/p>\n<h1 class=\"p1\" style=\"text-align: justify;\"><span style=\"font-size: 12pt;\"><strong>Colombia ligger i Latinamerika og har b\u00e5de Stillehavet p\u00e5 den ene side og Det Caribiske Hav p\u00e5 den anden. Med over 50 millioner indbyggere er landet blandt de mest folkerige p\u00e5 kontinentet.<\/strong><\/span><\/h1>\n<h2 class=\"p1\" style=\"text-align: justify;\"><span style=\"font-size: 12pt;\"><strong>Fra hovedstaden Bogot\u00e1 til Cartagena \u2013 og via den kendte Medell\u00edn \u2013 rummer Colombias enorme geografiske sp\u00e6ndvidde en imponerende variation af landskaber. Andesbjergene, Amazonasregnskoven samt kysterne ved b\u00e5de Stillehavet og Caribien vil uden tvivl g\u00f8re indtryk.<\/strong><\/span><\/h2>\n<h3 class=\"p1\" style=\"text-align: justify;\"><span style=\"font-size: 12pt;\"><strong>Med en st\u00e6rk kulturarv rummer landet ogs\u00e5 en betydelig f\u00f8rcolumbiansk historie \u2013 med spor fra Chibcha-civilisationen og historiske steder som San Agust\u00edn og Ciudad Perdida.<\/strong><\/span><\/h3>\n<h4 class=\"p1\" style=\"text-align: justify;\"><span style=\"font-size: 12pt;\"><strong>Samtidig har Colombia v\u00e6ret pr\u00e6get af \u00e5rtier med v\u00e6bnede konflikter. Selvom situationen er blevet bedre de seneste \u00e5r, er der fortsat mange udfordringer, n\u00e5r det g\u00e6lder bedre levevilk\u00e5r for de befolkningsgrupper, der er h\u00e5rdest ramt.<\/strong><\/span><\/h4>\n<h5 class=\"p1\" style=\"text-align: justify;\"><span style=\"font-size: 12pt;\"><strong>Konflikterne har f\u00e5et mennesker i nogle regioner til at forlade deres hjem og starte forfra andre steder. Det har skabt marginaliserede lokalsamfund, som lever under meget vanskelige forhold og ofte st\u00e5r uden for den \u00f8konomiske og sociale udvikling.<\/strong><\/span><\/h5>\n<h6 class=\"p1\" style=\"text-align: justify;\"><span style=\"font-size: 12pt;\"><strong>For at styrke lokalsamfundenes muligheder for at h\u00e5ndtere de udfordringer, de st\u00e5r overfor, er VITA engageret i fem humanit\u00e6re programmer.<\/strong><\/span><\/h6>\n<p class=\"p1\" style=\"text-align: justify;\"><strong>Som deltager kan du for eksempel engagere dig i et <span style=\"text-decoration: underline;\"><a href=\"https:\/\/www.vita-explorers.dk\/frivilligt-arbejde\/colombia-frivilligt-arbejde-internationalt-vita-erfaringer-service\/frivilligt-arbejde-colombia-undervisning-engelsk-anmeldelser-vita-solidaritet.html\" target=\"_blank\" rel=\"noopener\">undervisningsforl\u00f8b<\/a><\/span> \u2013 enten p\u00e5 en landsbyskole med 260 b\u00f8rn eller p\u00e5 en skole med cirka 2.000 elever i den n\u00e6rliggende by. Du f\u00e5r mulighed for at st\u00f8tte l\u00e6rerne, undervise eleverne i engelsk og samtidig s\u00e6tte aktiviteter i gang \u2013 kreative, sportslige eller kulturelle. Deltagere p\u00e5 undervisningsforl\u00f8b bliver ogs\u00e5 inviteret til at facilitere oplysningsworkshops om emner, der ber\u00f8rer mange i udsatte lokalsamfund. Det kan for eksempel handle om misbrug, tidlige graviditeter, vold mod b\u00f8rn eller milj\u00f8beskyttelse.<\/strong><\/p>\n<p class=\"p1\" style=\"text-align: justify;\"><strong>Du kan ogs\u00e5 s<span style=\"text-decoration: underline;\"><a href=\"https:\/\/www.vita-explorers.dk\/frivilligt-arbejde\/colombia-frivilligt-arbejde-internationalt-vita-erfaringer-service\/forening-ngo-frivilligt-arbejde-socialt-colombia-boern-aktiviteter.html\" target=\"_blank\" rel=\"noopener\">tage del i det sociale arbejde ved at indg\u00e5 i et ungdomshus<\/a><\/span> \u2013 ogs\u00e5 i et landomr\u00e5de. Form\u00e5let er at st\u00f8tte unge colombianeres personlige udvikling og trivsel gennem sportslige og kreative aktiviteter uden for skoletiden.<\/strong><\/p>\n<p class=\"p1\" style=\"text-align: justify;\"><strong>Der er ogs\u00e5 mulighed for at <a href=\"https:\/\/www.vita-explorers.dk\/frivilligt-arbejde\/colombia-frivilligt-arbejde-internationalt-vita-erfaringer-service\/frivilligt-arbejde-colombia-ungecenter-og-handicap-erfaringer-vita-solidaritet.html\" target=\"_blank\" rel=\"noopener\"><span style=\"text-decoration: underline;\">indg\u00e5 i et tilbud for b\u00f8rn med handicap<\/span><\/a>. I Colombia bliver personer med handicap ofte taget h\u00e5nd om af for\u00e6ldre eller familie frem for af offentlige tilbud. Kendskabet til deres reelle behov er begr\u00e6nset, og p\u00e5 trods af det lokale teams indsats mangler centret stadig h\u00e6nder. Derudover har ikke alle medarbejdere en relevant uddannelse. Centret har derfor stort behov for st\u00f8tte \u2013 og her g\u00f8r deltagere en reel forskel.<\/strong><\/p>\n<p class=\"p1\" style=\"text-align: justify;\"><strong>Derudover kan du \u2013 afh\u00e6ngigt af dine kompetencer \u2013 ogs\u00e5 engagere dig som <a href=\"https:\/\/www.vita-explorers.dk\/frivilligt-arbejde\/colombia-frivilligt-arbejde-internationalt-vita-erfaringer-service\/frivilligt-arbejde-colombia-plejehjem-erfaringer-vita-faellesskab.html\" target=\"_blank\" rel=\"noopener\">international deltager i <span style=\"text-decoration: underline;\">et<\/span> plejehjem<\/a>, hvor du kan bidrage til socialt samv\u00e6r med beboerne eller st\u00f8tte i det daglige omsorgsarbejde. De fleste \u00e6ldre p\u00e5 plejehjemmet har ingen andre boligmuligheder og har ikke familie. Her f\u00e5r de et trygt sted at bo, m\u00e5ltider, t\u00f8j samt mulighed for l\u00e6gebehandling og terapiforl\u00f8b.<\/strong><\/p>\n<p class=\"p1\" style=\"text-align: justify;\"><strong>Til sidst \u2013 og stadig med fokus p\u00e5 at styrke lokalsamfundenes udvikling og forbedre levevilk\u00e5r \u2013 kan deltagere indg\u00e5 i et <a href=\"https:\/\/www.vita-explorers.dk\/frivilligt-arbejde\/colombia-frivilligt-arbejde-internationalt-vita-erfaringer-service\/ecovolontariat-solidarisk-landbrug-i-udlandet-.html\" target=\"_blank\" rel=\"noopener\"><span style=\"text-decoration: underline;\">\u00f8ko-forl\u00f8b p\u00e5 en kaffe- og sukkerr\u00f8rsplantage<\/span><\/a>. Siden 1930\u2019erne har landet v\u00e6ret verdens n\u00e6stst\u00f8rste eksport\u00f8r af kaffe efter Brasilien. I dag har lokale producenter sv\u00e6rt ved at finde arbejdskraft til markerne, hvilket kan f\u00f8re til store tab og \u00f8gede leveomkostninger.<\/strong><\/p>\n<p class=\"p1\" style=\"text-align: justify;\"><strong>Disse internationale forl\u00f8b foreg\u00e5r i en lille landsby cirka to timers k\u00f8rsel vest for hovedstaden. Deltagere, der skal p\u00e5 ophold i Colombia, bliver modtaget i Bogot\u00e1 internationale lufthavn og k\u00f8rt videre til projektstederne.<\/strong><\/p>\n<p class=\"p1\" style=\"text-align: justify;\"><strong>Mulighederne for at bidrage i Colombia er alts\u00e5 mange \u2013 s\u00e5 hvis du, ligesom <span style=\"text-decoration: underline;\"><a href=\"https:\/\/www.facebook.com\/globalong\/posts\/190316453318674\" target=\"_blank\" rel=\"noopener\">Lamia, som for nylig har engageret sig i Colombia<\/a><\/span>, har lyst til at v\u00e6re med, er du velkommen til at skrive til os p\u00e5 <span style=\"text-decoration: underline;\"><a href=\"mailto:info@globalong.com\"><span class=\"s1\">info@globalong.com<\/span><\/a><span class=\"s2\">.<\/span><\/span><\/strong><\/p>\n<p class=\"p1\" style=\"text-align: justify;\"><strong>Indtil du er klar til at tage afsted, kan du <a href=\"https:\/\/www.flickr.com\/photos\/globalong\/sets\/72157667672689909\/\"><span style=\"text-decoration: underline;\">se nogle billeder fra vores programmer i Colombia<\/span><\/a>! Hasta luego i Colombia!<\/strong><\/p>\n","protected":false},"excerpt":{"rendered":"<p>Hola alle sammen! I denne uge tager vi jer med til Colombia! Colombia ligger i Latinamerika og har b\u00e5de Stillehavet p\u00e5 den ene side\u2026<\/p>\n","protected":false},"author":1,"featured_media":15185,"comment_status":"open","ping_status":"open","sticky":false,"template":"","format":"standard","meta":{"footnotes":""},"categories":[470,1,6,4],"tags":[],"yoast_head":"<!-- This site is optimized with the Yoast SEO Premium plugin v23.4 (Yoast SEO v23.4) - https:\/\/yoast.com\/wordpress\/plugins\/seo\/ -->\n<title>Colombia: Frivilligt engagement og social impact i 2026 - VITA Explorers Blog<\/title>\n<meta name=\"description\" content=\"D\u00e9couvrez les opportunit\u00e9s uniques en Colombie en tant que volontaire dans des programmes d\u2019enseignement et d\u2019engagement communautaire.\" \/>\n<meta name=\"robots\" content=\"index, follow, max-snippet:-1, max-image-preview:large, max-video-preview:-1\" \/>\n<link rel=\"canonical\" href=\"https:\/\/www.vita-explorers.dk\/blog\/ugens-fokus-colombia\/\" \/>\n<meta property=\"og:locale\" content=\"da_DK\" \/>\n<meta property=\"og:type\" content=\"article\" \/>\n<meta property=\"og:title\" content=\"Ugens fokus: Colombia!\" \/>\n<meta property=\"og:description\" content=\"D\u00e9couvrez les opportunit\u00e9s uniques en Colombie en tant que volontaire dans des programmes d\u2019enseignement et d\u2019engagement communautaire.\" \/>\n<meta property=\"og:url\" content=\"https:\/\/www.vita-explorers.dk\/blog\/ugens-fokus-colombia\/\" \/>\n<meta property=\"og:site_name\" content=\"VITA Explorers Blog\" \/>\n<meta property=\"article:publisher\" content=\"https:\/\/www.facebook.com\/globalong\" \/>\n<meta property=\"article:published_time\" content=\"2023-02-15T16:28:56+00:00\" \/>\n<meta property=\"article:modified_time\" content=\"2025-11-12T14:57:43+00:00\" \/>\n<meta property=\"og:image\" content=\"https:\/\/www.vita-explorers.dk\/blog\/wp-content\/uploads\/2023\/02\/Colombie-avce-Globalong.jpeg\" \/>\n\t<meta property=\"og:image:width\" content=\"1024\" \/>\n\t<meta property=\"og:image:height\" content=\"769\" \/>\n\t<meta property=\"og:image:type\" content=\"image\/jpeg\" \/>\n<meta name=\"author\" content=\"VITA Tribe\" \/>\n<meta name=\"twitter:card\" content=\"summary_large_image\" \/>\n<meta name=\"twitter:label1\" content=\"Skrevet af\" \/>\n\t<meta name=\"twitter:data1\" content=\"VITA Tribe\" \/>\n\t<meta name=\"twitter:label2\" content=\"Estimeret l\u00e6setid\" \/>\n\t<meta name=\"twitter:data2\" content=\"4 minutter\" \/>\n<script type=\"application\/ld+json\" class=\"yoast-schema-graph\">{\"@context\":\"https:\/\/schema.org\",\"@graph\":[{\"@type\":\"Article\",\"@id\":\"https:\/\/www.vita-explorers.dk\/blog\/ugens-fokus-colombia\/#article\",\"isPartOf\":{\"@id\":\"https:\/\/www.vita-explorers.dk\/blog\/ugens-fokus-colombia\/\"},\"author\":{\"name\":\"VITA Tribe\",\"@id\":\"https:\/\/www.vita-explorers.dk\/blog\/#\/schema\/person\/d7df267b64f23018d1dc519e78fb2735\"},\"headline\":\"Ugens fokus: Colombia!\",\"datePublished\":\"2023-02-15T16:28:56+00:00\",\"dateModified\":\"2025-11-12T14:57:43+00:00\",\"mainEntityOfPage\":{\"@id\":\"https:\/\/www.vita-explorers.dk\/blog\/ugens-fokus-colombia\/\"},\"wordCount\":666,\"commentCount\":0,\"publisher\":{\"@id\":\"https:\/\/www.vita-explorers.dk\/blog\/#organization\"},\"image\":{\"@id\":\"https:\/\/www.vita-explorers.dk\/blog\/ugens-fokus-colombia\/#primaryimage\"},\"thumbnailUrl\":\"https:\/\/www.vita-explorers.dk\/blog\/wp-content\/uploads\/2023\/02\/Colombie-avce-Globalong.jpeg\",\"articleSection\":[\"Natur- og milj\u00f8frivilligt arbejde\",\"No Name\",\"Nyheder\",\"VITA Explorers\"],\"inLanguage\":\"da-DK\",\"potentialAction\":[{\"@type\":\"CommentAction\",\"name\":\"Comment\",\"target\":[\"https:\/\/www.vita-explorers.dk\/blog\/ugens-fokus-colombia\/#respond\"]}]},{\"@type\":\"WebPage\",\"@id\":\"https:\/\/www.vita-explorers.dk\/blog\/ugens-fokus-colombia\/\",\"url\":\"https:\/\/www.vita-explorers.dk\/blog\/ugens-fokus-colombia\/\",\"name\":\"Colombia: Frivilligt engagement og social impact i 2026 - VITA Explorers Blog\",\"isPartOf\":{\"@id\":\"https:\/\/www.vita-explorers.dk\/blog\/#website\"},\"primaryImageOfPage\":{\"@id\":\"https:\/\/www.vita-explorers.dk\/blog\/ugens-fokus-colombia\/#primaryimage\"},\"image\":{\"@id\":\"https:\/\/www.vita-explorers.dk\/blog\/ugens-fokus-colombia\/#primaryimage\"},\"thumbnailUrl\":\"https:\/\/www.vita-explorers.dk\/blog\/wp-content\/uploads\/2023\/02\/Colombie-avce-Globalong.jpeg\",\"datePublished\":\"2023-02-15T16:28:56+00:00\",\"dateModified\":\"2025-11-12T14:57:43+00:00\",\"description\":\"D\u00e9couvrez les opportunit\u00e9s uniques en Colombie en tant que volontaire dans des programmes d\u2019enseignement et d\u2019engagement communautaire.\",\"breadcrumb\":{\"@id\":\"https:\/\/www.vita-explorers.dk\/blog\/ugens-fokus-colombia\/#breadcrumb\"},\"inLanguage\":\"da-DK\",\"potentialAction\":[{\"@type\":\"ReadAction\",\"target\":[\"https:\/\/www.vita-explorers.dk\/blog\/ugens-fokus-colombia\/\"]}]},{\"@type\":\"ImageObject\",\"inLanguage\":\"da-DK\",\"@id\":\"https:\/\/www.vita-explorers.dk\/blog\/ugens-fokus-colombia\/#primaryimage\",\"url\":\"https:\/\/www.vita-explorers.dk\/blog\/wp-content\/uploads\/2023\/02\/Colombie-avce-Globalong.jpeg\",\"contentUrl\":\"https:\/\/www.vita-explorers.dk\/blog\/wp-content\/uploads\/2023\/02\/Colombie-avce-Globalong.jpeg\",\"width\":1024,\"height\":769,\"caption\":\"Projet humanitaire \u00e0 la Mesa en Colombie\"},{\"@type\":\"BreadcrumbList\",\"@id\":\"https:\/\/www.vita-explorers.dk\/blog\/ugens-fokus-colombia\/#breadcrumb\",\"itemListElement\":[{\"@type\":\"ListItem\",\"position\":1,\"name\":\"Accueil\",\"item\":\"https:\/\/www.vita-explorers.dk\/blog\/\"},{\"@type\":\"ListItem\",\"position\":2,\"name\":\"Ugens fokus: Colombia!\"}]},{\"@type\":\"WebSite\",\"@id\":\"https:\/\/www.vita-explorers.dk\/blog\/#website\",\"url\":\"https:\/\/www.vita-explorers.dk\/blog\/\",\"name\":\"Association Globalong\",\"description\":\"Frivilligt arbejde, sprogophold, praktik i udlandet og internationale oplevelser\",\"publisher\":{\"@id\":\"https:\/\/www.vita-explorers.dk\/blog\/#organization\"},\"potentialAction\":[{\"@type\":\"SearchAction\",\"target\":{\"@type\":\"EntryPoint\",\"urlTemplate\":\"https:\/\/www.vita-explorers.dk\/blog\/?s={search_term_string}\"},\"query-input\":{\"@type\":\"PropertyValueSpecification\",\"valueRequired\":true,\"valueName\":\"search_term_string\"}}],\"inLanguage\":\"da-DK\"},{\"@type\":\"Organization\",\"@id\":\"https:\/\/www.vita-explorers.dk\/blog\/#organization\",\"name\":\"Association Globalong\",\"url\":\"https:\/\/www.vita-explorers.dk\/blog\/\",\"logo\":{\"@type\":\"ImageObject\",\"inLanguage\":\"da-DK\",\"@id\":\"https:\/\/www.vita-explorers.dk\/blog\/#\/schema\/logo\/image\/\",\"url\":\"https:\/\/www.globalong.com\/blog\/wp-content\/uploads\/2014\/11\/cropped-cropped-Logo-et-Afrique-Globalong-petite-taille-2.jpg\",\"contentUrl\":\"https:\/\/www.globalong.com\/blog\/wp-content\/uploads\/2014\/11\/cropped-cropped-Logo-et-Afrique-Globalong-petite-taille-2.jpg\",\"width\":512,\"height\":512,\"caption\":\"Association Globalong\"},\"image\":{\"@id\":\"https:\/\/www.vita-explorers.dk\/blog\/#\/schema\/logo\/image\/\"},\"sameAs\":[\"https:\/\/www.facebook.com\/globalong\"]},{\"@type\":\"Person\",\"@id\":\"https:\/\/www.vita-explorers.dk\/blog\/#\/schema\/person\/d7df267b64f23018d1dc519e78fb2735\",\"name\":\"VITA Tribe\",\"image\":{\"@type\":\"ImageObject\",\"inLanguage\":\"da-DK\",\"@id\":\"https:\/\/www.vita-explorers.dk\/blog\/#\/schema\/person\/image\/\",\"url\":\"https:\/\/secure.gravatar.com\/avatar\/81461bcc213d0ff2bdc043d4206648f0?s=96&d=mm&r=g\",\"contentUrl\":\"https:\/\/secure.gravatar.com\/avatar\/81461bcc213d0ff2bdc043d4206648f0?s=96&d=mm&r=g\",\"caption\":\"VITA Tribe\"},\"sameAs\":[\"https:\/\/www.globalong.com\"],\"url\":\"https:\/\/www.vita-explorers.dk\/blog\/author\/sophie\/\"}]}<\/script>\n<!-- \/ Yoast SEO Premium plugin. -->","yoast_head_json":{"title":"Colombia: Frivilligt engagement og social impact i 2026 - VITA Explorers Blog","description":"D\u00e9couvrez les opportunit\u00e9s uniques en Colombie en tant que volontaire dans des programmes d\u2019enseignement et d\u2019engagement communautaire.","robots":{"index":"index","follow":"follow","max-snippet":"max-snippet:-1","max-image-preview":"max-image-preview:large","max-video-preview":"max-video-preview:-1"},"canonical":"https:\/\/www.vita-explorers.dk\/blog\/ugens-fokus-colombia\/","og_locale":"da_DK","og_type":"article","og_title":"Ugens fokus: Colombia!","og_description":"D\u00e9couvrez les opportunit\u00e9s uniques en Colombie en tant que volontaire dans des programmes d\u2019enseignement et d\u2019engagement communautaire.","og_url":"https:\/\/www.vita-explorers.dk\/blog\/ugens-fokus-colombia\/","og_site_name":"VITA Explorers Blog","article_publisher":"https:\/\/www.facebook.com\/globalong","article_published_time":"2023-02-15T16:28:56+00:00","article_modified_time":"2025-11-12T14:57:43+00:00","og_image":[{"width":1024,"height":769,"url":"https:\/\/www.vita-explorers.dk\/blog\/wp-content\/uploads\/2023\/02\/Colombie-avce-Globalong.jpeg","type":"image\/jpeg"}],"author":"VITA Tribe","twitter_card":"summary_large_image","twitter_misc":{"Skrevet af":"VITA Tribe","Estimeret l\u00e6setid":"4 minutter"},"schema":{"@context":"https:\/\/schema.org","@graph":[{"@type":"Article","@id":"https:\/\/www.vita-explorers.dk\/blog\/ugens-fokus-colombia\/#article","isPartOf":{"@id":"https:\/\/www.vita-explorers.dk\/blog\/ugens-fokus-colombia\/"},"author":{"name":"VITA Tribe","@id":"https:\/\/www.vita-explorers.dk\/blog\/#\/schema\/person\/d7df267b64f23018d1dc519e78fb2735"},"headline":"Ugens fokus: Colombia!","datePublished":"2023-02-15T16:28:56+00:00","dateModified":"2025-11-12T14:57:43+00:00","mainEntityOfPage":{"@id":"https:\/\/www.vita-explorers.dk\/blog\/ugens-fokus-colombia\/"},"wordCount":666,"commentCount":0,"publisher":{"@id":"https:\/\/www.vita-explorers.dk\/blog\/#organization"},"image":{"@id":"https:\/\/www.vita-explorers.dk\/blog\/ugens-fokus-colombia\/#primaryimage"},"thumbnailUrl":"https:\/\/www.vita-explorers.dk\/blog\/wp-content\/uploads\/2023\/02\/Colombie-avce-Globalong.jpeg","articleSection":["Natur- og milj\u00f8frivilligt arbejde","No Name","Nyheder","VITA Explorers"],"inLanguage":"da-DK","potentialAction":[{"@type":"CommentAction","name":"Comment","target":["https:\/\/www.vita-explorers.dk\/blog\/ugens-fokus-colombia\/#respond"]}]},{"@type":"WebPage","@id":"https:\/\/www.vita-explorers.dk\/blog\/ugens-fokus-colombia\/","url":"https:\/\/www.vita-explorers.dk\/blog\/ugens-fokus-colombia\/","name":"Colombia: Frivilligt engagement og social impact i 2026 - VITA Explorers Blog","isPartOf":{"@id":"https:\/\/www.vita-explorers.dk\/blog\/#website"},"primaryImageOfPage":{"@id":"https:\/\/www.vita-explorers.dk\/blog\/ugens-fokus-colombia\/#primaryimage"},"image":{"@id":"https:\/\/www.vita-explorers.dk\/blog\/ugens-fokus-colombia\/#primaryimage"},"thumbnailUrl":"https:\/\/www.vita-explorers.dk\/blog\/wp-content\/uploads\/2023\/02\/Colombie-avce-Globalong.jpeg","datePublished":"2023-02-15T16:28:56+00:00","dateModified":"2025-11-12T14:57:43+00:00","description":"D\u00e9couvrez les opportunit\u00e9s uniques en Colombie en tant que volontaire dans des programmes d\u2019enseignement et d\u2019engagement communautaire.","breadcrumb":{"@id":"https:\/\/www.vita-explorers.dk\/blog\/ugens-fokus-colombia\/#breadcrumb"},"inLanguage":"da-DK","potentialAction":[{"@type":"ReadAction","target":["https:\/\/www.vita-explorers.dk\/blog\/ugens-fokus-colombia\/"]}]},{"@type":"ImageObject","inLanguage":"da-DK","@id":"https:\/\/www.vita-explorers.dk\/blog\/ugens-fokus-colombia\/#primaryimage","url":"https:\/\/www.vita-explorers.dk\/blog\/wp-content\/uploads\/2023\/02\/Colombie-avce-Globalong.jpeg","contentUrl":"https:\/\/www.vita-explorers.dk\/blog\/wp-content\/uploads\/2023\/02\/Colombie-avce-Globalong.jpeg","width":1024,"height":769,"caption":"Projet humanitaire \u00e0 la Mesa en Colombie"},{"@type":"BreadcrumbList","@id":"https:\/\/www.vita-explorers.dk\/blog\/ugens-fokus-colombia\/#breadcrumb","itemListElement":[{"@type":"ListItem","position":1,"name":"Accueil","item":"https:\/\/www.vita-explorers.dk\/blog\/"},{"@type":"ListItem","position":2,"name":"Ugens fokus: Colombia!"}]},{"@type":"WebSite","@id":"https:\/\/www.vita-explorers.dk\/blog\/#website","url":"https:\/\/www.vita-explorers.dk\/blog\/","name":"Association Globalong","description":"Frivilligt arbejde, sprogophold, praktik i udlandet og internationale oplevelser","publisher":{"@id":"https:\/\/www.vita-explorers.dk\/blog\/#organization"},"potentialAction":[{"@type":"SearchAction","target":{"@type":"EntryPoint","urlTemplate":"https:\/\/www.vita-explorers.dk\/blog\/?s={search_term_string}"},"query-input":{"@type":"PropertyValueSpecification","valueRequired":true,"valueName":"search_term_string"}}],"inLanguage":"da-DK"},{"@type":"Organization","@id":"https:\/\/www.vita-explorers.dk\/blog\/#organization","name":"Association Globalong","url":"https:\/\/www.vita-explorers.dk\/blog\/","logo":{"@type":"ImageObject","inLanguage":"da-DK","@id":"https:\/\/www.vita-explorers.dk\/blog\/#\/schema\/logo\/image\/","url":"https:\/\/www.globalong.com\/blog\/wp-content\/uploads\/2014\/11\/cropped-cropped-Logo-et-Afrique-Globalong-petite-taille-2.jpg","contentUrl":"https:\/\/www.globalong.com\/blog\/wp-content\/uploads\/2014\/11\/cropped-cropped-Logo-et-Afrique-Globalong-petite-taille-2.jpg","width":512,"height":512,"caption":"Association Globalong"},"image":{"@id":"https:\/\/www.vita-explorers.dk\/blog\/#\/schema\/logo\/image\/"},"sameAs":["https:\/\/www.facebook.com\/globalong"]},{"@type":"Person","@id":"https:\/\/www.vita-explorers.dk\/blog\/#\/schema\/person\/d7df267b64f23018d1dc519e78fb2735","name":"VITA Tribe","image":{"@type":"ImageObject","inLanguage":"da-DK","@id":"https:\/\/www.vita-explorers.dk\/blog\/#\/schema\/person\/image\/","url":"https:\/\/secure.gravatar.com\/avatar\/81461bcc213d0ff2bdc043d4206648f0?s=96&d=mm&r=g","contentUrl":"https:\/\/secure.gravatar.com\/avatar\/81461bcc213d0ff2bdc043d4206648f0?s=96&d=mm&r=g","caption":"VITA Tribe"},"sameAs":["https:\/\/www.globalong.com"],"url":"https:\/\/www.vita-explorers.dk\/blog\/author\/sophie\/"}]}},"_links":{"self":[{"href":"https:\/\/www.vita-explorers.dk\/blog\/wp-json\/wp\/v2\/posts\/15184"}],"collection":[{"href":"https:\/\/www.vita-explorers.dk\/blog\/wp-json\/wp\/v2\/posts"}],"about":[{"href":"https:\/\/www.vita-explorers.dk\/blog\/wp-json\/wp\/v2\/types\/post"}],"author":[{"embeddable":true,"href":"https:\/\/www.vita-explorers.dk\/blog\/wp-json\/wp\/v2\/users\/1"}],"replies":[{"embeddable":true,"href":"https:\/\/www.vita-explorers.dk\/blog\/wp-json\/wp\/v2\/comments?post=15184"}],"version-history":[{"count":4,"href":"https:\/\/www.vita-explorers.dk\/blog\/wp-json\/wp\/v2\/posts\/15184\/revisions"}],"predecessor-version":[{"id":22487,"href":"https:\/\/www.vita-explorers.dk\/blog\/wp-json\/wp\/v2\/posts\/15184\/revisions\/22487"}],"wp:featuredmedia":[{"embeddable":true,"href":"https:\/\/www.vita-explorers.dk\/blog\/wp-json\/wp\/v2\/media\/15185"}],"wp:attachment":[{"href":"https:\/\/www.vita-explorers.dk\/blog\/wp-json\/wp\/v2\/media?parent=15184"}],"wp:term":[{"taxonomy":"category","embeddable":true,"href":"https:\/\/www.vita-explorers.dk\/blog\/wp-json\/wp\/v2\/categories?post=15184"},{"taxonomy":"post_tag","embeddable":true,"href":"https:\/\/www.vita-explorers.dk\/blog\/wp-json\/wp\/v2\/tags?post=15184"}],"curies":[{"name":"wp","href":"https:\/\/api.w.org\/{rel}","templated":true}]}}