{"id":15206,"date":"2023-02-23T11:40:10","date_gmt":"2023-02-23T10:40:10","guid":{"rendered":"https:\/\/www.globalong.com\/blog\/?p=15206"},"modified":"2024-11-29T16:58:35","modified_gmt":"2024-11-29T15:58:35","slug":"ugens-fokus-frivilligt-arbejde-i-et-center-for-voksne-med-psykisk-og-eller-fysisk-handicap-i-sri-lanka","status":"publish","type":"post","link":"https:\/\/www.vita-explorers.dk\/blog\/ugens-fokus-frivilligt-arbejde-i-et-center-for-voksne-med-psykisk-og-eller-fysisk-handicap-i-sri-lanka\/","title":{"rendered":"Ugens fokus: Humanit\u00e6rt forl\u00f8b p\u00e5 et center for voksne med psykisk og\/eller fysisk handicap i Sri Lanka!"},"content":{"rendered":"<h1 class=\"p1\" style=\"text-align: justify;\"><span style=\"font-size: 12pt;\"><strong>Denne uge<\/strong> tager vi jer med til <span style=\"text-decoration: underline;\"><a href=\"https:\/\/www.vita-explorers.dk\/frivilligt-arbejde\/sri-lanka.html\" target=\"_blank\" rel=\"noopener\"><strong>Sri Lanka<\/strong><\/a><\/span> \u2013 og helt pr\u00e6cist til <strong>byen Galle<\/strong>!<\/span><\/h1>\n<h2 class=\"p1\" style=\"text-align: justify;\"><span style=\"font-size: 12pt;\">Galle ligger p\u00e5 \u00f8ens sydvestkyst og har mere end 90.000 indbyggere. Her er der god plads til ro og afslapning med smukke strande og en behagelig, afslappet livsrytme. Byens arkitektur b\u00e6rer et tydeligt europ\u00e6isk pr\u00e6g efter perioder med portugisisk og hollandsk tilstedev\u00e6relse p\u00e5 \u00f8en.<\/span><\/h2>\n<h3 class=\"p1\" style=\"text-align: justify;\"><span style=\"font-size: 12pt;\">Den 26. december 2004 <strong>ramte en katastrofal tsunami Sri Lankas kyster<\/strong>. Det kostede <strong>tusindvis af mennesker livet<\/strong> og medf\u00f8rte <strong>store \u00f8del\u00e6ggelser i mange kystsamfund<\/strong> \u2013 blandt andet i Galle, Matara, Hambantota og Trincomalee. Fiskerb\u00e5de og huse blev skyllet v\u00e6k, og veje samt infrastruktur blev alvorligt beskadiget.<\/span><\/h3>\n<p><a href=\"https:\/\/www.vita-explorers.dk\/blog\/wp-content\/uploads\/2023\/02\/Sophie-et-Lily-au-Sri-Lanka.png\" target=\"_blank\" rel=\"noopener\"><img loading=\"lazy\" decoding=\"async\" class=\"alignnone wp-image-15210 size-full\" src=\"https:\/\/www.vita-explorers.dk\/blog\/wp-content\/uploads\/2023\/02\/Sophie-et-Lily-au-Sri-Lanka.png\" alt=\"Humanit\u00e6rt forl\u00f8b i et center for voksne med handicap \" width=\"2304\" height=\"954\" srcset=\"https:\/\/www.vita-explorers.dk\/blog\/wp-content\/uploads\/2023\/02\/Sophie-et-Lily-au-Sri-Lanka.png 2304w, https:\/\/www.vita-explorers.dk\/blog\/wp-content\/uploads\/2023\/02\/Sophie-et-Lily-au-Sri-Lanka-300x124.png 300w, https:\/\/www.vita-explorers.dk\/blog\/wp-content\/uploads\/2023\/02\/Sophie-et-Lily-au-Sri-Lanka-1024x424.png 1024w, https:\/\/www.vita-explorers.dk\/blog\/wp-content\/uploads\/2023\/02\/Sophie-et-Lily-au-Sri-Lanka-768x318.png 768w, https:\/\/www.vita-explorers.dk\/blog\/wp-content\/uploads\/2023\/02\/Sophie-et-Lily-au-Sri-Lanka-1536x636.png 1536w, https:\/\/www.vita-explorers.dk\/blog\/wp-content\/uploads\/2023\/02\/Sophie-et-Lily-au-Sri-Lanka-2048x848.png 2048w\" sizes=\"(max-width: 2304px) 100vw, 2304px\" \/><\/a><\/p>\n<h4 class=\"p1\" style=\"text-align: justify;\"><span style=\"font-size: 12pt;\"><strong>Det <a href=\"https:\/\/www.vita-explorers.dk\/blog\/frivilligt-arbejde-for-personer-med-handicap\/\" target=\"_blank\" rel=\"noopener\">center for voksne med handicap<\/a><\/strong>, hvor du kan engagere dig som deltager, blev h\u00e5rdt ramt af tsunamien og er <strong>aldrig blevet fuldt genopbygget<\/strong>. Bygningerne, som blev delvist \u00f8delagt, er blevet renoveret, <strong>men der er stadig behov for flere forbedringer.<\/strong><\/span><\/h4>\n<h5 class=\"p1\" style=\"text-align: justify;\"><span style=\"font-size: 12pt;\">Under tsunamien i 2004 <strong>mistede 38 beboere livet, og 10 er stadig meldt savnet<\/strong>. <strong>Myndighederne havde planlagt at flytte centret l\u00e6ngere v\u00e6k fra kysten, men projektet blev opgivet p\u00e5 grund af manglende ressourcer.<\/strong><\/span><\/h5>\n<p class=\"p1\" style=\"text-align: justify;\">I mere traditionelle samfund, som i Sri Lanka, <strong>bliver handicap ofte opfattet som en straf fra guderne over familien<\/strong>. Skam og afmagt kan betyde, at lokale familier <strong>efterlader deres n\u00e6rmeste p\u00e5 institutionen<\/strong>, og mange beboere ser aldrig deres familie. <strong>Den diskrimination, som mennesker med handicap m\u00f8der i Sri Lanka, er b\u00e5de social og strukturel<\/strong> og kan begr\u00e6nse adgangen til uddannelse, arbejde, sundhed og andre vigtige tilbud. Sk\u00f8n peger p\u00e5, at <strong>omkring 8 % af befolkningen<\/strong> i Sri Lanka lever med et handicap, og mange m\u00f8der barrierer for at kunne leve et selvst\u00e6ndigt og aktivt liv.<\/p>\n<p class=\"p1\" style=\"text-align: justify;\"><strong>Adgang til sundhed<\/strong> er ogs\u00e5 en udfordring for mennesker med handicap. <strong>Sundhedsydelser kan v\u00e6re dyre, og mange behandlingssteder er ikke indrettet til at kunne m\u00f8de patienter med handicap.<\/strong><\/p>\n<p><a href=\"https:\/\/www.vita-explorers.dk\/blog\/wp-content\/uploads\/2023\/02\/Centre-pour-personnes-en-situation-de-handicap-.png\" target=\"_blank\" rel=\"noopener\"><img loading=\"lazy\" decoding=\"async\" class=\"alignnone wp-image-15209 size-full\" src=\"https:\/\/www.vita-explorers.dk\/blog\/wp-content\/uploads\/2023\/02\/Centre-pour-personnes-en-situation-de-handicap-.png\" alt=\"Humanit\u00e6rt forl\u00f8b i et center for voksne med handicap \" width=\"2408\" height=\"954\" srcset=\"https:\/\/www.vita-explorers.dk\/blog\/wp-content\/uploads\/2023\/02\/Centre-pour-personnes-en-situation-de-handicap-.png 2408w, https:\/\/www.vita-explorers.dk\/blog\/wp-content\/uploads\/2023\/02\/Centre-pour-personnes-en-situation-de-handicap--300x119.png 300w, https:\/\/www.vita-explorers.dk\/blog\/wp-content\/uploads\/2023\/02\/Centre-pour-personnes-en-situation-de-handicap--1024x406.png 1024w, https:\/\/www.vita-explorers.dk\/blog\/wp-content\/uploads\/2023\/02\/Centre-pour-personnes-en-situation-de-handicap--768x304.png 768w, https:\/\/www.vita-explorers.dk\/blog\/wp-content\/uploads\/2023\/02\/Centre-pour-personnes-en-situation-de-handicap--1536x609.png 1536w, https:\/\/www.vita-explorers.dk\/blog\/wp-content\/uploads\/2023\/02\/Centre-pour-personnes-en-situation-de-handicap--2048x811.png 2048w\" sizes=\"(max-width: 2408px) 100vw, 2408px\" \/><\/a><\/p>\n<p class=\"p1\" style=\"text-align: justify;\">P\u00e5 centret er der <strong>kun tre personer til at tage sig af omkring 50 beboere<\/strong> \u2013 alle med fysiske og\/eller mentale handicap, psykomotoriske udfordringer eller behov for k\u00f8restol. <strong>Det betyder i praksis, at de beboere, der er mindst p\u00e5virkede, ofte kommer til at hj\u00e6lpe dem, der er mest p\u00e5virkede\u2026<\/strong> Derfor er <strong>deltagernes st\u00f8tte helt afg\u00f8rende<\/strong>, s\u00e5 beboerne kan f\u00e5 den omsorg og den st\u00f8tte, de har brug for.<\/p>\n<p class=\"p1\" style=\"text-align: justify;\">Som deltager p\u00e5 et <strong><span style=\"text-decoration: underline;\"><a href=\"https:\/\/www.vita-explorers.dk\/mission-humanitaire.html\" target=\"_blank\" rel=\"noopener\"><span class=\"s1\">humanit\u00e6rt forl\u00f8b<\/span><\/a><\/span><\/strong> handler det om at <strong>bidrage med omsorg, st\u00f8tte, n\u00e6rv\u00e6r og opm\u00e6rksomhed til beboerne<\/strong>, s\u00e5 de ikke reduceres til deres handicap. Udvekslingen giver dem kontakt med omverdenen, en mulighed for at opbygge selvtillid og trives. Beboerne har <strong>brug for tilpassede aktiviteter og pleje,<\/strong> fordi nogle ikke er mobile eller har motoriske udfordringer. De har ogs\u00e5 <strong>brug for struktur, ledsagelse og opmuntring<\/strong>! For eksempel er en af centrets beboere meget udadvendt og elsker at hilse p\u00e5 andre og give h\u00e5nd. Uden st\u00f8tte g\u00e5r han foroverb\u00f8jet, men n\u00e5r man beder ham om det, kan han godt rette sig op.<\/p>\n<p class=\"p1\" style=\"text-align: justify;\">En af de st\u00f8rste udfordringer for mennesker med handicap er <strong>adgang til uddannelse.<\/strong> Selvom der findes regler, der sikrer skolegang for alle b\u00f8rn, er <strong>mange skoler ikke tilpasset elever med handicap<\/strong>. Derfor er der lige ved siden af centret <strong>etableret en skole for b\u00f8rn med handicap. Her kan 88 b\u00f8rn<\/strong> f\u00e5 <strong>undervisning og aktiviteter tilpasset deres behov<\/strong>, selvom <strong>ressourcerne er meget begr\u00e6nsede.<\/strong><\/p>\n<p class=\"p1\" style=\"text-align: justify;\">Som du kan h\u00f8re, er der <strong>plads til, at alle kan bidrage til at forbedre beboernes hverdag<\/strong> p\u00e5 centret \u2013 og <strong>indsatsen, der er brug for, er stor.<\/strong><\/p>\n<p class=\"p1\" style=\"text-align: justify;\">At skabe f\u00e6llesskab, arrangere kreative og legende aktiviteter, l\u00e6re beboerne sang og dans, hj\u00e6lpe til ved m\u00e5ltider og personlig pleje eller undervise b\u00f8rnene p\u00e5 skolen \u2013 <strong>der er nok at tage fat p\u00e5.<\/strong><\/p>\n<p class=\"p1\" style=\"text-align: justify;\"><strong>Selvf\u00f8lgelig: Hvis du \u2013 som studerende, fagperson eller pensionist \u2013 er arkitekt, ingeni\u00f8r, sundhedsfaglig, l\u00e6ge, ergoterapeut, fysioterapeut, l\u00e6ge, talep\u00e6dagog, psykolog eller underviser, er dine kompetencer v\u00e6rdifulde og i h\u00f8j grad efterspurgte p\u00e5 centret. Det faste personale er f\u00e5 og har begr\u00e6nset uddannelse og vil ogs\u00e5 have gavn af opl\u00e6ring.<\/strong><\/p>\n<p class=\"p1\" style=\"text-align: justify;\">Hvis du s\u00f8ger et <a href=\"https:\/\/www.vita-explorers.dk\/blog\/humanitaere-rejser-for-unge-voksne\/\" target=\"_blank\" rel=\"noopener\">humanit\u00e6rt ophold<\/a>, hvor <strong>din indsats kan g\u00f8re en konkret forskel for mennesker, der har brug for st\u00f8tte, s\u00e5 venter centret p\u00e5 dig! For at ans\u00f8ge om dette forl\u00f8b, <span style=\"text-decoration: underline;\"><a href=\"https:\/\/www.vita-explorers.dk\/frivilligt-arbejde\/sri-lanka\/sri-lanka-b\u00f8rnecenter-ecole.html\" target=\"_blank\" rel=\"noopener\">klik her<\/a><\/span>!<\/strong><\/p>\n<p class=\"p1\" style=\"text-align: center;\">For mere information er du velkommen til at kontakte os p\u00e5 <span style=\"text-decoration: underline;\"><strong><a href=\"mailto:info@globalong.com\"><span class=\"s2\">info@globalong.com<\/span><\/a><span class=\"s3\">.<\/span><\/strong><\/span><\/p>\n<p style=\"text-align: center;\"><strong><b>Vil du vide mere om VITA Institute og vores community, kan du f\u00f8lge med p\u00e5 <\/b><a href=\"https:\/\/www.instagram.com\/globalongofficiel\/\"><span class=\"s2\"><b>Instagram<\/b><\/span><\/a><b>, <\/b><a href=\"https:\/\/www.tiktok.com\/@globalong\"><span class=\"s2\"><b>TikTok<\/b><\/span><\/a><b>, <\/b><a href=\"https:\/\/www.facebook.com\/globalong\"><span class=\"s2\"><b>Facebook<\/b><\/span><\/a><b>, <\/b><a href=\"https:\/\/www.linkedin.com\/company\/5113177\/admin\/feed\/posts\/\"><span class=\"s2\"><b>LinkedIn<\/b><\/span><\/a><b> og <\/b><a href=\"https:\/\/www.youtube.com\/c\/globalong\/videos\"><span class=\"s2\"><b>Youtube<\/b><\/span><\/a><b>! <\/b><\/strong><\/p>\n<p><a href=\"https:\/\/www.vita-explorers.dk\/blog\/wp-content\/uploads\/2023\/02\/Centre-et-e\u0301cole-Sri-Lanka.png\" target=\"_blank\" rel=\"noopener\"><img loading=\"lazy\" decoding=\"async\" class=\"alignnone wp-image-15211 size-full\" src=\"https:\/\/www.vita-explorers.dk\/blog\/wp-content\/uploads\/2023\/02\/Centre-et-e\u0301cole-Sri-Lanka.png\" alt=\"Humanit\u00e6rt forl\u00f8b i et center for voksne med handicap \" width=\"2630\" height=\"894\" srcset=\"https:\/\/www.vita-explorers.dk\/blog\/wp-content\/uploads\/2023\/02\/Centre-et-e\u0301cole-Sri-Lanka.png 2630w, https:\/\/www.vita-explorers.dk\/blog\/wp-content\/uploads\/2023\/02\/Centre-et-e\u0301cole-Sri-Lanka-300x102.png 300w, https:\/\/www.vita-explorers.dk\/blog\/wp-content\/uploads\/2023\/02\/Centre-et-e\u0301cole-Sri-Lanka-1024x348.png 1024w, https:\/\/www.vita-explorers.dk\/blog\/wp-content\/uploads\/2023\/02\/Centre-et-e\u0301cole-Sri-Lanka-768x261.png 768w, https:\/\/www.vita-explorers.dk\/blog\/wp-content\/uploads\/2023\/02\/Centre-et-e\u0301cole-Sri-Lanka-1536x522.png 1536w, https:\/\/www.vita-explorers.dk\/blog\/wp-content\/uploads\/2023\/02\/Centre-et-e\u0301cole-Sri-Lanka-2048x696.png 2048w\" sizes=\"(max-width: 2630px) 100vw, 2630px\" \/><\/a><\/p>\n","protected":false},"excerpt":{"rendered":"<p>Denne uge tager vi jer med til Sri Lanka \u2013 og helt pr\u00e6cist til byen Galle! Galle ligger p\u00e5 \u00f8ens sydvestkyst og har mere\u2026<\/p>\n","protected":false},"author":1,"featured_media":15208,"comment_status":"open","ping_status":"open","sticky":false,"template":"","format":"standard","meta":{"footnotes":""},"categories":[12,8,1,6,472,4],"tags":[],"yoast_head":"<!-- This site is optimized with the Yoast SEO Premium plugin v23.4 (Yoast SEO v23.4) - https:\/\/yoast.com\/wordpress\/plugins\/seo\/ -->\n<title>Frivilligt arbejde med voksne med handicap i Sri Lanka - VITA Explorers Blog<\/title>\n<meta name=\"description\" content=\"D\u00e9couvrez comment vous pouvez aider les personnes handicap\u00e9es au Sri Lanka. Participez \u00e0 une mission humanitaire pour faire une diff\u00e9rence.\" \/>\n<meta name=\"robots\" content=\"index, follow, max-snippet:-1, max-image-preview:large, max-video-preview:-1\" \/>\n<link rel=\"canonical\" href=\"https:\/\/www.vita-explorers.dk\/blog\/ugens-fokus-frivilligt-arbejde-i-et-center-for-voksne-med-psykisk-og-eller-fysisk-handicap-i-sri-lanka\/\" \/>\n<meta property=\"og:locale\" content=\"da_DK\" \/>\n<meta property=\"og:type\" content=\"article\" \/>\n<meta property=\"og:title\" content=\"Ugens fokus: Humanit\u00e6rt forl\u00f8b p\u00e5 et center for voksne med psykisk og\/eller fysisk handicap i Sri Lanka!\" \/>\n<meta property=\"og:description\" content=\"D\u00e9couvrez comment vous pouvez aider les personnes handicap\u00e9es au Sri Lanka. Participez \u00e0 une mission humanitaire pour faire une diff\u00e9rence.\" \/>\n<meta property=\"og:url\" content=\"https:\/\/www.vita-explorers.dk\/blog\/ugens-fokus-frivilligt-arbejde-i-et-center-for-voksne-med-psykisk-og-eller-fysisk-handicap-i-sri-lanka\/\" \/>\n<meta property=\"og:site_name\" content=\"VITA Explorers Blog\" \/>\n<meta property=\"article:publisher\" content=\"https:\/\/www.facebook.com\/globalong\" \/>\n<meta property=\"article:published_time\" content=\"2023-02-23T10:40:10+00:00\" \/>\n<meta property=\"article:modified_time\" content=\"2024-11-29T15:58:35+00:00\" \/>\n<meta property=\"og:image\" content=\"https:\/\/www.vita-explorers.dk\/blog\/wp-content\/uploads\/2023\/02\/Sophie-au-centre-hanidap-Sri-Lanka.jpg\" \/>\n\t<meta property=\"og:image:width\" content=\"1024\" \/>\n\t<meta property=\"og:image:height\" content=\"769\" \/>\n\t<meta property=\"og:image:type\" content=\"image\/jpeg\" \/>\n<meta name=\"author\" content=\"VITA Tribe\" \/>\n<meta name=\"twitter:card\" content=\"summary_large_image\" \/>\n<meta name=\"twitter:label1\" content=\"Skrevet af\" \/>\n\t<meta name=\"twitter:data1\" content=\"VITA Tribe\" \/>\n\t<meta name=\"twitter:label2\" content=\"Estimeret l\u00e6setid\" \/>\n\t<meta name=\"twitter:data2\" content=\"6 minutter\" \/>\n<script type=\"application\/ld+json\" class=\"yoast-schema-graph\">{\"@context\":\"https:\/\/schema.org\",\"@graph\":[{\"@type\":\"Article\",\"@id\":\"https:\/\/www.vita-explorers.dk\/blog\/ugens-fokus-frivilligt-arbejde-i-et-center-for-voksne-med-psykisk-og-eller-fysisk-handicap-i-sri-lanka\/#article\",\"isPartOf\":{\"@id\":\"https:\/\/www.vita-explorers.dk\/blog\/ugens-fokus-frivilligt-arbejde-i-et-center-for-voksne-med-psykisk-og-eller-fysisk-handicap-i-sri-lanka\/\"},\"author\":{\"name\":\"VITA Tribe\",\"@id\":\"https:\/\/www.vita-explorers.dk\/blog\/#\/schema\/person\/d7df267b64f23018d1dc519e78fb2735\"},\"headline\":\"Ugens fokus: Humanit\u00e6rt forl\u00f8b p\u00e5 et center for voksne med psykisk og\/eller fysisk handicap i Sri Lanka!\",\"datePublished\":\"2023-02-23T10:40:10+00:00\",\"dateModified\":\"2024-11-29T15:58:35+00:00\",\"mainEntityOfPage\":{\"@id\":\"https:\/\/www.vita-explorers.dk\/blog\/ugens-fokus-frivilligt-arbejde-i-et-center-for-voksne-med-psykisk-og-eller-fysisk-handicap-i-sri-lanka\/\"},\"wordCount\":783,\"commentCount\":0,\"publisher\":{\"@id\":\"https:\/\/www.vita-explorers.dk\/blog\/#organization\"},\"image\":{\"@id\":\"https:\/\/www.vita-explorers.dk\/blog\/ugens-fokus-frivilligt-arbejde-i-et-center-for-voksne-med-psykisk-og-eller-fysisk-handicap-i-sri-lanka\/#primaryimage\"},\"thumbnailUrl\":\"https:\/\/www.vita-explorers.dk\/blog\/wp-content\/uploads\/2023\/02\/Sophie-au-centre-hanidap-Sri-Lanka.jpg\",\"articleSection\":[\"Asien\",\"Humanit\u00e6rt frivilligt arbejde\",\"No Name\",\"Nyheder\",\"Oplysning\",\"VITA Explorers\"],\"inLanguage\":\"da-DK\",\"potentialAction\":[{\"@type\":\"CommentAction\",\"name\":\"Comment\",\"target\":[\"https:\/\/www.vita-explorers.dk\/blog\/ugens-fokus-frivilligt-arbejde-i-et-center-for-voksne-med-psykisk-og-eller-fysisk-handicap-i-sri-lanka\/#respond\"]}]},{\"@type\":\"WebPage\",\"@id\":\"https:\/\/www.vita-explorers.dk\/blog\/ugens-fokus-frivilligt-arbejde-i-et-center-for-voksne-med-psykisk-og-eller-fysisk-handicap-i-sri-lanka\/\",\"url\":\"https:\/\/www.vita-explorers.dk\/blog\/ugens-fokus-frivilligt-arbejde-i-et-center-for-voksne-med-psykisk-og-eller-fysisk-handicap-i-sri-lanka\/\",\"name\":\"Frivilligt arbejde med voksne med handicap i Sri Lanka - VITA Explorers Blog\",\"isPartOf\":{\"@id\":\"https:\/\/www.vita-explorers.dk\/blog\/#website\"},\"primaryImageOfPage\":{\"@id\":\"https:\/\/www.vita-explorers.dk\/blog\/ugens-fokus-frivilligt-arbejde-i-et-center-for-voksne-med-psykisk-og-eller-fysisk-handicap-i-sri-lanka\/#primaryimage\"},\"image\":{\"@id\":\"https:\/\/www.vita-explorers.dk\/blog\/ugens-fokus-frivilligt-arbejde-i-et-center-for-voksne-med-psykisk-og-eller-fysisk-handicap-i-sri-lanka\/#primaryimage\"},\"thumbnailUrl\":\"https:\/\/www.vita-explorers.dk\/blog\/wp-content\/uploads\/2023\/02\/Sophie-au-centre-hanidap-Sri-Lanka.jpg\",\"datePublished\":\"2023-02-23T10:40:10+00:00\",\"dateModified\":\"2024-11-29T15:58:35+00:00\",\"description\":\"D\u00e9couvrez comment vous pouvez aider les personnes handicap\u00e9es au Sri Lanka. Participez \u00e0 une mission humanitaire pour faire une diff\u00e9rence.\",\"breadcrumb\":{\"@id\":\"https:\/\/www.vita-explorers.dk\/blog\/ugens-fokus-frivilligt-arbejde-i-et-center-for-voksne-med-psykisk-og-eller-fysisk-handicap-i-sri-lanka\/#breadcrumb\"},\"inLanguage\":\"da-DK\",\"potentialAction\":[{\"@type\":\"ReadAction\",\"target\":[\"https:\/\/www.vita-explorers.dk\/blog\/ugens-fokus-frivilligt-arbejde-i-et-center-for-voksne-med-psykisk-og-eller-fysisk-handicap-i-sri-lanka\/\"]}]},{\"@type\":\"ImageObject\",\"inLanguage\":\"da-DK\",\"@id\":\"https:\/\/www.vita-explorers.dk\/blog\/ugens-fokus-frivilligt-arbejde-i-et-center-for-voksne-med-psykisk-og-eller-fysisk-handicap-i-sri-lanka\/#primaryimage\",\"url\":\"https:\/\/www.vita-explorers.dk\/blog\/wp-content\/uploads\/2023\/02\/Sophie-au-centre-hanidap-Sri-Lanka.jpg\",\"contentUrl\":\"https:\/\/www.vita-explorers.dk\/blog\/wp-content\/uploads\/2023\/02\/Sophie-au-centre-hanidap-Sri-Lanka.jpg\",\"width\":1024,\"height\":769,\"caption\":\"Mission humanitaire dans un centre pour adultes en situation de handicap\"},{\"@type\":\"BreadcrumbList\",\"@id\":\"https:\/\/www.vita-explorers.dk\/blog\/ugens-fokus-frivilligt-arbejde-i-et-center-for-voksne-med-psykisk-og-eller-fysisk-handicap-i-sri-lanka\/#breadcrumb\",\"itemListElement\":[{\"@type\":\"ListItem\",\"position\":1,\"name\":\"Accueil\",\"item\":\"https:\/\/www.vita-explorers.dk\/blog\/\"},{\"@type\":\"ListItem\",\"position\":2,\"name\":\"Ugens fokus: Humanit\u00e6rt forl\u00f8b p\u00e5 et center for voksne med psykisk og\/eller fysisk handicap i Sri Lanka!\"}]},{\"@type\":\"WebSite\",\"@id\":\"https:\/\/www.vita-explorers.dk\/blog\/#website\",\"url\":\"https:\/\/www.vita-explorers.dk\/blog\/\",\"name\":\"Association Globalong\",\"description\":\"Frivilligt arbejde, sprogophold, praktik i udlandet og internationale oplevelser\",\"publisher\":{\"@id\":\"https:\/\/www.vita-explorers.dk\/blog\/#organization\"},\"potentialAction\":[{\"@type\":\"SearchAction\",\"target\":{\"@type\":\"EntryPoint\",\"urlTemplate\":\"https:\/\/www.vita-explorers.dk\/blog\/?s={search_term_string}\"},\"query-input\":{\"@type\":\"PropertyValueSpecification\",\"valueRequired\":true,\"valueName\":\"search_term_string\"}}],\"inLanguage\":\"da-DK\"},{\"@type\":\"Organization\",\"@id\":\"https:\/\/www.vita-explorers.dk\/blog\/#organization\",\"name\":\"Association Globalong\",\"url\":\"https:\/\/www.vita-explorers.dk\/blog\/\",\"logo\":{\"@type\":\"ImageObject\",\"inLanguage\":\"da-DK\",\"@id\":\"https:\/\/www.vita-explorers.dk\/blog\/#\/schema\/logo\/image\/\",\"url\":\"https:\/\/www.globalong.com\/blog\/wp-content\/uploads\/2014\/11\/cropped-cropped-Logo-et-Afrique-Globalong-petite-taille-2.jpg\",\"contentUrl\":\"https:\/\/www.globalong.com\/blog\/wp-content\/uploads\/2014\/11\/cropped-cropped-Logo-et-Afrique-Globalong-petite-taille-2.jpg\",\"width\":512,\"height\":512,\"caption\":\"Association Globalong\"},\"image\":{\"@id\":\"https:\/\/www.vita-explorers.dk\/blog\/#\/schema\/logo\/image\/\"},\"sameAs\":[\"https:\/\/www.facebook.com\/globalong\"]},{\"@type\":\"Person\",\"@id\":\"https:\/\/www.vita-explorers.dk\/blog\/#\/schema\/person\/d7df267b64f23018d1dc519e78fb2735\",\"name\":\"VITA Tribe\",\"image\":{\"@type\":\"ImageObject\",\"inLanguage\":\"da-DK\",\"@id\":\"https:\/\/www.vita-explorers.dk\/blog\/#\/schema\/person\/image\/\",\"url\":\"https:\/\/secure.gravatar.com\/avatar\/81461bcc213d0ff2bdc043d4206648f0?s=96&d=mm&r=g\",\"contentUrl\":\"https:\/\/secure.gravatar.com\/avatar\/81461bcc213d0ff2bdc043d4206648f0?s=96&d=mm&r=g\",\"caption\":\"VITA Tribe\"},\"sameAs\":[\"https:\/\/www.globalong.com\"],\"url\":\"https:\/\/www.vita-explorers.dk\/blog\/author\/sophie\/\"}]}<\/script>\n<!-- \/ Yoast SEO Premium plugin. -->","yoast_head_json":{"title":"Frivilligt arbejde med voksne med handicap i Sri Lanka - VITA Explorers Blog","description":"D\u00e9couvrez comment vous pouvez aider les personnes handicap\u00e9es au Sri Lanka. Participez \u00e0 une mission humanitaire pour faire une diff\u00e9rence.","robots":{"index":"index","follow":"follow","max-snippet":"max-snippet:-1","max-image-preview":"max-image-preview:large","max-video-preview":"max-video-preview:-1"},"canonical":"https:\/\/www.vita-explorers.dk\/blog\/ugens-fokus-frivilligt-arbejde-i-et-center-for-voksne-med-psykisk-og-eller-fysisk-handicap-i-sri-lanka\/","og_locale":"da_DK","og_type":"article","og_title":"Ugens fokus: Humanit\u00e6rt forl\u00f8b p\u00e5 et center for voksne med psykisk og\/eller fysisk handicap i Sri Lanka!","og_description":"D\u00e9couvrez comment vous pouvez aider les personnes handicap\u00e9es au Sri Lanka. Participez \u00e0 une mission humanitaire pour faire une diff\u00e9rence.","og_url":"https:\/\/www.vita-explorers.dk\/blog\/ugens-fokus-frivilligt-arbejde-i-et-center-for-voksne-med-psykisk-og-eller-fysisk-handicap-i-sri-lanka\/","og_site_name":"VITA Explorers Blog","article_publisher":"https:\/\/www.facebook.com\/globalong","article_published_time":"2023-02-23T10:40:10+00:00","article_modified_time":"2024-11-29T15:58:35+00:00","og_image":[{"width":1024,"height":769,"url":"https:\/\/www.vita-explorers.dk\/blog\/wp-content\/uploads\/2023\/02\/Sophie-au-centre-hanidap-Sri-Lanka.jpg","type":"image\/jpeg"}],"author":"VITA Tribe","twitter_card":"summary_large_image","twitter_misc":{"Skrevet af":"VITA Tribe","Estimeret l\u00e6setid":"6 minutter"},"schema":{"@context":"https:\/\/schema.org","@graph":[{"@type":"Article","@id":"https:\/\/www.vita-explorers.dk\/blog\/ugens-fokus-frivilligt-arbejde-i-et-center-for-voksne-med-psykisk-og-eller-fysisk-handicap-i-sri-lanka\/#article","isPartOf":{"@id":"https:\/\/www.vita-explorers.dk\/blog\/ugens-fokus-frivilligt-arbejde-i-et-center-for-voksne-med-psykisk-og-eller-fysisk-handicap-i-sri-lanka\/"},"author":{"name":"VITA Tribe","@id":"https:\/\/www.vita-explorers.dk\/blog\/#\/schema\/person\/d7df267b64f23018d1dc519e78fb2735"},"headline":"Ugens fokus: Humanit\u00e6rt forl\u00f8b p\u00e5 et center for voksne med psykisk og\/eller fysisk handicap i Sri Lanka!","datePublished":"2023-02-23T10:40:10+00:00","dateModified":"2024-11-29T15:58:35+00:00","mainEntityOfPage":{"@id":"https:\/\/www.vita-explorers.dk\/blog\/ugens-fokus-frivilligt-arbejde-i-et-center-for-voksne-med-psykisk-og-eller-fysisk-handicap-i-sri-lanka\/"},"wordCount":783,"commentCount":0,"publisher":{"@id":"https:\/\/www.vita-explorers.dk\/blog\/#organization"},"image":{"@id":"https:\/\/www.vita-explorers.dk\/blog\/ugens-fokus-frivilligt-arbejde-i-et-center-for-voksne-med-psykisk-og-eller-fysisk-handicap-i-sri-lanka\/#primaryimage"},"thumbnailUrl":"https:\/\/www.vita-explorers.dk\/blog\/wp-content\/uploads\/2023\/02\/Sophie-au-centre-hanidap-Sri-Lanka.jpg","articleSection":["Asien","Humanit\u00e6rt frivilligt arbejde","No Name","Nyheder","Oplysning","VITA Explorers"],"inLanguage":"da-DK","potentialAction":[{"@type":"CommentAction","name":"Comment","target":["https:\/\/www.vita-explorers.dk\/blog\/ugens-fokus-frivilligt-arbejde-i-et-center-for-voksne-med-psykisk-og-eller-fysisk-handicap-i-sri-lanka\/#respond"]}]},{"@type":"WebPage","@id":"https:\/\/www.vita-explorers.dk\/blog\/ugens-fokus-frivilligt-arbejde-i-et-center-for-voksne-med-psykisk-og-eller-fysisk-handicap-i-sri-lanka\/","url":"https:\/\/www.vita-explorers.dk\/blog\/ugens-fokus-frivilligt-arbejde-i-et-center-for-voksne-med-psykisk-og-eller-fysisk-handicap-i-sri-lanka\/","name":"Frivilligt arbejde med voksne med handicap i Sri Lanka - VITA Explorers Blog","isPartOf":{"@id":"https:\/\/www.vita-explorers.dk\/blog\/#website"},"primaryImageOfPage":{"@id":"https:\/\/www.vita-explorers.dk\/blog\/ugens-fokus-frivilligt-arbejde-i-et-center-for-voksne-med-psykisk-og-eller-fysisk-handicap-i-sri-lanka\/#primaryimage"},"image":{"@id":"https:\/\/www.vita-explorers.dk\/blog\/ugens-fokus-frivilligt-arbejde-i-et-center-for-voksne-med-psykisk-og-eller-fysisk-handicap-i-sri-lanka\/#primaryimage"},"thumbnailUrl":"https:\/\/www.vita-explorers.dk\/blog\/wp-content\/uploads\/2023\/02\/Sophie-au-centre-hanidap-Sri-Lanka.jpg","datePublished":"2023-02-23T10:40:10+00:00","dateModified":"2024-11-29T15:58:35+00:00","description":"D\u00e9couvrez comment vous pouvez aider les personnes handicap\u00e9es au Sri Lanka. Participez \u00e0 une mission humanitaire pour faire une diff\u00e9rence.","breadcrumb":{"@id":"https:\/\/www.vita-explorers.dk\/blog\/ugens-fokus-frivilligt-arbejde-i-et-center-for-voksne-med-psykisk-og-eller-fysisk-handicap-i-sri-lanka\/#breadcrumb"},"inLanguage":"da-DK","potentialAction":[{"@type":"ReadAction","target":["https:\/\/www.vita-explorers.dk\/blog\/ugens-fokus-frivilligt-arbejde-i-et-center-for-voksne-med-psykisk-og-eller-fysisk-handicap-i-sri-lanka\/"]}]},{"@type":"ImageObject","inLanguage":"da-DK","@id":"https:\/\/www.vita-explorers.dk\/blog\/ugens-fokus-frivilligt-arbejde-i-et-center-for-voksne-med-psykisk-og-eller-fysisk-handicap-i-sri-lanka\/#primaryimage","url":"https:\/\/www.vita-explorers.dk\/blog\/wp-content\/uploads\/2023\/02\/Sophie-au-centre-hanidap-Sri-Lanka.jpg","contentUrl":"https:\/\/www.vita-explorers.dk\/blog\/wp-content\/uploads\/2023\/02\/Sophie-au-centre-hanidap-Sri-Lanka.jpg","width":1024,"height":769,"caption":"Mission humanitaire dans un centre pour adultes en situation de handicap"},{"@type":"BreadcrumbList","@id":"https:\/\/www.vita-explorers.dk\/blog\/ugens-fokus-frivilligt-arbejde-i-et-center-for-voksne-med-psykisk-og-eller-fysisk-handicap-i-sri-lanka\/#breadcrumb","itemListElement":[{"@type":"ListItem","position":1,"name":"Accueil","item":"https:\/\/www.vita-explorers.dk\/blog\/"},{"@type":"ListItem","position":2,"name":"Ugens fokus: Humanit\u00e6rt forl\u00f8b p\u00e5 et center for voksne med psykisk og\/eller fysisk handicap i Sri Lanka!"}]},{"@type":"WebSite","@id":"https:\/\/www.vita-explorers.dk\/blog\/#website","url":"https:\/\/www.vita-explorers.dk\/blog\/","name":"Association Globalong","description":"Frivilligt arbejde, sprogophold, praktik i udlandet og internationale oplevelser","publisher":{"@id":"https:\/\/www.vita-explorers.dk\/blog\/#organization"},"potentialAction":[{"@type":"SearchAction","target":{"@type":"EntryPoint","urlTemplate":"https:\/\/www.vita-explorers.dk\/blog\/?s={search_term_string}"},"query-input":{"@type":"PropertyValueSpecification","valueRequired":true,"valueName":"search_term_string"}}],"inLanguage":"da-DK"},{"@type":"Organization","@id":"https:\/\/www.vita-explorers.dk\/blog\/#organization","name":"Association Globalong","url":"https:\/\/www.vita-explorers.dk\/blog\/","logo":{"@type":"ImageObject","inLanguage":"da-DK","@id":"https:\/\/www.vita-explorers.dk\/blog\/#\/schema\/logo\/image\/","url":"https:\/\/www.globalong.com\/blog\/wp-content\/uploads\/2014\/11\/cropped-cropped-Logo-et-Afrique-Globalong-petite-taille-2.jpg","contentUrl":"https:\/\/www.globalong.com\/blog\/wp-content\/uploads\/2014\/11\/cropped-cropped-Logo-et-Afrique-Globalong-petite-taille-2.jpg","width":512,"height":512,"caption":"Association Globalong"},"image":{"@id":"https:\/\/www.vita-explorers.dk\/blog\/#\/schema\/logo\/image\/"},"sameAs":["https:\/\/www.facebook.com\/globalong"]},{"@type":"Person","@id":"https:\/\/www.vita-explorers.dk\/blog\/#\/schema\/person\/d7df267b64f23018d1dc519e78fb2735","name":"VITA Tribe","image":{"@type":"ImageObject","inLanguage":"da-DK","@id":"https:\/\/www.vita-explorers.dk\/blog\/#\/schema\/person\/image\/","url":"https:\/\/secure.gravatar.com\/avatar\/81461bcc213d0ff2bdc043d4206648f0?s=96&d=mm&r=g","contentUrl":"https:\/\/secure.gravatar.com\/avatar\/81461bcc213d0ff2bdc043d4206648f0?s=96&d=mm&r=g","caption":"VITA Tribe"},"sameAs":["https:\/\/www.globalong.com"],"url":"https:\/\/www.vita-explorers.dk\/blog\/author\/sophie\/"}]}},"_links":{"self":[{"href":"https:\/\/www.vita-explorers.dk\/blog\/wp-json\/wp\/v2\/posts\/15206"}],"collection":[{"href":"https:\/\/www.vita-explorers.dk\/blog\/wp-json\/wp\/v2\/posts"}],"about":[{"href":"https:\/\/www.vita-explorers.dk\/blog\/wp-json\/wp\/v2\/types\/post"}],"author":[{"embeddable":true,"href":"https:\/\/www.vita-explorers.dk\/blog\/wp-json\/wp\/v2\/users\/1"}],"replies":[{"embeddable":true,"href":"https:\/\/www.vita-explorers.dk\/blog\/wp-json\/wp\/v2\/comments?post=15206"}],"version-history":[{"count":7,"href":"https:\/\/www.vita-explorers.dk\/blog\/wp-json\/wp\/v2\/posts\/15206\/revisions"}],"predecessor-version":[{"id":19427,"href":"https:\/\/www.vita-explorers.dk\/blog\/wp-json\/wp\/v2\/posts\/15206\/revisions\/19427"}],"wp:featuredmedia":[{"embeddable":true,"href":"https:\/\/www.vita-explorers.dk\/blog\/wp-json\/wp\/v2\/media\/15208"}],"wp:attachment":[{"href":"https:\/\/www.vita-explorers.dk\/blog\/wp-json\/wp\/v2\/media?parent=15206"}],"wp:term":[{"taxonomy":"category","embeddable":true,"href":"https:\/\/www.vita-explorers.dk\/blog\/wp-json\/wp\/v2\/categories?post=15206"},{"taxonomy":"post_tag","embeddable":true,"href":"https:\/\/www.vita-explorers.dk\/blog\/wp-json\/wp\/v2\/tags?post=15206"}],"curies":[{"name":"wp","href":"https:\/\/api.w.org\/{rel}","templated":true}]}}