{"id":15213,"date":"2023-02-24T15:11:44","date_gmt":"2023-02-24T14:11:44","guid":{"rendered":"https:\/\/www.globalong.com\/blog\/?p=15213"},"modified":"2025-09-08T18:41:21","modified_gmt":"2025-09-08T16:41:21","slug":"nepal-sibra-projektet-i-pressen","status":"publish","type":"post","link":"https:\/\/www.vita-explorers.dk\/blog\/nepal-sibra-projektet-i-pressen\/","title":{"rendered":"Nepal: SIBRA-projektet omtalt i pressen!"},"content":{"rendered":"<p class=\"p1\" style=\"text-align: justify;\"><strong>Her kommer en opdatering fra SIBRA-teamet!<\/strong><\/p>\n<h1 class=\"p1\" style=\"text-align: justify;\"><span style=\"font-size: 12pt;\"><a href=\"https:\/\/www.vita-explorers.dk\/blog\/projekt-sibra-projekt-om-etablering-af-et-vandforsyningssystem-i-nepal\/\" target=\"_blank\" rel=\"noopener\"><strong>SIBRA<\/strong><\/a> er <strong>5 ingeni\u00f8rstuderende<\/strong> fra <a href=\"https:\/\/aix-en-provence.cesi.fr\/\" target=\"_blank\" rel=\"noopener\"><strong>CESI<\/strong>,<\/a> Sarah, Clara, In\u00e8s, Baptiste og Ridjaly!<\/span><\/h1>\n<h2 class=\"p1\" style=\"text-align: justify;\"><span style=\"font-size: 12pt;\"><strong>Deres m\u00e5l er at etablere irrigationssystemer til marker<\/strong> i <strong><a href=\"https:\/\/www.vita-explorers.dk\/frivilligt-arbejde\/frivilligt-arbejde-i-nepal.html\" target=\"_blank\" rel=\"noopener\">Nepal<\/a><\/strong>, s\u00e5 det bliver muligt at <strong>dyrke landbrugsjord<\/strong>, som mange familier er afh\u00e6ngige af for deres levegrundlag \u2013 og samtidig <strong>installere regnvandsopsamlere<\/strong>, s\u00e5 husholdningerne kan blive mere selvhjulpne. Projektet foreg\u00e5r i den <strong>landlige Okhaldhunga-region<\/strong>, cirka 8 timers k\u00f8rsel fra Kathmandu, hovedstaden.<\/span><\/h2>\n<p class=\"p1\" style=\"text-align: justify;\">If\u00f8lge data fra Nepals regering har <strong>omkring 42% af befolkningen ikke adgang til drikkevand.<\/strong> Det skyldes i h\u00f8j grad landets <strong>kr\u00e6vende geografi<\/strong> med stejle bjerge og dybe dale, som g\u00f8r det b\u00e5de dyrt og vanskeligt at etablere og vedligeholde vandinfrastruktur. Samtidig rammes Nepal j\u00e6vnligt af <strong>naturkatastrofer<\/strong> som oversv\u00f8mmelser, jordskred og t\u00f8rke, <strong>der p\u00e5virker vandforsyningen<\/strong>. Effekterne af <strong>klimaforandringer<\/strong>, blandt andet smeltning af gletsjere i Himalaya, l\u00e6gger yderligere pres p\u00e5 landets vandressourcer.<\/p>\n<p class=\"p1\" style=\"text-align: justify;\">Der er stadig meget at g\u00f8re for at <strong>sikre adgang til drikkevand for alle i Nepal<\/strong>. Indsatser for at styrke vandinfrastrukturen, indsamle mere pr\u00e6cise data om behov, forst\u00e5 klimaforandringernes betydning for vandressourcerne \u2013 samt inddrage lokalsamfund i planl\u00e6gning og gennemf\u00f8relse af vandprojekter \u2013 er afg\u00f8rende for at sikre<strong> en b\u00e6redygtig og retf\u00e6rdig adgang til drikkevand for alle<\/strong>.<\/p>\n<h3 class=\"p1\" style=\"text-align: justify;\"><span style=\"font-size: 12pt;\"><strong><a href=\"https:\/\/www.linkedin.com\/company\/projet-sibra\/about\/\" target=\"_blank\" rel=\"noopener\">SIBRA-teamet<\/a><\/strong> s\u00e6tter alle sejl ind for <strong>at rejse de n\u00f8dvendige midler<\/strong> til at gennemf\u00f8re deres projekt: <strong>installation af regnvandsopsamlere til 1800 familier!<\/strong><\/span><\/h3>\n<h4 class=\"p1\" style=\"text-align: justify;\"><span style=\"font-size: 12pt;\">De studerende bag projektet arrangerer <strong>velg\u00f8renhedssalg<\/strong> p\u00e5 deres skole, kontakter virksomheder og offentlige akt\u00f8rer og har endda taget kontakt til <strong>lokalpressen.<\/strong><\/span><\/h4>\n<h4 class=\"p1\" style=\"text-align: justify;\"><span style=\"font-size: 12pt;\"><strong>Der er blevet bragt en artikel i <a href=\"https:\/\/www.leprogres.fr\/insolite\/2023\/02\/07\/ce-jeune-culozien-veut-mener-un-projet-humanitaire-au-nepal\" target=\"_blank\" rel=\"noopener\"><span style=\"text-decoration: underline;\">Le Progr\u00e8s<\/span><\/a> \u2013 og ogs\u00e5 i <a href=\"https:\/\/www.lavoixdelain.fr\/\" target=\"_blank\" rel=\"noopener\"><span style=\"text-decoration: underline;\">La Voix de l\u2019Ain<\/span><\/a>, hjemegnen for en af de engagerede studerende!<\/strong><\/span><\/h4>\n<p class=\"p1\" style=\"text-align: justify;\"><a href=\"https:\/\/www.leetchi.com\/c\/projet-sibra-creation-dun-systeme-dalimentation-en-eau-au-nepal\" target=\"_blank\" rel=\"noopener\"><strong><span style=\"text-decoration: underline;\">Deres online indsamling<\/span><\/strong><\/a> g\u00e5r stille og roligt fremad. <strong>De har indsamlet lidt over 10% af deres m\u00e5l<\/strong>, hvilket allerede betyder, at flere snese nepalesiske familier kan f\u00e5 adgang til vand i fremtiden!<\/p>\n<h5 class=\"p1\" style=\"text-align: justify;\"><span style=\"font-size: 12pt;\"><strong>De har stadig 188 dage til at samle de 17.528 \u20ac ind, der mangler,<\/strong> og SIBRA, VITA og beboerne i Okhaldunga h\u00e5ber, at du vil hj\u00e6lpe ved at dele deres indsamling, <a href=\"https:\/\/www.instagram.com\/projet_sibra\/\" target=\"_blank\" rel=\"noopener\"><span style=\"text-decoration: underline;\"><strong>deres sociale medier<\/strong><\/span><\/a> og <strong>fort\u00e6lle om projektet i dit netv\u00e6rk<\/strong>!<\/span><\/h5>\n<p class=\"p1\" style=\"text-align: justify;\">De er stadig <strong>p\u00e5 udkig efter \u00f8konomiske partnerskaber med virksomheder<\/strong>, der \u00f8nsker at g\u00f8re en konkret forskel og st\u00f8tte et ansvarligt projekt. Til geng\u00e6ld tilbyder de synlighed til virksomhederne p\u00e5 sociale medier, ved events, der formidler projektet, og p\u00e5 forskellige kommunikationsmaterialer, som de tager med p\u00e5 stedet.<\/p>\n<h6 class=\"p1\" style=\"text-align: justify;\"><span style=\"font-size: 12pt;\">For mere information er du velkommen til at kontakte os <span style=\"text-decoration: underline;\"><strong><a href=\"mailto:info@globalong.com\" target=\"_blank\" rel=\"noopener\"><span class=\"s2\">info@globalong.com<\/span><\/a><\/strong><\/span><\/span><\/h6>\n<p><a href=\"https:\/\/www.vita-explorers.dk\/blog\/wp-content\/uploads\/2023\/02\/SIBRA-dans-la-presse.png\" target=\"_blank\" rel=\"noopener\"><img loading=\"lazy\" decoding=\"async\" class=\"aligncenter wp-image-15215 size-full\" src=\"https:\/\/www.vita-explorers.dk\/blog\/wp-content\/uploads\/2023\/02\/SIBRA-dans-la-presse.png\" alt=\"\" width=\"1226\" height=\"776\" srcset=\"https:\/\/www.vita-explorers.dk\/blog\/wp-content\/uploads\/2023\/02\/SIBRA-dans-la-presse.png 1226w, https:\/\/www.vita-explorers.dk\/blog\/wp-content\/uploads\/2023\/02\/SIBRA-dans-la-presse-300x190.png 300w, https:\/\/www.vita-explorers.dk\/blog\/wp-content\/uploads\/2023\/02\/SIBRA-dans-la-presse-1024x648.png 1024w, https:\/\/www.vita-explorers.dk\/blog\/wp-content\/uploads\/2023\/02\/SIBRA-dans-la-presse-768x486.png 768w\" sizes=\"(max-width: 1226px) 100vw, 1226px\" \/><\/a><\/p>\n<p>\u00a0<\/p>\n","protected":false},"excerpt":{"rendered":"<p>Her kommer en opdatering fra SIBRA-teamet! SIBRA er 5 ingeni\u00f8rstuderende fra CESI, Sarah, Clara, In\u00e8s, Baptiste og Ridjaly! Deres m\u00e5l er at etablere irrigationssystemer\u2026<\/p>\n","protected":false},"author":1,"featured_media":15214,"comment_status":"open","ping_status":"open","sticky":false,"template":"","format":"standard","meta":{"footnotes":""},"categories":[1,6,4],"tags":[],"yoast_head":"<!-- This site is optimized with the Yoast SEO Premium plugin v23.4 (Yoast SEO v23.4) - https:\/\/yoast.com\/wordpress\/plugins\/seo\/ -->\n<title>Nepal: SIBRA-projektet omtalt i pressen! - VITA Explorers Blog<\/title>\n<meta name=\"robots\" content=\"index, follow, max-snippet:-1, max-image-preview:large, max-video-preview:-1\" \/>\n<link rel=\"canonical\" href=\"https:\/\/www.vita-explorers.dk\/blog\/nepal-sibra-projektet-i-pressen\/\" \/>\n<meta property=\"og:locale\" content=\"da_DK\" \/>\n<meta property=\"og:type\" content=\"article\" \/>\n<meta property=\"og:title\" content=\"Nepal: SIBRA-projektet omtalt i pressen!\" \/>\n<meta property=\"og:description\" content=\"Her kommer en opdatering fra SIBRA-teamet! SIBRA er 5 ingeni\u00f8rstuderende fra CESI, Sarah, Clara, In\u00e8s, Baptiste og Ridjaly! Deres m\u00e5l er at etablere irrigationssystemer\u2026\" \/>\n<meta property=\"og:url\" content=\"https:\/\/www.vita-explorers.dk\/blog\/nepal-sibra-projektet-i-pressen\/\" \/>\n<meta property=\"og:site_name\" content=\"VITA Explorers Blog\" \/>\n<meta property=\"article:publisher\" content=\"https:\/\/www.facebook.com\/globalong\" \/>\n<meta property=\"article:published_time\" content=\"2023-02-24T14:11:44+00:00\" \/>\n<meta property=\"article:modified_time\" content=\"2025-09-08T16:41:21+00:00\" \/>\n<meta property=\"og:image\" content=\"https:\/\/www.vita-explorers.dk\/blog\/wp-content\/uploads\/2023\/02\/Ne\u0301pal-avec-Globalong-scaled.jpg\" \/>\n\t<meta property=\"og:image:width\" content=\"2560\" \/>\n\t<meta property=\"og:image:height\" content=\"1697\" \/>\n\t<meta property=\"og:image:type\" content=\"image\/jpeg\" \/>\n<meta name=\"author\" content=\"VITA Tribe\" \/>\n<meta name=\"twitter:card\" content=\"summary_large_image\" \/>\n<meta name=\"twitter:label1\" content=\"Skrevet af\" \/>\n\t<meta name=\"twitter:data1\" content=\"VITA Tribe\" \/>\n\t<meta name=\"twitter:label2\" content=\"Estimeret l\u00e6setid\" \/>\n\t<meta name=\"twitter:data2\" content=\"3 minutter\" \/>\n<script type=\"application\/ld+json\" class=\"yoast-schema-graph\">{\"@context\":\"https:\/\/schema.org\",\"@graph\":[{\"@type\":\"Article\",\"@id\":\"https:\/\/www.vita-explorers.dk\/blog\/nepal-sibra-projektet-i-pressen\/#article\",\"isPartOf\":{\"@id\":\"https:\/\/www.vita-explorers.dk\/blog\/nepal-sibra-projektet-i-pressen\/\"},\"author\":{\"name\":\"VITA Tribe\",\"@id\":\"https:\/\/www.vita-explorers.dk\/blog\/#\/schema\/person\/d7df267b64f23018d1dc519e78fb2735\"},\"headline\":\"Nepal: SIBRA-projektet omtalt i pressen!\",\"datePublished\":\"2023-02-24T14:11:44+00:00\",\"dateModified\":\"2025-09-08T16:41:21+00:00\",\"mainEntityOfPage\":{\"@id\":\"https:\/\/www.vita-explorers.dk\/blog\/nepal-sibra-projektet-i-pressen\/\"},\"wordCount\":427,\"commentCount\":0,\"publisher\":{\"@id\":\"https:\/\/www.vita-explorers.dk\/blog\/#organization\"},\"image\":{\"@id\":\"https:\/\/www.vita-explorers.dk\/blog\/nepal-sibra-projektet-i-pressen\/#primaryimage\"},\"thumbnailUrl\":\"https:\/\/www.vita-explorers.dk\/blog\/wp-content\/uploads\/2023\/02\/Ne\u0301pal-avec-Globalong-scaled.jpg\",\"articleSection\":[\"No Name\",\"Nyheder\",\"VITA Explorers\"],\"inLanguage\":\"da-DK\",\"potentialAction\":[{\"@type\":\"CommentAction\",\"name\":\"Comment\",\"target\":[\"https:\/\/www.vita-explorers.dk\/blog\/nepal-sibra-projektet-i-pressen\/#respond\"]}]},{\"@type\":\"WebPage\",\"@id\":\"https:\/\/www.vita-explorers.dk\/blog\/nepal-sibra-projektet-i-pressen\/\",\"url\":\"https:\/\/www.vita-explorers.dk\/blog\/nepal-sibra-projektet-i-pressen\/\",\"name\":\"Nepal: SIBRA-projektet omtalt i pressen! - VITA Explorers Blog\",\"isPartOf\":{\"@id\":\"https:\/\/www.vita-explorers.dk\/blog\/#website\"},\"primaryImageOfPage\":{\"@id\":\"https:\/\/www.vita-explorers.dk\/blog\/nepal-sibra-projektet-i-pressen\/#primaryimage\"},\"image\":{\"@id\":\"https:\/\/www.vita-explorers.dk\/blog\/nepal-sibra-projektet-i-pressen\/#primaryimage\"},\"thumbnailUrl\":\"https:\/\/www.vita-explorers.dk\/blog\/wp-content\/uploads\/2023\/02\/Ne\u0301pal-avec-Globalong-scaled.jpg\",\"datePublished\":\"2023-02-24T14:11:44+00:00\",\"dateModified\":\"2025-09-08T16:41:21+00:00\",\"breadcrumb\":{\"@id\":\"https:\/\/www.vita-explorers.dk\/blog\/nepal-sibra-projektet-i-pressen\/#breadcrumb\"},\"inLanguage\":\"da-DK\",\"potentialAction\":[{\"@type\":\"ReadAction\",\"target\":[\"https:\/\/www.vita-explorers.dk\/blog\/nepal-sibra-projektet-i-pressen\/\"]}]},{\"@type\":\"ImageObject\",\"inLanguage\":\"da-DK\",\"@id\":\"https:\/\/www.vita-explorers.dk\/blog\/nepal-sibra-projektet-i-pressen\/#primaryimage\",\"url\":\"https:\/\/www.vita-explorers.dk\/blog\/wp-content\/uploads\/2023\/02\/Ne\u0301pal-avec-Globalong-scaled.jpg\",\"contentUrl\":\"https:\/\/www.vita-explorers.dk\/blog\/wp-content\/uploads\/2023\/02\/Ne\u0301pal-avec-Globalong-scaled.jpg\",\"width\":2560,\"height\":1697,\"caption\":\"Volontariat international\"},{\"@type\":\"BreadcrumbList\",\"@id\":\"https:\/\/www.vita-explorers.dk\/blog\/nepal-sibra-projektet-i-pressen\/#breadcrumb\",\"itemListElement\":[{\"@type\":\"ListItem\",\"position\":1,\"name\":\"Accueil\",\"item\":\"https:\/\/www.vita-explorers.dk\/blog\/\"},{\"@type\":\"ListItem\",\"position\":2,\"name\":\"Nepal: SIBRA-projektet omtalt i pressen!\"}]},{\"@type\":\"WebSite\",\"@id\":\"https:\/\/www.vita-explorers.dk\/blog\/#website\",\"url\":\"https:\/\/www.vita-explorers.dk\/blog\/\",\"name\":\"Association Globalong\",\"description\":\"Frivilligt arbejde, sprogophold, praktik i udlandet og internationale oplevelser\",\"publisher\":{\"@id\":\"https:\/\/www.vita-explorers.dk\/blog\/#organization\"},\"potentialAction\":[{\"@type\":\"SearchAction\",\"target\":{\"@type\":\"EntryPoint\",\"urlTemplate\":\"https:\/\/www.vita-explorers.dk\/blog\/?s={search_term_string}\"},\"query-input\":{\"@type\":\"PropertyValueSpecification\",\"valueRequired\":true,\"valueName\":\"search_term_string\"}}],\"inLanguage\":\"da-DK\"},{\"@type\":\"Organization\",\"@id\":\"https:\/\/www.vita-explorers.dk\/blog\/#organization\",\"name\":\"Association Globalong\",\"url\":\"https:\/\/www.vita-explorers.dk\/blog\/\",\"logo\":{\"@type\":\"ImageObject\",\"inLanguage\":\"da-DK\",\"@id\":\"https:\/\/www.vita-explorers.dk\/blog\/#\/schema\/logo\/image\/\",\"url\":\"https:\/\/www.globalong.com\/blog\/wp-content\/uploads\/2014\/11\/cropped-cropped-Logo-et-Afrique-Globalong-petite-taille-2.jpg\",\"contentUrl\":\"https:\/\/www.globalong.com\/blog\/wp-content\/uploads\/2014\/11\/cropped-cropped-Logo-et-Afrique-Globalong-petite-taille-2.jpg\",\"width\":512,\"height\":512,\"caption\":\"Association Globalong\"},\"image\":{\"@id\":\"https:\/\/www.vita-explorers.dk\/blog\/#\/schema\/logo\/image\/\"},\"sameAs\":[\"https:\/\/www.facebook.com\/globalong\"]},{\"@type\":\"Person\",\"@id\":\"https:\/\/www.vita-explorers.dk\/blog\/#\/schema\/person\/d7df267b64f23018d1dc519e78fb2735\",\"name\":\"VITA Tribe\",\"image\":{\"@type\":\"ImageObject\",\"inLanguage\":\"da-DK\",\"@id\":\"https:\/\/www.vita-explorers.dk\/blog\/#\/schema\/person\/image\/\",\"url\":\"https:\/\/secure.gravatar.com\/avatar\/81461bcc213d0ff2bdc043d4206648f0?s=96&d=mm&r=g\",\"contentUrl\":\"https:\/\/secure.gravatar.com\/avatar\/81461bcc213d0ff2bdc043d4206648f0?s=96&d=mm&r=g\",\"caption\":\"VITA Tribe\"},\"sameAs\":[\"https:\/\/www.globalong.com\"],\"url\":\"https:\/\/www.vita-explorers.dk\/blog\/author\/sophie\/\"}]}<\/script>\n<!-- \/ Yoast SEO Premium plugin. -->","yoast_head_json":{"title":"Nepal: SIBRA-projektet omtalt i pressen! - VITA Explorers Blog","robots":{"index":"index","follow":"follow","max-snippet":"max-snippet:-1","max-image-preview":"max-image-preview:large","max-video-preview":"max-video-preview:-1"},"canonical":"https:\/\/www.vita-explorers.dk\/blog\/nepal-sibra-projektet-i-pressen\/","og_locale":"da_DK","og_type":"article","og_title":"Nepal: SIBRA-projektet omtalt i pressen!","og_description":"Her kommer en opdatering fra SIBRA-teamet! SIBRA er 5 ingeni\u00f8rstuderende fra CESI, Sarah, Clara, In\u00e8s, Baptiste og Ridjaly! Deres m\u00e5l er at etablere irrigationssystemer\u2026","og_url":"https:\/\/www.vita-explorers.dk\/blog\/nepal-sibra-projektet-i-pressen\/","og_site_name":"VITA Explorers Blog","article_publisher":"https:\/\/www.facebook.com\/globalong","article_published_time":"2023-02-24T14:11:44+00:00","article_modified_time":"2025-09-08T16:41:21+00:00","og_image":[{"width":2560,"height":1697,"url":"https:\/\/www.vita-explorers.dk\/blog\/wp-content\/uploads\/2023\/02\/Ne\u0301pal-avec-Globalong-scaled.jpg","type":"image\/jpeg"}],"author":"VITA Tribe","twitter_card":"summary_large_image","twitter_misc":{"Skrevet af":"VITA Tribe","Estimeret l\u00e6setid":"3 minutter"},"schema":{"@context":"https:\/\/schema.org","@graph":[{"@type":"Article","@id":"https:\/\/www.vita-explorers.dk\/blog\/nepal-sibra-projektet-i-pressen\/#article","isPartOf":{"@id":"https:\/\/www.vita-explorers.dk\/blog\/nepal-sibra-projektet-i-pressen\/"},"author":{"name":"VITA Tribe","@id":"https:\/\/www.vita-explorers.dk\/blog\/#\/schema\/person\/d7df267b64f23018d1dc519e78fb2735"},"headline":"Nepal: SIBRA-projektet omtalt i pressen!","datePublished":"2023-02-24T14:11:44+00:00","dateModified":"2025-09-08T16:41:21+00:00","mainEntityOfPage":{"@id":"https:\/\/www.vita-explorers.dk\/blog\/nepal-sibra-projektet-i-pressen\/"},"wordCount":427,"commentCount":0,"publisher":{"@id":"https:\/\/www.vita-explorers.dk\/blog\/#organization"},"image":{"@id":"https:\/\/www.vita-explorers.dk\/blog\/nepal-sibra-projektet-i-pressen\/#primaryimage"},"thumbnailUrl":"https:\/\/www.vita-explorers.dk\/blog\/wp-content\/uploads\/2023\/02\/Ne\u0301pal-avec-Globalong-scaled.jpg","articleSection":["No Name","Nyheder","VITA Explorers"],"inLanguage":"da-DK","potentialAction":[{"@type":"CommentAction","name":"Comment","target":["https:\/\/www.vita-explorers.dk\/blog\/nepal-sibra-projektet-i-pressen\/#respond"]}]},{"@type":"WebPage","@id":"https:\/\/www.vita-explorers.dk\/blog\/nepal-sibra-projektet-i-pressen\/","url":"https:\/\/www.vita-explorers.dk\/blog\/nepal-sibra-projektet-i-pressen\/","name":"Nepal: SIBRA-projektet omtalt i pressen! - VITA Explorers Blog","isPartOf":{"@id":"https:\/\/www.vita-explorers.dk\/blog\/#website"},"primaryImageOfPage":{"@id":"https:\/\/www.vita-explorers.dk\/blog\/nepal-sibra-projektet-i-pressen\/#primaryimage"},"image":{"@id":"https:\/\/www.vita-explorers.dk\/blog\/nepal-sibra-projektet-i-pressen\/#primaryimage"},"thumbnailUrl":"https:\/\/www.vita-explorers.dk\/blog\/wp-content\/uploads\/2023\/02\/Ne\u0301pal-avec-Globalong-scaled.jpg","datePublished":"2023-02-24T14:11:44+00:00","dateModified":"2025-09-08T16:41:21+00:00","breadcrumb":{"@id":"https:\/\/www.vita-explorers.dk\/blog\/nepal-sibra-projektet-i-pressen\/#breadcrumb"},"inLanguage":"da-DK","potentialAction":[{"@type":"ReadAction","target":["https:\/\/www.vita-explorers.dk\/blog\/nepal-sibra-projektet-i-pressen\/"]}]},{"@type":"ImageObject","inLanguage":"da-DK","@id":"https:\/\/www.vita-explorers.dk\/blog\/nepal-sibra-projektet-i-pressen\/#primaryimage","url":"https:\/\/www.vita-explorers.dk\/blog\/wp-content\/uploads\/2023\/02\/Ne\u0301pal-avec-Globalong-scaled.jpg","contentUrl":"https:\/\/www.vita-explorers.dk\/blog\/wp-content\/uploads\/2023\/02\/Ne\u0301pal-avec-Globalong-scaled.jpg","width":2560,"height":1697,"caption":"Volontariat international"},{"@type":"BreadcrumbList","@id":"https:\/\/www.vita-explorers.dk\/blog\/nepal-sibra-projektet-i-pressen\/#breadcrumb","itemListElement":[{"@type":"ListItem","position":1,"name":"Accueil","item":"https:\/\/www.vita-explorers.dk\/blog\/"},{"@type":"ListItem","position":2,"name":"Nepal: SIBRA-projektet omtalt i pressen!"}]},{"@type":"WebSite","@id":"https:\/\/www.vita-explorers.dk\/blog\/#website","url":"https:\/\/www.vita-explorers.dk\/blog\/","name":"Association Globalong","description":"Frivilligt arbejde, sprogophold, praktik i udlandet og internationale oplevelser","publisher":{"@id":"https:\/\/www.vita-explorers.dk\/blog\/#organization"},"potentialAction":[{"@type":"SearchAction","target":{"@type":"EntryPoint","urlTemplate":"https:\/\/www.vita-explorers.dk\/blog\/?s={search_term_string}"},"query-input":{"@type":"PropertyValueSpecification","valueRequired":true,"valueName":"search_term_string"}}],"inLanguage":"da-DK"},{"@type":"Organization","@id":"https:\/\/www.vita-explorers.dk\/blog\/#organization","name":"Association Globalong","url":"https:\/\/www.vita-explorers.dk\/blog\/","logo":{"@type":"ImageObject","inLanguage":"da-DK","@id":"https:\/\/www.vita-explorers.dk\/blog\/#\/schema\/logo\/image\/","url":"https:\/\/www.globalong.com\/blog\/wp-content\/uploads\/2014\/11\/cropped-cropped-Logo-et-Afrique-Globalong-petite-taille-2.jpg","contentUrl":"https:\/\/www.globalong.com\/blog\/wp-content\/uploads\/2014\/11\/cropped-cropped-Logo-et-Afrique-Globalong-petite-taille-2.jpg","width":512,"height":512,"caption":"Association Globalong"},"image":{"@id":"https:\/\/www.vita-explorers.dk\/blog\/#\/schema\/logo\/image\/"},"sameAs":["https:\/\/www.facebook.com\/globalong"]},{"@type":"Person","@id":"https:\/\/www.vita-explorers.dk\/blog\/#\/schema\/person\/d7df267b64f23018d1dc519e78fb2735","name":"VITA Tribe","image":{"@type":"ImageObject","inLanguage":"da-DK","@id":"https:\/\/www.vita-explorers.dk\/blog\/#\/schema\/person\/image\/","url":"https:\/\/secure.gravatar.com\/avatar\/81461bcc213d0ff2bdc043d4206648f0?s=96&d=mm&r=g","contentUrl":"https:\/\/secure.gravatar.com\/avatar\/81461bcc213d0ff2bdc043d4206648f0?s=96&d=mm&r=g","caption":"VITA Tribe"},"sameAs":["https:\/\/www.globalong.com"],"url":"https:\/\/www.vita-explorers.dk\/blog\/author\/sophie\/"}]}},"_links":{"self":[{"href":"https:\/\/www.vita-explorers.dk\/blog\/wp-json\/wp\/v2\/posts\/15213"}],"collection":[{"href":"https:\/\/www.vita-explorers.dk\/blog\/wp-json\/wp\/v2\/posts"}],"about":[{"href":"https:\/\/www.vita-explorers.dk\/blog\/wp-json\/wp\/v2\/types\/post"}],"author":[{"embeddable":true,"href":"https:\/\/www.vita-explorers.dk\/blog\/wp-json\/wp\/v2\/users\/1"}],"replies":[{"embeddable":true,"href":"https:\/\/www.vita-explorers.dk\/blog\/wp-json\/wp\/v2\/comments?post=15213"}],"version-history":[{"count":6,"href":"https:\/\/www.vita-explorers.dk\/blog\/wp-json\/wp\/v2\/posts\/15213\/revisions"}],"predecessor-version":[{"id":21656,"href":"https:\/\/www.vita-explorers.dk\/blog\/wp-json\/wp\/v2\/posts\/15213\/revisions\/21656"}],"wp:featuredmedia":[{"embeddable":true,"href":"https:\/\/www.vita-explorers.dk\/blog\/wp-json\/wp\/v2\/media\/15214"}],"wp:attachment":[{"href":"https:\/\/www.vita-explorers.dk\/blog\/wp-json\/wp\/v2\/media?parent=15213"}],"wp:term":[{"taxonomy":"category","embeddable":true,"href":"https:\/\/www.vita-explorers.dk\/blog\/wp-json\/wp\/v2\/categories?post=15213"},{"taxonomy":"post_tag","embeddable":true,"href":"https:\/\/www.vita-explorers.dk\/blog\/wp-json\/wp\/v2\/tags?post=15213"}],"curies":[{"name":"wp","href":"https:\/\/api.w.org\/{rel}","templated":true}]}}