{"id":15231,"date":"2023-03-03T17:37:44","date_gmt":"2023-03-03T16:37:44","guid":{"rendered":"https:\/\/www.globalong.com\/blog\/?p=15231"},"modified":"2024-05-02T10:42:30","modified_gmt":"2024-05-02T08:42:30","slug":"den-internationale-dag-for-vilde-dyr","status":"publish","type":"post","link":"https:\/\/www.vita-explorers.dk\/blog\/den-internationale-dag-for-vilde-dyr\/","title":{"rendered":"Den Internationale Dag for Vilde Dyr og Natur"},"content":{"rendered":"<h1 class=\"p1\" style=\"text-align: center;\"><span style=\"font-size: 12pt;\"><strong>Den Internationale Dag for Vilde Dyr og Planter markeres hvert \u00e5r den 3. marts siden 2013. Dagen er udpeget af FN for at \u00f8ge kendskabet til bevaring og beskyttelse af vilde dyr og planter.<\/strong><\/span><\/h1>\n<h2 class=\"p1\"><span style=\"font-size: 12pt;\">Dagen minder os om, hvor vigtig naturen er for \u00f8kosystemernes balance og for menneskers livsgrundlag. Samtidig s\u00e6tter den fokus p\u00e5 de trusler, som vilde arter m\u00f8der \u2013 blandt andet tab af levesteder, jagt og krybskytteri, ulovlig handel med vilde arter, forurening og klimaforandringer. Hvert \u00e5r har dagen et nyt tema, der retter opm\u00e6rksomheden mod et s\u00e6rligt omr\u00e5de inden for naturbeskyttelse. Temaet for 2023, \u201dSammen om at bevare det vilde liv\u201d, hylder dem, der g\u00f8r en forskel \u2013 og derfor vil vi naturligvis ogs\u00e5 sige tak til vores medlemmer for deres engagement.<\/span><\/h2>\n<p class=\"p4\" style=\"text-align: justify;\">Det vilde dyre- og planteliv er en fascinerende verden med stor mangfoldighed, sk\u00f8nhed og komplekse sammenh\u00e6nge. Det er afg\u00f8rende for naturens balance og leverer vigtige \u00f8kosystemtjenester for os mennesker \u2013 som best\u00f8vning, regulering af klima og vand, produktion af f\u00f8devarer og grundlag for medicin. Vilde dyr lever i et v\u00e6ld af levesteder \u2013 fra frodige skove til t\u00f8rre \u00f8rkener, fra stejle bjerge til dybe have. De har udviklet bem\u00e6rkelsesv\u00e6rdige tilpasninger for at klare sig i deres omgivelser, som vandafvisende fjer hos vandfugle, klove hos plante\u00e6dere og farverigt camouflage hos insekter.<\/p>\n<p class=\"p4\" style=\"text-align: justify;\">Det vilde liv kendetegnes ogs\u00e5 af komplekse relationer mellem arter \u2013 som rovdyr\/byttedyr-forhold, samarbejde, konkurrence og symbiose.<\/p>\n<p class=\"p4\" style=\"text-align: justify;\">Samtidig st\u00e5r vilde arter over for mange udfordringer, herunder \u00f8del\u00e6ggelse af naturlige levesteder, jagt og krybskytteri, forurening, klimaforandringer og fragmentering af naturomr\u00e5der. Mange arter er truet af udryddelse, og det kan f\u00e5 alvorlige konsekvenser for b\u00e5de \u00f8kosystemer og de mennesker, der er afh\u00e6ngige af dem.<\/p>\n<p class=\"p4\" style=\"text-align: justify;\">Derfor er det afg\u00f8rende at beskytte naturen og underst\u00f8tte en fredelig sameksistens mellem mennesker og dyr. Det kan blandt andet ske gennem etablering af naturreservater og \u00f8kologiske korridorer, mindre forurening og lavere udledning af drivhusgasser, regulering af jagt og bek\u00e6mpelse af krybskytteri samt fremme af et b\u00e6redygtigt landbrug med respekt for biodiversitet.<\/p>\n<p class=\"p4\" style=\"text-align: justify;\">I sidste ende er det vilde liv en v\u00e6rdifuld arv, vi skal passe p\u00e5 for kommende generationer. Vi har et f\u00e6lles ansvar for at beskytte naturens mangfoldighed og arbejde sammen for dens fortsatte trivsel. Vi kan alle bidrage til at v\u00e6rne om det vilde liv og bevare denne uvurderlige natur.<\/p>\n<h3 class=\"p4\" style=\"text-align: center;\"><span style=\"font-size: 12pt;\"><strong>Fokus p\u00e5 beskyttelse af det vilde liv i Latinamerika<\/strong><\/span><\/h3>\n<p class=\"p4\" style=\"text-align: justify;\">Bevarelsen af det vilde liv i Latinamerika er vigtig af mange grunde. For det f\u00f8rste er Latinamerika en af verdens mest biodiversitetsrige regioner med en stor variation af dyre- og plantearter, hvoraf mange kun findes her. At beskytte disse arter er centralt for at fastholde den \u00f8kologiske balance og bevare naturlige \u00f8kosystemer.<\/p>\n<p class=\"p4\" style=\"text-align: justify;\">Derudover er mange lokalsamfund i Latinamerika afh\u00e6ngige af naturen som livsgrundlag \u2013 hvad enten det g\u00e6lder mad, medicin eller andre ressourcer fra dyr og planter. Naturbeskyttelse er derfor ogs\u00e5 vigtig for f\u00f8devaresikkerhed og \u00f8konomisk stabilitet i disse omr\u00e5der. Samtidig har mange naturomr\u00e5der stor kulturel og historisk betydning og er popul\u00e6re rejsem\u00e5l. At passe p\u00e5 naturen her er med til at sikre, at stederne kan bevares for kommende generationer.<\/p>\n<p class=\"p4\" style=\"text-align: justify;\">Endelig spiller naturen en n\u00f8glerolle i klimaregulering og i indsatsen mod klimaforandringer. Tropiske skove i Latinamerika lagrer store m\u00e6ngder kulstof, og bevarelse af skovene er derfor afg\u00f8rende for at reducere udledningen af drivhusgasser og bremse klimaforandringerne. Desv\u00e6rre er det vilde liv i Latinamerika under pres fra blandt andet skovrydning, intensivt landbrug, minedrift, jagt og krybskytteri, forurening og klimaforandringer.<\/p>\n<p class=\"p4\" style=\"text-align: justify;\">Derfor er det vigtigt at styrke naturbeskyttelsen i Latinamerika \u2013 for at bevare biodiversiteten, st\u00f8tte lokalsamfund og bidrage til kampen mod klimaforandringer. Hvis du \u00f8nsker at engagere dig i et forl\u00f8b med fokus p\u00e5 beskyttelse af det vilde liv, findes der mange muligheder.<\/p>\n<p class=\"p4\" style=\"text-align: justify;\">I forbindelse med dagen s\u00e6tter vi fokus p\u00e5 tre forl\u00f8b med naturbeskyttelse i Latinamerika:<\/p>\n<p class=\"p4\" style=\"text-align: justify;\">Du kan for eksempel engagere dig i et <a href=\"https:\/\/www.vita-explorers.dk\/sprog-og-frivilligt-arbejde\/spansk-frivilligt-arbejde-bolivia\/jungle-bolivie.html\" target=\"_blank\" rel=\"noopener\"><span style=\"text-decoration: underline;\"><strong>program, der st\u00f8tter oprindelige folk i regnskoven i Bolivia<\/strong><\/span><\/a>. Her bliver du en del af hverdagen i et Tacana-samfund p\u00e5 omkring 230 personer i junglen. Afh\u00e6ngigt af de aktuelle behov kan du undervise voksne og b\u00f8rn i engelsk, s\u00e5 de lettere kan kommunikere med bes\u00f8gende, hj\u00e6lpe med at h\u00f8ste sukkerr\u00f8r og presse saften, fiske, jage, s\u00e5 og h\u00f8ste p\u00e5 markerne, lave mad (en god m\u00e5de at l\u00e6re det bolivianske k\u00f8kken at kende) og v\u00e6re sammen med b\u00f8rnene. Forl\u00f8bet giver dig mulighed for et unikt socialt ophold i Amazonasjunglen.<\/p>\n<p><a href=\"https:\/\/www.vita-explorers.dk\/blog\/wp-content\/uploads\/2023\/03\/Bolivie.png\" target=\"_blank\" rel=\"noopener\"><img loading=\"lazy\" decoding=\"async\" class=\"aligncenter wp-image-15236 size-full\" src=\"https:\/\/www.vita-explorers.dk\/blog\/wp-content\/uploads\/2023\/03\/Bolivie.png\" alt=\"\" width=\"2412\" height=\"970\" srcset=\"https:\/\/www.vita-explorers.dk\/blog\/wp-content\/uploads\/2023\/03\/Bolivie.png 2412w, https:\/\/www.vita-explorers.dk\/blog\/wp-content\/uploads\/2023\/03\/Bolivie-300x121.png 300w, https:\/\/www.vita-explorers.dk\/blog\/wp-content\/uploads\/2023\/03\/Bolivie-1024x412.png 1024w, https:\/\/www.vita-explorers.dk\/blog\/wp-content\/uploads\/2023\/03\/Bolivie-768x309.png 768w, https:\/\/www.vita-explorers.dk\/blog\/wp-content\/uploads\/2023\/03\/Bolivie-1536x618.png 1536w, https:\/\/www.vita-explorers.dk\/blog\/wp-content\/uploads\/2023\/03\/Bolivie-2048x824.png 2048w\" sizes=\"(max-width: 2412px) 100vw, 2412px\" \/><\/a><\/p>\n<p class=\"p4\" style=\"text-align: justify;\">P\u00e5 Gal\u00e1pagos\u00f8erne kan du engagere dig i et <span style=\"text-decoration: underline;\"><strong><a href=\"https:\/\/www.vita-explorers.dk\/frivilligt-arbejde\/internationalt-frivilligt-arbejde-galapagos-studiepraktik\/ecovolontariat-galapagos-restaurering-beskyttelse-praktik.html\" target=\"_blank\" rel=\"noopener\">forl\u00f8b, der arbejder med beskyttelse af det vilde liv \u2013 med s\u00e6rligt fokus p\u00e5 Gal\u00e1pagos\u2019 endemiske arter<\/a><\/strong>.<\/span> Over tid er befolkningen p\u00e5 Gal\u00e1pagos vokset. Den lokale produktion er ikke tilstr\u00e6kkelig til at d\u00e6kke behovene i b\u00e5de lokalsamfund og turisme. Udviklingen har betydet, at mange varer \u2013 landbrugsprodukter, h\u00e5ndv\u00e6rksvarer, handelsvarer m.m. \u2013 er blevet bragt ind fra fastlandet b\u00e5de med fly og skib. Det har \u00f8get risikoen for, at bestemte insektarter som Mosca de la Fruta, Mosco Carmelite, Red Wasp og Black Wasp m.fl. samt invasive planter (aggressive) som La Mora, guava og Superrosa er kommet til \u00f8erne. Disse arter er meget robuste og har hurtigt tilpasset sig det naturlige milj\u00f8, hvilket g\u00f8r dem sv\u00e6re at kontrollere. Hovedm\u00e5let er derfor at fjerne de invasive planter, genplante med oprindelige og endemiske arter og st\u00f8tte lokalsamfundet i at genskabe naturlige levesteder forskellige steder p\u00e5 \u00f8en San Crist\u00f3bal.<\/p>\n<p><a href=\"https:\/\/www.vita-explorers.dk\/blog\/wp-content\/uploads\/2023\/03\/Galapagos.png\"><img loading=\"lazy\" decoding=\"async\" class=\"alignnone size-full wp-image-15235\" src=\"https:\/\/www.vita-explorers.dk\/blog\/wp-content\/uploads\/2023\/03\/Galapagos.png\" alt=\"\" width=\"2412\" height=\"970\" srcset=\"https:\/\/www.vita-explorers.dk\/blog\/wp-content\/uploads\/2023\/03\/Galapagos.png 2412w, https:\/\/www.vita-explorers.dk\/blog\/wp-content\/uploads\/2023\/03\/Galapagos-300x121.png 300w, https:\/\/www.vita-explorers.dk\/blog\/wp-content\/uploads\/2023\/03\/Galapagos-1024x412.png 1024w, https:\/\/www.vita-explorers.dk\/blog\/wp-content\/uploads\/2023\/03\/Galapagos-768x309.png 768w, https:\/\/www.vita-explorers.dk\/blog\/wp-content\/uploads\/2023\/03\/Galapagos-1536x618.png 1536w, https:\/\/www.vita-explorers.dk\/blog\/wp-content\/uploads\/2023\/03\/Galapagos-2048x824.png 2048w\" sizes=\"(max-width: 2412px) 100vw, 2412px\" \/><\/a><\/p>\n<p class=\"p4\" style=\"text-align: justify;\">Endelig kan du i <span style=\"text-decoration: underline;\"><strong><a href=\"https:\/\/www.vita-explorers.dk\/sprog-og-frivilligt-arbejde\/frivilligt-ophold-guatemala\/frivilligt-arbejde-guatemala-miljo.html\" target=\"_blank\" rel=\"noopener\">Guatemala engagere dig i beskyttelsen af det vilde liv ved at blive en del af et rehabiliteringscenter for vilde dyr<\/a><\/strong><\/span>. Centret giver deltagerne mulighed for at arbejde med tropiske dyr, som b\u00e5de er smukke og truede \u2013 herunder skarlagenaraer, melpapeg\u00f8jer, kinkajou, edderkoppeaber og br\u00f8leaber, peccary, coatimundi, margay og jaguarer. Dyrecenterets f\u00f8rsteprioritet er dyrenes trivsel, rehabilitering og uds\u00e6tning af de vilde dyr, der modtages. Du kan derfor hj\u00e6lpe med beskyttelse, avl og genuds\u00e6tning af truede arter, genplantning af skov, strandrensninger, st\u00f8tte til nyudkl\u00e6kkede skildpadder eller arrangere l\u00e6ringsaktiviteter for b\u00f8rn og unge.<\/p>\n<p><a href=\"https:\/\/www.vita-explorers.dk\/blog\/wp-content\/uploads\/2023\/03\/Guatemala.png\"><img loading=\"lazy\" decoding=\"async\" class=\"alignnone size-full wp-image-15234\" src=\"https:\/\/www.vita-explorers.dk\/blog\/wp-content\/uploads\/2023\/03\/Guatemala.png\" alt=\"\" width=\"2412\" height=\"970\" srcset=\"https:\/\/www.vita-explorers.dk\/blog\/wp-content\/uploads\/2023\/03\/Guatemala.png 2412w, https:\/\/www.vita-explorers.dk\/blog\/wp-content\/uploads\/2023\/03\/Guatemala-300x121.png 300w, https:\/\/www.vita-explorers.dk\/blog\/wp-content\/uploads\/2023\/03\/Guatemala-1024x412.png 1024w, https:\/\/www.vita-explorers.dk\/blog\/wp-content\/uploads\/2023\/03\/Guatemala-768x309.png 768w, https:\/\/www.vita-explorers.dk\/blog\/wp-content\/uploads\/2023\/03\/Guatemala-1536x618.png 1536w, https:\/\/www.vita-explorers.dk\/blog\/wp-content\/uploads\/2023\/03\/Guatemala-2048x824.png 2048w\" sizes=\"(max-width: 2412px) 100vw, 2412px\" \/><\/a><\/p>\n<p><strong>Hvis du vil h\u00f8re mere om forl\u00f8b med beskyttelse af det vilde liv i <a href=\"https:\/\/www.vita-explorers.dk\/link-generate-filter?typeFiltre[]=continent-5-72&#038;typeFiltre[]=typeSejour-6-76&#038;\" target=\"_blank\" rel=\"noopener\"><span style=\"text-decoration: underline;\">Latinamerika<\/span><\/a>, i <a href=\"https:\/\/www.vita-explorers.dk\/link-generate-filter?typeFiltre[]=continent-5-68&#038;typeFiltre[]=typeSejour-6-76&#038;\" target=\"_blank\" rel=\"noopener\"><span style=\"text-decoration: underline;\">Afrika<\/span><\/a>, i <a href=\"https:\/\/www.vita-explorers.dk\/link-generate-filter?typeFiltre[]=continent-5-69&#038;typeFiltre[]=typeSejour-6-76&#038;\" target=\"_blank\" rel=\"noopener\"><span style=\"text-decoration: underline;\">Asien<\/span><\/a>, i <span style=\"text-decoration: underline;\"><a href=\"https:\/\/www.vita-explorers.dk\/link-generate-filter?typeFiltre[]=continent-5-70&#038;\">Oceanien<\/a><\/span> eller i <span style=\"text-decoration: underline;\"><a href=\"https:\/\/www.vita-explorers.dk\/link-generate-filter?typeFiltre[]=continent-5-102&#038;typeFiltre[]=typeSejour-6-76&#038;\" target=\"_blank\" rel=\"noopener\">Europa<\/a><\/span>, er du velkommen til at kontakte os p\u00e5 <u><a href=\"mailto:info@globalong.com\">info@globalong.com<\/a><\/u><\/strong><\/p>\n","protected":false},"excerpt":{"rendered":"<p>Den Internationale Dag for Vilde Dyr og Planter markeres hvert \u00e5r den 3. marts siden 2013. Dagen er udpeget af FN for at \u00f8ge\u2026<\/p>\n","protected":false},"author":1,"featured_media":15232,"comment_status":"open","ping_status":"open","sticky":false,"template":"","format":"standard","meta":{"footnotes":""},"categories":[1],"tags":[],"yoast_head":"<!-- This site is optimized with the Yoast SEO Premium plugin v23.4 (Yoast SEO v23.4) - https:\/\/yoast.com\/wordpress\/plugins\/seo\/ -->\n<title>Den Internationale Dag for Vilde Dyr og Natur - VITA Explorers Blog<\/title>\n<meta name=\"robots\" content=\"index, follow, max-snippet:-1, max-image-preview:large, max-video-preview:-1\" \/>\n<link rel=\"canonical\" href=\"https:\/\/www.vita-explorers.dk\/blog\/den-internationale-dag-for-vilde-dyr\/\" \/>\n<meta property=\"og:locale\" content=\"da_DK\" \/>\n<meta property=\"og:type\" content=\"article\" \/>\n<meta property=\"og:title\" content=\"Den Internationale Dag for Vilde Dyr og Natur\" \/>\n<meta property=\"og:description\" content=\"Den Internationale Dag for Vilde Dyr og Planter markeres hvert \u00e5r den 3. marts siden 2013. Dagen er udpeget af FN for at \u00f8ge\u2026\" \/>\n<meta property=\"og:url\" content=\"https:\/\/www.vita-explorers.dk\/blog\/den-internationale-dag-for-vilde-dyr\/\" \/>\n<meta property=\"og:site_name\" content=\"VITA Explorers Blog\" \/>\n<meta property=\"article:publisher\" content=\"https:\/\/www.facebook.com\/globalong\" \/>\n<meta property=\"article:published_time\" content=\"2023-03-03T16:37:44+00:00\" \/>\n<meta property=\"article:modified_time\" content=\"2024-05-02T08:42:30+00:00\" \/>\n<meta property=\"og:image\" content=\"https:\/\/www.vita-explorers.dk\/blog\/wp-content\/uploads\/2023\/03\/8-Rurrenabaque-San-Miguel-Voyage-Rurrenabaque-17.22-31.mars2015.jpg\" \/>\n\t<meta property=\"og:image:width\" content=\"1600\" \/>\n\t<meta property=\"og:image:height\" content=\"1067\" \/>\n\t<meta property=\"og:image:type\" content=\"image\/jpeg\" \/>\n<meta name=\"author\" content=\"VITA Tribe\" \/>\n<meta name=\"twitter:card\" content=\"summary_large_image\" \/>\n<meta name=\"twitter:label1\" content=\"Skrevet af\" \/>\n\t<meta name=\"twitter:data1\" content=\"VITA Tribe\" \/>\n\t<meta name=\"twitter:label2\" content=\"Estimeret l\u00e6setid\" \/>\n\t<meta name=\"twitter:data2\" content=\"5 minutter\" \/>\n<script type=\"application\/ld+json\" class=\"yoast-schema-graph\">{\"@context\":\"https:\/\/schema.org\",\"@graph\":[{\"@type\":\"Article\",\"@id\":\"https:\/\/www.vita-explorers.dk\/blog\/den-internationale-dag-for-vilde-dyr\/#article\",\"isPartOf\":{\"@id\":\"https:\/\/www.vita-explorers.dk\/blog\/den-internationale-dag-for-vilde-dyr\/\"},\"author\":{\"name\":\"VITA Tribe\",\"@id\":\"https:\/\/www.vita-explorers.dk\/blog\/#\/schema\/person\/d7df267b64f23018d1dc519e78fb2735\"},\"headline\":\"Den Internationale Dag for Vilde Dyr og Natur\",\"datePublished\":\"2023-03-03T16:37:44+00:00\",\"dateModified\":\"2024-05-02T08:42:30+00:00\",\"mainEntityOfPage\":{\"@id\":\"https:\/\/www.vita-explorers.dk\/blog\/den-internationale-dag-for-vilde-dyr\/\"},\"wordCount\":1084,\"commentCount\":0,\"publisher\":{\"@id\":\"https:\/\/www.vita-explorers.dk\/blog\/#organization\"},\"image\":{\"@id\":\"https:\/\/www.vita-explorers.dk\/blog\/den-internationale-dag-for-vilde-dyr\/#primaryimage\"},\"thumbnailUrl\":\"https:\/\/www.vita-explorers.dk\/blog\/wp-content\/uploads\/2023\/03\/8-Rurrenabaque-San-Miguel-Voyage-Rurrenabaque-17.22-31.mars2015.jpg\",\"articleSection\":[\"No Name\"],\"inLanguage\":\"da-DK\",\"potentialAction\":[{\"@type\":\"CommentAction\",\"name\":\"Comment\",\"target\":[\"https:\/\/www.vita-explorers.dk\/blog\/den-internationale-dag-for-vilde-dyr\/#respond\"]}]},{\"@type\":\"WebPage\",\"@id\":\"https:\/\/www.vita-explorers.dk\/blog\/den-internationale-dag-for-vilde-dyr\/\",\"url\":\"https:\/\/www.vita-explorers.dk\/blog\/den-internationale-dag-for-vilde-dyr\/\",\"name\":\"Den Internationale Dag for Vilde Dyr og Natur - VITA Explorers Blog\",\"isPartOf\":{\"@id\":\"https:\/\/www.vita-explorers.dk\/blog\/#website\"},\"primaryImageOfPage\":{\"@id\":\"https:\/\/www.vita-explorers.dk\/blog\/den-internationale-dag-for-vilde-dyr\/#primaryimage\"},\"image\":{\"@id\":\"https:\/\/www.vita-explorers.dk\/blog\/den-internationale-dag-for-vilde-dyr\/#primaryimage\"},\"thumbnailUrl\":\"https:\/\/www.vita-explorers.dk\/blog\/wp-content\/uploads\/2023\/03\/8-Rurrenabaque-San-Miguel-Voyage-Rurrenabaque-17.22-31.mars2015.jpg\",\"datePublished\":\"2023-03-03T16:37:44+00:00\",\"dateModified\":\"2024-05-02T08:42:30+00:00\",\"breadcrumb\":{\"@id\":\"https:\/\/www.vita-explorers.dk\/blog\/den-internationale-dag-for-vilde-dyr\/#breadcrumb\"},\"inLanguage\":\"da-DK\",\"potentialAction\":[{\"@type\":\"ReadAction\",\"target\":[\"https:\/\/www.vita-explorers.dk\/blog\/den-internationale-dag-for-vilde-dyr\/\"]}]},{\"@type\":\"ImageObject\",\"inLanguage\":\"da-DK\",\"@id\":\"https:\/\/www.vita-explorers.dk\/blog\/den-internationale-dag-for-vilde-dyr\/#primaryimage\",\"url\":\"https:\/\/www.vita-explorers.dk\/blog\/wp-content\/uploads\/2023\/03\/8-Rurrenabaque-San-Miguel-Voyage-Rurrenabaque-17.22-31.mars2015.jpg\",\"contentUrl\":\"https:\/\/www.vita-explorers.dk\/blog\/wp-content\/uploads\/2023\/03\/8-Rurrenabaque-San-Miguel-Voyage-Rurrenabaque-17.22-31.mars2015.jpg\",\"width\":1600,\"height\":1067},{\"@type\":\"BreadcrumbList\",\"@id\":\"https:\/\/www.vita-explorers.dk\/blog\/den-internationale-dag-for-vilde-dyr\/#breadcrumb\",\"itemListElement\":[{\"@type\":\"ListItem\",\"position\":1,\"name\":\"Accueil\",\"item\":\"https:\/\/www.vita-explorers.dk\/blog\/\"},{\"@type\":\"ListItem\",\"position\":2,\"name\":\"Den Internationale Dag for Vilde Dyr og Natur\"}]},{\"@type\":\"WebSite\",\"@id\":\"https:\/\/www.vita-explorers.dk\/blog\/#website\",\"url\":\"https:\/\/www.vita-explorers.dk\/blog\/\",\"name\":\"Association Globalong\",\"description\":\"Frivilligt arbejde, sprogophold, praktik i udlandet og internationale oplevelser\",\"publisher\":{\"@id\":\"https:\/\/www.vita-explorers.dk\/blog\/#organization\"},\"potentialAction\":[{\"@type\":\"SearchAction\",\"target\":{\"@type\":\"EntryPoint\",\"urlTemplate\":\"https:\/\/www.vita-explorers.dk\/blog\/?s={search_term_string}\"},\"query-input\":{\"@type\":\"PropertyValueSpecification\",\"valueRequired\":true,\"valueName\":\"search_term_string\"}}],\"inLanguage\":\"da-DK\"},{\"@type\":\"Organization\",\"@id\":\"https:\/\/www.vita-explorers.dk\/blog\/#organization\",\"name\":\"Association Globalong\",\"url\":\"https:\/\/www.vita-explorers.dk\/blog\/\",\"logo\":{\"@type\":\"ImageObject\",\"inLanguage\":\"da-DK\",\"@id\":\"https:\/\/www.vita-explorers.dk\/blog\/#\/schema\/logo\/image\/\",\"url\":\"https:\/\/www.globalong.com\/blog\/wp-content\/uploads\/2014\/11\/cropped-cropped-Logo-et-Afrique-Globalong-petite-taille-2.jpg\",\"contentUrl\":\"https:\/\/www.globalong.com\/blog\/wp-content\/uploads\/2014\/11\/cropped-cropped-Logo-et-Afrique-Globalong-petite-taille-2.jpg\",\"width\":512,\"height\":512,\"caption\":\"Association Globalong\"},\"image\":{\"@id\":\"https:\/\/www.vita-explorers.dk\/blog\/#\/schema\/logo\/image\/\"},\"sameAs\":[\"https:\/\/www.facebook.com\/globalong\"]},{\"@type\":\"Person\",\"@id\":\"https:\/\/www.vita-explorers.dk\/blog\/#\/schema\/person\/d7df267b64f23018d1dc519e78fb2735\",\"name\":\"VITA Tribe\",\"image\":{\"@type\":\"ImageObject\",\"inLanguage\":\"da-DK\",\"@id\":\"https:\/\/www.vita-explorers.dk\/blog\/#\/schema\/person\/image\/\",\"url\":\"https:\/\/secure.gravatar.com\/avatar\/81461bcc213d0ff2bdc043d4206648f0?s=96&d=mm&r=g\",\"contentUrl\":\"https:\/\/secure.gravatar.com\/avatar\/81461bcc213d0ff2bdc043d4206648f0?s=96&d=mm&r=g\",\"caption\":\"VITA Tribe\"},\"sameAs\":[\"https:\/\/www.globalong.com\"],\"url\":\"https:\/\/www.vita-explorers.dk\/blog\/author\/sophie\/\"}]}<\/script>\n<!-- \/ Yoast SEO Premium plugin. -->","yoast_head_json":{"title":"Den Internationale Dag for Vilde Dyr og Natur - VITA Explorers Blog","robots":{"index":"index","follow":"follow","max-snippet":"max-snippet:-1","max-image-preview":"max-image-preview:large","max-video-preview":"max-video-preview:-1"},"canonical":"https:\/\/www.vita-explorers.dk\/blog\/den-internationale-dag-for-vilde-dyr\/","og_locale":"da_DK","og_type":"article","og_title":"Den Internationale Dag for Vilde Dyr og Natur","og_description":"Den Internationale Dag for Vilde Dyr og Planter markeres hvert \u00e5r den 3. marts siden 2013. Dagen er udpeget af FN for at \u00f8ge\u2026","og_url":"https:\/\/www.vita-explorers.dk\/blog\/den-internationale-dag-for-vilde-dyr\/","og_site_name":"VITA Explorers Blog","article_publisher":"https:\/\/www.facebook.com\/globalong","article_published_time":"2023-03-03T16:37:44+00:00","article_modified_time":"2024-05-02T08:42:30+00:00","og_image":[{"width":1600,"height":1067,"url":"https:\/\/www.vita-explorers.dk\/blog\/wp-content\/uploads\/2023\/03\/8-Rurrenabaque-San-Miguel-Voyage-Rurrenabaque-17.22-31.mars2015.jpg","type":"image\/jpeg"}],"author":"VITA Tribe","twitter_card":"summary_large_image","twitter_misc":{"Skrevet af":"VITA Tribe","Estimeret l\u00e6setid":"5 minutter"},"schema":{"@context":"https:\/\/schema.org","@graph":[{"@type":"Article","@id":"https:\/\/www.vita-explorers.dk\/blog\/den-internationale-dag-for-vilde-dyr\/#article","isPartOf":{"@id":"https:\/\/www.vita-explorers.dk\/blog\/den-internationale-dag-for-vilde-dyr\/"},"author":{"name":"VITA Tribe","@id":"https:\/\/www.vita-explorers.dk\/blog\/#\/schema\/person\/d7df267b64f23018d1dc519e78fb2735"},"headline":"Den Internationale Dag for Vilde Dyr og Natur","datePublished":"2023-03-03T16:37:44+00:00","dateModified":"2024-05-02T08:42:30+00:00","mainEntityOfPage":{"@id":"https:\/\/www.vita-explorers.dk\/blog\/den-internationale-dag-for-vilde-dyr\/"},"wordCount":1084,"commentCount":0,"publisher":{"@id":"https:\/\/www.vita-explorers.dk\/blog\/#organization"},"image":{"@id":"https:\/\/www.vita-explorers.dk\/blog\/den-internationale-dag-for-vilde-dyr\/#primaryimage"},"thumbnailUrl":"https:\/\/www.vita-explorers.dk\/blog\/wp-content\/uploads\/2023\/03\/8-Rurrenabaque-San-Miguel-Voyage-Rurrenabaque-17.22-31.mars2015.jpg","articleSection":["No Name"],"inLanguage":"da-DK","potentialAction":[{"@type":"CommentAction","name":"Comment","target":["https:\/\/www.vita-explorers.dk\/blog\/den-internationale-dag-for-vilde-dyr\/#respond"]}]},{"@type":"WebPage","@id":"https:\/\/www.vita-explorers.dk\/blog\/den-internationale-dag-for-vilde-dyr\/","url":"https:\/\/www.vita-explorers.dk\/blog\/den-internationale-dag-for-vilde-dyr\/","name":"Den Internationale Dag for Vilde Dyr og Natur - VITA Explorers Blog","isPartOf":{"@id":"https:\/\/www.vita-explorers.dk\/blog\/#website"},"primaryImageOfPage":{"@id":"https:\/\/www.vita-explorers.dk\/blog\/den-internationale-dag-for-vilde-dyr\/#primaryimage"},"image":{"@id":"https:\/\/www.vita-explorers.dk\/blog\/den-internationale-dag-for-vilde-dyr\/#primaryimage"},"thumbnailUrl":"https:\/\/www.vita-explorers.dk\/blog\/wp-content\/uploads\/2023\/03\/8-Rurrenabaque-San-Miguel-Voyage-Rurrenabaque-17.22-31.mars2015.jpg","datePublished":"2023-03-03T16:37:44+00:00","dateModified":"2024-05-02T08:42:30+00:00","breadcrumb":{"@id":"https:\/\/www.vita-explorers.dk\/blog\/den-internationale-dag-for-vilde-dyr\/#breadcrumb"},"inLanguage":"da-DK","potentialAction":[{"@type":"ReadAction","target":["https:\/\/www.vita-explorers.dk\/blog\/den-internationale-dag-for-vilde-dyr\/"]}]},{"@type":"ImageObject","inLanguage":"da-DK","@id":"https:\/\/www.vita-explorers.dk\/blog\/den-internationale-dag-for-vilde-dyr\/#primaryimage","url":"https:\/\/www.vita-explorers.dk\/blog\/wp-content\/uploads\/2023\/03\/8-Rurrenabaque-San-Miguel-Voyage-Rurrenabaque-17.22-31.mars2015.jpg","contentUrl":"https:\/\/www.vita-explorers.dk\/blog\/wp-content\/uploads\/2023\/03\/8-Rurrenabaque-San-Miguel-Voyage-Rurrenabaque-17.22-31.mars2015.jpg","width":1600,"height":1067},{"@type":"BreadcrumbList","@id":"https:\/\/www.vita-explorers.dk\/blog\/den-internationale-dag-for-vilde-dyr\/#breadcrumb","itemListElement":[{"@type":"ListItem","position":1,"name":"Accueil","item":"https:\/\/www.vita-explorers.dk\/blog\/"},{"@type":"ListItem","position":2,"name":"Den Internationale Dag for Vilde Dyr og Natur"}]},{"@type":"WebSite","@id":"https:\/\/www.vita-explorers.dk\/blog\/#website","url":"https:\/\/www.vita-explorers.dk\/blog\/","name":"Association Globalong","description":"Frivilligt arbejde, sprogophold, praktik i udlandet og internationale oplevelser","publisher":{"@id":"https:\/\/www.vita-explorers.dk\/blog\/#organization"},"potentialAction":[{"@type":"SearchAction","target":{"@type":"EntryPoint","urlTemplate":"https:\/\/www.vita-explorers.dk\/blog\/?s={search_term_string}"},"query-input":{"@type":"PropertyValueSpecification","valueRequired":true,"valueName":"search_term_string"}}],"inLanguage":"da-DK"},{"@type":"Organization","@id":"https:\/\/www.vita-explorers.dk\/blog\/#organization","name":"Association Globalong","url":"https:\/\/www.vita-explorers.dk\/blog\/","logo":{"@type":"ImageObject","inLanguage":"da-DK","@id":"https:\/\/www.vita-explorers.dk\/blog\/#\/schema\/logo\/image\/","url":"https:\/\/www.globalong.com\/blog\/wp-content\/uploads\/2014\/11\/cropped-cropped-Logo-et-Afrique-Globalong-petite-taille-2.jpg","contentUrl":"https:\/\/www.globalong.com\/blog\/wp-content\/uploads\/2014\/11\/cropped-cropped-Logo-et-Afrique-Globalong-petite-taille-2.jpg","width":512,"height":512,"caption":"Association Globalong"},"image":{"@id":"https:\/\/www.vita-explorers.dk\/blog\/#\/schema\/logo\/image\/"},"sameAs":["https:\/\/www.facebook.com\/globalong"]},{"@type":"Person","@id":"https:\/\/www.vita-explorers.dk\/blog\/#\/schema\/person\/d7df267b64f23018d1dc519e78fb2735","name":"VITA Tribe","image":{"@type":"ImageObject","inLanguage":"da-DK","@id":"https:\/\/www.vita-explorers.dk\/blog\/#\/schema\/person\/image\/","url":"https:\/\/secure.gravatar.com\/avatar\/81461bcc213d0ff2bdc043d4206648f0?s=96&d=mm&r=g","contentUrl":"https:\/\/secure.gravatar.com\/avatar\/81461bcc213d0ff2bdc043d4206648f0?s=96&d=mm&r=g","caption":"VITA Tribe"},"sameAs":["https:\/\/www.globalong.com"],"url":"https:\/\/www.vita-explorers.dk\/blog\/author\/sophie\/"}]}},"_links":{"self":[{"href":"https:\/\/www.vita-explorers.dk\/blog\/wp-json\/wp\/v2\/posts\/15231"}],"collection":[{"href":"https:\/\/www.vita-explorers.dk\/blog\/wp-json\/wp\/v2\/posts"}],"about":[{"href":"https:\/\/www.vita-explorers.dk\/blog\/wp-json\/wp\/v2\/types\/post"}],"author":[{"embeddable":true,"href":"https:\/\/www.vita-explorers.dk\/blog\/wp-json\/wp\/v2\/users\/1"}],"replies":[{"embeddable":true,"href":"https:\/\/www.vita-explorers.dk\/blog\/wp-json\/wp\/v2\/comments?post=15231"}],"version-history":[{"count":3,"href":"https:\/\/www.vita-explorers.dk\/blog\/wp-json\/wp\/v2\/posts\/15231\/revisions"}],"predecessor-version":[{"id":16409,"href":"https:\/\/www.vita-explorers.dk\/blog\/wp-json\/wp\/v2\/posts\/15231\/revisions\/16409"}],"wp:featuredmedia":[{"embeddable":true,"href":"https:\/\/www.vita-explorers.dk\/blog\/wp-json\/wp\/v2\/media\/15232"}],"wp:attachment":[{"href":"https:\/\/www.vita-explorers.dk\/blog\/wp-json\/wp\/v2\/media?parent=15231"}],"wp:term":[{"taxonomy":"category","embeddable":true,"href":"https:\/\/www.vita-explorers.dk\/blog\/wp-json\/wp\/v2\/categories?post=15231"},{"taxonomy":"post_tag","embeddable":true,"href":"https:\/\/www.vita-explorers.dk\/blog\/wp-json\/wp\/v2\/tags?post=15231"}],"curies":[{"name":"wp","href":"https:\/\/api.w.org\/{rel}","templated":true}]}}