{"id":15238,"date":"2023-03-08T17:21:32","date_gmt":"2023-03-08T16:21:32","guid":{"rendered":"https:\/\/www.globalong.com\/blog\/?p=15238"},"modified":"2024-05-02T10:40:05","modified_gmt":"2024-05-02T08:40:05","slug":"kvindernes-internationale-kampdag","status":"publish","type":"post","link":"https:\/\/www.vita-explorers.dk\/blog\/kvindernes-internationale-kampdag\/","title":{"rendered":"Den Internationale Kampdag for Kvinders Rettigheder"},"content":{"rendered":"<h1 style=\"text-align: center;\"><span style=\"font-size: 12pt;\"><strong>I dag, den 8. marts, er det International Kampdag for Kvinders Rettigheder! <\/strong><\/span><\/h1>\n<p><a href=\"https:\/\/www.vita-explorers.dk\/blog\/wp-content\/uploads\/2023\/03\/Maroc.jpeg\"><img loading=\"lazy\" decoding=\"async\" class=\"size-full wp-image-15242 aligncenter\" src=\"https:\/\/www.vita-explorers.dk\/blog\/wp-content\/uploads\/2023\/03\/Maroc.jpeg\" alt=\"\" width=\"960\" height=\"720\" srcset=\"https:\/\/www.vita-explorers.dk\/blog\/wp-content\/uploads\/2023\/03\/Maroc.jpeg 960w, https:\/\/www.vita-explorers.dk\/blog\/wp-content\/uploads\/2023\/03\/Maroc-300x225.jpeg 300w, https:\/\/www.vita-explorers.dk\/blog\/wp-content\/uploads\/2023\/03\/Maroc-768x576.jpeg 768w\" sizes=\"(max-width: 960px) 100vw, 960px\" \/><\/a><\/p>\n<p>\u00a0<\/p>\n<h2><span style=\"font-size: 12pt;\">I den anledning har vi valgt at dedikere en artikel til et emne, der ligger os n\u00e6rt: kvinders selvst\u00e6ndigg\u00f8relse verden over. Dagen er ogs\u00e5 en oplagt mulighed for at sige tak til de mange kvindelige deltagere i VITA, som engagerer sig i forl\u00f8b, der handler om st\u00f8tte og styrkelse af kvinder.<\/span><\/h2>\n<p>Kvinders selvst\u00e6ndigg\u00f8relse er en global bev\u00e6gelse, der arbejder for, at kvinder har samme rettigheder, muligheder og friheder som m\u00e6nd p\u00e5 alle omr\u00e5der af livet. Selvom der er sket vigtige fremskridt de seneste \u00e5r, m\u00f8der kvinder mange steder stadig betydelige barrierer.<\/p>\n<p>I nogle lande er kvinder fortsat underlagt lovgivning og sociale normer, der begr\u00e6nser deres deltagelse i det offentlige og politiske liv, deres adgang til uddannelse, arbejde og sundhedsydelser samt deres mulighed for at bestemme over egen krop og eget liv. K\u00f8nsbaseret vold \u2013 herunder vold i hjemmet, voldt\u00e6gt og kvindelig omsk\u00e6ring \u2013 er fortsat et alvorligt problem.<\/p>\n<p>Samtidig ser vi, at flere og flere kvinder bryder barrierer og indtager ansvar og lederroller p\u00e5 tv\u00e6rs af sektorer. Kvinder har ogs\u00e5 i stigende grad taget ordet, organiseret sig og st\u00e5et sammen for at forsvare deres rettigheder og blive h\u00f8rt.<\/p>\n<h3 class=\"p1\"><span style=\"font-size: 12pt;\">Som deltager i et internationalt forl\u00f8b kan du v\u00e6re med til at st\u00f8tte arbejdet for kvinders rettigheder:<\/span><\/h3>\n<ul>\n<li>Bidrage til sundhed og uddannelse for kvinder: Du kan engagere dig i indsatser, der styrker kvinders adgang til sundhed og l\u00e6ring i omr\u00e5der pr\u00e6get af konflikt eller naturkatastrofer. Det kan fx v\u00e6re grundl\u00e6ggende sundhedsindsatser, st\u00f8tte f\u00f8r og efter f\u00f8dsel, vaccinationsforl\u00f8b, l\u00e6se- og skriveundervisning, erhvervsrettet tr\u00e6ning og andre relaterede aktiviteter.<\/li>\n<li>Modvirke vold mod kvinder: Du kan st\u00f8tte initiativer, der forebygger og h\u00e5ndterer vold mod kvinder, herunder vold i hjemmet, seksuel vold og kvindelig omsk\u00e6ring. Det kan v\u00e6re ved at bidrage til psykosocial st\u00f8tte, henvise til relevante behandlings- og beskyttelsestilbud og deltage i lokalt forankret oplysningsarbejde, der udfordrer normer, som legitimerer vold.<\/li>\n<li>Styrke kvinders muligheder og handlekraft: Du kan v\u00e6re med i indsatser, der opbygger kompetencer for kvinder i omr\u00e5der ramt af konflikter eller kriser. Det kan fx v\u00e6re erhvervsrettede tr\u00e6ningsforl\u00f8b, st\u00f8tte til trivsel og robusthed eller initiativer, der g\u00f8r det lettere at f\u00e5 adgang til \u00f8konomiske muligheder og ydelser.<\/li>\n<li>St\u00f8tte kvinders deltagelse i beslutninger: Du kan v\u00e6re med til at fremme kvinders deltagelse i beslutningsprocesser ved at st\u00f8tte lokalt drevne initiativer, der styrker kvinders rolle i politiske, \u00f8konomiske og sociale sammenh\u00e6nge. Det kan bl.a. v\u00e6re l\u00e6ringsforl\u00f8b, der g\u00f8r det lettere at forst\u00e5 og navigere i beslutningsprocesser \u2013 og at blive en del af dem.<\/li>\n<li>Fremme ligestilling: Endelig kan du st\u00f8tte arbejdet for ligestilling i omr\u00e5der ramt af konflikt eller krise. Det kan v\u00e6re gennem oplysningsaktiviteter, der udfordrer k\u00f8nsstereotyper, inddrager m\u00e6nd og drenge i ligestillingsarbejdet og styrker netv\u00e6rk, hvor viden og ressourcer kan deles.<\/li>\n<\/ul>\n<h4 class=\"p1\"><span style=\"font-size: 12pt;\">Kort sagt kan du som deltager g\u00f8re en reel forskel i arbejdet for kvinders selvst\u00e6ndigg\u00f8relse verden over. Uanset om det handler om sundhed og uddannelse, forebyggelse af vold, kompetenceudvikling, \u00f8get deltagelse i beslutninger eller arbejde for ligestilling, t\u00e6ller hvert bidrag.<\/span><\/h4>\n<h5><span style=\"font-size: 12pt;\">Du kan engagere dig i forl\u00f8b med fokus p\u00e5 kvinders rettigheder i <span style=\"text-decoration: underline;\"><strong><a href=\"https:\/\/www.vita-explorers.dk\/sprog-og-frivilligt-arbejde\/frivilligt-ophold-guatemala\/humanitaert-ophold-frivilligt-arbejde-internationalt-socialt-program-guatemala.html\" target=\"_blank\" rel=\"noopener\">Guatemala<\/a><\/strong><\/span>, i <span style=\"text-decoration: underline;\"><strong><a href=\"https:\/\/www.vita-explorers.dk\/frivilligt-arbejde\/inde-nord-delhi-jaipur\/lokal-udvikling-projekter-indien.html\" target=\"_blank\" rel=\"noopener\">Indien<\/a><\/strong><\/span>, i <span style=\"text-decoration: underline;\"><strong><a href=\"https:\/\/www.vita-explorers.dk\/frivilligt-arbejde\/frivilligt-arbejde-tanzania-internationale-forloeb\/afrika-humanit\u00e6rt-ungecenter.html\" target=\"_blank\" rel=\"noopener\">Tanzania<\/a><\/strong><\/span>, i <a href=\"https:\/\/www.vita-explorers.dk\/frivilligt-arbejde\/frivilligt-arbejde-i-nepal\/asien-nepal-kvinder-piger-stoette-solidaritet-frivilligt-arbejde-handel-marketing.html\" target=\"_blank\" rel=\"noopener\"><span style=\"text-decoration: underline;\"><strong>Nepal<\/strong><\/span><\/a>, i <a href=\"https:\/\/www.vita-explorers.dk\/sprog-og-frivilligt-arbejde\/A-syd-engelsk-frivilligt-arbejde\/samfundstjeneste-socialt-arbejde-uddannelse-af-piger-frivilligt-arbejde-humanitaert-arbejde-internationalt-forloeb-praktik.html\" target=\"_blank\" rel=\"noopener\"><span style=\"text-decoration: underline;\"><strong>Sydafrika<\/strong><\/span><\/a> og i <span style=\"text-decoration: underline;\"><strong><a href=\"https:\/\/www.vita-explorers.dk\/frivilligt-arbejde\/madagaskar-frivilligt-arbejde-humanitaert-og-praktik\/socialt-frivilligt-arbejde-madagaskar-pigecenter.html\" target=\"_blank\" rel=\"noopener\">Madagaskar<\/a><\/strong><\/span>, og hvis du vil h\u00f8re mere, er du altid velkommen til at kontakte os p\u00e5 <strong><u><a href=\"mailto:info@globalong.com\">info@globalong.com<\/a><\/u><\/strong><\/span><\/h5>\n<p><a href=\"https:\/\/www.vita-explorers.dk\/blog\/wp-content\/uploads\/2023\/03\/Babeth-en-Inde-avec-Globalong-15.jpeg\"><img loading=\"lazy\" decoding=\"async\" class=\"alignnone size-full wp-image-15241\" src=\"https:\/\/www.vita-explorers.dk\/blog\/wp-content\/uploads\/2023\/03\/Babeth-en-Inde-avec-Globalong-15.jpeg\" alt=\"\" width=\"1500\" height=\"2000\" srcset=\"https:\/\/www.vita-explorers.dk\/blog\/wp-content\/uploads\/2023\/03\/Babeth-en-Inde-avec-Globalong-15.jpeg 1500w, https:\/\/www.vita-explorers.dk\/blog\/wp-content\/uploads\/2023\/03\/Babeth-en-Inde-avec-Globalong-15-225x300.jpeg 225w, https:\/\/www.vita-explorers.dk\/blog\/wp-content\/uploads\/2023\/03\/Babeth-en-Inde-avec-Globalong-15-768x1024.jpeg 768w, https:\/\/www.vita-explorers.dk\/blog\/wp-content\/uploads\/2023\/03\/Babeth-en-Inde-avec-Globalong-15-1152x1536.jpeg 1152w\" sizes=\"(max-width: 1500px) 100vw, 1500px\" \/><\/a><\/p>\n","protected":false},"excerpt":{"rendered":"<p>I dag, den 8. marts, er det International Kampdag for Kvinders Rettigheder! \u00a0 I den anledning har vi valgt at dedikere en artikel til\u2026<\/p>\n","protected":false},"author":1,"featured_media":15243,"comment_status":"open","ping_status":"open","sticky":false,"template":"","format":"standard","meta":{"footnotes":""},"categories":[1],"tags":[],"yoast_head":"<!-- This site is optimized with the Yoast SEO Premium plugin v23.4 (Yoast SEO v23.4) - https:\/\/yoast.com\/wordpress\/plugins\/seo\/ -->\n<title>Den Internationale Kampdag for Kvinders Rettigheder - VITA Explorers Blog<\/title>\n<meta name=\"robots\" content=\"index, follow, max-snippet:-1, max-image-preview:large, max-video-preview:-1\" \/>\n<link rel=\"canonical\" href=\"https:\/\/www.vita-explorers.dk\/blog\/kvindernes-internationale-kampdag\/\" \/>\n<meta property=\"og:locale\" content=\"da_DK\" \/>\n<meta property=\"og:type\" content=\"article\" \/>\n<meta property=\"og:title\" content=\"Den Internationale Kampdag for Kvinders Rettigheder\" \/>\n<meta property=\"og:description\" content=\"I dag, den 8. marts, er det International Kampdag for Kvinders Rettigheder! \u00a0 I den anledning har vi valgt at dedikere en artikel til\u2026\" \/>\n<meta property=\"og:url\" content=\"https:\/\/www.vita-explorers.dk\/blog\/kvindernes-internationale-kampdag\/\" \/>\n<meta property=\"og:site_name\" content=\"VITA Explorers Blog\" \/>\n<meta property=\"article:publisher\" content=\"https:\/\/www.facebook.com\/globalong\" \/>\n<meta property=\"article:published_time\" content=\"2023-03-08T16:21:32+00:00\" \/>\n<meta property=\"article:modified_time\" content=\"2024-05-02T08:40:05+00:00\" \/>\n<meta property=\"og:image\" content=\"https:\/\/www.vita-explorers.dk\/blog\/wp-content\/uploads\/2023\/03\/Ne\u0301pal2.jpeg\" \/>\n\t<meta property=\"og:image:width\" content=\"750\" \/>\n\t<meta property=\"og:image:height\" content=\"450\" \/>\n\t<meta property=\"og:image:type\" content=\"image\/jpeg\" \/>\n<meta name=\"author\" content=\"VITA Tribe\" \/>\n<meta name=\"twitter:card\" content=\"summary_large_image\" \/>\n<meta name=\"twitter:label1\" content=\"Skrevet af\" \/>\n\t<meta name=\"twitter:data1\" content=\"VITA Tribe\" \/>\n\t<meta name=\"twitter:label2\" content=\"Estimeret l\u00e6setid\" \/>\n\t<meta name=\"twitter:data2\" content=\"3 minutter\" \/>\n<script type=\"application\/ld+json\" class=\"yoast-schema-graph\">{\"@context\":\"https:\/\/schema.org\",\"@graph\":[{\"@type\":\"Article\",\"@id\":\"https:\/\/www.vita-explorers.dk\/blog\/kvindernes-internationale-kampdag\/#article\",\"isPartOf\":{\"@id\":\"https:\/\/www.vita-explorers.dk\/blog\/kvindernes-internationale-kampdag\/\"},\"author\":{\"name\":\"VITA Tribe\",\"@id\":\"https:\/\/www.vita-explorers.dk\/blog\/#\/schema\/person\/d7df267b64f23018d1dc519e78fb2735\"},\"headline\":\"Den Internationale Kampdag for Kvinders Rettigheder\",\"datePublished\":\"2023-03-08T16:21:32+00:00\",\"dateModified\":\"2024-05-02T08:40:05+00:00\",\"mainEntityOfPage\":{\"@id\":\"https:\/\/www.vita-explorers.dk\/blog\/kvindernes-internationale-kampdag\/\"},\"wordCount\":608,\"commentCount\":0,\"publisher\":{\"@id\":\"https:\/\/www.vita-explorers.dk\/blog\/#organization\"},\"image\":{\"@id\":\"https:\/\/www.vita-explorers.dk\/blog\/kvindernes-internationale-kampdag\/#primaryimage\"},\"thumbnailUrl\":\"https:\/\/www.vita-explorers.dk\/blog\/wp-content\/uploads\/2023\/03\/Ne\u0301pal2.jpeg\",\"articleSection\":[\"No Name\"],\"inLanguage\":\"da-DK\",\"potentialAction\":[{\"@type\":\"CommentAction\",\"name\":\"Comment\",\"target\":[\"https:\/\/www.vita-explorers.dk\/blog\/kvindernes-internationale-kampdag\/#respond\"]}]},{\"@type\":\"WebPage\",\"@id\":\"https:\/\/www.vita-explorers.dk\/blog\/kvindernes-internationale-kampdag\/\",\"url\":\"https:\/\/www.vita-explorers.dk\/blog\/kvindernes-internationale-kampdag\/\",\"name\":\"Den Internationale Kampdag for Kvinders Rettigheder - VITA Explorers Blog\",\"isPartOf\":{\"@id\":\"https:\/\/www.vita-explorers.dk\/blog\/#website\"},\"primaryImageOfPage\":{\"@id\":\"https:\/\/www.vita-explorers.dk\/blog\/kvindernes-internationale-kampdag\/#primaryimage\"},\"image\":{\"@id\":\"https:\/\/www.vita-explorers.dk\/blog\/kvindernes-internationale-kampdag\/#primaryimage\"},\"thumbnailUrl\":\"https:\/\/www.vita-explorers.dk\/blog\/wp-content\/uploads\/2023\/03\/Ne\u0301pal2.jpeg\",\"datePublished\":\"2023-03-08T16:21:32+00:00\",\"dateModified\":\"2024-05-02T08:40:05+00:00\",\"breadcrumb\":{\"@id\":\"https:\/\/www.vita-explorers.dk\/blog\/kvindernes-internationale-kampdag\/#breadcrumb\"},\"inLanguage\":\"da-DK\",\"potentialAction\":[{\"@type\":\"ReadAction\",\"target\":[\"https:\/\/www.vita-explorers.dk\/blog\/kvindernes-internationale-kampdag\/\"]}]},{\"@type\":\"ImageObject\",\"inLanguage\":\"da-DK\",\"@id\":\"https:\/\/www.vita-explorers.dk\/blog\/kvindernes-internationale-kampdag\/#primaryimage\",\"url\":\"https:\/\/www.vita-explorers.dk\/blog\/wp-content\/uploads\/2023\/03\/Ne\u0301pal2.jpeg\",\"contentUrl\":\"https:\/\/www.vita-explorers.dk\/blog\/wp-content\/uploads\/2023\/03\/Ne\u0301pal2.jpeg\",\"width\":750,\"height\":450,\"caption\":\"Voyage solidaire \u00e0 l'\u00e9tranger\"},{\"@type\":\"BreadcrumbList\",\"@id\":\"https:\/\/www.vita-explorers.dk\/blog\/kvindernes-internationale-kampdag\/#breadcrumb\",\"itemListElement\":[{\"@type\":\"ListItem\",\"position\":1,\"name\":\"Accueil\",\"item\":\"https:\/\/www.vita-explorers.dk\/blog\/\"},{\"@type\":\"ListItem\",\"position\":2,\"name\":\"Den Internationale Kampdag for Kvinders Rettigheder\"}]},{\"@type\":\"WebSite\",\"@id\":\"https:\/\/www.vita-explorers.dk\/blog\/#website\",\"url\":\"https:\/\/www.vita-explorers.dk\/blog\/\",\"name\":\"Association Globalong\",\"description\":\"Frivilligt arbejde, sprogophold, praktik i udlandet og internationale oplevelser\",\"publisher\":{\"@id\":\"https:\/\/www.vita-explorers.dk\/blog\/#organization\"},\"potentialAction\":[{\"@type\":\"SearchAction\",\"target\":{\"@type\":\"EntryPoint\",\"urlTemplate\":\"https:\/\/www.vita-explorers.dk\/blog\/?s={search_term_string}\"},\"query-input\":{\"@type\":\"PropertyValueSpecification\",\"valueRequired\":true,\"valueName\":\"search_term_string\"}}],\"inLanguage\":\"da-DK\"},{\"@type\":\"Organization\",\"@id\":\"https:\/\/www.vita-explorers.dk\/blog\/#organization\",\"name\":\"Association Globalong\",\"url\":\"https:\/\/www.vita-explorers.dk\/blog\/\",\"logo\":{\"@type\":\"ImageObject\",\"inLanguage\":\"da-DK\",\"@id\":\"https:\/\/www.vita-explorers.dk\/blog\/#\/schema\/logo\/image\/\",\"url\":\"https:\/\/www.globalong.com\/blog\/wp-content\/uploads\/2014\/11\/cropped-cropped-Logo-et-Afrique-Globalong-petite-taille-2.jpg\",\"contentUrl\":\"https:\/\/www.globalong.com\/blog\/wp-content\/uploads\/2014\/11\/cropped-cropped-Logo-et-Afrique-Globalong-petite-taille-2.jpg\",\"width\":512,\"height\":512,\"caption\":\"Association Globalong\"},\"image\":{\"@id\":\"https:\/\/www.vita-explorers.dk\/blog\/#\/schema\/logo\/image\/\"},\"sameAs\":[\"https:\/\/www.facebook.com\/globalong\"]},{\"@type\":\"Person\",\"@id\":\"https:\/\/www.vita-explorers.dk\/blog\/#\/schema\/person\/d7df267b64f23018d1dc519e78fb2735\",\"name\":\"VITA Tribe\",\"image\":{\"@type\":\"ImageObject\",\"inLanguage\":\"da-DK\",\"@id\":\"https:\/\/www.vita-explorers.dk\/blog\/#\/schema\/person\/image\/\",\"url\":\"https:\/\/secure.gravatar.com\/avatar\/81461bcc213d0ff2bdc043d4206648f0?s=96&d=mm&r=g\",\"contentUrl\":\"https:\/\/secure.gravatar.com\/avatar\/81461bcc213d0ff2bdc043d4206648f0?s=96&d=mm&r=g\",\"caption\":\"VITA Tribe\"},\"sameAs\":[\"https:\/\/www.globalong.com\"],\"url\":\"https:\/\/www.vita-explorers.dk\/blog\/author\/sophie\/\"}]}<\/script>\n<!-- \/ Yoast SEO Premium plugin. -->","yoast_head_json":{"title":"Den Internationale Kampdag for Kvinders Rettigheder - VITA Explorers Blog","robots":{"index":"index","follow":"follow","max-snippet":"max-snippet:-1","max-image-preview":"max-image-preview:large","max-video-preview":"max-video-preview:-1"},"canonical":"https:\/\/www.vita-explorers.dk\/blog\/kvindernes-internationale-kampdag\/","og_locale":"da_DK","og_type":"article","og_title":"Den Internationale Kampdag for Kvinders Rettigheder","og_description":"I dag, den 8. marts, er det International Kampdag for Kvinders Rettigheder! \u00a0 I den anledning har vi valgt at dedikere en artikel til\u2026","og_url":"https:\/\/www.vita-explorers.dk\/blog\/kvindernes-internationale-kampdag\/","og_site_name":"VITA Explorers Blog","article_publisher":"https:\/\/www.facebook.com\/globalong","article_published_time":"2023-03-08T16:21:32+00:00","article_modified_time":"2024-05-02T08:40:05+00:00","og_image":[{"width":750,"height":450,"url":"https:\/\/www.vita-explorers.dk\/blog\/wp-content\/uploads\/2023\/03\/Ne\u0301pal2.jpeg","type":"image\/jpeg"}],"author":"VITA Tribe","twitter_card":"summary_large_image","twitter_misc":{"Skrevet af":"VITA Tribe","Estimeret l\u00e6setid":"3 minutter"},"schema":{"@context":"https:\/\/schema.org","@graph":[{"@type":"Article","@id":"https:\/\/www.vita-explorers.dk\/blog\/kvindernes-internationale-kampdag\/#article","isPartOf":{"@id":"https:\/\/www.vita-explorers.dk\/blog\/kvindernes-internationale-kampdag\/"},"author":{"name":"VITA Tribe","@id":"https:\/\/www.vita-explorers.dk\/blog\/#\/schema\/person\/d7df267b64f23018d1dc519e78fb2735"},"headline":"Den Internationale Kampdag for Kvinders Rettigheder","datePublished":"2023-03-08T16:21:32+00:00","dateModified":"2024-05-02T08:40:05+00:00","mainEntityOfPage":{"@id":"https:\/\/www.vita-explorers.dk\/blog\/kvindernes-internationale-kampdag\/"},"wordCount":608,"commentCount":0,"publisher":{"@id":"https:\/\/www.vita-explorers.dk\/blog\/#organization"},"image":{"@id":"https:\/\/www.vita-explorers.dk\/blog\/kvindernes-internationale-kampdag\/#primaryimage"},"thumbnailUrl":"https:\/\/www.vita-explorers.dk\/blog\/wp-content\/uploads\/2023\/03\/Ne\u0301pal2.jpeg","articleSection":["No Name"],"inLanguage":"da-DK","potentialAction":[{"@type":"CommentAction","name":"Comment","target":["https:\/\/www.vita-explorers.dk\/blog\/kvindernes-internationale-kampdag\/#respond"]}]},{"@type":"WebPage","@id":"https:\/\/www.vita-explorers.dk\/blog\/kvindernes-internationale-kampdag\/","url":"https:\/\/www.vita-explorers.dk\/blog\/kvindernes-internationale-kampdag\/","name":"Den Internationale Kampdag for Kvinders Rettigheder - VITA Explorers Blog","isPartOf":{"@id":"https:\/\/www.vita-explorers.dk\/blog\/#website"},"primaryImageOfPage":{"@id":"https:\/\/www.vita-explorers.dk\/blog\/kvindernes-internationale-kampdag\/#primaryimage"},"image":{"@id":"https:\/\/www.vita-explorers.dk\/blog\/kvindernes-internationale-kampdag\/#primaryimage"},"thumbnailUrl":"https:\/\/www.vita-explorers.dk\/blog\/wp-content\/uploads\/2023\/03\/Ne\u0301pal2.jpeg","datePublished":"2023-03-08T16:21:32+00:00","dateModified":"2024-05-02T08:40:05+00:00","breadcrumb":{"@id":"https:\/\/www.vita-explorers.dk\/blog\/kvindernes-internationale-kampdag\/#breadcrumb"},"inLanguage":"da-DK","potentialAction":[{"@type":"ReadAction","target":["https:\/\/www.vita-explorers.dk\/blog\/kvindernes-internationale-kampdag\/"]}]},{"@type":"ImageObject","inLanguage":"da-DK","@id":"https:\/\/www.vita-explorers.dk\/blog\/kvindernes-internationale-kampdag\/#primaryimage","url":"https:\/\/www.vita-explorers.dk\/blog\/wp-content\/uploads\/2023\/03\/Ne\u0301pal2.jpeg","contentUrl":"https:\/\/www.vita-explorers.dk\/blog\/wp-content\/uploads\/2023\/03\/Ne\u0301pal2.jpeg","width":750,"height":450,"caption":"Voyage solidaire \u00e0 l'\u00e9tranger"},{"@type":"BreadcrumbList","@id":"https:\/\/www.vita-explorers.dk\/blog\/kvindernes-internationale-kampdag\/#breadcrumb","itemListElement":[{"@type":"ListItem","position":1,"name":"Accueil","item":"https:\/\/www.vita-explorers.dk\/blog\/"},{"@type":"ListItem","position":2,"name":"Den Internationale Kampdag for Kvinders Rettigheder"}]},{"@type":"WebSite","@id":"https:\/\/www.vita-explorers.dk\/blog\/#website","url":"https:\/\/www.vita-explorers.dk\/blog\/","name":"Association Globalong","description":"Frivilligt arbejde, sprogophold, praktik i udlandet og internationale oplevelser","publisher":{"@id":"https:\/\/www.vita-explorers.dk\/blog\/#organization"},"potentialAction":[{"@type":"SearchAction","target":{"@type":"EntryPoint","urlTemplate":"https:\/\/www.vita-explorers.dk\/blog\/?s={search_term_string}"},"query-input":{"@type":"PropertyValueSpecification","valueRequired":true,"valueName":"search_term_string"}}],"inLanguage":"da-DK"},{"@type":"Organization","@id":"https:\/\/www.vita-explorers.dk\/blog\/#organization","name":"Association Globalong","url":"https:\/\/www.vita-explorers.dk\/blog\/","logo":{"@type":"ImageObject","inLanguage":"da-DK","@id":"https:\/\/www.vita-explorers.dk\/blog\/#\/schema\/logo\/image\/","url":"https:\/\/www.globalong.com\/blog\/wp-content\/uploads\/2014\/11\/cropped-cropped-Logo-et-Afrique-Globalong-petite-taille-2.jpg","contentUrl":"https:\/\/www.globalong.com\/blog\/wp-content\/uploads\/2014\/11\/cropped-cropped-Logo-et-Afrique-Globalong-petite-taille-2.jpg","width":512,"height":512,"caption":"Association Globalong"},"image":{"@id":"https:\/\/www.vita-explorers.dk\/blog\/#\/schema\/logo\/image\/"},"sameAs":["https:\/\/www.facebook.com\/globalong"]},{"@type":"Person","@id":"https:\/\/www.vita-explorers.dk\/blog\/#\/schema\/person\/d7df267b64f23018d1dc519e78fb2735","name":"VITA Tribe","image":{"@type":"ImageObject","inLanguage":"da-DK","@id":"https:\/\/www.vita-explorers.dk\/blog\/#\/schema\/person\/image\/","url":"https:\/\/secure.gravatar.com\/avatar\/81461bcc213d0ff2bdc043d4206648f0?s=96&d=mm&r=g","contentUrl":"https:\/\/secure.gravatar.com\/avatar\/81461bcc213d0ff2bdc043d4206648f0?s=96&d=mm&r=g","caption":"VITA Tribe"},"sameAs":["https:\/\/www.globalong.com"],"url":"https:\/\/www.vita-explorers.dk\/blog\/author\/sophie\/"}]}},"_links":{"self":[{"href":"https:\/\/www.vita-explorers.dk\/blog\/wp-json\/wp\/v2\/posts\/15238"}],"collection":[{"href":"https:\/\/www.vita-explorers.dk\/blog\/wp-json\/wp\/v2\/posts"}],"about":[{"href":"https:\/\/www.vita-explorers.dk\/blog\/wp-json\/wp\/v2\/types\/post"}],"author":[{"embeddable":true,"href":"https:\/\/www.vita-explorers.dk\/blog\/wp-json\/wp\/v2\/users\/1"}],"replies":[{"embeddable":true,"href":"https:\/\/www.vita-explorers.dk\/blog\/wp-json\/wp\/v2\/comments?post=15238"}],"version-history":[{"count":3,"href":"https:\/\/www.vita-explorers.dk\/blog\/wp-json\/wp\/v2\/posts\/15238\/revisions"}],"predecessor-version":[{"id":16408,"href":"https:\/\/www.vita-explorers.dk\/blog\/wp-json\/wp\/v2\/posts\/15238\/revisions\/16408"}],"wp:featuredmedia":[{"embeddable":true,"href":"https:\/\/www.vita-explorers.dk\/blog\/wp-json\/wp\/v2\/media\/15243"}],"wp:attachment":[{"href":"https:\/\/www.vita-explorers.dk\/blog\/wp-json\/wp\/v2\/media?parent=15238"}],"wp:term":[{"taxonomy":"category","embeddable":true,"href":"https:\/\/www.vita-explorers.dk\/blog\/wp-json\/wp\/v2\/categories?post=15238"},{"taxonomy":"post_tag","embeddable":true,"href":"https:\/\/www.vita-explorers.dk\/blog\/wp-json\/wp\/v2\/tags?post=15238"}],"curies":[{"name":"wp","href":"https:\/\/api.w.org\/{rel}","templated":true}]}}