{"id":15268,"date":"2023-03-21T17:17:21","date_gmt":"2023-03-21T16:17:21","guid":{"rendered":"https:\/\/www.globalong.com\/blog\/?p=15268"},"modified":"2024-05-02T10:33:45","modified_gmt":"2024-05-02T08:33:45","slug":"den-internationale-skovdag","status":"publish","type":"post","link":"https:\/\/www.vita-explorers.dk\/blog\/den-internationale-skovdag\/","title":{"rendered":"Skovenes Internationale Dag"},"content":{"rendered":"<h1 style=\"text-align: center;\"><span style=\"font-size: 12pt;\">Den Internationale Skovdag er f\u00f8rst og fremmest en anledning til at minde om, hvor vigtige skovene er \u2013 og hvorfor de skal beskyttes.<\/span><\/h1>\n<h2 class=\"p1\" style=\"text-align: justify;\"><span style=\"font-size: 12pt;\">Skove verden over er afg\u00f8rende for vores overlevelse og trivsel. De producerer ilt, optager CO2, regulerer klimaet og er levested for et rigt dyre- og planteliv. Samtidig er skovenes tilstand globalt set bekymrende.<\/span><\/h2>\n<p class=\"p1\" style=\"text-align: justify;\">Skovrydning er en af de st\u00f8rste trusler mod verdens skove. Hvert \u00e5r f\u00e6ldes millioner af hektar skov for at g\u00f8re plads til landbrug, gr\u00e6sningsarealer, minedrift og infrastruktur. Skovrydning \u00f8del\u00e6gger ikke kun naturlige levesteder \u2013 den forst\u00e6rker ogs\u00e5 klimaforandringerne, fordi skove optager og lagrer kulstof. If\u00f8lge estimater fra <a href=\"https:\/\/www.fao.org\/home\/fr\" target=\"_blank\" rel=\"noopener\"><span style=\"text-decoration: underline;\">FAO<\/span><\/a> st\u00e5r udledninger fra skovrydning for omkring 10 % af de globale udledninger. N\u00e5r skove f\u00e6ldes eller forringes, frigives det kulstof, de har lagret, til atmosf\u00e6ren som CO2. Skovrydning og skovforringelse udg\u00f8r derfor en v\u00e6sentlig del af de drivhusgasudledninger, der bidrager til klimaforandringerne.<\/p>\n<h3 class=\"p1\" style=\"text-align: justify;\"><span style=\"font-size: 12pt;\">Estimeret set er det globale skovd\u00e6kke blevet reduceret med mere end 1,3 millioner km\u00b2 fra 1990 til 2020 \u2013 et tab p\u00e5 4,2 % af det samlede skovareal. De h\u00e5rdest ramte omr\u00e5der er Amazonas, Centralafrika og Syd\u00f8stasien, hvor skovrydning har medf\u00f8rt, at mange dyre- og plantearter er forsvundet, og at oprindelige befolkningsgrupper er blevet fordrevet.<\/span><\/h3>\n<p class=\"p1\" style=\"text-align: justify;\">Skovbrande er et andet stort problem for verdens skove. Brande kan skyldes naturlige forhold som lynnedslag, men de kan ogs\u00e5 opst\u00e5 som f\u00f8lge af menneskelig aktivitet \u2013 b\u00e5de bevidst og ved uheld. Skovbrande \u00f8del\u00e6gger levesteder, koster dyreliv og frigiver kulstof, der har v\u00e6ret bundet i skoven, hvilket yderligere bidrager til klimaforandringerne.<\/p>\n<p class=\"p1\" style=\"text-align: justify;\">B\u00e6redygtig skovforvaltning kan v\u00e6re med til at mindske klimaforandringerne ved at reducere CO2-udledninger fra skovrydning og \u00f8ge skovenes evne til at lagre kulstof. Det kan blandt andet omfatte tr\u00e6plantning, mindre skovrydning, forebyggelse og h\u00e5ndtering af skovbrande samt restaurering af forringede skovomr\u00e5der.<\/p>\n<p class=\"p2\" style=\"text-align: justify;\">Tr\u00e6plantning kan bruges til at styrke skovenes kapacitet til at lagre kulstof. Programmer for genplantning og tr\u00e6plantning kan bidrage til at reducere CO2-udledninger og genskabe forringede skov\u00f8kosystemer. Derudover kan b\u00e6redygtig skovforvaltning mindske presset p\u00e5 skovene ved at fremme mere ansvarlige dyrkningsformer, fx agroforestry.<\/p>\n<p class=\"p1\" style=\"text-align: justify;\">Kort sagt spiller skove en helt central rolle i arbejdet med klimaforandringer \u2013 ved at optage og lagre kulstof, levere vigtige \u00f8kosystemtjenester og styrke lokalsamfunds muligheder for at tilpasse sig klimaets konsekvenser. Derfor er beskyttelse og b\u00e6redygtig forvaltning af skove afg\u00f8rende, hvis vi skal n\u00e5 m\u00e5lene i Paris-aftalen og sikre en mere b\u00e6redygtig fremtid for vores planet.<\/p>\n<p style=\"text-align: justify;\">Dagen er ogs\u00e5 en anledning til at sige tak til alle VITA Explorers, der engagerer sig i internationale forl\u00f8b med genplantning i <a href=\"https:\/\/www.vita-explorers.dk\/frivilligt-arbejde\/mongoliet-frivilligt-arbejde-internationalt\/mongoliet-frivilligt-arbejde-genplantning.html\" target=\"_blank\" rel=\"noopener\"><span style=\"text-decoration: underline;\">Mongoliet<\/span><\/a>, i <a href=\"https:\/\/www.vita-explorers.dk\/frivilligt-arbejde\/internationalt-frivilligt-arbejde-island-praktik-studerende-europa.html\" target=\"_blank\" rel=\"noopener\"><span style=\"text-decoration: underline;\">Island<\/span><\/a>, i <span style=\"text-decoration: underline;\"><a href=\"https:\/\/www.vita-explorers.dk\/sprog-og-frivilligt-arbejde\/frivilligt-ophold-guatemala\/humanitaert-forloeb-paa-en-oekologisk-landbrug-i-latinamerika.html\" target=\"_blank\" rel=\"noopener\">Guatemala<\/a><\/span> eller i <a href=\"https:\/\/www.vita-explorers.dk\/frivilligt-arbejde\/new-zealand-oeko-frivilligt-arbejde-natur.html\" target=\"_blank\" rel=\"noopener\"><span style=\"text-decoration: underline;\">New Zealand<\/span><\/a>.<\/p>\n<p style=\"text-align: justify;\">Hvis du ogs\u00e5 har lyst til at engagere dig i genplantning, er du velkommen til at kontakte os p\u00e5 <u><a href=\"mailto:info@globalong.com\"><strong>info@globalong.com<\/strong><\/a><\/u><\/p>\n","protected":false},"excerpt":{"rendered":"<p>Den Internationale Skovdag er f\u00f8rst og fremmest en anledning til at minde om, hvor vigtige skovene er \u2013 og hvorfor de skal beskyttes. Skove\u2026<\/p>\n","protected":false},"author":1,"featured_media":15269,"comment_status":"open","ping_status":"open","sticky":false,"template":"","format":"standard","meta":{"footnotes":""},"categories":[470,1,6],"tags":[],"yoast_head":"<!-- This site is optimized with the Yoast SEO Premium plugin v23.4 (Yoast SEO v23.4) - https:\/\/yoast.com\/wordpress\/plugins\/seo\/ -->\n<title>Skovenes Internationale Dag - VITA Explorers Blog<\/title>\n<meta name=\"robots\" content=\"index, follow, max-snippet:-1, max-image-preview:large, max-video-preview:-1\" \/>\n<link rel=\"canonical\" href=\"https:\/\/www.vita-explorers.dk\/blog\/den-internationale-skovdag\/\" \/>\n<meta property=\"og:locale\" content=\"da_DK\" \/>\n<meta property=\"og:type\" content=\"article\" \/>\n<meta property=\"og:title\" content=\"Skovenes Internationale Dag\" \/>\n<meta property=\"og:description\" content=\"Den Internationale Skovdag er f\u00f8rst og fremmest en anledning til at minde om, hvor vigtige skovene er \u2013 og hvorfor de skal beskyttes. Skove\u2026\" \/>\n<meta property=\"og:url\" content=\"https:\/\/www.vita-explorers.dk\/blog\/den-internationale-skovdag\/\" \/>\n<meta property=\"og:site_name\" content=\"VITA Explorers Blog\" \/>\n<meta property=\"article:publisher\" content=\"https:\/\/www.facebook.com\/globalong\" \/>\n<meta property=\"article:published_time\" content=\"2023-03-21T16:17:21+00:00\" \/>\n<meta property=\"article:modified_time\" content=\"2024-05-02T08:33:45+00:00\" \/>\n<meta property=\"og:image\" content=\"https:\/\/www.vita-explorers.dk\/blog\/wp-content\/uploads\/2023\/03\/Journe\u0301e-des-forets.jpeg\" \/>\n\t<meta property=\"og:image:width\" content=\"966\" \/>\n\t<meta property=\"og:image:height\" content=\"1104\" \/>\n\t<meta property=\"og:image:type\" content=\"image\/jpeg\" \/>\n<meta name=\"author\" content=\"VITA Tribe\" \/>\n<meta name=\"twitter:card\" content=\"summary_large_image\" \/>\n<meta name=\"twitter:label1\" content=\"Skrevet af\" \/>\n\t<meta name=\"twitter:data1\" content=\"VITA Tribe\" \/>\n\t<meta name=\"twitter:label2\" content=\"Estimeret l\u00e6setid\" \/>\n\t<meta name=\"twitter:data2\" content=\"2 minutter\" \/>\n<script type=\"application\/ld+json\" class=\"yoast-schema-graph\">{\"@context\":\"https:\/\/schema.org\",\"@graph\":[{\"@type\":\"Article\",\"@id\":\"https:\/\/www.vita-explorers.dk\/blog\/den-internationale-skovdag\/#article\",\"isPartOf\":{\"@id\":\"https:\/\/www.vita-explorers.dk\/blog\/den-internationale-skovdag\/\"},\"author\":{\"name\":\"VITA Tribe\",\"@id\":\"https:\/\/www.vita-explorers.dk\/blog\/#\/schema\/person\/d7df267b64f23018d1dc519e78fb2735\"},\"headline\":\"Skovenes Internationale Dag\",\"datePublished\":\"2023-03-21T16:17:21+00:00\",\"dateModified\":\"2024-05-02T08:33:45+00:00\",\"mainEntityOfPage\":{\"@id\":\"https:\/\/www.vita-explorers.dk\/blog\/den-internationale-skovdag\/\"},\"wordCount\":477,\"commentCount\":0,\"publisher\":{\"@id\":\"https:\/\/www.vita-explorers.dk\/blog\/#organization\"},\"image\":{\"@id\":\"https:\/\/www.vita-explorers.dk\/blog\/den-internationale-skovdag\/#primaryimage\"},\"thumbnailUrl\":\"https:\/\/www.vita-explorers.dk\/blog\/wp-content\/uploads\/2023\/03\/Journe\u0301e-des-forets.jpeg\",\"articleSection\":[\"Natur- og milj\u00f8frivilligt arbejde\",\"No Name\",\"Nyheder\"],\"inLanguage\":\"da-DK\",\"potentialAction\":[{\"@type\":\"CommentAction\",\"name\":\"Comment\",\"target\":[\"https:\/\/www.vita-explorers.dk\/blog\/den-internationale-skovdag\/#respond\"]}]},{\"@type\":\"WebPage\",\"@id\":\"https:\/\/www.vita-explorers.dk\/blog\/den-internationale-skovdag\/\",\"url\":\"https:\/\/www.vita-explorers.dk\/blog\/den-internationale-skovdag\/\",\"name\":\"Skovenes Internationale Dag - VITA Explorers Blog\",\"isPartOf\":{\"@id\":\"https:\/\/www.vita-explorers.dk\/blog\/#website\"},\"primaryImageOfPage\":{\"@id\":\"https:\/\/www.vita-explorers.dk\/blog\/den-internationale-skovdag\/#primaryimage\"},\"image\":{\"@id\":\"https:\/\/www.vita-explorers.dk\/blog\/den-internationale-skovdag\/#primaryimage\"},\"thumbnailUrl\":\"https:\/\/www.vita-explorers.dk\/blog\/wp-content\/uploads\/2023\/03\/Journe\u0301e-des-forets.jpeg\",\"datePublished\":\"2023-03-21T16:17:21+00:00\",\"dateModified\":\"2024-05-02T08:33:45+00:00\",\"breadcrumb\":{\"@id\":\"https:\/\/www.vita-explorers.dk\/blog\/den-internationale-skovdag\/#breadcrumb\"},\"inLanguage\":\"da-DK\",\"potentialAction\":[{\"@type\":\"ReadAction\",\"target\":[\"https:\/\/www.vita-explorers.dk\/blog\/den-internationale-skovdag\/\"]}]},{\"@type\":\"ImageObject\",\"inLanguage\":\"da-DK\",\"@id\":\"https:\/\/www.vita-explorers.dk\/blog\/den-internationale-skovdag\/#primaryimage\",\"url\":\"https:\/\/www.vita-explorers.dk\/blog\/wp-content\/uploads\/2023\/03\/Journe\u0301e-des-forets.jpeg\",\"contentUrl\":\"https:\/\/www.vita-explorers.dk\/blog\/wp-content\/uploads\/2023\/03\/Journe\u0301e-des-forets.jpeg\",\"width\":966,\"height\":1104,\"caption\":\"reforestation\"},{\"@type\":\"BreadcrumbList\",\"@id\":\"https:\/\/www.vita-explorers.dk\/blog\/den-internationale-skovdag\/#breadcrumb\",\"itemListElement\":[{\"@type\":\"ListItem\",\"position\":1,\"name\":\"Accueil\",\"item\":\"https:\/\/www.vita-explorers.dk\/blog\/\"},{\"@type\":\"ListItem\",\"position\":2,\"name\":\"Skovenes Internationale Dag\"}]},{\"@type\":\"WebSite\",\"@id\":\"https:\/\/www.vita-explorers.dk\/blog\/#website\",\"url\":\"https:\/\/www.vita-explorers.dk\/blog\/\",\"name\":\"Association Globalong\",\"description\":\"Frivilligt arbejde, sprogophold, praktik i udlandet og internationale oplevelser\",\"publisher\":{\"@id\":\"https:\/\/www.vita-explorers.dk\/blog\/#organization\"},\"potentialAction\":[{\"@type\":\"SearchAction\",\"target\":{\"@type\":\"EntryPoint\",\"urlTemplate\":\"https:\/\/www.vita-explorers.dk\/blog\/?s={search_term_string}\"},\"query-input\":{\"@type\":\"PropertyValueSpecification\",\"valueRequired\":true,\"valueName\":\"search_term_string\"}}],\"inLanguage\":\"da-DK\"},{\"@type\":\"Organization\",\"@id\":\"https:\/\/www.vita-explorers.dk\/blog\/#organization\",\"name\":\"Association Globalong\",\"url\":\"https:\/\/www.vita-explorers.dk\/blog\/\",\"logo\":{\"@type\":\"ImageObject\",\"inLanguage\":\"da-DK\",\"@id\":\"https:\/\/www.vita-explorers.dk\/blog\/#\/schema\/logo\/image\/\",\"url\":\"https:\/\/www.globalong.com\/blog\/wp-content\/uploads\/2014\/11\/cropped-cropped-Logo-et-Afrique-Globalong-petite-taille-2.jpg\",\"contentUrl\":\"https:\/\/www.globalong.com\/blog\/wp-content\/uploads\/2014\/11\/cropped-cropped-Logo-et-Afrique-Globalong-petite-taille-2.jpg\",\"width\":512,\"height\":512,\"caption\":\"Association Globalong\"},\"image\":{\"@id\":\"https:\/\/www.vita-explorers.dk\/blog\/#\/schema\/logo\/image\/\"},\"sameAs\":[\"https:\/\/www.facebook.com\/globalong\"]},{\"@type\":\"Person\",\"@id\":\"https:\/\/www.vita-explorers.dk\/blog\/#\/schema\/person\/d7df267b64f23018d1dc519e78fb2735\",\"name\":\"VITA Tribe\",\"image\":{\"@type\":\"ImageObject\",\"inLanguage\":\"da-DK\",\"@id\":\"https:\/\/www.vita-explorers.dk\/blog\/#\/schema\/person\/image\/\",\"url\":\"https:\/\/secure.gravatar.com\/avatar\/81461bcc213d0ff2bdc043d4206648f0?s=96&d=mm&r=g\",\"contentUrl\":\"https:\/\/secure.gravatar.com\/avatar\/81461bcc213d0ff2bdc043d4206648f0?s=96&d=mm&r=g\",\"caption\":\"VITA Tribe\"},\"sameAs\":[\"https:\/\/www.globalong.com\"],\"url\":\"https:\/\/www.vita-explorers.dk\/blog\/author\/sophie\/\"}]}<\/script>\n<!-- \/ Yoast SEO Premium plugin. -->","yoast_head_json":{"title":"Skovenes Internationale Dag - VITA Explorers Blog","robots":{"index":"index","follow":"follow","max-snippet":"max-snippet:-1","max-image-preview":"max-image-preview:large","max-video-preview":"max-video-preview:-1"},"canonical":"https:\/\/www.vita-explorers.dk\/blog\/den-internationale-skovdag\/","og_locale":"da_DK","og_type":"article","og_title":"Skovenes Internationale Dag","og_description":"Den Internationale Skovdag er f\u00f8rst og fremmest en anledning til at minde om, hvor vigtige skovene er \u2013 og hvorfor de skal beskyttes. Skove\u2026","og_url":"https:\/\/www.vita-explorers.dk\/blog\/den-internationale-skovdag\/","og_site_name":"VITA Explorers Blog","article_publisher":"https:\/\/www.facebook.com\/globalong","article_published_time":"2023-03-21T16:17:21+00:00","article_modified_time":"2024-05-02T08:33:45+00:00","og_image":[{"width":966,"height":1104,"url":"https:\/\/www.vita-explorers.dk\/blog\/wp-content\/uploads\/2023\/03\/Journe\u0301e-des-forets.jpeg","type":"image\/jpeg"}],"author":"VITA Tribe","twitter_card":"summary_large_image","twitter_misc":{"Skrevet af":"VITA Tribe","Estimeret l\u00e6setid":"2 minutter"},"schema":{"@context":"https:\/\/schema.org","@graph":[{"@type":"Article","@id":"https:\/\/www.vita-explorers.dk\/blog\/den-internationale-skovdag\/#article","isPartOf":{"@id":"https:\/\/www.vita-explorers.dk\/blog\/den-internationale-skovdag\/"},"author":{"name":"VITA Tribe","@id":"https:\/\/www.vita-explorers.dk\/blog\/#\/schema\/person\/d7df267b64f23018d1dc519e78fb2735"},"headline":"Skovenes Internationale Dag","datePublished":"2023-03-21T16:17:21+00:00","dateModified":"2024-05-02T08:33:45+00:00","mainEntityOfPage":{"@id":"https:\/\/www.vita-explorers.dk\/blog\/den-internationale-skovdag\/"},"wordCount":477,"commentCount":0,"publisher":{"@id":"https:\/\/www.vita-explorers.dk\/blog\/#organization"},"image":{"@id":"https:\/\/www.vita-explorers.dk\/blog\/den-internationale-skovdag\/#primaryimage"},"thumbnailUrl":"https:\/\/www.vita-explorers.dk\/blog\/wp-content\/uploads\/2023\/03\/Journe\u0301e-des-forets.jpeg","articleSection":["Natur- og milj\u00f8frivilligt arbejde","No Name","Nyheder"],"inLanguage":"da-DK","potentialAction":[{"@type":"CommentAction","name":"Comment","target":["https:\/\/www.vita-explorers.dk\/blog\/den-internationale-skovdag\/#respond"]}]},{"@type":"WebPage","@id":"https:\/\/www.vita-explorers.dk\/blog\/den-internationale-skovdag\/","url":"https:\/\/www.vita-explorers.dk\/blog\/den-internationale-skovdag\/","name":"Skovenes Internationale Dag - VITA Explorers Blog","isPartOf":{"@id":"https:\/\/www.vita-explorers.dk\/blog\/#website"},"primaryImageOfPage":{"@id":"https:\/\/www.vita-explorers.dk\/blog\/den-internationale-skovdag\/#primaryimage"},"image":{"@id":"https:\/\/www.vita-explorers.dk\/blog\/den-internationale-skovdag\/#primaryimage"},"thumbnailUrl":"https:\/\/www.vita-explorers.dk\/blog\/wp-content\/uploads\/2023\/03\/Journe\u0301e-des-forets.jpeg","datePublished":"2023-03-21T16:17:21+00:00","dateModified":"2024-05-02T08:33:45+00:00","breadcrumb":{"@id":"https:\/\/www.vita-explorers.dk\/blog\/den-internationale-skovdag\/#breadcrumb"},"inLanguage":"da-DK","potentialAction":[{"@type":"ReadAction","target":["https:\/\/www.vita-explorers.dk\/blog\/den-internationale-skovdag\/"]}]},{"@type":"ImageObject","inLanguage":"da-DK","@id":"https:\/\/www.vita-explorers.dk\/blog\/den-internationale-skovdag\/#primaryimage","url":"https:\/\/www.vita-explorers.dk\/blog\/wp-content\/uploads\/2023\/03\/Journe\u0301e-des-forets.jpeg","contentUrl":"https:\/\/www.vita-explorers.dk\/blog\/wp-content\/uploads\/2023\/03\/Journe\u0301e-des-forets.jpeg","width":966,"height":1104,"caption":"reforestation"},{"@type":"BreadcrumbList","@id":"https:\/\/www.vita-explorers.dk\/blog\/den-internationale-skovdag\/#breadcrumb","itemListElement":[{"@type":"ListItem","position":1,"name":"Accueil","item":"https:\/\/www.vita-explorers.dk\/blog\/"},{"@type":"ListItem","position":2,"name":"Skovenes Internationale Dag"}]},{"@type":"WebSite","@id":"https:\/\/www.vita-explorers.dk\/blog\/#website","url":"https:\/\/www.vita-explorers.dk\/blog\/","name":"Association Globalong","description":"Frivilligt arbejde, sprogophold, praktik i udlandet og internationale oplevelser","publisher":{"@id":"https:\/\/www.vita-explorers.dk\/blog\/#organization"},"potentialAction":[{"@type":"SearchAction","target":{"@type":"EntryPoint","urlTemplate":"https:\/\/www.vita-explorers.dk\/blog\/?s={search_term_string}"},"query-input":{"@type":"PropertyValueSpecification","valueRequired":true,"valueName":"search_term_string"}}],"inLanguage":"da-DK"},{"@type":"Organization","@id":"https:\/\/www.vita-explorers.dk\/blog\/#organization","name":"Association Globalong","url":"https:\/\/www.vita-explorers.dk\/blog\/","logo":{"@type":"ImageObject","inLanguage":"da-DK","@id":"https:\/\/www.vita-explorers.dk\/blog\/#\/schema\/logo\/image\/","url":"https:\/\/www.globalong.com\/blog\/wp-content\/uploads\/2014\/11\/cropped-cropped-Logo-et-Afrique-Globalong-petite-taille-2.jpg","contentUrl":"https:\/\/www.globalong.com\/blog\/wp-content\/uploads\/2014\/11\/cropped-cropped-Logo-et-Afrique-Globalong-petite-taille-2.jpg","width":512,"height":512,"caption":"Association Globalong"},"image":{"@id":"https:\/\/www.vita-explorers.dk\/blog\/#\/schema\/logo\/image\/"},"sameAs":["https:\/\/www.facebook.com\/globalong"]},{"@type":"Person","@id":"https:\/\/www.vita-explorers.dk\/blog\/#\/schema\/person\/d7df267b64f23018d1dc519e78fb2735","name":"VITA Tribe","image":{"@type":"ImageObject","inLanguage":"da-DK","@id":"https:\/\/www.vita-explorers.dk\/blog\/#\/schema\/person\/image\/","url":"https:\/\/secure.gravatar.com\/avatar\/81461bcc213d0ff2bdc043d4206648f0?s=96&d=mm&r=g","contentUrl":"https:\/\/secure.gravatar.com\/avatar\/81461bcc213d0ff2bdc043d4206648f0?s=96&d=mm&r=g","caption":"VITA Tribe"},"sameAs":["https:\/\/www.globalong.com"],"url":"https:\/\/www.vita-explorers.dk\/blog\/author\/sophie\/"}]}},"_links":{"self":[{"href":"https:\/\/www.vita-explorers.dk\/blog\/wp-json\/wp\/v2\/posts\/15268"}],"collection":[{"href":"https:\/\/www.vita-explorers.dk\/blog\/wp-json\/wp\/v2\/posts"}],"about":[{"href":"https:\/\/www.vita-explorers.dk\/blog\/wp-json\/wp\/v2\/types\/post"}],"author":[{"embeddable":true,"href":"https:\/\/www.vita-explorers.dk\/blog\/wp-json\/wp\/v2\/users\/1"}],"replies":[{"embeddable":true,"href":"https:\/\/www.vita-explorers.dk\/blog\/wp-json\/wp\/v2\/comments?post=15268"}],"version-history":[{"count":3,"href":"https:\/\/www.vita-explorers.dk\/blog\/wp-json\/wp\/v2\/posts\/15268\/revisions"}],"predecessor-version":[{"id":16402,"href":"https:\/\/www.vita-explorers.dk\/blog\/wp-json\/wp\/v2\/posts\/15268\/revisions\/16402"}],"wp:featuredmedia":[{"embeddable":true,"href":"https:\/\/www.vita-explorers.dk\/blog\/wp-json\/wp\/v2\/media\/15269"}],"wp:attachment":[{"href":"https:\/\/www.vita-explorers.dk\/blog\/wp-json\/wp\/v2\/media?parent=15268"}],"wp:term":[{"taxonomy":"category","embeddable":true,"href":"https:\/\/www.vita-explorers.dk\/blog\/wp-json\/wp\/v2\/categories?post=15268"},{"taxonomy":"post_tag","embeddable":true,"href":"https:\/\/www.vita-explorers.dk\/blog\/wp-json\/wp\/v2\/tags?post=15268"}],"curies":[{"name":"wp","href":"https:\/\/api.w.org\/{rel}","templated":true}]}}