{"id":15277,"date":"2023-03-29T16:49:27","date_gmt":"2023-03-29T14:49:27","guid":{"rendered":"https:\/\/www.globalong.com\/blog\/?p=15277"},"modified":"2025-11-12T16:08:49","modified_gmt":"2025-11-12T15:08:49","slug":"den-internationale-zero-waste-dag-fokus-paa-beskyttelse-af-koralrevet-i-den-dominikanske-republik","status":"publish","type":"post","link":"https:\/\/www.vita-explorers.dk\/blog\/den-internationale-zero-waste-dag-fokus-paa-beskyttelse-af-koralrevet-i-den-dominikanske-republik\/","title":{"rendered":"Den Internationale Zero Waste-dag: Fokus p\u00e5 at beskytte koralrevet i Den Dominikanske Republik"},"content":{"rendered":"<p><span style=\"font-size: 12pt;\"><strong>For os er det f\u00f8rst og fremmest en anledning til at sige tak til alle vores engagerede VITA Explorers, der deltager i \u00f8ko-frivilligt arbejde og skridt for skridt er med til at fjerne affald, som over tid har samlet sig p\u00e5 strandene.<\/strong><\/span><\/p>\n<p><span style=\"font-size: 12pt;\"><strong>Samtidig er det en god anledning til at se n\u00e6rmere p\u00e5 et af vores milj\u00f8forl\u00f8b, der arbejder mod forurening: programmet for bevaring af koralrevet i Saman\u00e1-bugten \u2013 et meget bes\u00f8gt omr\u00e5de i den nord\u00f8stlige del af <a href=\"https:\/\/www.vita-explorers.dk\/blog\/humanitaere-forloeb-den-dominikanske-republik\/\" target=\"_blank\" rel=\"noopener\">Den Dominikanske Republik.<\/a><\/strong><\/span><\/p>\n<p><span style=\"font-size: 12pt;\"><strong>Koralrev er en vigtig naturressource i Den Dominikanske Republik, fordi de rummer b\u00e5de milj\u00f8m\u00e6ssige og \u00f8konomiske v\u00e6rdier. Desv\u00e6rre er landets koralrev blevet markant p\u00e5virket gennem \u00e5rene af blandt andet overfiskeri, forurening, kystudvikling og klimaforandringer.<\/strong><\/span><\/p>\n<p><span style=\"font-size: 12pt;\"><strong>If\u00f8lge <span style=\"text-decoration: underline;\"><a href=\"https:\/\/www.unep.org\/interactives\/status-world-coral-reefs\/?lang=FR\" target=\"_blank\" rel=\"noopener\">rapporten om verdens koralrev fra 2020<\/a><\/span> vurderes korald\u00e6kningen i Den Dominikanske Republik til cirka 7,5%, hvilket ligger under det globale gennemsnit p\u00e5 10\u201320%. Derudover er en stor del af koralrevene i d\u00e5rlig forfatning og pr\u00e6get af sygdomme og infektioner.<\/strong><\/span><\/p>\n<p><span style=\"font-size: 12pt;\"><strong>Status for koralbevaring i Den Dominikanske Republik er bekymrende, fordi koralrevene i regionen er truet af flere forskellige faktorer.<\/strong><\/span><\/p>\n<p><span style=\"font-size: 12pt;\"><strong>Den Dominikanske Republik har flere kystomr\u00e5der med koralrev, hvor nogle regnes blandt de smukkeste og mest varierede i Caribien. Revene er vigtige, fordi de skaber levesteder for et bredt udvalg af marine arter og samtidig kan bidrage til lokale samfund gennem fiskeri.<\/strong><\/span><\/p>\n<p><strong>If\u00f8lge en unders\u00f8gelse fra <span style=\"text-decoration: underline;\"><a href=\"https:\/\/www.fundemardr.org\/\" target=\"_blank\" rel=\"noopener\">Den Dominikanske Fond for Marine Studier og Bevaring (FUNDEMAR)<\/a><\/span> er koralrevenes tilstand i Den Dominikanske Republik bekymrende. Unders\u00f8gelsen viste, at kun 10% af koralrevene var i god bevaringstilstand, mens over 40% blev vurderet til at v\u00e6re i d\u00e5rlig tilstand.<\/strong><\/p>\n<p><a href=\"https:\/\/www.vita-explorers.dk\/blog\/wp-content\/uploads\/2023\/03\/rep-dom-samana.jpeg\" target=\"_blank\" rel=\"noopener\"><img loading=\"lazy\" decoding=\"async\" class=\"aligncenter wp-image-15281 size-full\" src=\"https:\/\/www.vita-explorers.dk\/blog\/wp-content\/uploads\/2023\/03\/rep-dom-samana.jpeg\" alt=\"\" width=\"1200\" height=\"400\" srcset=\"https:\/\/www.vita-explorers.dk\/blog\/wp-content\/uploads\/2023\/03\/rep-dom-samana.jpeg 1200w, https:\/\/www.vita-explorers.dk\/blog\/wp-content\/uploads\/2023\/03\/rep-dom-samana-300x100.jpeg 300w, https:\/\/www.vita-explorers.dk\/blog\/wp-content\/uploads\/2023\/03\/rep-dom-samana-1024x341.jpeg 1024w, https:\/\/www.vita-explorers.dk\/blog\/wp-content\/uploads\/2023\/03\/rep-dom-samana-768x256.jpeg 768w\" sizes=\"(max-width: 1200px) 100vw, 1200px\" \/><\/a><\/p>\n<p><strong><em>Hvilken betydning har affaldsforurening for koralrev i Den Dominikanske Republik?<\/em><\/strong><\/p>\n<p><strong>Affaldsforurening kan have stor betydning for koralrev i Den Dominikanske Republik. Affald kan ende i havet gennem menneskelige aktiviteter \u2013 for eksempel plastaffald, giftige kemikalier, organisk affald og byggeaffald.<\/strong><\/p>\n<p><strong>Konsekvenserne kan v\u00e6re alvorlige. Affald og fragmenter kan beskadige korallerne og kv\u00e6le det marine liv, der er afh\u00e6ngigt af revene. Giftige kemikalier kan ogs\u00e5 p\u00e5virke korallernes sundhed ved at forstyrre deres stofskifte og g\u00f8re dem mere s\u00e5rbare over for sygdomme.<\/strong><\/p>\n<p><strong>Affaldsforurening kan ogs\u00e5 p\u00e5virke koralrevene indirekte ved at forringe vandkvaliteten og \u00e6ndre balancen i \u00f8kosystemet. Affald kan tiltr\u00e6kke skadedyr som rotter og krabber, der kan skade korallerne. Derudover kan affald bidrage til v\u00e6kst af skadelige alger, som kan kv\u00e6le korallerne og h\u00e6mme deres v\u00e6kst.<\/strong><\/p>\n<p><strong><em>Fokus p\u00e5 Saman\u00e1-bugten og programmet for koralrevsbevaring<\/em><\/strong><\/p>\n<p><strong>Indsatser for at genoprette koralrev har en positiv effekt p\u00e5 koralrevenes tilstand i Den Dominikanske Republik. Selvom der endnu ikke er gennemf\u00f8rt genopretning i stor skala, er flere pilotprojekter blevet gennemf\u00f8rt med gode resultater.<\/strong><\/p>\n<p><strong>Genopretningsprogrammer handler typisk om at plante koraller p\u00e5 skadede omr\u00e5der, underst\u00f8tte deres v\u00e6kst og f\u00f8lge deres udvikling over tid. Koraller dyrkes ofte i et \u201cplanteskole\u201d-milj\u00f8 og flyttes derefter ud til de steder, hvor de skal genoprettes. Projekterne kan ogs\u00e5 omfatte arbejde med den marine fauna og flora, der er knyttet til koralrevene.<\/strong><\/p>\n<p><strong>Fordelene ved s\u00e5danne programmer er mange. De kan bidrage til at genoprette levesteder for fisk og krebsdyr, forbedre vandkvaliteten og beskytte kystsamfund mod storme. Derudover kan programmerne omfatte oplysning og dialog med lokale samfund.<\/strong><\/p>\n<p><strong><span class=\"s1\">I Saman\u00e1-bugten er affald et stort problem. Strandene er ofte fyldt med affald \u2013 is\u00e6r plast. Affaldet kan f\u00f8res med havstr\u00f8mmene og ende p\u00e5 koralrevene. Det kan forringe vandkvaliteten, hvilket igen kan p\u00e5virke korallernes v\u00e6kst og sundhed.<\/span><\/strong><\/p>\n<p><strong>Takket v\u00e6re disse indsatser har koralrevene i Saman\u00e1-bugten vist tegn p\u00e5 bedring og modstandsdygtighed, med \u00f8get marin biodiversitet og f\u00e6rre skader fra menneskelig aktivitet. Der er dog stadig meget at g\u00f8re for at sikre, at dette vigtige \u00f8kosystem kan holde p\u00e5 lang sigt, og en fortsat gennemf\u00f8relse af bevaringsprogrammerne er afg\u00f8rende for at n\u00e5 m\u00e5let.<\/strong><\/p>\n<p><strong>Hvis du har lyst til at engagere dig i <a href=\"https:\/\/www.vita-explorers.dk\/frivilligt-arbejde\/humanitaert-ophold-den-dominikanske-republik-praktik-i-udlandet\/beskyttelse-af-havmiljoeet.html\" target=\"_blank\" rel=\"noopener\"><span style=\"text-decoration: underline;\">programmet for bevaring af koralrev i Saman\u00e1<\/span><\/a>, eller hvis du \u00f8nsker flere detaljer, er du velkommen til at kontakte os p\u00e5 <span style=\"text-decoration: underline;\"><a href=\"mailto:info@globalong.com\"><span class=\"s2\">info@globalong.com<\/span><\/a><\/span><\/strong><\/p>\n<p><a href=\"https:\/\/www.vita-explorers.dk\/blog\/wp-content\/uploads\/2023\/03\/Rep-dom.jpeg\" target=\"_blank\" rel=\"noopener\"><img loading=\"lazy\" decoding=\"async\" class=\"aligncenter wp-image-15282 size-full\" src=\"https:\/\/www.vita-explorers.dk\/blog\/wp-content\/uploads\/2023\/03\/Rep-dom.jpeg\" alt=\"\" width=\"1200\" height=\"400\" srcset=\"https:\/\/www.vita-explorers.dk\/blog\/wp-content\/uploads\/2023\/03\/Rep-dom.jpeg 1200w, https:\/\/www.vita-explorers.dk\/blog\/wp-content\/uploads\/2023\/03\/Rep-dom-300x100.jpeg 300w, https:\/\/www.vita-explorers.dk\/blog\/wp-content\/uploads\/2023\/03\/Rep-dom-1024x341.jpeg 1024w, https:\/\/www.vita-explorers.dk\/blog\/wp-content\/uploads\/2023\/03\/Rep-dom-768x256.jpeg 768w\" sizes=\"(max-width: 1200px) 100vw, 1200px\" \/><\/a><\/p>\n","protected":false},"excerpt":{"rendered":"<p>For os er det f\u00f8rst og fremmest en anledning til at sige tak til alle vores engagerede VITA Explorers, der deltager i \u00f8ko-frivilligt arbejde\u2026<\/p>\n","protected":false},"author":1,"featured_media":15279,"comment_status":"open","ping_status":"open","sticky":false,"template":"","format":"standard","meta":{"footnotes":""},"categories":[1],"tags":[],"yoast_head":"<!-- This site is optimized with the Yoast SEO Premium plugin v23.4 (Yoast SEO v23.4) - https:\/\/yoast.com\/wordpress\/plugins\/seo\/ -->\n<title>Den Internationale Zero Waste-dag: Fokus p\u00e5 at beskytte koralrevet i Den Dominikanske Republik - VITA Explorers Blog<\/title>\n<meta name=\"robots\" content=\"index, follow, max-snippet:-1, max-image-preview:large, max-video-preview:-1\" \/>\n<link rel=\"canonical\" href=\"https:\/\/www.vita-explorers.dk\/blog\/den-internationale-zero-waste-dag-fokus-paa-beskyttelse-af-koralrevet-i-den-dominikanske-republik\/\" \/>\n<meta property=\"og:locale\" content=\"da_DK\" \/>\n<meta property=\"og:type\" content=\"article\" \/>\n<meta property=\"og:title\" content=\"Den Internationale Zero Waste-dag: Fokus p\u00e5 at beskytte koralrevet i Den Dominikanske Republik\" \/>\n<meta property=\"og:description\" content=\"For os er det f\u00f8rst og fremmest en anledning til at sige tak til alle vores engagerede VITA Explorers, der deltager i \u00f8ko-frivilligt arbejde\u2026\" \/>\n<meta property=\"og:url\" content=\"https:\/\/www.vita-explorers.dk\/blog\/den-internationale-zero-waste-dag-fokus-paa-beskyttelse-af-koralrevet-i-den-dominikanske-republik\/\" \/>\n<meta property=\"og:site_name\" content=\"VITA Explorers Blog\" \/>\n<meta property=\"article:publisher\" content=\"https:\/\/www.facebook.com\/globalong\" \/>\n<meta property=\"article:published_time\" content=\"2023-03-29T14:49:27+00:00\" \/>\n<meta property=\"article:modified_time\" content=\"2025-11-12T15:08:49+00:00\" \/>\n<meta property=\"og:image\" content=\"https:\/\/www.vita-explorers.dk\/blog\/wp-content\/uploads\/2023\/03\/conservation-des-recifs-a-samana.jpeg\" \/>\n\t<meta property=\"og:image:width\" content=\"966\" \/>\n\t<meta property=\"og:image:height\" content=\"1104\" \/>\n\t<meta property=\"og:image:type\" content=\"image\/jpeg\" \/>\n<meta name=\"author\" content=\"VITA Tribe\" \/>\n<meta name=\"twitter:card\" content=\"summary_large_image\" \/>\n<meta name=\"twitter:label1\" content=\"Skrevet af\" \/>\n\t<meta name=\"twitter:data1\" content=\"VITA Tribe\" \/>\n\t<meta name=\"twitter:label2\" content=\"Estimeret l\u00e6setid\" \/>\n\t<meta name=\"twitter:data2\" content=\"5 minutter\" \/>\n<script type=\"application\/ld+json\" class=\"yoast-schema-graph\">{\"@context\":\"https:\/\/schema.org\",\"@graph\":[{\"@type\":\"Article\",\"@id\":\"https:\/\/www.vita-explorers.dk\/blog\/den-internationale-zero-waste-dag-fokus-paa-beskyttelse-af-koralrevet-i-den-dominikanske-republik\/#article\",\"isPartOf\":{\"@id\":\"https:\/\/www.vita-explorers.dk\/blog\/den-internationale-zero-waste-dag-fokus-paa-beskyttelse-af-koralrevet-i-den-dominikanske-republik\/\"},\"author\":{\"name\":\"VITA Tribe\",\"@id\":\"https:\/\/www.vita-explorers.dk\/blog\/#\/schema\/person\/d7df267b64f23018d1dc519e78fb2735\"},\"headline\":\"Den Internationale Zero Waste-dag: Fokus p\u00e5 at beskytte koralrevet i Den Dominikanske Republik\",\"datePublished\":\"2023-03-29T14:49:27+00:00\",\"dateModified\":\"2025-11-12T15:08:49+00:00\",\"mainEntityOfPage\":{\"@id\":\"https:\/\/www.vita-explorers.dk\/blog\/den-internationale-zero-waste-dag-fokus-paa-beskyttelse-af-koralrevet-i-den-dominikanske-republik\/\"},\"wordCount\":697,\"commentCount\":0,\"publisher\":{\"@id\":\"https:\/\/www.vita-explorers.dk\/blog\/#organization\"},\"image\":{\"@id\":\"https:\/\/www.vita-explorers.dk\/blog\/den-internationale-zero-waste-dag-fokus-paa-beskyttelse-af-koralrevet-i-den-dominikanske-republik\/#primaryimage\"},\"thumbnailUrl\":\"https:\/\/www.vita-explorers.dk\/blog\/wp-content\/uploads\/2023\/03\/conservation-des-recifs-a-samana.jpeg\",\"articleSection\":[\"No Name\"],\"inLanguage\":\"da-DK\",\"potentialAction\":[{\"@type\":\"CommentAction\",\"name\":\"Comment\",\"target\":[\"https:\/\/www.vita-explorers.dk\/blog\/den-internationale-zero-waste-dag-fokus-paa-beskyttelse-af-koralrevet-i-den-dominikanske-republik\/#respond\"]}]},{\"@type\":\"WebPage\",\"@id\":\"https:\/\/www.vita-explorers.dk\/blog\/den-internationale-zero-waste-dag-fokus-paa-beskyttelse-af-koralrevet-i-den-dominikanske-republik\/\",\"url\":\"https:\/\/www.vita-explorers.dk\/blog\/den-internationale-zero-waste-dag-fokus-paa-beskyttelse-af-koralrevet-i-den-dominikanske-republik\/\",\"name\":\"Den Internationale Zero Waste-dag: Fokus p\u00e5 at beskytte koralrevet i Den Dominikanske Republik - VITA Explorers Blog\",\"isPartOf\":{\"@id\":\"https:\/\/www.vita-explorers.dk\/blog\/#website\"},\"primaryImageOfPage\":{\"@id\":\"https:\/\/www.vita-explorers.dk\/blog\/den-internationale-zero-waste-dag-fokus-paa-beskyttelse-af-koralrevet-i-den-dominikanske-republik\/#primaryimage\"},\"image\":{\"@id\":\"https:\/\/www.vita-explorers.dk\/blog\/den-internationale-zero-waste-dag-fokus-paa-beskyttelse-af-koralrevet-i-den-dominikanske-republik\/#primaryimage\"},\"thumbnailUrl\":\"https:\/\/www.vita-explorers.dk\/blog\/wp-content\/uploads\/2023\/03\/conservation-des-recifs-a-samana.jpeg\",\"datePublished\":\"2023-03-29T14:49:27+00:00\",\"dateModified\":\"2025-11-12T15:08:49+00:00\",\"breadcrumb\":{\"@id\":\"https:\/\/www.vita-explorers.dk\/blog\/den-internationale-zero-waste-dag-fokus-paa-beskyttelse-af-koralrevet-i-den-dominikanske-republik\/#breadcrumb\"},\"inLanguage\":\"da-DK\",\"potentialAction\":[{\"@type\":\"ReadAction\",\"target\":[\"https:\/\/www.vita-explorers.dk\/blog\/den-internationale-zero-waste-dag-fokus-paa-beskyttelse-af-koralrevet-i-den-dominikanske-republik\/\"]}]},{\"@type\":\"ImageObject\",\"inLanguage\":\"da-DK\",\"@id\":\"https:\/\/www.vita-explorers.dk\/blog\/den-internationale-zero-waste-dag-fokus-paa-beskyttelse-af-koralrevet-i-den-dominikanske-republik\/#primaryimage\",\"url\":\"https:\/\/www.vita-explorers.dk\/blog\/wp-content\/uploads\/2023\/03\/conservation-des-recifs-a-samana.jpeg\",\"contentUrl\":\"https:\/\/www.vita-explorers.dk\/blog\/wp-content\/uploads\/2023\/03\/conservation-des-recifs-a-samana.jpeg\",\"width\":966,\"height\":1104},{\"@type\":\"BreadcrumbList\",\"@id\":\"https:\/\/www.vita-explorers.dk\/blog\/den-internationale-zero-waste-dag-fokus-paa-beskyttelse-af-koralrevet-i-den-dominikanske-republik\/#breadcrumb\",\"itemListElement\":[{\"@type\":\"ListItem\",\"position\":1,\"name\":\"Accueil\",\"item\":\"https:\/\/www.vita-explorers.dk\/blog\/\"},{\"@type\":\"ListItem\",\"position\":2,\"name\":\"Den Internationale Zero Waste-dag: Fokus p\u00e5 at beskytte koralrevet i Den Dominikanske Republik\"}]},{\"@type\":\"WebSite\",\"@id\":\"https:\/\/www.vita-explorers.dk\/blog\/#website\",\"url\":\"https:\/\/www.vita-explorers.dk\/blog\/\",\"name\":\"Association Globalong\",\"description\":\"Frivilligt arbejde, sprogophold, praktik i udlandet og internationale oplevelser\",\"publisher\":{\"@id\":\"https:\/\/www.vita-explorers.dk\/blog\/#organization\"},\"potentialAction\":[{\"@type\":\"SearchAction\",\"target\":{\"@type\":\"EntryPoint\",\"urlTemplate\":\"https:\/\/www.vita-explorers.dk\/blog\/?s={search_term_string}\"},\"query-input\":{\"@type\":\"PropertyValueSpecification\",\"valueRequired\":true,\"valueName\":\"search_term_string\"}}],\"inLanguage\":\"da-DK\"},{\"@type\":\"Organization\",\"@id\":\"https:\/\/www.vita-explorers.dk\/blog\/#organization\",\"name\":\"Association Globalong\",\"url\":\"https:\/\/www.vita-explorers.dk\/blog\/\",\"logo\":{\"@type\":\"ImageObject\",\"inLanguage\":\"da-DK\",\"@id\":\"https:\/\/www.vita-explorers.dk\/blog\/#\/schema\/logo\/image\/\",\"url\":\"https:\/\/www.globalong.com\/blog\/wp-content\/uploads\/2014\/11\/cropped-cropped-Logo-et-Afrique-Globalong-petite-taille-2.jpg\",\"contentUrl\":\"https:\/\/www.globalong.com\/blog\/wp-content\/uploads\/2014\/11\/cropped-cropped-Logo-et-Afrique-Globalong-petite-taille-2.jpg\",\"width\":512,\"height\":512,\"caption\":\"Association Globalong\"},\"image\":{\"@id\":\"https:\/\/www.vita-explorers.dk\/blog\/#\/schema\/logo\/image\/\"},\"sameAs\":[\"https:\/\/www.facebook.com\/globalong\"]},{\"@type\":\"Person\",\"@id\":\"https:\/\/www.vita-explorers.dk\/blog\/#\/schema\/person\/d7df267b64f23018d1dc519e78fb2735\",\"name\":\"VITA Tribe\",\"image\":{\"@type\":\"ImageObject\",\"inLanguage\":\"da-DK\",\"@id\":\"https:\/\/www.vita-explorers.dk\/blog\/#\/schema\/person\/image\/\",\"url\":\"https:\/\/secure.gravatar.com\/avatar\/81461bcc213d0ff2bdc043d4206648f0?s=96&d=mm&r=g\",\"contentUrl\":\"https:\/\/secure.gravatar.com\/avatar\/81461bcc213d0ff2bdc043d4206648f0?s=96&d=mm&r=g\",\"caption\":\"VITA Tribe\"},\"sameAs\":[\"https:\/\/www.globalong.com\"],\"url\":\"https:\/\/www.vita-explorers.dk\/blog\/author\/sophie\/\"}]}<\/script>\n<!-- \/ Yoast SEO Premium plugin. -->","yoast_head_json":{"title":"Den Internationale Zero Waste-dag: Fokus p\u00e5 at beskytte koralrevet i Den Dominikanske Republik - VITA Explorers Blog","robots":{"index":"index","follow":"follow","max-snippet":"max-snippet:-1","max-image-preview":"max-image-preview:large","max-video-preview":"max-video-preview:-1"},"canonical":"https:\/\/www.vita-explorers.dk\/blog\/den-internationale-zero-waste-dag-fokus-paa-beskyttelse-af-koralrevet-i-den-dominikanske-republik\/","og_locale":"da_DK","og_type":"article","og_title":"Den Internationale Zero Waste-dag: Fokus p\u00e5 at beskytte koralrevet i Den Dominikanske Republik","og_description":"For os er det f\u00f8rst og fremmest en anledning til at sige tak til alle vores engagerede VITA Explorers, der deltager i \u00f8ko-frivilligt arbejde\u2026","og_url":"https:\/\/www.vita-explorers.dk\/blog\/den-internationale-zero-waste-dag-fokus-paa-beskyttelse-af-koralrevet-i-den-dominikanske-republik\/","og_site_name":"VITA Explorers Blog","article_publisher":"https:\/\/www.facebook.com\/globalong","article_published_time":"2023-03-29T14:49:27+00:00","article_modified_time":"2025-11-12T15:08:49+00:00","og_image":[{"width":966,"height":1104,"url":"https:\/\/www.vita-explorers.dk\/blog\/wp-content\/uploads\/2023\/03\/conservation-des-recifs-a-samana.jpeg","type":"image\/jpeg"}],"author":"VITA Tribe","twitter_card":"summary_large_image","twitter_misc":{"Skrevet af":"VITA Tribe","Estimeret l\u00e6setid":"5 minutter"},"schema":{"@context":"https:\/\/schema.org","@graph":[{"@type":"Article","@id":"https:\/\/www.vita-explorers.dk\/blog\/den-internationale-zero-waste-dag-fokus-paa-beskyttelse-af-koralrevet-i-den-dominikanske-republik\/#article","isPartOf":{"@id":"https:\/\/www.vita-explorers.dk\/blog\/den-internationale-zero-waste-dag-fokus-paa-beskyttelse-af-koralrevet-i-den-dominikanske-republik\/"},"author":{"name":"VITA Tribe","@id":"https:\/\/www.vita-explorers.dk\/blog\/#\/schema\/person\/d7df267b64f23018d1dc519e78fb2735"},"headline":"Den Internationale Zero Waste-dag: Fokus p\u00e5 at beskytte koralrevet i Den Dominikanske Republik","datePublished":"2023-03-29T14:49:27+00:00","dateModified":"2025-11-12T15:08:49+00:00","mainEntityOfPage":{"@id":"https:\/\/www.vita-explorers.dk\/blog\/den-internationale-zero-waste-dag-fokus-paa-beskyttelse-af-koralrevet-i-den-dominikanske-republik\/"},"wordCount":697,"commentCount":0,"publisher":{"@id":"https:\/\/www.vita-explorers.dk\/blog\/#organization"},"image":{"@id":"https:\/\/www.vita-explorers.dk\/blog\/den-internationale-zero-waste-dag-fokus-paa-beskyttelse-af-koralrevet-i-den-dominikanske-republik\/#primaryimage"},"thumbnailUrl":"https:\/\/www.vita-explorers.dk\/blog\/wp-content\/uploads\/2023\/03\/conservation-des-recifs-a-samana.jpeg","articleSection":["No Name"],"inLanguage":"da-DK","potentialAction":[{"@type":"CommentAction","name":"Comment","target":["https:\/\/www.vita-explorers.dk\/blog\/den-internationale-zero-waste-dag-fokus-paa-beskyttelse-af-koralrevet-i-den-dominikanske-republik\/#respond"]}]},{"@type":"WebPage","@id":"https:\/\/www.vita-explorers.dk\/blog\/den-internationale-zero-waste-dag-fokus-paa-beskyttelse-af-koralrevet-i-den-dominikanske-republik\/","url":"https:\/\/www.vita-explorers.dk\/blog\/den-internationale-zero-waste-dag-fokus-paa-beskyttelse-af-koralrevet-i-den-dominikanske-republik\/","name":"Den Internationale Zero Waste-dag: Fokus p\u00e5 at beskytte koralrevet i Den Dominikanske Republik - VITA Explorers Blog","isPartOf":{"@id":"https:\/\/www.vita-explorers.dk\/blog\/#website"},"primaryImageOfPage":{"@id":"https:\/\/www.vita-explorers.dk\/blog\/den-internationale-zero-waste-dag-fokus-paa-beskyttelse-af-koralrevet-i-den-dominikanske-republik\/#primaryimage"},"image":{"@id":"https:\/\/www.vita-explorers.dk\/blog\/den-internationale-zero-waste-dag-fokus-paa-beskyttelse-af-koralrevet-i-den-dominikanske-republik\/#primaryimage"},"thumbnailUrl":"https:\/\/www.vita-explorers.dk\/blog\/wp-content\/uploads\/2023\/03\/conservation-des-recifs-a-samana.jpeg","datePublished":"2023-03-29T14:49:27+00:00","dateModified":"2025-11-12T15:08:49+00:00","breadcrumb":{"@id":"https:\/\/www.vita-explorers.dk\/blog\/den-internationale-zero-waste-dag-fokus-paa-beskyttelse-af-koralrevet-i-den-dominikanske-republik\/#breadcrumb"},"inLanguage":"da-DK","potentialAction":[{"@type":"ReadAction","target":["https:\/\/www.vita-explorers.dk\/blog\/den-internationale-zero-waste-dag-fokus-paa-beskyttelse-af-koralrevet-i-den-dominikanske-republik\/"]}]},{"@type":"ImageObject","inLanguage":"da-DK","@id":"https:\/\/www.vita-explorers.dk\/blog\/den-internationale-zero-waste-dag-fokus-paa-beskyttelse-af-koralrevet-i-den-dominikanske-republik\/#primaryimage","url":"https:\/\/www.vita-explorers.dk\/blog\/wp-content\/uploads\/2023\/03\/conservation-des-recifs-a-samana.jpeg","contentUrl":"https:\/\/www.vita-explorers.dk\/blog\/wp-content\/uploads\/2023\/03\/conservation-des-recifs-a-samana.jpeg","width":966,"height":1104},{"@type":"BreadcrumbList","@id":"https:\/\/www.vita-explorers.dk\/blog\/den-internationale-zero-waste-dag-fokus-paa-beskyttelse-af-koralrevet-i-den-dominikanske-republik\/#breadcrumb","itemListElement":[{"@type":"ListItem","position":1,"name":"Accueil","item":"https:\/\/www.vita-explorers.dk\/blog\/"},{"@type":"ListItem","position":2,"name":"Den Internationale Zero Waste-dag: Fokus p\u00e5 at beskytte koralrevet i Den Dominikanske Republik"}]},{"@type":"WebSite","@id":"https:\/\/www.vita-explorers.dk\/blog\/#website","url":"https:\/\/www.vita-explorers.dk\/blog\/","name":"Association Globalong","description":"Frivilligt arbejde, sprogophold, praktik i udlandet og internationale oplevelser","publisher":{"@id":"https:\/\/www.vita-explorers.dk\/blog\/#organization"},"potentialAction":[{"@type":"SearchAction","target":{"@type":"EntryPoint","urlTemplate":"https:\/\/www.vita-explorers.dk\/blog\/?s={search_term_string}"},"query-input":{"@type":"PropertyValueSpecification","valueRequired":true,"valueName":"search_term_string"}}],"inLanguage":"da-DK"},{"@type":"Organization","@id":"https:\/\/www.vita-explorers.dk\/blog\/#organization","name":"Association Globalong","url":"https:\/\/www.vita-explorers.dk\/blog\/","logo":{"@type":"ImageObject","inLanguage":"da-DK","@id":"https:\/\/www.vita-explorers.dk\/blog\/#\/schema\/logo\/image\/","url":"https:\/\/www.globalong.com\/blog\/wp-content\/uploads\/2014\/11\/cropped-cropped-Logo-et-Afrique-Globalong-petite-taille-2.jpg","contentUrl":"https:\/\/www.globalong.com\/blog\/wp-content\/uploads\/2014\/11\/cropped-cropped-Logo-et-Afrique-Globalong-petite-taille-2.jpg","width":512,"height":512,"caption":"Association Globalong"},"image":{"@id":"https:\/\/www.vita-explorers.dk\/blog\/#\/schema\/logo\/image\/"},"sameAs":["https:\/\/www.facebook.com\/globalong"]},{"@type":"Person","@id":"https:\/\/www.vita-explorers.dk\/blog\/#\/schema\/person\/d7df267b64f23018d1dc519e78fb2735","name":"VITA Tribe","image":{"@type":"ImageObject","inLanguage":"da-DK","@id":"https:\/\/www.vita-explorers.dk\/blog\/#\/schema\/person\/image\/","url":"https:\/\/secure.gravatar.com\/avatar\/81461bcc213d0ff2bdc043d4206648f0?s=96&d=mm&r=g","contentUrl":"https:\/\/secure.gravatar.com\/avatar\/81461bcc213d0ff2bdc043d4206648f0?s=96&d=mm&r=g","caption":"VITA Tribe"},"sameAs":["https:\/\/www.globalong.com"],"url":"https:\/\/www.vita-explorers.dk\/blog\/author\/sophie\/"}]}},"_links":{"self":[{"href":"https:\/\/www.vita-explorers.dk\/blog\/wp-json\/wp\/v2\/posts\/15277"}],"collection":[{"href":"https:\/\/www.vita-explorers.dk\/blog\/wp-json\/wp\/v2\/posts"}],"about":[{"href":"https:\/\/www.vita-explorers.dk\/blog\/wp-json\/wp\/v2\/types\/post"}],"author":[{"embeddable":true,"href":"https:\/\/www.vita-explorers.dk\/blog\/wp-json\/wp\/v2\/users\/1"}],"replies":[{"embeddable":true,"href":"https:\/\/www.vita-explorers.dk\/blog\/wp-json\/wp\/v2\/comments?post=15277"}],"version-history":[{"count":6,"href":"https:\/\/www.vita-explorers.dk\/blog\/wp-json\/wp\/v2\/posts\/15277\/revisions"}],"predecessor-version":[{"id":22493,"href":"https:\/\/www.vita-explorers.dk\/blog\/wp-json\/wp\/v2\/posts\/15277\/revisions\/22493"}],"wp:featuredmedia":[{"embeddable":true,"href":"https:\/\/www.vita-explorers.dk\/blog\/wp-json\/wp\/v2\/media\/15279"}],"wp:attachment":[{"href":"https:\/\/www.vita-explorers.dk\/blog\/wp-json\/wp\/v2\/media?parent=15277"}],"wp:term":[{"taxonomy":"category","embeddable":true,"href":"https:\/\/www.vita-explorers.dk\/blog\/wp-json\/wp\/v2\/categories?post=15277"},{"taxonomy":"post_tag","embeddable":true,"href":"https:\/\/www.vita-explorers.dk\/blog\/wp-json\/wp\/v2\/tags?post=15277"}],"curies":[{"name":"wp","href":"https:\/\/api.w.org\/{rel}","templated":true}]}}