{"id":15322,"date":"2023-04-13T17:30:12","date_gmt":"2023-04-13T15:30:12","guid":{"rendered":"https:\/\/www.globalong.com\/blog\/?p=15322"},"modified":"2024-10-24T16:42:20","modified_gmt":"2024-10-24T14:42:20","slug":"hvorfor-tage-et-sprogkursus-foer-du-tager-afsted-paa-et-internationalt-forloeb","status":"publish","type":"post","link":"https:\/\/www.vita-explorers.dk\/blog\/hvorfor-tage-et-sprogkursus-foer-du-tager-afsted-paa-et-internationalt-forloeb\/","title":{"rendered":"Hvorfor tage et sprogkursus, f\u00f8r du tager afsted p\u00e5 et forl\u00f8b?"},"content":{"rendered":"<h1><span style=\"font-size: 18pt;\">Sprogophold i udlandet<\/span><\/h1>\n<h2 class=\"p2\" style=\"text-align: justify;\"><span style=\"font-size: 18pt;\"><strong>N\u00e5r du skal afsted p\u00e5 et internationalt forl\u00f8b i udlandet, er det vigtigt at kunne kommunikere med de mennesker, du m\u00f8der, s\u00e5 du kan bidrage p\u00e5 en ansvarlig og relevant m\u00e5de.<\/strong><\/span><\/h2>\n<h3 class=\"p2\" style=\"text-align: justify;\"><span style=\"font-size: 18pt;\"><strong> Men hvis sprogniveauet ikke r\u00e6kker, kan det v\u00e6re sv\u00e6rt at blive forst\u00e5et og skabe en god dialog i hverdagen.<\/strong><\/span><\/h3>\n<p class=\"p2\" style=\"text-align: justify;\"><span style=\"font-size: 18pt;\"><strong><span style=\"font-size: 14pt;\">God kommunikation er afg\u00f8rende i internationale forl\u00f8b, fordi den g\u00f8r det lettere at forst\u00e5 behov, aftaler og rammer \u2013 og at undg\u00e5 misforst\u00e5elser, der kan f\u00e5 uheldige konsekvenser, is\u00e6r n\u00e5r man arbejder t\u00e6t p\u00e5 mennesker i s\u00e5rbare situationer.<\/span><\/strong><\/span><\/p>\n<h3 class=\"p2\" style=\"text-align: justify;\"><span style=\"font-size: 12pt;\"><strong>Her kan et <a href=\"https:\/\/www.vita-explorers.dk\/sprogophold\/\" target=\"_blank\" rel=\"noopener\"><span style=\"text-decoration: underline;\">sprogophold<\/span><\/a> v\u00e6re en rigtig god l\u00f8sning, hvis du vil styrke dine sprogf\u00e6rdigheder, inden du rejser.<\/strong><\/span><\/h3>\n<p class=\"p2\" style=\"text-align: justify;\"><strong>Et sprogophold er en intensiv og praksisn\u00e6r m\u00e5de at l\u00e6re sprog p\u00e5 i et andet land, hvor du samtidig f\u00e5r kulturudveksling og hverdagsforst\u00e5else med. Du kan f\u00f8lge sprogundervisning, deltage i kulturelle aktiviteter og bo hos en v\u00e6rtsfamilie, s\u00e5 du f\u00e5r tr\u00e6net sproget i dagligdagen.<\/strong><\/p>\n<p class=\"p2\" style=\"text-align: justify;\"><strong>V\u00e6lger du et sprogophold f\u00f8r dit frivillige arbejde i udlandet, st\u00e5r du ofte st\u00e6rkere: Du kan lettere tale med de mennesker, du m\u00f8der, forst\u00e5 vejledning og forventninger og falde bedre til i den lokale kultur. Samtidig giver det typisk mere ro og selvtillid at kunne udtrykke sig undervejs.<\/strong><\/p>\n<p class=\"p2\" style=\"text-align: justify;\"><strong>Derudover kan et sprogophold i sig selv v\u00e6re en v\u00e6rdifuld oplevelse. Du m\u00f8der mennesker fra hele verden, f\u00e5r nye perspektiver og l\u00e6rer et land at kende p\u00e5 en m\u00e5de, du sj\u00e6ldent g\u00f8r som almindelig rejsende.<\/strong><\/p>\n<p class=\"p2\" style=\"text-align: justify;\"><strong>Kort sagt er et sprogophold f\u00f8r et internationalt ophold en god m\u00e5de at opbygge de n\u00f8dvendige sproglige kompetencer, f\u00e5 en bedre kulturforst\u00e5else og skabe lokale relationer. Det g\u00f8r det lettere at v\u00e6re forberedt \u2013 og at bidrage mere meningsfuldt i det, du skal indg\u00e5 i.<\/strong><\/p>\n<p class=\"p2\" style=\"text-align: justify;\"><strong>Hos VITA kan du <a href=\"https:\/\/www.vita-explorers.dk\/sprog-og-frivilligt-arbejde\/\" target=\"_blank\" rel=\"noopener\"><span style=\"text-decoration: underline;\">kombinere sprogophold og frivilligt arbejde<\/span><\/a>. Hvis du vil styrke dit engelsk og samtidig deltage i et ansvarligt forl\u00f8b, kan du tage til <a href=\"https:\/\/www.vita-explorers.dk\/sprog-og-frivilligt-arbejde\/A-syd-engelsk-frivilligt-arbejde.html\" target=\"_blank\" rel=\"noopener\"><span style=\"text-decoration: underline;\">Sydafrika<\/span><\/a>. Den internationale skole i Cape Town tilbyder undervisning p\u00e5 alle niveauer, s\u00e5 du kan komme p\u00e5 et hold, der matcher dit udgangspunkt. Efter 2 til 6 ugers intensiv sprogundervisning kan du forts\u00e6tte med et frivilligt forl\u00f8b i 2 til 10 uger \u2013 med en samlet varighed p\u00e5 op til 12 uger.<\/strong><\/p>\n<h4 class=\"p2\" style=\"text-align: justify;\"><span style=\"font-size: 12pt;\"><strong>Vil du forbedre dit spansk, er der mange muligheder: <a href=\"https:\/\/www.vita-explorers.dk\/sprog-og-frivilligt-arbejde\/argentina-spansk-og-frivilligt-arbejde-internationalt-praktikophold.html\" target=\"_blank\" rel=\"noopener\"><span style=\"text-decoration: underline;\">Argentina<\/span><\/a>, <a href=\"https:\/\/www.vita-explorers.dk\/sprog-og-frivilligt-arbejde\/spansk-frivilligt-arbejde-bolivia.html\" target=\"_blank\" rel=\"noopener\"><span style=\"text-decoration: underline;\">Bolivia<\/span><\/a>, <a href=\"https:\/\/www.vita-explorers.dk\/sprogophold\/costa-rica-spansk-kursus.html\" target=\"_blank\" rel=\"noopener\"><span style=\"text-decoration: underline;\">Costa Rica<\/span><\/a>, <a href=\"https:\/\/www.vita-explorers.dk\/sprog-og-frivilligt-arbejde\/humanitaert-ophold-paa-cuba-internationalt-forloeb-for-studerende.html\" target=\"_blank\" rel=\"noopener\"><span style=\"text-decoration: underline;\">Cuba<\/span><\/a>, <a href=\"https:\/\/www.vita-explorers.dk\/sprog-og-frivilligt-arbejde\/spansk-frivilligt-arbejde-ecuador.html\" target=\"_blank\" rel=\"noopener\"><span style=\"text-decoration: underline;\">Ecuador<\/span><\/a>, <a href=\"https:\/\/www.vita-explorers.dk\/sprog-og-frivilligt-arbejde\/frivilligt-ophold-guatemala.html\" target=\"_blank\" rel=\"noopener\"><span style=\"text-decoration: underline;\">Guatemala<\/span><\/a>, <a href=\"https:\/\/www.vita-explorers.dk\/sprog-og-frivilligt-arbejde\/ecovolontariat-galapagos.html\" target=\"_blank\" rel=\"noopener\"><span style=\"text-decoration: underline;\">Gal\u00e1pagos<\/span><\/a> eller <a href=\"https:\/\/www.vita-explorers.dk\/sprog-og-frivilligt-arbejde\/frivilligt-arbejde-peru.html\" target=\"_blank\" rel=\"noopener\"><span style=\"text-decoration: underline;\">Peru<\/span><\/a>!<\/strong><\/span><\/h4>\n<h5 style=\"text-align: justify;\"><span style=\"font-size: 12pt;\"><strong>Hvis du vil vurdere dit sprogniveau inden dit sprogophold, kan du <a href=\"https:\/\/www.vita-explorers.dk\/blog\/selvevaluering-de-6-sprogniveauer-fra-europaradet\/\" target=\"_blank\" rel=\"noopener\"><span style=\"text-decoration: underline;\">klikke her<\/span><\/a> og tage vores test!<\/strong><\/span><\/h5>\n<h6 class=\"p2\" style=\"text-align: justify;\"><span style=\"font-size: 12pt;\"><b>Vil du h\u00f8re mere, er du velkommen til at kontakte os p\u00e5 <\/b><span style=\"text-decoration: underline;\"><a href=\"mailto:info@globalong.com\"><span class=\"s1\"><b>info@globalong.com<\/b><\/span><\/a><\/span><\/span><\/h6>\n<h6 class=\"p2\" style=\"text-align: justify;\"><\/h6>\n<div class=\"entry-content\">\n<p style=\"text-align: center;\"><strong><b>Vil du f\u00f8lge med i VITA og vores community, kan du finde os p\u00e5 <\/b><a href=\"https:\/\/www.instagram.com\/globalongofficiel\/\"><span class=\"s2\"><b>Instagram<\/b><\/span><\/a><b>, <\/b><a href=\"https:\/\/www.tiktok.com\/@globalong\"><span class=\"s2\"><b>TikTok<\/b><\/span><\/a><b>, <\/b><a href=\"https:\/\/www.facebook.com\/globalong\"><span class=\"s2\"><b>Facebook<\/b><\/span><\/a><b>, <\/b><a href=\"https:\/\/www.linkedin.com\/company\/5113177\/admin\/feed\/posts\/\"><span class=\"s2\"><b>LinkedIn<\/b><\/span><\/a><b> og <\/b><a href=\"https:\/\/www.youtube.com\/c\/globalong\/videos\"><span class=\"s2\"><b>YouTube<\/b><\/span><\/a><b>!<\/b><\/strong><\/p>\n<div class=\"getsocial gs-inline-group\"><\/div>\n<\/div>\n<nav class=\"navigation post-navigation\" aria-label=\"Publications\"><\/nav>\n<h6 class=\"p2\" style=\"text-align: justify;\"><a href=\"https:\/\/www.vita-explorers.dk\/blog\/wp-content\/uploads\/2023\/04\/Cours-en-groupe-a\u0300-le\u0301cole-danglais-GlobAlong-.jpg\" target=\"_blank\" rel=\"noopener\"><img loading=\"lazy\" decoding=\"async\" class=\"aligncenter wp-image-15324 size-full\" src=\"https:\/\/www.vita-explorers.dk\/blog\/wp-content\/uploads\/2023\/04\/Cours-en-groupe-a\u0300-le\u0301cole-danglais-GlobAlong-.jpg\" alt=\"Sprogundervisning for unge \" width=\"1152\" height=\"768\" srcset=\"https:\/\/www.vita-explorers.dk\/blog\/wp-content\/uploads\/2023\/04\/Cours-en-groupe-a\u0300-le\u0301cole-danglais-GlobAlong-.jpg 1152w, https:\/\/www.vita-explorers.dk\/blog\/wp-content\/uploads\/2023\/04\/Cours-en-groupe-a\u0300-le\u0301cole-danglais-GlobAlong--300x200.jpg 300w, https:\/\/www.vita-explorers.dk\/blog\/wp-content\/uploads\/2023\/04\/Cours-en-groupe-a\u0300-le\u0301cole-danglais-GlobAlong--1024x683.jpg 1024w, https:\/\/www.vita-explorers.dk\/blog\/wp-content\/uploads\/2023\/04\/Cours-en-groupe-a\u0300-le\u0301cole-danglais-GlobAlong--768x512.jpg 768w\" sizes=\"(max-width: 1152px) 100vw, 1152px\" \/><\/a><\/h6>\n","protected":false},"excerpt":{"rendered":"<p>Sprogophold i udlandet N\u00e5r du skal afsted p\u00e5 et internationalt forl\u00f8b i udlandet, er det vigtigt at kunne kommunikere med de mennesker, du m\u00f8der,\u2026<\/p>\n","protected":false},"author":1,"featured_media":15323,"comment_status":"open","ping_status":"open","sticky":false,"template":"","format":"standard","meta":{"footnotes":""},"categories":[1,6],"tags":[],"yoast_head":"<!-- This site is optimized with the Yoast SEO Premium plugin v23.4 (Yoast SEO v23.4) - https:\/\/yoast.com\/wordpress\/plugins\/seo\/ -->\n<title>Sprogtr\u00e6ning: styrk dine sprogkompetencer - VITA Explorers Blog<\/title>\n<meta name=\"description\" content=\"Formation linguistique \u00e0 l&#039;\u00e9tranger. D\u00e9couvrez une nouvelle culture en suivant des cours de langue et en vivant avec une famille d&#039;accueil.\" \/>\n<meta name=\"robots\" content=\"index, follow, max-snippet:-1, max-image-preview:large, max-video-preview:-1\" \/>\n<link rel=\"canonical\" href=\"https:\/\/www.vita-explorers.dk\/blog\/hvorfor-tage-et-sprogkursus-foer-du-tager-afsted-paa-et-internationalt-forloeb\/\" \/>\n<meta property=\"og:locale\" content=\"da_DK\" \/>\n<meta property=\"og:type\" content=\"article\" \/>\n<meta property=\"og:title\" content=\"Hvorfor tage et sprogkursus, f\u00f8r du tager afsted p\u00e5 et forl\u00f8b?\" \/>\n<meta property=\"og:description\" content=\"Formation linguistique \u00e0 l&#039;\u00e9tranger. D\u00e9couvrez une nouvelle culture en suivant des cours de langue et en vivant avec une famille d&#039;accueil.\" \/>\n<meta property=\"og:url\" content=\"https:\/\/www.vita-explorers.dk\/blog\/hvorfor-tage-et-sprogkursus-foer-du-tager-afsted-paa-et-internationalt-forloeb\/\" \/>\n<meta property=\"og:site_name\" content=\"VITA Explorers Blog\" \/>\n<meta property=\"article:publisher\" content=\"https:\/\/www.facebook.com\/globalong\" \/>\n<meta property=\"article:published_time\" content=\"2023-04-13T15:30:12+00:00\" \/>\n<meta property=\"article:modified_time\" content=\"2024-10-24T14:42:20+00:00\" \/>\n<meta property=\"og:image\" content=\"https:\/\/www.vita-explorers.dk\/blog\/wp-content\/uploads\/2023\/04\/Cours-de-langue-anglaise-en-Afrique-du-Sud-GlobAlong-.jpg\" \/>\n\t<meta property=\"og:image:width\" content=\"1152\" \/>\n\t<meta property=\"og:image:height\" content=\"768\" \/>\n\t<meta property=\"og:image:type\" content=\"image\/jpeg\" \/>\n<meta name=\"author\" content=\"VITA Tribe\" \/>\n<meta name=\"twitter:card\" content=\"summary_large_image\" \/>\n<meta name=\"twitter:label1\" content=\"Skrevet af\" \/>\n\t<meta name=\"twitter:data1\" content=\"VITA Tribe\" \/>\n\t<meta name=\"twitter:label2\" content=\"Estimeret l\u00e6setid\" \/>\n\t<meta name=\"twitter:data2\" content=\"3 minutter\" \/>\n<script type=\"application\/ld+json\" class=\"yoast-schema-graph\">{\"@context\":\"https:\/\/schema.org\",\"@graph\":[{\"@type\":\"Article\",\"@id\":\"https:\/\/www.vita-explorers.dk\/blog\/hvorfor-tage-et-sprogkursus-foer-du-tager-afsted-paa-et-internationalt-forloeb\/#article\",\"isPartOf\":{\"@id\":\"https:\/\/www.vita-explorers.dk\/blog\/hvorfor-tage-et-sprogkursus-foer-du-tager-afsted-paa-et-internationalt-forloeb\/\"},\"author\":{\"name\":\"VITA Tribe\",\"@id\":\"https:\/\/www.vita-explorers.dk\/blog\/#\/schema\/person\/d7df267b64f23018d1dc519e78fb2735\"},\"headline\":\"Hvorfor tage et sprogkursus, f\u00f8r du tager afsted p\u00e5 et forl\u00f8b?\",\"datePublished\":\"2023-04-13T15:30:12+00:00\",\"dateModified\":\"2024-10-24T14:42:20+00:00\",\"mainEntityOfPage\":{\"@id\":\"https:\/\/www.vita-explorers.dk\/blog\/hvorfor-tage-et-sprogkursus-foer-du-tager-afsted-paa-et-internationalt-forloeb\/\"},\"wordCount\":488,\"commentCount\":0,\"publisher\":{\"@id\":\"https:\/\/www.vita-explorers.dk\/blog\/#organization\"},\"image\":{\"@id\":\"https:\/\/www.vita-explorers.dk\/blog\/hvorfor-tage-et-sprogkursus-foer-du-tager-afsted-paa-et-internationalt-forloeb\/#primaryimage\"},\"thumbnailUrl\":\"https:\/\/www.vita-explorers.dk\/blog\/wp-content\/uploads\/2023\/04\/Cours-de-langue-anglaise-en-Afrique-du-Sud-GlobAlong-.jpg\",\"articleSection\":[\"No Name\",\"Nyheder\"],\"inLanguage\":\"da-DK\",\"potentialAction\":[{\"@type\":\"CommentAction\",\"name\":\"Comment\",\"target\":[\"https:\/\/www.vita-explorers.dk\/blog\/hvorfor-tage-et-sprogkursus-foer-du-tager-afsted-paa-et-internationalt-forloeb\/#respond\"]}]},{\"@type\":\"WebPage\",\"@id\":\"https:\/\/www.vita-explorers.dk\/blog\/hvorfor-tage-et-sprogkursus-foer-du-tager-afsted-paa-et-internationalt-forloeb\/\",\"url\":\"https:\/\/www.vita-explorers.dk\/blog\/hvorfor-tage-et-sprogkursus-foer-du-tager-afsted-paa-et-internationalt-forloeb\/\",\"name\":\"Sprogtr\u00e6ning: styrk dine sprogkompetencer - VITA Explorers Blog\",\"isPartOf\":{\"@id\":\"https:\/\/www.vita-explorers.dk\/blog\/#website\"},\"primaryImageOfPage\":{\"@id\":\"https:\/\/www.vita-explorers.dk\/blog\/hvorfor-tage-et-sprogkursus-foer-du-tager-afsted-paa-et-internationalt-forloeb\/#primaryimage\"},\"image\":{\"@id\":\"https:\/\/www.vita-explorers.dk\/blog\/hvorfor-tage-et-sprogkursus-foer-du-tager-afsted-paa-et-internationalt-forloeb\/#primaryimage\"},\"thumbnailUrl\":\"https:\/\/www.vita-explorers.dk\/blog\/wp-content\/uploads\/2023\/04\/Cours-de-langue-anglaise-en-Afrique-du-Sud-GlobAlong-.jpg\",\"datePublished\":\"2023-04-13T15:30:12+00:00\",\"dateModified\":\"2024-10-24T14:42:20+00:00\",\"description\":\"Formation linguistique \u00e0 l'\u00e9tranger. D\u00e9couvrez une nouvelle culture en suivant des cours de langue et en vivant avec une famille d'accueil.\",\"breadcrumb\":{\"@id\":\"https:\/\/www.vita-explorers.dk\/blog\/hvorfor-tage-et-sprogkursus-foer-du-tager-afsted-paa-et-internationalt-forloeb\/#breadcrumb\"},\"inLanguage\":\"da-DK\",\"potentialAction\":[{\"@type\":\"ReadAction\",\"target\":[\"https:\/\/www.vita-explorers.dk\/blog\/hvorfor-tage-et-sprogkursus-foer-du-tager-afsted-paa-et-internationalt-forloeb\/\"]}]},{\"@type\":\"ImageObject\",\"inLanguage\":\"da-DK\",\"@id\":\"https:\/\/www.vita-explorers.dk\/blog\/hvorfor-tage-et-sprogkursus-foer-du-tager-afsted-paa-et-internationalt-forloeb\/#primaryimage\",\"url\":\"https:\/\/www.vita-explorers.dk\/blog\/wp-content\/uploads\/2023\/04\/Cours-de-langue-anglaise-en-Afrique-du-Sud-GlobAlong-.jpg\",\"contentUrl\":\"https:\/\/www.vita-explorers.dk\/blog\/wp-content\/uploads\/2023\/04\/Cours-de-langue-anglaise-en-Afrique-du-Sud-GlobAlong-.jpg\",\"width\":1152,\"height\":768,\"caption\":\"Formation linguistique\"},{\"@type\":\"BreadcrumbList\",\"@id\":\"https:\/\/www.vita-explorers.dk\/blog\/hvorfor-tage-et-sprogkursus-foer-du-tager-afsted-paa-et-internationalt-forloeb\/#breadcrumb\",\"itemListElement\":[{\"@type\":\"ListItem\",\"position\":1,\"name\":\"Accueil\",\"item\":\"https:\/\/www.vita-explorers.dk\/blog\/\"},{\"@type\":\"ListItem\",\"position\":2,\"name\":\"Hvorfor tage et sprogkursus, f\u00f8r du tager afsted p\u00e5 et forl\u00f8b?\"}]},{\"@type\":\"WebSite\",\"@id\":\"https:\/\/www.vita-explorers.dk\/blog\/#website\",\"url\":\"https:\/\/www.vita-explorers.dk\/blog\/\",\"name\":\"Association Globalong\",\"description\":\"Frivilligt arbejde, sprogophold, praktik i udlandet og internationale oplevelser\",\"publisher\":{\"@id\":\"https:\/\/www.vita-explorers.dk\/blog\/#organization\"},\"potentialAction\":[{\"@type\":\"SearchAction\",\"target\":{\"@type\":\"EntryPoint\",\"urlTemplate\":\"https:\/\/www.vita-explorers.dk\/blog\/?s={search_term_string}\"},\"query-input\":{\"@type\":\"PropertyValueSpecification\",\"valueRequired\":true,\"valueName\":\"search_term_string\"}}],\"inLanguage\":\"da-DK\"},{\"@type\":\"Organization\",\"@id\":\"https:\/\/www.vita-explorers.dk\/blog\/#organization\",\"name\":\"Association Globalong\",\"url\":\"https:\/\/www.vita-explorers.dk\/blog\/\",\"logo\":{\"@type\":\"ImageObject\",\"inLanguage\":\"da-DK\",\"@id\":\"https:\/\/www.vita-explorers.dk\/blog\/#\/schema\/logo\/image\/\",\"url\":\"https:\/\/www.globalong.com\/blog\/wp-content\/uploads\/2014\/11\/cropped-cropped-Logo-et-Afrique-Globalong-petite-taille-2.jpg\",\"contentUrl\":\"https:\/\/www.globalong.com\/blog\/wp-content\/uploads\/2014\/11\/cropped-cropped-Logo-et-Afrique-Globalong-petite-taille-2.jpg\",\"width\":512,\"height\":512,\"caption\":\"Association Globalong\"},\"image\":{\"@id\":\"https:\/\/www.vita-explorers.dk\/blog\/#\/schema\/logo\/image\/\"},\"sameAs\":[\"https:\/\/www.facebook.com\/globalong\"]},{\"@type\":\"Person\",\"@id\":\"https:\/\/www.vita-explorers.dk\/blog\/#\/schema\/person\/d7df267b64f23018d1dc519e78fb2735\",\"name\":\"VITA Tribe\",\"image\":{\"@type\":\"ImageObject\",\"inLanguage\":\"da-DK\",\"@id\":\"https:\/\/www.vita-explorers.dk\/blog\/#\/schema\/person\/image\/\",\"url\":\"https:\/\/secure.gravatar.com\/avatar\/81461bcc213d0ff2bdc043d4206648f0?s=96&d=mm&r=g\",\"contentUrl\":\"https:\/\/secure.gravatar.com\/avatar\/81461bcc213d0ff2bdc043d4206648f0?s=96&d=mm&r=g\",\"caption\":\"VITA Tribe\"},\"sameAs\":[\"https:\/\/www.globalong.com\"],\"url\":\"https:\/\/www.vita-explorers.dk\/blog\/author\/sophie\/\"}]}<\/script>\n<!-- \/ Yoast SEO Premium plugin. -->","yoast_head_json":{"title":"Sprogtr\u00e6ning: styrk dine sprogkompetencer - VITA Explorers Blog","description":"Formation linguistique \u00e0 l'\u00e9tranger. D\u00e9couvrez une nouvelle culture en suivant des cours de langue et en vivant avec une famille d'accueil.","robots":{"index":"index","follow":"follow","max-snippet":"max-snippet:-1","max-image-preview":"max-image-preview:large","max-video-preview":"max-video-preview:-1"},"canonical":"https:\/\/www.vita-explorers.dk\/blog\/hvorfor-tage-et-sprogkursus-foer-du-tager-afsted-paa-et-internationalt-forloeb\/","og_locale":"da_DK","og_type":"article","og_title":"Hvorfor tage et sprogkursus, f\u00f8r du tager afsted p\u00e5 et forl\u00f8b?","og_description":"Formation linguistique \u00e0 l'\u00e9tranger. D\u00e9couvrez une nouvelle culture en suivant des cours de langue et en vivant avec une famille d'accueil.","og_url":"https:\/\/www.vita-explorers.dk\/blog\/hvorfor-tage-et-sprogkursus-foer-du-tager-afsted-paa-et-internationalt-forloeb\/","og_site_name":"VITA Explorers Blog","article_publisher":"https:\/\/www.facebook.com\/globalong","article_published_time":"2023-04-13T15:30:12+00:00","article_modified_time":"2024-10-24T14:42:20+00:00","og_image":[{"width":1152,"height":768,"url":"https:\/\/www.vita-explorers.dk\/blog\/wp-content\/uploads\/2023\/04\/Cours-de-langue-anglaise-en-Afrique-du-Sud-GlobAlong-.jpg","type":"image\/jpeg"}],"author":"VITA Tribe","twitter_card":"summary_large_image","twitter_misc":{"Skrevet af":"VITA Tribe","Estimeret l\u00e6setid":"3 minutter"},"schema":{"@context":"https:\/\/schema.org","@graph":[{"@type":"Article","@id":"https:\/\/www.vita-explorers.dk\/blog\/hvorfor-tage-et-sprogkursus-foer-du-tager-afsted-paa-et-internationalt-forloeb\/#article","isPartOf":{"@id":"https:\/\/www.vita-explorers.dk\/blog\/hvorfor-tage-et-sprogkursus-foer-du-tager-afsted-paa-et-internationalt-forloeb\/"},"author":{"name":"VITA Tribe","@id":"https:\/\/www.vita-explorers.dk\/blog\/#\/schema\/person\/d7df267b64f23018d1dc519e78fb2735"},"headline":"Hvorfor tage et sprogkursus, f\u00f8r du tager afsted p\u00e5 et forl\u00f8b?","datePublished":"2023-04-13T15:30:12+00:00","dateModified":"2024-10-24T14:42:20+00:00","mainEntityOfPage":{"@id":"https:\/\/www.vita-explorers.dk\/blog\/hvorfor-tage-et-sprogkursus-foer-du-tager-afsted-paa-et-internationalt-forloeb\/"},"wordCount":488,"commentCount":0,"publisher":{"@id":"https:\/\/www.vita-explorers.dk\/blog\/#organization"},"image":{"@id":"https:\/\/www.vita-explorers.dk\/blog\/hvorfor-tage-et-sprogkursus-foer-du-tager-afsted-paa-et-internationalt-forloeb\/#primaryimage"},"thumbnailUrl":"https:\/\/www.vita-explorers.dk\/blog\/wp-content\/uploads\/2023\/04\/Cours-de-langue-anglaise-en-Afrique-du-Sud-GlobAlong-.jpg","articleSection":["No Name","Nyheder"],"inLanguage":"da-DK","potentialAction":[{"@type":"CommentAction","name":"Comment","target":["https:\/\/www.vita-explorers.dk\/blog\/hvorfor-tage-et-sprogkursus-foer-du-tager-afsted-paa-et-internationalt-forloeb\/#respond"]}]},{"@type":"WebPage","@id":"https:\/\/www.vita-explorers.dk\/blog\/hvorfor-tage-et-sprogkursus-foer-du-tager-afsted-paa-et-internationalt-forloeb\/","url":"https:\/\/www.vita-explorers.dk\/blog\/hvorfor-tage-et-sprogkursus-foer-du-tager-afsted-paa-et-internationalt-forloeb\/","name":"Sprogtr\u00e6ning: styrk dine sprogkompetencer - VITA Explorers Blog","isPartOf":{"@id":"https:\/\/www.vita-explorers.dk\/blog\/#website"},"primaryImageOfPage":{"@id":"https:\/\/www.vita-explorers.dk\/blog\/hvorfor-tage-et-sprogkursus-foer-du-tager-afsted-paa-et-internationalt-forloeb\/#primaryimage"},"image":{"@id":"https:\/\/www.vita-explorers.dk\/blog\/hvorfor-tage-et-sprogkursus-foer-du-tager-afsted-paa-et-internationalt-forloeb\/#primaryimage"},"thumbnailUrl":"https:\/\/www.vita-explorers.dk\/blog\/wp-content\/uploads\/2023\/04\/Cours-de-langue-anglaise-en-Afrique-du-Sud-GlobAlong-.jpg","datePublished":"2023-04-13T15:30:12+00:00","dateModified":"2024-10-24T14:42:20+00:00","description":"Formation linguistique \u00e0 l'\u00e9tranger. D\u00e9couvrez une nouvelle culture en suivant des cours de langue et en vivant avec une famille d'accueil.","breadcrumb":{"@id":"https:\/\/www.vita-explorers.dk\/blog\/hvorfor-tage-et-sprogkursus-foer-du-tager-afsted-paa-et-internationalt-forloeb\/#breadcrumb"},"inLanguage":"da-DK","potentialAction":[{"@type":"ReadAction","target":["https:\/\/www.vita-explorers.dk\/blog\/hvorfor-tage-et-sprogkursus-foer-du-tager-afsted-paa-et-internationalt-forloeb\/"]}]},{"@type":"ImageObject","inLanguage":"da-DK","@id":"https:\/\/www.vita-explorers.dk\/blog\/hvorfor-tage-et-sprogkursus-foer-du-tager-afsted-paa-et-internationalt-forloeb\/#primaryimage","url":"https:\/\/www.vita-explorers.dk\/blog\/wp-content\/uploads\/2023\/04\/Cours-de-langue-anglaise-en-Afrique-du-Sud-GlobAlong-.jpg","contentUrl":"https:\/\/www.vita-explorers.dk\/blog\/wp-content\/uploads\/2023\/04\/Cours-de-langue-anglaise-en-Afrique-du-Sud-GlobAlong-.jpg","width":1152,"height":768,"caption":"Formation linguistique"},{"@type":"BreadcrumbList","@id":"https:\/\/www.vita-explorers.dk\/blog\/hvorfor-tage-et-sprogkursus-foer-du-tager-afsted-paa-et-internationalt-forloeb\/#breadcrumb","itemListElement":[{"@type":"ListItem","position":1,"name":"Accueil","item":"https:\/\/www.vita-explorers.dk\/blog\/"},{"@type":"ListItem","position":2,"name":"Hvorfor tage et sprogkursus, f\u00f8r du tager afsted p\u00e5 et forl\u00f8b?"}]},{"@type":"WebSite","@id":"https:\/\/www.vita-explorers.dk\/blog\/#website","url":"https:\/\/www.vita-explorers.dk\/blog\/","name":"Association Globalong","description":"Frivilligt arbejde, sprogophold, praktik i udlandet og internationale oplevelser","publisher":{"@id":"https:\/\/www.vita-explorers.dk\/blog\/#organization"},"potentialAction":[{"@type":"SearchAction","target":{"@type":"EntryPoint","urlTemplate":"https:\/\/www.vita-explorers.dk\/blog\/?s={search_term_string}"},"query-input":{"@type":"PropertyValueSpecification","valueRequired":true,"valueName":"search_term_string"}}],"inLanguage":"da-DK"},{"@type":"Organization","@id":"https:\/\/www.vita-explorers.dk\/blog\/#organization","name":"Association Globalong","url":"https:\/\/www.vita-explorers.dk\/blog\/","logo":{"@type":"ImageObject","inLanguage":"da-DK","@id":"https:\/\/www.vita-explorers.dk\/blog\/#\/schema\/logo\/image\/","url":"https:\/\/www.globalong.com\/blog\/wp-content\/uploads\/2014\/11\/cropped-cropped-Logo-et-Afrique-Globalong-petite-taille-2.jpg","contentUrl":"https:\/\/www.globalong.com\/blog\/wp-content\/uploads\/2014\/11\/cropped-cropped-Logo-et-Afrique-Globalong-petite-taille-2.jpg","width":512,"height":512,"caption":"Association Globalong"},"image":{"@id":"https:\/\/www.vita-explorers.dk\/blog\/#\/schema\/logo\/image\/"},"sameAs":["https:\/\/www.facebook.com\/globalong"]},{"@type":"Person","@id":"https:\/\/www.vita-explorers.dk\/blog\/#\/schema\/person\/d7df267b64f23018d1dc519e78fb2735","name":"VITA Tribe","image":{"@type":"ImageObject","inLanguage":"da-DK","@id":"https:\/\/www.vita-explorers.dk\/blog\/#\/schema\/person\/image\/","url":"https:\/\/secure.gravatar.com\/avatar\/81461bcc213d0ff2bdc043d4206648f0?s=96&d=mm&r=g","contentUrl":"https:\/\/secure.gravatar.com\/avatar\/81461bcc213d0ff2bdc043d4206648f0?s=96&d=mm&r=g","caption":"VITA Tribe"},"sameAs":["https:\/\/www.globalong.com"],"url":"https:\/\/www.vita-explorers.dk\/blog\/author\/sophie\/"}]}},"_links":{"self":[{"href":"https:\/\/www.vita-explorers.dk\/blog\/wp-json\/wp\/v2\/posts\/15322"}],"collection":[{"href":"https:\/\/www.vita-explorers.dk\/blog\/wp-json\/wp\/v2\/posts"}],"about":[{"href":"https:\/\/www.vita-explorers.dk\/blog\/wp-json\/wp\/v2\/types\/post"}],"author":[{"embeddable":true,"href":"https:\/\/www.vita-explorers.dk\/blog\/wp-json\/wp\/v2\/users\/1"}],"replies":[{"embeddable":true,"href":"https:\/\/www.vita-explorers.dk\/blog\/wp-json\/wp\/v2\/comments?post=15322"}],"version-history":[{"count":6,"href":"https:\/\/www.vita-explorers.dk\/blog\/wp-json\/wp\/v2\/posts\/15322\/revisions"}],"predecessor-version":[{"id":18121,"href":"https:\/\/www.vita-explorers.dk\/blog\/wp-json\/wp\/v2\/posts\/15322\/revisions\/18121"}],"wp:featuredmedia":[{"embeddable":true,"href":"https:\/\/www.vita-explorers.dk\/blog\/wp-json\/wp\/v2\/media\/15323"}],"wp:attachment":[{"href":"https:\/\/www.vita-explorers.dk\/blog\/wp-json\/wp\/v2\/media?parent=15322"}],"wp:term":[{"taxonomy":"category","embeddable":true,"href":"https:\/\/www.vita-explorers.dk\/blog\/wp-json\/wp\/v2\/categories?post=15322"},{"taxonomy":"post_tag","embeddable":true,"href":"https:\/\/www.vita-explorers.dk\/blog\/wp-json\/wp\/v2\/tags?post=15322"}],"curies":[{"name":"wp","href":"https:\/\/api.w.org\/{rel}","templated":true}]}}