{"id":15328,"date":"2023-04-20T11:17:25","date_gmt":"2023-04-20T09:17:25","guid":{"rendered":"https:\/\/www.globalong.com\/blog\/?p=15328"},"modified":"2025-10-29T16:55:22","modified_gmt":"2025-10-29T15:55:22","slug":"projekt-apaso-fem-studerende-engageret-i-et-rehabiliteringscenter-paa-sri-lanka","status":"publish","type":"post","link":"https:\/\/www.vita-explorers.dk\/blog\/projekt-apaso-fem-studerende-engageret-i-et-rehabiliteringscenter-paa-sri-lanka\/","title":{"rendered":"Projekt APAS&#8217;O: Fem studerende engageret p\u00e5 et rehabiliteringscenter i Sri Lanka!"},"content":{"rendered":"<h1 class=\"p1\" style=\"text-align: justify;\"><span style=\"font-size: 12pt;\"><strong>Om knap en m\u00e5ned g\u00e5r turen afsted for Cindy Feuillet, Ma\u00eblle Briais, Elisa Sidaine, Clara Vezie og Cassandre Chambrin \u2013 undervisere i tilpasset fysisk aktivitet og kandidatstuderende p\u00e5 2. \u00e5r!<\/strong><\/span><\/h1>\n<h2 class=\"p1\" style=\"text-align: justify;\"><span style=\"font-size: 12pt;\"><strong>De repr\u00e6senterer den <a href=\"https:\/\/www.helloasso.com\/associations\/apas-o\" target=\"_blank\" rel=\"noopener\"><span style=\"text-decoration: underline;\">studerende forening APAS\u2019O<\/span><\/a>. Med en bachelorgrad i bagagen arbejder de allerede som undervisere i tilpasset fysisk aktivitet, hvilket g\u00f8r dem i stand til at st\u00f8tte genoptr\u00e6ning gennem bev\u00e6gelse og fysisk aktivitet. <\/strong><strong>For at bringe deres kompetencer i spil for mennesker i udsatte situationer rejser de til Sri Lanka for at indg\u00e5 i <span style=\"text-decoration: underline;\"><a href=\"https:\/\/www.vita-explorers.dk\/frivilligt-arbejde\/sri-lanka\/Stage-etudiant-R%C3%A9%C3%A9ducation-physiotherapie-Ergoth%C3%A9rapie.html\" target=\"_blank\" rel=\"noopener\">et lokalt drevet rehabiliterings- og f\u00e6llesskabscenter i Galle<\/a><\/span>. Projektet er vigtigt, fordi det har fokus p\u00e5 at st\u00f8tte mennesker med handicap, som fortsat ofte m\u00f8der marginalisering og diskrimination i det srilankanske samfund.<\/strong><\/span><\/h2>\n<h3 class=\"p1\" style=\"text-align: justify;\"><span style=\"font-size: 12pt;\"><strong>Sri Lanka blev i 2004 ramt af en \u00f8del\u00e6ggende tsunami. I dag st\u00e5r landet midt i sin alvorligste socio\u00f8konomiske krise nogensinde. Et sundhedssystem, der tidligere var st\u00e6rkt, er presset til bristepunktet \u2013 med patienter p\u00e5virket af str\u00f8mafbrydelser, mangel p\u00e5 medicin og udstyr. <em>&#8220;Det er i den sammenh\u00e6ng, at vi har valgt at st\u00f8tte befolkningen&#8221;<\/em> fort\u00e6ller gruppen af studerende.<\/strong><\/span><\/h3>\n<p class=\"p4\" style=\"text-align: justify;\"><strong>Derudover m\u00f8der mennesker med handicap i Sri Lanka ofte barrierer i adgangen til uddannelse, arbejde, sundhed og andre helt grundl\u00e6ggende tilbud. Udfordringerne omkring sundhed er s\u00e6rligt bekymrende, fordi behandling kan v\u00e6re dyr, og sundhedsfaciliteter ofte ikke er indrettet til at tage imod patienter med handicap.<\/strong><\/p>\n<p class=\"p4\" style=\"text-align: justify;\"><strong>Derfor kan disse underviseres arbejde med <a href=\"https:\/\/www.vita-explorers.dk\/blog\/internationalt-frivilligt-arbejde-fysioterapi\/\" target=\"_blank\" rel=\"noopener\">tilpasset fysisk aktivitet<\/a> f\u00e5 stor betydning for at hj\u00e6lpe lokale beboere med at h\u00e5ndtere de udfordringer. Ved at blive en del af rehabiliteringscenteret i Galle kan de bidrage til genoptr\u00e6ning og \u00f8get livskvalitet for mennesker med handicap gennem forl\u00f8b, der er tilpasset den enkeltes behov. Tilpasset fysisk aktivitet (APA) giver en konkret og effektiv ramme for genoptr\u00e6ning, samtidig med at det kan styrke deltagelse i f\u00e6llesskaber og social trivsel. Derudover kan regelm\u00e6ssig fysisk aktivitet i nogle tilf\u00e6lde v\u00e6re et relevant supplement til dyr medicinsk behandling, fordi det kan bidrage til forebyggelse og h\u00e5ndtering af visse helbredstilstande<\/strong><\/p>\n<p class=\"p4\" style=\"text-align: justify;\"><strong><a href=\"https:\/\/www.larep.fr\/orleans-45000\/actualites\/des-etudiantes-engagees_14296051\/\" target=\"_blank\" rel=\"noopener\"><span style=\"text-decoration: underline;\">Projektet med Cindy, Ma\u00eblle, Elisa, Clara og Cassandre<\/span><\/a> er et inspirerende eksempel p\u00e5 engagement, samarbejde og solidaritet med mennesker i udsatte situationer. Indsatsen vil uden tvivl bidrage til at forbedre hverdagen og vilk\u00e5rene for centerets brugere.<\/strong><\/p>\n<p class=\"p4\" style=\"text-align: justify;\"><strong>De engagerede studerende har oprettet en online indsamling med det form\u00e5l at finansiere indk\u00f8b af sports- og sundhedsrelateret udstyr til rehabiliteringscenteret. Indk\u00f8bene sker i lokale butikker for at st\u00f8tte \u00f8ens \u00f8konomi. Derudover vil de tilbyde gratis forl\u00f8b med tilpasset fysisk aktivitet til borgere i Galle, som har behov for genoptr\u00e6ning. De vil ogs\u00e5 dele deres viden med lokale sundhedsprofessionelle for at styrke, at indsatsen kan leve videre p\u00e5 l\u00e6ngere sigt.<\/strong><\/p>\n<p class=\"p4\" style=\"text-align: justify;\"><strong>Alle kan v\u00e6re med ved at st\u00f8tte deres indsamling, dele den online og sprede budskabet i egne netv\u00e6rk og p\u00e5 sociale medier!<\/strong><\/p>\n<p class=\"p4\" style=\"text-align: justify;\"><strong>Du finder deres indsamling <a href=\"https:\/\/www.leetchi.com\/c\/projet-humanitaire-en-activite-physique-adaptee-au-sri-lanka?utm_source=copylink&#038;utm_medium=social_sharing\" target=\"_blank\" rel=\"noopener\"><span style=\"text-decoration: underline;\">lige her<\/span><\/a>! Vil du f\u00f8lge deres hverdag undervejs p\u00e5 Instagram, s\u00e5 <a href=\"https:\/\/www.instagram.com\/humanitaire.apaso\/\" target=\"_blank\" rel=\"noopener\"><span style=\"text-decoration: underline;\">klik her<\/span><\/a>!<\/strong><\/p>\n<p class=\"p4\" style=\"text-align: justify;\"><strong>Hvis du har sp\u00f8rgsm\u00e5l eller \u00f8nsker mere information, er du velkommen til at kontakte os p\u00e5 <span style=\"text-decoration: underline;\"><a href=\"mailto:info@globalong.com\"><span class=\"s1\">info@globalong.com<\/span><\/a><\/span><\/strong><\/p>\n<p><a href=\"https:\/\/www.vita-explorers.dk\/blog\/wp-content\/uploads\/2023\/04\/collecte-de-fonds-humanitaire-sri-lanka.png\"><img loading=\"lazy\" decoding=\"async\" class=\"alignnone size-full wp-image-15330\" src=\"https:\/\/www.vita-explorers.dk\/blog\/wp-content\/uploads\/2023\/04\/collecte-de-fonds-humanitaire-sri-lanka.png\" alt=\"\" width=\"2350\" height=\"868\" srcset=\"https:\/\/www.vita-explorers.dk\/blog\/wp-content\/uploads\/2023\/04\/collecte-de-fonds-humanitaire-sri-lanka.png 2350w, https:\/\/www.vita-explorers.dk\/blog\/wp-content\/uploads\/2023\/04\/collecte-de-fonds-humanitaire-sri-lanka-300x111.png 300w, https:\/\/www.vita-explorers.dk\/blog\/wp-content\/uploads\/2023\/04\/collecte-de-fonds-humanitaire-sri-lanka-1024x378.png 1024w, https:\/\/www.vita-explorers.dk\/blog\/wp-content\/uploads\/2023\/04\/collecte-de-fonds-humanitaire-sri-lanka-768x284.png 768w, https:\/\/www.vita-explorers.dk\/blog\/wp-content\/uploads\/2023\/04\/collecte-de-fonds-humanitaire-sri-lanka-1536x567.png 1536w, https:\/\/www.vita-explorers.dk\/blog\/wp-content\/uploads\/2023\/04\/collecte-de-fonds-humanitaire-sri-lanka-2048x756.png 2048w\" sizes=\"(max-width: 2350px) 100vw, 2350px\" \/><\/a><\/p>\n","protected":false},"excerpt":{"rendered":"<p>Om knap en m\u00e5ned g\u00e5r turen afsted for Cindy Feuillet, Ma\u00eblle Briais, Elisa Sidaine, Clara Vezie og Cassandre Chambrin \u2013 undervisere i tilpasset fysisk\u2026<\/p>\n","protected":false},"author":1,"featured_media":15329,"comment_status":"open","ping_status":"open","sticky":false,"template":"","format":"standard","meta":{"footnotes":""},"categories":[1],"tags":[],"yoast_head":"<!-- This site is optimized with the Yoast SEO Premium plugin v23.4 (Yoast SEO v23.4) - https:\/\/yoast.com\/wordpress\/plugins\/seo\/ -->\n<title>Projekt APAS&#039;O: Fem studerende engageret p\u00e5 et rehabiliteringscenter i Sri Lanka! - VITA Explorers Blog<\/title>\n<meta name=\"robots\" content=\"index, follow, max-snippet:-1, max-image-preview:large, max-video-preview:-1\" \/>\n<link rel=\"canonical\" href=\"https:\/\/www.vita-explorers.dk\/blog\/projekt-apaso-fem-studerende-engageret-i-et-rehabiliteringscenter-paa-sri-lanka\/\" \/>\n<meta property=\"og:locale\" content=\"da_DK\" \/>\n<meta property=\"og:type\" content=\"article\" \/>\n<meta property=\"og:title\" content=\"Projekt APAS&#039;O: Fem studerende engageret p\u00e5 et rehabiliteringscenter i Sri Lanka!\" \/>\n<meta property=\"og:description\" content=\"Om knap en m\u00e5ned g\u00e5r turen afsted for Cindy Feuillet, Ma\u00eblle Briais, Elisa Sidaine, Clara Vezie og Cassandre Chambrin \u2013 undervisere i tilpasset fysisk\u2026\" \/>\n<meta property=\"og:url\" content=\"https:\/\/www.vita-explorers.dk\/blog\/projekt-apaso-fem-studerende-engageret-i-et-rehabiliteringscenter-paa-sri-lanka\/\" \/>\n<meta property=\"og:site_name\" content=\"VITA Explorers Blog\" \/>\n<meta property=\"article:publisher\" content=\"https:\/\/www.facebook.com\/globalong\" \/>\n<meta property=\"article:published_time\" content=\"2023-04-20T09:17:25+00:00\" \/>\n<meta property=\"article:modified_time\" content=\"2025-10-29T15:55:22+00:00\" \/>\n<meta property=\"og:image\" content=\"https:\/\/www.vita-explorers.dk\/blog\/wp-content\/uploads\/2023\/04\/mission-humanitaire-au-sri-lanka-964x1024.png\" \/>\n\t<meta property=\"og:image:width\" content=\"964\" \/>\n\t<meta property=\"og:image:height\" content=\"1024\" \/>\n\t<meta property=\"og:image:type\" content=\"image\/png\" \/>\n<meta name=\"author\" content=\"VITA Tribe\" \/>\n<meta name=\"twitter:card\" content=\"summary_large_image\" \/>\n<meta name=\"twitter:label1\" content=\"Skrevet af\" \/>\n\t<meta name=\"twitter:data1\" content=\"VITA Tribe\" \/>\n\t<meta name=\"twitter:label2\" content=\"Estimeret l\u00e6setid\" \/>\n\t<meta name=\"twitter:data2\" content=\"4 minutter\" \/>\n<script type=\"application\/ld+json\" class=\"yoast-schema-graph\">{\"@context\":\"https:\/\/schema.org\",\"@graph\":[{\"@type\":\"Article\",\"@id\":\"https:\/\/www.vita-explorers.dk\/blog\/projekt-apaso-fem-studerende-engageret-i-et-rehabiliteringscenter-paa-sri-lanka\/#article\",\"isPartOf\":{\"@id\":\"https:\/\/www.vita-explorers.dk\/blog\/projekt-apaso-fem-studerende-engageret-i-et-rehabiliteringscenter-paa-sri-lanka\/\"},\"author\":{\"name\":\"VITA Tribe\",\"@id\":\"https:\/\/www.vita-explorers.dk\/blog\/#\/schema\/person\/d7df267b64f23018d1dc519e78fb2735\"},\"headline\":\"Projekt APAS&#8217;O: Fem studerende engageret p\u00e5 et rehabiliteringscenter i Sri Lanka!\",\"datePublished\":\"2023-04-20T09:17:25+00:00\",\"dateModified\":\"2025-10-29T15:55:22+00:00\",\"mainEntityOfPage\":{\"@id\":\"https:\/\/www.vita-explorers.dk\/blog\/projekt-apaso-fem-studerende-engageret-i-et-rehabiliteringscenter-paa-sri-lanka\/\"},\"wordCount\":543,\"commentCount\":0,\"publisher\":{\"@id\":\"https:\/\/www.vita-explorers.dk\/blog\/#organization\"},\"image\":{\"@id\":\"https:\/\/www.vita-explorers.dk\/blog\/projekt-apaso-fem-studerende-engageret-i-et-rehabiliteringscenter-paa-sri-lanka\/#primaryimage\"},\"thumbnailUrl\":\"https:\/\/www.vita-explorers.dk\/blog\/wp-content\/uploads\/2023\/04\/mission-humanitaire-au-sri-lanka.png\",\"articleSection\":[\"No Name\"],\"inLanguage\":\"da-DK\",\"potentialAction\":[{\"@type\":\"CommentAction\",\"name\":\"Comment\",\"target\":[\"https:\/\/www.vita-explorers.dk\/blog\/projekt-apaso-fem-studerende-engageret-i-et-rehabiliteringscenter-paa-sri-lanka\/#respond\"]}]},{\"@type\":\"WebPage\",\"@id\":\"https:\/\/www.vita-explorers.dk\/blog\/projekt-apaso-fem-studerende-engageret-i-et-rehabiliteringscenter-paa-sri-lanka\/\",\"url\":\"https:\/\/www.vita-explorers.dk\/blog\/projekt-apaso-fem-studerende-engageret-i-et-rehabiliteringscenter-paa-sri-lanka\/\",\"name\":\"Projekt APAS'O: Fem studerende engageret p\u00e5 et rehabiliteringscenter i Sri Lanka! - VITA Explorers Blog\",\"isPartOf\":{\"@id\":\"https:\/\/www.vita-explorers.dk\/blog\/#website\"},\"primaryImageOfPage\":{\"@id\":\"https:\/\/www.vita-explorers.dk\/blog\/projekt-apaso-fem-studerende-engageret-i-et-rehabiliteringscenter-paa-sri-lanka\/#primaryimage\"},\"image\":{\"@id\":\"https:\/\/www.vita-explorers.dk\/blog\/projekt-apaso-fem-studerende-engageret-i-et-rehabiliteringscenter-paa-sri-lanka\/#primaryimage\"},\"thumbnailUrl\":\"https:\/\/www.vita-explorers.dk\/blog\/wp-content\/uploads\/2023\/04\/mission-humanitaire-au-sri-lanka.png\",\"datePublished\":\"2023-04-20T09:17:25+00:00\",\"dateModified\":\"2025-10-29T15:55:22+00:00\",\"breadcrumb\":{\"@id\":\"https:\/\/www.vita-explorers.dk\/blog\/projekt-apaso-fem-studerende-engageret-i-et-rehabiliteringscenter-paa-sri-lanka\/#breadcrumb\"},\"inLanguage\":\"da-DK\",\"potentialAction\":[{\"@type\":\"ReadAction\",\"target\":[\"https:\/\/www.vita-explorers.dk\/blog\/projekt-apaso-fem-studerende-engageret-i-et-rehabiliteringscenter-paa-sri-lanka\/\"]}]},{\"@type\":\"ImageObject\",\"inLanguage\":\"da-DK\",\"@id\":\"https:\/\/www.vita-explorers.dk\/blog\/projekt-apaso-fem-studerende-engageret-i-et-rehabiliteringscenter-paa-sri-lanka\/#primaryimage\",\"url\":\"https:\/\/www.vita-explorers.dk\/blog\/wp-content\/uploads\/2023\/04\/mission-humanitaire-au-sri-lanka.png\",\"contentUrl\":\"https:\/\/www.vita-explorers.dk\/blog\/wp-content\/uploads\/2023\/04\/mission-humanitaire-au-sri-lanka.png\",\"width\":1568,\"height\":1666},{\"@type\":\"BreadcrumbList\",\"@id\":\"https:\/\/www.vita-explorers.dk\/blog\/projekt-apaso-fem-studerende-engageret-i-et-rehabiliteringscenter-paa-sri-lanka\/#breadcrumb\",\"itemListElement\":[{\"@type\":\"ListItem\",\"position\":1,\"name\":\"Accueil\",\"item\":\"https:\/\/www.vita-explorers.dk\/blog\/\"},{\"@type\":\"ListItem\",\"position\":2,\"name\":\"Projekt APAS&#8217;O: Fem studerende engageret p\u00e5 et rehabiliteringscenter i Sri Lanka!\"}]},{\"@type\":\"WebSite\",\"@id\":\"https:\/\/www.vita-explorers.dk\/blog\/#website\",\"url\":\"https:\/\/www.vita-explorers.dk\/blog\/\",\"name\":\"Association Globalong\",\"description\":\"Frivilligt arbejde, sprogophold, praktik i udlandet og internationale oplevelser\",\"publisher\":{\"@id\":\"https:\/\/www.vita-explorers.dk\/blog\/#organization\"},\"potentialAction\":[{\"@type\":\"SearchAction\",\"target\":{\"@type\":\"EntryPoint\",\"urlTemplate\":\"https:\/\/www.vita-explorers.dk\/blog\/?s={search_term_string}\"},\"query-input\":{\"@type\":\"PropertyValueSpecification\",\"valueRequired\":true,\"valueName\":\"search_term_string\"}}],\"inLanguage\":\"da-DK\"},{\"@type\":\"Organization\",\"@id\":\"https:\/\/www.vita-explorers.dk\/blog\/#organization\",\"name\":\"Association Globalong\",\"url\":\"https:\/\/www.vita-explorers.dk\/blog\/\",\"logo\":{\"@type\":\"ImageObject\",\"inLanguage\":\"da-DK\",\"@id\":\"https:\/\/www.vita-explorers.dk\/blog\/#\/schema\/logo\/image\/\",\"url\":\"https:\/\/www.globalong.com\/blog\/wp-content\/uploads\/2014\/11\/cropped-cropped-Logo-et-Afrique-Globalong-petite-taille-2.jpg\",\"contentUrl\":\"https:\/\/www.globalong.com\/blog\/wp-content\/uploads\/2014\/11\/cropped-cropped-Logo-et-Afrique-Globalong-petite-taille-2.jpg\",\"width\":512,\"height\":512,\"caption\":\"Association Globalong\"},\"image\":{\"@id\":\"https:\/\/www.vita-explorers.dk\/blog\/#\/schema\/logo\/image\/\"},\"sameAs\":[\"https:\/\/www.facebook.com\/globalong\"]},{\"@type\":\"Person\",\"@id\":\"https:\/\/www.vita-explorers.dk\/blog\/#\/schema\/person\/d7df267b64f23018d1dc519e78fb2735\",\"name\":\"VITA Tribe\",\"image\":{\"@type\":\"ImageObject\",\"inLanguage\":\"da-DK\",\"@id\":\"https:\/\/www.vita-explorers.dk\/blog\/#\/schema\/person\/image\/\",\"url\":\"https:\/\/secure.gravatar.com\/avatar\/81461bcc213d0ff2bdc043d4206648f0?s=96&d=mm&r=g\",\"contentUrl\":\"https:\/\/secure.gravatar.com\/avatar\/81461bcc213d0ff2bdc043d4206648f0?s=96&d=mm&r=g\",\"caption\":\"VITA Tribe\"},\"sameAs\":[\"https:\/\/www.globalong.com\"],\"url\":\"https:\/\/www.vita-explorers.dk\/blog\/author\/sophie\/\"}]}<\/script>\n<!-- \/ Yoast SEO Premium plugin. -->","yoast_head_json":{"title":"Projekt APAS'O: Fem studerende engageret p\u00e5 et rehabiliteringscenter i Sri Lanka! - VITA Explorers Blog","robots":{"index":"index","follow":"follow","max-snippet":"max-snippet:-1","max-image-preview":"max-image-preview:large","max-video-preview":"max-video-preview:-1"},"canonical":"https:\/\/www.vita-explorers.dk\/blog\/projekt-apaso-fem-studerende-engageret-i-et-rehabiliteringscenter-paa-sri-lanka\/","og_locale":"da_DK","og_type":"article","og_title":"Projekt APAS'O: Fem studerende engageret p\u00e5 et rehabiliteringscenter i Sri Lanka!","og_description":"Om knap en m\u00e5ned g\u00e5r turen afsted for Cindy Feuillet, Ma\u00eblle Briais, Elisa Sidaine, Clara Vezie og Cassandre Chambrin \u2013 undervisere i tilpasset fysisk\u2026","og_url":"https:\/\/www.vita-explorers.dk\/blog\/projekt-apaso-fem-studerende-engageret-i-et-rehabiliteringscenter-paa-sri-lanka\/","og_site_name":"VITA Explorers Blog","article_publisher":"https:\/\/www.facebook.com\/globalong","article_published_time":"2023-04-20T09:17:25+00:00","article_modified_time":"2025-10-29T15:55:22+00:00","og_image":[{"width":964,"height":1024,"url":"https:\/\/www.vita-explorers.dk\/blog\/wp-content\/uploads\/2023\/04\/mission-humanitaire-au-sri-lanka-964x1024.png","type":"image\/png"}],"author":"VITA Tribe","twitter_card":"summary_large_image","twitter_misc":{"Skrevet af":"VITA Tribe","Estimeret l\u00e6setid":"4 minutter"},"schema":{"@context":"https:\/\/schema.org","@graph":[{"@type":"Article","@id":"https:\/\/www.vita-explorers.dk\/blog\/projekt-apaso-fem-studerende-engageret-i-et-rehabiliteringscenter-paa-sri-lanka\/#article","isPartOf":{"@id":"https:\/\/www.vita-explorers.dk\/blog\/projekt-apaso-fem-studerende-engageret-i-et-rehabiliteringscenter-paa-sri-lanka\/"},"author":{"name":"VITA Tribe","@id":"https:\/\/www.vita-explorers.dk\/blog\/#\/schema\/person\/d7df267b64f23018d1dc519e78fb2735"},"headline":"Projekt APAS&#8217;O: Fem studerende engageret p\u00e5 et rehabiliteringscenter i Sri Lanka!","datePublished":"2023-04-20T09:17:25+00:00","dateModified":"2025-10-29T15:55:22+00:00","mainEntityOfPage":{"@id":"https:\/\/www.vita-explorers.dk\/blog\/projekt-apaso-fem-studerende-engageret-i-et-rehabiliteringscenter-paa-sri-lanka\/"},"wordCount":543,"commentCount":0,"publisher":{"@id":"https:\/\/www.vita-explorers.dk\/blog\/#organization"},"image":{"@id":"https:\/\/www.vita-explorers.dk\/blog\/projekt-apaso-fem-studerende-engageret-i-et-rehabiliteringscenter-paa-sri-lanka\/#primaryimage"},"thumbnailUrl":"https:\/\/www.vita-explorers.dk\/blog\/wp-content\/uploads\/2023\/04\/mission-humanitaire-au-sri-lanka.png","articleSection":["No Name"],"inLanguage":"da-DK","potentialAction":[{"@type":"CommentAction","name":"Comment","target":["https:\/\/www.vita-explorers.dk\/blog\/projekt-apaso-fem-studerende-engageret-i-et-rehabiliteringscenter-paa-sri-lanka\/#respond"]}]},{"@type":"WebPage","@id":"https:\/\/www.vita-explorers.dk\/blog\/projekt-apaso-fem-studerende-engageret-i-et-rehabiliteringscenter-paa-sri-lanka\/","url":"https:\/\/www.vita-explorers.dk\/blog\/projekt-apaso-fem-studerende-engageret-i-et-rehabiliteringscenter-paa-sri-lanka\/","name":"Projekt APAS'O: Fem studerende engageret p\u00e5 et rehabiliteringscenter i Sri Lanka! - VITA Explorers Blog","isPartOf":{"@id":"https:\/\/www.vita-explorers.dk\/blog\/#website"},"primaryImageOfPage":{"@id":"https:\/\/www.vita-explorers.dk\/blog\/projekt-apaso-fem-studerende-engageret-i-et-rehabiliteringscenter-paa-sri-lanka\/#primaryimage"},"image":{"@id":"https:\/\/www.vita-explorers.dk\/blog\/projekt-apaso-fem-studerende-engageret-i-et-rehabiliteringscenter-paa-sri-lanka\/#primaryimage"},"thumbnailUrl":"https:\/\/www.vita-explorers.dk\/blog\/wp-content\/uploads\/2023\/04\/mission-humanitaire-au-sri-lanka.png","datePublished":"2023-04-20T09:17:25+00:00","dateModified":"2025-10-29T15:55:22+00:00","breadcrumb":{"@id":"https:\/\/www.vita-explorers.dk\/blog\/projekt-apaso-fem-studerende-engageret-i-et-rehabiliteringscenter-paa-sri-lanka\/#breadcrumb"},"inLanguage":"da-DK","potentialAction":[{"@type":"ReadAction","target":["https:\/\/www.vita-explorers.dk\/blog\/projekt-apaso-fem-studerende-engageret-i-et-rehabiliteringscenter-paa-sri-lanka\/"]}]},{"@type":"ImageObject","inLanguage":"da-DK","@id":"https:\/\/www.vita-explorers.dk\/blog\/projekt-apaso-fem-studerende-engageret-i-et-rehabiliteringscenter-paa-sri-lanka\/#primaryimage","url":"https:\/\/www.vita-explorers.dk\/blog\/wp-content\/uploads\/2023\/04\/mission-humanitaire-au-sri-lanka.png","contentUrl":"https:\/\/www.vita-explorers.dk\/blog\/wp-content\/uploads\/2023\/04\/mission-humanitaire-au-sri-lanka.png","width":1568,"height":1666},{"@type":"BreadcrumbList","@id":"https:\/\/www.vita-explorers.dk\/blog\/projekt-apaso-fem-studerende-engageret-i-et-rehabiliteringscenter-paa-sri-lanka\/#breadcrumb","itemListElement":[{"@type":"ListItem","position":1,"name":"Accueil","item":"https:\/\/www.vita-explorers.dk\/blog\/"},{"@type":"ListItem","position":2,"name":"Projekt APAS&#8217;O: Fem studerende engageret p\u00e5 et rehabiliteringscenter i Sri Lanka!"}]},{"@type":"WebSite","@id":"https:\/\/www.vita-explorers.dk\/blog\/#website","url":"https:\/\/www.vita-explorers.dk\/blog\/","name":"Association Globalong","description":"Frivilligt arbejde, sprogophold, praktik i udlandet og internationale oplevelser","publisher":{"@id":"https:\/\/www.vita-explorers.dk\/blog\/#organization"},"potentialAction":[{"@type":"SearchAction","target":{"@type":"EntryPoint","urlTemplate":"https:\/\/www.vita-explorers.dk\/blog\/?s={search_term_string}"},"query-input":{"@type":"PropertyValueSpecification","valueRequired":true,"valueName":"search_term_string"}}],"inLanguage":"da-DK"},{"@type":"Organization","@id":"https:\/\/www.vita-explorers.dk\/blog\/#organization","name":"Association Globalong","url":"https:\/\/www.vita-explorers.dk\/blog\/","logo":{"@type":"ImageObject","inLanguage":"da-DK","@id":"https:\/\/www.vita-explorers.dk\/blog\/#\/schema\/logo\/image\/","url":"https:\/\/www.globalong.com\/blog\/wp-content\/uploads\/2014\/11\/cropped-cropped-Logo-et-Afrique-Globalong-petite-taille-2.jpg","contentUrl":"https:\/\/www.globalong.com\/blog\/wp-content\/uploads\/2014\/11\/cropped-cropped-Logo-et-Afrique-Globalong-petite-taille-2.jpg","width":512,"height":512,"caption":"Association Globalong"},"image":{"@id":"https:\/\/www.vita-explorers.dk\/blog\/#\/schema\/logo\/image\/"},"sameAs":["https:\/\/www.facebook.com\/globalong"]},{"@type":"Person","@id":"https:\/\/www.vita-explorers.dk\/blog\/#\/schema\/person\/d7df267b64f23018d1dc519e78fb2735","name":"VITA Tribe","image":{"@type":"ImageObject","inLanguage":"da-DK","@id":"https:\/\/www.vita-explorers.dk\/blog\/#\/schema\/person\/image\/","url":"https:\/\/secure.gravatar.com\/avatar\/81461bcc213d0ff2bdc043d4206648f0?s=96&d=mm&r=g","contentUrl":"https:\/\/secure.gravatar.com\/avatar\/81461bcc213d0ff2bdc043d4206648f0?s=96&d=mm&r=g","caption":"VITA Tribe"},"sameAs":["https:\/\/www.globalong.com"],"url":"https:\/\/www.vita-explorers.dk\/blog\/author\/sophie\/"}]}},"_links":{"self":[{"href":"https:\/\/www.vita-explorers.dk\/blog\/wp-json\/wp\/v2\/posts\/15328"}],"collection":[{"href":"https:\/\/www.vita-explorers.dk\/blog\/wp-json\/wp\/v2\/posts"}],"about":[{"href":"https:\/\/www.vita-explorers.dk\/blog\/wp-json\/wp\/v2\/types\/post"}],"author":[{"embeddable":true,"href":"https:\/\/www.vita-explorers.dk\/blog\/wp-json\/wp\/v2\/users\/1"}],"replies":[{"embeddable":true,"href":"https:\/\/www.vita-explorers.dk\/blog\/wp-json\/wp\/v2\/comments?post=15328"}],"version-history":[{"count":5,"href":"https:\/\/www.vita-explorers.dk\/blog\/wp-json\/wp\/v2\/posts\/15328\/revisions"}],"predecessor-version":[{"id":22176,"href":"https:\/\/www.vita-explorers.dk\/blog\/wp-json\/wp\/v2\/posts\/15328\/revisions\/22176"}],"wp:featuredmedia":[{"embeddable":true,"href":"https:\/\/www.vita-explorers.dk\/blog\/wp-json\/wp\/v2\/media\/15329"}],"wp:attachment":[{"href":"https:\/\/www.vita-explorers.dk\/blog\/wp-json\/wp\/v2\/media?parent=15328"}],"wp:term":[{"taxonomy":"category","embeddable":true,"href":"https:\/\/www.vita-explorers.dk\/blog\/wp-json\/wp\/v2\/categories?post=15328"},{"taxonomy":"post_tag","embeddable":true,"href":"https:\/\/www.vita-explorers.dk\/blog\/wp-json\/wp\/v2\/tags?post=15328"}],"curies":[{"name":"wp","href":"https:\/\/api.w.org\/{rel}","templated":true}]}}