{"id":15355,"date":"2023-05-04T17:36:34","date_gmt":"2023-05-04T15:36:34","guid":{"rendered":"https:\/\/www.globalong.com\/blog\/?p=15355"},"modified":"2024-10-21T21:19:55","modified_gmt":"2024-10-21T19:19:55","slug":"tag-praktikophold-i-udlandet-med-vita","status":"publish","type":"post","link":"https:\/\/www.vita-explorers.dk\/blog\/tag-praktikophold-i-udlandet-med-vita\/","title":{"rendered":"Tag p\u00e5 internationalt praktikophold med VITA Institute"},"content":{"rendered":"<h1 class=\"p1\" style=\"text-align: justify;\"><span style=\"font-size: 12pt;\"><strong>Hvordan f\u00e5r man en studiestage i udlandet?<\/strong><\/span><\/h1>\n<h2 class=\"p1\" style=\"text-align: justify;\"><span style=\"font-size: 12pt;\"><strong>Mange studerende skal i praktik for at f\u00e5 deres studie\u00e5r godkendt. At finde en praktikplads kan v\u00e6re en udfordring \u2013 og det kan f\u00f8les endnu mere uoverskueligt, n\u00e5r praktikopholdet skal v\u00e6re internationalt.<\/strong><\/span><\/h2>\n<p class=\"p3\" style=\"text-align: justify;\"><span style=\"font-size: 12pt;\"><strong><span class=\"s1\">VITA Institute st\u00f8tter studerende, der \u00f8nsker at kombinere deres praktik med et internationalt forl\u00f8b med social eller milj\u00f8m\u00e6ssig retning, og giver samlet hj\u00e6lp til at f\u00e5 projektet godt fra start til slut. Teamet guider gennem hele processen \u2013 fra at afklare muligheder og finde et relevant forl\u00f8b til forberedelse og gennemf\u00f8rsel. Vi arbejder i dialog med lokale organisationer for at tilbyde internationale forl\u00f8b, hvor du kan bidrage meningsfuldt og ansvarligt.<\/span><\/strong><\/span><\/p>\n<h4 class=\"p3\" style=\"text-align: justify;\"><span style=\"text-decoration: underline; font-size: 12pt;\"><strong>Men hvorfor v\u00e6lge et internationalt humanit\u00e6rt forl\u00f8b som studiestage?<\/strong><\/span><\/h4>\n<p class=\"p3\" style=\"text-align: justify;\"><strong>F\u00e5 praktisk erfaring: Et praktikophold i et internationalt socialt eller milj\u00f8rettet forl\u00f8b giver konkret erfaring i virkelige rammer. Det hj\u00e6lper dig med at udvikle kompetencer, viden og erfaring, som kan v\u00e6re direkte relevante i din fremtidige karriere \u2013 eller bruges p\u00e5 tv\u00e6rs af fagomr\u00e5der.<\/strong><\/p>\n<p class=\"p3\" style=\"text-align: justify;\"><strong>Udvikle interkulturelle kompetencer: Internationale forl\u00f8b giver ofte mulighed for at arbejde sammen med mennesker med andre kulturelle baggrunde. Som praktikant kan du l\u00e6re at kommunikere tydeligt i multikulturelle milj\u00f8er, forst\u00e5 og respektere forskelle og opbygge interkulturel forst\u00e5else.<\/strong><\/p>\n<p class=\"p3\" style=\"text-align: justify;\"><strong>Bidrage til en social og\/eller milj\u00f8m\u00e6ssig indsats: Mange v\u00e6lger denne type praktik, fordi de gerne vil bidrage til noget, der giver mening. Som deltager er du med til at st\u00f8tte en positiv udvikling \u2013 med fokus p\u00e5 at v\u00e6re til gavn i hverdagen, hvor der er behov.<\/strong><\/p>\n<p class=\"p3\" style=\"text-align: justify;\"><strong>Afpr\u00f8ve en mulig karrierevej: For nogle kan internationale humanit\u00e6re forl\u00f8b v\u00e6re en m\u00e5de at afs\u00f8ge karrieremuligheder inden for fx humanit\u00e6rt arbejde, sundhed, internationalt samarbejde, undervisning m.m. Et praktikforl\u00f8b kan give indblik i opgaver, kompetencekrav og udfordringer i feltet. Samtidig kan du m\u00f8de fagfolk med erfaring inden for omr\u00e5det, som kan blive v\u00e6rdifulde kontakter p\u00e5 sigt.<\/strong><\/p>\n<h5 class=\"p3\" style=\"text-align: justify;\"><span style=\"text-decoration: underline; font-size: 12pt;\"><strong>Tre typer praktikforl\u00f8b er mulige.<\/strong><\/span><\/h5>\n<ul>\n<li class=\"p3\" style=\"text-align: justify;\"><strong>Praktik uden krav om kompetencegodkendelse<\/strong><\/li>\n<\/ul>\n<p class=\"p3\" style=\"text-align: justify;\"><em><strong><span class=\"s2\">Eksemplet med <a href=\"https:\/\/www.vita-explorers.dk\/blog\/avis-globalong\/togo-julia-orphelinat-enfants-afrique-solidarite\/\" target=\"_blank\" rel=\"noopener\"><span style=\"text-decoration: underline;\">Julia<\/span><\/a> &#8211; <\/span>Deltager p\u00e5 et b\u00f8rnecenter i Togo<\/strong><\/em><\/p>\n<p class=\"p3\" style=\"text-align: justify;\"><strong>Hendes uddannelse kr\u00e6ver ikke, at hun f\u00e5r bestemte kompetencer godkendt under praktikken \u2013 hun skal \u201cbare\u201d gennemf\u00f8re et praktikophold i udlandet. For skolen handler det derfor is\u00e6r om at vise omstillingsevne gennem en erfaring i udlandet. Julie er meget udadvendt og elsker at v\u00e6re sammen med b\u00f8rn \u2013 hun har babysittet og har en p\u00e6dagogisk fritidsleder-uddannelse. Hun taler ikke s\u00e5 godt engelsk, men vil gerne indg\u00e5 i en organisation og hj\u00e6lpe i hverdagen. Derfor tager hun til Togo, et fransktalende land, og hj\u00e6lper p\u00e5 et b\u00f8rnecenter. Hun aflaster de lokale teams, hj\u00e6lper med daglige opgaver og s\u00e6tter aktiviteter og lege i gang for b\u00f8rnene. Hun giver ogs\u00e5 lektiehj\u00e6lp til b\u00f8rn, der har det sv\u00e6rt i skolen.<\/strong><\/p>\n<ul>\n<li class=\"p3\" style=\"text-align: justify;\">\n<h6><span style=\"font-size: 12pt;\"><strong>Praktik med kompetencegodkendelse<\/strong><\/span><\/h6>\n<\/li>\n<\/ul>\n<p class=\"p3\" style=\"text-align: justify;\"><em><strong>Eksemplet med Pauline &#8211; Deltager p\u00e5 et havbevaringsforl\u00f8b i Gr\u00e6kenland<\/strong><\/em><\/p>\n<p class=\"p3\" style=\"text-align: justify;\"><strong>Hun l\u00e6ser til ingeni\u00f8r. Hendes uddannelse har givet hende en liste over kompetencer, der skal godkendes, og hun taler engelsk. Hun elsker havet og er vokset op t\u00e6t p\u00e5 Middelhavet. Hun er optaget af havdyr som delfiner og skildpadder \u2013 og ja, ogs\u00e5 hajer. Hun tager til Gr\u00e6kenland og indg\u00e5r i et forl\u00f8b med fokus p\u00e5 beskyttelse af havmilj\u00f8et, hvor hun kan hj\u00e6lpe med at indsamle data og analysere dem. Gennem sin uddannelse kender hun til geografiske informationssystemer (GIS), og hun kan derfor oms\u00e6tte sin faglighed til praksis i de 8 uger, som hendes studie kr\u00e6ver.<\/strong><\/p>\n<ul>\n<li class=\"p3\" style=\"text-align: justify;\"><strong>Praktik med kompetencegodkendelse og personligt projekt<\/strong><\/li>\n<\/ul>\n<p class=\"p3\" style=\"text-align: justify;\"><em><strong>Eksemplet med <a href=\"https:\/\/www.vita-explorers.dk\/blog\/projekt-sibra-projekt-om-etablering-af-et-vandforsyningssystem-i-nepal\/\" target=\"_blank\" rel=\"noopener\"><span style=\"text-decoration: underline;\">SIBRA-teamet<\/span><\/a> &#8211; Deltagere p\u00e5 et ingeni\u00f8rforl\u00f8b i Nepal<\/strong><\/em><\/p>\n<p class=\"p3\" style=\"text-align: justify;\"><strong>Ridjaly, Bastien, Sarah, Clara og In\u00e8s l\u00e6ser ogs\u00e5 til ingeni\u00f8r og er specialiseret i vandforsyning. De skal i praktik som en del af studiet, men skal samtidig gennemf\u00f8re et personligt projekt. De v\u00e6lger at kombinere de to og l\u00f8fter projektet til et st\u00f8rre niveau. Deres m\u00e5l: at bygge vandtanke til familier i et landdistrikt i Nepal, som oplever t\u00f8rke om vinteren. I l\u00f8bet af \u00e5ret arrangerer de events, kontakter virksomheder, banker og organisationer for at rejse midler. Senere rejser de ud for at bidrage konkret p\u00e5 byggepladserne. P\u00e5 den m\u00e5de f\u00e5r de b\u00e5de godkendt kompetencer inden for kommunikation, planl\u00e6gning og forhandling \u2013 samt praktiske f\u00e6rdigheder p\u00e5 stedet.<\/strong><\/p>\n<p class=\"p7\" style=\"text-align: justify;\"><strong><span style=\"text-decoration: underline;\">Det er muligt at f\u00e5 et praktikophold med praktikaftale inden for f\u00f8lgende omr\u00e5der<\/span>\u00a0<\/strong><\/p>\n<p class=\"p7\" style=\"text-align: justify;\"><strong>Landbrug, kunst og musik, kommunikation, byggeri, udvikling, menneskerettigheder, \u00f8ko-frivilligt arbejde, styrkelse af kvinder, beskyttelse og st\u00f8tte til b\u00f8rn og unge, undervisning, handicap, journalistik, ledelse, sundhed, pleje og st\u00f8tte til \u00e6ldre, fysioterapi\/rehabilitering, dyrevelf\u00e6rd, psykologi, internationale relationer og sport.<\/strong><\/p>\n<p class=\"p7\" style=\"text-align: justify;\"><strong><span style=\"text-decoration: underline;\">Betingelser for at s\u00f8ge praktik via VITA Institute<\/span>\u00a0<\/strong><\/p>\n<ul class=\"ul1\" style=\"text-align: justify;\">\n<li class=\"li7\"><strong>Alle vores praktikforl\u00f8b foreg\u00e5r internationalt \u2013 enten p\u00e5 kontor eller i praksisfeltet. Vi tilbyder ikke praktik i Danmark p\u00e5 nuv\u00e6rende tidspunkt.<\/strong><\/li>\n<li class=\"li7\"><strong>Den minimale varighed for de fleste praktikforl\u00f8b er 2 uger.<\/strong><\/li>\n<li class=\"li7\"><strong>Der kan v\u00e6re krav om sprog p\u00e5 \u00f8vet niveau (fx engelsk eller spansk).<\/strong><\/li>\n<\/ul>\n<p style=\"text-align: justify;\"><span style=\"text-decoration: underline;\"><strong>Hvordan s\u00f8ger man et praktikophold?<\/strong><\/span><\/p>\n<p class=\"p8\" style=\"text-align: justify;\"><strong>For at s\u00f8ge skal du indsende din ans\u00f8gning <a href=\"https:\/\/membre.globalong.com\/order\/step1\"><span class=\"s4\"><span style=\"text-decoration: underline;\">direkte via vores hjemmeside.<\/span><\/span><\/a> Den skal indeholde f\u00f8lgende:<\/strong><\/p>\n<ul class=\"ul1\" style=\"text-align: justify;\">\n<li class=\"li9\"><strong><span class=\"s1\">Dit CV<\/span><\/strong><\/li>\n<li class=\"li9\"><strong><span class=\"s1\">En motiveret ans\u00f8gning, der svarer p\u00e5 f\u00f8lgende sp\u00f8rgsm\u00e5l<\/span><span class=\"s5\">:\u00a0<\/span><\/strong>\n<ul class=\"ul2\">\n<li class=\"li10\"><strong><span class=\"s1\">Hvorfor \u00f8nsker du at deltage i frivilligt arbejde?<\/span><\/strong><\/li>\n<li class=\"li10\"><strong><span class=\"s1\">Hvorfor har du valgt netop dette land og dette forl\u00f8b?<\/span><\/strong><\/li>\n<li class=\"li10\"><strong><span class=\"s1\">Hvilke kvalifikationer eller erfaringer har du, der er relevante for forl\u00f8bet?<\/span><\/strong><\/li>\n<li class=\"li10\"><strong><span class=\"s1\">Hvad forventer du at f\u00e5 ud af forl\u00f8bet?<\/span><\/strong><\/li>\n<\/ul>\n<\/li>\n<li class=\"li10\"><strong><span class=\"s7\">En straffeattest.\u00a0<\/span><\/strong><\/li>\n<\/ul>\n<p class=\"p8\" style=\"text-align: justify;\"><strong>Bem\u00e6rk, at ans\u00f8gning og CV skal skrives p\u00e5 det relevante sprog afh\u00e6ngigt af destination:<\/strong><\/p>\n<ul class=\"ul1\" style=\"text-align: justify;\">\n<li class=\"li10\"><strong><span class=\"s1\">Fransk til Togo, Marokko, Madagaskar og Senegal<\/span><\/strong><\/li>\n<li class=\"li10\"><strong><span class=\"s1\">Spansk til spansktalende lande (eller engelsk, hvis du er begynder i spansk)<\/span><\/strong><\/li>\n<li class=\"li10\"><strong><span class=\"s1\">Engelsk til alle andre destinationer.<\/span><\/strong><\/li>\n<\/ul>\n<p class=\"p3\" style=\"text-align: justify;\"><strong>Alt i alt kan et internationalt humanit\u00e6rt forl\u00f8b som praktik v\u00e6re en b\u00e5de l\u00e6rerig og udviklende erfaring \u2013 personligt og fagligt. Det kan styrke dine kompetencer, <span style=\"text-decoration: underline;\"><a href=\"https:\/\/www.vita-explorers.dk\/blog\/VITA-tips: S\u00e5dan fremh\u00e6ver du dit engagement som deltager p\u00e5 LinkedIn\/\"><span class=\"s9\">styrke dit CV<\/span><\/a><\/span>, give dig mulighed for at bidrage til en sag, du f\u00f8ler dig forbundet med, forbedre dine sprogkundskaber og din omstillingsevne \u2013 samtidig med at du f\u00e5r praktikmoduler godkendt p\u00e5 studiet.\u00a0<\/strong><\/p>\n<p class=\"p3\" style=\"text-align: justify;\"><strong>Det er vigtigt at bem\u00e6rke, at praktikanter og deltagere, der engagerer sig internationalt, ikke ans\u00e6ttes for at erstatte en medarbejder, men for at st\u00f8tte de eksisterende teams.\u00a0<\/strong><\/p>\n<p><strong>Hvis du ikke har det n\u00f8dvendige sprogniveau, kan du v\u00e6lge et <a href=\"https:\/\/www.vita-explorers.dk\/blog\/hvorfor-tage-et-sprogkursus-foer-du-tager-afsted-paa-et-internationalt-forloeb\/\" target=\"_blank\" rel=\"noopener\"><span style=\"text-decoration: underline;\">sprogophold f\u00f8r din praktik<\/span><\/a>. S\u00e5 er du bedre forberedt p\u00e5 at tale med lokale, forst\u00e5 vejledning fra dine kontaktpersoner og finde dig til rette i landets kultur.\u00a0<\/strong><\/p>\n<p class=\"p3\" style=\"text-align: justify;\"><strong>Hvis du \u00f8nsker mere information, er du velkommen til at kontakte os p\u00e5 <span style=\"text-decoration: underline;\"><a href=\"mailto:info@globalong.com\"><span class=\"s9\">info@globalong.com<\/span><\/a><\/span>.<\/strong><\/p>\n<p><a href=\"https:\/\/www.vita-explorers.dk\/blog\/wp-content\/uploads\/2023\/05\/en-stage-avec-globalong.jpeg\"><img loading=\"lazy\" decoding=\"async\" class=\"aligncenter wp-image-15356 size-large\" src=\"https:\/\/www.vita-explorers.dk\/blog\/wp-content\/uploads\/2023\/05\/en-stage-avec-globalong-1024x769.jpeg\" alt=\"International praktik med VITA Institute\" width=\"640\" height=\"481\" srcset=\"https:\/\/www.vita-explorers.dk\/blog\/wp-content\/uploads\/2023\/05\/en-stage-avec-globalong-1024x769.jpeg 1024w, https:\/\/www.vita-explorers.dk\/blog\/wp-content\/uploads\/2023\/05\/en-stage-avec-globalong-300x225.jpeg 300w, https:\/\/www.vita-explorers.dk\/blog\/wp-content\/uploads\/2023\/05\/en-stage-avec-globalong-768x577.jpeg 768w, https:\/\/www.vita-explorers.dk\/blog\/wp-content\/uploads\/2023\/05\/en-stage-avec-globalong.jpeg 1278w\" sizes=\"(max-width: 640px) 100vw, 640px\" \/><\/a><\/p>\n","protected":false},"excerpt":{"rendered":"<p>Hvordan f\u00e5r man en studiestage i udlandet? Mange studerende skal i praktik for at f\u00e5 deres studie\u00e5r godkendt. At finde en praktikplads kan v\u00e6re\u2026<\/p>\n","protected":false},"author":1,"featured_media":15358,"comment_status":"open","ping_status":"open","sticky":false,"template":"","format":"standard","meta":{"footnotes":""},"categories":[1,6,4],"tags":[],"yoast_head":"<!-- This site is optimized with the Yoast SEO Premium plugin v23.4 (Yoast SEO v23.4) - https:\/\/yoast.com\/wordpress\/plugins\/seo\/ -->\n<title>Tag p\u00e5 internationalt praktikophold med VITA Institute - VITA Explorers Blog<\/title>\n<meta name=\"description\" content=\"D\u00e9veloppez vos comp\u00e9tences et contributez \u00e0 une cause sociale gr\u00e2ce aux stages internationaux en mission humanitaire.\" \/>\n<meta name=\"robots\" content=\"index, follow, max-snippet:-1, max-image-preview:large, max-video-preview:-1\" \/>\n<link rel=\"canonical\" href=\"https:\/\/www.vita-explorers.dk\/blog\/tag-praktikophold-i-udlandet-med-vita\/\" \/>\n<meta property=\"og:locale\" content=\"da_DK\" \/>\n<meta property=\"og:type\" content=\"article\" \/>\n<meta property=\"og:title\" content=\"Tag p\u00e5 internationalt praktikophold med VITA Institute\" \/>\n<meta property=\"og:description\" content=\"D\u00e9veloppez vos comp\u00e9tences et contributez \u00e0 une cause sociale gr\u00e2ce aux stages internationaux en mission humanitaire.\" \/>\n<meta property=\"og:url\" content=\"https:\/\/www.vita-explorers.dk\/blog\/tag-praktikophold-i-udlandet-med-vita\/\" \/>\n<meta property=\"og:site_name\" content=\"VITA Explorers Blog\" \/>\n<meta property=\"article:publisher\" content=\"https:\/\/www.facebook.com\/globalong\" \/>\n<meta property=\"article:published_time\" content=\"2023-05-04T15:36:34+00:00\" \/>\n<meta property=\"article:modified_time\" content=\"2024-10-21T19:19:55+00:00\" \/>\n<meta property=\"og:image\" content=\"https:\/\/www.vita-explorers.dk\/blog\/wp-content\/uploads\/2023\/05\/Capture-de\u0301cran-2023-05-05-a\u0300-11.13.18.png\" \/>\n\t<meta property=\"og:image:width\" content=\"1776\" \/>\n\t<meta property=\"og:image:height\" content=\"928\" \/>\n\t<meta property=\"og:image:type\" content=\"image\/png\" \/>\n<meta name=\"author\" content=\"VITA Tribe\" \/>\n<meta name=\"twitter:card\" content=\"summary_large_image\" \/>\n<meta name=\"twitter:label1\" content=\"Skrevet af\" \/>\n\t<meta name=\"twitter:data1\" content=\"VITA Tribe\" \/>\n\t<meta name=\"twitter:label2\" content=\"Estimeret l\u00e6setid\" \/>\n\t<meta name=\"twitter:data2\" content=\"7 minutter\" \/>\n<script type=\"application\/ld+json\" class=\"yoast-schema-graph\">{\"@context\":\"https:\/\/schema.org\",\"@graph\":[{\"@type\":\"Article\",\"@id\":\"https:\/\/www.vita-explorers.dk\/blog\/tag-praktikophold-i-udlandet-med-vita\/#article\",\"isPartOf\":{\"@id\":\"https:\/\/www.vita-explorers.dk\/blog\/tag-praktikophold-i-udlandet-med-vita\/\"},\"author\":{\"name\":\"VITA Tribe\",\"@id\":\"https:\/\/www.vita-explorers.dk\/blog\/#\/schema\/person\/d7df267b64f23018d1dc519e78fb2735\"},\"headline\":\"Tag p\u00e5 internationalt praktikophold med VITA Institute\",\"datePublished\":\"2023-05-04T15:36:34+00:00\",\"dateModified\":\"2024-10-21T19:19:55+00:00\",\"mainEntityOfPage\":{\"@id\":\"https:\/\/www.vita-explorers.dk\/blog\/tag-praktikophold-i-udlandet-med-vita\/\"},\"wordCount\":1145,\"commentCount\":0,\"publisher\":{\"@id\":\"https:\/\/www.vita-explorers.dk\/blog\/#organization\"},\"image\":{\"@id\":\"https:\/\/www.vita-explorers.dk\/blog\/tag-praktikophold-i-udlandet-med-vita\/#primaryimage\"},\"thumbnailUrl\":\"https:\/\/www.vita-explorers.dk\/blog\/wp-content\/uploads\/2023\/05\/Capture-de\u0301cran-2023-05-05-a\u0300-11.13.18.png\",\"articleSection\":[\"No Name\",\"Nyheder\",\"VITA Explorers\"],\"inLanguage\":\"da-DK\",\"potentialAction\":[{\"@type\":\"CommentAction\",\"name\":\"Comment\",\"target\":[\"https:\/\/www.vita-explorers.dk\/blog\/tag-praktikophold-i-udlandet-med-vita\/#respond\"]}]},{\"@type\":\"WebPage\",\"@id\":\"https:\/\/www.vita-explorers.dk\/blog\/tag-praktikophold-i-udlandet-med-vita\/\",\"url\":\"https:\/\/www.vita-explorers.dk\/blog\/tag-praktikophold-i-udlandet-med-vita\/\",\"name\":\"Tag p\u00e5 internationalt praktikophold med VITA Institute - VITA Explorers Blog\",\"isPartOf\":{\"@id\":\"https:\/\/www.vita-explorers.dk\/blog\/#website\"},\"primaryImageOfPage\":{\"@id\":\"https:\/\/www.vita-explorers.dk\/blog\/tag-praktikophold-i-udlandet-med-vita\/#primaryimage\"},\"image\":{\"@id\":\"https:\/\/www.vita-explorers.dk\/blog\/tag-praktikophold-i-udlandet-med-vita\/#primaryimage\"},\"thumbnailUrl\":\"https:\/\/www.vita-explorers.dk\/blog\/wp-content\/uploads\/2023\/05\/Capture-de\u0301cran-2023-05-05-a\u0300-11.13.18.png\",\"datePublished\":\"2023-05-04T15:36:34+00:00\",\"dateModified\":\"2024-10-21T19:19:55+00:00\",\"description\":\"D\u00e9veloppez vos comp\u00e9tences et contributez \u00e0 une cause sociale gr\u00e2ce aux stages internationaux en mission humanitaire.\",\"breadcrumb\":{\"@id\":\"https:\/\/www.vita-explorers.dk\/blog\/tag-praktikophold-i-udlandet-med-vita\/#breadcrumb\"},\"inLanguage\":\"da-DK\",\"potentialAction\":[{\"@type\":\"ReadAction\",\"target\":[\"https:\/\/www.vita-explorers.dk\/blog\/tag-praktikophold-i-udlandet-med-vita\/\"]}]},{\"@type\":\"ImageObject\",\"inLanguage\":\"da-DK\",\"@id\":\"https:\/\/www.vita-explorers.dk\/blog\/tag-praktikophold-i-udlandet-med-vita\/#primaryimage\",\"url\":\"https:\/\/www.vita-explorers.dk\/blog\/wp-content\/uploads\/2023\/05\/Capture-de\u0301cran-2023-05-05-a\u0300-11.13.18.png\",\"contentUrl\":\"https:\/\/www.vita-explorers.dk\/blog\/wp-content\/uploads\/2023\/05\/Capture-de\u0301cran-2023-05-05-a\u0300-11.13.18.png\",\"width\":1776,\"height\":928,\"caption\":\"Stage international avec Globalong\"},{\"@type\":\"BreadcrumbList\",\"@id\":\"https:\/\/www.vita-explorers.dk\/blog\/tag-praktikophold-i-udlandet-med-vita\/#breadcrumb\",\"itemListElement\":[{\"@type\":\"ListItem\",\"position\":1,\"name\":\"Accueil\",\"item\":\"https:\/\/www.vita-explorers.dk\/blog\/\"},{\"@type\":\"ListItem\",\"position\":2,\"name\":\"Tag p\u00e5 internationalt praktikophold med VITA Institute\"}]},{\"@type\":\"WebSite\",\"@id\":\"https:\/\/www.vita-explorers.dk\/blog\/#website\",\"url\":\"https:\/\/www.vita-explorers.dk\/blog\/\",\"name\":\"Association Globalong\",\"description\":\"Frivilligt arbejde, sprogophold, praktik i udlandet og internationale oplevelser\",\"publisher\":{\"@id\":\"https:\/\/www.vita-explorers.dk\/blog\/#organization\"},\"potentialAction\":[{\"@type\":\"SearchAction\",\"target\":{\"@type\":\"EntryPoint\",\"urlTemplate\":\"https:\/\/www.vita-explorers.dk\/blog\/?s={search_term_string}\"},\"query-input\":{\"@type\":\"PropertyValueSpecification\",\"valueRequired\":true,\"valueName\":\"search_term_string\"}}],\"inLanguage\":\"da-DK\"},{\"@type\":\"Organization\",\"@id\":\"https:\/\/www.vita-explorers.dk\/blog\/#organization\",\"name\":\"Association Globalong\",\"url\":\"https:\/\/www.vita-explorers.dk\/blog\/\",\"logo\":{\"@type\":\"ImageObject\",\"inLanguage\":\"da-DK\",\"@id\":\"https:\/\/www.vita-explorers.dk\/blog\/#\/schema\/logo\/image\/\",\"url\":\"https:\/\/www.globalong.com\/blog\/wp-content\/uploads\/2014\/11\/cropped-cropped-Logo-et-Afrique-Globalong-petite-taille-2.jpg\",\"contentUrl\":\"https:\/\/www.globalong.com\/blog\/wp-content\/uploads\/2014\/11\/cropped-cropped-Logo-et-Afrique-Globalong-petite-taille-2.jpg\",\"width\":512,\"height\":512,\"caption\":\"Association Globalong\"},\"image\":{\"@id\":\"https:\/\/www.vita-explorers.dk\/blog\/#\/schema\/logo\/image\/\"},\"sameAs\":[\"https:\/\/www.facebook.com\/globalong\"]},{\"@type\":\"Person\",\"@id\":\"https:\/\/www.vita-explorers.dk\/blog\/#\/schema\/person\/d7df267b64f23018d1dc519e78fb2735\",\"name\":\"VITA Tribe\",\"image\":{\"@type\":\"ImageObject\",\"inLanguage\":\"da-DK\",\"@id\":\"https:\/\/www.vita-explorers.dk\/blog\/#\/schema\/person\/image\/\",\"url\":\"https:\/\/secure.gravatar.com\/avatar\/81461bcc213d0ff2bdc043d4206648f0?s=96&d=mm&r=g\",\"contentUrl\":\"https:\/\/secure.gravatar.com\/avatar\/81461bcc213d0ff2bdc043d4206648f0?s=96&d=mm&r=g\",\"caption\":\"VITA Tribe\"},\"sameAs\":[\"https:\/\/www.globalong.com\"],\"url\":\"https:\/\/www.vita-explorers.dk\/blog\/author\/sophie\/\"}]}<\/script>\n<!-- \/ Yoast SEO Premium plugin. -->","yoast_head_json":{"title":"Tag p\u00e5 internationalt praktikophold med VITA Institute - VITA Explorers Blog","description":"D\u00e9veloppez vos comp\u00e9tences et contributez \u00e0 une cause sociale gr\u00e2ce aux stages internationaux en mission humanitaire.","robots":{"index":"index","follow":"follow","max-snippet":"max-snippet:-1","max-image-preview":"max-image-preview:large","max-video-preview":"max-video-preview:-1"},"canonical":"https:\/\/www.vita-explorers.dk\/blog\/tag-praktikophold-i-udlandet-med-vita\/","og_locale":"da_DK","og_type":"article","og_title":"Tag p\u00e5 internationalt praktikophold med VITA Institute","og_description":"D\u00e9veloppez vos comp\u00e9tences et contributez \u00e0 une cause sociale gr\u00e2ce aux stages internationaux en mission humanitaire.","og_url":"https:\/\/www.vita-explorers.dk\/blog\/tag-praktikophold-i-udlandet-med-vita\/","og_site_name":"VITA Explorers Blog","article_publisher":"https:\/\/www.facebook.com\/globalong","article_published_time":"2023-05-04T15:36:34+00:00","article_modified_time":"2024-10-21T19:19:55+00:00","og_image":[{"width":1776,"height":928,"url":"https:\/\/www.vita-explorers.dk\/blog\/wp-content\/uploads\/2023\/05\/Capture-de\u0301cran-2023-05-05-a\u0300-11.13.18.png","type":"image\/png"}],"author":"VITA Tribe","twitter_card":"summary_large_image","twitter_misc":{"Skrevet af":"VITA Tribe","Estimeret l\u00e6setid":"7 minutter"},"schema":{"@context":"https:\/\/schema.org","@graph":[{"@type":"Article","@id":"https:\/\/www.vita-explorers.dk\/blog\/tag-praktikophold-i-udlandet-med-vita\/#article","isPartOf":{"@id":"https:\/\/www.vita-explorers.dk\/blog\/tag-praktikophold-i-udlandet-med-vita\/"},"author":{"name":"VITA Tribe","@id":"https:\/\/www.vita-explorers.dk\/blog\/#\/schema\/person\/d7df267b64f23018d1dc519e78fb2735"},"headline":"Tag p\u00e5 internationalt praktikophold med VITA Institute","datePublished":"2023-05-04T15:36:34+00:00","dateModified":"2024-10-21T19:19:55+00:00","mainEntityOfPage":{"@id":"https:\/\/www.vita-explorers.dk\/blog\/tag-praktikophold-i-udlandet-med-vita\/"},"wordCount":1145,"commentCount":0,"publisher":{"@id":"https:\/\/www.vita-explorers.dk\/blog\/#organization"},"image":{"@id":"https:\/\/www.vita-explorers.dk\/blog\/tag-praktikophold-i-udlandet-med-vita\/#primaryimage"},"thumbnailUrl":"https:\/\/www.vita-explorers.dk\/blog\/wp-content\/uploads\/2023\/05\/Capture-de\u0301cran-2023-05-05-a\u0300-11.13.18.png","articleSection":["No Name","Nyheder","VITA Explorers"],"inLanguage":"da-DK","potentialAction":[{"@type":"CommentAction","name":"Comment","target":["https:\/\/www.vita-explorers.dk\/blog\/tag-praktikophold-i-udlandet-med-vita\/#respond"]}]},{"@type":"WebPage","@id":"https:\/\/www.vita-explorers.dk\/blog\/tag-praktikophold-i-udlandet-med-vita\/","url":"https:\/\/www.vita-explorers.dk\/blog\/tag-praktikophold-i-udlandet-med-vita\/","name":"Tag p\u00e5 internationalt praktikophold med VITA Institute - VITA Explorers Blog","isPartOf":{"@id":"https:\/\/www.vita-explorers.dk\/blog\/#website"},"primaryImageOfPage":{"@id":"https:\/\/www.vita-explorers.dk\/blog\/tag-praktikophold-i-udlandet-med-vita\/#primaryimage"},"image":{"@id":"https:\/\/www.vita-explorers.dk\/blog\/tag-praktikophold-i-udlandet-med-vita\/#primaryimage"},"thumbnailUrl":"https:\/\/www.vita-explorers.dk\/blog\/wp-content\/uploads\/2023\/05\/Capture-de\u0301cran-2023-05-05-a\u0300-11.13.18.png","datePublished":"2023-05-04T15:36:34+00:00","dateModified":"2024-10-21T19:19:55+00:00","description":"D\u00e9veloppez vos comp\u00e9tences et contributez \u00e0 une cause sociale gr\u00e2ce aux stages internationaux en mission humanitaire.","breadcrumb":{"@id":"https:\/\/www.vita-explorers.dk\/blog\/tag-praktikophold-i-udlandet-med-vita\/#breadcrumb"},"inLanguage":"da-DK","potentialAction":[{"@type":"ReadAction","target":["https:\/\/www.vita-explorers.dk\/blog\/tag-praktikophold-i-udlandet-med-vita\/"]}]},{"@type":"ImageObject","inLanguage":"da-DK","@id":"https:\/\/www.vita-explorers.dk\/blog\/tag-praktikophold-i-udlandet-med-vita\/#primaryimage","url":"https:\/\/www.vita-explorers.dk\/blog\/wp-content\/uploads\/2023\/05\/Capture-de\u0301cran-2023-05-05-a\u0300-11.13.18.png","contentUrl":"https:\/\/www.vita-explorers.dk\/blog\/wp-content\/uploads\/2023\/05\/Capture-de\u0301cran-2023-05-05-a\u0300-11.13.18.png","width":1776,"height":928,"caption":"Stage international avec Globalong"},{"@type":"BreadcrumbList","@id":"https:\/\/www.vita-explorers.dk\/blog\/tag-praktikophold-i-udlandet-med-vita\/#breadcrumb","itemListElement":[{"@type":"ListItem","position":1,"name":"Accueil","item":"https:\/\/www.vita-explorers.dk\/blog\/"},{"@type":"ListItem","position":2,"name":"Tag p\u00e5 internationalt praktikophold med VITA Institute"}]},{"@type":"WebSite","@id":"https:\/\/www.vita-explorers.dk\/blog\/#website","url":"https:\/\/www.vita-explorers.dk\/blog\/","name":"Association Globalong","description":"Frivilligt arbejde, sprogophold, praktik i udlandet og internationale oplevelser","publisher":{"@id":"https:\/\/www.vita-explorers.dk\/blog\/#organization"},"potentialAction":[{"@type":"SearchAction","target":{"@type":"EntryPoint","urlTemplate":"https:\/\/www.vita-explorers.dk\/blog\/?s={search_term_string}"},"query-input":{"@type":"PropertyValueSpecification","valueRequired":true,"valueName":"search_term_string"}}],"inLanguage":"da-DK"},{"@type":"Organization","@id":"https:\/\/www.vita-explorers.dk\/blog\/#organization","name":"Association Globalong","url":"https:\/\/www.vita-explorers.dk\/blog\/","logo":{"@type":"ImageObject","inLanguage":"da-DK","@id":"https:\/\/www.vita-explorers.dk\/blog\/#\/schema\/logo\/image\/","url":"https:\/\/www.globalong.com\/blog\/wp-content\/uploads\/2014\/11\/cropped-cropped-Logo-et-Afrique-Globalong-petite-taille-2.jpg","contentUrl":"https:\/\/www.globalong.com\/blog\/wp-content\/uploads\/2014\/11\/cropped-cropped-Logo-et-Afrique-Globalong-petite-taille-2.jpg","width":512,"height":512,"caption":"Association Globalong"},"image":{"@id":"https:\/\/www.vita-explorers.dk\/blog\/#\/schema\/logo\/image\/"},"sameAs":["https:\/\/www.facebook.com\/globalong"]},{"@type":"Person","@id":"https:\/\/www.vita-explorers.dk\/blog\/#\/schema\/person\/d7df267b64f23018d1dc519e78fb2735","name":"VITA Tribe","image":{"@type":"ImageObject","inLanguage":"da-DK","@id":"https:\/\/www.vita-explorers.dk\/blog\/#\/schema\/person\/image\/","url":"https:\/\/secure.gravatar.com\/avatar\/81461bcc213d0ff2bdc043d4206648f0?s=96&d=mm&r=g","contentUrl":"https:\/\/secure.gravatar.com\/avatar\/81461bcc213d0ff2bdc043d4206648f0?s=96&d=mm&r=g","caption":"VITA Tribe"},"sameAs":["https:\/\/www.globalong.com"],"url":"https:\/\/www.vita-explorers.dk\/blog\/author\/sophie\/"}]}},"_links":{"self":[{"href":"https:\/\/www.vita-explorers.dk\/blog\/wp-json\/wp\/v2\/posts\/15355"}],"collection":[{"href":"https:\/\/www.vita-explorers.dk\/blog\/wp-json\/wp\/v2\/posts"}],"about":[{"href":"https:\/\/www.vita-explorers.dk\/blog\/wp-json\/wp\/v2\/types\/post"}],"author":[{"embeddable":true,"href":"https:\/\/www.vita-explorers.dk\/blog\/wp-json\/wp\/v2\/users\/1"}],"replies":[{"embeddable":true,"href":"https:\/\/www.vita-explorers.dk\/blog\/wp-json\/wp\/v2\/comments?post=15355"}],"version-history":[{"count":6,"href":"https:\/\/www.vita-explorers.dk\/blog\/wp-json\/wp\/v2\/posts\/15355\/revisions"}],"predecessor-version":[{"id":18043,"href":"https:\/\/www.vita-explorers.dk\/blog\/wp-json\/wp\/v2\/posts\/15355\/revisions\/18043"}],"wp:featuredmedia":[{"embeddable":true,"href":"https:\/\/www.vita-explorers.dk\/blog\/wp-json\/wp\/v2\/media\/15358"}],"wp:attachment":[{"href":"https:\/\/www.vita-explorers.dk\/blog\/wp-json\/wp\/v2\/media?parent=15355"}],"wp:term":[{"taxonomy":"category","embeddable":true,"href":"https:\/\/www.vita-explorers.dk\/blog\/wp-json\/wp\/v2\/categories?post=15355"},{"taxonomy":"post_tag","embeddable":true,"href":"https:\/\/www.vita-explorers.dk\/blog\/wp-json\/wp\/v2\/tags?post=15355"}],"curies":[{"name":"wp","href":"https:\/\/api.w.org\/{rel}","templated":true}]}}