{"id":15374,"date":"2023-05-15T11:28:49","date_gmt":"2023-05-15T09:28:49","guid":{"rendered":"https:\/\/www.globalong.com\/blog\/?p=15374"},"modified":"2025-10-29T16:54:13","modified_gmt":"2025-10-29T15:54:13","slug":"fire-ergoterapeutstuderende-tager-paa-forloeb-i-indien","status":"publish","type":"post","link":"https:\/\/www.vita-explorers.dk\/blog\/fire-ergoterapeutstuderende-tager-paa-forloeb-i-indien\/","title":{"rendered":"Fire ergoterapeutstuderende tager afsted p\u00e5 et forl\u00f8b i Indien!"},"content":{"rendered":"<p class=\"p1\" style=\"text-align: justify;\"><strong>Hej alle sammen!<\/strong><\/p>\n<h1 class=\"p1\" style=\"text-align: justify;\"><span style=\"font-size: 12pt;\"><strong>I dag pr\u00e6senterer vi Ma\u00efko, Baptiste, Marilou og Morgane \u2013 fire ergoterapeutstuderende \u2013 og deres projekt.<\/strong><\/span><\/h1>\n<h2 class=\"p1\" style=\"text-align: justify;\"><span style=\"font-size: 12pt;\"><strong>I oktober rejser de fire ergoterapeutstuderende afsted p\u00e5 et to m\u00e5neders forl\u00f8b i <a href=\"https:\/\/www.vita-explorers.dk\/blog\/humanit\u00e6rt-forl\u00f8b-i-indien\/\" target=\"_blank\" rel=\"noopener\">Indien<\/a>!<\/strong><\/span><\/h2>\n<h3 class=\"p1\" style=\"text-align: justify;\"><span style=\"font-size: 12pt;\"><strong>Deres m\u00e5l er at arbejde med ergoterapi i Delhi-omr\u00e5det gennem et engagement p\u00e5 tre centre for mennesker med handicap:<\/strong><\/span><\/h3>\n<ul style=\"text-align: justify;\">\n<li class=\"p1\">\n<h3><span style=\"font-size: 12pt;\"><strong>et specialp\u00e6dagogisk center for b\u00f8rn med fokus p\u00e5 at styrke deres samlede udvikling,<\/strong><\/span><\/h3>\n<\/li>\n<li class=\"p1\">\n<h3><span style=\"font-size: 12pt;\"><strong>et specialiseret center for b\u00f8rn med autisme og multiple funktionsneds\u00e6ttelser,<\/strong><\/span><\/h3>\n<\/li>\n<li class=\"p1\">\n<h3><strong><span style=\"font-size: 12pt;\">et kompetenceudviklingscenter for unge med handicap<\/span>.<\/strong><\/h3>\n<\/li>\n<\/ul>\n<h4 class=\"p1\" style=\"text-align: justify;\"><span style=\"font-size: 12pt;\"><strong>Hvad er <a href=\"https:\/\/www.vita-explorers.dk\/blog\/internationalt-frivilligt-arbejde-fysioterapi\/\" target=\"_blank\" rel=\"noopener\">ergoterapi<\/a>, t\u00e6nker du m\u00e5ske? Ergoterapi er et sundhedsfag, der handler om at styrke selvst\u00e6ndighed og handlemuligheder for mennesker med fysiske, psykiske eller kognitive funktionsneds\u00e6ttelser \u2013 i de aktiviteter, der er vigtige for dem i hverdagen.<\/strong><\/span><\/h4>\n<p style=\"text-align: justify;\"><strong>Projektet, de engagerer sig i, er m\u00e5lrettet mennesker med b\u00e5de psykiske og fysiske funktionsneds\u00e6ttelser. Deltagere kan bidrage p\u00e5 flere m\u00e5der \u2013 fx ved at st\u00f8tte medarbejderne i daglige opgaver, hj\u00e6lpe med at strukturere dagene og dele relevante faglige f\u00e6rdigheder med eleverne. Hvis du vil vide mere om opholdet, s\u00e5 <a href=\"https:\/\/www.vita-explorers.dk\/frivilligt-arbejde\/inde-nord-delhi-jaipur\/indien-nord-hiv-aids-ramte.html\" target=\"_blank\" rel=\"noopener\"><span style=\"text-decoration: underline;\">klik her<\/span><\/a>!<\/strong><\/p>\n<h5 class=\"p1\" style=\"text-align: justify;\"><span style=\"font-size: 12pt;\"><strong>\u201cIndien er et land, hvor behovet p\u00e5 sundhedsomr\u00e5det er stort. Vi vil tilpasse os for at kunne st\u00f8tte bedst muligt \u2013 samtidig med at vi bidrager med nye perspektiver og id\u00e9er.\u201d<\/strong><\/span><\/h5>\n<p class=\"p1\" style=\"text-align: justify;\"><strong>Hvis du vil st\u00f8tte dem, kan du dele deres Instagram <a href=\"https:\/\/www.instagram.com\/indergo_humanitaire\/\" target=\"_blank\" rel=\"noopener\"><span style=\"text-decoration: underline;\">@indergo_humanitaire<\/span><\/a> \u2013 og du kan ogs\u00e5 bidrage til deres <a href=\"https:\/\/www.helloasso.com\/associations\/humaniter-go\/collectes\/ind-ergo\" target=\"_blank\" rel=\"noopener\"><span style=\"text-decoration: underline;\">indsamling online<\/span><\/a>!<\/strong><\/p>\n<h6 style=\"text-align: justify;\"><span style=\"font-size: 12pt;\"><strong>Er du studerende inden for ergoterapi, fysioterapi, genoptr\u00e6ning, talep\u00e6dagogik\/logop\u00e6di eller osteopati \u2013 og leder du efter et praktikforl\u00f8b med mening? Kontakt os gerne p\u00e5 <span class=\"s1\"><a href=\"mailto:info@globalong.com\"><span style=\"text-decoration: underline;\">info@globalong.com<\/span> <\/a><\/span> for at h\u00f8re mere!<\/strong><\/span><\/h6>\n<p style=\"text-align: justify;\"><strong>VITA siger tusind tak til de fire studerende for deres engagement. Vi deler flere opdateringer, n\u00e5r de er i <a href=\"https:\/\/www.vita-explorers.dk\/blog\/frivilligt-arbejde-i-indien\/\" target=\"_blank\" rel=\"noopener\">Delhi<\/a>!<\/strong><\/p>\n<p><a href=\"https:\/\/www.vita-explorers.dk\/blog\/wp-content\/uploads\/2023\/05\/ergothe\u0301rapeutes-en-mission-humanitaire.png\" target=\"_blank\" rel=\"noopener\"><img loading=\"lazy\" decoding=\"async\" class=\"aligncenter wp-image-15375 size-full\" src=\"https:\/\/www.vita-explorers.dk\/blog\/wp-content\/uploads\/2023\/05\/ergothe\u0301rapeutes-en-mission-humanitaire.png\" alt=\"\" width=\"1292\" height=\"1346\" srcset=\"https:\/\/www.vita-explorers.dk\/blog\/wp-content\/uploads\/2023\/05\/ergothe\u0301rapeutes-en-mission-humanitaire.png 1292w, https:\/\/www.vita-explorers.dk\/blog\/wp-content\/uploads\/2023\/05\/ergothe\u0301rapeutes-en-mission-humanitaire-288x300.png 288w, https:\/\/www.vita-explorers.dk\/blog\/wp-content\/uploads\/2023\/05\/ergothe\u0301rapeutes-en-mission-humanitaire-983x1024.png 983w, https:\/\/www.vita-explorers.dk\/blog\/wp-content\/uploads\/2023\/05\/ergothe\u0301rapeutes-en-mission-humanitaire-768x800.png 768w\" sizes=\"(max-width: 1292px) 100vw, 1292px\" \/><\/a><\/p>\n","protected":false},"excerpt":{"rendered":"<p>Hej alle sammen! I dag pr\u00e6senterer vi Ma\u00efko, Baptiste, Marilou og Morgane \u2013 fire ergoterapeutstuderende \u2013 og deres projekt. I oktober rejser de fire\u2026<\/p>\n","protected":false},"author":1,"featured_media":15375,"comment_status":"open","ping_status":"open","sticky":false,"template":"","format":"standard","meta":{"footnotes":""},"categories":[1],"tags":[],"yoast_head":"<!-- This site is optimized with the Yoast SEO Premium plugin v23.4 (Yoast SEO v23.4) - https:\/\/yoast.com\/wordpress\/plugins\/seo\/ -->\n<title>Fire ergoterapeutstuderende tager afsted p\u00e5 et forl\u00f8b i Indien! - VITA Explorers Blog<\/title>\n<meta name=\"robots\" content=\"index, follow, max-snippet:-1, max-image-preview:large, max-video-preview:-1\" \/>\n<link rel=\"canonical\" href=\"https:\/\/www.vita-explorers.dk\/blog\/fire-ergoterapeutstuderende-tager-paa-forloeb-i-indien\/\" \/>\n<meta property=\"og:locale\" content=\"da_DK\" \/>\n<meta property=\"og:type\" content=\"article\" \/>\n<meta property=\"og:title\" content=\"Fire ergoterapeutstuderende tager afsted p\u00e5 et forl\u00f8b i Indien!\" \/>\n<meta property=\"og:description\" content=\"Hej alle sammen! I dag pr\u00e6senterer vi Ma\u00efko, Baptiste, Marilou og Morgane \u2013 fire ergoterapeutstuderende \u2013 og deres projekt. I oktober rejser de fire\u2026\" \/>\n<meta property=\"og:url\" content=\"https:\/\/www.vita-explorers.dk\/blog\/fire-ergoterapeutstuderende-tager-paa-forloeb-i-indien\/\" \/>\n<meta property=\"og:site_name\" content=\"VITA Explorers Blog\" \/>\n<meta property=\"article:publisher\" content=\"https:\/\/www.facebook.com\/globalong\" \/>\n<meta property=\"article:published_time\" content=\"2023-05-15T09:28:49+00:00\" \/>\n<meta property=\"article:modified_time\" content=\"2025-10-29T15:54:13+00:00\" \/>\n<meta property=\"og:image\" content=\"https:\/\/www.vita-explorers.dk\/blog\/wp-content\/uploads\/2023\/05\/ergothe\u0301rapeutes-en-mission-humanitaire-983x1024.png\" \/>\n\t<meta property=\"og:image:width\" content=\"983\" \/>\n\t<meta property=\"og:image:height\" content=\"1024\" \/>\n\t<meta property=\"og:image:type\" content=\"image\/png\" \/>\n<meta name=\"author\" content=\"VITA Tribe\" \/>\n<meta name=\"twitter:card\" content=\"summary_large_image\" \/>\n<meta name=\"twitter:label1\" content=\"Skrevet af\" \/>\n\t<meta name=\"twitter:data1\" content=\"VITA Tribe\" \/>\n\t<meta name=\"twitter:label2\" content=\"Estimeret l\u00e6setid\" \/>\n\t<meta name=\"twitter:data2\" content=\"2 minutter\" \/>\n<script type=\"application\/ld+json\" class=\"yoast-schema-graph\">{\"@context\":\"https:\/\/schema.org\",\"@graph\":[{\"@type\":\"Article\",\"@id\":\"https:\/\/www.vita-explorers.dk\/blog\/fire-ergoterapeutstuderende-tager-paa-forloeb-i-indien\/#article\",\"isPartOf\":{\"@id\":\"https:\/\/www.vita-explorers.dk\/blog\/fire-ergoterapeutstuderende-tager-paa-forloeb-i-indien\/\"},\"author\":{\"name\":\"VITA Tribe\",\"@id\":\"https:\/\/www.vita-explorers.dk\/blog\/#\/schema\/person\/d7df267b64f23018d1dc519e78fb2735\"},\"headline\":\"Fire ergoterapeutstuderende tager afsted p\u00e5 et forl\u00f8b i Indien!\",\"datePublished\":\"2023-05-15T09:28:49+00:00\",\"dateModified\":\"2025-10-29T15:54:13+00:00\",\"mainEntityOfPage\":{\"@id\":\"https:\/\/www.vita-explorers.dk\/blog\/fire-ergoterapeutstuderende-tager-paa-forloeb-i-indien\/\"},\"wordCount\":308,\"commentCount\":0,\"publisher\":{\"@id\":\"https:\/\/www.vita-explorers.dk\/blog\/#organization\"},\"image\":{\"@id\":\"https:\/\/www.vita-explorers.dk\/blog\/fire-ergoterapeutstuderende-tager-paa-forloeb-i-indien\/#primaryimage\"},\"thumbnailUrl\":\"https:\/\/www.vita-explorers.dk\/blog\/wp-content\/uploads\/2023\/05\/ergothe\u0301rapeutes-en-mission-humanitaire.png\",\"articleSection\":[\"No Name\"],\"inLanguage\":\"da-DK\",\"potentialAction\":[{\"@type\":\"CommentAction\",\"name\":\"Comment\",\"target\":[\"https:\/\/www.vita-explorers.dk\/blog\/fire-ergoterapeutstuderende-tager-paa-forloeb-i-indien\/#respond\"]}]},{\"@type\":\"WebPage\",\"@id\":\"https:\/\/www.vita-explorers.dk\/blog\/fire-ergoterapeutstuderende-tager-paa-forloeb-i-indien\/\",\"url\":\"https:\/\/www.vita-explorers.dk\/blog\/fire-ergoterapeutstuderende-tager-paa-forloeb-i-indien\/\",\"name\":\"Fire ergoterapeutstuderende tager afsted p\u00e5 et forl\u00f8b i Indien! - VITA Explorers Blog\",\"isPartOf\":{\"@id\":\"https:\/\/www.vita-explorers.dk\/blog\/#website\"},\"primaryImageOfPage\":{\"@id\":\"https:\/\/www.vita-explorers.dk\/blog\/fire-ergoterapeutstuderende-tager-paa-forloeb-i-indien\/#primaryimage\"},\"image\":{\"@id\":\"https:\/\/www.vita-explorers.dk\/blog\/fire-ergoterapeutstuderende-tager-paa-forloeb-i-indien\/#primaryimage\"},\"thumbnailUrl\":\"https:\/\/www.vita-explorers.dk\/blog\/wp-content\/uploads\/2023\/05\/ergothe\u0301rapeutes-en-mission-humanitaire.png\",\"datePublished\":\"2023-05-15T09:28:49+00:00\",\"dateModified\":\"2025-10-29T15:54:13+00:00\",\"breadcrumb\":{\"@id\":\"https:\/\/www.vita-explorers.dk\/blog\/fire-ergoterapeutstuderende-tager-paa-forloeb-i-indien\/#breadcrumb\"},\"inLanguage\":\"da-DK\",\"potentialAction\":[{\"@type\":\"ReadAction\",\"target\":[\"https:\/\/www.vita-explorers.dk\/blog\/fire-ergoterapeutstuderende-tager-paa-forloeb-i-indien\/\"]}]},{\"@type\":\"ImageObject\",\"inLanguage\":\"da-DK\",\"@id\":\"https:\/\/www.vita-explorers.dk\/blog\/fire-ergoterapeutstuderende-tager-paa-forloeb-i-indien\/#primaryimage\",\"url\":\"https:\/\/www.vita-explorers.dk\/blog\/wp-content\/uploads\/2023\/05\/ergothe\u0301rapeutes-en-mission-humanitaire.png\",\"contentUrl\":\"https:\/\/www.vita-explorers.dk\/blog\/wp-content\/uploads\/2023\/05\/ergothe\u0301rapeutes-en-mission-humanitaire.png\",\"width\":1292,\"height\":1346},{\"@type\":\"BreadcrumbList\",\"@id\":\"https:\/\/www.vita-explorers.dk\/blog\/fire-ergoterapeutstuderende-tager-paa-forloeb-i-indien\/#breadcrumb\",\"itemListElement\":[{\"@type\":\"ListItem\",\"position\":1,\"name\":\"Accueil\",\"item\":\"https:\/\/www.vita-explorers.dk\/blog\/\"},{\"@type\":\"ListItem\",\"position\":2,\"name\":\"Fire ergoterapeutstuderende tager afsted p\u00e5 et forl\u00f8b i Indien!\"}]},{\"@type\":\"WebSite\",\"@id\":\"https:\/\/www.vita-explorers.dk\/blog\/#website\",\"url\":\"https:\/\/www.vita-explorers.dk\/blog\/\",\"name\":\"Association Globalong\",\"description\":\"Frivilligt arbejde, sprogophold, praktik i udlandet og internationale oplevelser\",\"publisher\":{\"@id\":\"https:\/\/www.vita-explorers.dk\/blog\/#organization\"},\"potentialAction\":[{\"@type\":\"SearchAction\",\"target\":{\"@type\":\"EntryPoint\",\"urlTemplate\":\"https:\/\/www.vita-explorers.dk\/blog\/?s={search_term_string}\"},\"query-input\":{\"@type\":\"PropertyValueSpecification\",\"valueRequired\":true,\"valueName\":\"search_term_string\"}}],\"inLanguage\":\"da-DK\"},{\"@type\":\"Organization\",\"@id\":\"https:\/\/www.vita-explorers.dk\/blog\/#organization\",\"name\":\"Association Globalong\",\"url\":\"https:\/\/www.vita-explorers.dk\/blog\/\",\"logo\":{\"@type\":\"ImageObject\",\"inLanguage\":\"da-DK\",\"@id\":\"https:\/\/www.vita-explorers.dk\/blog\/#\/schema\/logo\/image\/\",\"url\":\"https:\/\/www.globalong.com\/blog\/wp-content\/uploads\/2014\/11\/cropped-cropped-Logo-et-Afrique-Globalong-petite-taille-2.jpg\",\"contentUrl\":\"https:\/\/www.globalong.com\/blog\/wp-content\/uploads\/2014\/11\/cropped-cropped-Logo-et-Afrique-Globalong-petite-taille-2.jpg\",\"width\":512,\"height\":512,\"caption\":\"Association Globalong\"},\"image\":{\"@id\":\"https:\/\/www.vita-explorers.dk\/blog\/#\/schema\/logo\/image\/\"},\"sameAs\":[\"https:\/\/www.facebook.com\/globalong\"]},{\"@type\":\"Person\",\"@id\":\"https:\/\/www.vita-explorers.dk\/blog\/#\/schema\/person\/d7df267b64f23018d1dc519e78fb2735\",\"name\":\"VITA Tribe\",\"image\":{\"@type\":\"ImageObject\",\"inLanguage\":\"da-DK\",\"@id\":\"https:\/\/www.vita-explorers.dk\/blog\/#\/schema\/person\/image\/\",\"url\":\"https:\/\/secure.gravatar.com\/avatar\/81461bcc213d0ff2bdc043d4206648f0?s=96&d=mm&r=g\",\"contentUrl\":\"https:\/\/secure.gravatar.com\/avatar\/81461bcc213d0ff2bdc043d4206648f0?s=96&d=mm&r=g\",\"caption\":\"VITA Tribe\"},\"sameAs\":[\"https:\/\/www.globalong.com\"],\"url\":\"https:\/\/www.vita-explorers.dk\/blog\/author\/sophie\/\"}]}<\/script>\n<!-- \/ Yoast SEO Premium plugin. -->","yoast_head_json":{"title":"Fire ergoterapeutstuderende tager afsted p\u00e5 et forl\u00f8b i Indien! - VITA Explorers Blog","robots":{"index":"index","follow":"follow","max-snippet":"max-snippet:-1","max-image-preview":"max-image-preview:large","max-video-preview":"max-video-preview:-1"},"canonical":"https:\/\/www.vita-explorers.dk\/blog\/fire-ergoterapeutstuderende-tager-paa-forloeb-i-indien\/","og_locale":"da_DK","og_type":"article","og_title":"Fire ergoterapeutstuderende tager afsted p\u00e5 et forl\u00f8b i Indien!","og_description":"Hej alle sammen! I dag pr\u00e6senterer vi Ma\u00efko, Baptiste, Marilou og Morgane \u2013 fire ergoterapeutstuderende \u2013 og deres projekt. I oktober rejser de fire\u2026","og_url":"https:\/\/www.vita-explorers.dk\/blog\/fire-ergoterapeutstuderende-tager-paa-forloeb-i-indien\/","og_site_name":"VITA Explorers Blog","article_publisher":"https:\/\/www.facebook.com\/globalong","article_published_time":"2023-05-15T09:28:49+00:00","article_modified_time":"2025-10-29T15:54:13+00:00","og_image":[{"width":983,"height":1024,"url":"https:\/\/www.vita-explorers.dk\/blog\/wp-content\/uploads\/2023\/05\/ergothe\u0301rapeutes-en-mission-humanitaire-983x1024.png","type":"image\/png"}],"author":"VITA Tribe","twitter_card":"summary_large_image","twitter_misc":{"Skrevet af":"VITA Tribe","Estimeret l\u00e6setid":"2 minutter"},"schema":{"@context":"https:\/\/schema.org","@graph":[{"@type":"Article","@id":"https:\/\/www.vita-explorers.dk\/blog\/fire-ergoterapeutstuderende-tager-paa-forloeb-i-indien\/#article","isPartOf":{"@id":"https:\/\/www.vita-explorers.dk\/blog\/fire-ergoterapeutstuderende-tager-paa-forloeb-i-indien\/"},"author":{"name":"VITA Tribe","@id":"https:\/\/www.vita-explorers.dk\/blog\/#\/schema\/person\/d7df267b64f23018d1dc519e78fb2735"},"headline":"Fire ergoterapeutstuderende tager afsted p\u00e5 et forl\u00f8b i Indien!","datePublished":"2023-05-15T09:28:49+00:00","dateModified":"2025-10-29T15:54:13+00:00","mainEntityOfPage":{"@id":"https:\/\/www.vita-explorers.dk\/blog\/fire-ergoterapeutstuderende-tager-paa-forloeb-i-indien\/"},"wordCount":308,"commentCount":0,"publisher":{"@id":"https:\/\/www.vita-explorers.dk\/blog\/#organization"},"image":{"@id":"https:\/\/www.vita-explorers.dk\/blog\/fire-ergoterapeutstuderende-tager-paa-forloeb-i-indien\/#primaryimage"},"thumbnailUrl":"https:\/\/www.vita-explorers.dk\/blog\/wp-content\/uploads\/2023\/05\/ergothe\u0301rapeutes-en-mission-humanitaire.png","articleSection":["No Name"],"inLanguage":"da-DK","potentialAction":[{"@type":"CommentAction","name":"Comment","target":["https:\/\/www.vita-explorers.dk\/blog\/fire-ergoterapeutstuderende-tager-paa-forloeb-i-indien\/#respond"]}]},{"@type":"WebPage","@id":"https:\/\/www.vita-explorers.dk\/blog\/fire-ergoterapeutstuderende-tager-paa-forloeb-i-indien\/","url":"https:\/\/www.vita-explorers.dk\/blog\/fire-ergoterapeutstuderende-tager-paa-forloeb-i-indien\/","name":"Fire ergoterapeutstuderende tager afsted p\u00e5 et forl\u00f8b i Indien! - VITA Explorers Blog","isPartOf":{"@id":"https:\/\/www.vita-explorers.dk\/blog\/#website"},"primaryImageOfPage":{"@id":"https:\/\/www.vita-explorers.dk\/blog\/fire-ergoterapeutstuderende-tager-paa-forloeb-i-indien\/#primaryimage"},"image":{"@id":"https:\/\/www.vita-explorers.dk\/blog\/fire-ergoterapeutstuderende-tager-paa-forloeb-i-indien\/#primaryimage"},"thumbnailUrl":"https:\/\/www.vita-explorers.dk\/blog\/wp-content\/uploads\/2023\/05\/ergothe\u0301rapeutes-en-mission-humanitaire.png","datePublished":"2023-05-15T09:28:49+00:00","dateModified":"2025-10-29T15:54:13+00:00","breadcrumb":{"@id":"https:\/\/www.vita-explorers.dk\/blog\/fire-ergoterapeutstuderende-tager-paa-forloeb-i-indien\/#breadcrumb"},"inLanguage":"da-DK","potentialAction":[{"@type":"ReadAction","target":["https:\/\/www.vita-explorers.dk\/blog\/fire-ergoterapeutstuderende-tager-paa-forloeb-i-indien\/"]}]},{"@type":"ImageObject","inLanguage":"da-DK","@id":"https:\/\/www.vita-explorers.dk\/blog\/fire-ergoterapeutstuderende-tager-paa-forloeb-i-indien\/#primaryimage","url":"https:\/\/www.vita-explorers.dk\/blog\/wp-content\/uploads\/2023\/05\/ergothe\u0301rapeutes-en-mission-humanitaire.png","contentUrl":"https:\/\/www.vita-explorers.dk\/blog\/wp-content\/uploads\/2023\/05\/ergothe\u0301rapeutes-en-mission-humanitaire.png","width":1292,"height":1346},{"@type":"BreadcrumbList","@id":"https:\/\/www.vita-explorers.dk\/blog\/fire-ergoterapeutstuderende-tager-paa-forloeb-i-indien\/#breadcrumb","itemListElement":[{"@type":"ListItem","position":1,"name":"Accueil","item":"https:\/\/www.vita-explorers.dk\/blog\/"},{"@type":"ListItem","position":2,"name":"Fire ergoterapeutstuderende tager afsted p\u00e5 et forl\u00f8b i Indien!"}]},{"@type":"WebSite","@id":"https:\/\/www.vita-explorers.dk\/blog\/#website","url":"https:\/\/www.vita-explorers.dk\/blog\/","name":"Association Globalong","description":"Frivilligt arbejde, sprogophold, praktik i udlandet og internationale oplevelser","publisher":{"@id":"https:\/\/www.vita-explorers.dk\/blog\/#organization"},"potentialAction":[{"@type":"SearchAction","target":{"@type":"EntryPoint","urlTemplate":"https:\/\/www.vita-explorers.dk\/blog\/?s={search_term_string}"},"query-input":{"@type":"PropertyValueSpecification","valueRequired":true,"valueName":"search_term_string"}}],"inLanguage":"da-DK"},{"@type":"Organization","@id":"https:\/\/www.vita-explorers.dk\/blog\/#organization","name":"Association Globalong","url":"https:\/\/www.vita-explorers.dk\/blog\/","logo":{"@type":"ImageObject","inLanguage":"da-DK","@id":"https:\/\/www.vita-explorers.dk\/blog\/#\/schema\/logo\/image\/","url":"https:\/\/www.globalong.com\/blog\/wp-content\/uploads\/2014\/11\/cropped-cropped-Logo-et-Afrique-Globalong-petite-taille-2.jpg","contentUrl":"https:\/\/www.globalong.com\/blog\/wp-content\/uploads\/2014\/11\/cropped-cropped-Logo-et-Afrique-Globalong-petite-taille-2.jpg","width":512,"height":512,"caption":"Association Globalong"},"image":{"@id":"https:\/\/www.vita-explorers.dk\/blog\/#\/schema\/logo\/image\/"},"sameAs":["https:\/\/www.facebook.com\/globalong"]},{"@type":"Person","@id":"https:\/\/www.vita-explorers.dk\/blog\/#\/schema\/person\/d7df267b64f23018d1dc519e78fb2735","name":"VITA Tribe","image":{"@type":"ImageObject","inLanguage":"da-DK","@id":"https:\/\/www.vita-explorers.dk\/blog\/#\/schema\/person\/image\/","url":"https:\/\/secure.gravatar.com\/avatar\/81461bcc213d0ff2bdc043d4206648f0?s=96&d=mm&r=g","contentUrl":"https:\/\/secure.gravatar.com\/avatar\/81461bcc213d0ff2bdc043d4206648f0?s=96&d=mm&r=g","caption":"VITA Tribe"},"sameAs":["https:\/\/www.globalong.com"],"url":"https:\/\/www.vita-explorers.dk\/blog\/author\/sophie\/"}]}},"_links":{"self":[{"href":"https:\/\/www.vita-explorers.dk\/blog\/wp-json\/wp\/v2\/posts\/15374"}],"collection":[{"href":"https:\/\/www.vita-explorers.dk\/blog\/wp-json\/wp\/v2\/posts"}],"about":[{"href":"https:\/\/www.vita-explorers.dk\/blog\/wp-json\/wp\/v2\/types\/post"}],"author":[{"embeddable":true,"href":"https:\/\/www.vita-explorers.dk\/blog\/wp-json\/wp\/v2\/users\/1"}],"replies":[{"embeddable":true,"href":"https:\/\/www.vita-explorers.dk\/blog\/wp-json\/wp\/v2\/comments?post=15374"}],"version-history":[{"count":6,"href":"https:\/\/www.vita-explorers.dk\/blog\/wp-json\/wp\/v2\/posts\/15374\/revisions"}],"predecessor-version":[{"id":22175,"href":"https:\/\/www.vita-explorers.dk\/blog\/wp-json\/wp\/v2\/posts\/15374\/revisions\/22175"}],"wp:featuredmedia":[{"embeddable":true,"href":"https:\/\/www.vita-explorers.dk\/blog\/wp-json\/wp\/v2\/media\/15375"}],"wp:attachment":[{"href":"https:\/\/www.vita-explorers.dk\/blog\/wp-json\/wp\/v2\/media?parent=15374"}],"wp:term":[{"taxonomy":"category","embeddable":true,"href":"https:\/\/www.vita-explorers.dk\/blog\/wp-json\/wp\/v2\/categories?post=15374"},{"taxonomy":"post_tag","embeddable":true,"href":"https:\/\/www.vita-explorers.dk\/blog\/wp-json\/wp\/v2\/tags?post=15374"}],"curies":[{"name":"wp","href":"https:\/\/api.w.org\/{rel}","templated":true}]}}