{"id":15626,"date":"2023-08-18T18:07:39","date_gmt":"2023-08-18T16:07:39","guid":{"rendered":"https:\/\/www.globalong.com\/blog\/?p=15626"},"modified":"2024-09-25T22:56:12","modified_gmt":"2024-09-25T20:56:12","slug":"verdensdagen-for-humanitaer-hjaelp","status":"publish","type":"post","link":"https:\/\/www.vita-explorers.dk\/blog\/verdensdagen-for-humanitaer-hjaelp\/","title":{"rendered":"Verdensdagen for humanit\u00e6r indsats"},"content":{"rendered":"<p style=\"text-align: justify;\"><em><strong>K\u00e6re medlemmer,<\/strong><\/em><\/p>\n<h1 class=\"p1\" style=\"text-align: justify;\"><span style=\"font-size: 12pt;\"><em><strong>Hvert \u00e5r den 19. august samles mennesker verden over for at markere World Humanitarian Day \u2013 en anledning til at anerkende og s\u00e6tte pris p\u00e5 indsatsen fra vores medlemmer, som engagerer sig i projekter rundt omkring i verden.<\/strong><\/em><\/span><\/h1>\n<h2 class=\"p1\" style=\"text-align: justify;\"><span style=\"font-size: 12pt;\"><em><strong>P\u00e5 denne s\u00e6rlige dag vil vi gerne sige en oprigtig tak til jer, der er afsted p\u00e5 forl\u00f8b. Jeres engagement, omsorg og vilje til at bidrage g\u00f8r indtryk \u2013 og minder os om, hvad medmenneskelighed kan betyde i praksis.<\/strong><\/em><\/span><\/h2>\n<p class=\"p1\" style=\"text-align: justify;\"><em><strong>Hver periode, I har v\u00e6ret engageret, har sat spor hos de mennesker, I har m\u00f8dt.<\/strong><\/em><\/p>\n<p class=\"p1\" style=\"text-align: justify;\"><em><strong>Jeres betydning kan ikke g\u00f8res op i tal alene \u2013 den ses i nye muligheder, styrket h\u00e5b og smil, der vender tilbage.<\/strong><\/em><\/p>\n<p class=\"p1\" style=\"text-align: justify;\"><em><strong>At tage afsted p\u00e5 et humanit\u00e6rt ophold kr\u00e6ver mod. I har m\u00f8dt nye udfordringer, st\u00e5et i komplekse situationer og v\u00e6ret langt fra det, vi kender hjemmefra \u2013 for at st\u00f8tte mennesker, der har brug for det.<\/strong><\/em><\/p>\n<p class=\"p1\" style=\"text-align: justify;\"><em><strong>Jeres engagement handler ikke kun om den enkeltes indsats, men viser ogs\u00e5 styrken i f\u00e6llesskab. Hvert ophold er en f\u00e6lles indsats for et f\u00e6lles m\u00e5l: at lette sv\u00e6re vilk\u00e5r og skabe grobund for h\u00e5b. At kunne arbejde sammen p\u00e5 tv\u00e6rs af kultur og praktiske udfordringer er en vigtig p\u00e5mindelse om v\u00e6rdien af samarbejde.<\/strong><\/em><\/p>\n<p class=\"p1\" style=\"text-align: justify;\"><em><strong>P\u00e5 denne s\u00e6rlige dag vil vi sige et stort tak \u2013 af hele hjertet. Jeres indsats r\u00e6kker ud over ord, men vi vil gerne udtrykke vores dybe taknemmelighed for jeres arbejde, for jeres evne til at g\u00f8re en konkret forskel i hverdagen for andre, og for jeres vedholdende vilje til at bidrage.<\/strong><\/em><\/p>\n<p class=\"p1\" style=\"text-align: justify;\"><em><strong>Vi h\u00e5ber, I vil blive ved med at inspirere andre, udvide jeres r\u00e6kkevidde og v\u00e6re med til at styrke den k\u00e6de af hj\u00e6lpsomhed, der bliver ved med at vokse.<\/strong><\/em><\/p>\n<p class=\"p1\" style=\"text-align: justify;\"><em><strong>Endnu en gang: tak fordi I har valgt at g\u00e5 den humanit\u00e6re vej.<\/strong><\/em><\/p>\n<p class=\"p1\" style=\"text-align: justify;\"><em><strong>Med stor taknemmelighed,<\/strong><\/em><\/p>\n<p class=\"p1\" style=\"text-align: justify;\"><em><strong>Teamet hos VITA Institute<\/strong><\/em><\/p>\n<p><a href=\"https:\/\/www.vita-explorers.dk\/blog\/wp-content\/uploads\/2023\/08\/2.png\"><img loading=\"lazy\" decoding=\"async\" class=\"size-full wp-image-15620 aligncenter\" src=\"https:\/\/www.vita-explorers.dk\/blog\/wp-content\/uploads\/2023\/08\/2.png\" alt=\"\" width=\"1080\" height=\"1080\" srcset=\"https:\/\/www.vita-explorers.dk\/blog\/wp-content\/uploads\/2023\/08\/2.png 1080w, https:\/\/www.vita-explorers.dk\/blog\/wp-content\/uploads\/2023\/08\/2-300x300.png 300w, https:\/\/www.vita-explorers.dk\/blog\/wp-content\/uploads\/2023\/08\/2-1024x1024.png 1024w, https:\/\/www.vita-explorers.dk\/blog\/wp-content\/uploads\/2023\/08\/2-150x150.png 150w, https:\/\/www.vita-explorers.dk\/blog\/wp-content\/uploads\/2023\/08\/2-768x768.png 768w\" sizes=\"(max-width: 1080px) 100vw, 1080px\" \/><\/a> <a href=\"https:\/\/www.vita-explorers.dk\/blog\/wp-content\/uploads\/2023\/08\/3.png\"><img loading=\"lazy\" decoding=\"async\" class=\"size-full wp-image-15621 aligncenter\" src=\"https:\/\/www.vita-explorers.dk\/blog\/wp-content\/uploads\/2023\/08\/3.png\" alt=\"\" width=\"1080\" height=\"1080\" srcset=\"https:\/\/www.vita-explorers.dk\/blog\/wp-content\/uploads\/2023\/08\/3.png 1080w, https:\/\/www.vita-explorers.dk\/blog\/wp-content\/uploads\/2023\/08\/3-300x300.png 300w, https:\/\/www.vita-explorers.dk\/blog\/wp-content\/uploads\/2023\/08\/3-1024x1024.png 1024w, https:\/\/www.vita-explorers.dk\/blog\/wp-content\/uploads\/2023\/08\/3-150x150.png 150w, https:\/\/www.vita-explorers.dk\/blog\/wp-content\/uploads\/2023\/08\/3-768x768.png 768w\" sizes=\"(max-width: 1080px) 100vw, 1080px\" \/><\/a> <a href=\"https:\/\/www.vita-explorers.dk\/blog\/wp-content\/uploads\/2023\/08\/4.png\"><img loading=\"lazy\" decoding=\"async\" class=\"size-full wp-image-15622 aligncenter\" src=\"https:\/\/www.vita-explorers.dk\/blog\/wp-content\/uploads\/2023\/08\/4.png\" alt=\"\" width=\"1080\" height=\"1080\" srcset=\"https:\/\/www.vita-explorers.dk\/blog\/wp-content\/uploads\/2023\/08\/4.png 1080w, https:\/\/www.vita-explorers.dk\/blog\/wp-content\/uploads\/2023\/08\/4-300x300.png 300w, https:\/\/www.vita-explorers.dk\/blog\/wp-content\/uploads\/2023\/08\/4-1024x1024.png 1024w, https:\/\/www.vita-explorers.dk\/blog\/wp-content\/uploads\/2023\/08\/4-150x150.png 150w, https:\/\/www.vita-explorers.dk\/blog\/wp-content\/uploads\/2023\/08\/4-768x768.png 768w\" sizes=\"(max-width: 1080px) 100vw, 1080px\" \/><\/a> <a href=\"https:\/\/www.vita-explorers.dk\/blog\/wp-content\/uploads\/2023\/08\/5.png\"><img loading=\"lazy\" decoding=\"async\" class=\"size-full wp-image-15623 aligncenter\" src=\"https:\/\/www.vita-explorers.dk\/blog\/wp-content\/uploads\/2023\/08\/5.png\" alt=\"\" width=\"1080\" height=\"1080\" srcset=\"https:\/\/www.vita-explorers.dk\/blog\/wp-content\/uploads\/2023\/08\/5.png 1080w, https:\/\/www.vita-explorers.dk\/blog\/wp-content\/uploads\/2023\/08\/5-300x300.png 300w, https:\/\/www.vita-explorers.dk\/blog\/wp-content\/uploads\/2023\/08\/5-1024x1024.png 1024w, https:\/\/www.vita-explorers.dk\/blog\/wp-content\/uploads\/2023\/08\/5-150x150.png 150w, https:\/\/www.vita-explorers.dk\/blog\/wp-content\/uploads\/2023\/08\/5-768x768.png 768w\" sizes=\"(max-width: 1080px) 100vw, 1080px\" \/><\/a> <a href=\"https:\/\/www.vita-explorers.dk\/blog\/wp-content\/uploads\/2023\/08\/6.png\"><img loading=\"lazy\" decoding=\"async\" class=\"size-full wp-image-15624 aligncenter\" src=\"https:\/\/www.vita-explorers.dk\/blog\/wp-content\/uploads\/2023\/08\/6.png\" alt=\"\" width=\"1080\" height=\"1080\" srcset=\"https:\/\/www.vita-explorers.dk\/blog\/wp-content\/uploads\/2023\/08\/6.png 1080w, https:\/\/www.vita-explorers.dk\/blog\/wp-content\/uploads\/2023\/08\/6-300x300.png 300w, https:\/\/www.vita-explorers.dk\/blog\/wp-content\/uploads\/2023\/08\/6-1024x1024.png 1024w, https:\/\/www.vita-explorers.dk\/blog\/wp-content\/uploads\/2023\/08\/6-150x150.png 150w, https:\/\/www.vita-explorers.dk\/blog\/wp-content\/uploads\/2023\/08\/6-768x768.png 768w\" sizes=\"(max-width: 1080px) 100vw, 1080px\" \/><\/a> <a href=\"https:\/\/www.vita-explorers.dk\/blog\/wp-content\/uploads\/2023\/08\/7.png\"><img loading=\"lazy\" decoding=\"async\" class=\"size-full wp-image-15625 aligncenter\" src=\"https:\/\/www.vita-explorers.dk\/blog\/wp-content\/uploads\/2023\/08\/7.png\" alt=\"\" width=\"1080\" height=\"1080\" srcset=\"https:\/\/www.vita-explorers.dk\/blog\/wp-content\/uploads\/2023\/08\/7.png 1080w, https:\/\/www.vita-explorers.dk\/blog\/wp-content\/uploads\/2023\/08\/7-300x300.png 300w, https:\/\/www.vita-explorers.dk\/blog\/wp-content\/uploads\/2023\/08\/7-1024x1024.png 1024w, https:\/\/www.vita-explorers.dk\/blog\/wp-content\/uploads\/2023\/08\/7-150x150.png 150w, https:\/\/www.vita-explorers.dk\/blog\/wp-content\/uploads\/2023\/08\/7-768x768.png 768w\" sizes=\"(max-width: 1080px) 100vw, 1080px\" \/><\/a><\/p>\n<p class=\"p4\" style=\"text-align: center;\"><strong>For mere information er du velkommen til at kontakte os p\u00e5 <a href=\"mailto:info@globalong.com\"><span class=\"s2\">info@globalong.com<\/span><\/a><\/strong><\/p>\n<p class=\"p4\" style=\"text-align: center;\"><strong>Vil du vide mere om VITA Institute og vores medlemmer, kan du finde os p\u00e5 <a href=\"https:\/\/www.instagram.com\/globalongofficiel\/\"><span class=\"s2\">Instagram<\/span><\/a>, <a href=\"https:\/\/www.facebook.com\/globalong\"><span class=\"s2\">Facebook<\/span><\/a>, <a href=\"https:\/\/www.linkedin.com\/company\/5113177\/admin\/feed\/posts\/\"><span class=\"s2\">LinkedIn<\/span><\/a> og <a href=\"https:\/\/www.youtube.com\/c\/globalong\/videos\"><span class=\"s2\">YouTube<\/span><\/a>! <\/strong><\/p>\n","protected":false},"excerpt":{"rendered":"<p>K\u00e6re medlemmer, Hvert \u00e5r den 19. august samles mennesker verden over for at markere World Humanitarian Day \u2013 en anledning til at anerkende og\u2026<\/p>\n","protected":false},"author":1,"featured_media":15619,"comment_status":"open","ping_status":"open","sticky":false,"template":"","format":"standard","meta":{"footnotes":""},"categories":[1],"tags":[],"yoast_head":"<!-- This site is optimized with the Yoast SEO Premium plugin v23.4 (Yoast SEO v23.4) - https:\/\/yoast.com\/wordpress\/plugins\/seo\/ -->\n<title>Verdensdagen for humanit\u00e6r indsats - VITA Explorers Blog<\/title>\n<meta name=\"description\" content=\"D\u00e9couvrez la Journ\u00e9e Mondiale de l&#039;Aide Humanitaire et l&#039;impact incroyable des missions humanitaires dans le monde entier.\" \/>\n<meta name=\"robots\" content=\"index, follow, max-snippet:-1, max-image-preview:large, max-video-preview:-1\" \/>\n<link rel=\"canonical\" href=\"https:\/\/www.vita-explorers.dk\/blog\/verdensdagen-for-humanitaer-hjaelp\/\" \/>\n<meta property=\"og:locale\" content=\"da_DK\" \/>\n<meta property=\"og:type\" content=\"article\" \/>\n<meta property=\"og:title\" content=\"Verdensdagen for humanit\u00e6r indsats\" \/>\n<meta property=\"og:description\" content=\"D\u00e9couvrez la Journ\u00e9e Mondiale de l&#039;Aide Humanitaire et l&#039;impact incroyable des missions humanitaires dans le monde entier.\" \/>\n<meta property=\"og:url\" content=\"https:\/\/www.vita-explorers.dk\/blog\/verdensdagen-for-humanitaer-hjaelp\/\" \/>\n<meta property=\"og:site_name\" content=\"VITA Explorers Blog\" \/>\n<meta property=\"article:publisher\" content=\"https:\/\/www.facebook.com\/globalong\" \/>\n<meta property=\"article:published_time\" content=\"2023-08-18T16:07:39+00:00\" \/>\n<meta property=\"article:modified_time\" content=\"2024-09-25T20:56:12+00:00\" \/>\n<meta property=\"og:image\" content=\"https:\/\/www.vita-explorers.dk\/blog\/wp-content\/uploads\/2023\/08\/1.png\" \/>\n\t<meta property=\"og:image:width\" content=\"1080\" \/>\n\t<meta property=\"og:image:height\" content=\"1080\" \/>\n\t<meta property=\"og:image:type\" content=\"image\/png\" \/>\n<meta name=\"author\" content=\"VITA Tribe\" \/>\n<meta name=\"twitter:card\" content=\"summary_large_image\" \/>\n<meta name=\"twitter:label1\" content=\"Skrevet af\" \/>\n\t<meta name=\"twitter:data1\" content=\"VITA Tribe\" \/>\n\t<meta name=\"twitter:label2\" content=\"Estimeret l\u00e6setid\" \/>\n\t<meta name=\"twitter:data2\" content=\"4 minutter\" \/>\n<script type=\"application\/ld+json\" class=\"yoast-schema-graph\">{\"@context\":\"https:\/\/schema.org\",\"@graph\":[{\"@type\":\"Article\",\"@id\":\"https:\/\/www.vita-explorers.dk\/blog\/verdensdagen-for-humanitaer-hjaelp\/#article\",\"isPartOf\":{\"@id\":\"https:\/\/www.vita-explorers.dk\/blog\/verdensdagen-for-humanitaer-hjaelp\/\"},\"author\":{\"name\":\"VITA Tribe\",\"@id\":\"https:\/\/www.vita-explorers.dk\/blog\/#\/schema\/person\/d7df267b64f23018d1dc519e78fb2735\"},\"headline\":\"Verdensdagen for humanit\u00e6r indsats\",\"datePublished\":\"2023-08-18T16:07:39+00:00\",\"dateModified\":\"2024-09-25T20:56:12+00:00\",\"mainEntityOfPage\":{\"@id\":\"https:\/\/www.vita-explorers.dk\/blog\/verdensdagen-for-humanitaer-hjaelp\/\"},\"wordCount\":373,\"commentCount\":0,\"publisher\":{\"@id\":\"https:\/\/www.vita-explorers.dk\/blog\/#organization\"},\"image\":{\"@id\":\"https:\/\/www.vita-explorers.dk\/blog\/verdensdagen-for-humanitaer-hjaelp\/#primaryimage\"},\"thumbnailUrl\":\"https:\/\/www.vita-explorers.dk\/blog\/wp-content\/uploads\/2023\/08\/1.png\",\"articleSection\":[\"No Name\"],\"inLanguage\":\"da-DK\",\"potentialAction\":[{\"@type\":\"CommentAction\",\"name\":\"Comment\",\"target\":[\"https:\/\/www.vita-explorers.dk\/blog\/verdensdagen-for-humanitaer-hjaelp\/#respond\"]}]},{\"@type\":\"WebPage\",\"@id\":\"https:\/\/www.vita-explorers.dk\/blog\/verdensdagen-for-humanitaer-hjaelp\/\",\"url\":\"https:\/\/www.vita-explorers.dk\/blog\/verdensdagen-for-humanitaer-hjaelp\/\",\"name\":\"Verdensdagen for humanit\u00e6r indsats - VITA Explorers Blog\",\"isPartOf\":{\"@id\":\"https:\/\/www.vita-explorers.dk\/blog\/#website\"},\"primaryImageOfPage\":{\"@id\":\"https:\/\/www.vita-explorers.dk\/blog\/verdensdagen-for-humanitaer-hjaelp\/#primaryimage\"},\"image\":{\"@id\":\"https:\/\/www.vita-explorers.dk\/blog\/verdensdagen-for-humanitaer-hjaelp\/#primaryimage\"},\"thumbnailUrl\":\"https:\/\/www.vita-explorers.dk\/blog\/wp-content\/uploads\/2023\/08\/1.png\",\"datePublished\":\"2023-08-18T16:07:39+00:00\",\"dateModified\":\"2024-09-25T20:56:12+00:00\",\"description\":\"D\u00e9couvrez la Journ\u00e9e Mondiale de l'Aide Humanitaire et l'impact incroyable des missions humanitaires dans le monde entier.\",\"breadcrumb\":{\"@id\":\"https:\/\/www.vita-explorers.dk\/blog\/verdensdagen-for-humanitaer-hjaelp\/#breadcrumb\"},\"inLanguage\":\"da-DK\",\"potentialAction\":[{\"@type\":\"ReadAction\",\"target\":[\"https:\/\/www.vita-explorers.dk\/blog\/verdensdagen-for-humanitaer-hjaelp\/\"]}]},{\"@type\":\"ImageObject\",\"inLanguage\":\"da-DK\",\"@id\":\"https:\/\/www.vita-explorers.dk\/blog\/verdensdagen-for-humanitaer-hjaelp\/#primaryimage\",\"url\":\"https:\/\/www.vita-explorers.dk\/blog\/wp-content\/uploads\/2023\/08\/1.png\",\"contentUrl\":\"https:\/\/www.vita-explorers.dk\/blog\/wp-content\/uploads\/2023\/08\/1.png\",\"width\":1080,\"height\":1080,\"caption\":\"Journ\u00e9e Mondiale de l'Aide Humanitaire\"},{\"@type\":\"BreadcrumbList\",\"@id\":\"https:\/\/www.vita-explorers.dk\/blog\/verdensdagen-for-humanitaer-hjaelp\/#breadcrumb\",\"itemListElement\":[{\"@type\":\"ListItem\",\"position\":1,\"name\":\"Accueil\",\"item\":\"https:\/\/www.vita-explorers.dk\/blog\/\"},{\"@type\":\"ListItem\",\"position\":2,\"name\":\"Verdensdagen for humanit\u00e6r indsats\"}]},{\"@type\":\"WebSite\",\"@id\":\"https:\/\/www.vita-explorers.dk\/blog\/#website\",\"url\":\"https:\/\/www.vita-explorers.dk\/blog\/\",\"name\":\"Association Globalong\",\"description\":\"Frivilligt arbejde, sprogophold, praktik i udlandet og internationale oplevelser\",\"publisher\":{\"@id\":\"https:\/\/www.vita-explorers.dk\/blog\/#organization\"},\"potentialAction\":[{\"@type\":\"SearchAction\",\"target\":{\"@type\":\"EntryPoint\",\"urlTemplate\":\"https:\/\/www.vita-explorers.dk\/blog\/?s={search_term_string}\"},\"query-input\":{\"@type\":\"PropertyValueSpecification\",\"valueRequired\":true,\"valueName\":\"search_term_string\"}}],\"inLanguage\":\"da-DK\"},{\"@type\":\"Organization\",\"@id\":\"https:\/\/www.vita-explorers.dk\/blog\/#organization\",\"name\":\"Association Globalong\",\"url\":\"https:\/\/www.vita-explorers.dk\/blog\/\",\"logo\":{\"@type\":\"ImageObject\",\"inLanguage\":\"da-DK\",\"@id\":\"https:\/\/www.vita-explorers.dk\/blog\/#\/schema\/logo\/image\/\",\"url\":\"https:\/\/www.globalong.com\/blog\/wp-content\/uploads\/2014\/11\/cropped-cropped-Logo-et-Afrique-Globalong-petite-taille-2.jpg\",\"contentUrl\":\"https:\/\/www.globalong.com\/blog\/wp-content\/uploads\/2014\/11\/cropped-cropped-Logo-et-Afrique-Globalong-petite-taille-2.jpg\",\"width\":512,\"height\":512,\"caption\":\"Association Globalong\"},\"image\":{\"@id\":\"https:\/\/www.vita-explorers.dk\/blog\/#\/schema\/logo\/image\/\"},\"sameAs\":[\"https:\/\/www.facebook.com\/globalong\"]},{\"@type\":\"Person\",\"@id\":\"https:\/\/www.vita-explorers.dk\/blog\/#\/schema\/person\/d7df267b64f23018d1dc519e78fb2735\",\"name\":\"VITA Tribe\",\"image\":{\"@type\":\"ImageObject\",\"inLanguage\":\"da-DK\",\"@id\":\"https:\/\/www.vita-explorers.dk\/blog\/#\/schema\/person\/image\/\",\"url\":\"https:\/\/secure.gravatar.com\/avatar\/81461bcc213d0ff2bdc043d4206648f0?s=96&d=mm&r=g\",\"contentUrl\":\"https:\/\/secure.gravatar.com\/avatar\/81461bcc213d0ff2bdc043d4206648f0?s=96&d=mm&r=g\",\"caption\":\"VITA Tribe\"},\"sameAs\":[\"https:\/\/www.globalong.com\"],\"url\":\"https:\/\/www.vita-explorers.dk\/blog\/author\/sophie\/\"}]}<\/script>\n<!-- \/ Yoast SEO Premium plugin. -->","yoast_head_json":{"title":"Verdensdagen for humanit\u00e6r indsats - VITA Explorers Blog","description":"D\u00e9couvrez la Journ\u00e9e Mondiale de l'Aide Humanitaire et l'impact incroyable des missions humanitaires dans le monde entier.","robots":{"index":"index","follow":"follow","max-snippet":"max-snippet:-1","max-image-preview":"max-image-preview:large","max-video-preview":"max-video-preview:-1"},"canonical":"https:\/\/www.vita-explorers.dk\/blog\/verdensdagen-for-humanitaer-hjaelp\/","og_locale":"da_DK","og_type":"article","og_title":"Verdensdagen for humanit\u00e6r indsats","og_description":"D\u00e9couvrez la Journ\u00e9e Mondiale de l'Aide Humanitaire et l'impact incroyable des missions humanitaires dans le monde entier.","og_url":"https:\/\/www.vita-explorers.dk\/blog\/verdensdagen-for-humanitaer-hjaelp\/","og_site_name":"VITA Explorers Blog","article_publisher":"https:\/\/www.facebook.com\/globalong","article_published_time":"2023-08-18T16:07:39+00:00","article_modified_time":"2024-09-25T20:56:12+00:00","og_image":[{"width":1080,"height":1080,"url":"https:\/\/www.vita-explorers.dk\/blog\/wp-content\/uploads\/2023\/08\/1.png","type":"image\/png"}],"author":"VITA Tribe","twitter_card":"summary_large_image","twitter_misc":{"Skrevet af":"VITA Tribe","Estimeret l\u00e6setid":"4 minutter"},"schema":{"@context":"https:\/\/schema.org","@graph":[{"@type":"Article","@id":"https:\/\/www.vita-explorers.dk\/blog\/verdensdagen-for-humanitaer-hjaelp\/#article","isPartOf":{"@id":"https:\/\/www.vita-explorers.dk\/blog\/verdensdagen-for-humanitaer-hjaelp\/"},"author":{"name":"VITA Tribe","@id":"https:\/\/www.vita-explorers.dk\/blog\/#\/schema\/person\/d7df267b64f23018d1dc519e78fb2735"},"headline":"Verdensdagen for humanit\u00e6r indsats","datePublished":"2023-08-18T16:07:39+00:00","dateModified":"2024-09-25T20:56:12+00:00","mainEntityOfPage":{"@id":"https:\/\/www.vita-explorers.dk\/blog\/verdensdagen-for-humanitaer-hjaelp\/"},"wordCount":373,"commentCount":0,"publisher":{"@id":"https:\/\/www.vita-explorers.dk\/blog\/#organization"},"image":{"@id":"https:\/\/www.vita-explorers.dk\/blog\/verdensdagen-for-humanitaer-hjaelp\/#primaryimage"},"thumbnailUrl":"https:\/\/www.vita-explorers.dk\/blog\/wp-content\/uploads\/2023\/08\/1.png","articleSection":["No Name"],"inLanguage":"da-DK","potentialAction":[{"@type":"CommentAction","name":"Comment","target":["https:\/\/www.vita-explorers.dk\/blog\/verdensdagen-for-humanitaer-hjaelp\/#respond"]}]},{"@type":"WebPage","@id":"https:\/\/www.vita-explorers.dk\/blog\/verdensdagen-for-humanitaer-hjaelp\/","url":"https:\/\/www.vita-explorers.dk\/blog\/verdensdagen-for-humanitaer-hjaelp\/","name":"Verdensdagen for humanit\u00e6r indsats - VITA Explorers Blog","isPartOf":{"@id":"https:\/\/www.vita-explorers.dk\/blog\/#website"},"primaryImageOfPage":{"@id":"https:\/\/www.vita-explorers.dk\/blog\/verdensdagen-for-humanitaer-hjaelp\/#primaryimage"},"image":{"@id":"https:\/\/www.vita-explorers.dk\/blog\/verdensdagen-for-humanitaer-hjaelp\/#primaryimage"},"thumbnailUrl":"https:\/\/www.vita-explorers.dk\/blog\/wp-content\/uploads\/2023\/08\/1.png","datePublished":"2023-08-18T16:07:39+00:00","dateModified":"2024-09-25T20:56:12+00:00","description":"D\u00e9couvrez la Journ\u00e9e Mondiale de l'Aide Humanitaire et l'impact incroyable des missions humanitaires dans le monde entier.","breadcrumb":{"@id":"https:\/\/www.vita-explorers.dk\/blog\/verdensdagen-for-humanitaer-hjaelp\/#breadcrumb"},"inLanguage":"da-DK","potentialAction":[{"@type":"ReadAction","target":["https:\/\/www.vita-explorers.dk\/blog\/verdensdagen-for-humanitaer-hjaelp\/"]}]},{"@type":"ImageObject","inLanguage":"da-DK","@id":"https:\/\/www.vita-explorers.dk\/blog\/verdensdagen-for-humanitaer-hjaelp\/#primaryimage","url":"https:\/\/www.vita-explorers.dk\/blog\/wp-content\/uploads\/2023\/08\/1.png","contentUrl":"https:\/\/www.vita-explorers.dk\/blog\/wp-content\/uploads\/2023\/08\/1.png","width":1080,"height":1080,"caption":"Journ\u00e9e Mondiale de l'Aide Humanitaire"},{"@type":"BreadcrumbList","@id":"https:\/\/www.vita-explorers.dk\/blog\/verdensdagen-for-humanitaer-hjaelp\/#breadcrumb","itemListElement":[{"@type":"ListItem","position":1,"name":"Accueil","item":"https:\/\/www.vita-explorers.dk\/blog\/"},{"@type":"ListItem","position":2,"name":"Verdensdagen for humanit\u00e6r indsats"}]},{"@type":"WebSite","@id":"https:\/\/www.vita-explorers.dk\/blog\/#website","url":"https:\/\/www.vita-explorers.dk\/blog\/","name":"Association Globalong","description":"Frivilligt arbejde, sprogophold, praktik i udlandet og internationale oplevelser","publisher":{"@id":"https:\/\/www.vita-explorers.dk\/blog\/#organization"},"potentialAction":[{"@type":"SearchAction","target":{"@type":"EntryPoint","urlTemplate":"https:\/\/www.vita-explorers.dk\/blog\/?s={search_term_string}"},"query-input":{"@type":"PropertyValueSpecification","valueRequired":true,"valueName":"search_term_string"}}],"inLanguage":"da-DK"},{"@type":"Organization","@id":"https:\/\/www.vita-explorers.dk\/blog\/#organization","name":"Association Globalong","url":"https:\/\/www.vita-explorers.dk\/blog\/","logo":{"@type":"ImageObject","inLanguage":"da-DK","@id":"https:\/\/www.vita-explorers.dk\/blog\/#\/schema\/logo\/image\/","url":"https:\/\/www.globalong.com\/blog\/wp-content\/uploads\/2014\/11\/cropped-cropped-Logo-et-Afrique-Globalong-petite-taille-2.jpg","contentUrl":"https:\/\/www.globalong.com\/blog\/wp-content\/uploads\/2014\/11\/cropped-cropped-Logo-et-Afrique-Globalong-petite-taille-2.jpg","width":512,"height":512,"caption":"Association Globalong"},"image":{"@id":"https:\/\/www.vita-explorers.dk\/blog\/#\/schema\/logo\/image\/"},"sameAs":["https:\/\/www.facebook.com\/globalong"]},{"@type":"Person","@id":"https:\/\/www.vita-explorers.dk\/blog\/#\/schema\/person\/d7df267b64f23018d1dc519e78fb2735","name":"VITA Tribe","image":{"@type":"ImageObject","inLanguage":"da-DK","@id":"https:\/\/www.vita-explorers.dk\/blog\/#\/schema\/person\/image\/","url":"https:\/\/secure.gravatar.com\/avatar\/81461bcc213d0ff2bdc043d4206648f0?s=96&d=mm&r=g","contentUrl":"https:\/\/secure.gravatar.com\/avatar\/81461bcc213d0ff2bdc043d4206648f0?s=96&d=mm&r=g","caption":"VITA Tribe"},"sameAs":["https:\/\/www.globalong.com"],"url":"https:\/\/www.vita-explorers.dk\/blog\/author\/sophie\/"}]}},"_links":{"self":[{"href":"https:\/\/www.vita-explorers.dk\/blog\/wp-json\/wp\/v2\/posts\/15626"}],"collection":[{"href":"https:\/\/www.vita-explorers.dk\/blog\/wp-json\/wp\/v2\/posts"}],"about":[{"href":"https:\/\/www.vita-explorers.dk\/blog\/wp-json\/wp\/v2\/types\/post"}],"author":[{"embeddable":true,"href":"https:\/\/www.vita-explorers.dk\/blog\/wp-json\/wp\/v2\/users\/1"}],"replies":[{"embeddable":true,"href":"https:\/\/www.vita-explorers.dk\/blog\/wp-json\/wp\/v2\/comments?post=15626"}],"version-history":[{"count":2,"href":"https:\/\/www.vita-explorers.dk\/blog\/wp-json\/wp\/v2\/posts\/15626\/revisions"}],"predecessor-version":[{"id":16351,"href":"https:\/\/www.vita-explorers.dk\/blog\/wp-json\/wp\/v2\/posts\/15626\/revisions\/16351"}],"wp:featuredmedia":[{"embeddable":true,"href":"https:\/\/www.vita-explorers.dk\/blog\/wp-json\/wp\/v2\/media\/15619"}],"wp:attachment":[{"href":"https:\/\/www.vita-explorers.dk\/blog\/wp-json\/wp\/v2\/media?parent=15626"}],"wp:term":[{"taxonomy":"category","embeddable":true,"href":"https:\/\/www.vita-explorers.dk\/blog\/wp-json\/wp\/v2\/categories?post=15626"},{"taxonomy":"post_tag","embeddable":true,"href":"https:\/\/www.vita-explorers.dk\/blog\/wp-json\/wp\/v2\/tags?post=15626"}],"curies":[{"name":"wp","href":"https:\/\/api.w.org\/{rel}","templated":true}]}}