{"id":15628,"date":"2023-08-23T17:43:33","date_gmt":"2023-08-23T15:43:33","guid":{"rendered":"https:\/\/www.globalong.com\/blog\/?p=15628"},"modified":"2024-09-25T22:54:24","modified_gmt":"2024-09-25T20:54:24","slug":"fokus-paa-vores-medlemmer-augustin-vinder-af-en-af-banque-de-frances-ansvarlighedspriser","status":"publish","type":"post","link":"https:\/\/www.vita-explorers.dk\/blog\/fokus-paa-vores-medlemmer-augustin-vinder-af-en-af-banque-de-frances-ansvarlighedspriser\/","title":{"rendered":"Fokus p\u00e5 vores medlemmer: Augustin vinder en af Banque de Frances ansvarlighedspriser!"},"content":{"rendered":"<h1 class=\"p1\" style=\"text-align: center;\"><span style=\"font-size: 12pt;\"><strong>Agustin, medlem af <a href=\"https:\/\/www.linkedin.com\/company\/5113177\/admin\/feed\/posts\/\" target=\"_blank\" rel=\"noopener\">VITA<\/a> og fagansvarlig for finans- og EU-ret i <a href=\"https:\/\/www.banque-france.fr\/\" target=\"_blank\" rel=\"noopener\">Banque de France<\/a>, har modtaget en af institutionens \u201cTroph\u00e9es Responsables\u201d til st\u00f8tte for VITA.<\/strong><\/span><\/h1>\n<h2 class=\"p3\" style=\"text-align: justify;\"><span style=\"font-size: 12pt;\"><strong><a href=\"https:\/\/www.banque-france.fr\/communique-de-presse\/responsabilite-sociale-dentreprise-rse-la-banque-de-france-soutient-25-projets-solidaires\" target=\"_blank\" rel=\"noopener\">Troph\u00e9es Responsables<\/a> uddeler hvert \u00e5r 2.000 euro til 25 projekter, som er indstillet af medarbejdere, der engagerer sig i sager inden for solidaritet, social indsats og den gr\u00f8nne omstilling. Siden 2017 har 175 projekter fra almennyttige organisationer kunnet blive til virkelighed takket v\u00e6re medarbejdernes engagement og bankens st\u00f8tte.<\/strong><\/span><\/h2>\n<h3 class=\"p4\" style=\"text-align: justify;\"><span style=\"font-size: 12pt;\"><strong>Ved den 7. udgave af <a href=\"https:\/\/d06\/sites\/peps\/SitePages\/Les%20Troph%C3%A9es%20Responsables%202023.aspx\"><span class=\"s1\">Troph\u00e9es Responsables<\/span><\/a> (2023) udvalgte juryen, ledet af Gilles Vaysset, r\u00e5dgiver for guvern\u00f8ren med ansvar for CSR, <span class=\"s1\">25 projekter<\/span> indstillet af medarbejdere.<\/strong><\/span><\/h3>\n<p class=\"p4\" style=\"text-align: justify;\"><strong>Den 7. juli 2023 blev repr\u00e6sentanterne for de udvalgte organisationer \u2013 sammen med de medarbejdere, der havde indstillet projekterne \u2013 h\u00e6dret ved en ceremoni i Banque de Frances auditorium. Hvert projekt modtog en pris p\u00e5 2.000 euro i en varm og im\u00f8dekommende atmosf\u00e6re.<\/strong><\/p>\n<ul class=\"ul1\" style=\"text-align: justify;\">\n<li class=\"li5\"><strong><span class=\"s2\">En tredjedel var gr\u00f8nne projekter, bl.a. for biodiversitet, adgang til vand og genanvendelse;<\/span><\/strong><\/li>\n<li class=\"li5\"><strong><span class=\"s2\">en tredjedel handlede om social inklusion som uddannelse, handicap og mangfoldighed;<\/span><\/strong><\/li>\n<li class=\"li5\"><strong><span class=\"s2\">en tredjedel var projekter, der adresserede international solidaritet (Ukraine, Afrika, Indien).<\/span><\/strong><\/li>\n<\/ul>\n<p class=\"p3\" style=\"text-align: justify;\"><strong>Takket v\u00e6re Agustin bliver bel\u00f8bet givet til et behandlings- og omsorgstilbud for unge i KwaNoKuthula i Sydafrika. Centret tilbyder et s\u00e6rligt botilbud til 30 piger og drenge, som af b\u00f8rneretten er vurderet som \u201cofre for traumer, fysisk omsorgssvigt (fx underern\u00e6ring), udnyttelse, f\u00f8lelsesm\u00e6ssige overgreb og fysisk vold\u201d, og som derfor har behov for s\u00e6rlig beskyttelse.<\/strong><\/p>\n<p class=\"p3\" style=\"text-align: justify;\"><strong>Centret har en daglig \u201c\u00e5ben d\u00f8r\u201d-politik for b\u00f8rn i udsatte situationer. Derfor arbejder centret p\u00e5 at udvide faciliteterne, s\u00e5 der kan blive plads til flere b\u00f8rn og tilbydes hj\u00e6lp d\u00f8gnet rundt. I den sammenh\u00e6ng vil de 2.000 euro v\u00e6re et vigtigt bidrag til indk\u00f8b af n\u00f8dvendigt medicinsk og p\u00e6dagogisk udstyr, da projektet bl.a. har som m\u00e5l, at b\u00f8rnene kommer i skole hver dag.<\/strong><\/p>\n<p class=\"p3\" style=\"text-align: justify;\"><strong>B\u00f8rn, der er anbragt i plejefamilie, st\u00f8ttes af socialr\u00e5dgivere, som arbejder for rehabilitering og \u2013 n\u00e5r det er muligt \u2013 genforening med barnets familie i deres oprindelige lokalsamfund. Prisen kan v\u00e6re med til at d\u00e6kke nogle af de (betydelige) transportudgifter i forbindelse med hjemrejse til deres lokalsamfund.<\/strong><\/p>\n<p class=\"p3\" style=\"text-align: justify;\"><strong>M\u00e5let er at skabe mere ro og tryghed i hverdagen, tage h\u00e5nd om behov, som b\u00f8rn ikke burde st\u00e5 med alene, og give bedre muligheder for fremtiden.<\/strong><\/p>\n<p class=\"p3\" style=\"text-align: justify;\"><strong>Behovene i projektet er b\u00e5de l\u00f8bende og omfattende, fordi en udvidelse er i gang og kr\u00e6ver betydelig finansiering. M\u00e5let er at sikre b\u00f8rnene de n\u00f8dvendige rammer for et v\u00e6rdigt liv (bl.a. t\u00f8j, tre m\u00e5ltider om dagen, ekstra skolefaglig st\u00f8tte, l\u00e6gefaglig r\u00e5dgivning og terapeutiske forl\u00f8b for at afklare barnets f\u00f8lelsesm\u00e6ssige behov, camps, forebyggende kurser og tr\u00e6ning, regelm\u00e6ssig sport samt st\u00f8tteforl\u00f8b m\u00e5lrettet b\u00f8rns trivsel og udvikling).<\/strong><\/p>\n<p class=\"p3\" style=\"text-align: justify;\"><strong>Agustin siger: \u201cDenne organisation er som et t\u00e5rn, der r\u00e6kker op mod himlen \u2013 et fast holdepunkt i en m\u00f8rk tid, et t\u00e5rn der st\u00e5r i en verden pr\u00e6get af utryghed. Som et fyrt\u00e5rn i stormen midt i et farligt hav. Det t\u00e5rn kan st\u00e5 imod b\u00f8lgerne, ikke fordi det er forankret i jorden, men fordi det b\u00e6res af forbindelsen til jeres v\u00e6rdifulde bidrag. Det findes kun, fordi det er rigtigt \u2013 som Montesquieu ville have sagt.\u201d<\/strong><\/p>\n<p class=\"p3\" style=\"text-align: justify;\"><strong>\u201cKort sagt udspringer mit engagement af en personlig overbevisning om, at det at give sin tid og energi for at hj\u00e6lpe ogs\u00e5 er en m\u00e5de at udvikle sig som menneske p\u00e5. Med min faglige udvikling som international jurist er det tydeligt, at kl\u00f8ften mellem de menneskerettigheder, der formelt proklameres, og den virkelighed, hvor de bliver kr\u00e6nket, n\u00e6gtet eller ignoreret (kvinders rettigheder, retten til et v\u00e6rdigt liv osv.), er uacceptabel. Disse forhold er ofte ukendte i Vesteuropa, og efter mine l\u00e6ngere ophold i Sydamerika \u2013 hvor kvinder og piger ofte behandles d\u00e5rligt (Colombia, Brasilien, Peru \u2026) og ikke har fuld adgang til deres rettigheder \u2013 er jeg overbevist om, at det at kunne skabe nogle smil og lidt gl\u00e6de gennem samtale, udveksling, st\u00f8tte, undervisning, leg og ganske enkelt at v\u00e6re sammen, er en meningsfuld m\u00e5de at bidrage p\u00e5. Det var s\u00e5dan, jeg fandt dette forl\u00f8b: ved at s\u00f8ge og s\u00e6tte mig ind i mulighederne.\u201d<\/strong><\/p>\n<p class=\"p3\" style=\"text-align: justify;\"><strong>Hele VITA-teamet takker varmt Agustin for at have b\u00e5ret projektet frem og gjort det til virkelighed. Vi takker naturligvis ogs\u00e5 Banque de France for at have udvalgt Agustin.<\/strong><\/p>\n<p class=\"p3\" style=\"text-align: center;\"><strong>Endnu en stor tak til Agustin for hans engagement og indsats!<\/strong><\/p>\n<p><a href=\"https:\/\/www.vita-explorers.dk\/blog\/wp-content\/uploads\/2023\/08\/banque-de-france.png\" target=\"_blank\" rel=\"noopener\"><img loading=\"lazy\" decoding=\"async\" class=\"aligncenter wp-image-15629 size-full\" src=\"https:\/\/www.vita-explorers.dk\/blog\/wp-content\/uploads\/2023\/08\/banque-de-france.png\" alt=\"\" width=\"938\" height=\"838\" srcset=\"https:\/\/www.vita-explorers.dk\/blog\/wp-content\/uploads\/2023\/08\/banque-de-france.png 938w, https:\/\/www.vita-explorers.dk\/blog\/wp-content\/uploads\/2023\/08\/banque-de-france-300x268.png 300w, https:\/\/www.vita-explorers.dk\/blog\/wp-content\/uploads\/2023\/08\/banque-de-france-768x686.png 768w\" sizes=\"(max-width: 938px) 100vw, 938px\" \/><\/a><a href=\"https:\/\/www.vita-explorers.dk\/blog\/wp-content\/uploads\/2023\/08\/augustin-banque-de-france.png\" target=\"_blank\" rel=\"noopener\"><img loading=\"lazy\" decoding=\"async\" class=\"aligncenter wp-image-15630 size-full\" src=\"https:\/\/www.vita-explorers.dk\/blog\/wp-content\/uploads\/2023\/08\/augustin-banque-de-france.png\" alt=\"\" width=\"938\" height=\"838\" srcset=\"https:\/\/www.vita-explorers.dk\/blog\/wp-content\/uploads\/2023\/08\/augustin-banque-de-france.png 938w, https:\/\/www.vita-explorers.dk\/blog\/wp-content\/uploads\/2023\/08\/augustin-banque-de-france-300x268.png 300w, https:\/\/www.vita-explorers.dk\/blog\/wp-content\/uploads\/2023\/08\/augustin-banque-de-france-768x686.png 768w\" sizes=\"(max-width: 938px) 100vw, 938px\" \/><\/a><\/p>\n<p class=\"p4\" style=\"text-align: center;\"><strong>For mere information er du velkommen til at kontakte os p\u00e5 <a href=\"mailto:info@globalong.com\"><span class=\"s2\">info@globalong.com<\/span><\/a><\/strong><\/p>\n<p class=\"p4\" style=\"text-align: center;\"><strong>Vil du vide mere om VITA og vores medlemmer, s\u00e5 f\u00f8lg med p\u00e5 <a href=\"https:\/\/www.instagram.com\/globalongofficiel\/\"><span class=\"s2\">Instagram<\/span><\/a>, <a href=\"https:\/\/www.facebook.com\/globalong\"><span class=\"s2\">Facebook<\/span><\/a>, <a href=\"https:\/\/www.linkedin.com\/company\/5113177\/admin\/feed\/posts\/\"><span class=\"s2\">LinkedIn<\/span><\/a> og <a href=\"https:\/\/www.youtube.com\/c\/globalong\/videos\"><span class=\"s2\">Youtube<\/span><\/a>! <\/strong><\/p>\n","protected":false},"excerpt":{"rendered":"<p>Agustin, medlem af VITA og fagansvarlig for finans- og EU-ret i Banque de France, har modtaget en af institutionens \u201cTroph\u00e9es Responsables\u201d til st\u00f8tte for\u2026<\/p>\n","protected":false},"author":1,"featured_media":15629,"comment_status":"open","ping_status":"open","sticky":false,"template":"","format":"standard","meta":{"footnotes":""},"categories":[1],"tags":[],"yoast_head":"<!-- This site is optimized with the Yoast SEO Premium plugin v23.4 (Yoast SEO v23.4) - https:\/\/yoast.com\/wordpress\/plugins\/seo\/ -->\n<title>Oplev Banque de Frances Ansvarlighedspriser - VITA Explorers Blog<\/title>\n<meta name=\"description\" content=\"La Banque de France r\u00e9compense les projets responsables : \u00e9cologie, inclusion sociale et solidarit\u00e9 internationale pour Globalong\" \/>\n<meta name=\"robots\" content=\"index, follow, max-snippet:-1, max-image-preview:large, max-video-preview:-1\" \/>\n<link rel=\"canonical\" href=\"https:\/\/www.vita-explorers.dk\/blog\/fokus-paa-vores-medlemmer-augustin-vinder-af-en-af-banque-de-frances-ansvarlighedspriser\/\" \/>\n<meta property=\"og:locale\" content=\"da_DK\" \/>\n<meta property=\"og:type\" content=\"article\" \/>\n<meta property=\"og:title\" content=\"Fokus p\u00e5 vores medlemmer: Augustin vinder en af Banque de Frances ansvarlighedspriser!\" \/>\n<meta property=\"og:description\" content=\"La Banque de France r\u00e9compense les projets responsables : \u00e9cologie, inclusion sociale et solidarit\u00e9 internationale pour Globalong\" \/>\n<meta property=\"og:url\" content=\"https:\/\/www.vita-explorers.dk\/blog\/fokus-paa-vores-medlemmer-augustin-vinder-af-en-af-banque-de-frances-ansvarlighedspriser\/\" \/>\n<meta property=\"og:site_name\" content=\"VITA Explorers Blog\" \/>\n<meta property=\"article:publisher\" content=\"https:\/\/www.facebook.com\/globalong\" \/>\n<meta property=\"article:published_time\" content=\"2023-08-23T15:43:33+00:00\" \/>\n<meta property=\"article:modified_time\" content=\"2024-09-25T20:54:24+00:00\" \/>\n<meta property=\"og:image\" content=\"https:\/\/www.vita-explorers.dk\/blog\/wp-content\/uploads\/2023\/08\/banque-de-france.png\" \/>\n\t<meta property=\"og:image:width\" content=\"938\" \/>\n\t<meta property=\"og:image:height\" content=\"838\" \/>\n\t<meta property=\"og:image:type\" content=\"image\/png\" \/>\n<meta name=\"author\" content=\"VITA Tribe\" \/>\n<meta name=\"twitter:card\" content=\"summary_large_image\" \/>\n<meta name=\"twitter:label1\" content=\"Skrevet af\" \/>\n\t<meta name=\"twitter:data1\" content=\"VITA Tribe\" \/>\n\t<meta name=\"twitter:label2\" content=\"Estimeret l\u00e6setid\" \/>\n\t<meta name=\"twitter:data2\" content=\"5 minutter\" \/>\n<script type=\"application\/ld+json\" class=\"yoast-schema-graph\">{\"@context\":\"https:\/\/schema.org\",\"@graph\":[{\"@type\":\"Article\",\"@id\":\"https:\/\/www.vita-explorers.dk\/blog\/fokus-paa-vores-medlemmer-augustin-vinder-af-en-af-banque-de-frances-ansvarlighedspriser\/#article\",\"isPartOf\":{\"@id\":\"https:\/\/www.vita-explorers.dk\/blog\/fokus-paa-vores-medlemmer-augustin-vinder-af-en-af-banque-de-frances-ansvarlighedspriser\/\"},\"author\":{\"name\":\"VITA Tribe\",\"@id\":\"https:\/\/www.vita-explorers.dk\/blog\/#\/schema\/person\/d7df267b64f23018d1dc519e78fb2735\"},\"headline\":\"Fokus p\u00e5 vores medlemmer: Augustin vinder en af Banque de Frances ansvarlighedspriser!\",\"datePublished\":\"2023-08-23T15:43:33+00:00\",\"dateModified\":\"2024-09-25T20:54:24+00:00\",\"mainEntityOfPage\":{\"@id\":\"https:\/\/www.vita-explorers.dk\/blog\/fokus-paa-vores-medlemmer-augustin-vinder-af-en-af-banque-de-frances-ansvarlighedspriser\/\"},\"wordCount\":821,\"commentCount\":0,\"publisher\":{\"@id\":\"https:\/\/www.vita-explorers.dk\/blog\/#organization\"},\"image\":{\"@id\":\"https:\/\/www.vita-explorers.dk\/blog\/fokus-paa-vores-medlemmer-augustin-vinder-af-en-af-banque-de-frances-ansvarlighedspriser\/#primaryimage\"},\"thumbnailUrl\":\"https:\/\/www.vita-explorers.dk\/blog\/wp-content\/uploads\/2023\/08\/banque-de-france.png\",\"articleSection\":[\"No Name\"],\"inLanguage\":\"da-DK\",\"potentialAction\":[{\"@type\":\"CommentAction\",\"name\":\"Comment\",\"target\":[\"https:\/\/www.vita-explorers.dk\/blog\/fokus-paa-vores-medlemmer-augustin-vinder-af-en-af-banque-de-frances-ansvarlighedspriser\/#respond\"]}]},{\"@type\":\"WebPage\",\"@id\":\"https:\/\/www.vita-explorers.dk\/blog\/fokus-paa-vores-medlemmer-augustin-vinder-af-en-af-banque-de-frances-ansvarlighedspriser\/\",\"url\":\"https:\/\/www.vita-explorers.dk\/blog\/fokus-paa-vores-medlemmer-augustin-vinder-af-en-af-banque-de-frances-ansvarlighedspriser\/\",\"name\":\"Oplev Banque de Frances Ansvarlighedspriser - VITA Explorers Blog\",\"isPartOf\":{\"@id\":\"https:\/\/www.vita-explorers.dk\/blog\/#website\"},\"primaryImageOfPage\":{\"@id\":\"https:\/\/www.vita-explorers.dk\/blog\/fokus-paa-vores-medlemmer-augustin-vinder-af-en-af-banque-de-frances-ansvarlighedspriser\/#primaryimage\"},\"image\":{\"@id\":\"https:\/\/www.vita-explorers.dk\/blog\/fokus-paa-vores-medlemmer-augustin-vinder-af-en-af-banque-de-frances-ansvarlighedspriser\/#primaryimage\"},\"thumbnailUrl\":\"https:\/\/www.vita-explorers.dk\/blog\/wp-content\/uploads\/2023\/08\/banque-de-france.png\",\"datePublished\":\"2023-08-23T15:43:33+00:00\",\"dateModified\":\"2024-09-25T20:54:24+00:00\",\"description\":\"La Banque de France r\u00e9compense les projets responsables : \u00e9cologie, inclusion sociale et solidarit\u00e9 internationale pour Globalong\",\"breadcrumb\":{\"@id\":\"https:\/\/www.vita-explorers.dk\/blog\/fokus-paa-vores-medlemmer-augustin-vinder-af-en-af-banque-de-frances-ansvarlighedspriser\/#breadcrumb\"},\"inLanguage\":\"da-DK\",\"potentialAction\":[{\"@type\":\"ReadAction\",\"target\":[\"https:\/\/www.vita-explorers.dk\/blog\/fokus-paa-vores-medlemmer-augustin-vinder-af-en-af-banque-de-frances-ansvarlighedspriser\/\"]}]},{\"@type\":\"ImageObject\",\"inLanguage\":\"da-DK\",\"@id\":\"https:\/\/www.vita-explorers.dk\/blog\/fokus-paa-vores-medlemmer-augustin-vinder-af-en-af-banque-de-frances-ansvarlighedspriser\/#primaryimage\",\"url\":\"https:\/\/www.vita-explorers.dk\/blog\/wp-content\/uploads\/2023\/08\/banque-de-france.png\",\"contentUrl\":\"https:\/\/www.vita-explorers.dk\/blog\/wp-content\/uploads\/2023\/08\/banque-de-france.png\",\"width\":938,\"height\":838,\"caption\":\"comp\u00e9tences transversales soft skills\"},{\"@type\":\"BreadcrumbList\",\"@id\":\"https:\/\/www.vita-explorers.dk\/blog\/fokus-paa-vores-medlemmer-augustin-vinder-af-en-af-banque-de-frances-ansvarlighedspriser\/#breadcrumb\",\"itemListElement\":[{\"@type\":\"ListItem\",\"position\":1,\"name\":\"Accueil\",\"item\":\"https:\/\/www.vita-explorers.dk\/blog\/\"},{\"@type\":\"ListItem\",\"position\":2,\"name\":\"Fokus p\u00e5 vores medlemmer: Augustin vinder en af Banque de Frances ansvarlighedspriser!\"}]},{\"@type\":\"WebSite\",\"@id\":\"https:\/\/www.vita-explorers.dk\/blog\/#website\",\"url\":\"https:\/\/www.vita-explorers.dk\/blog\/\",\"name\":\"Association Globalong\",\"description\":\"Frivilligt arbejde, sprogophold, praktik i udlandet og internationale oplevelser\",\"publisher\":{\"@id\":\"https:\/\/www.vita-explorers.dk\/blog\/#organization\"},\"potentialAction\":[{\"@type\":\"SearchAction\",\"target\":{\"@type\":\"EntryPoint\",\"urlTemplate\":\"https:\/\/www.vita-explorers.dk\/blog\/?s={search_term_string}\"},\"query-input\":{\"@type\":\"PropertyValueSpecification\",\"valueRequired\":true,\"valueName\":\"search_term_string\"}}],\"inLanguage\":\"da-DK\"},{\"@type\":\"Organization\",\"@id\":\"https:\/\/www.vita-explorers.dk\/blog\/#organization\",\"name\":\"Association Globalong\",\"url\":\"https:\/\/www.vita-explorers.dk\/blog\/\",\"logo\":{\"@type\":\"ImageObject\",\"inLanguage\":\"da-DK\",\"@id\":\"https:\/\/www.vita-explorers.dk\/blog\/#\/schema\/logo\/image\/\",\"url\":\"https:\/\/www.globalong.com\/blog\/wp-content\/uploads\/2014\/11\/cropped-cropped-Logo-et-Afrique-Globalong-petite-taille-2.jpg\",\"contentUrl\":\"https:\/\/www.globalong.com\/blog\/wp-content\/uploads\/2014\/11\/cropped-cropped-Logo-et-Afrique-Globalong-petite-taille-2.jpg\",\"width\":512,\"height\":512,\"caption\":\"Association Globalong\"},\"image\":{\"@id\":\"https:\/\/www.vita-explorers.dk\/blog\/#\/schema\/logo\/image\/\"},\"sameAs\":[\"https:\/\/www.facebook.com\/globalong\"]},{\"@type\":\"Person\",\"@id\":\"https:\/\/www.vita-explorers.dk\/blog\/#\/schema\/person\/d7df267b64f23018d1dc519e78fb2735\",\"name\":\"VITA Tribe\",\"image\":{\"@type\":\"ImageObject\",\"inLanguage\":\"da-DK\",\"@id\":\"https:\/\/www.vita-explorers.dk\/blog\/#\/schema\/person\/image\/\",\"url\":\"https:\/\/secure.gravatar.com\/avatar\/81461bcc213d0ff2bdc043d4206648f0?s=96&d=mm&r=g\",\"contentUrl\":\"https:\/\/secure.gravatar.com\/avatar\/81461bcc213d0ff2bdc043d4206648f0?s=96&d=mm&r=g\",\"caption\":\"VITA Tribe\"},\"sameAs\":[\"https:\/\/www.globalong.com\"],\"url\":\"https:\/\/www.vita-explorers.dk\/blog\/author\/sophie\/\"}]}<\/script>\n<!-- \/ Yoast SEO Premium plugin. -->","yoast_head_json":{"title":"Oplev Banque de Frances Ansvarlighedspriser - VITA Explorers Blog","description":"La Banque de France r\u00e9compense les projets responsables : \u00e9cologie, inclusion sociale et solidarit\u00e9 internationale pour Globalong","robots":{"index":"index","follow":"follow","max-snippet":"max-snippet:-1","max-image-preview":"max-image-preview:large","max-video-preview":"max-video-preview:-1"},"canonical":"https:\/\/www.vita-explorers.dk\/blog\/fokus-paa-vores-medlemmer-augustin-vinder-af-en-af-banque-de-frances-ansvarlighedspriser\/","og_locale":"da_DK","og_type":"article","og_title":"Fokus p\u00e5 vores medlemmer: Augustin vinder en af Banque de Frances ansvarlighedspriser!","og_description":"La Banque de France r\u00e9compense les projets responsables : \u00e9cologie, inclusion sociale et solidarit\u00e9 internationale pour Globalong","og_url":"https:\/\/www.vita-explorers.dk\/blog\/fokus-paa-vores-medlemmer-augustin-vinder-af-en-af-banque-de-frances-ansvarlighedspriser\/","og_site_name":"VITA Explorers Blog","article_publisher":"https:\/\/www.facebook.com\/globalong","article_published_time":"2023-08-23T15:43:33+00:00","article_modified_time":"2024-09-25T20:54:24+00:00","og_image":[{"width":938,"height":838,"url":"https:\/\/www.vita-explorers.dk\/blog\/wp-content\/uploads\/2023\/08\/banque-de-france.png","type":"image\/png"}],"author":"VITA Tribe","twitter_card":"summary_large_image","twitter_misc":{"Skrevet af":"VITA Tribe","Estimeret l\u00e6setid":"5 minutter"},"schema":{"@context":"https:\/\/schema.org","@graph":[{"@type":"Article","@id":"https:\/\/www.vita-explorers.dk\/blog\/fokus-paa-vores-medlemmer-augustin-vinder-af-en-af-banque-de-frances-ansvarlighedspriser\/#article","isPartOf":{"@id":"https:\/\/www.vita-explorers.dk\/blog\/fokus-paa-vores-medlemmer-augustin-vinder-af-en-af-banque-de-frances-ansvarlighedspriser\/"},"author":{"name":"VITA Tribe","@id":"https:\/\/www.vita-explorers.dk\/blog\/#\/schema\/person\/d7df267b64f23018d1dc519e78fb2735"},"headline":"Fokus p\u00e5 vores medlemmer: Augustin vinder en af Banque de Frances ansvarlighedspriser!","datePublished":"2023-08-23T15:43:33+00:00","dateModified":"2024-09-25T20:54:24+00:00","mainEntityOfPage":{"@id":"https:\/\/www.vita-explorers.dk\/blog\/fokus-paa-vores-medlemmer-augustin-vinder-af-en-af-banque-de-frances-ansvarlighedspriser\/"},"wordCount":821,"commentCount":0,"publisher":{"@id":"https:\/\/www.vita-explorers.dk\/blog\/#organization"},"image":{"@id":"https:\/\/www.vita-explorers.dk\/blog\/fokus-paa-vores-medlemmer-augustin-vinder-af-en-af-banque-de-frances-ansvarlighedspriser\/#primaryimage"},"thumbnailUrl":"https:\/\/www.vita-explorers.dk\/blog\/wp-content\/uploads\/2023\/08\/banque-de-france.png","articleSection":["No Name"],"inLanguage":"da-DK","potentialAction":[{"@type":"CommentAction","name":"Comment","target":["https:\/\/www.vita-explorers.dk\/blog\/fokus-paa-vores-medlemmer-augustin-vinder-af-en-af-banque-de-frances-ansvarlighedspriser\/#respond"]}]},{"@type":"WebPage","@id":"https:\/\/www.vita-explorers.dk\/blog\/fokus-paa-vores-medlemmer-augustin-vinder-af-en-af-banque-de-frances-ansvarlighedspriser\/","url":"https:\/\/www.vita-explorers.dk\/blog\/fokus-paa-vores-medlemmer-augustin-vinder-af-en-af-banque-de-frances-ansvarlighedspriser\/","name":"Oplev Banque de Frances Ansvarlighedspriser - VITA Explorers Blog","isPartOf":{"@id":"https:\/\/www.vita-explorers.dk\/blog\/#website"},"primaryImageOfPage":{"@id":"https:\/\/www.vita-explorers.dk\/blog\/fokus-paa-vores-medlemmer-augustin-vinder-af-en-af-banque-de-frances-ansvarlighedspriser\/#primaryimage"},"image":{"@id":"https:\/\/www.vita-explorers.dk\/blog\/fokus-paa-vores-medlemmer-augustin-vinder-af-en-af-banque-de-frances-ansvarlighedspriser\/#primaryimage"},"thumbnailUrl":"https:\/\/www.vita-explorers.dk\/blog\/wp-content\/uploads\/2023\/08\/banque-de-france.png","datePublished":"2023-08-23T15:43:33+00:00","dateModified":"2024-09-25T20:54:24+00:00","description":"La Banque de France r\u00e9compense les projets responsables : \u00e9cologie, inclusion sociale et solidarit\u00e9 internationale pour Globalong","breadcrumb":{"@id":"https:\/\/www.vita-explorers.dk\/blog\/fokus-paa-vores-medlemmer-augustin-vinder-af-en-af-banque-de-frances-ansvarlighedspriser\/#breadcrumb"},"inLanguage":"da-DK","potentialAction":[{"@type":"ReadAction","target":["https:\/\/www.vita-explorers.dk\/blog\/fokus-paa-vores-medlemmer-augustin-vinder-af-en-af-banque-de-frances-ansvarlighedspriser\/"]}]},{"@type":"ImageObject","inLanguage":"da-DK","@id":"https:\/\/www.vita-explorers.dk\/blog\/fokus-paa-vores-medlemmer-augustin-vinder-af-en-af-banque-de-frances-ansvarlighedspriser\/#primaryimage","url":"https:\/\/www.vita-explorers.dk\/blog\/wp-content\/uploads\/2023\/08\/banque-de-france.png","contentUrl":"https:\/\/www.vita-explorers.dk\/blog\/wp-content\/uploads\/2023\/08\/banque-de-france.png","width":938,"height":838,"caption":"comp\u00e9tences transversales soft skills"},{"@type":"BreadcrumbList","@id":"https:\/\/www.vita-explorers.dk\/blog\/fokus-paa-vores-medlemmer-augustin-vinder-af-en-af-banque-de-frances-ansvarlighedspriser\/#breadcrumb","itemListElement":[{"@type":"ListItem","position":1,"name":"Accueil","item":"https:\/\/www.vita-explorers.dk\/blog\/"},{"@type":"ListItem","position":2,"name":"Fokus p\u00e5 vores medlemmer: Augustin vinder en af Banque de Frances ansvarlighedspriser!"}]},{"@type":"WebSite","@id":"https:\/\/www.vita-explorers.dk\/blog\/#website","url":"https:\/\/www.vita-explorers.dk\/blog\/","name":"Association Globalong","description":"Frivilligt arbejde, sprogophold, praktik i udlandet og internationale oplevelser","publisher":{"@id":"https:\/\/www.vita-explorers.dk\/blog\/#organization"},"potentialAction":[{"@type":"SearchAction","target":{"@type":"EntryPoint","urlTemplate":"https:\/\/www.vita-explorers.dk\/blog\/?s={search_term_string}"},"query-input":{"@type":"PropertyValueSpecification","valueRequired":true,"valueName":"search_term_string"}}],"inLanguage":"da-DK"},{"@type":"Organization","@id":"https:\/\/www.vita-explorers.dk\/blog\/#organization","name":"Association Globalong","url":"https:\/\/www.vita-explorers.dk\/blog\/","logo":{"@type":"ImageObject","inLanguage":"da-DK","@id":"https:\/\/www.vita-explorers.dk\/blog\/#\/schema\/logo\/image\/","url":"https:\/\/www.globalong.com\/blog\/wp-content\/uploads\/2014\/11\/cropped-cropped-Logo-et-Afrique-Globalong-petite-taille-2.jpg","contentUrl":"https:\/\/www.globalong.com\/blog\/wp-content\/uploads\/2014\/11\/cropped-cropped-Logo-et-Afrique-Globalong-petite-taille-2.jpg","width":512,"height":512,"caption":"Association Globalong"},"image":{"@id":"https:\/\/www.vita-explorers.dk\/blog\/#\/schema\/logo\/image\/"},"sameAs":["https:\/\/www.facebook.com\/globalong"]},{"@type":"Person","@id":"https:\/\/www.vita-explorers.dk\/blog\/#\/schema\/person\/d7df267b64f23018d1dc519e78fb2735","name":"VITA Tribe","image":{"@type":"ImageObject","inLanguage":"da-DK","@id":"https:\/\/www.vita-explorers.dk\/blog\/#\/schema\/person\/image\/","url":"https:\/\/secure.gravatar.com\/avatar\/81461bcc213d0ff2bdc043d4206648f0?s=96&d=mm&r=g","contentUrl":"https:\/\/secure.gravatar.com\/avatar\/81461bcc213d0ff2bdc043d4206648f0?s=96&d=mm&r=g","caption":"VITA Tribe"},"sameAs":["https:\/\/www.globalong.com"],"url":"https:\/\/www.vita-explorers.dk\/blog\/author\/sophie\/"}]}},"_links":{"self":[{"href":"https:\/\/www.vita-explorers.dk\/blog\/wp-json\/wp\/v2\/posts\/15628"}],"collection":[{"href":"https:\/\/www.vita-explorers.dk\/blog\/wp-json\/wp\/v2\/posts"}],"about":[{"href":"https:\/\/www.vita-explorers.dk\/blog\/wp-json\/wp\/v2\/types\/post"}],"author":[{"embeddable":true,"href":"https:\/\/www.vita-explorers.dk\/blog\/wp-json\/wp\/v2\/users\/1"}],"replies":[{"embeddable":true,"href":"https:\/\/www.vita-explorers.dk\/blog\/wp-json\/wp\/v2\/comments?post=15628"}],"version-history":[{"count":3,"href":"https:\/\/www.vita-explorers.dk\/blog\/wp-json\/wp\/v2\/posts\/15628\/revisions"}],"predecessor-version":[{"id":16349,"href":"https:\/\/www.vita-explorers.dk\/blog\/wp-json\/wp\/v2\/posts\/15628\/revisions\/16349"}],"wp:featuredmedia":[{"embeddable":true,"href":"https:\/\/www.vita-explorers.dk\/blog\/wp-json\/wp\/v2\/media\/15629"}],"wp:attachment":[{"href":"https:\/\/www.vita-explorers.dk\/blog\/wp-json\/wp\/v2\/media?parent=15628"}],"wp:term":[{"taxonomy":"category","embeddable":true,"href":"https:\/\/www.vita-explorers.dk\/blog\/wp-json\/wp\/v2\/categories?post=15628"},{"taxonomy":"post_tag","embeddable":true,"href":"https:\/\/www.vita-explorers.dk\/blog\/wp-json\/wp\/v2\/tags?post=15628"}],"curies":[{"name":"wp","href":"https:\/\/api.w.org\/{rel}","templated":true}]}}