{"id":15668,"date":"2023-09-01T16:38:45","date_gmt":"2023-09-01T14:38:45","guid":{"rendered":"https:\/\/www.globalong.com\/blog\/?p=15668"},"modified":"2024-09-25T22:47:21","modified_gmt":"2024-09-25T20:47:21","slug":"at-lave-et-internationalt-forlob-som-led-i-et-praktikophold-de-forskellige-muligheder","status":"publish","type":"post","link":"https:\/\/www.vita-explorers.dk\/blog\/at-lave-et-internationalt-forlob-som-led-i-et-praktikophold-de-forskellige-muligheder\/","title":{"rendered":"At tage p\u00e5 et humanit\u00e6rt forl\u00f8b som en del af et praktikforl\u00f8b"},"content":{"rendered":"<h1 class=\"p1\" style=\"text-align: justify;\"><span style=\"font-size: 12pt;\">F\u00e5 dage f\u00f8r studiestart kontakter flere medlemmer (eller kommende medlemmer) os for at h\u00f8re, om de kan gennemf\u00f8re deres praktikforl\u00f8b sammen med VITA. Svaret er ja! Alle de forl\u00f8b, du kan finde p\u00e5 vores website, kan gennemf\u00f8res som en praktik med praktik-\/uddannelsesaftale.<\/span><\/h1>\n<h2 class=\"p1\" style=\"text-align: justify;\"><span style=\"font-size: 12pt;\">N\u00e6ste sp\u00f8rgsm\u00e5l er, hvilke muligheder der findes \u2013 og det afh\u00e6nger is\u00e6r af kravene fra din skole, dit universitet eller dit uddannelsessted.<\/span><\/h2>\n<p class=\"p1\" style=\"text-align: justify;\"><strong>Der er typisk 3 mulige scenarier:<\/strong><\/p>\n<ul style=\"text-align: justify;\">\n<li class=\"p1\">et program uden kompetencer, der skal godkendes<\/li>\n<li class=\"p1\">et program med kompetencer p\u00e5 faste datoer<\/li>\n<li class=\"p1\">et program med kompetencer kombineret med et personligt projekt<\/li>\n<\/ul>\n<p class=\"p1\" style=\"text-align: justify;\"><strong>Her er tre eksempler fra tidligere deltagere:<\/strong><\/p>\n<p class=\"p1\" style=\"text-align: justify;\"><em><strong>Julia \u2013 Program uden kompetencekrav \u2013 Deltager p\u00e5 et b\u00f8rnecenter i Togo<\/strong><\/em><\/p>\n<p class=\"p1\" style=\"text-align: justify;\">Hendes skole kr\u00e6ver ikke, at hun f\u00e5r godkendt bestemte kompetencer i praktikperioden. For dem handler det is\u00e6r om at kunne vise tilpasningsevne gennem en erfaring i udlandet. Julia er meget social og glad for b\u00f8rn \u2013 hun har erfaring med babysitting og har ogs\u00e5 et kursusbevis inden for b\u00f8rne- og fritidsaktiviteter. Hun taler ikke s\u00e5 godt engelsk, men vil gerne indg\u00e5 i en organisation og bidrage i hverdagen. Derfor tager hun til Togo, et fransktalende land, hvor hun kan st\u00f8tte et b\u00f8rnecenter. Hun hj\u00e6lper de lokale teams med daglige opgaver, planl\u00e6gger aktiviteter og lege for b\u00f8rnene og giver lektiehj\u00e6lp til b\u00f8rn, der har det sv\u00e6rt i skolen.<\/p>\n<p class=\"p5\" style=\"text-align: justify;\"><em><strong>Pauline \u2013 Program med kompetencekrav \u2013 Deltager p\u00e5 et forl\u00f8b om marint natur- og milj\u00f8arbejde i Gr\u00e6kenland<\/strong><\/em><\/p>\n<p class=\"p1\" style=\"text-align: justify;\">Hun l\u00e6ser til ingeni\u00f8r. Hendes skole har givet hende en liste over kompetencer, der skal godkendes, og hun taler engelsk. Hun elsker havet og er vokset op t\u00e6t p\u00e5 Middelhavet. Hun er fascineret af havdyr \u2013 delfiner, skildpadder og ja, ogs\u00e5 hajer. Hun tager til Gr\u00e6kenland for at indg\u00e5 i en organisation, der arbejder med beskyttelse af havmilj\u00f8et, hvor hun kan hj\u00e6lpe forskere med at indsamle og analysere data. Med sin uddannelse kender hun til GIS (geografiske informationssystemer) og kan oms\u00e6tte sin faglighed i praksis i et ansvarligt internationalt forl\u00f8b i de 8 uger, hendes skole kr\u00e6ver.<\/p>\n<p class=\"p1\" style=\"text-align: justify;\"><em><strong>Ridjaly, Bastien, Sarah, Clara og In\u00e8s \u2013 SIBRA-projektet \u2013 Program med kompetencekrav og personligt projekt \u2013 Deltagere i Nepal<\/strong><\/em><\/p>\n<p class=\"p1\" style=\"text-align: justify;\">De er ogs\u00e5 ingeni\u00f8rstuderende med speciale i adgang til og behandling af vand. De skal i praktik som en del af deres uddannelse, men skal samtidig gennemf\u00f8re et personligt projekt. De v\u00e6lger at kombinere de to og udvikler et st\u00f8rre projekt: at bygge vandtanke til familier i et landdistrikt i Nepal, som rammes af t\u00f8rke om vinteren. I l\u00f8bet af \u00e5ret arrangerer de events og kontakter virksomheder, banker og organisationer for at rejse midler. Derefter rejser de ud for konkret at hj\u00e6lpe p\u00e5 byggepladserne. P\u00e5 den m\u00e5de f\u00e5r de b\u00e5de godkendt kompetencer inden for kommunikation, organisering og forhandling \u2013 og praktiske f\u00e6rdigheder, n\u00e5r de er p\u00e5 stedet.<\/p>\n<p class=\"p5\" style=\"text-align: justify;\">Sygeplejersker, fysioterapeuter, ingeni\u00f8rer, l\u00e6rere, l\u00e6ger, dyrl\u00e6ger, socialp\u00e6dagoger, jurister samt studerende inden for internationale relationer og statskundskab er blandt dem, der oftest tager p\u00e5 internationale praktikforl\u00f8b gennem VITA. Men uanset din situation eller dit studieretning er det som regel muligt at tilrettel\u00e6gge et forl\u00f8b inden for flere forskellige omr\u00e5der \u2013 kontakt os gerne, hvis du vil h\u00f8re mere.<\/p>\n<p><a href=\"https:\/\/www.vita-explorers.dk\/blog\/wp-content\/uploads\/2023\/09\/inge\u0301-2.jpeg\" target=\"_blank\" rel=\"noopener\"><img loading=\"lazy\" decoding=\"async\" class=\"aligncenter wp-image-15670 size-full\" src=\"https:\/\/www.vita-explorers.dk\/blog\/wp-content\/uploads\/2023\/09\/inge\u0301-2.jpeg\" alt=\"\" width=\"960\" height=\"1280\" srcset=\"https:\/\/www.vita-explorers.dk\/blog\/wp-content\/uploads\/2023\/09\/inge\u0301-2.jpeg 960w, https:\/\/www.vita-explorers.dk\/blog\/wp-content\/uploads\/2023\/09\/inge\u0301-2-225x300.jpeg 225w, https:\/\/www.vita-explorers.dk\/blog\/wp-content\/uploads\/2023\/09\/inge\u0301-2-768x1024.jpeg 768w\" sizes=\"(max-width: 960px) 100vw, 960px\" \/><\/a><\/p>\n<div class=\"entry-content\">\n<p class=\"p4\" style=\"text-align: center;\"><strong>Vil du h\u00f8re mere, er du velkommen til at kontakte os p\u00e5 <a href=\"mailto:info@globalong.com\"><span class=\"s2\">info@globalong.com<\/span><\/a><\/strong><\/p>\n<p class=\"p4\" style=\"text-align: center;\"><strong>Vil du f\u00f8lge mere med i VITA og vores deltagere, s\u00e5 find os p\u00e5 <a href=\"https:\/\/www.instagram.com\/globalongofficiel\/\"><span class=\"s2\">Instagram<\/span><\/a>, <a href=\"https:\/\/www.facebook.com\/globalong\"><span class=\"s2\">Facebook<\/span><\/a>, <a href=\"https:\/\/www.linkedin.com\/company\/5113177\/admin\/feed\/posts\/\"><span class=\"s2\">LinkedIn<\/span><\/a> og <a href=\"https:\/\/www.youtube.com\/c\/globalong\/videos\"><span class=\"s2\">Youtube<\/span><\/a> ! <\/strong><\/p>\n<\/div>\n","protected":false},"excerpt":{"rendered":"<p>F\u00e5 dage f\u00f8r studiestart kontakter flere medlemmer (eller kommende medlemmer) os for at h\u00f8re, om de kan gennemf\u00f8re deres praktikforl\u00f8b sammen med VITA. Svaret\u2026<\/p>\n","protected":false},"author":1,"featured_media":15669,"comment_status":"open","ping_status":"open","sticky":false,"template":"","format":"standard","meta":{"footnotes":""},"categories":[1,6,4],"tags":[],"yoast_head":"<!-- This site is optimized with the Yoast SEO Premium plugin v23.4 (Yoast SEO v23.4) - https:\/\/yoast.com\/wordpress\/plugins\/seo\/ -->\n<title>At tage p\u00e5 et humanit\u00e6rt forl\u00f8b som en del af et praktikforl\u00f8b - VITA Explorers Blog<\/title>\n<meta name=\"description\" content=\"Partez en mission humanitaire et d\u00e9veloppez vos comp\u00e9tences tout en aidant les autres. T\u00e9moignages inspirants de volontaires \u00e0 l&#039;\u00e9tranger.\" \/>\n<meta name=\"robots\" content=\"index, follow, max-snippet:-1, max-image-preview:large, max-video-preview:-1\" \/>\n<link rel=\"canonical\" href=\"https:\/\/www.vita-explorers.dk\/blog\/at-lave-et-internationalt-forlob-som-led-i-et-praktikophold-de-forskellige-muligheder\/\" \/>\n<meta property=\"og:locale\" content=\"da_DK\" \/>\n<meta property=\"og:type\" content=\"article\" \/>\n<meta property=\"og:title\" content=\"At tage p\u00e5 et humanit\u00e6rt forl\u00f8b som en del af et praktikforl\u00f8b\" \/>\n<meta property=\"og:description\" content=\"Partez en mission humanitaire et d\u00e9veloppez vos comp\u00e9tences tout en aidant les autres. T\u00e9moignages inspirants de volontaires \u00e0 l&#039;\u00e9tranger.\" \/>\n<meta property=\"og:url\" content=\"https:\/\/www.vita-explorers.dk\/blog\/at-lave-et-internationalt-forlob-som-led-i-et-praktikophold-de-forskellige-muligheder\/\" \/>\n<meta property=\"og:site_name\" content=\"VITA Explorers Blog\" \/>\n<meta property=\"article:publisher\" content=\"https:\/\/www.facebook.com\/globalong\" \/>\n<meta property=\"article:published_time\" content=\"2023-09-01T14:38:45+00:00\" \/>\n<meta property=\"article:modified_time\" content=\"2024-09-25T20:47:21+00:00\" \/>\n<meta property=\"og:image\" content=\"https:\/\/www.vita-explorers.dk\/blog\/wp-content\/uploads\/2023\/09\/stage-humanitaire.jpg\" \/>\n\t<meta property=\"og:image:width\" content=\"1170\" \/>\n\t<meta property=\"og:image:height\" content=\"1560\" \/>\n\t<meta property=\"og:image:type\" content=\"image\/jpeg\" \/>\n<meta name=\"author\" content=\"VITA Tribe\" \/>\n<meta name=\"twitter:card\" content=\"summary_large_image\" \/>\n<meta name=\"twitter:label1\" content=\"Skrevet af\" \/>\n\t<meta name=\"twitter:data1\" content=\"VITA Tribe\" \/>\n\t<meta name=\"twitter:label2\" content=\"Estimeret l\u00e6setid\" \/>\n\t<meta name=\"twitter:data2\" content=\"4 minutter\" \/>\n<script type=\"application\/ld+json\" class=\"yoast-schema-graph\">{\"@context\":\"https:\/\/schema.org\",\"@graph\":[{\"@type\":\"Article\",\"@id\":\"https:\/\/www.vita-explorers.dk\/blog\/at-lave-et-internationalt-forlob-som-led-i-et-praktikophold-de-forskellige-muligheder\/#article\",\"isPartOf\":{\"@id\":\"https:\/\/www.vita-explorers.dk\/blog\/at-lave-et-internationalt-forlob-som-led-i-et-praktikophold-de-forskellige-muligheder\/\"},\"author\":{\"name\":\"VITA Tribe\",\"@id\":\"https:\/\/www.vita-explorers.dk\/blog\/#\/schema\/person\/d7df267b64f23018d1dc519e78fb2735\"},\"headline\":\"At tage p\u00e5 et humanit\u00e6rt forl\u00f8b som en del af et praktikforl\u00f8b\",\"datePublished\":\"2023-09-01T14:38:45+00:00\",\"dateModified\":\"2024-09-25T20:47:21+00:00\",\"mainEntityOfPage\":{\"@id\":\"https:\/\/www.vita-explorers.dk\/blog\/at-lave-et-internationalt-forlob-som-led-i-et-praktikophold-de-forskellige-muligheder\/\"},\"wordCount\":614,\"commentCount\":0,\"publisher\":{\"@id\":\"https:\/\/www.vita-explorers.dk\/blog\/#organization\"},\"image\":{\"@id\":\"https:\/\/www.vita-explorers.dk\/blog\/at-lave-et-internationalt-forlob-som-led-i-et-praktikophold-de-forskellige-muligheder\/#primaryimage\"},\"thumbnailUrl\":\"https:\/\/www.vita-explorers.dk\/blog\/wp-content\/uploads\/2023\/09\/stage-humanitaire.jpg\",\"articleSection\":[\"No Name\",\"Nyheder\",\"VITA Explorers\"],\"inLanguage\":\"da-DK\",\"potentialAction\":[{\"@type\":\"CommentAction\",\"name\":\"Comment\",\"target\":[\"https:\/\/www.vita-explorers.dk\/blog\/at-lave-et-internationalt-forlob-som-led-i-et-praktikophold-de-forskellige-muligheder\/#respond\"]}]},{\"@type\":\"WebPage\",\"@id\":\"https:\/\/www.vita-explorers.dk\/blog\/at-lave-et-internationalt-forlob-som-led-i-et-praktikophold-de-forskellige-muligheder\/\",\"url\":\"https:\/\/www.vita-explorers.dk\/blog\/at-lave-et-internationalt-forlob-som-led-i-et-praktikophold-de-forskellige-muligheder\/\",\"name\":\"At tage p\u00e5 et humanit\u00e6rt forl\u00f8b som en del af et praktikforl\u00f8b - VITA Explorers Blog\",\"isPartOf\":{\"@id\":\"https:\/\/www.vita-explorers.dk\/blog\/#website\"},\"primaryImageOfPage\":{\"@id\":\"https:\/\/www.vita-explorers.dk\/blog\/at-lave-et-internationalt-forlob-som-led-i-et-praktikophold-de-forskellige-muligheder\/#primaryimage\"},\"image\":{\"@id\":\"https:\/\/www.vita-explorers.dk\/blog\/at-lave-et-internationalt-forlob-som-led-i-et-praktikophold-de-forskellige-muligheder\/#primaryimage\"},\"thumbnailUrl\":\"https:\/\/www.vita-explorers.dk\/blog\/wp-content\/uploads\/2023\/09\/stage-humanitaire.jpg\",\"datePublished\":\"2023-09-01T14:38:45+00:00\",\"dateModified\":\"2024-09-25T20:47:21+00:00\",\"description\":\"Partez en mission humanitaire et d\u00e9veloppez vos comp\u00e9tences tout en aidant les autres. T\u00e9moignages inspirants de volontaires \u00e0 l'\u00e9tranger.\",\"breadcrumb\":{\"@id\":\"https:\/\/www.vita-explorers.dk\/blog\/at-lave-et-internationalt-forlob-som-led-i-et-praktikophold-de-forskellige-muligheder\/#breadcrumb\"},\"inLanguage\":\"da-DK\",\"potentialAction\":[{\"@type\":\"ReadAction\",\"target\":[\"https:\/\/www.vita-explorers.dk\/blog\/at-lave-et-internationalt-forlob-som-led-i-et-praktikophold-de-forskellige-muligheder\/\"]}]},{\"@type\":\"ImageObject\",\"inLanguage\":\"da-DK\",\"@id\":\"https:\/\/www.vita-explorers.dk\/blog\/at-lave-et-internationalt-forlob-som-led-i-et-praktikophold-de-forskellige-muligheder\/#primaryimage\",\"url\":\"https:\/\/www.vita-explorers.dk\/blog\/wp-content\/uploads\/2023\/09\/stage-humanitaire.jpg\",\"contentUrl\":\"https:\/\/www.vita-explorers.dk\/blog\/wp-content\/uploads\/2023\/09\/stage-humanitaire.jpg\",\"width\":1170,\"height\":1560,\"caption\":\"stage mission humanitaire\"},{\"@type\":\"BreadcrumbList\",\"@id\":\"https:\/\/www.vita-explorers.dk\/blog\/at-lave-et-internationalt-forlob-som-led-i-et-praktikophold-de-forskellige-muligheder\/#breadcrumb\",\"itemListElement\":[{\"@type\":\"ListItem\",\"position\":1,\"name\":\"Accueil\",\"item\":\"https:\/\/www.vita-explorers.dk\/blog\/\"},{\"@type\":\"ListItem\",\"position\":2,\"name\":\"At tage p\u00e5 et humanit\u00e6rt forl\u00f8b som en del af et praktikforl\u00f8b\"}]},{\"@type\":\"WebSite\",\"@id\":\"https:\/\/www.vita-explorers.dk\/blog\/#website\",\"url\":\"https:\/\/www.vita-explorers.dk\/blog\/\",\"name\":\"Association Globalong\",\"description\":\"Frivilligt arbejde, sprogophold, praktik i udlandet og internationale oplevelser\",\"publisher\":{\"@id\":\"https:\/\/www.vita-explorers.dk\/blog\/#organization\"},\"potentialAction\":[{\"@type\":\"SearchAction\",\"target\":{\"@type\":\"EntryPoint\",\"urlTemplate\":\"https:\/\/www.vita-explorers.dk\/blog\/?s={search_term_string}\"},\"query-input\":{\"@type\":\"PropertyValueSpecification\",\"valueRequired\":true,\"valueName\":\"search_term_string\"}}],\"inLanguage\":\"da-DK\"},{\"@type\":\"Organization\",\"@id\":\"https:\/\/www.vita-explorers.dk\/blog\/#organization\",\"name\":\"Association Globalong\",\"url\":\"https:\/\/www.vita-explorers.dk\/blog\/\",\"logo\":{\"@type\":\"ImageObject\",\"inLanguage\":\"da-DK\",\"@id\":\"https:\/\/www.vita-explorers.dk\/blog\/#\/schema\/logo\/image\/\",\"url\":\"https:\/\/www.globalong.com\/blog\/wp-content\/uploads\/2014\/11\/cropped-cropped-Logo-et-Afrique-Globalong-petite-taille-2.jpg\",\"contentUrl\":\"https:\/\/www.globalong.com\/blog\/wp-content\/uploads\/2014\/11\/cropped-cropped-Logo-et-Afrique-Globalong-petite-taille-2.jpg\",\"width\":512,\"height\":512,\"caption\":\"Association Globalong\"},\"image\":{\"@id\":\"https:\/\/www.vita-explorers.dk\/blog\/#\/schema\/logo\/image\/\"},\"sameAs\":[\"https:\/\/www.facebook.com\/globalong\"]},{\"@type\":\"Person\",\"@id\":\"https:\/\/www.vita-explorers.dk\/blog\/#\/schema\/person\/d7df267b64f23018d1dc519e78fb2735\",\"name\":\"VITA Tribe\",\"image\":{\"@type\":\"ImageObject\",\"inLanguage\":\"da-DK\",\"@id\":\"https:\/\/www.vita-explorers.dk\/blog\/#\/schema\/person\/image\/\",\"url\":\"https:\/\/secure.gravatar.com\/avatar\/81461bcc213d0ff2bdc043d4206648f0?s=96&d=mm&r=g\",\"contentUrl\":\"https:\/\/secure.gravatar.com\/avatar\/81461bcc213d0ff2bdc043d4206648f0?s=96&d=mm&r=g\",\"caption\":\"VITA Tribe\"},\"sameAs\":[\"https:\/\/www.globalong.com\"],\"url\":\"https:\/\/www.vita-explorers.dk\/blog\/author\/sophie\/\"}]}<\/script>\n<!-- \/ Yoast SEO Premium plugin. -->","yoast_head_json":{"title":"At tage p\u00e5 et humanit\u00e6rt forl\u00f8b som en del af et praktikforl\u00f8b - VITA Explorers Blog","description":"Partez en mission humanitaire et d\u00e9veloppez vos comp\u00e9tences tout en aidant les autres. T\u00e9moignages inspirants de volontaires \u00e0 l'\u00e9tranger.","robots":{"index":"index","follow":"follow","max-snippet":"max-snippet:-1","max-image-preview":"max-image-preview:large","max-video-preview":"max-video-preview:-1"},"canonical":"https:\/\/www.vita-explorers.dk\/blog\/at-lave-et-internationalt-forlob-som-led-i-et-praktikophold-de-forskellige-muligheder\/","og_locale":"da_DK","og_type":"article","og_title":"At tage p\u00e5 et humanit\u00e6rt forl\u00f8b som en del af et praktikforl\u00f8b","og_description":"Partez en mission humanitaire et d\u00e9veloppez vos comp\u00e9tences tout en aidant les autres. T\u00e9moignages inspirants de volontaires \u00e0 l'\u00e9tranger.","og_url":"https:\/\/www.vita-explorers.dk\/blog\/at-lave-et-internationalt-forlob-som-led-i-et-praktikophold-de-forskellige-muligheder\/","og_site_name":"VITA Explorers Blog","article_publisher":"https:\/\/www.facebook.com\/globalong","article_published_time":"2023-09-01T14:38:45+00:00","article_modified_time":"2024-09-25T20:47:21+00:00","og_image":[{"width":1170,"height":1560,"url":"https:\/\/www.vita-explorers.dk\/blog\/wp-content\/uploads\/2023\/09\/stage-humanitaire.jpg","type":"image\/jpeg"}],"author":"VITA Tribe","twitter_card":"summary_large_image","twitter_misc":{"Skrevet af":"VITA Tribe","Estimeret l\u00e6setid":"4 minutter"},"schema":{"@context":"https:\/\/schema.org","@graph":[{"@type":"Article","@id":"https:\/\/www.vita-explorers.dk\/blog\/at-lave-et-internationalt-forlob-som-led-i-et-praktikophold-de-forskellige-muligheder\/#article","isPartOf":{"@id":"https:\/\/www.vita-explorers.dk\/blog\/at-lave-et-internationalt-forlob-som-led-i-et-praktikophold-de-forskellige-muligheder\/"},"author":{"name":"VITA Tribe","@id":"https:\/\/www.vita-explorers.dk\/blog\/#\/schema\/person\/d7df267b64f23018d1dc519e78fb2735"},"headline":"At tage p\u00e5 et humanit\u00e6rt forl\u00f8b som en del af et praktikforl\u00f8b","datePublished":"2023-09-01T14:38:45+00:00","dateModified":"2024-09-25T20:47:21+00:00","mainEntityOfPage":{"@id":"https:\/\/www.vita-explorers.dk\/blog\/at-lave-et-internationalt-forlob-som-led-i-et-praktikophold-de-forskellige-muligheder\/"},"wordCount":614,"commentCount":0,"publisher":{"@id":"https:\/\/www.vita-explorers.dk\/blog\/#organization"},"image":{"@id":"https:\/\/www.vita-explorers.dk\/blog\/at-lave-et-internationalt-forlob-som-led-i-et-praktikophold-de-forskellige-muligheder\/#primaryimage"},"thumbnailUrl":"https:\/\/www.vita-explorers.dk\/blog\/wp-content\/uploads\/2023\/09\/stage-humanitaire.jpg","articleSection":["No Name","Nyheder","VITA Explorers"],"inLanguage":"da-DK","potentialAction":[{"@type":"CommentAction","name":"Comment","target":["https:\/\/www.vita-explorers.dk\/blog\/at-lave-et-internationalt-forlob-som-led-i-et-praktikophold-de-forskellige-muligheder\/#respond"]}]},{"@type":"WebPage","@id":"https:\/\/www.vita-explorers.dk\/blog\/at-lave-et-internationalt-forlob-som-led-i-et-praktikophold-de-forskellige-muligheder\/","url":"https:\/\/www.vita-explorers.dk\/blog\/at-lave-et-internationalt-forlob-som-led-i-et-praktikophold-de-forskellige-muligheder\/","name":"At tage p\u00e5 et humanit\u00e6rt forl\u00f8b som en del af et praktikforl\u00f8b - VITA Explorers Blog","isPartOf":{"@id":"https:\/\/www.vita-explorers.dk\/blog\/#website"},"primaryImageOfPage":{"@id":"https:\/\/www.vita-explorers.dk\/blog\/at-lave-et-internationalt-forlob-som-led-i-et-praktikophold-de-forskellige-muligheder\/#primaryimage"},"image":{"@id":"https:\/\/www.vita-explorers.dk\/blog\/at-lave-et-internationalt-forlob-som-led-i-et-praktikophold-de-forskellige-muligheder\/#primaryimage"},"thumbnailUrl":"https:\/\/www.vita-explorers.dk\/blog\/wp-content\/uploads\/2023\/09\/stage-humanitaire.jpg","datePublished":"2023-09-01T14:38:45+00:00","dateModified":"2024-09-25T20:47:21+00:00","description":"Partez en mission humanitaire et d\u00e9veloppez vos comp\u00e9tences tout en aidant les autres. T\u00e9moignages inspirants de volontaires \u00e0 l'\u00e9tranger.","breadcrumb":{"@id":"https:\/\/www.vita-explorers.dk\/blog\/at-lave-et-internationalt-forlob-som-led-i-et-praktikophold-de-forskellige-muligheder\/#breadcrumb"},"inLanguage":"da-DK","potentialAction":[{"@type":"ReadAction","target":["https:\/\/www.vita-explorers.dk\/blog\/at-lave-et-internationalt-forlob-som-led-i-et-praktikophold-de-forskellige-muligheder\/"]}]},{"@type":"ImageObject","inLanguage":"da-DK","@id":"https:\/\/www.vita-explorers.dk\/blog\/at-lave-et-internationalt-forlob-som-led-i-et-praktikophold-de-forskellige-muligheder\/#primaryimage","url":"https:\/\/www.vita-explorers.dk\/blog\/wp-content\/uploads\/2023\/09\/stage-humanitaire.jpg","contentUrl":"https:\/\/www.vita-explorers.dk\/blog\/wp-content\/uploads\/2023\/09\/stage-humanitaire.jpg","width":1170,"height":1560,"caption":"stage mission humanitaire"},{"@type":"BreadcrumbList","@id":"https:\/\/www.vita-explorers.dk\/blog\/at-lave-et-internationalt-forlob-som-led-i-et-praktikophold-de-forskellige-muligheder\/#breadcrumb","itemListElement":[{"@type":"ListItem","position":1,"name":"Accueil","item":"https:\/\/www.vita-explorers.dk\/blog\/"},{"@type":"ListItem","position":2,"name":"At tage p\u00e5 et humanit\u00e6rt forl\u00f8b som en del af et praktikforl\u00f8b"}]},{"@type":"WebSite","@id":"https:\/\/www.vita-explorers.dk\/blog\/#website","url":"https:\/\/www.vita-explorers.dk\/blog\/","name":"Association Globalong","description":"Frivilligt arbejde, sprogophold, praktik i udlandet og internationale oplevelser","publisher":{"@id":"https:\/\/www.vita-explorers.dk\/blog\/#organization"},"potentialAction":[{"@type":"SearchAction","target":{"@type":"EntryPoint","urlTemplate":"https:\/\/www.vita-explorers.dk\/blog\/?s={search_term_string}"},"query-input":{"@type":"PropertyValueSpecification","valueRequired":true,"valueName":"search_term_string"}}],"inLanguage":"da-DK"},{"@type":"Organization","@id":"https:\/\/www.vita-explorers.dk\/blog\/#organization","name":"Association Globalong","url":"https:\/\/www.vita-explorers.dk\/blog\/","logo":{"@type":"ImageObject","inLanguage":"da-DK","@id":"https:\/\/www.vita-explorers.dk\/blog\/#\/schema\/logo\/image\/","url":"https:\/\/www.globalong.com\/blog\/wp-content\/uploads\/2014\/11\/cropped-cropped-Logo-et-Afrique-Globalong-petite-taille-2.jpg","contentUrl":"https:\/\/www.globalong.com\/blog\/wp-content\/uploads\/2014\/11\/cropped-cropped-Logo-et-Afrique-Globalong-petite-taille-2.jpg","width":512,"height":512,"caption":"Association Globalong"},"image":{"@id":"https:\/\/www.vita-explorers.dk\/blog\/#\/schema\/logo\/image\/"},"sameAs":["https:\/\/www.facebook.com\/globalong"]},{"@type":"Person","@id":"https:\/\/www.vita-explorers.dk\/blog\/#\/schema\/person\/d7df267b64f23018d1dc519e78fb2735","name":"VITA Tribe","image":{"@type":"ImageObject","inLanguage":"da-DK","@id":"https:\/\/www.vita-explorers.dk\/blog\/#\/schema\/person\/image\/","url":"https:\/\/secure.gravatar.com\/avatar\/81461bcc213d0ff2bdc043d4206648f0?s=96&d=mm&r=g","contentUrl":"https:\/\/secure.gravatar.com\/avatar\/81461bcc213d0ff2bdc043d4206648f0?s=96&d=mm&r=g","caption":"VITA Tribe"},"sameAs":["https:\/\/www.globalong.com"],"url":"https:\/\/www.vita-explorers.dk\/blog\/author\/sophie\/"}]}},"_links":{"self":[{"href":"https:\/\/www.vita-explorers.dk\/blog\/wp-json\/wp\/v2\/posts\/15668"}],"collection":[{"href":"https:\/\/www.vita-explorers.dk\/blog\/wp-json\/wp\/v2\/posts"}],"about":[{"href":"https:\/\/www.vita-explorers.dk\/blog\/wp-json\/wp\/v2\/types\/post"}],"author":[{"embeddable":true,"href":"https:\/\/www.vita-explorers.dk\/blog\/wp-json\/wp\/v2\/users\/1"}],"replies":[{"embeddable":true,"href":"https:\/\/www.vita-explorers.dk\/blog\/wp-json\/wp\/v2\/comments?post=15668"}],"version-history":[{"count":4,"href":"https:\/\/www.vita-explorers.dk\/blog\/wp-json\/wp\/v2\/posts\/15668\/revisions"}],"predecessor-version":[{"id":17655,"href":"https:\/\/www.vita-explorers.dk\/blog\/wp-json\/wp\/v2\/posts\/15668\/revisions\/17655"}],"wp:featuredmedia":[{"embeddable":true,"href":"https:\/\/www.vita-explorers.dk\/blog\/wp-json\/wp\/v2\/media\/15669"}],"wp:attachment":[{"href":"https:\/\/www.vita-explorers.dk\/blog\/wp-json\/wp\/v2\/media?parent=15668"}],"wp:term":[{"taxonomy":"category","embeddable":true,"href":"https:\/\/www.vita-explorers.dk\/blog\/wp-json\/wp\/v2\/categories?post=15668"},{"taxonomy":"post_tag","embeddable":true,"href":"https:\/\/www.vita-explorers.dk\/blog\/wp-json\/wp\/v2\/tags?post=15668"}],"curies":[{"name":"wp","href":"https:\/\/api.w.org\/{rel}","templated":true}]}}