{"id":15673,"date":"2023-09-08T18:05:52","date_gmt":"2023-09-08T16:05:52","guid":{"rendered":"https:\/\/www.globalong.com\/blog\/?p=15673"},"modified":"2025-10-29T17:08:00","modified_gmt":"2025-10-29T16:08:00","slug":"den-internationale-alfabetiseringsdag","status":"publish","type":"post","link":"https:\/\/www.vita-explorers.dk\/blog\/den-internationale-alfabetiseringsdag\/","title":{"rendered":"Den internationale l\u00e6sedag"},"content":{"rendered":"<h1 style=\"text-align: justify;\"><span style=\"font-size: 14pt;\"><strong>Hvert \u00e5r den 8. september markerer verden den Internationale L\u00e6sedag.<\/strong><\/span><\/h1>\n<h2 style=\"text-align: justify;\"><span style=\"font-size: 12pt;\"><strong>Dagen s\u00e6tter fokus p\u00e5, hvor afg\u00f8rende l\u00e6se- og skrivef\u00e6rdigheder er for menneskers personlige, sociale og \u00f8konomiske muligheder \u2013 og den minder os om, at mange stadig m\u00f8der barrierer for at f\u00e5 adgang til uddannelse.<\/strong><\/span><\/h2>\n<p style=\"text-align: justify;\"><strong><a href=\"https:\/\/www.vita-explorers.dk\/blog\/internationalt-frivilligt-arbejde-laese-og-skriveundervisning\/\" target=\"_blank\" rel=\"noopener\">L\u00e6sning og skrivning<\/a> er meget mere end evnen til at afkode ord p\u00e5 en side. Det er et fundament i uddannelse og spiller en vigtig rolle for forst\u00e5else, kommunikation og aktiv deltagelse i samfundet. L\u00e6se- og skrivef\u00e6rdigheder \u00e5bner d\u00f8re til uddannelse, job og st\u00f8rre selvst\u00e6ndighed. N\u00e5r man kan l\u00e6se og skrive, er det ofte lettere at finde et stabilt arbejde, f\u00e5 adgang til relevant sundhedsinformation og engagere sig i sit lokalsamfund.<\/strong><\/p>\n<p style=\"text-align: justify;\"><strong>Gennem \u00e5rtierne er der sket markante fremskridt p\u00e5 mange steder i verden. Den globale l\u00e6sef\u00e6rdighed er steget, og flere b\u00f8rn har f\u00e5et adgang til grundl\u00e6ggende skolegang. Indsatser fra myndigheder, organisationer, engagerede undervisere og deltagere har v\u00e6ret med til at styrke mulighederne for mange.<\/strong><\/p>\n<p style=\"text-align: justify;\"><strong>Alligevel best\u00e5r store udfordringer. Millioner af voksne verden over kan stadig ikke l\u00e6se en enkel tekst eller udfylde en formular. Samtidig ser vi fortsat tydelige forskelle i l\u00e6sef\u00e6rdigheder \u2013 blandt andet mellem k\u00f8n, etniske grupper og regioner.<\/strong><\/p>\n<p style=\"text-align: justify;\"><strong>COVID-19-pandemien forst\u00e6rkede desuden mange af disse uligheder ved at afbryde undervisning og \u00f8ge den digitale kl\u00f8ft. Mange b\u00f8rn mistede adgangen til skole p\u00e5 grund af nedlukninger, og voksne havde vanskeligere ved at fastholde deres l\u00e6se- og skrivef\u00e6rdigheder, fordi undervisningstilbud og st\u00f8tte blev reduceret.<\/strong><\/p>\n<p style=\"text-align: justify;\"><strong>P\u00e5 den Internationale L\u00e6sedag bliver vi mindet om, at der er brug for handling. Alle kan bidrage \u2013 og sammen kan vi v\u00e6re med til, at l\u00e6se- og skriveindsatser fortsat g\u00f8r en m\u00e6rkbar forskel for dem, der har mest brug for det.<\/strong><\/p>\n<p style=\"text-align: justify;\"><strong>Vil du l\u00e6se mere om internationale forl\u00f8b med fokus p\u00e5 undervisning og l\u00e6se- og skriveindsatser, s\u00e5 <a href=\"https:\/\/www.vita-explorers.dk\/treeprod?prefilter-get=true&#038;nodes[]=2&#038;nodes[]=79&#038;nodes[]=6\" target=\"_blank\" rel=\"noopener\">klik her<\/a>!<\/strong><\/p>\n<p><a href=\"https:\/\/www.vita-explorers.dk\/blog\/wp-content\/uploads\/2023\/09\/mission-humanitaire-education.png\" target=\"_blank\" rel=\"noopener\"><img loading=\"lazy\" decoding=\"async\" class=\"aligncenter wp-image-15674 size-full\" src=\"https:\/\/www.vita-explorers.dk\/blog\/wp-content\/uploads\/2023\/09\/mission-humanitaire-education.png\" alt=\"\" width=\"1776\" height=\"1330\" srcset=\"https:\/\/www.vita-explorers.dk\/blog\/wp-content\/uploads\/2023\/09\/mission-humanitaire-education.png 1776w, https:\/\/www.vita-explorers.dk\/blog\/wp-content\/uploads\/2023\/09\/mission-humanitaire-education-300x225.png 300w, https:\/\/www.vita-explorers.dk\/blog\/wp-content\/uploads\/2023\/09\/mission-humanitaire-education-1024x767.png 1024w, https:\/\/www.vita-explorers.dk\/blog\/wp-content\/uploads\/2023\/09\/mission-humanitaire-education-768x575.png 768w, https:\/\/www.vita-explorers.dk\/blog\/wp-content\/uploads\/2023\/09\/mission-humanitaire-education-1536x1150.png 1536w\" sizes=\"(max-width: 1776px) 100vw, 1776px\" \/><\/a><\/p>\n<p class=\"p4\" style=\"text-align: center;\"><strong>Hvis du \u00f8nsker mere information, er du altid velkommen til at kontakte os p\u00e5 <a href=\"mailto:info@globalong.com\"><span class=\"s2\">info@globalong.com<\/span><\/a><\/strong><\/p>\n<p class=\"p4\" style=\"text-align: center;\"><strong>Vil du f\u00f8lge VITA Institute og vores community, s\u00e5 find os p\u00e5 <a href=\"https:\/\/www.instagram.com\/globalongofficiel\/\"><span class=\"s2\">Instagram<\/span><\/a>, <a href=\"https:\/\/www.facebook.com\/globalong\"><span class=\"s2\">Facebook<\/span><\/a>, <a href=\"https:\/\/www.linkedin.com\/company\/5113177\/admin\/feed\/posts\/\"><span class=\"s2\">LinkedIn<\/span><\/a> og <a href=\"https:\/\/www.youtube.com\/c\/globalong\/videos\"><span class=\"s2\">Youtube<\/span><\/a>!<\/strong><\/p>\n","protected":false},"excerpt":{"rendered":"<p>Hvert \u00e5r den 8. september markerer verden den Internationale L\u00e6sedag. Dagen s\u00e6tter fokus p\u00e5, hvor afg\u00f8rende l\u00e6se- og skrivef\u00e6rdigheder er for menneskers personlige, sociale\u2026<\/p>\n","protected":false},"author":1,"featured_media":15675,"comment_status":"open","ping_status":"open","sticky":false,"template":"","format":"standard","meta":{"footnotes":""},"categories":[1,6,4],"tags":[],"yoast_head":"<!-- This site is optimized with the Yoast SEO Premium plugin v23.4 (Yoast SEO v23.4) - https:\/\/yoast.com\/wordpress\/plugins\/seo\/ -->\n<title>Den internationale l\u00e6sedag - VITA Explorers Blog<\/title>\n<meta name=\"description\" content=\"L&#039;alphab\u00e9tisation est la cl\u00e9 de l&#039;\u00e9ducation et de l&#039;autonomie. Explorez l&#039;impact de la Journ\u00e9e mondiale de l&#039;Alphab\u00e9tisation dans la soci\u00e9t\u00e9.\" \/>\n<meta name=\"robots\" content=\"index, follow, max-snippet:-1, max-image-preview:large, max-video-preview:-1\" \/>\n<link rel=\"canonical\" href=\"https:\/\/www.vita-explorers.dk\/blog\/den-internationale-alfabetiseringsdag\/\" \/>\n<meta property=\"og:locale\" content=\"da_DK\" \/>\n<meta property=\"og:type\" content=\"article\" \/>\n<meta property=\"og:title\" content=\"Den internationale l\u00e6sedag\" \/>\n<meta property=\"og:description\" content=\"L&#039;alphab\u00e9tisation est la cl\u00e9 de l&#039;\u00e9ducation et de l&#039;autonomie. Explorez l&#039;impact de la Journ\u00e9e mondiale de l&#039;Alphab\u00e9tisation dans la soci\u00e9t\u00e9.\" \/>\n<meta property=\"og:url\" content=\"https:\/\/www.vita-explorers.dk\/blog\/den-internationale-alfabetiseringsdag\/\" \/>\n<meta property=\"og:site_name\" content=\"VITA Explorers Blog\" \/>\n<meta property=\"article:publisher\" content=\"https:\/\/www.facebook.com\/globalong\" \/>\n<meta property=\"article:published_time\" content=\"2023-09-08T16:05:52+00:00\" \/>\n<meta property=\"article:modified_time\" content=\"2025-10-29T16:08:00+00:00\" \/>\n<meta property=\"og:image\" content=\"https:\/\/www.vita-explorers.dk\/blog\/wp-content\/uploads\/2023\/09\/mission-alphabetisation-1024x767.png\" \/>\n\t<meta property=\"og:image:width\" content=\"1024\" \/>\n\t<meta property=\"og:image:height\" content=\"767\" \/>\n\t<meta property=\"og:image:type\" content=\"image\/png\" \/>\n<meta name=\"author\" content=\"VITA Tribe\" \/>\n<meta name=\"twitter:card\" content=\"summary_large_image\" \/>\n<meta name=\"twitter:label1\" content=\"Skrevet af\" \/>\n\t<meta name=\"twitter:data1\" content=\"VITA Tribe\" \/>\n\t<meta name=\"twitter:label2\" content=\"Estimeret l\u00e6setid\" \/>\n\t<meta name=\"twitter:data2\" content=\"3 minutter\" \/>\n<script type=\"application\/ld+json\" class=\"yoast-schema-graph\">{\"@context\":\"https:\/\/schema.org\",\"@graph\":[{\"@type\":\"Article\",\"@id\":\"https:\/\/www.vita-explorers.dk\/blog\/den-internationale-alfabetiseringsdag\/#article\",\"isPartOf\":{\"@id\":\"https:\/\/www.vita-explorers.dk\/blog\/den-internationale-alfabetiseringsdag\/\"},\"author\":{\"name\":\"VITA Tribe\",\"@id\":\"https:\/\/www.vita-explorers.dk\/blog\/#\/schema\/person\/d7df267b64f23018d1dc519e78fb2735\"},\"headline\":\"Den internationale l\u00e6sedag\",\"datePublished\":\"2023-09-08T16:05:52+00:00\",\"dateModified\":\"2025-10-29T16:08:00+00:00\",\"mainEntityOfPage\":{\"@id\":\"https:\/\/www.vita-explorers.dk\/blog\/den-internationale-alfabetiseringsdag\/\"},\"wordCount\":374,\"commentCount\":0,\"publisher\":{\"@id\":\"https:\/\/www.vita-explorers.dk\/blog\/#organization\"},\"image\":{\"@id\":\"https:\/\/www.vita-explorers.dk\/blog\/den-internationale-alfabetiseringsdag\/#primaryimage\"},\"thumbnailUrl\":\"https:\/\/www.vita-explorers.dk\/blog\/wp-content\/uploads\/2023\/09\/mission-alphabetisation.png\",\"articleSection\":[\"No Name\",\"Nyheder\",\"VITA Explorers\"],\"inLanguage\":\"da-DK\",\"potentialAction\":[{\"@type\":\"CommentAction\",\"name\":\"Comment\",\"target\":[\"https:\/\/www.vita-explorers.dk\/blog\/den-internationale-alfabetiseringsdag\/#respond\"]}]},{\"@type\":\"WebPage\",\"@id\":\"https:\/\/www.vita-explorers.dk\/blog\/den-internationale-alfabetiseringsdag\/\",\"url\":\"https:\/\/www.vita-explorers.dk\/blog\/den-internationale-alfabetiseringsdag\/\",\"name\":\"Den internationale l\u00e6sedag - VITA Explorers Blog\",\"isPartOf\":{\"@id\":\"https:\/\/www.vita-explorers.dk\/blog\/#website\"},\"primaryImageOfPage\":{\"@id\":\"https:\/\/www.vita-explorers.dk\/blog\/den-internationale-alfabetiseringsdag\/#primaryimage\"},\"image\":{\"@id\":\"https:\/\/www.vita-explorers.dk\/blog\/den-internationale-alfabetiseringsdag\/#primaryimage\"},\"thumbnailUrl\":\"https:\/\/www.vita-explorers.dk\/blog\/wp-content\/uploads\/2023\/09\/mission-alphabetisation.png\",\"datePublished\":\"2023-09-08T16:05:52+00:00\",\"dateModified\":\"2025-10-29T16:08:00+00:00\",\"description\":\"L'alphab\u00e9tisation est la cl\u00e9 de l'\u00e9ducation et de l'autonomie. Explorez l'impact de la Journ\u00e9e mondiale de l'Alphab\u00e9tisation dans la soci\u00e9t\u00e9.\",\"breadcrumb\":{\"@id\":\"https:\/\/www.vita-explorers.dk\/blog\/den-internationale-alfabetiseringsdag\/#breadcrumb\"},\"inLanguage\":\"da-DK\",\"potentialAction\":[{\"@type\":\"ReadAction\",\"target\":[\"https:\/\/www.vita-explorers.dk\/blog\/den-internationale-alfabetiseringsdag\/\"]}]},{\"@type\":\"ImageObject\",\"inLanguage\":\"da-DK\",\"@id\":\"https:\/\/www.vita-explorers.dk\/blog\/den-internationale-alfabetiseringsdag\/#primaryimage\",\"url\":\"https:\/\/www.vita-explorers.dk\/blog\/wp-content\/uploads\/2023\/09\/mission-alphabetisation.png\",\"contentUrl\":\"https:\/\/www.vita-explorers.dk\/blog\/wp-content\/uploads\/2023\/09\/mission-alphabetisation.png\",\"width\":1776,\"height\":1330,\"caption\":\"Journ\u00e9e mondiale de l'Alphab\u00e9tisation\"},{\"@type\":\"BreadcrumbList\",\"@id\":\"https:\/\/www.vita-explorers.dk\/blog\/den-internationale-alfabetiseringsdag\/#breadcrumb\",\"itemListElement\":[{\"@type\":\"ListItem\",\"position\":1,\"name\":\"Accueil\",\"item\":\"https:\/\/www.vita-explorers.dk\/blog\/\"},{\"@type\":\"ListItem\",\"position\":2,\"name\":\"Den internationale l\u00e6sedag\"}]},{\"@type\":\"WebSite\",\"@id\":\"https:\/\/www.vita-explorers.dk\/blog\/#website\",\"url\":\"https:\/\/www.vita-explorers.dk\/blog\/\",\"name\":\"Association Globalong\",\"description\":\"Frivilligt arbejde, sprogophold, praktik i udlandet og internationale oplevelser\",\"publisher\":{\"@id\":\"https:\/\/www.vita-explorers.dk\/blog\/#organization\"},\"potentialAction\":[{\"@type\":\"SearchAction\",\"target\":{\"@type\":\"EntryPoint\",\"urlTemplate\":\"https:\/\/www.vita-explorers.dk\/blog\/?s={search_term_string}\"},\"query-input\":{\"@type\":\"PropertyValueSpecification\",\"valueRequired\":true,\"valueName\":\"search_term_string\"}}],\"inLanguage\":\"da-DK\"},{\"@type\":\"Organization\",\"@id\":\"https:\/\/www.vita-explorers.dk\/blog\/#organization\",\"name\":\"Association Globalong\",\"url\":\"https:\/\/www.vita-explorers.dk\/blog\/\",\"logo\":{\"@type\":\"ImageObject\",\"inLanguage\":\"da-DK\",\"@id\":\"https:\/\/www.vita-explorers.dk\/blog\/#\/schema\/logo\/image\/\",\"url\":\"https:\/\/www.globalong.com\/blog\/wp-content\/uploads\/2014\/11\/cropped-cropped-Logo-et-Afrique-Globalong-petite-taille-2.jpg\",\"contentUrl\":\"https:\/\/www.globalong.com\/blog\/wp-content\/uploads\/2014\/11\/cropped-cropped-Logo-et-Afrique-Globalong-petite-taille-2.jpg\",\"width\":512,\"height\":512,\"caption\":\"Association Globalong\"},\"image\":{\"@id\":\"https:\/\/www.vita-explorers.dk\/blog\/#\/schema\/logo\/image\/\"},\"sameAs\":[\"https:\/\/www.facebook.com\/globalong\"]},{\"@type\":\"Person\",\"@id\":\"https:\/\/www.vita-explorers.dk\/blog\/#\/schema\/person\/d7df267b64f23018d1dc519e78fb2735\",\"name\":\"VITA Tribe\",\"image\":{\"@type\":\"ImageObject\",\"inLanguage\":\"da-DK\",\"@id\":\"https:\/\/www.vita-explorers.dk\/blog\/#\/schema\/person\/image\/\",\"url\":\"https:\/\/secure.gravatar.com\/avatar\/81461bcc213d0ff2bdc043d4206648f0?s=96&d=mm&r=g\",\"contentUrl\":\"https:\/\/secure.gravatar.com\/avatar\/81461bcc213d0ff2bdc043d4206648f0?s=96&d=mm&r=g\",\"caption\":\"VITA Tribe\"},\"sameAs\":[\"https:\/\/www.globalong.com\"],\"url\":\"https:\/\/www.vita-explorers.dk\/blog\/author\/sophie\/\"}]}<\/script>\n<!-- \/ Yoast SEO Premium plugin. -->","yoast_head_json":{"title":"Den internationale l\u00e6sedag - VITA Explorers Blog","description":"L'alphab\u00e9tisation est la cl\u00e9 de l'\u00e9ducation et de l'autonomie. Explorez l'impact de la Journ\u00e9e mondiale de l'Alphab\u00e9tisation dans la soci\u00e9t\u00e9.","robots":{"index":"index","follow":"follow","max-snippet":"max-snippet:-1","max-image-preview":"max-image-preview:large","max-video-preview":"max-video-preview:-1"},"canonical":"https:\/\/www.vita-explorers.dk\/blog\/den-internationale-alfabetiseringsdag\/","og_locale":"da_DK","og_type":"article","og_title":"Den internationale l\u00e6sedag","og_description":"L'alphab\u00e9tisation est la cl\u00e9 de l'\u00e9ducation et de l'autonomie. Explorez l'impact de la Journ\u00e9e mondiale de l'Alphab\u00e9tisation dans la soci\u00e9t\u00e9.","og_url":"https:\/\/www.vita-explorers.dk\/blog\/den-internationale-alfabetiseringsdag\/","og_site_name":"VITA Explorers Blog","article_publisher":"https:\/\/www.facebook.com\/globalong","article_published_time":"2023-09-08T16:05:52+00:00","article_modified_time":"2025-10-29T16:08:00+00:00","og_image":[{"width":1024,"height":767,"url":"https:\/\/www.vita-explorers.dk\/blog\/wp-content\/uploads\/2023\/09\/mission-alphabetisation-1024x767.png","type":"image\/png"}],"author":"VITA Tribe","twitter_card":"summary_large_image","twitter_misc":{"Skrevet af":"VITA Tribe","Estimeret l\u00e6setid":"3 minutter"},"schema":{"@context":"https:\/\/schema.org","@graph":[{"@type":"Article","@id":"https:\/\/www.vita-explorers.dk\/blog\/den-internationale-alfabetiseringsdag\/#article","isPartOf":{"@id":"https:\/\/www.vita-explorers.dk\/blog\/den-internationale-alfabetiseringsdag\/"},"author":{"name":"VITA Tribe","@id":"https:\/\/www.vita-explorers.dk\/blog\/#\/schema\/person\/d7df267b64f23018d1dc519e78fb2735"},"headline":"Den internationale l\u00e6sedag","datePublished":"2023-09-08T16:05:52+00:00","dateModified":"2025-10-29T16:08:00+00:00","mainEntityOfPage":{"@id":"https:\/\/www.vita-explorers.dk\/blog\/den-internationale-alfabetiseringsdag\/"},"wordCount":374,"commentCount":0,"publisher":{"@id":"https:\/\/www.vita-explorers.dk\/blog\/#organization"},"image":{"@id":"https:\/\/www.vita-explorers.dk\/blog\/den-internationale-alfabetiseringsdag\/#primaryimage"},"thumbnailUrl":"https:\/\/www.vita-explorers.dk\/blog\/wp-content\/uploads\/2023\/09\/mission-alphabetisation.png","articleSection":["No Name","Nyheder","VITA Explorers"],"inLanguage":"da-DK","potentialAction":[{"@type":"CommentAction","name":"Comment","target":["https:\/\/www.vita-explorers.dk\/blog\/den-internationale-alfabetiseringsdag\/#respond"]}]},{"@type":"WebPage","@id":"https:\/\/www.vita-explorers.dk\/blog\/den-internationale-alfabetiseringsdag\/","url":"https:\/\/www.vita-explorers.dk\/blog\/den-internationale-alfabetiseringsdag\/","name":"Den internationale l\u00e6sedag - VITA Explorers Blog","isPartOf":{"@id":"https:\/\/www.vita-explorers.dk\/blog\/#website"},"primaryImageOfPage":{"@id":"https:\/\/www.vita-explorers.dk\/blog\/den-internationale-alfabetiseringsdag\/#primaryimage"},"image":{"@id":"https:\/\/www.vita-explorers.dk\/blog\/den-internationale-alfabetiseringsdag\/#primaryimage"},"thumbnailUrl":"https:\/\/www.vita-explorers.dk\/blog\/wp-content\/uploads\/2023\/09\/mission-alphabetisation.png","datePublished":"2023-09-08T16:05:52+00:00","dateModified":"2025-10-29T16:08:00+00:00","description":"L'alphab\u00e9tisation est la cl\u00e9 de l'\u00e9ducation et de l'autonomie. Explorez l'impact de la Journ\u00e9e mondiale de l'Alphab\u00e9tisation dans la soci\u00e9t\u00e9.","breadcrumb":{"@id":"https:\/\/www.vita-explorers.dk\/blog\/den-internationale-alfabetiseringsdag\/#breadcrumb"},"inLanguage":"da-DK","potentialAction":[{"@type":"ReadAction","target":["https:\/\/www.vita-explorers.dk\/blog\/den-internationale-alfabetiseringsdag\/"]}]},{"@type":"ImageObject","inLanguage":"da-DK","@id":"https:\/\/www.vita-explorers.dk\/blog\/den-internationale-alfabetiseringsdag\/#primaryimage","url":"https:\/\/www.vita-explorers.dk\/blog\/wp-content\/uploads\/2023\/09\/mission-alphabetisation.png","contentUrl":"https:\/\/www.vita-explorers.dk\/blog\/wp-content\/uploads\/2023\/09\/mission-alphabetisation.png","width":1776,"height":1330,"caption":"Journ\u00e9e mondiale de l'Alphab\u00e9tisation"},{"@type":"BreadcrumbList","@id":"https:\/\/www.vita-explorers.dk\/blog\/den-internationale-alfabetiseringsdag\/#breadcrumb","itemListElement":[{"@type":"ListItem","position":1,"name":"Accueil","item":"https:\/\/www.vita-explorers.dk\/blog\/"},{"@type":"ListItem","position":2,"name":"Den internationale l\u00e6sedag"}]},{"@type":"WebSite","@id":"https:\/\/www.vita-explorers.dk\/blog\/#website","url":"https:\/\/www.vita-explorers.dk\/blog\/","name":"Association Globalong","description":"Frivilligt arbejde, sprogophold, praktik i udlandet og internationale oplevelser","publisher":{"@id":"https:\/\/www.vita-explorers.dk\/blog\/#organization"},"potentialAction":[{"@type":"SearchAction","target":{"@type":"EntryPoint","urlTemplate":"https:\/\/www.vita-explorers.dk\/blog\/?s={search_term_string}"},"query-input":{"@type":"PropertyValueSpecification","valueRequired":true,"valueName":"search_term_string"}}],"inLanguage":"da-DK"},{"@type":"Organization","@id":"https:\/\/www.vita-explorers.dk\/blog\/#organization","name":"Association Globalong","url":"https:\/\/www.vita-explorers.dk\/blog\/","logo":{"@type":"ImageObject","inLanguage":"da-DK","@id":"https:\/\/www.vita-explorers.dk\/blog\/#\/schema\/logo\/image\/","url":"https:\/\/www.globalong.com\/blog\/wp-content\/uploads\/2014\/11\/cropped-cropped-Logo-et-Afrique-Globalong-petite-taille-2.jpg","contentUrl":"https:\/\/www.globalong.com\/blog\/wp-content\/uploads\/2014\/11\/cropped-cropped-Logo-et-Afrique-Globalong-petite-taille-2.jpg","width":512,"height":512,"caption":"Association Globalong"},"image":{"@id":"https:\/\/www.vita-explorers.dk\/blog\/#\/schema\/logo\/image\/"},"sameAs":["https:\/\/www.facebook.com\/globalong"]},{"@type":"Person","@id":"https:\/\/www.vita-explorers.dk\/blog\/#\/schema\/person\/d7df267b64f23018d1dc519e78fb2735","name":"VITA Tribe","image":{"@type":"ImageObject","inLanguage":"da-DK","@id":"https:\/\/www.vita-explorers.dk\/blog\/#\/schema\/person\/image\/","url":"https:\/\/secure.gravatar.com\/avatar\/81461bcc213d0ff2bdc043d4206648f0?s=96&d=mm&r=g","contentUrl":"https:\/\/secure.gravatar.com\/avatar\/81461bcc213d0ff2bdc043d4206648f0?s=96&d=mm&r=g","caption":"VITA Tribe"},"sameAs":["https:\/\/www.globalong.com"],"url":"https:\/\/www.vita-explorers.dk\/blog\/author\/sophie\/"}]}},"_links":{"self":[{"href":"https:\/\/www.vita-explorers.dk\/blog\/wp-json\/wp\/v2\/posts\/15673"}],"collection":[{"href":"https:\/\/www.vita-explorers.dk\/blog\/wp-json\/wp\/v2\/posts"}],"about":[{"href":"https:\/\/www.vita-explorers.dk\/blog\/wp-json\/wp\/v2\/types\/post"}],"author":[{"embeddable":true,"href":"https:\/\/www.vita-explorers.dk\/blog\/wp-json\/wp\/v2\/users\/1"}],"replies":[{"embeddable":true,"href":"https:\/\/www.vita-explorers.dk\/blog\/wp-json\/wp\/v2\/comments?post=15673"}],"version-history":[{"count":5,"href":"https:\/\/www.vita-explorers.dk\/blog\/wp-json\/wp\/v2\/posts\/15673\/revisions"}],"predecessor-version":[{"id":22183,"href":"https:\/\/www.vita-explorers.dk\/blog\/wp-json\/wp\/v2\/posts\/15673\/revisions\/22183"}],"wp:featuredmedia":[{"embeddable":true,"href":"https:\/\/www.vita-explorers.dk\/blog\/wp-json\/wp\/v2\/media\/15675"}],"wp:attachment":[{"href":"https:\/\/www.vita-explorers.dk\/blog\/wp-json\/wp\/v2\/media?parent=15673"}],"wp:term":[{"taxonomy":"category","embeddable":true,"href":"https:\/\/www.vita-explorers.dk\/blog\/wp-json\/wp\/v2\/categories?post=15673"},{"taxonomy":"post_tag","embeddable":true,"href":"https:\/\/www.vita-explorers.dk\/blog\/wp-json\/wp\/v2\/tags?post=15673"}],"curies":[{"name":"wp","href":"https:\/\/api.w.org\/{rel}","templated":true}]}}