{"id":15679,"date":"2023-09-11T16:32:46","date_gmt":"2023-09-11T14:32:46","guid":{"rendered":"https:\/\/www.globalong.com\/blog\/?p=15679"},"modified":"2024-09-25T22:42:58","modified_gmt":"2024-09-25T20:42:58","slug":"stotte-til-ofre-for-jordskaelvet-i-marokko","status":"publish","type":"post","link":"https:\/\/www.vita-explorers.dk\/blog\/stotte-til-ofre-for-jordskaelvet-i-marokko\/","title":{"rendered":"St\u00f8tte til ofre for jordsk\u00e6lvet i Marokko"},"content":{"rendered":"<h1 style=\"text-align: center;\"><strong><span style=\"font-size: 12pt;\">Vi er dybt opm\u00e6rksomme p\u00e5 den sv\u00e6re situation, som mange i Marokko st\u00e5r i efter det seneste jordsk\u00e6lv.<\/span> <\/strong><\/h1>\n<h2 style=\"text-align: center;\"><span style=\"font-size: 12pt;\"><strong>Lige nu afventer vi officielle retningslinjer for, hvordan vi bedst kan handle. Indtil da forts\u00e6tter vi med at st\u00f8tte lokalsamfundene ved at st\u00e5 sammen og vise solidaritet.<\/strong><\/span><\/h2>\n<h3 style=\"text-align: center;\"><span style=\"font-size: 12pt;\"><strong>Til jer, der sp\u00f8rger: Landsbyen, hvor vi er engageret, er ikke ramt. Vores team i Marrakech er midlertidigt genhuset i telte.<\/strong><\/span><\/h3>\n<h4 style=\"text-align: center;\"><strong>Vores tanker er hos jer, Marokko ???????? \u2764\ufe0f<\/strong><\/h4>\n<p><strong>St\u00f8tte til de jordsk\u00e6lvsramte i Marokko i 2023: Gradvis genopbygning og f\u00e6lles indsats<\/strong><\/p>\n<p style=\"text-align: justify;\"><a href=\"https:\/\/www.vita-explorers.dk\/frivilligt-arbejde\/marokko-humanitaert-forloeb-praktik-i-udlandet-afrika.html\" target=\"_blank\" rel=\"noopener\">Marokko<\/a>, et land med en enest\u00e5ende natur \u2013 men ogs\u00e5 et omr\u00e5de med geologiske risici \u2013 blev i 2023 ramt af et alvorligt jordsk\u00e6lv. Katastrofen efterlod \u00f8delagte hjem, h\u00e5rdt ramte lokalsamfund og store opgaver med genopbygning. I en sv\u00e6r tid har Marokko samtidig vist st\u00e6rk sammenh\u00e6ngskraft, og flere initiativer er sat i gang for at st\u00f8tte mennesker, der er blevet ber\u00f8rt.<\/p>\n<h3 style=\"text-align: justify;\"><strong>Jordsk\u00e6lvet, der ramte Marokko i 2023<\/strong> :<\/h3>\n<p style=\"text-align: justify;\">var blandt de mest \u00f8del\u00e6ggende i nyere tid. Med en styrke p\u00e5 6,8 f\u00f8rte det til omfattende skader i flere dele af landet \u2013 s\u00e6rligt i H\u00f8je Atlas, ca. 71,8 km sydvest for Marrakech, i den landlige kommune Ighil (provinsen Al Haouz, regionen Marrakech-Safi). Tusindvis af huse blev lagt i ruiner, vigtig infrastruktur blev beskadiget, og tragisk nok mistede mennesker livet. Konsekvenserne kunne m\u00e6rkes bredt i det marokkanske samfund.<\/p>\n<p style=\"text-align: justify;\">Efter katastrofen mobiliserede de marokkanske myndigheder hurtigt redningshold for at d\u00e6kke de mest akutte behov. Beredskabet blev sendt til de ramte omr\u00e5der for at yde l\u00e6gehj\u00e6lp, etablere midlertidige opholdssteder og levere n\u00f8dvendige forsyninger til overlevende. Samtidig blev der koordineret indsatser for at n\u00e5 frem til personer fanget under murbrokker og for at genskabe kommunikation i de ramte omr\u00e5der.<\/p>\n<h3 style=\"text-align: justify;\">Den st\u00f8rste udfordring har dog v\u00e6ret at genopbygge de h\u00e5rdt ramte lokalsamfund og st\u00f8tte de ber\u00f8rte p\u00e5 l\u00e6ngere sigt. Derfor er der igangsat flere st\u00f8tte- og genopbygningsinitiativer:<\/h3>\n<ol>\n<li style=\"text-align: justify;\"><strong>Boligprogrammer:<\/strong> Der er etableret programmer for b\u00e5de midlertidige og permanente boliger til familier, hvis hjem er blevet \u00f8delagt. M\u00e5let har v\u00e6ret at sikre trygge rammer her og nu \u2013 samtidig med at der arbejdes med l\u00f8sninger p\u00e5 l\u00e6ngere sigt.<\/li>\n<li style=\"text-align: justify;\"><strong>\u00d8konomisk st\u00f8tte og social hj\u00e6lp:<\/strong> Der er afsat midler til direkte \u00f8konomisk st\u00f8tte til de ber\u00f8rte. Derudover er der udviklet sociale st\u00f8tteordninger, som skal hj\u00e6lpe familier gennem de \u00f8konomiske udfordringer, der f\u00f8lger med tab af bolig, ejendele og indkomstgrundlag.<\/li>\n<li style=\"text-align: justify;\"><strong>Psykologisk og medicinsk st\u00f8tte:<\/strong> Med forst\u00e5else for de f\u00f8lelsesm\u00e6ssige belastninger efter et jordsk\u00e6lv er der etableret psykologisk st\u00f8tte til overlevende. Samtidig er sundhedstilbud blevet styrket, s\u00e5 tilskadekomne kan f\u00e5 behandling og opf\u00f8lgning i deres helingsforl\u00f8b.<\/li>\n<li>\n<p style=\"text-align: justify;\"><strong>Styrkelse af infrastruktur:<\/strong> Der er investeret i at genopbygge og g\u00f8re vigtig infrastruktur mere robust \u2013 fx veje, broer, skoler og hospitaler \u2013 for at mindske s\u00e5rbarheden ved lignende naturkatastrofer fremover.<\/p>\n<\/li>\n<\/ol>\n<h3 style=\"text-align: justify;\">Lokalt engagement og international solidaritet:<\/h3>\n<p style=\"text-align: justify;\">Ud over de offentlige indsatser har responsen ogs\u00e5 v\u00e6ret pr\u00e6get af stort lokalt engagement og international solidaritet. NGO\u2019er, lokale initiativgrupper og borgere har mobiliseret hj\u00e6lp til de ber\u00f8rte og bidraget til genopbygningen. Samtidig har det internationale samfund ydet vigtig \u00f8konomisk, logistisk og teknisk st\u00f8tte, som har styrket Marokkos muligheder for at h\u00e5ndtere krisen.<\/p>\n<p><a href=\"https:\/\/www.vita-explorers.dk\/blog\/wp-content\/uploads\/2023\/09\/soutien-humanitaire-au-maroc.jpeg\" target=\"_blank\" rel=\"noopener\"><br \/>\n<img loading=\"lazy\" decoding=\"async\" class=\"wp-image-15682 size-full aligncenter\" src=\"https:\/\/www.vita-explorers.dk\/blog\/wp-content\/uploads\/2023\/09\/soutien-humanitaire-au-maroc.jpeg\" alt=\"\" width=\"970\" height=\"970\" srcset=\"https:\/\/www.vita-explorers.dk\/blog\/wp-content\/uploads\/2023\/09\/soutien-humanitaire-au-maroc.jpeg 970w, https:\/\/www.vita-explorers.dk\/blog\/wp-content\/uploads\/2023\/09\/soutien-humanitaire-au-maroc-300x300.jpeg 300w, https:\/\/www.vita-explorers.dk\/blog\/wp-content\/uploads\/2023\/09\/soutien-humanitaire-au-maroc-150x150.jpeg 150w, https:\/\/www.vita-explorers.dk\/blog\/wp-content\/uploads\/2023\/09\/soutien-humanitaire-au-maroc-768x768.jpeg 768w\" sizes=\"(max-width: 970px) 100vw, 970px\" \/><\/a> <a href=\"https:\/\/www.vita-explorers.dk\/blog\/wp-content\/uploads\/2023\/09\/soutien-aux-victimes-seisme-maroc-ong.jpeg\" target=\"_blank\" rel=\"noopener\"><img loading=\"lazy\" decoding=\"async\" class=\"aligncenter wp-image-15683 size-full\" src=\"https:\/\/www.vita-explorers.dk\/blog\/wp-content\/uploads\/2023\/09\/soutien-aux-victimes-seisme-maroc-ong.jpeg\" alt=\"\" width=\"972\" height=\"972\" srcset=\"https:\/\/www.vita-explorers.dk\/blog\/wp-content\/uploads\/2023\/09\/soutien-aux-victimes-seisme-maroc-ong.jpeg 972w, https:\/\/www.vita-explorers.dk\/blog\/wp-content\/uploads\/2023\/09\/soutien-aux-victimes-seisme-maroc-ong-300x300.jpeg 300w, https:\/\/www.vita-explorers.dk\/blog\/wp-content\/uploads\/2023\/09\/soutien-aux-victimes-seisme-maroc-ong-150x150.jpeg 150w, https:\/\/www.vita-explorers.dk\/blog\/wp-content\/uploads\/2023\/09\/soutien-aux-victimes-seisme-maroc-ong-768x768.jpeg 768w\" sizes=\"(max-width: 972px) 100vw, 972px\" \/><\/a><\/p>\n<p class=\"p4\" style=\"text-align: center;\"><strong>Hvis du har sp\u00f8rgsm\u00e5l eller \u00f8nsker mere information, er du velkommen til at kontakte os p\u00e5\u00a0<a href=\"mailto:info@globalong.com\"><span class=\"s2\">info@globalong.com<\/span><\/a><\/strong><\/p>\n<p class=\"p4\" style=\"text-align: center;\"><strong>Vil du f\u00f8lge med i VITA Institute og vores community, kan du finde os p\u00e5\u00a0<a href=\"https:\/\/www.instagram.com\/globalongofficiel\/\"><span class=\"s2\">Instagram<\/span><\/a>,\u00a0<a href=\"https:\/\/www.facebook.com\/globalong\"><span class=\"s2\">Facebook<\/span><\/a>,\u00a0<a href=\"https:\/\/www.linkedin.com\/company\/5113177\/admin\/feed\/posts\/\"><span class=\"s2\">LinkedIn<\/span><\/a>\u00a0og\u00a0<a href=\"https:\/\/www.youtube.com\/c\/globalong\/videos\"><span class=\"s2\">Youtube<\/span><\/a>\u00a0!\u00a0<\/strong><\/p>\n","protected":false},"excerpt":{"rendered":"<p>Vi er dybt opm\u00e6rksomme p\u00e5 den sv\u00e6re situation, som mange i Marokko st\u00e5r i efter det seneste jordsk\u00e6lv. Lige nu afventer vi officielle retningslinjer\u2026<\/p>\n","protected":false},"author":1,"featured_media":15680,"comment_status":"open","ping_status":"open","sticky":false,"template":"","format":"standard","meta":{"footnotes":""},"categories":[1,6],"tags":[],"yoast_head":"<!-- This site is optimized with the Yoast SEO Premium plugin v23.4 (Yoast SEO v23.4) - https:\/\/yoast.com\/wordpress\/plugins\/seo\/ -->\n<title>St\u00f8tte til ofre for jordsk\u00e6lvet i Marokko - VITA Explorers Blog<\/title>\n<meta name=\"description\" content=\"Le Maroc se rel\u00e8ve apr\u00e8s le s\u00e9isme d\u00e9vastateur de 2023. D\u00e9couvrez comment le pays unit ses forces pour soutenir les victimes et reconstruire.\" \/>\n<meta name=\"robots\" content=\"index, follow, max-snippet:-1, max-image-preview:large, max-video-preview:-1\" \/>\n<link rel=\"canonical\" href=\"https:\/\/www.vita-explorers.dk\/blog\/stotte-til-ofre-for-jordskaelvet-i-marokko\/\" \/>\n<meta property=\"og:locale\" content=\"da_DK\" \/>\n<meta property=\"og:type\" content=\"article\" \/>\n<meta property=\"og:title\" content=\"St\u00f8tte til ofre for jordsk\u00e6lvet i Marokko\" \/>\n<meta property=\"og:description\" content=\"Le Maroc se rel\u00e8ve apr\u00e8s le s\u00e9isme d\u00e9vastateur de 2023. D\u00e9couvrez comment le pays unit ses forces pour soutenir les victimes et reconstruire.\" \/>\n<meta property=\"og:url\" content=\"https:\/\/www.vita-explorers.dk\/blog\/stotte-til-ofre-for-jordskaelvet-i-marokko\/\" \/>\n<meta property=\"og:site_name\" content=\"VITA Explorers Blog\" \/>\n<meta property=\"article:publisher\" content=\"https:\/\/www.facebook.com\/globalong\" \/>\n<meta property=\"article:published_time\" content=\"2023-09-11T14:32:46+00:00\" \/>\n<meta property=\"article:modified_time\" content=\"2024-09-25T20:42:58+00:00\" \/>\n<meta property=\"og:image\" content=\"https:\/\/www.vita-explorers.dk\/blog\/wp-content\/uploads\/2023\/09\/soutien-au-maroc-seisme-association.png\" \/>\n\t<meta property=\"og:image:width\" content=\"1338\" \/>\n\t<meta property=\"og:image:height\" content=\"1336\" \/>\n\t<meta property=\"og:image:type\" content=\"image\/png\" \/>\n<meta name=\"author\" content=\"VITA Tribe\" \/>\n<meta name=\"twitter:card\" content=\"summary_large_image\" \/>\n<meta name=\"twitter:label1\" content=\"Skrevet af\" \/>\n\t<meta name=\"twitter:data1\" content=\"VITA Tribe\" \/>\n\t<meta name=\"twitter:label2\" content=\"Estimeret l\u00e6setid\" \/>\n\t<meta name=\"twitter:data2\" content=\"5 minutter\" \/>\n<script type=\"application\/ld+json\" class=\"yoast-schema-graph\">{\"@context\":\"https:\/\/schema.org\",\"@graph\":[{\"@type\":\"Article\",\"@id\":\"https:\/\/www.vita-explorers.dk\/blog\/stotte-til-ofre-for-jordskaelvet-i-marokko\/#article\",\"isPartOf\":{\"@id\":\"https:\/\/www.vita-explorers.dk\/blog\/stotte-til-ofre-for-jordskaelvet-i-marokko\/\"},\"author\":{\"name\":\"VITA Tribe\",\"@id\":\"https:\/\/www.vita-explorers.dk\/blog\/#\/schema\/person\/d7df267b64f23018d1dc519e78fb2735\"},\"headline\":\"St\u00f8tte til ofre for jordsk\u00e6lvet i Marokko\",\"datePublished\":\"2023-09-11T14:32:46+00:00\",\"dateModified\":\"2024-09-25T20:42:58+00:00\",\"mainEntityOfPage\":{\"@id\":\"https:\/\/www.vita-explorers.dk\/blog\/stotte-til-ofre-for-jordskaelvet-i-marokko\/\"},\"wordCount\":615,\"commentCount\":0,\"publisher\":{\"@id\":\"https:\/\/www.vita-explorers.dk\/blog\/#organization\"},\"image\":{\"@id\":\"https:\/\/www.vita-explorers.dk\/blog\/stotte-til-ofre-for-jordskaelvet-i-marokko\/#primaryimage\"},\"thumbnailUrl\":\"https:\/\/www.vita-explorers.dk\/blog\/wp-content\/uploads\/2023\/09\/soutien-au-maroc-seisme-association.png\",\"articleSection\":[\"No Name\",\"Nyheder\"],\"inLanguage\":\"da-DK\",\"potentialAction\":[{\"@type\":\"CommentAction\",\"name\":\"Comment\",\"target\":[\"https:\/\/www.vita-explorers.dk\/blog\/stotte-til-ofre-for-jordskaelvet-i-marokko\/#respond\"]}]},{\"@type\":\"WebPage\",\"@id\":\"https:\/\/www.vita-explorers.dk\/blog\/stotte-til-ofre-for-jordskaelvet-i-marokko\/\",\"url\":\"https:\/\/www.vita-explorers.dk\/blog\/stotte-til-ofre-for-jordskaelvet-i-marokko\/\",\"name\":\"St\u00f8tte til ofre for jordsk\u00e6lvet i Marokko - VITA Explorers Blog\",\"isPartOf\":{\"@id\":\"https:\/\/www.vita-explorers.dk\/blog\/#website\"},\"primaryImageOfPage\":{\"@id\":\"https:\/\/www.vita-explorers.dk\/blog\/stotte-til-ofre-for-jordskaelvet-i-marokko\/#primaryimage\"},\"image\":{\"@id\":\"https:\/\/www.vita-explorers.dk\/blog\/stotte-til-ofre-for-jordskaelvet-i-marokko\/#primaryimage\"},\"thumbnailUrl\":\"https:\/\/www.vita-explorers.dk\/blog\/wp-content\/uploads\/2023\/09\/soutien-au-maroc-seisme-association.png\",\"datePublished\":\"2023-09-11T14:32:46+00:00\",\"dateModified\":\"2024-09-25T20:42:58+00:00\",\"description\":\"Le Maroc se rel\u00e8ve apr\u00e8s le s\u00e9isme d\u00e9vastateur de 2023. D\u00e9couvrez comment le pays unit ses forces pour soutenir les victimes et reconstruire.\",\"breadcrumb\":{\"@id\":\"https:\/\/www.vita-explorers.dk\/blog\/stotte-til-ofre-for-jordskaelvet-i-marokko\/#breadcrumb\"},\"inLanguage\":\"da-DK\",\"potentialAction\":[{\"@type\":\"ReadAction\",\"target\":[\"https:\/\/www.vita-explorers.dk\/blog\/stotte-til-ofre-for-jordskaelvet-i-marokko\/\"]}]},{\"@type\":\"ImageObject\",\"inLanguage\":\"da-DK\",\"@id\":\"https:\/\/www.vita-explorers.dk\/blog\/stotte-til-ofre-for-jordskaelvet-i-marokko\/#primaryimage\",\"url\":\"https:\/\/www.vita-explorers.dk\/blog\/wp-content\/uploads\/2023\/09\/soutien-au-maroc-seisme-association.png\",\"contentUrl\":\"https:\/\/www.vita-explorers.dk\/blog\/wp-content\/uploads\/2023\/09\/soutien-au-maroc-seisme-association.png\",\"width\":1338,\"height\":1336,\"caption\":\"victimes du s\u00e9isme au Maroc\"},{\"@type\":\"BreadcrumbList\",\"@id\":\"https:\/\/www.vita-explorers.dk\/blog\/stotte-til-ofre-for-jordskaelvet-i-marokko\/#breadcrumb\",\"itemListElement\":[{\"@type\":\"ListItem\",\"position\":1,\"name\":\"Accueil\",\"item\":\"https:\/\/www.vita-explorers.dk\/blog\/\"},{\"@type\":\"ListItem\",\"position\":2,\"name\":\"St\u00f8tte til ofre for jordsk\u00e6lvet i Marokko\"}]},{\"@type\":\"WebSite\",\"@id\":\"https:\/\/www.vita-explorers.dk\/blog\/#website\",\"url\":\"https:\/\/www.vita-explorers.dk\/blog\/\",\"name\":\"Association Globalong\",\"description\":\"Frivilligt arbejde, sprogophold, praktik i udlandet og internationale oplevelser\",\"publisher\":{\"@id\":\"https:\/\/www.vita-explorers.dk\/blog\/#organization\"},\"potentialAction\":[{\"@type\":\"SearchAction\",\"target\":{\"@type\":\"EntryPoint\",\"urlTemplate\":\"https:\/\/www.vita-explorers.dk\/blog\/?s={search_term_string}\"},\"query-input\":{\"@type\":\"PropertyValueSpecification\",\"valueRequired\":true,\"valueName\":\"search_term_string\"}}],\"inLanguage\":\"da-DK\"},{\"@type\":\"Organization\",\"@id\":\"https:\/\/www.vita-explorers.dk\/blog\/#organization\",\"name\":\"Association Globalong\",\"url\":\"https:\/\/www.vita-explorers.dk\/blog\/\",\"logo\":{\"@type\":\"ImageObject\",\"inLanguage\":\"da-DK\",\"@id\":\"https:\/\/www.vita-explorers.dk\/blog\/#\/schema\/logo\/image\/\",\"url\":\"https:\/\/www.globalong.com\/blog\/wp-content\/uploads\/2014\/11\/cropped-cropped-Logo-et-Afrique-Globalong-petite-taille-2.jpg\",\"contentUrl\":\"https:\/\/www.globalong.com\/blog\/wp-content\/uploads\/2014\/11\/cropped-cropped-Logo-et-Afrique-Globalong-petite-taille-2.jpg\",\"width\":512,\"height\":512,\"caption\":\"Association Globalong\"},\"image\":{\"@id\":\"https:\/\/www.vita-explorers.dk\/blog\/#\/schema\/logo\/image\/\"},\"sameAs\":[\"https:\/\/www.facebook.com\/globalong\"]},{\"@type\":\"Person\",\"@id\":\"https:\/\/www.vita-explorers.dk\/blog\/#\/schema\/person\/d7df267b64f23018d1dc519e78fb2735\",\"name\":\"VITA Tribe\",\"image\":{\"@type\":\"ImageObject\",\"inLanguage\":\"da-DK\",\"@id\":\"https:\/\/www.vita-explorers.dk\/blog\/#\/schema\/person\/image\/\",\"url\":\"https:\/\/secure.gravatar.com\/avatar\/81461bcc213d0ff2bdc043d4206648f0?s=96&d=mm&r=g\",\"contentUrl\":\"https:\/\/secure.gravatar.com\/avatar\/81461bcc213d0ff2bdc043d4206648f0?s=96&d=mm&r=g\",\"caption\":\"VITA Tribe\"},\"sameAs\":[\"https:\/\/www.globalong.com\"],\"url\":\"https:\/\/www.vita-explorers.dk\/blog\/author\/sophie\/\"}]}<\/script>\n<!-- \/ Yoast SEO Premium plugin. -->","yoast_head_json":{"title":"St\u00f8tte til ofre for jordsk\u00e6lvet i Marokko - VITA Explorers Blog","description":"Le Maroc se rel\u00e8ve apr\u00e8s le s\u00e9isme d\u00e9vastateur de 2023. D\u00e9couvrez comment le pays unit ses forces pour soutenir les victimes et reconstruire.","robots":{"index":"index","follow":"follow","max-snippet":"max-snippet:-1","max-image-preview":"max-image-preview:large","max-video-preview":"max-video-preview:-1"},"canonical":"https:\/\/www.vita-explorers.dk\/blog\/stotte-til-ofre-for-jordskaelvet-i-marokko\/","og_locale":"da_DK","og_type":"article","og_title":"St\u00f8tte til ofre for jordsk\u00e6lvet i Marokko","og_description":"Le Maroc se rel\u00e8ve apr\u00e8s le s\u00e9isme d\u00e9vastateur de 2023. D\u00e9couvrez comment le pays unit ses forces pour soutenir les victimes et reconstruire.","og_url":"https:\/\/www.vita-explorers.dk\/blog\/stotte-til-ofre-for-jordskaelvet-i-marokko\/","og_site_name":"VITA Explorers Blog","article_publisher":"https:\/\/www.facebook.com\/globalong","article_published_time":"2023-09-11T14:32:46+00:00","article_modified_time":"2024-09-25T20:42:58+00:00","og_image":[{"width":1338,"height":1336,"url":"https:\/\/www.vita-explorers.dk\/blog\/wp-content\/uploads\/2023\/09\/soutien-au-maroc-seisme-association.png","type":"image\/png"}],"author":"VITA Tribe","twitter_card":"summary_large_image","twitter_misc":{"Skrevet af":"VITA Tribe","Estimeret l\u00e6setid":"5 minutter"},"schema":{"@context":"https:\/\/schema.org","@graph":[{"@type":"Article","@id":"https:\/\/www.vita-explorers.dk\/blog\/stotte-til-ofre-for-jordskaelvet-i-marokko\/#article","isPartOf":{"@id":"https:\/\/www.vita-explorers.dk\/blog\/stotte-til-ofre-for-jordskaelvet-i-marokko\/"},"author":{"name":"VITA Tribe","@id":"https:\/\/www.vita-explorers.dk\/blog\/#\/schema\/person\/d7df267b64f23018d1dc519e78fb2735"},"headline":"St\u00f8tte til ofre for jordsk\u00e6lvet i Marokko","datePublished":"2023-09-11T14:32:46+00:00","dateModified":"2024-09-25T20:42:58+00:00","mainEntityOfPage":{"@id":"https:\/\/www.vita-explorers.dk\/blog\/stotte-til-ofre-for-jordskaelvet-i-marokko\/"},"wordCount":615,"commentCount":0,"publisher":{"@id":"https:\/\/www.vita-explorers.dk\/blog\/#organization"},"image":{"@id":"https:\/\/www.vita-explorers.dk\/blog\/stotte-til-ofre-for-jordskaelvet-i-marokko\/#primaryimage"},"thumbnailUrl":"https:\/\/www.vita-explorers.dk\/blog\/wp-content\/uploads\/2023\/09\/soutien-au-maroc-seisme-association.png","articleSection":["No Name","Nyheder"],"inLanguage":"da-DK","potentialAction":[{"@type":"CommentAction","name":"Comment","target":["https:\/\/www.vita-explorers.dk\/blog\/stotte-til-ofre-for-jordskaelvet-i-marokko\/#respond"]}]},{"@type":"WebPage","@id":"https:\/\/www.vita-explorers.dk\/blog\/stotte-til-ofre-for-jordskaelvet-i-marokko\/","url":"https:\/\/www.vita-explorers.dk\/blog\/stotte-til-ofre-for-jordskaelvet-i-marokko\/","name":"St\u00f8tte til ofre for jordsk\u00e6lvet i Marokko - VITA Explorers Blog","isPartOf":{"@id":"https:\/\/www.vita-explorers.dk\/blog\/#website"},"primaryImageOfPage":{"@id":"https:\/\/www.vita-explorers.dk\/blog\/stotte-til-ofre-for-jordskaelvet-i-marokko\/#primaryimage"},"image":{"@id":"https:\/\/www.vita-explorers.dk\/blog\/stotte-til-ofre-for-jordskaelvet-i-marokko\/#primaryimage"},"thumbnailUrl":"https:\/\/www.vita-explorers.dk\/blog\/wp-content\/uploads\/2023\/09\/soutien-au-maroc-seisme-association.png","datePublished":"2023-09-11T14:32:46+00:00","dateModified":"2024-09-25T20:42:58+00:00","description":"Le Maroc se rel\u00e8ve apr\u00e8s le s\u00e9isme d\u00e9vastateur de 2023. D\u00e9couvrez comment le pays unit ses forces pour soutenir les victimes et reconstruire.","breadcrumb":{"@id":"https:\/\/www.vita-explorers.dk\/blog\/stotte-til-ofre-for-jordskaelvet-i-marokko\/#breadcrumb"},"inLanguage":"da-DK","potentialAction":[{"@type":"ReadAction","target":["https:\/\/www.vita-explorers.dk\/blog\/stotte-til-ofre-for-jordskaelvet-i-marokko\/"]}]},{"@type":"ImageObject","inLanguage":"da-DK","@id":"https:\/\/www.vita-explorers.dk\/blog\/stotte-til-ofre-for-jordskaelvet-i-marokko\/#primaryimage","url":"https:\/\/www.vita-explorers.dk\/blog\/wp-content\/uploads\/2023\/09\/soutien-au-maroc-seisme-association.png","contentUrl":"https:\/\/www.vita-explorers.dk\/blog\/wp-content\/uploads\/2023\/09\/soutien-au-maroc-seisme-association.png","width":1338,"height":1336,"caption":"victimes du s\u00e9isme au Maroc"},{"@type":"BreadcrumbList","@id":"https:\/\/www.vita-explorers.dk\/blog\/stotte-til-ofre-for-jordskaelvet-i-marokko\/#breadcrumb","itemListElement":[{"@type":"ListItem","position":1,"name":"Accueil","item":"https:\/\/www.vita-explorers.dk\/blog\/"},{"@type":"ListItem","position":2,"name":"St\u00f8tte til ofre for jordsk\u00e6lvet i Marokko"}]},{"@type":"WebSite","@id":"https:\/\/www.vita-explorers.dk\/blog\/#website","url":"https:\/\/www.vita-explorers.dk\/blog\/","name":"Association Globalong","description":"Frivilligt arbejde, sprogophold, praktik i udlandet og internationale oplevelser","publisher":{"@id":"https:\/\/www.vita-explorers.dk\/blog\/#organization"},"potentialAction":[{"@type":"SearchAction","target":{"@type":"EntryPoint","urlTemplate":"https:\/\/www.vita-explorers.dk\/blog\/?s={search_term_string}"},"query-input":{"@type":"PropertyValueSpecification","valueRequired":true,"valueName":"search_term_string"}}],"inLanguage":"da-DK"},{"@type":"Organization","@id":"https:\/\/www.vita-explorers.dk\/blog\/#organization","name":"Association Globalong","url":"https:\/\/www.vita-explorers.dk\/blog\/","logo":{"@type":"ImageObject","inLanguage":"da-DK","@id":"https:\/\/www.vita-explorers.dk\/blog\/#\/schema\/logo\/image\/","url":"https:\/\/www.globalong.com\/blog\/wp-content\/uploads\/2014\/11\/cropped-cropped-Logo-et-Afrique-Globalong-petite-taille-2.jpg","contentUrl":"https:\/\/www.globalong.com\/blog\/wp-content\/uploads\/2014\/11\/cropped-cropped-Logo-et-Afrique-Globalong-petite-taille-2.jpg","width":512,"height":512,"caption":"Association Globalong"},"image":{"@id":"https:\/\/www.vita-explorers.dk\/blog\/#\/schema\/logo\/image\/"},"sameAs":["https:\/\/www.facebook.com\/globalong"]},{"@type":"Person","@id":"https:\/\/www.vita-explorers.dk\/blog\/#\/schema\/person\/d7df267b64f23018d1dc519e78fb2735","name":"VITA Tribe","image":{"@type":"ImageObject","inLanguage":"da-DK","@id":"https:\/\/www.vita-explorers.dk\/blog\/#\/schema\/person\/image\/","url":"https:\/\/secure.gravatar.com\/avatar\/81461bcc213d0ff2bdc043d4206648f0?s=96&d=mm&r=g","contentUrl":"https:\/\/secure.gravatar.com\/avatar\/81461bcc213d0ff2bdc043d4206648f0?s=96&d=mm&r=g","caption":"VITA Tribe"},"sameAs":["https:\/\/www.globalong.com"],"url":"https:\/\/www.vita-explorers.dk\/blog\/author\/sophie\/"}]}},"_links":{"self":[{"href":"https:\/\/www.vita-explorers.dk\/blog\/wp-json\/wp\/v2\/posts\/15679"}],"collection":[{"href":"https:\/\/www.vita-explorers.dk\/blog\/wp-json\/wp\/v2\/posts"}],"about":[{"href":"https:\/\/www.vita-explorers.dk\/blog\/wp-json\/wp\/v2\/types\/post"}],"author":[{"embeddable":true,"href":"https:\/\/www.vita-explorers.dk\/blog\/wp-json\/wp\/v2\/users\/1"}],"replies":[{"embeddable":true,"href":"https:\/\/www.vita-explorers.dk\/blog\/wp-json\/wp\/v2\/comments?post=15679"}],"version-history":[{"count":7,"href":"https:\/\/www.vita-explorers.dk\/blog\/wp-json\/wp\/v2\/posts\/15679\/revisions"}],"predecessor-version":[{"id":16339,"href":"https:\/\/www.vita-explorers.dk\/blog\/wp-json\/wp\/v2\/posts\/15679\/revisions\/16339"}],"wp:featuredmedia":[{"embeddable":true,"href":"https:\/\/www.vita-explorers.dk\/blog\/wp-json\/wp\/v2\/media\/15680"}],"wp:attachment":[{"href":"https:\/\/www.vita-explorers.dk\/blog\/wp-json\/wp\/v2\/media?parent=15679"}],"wp:term":[{"taxonomy":"category","embeddable":true,"href":"https:\/\/www.vita-explorers.dk\/blog\/wp-json\/wp\/v2\/categories?post=15679"},{"taxonomy":"post_tag","embeddable":true,"href":"https:\/\/www.vita-explorers.dk\/blog\/wp-json\/wp\/v2\/tags?post=15679"}],"curies":[{"name":"wp","href":"https:\/\/api.w.org\/{rel}","templated":true}]}}