{"id":15695,"date":"2023-09-22T17:47:22","date_gmt":"2023-09-22T15:47:22","guid":{"rendered":"https:\/\/www.globalong.com\/blog\/?p=15695"},"modified":"2024-09-25T22:34:42","modified_gmt":"2024-09-25T20:34:42","slug":"verdensdagen-for-tegnsprog","status":"publish","type":"post","link":"https:\/\/www.vita-explorers.dk\/blog\/verdensdagen-for-tegnsprog\/","title":{"rendered":"International tegnsprogsdag"},"content":{"rendered":"<h1 class=\"p1\" style=\"text-align: justify;\"><span style=\"font-size: 12pt;\"><strong>Den Internationale Tegnsprogsdag markeres hvert \u00e5r den 23. september.<\/strong><\/span><\/h1>\n<h2 class=\"p1\" style=\"text-align: justify;\"><span style=\"font-size: 12pt;\"><strong> Dagen blev etableret af <a href=\"https:\/\/www.un.org\/fr\/observances\/sign-languages-day\" target=\"_blank\" rel=\"noopener\">FN<\/a> i 2017 for at \u00f8ge opm\u00e6rksomheden p\u00e5, hvor vigtig tegnsprog er i livet for d\u00f8ve og h\u00f8reh\u00e6mmede. Samtidig s\u00e6tter den fokus p\u00e5 lige rettigheder, inklusion og sproglig mangfoldighed.<\/strong><\/span><\/h2>\n<h3 class=\"p1\" style=\"text-align: justify;\"><span style=\"font-size: 12pt;\"><strong>I VITA Institute er vi overbeviste om, at kommunikation er grundlaget for inklusion \u2013 og Den Internationale Tegnsprogsdag minder os om netop det.<\/strong><\/span><\/h3>\n<p class=\"p1\" style=\"text-align: justify;\"><strong>Kommunikation er en grundl\u00e6ggende menneskeret. Den g\u00f8r det muligt at dele tanker, f\u00f8lelser, behov og erfaringer. Alligevel oplever millioner af mennesker verden over, at kommunikationen bliver vanskeliggjort af d\u00f8vhed eller h\u00f8reneds\u00e6ttelse. Her spiller tegnsprog en afg\u00f8rende rolle. Det er langt mere end en m\u00e5de at \u201covers\u00e6tte\u201d p\u00e5 \u2013 det er et selvst\u00e6ndigt sprog med egen grammatik, ordforr\u00e5d og kultur.<\/strong><\/p>\n<p class=\"p1\" style=\"text-align: justify;\"><strong>Et af de centrale form\u00e5l med Den Internationale Tegnsprogsdag er at styrke inklusionen af d\u00f8ve og h\u00f8reh\u00e6mmede i alle dele af samfundet. Adgang til uddannelse, arbejde, sundhedsydelser, kultur og hverdagslivets muligheder er en foruds\u00e6tning for et samfund, hvor alle kan v\u00e6re med. N\u00e5r vi st\u00f8tter l\u00e6ring og brug af tegnsprog, er vi med til at nedbryde de barrierer, som alt for ofte skaber isolation.<\/strong><\/p>\n<h3 class=\"p1\" style=\"text-align: justify;\"><strong>I VITA st\u00f8tter vi <span style=\"text-decoration: underline;\"><a href=\"https:\/\/www.vita-explorers.dk\/frivilligt-arbejde\/togo-frivilligt-arbejde-humanitaert\/togo-frivilligt-arbejde-hoerehaemmet%20.html\" target=\"_blank\" rel=\"noopener\">h\u00f8reh\u00e6mmede b\u00f8rn i Sokod\u00e9 og Kara i Togo<\/a><\/span>.<\/strong><\/h3>\n<p class=\"p1\" style=\"text-align: justify;\"><strong>I 2003 grundlagde en togolesisk pr\u00e6st flere specialskoler for d\u00f8ve og h\u00f8reh\u00e6mmede. Hver skole tager imod omkring 20 b\u00f8rn i alderen 8\u201316 \u00e5r, som er delt i to klasser, og de f\u00f8lger den samme undervisning som i almindelige skoler i Togo.<\/strong><\/p>\n<p class=\"p1\" style=\"text-align: justify;\"><strong>Ligesom Cindy og Franck kan du ogs\u00e5 \u2013 hvis du har lyst \u2013 deltage i dette forl\u00f8b som VITA Explorer og bidrage til b\u00f8rnenes l\u00e6ring og trivsel.<\/strong><\/p>\n<p class=\"p1\" style=\"text-align: justify;\"><strong>Du kan m\u00f8de b\u00f8rnene i videoen, som Cindy og Franck har optaget under deres ophold med de h\u00f8reh\u00e6mmede b\u00f8rn, <a href=\"https:\/\/www.youtube.com\/watch?v=OdY-4P6KMSA&#038;t=1s\" target=\"_blank\" rel=\"noopener\">ved at klikke her<\/a>!\u00a0<\/strong><\/p>\n<p><a href=\"https:\/\/www.vita-explorers.dk\/blog\/wp-content\/uploads\/2023\/09\/mission-humanitaire-enfants-malentendants.png\" target=\"_blank\" rel=\"noopener\"><img loading=\"lazy\" decoding=\"async\" class=\"aligncenter wp-image-15696 size-full\" src=\"https:\/\/www.vita-explorers.dk\/blog\/wp-content\/uploads\/2023\/09\/mission-humanitaire-enfants-malentendants.png\" alt=\"\" width=\"1450\" height=\"1454\" srcset=\"https:\/\/www.vita-explorers.dk\/blog\/wp-content\/uploads\/2023\/09\/mission-humanitaire-enfants-malentendants.png 1450w, https:\/\/www.vita-explorers.dk\/blog\/wp-content\/uploads\/2023\/09\/mission-humanitaire-enfants-malentendants-300x300.png 300w, https:\/\/www.vita-explorers.dk\/blog\/wp-content\/uploads\/2023\/09\/mission-humanitaire-enfants-malentendants-1021x1024.png 1021w, https:\/\/www.vita-explorers.dk\/blog\/wp-content\/uploads\/2023\/09\/mission-humanitaire-enfants-malentendants-150x150.png 150w, https:\/\/www.vita-explorers.dk\/blog\/wp-content\/uploads\/2023\/09\/mission-humanitaire-enfants-malentendants-768x770.png 768w\" sizes=\"(max-width: 1450px) 100vw, 1450px\" \/><\/a><\/p>\n<p class=\"p3\" style=\"text-align: center;\"><b>Hvis du vil h\u00f8re mere, er du meget velkommen til at kontakte os p\u00e5\u00a0<\/b><a href=\"mailto:info@globalong.com\"><span class=\"s1\"><b>info@globalong.com<\/b><\/span><\/a><\/p>\n<p class=\"p3\" style=\"text-align: center;\"><b>Vil du vide mere om VITA og vores community, kan du finde os p\u00e5\u00a0<\/b><a href=\"https:\/\/www.instagram.com\/globalongofficiel\/\"><span class=\"s1\"><b>Instagram<\/b><\/span><\/a><b>,\u00a0<\/b><a href=\"https:\/\/www.facebook.com\/globalong\"><span class=\"s1\"><b>Facebook<\/b><\/span><\/a><b>,\u00a0<\/b><a href=\"https:\/\/www.linkedin.com\/company\/5113177\/admin\/feed\/posts\/\"><span class=\"s1\"><b>LinkedIn<\/b><\/span><\/a><b>\u00a0og\u00a0<\/b><a href=\"https:\/\/www.youtube.com\/c\/globalong\/videos\"><span class=\"s1\"><b>Youtube<\/b><\/span><\/a><b>\u00a0!\u00a0<\/b><\/p>\n","protected":false},"excerpt":{"rendered":"<p>Den Internationale Tegnsprogsdag markeres hvert \u00e5r den 23. september. Dagen blev etableret af FN i 2017 for at \u00f8ge opm\u00e6rksomheden p\u00e5, hvor vigtig tegnsprog\u2026<\/p>\n","protected":false},"author":1,"featured_media":15696,"comment_status":"open","ping_status":"open","sticky":false,"template":"","format":"standard","meta":{"footnotes":""},"categories":[8,1,6,4],"tags":[],"yoast_head":"<!-- This site is optimized with the Yoast SEO Premium plugin v23.4 (Yoast SEO v23.4) - https:\/\/yoast.com\/wordpress\/plugins\/seo\/ -->\n<title>International tegnsprogsdag - VITA Explorers Blog<\/title>\n<meta name=\"description\" content=\"D\u00e9couvrez l&#039;importance de la Journ\u00e9e Mondiale de la Langue des Signes pour promouvoir l&#039;inclusion des personnes sourdes et malentendantes.\" \/>\n<meta name=\"robots\" content=\"index, follow, max-snippet:-1, max-image-preview:large, max-video-preview:-1\" \/>\n<link rel=\"canonical\" href=\"https:\/\/www.vita-explorers.dk\/blog\/verdensdagen-for-tegnsprog\/\" \/>\n<meta property=\"og:locale\" content=\"da_DK\" \/>\n<meta property=\"og:type\" content=\"article\" \/>\n<meta property=\"og:title\" content=\"International tegnsprogsdag\" \/>\n<meta property=\"og:description\" content=\"D\u00e9couvrez l&#039;importance de la Journ\u00e9e Mondiale de la Langue des Signes pour promouvoir l&#039;inclusion des personnes sourdes et malentendantes.\" \/>\n<meta property=\"og:url\" content=\"https:\/\/www.vita-explorers.dk\/blog\/verdensdagen-for-tegnsprog\/\" \/>\n<meta property=\"og:site_name\" content=\"VITA Explorers Blog\" \/>\n<meta property=\"article:publisher\" content=\"https:\/\/www.facebook.com\/globalong\" \/>\n<meta property=\"article:published_time\" content=\"2023-09-22T15:47:22+00:00\" \/>\n<meta property=\"article:modified_time\" content=\"2024-09-25T20:34:42+00:00\" \/>\n<meta property=\"og:image\" content=\"https:\/\/www.vita-explorers.dk\/blog\/wp-content\/uploads\/2023\/09\/mission-humanitaire-enfants-malentendants-1021x1024.png\" \/>\n\t<meta property=\"og:image:width\" content=\"1021\" \/>\n\t<meta property=\"og:image:height\" content=\"1024\" \/>\n\t<meta property=\"og:image:type\" content=\"image\/png\" \/>\n<meta name=\"author\" content=\"VITA Tribe\" \/>\n<meta name=\"twitter:card\" content=\"summary_large_image\" \/>\n<meta name=\"twitter:label1\" content=\"Skrevet af\" \/>\n\t<meta name=\"twitter:data1\" content=\"VITA Tribe\" \/>\n\t<meta name=\"twitter:label2\" content=\"Estimeret l\u00e6setid\" \/>\n\t<meta name=\"twitter:data2\" content=\"3 minutter\" \/>\n<script type=\"application\/ld+json\" class=\"yoast-schema-graph\">{\"@context\":\"https:\/\/schema.org\",\"@graph\":[{\"@type\":\"Article\",\"@id\":\"https:\/\/www.vita-explorers.dk\/blog\/verdensdagen-for-tegnsprog\/#article\",\"isPartOf\":{\"@id\":\"https:\/\/www.vita-explorers.dk\/blog\/verdensdagen-for-tegnsprog\/\"},\"author\":{\"name\":\"VITA Tribe\",\"@id\":\"https:\/\/www.vita-explorers.dk\/blog\/#\/schema\/person\/d7df267b64f23018d1dc519e78fb2735\"},\"headline\":\"International tegnsprogsdag\",\"datePublished\":\"2023-09-22T15:47:22+00:00\",\"dateModified\":\"2024-09-25T20:34:42+00:00\",\"mainEntityOfPage\":{\"@id\":\"https:\/\/www.vita-explorers.dk\/blog\/verdensdagen-for-tegnsprog\/\"},\"wordCount\":364,\"commentCount\":0,\"publisher\":{\"@id\":\"https:\/\/www.vita-explorers.dk\/blog\/#organization\"},\"image\":{\"@id\":\"https:\/\/www.vita-explorers.dk\/blog\/verdensdagen-for-tegnsprog\/#primaryimage\"},\"thumbnailUrl\":\"https:\/\/www.vita-explorers.dk\/blog\/wp-content\/uploads\/2023\/09\/mission-humanitaire-enfants-malentendants.png\",\"articleSection\":[\"Humanit\u00e6rt frivilligt arbejde\",\"No Name\",\"Nyheder\",\"VITA Explorers\"],\"inLanguage\":\"da-DK\",\"potentialAction\":[{\"@type\":\"CommentAction\",\"name\":\"Comment\",\"target\":[\"https:\/\/www.vita-explorers.dk\/blog\/verdensdagen-for-tegnsprog\/#respond\"]}]},{\"@type\":\"WebPage\",\"@id\":\"https:\/\/www.vita-explorers.dk\/blog\/verdensdagen-for-tegnsprog\/\",\"url\":\"https:\/\/www.vita-explorers.dk\/blog\/verdensdagen-for-tegnsprog\/\",\"name\":\"International tegnsprogsdag - VITA Explorers Blog\",\"isPartOf\":{\"@id\":\"https:\/\/www.vita-explorers.dk\/blog\/#website\"},\"primaryImageOfPage\":{\"@id\":\"https:\/\/www.vita-explorers.dk\/blog\/verdensdagen-for-tegnsprog\/#primaryimage\"},\"image\":{\"@id\":\"https:\/\/www.vita-explorers.dk\/blog\/verdensdagen-for-tegnsprog\/#primaryimage\"},\"thumbnailUrl\":\"https:\/\/www.vita-explorers.dk\/blog\/wp-content\/uploads\/2023\/09\/mission-humanitaire-enfants-malentendants.png\",\"datePublished\":\"2023-09-22T15:47:22+00:00\",\"dateModified\":\"2024-09-25T20:34:42+00:00\",\"description\":\"D\u00e9couvrez l'importance de la Journ\u00e9e Mondiale de la Langue des Signes pour promouvoir l'inclusion des personnes sourdes et malentendantes.\",\"breadcrumb\":{\"@id\":\"https:\/\/www.vita-explorers.dk\/blog\/verdensdagen-for-tegnsprog\/#breadcrumb\"},\"inLanguage\":\"da-DK\",\"potentialAction\":[{\"@type\":\"ReadAction\",\"target\":[\"https:\/\/www.vita-explorers.dk\/blog\/verdensdagen-for-tegnsprog\/\"]}]},{\"@type\":\"ImageObject\",\"inLanguage\":\"da-DK\",\"@id\":\"https:\/\/www.vita-explorers.dk\/blog\/verdensdagen-for-tegnsprog\/#primaryimage\",\"url\":\"https:\/\/www.vita-explorers.dk\/blog\/wp-content\/uploads\/2023\/09\/mission-humanitaire-enfants-malentendants.png\",\"contentUrl\":\"https:\/\/www.vita-explorers.dk\/blog\/wp-content\/uploads\/2023\/09\/mission-humanitaire-enfants-malentendants.png\",\"width\":1450,\"height\":1454,\"caption\":\"Journ\u00e9e mondiale de la langue des signes\"},{\"@type\":\"BreadcrumbList\",\"@id\":\"https:\/\/www.vita-explorers.dk\/blog\/verdensdagen-for-tegnsprog\/#breadcrumb\",\"itemListElement\":[{\"@type\":\"ListItem\",\"position\":1,\"name\":\"Accueil\",\"item\":\"https:\/\/www.vita-explorers.dk\/blog\/\"},{\"@type\":\"ListItem\",\"position\":2,\"name\":\"International tegnsprogsdag\"}]},{\"@type\":\"WebSite\",\"@id\":\"https:\/\/www.vita-explorers.dk\/blog\/#website\",\"url\":\"https:\/\/www.vita-explorers.dk\/blog\/\",\"name\":\"Association Globalong\",\"description\":\"Frivilligt arbejde, sprogophold, praktik i udlandet og internationale oplevelser\",\"publisher\":{\"@id\":\"https:\/\/www.vita-explorers.dk\/blog\/#organization\"},\"potentialAction\":[{\"@type\":\"SearchAction\",\"target\":{\"@type\":\"EntryPoint\",\"urlTemplate\":\"https:\/\/www.vita-explorers.dk\/blog\/?s={search_term_string}\"},\"query-input\":{\"@type\":\"PropertyValueSpecification\",\"valueRequired\":true,\"valueName\":\"search_term_string\"}}],\"inLanguage\":\"da-DK\"},{\"@type\":\"Organization\",\"@id\":\"https:\/\/www.vita-explorers.dk\/blog\/#organization\",\"name\":\"Association Globalong\",\"url\":\"https:\/\/www.vita-explorers.dk\/blog\/\",\"logo\":{\"@type\":\"ImageObject\",\"inLanguage\":\"da-DK\",\"@id\":\"https:\/\/www.vita-explorers.dk\/blog\/#\/schema\/logo\/image\/\",\"url\":\"https:\/\/www.globalong.com\/blog\/wp-content\/uploads\/2014\/11\/cropped-cropped-Logo-et-Afrique-Globalong-petite-taille-2.jpg\",\"contentUrl\":\"https:\/\/www.globalong.com\/blog\/wp-content\/uploads\/2014\/11\/cropped-cropped-Logo-et-Afrique-Globalong-petite-taille-2.jpg\",\"width\":512,\"height\":512,\"caption\":\"Association Globalong\"},\"image\":{\"@id\":\"https:\/\/www.vita-explorers.dk\/blog\/#\/schema\/logo\/image\/\"},\"sameAs\":[\"https:\/\/www.facebook.com\/globalong\"]},{\"@type\":\"Person\",\"@id\":\"https:\/\/www.vita-explorers.dk\/blog\/#\/schema\/person\/d7df267b64f23018d1dc519e78fb2735\",\"name\":\"VITA Tribe\",\"image\":{\"@type\":\"ImageObject\",\"inLanguage\":\"da-DK\",\"@id\":\"https:\/\/www.vita-explorers.dk\/blog\/#\/schema\/person\/image\/\",\"url\":\"https:\/\/secure.gravatar.com\/avatar\/81461bcc213d0ff2bdc043d4206648f0?s=96&d=mm&r=g\",\"contentUrl\":\"https:\/\/secure.gravatar.com\/avatar\/81461bcc213d0ff2bdc043d4206648f0?s=96&d=mm&r=g\",\"caption\":\"VITA Tribe\"},\"sameAs\":[\"https:\/\/www.globalong.com\"],\"url\":\"https:\/\/www.vita-explorers.dk\/blog\/author\/sophie\/\"}]}<\/script>\n<!-- \/ Yoast SEO Premium plugin. -->","yoast_head_json":{"title":"International tegnsprogsdag - VITA Explorers Blog","description":"D\u00e9couvrez l'importance de la Journ\u00e9e Mondiale de la Langue des Signes pour promouvoir l'inclusion des personnes sourdes et malentendantes.","robots":{"index":"index","follow":"follow","max-snippet":"max-snippet:-1","max-image-preview":"max-image-preview:large","max-video-preview":"max-video-preview:-1"},"canonical":"https:\/\/www.vita-explorers.dk\/blog\/verdensdagen-for-tegnsprog\/","og_locale":"da_DK","og_type":"article","og_title":"International tegnsprogsdag","og_description":"D\u00e9couvrez l'importance de la Journ\u00e9e Mondiale de la Langue des Signes pour promouvoir l'inclusion des personnes sourdes et malentendantes.","og_url":"https:\/\/www.vita-explorers.dk\/blog\/verdensdagen-for-tegnsprog\/","og_site_name":"VITA Explorers Blog","article_publisher":"https:\/\/www.facebook.com\/globalong","article_published_time":"2023-09-22T15:47:22+00:00","article_modified_time":"2024-09-25T20:34:42+00:00","og_image":[{"width":1021,"height":1024,"url":"https:\/\/www.vita-explorers.dk\/blog\/wp-content\/uploads\/2023\/09\/mission-humanitaire-enfants-malentendants-1021x1024.png","type":"image\/png"}],"author":"VITA Tribe","twitter_card":"summary_large_image","twitter_misc":{"Skrevet af":"VITA Tribe","Estimeret l\u00e6setid":"3 minutter"},"schema":{"@context":"https:\/\/schema.org","@graph":[{"@type":"Article","@id":"https:\/\/www.vita-explorers.dk\/blog\/verdensdagen-for-tegnsprog\/#article","isPartOf":{"@id":"https:\/\/www.vita-explorers.dk\/blog\/verdensdagen-for-tegnsprog\/"},"author":{"name":"VITA Tribe","@id":"https:\/\/www.vita-explorers.dk\/blog\/#\/schema\/person\/d7df267b64f23018d1dc519e78fb2735"},"headline":"International tegnsprogsdag","datePublished":"2023-09-22T15:47:22+00:00","dateModified":"2024-09-25T20:34:42+00:00","mainEntityOfPage":{"@id":"https:\/\/www.vita-explorers.dk\/blog\/verdensdagen-for-tegnsprog\/"},"wordCount":364,"commentCount":0,"publisher":{"@id":"https:\/\/www.vita-explorers.dk\/blog\/#organization"},"image":{"@id":"https:\/\/www.vita-explorers.dk\/blog\/verdensdagen-for-tegnsprog\/#primaryimage"},"thumbnailUrl":"https:\/\/www.vita-explorers.dk\/blog\/wp-content\/uploads\/2023\/09\/mission-humanitaire-enfants-malentendants.png","articleSection":["Humanit\u00e6rt frivilligt arbejde","No Name","Nyheder","VITA Explorers"],"inLanguage":"da-DK","potentialAction":[{"@type":"CommentAction","name":"Comment","target":["https:\/\/www.vita-explorers.dk\/blog\/verdensdagen-for-tegnsprog\/#respond"]}]},{"@type":"WebPage","@id":"https:\/\/www.vita-explorers.dk\/blog\/verdensdagen-for-tegnsprog\/","url":"https:\/\/www.vita-explorers.dk\/blog\/verdensdagen-for-tegnsprog\/","name":"International tegnsprogsdag - VITA Explorers Blog","isPartOf":{"@id":"https:\/\/www.vita-explorers.dk\/blog\/#website"},"primaryImageOfPage":{"@id":"https:\/\/www.vita-explorers.dk\/blog\/verdensdagen-for-tegnsprog\/#primaryimage"},"image":{"@id":"https:\/\/www.vita-explorers.dk\/blog\/verdensdagen-for-tegnsprog\/#primaryimage"},"thumbnailUrl":"https:\/\/www.vita-explorers.dk\/blog\/wp-content\/uploads\/2023\/09\/mission-humanitaire-enfants-malentendants.png","datePublished":"2023-09-22T15:47:22+00:00","dateModified":"2024-09-25T20:34:42+00:00","description":"D\u00e9couvrez l'importance de la Journ\u00e9e Mondiale de la Langue des Signes pour promouvoir l'inclusion des personnes sourdes et malentendantes.","breadcrumb":{"@id":"https:\/\/www.vita-explorers.dk\/blog\/verdensdagen-for-tegnsprog\/#breadcrumb"},"inLanguage":"da-DK","potentialAction":[{"@type":"ReadAction","target":["https:\/\/www.vita-explorers.dk\/blog\/verdensdagen-for-tegnsprog\/"]}]},{"@type":"ImageObject","inLanguage":"da-DK","@id":"https:\/\/www.vita-explorers.dk\/blog\/verdensdagen-for-tegnsprog\/#primaryimage","url":"https:\/\/www.vita-explorers.dk\/blog\/wp-content\/uploads\/2023\/09\/mission-humanitaire-enfants-malentendants.png","contentUrl":"https:\/\/www.vita-explorers.dk\/blog\/wp-content\/uploads\/2023\/09\/mission-humanitaire-enfants-malentendants.png","width":1450,"height":1454,"caption":"Journ\u00e9e mondiale de la langue des signes"},{"@type":"BreadcrumbList","@id":"https:\/\/www.vita-explorers.dk\/blog\/verdensdagen-for-tegnsprog\/#breadcrumb","itemListElement":[{"@type":"ListItem","position":1,"name":"Accueil","item":"https:\/\/www.vita-explorers.dk\/blog\/"},{"@type":"ListItem","position":2,"name":"International tegnsprogsdag"}]},{"@type":"WebSite","@id":"https:\/\/www.vita-explorers.dk\/blog\/#website","url":"https:\/\/www.vita-explorers.dk\/blog\/","name":"Association Globalong","description":"Frivilligt arbejde, sprogophold, praktik i udlandet og internationale oplevelser","publisher":{"@id":"https:\/\/www.vita-explorers.dk\/blog\/#organization"},"potentialAction":[{"@type":"SearchAction","target":{"@type":"EntryPoint","urlTemplate":"https:\/\/www.vita-explorers.dk\/blog\/?s={search_term_string}"},"query-input":{"@type":"PropertyValueSpecification","valueRequired":true,"valueName":"search_term_string"}}],"inLanguage":"da-DK"},{"@type":"Organization","@id":"https:\/\/www.vita-explorers.dk\/blog\/#organization","name":"Association Globalong","url":"https:\/\/www.vita-explorers.dk\/blog\/","logo":{"@type":"ImageObject","inLanguage":"da-DK","@id":"https:\/\/www.vita-explorers.dk\/blog\/#\/schema\/logo\/image\/","url":"https:\/\/www.globalong.com\/blog\/wp-content\/uploads\/2014\/11\/cropped-cropped-Logo-et-Afrique-Globalong-petite-taille-2.jpg","contentUrl":"https:\/\/www.globalong.com\/blog\/wp-content\/uploads\/2014\/11\/cropped-cropped-Logo-et-Afrique-Globalong-petite-taille-2.jpg","width":512,"height":512,"caption":"Association Globalong"},"image":{"@id":"https:\/\/www.vita-explorers.dk\/blog\/#\/schema\/logo\/image\/"},"sameAs":["https:\/\/www.facebook.com\/globalong"]},{"@type":"Person","@id":"https:\/\/www.vita-explorers.dk\/blog\/#\/schema\/person\/d7df267b64f23018d1dc519e78fb2735","name":"VITA Tribe","image":{"@type":"ImageObject","inLanguage":"da-DK","@id":"https:\/\/www.vita-explorers.dk\/blog\/#\/schema\/person\/image\/","url":"https:\/\/secure.gravatar.com\/avatar\/81461bcc213d0ff2bdc043d4206648f0?s=96&d=mm&r=g","contentUrl":"https:\/\/secure.gravatar.com\/avatar\/81461bcc213d0ff2bdc043d4206648f0?s=96&d=mm&r=g","caption":"VITA Tribe"},"sameAs":["https:\/\/www.globalong.com"],"url":"https:\/\/www.vita-explorers.dk\/blog\/author\/sophie\/"}]}},"_links":{"self":[{"href":"https:\/\/www.vita-explorers.dk\/blog\/wp-json\/wp\/v2\/posts\/15695"}],"collection":[{"href":"https:\/\/www.vita-explorers.dk\/blog\/wp-json\/wp\/v2\/posts"}],"about":[{"href":"https:\/\/www.vita-explorers.dk\/blog\/wp-json\/wp\/v2\/types\/post"}],"author":[{"embeddable":true,"href":"https:\/\/www.vita-explorers.dk\/blog\/wp-json\/wp\/v2\/users\/1"}],"replies":[{"embeddable":true,"href":"https:\/\/www.vita-explorers.dk\/blog\/wp-json\/wp\/v2\/comments?post=15695"}],"version-history":[{"count":6,"href":"https:\/\/www.vita-explorers.dk\/blog\/wp-json\/wp\/v2\/posts\/15695\/revisions"}],"predecessor-version":[{"id":17649,"href":"https:\/\/www.vita-explorers.dk\/blog\/wp-json\/wp\/v2\/posts\/15695\/revisions\/17649"}],"wp:featuredmedia":[{"embeddable":true,"href":"https:\/\/www.vita-explorers.dk\/blog\/wp-json\/wp\/v2\/media\/15696"}],"wp:attachment":[{"href":"https:\/\/www.vita-explorers.dk\/blog\/wp-json\/wp\/v2\/media?parent=15695"}],"wp:term":[{"taxonomy":"category","embeddable":true,"href":"https:\/\/www.vita-explorers.dk\/blog\/wp-json\/wp\/v2\/categories?post=15695"},{"taxonomy":"post_tag","embeddable":true,"href":"https:\/\/www.vita-explorers.dk\/blog\/wp-json\/wp\/v2\/tags?post=15695"}],"curies":[{"name":"wp","href":"https:\/\/api.w.org\/{rel}","templated":true}]}}