{"id":15712,"date":"2018-01-02T10:56:15","date_gmt":"2018-01-02T09:56:15","guid":{"rendered":"https:\/\/www.globalong.com\/blog\/?p=15712"},"modified":"2023-09-27T11:24:39","modified_gmt":"2023-09-27T09:24:39","slug":"udviklingvita","status":"publish","type":"post","link":"https:\/\/www.vita-explorers.dk\/blog\/udviklingvita\/","title":{"rendered":"Vores udvikling: En almennyttig organisation med samfundsnytte"},"content":{"rendered":"<p style=\"text-align: justify;\">Udviklingen i en organisation afspejler ofte skiftende ambitioner, v\u00e6kst og en vedvarende vilje til at st\u00f8tte det f\u00e6llesskab, man er en del af. I dag deler vi en vigtig milep\u00e6l: VITA Institute har taget skridtet fra at v\u00e6re organiseret som en virksomhed til at blive en almennyttig forening med et tydeligt form\u00e5l. Det markerer en ny fase for os og styrker vores engagement i meningsfulde projekter verden over.<\/p>\n<p style=\"text-align: justify;\"><strong>Vores start som virksomhed<\/strong><\/p>\n<p><img loading=\"lazy\" decoding=\"async\" class=\"alignright wp-image-15717 size-medium\" src=\"https:\/\/www.vita-explorers.dk\/blog\/wp-content\/uploads\/2018\/01\/Capture-de\u0301cran-2023-09-27-a\u0300-11.18.27-300x249.png\" alt=\"\" width=\"300\" height=\"249\" srcset=\"https:\/\/www.vita-explorers.dk\/blog\/wp-content\/uploads\/2018\/01\/Capture-de\u0301cran-2023-09-27-a\u0300-11.18.27-300x249.png 300w, https:\/\/www.vita-explorers.dk\/blog\/wp-content\/uploads\/2018\/01\/Capture-de\u0301cran-2023-09-27-a\u0300-11.18.27-1024x849.png 1024w, https:\/\/www.vita-explorers.dk\/blog\/wp-content\/uploads\/2018\/01\/Capture-de\u0301cran-2023-09-27-a\u0300-11.18.27-768x637.png 768w, https:\/\/www.vita-explorers.dk\/blog\/wp-content\/uploads\/2018\/01\/Capture-de\u0301cran-2023-09-27-a\u0300-11.18.27.png 1194w\" sizes=\"(max-width: 300px) 100vw, 300px\" \/><\/p>\n<p style=\"text-align: justify;\">Vi begyndte med en klar id\u00e9: at tilbyde sprogophold af h\u00f8j kvalitet. Dengang var en virksomhedsstruktur et naturligt valg, fordi den passede til vores aktiviteter og de m\u00e5l, vi startede med. Vores fokus var at give mennesker fra forskellige baggrunde mulighed for at l\u00e6re nye sprog og skabe st\u00f8rre \u00e5benhed og interkulturel forst\u00e5else.<\/p>\n<p style=\"text-align: justify;\">I den f\u00f8rste periode havde vi to ambitioner: Dels at udvikle st\u00e6rke sprogophold, dels at bruge en del af overskuddet p\u00e5 at st\u00f8tte lokale projekter rundt omkring i verden. Det afspejlede vores \u00f8nske om at skabe v\u00e6rdi ud over det, vi tilb\u00f8d i hverdagen. Midler fra vores sprogophold blev derfor kanaliseret videre til sociale indsatser og projekter, hvor ressourcer kunne g\u00f8re en konkret forskel.<\/p>\n<p style=\"text-align: justify;\">Organisationsformen gav os ogs\u00e5 mulighed for at tiltr\u00e6kke investorer og sikre finansiering til forskellige initiativer. Det skabte den stabilitet, der skulle til for at udvikle vores aktiviteter, tilbyde flere l\u00e6ringsmuligheder og st\u00f8tte indsatser, som har efterladt et varigt positivt aftryk. Over tid voksede vores erfaringer og vores ambition om at bidrage mere tydeligt til positive forandringer, og det fik os til at gent\u00e6nke rammen for VITA Institute.<\/p>\n<p style=\"text-align: justify;\"><strong>Vores udvidede form\u00e5l<\/strong><\/p>\n<p style=\"text-align: justify;\">Forandringen tog form, da vi begyndte at se nye muligheder for at st\u00f8tte b\u00e5de mennesker og f\u00e6llesskaber globalt. I teamet voksede \u00f8nsket om at engagere os mere i sociale indsatser, st\u00f8tte projekter med fokus p\u00e5 forandring, samle midler ind til vigtige form\u00e5l og g\u00f8re frivilligt arbejde mere tilg\u00e6ngeligt for flere.<\/p>\n<p style=\"text-align: justify;\">Derfor gik vi i gang med en tydelig udvikling, hvor vores aktiviteter blev udvidet med solidaritets- og internationale initiativer. De nye spor voksede hurtigt og blev en central del af vores identitet. Samtidig stod det klart, at den tidligere virksomhedsramme ikke l\u00e6ngere afspejlede vores reelle retning og det f\u00e6lles ansvar, vi \u00f8nskede at tage.<\/p>\n<p style=\"text-align: justify;\"><strong>Tilblivelsen af vores almennyttige forening<\/strong><\/p>\n<p style=\"text-align: justify;\"><img loading=\"lazy\" decoding=\"async\" class=\"alignleft size-medium wp-image-15718\" src=\"https:\/\/www.vita-explorers.dk\/blog\/wp-content\/uploads\/2018\/01\/Capture-de\u0301cran-2023-09-27-a\u0300-11.20.17-300x252.png\" alt=\"\" width=\"300\" height=\"252\" srcset=\"https:\/\/www.vita-explorers.dk\/blog\/wp-content\/uploads\/2018\/01\/Capture-de\u0301cran-2023-09-27-a\u0300-11.20.17-300x252.png 300w, https:\/\/www.vita-explorers.dk\/blog\/wp-content\/uploads\/2018\/01\/Capture-de\u0301cran-2023-09-27-a\u0300-11.20.17-768x645.png 768w, https:\/\/www.vita-explorers.dk\/blog\/wp-content\/uploads\/2018\/01\/Capture-de\u0301cran-2023-09-27-a\u0300-11.20.17.png 924w\" sizes=\"(max-width: 300px) 100vw, 300px\" \/>P\u00e5 den baggrund besluttede vi at etablere VITA Institute som en almennyttig forening. Den \u00e6ndring g\u00f8r det lettere at lade vores form\u00e5l og vores m\u00e5de at arbejde p\u00e5 h\u00e6nge naturligt sammen. M\u00e5let er enkelt: at bidrage til en mere b\u00e6redygtig og retf\u00e6rdig verden ved at mobilisere vores ressourcer, erfaring og community til projekter med en positiv effekt for mennesker og samfund.<\/p>\n<p style=\"text-align: justify;\">Som almennyttig forening arbejder vi ud fra v\u00e6rdier om solidaritet, socialt engagement og langsigtet ansvarlighed. Vi tror p\u00e5, at den nye struktur styrker vores mulighed for at samarbejde bredt, samle midler ind til vigtige indsatser og inspirere flere til at deltage i frivilligt arbejde gennem ansvarlige internationale forl\u00f8b. Vi \u00f8nsker at bidrage aktivt til FN\u2019s verdensm\u00e5l og v\u00e6re med til at finde l\u00f8sninger p\u00e5 nogle af de udfordringer, verden st\u00e5r overfor.<\/p>\n<p style=\"text-align: justify;\"><strong>Vores engagement i en bedre fremtid<\/strong><\/p>\n<p style=\"text-align: justify;\">Den organisatoriske \u00e6ndring er kun \u00e9t skridt p\u00e5 vejen. Vi holder fast i ambitionen om at skabe positive forandringer og bidrage til indsatser med varig v\u00e6rdi. Vi gl\u00e6der os til at forts\u00e6tte arbejdet med projekter, der betyder noget, styrke lysten til at engagere sig og v\u00e6re med til at bygge et mere retf\u00e6rdigt og balanceret samfund for flere.<\/p>\n<p style=\"text-align: justify;\"><img loading=\"lazy\" decoding=\"async\" class=\"alignright size-medium wp-image-15719\" src=\"https:\/\/www.vita-explorers.dk\/blog\/wp-content\/uploads\/2018\/01\/Capture-de\u0301cran-2023-09-27-a\u0300-11.21.02-300x227.png\" alt=\"\" width=\"300\" height=\"227\" srcset=\"https:\/\/www.vita-explorers.dk\/blog\/wp-content\/uploads\/2018\/01\/Capture-de\u0301cran-2023-09-27-a\u0300-11.21.02-300x227.png 300w, https:\/\/www.vita-explorers.dk\/blog\/wp-content\/uploads\/2018\/01\/Capture-de\u0301cran-2023-09-27-a\u0300-11.21.02-1024x773.png 1024w, https:\/\/www.vita-explorers.dk\/blog\/wp-content\/uploads\/2018\/01\/Capture-de\u0301cran-2023-09-27-a\u0300-11.21.02-768x580.png 768w, https:\/\/www.vita-explorers.dk\/blog\/wp-content\/uploads\/2018\/01\/Capture-de\u0301cran-2023-09-27-a\u0300-11.21.02.png 1070w\" sizes=\"(max-width: 300px) 100vw, 300px\" \/>Vi vil gerne sige tak til vores community, vores samarbejdspartnere og alle jer, der har fulgt og st\u00f8ttet os gennem forandringen. Sammen er vi klar til at forts\u00e6tte med et fokus, hvor ansvarlighed og engagement er en naturlig del af alt det, vi g\u00f8r. Du er meget velkommen til at v\u00e6re med i det n\u00e6ste kapitel og bidrage til vores f\u00e6lles m\u00e5l om positiv forandring til gavn for flere.<\/p>\n<p style=\"text-align: justify;\">F\u00f8lg med her p\u00e5 siden, hvor vi snart deler mere om kommende projekter og initiativer \u2014 vores historie forts\u00e6tter, og vi er glade for at have dig med p\u00e5 vejen.<\/p>\n<div id=\"aircall-extension-app\" style=\"text-align: justify;\"><\/div>\n<div id=\"aircall-extension-app\" style=\"text-align: justify;\"><\/div>\n<div id=\"aircall-extension-app\"><\/div>\n<div id=\"aircall-extension-app\"><\/div>\n","protected":false},"excerpt":{"rendered":"<p>Udviklingen i en organisation afspejler ofte skiftende ambitioner, v\u00e6kst og en vedvarende vilje til at st\u00f8tte det f\u00e6llesskab, man er en del af. I\u2026<\/p>\n","protected":false},"author":1,"featured_media":15719,"comment_status":"open","ping_status":"open","sticky":false,"template":"","format":"standard","meta":{"footnotes":""},"categories":[8,1,6,5,4],"tags":[],"yoast_head":"<!-- This site is optimized with the Yoast SEO Premium plugin v23.4 (Yoast SEO v23.4) - https:\/\/yoast.com\/wordpress\/plugins\/seo\/ -->\n<title>Vores udvikling: En almennyttig organisation med samfundsnytte - VITA Explorers Blog<\/title>\n<meta name=\"robots\" content=\"index, follow, max-snippet:-1, max-image-preview:large, max-video-preview:-1\" \/>\n<link rel=\"canonical\" href=\"https:\/\/www.vita-explorers.dk\/blog\/udviklingvita\/\" \/>\n<meta property=\"og:locale\" content=\"da_DK\" \/>\n<meta property=\"og:type\" content=\"article\" \/>\n<meta property=\"og:title\" content=\"Vores udvikling: En almennyttig organisation med samfundsnytte\" \/>\n<meta property=\"og:description\" content=\"Udviklingen i en organisation afspejler ofte skiftende ambitioner, v\u00e6kst og en vedvarende vilje til at st\u00f8tte det f\u00e6llesskab, man er en del af. I\u2026\" \/>\n<meta property=\"og:url\" content=\"https:\/\/www.vita-explorers.dk\/blog\/udviklingvita\/\" \/>\n<meta property=\"og:site_name\" content=\"VITA Explorers Blog\" \/>\n<meta property=\"article:publisher\" content=\"https:\/\/www.facebook.com\/globalong\" \/>\n<meta property=\"article:published_time\" content=\"2018-01-02T09:56:15+00:00\" \/>\n<meta property=\"article:modified_time\" content=\"2023-09-27T09:24:39+00:00\" \/>\n<meta property=\"og:image\" content=\"https:\/\/www.vita-explorers.dk\/blog\/wp-content\/uploads\/2018\/01\/Capture-de\u0301cran-2023-09-27-a\u0300-11.21.02.png\" \/>\n\t<meta property=\"og:image:width\" content=\"1070\" \/>\n\t<meta property=\"og:image:height\" content=\"808\" \/>\n\t<meta property=\"og:image:type\" content=\"image\/png\" \/>\n<meta name=\"author\" content=\"VITA Tribe\" \/>\n<meta name=\"twitter:card\" content=\"summary_large_image\" \/>\n<meta name=\"twitter:label1\" content=\"Skrevet af\" \/>\n\t<meta name=\"twitter:data1\" content=\"VITA Tribe\" \/>\n\t<meta name=\"twitter:label2\" content=\"Estimeret l\u00e6setid\" \/>\n\t<meta name=\"twitter:data2\" content=\"4 minutter\" \/>\n<script type=\"application\/ld+json\" class=\"yoast-schema-graph\">{\"@context\":\"https:\/\/schema.org\",\"@graph\":[{\"@type\":\"Article\",\"@id\":\"https:\/\/www.vita-explorers.dk\/blog\/udviklingvita\/#article\",\"isPartOf\":{\"@id\":\"https:\/\/www.vita-explorers.dk\/blog\/udviklingvita\/\"},\"author\":{\"name\":\"VITA Tribe\",\"@id\":\"https:\/\/www.vita-explorers.dk\/blog\/#\/schema\/person\/d7df267b64f23018d1dc519e78fb2735\"},\"headline\":\"Vores udvikling: En almennyttig organisation med samfundsnytte\",\"datePublished\":\"2018-01-02T09:56:15+00:00\",\"dateModified\":\"2023-09-27T09:24:39+00:00\",\"mainEntityOfPage\":{\"@id\":\"https:\/\/www.vita-explorers.dk\/blog\/udviklingvita\/\"},\"wordCount\":728,\"commentCount\":0,\"publisher\":{\"@id\":\"https:\/\/www.vita-explorers.dk\/blog\/#organization\"},\"image\":{\"@id\":\"https:\/\/www.vita-explorers.dk\/blog\/udviklingvita\/#primaryimage\"},\"thumbnailUrl\":\"https:\/\/www.vita-explorers.dk\/blog\/wp-content\/uploads\/2018\/01\/Capture-de\u0301cran-2023-09-27-a\u0300-11.21.02.png\",\"articleSection\":[\"Humanit\u00e6rt frivilligt arbejde\",\"No Name\",\"Nyheder\",\"Sprogophold\",\"VITA Explorers\"],\"inLanguage\":\"da-DK\",\"potentialAction\":[{\"@type\":\"CommentAction\",\"name\":\"Comment\",\"target\":[\"https:\/\/www.vita-explorers.dk\/blog\/udviklingvita\/#respond\"]}]},{\"@type\":\"WebPage\",\"@id\":\"https:\/\/www.vita-explorers.dk\/blog\/udviklingvita\/\",\"url\":\"https:\/\/www.vita-explorers.dk\/blog\/udviklingvita\/\",\"name\":\"Vores udvikling: En almennyttig organisation med samfundsnytte - VITA Explorers Blog\",\"isPartOf\":{\"@id\":\"https:\/\/www.vita-explorers.dk\/blog\/#website\"},\"primaryImageOfPage\":{\"@id\":\"https:\/\/www.vita-explorers.dk\/blog\/udviklingvita\/#primaryimage\"},\"image\":{\"@id\":\"https:\/\/www.vita-explorers.dk\/blog\/udviklingvita\/#primaryimage\"},\"thumbnailUrl\":\"https:\/\/www.vita-explorers.dk\/blog\/wp-content\/uploads\/2018\/01\/Capture-de\u0301cran-2023-09-27-a\u0300-11.21.02.png\",\"datePublished\":\"2018-01-02T09:56:15+00:00\",\"dateModified\":\"2023-09-27T09:24:39+00:00\",\"breadcrumb\":{\"@id\":\"https:\/\/www.vita-explorers.dk\/blog\/udviklingvita\/#breadcrumb\"},\"inLanguage\":\"da-DK\",\"potentialAction\":[{\"@type\":\"ReadAction\",\"target\":[\"https:\/\/www.vita-explorers.dk\/blog\/udviklingvita\/\"]}]},{\"@type\":\"ImageObject\",\"inLanguage\":\"da-DK\",\"@id\":\"https:\/\/www.vita-explorers.dk\/blog\/udviklingvita\/#primaryimage\",\"url\":\"https:\/\/www.vita-explorers.dk\/blog\/wp-content\/uploads\/2018\/01\/Capture-de\u0301cran-2023-09-27-a\u0300-11.21.02.png\",\"contentUrl\":\"https:\/\/www.vita-explorers.dk\/blog\/wp-content\/uploads\/2018\/01\/Capture-de\u0301cran-2023-09-27-a\u0300-11.21.02.png\",\"width\":1070,\"height\":808,\"caption\":\"Comment int\u00e9grer une mission humanitaire\"},{\"@type\":\"BreadcrumbList\",\"@id\":\"https:\/\/www.vita-explorers.dk\/blog\/udviklingvita\/#breadcrumb\",\"itemListElement\":[{\"@type\":\"ListItem\",\"position\":1,\"name\":\"Accueil\",\"item\":\"https:\/\/www.vita-explorers.dk\/blog\/\"},{\"@type\":\"ListItem\",\"position\":2,\"name\":\"Vores udvikling: En almennyttig organisation med samfundsnytte\"}]},{\"@type\":\"WebSite\",\"@id\":\"https:\/\/www.vita-explorers.dk\/blog\/#website\",\"url\":\"https:\/\/www.vita-explorers.dk\/blog\/\",\"name\":\"Association Globalong\",\"description\":\"Frivilligt arbejde, sprogophold, praktik i udlandet og internationale oplevelser\",\"publisher\":{\"@id\":\"https:\/\/www.vita-explorers.dk\/blog\/#organization\"},\"potentialAction\":[{\"@type\":\"SearchAction\",\"target\":{\"@type\":\"EntryPoint\",\"urlTemplate\":\"https:\/\/www.vita-explorers.dk\/blog\/?s={search_term_string}\"},\"query-input\":{\"@type\":\"PropertyValueSpecification\",\"valueRequired\":true,\"valueName\":\"search_term_string\"}}],\"inLanguage\":\"da-DK\"},{\"@type\":\"Organization\",\"@id\":\"https:\/\/www.vita-explorers.dk\/blog\/#organization\",\"name\":\"Association Globalong\",\"url\":\"https:\/\/www.vita-explorers.dk\/blog\/\",\"logo\":{\"@type\":\"ImageObject\",\"inLanguage\":\"da-DK\",\"@id\":\"https:\/\/www.vita-explorers.dk\/blog\/#\/schema\/logo\/image\/\",\"url\":\"https:\/\/www.globalong.com\/blog\/wp-content\/uploads\/2014\/11\/cropped-cropped-Logo-et-Afrique-Globalong-petite-taille-2.jpg\",\"contentUrl\":\"https:\/\/www.globalong.com\/blog\/wp-content\/uploads\/2014\/11\/cropped-cropped-Logo-et-Afrique-Globalong-petite-taille-2.jpg\",\"width\":512,\"height\":512,\"caption\":\"Association Globalong\"},\"image\":{\"@id\":\"https:\/\/www.vita-explorers.dk\/blog\/#\/schema\/logo\/image\/\"},\"sameAs\":[\"https:\/\/www.facebook.com\/globalong\"]},{\"@type\":\"Person\",\"@id\":\"https:\/\/www.vita-explorers.dk\/blog\/#\/schema\/person\/d7df267b64f23018d1dc519e78fb2735\",\"name\":\"VITA Tribe\",\"image\":{\"@type\":\"ImageObject\",\"inLanguage\":\"da-DK\",\"@id\":\"https:\/\/www.vita-explorers.dk\/blog\/#\/schema\/person\/image\/\",\"url\":\"https:\/\/secure.gravatar.com\/avatar\/81461bcc213d0ff2bdc043d4206648f0?s=96&d=mm&r=g\",\"contentUrl\":\"https:\/\/secure.gravatar.com\/avatar\/81461bcc213d0ff2bdc043d4206648f0?s=96&d=mm&r=g\",\"caption\":\"VITA Tribe\"},\"sameAs\":[\"https:\/\/www.globalong.com\"],\"url\":\"https:\/\/www.vita-explorers.dk\/blog\/author\/sophie\/\"}]}<\/script>\n<!-- \/ Yoast SEO Premium plugin. -->","yoast_head_json":{"title":"Vores udvikling: En almennyttig organisation med samfundsnytte - VITA Explorers Blog","robots":{"index":"index","follow":"follow","max-snippet":"max-snippet:-1","max-image-preview":"max-image-preview:large","max-video-preview":"max-video-preview:-1"},"canonical":"https:\/\/www.vita-explorers.dk\/blog\/udviklingvita\/","og_locale":"da_DK","og_type":"article","og_title":"Vores udvikling: En almennyttig organisation med samfundsnytte","og_description":"Udviklingen i en organisation afspejler ofte skiftende ambitioner, v\u00e6kst og en vedvarende vilje til at st\u00f8tte det f\u00e6llesskab, man er en del af. I\u2026","og_url":"https:\/\/www.vita-explorers.dk\/blog\/udviklingvita\/","og_site_name":"VITA Explorers Blog","article_publisher":"https:\/\/www.facebook.com\/globalong","article_published_time":"2018-01-02T09:56:15+00:00","article_modified_time":"2023-09-27T09:24:39+00:00","og_image":[{"width":1070,"height":808,"url":"https:\/\/www.vita-explorers.dk\/blog\/wp-content\/uploads\/2018\/01\/Capture-de\u0301cran-2023-09-27-a\u0300-11.21.02.png","type":"image\/png"}],"author":"VITA Tribe","twitter_card":"summary_large_image","twitter_misc":{"Skrevet af":"VITA Tribe","Estimeret l\u00e6setid":"4 minutter"},"schema":{"@context":"https:\/\/schema.org","@graph":[{"@type":"Article","@id":"https:\/\/www.vita-explorers.dk\/blog\/udviklingvita\/#article","isPartOf":{"@id":"https:\/\/www.vita-explorers.dk\/blog\/udviklingvita\/"},"author":{"name":"VITA Tribe","@id":"https:\/\/www.vita-explorers.dk\/blog\/#\/schema\/person\/d7df267b64f23018d1dc519e78fb2735"},"headline":"Vores udvikling: En almennyttig organisation med samfundsnytte","datePublished":"2018-01-02T09:56:15+00:00","dateModified":"2023-09-27T09:24:39+00:00","mainEntityOfPage":{"@id":"https:\/\/www.vita-explorers.dk\/blog\/udviklingvita\/"},"wordCount":728,"commentCount":0,"publisher":{"@id":"https:\/\/www.vita-explorers.dk\/blog\/#organization"},"image":{"@id":"https:\/\/www.vita-explorers.dk\/blog\/udviklingvita\/#primaryimage"},"thumbnailUrl":"https:\/\/www.vita-explorers.dk\/blog\/wp-content\/uploads\/2018\/01\/Capture-de\u0301cran-2023-09-27-a\u0300-11.21.02.png","articleSection":["Humanit\u00e6rt frivilligt arbejde","No Name","Nyheder","Sprogophold","VITA Explorers"],"inLanguage":"da-DK","potentialAction":[{"@type":"CommentAction","name":"Comment","target":["https:\/\/www.vita-explorers.dk\/blog\/udviklingvita\/#respond"]}]},{"@type":"WebPage","@id":"https:\/\/www.vita-explorers.dk\/blog\/udviklingvita\/","url":"https:\/\/www.vita-explorers.dk\/blog\/udviklingvita\/","name":"Vores udvikling: En almennyttig organisation med samfundsnytte - VITA Explorers Blog","isPartOf":{"@id":"https:\/\/www.vita-explorers.dk\/blog\/#website"},"primaryImageOfPage":{"@id":"https:\/\/www.vita-explorers.dk\/blog\/udviklingvita\/#primaryimage"},"image":{"@id":"https:\/\/www.vita-explorers.dk\/blog\/udviklingvita\/#primaryimage"},"thumbnailUrl":"https:\/\/www.vita-explorers.dk\/blog\/wp-content\/uploads\/2018\/01\/Capture-de\u0301cran-2023-09-27-a\u0300-11.21.02.png","datePublished":"2018-01-02T09:56:15+00:00","dateModified":"2023-09-27T09:24:39+00:00","breadcrumb":{"@id":"https:\/\/www.vita-explorers.dk\/blog\/udviklingvita\/#breadcrumb"},"inLanguage":"da-DK","potentialAction":[{"@type":"ReadAction","target":["https:\/\/www.vita-explorers.dk\/blog\/udviklingvita\/"]}]},{"@type":"ImageObject","inLanguage":"da-DK","@id":"https:\/\/www.vita-explorers.dk\/blog\/udviklingvita\/#primaryimage","url":"https:\/\/www.vita-explorers.dk\/blog\/wp-content\/uploads\/2018\/01\/Capture-de\u0301cran-2023-09-27-a\u0300-11.21.02.png","contentUrl":"https:\/\/www.vita-explorers.dk\/blog\/wp-content\/uploads\/2018\/01\/Capture-de\u0301cran-2023-09-27-a\u0300-11.21.02.png","width":1070,"height":808,"caption":"Comment int\u00e9grer une mission humanitaire"},{"@type":"BreadcrumbList","@id":"https:\/\/www.vita-explorers.dk\/blog\/udviklingvita\/#breadcrumb","itemListElement":[{"@type":"ListItem","position":1,"name":"Accueil","item":"https:\/\/www.vita-explorers.dk\/blog\/"},{"@type":"ListItem","position":2,"name":"Vores udvikling: En almennyttig organisation med samfundsnytte"}]},{"@type":"WebSite","@id":"https:\/\/www.vita-explorers.dk\/blog\/#website","url":"https:\/\/www.vita-explorers.dk\/blog\/","name":"Association Globalong","description":"Frivilligt arbejde, sprogophold, praktik i udlandet og internationale oplevelser","publisher":{"@id":"https:\/\/www.vita-explorers.dk\/blog\/#organization"},"potentialAction":[{"@type":"SearchAction","target":{"@type":"EntryPoint","urlTemplate":"https:\/\/www.vita-explorers.dk\/blog\/?s={search_term_string}"},"query-input":{"@type":"PropertyValueSpecification","valueRequired":true,"valueName":"search_term_string"}}],"inLanguage":"da-DK"},{"@type":"Organization","@id":"https:\/\/www.vita-explorers.dk\/blog\/#organization","name":"Association Globalong","url":"https:\/\/www.vita-explorers.dk\/blog\/","logo":{"@type":"ImageObject","inLanguage":"da-DK","@id":"https:\/\/www.vita-explorers.dk\/blog\/#\/schema\/logo\/image\/","url":"https:\/\/www.globalong.com\/blog\/wp-content\/uploads\/2014\/11\/cropped-cropped-Logo-et-Afrique-Globalong-petite-taille-2.jpg","contentUrl":"https:\/\/www.globalong.com\/blog\/wp-content\/uploads\/2014\/11\/cropped-cropped-Logo-et-Afrique-Globalong-petite-taille-2.jpg","width":512,"height":512,"caption":"Association Globalong"},"image":{"@id":"https:\/\/www.vita-explorers.dk\/blog\/#\/schema\/logo\/image\/"},"sameAs":["https:\/\/www.facebook.com\/globalong"]},{"@type":"Person","@id":"https:\/\/www.vita-explorers.dk\/blog\/#\/schema\/person\/d7df267b64f23018d1dc519e78fb2735","name":"VITA Tribe","image":{"@type":"ImageObject","inLanguage":"da-DK","@id":"https:\/\/www.vita-explorers.dk\/blog\/#\/schema\/person\/image\/","url":"https:\/\/secure.gravatar.com\/avatar\/81461bcc213d0ff2bdc043d4206648f0?s=96&d=mm&r=g","contentUrl":"https:\/\/secure.gravatar.com\/avatar\/81461bcc213d0ff2bdc043d4206648f0?s=96&d=mm&r=g","caption":"VITA Tribe"},"sameAs":["https:\/\/www.globalong.com"],"url":"https:\/\/www.vita-explorers.dk\/blog\/author\/sophie\/"}]}},"_links":{"self":[{"href":"https:\/\/www.vita-explorers.dk\/blog\/wp-json\/wp\/v2\/posts\/15712"}],"collection":[{"href":"https:\/\/www.vita-explorers.dk\/blog\/wp-json\/wp\/v2\/posts"}],"about":[{"href":"https:\/\/www.vita-explorers.dk\/blog\/wp-json\/wp\/v2\/types\/post"}],"author":[{"embeddable":true,"href":"https:\/\/www.vita-explorers.dk\/blog\/wp-json\/wp\/v2\/users\/1"}],"replies":[{"embeddable":true,"href":"https:\/\/www.vita-explorers.dk\/blog\/wp-json\/wp\/v2\/comments?post=15712"}],"version-history":[{"count":7,"href":"https:\/\/www.vita-explorers.dk\/blog\/wp-json\/wp\/v2\/posts\/15712\/revisions"}],"predecessor-version":[{"id":15722,"href":"https:\/\/www.vita-explorers.dk\/blog\/wp-json\/wp\/v2\/posts\/15712\/revisions\/15722"}],"wp:featuredmedia":[{"embeddable":true,"href":"https:\/\/www.vita-explorers.dk\/blog\/wp-json\/wp\/v2\/media\/15719"}],"wp:attachment":[{"href":"https:\/\/www.vita-explorers.dk\/blog\/wp-json\/wp\/v2\/media?parent=15712"}],"wp:term":[{"taxonomy":"category","embeddable":true,"href":"https:\/\/www.vita-explorers.dk\/blog\/wp-json\/wp\/v2\/categories?post=15712"},{"taxonomy":"post_tag","embeddable":true,"href":"https:\/\/www.vita-explorers.dk\/blog\/wp-json\/wp\/v2\/tags?post=15712"}],"curies":[{"name":"wp","href":"https:\/\/api.w.org\/{rel}","templated":true}]}}