{"id":15733,"date":"2023-10-06T17:23:19","date_gmt":"2023-10-06T15:23:19","guid":{"rendered":"https:\/\/www.globalong.com\/blog\/?p=15733"},"modified":"2024-09-25T22:27:58","modified_gmt":"2024-09-25T20:27:58","slug":"de-blode-kompetencer-du-udvikler-pa-et-internationalt-forlob","status":"publish","type":"post","link":"https:\/\/www.vita-explorers.dk\/blog\/de-blode-kompetencer-du-udvikler-pa-et-internationalt-forlob\/","title":{"rendered":"De personlige kompetencer, du udvikler gennem et humanit\u00e6rt ophold"},"content":{"rendered":"<h1 class=\"p1\" style=\"text-align: justify;\"><span style=\"font-size: 14pt;\"><strong>For nogle uger siden delte vi <a href=\"https:\/\/www.vita-explorers.dk\/blog\/de-vigtigste-kvaliteter-hos-en-deltager\/\" target=\"_blank\" rel=\"noopener\">de vigtigste kvaliteter, en deltager i internationale forl\u00f8b b\u00f8r have<\/a> for at f\u00e5 mest muligt ud af sit engagement \u2013 b\u00e5de under opholdet og n\u00e5r man kommer hjem.<\/strong><\/span><\/h1>\n<p class=\"p1\" style=\"text-align: justify;\"><span style=\"font-size: 12pt;\"><strong>I denne artikel ser vi p\u00e5 den anden side af sagen: Hvilke kompetencer giver et humanit\u00e6rt ophold i udlandet dig \u2013 is\u00e6r n\u00e5r det g\u00e6lder soft skills.<\/strong><\/span><\/p>\n<h3 class=\"p1\" style=\"text-align: justify;\"><span style=\"font-size: 12pt;\"><strong>Soft skills \u2013 i mods\u00e6tning til hard skills (alts\u00e5 tekniske kompetencer) \u2013 er i dag afg\u00f8rende og s\u00e6rligt v\u00e6rdifulde i b\u00e5de arbejdsliv og humanit\u00e6rt arbejde.<\/strong><\/span><\/h3>\n<p class=\"p1\" style=\"text-align: justify;\"><strong>Uanset hvilken sag eller hvilket omr\u00e5de man engagerer sig i, udvikler deltagere ofte en r\u00e6kke f\u00e6lles kompetencer undervejs \u2013 og netop de kompetencer er noget, mange arbejdsgivere l\u00e6gger m\u00e6rke til.<\/strong><\/p>\n<p class=\"p1\" style=\"text-align: justify;\"><strong>Til sammenligning har 40% af de fagpersoner, som LinkedIn har spurgt, sagt, at frivilligt engagement v\u00e6gter p\u00e5 niveau med l\u00f8nnet erhvervserfaring, n\u00e5r de vurderer kandidater.<\/strong><\/p>\n<p class=\"p1\" style=\"text-align: justify;\"><strong>Derfor giver det god mening at tale med vores medlemmer om, hvilke kompetencer de kan fremh\u00e6ve i deres professionelle liv, n\u00e5r de kommer hjem.<\/strong><\/p>\n<p class=\"p1\" style=\"text-align: justify;\"><strong>If\u00f8lge <a href=\"https:\/\/www.infocep.fr\/particuliers\/conseils-et-temoignages\/top-6-des-soft-skills-les-plus-recherchees\/\" target=\"_blank\" rel=\"noopener\">Conseil en \u00c9volution Professionnelle<\/a> \u2013 en offentlig organisation \u2013 er de seks mest efterspurgte soft skills:<\/strong><\/p>\n<ul class=\"ul1\" style=\"text-align: justify;\">\n<li class=\"li1\"><strong>Nysgerrighed<\/strong><\/li>\n<li class=\"li1\"><strong>Selvst\u00e6ndighed<\/strong><\/li>\n<li class=\"li1\"><strong>Aktiv og empatisk lytning samt interkulturel kommunikation<\/strong><\/li>\n<li class=\"li1\"><strong>Fleksibilitet og omstillingsparathed<\/strong><\/li>\n<li class=\"li1\"><strong>Evnen til at l\u00f8se problemer og et \u00e5bent sind<\/strong><\/li>\n<li class=\"li1\"><strong>Ansvarlighed og integritet<\/strong><\/li>\n<\/ul>\n<p class=\"p1\" style=\"text-align: justify;\"><strong>Lyder det bekendt?<\/strong><\/p>\n<p class=\"p1\" style=\"text-align: justify;\"><strong>Hvis du for nylig er vendt hjem fra et <a href=\"https:\/\/www.vita-explorers.dk\/blog\/dossiers-vita-ekstra-information-gode-rad-forskelle-sporgsmal-praktik-sprog-internationale-forlob-frivilligt-arbejde-sprogophold-udlandsophold-humanitaert-arbejde-projekt-sabbat\u00e5r\/benevolat-humanitaire\/\" target=\"_blank\" rel=\"noopener\">humanit\u00e6rt forl\u00f8b<\/a>, er det helt naturligt \u2013 for det er netop nogle af de soft skills, du typisk har udviklet eller styrket gennem dit engagement.<\/strong><\/p>\n<p class=\"p1\" style=\"text-align: justify;\"><strong>Derudover har du sandsynligvis ogs\u00e5 opbygget kompetencer, der er helt centrale p\u00e5 arbejdsmarkedet i dag \u2013 som robusthed og evnen til at h\u00e5ndtere stress. Uforudsete situationer opst\u00e5r ofte i humanit\u00e6re indsatser, og det kr\u00e6ver, at man kan t\u00e6nke hurtigt og finde l\u00f8sninger, der fungerer i praksis. Samtidig kan et ophold v\u00e6re mentalt kr\u00e6vende, og robusthed g\u00f8r det lettere at holde fast i sine opgaver, selv n\u00e5r det er udfordrende.<\/strong><\/p>\n<p class=\"p1\" style=\"text-align: justify;\"><strong>Du har formentlig ogs\u00e5 oplevet at skulle h\u00e5ndtere stress i akutte situationer eller i m\u00f8det med store kulturelle forskelle \u2013 og at bevare roen under pressede forhold.<\/strong><\/p>\n<p class=\"p1\" style=\"text-align: justify;\"><strong>Og s\u00e5 har du l\u00e6rt at arbejde i team og samarbejde t\u00e6t med andre \u2013 ofte p\u00e5 tv\u00e6rs af lande og kulturer \u2013 for at n\u00e5 f\u00e6lles m\u00e5l.<\/strong><\/p>\n<p class=\"p1\" style=\"text-align: justify;\"><strong>Nu handler det om at f\u00e5 mest muligt ud af de kompetencer \u2013 som nogle endda kalder \u201cmad skills\u201d, hvis du har v\u00e6ret afsted flere gange.<\/strong><\/p>\n<p class=\"p1\" style=\"text-align: justify;\"><strong>Vil du have vores tips til, hvordan du kan s\u00e6tte ord p\u00e5 det, du har l\u00e6rt, <a href=\"https:\/\/www.vita-explorers.dk\/blog\/VITA-tips: S\u00e5dan fremh\u00e6ver du dit engagement som deltager p\u00e5 LinkedIn\/\" target=\"_blank\" rel=\"noopener\">s\u00e5 klik her<\/a> \u2013 og hvis du vil se vores forl\u00f8b, <a href=\"https:\/\/www.vita-explorers.dk\/treeprod\" target=\"_blank\" rel=\"noopener\">s\u00e5 klik her<\/a>!<\/strong><\/p>\n<p><a href=\"https:\/\/www.vita-explorers.dk\/blog\/wp-content\/uploads\/2023\/10\/mission-humanitaire-en-afrique-ong.png\" target=\"_blank\" rel=\"noopener\"><img loading=\"lazy\" decoding=\"async\" class=\"aligncenter wp-image-15734 size-full\" src=\"https:\/\/www.vita-explorers.dk\/blog\/wp-content\/uploads\/2023\/10\/mission-humanitaire-en-afrique-ong.png\" alt=\"\" width=\"1456\" height=\"952\" srcset=\"https:\/\/www.vita-explorers.dk\/blog\/wp-content\/uploads\/2023\/10\/mission-humanitaire-en-afrique-ong.png 1456w, https:\/\/www.vita-explorers.dk\/blog\/wp-content\/uploads\/2023\/10\/mission-humanitaire-en-afrique-ong-300x196.png 300w, https:\/\/www.vita-explorers.dk\/blog\/wp-content\/uploads\/2023\/10\/mission-humanitaire-en-afrique-ong-1024x670.png 1024w, https:\/\/www.vita-explorers.dk\/blog\/wp-content\/uploads\/2023\/10\/mission-humanitaire-en-afrique-ong-768x502.png 768w\" sizes=\"(max-width: 1456px) 100vw, 1456px\" \/><\/a><\/p>\n<p class=\"p3\" style=\"text-align: center;\"><b>Vil du h\u00f8re mere, er du altid velkommen til at skrive til os p\u00e5 <\/b><a href=\"mailto:info@globalong.com\"><span class=\"s1\"><b>info@globalong.com<\/b><\/span><\/a><\/p>\n<p class=\"p3\" style=\"text-align: center;\"><b>Vil du f\u00f8lge med i VITA Institute og vores community, s\u00e5 find os p\u00e5 <\/b><a href=\"https:\/\/www.instagram.com\/globalongofficiel\/\"><span class=\"s1\"><b>Instagram<\/b><\/span><\/a><b>, <\/b><a href=\"https:\/\/www.facebook.com\/globalong\"><span class=\"s1\"><b>Facebook<\/b><\/span><\/a><b>, <\/b><a href=\"https:\/\/www.linkedin.com\/company\/5113177\/admin\/feed\/posts\/\"><span class=\"s1\"><b>LinkedIn<\/b><\/span><\/a><b> og <\/b><a href=\"https:\/\/www.youtube.com\/c\/globalong\/videos\"><span class=\"s1\"><b>Youtube<\/b><\/span><\/a><b>! <\/b><\/p>\n","protected":false},"excerpt":{"rendered":"<p>For nogle uger siden delte vi de vigtigste kvaliteter, en deltager i internationale forl\u00f8b b\u00f8r have for at f\u00e5 mest muligt ud af sit\u2026<\/p>\n","protected":false},"author":1,"featured_media":15734,"comment_status":"open","ping_status":"open","sticky":false,"template":"","format":"standard","meta":{"footnotes":""},"categories":[1,6,4],"tags":[],"yoast_head":"<!-- This site is optimized with the Yoast SEO Premium plugin v23.4 (Yoast SEO v23.4) - https:\/\/yoast.com\/wordpress\/plugins\/seo\/ -->\n<title>De personlige kompetencer, du udvikler gennem et humanit\u00e6rt ophold - VITA Explorers Blog<\/title>\n<meta name=\"description\" content=\"D\u00e9couvrez les soft skills d\u00e9velopp\u00e9es lors d&#039;une mission humanitaire. Curiosit\u00e9, autonomie, \u00e9coute active, communication, flexibilit\u00e9 etc\" \/>\n<meta name=\"robots\" content=\"index, follow, max-snippet:-1, max-image-preview:large, max-video-preview:-1\" \/>\n<link rel=\"canonical\" href=\"https:\/\/www.vita-explorers.dk\/blog\/de-blode-kompetencer-du-udvikler-pa-et-internationalt-forlob\/\" \/>\n<meta property=\"og:locale\" content=\"da_DK\" \/>\n<meta property=\"og:type\" content=\"article\" \/>\n<meta property=\"og:title\" content=\"De personlige kompetencer, du udvikler gennem et humanit\u00e6rt ophold\" \/>\n<meta property=\"og:description\" content=\"D\u00e9couvrez les soft skills d\u00e9velopp\u00e9es lors d&#039;une mission humanitaire. Curiosit\u00e9, autonomie, \u00e9coute active, communication, flexibilit\u00e9 etc\" \/>\n<meta property=\"og:url\" content=\"https:\/\/www.vita-explorers.dk\/blog\/de-blode-kompetencer-du-udvikler-pa-et-internationalt-forlob\/\" \/>\n<meta property=\"og:site_name\" content=\"VITA Explorers Blog\" \/>\n<meta property=\"article:publisher\" content=\"https:\/\/www.facebook.com\/globalong\" \/>\n<meta property=\"article:published_time\" content=\"2023-10-06T15:23:19+00:00\" \/>\n<meta property=\"article:modified_time\" content=\"2024-09-25T20:27:58+00:00\" \/>\n<meta property=\"og:image\" content=\"https:\/\/www.vita-explorers.dk\/blog\/wp-content\/uploads\/2023\/10\/mission-humanitaire-en-afrique-ong-1024x670.png\" \/>\n\t<meta property=\"og:image:width\" content=\"1024\" \/>\n\t<meta property=\"og:image:height\" content=\"670\" \/>\n\t<meta property=\"og:image:type\" content=\"image\/png\" \/>\n<meta name=\"author\" content=\"VITA Tribe\" \/>\n<meta name=\"twitter:card\" content=\"summary_large_image\" \/>\n<meta name=\"twitter:label1\" content=\"Skrevet af\" \/>\n\t<meta name=\"twitter:data1\" content=\"VITA Tribe\" \/>\n\t<meta name=\"twitter:label2\" content=\"Estimeret l\u00e6setid\" \/>\n\t<meta name=\"twitter:data2\" content=\"3 minutter\" \/>\n<script type=\"application\/ld+json\" class=\"yoast-schema-graph\">{\"@context\":\"https:\/\/schema.org\",\"@graph\":[{\"@type\":\"Article\",\"@id\":\"https:\/\/www.vita-explorers.dk\/blog\/de-blode-kompetencer-du-udvikler-pa-et-internationalt-forlob\/#article\",\"isPartOf\":{\"@id\":\"https:\/\/www.vita-explorers.dk\/blog\/de-blode-kompetencer-du-udvikler-pa-et-internationalt-forlob\/\"},\"author\":{\"name\":\"VITA Tribe\",\"@id\":\"https:\/\/www.vita-explorers.dk\/blog\/#\/schema\/person\/d7df267b64f23018d1dc519e78fb2735\"},\"headline\":\"De personlige kompetencer, du udvikler gennem et humanit\u00e6rt ophold\",\"datePublished\":\"2023-10-06T15:23:19+00:00\",\"dateModified\":\"2024-09-25T20:27:58+00:00\",\"mainEntityOfPage\":{\"@id\":\"https:\/\/www.vita-explorers.dk\/blog\/de-blode-kompetencer-du-udvikler-pa-et-internationalt-forlob\/\"},\"wordCount\":506,\"commentCount\":0,\"publisher\":{\"@id\":\"https:\/\/www.vita-explorers.dk\/blog\/#organization\"},\"image\":{\"@id\":\"https:\/\/www.vita-explorers.dk\/blog\/de-blode-kompetencer-du-udvikler-pa-et-internationalt-forlob\/#primaryimage\"},\"thumbnailUrl\":\"https:\/\/www.vita-explorers.dk\/blog\/wp-content\/uploads\/2023\/10\/mission-humanitaire-en-afrique-ong.png\",\"articleSection\":[\"No Name\",\"Nyheder\",\"VITA Explorers\"],\"inLanguage\":\"da-DK\",\"potentialAction\":[{\"@type\":\"CommentAction\",\"name\":\"Comment\",\"target\":[\"https:\/\/www.vita-explorers.dk\/blog\/de-blode-kompetencer-du-udvikler-pa-et-internationalt-forlob\/#respond\"]}]},{\"@type\":\"WebPage\",\"@id\":\"https:\/\/www.vita-explorers.dk\/blog\/de-blode-kompetencer-du-udvikler-pa-et-internationalt-forlob\/\",\"url\":\"https:\/\/www.vita-explorers.dk\/blog\/de-blode-kompetencer-du-udvikler-pa-et-internationalt-forlob\/\",\"name\":\"De personlige kompetencer, du udvikler gennem et humanit\u00e6rt ophold - VITA Explorers Blog\",\"isPartOf\":{\"@id\":\"https:\/\/www.vita-explorers.dk\/blog\/#website\"},\"primaryImageOfPage\":{\"@id\":\"https:\/\/www.vita-explorers.dk\/blog\/de-blode-kompetencer-du-udvikler-pa-et-internationalt-forlob\/#primaryimage\"},\"image\":{\"@id\":\"https:\/\/www.vita-explorers.dk\/blog\/de-blode-kompetencer-du-udvikler-pa-et-internationalt-forlob\/#primaryimage\"},\"thumbnailUrl\":\"https:\/\/www.vita-explorers.dk\/blog\/wp-content\/uploads\/2023\/10\/mission-humanitaire-en-afrique-ong.png\",\"datePublished\":\"2023-10-06T15:23:19+00:00\",\"dateModified\":\"2024-09-25T20:27:58+00:00\",\"description\":\"D\u00e9couvrez les soft skills d\u00e9velopp\u00e9es lors d'une mission humanitaire. Curiosit\u00e9, autonomie, \u00e9coute active, communication, flexibilit\u00e9 etc\",\"breadcrumb\":{\"@id\":\"https:\/\/www.vita-explorers.dk\/blog\/de-blode-kompetencer-du-udvikler-pa-et-internationalt-forlob\/#breadcrumb\"},\"inLanguage\":\"da-DK\",\"potentialAction\":[{\"@type\":\"ReadAction\",\"target\":[\"https:\/\/www.vita-explorers.dk\/blog\/de-blode-kompetencer-du-udvikler-pa-et-internationalt-forlob\/\"]}]},{\"@type\":\"ImageObject\",\"inLanguage\":\"da-DK\",\"@id\":\"https:\/\/www.vita-explorers.dk\/blog\/de-blode-kompetencer-du-udvikler-pa-et-internationalt-forlob\/#primaryimage\",\"url\":\"https:\/\/www.vita-explorers.dk\/blog\/wp-content\/uploads\/2023\/10\/mission-humanitaire-en-afrique-ong.png\",\"contentUrl\":\"https:\/\/www.vita-explorers.dk\/blog\/wp-content\/uploads\/2023\/10\/mission-humanitaire-en-afrique-ong.png\",\"width\":1456,\"height\":952,\"caption\":\"Association humanitaire en Afrique\"},{\"@type\":\"BreadcrumbList\",\"@id\":\"https:\/\/www.vita-explorers.dk\/blog\/de-blode-kompetencer-du-udvikler-pa-et-internationalt-forlob\/#breadcrumb\",\"itemListElement\":[{\"@type\":\"ListItem\",\"position\":1,\"name\":\"Accueil\",\"item\":\"https:\/\/www.vita-explorers.dk\/blog\/\"},{\"@type\":\"ListItem\",\"position\":2,\"name\":\"De personlige kompetencer, du udvikler gennem et humanit\u00e6rt ophold\"}]},{\"@type\":\"WebSite\",\"@id\":\"https:\/\/www.vita-explorers.dk\/blog\/#website\",\"url\":\"https:\/\/www.vita-explorers.dk\/blog\/\",\"name\":\"Association Globalong\",\"description\":\"Frivilligt arbejde, sprogophold, praktik i udlandet og internationale oplevelser\",\"publisher\":{\"@id\":\"https:\/\/www.vita-explorers.dk\/blog\/#organization\"},\"potentialAction\":[{\"@type\":\"SearchAction\",\"target\":{\"@type\":\"EntryPoint\",\"urlTemplate\":\"https:\/\/www.vita-explorers.dk\/blog\/?s={search_term_string}\"},\"query-input\":{\"@type\":\"PropertyValueSpecification\",\"valueRequired\":true,\"valueName\":\"search_term_string\"}}],\"inLanguage\":\"da-DK\"},{\"@type\":\"Organization\",\"@id\":\"https:\/\/www.vita-explorers.dk\/blog\/#organization\",\"name\":\"Association Globalong\",\"url\":\"https:\/\/www.vita-explorers.dk\/blog\/\",\"logo\":{\"@type\":\"ImageObject\",\"inLanguage\":\"da-DK\",\"@id\":\"https:\/\/www.vita-explorers.dk\/blog\/#\/schema\/logo\/image\/\",\"url\":\"https:\/\/www.globalong.com\/blog\/wp-content\/uploads\/2014\/11\/cropped-cropped-Logo-et-Afrique-Globalong-petite-taille-2.jpg\",\"contentUrl\":\"https:\/\/www.globalong.com\/blog\/wp-content\/uploads\/2014\/11\/cropped-cropped-Logo-et-Afrique-Globalong-petite-taille-2.jpg\",\"width\":512,\"height\":512,\"caption\":\"Association Globalong\"},\"image\":{\"@id\":\"https:\/\/www.vita-explorers.dk\/blog\/#\/schema\/logo\/image\/\"},\"sameAs\":[\"https:\/\/www.facebook.com\/globalong\"]},{\"@type\":\"Person\",\"@id\":\"https:\/\/www.vita-explorers.dk\/blog\/#\/schema\/person\/d7df267b64f23018d1dc519e78fb2735\",\"name\":\"VITA Tribe\",\"image\":{\"@type\":\"ImageObject\",\"inLanguage\":\"da-DK\",\"@id\":\"https:\/\/www.vita-explorers.dk\/blog\/#\/schema\/person\/image\/\",\"url\":\"https:\/\/secure.gravatar.com\/avatar\/81461bcc213d0ff2bdc043d4206648f0?s=96&d=mm&r=g\",\"contentUrl\":\"https:\/\/secure.gravatar.com\/avatar\/81461bcc213d0ff2bdc043d4206648f0?s=96&d=mm&r=g\",\"caption\":\"VITA Tribe\"},\"sameAs\":[\"https:\/\/www.globalong.com\"],\"url\":\"https:\/\/www.vita-explorers.dk\/blog\/author\/sophie\/\"}]}<\/script>\n<!-- \/ Yoast SEO Premium plugin. -->","yoast_head_json":{"title":"De personlige kompetencer, du udvikler gennem et humanit\u00e6rt ophold - VITA Explorers Blog","description":"D\u00e9couvrez les soft skills d\u00e9velopp\u00e9es lors d'une mission humanitaire. Curiosit\u00e9, autonomie, \u00e9coute active, communication, flexibilit\u00e9 etc","robots":{"index":"index","follow":"follow","max-snippet":"max-snippet:-1","max-image-preview":"max-image-preview:large","max-video-preview":"max-video-preview:-1"},"canonical":"https:\/\/www.vita-explorers.dk\/blog\/de-blode-kompetencer-du-udvikler-pa-et-internationalt-forlob\/","og_locale":"da_DK","og_type":"article","og_title":"De personlige kompetencer, du udvikler gennem et humanit\u00e6rt ophold","og_description":"D\u00e9couvrez les soft skills d\u00e9velopp\u00e9es lors d'une mission humanitaire. Curiosit\u00e9, autonomie, \u00e9coute active, communication, flexibilit\u00e9 etc","og_url":"https:\/\/www.vita-explorers.dk\/blog\/de-blode-kompetencer-du-udvikler-pa-et-internationalt-forlob\/","og_site_name":"VITA Explorers Blog","article_publisher":"https:\/\/www.facebook.com\/globalong","article_published_time":"2023-10-06T15:23:19+00:00","article_modified_time":"2024-09-25T20:27:58+00:00","og_image":[{"width":1024,"height":670,"url":"https:\/\/www.vita-explorers.dk\/blog\/wp-content\/uploads\/2023\/10\/mission-humanitaire-en-afrique-ong-1024x670.png","type":"image\/png"}],"author":"VITA Tribe","twitter_card":"summary_large_image","twitter_misc":{"Skrevet af":"VITA Tribe","Estimeret l\u00e6setid":"3 minutter"},"schema":{"@context":"https:\/\/schema.org","@graph":[{"@type":"Article","@id":"https:\/\/www.vita-explorers.dk\/blog\/de-blode-kompetencer-du-udvikler-pa-et-internationalt-forlob\/#article","isPartOf":{"@id":"https:\/\/www.vita-explorers.dk\/blog\/de-blode-kompetencer-du-udvikler-pa-et-internationalt-forlob\/"},"author":{"name":"VITA Tribe","@id":"https:\/\/www.vita-explorers.dk\/blog\/#\/schema\/person\/d7df267b64f23018d1dc519e78fb2735"},"headline":"De personlige kompetencer, du udvikler gennem et humanit\u00e6rt ophold","datePublished":"2023-10-06T15:23:19+00:00","dateModified":"2024-09-25T20:27:58+00:00","mainEntityOfPage":{"@id":"https:\/\/www.vita-explorers.dk\/blog\/de-blode-kompetencer-du-udvikler-pa-et-internationalt-forlob\/"},"wordCount":506,"commentCount":0,"publisher":{"@id":"https:\/\/www.vita-explorers.dk\/blog\/#organization"},"image":{"@id":"https:\/\/www.vita-explorers.dk\/blog\/de-blode-kompetencer-du-udvikler-pa-et-internationalt-forlob\/#primaryimage"},"thumbnailUrl":"https:\/\/www.vita-explorers.dk\/blog\/wp-content\/uploads\/2023\/10\/mission-humanitaire-en-afrique-ong.png","articleSection":["No Name","Nyheder","VITA Explorers"],"inLanguage":"da-DK","potentialAction":[{"@type":"CommentAction","name":"Comment","target":["https:\/\/www.vita-explorers.dk\/blog\/de-blode-kompetencer-du-udvikler-pa-et-internationalt-forlob\/#respond"]}]},{"@type":"WebPage","@id":"https:\/\/www.vita-explorers.dk\/blog\/de-blode-kompetencer-du-udvikler-pa-et-internationalt-forlob\/","url":"https:\/\/www.vita-explorers.dk\/blog\/de-blode-kompetencer-du-udvikler-pa-et-internationalt-forlob\/","name":"De personlige kompetencer, du udvikler gennem et humanit\u00e6rt ophold - VITA Explorers Blog","isPartOf":{"@id":"https:\/\/www.vita-explorers.dk\/blog\/#website"},"primaryImageOfPage":{"@id":"https:\/\/www.vita-explorers.dk\/blog\/de-blode-kompetencer-du-udvikler-pa-et-internationalt-forlob\/#primaryimage"},"image":{"@id":"https:\/\/www.vita-explorers.dk\/blog\/de-blode-kompetencer-du-udvikler-pa-et-internationalt-forlob\/#primaryimage"},"thumbnailUrl":"https:\/\/www.vita-explorers.dk\/blog\/wp-content\/uploads\/2023\/10\/mission-humanitaire-en-afrique-ong.png","datePublished":"2023-10-06T15:23:19+00:00","dateModified":"2024-09-25T20:27:58+00:00","description":"D\u00e9couvrez les soft skills d\u00e9velopp\u00e9es lors d'une mission humanitaire. Curiosit\u00e9, autonomie, \u00e9coute active, communication, flexibilit\u00e9 etc","breadcrumb":{"@id":"https:\/\/www.vita-explorers.dk\/blog\/de-blode-kompetencer-du-udvikler-pa-et-internationalt-forlob\/#breadcrumb"},"inLanguage":"da-DK","potentialAction":[{"@type":"ReadAction","target":["https:\/\/www.vita-explorers.dk\/blog\/de-blode-kompetencer-du-udvikler-pa-et-internationalt-forlob\/"]}]},{"@type":"ImageObject","inLanguage":"da-DK","@id":"https:\/\/www.vita-explorers.dk\/blog\/de-blode-kompetencer-du-udvikler-pa-et-internationalt-forlob\/#primaryimage","url":"https:\/\/www.vita-explorers.dk\/blog\/wp-content\/uploads\/2023\/10\/mission-humanitaire-en-afrique-ong.png","contentUrl":"https:\/\/www.vita-explorers.dk\/blog\/wp-content\/uploads\/2023\/10\/mission-humanitaire-en-afrique-ong.png","width":1456,"height":952,"caption":"Association humanitaire en Afrique"},{"@type":"BreadcrumbList","@id":"https:\/\/www.vita-explorers.dk\/blog\/de-blode-kompetencer-du-udvikler-pa-et-internationalt-forlob\/#breadcrumb","itemListElement":[{"@type":"ListItem","position":1,"name":"Accueil","item":"https:\/\/www.vita-explorers.dk\/blog\/"},{"@type":"ListItem","position":2,"name":"De personlige kompetencer, du udvikler gennem et humanit\u00e6rt ophold"}]},{"@type":"WebSite","@id":"https:\/\/www.vita-explorers.dk\/blog\/#website","url":"https:\/\/www.vita-explorers.dk\/blog\/","name":"Association Globalong","description":"Frivilligt arbejde, sprogophold, praktik i udlandet og internationale oplevelser","publisher":{"@id":"https:\/\/www.vita-explorers.dk\/blog\/#organization"},"potentialAction":[{"@type":"SearchAction","target":{"@type":"EntryPoint","urlTemplate":"https:\/\/www.vita-explorers.dk\/blog\/?s={search_term_string}"},"query-input":{"@type":"PropertyValueSpecification","valueRequired":true,"valueName":"search_term_string"}}],"inLanguage":"da-DK"},{"@type":"Organization","@id":"https:\/\/www.vita-explorers.dk\/blog\/#organization","name":"Association Globalong","url":"https:\/\/www.vita-explorers.dk\/blog\/","logo":{"@type":"ImageObject","inLanguage":"da-DK","@id":"https:\/\/www.vita-explorers.dk\/blog\/#\/schema\/logo\/image\/","url":"https:\/\/www.globalong.com\/blog\/wp-content\/uploads\/2014\/11\/cropped-cropped-Logo-et-Afrique-Globalong-petite-taille-2.jpg","contentUrl":"https:\/\/www.globalong.com\/blog\/wp-content\/uploads\/2014\/11\/cropped-cropped-Logo-et-Afrique-Globalong-petite-taille-2.jpg","width":512,"height":512,"caption":"Association Globalong"},"image":{"@id":"https:\/\/www.vita-explorers.dk\/blog\/#\/schema\/logo\/image\/"},"sameAs":["https:\/\/www.facebook.com\/globalong"]},{"@type":"Person","@id":"https:\/\/www.vita-explorers.dk\/blog\/#\/schema\/person\/d7df267b64f23018d1dc519e78fb2735","name":"VITA Tribe","image":{"@type":"ImageObject","inLanguage":"da-DK","@id":"https:\/\/www.vita-explorers.dk\/blog\/#\/schema\/person\/image\/","url":"https:\/\/secure.gravatar.com\/avatar\/81461bcc213d0ff2bdc043d4206648f0?s=96&d=mm&r=g","contentUrl":"https:\/\/secure.gravatar.com\/avatar\/81461bcc213d0ff2bdc043d4206648f0?s=96&d=mm&r=g","caption":"VITA Tribe"},"sameAs":["https:\/\/www.globalong.com"],"url":"https:\/\/www.vita-explorers.dk\/blog\/author\/sophie\/"}]}},"_links":{"self":[{"href":"https:\/\/www.vita-explorers.dk\/blog\/wp-json\/wp\/v2\/posts\/15733"}],"collection":[{"href":"https:\/\/www.vita-explorers.dk\/blog\/wp-json\/wp\/v2\/posts"}],"about":[{"href":"https:\/\/www.vita-explorers.dk\/blog\/wp-json\/wp\/v2\/types\/post"}],"author":[{"embeddable":true,"href":"https:\/\/www.vita-explorers.dk\/blog\/wp-json\/wp\/v2\/users\/1"}],"replies":[{"embeddable":true,"href":"https:\/\/www.vita-explorers.dk\/blog\/wp-json\/wp\/v2\/comments?post=15733"}],"version-history":[{"count":4,"href":"https:\/\/www.vita-explorers.dk\/blog\/wp-json\/wp\/v2\/posts\/15733\/revisions"}],"predecessor-version":[{"id":17647,"href":"https:\/\/www.vita-explorers.dk\/blog\/wp-json\/wp\/v2\/posts\/15733\/revisions\/17647"}],"wp:featuredmedia":[{"embeddable":true,"href":"https:\/\/www.vita-explorers.dk\/blog\/wp-json\/wp\/v2\/media\/15734"}],"wp:attachment":[{"href":"https:\/\/www.vita-explorers.dk\/blog\/wp-json\/wp\/v2\/media?parent=15733"}],"wp:term":[{"taxonomy":"category","embeddable":true,"href":"https:\/\/www.vita-explorers.dk\/blog\/wp-json\/wp\/v2\/categories?post=15733"},{"taxonomy":"post_tag","embeddable":true,"href":"https:\/\/www.vita-explorers.dk\/blog\/wp-json\/wp\/v2\/tags?post=15733"}],"curies":[{"name":"wp","href":"https:\/\/api.w.org\/{rel}","templated":true}]}}