{"id":15743,"date":"2023-10-18T11:31:31","date_gmt":"2023-10-18T09:31:31","guid":{"rendered":"https:\/\/www.globalong.com\/blog\/?p=15743"},"modified":"2025-10-29T17:21:58","modified_gmt":"2025-10-29T16:21:58","slug":"frivilligt-arbejde-i-latinamerika-og-caribien","status":"publish","type":"post","link":"https:\/\/www.vita-explorers.dk\/blog\/frivilligt-arbejde-i-latinamerika-og-caribien\/","title":{"rendered":"Frivilligt arbejde i Latinamerika og Caribien"},"content":{"rendered":"<h1 class=\"p1\" style=\"text-align: justify;\"><span style=\"font-size: 12pt;\">Latinamerika er et kontinent med stor biodiversitet, levende kulturer og mange muligheder for frivilligt arbejde \u2013 og derfor en fascinerende destination for dig, der \u00f8nsker et internationalt forl\u00f8b.<\/span><\/h1>\n<h2 class=\"p1\" style=\"text-align: justify;\"><span style=\"font-size: 12pt;\"> Uanset om du dr\u00f8mmer om at bidrage til beskyttelsen af Amazonas i Ecuador, komme t\u00e6t p\u00e5 Colombias farverige kultur, st\u00f8tte udviklingsprojekter i Peru, arbejde sammen med oprindelige folk i Bolivia, styrke l\u00e6sef\u00e6rdigheder i Argentina eller v\u00e6re med til at passe p\u00e5 \u00f8kosystemerne p\u00e5 Gal\u00e1pagos, er mulighederne i Latinamerika og Caribien b\u00e5de mangfoldige og meningsfulde.<\/span><\/h2>\n<p class=\"p1\" style=\"text-align: justify;\">I denne artikel f\u00e5r du et overblik over destinationer og mulige forl\u00f8b ???? \u2935<\/p>\n<h2 class=\"p1\" style=\"text-align: justify;\">Ecuador ????????<\/h2>\n<p class=\"p1\" style=\"text-align: justify;\"><a href=\"https:\/\/www.vita-explorers.dk\/sprog-og-frivilligt-arbejde\/spansk-frivilligt-arbejde-ecuador.html\" target=\"_blank\" rel=\"noopener\">Ecuador<\/a> rummer noget af verdens t\u00e6tteste biodiversitet \u2013 is\u00e6r p\u00e5 Gal\u00e1pagos\u00f8erne, men ogs\u00e5 fra Amazonas til Stillehavskysten. Landet har enest\u00e5ende natur med markante vulkaner som Chimborazo, smukke laguner og naturreservater. Spansk er officielt sprog, men du m\u00f8der ogs\u00e5 oprindelige sprog som kichwa og shuar.<\/p>\n<p class=\"p1\" style=\"text-align: justify;\">Du har mulighed for at tilmelde dig og m\u00f8de Otavalo- og Shuar-samfund, som lever t\u00e6t p\u00e5 den ecuadorianske regnskov. Ved at deltage i internationale \u00f8ko-forl\u00f8b i Amazonas kan du st\u00f8tte mennesker i s\u00e5rbare situationer og samtidig bidrage til beskyttelsen af dyrelivet. Det er en s\u00e6rlig mulighed for b\u00e5de personlig l\u00e6ring og for at st\u00f8tte oprindelige samfund.<\/p>\n<p class=\"p1\" style=\"text-align: justify;\">Ecuador ligger p\u00e5 \u00e6kvator og tilbyder forl\u00f8b med fokus p\u00e5 naturbeskyttelse, folkesundhed og uddannelse. Du kan v\u00e6re med til at bevare Amazonas, deltage i sundhedsprojekter i landdistrikter, undervise i engelsk p\u00e5 lokale skoler, engagere dig i et b\u00f8rnecenter eller et tilbud for mennesker med handicap \u2013 og meget mere.<\/p>\n<p>Oplev Sandy\u2019s <a href=\"https:\/\/www.vita-explorers.dk\/blog\/avis-globalong\/action-sociale-equateur-service-civique-benevolat-cours-espagnol-programme-humanitaire-medical\/\" target=\"_blank\" rel=\"noopener\">oplevelser<\/a> fra et humanit\u00e6rt forl\u00f8b i Ecuador.<\/p>\n<p><a href=\"https:\/\/www.vita-explorers.dk\/blog\/wp-content\/uploads\/2023\/10\/mission-humanitaire-equateur.png\" target=\"_blank\" rel=\"noopener\"><img loading=\"lazy\" decoding=\"async\" class=\"aligncenter wp-image-15752 size-medium\" src=\"https:\/\/www.vita-explorers.dk\/blog\/wp-content\/uploads\/2023\/10\/mission-humanitaire-equateur-225x300.png\" alt=\"\" width=\"225\" height=\"300\" srcset=\"https:\/\/www.vita-explorers.dk\/blog\/wp-content\/uploads\/2023\/10\/mission-humanitaire-equateur-225x300.png 225w, https:\/\/www.vita-explorers.dk\/blog\/wp-content\/uploads\/2023\/10\/mission-humanitaire-equateur-769x1024.png 769w, https:\/\/www.vita-explorers.dk\/blog\/wp-content\/uploads\/2023\/10\/mission-humanitaire-equateur-768x1023.png 768w, https:\/\/www.vita-explorers.dk\/blog\/wp-content\/uploads\/2023\/10\/mission-humanitaire-equateur.png 790w\" sizes=\"(max-width: 225px) 100vw, 225px\" \/><\/a><\/p>\n<h2 class=\"p1\" style=\"text-align: justify;\">Gal\u00e1pagos\u00f8erne ????????<\/h2>\n<p class=\"p1\" style=\"text-align: justify;\"><a href=\"https:\/\/www.vita-explorers.dk\/frivilligt-arbejde\/internationalt-frivilligt-arbejde-galapagos-studiepraktik.html\" target=\"_blank\" rel=\"noopener\">Gal\u00e1pagos\u00f8erne<\/a> ligger ca. 970 km vest for Ecuadors kyst p\u00e5 \u00e6kvatorlinjen og best\u00e5r af seks hoved\u00f8er, tolv mindre \u00f8er og mere end fyrre sm\u00e5 holme. Alle \u00f8erne er toppen af store vulkaner, der blev dannet for omkring 10 millioner \u00e5r siden.<\/p>\n<p class=\"p1\" style=\"text-align: justify;\">Gal\u00e1pagos er et unikt biodiversitetsskatkammer. Frivillige forl\u00f8b handler typisk om at beskytte \u00f8ernes s\u00e6rlige dyre- og planteliv. Du kan engagere dig i forsknings- og bevaringsprojekter for unikke arter \u2013 og ogs\u00e5 i indsatser, der st\u00f8tter b\u00f8rn i udsatte livssituationer.<\/p>\n<p class=\"p1\" style=\"text-align: justify;\">\u00d8gruppen er blevet formet gennem hundredtusinder af \u00e5r af gentagne vulkanudbrud og udvikler sig stadig. \u00d8ernes isolation har gjort dem til et ideelt sted for arters udvikling. Isla Darwin er opkaldt efter Charles Darwin, som byggede sin evolutionsteori p\u00e5 observationer fra netop dette omr\u00e5de. I 1979 anerkendte UNESCO Gal\u00e1pagos som et \u201cverdensnaturarv\u201d-omr\u00e5de p\u00e5 grund af det h\u00f8je antal endemiske arter.<\/p>\n<p class=\"p1\" style=\"text-align: justify;\">Samtidig betyder afstanden til fastlandet, at lokale samfund kan m\u00f8de udfordringer, n\u00e5r det g\u00e6lder udvikling og milj\u00f8beskyttelse. Derfor kan internationale deltagere v\u00e6re en vigtig st\u00f8tte i de igangv\u00e6rende projekter.<\/p>\n<p>Oplev Marius\u2019 <a href=\"https:\/\/www.vita-explorers.dk\/blog\/avis-globalong\/iles-galapagos-marius\/\" target=\"_blank\" rel=\"noopener\">oplevelser<\/a> fra et humanit\u00e6rt forl\u00f8b p\u00e5 Gal\u00e1pagos.<\/p>\n<p><a href=\"https:\/\/www.vita-explorers.dk\/blog\/wp-content\/uploads\/2023\/10\/mission-humanitaire-iles-galapagos.png\" target=\"_blank\" rel=\"noopener\"><img loading=\"lazy\" decoding=\"async\" class=\"aligncenter wp-image-15754 size-medium\" src=\"https:\/\/www.vita-explorers.dk\/blog\/wp-content\/uploads\/2023\/10\/mission-humanitaire-iles-galapagos-300x300.png\" alt=\"\" width=\"300\" height=\"300\" srcset=\"https:\/\/www.vita-explorers.dk\/blog\/wp-content\/uploads\/2023\/10\/mission-humanitaire-iles-galapagos-300x300.png 300w, https:\/\/www.vita-explorers.dk\/blog\/wp-content\/uploads\/2023\/10\/mission-humanitaire-iles-galapagos-150x150.png 150w, https:\/\/www.vita-explorers.dk\/blog\/wp-content\/uploads\/2023\/10\/mission-humanitaire-iles-galapagos-768x771.png 768w, https:\/\/www.vita-explorers.dk\/blog\/wp-content\/uploads\/2023\/10\/mission-humanitaire-iles-galapagos.png 980w\" sizes=\"(max-width: 300px) 100vw, 300px\" \/><\/a><\/p>\n<h2 class=\"p1\" style=\"text-align: justify;\">Colombia ????????<\/h2>\n<p class=\"p1\" style=\"text-align: justify;\"><a href=\"https:\/\/www.vita-explorers.dk\/frivilligt-arbejde\/colombia-frivilligt-arbejde-internationalt-vita-erfaringer-service.html\" target=\"_blank\" rel=\"noopener\">I Colombia<\/a>, et land i tydelig forandring, kan du deltage i forskellige forl\u00f8b med fokus p\u00e5 uddannelse, sundhed og milj\u00f8. Du kan fx undervise i engelsk, bidrage i tilbud for mennesker med handicap og st\u00f8tte initiativer, der styrker f\u00e6llesskaber og lokal sammenh\u00e6ngskraft.<\/p>\n<p class=\"p1\" style=\"text-align: justify;\">Colombia er ofte blevet forbundet med fort\u00e6llinger om smaragder, narkokarteller og v\u00e6bnede konflikter. Samtidig er landet ogs\u00e5 kendt i hele Latinamerika for den gamle myte, som conquistadorerne fortalte i \u00e5rhundreder: \u201cEl Dorado\u201d \u2013 et forestillet land fuld af guld, som aldrig blev fundet.<\/p>\n<p class=\"p1\" style=\"text-align: justify;\">Colombia i dag er dog et andet land end tidligere og tiltr\u00e6kker flere og flere udl\u00e6ndinge, som \u00f8nsker at starte et nyt kapitel. Landet har opn\u00e5et st\u00f8rre stabilitet efter \u00e5rtiers konflikt gennem en lang r\u00e6kke indsatser p\u00e5 tv\u00e6rs af samfundet. Det er v\u00e6rd at bem\u00e6rke, at middelklassen for f\u00f8rste gang er st\u00f8rre end gruppen, der lever under fattigdomsgr\u00e6nsen \u2013 et tegn p\u00e5 en positiv udvikling.<\/p>\n<p class=\"p1\" style=\"text-align: justify;\">Indsatser fra internationale deltagere og organisationer har spillet en vigtig rolle i Colombias sociale og milj\u00f8m\u00e6ssige udvikling. Samtidig er der stadig behov, og eftersp\u00f8rgslen p\u00e5 deltagere er fortsat stor. Mange colombianere tager varmt imod internationale rejsende.<\/p>\n<p class=\"p1\" style=\"text-align: justify;\">Med et humanit\u00e6rt program, et internationalt \u00f8ko-forl\u00f8b eller et studierelevant praktikforl\u00f8b i Colombia oplever du en helt s\u00e6rlig kulturel mangfoldighed. Colombia ligger i den nordligste del af Sydamerika og har over 48 millioner indbyggere. Landet fascinerer b\u00e5de med sine landskaber og den \u00e5bne g\u00e6stfrihed.<\/p>\n<p class=\"p1\" style=\"text-align: justify;\">Under dit internationale ophold i Colombia kan du bruge din tid og dine kompetencer i arbejde, der st\u00f8tter mennesker i sv\u00e6re livssituationer.<\/p>\n<p>Oplev Iris\u2019 <a href=\"https:\/\/www.vita-explorers.dk\/blog\/avis-globalong\/colombie-iris\/\" target=\"_blank\" rel=\"noopener\">oplevelser<\/a> fra et humanit\u00e6rt forl\u00f8b i Colombia.<\/p>\n<p><a href=\"https:\/\/www.vita-explorers.dk\/blog\/wp-content\/uploads\/2023\/10\/mission-humanitaire-colombie.png\" target=\"_blank\" rel=\"noopener\"><img loading=\"lazy\" decoding=\"async\" class=\"aligncenter wp-image-15749 size-medium\" src=\"https:\/\/www.vita-explorers.dk\/blog\/wp-content\/uploads\/2023\/10\/mission-humanitaire-colombie-300x221.png\" alt=\"\" width=\"300\" height=\"221\" srcset=\"https:\/\/www.vita-explorers.dk\/blog\/wp-content\/uploads\/2023\/10\/mission-humanitaire-colombie-300x221.png 300w, https:\/\/www.vita-explorers.dk\/blog\/wp-content\/uploads\/2023\/10\/mission-humanitaire-colombie-1024x756.png 1024w, https:\/\/www.vita-explorers.dk\/blog\/wp-content\/uploads\/2023\/10\/mission-humanitaire-colombie-768x567.png 768w, https:\/\/www.vita-explorers.dk\/blog\/wp-content\/uploads\/2023\/10\/mission-humanitaire-colombie.png 1382w\" sizes=\"(max-width: 300px) 100vw, 300px\" \/><\/a><\/p>\n<h2 class=\"p1\" style=\"text-align: justify;\">Bolivia ????????<\/h2>\n<p class=\"p1\" style=\"text-align: justify;\"><a href=\"https:\/\/www.vita-explorers.dk\/frivilligt-arbejde\/internationalt-frivilligt-ophold-humanitaert-projekt-bolivia-praktik.html\" target=\"_blank\" rel=\"noopener\">Bolivia<\/a> er kendt for sin rige historie og varierede natur og tilbyder forl\u00f8b inden for blandt andet uddannelse, sundhed, community development og st\u00f8tte til oprindelige folk. Du kan engagere dig i skoler, lokale sundhedstilbud og projekter, der arbejder for at styrke kvinders muligheder.<\/p>\n<p class=\"p1\" style=\"text-align: justify;\">Bolivia var tidligere en del af Inkariget og blev senere koloniseret af Spanien. Landets motto er \u201cenhed skaber styrke\u201d. Som mange andre lande st\u00e5r Bolivia over for socio\u00f8konomiske udfordringer, bl.a. inden for sundhed, uddannelse, f\u00f8devaresikkerhed og adgang til rent drikkevand. Dine kompetencer kan v\u00e6re med til at forbedre hverdagen i nogle af de mest s\u00e5rbare lokalsamfund.<\/p>\n<p class=\"p1\" style=\"text-align: justify;\">Et humanit\u00e6rt forl\u00f8b i Bolivia giver dig mulighed for at komme t\u00e6t p\u00e5 en ny kultur, opbygge relationer og forst\u00e5 lokale traditioner og hverdagsudfordringer bedre. Uanset om du v\u00e6lger et humanit\u00e6rt program, et internationalt \u00f8ko-forl\u00f8b eller et studenterforl\u00f8b i Bolivia, m\u00f8der du en kulturmangfoldighed, der er helt sin egen. Bolivia ligger i den nordlige del af Sydamerika og gr\u00e6nser op til Peru, Brasilien, Chile og Paraguay og har over 12 millioner indbyggere. Landet tiltr\u00e6kker b\u00e5de med sine landskaber og med befolkningens g\u00e6stfrihed.<\/p>\n<p class=\"p1\" style=\"text-align: justify;\">S\u00e5 tag afsted og m\u00f8d Bolivia \u2013 og f\u00e5 et ophold med kulturudveksling og f\u00e6llesskab. Under dit internationale forl\u00f8b kan du bruge din tid og dine kompetencer i arbejde, der st\u00f8tter mennesker i s\u00e5rbare situationer.<\/p>\n<p>Oplev Jean-Christophes <a href=\"https:\/\/www.vita-explorers.dk\/blog\/avis-globalong\/bolivie-jean-christophe\/\" target=\"_blank\" rel=\"noopener\">oplevelser<\/a> fra et humanit\u00e6rt forl\u00f8b i Bolivia.<\/p>\n<p><a href=\"https:\/\/www.vita-explorers.dk\/blog\/wp-content\/uploads\/2023\/10\/humanitaert-forloeb-bolivia.png\" target=\"_blank\" rel=\"noopener\"><img loading=\"lazy\" decoding=\"async\" class=\"aligncenter wp-image-15748 size-medium\" src=\"https:\/\/www.vita-explorers.dk\/blog\/wp-content\/uploads\/2023\/10\/humanitaert-forloeb-bolivia-300x199.png\" alt=\"\" width=\"300\" height=\"199\" \/><\/a><\/p>\n<h2 class=\"p1\" style=\"text-align: justify;\">Peru ????????<\/h2>\n<p class=\"p1\" style=\"text-align: justify;\"><a href=\"https:\/\/www.vita-explorers.dk\/sprog-og-frivilligt-arbejde\/frivilligt-arbejde-peru.html\" target=\"_blank\" rel=\"noopener\">I Peru<\/a>, med r\u00f8dder i de gamle inkabyer og dramatiske landskaber, handler forl\u00f8bene ofte om b\u00f8rns trivsel og uddannelse, reintegration, lokalsamfundsudvikling samt sundhed \u2013 s\u00e6rligt for m\u00f8dre og b\u00f8rn. Du kan fx deltage i community-byggeprojekter, undervise i skoler i landdistrikter og st\u00f8tte m\u00f8dre og b\u00f8rn i udsatte livssituationer.<\/p>\n<p class=\"p1\" style=\"text-align: justify;\">Peru ligger p\u00e5 Sydamerikas vestkyst og er det tredje st\u00f8rste land p\u00e5 kontinentet med over 30 millioner indbyggere. Mange bliver hurtigt betaget af Cusco, den tidligere hovedstad i Inkariget, der ligger over 3.300 meter over havet \u2013 t\u00e6t p\u00e5 Machu Picchu.<\/p>\n<p class=\"p1\" style=\"text-align: justify;\">Sundhedssystemet i Peru er blandt de mest pressede i <a href=\"https:\/\/www.vita-explorers.dk\/blog\/humanit\u00e6rt-ophold-i-sydamerika\/\" target=\"_blank\" rel=\"noopener\">Sydamerika<\/a> p\u00e5 grund af mangel p\u00e5 ressourcer, udfordringer med forvaltning og begr\u00e6nset faglig efteruddannelse.<\/p>\n<p class=\"p1\" style=\"text-align: justify;\">Tag afsted og m\u00f8d peruanerne ved at engagere dig i et forl\u00f8b midt i Andes\u2019 kultur. Du bidrager til projekter, der st\u00f8tter lokalsamfund med f\u00e6rre muligheder. Et centralt m\u00e5l er at v\u00e6re med til at bryde en negativ social arv i nogle omr\u00e5der ved at styrke adgang til uddannelse, sundhed, ern\u00e6ring og personlig udvikling.<\/p>\n<p>Oplev Charlottes <a href=\"https:\/\/www.vita-explorers.dk\/blog\/avis-globalong\/temoignage-perou-globalong-humanitaire-benevolat-mission-projet-annee-sabbatique-enfants-stage-experience-voyager-autrement-change-la-vie\/\" target=\"_blank\" rel=\"noopener\">oplevelser<\/a> fra et humanit\u00e6rt forl\u00f8b i Peru.<\/p>\n<p><a href=\"https:\/\/www.vita-explorers.dk\/blog\/wp-content\/uploads\/2023\/10\/mission-humanitaire-perou.png\" target=\"_blank\" rel=\"noopener\"><img loading=\"lazy\" decoding=\"async\" class=\"aligncenter wp-image-15758 size-medium\" src=\"https:\/\/www.vita-explorers.dk\/blog\/wp-content\/uploads\/2023\/10\/mission-humanitaire-perou-300x224.png\" alt=\"\" width=\"300\" height=\"224\" srcset=\"https:\/\/www.vita-explorers.dk\/blog\/wp-content\/uploads\/2023\/10\/mission-humanitaire-perou-300x224.png 300w, https:\/\/www.vita-explorers.dk\/blog\/wp-content\/uploads\/2023\/10\/mission-humanitaire-perou-1024x765.png 1024w, https:\/\/www.vita-explorers.dk\/blog\/wp-content\/uploads\/2023\/10\/mission-humanitaire-perou-768x574.png 768w, https:\/\/www.vita-explorers.dk\/blog\/wp-content\/uploads\/2023\/10\/mission-humanitaire-perou.png 1172w\" sizes=\"(max-width: 300px) 100vw, 300px\" \/><\/a><\/p>\n<h2 class=\"p1\" style=\"text-align: justify;\">Argentina ????????<\/h2>\n<p class=\"p1\" style=\"text-align: justify;\"><a href=\"https:\/\/www.vita-explorers.dk\/frivilligt-arbejde\/argentina-frivilligt-arbejde.html\" target=\"_blank\" rel=\"noopener\">I Argentina<\/a>, kendt som tangoens hjemland, har humanit\u00e6re forl\u00f8b ofte fokus p\u00e5 kultur, uddannelse og sundhed. Du kan f\u00e5 mulighed for at undervise i engelsk, st\u00f8tte mennesker i udsatte livssituationer, deltage i et sundhedsrettet forl\u00f8b eller v\u00e6re med til at bevare Argentinas rige kulturarv som en del af et internationalt frivilligprogram. Derudover kan du opleve den enorme argentinske Patagonien eller regionen omkring C\u00f3rdoba.<\/p>\n<p class=\"p1\" style=\"text-align: justify;\">Patagonien, helt i Sydamerikas sydligste del og ogs\u00e5 kendt som \u201cdet store syd\u201d, er blandt de tyndest befolkede omr\u00e5der i verden. Regionen rummer flere nationalparker, som er optaget p\u00e5 UNESCOs naturarvsliste. C\u00f3rdoba, Argentinas n\u00e6stst\u00f8rste by, ligger mellem Buenos Aires (705 km) og Mendoza (627 km) og er kendt for sit studieliv med mere end 7 store universiteter.<\/p>\n<p class=\"p1\" style=\"text-align: justify;\">F\u00e5 en s\u00e6rlig oplevelse med kulturm\u00f8der og f\u00e6llesskab ved at bo t\u00e6t p\u00e5 mennesker i Sydamerika. Under dit humanit\u00e6re forl\u00f8b i Patagonien eller C\u00f3rdoba kan du bruge din tid og dine kompetencer p\u00e5 at st\u00f8tte mennesker i sv\u00e6re livssituationer. Du kan ogs\u00e5 opleve steder som Ildlandet, det sidste beboede omr\u00e5de f\u00f8r Antarktis, Hermite-\u00f8erne og det kendte Kap Horn.<\/p>\n<p class=\"p1\" style=\"text-align: justify;\">Under dit ophold i Argentina bor du i fuld immersion hos en v\u00e6rtsfamilie. Det giver et n\u00e6rt indblik i argentinsk hverdagsliv. Udveksling, f\u00e6llesskab og en im\u00f8dekommende stemning kendetegner ofte denne type indkvartering i Argentina.<\/p>\n<p>Oplev Alans <a href=\"https:\/\/www.vita-explorers.dk\/blog\/avis-globalong\/argentine-alan\/\" target=\"_blank\" rel=\"noopener\">oplevelser<\/a> fra et humanit\u00e6rt forl\u00f8b i Argentina.<\/p>\n<p><a href=\"https:\/\/www.vita-explorers.dk\/blog\/wp-content\/uploads\/2023\/10\/mission-humanitaire-argentine.png\" target=\"_blank\" rel=\"noopener\"><img loading=\"lazy\" decoding=\"async\" class=\"aligncenter wp-image-15747 size-medium\" src=\"https:\/\/www.vita-explorers.dk\/blog\/wp-content\/uploads\/2023\/10\/mission-humanitaire-argentine-300x201.png\" alt=\"\" width=\"300\" height=\"201\" srcset=\"https:\/\/www.vita-explorers.dk\/blog\/wp-content\/uploads\/2023\/10\/mission-humanitaire-argentine-300x201.png 300w, https:\/\/www.vita-explorers.dk\/blog\/wp-content\/uploads\/2023\/10\/mission-humanitaire-argentine-1024x685.png 1024w, https:\/\/www.vita-explorers.dk\/blog\/wp-content\/uploads\/2023\/10\/mission-humanitaire-argentine-768x514.png 768w, https:\/\/www.vita-explorers.dk\/blog\/wp-content\/uploads\/2023\/10\/mission-humanitaire-argentine.png 1274w\" sizes=\"(max-width: 300px) 100vw, 300px\" \/><\/a><\/p>\n<h2 class=\"p1\" style=\"text-align: justify;\">Guatemala ????????<\/h2>\n<p class=\"p1\" style=\"text-align: justify;\"><a href=\"https:\/\/www.vita-explorers.dk\/sprog-og-frivilligt-arbejde\/frivilligt-ophold-guatemala.html\" target=\"_blank\" rel=\"noopener\">I Guatemala<\/a> kan du opleve nogle af Latinamerikas mest aktive vulkaner og imponerende mayaruiner. Samtidig rummer landet ogs\u00e5 en sv\u00e6r virkelighed: en stor del af befolkningen lever under fattigdomsgr\u00e6nsen, og t\u00e6t p\u00e5 40% har ikke adgang til rent drikkevand.<\/p>\n<p class=\"p1\" style=\"text-align: justify;\">Du kan f\u00e5 mulighed for at l\u00e6re spansk hurtigt, samtidig med at du bruger din tid i et internationalt frivilligforl\u00f8b.<\/p>\n<p class=\"p1\" style=\"text-align: justify;\">Guatemala, med sin st\u00e6rke mayahistorie og vulkanske landskaber, tilbyder forl\u00f8b med fokus p\u00e5 uddannelse, community development og sundhed. Du kan undervise, st\u00f8tte unge i udsatte livssituationer, bidrage til lokale infrastrukturprojekter og engagere dig i indsatser inden for sundhed, styrkelse af kvinder og dyrevelf\u00e6rd.<\/p>\n<p>Oplev Val\u00e9ries <a href=\"https:\/\/www.vita-explorers.dk\/blog\/avis-globalong\/temoignage-sejour-linguistique-espagnol-guatemala-benevolat-international\/\" target=\"_blank\" rel=\"noopener\">oplevelser<\/a> fra et humanit\u00e6rt forl\u00f8b i Guatemala.<\/p>\n<p><a href=\"https:\/\/www.vita-explorers.dk\/blog\/wp-content\/uploads\/2023\/10\/mission-humanitaire-guatemala.png\" target=\"_blank\" rel=\"noopener\"><img loading=\"lazy\" decoding=\"async\" class=\"aligncenter wp-image-15753 size-medium\" src=\"https:\/\/www.vita-explorers.dk\/blog\/wp-content\/uploads\/2023\/10\/mission-humanitaire-guatemala-300x298.png\" alt=\"\" width=\"300\" height=\"298\" srcset=\"https:\/\/www.vita-explorers.dk\/blog\/wp-content\/uploads\/2023\/10\/mission-humanitaire-guatemala-300x298.png 300w, https:\/\/www.vita-explorers.dk\/blog\/wp-content\/uploads\/2023\/10\/mission-humanitaire-guatemala-1024x1016.png 1024w, https:\/\/www.vita-explorers.dk\/blog\/wp-content\/uploads\/2023\/10\/mission-humanitaire-guatemala-150x150.png 150w, https:\/\/www.vita-explorers.dk\/blog\/wp-content\/uploads\/2023\/10\/mission-humanitaire-guatemala-768x762.png 768w, https:\/\/www.vita-explorers.dk\/blog\/wp-content\/uploads\/2023\/10\/mission-humanitaire-guatemala.png 1036w\" sizes=\"(max-width: 300px) 100vw, 300px\" \/><\/a><\/p>\n<h2 class=\"p1\" style=\"text-align: justify;\">Nicaragua ????????<\/h2>\n<p class=\"p1\" style=\"text-align: justify;\">Tag med p\u00e5 et internationalt \u00f8ko-forl\u00f8b <a href=\"https:\/\/www.vita-explorers.dk\/frivilligt-arbejde\/nicaragua-frivilligt-arbejde-havskildpadder-praktik-anmeldelser.html\" target=\"_blank\" rel=\"noopener\">i Nicaragua<\/a> eller v\u00e6lg et studenterforl\u00f8b og v\u00e6r med til at beskytte havskildpadder!<\/p>\n<p class=\"p1\" style=\"text-align: justify;\">Nicaragua ligger mellem Honduras og Costa Rica og gr\u00e6nser op til b\u00e5de Det Caribiske Hav og Stillehavet. Landet tiltr\u00e6kker med en rig natur \u2013 med over 1.400 registrerede dyrearter \u2013 varierede landskaber, markante vulkaner og lange, n\u00e6sten \u00f8de strande.<\/p>\n<p class=\"p1\" style=\"text-align: justify;\">Hvert \u00e5r mellem juli og januar v\u00e6lger tusindvis af skildpadder strandene p\u00e5 den sydlige del af Stillehavskysten til \u00e6gl\u00e6gning. Nicaragua l\u00e6gger stor v\u00e6gt p\u00e5 naturbeskyttelse, og derfor findes der mange \u00f8ko-forl\u00f8b med fokus p\u00e5 milj\u00f8. Landet skiller sig ogs\u00e5 ud ved at have en milit\u00e6r enhed med s\u00e6rligt fokus p\u00e5 milj\u00f8beskyttelse.<\/p>\n<p class=\"p1\" style=\"text-align: justify;\">N\u00e5r du engagerer dig, er du med til at skabe dialog og oplysning gennem kulturudveksling og l\u00e6ring. Du kan ogs\u00e5 st\u00f8tte lokalsamfund med f\u00e6rre muligheder, samtidig med at du arbejder for at beskytte naturen. Det er en konkret mulighed for at bruge dine kompetencer i en meningsfuld indsats.<\/p>\n<p><a href=\"https:\/\/www.vita-explorers.dk\/blog\/wp-content\/uploads\/2023\/10\/mission-humanitaire-nicaragua.png\" target=\"_blank\" rel=\"noopener\"><img loading=\"lazy\" decoding=\"async\" class=\"aligncenter wp-image-15757 size-medium\" src=\"https:\/\/www.vita-explorers.dk\/blog\/wp-content\/uploads\/2023\/10\/mission-humanitaire-nicaragua-300x183.png\" alt=\"\" width=\"300\" height=\"183\" srcset=\"https:\/\/www.vita-explorers.dk\/blog\/wp-content\/uploads\/2023\/10\/mission-humanitaire-nicaragua-300x183.png 300w, https:\/\/www.vita-explorers.dk\/blog\/wp-content\/uploads\/2023\/10\/mission-humanitaire-nicaragua-1024x626.png 1024w, https:\/\/www.vita-explorers.dk\/blog\/wp-content\/uploads\/2023\/10\/mission-humanitaire-nicaragua-768x469.png 768w, https:\/\/www.vita-explorers.dk\/blog\/wp-content\/uploads\/2023\/10\/mission-humanitaire-nicaragua.png 1312w\" sizes=\"(max-width: 300px) 100vw, 300px\" \/><\/a><\/p>\n<h2 class=\"p1\" style=\"text-align: justify;\">Mexico ????????<\/h2>\n<p class=\"p1\" style=\"text-align: justify;\"><a href=\"https:\/\/www.vita-explorers.dk\/frivilligt-arbejde\/frivilligt-arbejde-mexico-internationalt-forloeb-latinamerika.html\" target=\"_blank\" rel=\"noopener\">I Mexico<\/a> ligger Akumal p\u00e5 \u00f8stkysten af Yucat\u00e1n-halv\u00f8en, cirka 90 km syd for Canc\u00fan, mellem Playa del Carmen og Tulum langs den caribiske kyst. Navnet Akumal betyder \u201cSkildpaddernes sted\u201d p\u00e5 maya.<\/p>\n<p class=\"p1\" style=\"text-align: justify;\">I 1993 blev et \u00f8kologisk center etableret for at fremme milj\u00f8indsatser, der beskytter Akumals marine og kystn\u00e6re \u00f8kosystemer og bevarer den rige biodiversitet i havet. Centerets arbejde samler sig om tre n\u00f8gleomr\u00e5der: forskning, undervisning og oplysning, som f\u00f8res ud i livet gennem forskellige programmer og milj\u00f8projekter.<\/p>\n<p class=\"p1\" style=\"text-align: justify;\">H\u00f8jeste prioritet er hel\u00e5rsbeskyttelse og bevaring af de marine og kystn\u00e6re \u00f8kosystemer \u2013 med v\u00e6rdifuld st\u00f8tte fra internationale deltagere og studerende p\u00e5 forl\u00f8b i Mexico.<\/p>\n<p class=\"p1\" style=\"text-align: justify;\">Deltagerne spiller en vigtig rolle, og programmerne bygger hvert \u00e5r p\u00e5 b\u00e5de nationale og internationale deltagere samt studerende og socialfaglige profiler. Et internationalt frivilligforl\u00f8b i Mexico kan give mange muligheder for mennesker i alle aldre. Det kan v\u00e6kke din nysgerrighed, st\u00f8tte din l\u00e6ring og give dig m\u00f8der med mennesker fra hele verden \u2013 og samtidig give dig et n\u00e6rt indblik i en ny kultur og et nyt sprog.<\/p>\n<p class=\"p1\" style=\"text-align: justify;\">Som deltager i Akumal kan du v\u00e6re med til at unders\u00f8ge og l\u00e6re om livet i havet i dets naturlige habitat, arbejde side om side med erfarne forskere, opbygge nye kompetencer,<span class=\"s1\"> a<\/span>rbejde med konkrete metoder inden for marin naturbeskyttelse og bidrage til bevaringsarbejdet.<\/p>\n<p>Oplev Zo\u00e9s <a href=\"https:\/\/www.vita-explorers.dk\/blog\/avis-globalong\/mexique-zoe\/\" target=\"_blank\" rel=\"noopener\">oplevelser<\/a> fra et humanit\u00e6rt forl\u00f8b i Mexico.<\/p>\n<p><a href=\"https:\/\/www.vita-explorers.dk\/blog\/wp-content\/uploads\/2023\/10\/mission-humanitaire-mexique.png\" target=\"_blank\" rel=\"noopener\"><img loading=\"lazy\" decoding=\"async\" class=\"aligncenter wp-image-15756 size-medium\" src=\"https:\/\/www.vita-explorers.dk\/blog\/wp-content\/uploads\/2023\/10\/mission-humanitaire-mexique-300x225.png\" alt=\"\" width=\"300\" height=\"225\" srcset=\"https:\/\/www.vita-explorers.dk\/blog\/wp-content\/uploads\/2023\/10\/mission-humanitaire-mexique-300x225.png 300w, https:\/\/www.vita-explorers.dk\/blog\/wp-content\/uploads\/2023\/10\/mission-humanitaire-mexique-1024x766.png 1024w, https:\/\/www.vita-explorers.dk\/blog\/wp-content\/uploads\/2023\/10\/mission-humanitaire-mexique-768x575.png 768w, https:\/\/www.vita-explorers.dk\/blog\/wp-content\/uploads\/2023\/10\/mission-humanitaire-mexique.png 1312w\" sizes=\"(max-width: 300px) 100vw, 300px\" \/><\/a><\/p>\n<h2 class=\"p6\" style=\"text-align: justify;\">Costa Rica ????????<\/h2>\n<p class=\"p6\" style=\"text-align: justify;\"><a href=\"https:\/\/www.vita-explorers.dk\/sprog-og-frivilligt-arbejde\/frivilligt-arbejde-spansk-costa-rica.html\" target=\"_blank\" rel=\"noopener\">I Costa Rica<\/a> \u2013 et paradis for naturinteresserede \u2013 har forl\u00f8b ofte fokus p\u00e5 naturbeskyttelse, uddannelse, b\u00f8rns trivsel og st\u00f8tte til mennesker i s\u00e5rbare situationer.<\/p>\n<p class=\"p6\" style=\"text-align: justify;\">Du kan f\u00e5 mulighed for at bidrage til beskyttelse af truede arter, hj\u00e6lpe med \u00f8kologiske rundvisninger og deltage i projekter inden for b\u00e6redygtig udvikling. Som international deltager er fleksibilitet og selvst\u00e6ndighed vigtigt. Du skal kunne planl\u00e6gge og tilpasse dig \u2013 ogs\u00e5 selvom en lokal koordinator f\u00f8lger dig f\u00f8r og under dit ophold i Costa Rica.<\/p>\n<p class=\"p6\" style=\"text-align: justify;\">Humanit\u00e6re forl\u00f8b i Costa Rica kan typisk samle sig om to omr\u00e5der: socialt arbejde og beskyttelse af dyr og natur.<\/p>\n<p>Oplev Sandras <a href=\"https:\/\/www.vita-explorers.dk\/blog\/avis-globalong\/testimonio-sandra-globalong-costa-rica-america-latine-voyage-benevolat-annee-sabbatique-gap-year\/\" target=\"_blank\" rel=\"noopener\">oplevelser<\/a> fra et humanit\u00e6rt forl\u00f8b i Costa Rica.<\/p>\n<p><a href=\"https:\/\/www.vita-explorers.dk\/blog\/wp-content\/uploads\/2023\/10\/mission-humanitaire-costa-rica.png\" target=\"_blank\" rel=\"noopener\"><img loading=\"lazy\" decoding=\"async\" class=\"aligncenter wp-image-15750 size-medium\" src=\"https:\/\/www.vita-explorers.dk\/blog\/wp-content\/uploads\/2023\/10\/mission-humanitaire-costa-rica-300x185.png\" alt=\"\" width=\"300\" height=\"185\" srcset=\"https:\/\/www.vita-explorers.dk\/blog\/wp-content\/uploads\/2023\/10\/mission-humanitaire-costa-rica-300x185.png 300w, https:\/\/www.vita-explorers.dk\/blog\/wp-content\/uploads\/2023\/10\/mission-humanitaire-costa-rica-1024x633.png 1024w, https:\/\/www.vita-explorers.dk\/blog\/wp-content\/uploads\/2023\/10\/mission-humanitaire-costa-rica-768x475.png 768w, https:\/\/www.vita-explorers.dk\/blog\/wp-content\/uploads\/2023\/10\/mission-humanitaire-costa-rica.png 1288w\" sizes=\"(max-width: 300px) 100vw, 300px\" \/><\/a><\/p>\n<h2 class=\"p6\" style=\"text-align: justify;\">Cuba ????????<\/h2>\n<p class=\"p6\" style=\"text-align: justify;\">Hvide sandstrande, frodige bjerglandskaber og et rigt dyre- og planteliv g\u00f8r <a href=\"https:\/\/www.vita-explorers.dk\/sprog-og-frivilligt-arbejde\/humanitaert-ophold-paa-cuba-internationalt-forloeb-for-studerende.html\" target=\"_blank\" rel=\"noopener\">Cuba<\/a> til et sted, der let kan fascinere. N\u00e5r du rejser i landet, l\u00e6rer du meget om kulturen og de mennesker, du m\u00f8der \u2013 ofte im\u00f8dekommende og varme. Cuba regnes som en af de mest autentiske destinationer og er samtidig en af verdens smukkeste \u00f8er \u2013 den st\u00f8rste og mest befolkede i Caribien.<\/p>\n<p class=\"p6\" style=\"text-align: justify;\">Bag postkortmotiverne gemmer der sig dog ogs\u00e5 en sv\u00e6r virkelighed: en stor del af den cubanske befolkning lever under fattigdomsgr\u00e6nsen.<\/p>\n<p class=\"p6\" style=\"text-align: justify;\">Her kan internationale deltagere og studerende p\u00e5 forl\u00f8b ofte v\u00e6re med til at give en vigtig st\u00f8tte til de lokale kr\u00e6fter, der hver dag arbejder for at hj\u00e6lpe deres medborgere.<\/p>\n<p class=\"p6\" style=\"text-align: justify;\">Et frivilligt ophold p\u00e5 Cuba er en oplagt mulighed for at m\u00f8de cubanerne t\u00e6t p\u00e5, v\u00e6re i fuld immersion, blive bedre til spansk og bidrage med en konkret indsats.<\/p>\n<p class=\"p6\" style=\"text-align: justify;\">Som deltager st\u00f8tter du de lokale tilrettel\u00e6ggere i det daglige arbejde med b\u00f8rn i udsatte livssituationer. B\u00f8rnene kommer ofte fra familier, der st\u00e5r i meget sv\u00e6re vilk\u00e5r. M\u00e5let er b\u00e5de at skabe trygge rammer og at styrke hele familien, s\u00e5 de bedre kan st\u00f8tte b\u00f8rnenes udvikling og v\u00e6re mere forberedte i for\u00e6ldrerollen.<\/p>\n<p class=\"p6\" style=\"text-align: justify;\">Fokus er p\u00e5 social udvikling og at styrke selvtillid. Men noget af det, de unge ofte s\u00e6tter mest pris p\u00e5, er tiden sammen med internationale deltagere og de samtaler og m\u00f8der, det giver.<\/p>\n<p>Oplev Evas oplevelser fra et humanit\u00e6rt forl\u00f8b p\u00e5 Cuba.<\/p>\n<p><a href=\"https:\/\/www.vita-explorers.dk\/blog\/wp-content\/uploads\/2023\/10\/mission-humanitaire-cuba.png\" target=\"_blank\" rel=\"noopener\"><img loading=\"lazy\" decoding=\"async\" class=\"aligncenter wp-image-15751 size-medium\" src=\"https:\/\/www.vita-explorers.dk\/blog\/wp-content\/uploads\/2023\/10\/mission-humanitaire-cuba-300x300.png\" alt=\"\" width=\"300\" height=\"300\" srcset=\"https:\/\/www.vita-explorers.dk\/blog\/wp-content\/uploads\/2023\/10\/mission-humanitaire-cuba-300x300.png 300w, https:\/\/www.vita-explorers.dk\/blog\/wp-content\/uploads\/2023\/10\/mission-humanitaire-cuba-1024x1024.png 1024w, https:\/\/www.vita-explorers.dk\/blog\/wp-content\/uploads\/2023\/10\/mission-humanitaire-cuba-150x150.png 150w, https:\/\/www.vita-explorers.dk\/blog\/wp-content\/uploads\/2023\/10\/mission-humanitaire-cuba-768x768.png 768w, https:\/\/www.vita-explorers.dk\/blog\/wp-content\/uploads\/2023\/10\/mission-humanitaire-cuba.png 1034w\" sizes=\"(max-width: 300px) 100vw, 300px\" \/><\/a><\/p>\n<h2 class=\"p8\" style=\"text-align: justify;\">Den Dominikanske Republik ????????<\/h2>\n<p class=\"p8\" style=\"text-align: justify;\"><a href=\"https:\/\/www.vita-explorers.dk\/frivilligt-arbejde\/humanitaert-ophold-den-dominikanske-republik-praktik-i-udlandet.html\" target=\"_blank\" rel=\"noopener\">I Den Dominikanske Republik<\/a> kan indsatserne handle om centrale omr\u00e5der som uddannelse, menneskerettigheder, ligestilling, lokalsamfundsudvikling, milj\u00f8beskyttelse, klimaudfordringer og dyrevelf\u00e6rd. VITA arbejder for at styrke kulturudveksling og b\u00e6redygtig udvikling \u2013 og for at st\u00f8tte muligheder, der kan skabe lokal indkomst i omr\u00e5der med f\u00e6rre ressourcer.<\/p>\n<p class=\"p8\" style=\"text-align: justify;\">Organisationen arbejder med mange typer udfordringer \u2013 fra fattigdom og menneskerettigheder til milj\u00f8 og natur. Deltagernes engagement er vigtigt for at oms\u00e6tte aktiviteterne til praksis.<\/p>\n<p class=\"p8\" style=\"text-align: justify;\">Derudover arbejder deltagere i Den Dominikanske Republik for at forbedre hverdagen for b\u00f8rn, unge og unge voksne fra s\u00e5rbare og udsatte lokalsamfund. Det er ogs\u00e5 muligt at deltage i \u00f8ko-forl\u00f8b, fx med fokus p\u00e5 marin naturbeskyttelse og genopretning af koralrev. Projekterne foreg\u00e5r i omr\u00e5det omkring Santa B\u00e1rbara de Saman\u00e1 og Las Terrenas p\u00e5 Saman\u00e1-halv\u00f8en.<\/p>\n<p class=\"p8\" style=\"text-align: justify;\">Derudover giver forl\u00f8b i det sundhedsfaglige omr\u00e5de og praktikforl\u00f8b for sygepleje mulighed for at indg\u00e5 i et fagligt samarbejde med lokale sygeplejersker og l\u00e6ger p\u00e5 hospitaler, i n\u00e6rklinikker og tandklinikker.<\/p>\n<p class=\"p8\" style=\"text-align: justify;\">Dyreprogrammet giver studerende mulighed for erhvervserfaring med dyr, der er blevet forladt, gennem beskyttelse og arbejde med dyrevelf\u00e6rd. Programmet med community-arbejde for unge har fokus p\u00e5 at styrke b\u00f8rn og unge voksne gennem ekstra undervisning og lektiehj\u00e6lp, samtidig med at for\u00e6ldre f\u00e5r st\u00f8tte og vejledning. Med hj\u00e6lp fra lokale fagpersoner er der ogs\u00e5 startet et nyt uddannelses- og terapiforl\u00f8b for b\u00f8rn med s\u00e6rlige behov p\u00e5 Saman\u00e1-halv\u00f8en.<\/p>\n<p>Oplev Flavies <a href=\"https:\/\/www.vita-explorers.dk\/blog\/avis-globalong\/republique-dominicaine-flavie\/\" target=\"_blank\" rel=\"noopener\">oplevelser<\/a> fra et humanit\u00e6rt forl\u00f8b i Den Dominikanske Republik.<\/p>\n<p><a href=\"https:\/\/www.vita-explorers.dk\/blog\/wp-content\/uploads\/2023\/10\/mission-humanitaire-republique-dominicaine.png\" target=\"_blank\" rel=\"noopener\"><img loading=\"lazy\" decoding=\"async\" class=\"aligncenter wp-image-15759 size-medium\" src=\"https:\/\/www.vita-explorers.dk\/blog\/wp-content\/uploads\/2023\/10\/mission-humanitaire-republique-dominicaine-300x224.png\" alt=\"\" width=\"300\" height=\"224\" srcset=\"https:\/\/www.vita-explorers.dk\/blog\/wp-content\/uploads\/2023\/10\/mission-humanitaire-republique-dominicaine-300x224.png 300w, https:\/\/www.vita-explorers.dk\/blog\/wp-content\/uploads\/2023\/10\/mission-humanitaire-republique-dominicaine-1024x764.png 1024w, https:\/\/www.vita-explorers.dk\/blog\/wp-content\/uploads\/2023\/10\/mission-humanitaire-republique-dominicaine-768x573.png 768w, https:\/\/www.vita-explorers.dk\/blog\/wp-content\/uploads\/2023\/10\/mission-humanitaire-republique-dominicaine.png 1182w\" sizes=\"(max-width: 300px) 100vw, 300px\" \/><\/a><\/p>\n<h2 class=\"p8\" style=\"text-align: justify;\">Jamaica ????????<\/h2>\n<p class=\"p8\" style=\"text-align: justify;\"><a href=\"https:\/\/www.vita-explorers.dk\/frivilligt-arbejde\/jamaica-praktik-ophold-humanitaert-arbejde-frivilligt-arbejde-undervisning.html\" target=\"_blank\" rel=\"noopener\">P\u00e5 Jamaica<\/a> kan du engagere dig i et humanit\u00e6rt forl\u00f8b inden for flere omr\u00e5der, fx socialt arbejde, sundhed, internationalt \u00f8ko-forl\u00f8b, menneskerettigheder og retf\u00e6rdighed, dyrebeskyttelse og dyrepleje, undervisning samt \u00f8kologisk landbrug. Internationale deltagere er en vigtig st\u00f8tte i projekterne og bidrager til at underst\u00f8tte det lokale teams arbejde.<\/p>\n<p class=\"p8\" style=\"text-align: justify;\">Jamaica er kendt for krystalklart vand og smukke strande \u2013 men rummer ogs\u00e5 sociale udfordringer. Der ses en tydelig v\u00e6kst i udsatte lokalsamfund, og mange af dem omfatter b\u00f8rn. I m\u00f8det med dette har myndigheder, trosbaserede organisationer og civilsamfundsakt\u00f8rer samarbejdet om at st\u00f8tte b\u00f8rnecentre og tilbud til b\u00e5de b\u00f8rn og voksne.<\/p>\n<p>Oplev L\u00e9as <a href=\"https:\/\/www.vita-explorers.dk\/blog\/avis-globalong\/lea-jamaique-benevolat-social-orphelinat\/\" target=\"_blank\" rel=\"noopener\">oplevelser<\/a> fra et humanit\u00e6rt forl\u00f8b p\u00e5 Jamaica.<\/p>\n<p><a href=\"https:\/\/www.vita-explorers.dk\/blog\/wp-content\/uploads\/2023\/10\/mission-humanitaire-jamamique.png\" target=\"_blank\" rel=\"noopener\"><img loading=\"lazy\" decoding=\"async\" class=\"aligncenter wp-image-15755 size-medium\" src=\"https:\/\/www.vita-explorers.dk\/blog\/wp-content\/uploads\/2023\/10\/mission-humanitaire-jamamique-300x199.png\" alt=\"\" width=\"300\" height=\"199\" srcset=\"https:\/\/www.vita-explorers.dk\/blog\/wp-content\/uploads\/2023\/10\/mission-humanitaire-jamamique-300x199.png 300w, https:\/\/www.vita-explorers.dk\/blog\/wp-content\/uploads\/2023\/10\/mission-humanitaire-jamamique-1024x679.png 1024w, https:\/\/www.vita-explorers.dk\/blog\/wp-content\/uploads\/2023\/10\/mission-humanitaire-jamamique-768x509.png 768w, https:\/\/www.vita-explorers.dk\/blog\/wp-content\/uploads\/2023\/10\/mission-humanitaire-jamamique.png 1508w\" sizes=\"(max-width: 300px) 100vw, 300px\" \/><\/a><\/p>\n<h2 class=\"p8\" style=\"text-align: justify;\">Saint Vincent og Grenadinerne ????????<\/h2>\n<p class=\"p8\" style=\"text-align: justify;\">I det sydlige Caribien ligger <a href=\"https:\/\/www.vita-explorers.dk\/frivilligt-arbejde\/saint-vincent-og-grenadinerne-praktik-eco-frivilligt-arbejde-miljoe-oekologi-socialt-humanitaert-solidaritet-caribien.html\" target=\"_blank\" rel=\"noopener\">Saint Vincent og Grenadinerne<\/a>, en \u00f8stat i De Sm\u00e5 Antiller. Landet best\u00e5r af hoved\u00f8en Saint Vincent med hovedstaden Kingstown samt en k\u00e6de af mindre \u00f8er, herunder Grenadinerne, som er popul\u00e6re blandt turister. Omr\u00e5det er dog ogs\u00e5 blevet ramt af flere naturkatastrofer: 12 st\u00f8rre h\u00e6ndelser er registreret siden 1907, herunder store \u00f8del\u00e6ggelser i 2010, 2011 og 2013 med oversv\u00f8mmelser, orkaner, kraftig regn og pludselige floder.<\/p>\n<p class=\"p8\" style=\"text-align: justify;\">Med stor opm\u00e6rksomhed p\u00e5 klima- og milj\u00f8udfordringer har lokalsamfund p\u00e5 <a href=\"https:\/\/www.vita-explorers.dk\/blog\/frivilligt-arbejde-caribien\/\" target=\"_blank\" rel=\"noopener\">Saint Vincent og Grenadinerne<\/a> taget initiativ til mange indsatser, der fremmer b\u00e6redygtig udvikling og beskytter \u00f8ernes \u00f8kosystemer og biodiversitet.<\/p>\n<p class=\"p8\" style=\"text-align: justify;\">Samtidig arbejder lokalsamfundene ogs\u00e5 med en anden stor udfordring, der rammer de mest s\u00e5rbare: fattigdom. N\u00e6sten en fjerdedel af befolkningen er under 15 \u00e5r, og halvdelen lever under fattigdomsgr\u00e6nsen.<\/p>\n<p class=\"p8\" style=\"text-align: justify;\">Du kan deltage i et internationalt frivilligforl\u00f8b eller et studenterforl\u00f8b med fokus p\u00e5 social udvikling eller naturbeskyttelse. Ved at v\u00e6re aktiv p\u00e5 stedet kan du st\u00f8tte mennesker i udsatte livssituationer p\u00e5 de omkringliggende \u00f8er og f\u00e5 en konkret rolle i arbejdet. M\u00e5let er at fremme b\u00e6redygtig udvikling og social fremgang i landet. Det internationale team, ledet af europ\u00e6ere, som har boet i Caribien i flere \u00e5r, tager imod deltagere fra hele verden.<\/p>\n<p><a href=\"https:\/\/www.vita-explorers.dk\/blog\/wp-content\/uploads\/2023\/10\/mission-humanitaire-saint-vincent-et-les-grenadines.png\" target=\"_blank\" rel=\"noopener\"><img loading=\"lazy\" decoding=\"async\" class=\"aligncenter wp-image-15760 size-medium\" src=\"https:\/\/www.vita-explorers.dk\/blog\/wp-content\/uploads\/2023\/10\/mission-humanitaire-saint-vincent-et-les-grenadines-225x300.png\" alt=\"\" width=\"225\" height=\"300\" srcset=\"https:\/\/www.vita-explorers.dk\/blog\/wp-content\/uploads\/2023\/10\/mission-humanitaire-saint-vincent-et-les-grenadines-225x300.png 225w, https:\/\/www.vita-explorers.dk\/blog\/wp-content\/uploads\/2023\/10\/mission-humanitaire-saint-vincent-et-les-grenadines-769x1024.png 769w, https:\/\/www.vita-explorers.dk\/blog\/wp-content\/uploads\/2023\/10\/mission-humanitaire-saint-vincent-et-les-grenadines-768x1023.png 768w, https:\/\/www.vita-explorers.dk\/blog\/wp-content\/uploads\/2023\/10\/mission-humanitaire-saint-vincent-et-les-grenadines.png 772w\" sizes=\"(max-width: 225px) 100vw, 225px\" \/><\/a><\/p>\n<p class=\"p6\" style=\"text-align: justify;\">Frivilligt arbejde i Latinamerika og Caribien kan give dig indblik i en imponerende kulturel og naturm\u00e6ssig mangfoldighed \u2013 samtidig med at du bidrager positivt i lokalsamfund. S\u00e5 g\u00f8r dig klar til et ophold, du vil huske, og til at engagere dig ansvarligt p\u00e5 dette smukke kontinent.<\/p>\n<p class=\"p1\">Sikkerheden for vores deltagere er vores vigtigste prioritet. Derfor g\u00f8r vi os umage for, at dit humanit\u00e6re forl\u00f8b eller dit studenterforl\u00f8b gennemf\u00f8res under gode og trygge rammer. Vi f\u00f8lger l\u00f8bende rejsevejledninger fra relevante myndigheder og holder t\u00e6t kontakt til vores teams og deltagere samt andre humanit\u00e6re organisationer.<\/p>\n<p><a href=\"https:\/\/www.vita-explorers.dk\/blog\/wp-content\/uploads\/2023\/10\/mission-humanitaire-amerique-latine-ong.png\" target=\"_blank\" rel=\"noopener\"><img loading=\"lazy\" decoding=\"async\" class=\"aligncenter wp-image-15767 size-large\" src=\"https:\/\/www.vita-explorers.dk\/blog\/wp-content\/uploads\/2023\/10\/mission-humanitaire-amerique-latine-ong-1024x447.png\" alt=\"\" width=\"640\" height=\"279\" srcset=\"https:\/\/www.vita-explorers.dk\/blog\/wp-content\/uploads\/2023\/10\/mission-humanitaire-amerique-latine-ong-1024x447.png 1024w, https:\/\/www.vita-explorers.dk\/blog\/wp-content\/uploads\/2023\/10\/mission-humanitaire-amerique-latine-ong-300x131.png 300w, https:\/\/www.vita-explorers.dk\/blog\/wp-content\/uploads\/2023\/10\/mission-humanitaire-amerique-latine-ong-768x335.png 768w, https:\/\/www.vita-explorers.dk\/blog\/wp-content\/uploads\/2023\/10\/mission-humanitaire-amerique-latine-ong-1536x670.png 1536w, https:\/\/www.vita-explorers.dk\/blog\/wp-content\/uploads\/2023\/10\/mission-humanitaire-amerique-latine-ong-2048x893.png 2048w\" sizes=\"(max-width: 640px) 100vw, 640px\" \/><\/a><\/p>\n<p class=\"p3\" style=\"text-align: center;\"><b>For mere information er du meget velkommen til at kontakte os p\u00e5 <\/b><a href=\"mailto:info@globalong.com\"><span class=\"s1\"><b>info@globalong.com<\/b><\/span><\/a><\/p>\n<p class=\"p3\" style=\"text-align: center;\"><b>Vil du vide mere om VITA og vores community, kan du finde os p\u00e5 <\/b><a href=\"https:\/\/www.instagram.com\/globalongofficiel\/\"><span class=\"s1\"><b>Instagram<\/b><\/span><\/a><b>, <\/b><a href=\"https:\/\/www.facebook.com\/globalong\"><span class=\"s1\"><b>Facebook<\/b><\/span><\/a><b>, <\/b><a href=\"https:\/\/www.linkedin.com\/company\/5113177\/admin\/feed\/posts\/\"><span class=\"s1\"><b>LinkedIn<\/b><\/span><\/a><b> og <\/b><a href=\"https:\/\/www.youtube.com\/c\/globalong\/videos\"><span class=\"s1\"><b>YouTube<\/b><\/span><\/a><b>! <\/b><\/p>\n","protected":false},"excerpt":{"rendered":"<p>Latinamerika er et kontinent med stor biodiversitet, levende kulturer og mange muligheder for frivilligt arbejde \u2013 og derfor en fascinerende destination for dig, der\u2026<\/p>\n","protected":false},"author":1,"featured_media":15769,"comment_status":"open","ping_status":"open","sticky":false,"template":"","format":"standard","meta":{"footnotes":""},"categories":[191,11,8,1,6,3],"tags":[],"yoast_head":"<!-- This site is optimized with the Yoast SEO Premium plugin v23.4 (Yoast SEO v23.4) - https:\/\/yoast.com\/wordpress\/plugins\/seo\/ -->\n<title>Frivilligt arbejde i Latinamerika og Caribien - VITA Explorers Blog<\/title>\n<meta name=\"description\" content=\"Participez \u00e0 des missions d&#039;\u00e9co-volontariat en Am\u00e9rique latine et dans les Cara\u00efbes. Prot\u00e9gez la nature et contribuez au bien-\u00eatre\" \/>\n<meta name=\"robots\" content=\"index, follow, max-snippet:-1, max-image-preview:large, max-video-preview:-1\" \/>\n<link rel=\"canonical\" href=\"https:\/\/www.vita-explorers.dk\/blog\/Frivilligt%20arbejde%20i%20Latinamerika%20og%20Caribien%20\u2013%20vaer%20med%20i%20den%20humanitaere%20indsats\/\" \/>\n<meta property=\"og:locale\" content=\"da_DK\" \/>\n<meta property=\"og:type\" content=\"article\" \/>\n<meta property=\"og:title\" content=\"Frivilligt arbejde i Latinamerika og Caribien\" \/>\n<meta property=\"og:description\" content=\"Participez \u00e0 des missions d&#039;\u00e9co-volontariat en Am\u00e9rique latine et dans les Cara\u00efbes. Prot\u00e9gez la nature et contribuez au bien-\u00eatre\" \/>\n<meta property=\"og:url\" content=\"https:\/\/www.vita-explorers.dk\/blog\/Frivilligt arbejde i Latinamerika og Caribien \u2013 vaer med i den humanitaere indsats\/\" \/>\n<meta property=\"og:site_name\" content=\"VITA Explorers Blog\" \/>\n<meta property=\"article:publisher\" content=\"https:\/\/www.facebook.com\/globalong\" \/>\n<meta property=\"article:published_time\" content=\"2023-10-18T09:31:31+00:00\" \/>\n<meta property=\"article:modified_time\" content=\"2025-10-29T16:21:58+00:00\" \/>\n<meta property=\"og:image\" content=\"https:\/\/www.vita-explorers.dk\/blog\/wp-content\/uploads\/2023\/10\/mission-humanitaire-en-amerique-du-sud-ong.jpg\" \/>\n\t<meta property=\"og:image:width\" content=\"1600\" \/>\n\t<meta property=\"og:image:height\" content=\"905\" \/>\n\t<meta property=\"og:image:type\" content=\"image\/jpeg\" \/>\n<meta name=\"author\" content=\"VITA Tribe\" \/>\n<meta name=\"twitter:card\" content=\"summary_large_image\" \/>\n<meta name=\"twitter:label1\" content=\"Skrevet af\" \/>\n\t<meta name=\"twitter:data1\" content=\"VITA Tribe\" \/>\n\t<meta name=\"twitter:label2\" content=\"Estimeret l\u00e6setid\" \/>\n\t<meta name=\"twitter:data2\" content=\"23 minutter\" \/>\n<script type=\"application\/ld+json\" class=\"yoast-schema-graph\">{\"@context\":\"https:\/\/schema.org\",\"@graph\":[{\"@type\":\"Article\",\"@id\":\"https:\/\/www.vita-explorers.dk\/blog\/Frivilligt arbejde i Latinamerika og Caribien \u2013 vaer med i den humanitaere indsats\/#article\",\"isPartOf\":{\"@id\":\"https:\/\/www.vita-explorers.dk\/blog\/Frivilligt arbejde i Latinamerika og Caribien \u2013 vaer med i den humanitaere indsats\/\"},\"author\":{\"name\":\"VITA Tribe\",\"@id\":\"https:\/\/www.vita-explorers.dk\/blog\/#\/schema\/person\/d7df267b64f23018d1dc519e78fb2735\"},\"headline\":\"Frivilligt arbejde i Latinamerika og Caribien\",\"datePublished\":\"2023-10-18T09:31:31+00:00\",\"dateModified\":\"2025-10-29T16:21:58+00:00\",\"mainEntityOfPage\":{\"@id\":\"https:\/\/www.vita-explorers.dk\/blog\/Frivilligt arbejde i Latinamerika og Caribien \u2013 vaer med i den humanitaere indsats\/\"},\"wordCount\":3155,\"commentCount\":2,\"publisher\":{\"@id\":\"https:\/\/www.vita-explorers.dk\/blog\/#organization\"},\"image\":{\"@id\":\"https:\/\/www.vita-explorers.dk\/blog\/Frivilligt arbejde i Latinamerika og Caribien \u2013 vaer med i den humanitaere indsats\/#primaryimage\"},\"thumbnailUrl\":\"https:\/\/www.vita-explorers.dk\/blog\/wp-content\/uploads\/2023\/10\/mission-humanitaire-en-amerique-du-sud-ong.jpg\",\"articleSection\":[\"Amerika\",\"Amerika\",\"Humanit\u00e6rt frivilligt arbejde\",\"No Name\",\"Nyheder\",\"Rejser - generelle oplysninger\"],\"inLanguage\":\"da-DK\",\"potentialAction\":[{\"@type\":\"CommentAction\",\"name\":\"Comment\",\"target\":[\"https:\/\/www.vita-explorers.dk\/blog\/Frivilligt arbejde i Latinamerika og Caribien \u2013 vaer med i den humanitaere indsats\/#respond\"]}]},{\"@type\":\"WebPage\",\"@id\":\"https:\/\/www.vita-explorers.dk\/blog\/Frivilligt arbejde i Latinamerika og Caribien \u2013 vaer med i den humanitaere indsats\/\",\"url\":\"https:\/\/www.vita-explorers.dk\/blog\/Frivilligt arbejde i Latinamerika og Caribien \u2013 vaer med i den humanitaere indsats\/\",\"name\":\"Frivilligt arbejde i Latinamerika og Caribien - VITA Explorers Blog\",\"isPartOf\":{\"@id\":\"https:\/\/www.vita-explorers.dk\/blog\/#website\"},\"primaryImageOfPage\":{\"@id\":\"https:\/\/www.vita-explorers.dk\/blog\/Frivilligt arbejde i Latinamerika og Caribien \u2013 vaer med i den humanitaere indsats\/#primaryimage\"},\"image\":{\"@id\":\"https:\/\/www.vita-explorers.dk\/blog\/Frivilligt arbejde i Latinamerika og Caribien \u2013 vaer med i den humanitaere indsats\/#primaryimage\"},\"thumbnailUrl\":\"https:\/\/www.vita-explorers.dk\/blog\/wp-content\/uploads\/2023\/10\/mission-humanitaire-en-amerique-du-sud-ong.jpg\",\"datePublished\":\"2023-10-18T09:31:31+00:00\",\"dateModified\":\"2025-10-29T16:21:58+00:00\",\"description\":\"Participez \u00e0 des missions d'\u00e9co-volontariat en Am\u00e9rique latine et dans les Cara\u00efbes. Prot\u00e9gez la nature et contribuez au bien-\u00eatre\",\"breadcrumb\":{\"@id\":\"https:\/\/www.vita-explorers.dk\/blog\/Frivilligt arbejde i Latinamerika og Caribien \u2013 vaer med i den humanitaere indsats\/#breadcrumb\"},\"inLanguage\":\"da-DK\",\"potentialAction\":[{\"@type\":\"ReadAction\",\"target\":[\"https:\/\/www.vita-explorers.dk\/blog\/Frivilligt arbejde i Latinamerika og Caribien \u2013 vaer med i den humanitaere indsats\/\"]}]},{\"@type\":\"ImageObject\",\"inLanguage\":\"da-DK\",\"@id\":\"https:\/\/www.vita-explorers.dk\/blog\/Frivilligt arbejde i Latinamerika og Caribien \u2013 vaer med i den humanitaere indsats\/#primaryimage\",\"url\":\"https:\/\/www.vita-explorers.dk\/blog\/wp-content\/uploads\/2023\/10\/mission-humanitaire-en-amerique-du-sud-ong.jpg\",\"contentUrl\":\"https:\/\/www.vita-explorers.dk\/blog\/wp-content\/uploads\/2023\/10\/mission-humanitaire-en-amerique-du-sud-ong.jpg\",\"width\":1600,\"height\":905,\"caption\":\"stage \u00e9tudiant suisse infirmier \u00e0 l'\u00e9tranger\"},{\"@type\":\"BreadcrumbList\",\"@id\":\"https:\/\/www.vita-explorers.dk\/blog\/Frivilligt arbejde i Latinamerika og Caribien \u2013 vaer med i den humanitaere indsats\/#breadcrumb\",\"itemListElement\":[{\"@type\":\"ListItem\",\"position\":1,\"name\":\"Accueil\",\"item\":\"https:\/\/www.vita-explorers.dk\/blog\/\"},{\"@type\":\"ListItem\",\"position\":2,\"name\":\"Frivilligt arbejde i Latinamerika og Caribien\"}]},{\"@type\":\"WebSite\",\"@id\":\"https:\/\/www.vita-explorers.dk\/blog\/#website\",\"url\":\"https:\/\/www.vita-explorers.dk\/blog\/\",\"name\":\"Association Globalong\",\"description\":\"Frivilligt arbejde, sprogophold, praktik i udlandet og internationale oplevelser\",\"publisher\":{\"@id\":\"https:\/\/www.vita-explorers.dk\/blog\/#organization\"},\"potentialAction\":[{\"@type\":\"SearchAction\",\"target\":{\"@type\":\"EntryPoint\",\"urlTemplate\":\"https:\/\/www.vita-explorers.dk\/blog\/?s={search_term_string}\"},\"query-input\":{\"@type\":\"PropertyValueSpecification\",\"valueRequired\":true,\"valueName\":\"search_term_string\"}}],\"inLanguage\":\"da-DK\"},{\"@type\":\"Organization\",\"@id\":\"https:\/\/www.vita-explorers.dk\/blog\/#organization\",\"name\":\"Association Globalong\",\"url\":\"https:\/\/www.vita-explorers.dk\/blog\/\",\"logo\":{\"@type\":\"ImageObject\",\"inLanguage\":\"da-DK\",\"@id\":\"https:\/\/www.vita-explorers.dk\/blog\/#\/schema\/logo\/image\/\",\"url\":\"https:\/\/www.globalong.com\/blog\/wp-content\/uploads\/2014\/11\/cropped-cropped-Logo-et-Afrique-Globalong-petite-taille-2.jpg\",\"contentUrl\":\"https:\/\/www.globalong.com\/blog\/wp-content\/uploads\/2014\/11\/cropped-cropped-Logo-et-Afrique-Globalong-petite-taille-2.jpg\",\"width\":512,\"height\":512,\"caption\":\"Association Globalong\"},\"image\":{\"@id\":\"https:\/\/www.vita-explorers.dk\/blog\/#\/schema\/logo\/image\/\"},\"sameAs\":[\"https:\/\/www.facebook.com\/globalong\"]},{\"@type\":\"Person\",\"@id\":\"https:\/\/www.vita-explorers.dk\/blog\/#\/schema\/person\/d7df267b64f23018d1dc519e78fb2735\",\"name\":\"VITA Tribe\",\"image\":{\"@type\":\"ImageObject\",\"inLanguage\":\"da-DK\",\"@id\":\"https:\/\/www.vita-explorers.dk\/blog\/#\/schema\/person\/image\/\",\"url\":\"https:\/\/secure.gravatar.com\/avatar\/81461bcc213d0ff2bdc043d4206648f0?s=96&d=mm&r=g\",\"contentUrl\":\"https:\/\/secure.gravatar.com\/avatar\/81461bcc213d0ff2bdc043d4206648f0?s=96&d=mm&r=g\",\"caption\":\"VITA Tribe\"},\"sameAs\":[\"https:\/\/www.globalong.com\"],\"url\":\"https:\/\/www.vita-explorers.dk\/blog\/author\/sophie\/\"}]}<\/script>\n<!-- \/ Yoast SEO Premium plugin. -->","yoast_head_json":{"title":"Frivilligt arbejde i Latinamerika og Caribien - VITA Explorers Blog","description":"Participez \u00e0 des missions d'\u00e9co-volontariat en Am\u00e9rique latine et dans les Cara\u00efbes. Prot\u00e9gez la nature et contribuez au bien-\u00eatre","robots":{"index":"index","follow":"follow","max-snippet":"max-snippet:-1","max-image-preview":"max-image-preview:large","max-video-preview":"max-video-preview:-1"},"canonical":"https:\/\/www.vita-explorers.dk\/blog\/Frivilligt arbejde i Latinamerika og Caribien \u2013 vaer med i den humanitaere indsats\/","og_locale":"da_DK","og_type":"article","og_title":"Frivilligt arbejde i Latinamerika og Caribien","og_description":"Participez \u00e0 des missions d'\u00e9co-volontariat en Am\u00e9rique latine et dans les Cara\u00efbes. Prot\u00e9gez la nature et contribuez au bien-\u00eatre","og_url":"https:\/\/www.vita-explorers.dk\/blog\/Frivilligt arbejde i Latinamerika og Caribien \u2013 vaer med i den humanitaere indsats\/","og_site_name":"VITA Explorers Blog","article_publisher":"https:\/\/www.facebook.com\/globalong","article_published_time":"2023-10-18T09:31:31+00:00","article_modified_time":"2025-10-29T16:21:58+00:00","og_image":[{"width":1600,"height":905,"url":"https:\/\/www.vita-explorers.dk\/blog\/wp-content\/uploads\/2023\/10\/mission-humanitaire-en-amerique-du-sud-ong.jpg","type":"image\/jpeg"}],"author":"VITA Tribe","twitter_card":"summary_large_image","twitter_misc":{"Skrevet af":"VITA Tribe","Estimeret l\u00e6setid":"23 minutter"},"schema":{"@context":"https:\/\/schema.org","@graph":[{"@type":"Article","@id":"https:\/\/www.vita-explorers.dk\/blog\/Frivilligt arbejde i Latinamerika og Caribien \u2013 vaer med i den humanitaere indsats\/#article","isPartOf":{"@id":"https:\/\/www.vita-explorers.dk\/blog\/Frivilligt arbejde i Latinamerika og Caribien \u2013 vaer med i den humanitaere indsats\/"},"author":{"name":"VITA Tribe","@id":"https:\/\/www.vita-explorers.dk\/blog\/#\/schema\/person\/d7df267b64f23018d1dc519e78fb2735"},"headline":"Frivilligt arbejde i Latinamerika og Caribien","datePublished":"2023-10-18T09:31:31+00:00","dateModified":"2025-10-29T16:21:58+00:00","mainEntityOfPage":{"@id":"https:\/\/www.vita-explorers.dk\/blog\/Frivilligt arbejde i Latinamerika og Caribien \u2013 vaer med i den humanitaere indsats\/"},"wordCount":3155,"commentCount":2,"publisher":{"@id":"https:\/\/www.vita-explorers.dk\/blog\/#organization"},"image":{"@id":"https:\/\/www.vita-explorers.dk\/blog\/Frivilligt arbejde i Latinamerika og Caribien \u2013 vaer med i den humanitaere indsats\/#primaryimage"},"thumbnailUrl":"https:\/\/www.vita-explorers.dk\/blog\/wp-content\/uploads\/2023\/10\/mission-humanitaire-en-amerique-du-sud-ong.jpg","articleSection":["Amerika","Amerika","Humanit\u00e6rt frivilligt arbejde","No Name","Nyheder","Rejser - generelle oplysninger"],"inLanguage":"da-DK","potentialAction":[{"@type":"CommentAction","name":"Comment","target":["https:\/\/www.vita-explorers.dk\/blog\/Frivilligt arbejde i Latinamerika og Caribien \u2013 vaer med i den humanitaere indsats\/#respond"]}]},{"@type":"WebPage","@id":"https:\/\/www.vita-explorers.dk\/blog\/Frivilligt arbejde i Latinamerika og Caribien \u2013 vaer med i den humanitaere indsats\/","url":"https:\/\/www.vita-explorers.dk\/blog\/Frivilligt arbejde i Latinamerika og Caribien \u2013 vaer med i den humanitaere indsats\/","name":"Frivilligt arbejde i Latinamerika og Caribien - VITA Explorers Blog","isPartOf":{"@id":"https:\/\/www.vita-explorers.dk\/blog\/#website"},"primaryImageOfPage":{"@id":"https:\/\/www.vita-explorers.dk\/blog\/Frivilligt arbejde i Latinamerika og Caribien \u2013 vaer med i den humanitaere indsats\/#primaryimage"},"image":{"@id":"https:\/\/www.vita-explorers.dk\/blog\/Frivilligt arbejde i Latinamerika og Caribien \u2013 vaer med i den humanitaere indsats\/#primaryimage"},"thumbnailUrl":"https:\/\/www.vita-explorers.dk\/blog\/wp-content\/uploads\/2023\/10\/mission-humanitaire-en-amerique-du-sud-ong.jpg","datePublished":"2023-10-18T09:31:31+00:00","dateModified":"2025-10-29T16:21:58+00:00","description":"Participez \u00e0 des missions d'\u00e9co-volontariat en Am\u00e9rique latine et dans les Cara\u00efbes. Prot\u00e9gez la nature et contribuez au bien-\u00eatre","breadcrumb":{"@id":"https:\/\/www.vita-explorers.dk\/blog\/Frivilligt arbejde i Latinamerika og Caribien \u2013 vaer med i den humanitaere indsats\/#breadcrumb"},"inLanguage":"da-DK","potentialAction":[{"@type":"ReadAction","target":["https:\/\/www.vita-explorers.dk\/blog\/Frivilligt arbejde i Latinamerika og Caribien \u2013 vaer med i den humanitaere indsats\/"]}]},{"@type":"ImageObject","inLanguage":"da-DK","@id":"https:\/\/www.vita-explorers.dk\/blog\/Frivilligt arbejde i Latinamerika og Caribien \u2013 vaer med i den humanitaere indsats\/#primaryimage","url":"https:\/\/www.vita-explorers.dk\/blog\/wp-content\/uploads\/2023\/10\/mission-humanitaire-en-amerique-du-sud-ong.jpg","contentUrl":"https:\/\/www.vita-explorers.dk\/blog\/wp-content\/uploads\/2023\/10\/mission-humanitaire-en-amerique-du-sud-ong.jpg","width":1600,"height":905,"caption":"stage \u00e9tudiant suisse infirmier \u00e0 l'\u00e9tranger"},{"@type":"BreadcrumbList","@id":"https:\/\/www.vita-explorers.dk\/blog\/Frivilligt arbejde i Latinamerika og Caribien \u2013 vaer med i den humanitaere indsats\/#breadcrumb","itemListElement":[{"@type":"ListItem","position":1,"name":"Accueil","item":"https:\/\/www.vita-explorers.dk\/blog\/"},{"@type":"ListItem","position":2,"name":"Frivilligt arbejde i Latinamerika og Caribien"}]},{"@type":"WebSite","@id":"https:\/\/www.vita-explorers.dk\/blog\/#website","url":"https:\/\/www.vita-explorers.dk\/blog\/","name":"Association Globalong","description":"Frivilligt arbejde, sprogophold, praktik i udlandet og internationale oplevelser","publisher":{"@id":"https:\/\/www.vita-explorers.dk\/blog\/#organization"},"potentialAction":[{"@type":"SearchAction","target":{"@type":"EntryPoint","urlTemplate":"https:\/\/www.vita-explorers.dk\/blog\/?s={search_term_string}"},"query-input":{"@type":"PropertyValueSpecification","valueRequired":true,"valueName":"search_term_string"}}],"inLanguage":"da-DK"},{"@type":"Organization","@id":"https:\/\/www.vita-explorers.dk\/blog\/#organization","name":"Association Globalong","url":"https:\/\/www.vita-explorers.dk\/blog\/","logo":{"@type":"ImageObject","inLanguage":"da-DK","@id":"https:\/\/www.vita-explorers.dk\/blog\/#\/schema\/logo\/image\/","url":"https:\/\/www.globalong.com\/blog\/wp-content\/uploads\/2014\/11\/cropped-cropped-Logo-et-Afrique-Globalong-petite-taille-2.jpg","contentUrl":"https:\/\/www.globalong.com\/blog\/wp-content\/uploads\/2014\/11\/cropped-cropped-Logo-et-Afrique-Globalong-petite-taille-2.jpg","width":512,"height":512,"caption":"Association Globalong"},"image":{"@id":"https:\/\/www.vita-explorers.dk\/blog\/#\/schema\/logo\/image\/"},"sameAs":["https:\/\/www.facebook.com\/globalong"]},{"@type":"Person","@id":"https:\/\/www.vita-explorers.dk\/blog\/#\/schema\/person\/d7df267b64f23018d1dc519e78fb2735","name":"VITA Tribe","image":{"@type":"ImageObject","inLanguage":"da-DK","@id":"https:\/\/www.vita-explorers.dk\/blog\/#\/schema\/person\/image\/","url":"https:\/\/secure.gravatar.com\/avatar\/81461bcc213d0ff2bdc043d4206648f0?s=96&d=mm&r=g","contentUrl":"https:\/\/secure.gravatar.com\/avatar\/81461bcc213d0ff2bdc043d4206648f0?s=96&d=mm&r=g","caption":"VITA Tribe"},"sameAs":["https:\/\/www.globalong.com"],"url":"https:\/\/www.vita-explorers.dk\/blog\/author\/sophie\/"}]}},"_links":{"self":[{"href":"https:\/\/www.vita-explorers.dk\/blog\/wp-json\/wp\/v2\/posts\/15743"}],"collection":[{"href":"https:\/\/www.vita-explorers.dk\/blog\/wp-json\/wp\/v2\/posts"}],"about":[{"href":"https:\/\/www.vita-explorers.dk\/blog\/wp-json\/wp\/v2\/types\/post"}],"author":[{"embeddable":true,"href":"https:\/\/www.vita-explorers.dk\/blog\/wp-json\/wp\/v2\/users\/1"}],"replies":[{"embeddable":true,"href":"https:\/\/www.vita-explorers.dk\/blog\/wp-json\/wp\/v2\/comments?post=15743"}],"version-history":[{"count":13,"href":"https:\/\/www.vita-explorers.dk\/blog\/wp-json\/wp\/v2\/posts\/15743\/revisions"}],"predecessor-version":[{"id":22191,"href":"https:\/\/www.vita-explorers.dk\/blog\/wp-json\/wp\/v2\/posts\/15743\/revisions\/22191"}],"wp:featuredmedia":[{"embeddable":true,"href":"https:\/\/www.vita-explorers.dk\/blog\/wp-json\/wp\/v2\/media\/15769"}],"wp:attachment":[{"href":"https:\/\/www.vita-explorers.dk\/blog\/wp-json\/wp\/v2\/media?parent=15743"}],"wp:term":[{"taxonomy":"category","embeddable":true,"href":"https:\/\/www.vita-explorers.dk\/blog\/wp-json\/wp\/v2\/categories?post=15743"},{"taxonomy":"post_tag","embeddable":true,"href":"https:\/\/www.vita-explorers.dk\/blog\/wp-json\/wp\/v2\/tags?post=15743"}],"curies":[{"name":"wp","href":"https:\/\/api.w.org\/{rel}","templated":true}]}}