{"id":15802,"date":"2023-11-10T16:24:54","date_gmt":"2023-11-10T15:24:54","guid":{"rendered":"https:\/\/www.globalong.com\/blog\/?p=15802"},"modified":"2024-09-25T22:10:29","modified_gmt":"2024-09-25T20:10:29","slug":"den-internationale-praktikdag","status":"publish","type":"post","link":"https:\/\/www.vita-explorers.dk\/blog\/den-internationale-praktikdag\/","title":{"rendered":"Den internationale praktikantdag!"},"content":{"rendered":"<h1 class=\"p1\" style=\"text-align: justify;\"><span style=\"font-size: 12pt;\">Hvert \u00e5r den 10. november markerer verden International Praktikantdag. Hos os er det f\u00f8rst og fremmest en dag, hvor vi anerkender praktikanters engagement og indsats i det humanit\u00e6re felt.<\/span><\/h1>\n<h2 class=\"p1\" style=\"text-align: justify;\"><span style=\"font-size: 12pt;\">Det er en anledning til at fremh\u00e6ve den v\u00e6rdifulde forskel, de g\u00f8r i humanit\u00e6re indsatser, i st\u00f8tten til s\u00e5rbare grupper og i styrkelsen af internationalt sammenhold.<\/span><\/h2>\n<p class=\"p1\" style=\"text-align: justify;\"><a href=\"https:\/\/www.onisep.fr\/vers-l-emploi\/stages-en-entreprises\/stagiaire-4-points-a-savoir\" target=\"_blank\" rel=\"noopener\">Praktikanter<\/a> i det humanit\u00e6re felt st\u00e5r for omtanke, nysgerrighed og en tydelig vilje til at bidrage. Deres tilstedev\u00e6relse og arbejde i lokale humanit\u00e6re organisationer giver vigtig st\u00f8tte til projekter, hvor der er brug for ekstra h\u00e6nder og nye perspektiver \u2013 med frisk energi og id\u00e9er til at m\u00f8de komplekse udfordringer.<\/p>\n<h3 class=\"p1\" style=\"text-align: justify;\">At v\u00e6re praktikant i det humanit\u00e6re felt kan b\u00e5de v\u00e6re meningsfuldt og kr\u00e6vende.<\/h3>\n<p class=\"p1\" style=\"text-align: justify;\">Praktikanter m\u00f8der ofte komplekse situationer og skal kunne navigere i milj\u00f8er, der kan v\u00e6re uforudsigelige og til tider pressede \u2013 samtidig med at de bidrager til indsatser, der betyder noget for mennesker. Netop de erfaringer giver v\u00e6rdifuld l\u00e6ring: at h\u00e5ndtere usikkerhed, omstille sig hurtigt og opbygge en robusthed, der r\u00e6kker langt ind i arbejdslivet.<\/p>\n<p class=\"p1\" style=\"text-align: justify;\">Praktikanter i det humanit\u00e6re felt er med til at forme fremtidens humanit\u00e6re arbejde ved at bringe nye perspektiver, opdaterede kompetencer og et vedholdende \u00f8nske om at g\u00f8re en forskel.<\/p>\n<h3 class=\"p1\" style=\"text-align: justify;\">International Praktikantdag:<\/h3>\n<p class=\"p1\" style=\"text-align: justify;\">den oplagte anledning til at anerkende engagementet og den store indsats fra vores humanit\u00e6re praktikanter. Det er ogs\u00e5 vigtigt at s\u00e6tte fokus p\u00e5 inkluderende l\u00e6rings- og arbejdsmilj\u00f8er og at st\u00f8tte praktikanters faglige udvikling \u2013 uanset baggrund og erfaring.<\/p>\n<p class=\"p1\" style=\"text-align: justify;\">I sidste ende repr\u00e6senterer vores humanit\u00e6re praktikanter h\u00e5b og handlekraft i arbejdet for en bedre verden. Deres engagement er en vigtig del af at kunne m\u00f8de humanit\u00e6re udfordringer og v\u00e6re med til at skabe en fremtid, hvor solidaritet og samarbejde st\u00e5r centralt.<\/p>\n<p class=\"p1\" style=\"text-align: justify;\">P\u00e5 International Praktikantdag hylder vi disse s\u00e6rlige mennesker og anerkender den langvarige betydning, deres indsats kan have for s\u00e5rbare grupper verden over. Og vi m\u00e5 heller ikke glemme at sige tak til de uddannelsesinstitutioner, der deler vores v\u00e6rdier og betror os deres studerende.<\/p>\n<h3 class=\"p1\" style=\"text-align: justify;\">Vil du se de forskellige muligheder for praktik? L\u00e6s <a href=\"https:\/\/www.vita-explorers.dk\/blog\/at-lave-et-internationalt-forlob-som-led-i-et-praktikophold-de-forskellige-muligheder\/\" target=\"_blank\" rel=\"noopener\">vores artikel om emnet<\/a>!<\/h3>\n<p class=\"p1\" style=\"text-align: justify;\">Er du interesseret i mere? S\u00e5 l\u00e6s ogs\u00e5 vores artikel om <a href=\"https:\/\/www.vita-explorers.dk\/blog\/de-blode-kompetencer-du-udvikler-pa-et-internationalt-forlob\/\" target=\"_blank\" rel=\"noopener\">de kompetencer, du kan udvikle gennem et humanit\u00e6rt ophold i udlandet<\/a> \u2013 s\u00e6rligt dine personlige kompetencer. Og husk ogs\u00e5 at <a href=\"https:\/\/www.vita-explorers.dk\/blog\/VITA-tips: S\u00e5dan fremh\u00e6ver du dit engagement som deltager p\u00e5 LinkedIn\/\" target=\"_blank\" rel=\"noopener\">s\u00e6tte ord p\u00e5 din erfaring p\u00e5 dit CV og p\u00e5 LinkedIn<\/a>!<\/p>\n<p><a href=\"https:\/\/www.vita-explorers.dk\/blog\/wp-content\/uploads\/2023\/11\/Journe\u0301e-Internationale-des-Stagiaires.png\" target=\"_blank\" rel=\"noopener\"><img loading=\"lazy\" decoding=\"async\" class=\"aligncenter wp-image-15803 size-full\" src=\"https:\/\/www.vita-explorers.dk\/blog\/wp-content\/uploads\/2023\/11\/Journe\u0301e-Internationale-des-Stagiaires.png\" alt=\"Journ\u00e9e Internationale des Stagiaires\" width=\"1414\" height=\"1420\" srcset=\"https:\/\/www.vita-explorers.dk\/blog\/wp-content\/uploads\/2023\/11\/Journe\u0301e-Internationale-des-Stagiaires.png 1414w, https:\/\/www.vita-explorers.dk\/blog\/wp-content\/uploads\/2023\/11\/Journe\u0301e-Internationale-des-Stagiaires-300x300.png 300w, https:\/\/www.vita-explorers.dk\/blog\/wp-content\/uploads\/2023\/11\/Journe\u0301e-Internationale-des-Stagiaires-1020x1024.png 1020w, https:\/\/www.vita-explorers.dk\/blog\/wp-content\/uploads\/2023\/11\/Journe\u0301e-Internationale-des-Stagiaires-150x150.png 150w, https:\/\/www.vita-explorers.dk\/blog\/wp-content\/uploads\/2023\/11\/Journe\u0301e-Internationale-des-Stagiaires-768x771.png 768w\" sizes=\"(max-width: 1414px) 100vw, 1414px\" \/><\/a><\/p>\n<p class=\"p4\" style=\"text-align: center;\"><strong>Vil du have mere information, er du velkommen til at kontakte os p\u00e5 <a href=\"mailto:info@globalong.com\"><span class=\"s2\">info@globalong.com<\/span><\/a><\/strong><\/p>\n<p class=\"p4\" style=\"text-align: center;\"><strong>Vil du vide mere om VITA Institute og vores community, s\u00e5 f\u00f8lg med p\u00e5 <a href=\"https:\/\/www.instagram.com\/globalongofficiel\/\"><span class=\"s2\">Instagram<\/span><\/a>, <a href=\"https:\/\/www.facebook.com\/globalong\"><span class=\"s2\">Facebook<\/span><\/a>, <a href=\"https:\/\/www.linkedin.com\/company\/5113177\/admin\/feed\/posts\/\"><span class=\"s2\">LinkedIn<\/span><\/a> og <a href=\"https:\/\/www.youtube.com\/c\/globalong\/videos\"><span class=\"s2\">Youtube<\/span><\/a>!<\/strong><\/p>\n","protected":false},"excerpt":{"rendered":"<p>Hvert \u00e5r den 10. november markerer verden International Praktikantdag. Hos os er det f\u00f8rst og fremmest en dag, hvor vi anerkender praktikanters engagement og\u2026<\/p>\n","protected":false},"author":1,"featured_media":15806,"comment_status":"open","ping_status":"open","sticky":false,"template":"","format":"standard","meta":{"footnotes":""},"categories":[1,6,4],"tags":[],"yoast_head":"<!-- This site is optimized with the Yoast SEO Premium plugin v23.4 (Yoast SEO v23.4) - https:\/\/yoast.com\/wordpress\/plugins\/seo\/ -->\n<title>Den internationale praktikantdag! - VITA Explorers Blog<\/title>\n<meta name=\"description\" content=\"D\u00e9couvrez l&#039;importance des stagiaires dans le domaine humanitaire et leur contribution essentielle aux projets cruciaux.\" \/>\n<meta name=\"robots\" content=\"index, follow, max-snippet:-1, max-image-preview:large, max-video-preview:-1\" \/>\n<link rel=\"canonical\" href=\"https:\/\/www.vita-explorers.dk\/blog\/den-internationale-praktikdag\/\" \/>\n<meta property=\"og:locale\" content=\"da_DK\" \/>\n<meta property=\"og:type\" content=\"article\" \/>\n<meta property=\"og:title\" content=\"Den internationale praktikantdag!\" \/>\n<meta property=\"og:description\" content=\"D\u00e9couvrez l&#039;importance des stagiaires dans le domaine humanitaire et leur contribution essentielle aux projets cruciaux.\" \/>\n<meta property=\"og:url\" content=\"https:\/\/www.vita-explorers.dk\/blog\/den-internationale-praktikdag\/\" \/>\n<meta property=\"og:site_name\" content=\"VITA Explorers Blog\" \/>\n<meta property=\"article:publisher\" content=\"https:\/\/www.facebook.com\/globalong\" \/>\n<meta property=\"article:published_time\" content=\"2023-11-10T15:24:54+00:00\" \/>\n<meta property=\"article:modified_time\" content=\"2024-09-25T20:10:29+00:00\" \/>\n<meta property=\"og:image\" content=\"https:\/\/www.vita-explorers.dk\/blog\/wp-content\/uploads\/2023\/11\/Journe\u0301e-Internationale-des-Stagiaires-1-1020x1024.png\" \/>\n\t<meta property=\"og:image:width\" content=\"1020\" \/>\n\t<meta property=\"og:image:height\" content=\"1024\" \/>\n\t<meta property=\"og:image:type\" content=\"image\/png\" \/>\n<meta name=\"author\" content=\"VITA Tribe\" \/>\n<meta name=\"twitter:card\" content=\"summary_large_image\" \/>\n<meta name=\"twitter:label1\" content=\"Skrevet af\" \/>\n\t<meta name=\"twitter:data1\" content=\"VITA Tribe\" \/>\n\t<meta name=\"twitter:label2\" content=\"Estimeret l\u00e6setid\" \/>\n\t<meta name=\"twitter:data2\" content=\"3 minutter\" \/>\n<script type=\"application\/ld+json\" class=\"yoast-schema-graph\">{\"@context\":\"https:\/\/schema.org\",\"@graph\":[{\"@type\":\"Article\",\"@id\":\"https:\/\/www.vita-explorers.dk\/blog\/den-internationale-praktikdag\/#article\",\"isPartOf\":{\"@id\":\"https:\/\/www.vita-explorers.dk\/blog\/den-internationale-praktikdag\/\"},\"author\":{\"name\":\"VITA Tribe\",\"@id\":\"https:\/\/www.vita-explorers.dk\/blog\/#\/schema\/person\/d7df267b64f23018d1dc519e78fb2735\"},\"headline\":\"Den internationale praktikantdag!\",\"datePublished\":\"2023-11-10T15:24:54+00:00\",\"dateModified\":\"2024-09-25T20:10:29+00:00\",\"mainEntityOfPage\":{\"@id\":\"https:\/\/www.vita-explorers.dk\/blog\/den-internationale-praktikdag\/\"},\"wordCount\":466,\"commentCount\":0,\"publisher\":{\"@id\":\"https:\/\/www.vita-explorers.dk\/blog\/#organization\"},\"image\":{\"@id\":\"https:\/\/www.vita-explorers.dk\/blog\/den-internationale-praktikdag\/#primaryimage\"},\"thumbnailUrl\":\"https:\/\/www.vita-explorers.dk\/blog\/wp-content\/uploads\/2023\/11\/Journe\u0301e-Internationale-des-Stagiaires-1.png\",\"articleSection\":[\"No Name\",\"Nyheder\",\"VITA Explorers\"],\"inLanguage\":\"da-DK\",\"potentialAction\":[{\"@type\":\"CommentAction\",\"name\":\"Comment\",\"target\":[\"https:\/\/www.vita-explorers.dk\/blog\/den-internationale-praktikdag\/#respond\"]}]},{\"@type\":\"WebPage\",\"@id\":\"https:\/\/www.vita-explorers.dk\/blog\/den-internationale-praktikdag\/\",\"url\":\"https:\/\/www.vita-explorers.dk\/blog\/den-internationale-praktikdag\/\",\"name\":\"Den internationale praktikantdag! - VITA Explorers Blog\",\"isPartOf\":{\"@id\":\"https:\/\/www.vita-explorers.dk\/blog\/#website\"},\"primaryImageOfPage\":{\"@id\":\"https:\/\/www.vita-explorers.dk\/blog\/den-internationale-praktikdag\/#primaryimage\"},\"image\":{\"@id\":\"https:\/\/www.vita-explorers.dk\/blog\/den-internationale-praktikdag\/#primaryimage\"},\"thumbnailUrl\":\"https:\/\/www.vita-explorers.dk\/blog\/wp-content\/uploads\/2023\/11\/Journe\u0301e-Internationale-des-Stagiaires-1.png\",\"datePublished\":\"2023-11-10T15:24:54+00:00\",\"dateModified\":\"2024-09-25T20:10:29+00:00\",\"description\":\"D\u00e9couvrez l'importance des stagiaires dans le domaine humanitaire et leur contribution essentielle aux projets cruciaux.\",\"breadcrumb\":{\"@id\":\"https:\/\/www.vita-explorers.dk\/blog\/den-internationale-praktikdag\/#breadcrumb\"},\"inLanguage\":\"da-DK\",\"potentialAction\":[{\"@type\":\"ReadAction\",\"target\":[\"https:\/\/www.vita-explorers.dk\/blog\/den-internationale-praktikdag\/\"]}]},{\"@type\":\"ImageObject\",\"inLanguage\":\"da-DK\",\"@id\":\"https:\/\/www.vita-explorers.dk\/blog\/den-internationale-praktikdag\/#primaryimage\",\"url\":\"https:\/\/www.vita-explorers.dk\/blog\/wp-content\/uploads\/2023\/11\/Journe\u0301e-Internationale-des-Stagiaires-1.png\",\"contentUrl\":\"https:\/\/www.vita-explorers.dk\/blog\/wp-content\/uploads\/2023\/11\/Journe\u0301e-Internationale-des-Stagiaires-1.png\",\"width\":1414,\"height\":1420,\"caption\":\"Journ\u00e9e Internationale des Stagiaires\"},{\"@type\":\"BreadcrumbList\",\"@id\":\"https:\/\/www.vita-explorers.dk\/blog\/den-internationale-praktikdag\/#breadcrumb\",\"itemListElement\":[{\"@type\":\"ListItem\",\"position\":1,\"name\":\"Accueil\",\"item\":\"https:\/\/www.vita-explorers.dk\/blog\/\"},{\"@type\":\"ListItem\",\"position\":2,\"name\":\"Den internationale praktikantdag!\"}]},{\"@type\":\"WebSite\",\"@id\":\"https:\/\/www.vita-explorers.dk\/blog\/#website\",\"url\":\"https:\/\/www.vita-explorers.dk\/blog\/\",\"name\":\"Association Globalong\",\"description\":\"Frivilligt arbejde, sprogophold, praktik i udlandet og internationale oplevelser\",\"publisher\":{\"@id\":\"https:\/\/www.vita-explorers.dk\/blog\/#organization\"},\"potentialAction\":[{\"@type\":\"SearchAction\",\"target\":{\"@type\":\"EntryPoint\",\"urlTemplate\":\"https:\/\/www.vita-explorers.dk\/blog\/?s={search_term_string}\"},\"query-input\":{\"@type\":\"PropertyValueSpecification\",\"valueRequired\":true,\"valueName\":\"search_term_string\"}}],\"inLanguage\":\"da-DK\"},{\"@type\":\"Organization\",\"@id\":\"https:\/\/www.vita-explorers.dk\/blog\/#organization\",\"name\":\"Association Globalong\",\"url\":\"https:\/\/www.vita-explorers.dk\/blog\/\",\"logo\":{\"@type\":\"ImageObject\",\"inLanguage\":\"da-DK\",\"@id\":\"https:\/\/www.vita-explorers.dk\/blog\/#\/schema\/logo\/image\/\",\"url\":\"https:\/\/www.globalong.com\/blog\/wp-content\/uploads\/2014\/11\/cropped-cropped-Logo-et-Afrique-Globalong-petite-taille-2.jpg\",\"contentUrl\":\"https:\/\/www.globalong.com\/blog\/wp-content\/uploads\/2014\/11\/cropped-cropped-Logo-et-Afrique-Globalong-petite-taille-2.jpg\",\"width\":512,\"height\":512,\"caption\":\"Association Globalong\"},\"image\":{\"@id\":\"https:\/\/www.vita-explorers.dk\/blog\/#\/schema\/logo\/image\/\"},\"sameAs\":[\"https:\/\/www.facebook.com\/globalong\"]},{\"@type\":\"Person\",\"@id\":\"https:\/\/www.vita-explorers.dk\/blog\/#\/schema\/person\/d7df267b64f23018d1dc519e78fb2735\",\"name\":\"VITA Tribe\",\"image\":{\"@type\":\"ImageObject\",\"inLanguage\":\"da-DK\",\"@id\":\"https:\/\/www.vita-explorers.dk\/blog\/#\/schema\/person\/image\/\",\"url\":\"https:\/\/secure.gravatar.com\/avatar\/81461bcc213d0ff2bdc043d4206648f0?s=96&d=mm&r=g\",\"contentUrl\":\"https:\/\/secure.gravatar.com\/avatar\/81461bcc213d0ff2bdc043d4206648f0?s=96&d=mm&r=g\",\"caption\":\"VITA Tribe\"},\"sameAs\":[\"https:\/\/www.globalong.com\"],\"url\":\"https:\/\/www.vita-explorers.dk\/blog\/author\/sophie\/\"}]}<\/script>\n<!-- \/ Yoast SEO Premium plugin. -->","yoast_head_json":{"title":"Den internationale praktikantdag! - VITA Explorers Blog","description":"D\u00e9couvrez l'importance des stagiaires dans le domaine humanitaire et leur contribution essentielle aux projets cruciaux.","robots":{"index":"index","follow":"follow","max-snippet":"max-snippet:-1","max-image-preview":"max-image-preview:large","max-video-preview":"max-video-preview:-1"},"canonical":"https:\/\/www.vita-explorers.dk\/blog\/den-internationale-praktikdag\/","og_locale":"da_DK","og_type":"article","og_title":"Den internationale praktikantdag!","og_description":"D\u00e9couvrez l'importance des stagiaires dans le domaine humanitaire et leur contribution essentielle aux projets cruciaux.","og_url":"https:\/\/www.vita-explorers.dk\/blog\/den-internationale-praktikdag\/","og_site_name":"VITA Explorers Blog","article_publisher":"https:\/\/www.facebook.com\/globalong","article_published_time":"2023-11-10T15:24:54+00:00","article_modified_time":"2024-09-25T20:10:29+00:00","og_image":[{"width":1020,"height":1024,"url":"https:\/\/www.vita-explorers.dk\/blog\/wp-content\/uploads\/2023\/11\/Journe\u0301e-Internationale-des-Stagiaires-1-1020x1024.png","type":"image\/png"}],"author":"VITA Tribe","twitter_card":"summary_large_image","twitter_misc":{"Skrevet af":"VITA Tribe","Estimeret l\u00e6setid":"3 minutter"},"schema":{"@context":"https:\/\/schema.org","@graph":[{"@type":"Article","@id":"https:\/\/www.vita-explorers.dk\/blog\/den-internationale-praktikdag\/#article","isPartOf":{"@id":"https:\/\/www.vita-explorers.dk\/blog\/den-internationale-praktikdag\/"},"author":{"name":"VITA Tribe","@id":"https:\/\/www.vita-explorers.dk\/blog\/#\/schema\/person\/d7df267b64f23018d1dc519e78fb2735"},"headline":"Den internationale praktikantdag!","datePublished":"2023-11-10T15:24:54+00:00","dateModified":"2024-09-25T20:10:29+00:00","mainEntityOfPage":{"@id":"https:\/\/www.vita-explorers.dk\/blog\/den-internationale-praktikdag\/"},"wordCount":466,"commentCount":0,"publisher":{"@id":"https:\/\/www.vita-explorers.dk\/blog\/#organization"},"image":{"@id":"https:\/\/www.vita-explorers.dk\/blog\/den-internationale-praktikdag\/#primaryimage"},"thumbnailUrl":"https:\/\/www.vita-explorers.dk\/blog\/wp-content\/uploads\/2023\/11\/Journe\u0301e-Internationale-des-Stagiaires-1.png","articleSection":["No Name","Nyheder","VITA Explorers"],"inLanguage":"da-DK","potentialAction":[{"@type":"CommentAction","name":"Comment","target":["https:\/\/www.vita-explorers.dk\/blog\/den-internationale-praktikdag\/#respond"]}]},{"@type":"WebPage","@id":"https:\/\/www.vita-explorers.dk\/blog\/den-internationale-praktikdag\/","url":"https:\/\/www.vita-explorers.dk\/blog\/den-internationale-praktikdag\/","name":"Den internationale praktikantdag! - VITA Explorers Blog","isPartOf":{"@id":"https:\/\/www.vita-explorers.dk\/blog\/#website"},"primaryImageOfPage":{"@id":"https:\/\/www.vita-explorers.dk\/blog\/den-internationale-praktikdag\/#primaryimage"},"image":{"@id":"https:\/\/www.vita-explorers.dk\/blog\/den-internationale-praktikdag\/#primaryimage"},"thumbnailUrl":"https:\/\/www.vita-explorers.dk\/blog\/wp-content\/uploads\/2023\/11\/Journe\u0301e-Internationale-des-Stagiaires-1.png","datePublished":"2023-11-10T15:24:54+00:00","dateModified":"2024-09-25T20:10:29+00:00","description":"D\u00e9couvrez l'importance des stagiaires dans le domaine humanitaire et leur contribution essentielle aux projets cruciaux.","breadcrumb":{"@id":"https:\/\/www.vita-explorers.dk\/blog\/den-internationale-praktikdag\/#breadcrumb"},"inLanguage":"da-DK","potentialAction":[{"@type":"ReadAction","target":["https:\/\/www.vita-explorers.dk\/blog\/den-internationale-praktikdag\/"]}]},{"@type":"ImageObject","inLanguage":"da-DK","@id":"https:\/\/www.vita-explorers.dk\/blog\/den-internationale-praktikdag\/#primaryimage","url":"https:\/\/www.vita-explorers.dk\/blog\/wp-content\/uploads\/2023\/11\/Journe\u0301e-Internationale-des-Stagiaires-1.png","contentUrl":"https:\/\/www.vita-explorers.dk\/blog\/wp-content\/uploads\/2023\/11\/Journe\u0301e-Internationale-des-Stagiaires-1.png","width":1414,"height":1420,"caption":"Journ\u00e9e Internationale des Stagiaires"},{"@type":"BreadcrumbList","@id":"https:\/\/www.vita-explorers.dk\/blog\/den-internationale-praktikdag\/#breadcrumb","itemListElement":[{"@type":"ListItem","position":1,"name":"Accueil","item":"https:\/\/www.vita-explorers.dk\/blog\/"},{"@type":"ListItem","position":2,"name":"Den internationale praktikantdag!"}]},{"@type":"WebSite","@id":"https:\/\/www.vita-explorers.dk\/blog\/#website","url":"https:\/\/www.vita-explorers.dk\/blog\/","name":"Association Globalong","description":"Frivilligt arbejde, sprogophold, praktik i udlandet og internationale oplevelser","publisher":{"@id":"https:\/\/www.vita-explorers.dk\/blog\/#organization"},"potentialAction":[{"@type":"SearchAction","target":{"@type":"EntryPoint","urlTemplate":"https:\/\/www.vita-explorers.dk\/blog\/?s={search_term_string}"},"query-input":{"@type":"PropertyValueSpecification","valueRequired":true,"valueName":"search_term_string"}}],"inLanguage":"da-DK"},{"@type":"Organization","@id":"https:\/\/www.vita-explorers.dk\/blog\/#organization","name":"Association Globalong","url":"https:\/\/www.vita-explorers.dk\/blog\/","logo":{"@type":"ImageObject","inLanguage":"da-DK","@id":"https:\/\/www.vita-explorers.dk\/blog\/#\/schema\/logo\/image\/","url":"https:\/\/www.globalong.com\/blog\/wp-content\/uploads\/2014\/11\/cropped-cropped-Logo-et-Afrique-Globalong-petite-taille-2.jpg","contentUrl":"https:\/\/www.globalong.com\/blog\/wp-content\/uploads\/2014\/11\/cropped-cropped-Logo-et-Afrique-Globalong-petite-taille-2.jpg","width":512,"height":512,"caption":"Association Globalong"},"image":{"@id":"https:\/\/www.vita-explorers.dk\/blog\/#\/schema\/logo\/image\/"},"sameAs":["https:\/\/www.facebook.com\/globalong"]},{"@type":"Person","@id":"https:\/\/www.vita-explorers.dk\/blog\/#\/schema\/person\/d7df267b64f23018d1dc519e78fb2735","name":"VITA Tribe","image":{"@type":"ImageObject","inLanguage":"da-DK","@id":"https:\/\/www.vita-explorers.dk\/blog\/#\/schema\/person\/image\/","url":"https:\/\/secure.gravatar.com\/avatar\/81461bcc213d0ff2bdc043d4206648f0?s=96&d=mm&r=g","contentUrl":"https:\/\/secure.gravatar.com\/avatar\/81461bcc213d0ff2bdc043d4206648f0?s=96&d=mm&r=g","caption":"VITA Tribe"},"sameAs":["https:\/\/www.globalong.com"],"url":"https:\/\/www.vita-explorers.dk\/blog\/author\/sophie\/"}]}},"_links":{"self":[{"href":"https:\/\/www.vita-explorers.dk\/blog\/wp-json\/wp\/v2\/posts\/15802"}],"collection":[{"href":"https:\/\/www.vita-explorers.dk\/blog\/wp-json\/wp\/v2\/posts"}],"about":[{"href":"https:\/\/www.vita-explorers.dk\/blog\/wp-json\/wp\/v2\/types\/post"}],"author":[{"embeddable":true,"href":"https:\/\/www.vita-explorers.dk\/blog\/wp-json\/wp\/v2\/users\/1"}],"replies":[{"embeddable":true,"href":"https:\/\/www.vita-explorers.dk\/blog\/wp-json\/wp\/v2\/comments?post=15802"}],"version-history":[{"count":5,"href":"https:\/\/www.vita-explorers.dk\/blog\/wp-json\/wp\/v2\/posts\/15802\/revisions"}],"predecessor-version":[{"id":17639,"href":"https:\/\/www.vita-explorers.dk\/blog\/wp-json\/wp\/v2\/posts\/15802\/revisions\/17639"}],"wp:featuredmedia":[{"embeddable":true,"href":"https:\/\/www.vita-explorers.dk\/blog\/wp-json\/wp\/v2\/media\/15806"}],"wp:attachment":[{"href":"https:\/\/www.vita-explorers.dk\/blog\/wp-json\/wp\/v2\/media?parent=15802"}],"wp:term":[{"taxonomy":"category","embeddable":true,"href":"https:\/\/www.vita-explorers.dk\/blog\/wp-json\/wp\/v2\/categories?post=15802"},{"taxonomy":"post_tag","embeddable":true,"href":"https:\/\/www.vita-explorers.dk\/blog\/wp-json\/wp\/v2\/tags?post=15802"}],"curies":[{"name":"wp","href":"https:\/\/api.w.org\/{rel}","templated":true}]}}