{"id":15839,"date":"2023-12-01T17:30:19","date_gmt":"2023-12-01T16:30:19","guid":{"rendered":"https:\/\/www.globalong.com\/blog\/?p=15839"},"modified":"2024-09-25T21:55:02","modified_gmt":"2024-09-25T19:55:02","slug":"verdens-aidsdag-sammen-mod-hiv-aids","status":"publish","type":"post","link":"https:\/\/www.vita-explorers.dk\/blog\/verdens-aidsdag-sammen-mod-hiv-aids\/","title":{"rendered":"Verdens AIDS-dag"},"content":{"rendered":"<h1 class=\"p1\" style=\"text-align: center;\"><span style=\"font-size: 18pt;\"><strong>Hvert \u00e5r den 1. december samles verden for at markere World AIDS Day. <\/strong><\/span><\/h1>\n<h2><span style=\"font-size: 18pt;\">Dagen er dedikeret til oplysning, viden og f\u00e6lles handling mod en sygdom, der har p\u00e5virket millioner af mennesker globalt. Det er en anledning til at g\u00f8re status over de fremskridt, der er sket \u2013 og samtidig minde hinanden om, at der stadig er meget at g\u00f8re. Sammen mod HIV\/AIDS!<\/span><\/h2>\n<h3 class=\"p1\" style=\"text-align: justify;\">Den aktuelle situation<\/h3>\n<p class=\"p1\" style=\"text-align: justify;\">Selv om der er sket store fremskridt siden epidemien begyndte, er HIV\/AIDS stadig en stor folkesundhedsudfordring. Millioner af mennesker lever fortsat med HIV, og hvert \u00e5r bliver mange nye smittet. Det overordnede m\u00e5l er fortsat at f\u00e5 epidemien under kontrol inden 2030 i tr\u00e5d med FN\u2019s verdensm\u00e5l.<\/p>\n<h3 class=\"p1\" style=\"text-align: justify;\">Adgang til behandling og st\u00f8tte<\/h3>\n<p class=\"p1\" style=\"text-align: justify;\">Lige adgang til sundhedsydelser er afg\u00f8rende i indsatsen mod HIV\/AIDS. Det g\u00e6lder adgang til test, antiretroviral behandling og st\u00f8tteforl\u00f8b. Indsatsen skal styrkes, s\u00e5 alle, der er ber\u00f8rt af HIV\/AIDS, kan f\u00e5 adgang til kvalitetsbehandling, der er til at betale og tilg\u00e6ngelig p\u00e5 fair vilk\u00e5r.<\/p>\n<h3 class=\"p1\" style=\"text-align: justify;\">At engagere sig i praksis<\/h3>\n<p class=\"p1\" style=\"text-align: justify;\">Hos VITA kan du engagere dig som <span style=\"text-decoration: underline;\"><a href=\"https:\/\/www.vita-explorers.dk\/frivilligt-arbejde\/frivilligt-arbejde-kenya\/HIV\/aids \u2013 Kenya.html\" target=\"_blank\" rel=\"noopener\">deltager i Kenya i et forl\u00f8b med oplysning og st\u00f8tte til mennesker ramt af HIV\/AIDS<\/a><\/span>. Oplysningsindsatser organiseres i landsbyer for at \u00f8ge kendskabet til smitteveje og testmuligheder. Der gennemf\u00f8res ogs\u00e5 informations- og testkampagner i slumomr\u00e5der for at st\u00f8tte b\u00f8rn og familier, der lever med HIV. Her kan beboere f\u00e5 r\u00e5dgivning og adgang til antiretroviral behandling. M\u00e5let er at mindske antallet af nye smittetilf\u00e6lde og forbedre livskvaliteten for omkring 3.000 b\u00f8rn og 15.000 voksne, der er ramt.<\/p>\n<h3 class=\"p1\" style=\"text-align: justify;\">Erfaringen viser, at st\u00f8tte og information i hjemmet ofte har st\u00f8rre effekt og er mindre omkostningskr\u00e6vende end indl\u00e6ggelser.<\/h3>\n<p class=\"p1\" style=\"text-align: justify;\">Du kan ogs\u00e5 engagere dig som <span style=\"text-decoration: underline;\"><a href=\"https:\/\/www.vita-explorers.dk\/frivilligt-arbejde\/frivilligt-arbejde-ghana\/information-ghana.html\" target=\"_blank\" rel=\"noopener\">deltager i Ghana i et forl\u00f8b med sundhedsoplysning<\/a><\/span> for at styrke befolkningens viden og skabe varig effekt. Der er udviklet foldere med fokus p\u00e5 10 af de st\u00f8rste sundhedsudfordringer i Ghana, som fx blodmangel, HIV, forh\u00f8jet blodtryk, lungebet\u00e6ndelse, malaria, Ebola og flere andre. Materialerne tilpasses kultur, vaner og i nogle tilf\u00e6lde lokale dialekter, og de deles ud p\u00e5 klinikker, i butikker eller direkte i lokalsamfund.<\/p>\n<p class=\"p1\" style=\"text-align: justify;\">Derudover kan du <span style=\"text-decoration: underline;\"><a href=\"https:\/\/www.vita-explorers.dk\/frivilligt-arbejde\/frivilligt-arbejde-tanzania-internationale-forloeb\/humanitaer-hjaelp-til-personer-berort-af-hiv-aids.html\" target=\"_blank\" rel=\"noopener\">i Tanzania indg\u00e5 i et forl\u00f8b, der st\u00f8tter mennesker ramt af HIV\/AIDS<\/a><\/span>. P\u00e5 trods af international st\u00f8tte og oplysningskampagner er HIV\/AIDS fortsat en folkesundhedsudfordring. VITA samarbejder med et center, der tilbyder behandling og psykosocial st\u00f8tte til mennesker, som lever med alvorlige sygdomme som HIV\/AIDS. Centret yder medicinsk hj\u00e6lp, informerer om sundhed og menneskerettigheder og giver st\u00f8tte i hverdagen. Deltagere og lokale medarbejdere bidrager ogs\u00e5 til, at mennesker i forl\u00f8bet kan genfinde mod og h\u00e5b. B\u00f8rn, der har mistet for\u00e6ldre til sygdommen, bliver taget h\u00e5nd om i det tilknyttede dagcenter. Har du ikke en sundhedsfaglig baggrund, vil du prim\u00e6rt arbejde sammen med disse b\u00f8rn.<\/p>\n<h3 class=\"p1\" style=\"text-align: justify;\">Ud over de daglige opgaver i et b\u00f8rnecenter kan du for eksempel:<\/h3>\n<p class=\"p1\" style=\"text-align: justify;\">&#8211; Hj\u00e6lpe under pleje og v\u00e6re med til at skabe en tryg ramme for b\u00f8rn, der er syge eller ber\u00f8rt af sygdommen<\/p>\n<p class=\"p1\" style=\"text-align: justify;\">&#8211; Give st\u00f8tte til b\u00f8rn og deres familier<\/p>\n<p class=\"p1\" style=\"text-align: justify;\">&#8211; Indg\u00e5 i arbejdet med lokale institutioner, der d\u00e6kker b\u00f8rnenes behov<\/p>\n<p class=\"p1\" style=\"text-align: justify;\">&#8211; L\u00e6re b\u00f8rn, hvordan man forebygger smitte, og hvordan man kan h\u00e5ndtere social stigmatisering<\/p>\n<p class=\"p1\" style=\"text-align: justify;\">Hvis du har sundhedsfaglig viden eller erfaring, er du meget velkommen i centret eller i et \u201chome based\u201d-program, som tilbyder hjemmebes\u00f8g sammen med sundhedsprofessionelle. Sygeplejerskerne yder pleje, f\u00f8lger op p\u00e5 ern\u00e6ring og arbejder for at mindske stigmatisering og styrke social inklusion. Du kan for eksempel:<\/p>\n<h3 class=\"p1\" style=\"text-align: justify;\">&#8211; Gennemf\u00f8re oplysningsaktiviteter for patienter og deres familier<\/h3>\n<p class=\"p1\" style=\"text-align: justify;\">&#8211; Informere kvinder om risikoen for brystkr\u00e6ft og l\u00e6re dem at unders\u00f8ge sig selv<\/p>\n<p class=\"p1\" style=\"text-align: justify;\">&#8211; Arbejde t\u00e6t sammen med omr\u00e5deansvarlige for at mobilisere ressourcer til de mest udsatte patienter og skabe kontakt til andre organisationer og tilbud<\/p>\n<p class=\"p1\" style=\"text-align: justify;\">&#8211; Sikre, at hver patient f\u00f8lger de ordinerede behandlinger \u2013 is\u00e6r ved sygdomme som tuberkulose eller ved antiretroviral behandling<\/p>\n<p class=\"p1\" style=\"text-align: justify;\">&#8211; Give st\u00f8tte til familier og opfordre flere til at deltage i frivillige informations- og HIV-testtilbud<\/p>\n<p class=\"p1\" style=\"text-align: justify;\">&#8211; L\u00e6re familier grundl\u00e6ggende pleje<\/p>\n<h3 class=\"p1\" style=\"text-align: justify;\"><span style=\"text-decoration: underline;\"><a href=\"https:\/\/www.vita-explorers.dk\/frivilligt-arbejde\/inde-nord-delhi-jaipur\/hj\u00e6lp-b\u00f8rn-ber\u00f8rt-af-hiv-indien-frivilligt-arbejde-praktik.html\" target=\"_blank\" rel=\"noopener\">I Bangalore i det sydlige Indien har du mulighed for at st\u00f8tte b\u00f8rn, der lever med HIV\/AIDS<\/a><\/span>.<\/h3>\n<p class=\"p1\" style=\"text-align: justify;\">Bem\u00e6rk, at dette center drives af nonner og kun modtager kvindelige deltagere. B\u00f8rnene, der bor her, er meget s\u00e5rbare og har brug for s\u00e6rlig omsorg. Mange har oplevet seksuelle overgreb og har v\u00e6ret udsat for b\u00f8rneprostitution. Her f\u00e5r de r\u00e5dgivning, undervisning og psykologisk st\u00f8tte.<\/p>\n<p class=\"p1\" style=\"text-align: justify;\">Deltagere med sundhedsfaglig baggrund er s\u00e6rligt v\u00e6rdsatte, men det er ikke et krav. Du kommer til at arbejde og bo p\u00e5 centret sammen med b\u00f8rnene, indg\u00e5 i hverdagen med personalet og hj\u00e6lpe, hvor der er behov. Opgaverne varierer, men det vigtigste er at v\u00e6re n\u00e6rv\u00e6rende, skabe trygge stunder og g\u00f8re hverdagen s\u00e5 enkel og stabil som muligt.<\/p>\n<h3 class=\"p1\" style=\"text-align: justify;\">Det er ogs\u00e5 muligt at ;<\/h3>\n<p class=\"p1\" style=\"text-align: justify;\"><a href=\"https:\/\/www.vita-explorers.dk\/frivilligt-arbejde\/frivilligt-arbejde-sydafrika\/forloeb-afrika-piger-boern-frivilligt-arbejde-uddannelsescenter.html\" target=\"_blank\" rel=\"noopener\">engagere sig i Sydafrika<\/a>. Den lokale organisation, vi st\u00f8tter, blev etableret i 2001 som reaktion p\u00e5 den HIV\/AIDS-epidemi, der ramte omr\u00e5det (og som fortsat p\u00e5virker mange). Ud over h\u00f8je HIV\/AIDS-tal st\u00e5r lokalsamfundet over for betydelige sociale udfordringer. Omr\u00e5det Nyanga, som tidligere var kendt for meget h\u00f8j kriminalitet i Cape Town, er gradvist i positiv udvikling takket v\u00e6re beboere, der arbejder m\u00e5lrettet p\u00e5 at mindske fattigdom og skabe jobmuligheder.<\/p>\n<h3 class=\"p1\" style=\"text-align: justify;\">Projektet tilbyder st\u00f8tte til familier:<\/h3>\n<p class=\"p1\" style=\"text-align: justify;\">der er ber\u00f8rt af HIV\/AIDS og s\u00e6rligt til s\u00e5rbare b\u00f8rn, som er smittet eller p\u00e5virket af epidemien. Siden start har projektet udviklet en mere helhedsorienteret tilgang, der im\u00f8dekommer forskellige behov i lokalsamfundet, samtidig med at indsatsen for kvinder og b\u00f8rn styrkes. Programmet st\u00f8tter 104 b\u00f8rn i Nyanga-omr\u00e5det, som er smittet med eller p\u00e5virket af HIV\/AIDS.<\/p>\n<p class=\"p1\" style=\"text-align: justify;\">Endelig kan du engagere dig som <span style=\"text-decoration: underline;\"><a href=\"https:\/\/www.vita-explorers.dk\/frivilligt-arbejde\/frivilligt-arbejde-cambodja-boern\/frivilligt-arbejde-boernecenter-cambodja.html\" target=\"_blank\" rel=\"noopener\">deltager i et b\u00f8rnecenter i Phnom Penh i Cambodja<\/a><\/span>. Som deltager i Cambodja bliver du en del af arbejdet for at forbedre b\u00f8rns levevilk\u00e5r. Mange af b\u00f8rnene har en sv\u00e6r baggrund: nogle kommer fra familier i ekstrem fattigdom, andre er blevet forladt eller har v\u00e6ret udsat for fysisk og\/eller psykisk vold, og nogle lever med sygdomme som HIV eller med fysiske og\/eller mentale funktionsneds\u00e6ttelser. P\u00e5 centrene f\u00e5r b\u00f8rnene kost og logi. Desv\u00e6rre har ikke alle steder mulighed for at sikre fuld adgang til sundhedsydelser. Deltagere kan spille en vigtig rolle i b\u00f8rnenes udvikling \u2013 ud over leg og aktiviteter handler det om opm\u00e6rksomhed, n\u00e6rv\u00e6r og omsorg i hverdagen.<\/p>\n<p class=\"p3\" style=\"text-align: justify;\">P\u00e5 World AIDS Day kan vi minde hinanden om at fastholde indsatsen for at f\u00e5 epidemien under kontrol \u2013 vi har alle en rolle at spille.<\/p>\n<p><a href=\"https:\/\/www.vita-explorers.dk\/blog\/wp-content\/uploads\/2023\/12\/Mission-humnitaire-lutte-contre-le-sida.png\" target=\"_blank\" rel=\"noopener\"><img loading=\"lazy\" decoding=\"async\" class=\"aligncenter wp-image-15840 size-large\" src=\"https:\/\/www.vita-explorers.dk\/blog\/wp-content\/uploads\/2023\/12\/Mission-humnitaire-lutte-contre-le-sida-1024x1024.png\" alt=\"World AIDS Day\" width=\"640\" height=\"640\" srcset=\"https:\/\/www.vita-explorers.dk\/blog\/wp-content\/uploads\/2023\/12\/Mission-humnitaire-lutte-contre-le-sida-1024x1024.png 1024w, https:\/\/www.vita-explorers.dk\/blog\/wp-content\/uploads\/2023\/12\/Mission-humnitaire-lutte-contre-le-sida-300x300.png 300w, https:\/\/www.vita-explorers.dk\/blog\/wp-content\/uploads\/2023\/12\/Mission-humnitaire-lutte-contre-le-sida-150x150.png 150w, https:\/\/www.vita-explorers.dk\/blog\/wp-content\/uploads\/2023\/12\/Mission-humnitaire-lutte-contre-le-sida-768x768.png 768w, https:\/\/www.vita-explorers.dk\/blog\/wp-content\/uploads\/2023\/12\/Mission-humnitaire-lutte-contre-le-sida.png 1190w\" sizes=\"(max-width: 640px) 100vw, 640px\" \/><\/a><\/p>\n<p class=\"p4\" style=\"text-align: center;\"><b>Vil du h\u00f8re mere, er du velkommen til at kontakte os p\u00e5 <\/b><a href=\"mailto:info@globalong.com\"><span class=\"s1\"><b>info@globalong.com<\/b><\/span><\/a><\/p>\n<p class=\"p4\" style=\"text-align: center;\"><b>Vil du f\u00f8lge med i VITA Institute og vores community, kan du finde os p\u00e5 <\/b><a href=\"https:\/\/www.instagram.com\/globalongofficiel\/\"><span class=\"s1\"><b>Instagram<\/b><\/span><\/a><b>, <\/b><a href=\"https:\/\/www.facebook.com\/globalong\"><span class=\"s1\"><b>Facebook<\/b><\/span><\/a><b>, <\/b><a href=\"https:\/\/www.linkedin.com\/company\/5113177\/admin\/feed\/posts\/\"><span class=\"s1\"><b>LinkedIn<\/b><\/span><\/a><b> og <\/b><a href=\"https:\/\/www.youtube.com\/c\/globalong\/videos\"><span class=\"s1\"><b>YouTube<\/b><\/span><\/a><b>. <\/b><\/p>\n","protected":false},"excerpt":{"rendered":"<p>Hvert \u00e5r den 1. december samles verden for at markere World AIDS Day. Dagen er dedikeret til oplysning, viden og f\u00e6lles handling mod en\u2026<\/p>\n","protected":false},"author":1,"featured_media":15840,"comment_status":"open","ping_status":"open","sticky":false,"template":"","format":"standard","meta":{"footnotes":""},"categories":[470,1,6,4],"tags":[],"yoast_head":"<!-- This site is optimized with the Yoast SEO Premium plugin v23.4 (Yoast SEO v23.4) - https:\/\/yoast.com\/wordpress\/plugins\/seo\/ -->\n<title>Verdens AIDS-dag - VITA Explorers Blog<\/title>\n<meta name=\"description\" content=\"Informez-vous sur la journ\u00e9e Mondiale de Lutte contre le SIDA et l&#039;importance de l&#039;acc\u00e8s universel aux soins pour mettre fin \u00e0 l&#039;\u00e9pid\u00e9mie\" \/>\n<meta name=\"robots\" content=\"index, follow, max-snippet:-1, max-image-preview:large, max-video-preview:-1\" \/>\n<link rel=\"canonical\" href=\"https:\/\/www.vita-explorers.dk\/blog\/verdens-aidsdag-sammen-mod-hiv-aids\/\" \/>\n<meta property=\"og:locale\" content=\"da_DK\" \/>\n<meta property=\"og:type\" content=\"article\" \/>\n<meta property=\"og:title\" content=\"Verdens AIDS-dag\" \/>\n<meta property=\"og:description\" content=\"Informez-vous sur la journ\u00e9e Mondiale de Lutte contre le SIDA et l&#039;importance de l&#039;acc\u00e8s universel aux soins pour mettre fin \u00e0 l&#039;\u00e9pid\u00e9mie\" \/>\n<meta property=\"og:url\" content=\"https:\/\/www.vita-explorers.dk\/blog\/verdens-aidsdag-sammen-mod-hiv-aids\/\" \/>\n<meta property=\"og:site_name\" content=\"VITA Explorers Blog\" \/>\n<meta property=\"article:publisher\" content=\"https:\/\/www.facebook.com\/globalong\" \/>\n<meta property=\"article:published_time\" content=\"2023-12-01T16:30:19+00:00\" \/>\n<meta property=\"article:modified_time\" content=\"2024-09-25T19:55:02+00:00\" \/>\n<meta property=\"og:image\" content=\"https:\/\/www.vita-explorers.dk\/blog\/wp-content\/uploads\/2023\/12\/Mission-humnitaire-lutte-contre-le-sida-1024x1024.png\" \/>\n\t<meta property=\"og:image:width\" content=\"1024\" \/>\n\t<meta property=\"og:image:height\" content=\"1024\" \/>\n\t<meta property=\"og:image:type\" content=\"image\/png\" \/>\n<meta name=\"author\" content=\"VITA Tribe\" \/>\n<meta name=\"twitter:card\" content=\"summary_large_image\" \/>\n<meta name=\"twitter:label1\" content=\"Skrevet af\" \/>\n\t<meta name=\"twitter:data1\" content=\"VITA Tribe\" \/>\n\t<meta name=\"twitter:label2\" content=\"Estimeret l\u00e6setid\" \/>\n\t<meta name=\"twitter:data2\" content=\"8 minutter\" \/>\n<script type=\"application\/ld+json\" class=\"yoast-schema-graph\">{\"@context\":\"https:\/\/schema.org\",\"@graph\":[{\"@type\":\"Article\",\"@id\":\"https:\/\/www.vita-explorers.dk\/blog\/verdens-aidsdag-sammen-mod-hiv-aids\/#article\",\"isPartOf\":{\"@id\":\"https:\/\/www.vita-explorers.dk\/blog\/verdens-aidsdag-sammen-mod-hiv-aids\/\"},\"author\":{\"name\":\"VITA Tribe\",\"@id\":\"https:\/\/www.vita-explorers.dk\/blog\/#\/schema\/person\/d7df267b64f23018d1dc519e78fb2735\"},\"headline\":\"Verdens AIDS-dag\",\"datePublished\":\"2023-12-01T16:30:19+00:00\",\"dateModified\":\"2024-09-25T19:55:02+00:00\",\"mainEntityOfPage\":{\"@id\":\"https:\/\/www.vita-explorers.dk\/blog\/verdens-aidsdag-sammen-mod-hiv-aids\/\"},\"wordCount\":1204,\"commentCount\":0,\"publisher\":{\"@id\":\"https:\/\/www.vita-explorers.dk\/blog\/#organization\"},\"image\":{\"@id\":\"https:\/\/www.vita-explorers.dk\/blog\/verdens-aidsdag-sammen-mod-hiv-aids\/#primaryimage\"},\"thumbnailUrl\":\"https:\/\/www.vita-explorers.dk\/blog\/wp-content\/uploads\/2023\/12\/Mission-humnitaire-lutte-contre-le-sida.png\",\"articleSection\":[\"Natur- og milj\u00f8frivilligt arbejde\",\"No Name\",\"Nyheder\",\"VITA Explorers\"],\"inLanguage\":\"da-DK\",\"potentialAction\":[{\"@type\":\"CommentAction\",\"name\":\"Comment\",\"target\":[\"https:\/\/www.vita-explorers.dk\/blog\/verdens-aidsdag-sammen-mod-hiv-aids\/#respond\"]}]},{\"@type\":\"WebPage\",\"@id\":\"https:\/\/www.vita-explorers.dk\/blog\/verdens-aidsdag-sammen-mod-hiv-aids\/\",\"url\":\"https:\/\/www.vita-explorers.dk\/blog\/verdens-aidsdag-sammen-mod-hiv-aids\/\",\"name\":\"Verdens AIDS-dag - VITA Explorers Blog\",\"isPartOf\":{\"@id\":\"https:\/\/www.vita-explorers.dk\/blog\/#website\"},\"primaryImageOfPage\":{\"@id\":\"https:\/\/www.vita-explorers.dk\/blog\/verdens-aidsdag-sammen-mod-hiv-aids\/#primaryimage\"},\"image\":{\"@id\":\"https:\/\/www.vita-explorers.dk\/blog\/verdens-aidsdag-sammen-mod-hiv-aids\/#primaryimage\"},\"thumbnailUrl\":\"https:\/\/www.vita-explorers.dk\/blog\/wp-content\/uploads\/2023\/12\/Mission-humnitaire-lutte-contre-le-sida.png\",\"datePublished\":\"2023-12-01T16:30:19+00:00\",\"dateModified\":\"2024-09-25T19:55:02+00:00\",\"description\":\"Informez-vous sur la journ\u00e9e Mondiale de Lutte contre le SIDA et l'importance de l'acc\u00e8s universel aux soins pour mettre fin \u00e0 l'\u00e9pid\u00e9mie\",\"breadcrumb\":{\"@id\":\"https:\/\/www.vita-explorers.dk\/blog\/verdens-aidsdag-sammen-mod-hiv-aids\/#breadcrumb\"},\"inLanguage\":\"da-DK\",\"potentialAction\":[{\"@type\":\"ReadAction\",\"target\":[\"https:\/\/www.vita-explorers.dk\/blog\/verdens-aidsdag-sammen-mod-hiv-aids\/\"]}]},{\"@type\":\"ImageObject\",\"inLanguage\":\"da-DK\",\"@id\":\"https:\/\/www.vita-explorers.dk\/blog\/verdens-aidsdag-sammen-mod-hiv-aids\/#primaryimage\",\"url\":\"https:\/\/www.vita-explorers.dk\/blog\/wp-content\/uploads\/2023\/12\/Mission-humnitaire-lutte-contre-le-sida.png\",\"contentUrl\":\"https:\/\/www.vita-explorers.dk\/blog\/wp-content\/uploads\/2023\/12\/Mission-humnitaire-lutte-contre-le-sida.png\",\"width\":1190,\"height\":1190,\"caption\":\"Journ\u00e9e Mondiale de Lutte contre le SIDA\"},{\"@type\":\"BreadcrumbList\",\"@id\":\"https:\/\/www.vita-explorers.dk\/blog\/verdens-aidsdag-sammen-mod-hiv-aids\/#breadcrumb\",\"itemListElement\":[{\"@type\":\"ListItem\",\"position\":1,\"name\":\"Accueil\",\"item\":\"https:\/\/www.vita-explorers.dk\/blog\/\"},{\"@type\":\"ListItem\",\"position\":2,\"name\":\"Verdens AIDS-dag\"}]},{\"@type\":\"WebSite\",\"@id\":\"https:\/\/www.vita-explorers.dk\/blog\/#website\",\"url\":\"https:\/\/www.vita-explorers.dk\/blog\/\",\"name\":\"Association Globalong\",\"description\":\"Frivilligt arbejde, sprogophold, praktik i udlandet og internationale oplevelser\",\"publisher\":{\"@id\":\"https:\/\/www.vita-explorers.dk\/blog\/#organization\"},\"potentialAction\":[{\"@type\":\"SearchAction\",\"target\":{\"@type\":\"EntryPoint\",\"urlTemplate\":\"https:\/\/www.vita-explorers.dk\/blog\/?s={search_term_string}\"},\"query-input\":{\"@type\":\"PropertyValueSpecification\",\"valueRequired\":true,\"valueName\":\"search_term_string\"}}],\"inLanguage\":\"da-DK\"},{\"@type\":\"Organization\",\"@id\":\"https:\/\/www.vita-explorers.dk\/blog\/#organization\",\"name\":\"Association Globalong\",\"url\":\"https:\/\/www.vita-explorers.dk\/blog\/\",\"logo\":{\"@type\":\"ImageObject\",\"inLanguage\":\"da-DK\",\"@id\":\"https:\/\/www.vita-explorers.dk\/blog\/#\/schema\/logo\/image\/\",\"url\":\"https:\/\/www.globalong.com\/blog\/wp-content\/uploads\/2014\/11\/cropped-cropped-Logo-et-Afrique-Globalong-petite-taille-2.jpg\",\"contentUrl\":\"https:\/\/www.globalong.com\/blog\/wp-content\/uploads\/2014\/11\/cropped-cropped-Logo-et-Afrique-Globalong-petite-taille-2.jpg\",\"width\":512,\"height\":512,\"caption\":\"Association Globalong\"},\"image\":{\"@id\":\"https:\/\/www.vita-explorers.dk\/blog\/#\/schema\/logo\/image\/\"},\"sameAs\":[\"https:\/\/www.facebook.com\/globalong\"]},{\"@type\":\"Person\",\"@id\":\"https:\/\/www.vita-explorers.dk\/blog\/#\/schema\/person\/d7df267b64f23018d1dc519e78fb2735\",\"name\":\"VITA Tribe\",\"image\":{\"@type\":\"ImageObject\",\"inLanguage\":\"da-DK\",\"@id\":\"https:\/\/www.vita-explorers.dk\/blog\/#\/schema\/person\/image\/\",\"url\":\"https:\/\/secure.gravatar.com\/avatar\/81461bcc213d0ff2bdc043d4206648f0?s=96&d=mm&r=g\",\"contentUrl\":\"https:\/\/secure.gravatar.com\/avatar\/81461bcc213d0ff2bdc043d4206648f0?s=96&d=mm&r=g\",\"caption\":\"VITA Tribe\"},\"sameAs\":[\"https:\/\/www.globalong.com\"],\"url\":\"https:\/\/www.vita-explorers.dk\/blog\/author\/sophie\/\"}]}<\/script>\n<!-- \/ Yoast SEO Premium plugin. -->","yoast_head_json":{"title":"Verdens AIDS-dag - VITA Explorers Blog","description":"Informez-vous sur la journ\u00e9e Mondiale de Lutte contre le SIDA et l'importance de l'acc\u00e8s universel aux soins pour mettre fin \u00e0 l'\u00e9pid\u00e9mie","robots":{"index":"index","follow":"follow","max-snippet":"max-snippet:-1","max-image-preview":"max-image-preview:large","max-video-preview":"max-video-preview:-1"},"canonical":"https:\/\/www.vita-explorers.dk\/blog\/verdens-aidsdag-sammen-mod-hiv-aids\/","og_locale":"da_DK","og_type":"article","og_title":"Verdens AIDS-dag","og_description":"Informez-vous sur la journ\u00e9e Mondiale de Lutte contre le SIDA et l'importance de l'acc\u00e8s universel aux soins pour mettre fin \u00e0 l'\u00e9pid\u00e9mie","og_url":"https:\/\/www.vita-explorers.dk\/blog\/verdens-aidsdag-sammen-mod-hiv-aids\/","og_site_name":"VITA Explorers Blog","article_publisher":"https:\/\/www.facebook.com\/globalong","article_published_time":"2023-12-01T16:30:19+00:00","article_modified_time":"2024-09-25T19:55:02+00:00","og_image":[{"width":1024,"height":1024,"url":"https:\/\/www.vita-explorers.dk\/blog\/wp-content\/uploads\/2023\/12\/Mission-humnitaire-lutte-contre-le-sida-1024x1024.png","type":"image\/png"}],"author":"VITA Tribe","twitter_card":"summary_large_image","twitter_misc":{"Skrevet af":"VITA Tribe","Estimeret l\u00e6setid":"8 minutter"},"schema":{"@context":"https:\/\/schema.org","@graph":[{"@type":"Article","@id":"https:\/\/www.vita-explorers.dk\/blog\/verdens-aidsdag-sammen-mod-hiv-aids\/#article","isPartOf":{"@id":"https:\/\/www.vita-explorers.dk\/blog\/verdens-aidsdag-sammen-mod-hiv-aids\/"},"author":{"name":"VITA Tribe","@id":"https:\/\/www.vita-explorers.dk\/blog\/#\/schema\/person\/d7df267b64f23018d1dc519e78fb2735"},"headline":"Verdens AIDS-dag","datePublished":"2023-12-01T16:30:19+00:00","dateModified":"2024-09-25T19:55:02+00:00","mainEntityOfPage":{"@id":"https:\/\/www.vita-explorers.dk\/blog\/verdens-aidsdag-sammen-mod-hiv-aids\/"},"wordCount":1204,"commentCount":0,"publisher":{"@id":"https:\/\/www.vita-explorers.dk\/blog\/#organization"},"image":{"@id":"https:\/\/www.vita-explorers.dk\/blog\/verdens-aidsdag-sammen-mod-hiv-aids\/#primaryimage"},"thumbnailUrl":"https:\/\/www.vita-explorers.dk\/blog\/wp-content\/uploads\/2023\/12\/Mission-humnitaire-lutte-contre-le-sida.png","articleSection":["Natur- og milj\u00f8frivilligt arbejde","No Name","Nyheder","VITA Explorers"],"inLanguage":"da-DK","potentialAction":[{"@type":"CommentAction","name":"Comment","target":["https:\/\/www.vita-explorers.dk\/blog\/verdens-aidsdag-sammen-mod-hiv-aids\/#respond"]}]},{"@type":"WebPage","@id":"https:\/\/www.vita-explorers.dk\/blog\/verdens-aidsdag-sammen-mod-hiv-aids\/","url":"https:\/\/www.vita-explorers.dk\/blog\/verdens-aidsdag-sammen-mod-hiv-aids\/","name":"Verdens AIDS-dag - VITA Explorers Blog","isPartOf":{"@id":"https:\/\/www.vita-explorers.dk\/blog\/#website"},"primaryImageOfPage":{"@id":"https:\/\/www.vita-explorers.dk\/blog\/verdens-aidsdag-sammen-mod-hiv-aids\/#primaryimage"},"image":{"@id":"https:\/\/www.vita-explorers.dk\/blog\/verdens-aidsdag-sammen-mod-hiv-aids\/#primaryimage"},"thumbnailUrl":"https:\/\/www.vita-explorers.dk\/blog\/wp-content\/uploads\/2023\/12\/Mission-humnitaire-lutte-contre-le-sida.png","datePublished":"2023-12-01T16:30:19+00:00","dateModified":"2024-09-25T19:55:02+00:00","description":"Informez-vous sur la journ\u00e9e Mondiale de Lutte contre le SIDA et l'importance de l'acc\u00e8s universel aux soins pour mettre fin \u00e0 l'\u00e9pid\u00e9mie","breadcrumb":{"@id":"https:\/\/www.vita-explorers.dk\/blog\/verdens-aidsdag-sammen-mod-hiv-aids\/#breadcrumb"},"inLanguage":"da-DK","potentialAction":[{"@type":"ReadAction","target":["https:\/\/www.vita-explorers.dk\/blog\/verdens-aidsdag-sammen-mod-hiv-aids\/"]}]},{"@type":"ImageObject","inLanguage":"da-DK","@id":"https:\/\/www.vita-explorers.dk\/blog\/verdens-aidsdag-sammen-mod-hiv-aids\/#primaryimage","url":"https:\/\/www.vita-explorers.dk\/blog\/wp-content\/uploads\/2023\/12\/Mission-humnitaire-lutte-contre-le-sida.png","contentUrl":"https:\/\/www.vita-explorers.dk\/blog\/wp-content\/uploads\/2023\/12\/Mission-humnitaire-lutte-contre-le-sida.png","width":1190,"height":1190,"caption":"Journ\u00e9e Mondiale de Lutte contre le SIDA"},{"@type":"BreadcrumbList","@id":"https:\/\/www.vita-explorers.dk\/blog\/verdens-aidsdag-sammen-mod-hiv-aids\/#breadcrumb","itemListElement":[{"@type":"ListItem","position":1,"name":"Accueil","item":"https:\/\/www.vita-explorers.dk\/blog\/"},{"@type":"ListItem","position":2,"name":"Verdens AIDS-dag"}]},{"@type":"WebSite","@id":"https:\/\/www.vita-explorers.dk\/blog\/#website","url":"https:\/\/www.vita-explorers.dk\/blog\/","name":"Association Globalong","description":"Frivilligt arbejde, sprogophold, praktik i udlandet og internationale oplevelser","publisher":{"@id":"https:\/\/www.vita-explorers.dk\/blog\/#organization"},"potentialAction":[{"@type":"SearchAction","target":{"@type":"EntryPoint","urlTemplate":"https:\/\/www.vita-explorers.dk\/blog\/?s={search_term_string}"},"query-input":{"@type":"PropertyValueSpecification","valueRequired":true,"valueName":"search_term_string"}}],"inLanguage":"da-DK"},{"@type":"Organization","@id":"https:\/\/www.vita-explorers.dk\/blog\/#organization","name":"Association Globalong","url":"https:\/\/www.vita-explorers.dk\/blog\/","logo":{"@type":"ImageObject","inLanguage":"da-DK","@id":"https:\/\/www.vita-explorers.dk\/blog\/#\/schema\/logo\/image\/","url":"https:\/\/www.globalong.com\/blog\/wp-content\/uploads\/2014\/11\/cropped-cropped-Logo-et-Afrique-Globalong-petite-taille-2.jpg","contentUrl":"https:\/\/www.globalong.com\/blog\/wp-content\/uploads\/2014\/11\/cropped-cropped-Logo-et-Afrique-Globalong-petite-taille-2.jpg","width":512,"height":512,"caption":"Association Globalong"},"image":{"@id":"https:\/\/www.vita-explorers.dk\/blog\/#\/schema\/logo\/image\/"},"sameAs":["https:\/\/www.facebook.com\/globalong"]},{"@type":"Person","@id":"https:\/\/www.vita-explorers.dk\/blog\/#\/schema\/person\/d7df267b64f23018d1dc519e78fb2735","name":"VITA Tribe","image":{"@type":"ImageObject","inLanguage":"da-DK","@id":"https:\/\/www.vita-explorers.dk\/blog\/#\/schema\/person\/image\/","url":"https:\/\/secure.gravatar.com\/avatar\/81461bcc213d0ff2bdc043d4206648f0?s=96&d=mm&r=g","contentUrl":"https:\/\/secure.gravatar.com\/avatar\/81461bcc213d0ff2bdc043d4206648f0?s=96&d=mm&r=g","caption":"VITA Tribe"},"sameAs":["https:\/\/www.globalong.com"],"url":"https:\/\/www.vita-explorers.dk\/blog\/author\/sophie\/"}]}},"_links":{"self":[{"href":"https:\/\/www.vita-explorers.dk\/blog\/wp-json\/wp\/v2\/posts\/15839"}],"collection":[{"href":"https:\/\/www.vita-explorers.dk\/blog\/wp-json\/wp\/v2\/posts"}],"about":[{"href":"https:\/\/www.vita-explorers.dk\/blog\/wp-json\/wp\/v2\/types\/post"}],"author":[{"embeddable":true,"href":"https:\/\/www.vita-explorers.dk\/blog\/wp-json\/wp\/v2\/users\/1"}],"replies":[{"embeddable":true,"href":"https:\/\/www.vita-explorers.dk\/blog\/wp-json\/wp\/v2\/comments?post=15839"}],"version-history":[{"count":6,"href":"https:\/\/www.vita-explorers.dk\/blog\/wp-json\/wp\/v2\/posts\/15839\/revisions"}],"predecessor-version":[{"id":17631,"href":"https:\/\/www.vita-explorers.dk\/blog\/wp-json\/wp\/v2\/posts\/15839\/revisions\/17631"}],"wp:featuredmedia":[{"embeddable":true,"href":"https:\/\/www.vita-explorers.dk\/blog\/wp-json\/wp\/v2\/media\/15840"}],"wp:attachment":[{"href":"https:\/\/www.vita-explorers.dk\/blog\/wp-json\/wp\/v2\/media?parent=15839"}],"wp:term":[{"taxonomy":"category","embeddable":true,"href":"https:\/\/www.vita-explorers.dk\/blog\/wp-json\/wp\/v2\/categories?post=15839"},{"taxonomy":"post_tag","embeddable":true,"href":"https:\/\/www.vita-explorers.dk\/blog\/wp-json\/wp\/v2\/tags?post=15839"}],"curies":[{"name":"wp","href":"https:\/\/api.w.org\/{rel}","templated":true}]}}