{"id":15845,"date":"2023-12-08T17:30:46","date_gmt":"2023-12-08T16:30:46","guid":{"rendered":"https:\/\/www.globalong.com\/blog\/?p=15845"},"modified":"2024-09-25T21:46:13","modified_gmt":"2024-09-25T19:46:13","slug":"vita-fejrer-den-internationale-frivillighedsdag","status":"publish","type":"post","link":"https:\/\/www.vita-explorers.dk\/blog\/vita-fejrer-den-internationale-frivillighedsdag\/","title":{"rendered":"International Frivillighedsdag!"},"content":{"rendered":"<h1 class=\"p1\" style=\"text-align: center;\"><span style=\"font-size: 18pt;\"><strong>International Volunteer Day: Tak til vores medlemmer!<\/strong><\/span><\/h1>\n<h2 class=\"p1\" style=\"text-align: justify;\"><span style=\"font-size: 14pt;\">Den 5. december markerer verden International Volunteer Day \u2013 en FN-initiativ siden 1985. Dagen s\u00e6tter fokus p\u00e5 frivilligt engagement og den forskel, det kan g\u00f8re for social og \u00f8konomisk udvikling \u2013 lokalt, nationalt og internationalt.<\/span><\/h2>\n<p class=\"p1\" style=\"text-align: justify;\">P\u00e5 International Volunteer Day vil vi gerne sige en stor tak til de mange engagerede deltagere og medlemmer i VITA. \u00c5r for \u00e5r vokser f\u00e6llesskabet, og det styrker vores mulighed for at bidrage meningsfuldt \u2013 p\u00e5 en ansvarlig og ordentlig m\u00e5de.<\/p>\n<p><span style=\"font-size: 12pt;\">En anledning til at fejre <a href=\"https:\/\/www.vita-explorers.dk\/blog\/vigtigheden-af-deltagernes-engagement-hos-vita\/\" target=\"_blank\" rel=\"noopener\">engagementet<\/a> hos vores medlemmer!<\/span><\/p>\n<p class=\"p1\" style=\"text-align: justify;\">Det er sv\u00e6rt at s\u00e6tte tal p\u00e5 v\u00e6rdien af den indsats, vores VITA Explorers og Tribe members l\u00e6gger. Det handler om tid, n\u00e6rv\u00e6r og viljen til at tage ansvar \u2013 og om at m\u00f8de mennesker med respekt, nysgerrighed og faglighed. Hver dag er jeres bidrag med til at skabe bedre rammer d\u00e9r, hvor behovene er st\u00f8rst.<\/p>\n<p class=\"p1\" style=\"text-align: justify;\">Forl\u00f8b, der bidrager til bedre og mere trygge livsvilk\u00e5r<\/p>\n<p class=\"p1\" style=\"text-align: justify;\">Vores medlemmer har deltaget i internationale forl\u00f8b, der har gjort en konkret forskel flere steder i verden. Fra omr\u00e5der ramt af naturkatastrofer til lokalsamfund under pres har de bidraget med st\u00f8tte, ro og f\u00e6llesskab. Indsatserne bygger bro mellem mennesker og kulturer og skaber plads til reel kulturudveksling.<\/p>\n<h3 class=\"p1\" style=\"text-align: justify;\">\u00c5rets resultater \u2013 i f\u00e6llesskab<\/h3>\n<p class=\"p1\" style=\"text-align: justify;\">P\u00e5 denne dag giver det mening at stoppe op og anerkende de f\u00e6lles resultater, der er skabt gennem vores deltageres vedholdenhed. Fra undervisningsforl\u00f8b til st\u00f8tte ved akutte situationer \u2013 hver enkelt indsats har v\u00e6ret med til at forbedre hverdagen for mange. Samtidig er det en mulighed for at inspirere hinanden og se fremad med et n\u00f8gternt, men positivt blik.<\/p>\n<h3 class=\"p1\" style=\"text-align: justify;\">En s\u00e6rlig tak til vores deltagere<\/h3>\n<p class=\"p1\" style=\"text-align: justify;\">Til jer, der engagerer jer gennem VITA: Tak. Jeres stabile indsats og ansvarlige tilgang er afg\u00f8rende for, at vi kan gennemf\u00f8re meningsfulde ophold og projekter. I viser i praksis, hvad empati, omtanke og \u00f8nsket om at bidrage kan betyde \u2013 i de sm\u00e5 handlinger, i samarbejdet og i den respekt, I m\u00f8der andre med.<\/p>\n<h3 class=\"p1\" style=\"text-align: justify;\">Mod, omtanke og et positivt fokus<\/h3>\n<p class=\"p1\" style=\"text-align: justify;\">Det, der kendetegner en engageret deltager, er ofte en blanding af mod, omtanke og et konstruktivt mindset. Alle har noget at bidrage med \u2013 ogs\u00e5 n\u00e5r det ikke altid er synligt. At tage af sted p\u00e5 frivilligt arbejde i udlandet er at have st\u00f8tte, hj\u00e6lpsomhed og menneskeligt overskud med i bagagen. Uanset om du deltager i undervisning, bidrager i et b\u00f8rnecenter eller en sundhedsindsats, eller arbejder med milj\u00f8 og natur, er du med til at skabe et bedre grundlag for fremtiden.<\/p>\n<h3 class=\"p1\" style=\"text-align: justify;\">En fremtid bygget p\u00e5 h\u00e5b<\/h3>\n<p class=\"p1\" style=\"text-align: justify;\">Man tager ofte af sted med h\u00e5b \u2013 og kommer hjem med et endnu st\u00e6rkere perspektiv. Som Astrid, en af vores deltagere, der vendte hjem fra Madagaskar, siger: &#8220;I sidste ende skal der ikke ret meget til for at v\u00e6re lykkelig. Jeg ved ikke, hvem der l\u00e6rer mest af hvem.&#8221;<\/p>\n<h3 class=\"p1\" style=\"text-align: justify;\">Engagementet forts\u00e6tter<\/h3>\n<p class=\"p1\" style=\"text-align: justify;\">N\u00e5r vi markerer denne dag, er det v\u00e6rd at huske, at medmenneskelighed ikke har en udl\u00f8bsdato. Vores opfordring stopper ikke her. Lad os motivere flere til at engagere sig, dele erfaringer og forts\u00e6tte med at skabe h\u00e5b og handlemuligheder d\u00e9r, hvor hverdagen er sv\u00e6r.<\/p>\n<h3 class=\"p1\" style=\"text-align: justify;\">Sammen om en bedre verden<\/h3>\n<p class=\"p1\" style=\"text-align: justify;\">Sammen kan vi v\u00e6re en st\u00e6rk, positiv kraft. Vi er oprigtigt taknemmelige for alle, der har bidraget gennem VITA, og vi gl\u00e6der os til at se f\u00e6llesskabet vokse endnu mere.<\/p>\n<p class=\"p1\" style=\"text-align: center;\"><strong>If\u00f8lge France Volontaires siger 47% af franskm\u00e6ndene, at de kunne v\u00e6re klar p\u00e5 et internationalt frivilligforl\u00f8b \u2013 er du en af dem?<\/strong><\/p>\n<p class=\"p1\" style=\"text-align: center;\"><strong>Tak fordi du er en del af denne meningsfulde rejse.<\/strong><\/p>\n<p class=\"p4\" style=\"text-align: center;\"><b>Vil du vide mere, er du altid velkommen til at kontakte os p\u00e5 <\/b><a href=\"mailto:info@globalong.com\"><span class=\"s1\"><b>info@globalong.com<\/b><\/span><\/a><\/p>\n<p class=\"p4\" style=\"text-align: center;\"><b>Vil du f\u00f8lge med i VITA og vores community, s\u00e5 find os p\u00e5 <\/b><a href=\"https:\/\/www.instagram.com\/globalongofficiel\/\"><span class=\"s1\"><b>Instagram<\/b><\/span><\/a><b>, <\/b><a href=\"https:\/\/www.facebook.com\/globalong\"><span class=\"s1\"><b>Facebook<\/b><\/span><\/a><b>, <\/b><a href=\"https:\/\/www.linkedin.com\/company\/5113177\/admin\/feed\/posts\/\"><span class=\"s1\"><b>LinkedIn<\/b><\/span><\/a><b> og <\/b><a href=\"https:\/\/www.youtube.com\/c\/globalong\/videos\"><span class=\"s1\"><b>Youtube<\/b><\/span><\/a><b>! <\/b><\/p>\n","protected":false},"excerpt":{"rendered":"<p>International Volunteer Day: Tak til vores medlemmer! Den 5. december markerer verden International Volunteer Day \u2013 en FN-initiativ siden 1985. Dagen s\u00e6tter fokus p\u00e5\u2026<\/p>\n","protected":false},"author":1,"featured_media":15848,"comment_status":"open","ping_status":"open","sticky":false,"template":"","format":"standard","meta":{"footnotes":""},"categories":[1],"tags":[],"yoast_head":"<!-- This site is optimized with the Yoast SEO Premium plugin v23.4 (Yoast SEO v23.4) - https:\/\/yoast.com\/wordpress\/plugins\/seo\/ -->\n<title>International Frivillighedsdag! - VITA Explorers Blog<\/title>\n<meta name=\"description\" content=\"En cette Journ\u00e9e Mondiale des Volontaires, d\u00e9couvrez comment nos volontaires chez GlobAlong font une r\u00e9elle diff\u00e9rence dans le monde.\" \/>\n<meta name=\"robots\" content=\"index, follow, max-snippet:-1, max-image-preview:large, max-video-preview:-1\" \/>\n<link rel=\"canonical\" href=\"https:\/\/www.vita-explorers.dk\/blog\/vita-fejrer-den-internationale-frivillighedsdag\/\" \/>\n<meta property=\"og:locale\" content=\"da_DK\" \/>\n<meta property=\"og:type\" content=\"article\" \/>\n<meta property=\"og:title\" content=\"International Frivillighedsdag!\" \/>\n<meta property=\"og:description\" content=\"En cette Journ\u00e9e Mondiale des Volontaires, d\u00e9couvrez comment nos volontaires chez GlobAlong font une r\u00e9elle diff\u00e9rence dans le monde.\" \/>\n<meta property=\"og:url\" content=\"https:\/\/www.vita-explorers.dk\/blog\/vita-fejrer-den-internationale-frivillighedsdag\/\" \/>\n<meta property=\"og:site_name\" content=\"VITA Explorers Blog\" \/>\n<meta property=\"article:publisher\" content=\"https:\/\/www.facebook.com\/globalong\" \/>\n<meta property=\"article:published_time\" content=\"2023-12-08T16:30:46+00:00\" \/>\n<meta property=\"article:modified_time\" content=\"2024-09-25T19:46:13+00:00\" \/>\n<meta property=\"og:image\" content=\"https:\/\/www.vita-explorers.dk\/blog\/wp-content\/uploads\/2023\/12\/mission-humanitaire-jamamique-1024x679.png\" \/>\n\t<meta property=\"og:image:width\" content=\"1024\" \/>\n\t<meta property=\"og:image:height\" content=\"679\" \/>\n\t<meta property=\"og:image:type\" content=\"image\/png\" \/>\n<meta name=\"author\" content=\"VITA Tribe\" \/>\n<meta name=\"twitter:card\" content=\"summary_large_image\" \/>\n<meta name=\"twitter:label1\" content=\"Skrevet af\" \/>\n\t<meta name=\"twitter:data1\" content=\"VITA Tribe\" \/>\n\t<meta name=\"twitter:label2\" content=\"Estimeret l\u00e6setid\" \/>\n\t<meta name=\"twitter:data2\" content=\"4 minutter\" \/>\n<script type=\"application\/ld+json\" class=\"yoast-schema-graph\">{\"@context\":\"https:\/\/schema.org\",\"@graph\":[{\"@type\":\"Article\",\"@id\":\"https:\/\/www.vita-explorers.dk\/blog\/vita-fejrer-den-internationale-frivillighedsdag\/#article\",\"isPartOf\":{\"@id\":\"https:\/\/www.vita-explorers.dk\/blog\/vita-fejrer-den-internationale-frivillighedsdag\/\"},\"author\":{\"name\":\"VITA Tribe\",\"@id\":\"https:\/\/www.vita-explorers.dk\/blog\/#\/schema\/person\/d7df267b64f23018d1dc519e78fb2735\"},\"headline\":\"International Frivillighedsdag!\",\"datePublished\":\"2023-12-08T16:30:46+00:00\",\"dateModified\":\"2024-09-25T19:46:13+00:00\",\"mainEntityOfPage\":{\"@id\":\"https:\/\/www.vita-explorers.dk\/blog\/vita-fejrer-den-internationale-frivillighedsdag\/\"},\"wordCount\":661,\"commentCount\":0,\"publisher\":{\"@id\":\"https:\/\/www.vita-explorers.dk\/blog\/#organization\"},\"image\":{\"@id\":\"https:\/\/www.vita-explorers.dk\/blog\/vita-fejrer-den-internationale-frivillighedsdag\/#primaryimage\"},\"thumbnailUrl\":\"https:\/\/www.vita-explorers.dk\/blog\/wp-content\/uploads\/2023\/12\/mission-humanitaire-jamamique.png\",\"articleSection\":[\"No Name\"],\"inLanguage\":\"da-DK\",\"potentialAction\":[{\"@type\":\"CommentAction\",\"name\":\"Comment\",\"target\":[\"https:\/\/www.vita-explorers.dk\/blog\/vita-fejrer-den-internationale-frivillighedsdag\/#respond\"]}]},{\"@type\":\"WebPage\",\"@id\":\"https:\/\/www.vita-explorers.dk\/blog\/vita-fejrer-den-internationale-frivillighedsdag\/\",\"url\":\"https:\/\/www.vita-explorers.dk\/blog\/vita-fejrer-den-internationale-frivillighedsdag\/\",\"name\":\"International Frivillighedsdag! - VITA Explorers Blog\",\"isPartOf\":{\"@id\":\"https:\/\/www.vita-explorers.dk\/blog\/#website\"},\"primaryImageOfPage\":{\"@id\":\"https:\/\/www.vita-explorers.dk\/blog\/vita-fejrer-den-internationale-frivillighedsdag\/#primaryimage\"},\"image\":{\"@id\":\"https:\/\/www.vita-explorers.dk\/blog\/vita-fejrer-den-internationale-frivillighedsdag\/#primaryimage\"},\"thumbnailUrl\":\"https:\/\/www.vita-explorers.dk\/blog\/wp-content\/uploads\/2023\/12\/mission-humanitaire-jamamique.png\",\"datePublished\":\"2023-12-08T16:30:46+00:00\",\"dateModified\":\"2024-09-25T19:46:13+00:00\",\"description\":\"En cette Journ\u00e9e Mondiale des Volontaires, d\u00e9couvrez comment nos volontaires chez GlobAlong font une r\u00e9elle diff\u00e9rence dans le monde.\",\"breadcrumb\":{\"@id\":\"https:\/\/www.vita-explorers.dk\/blog\/vita-fejrer-den-internationale-frivillighedsdag\/#breadcrumb\"},\"inLanguage\":\"da-DK\",\"potentialAction\":[{\"@type\":\"ReadAction\",\"target\":[\"https:\/\/www.vita-explorers.dk\/blog\/vita-fejrer-den-internationale-frivillighedsdag\/\"]}]},{\"@type\":\"ImageObject\",\"inLanguage\":\"da-DK\",\"@id\":\"https:\/\/www.vita-explorers.dk\/blog\/vita-fejrer-den-internationale-frivillighedsdag\/#primaryimage\",\"url\":\"https:\/\/www.vita-explorers.dk\/blog\/wp-content\/uploads\/2023\/12\/mission-humanitaire-jamamique.png\",\"contentUrl\":\"https:\/\/www.vita-explorers.dk\/blog\/wp-content\/uploads\/2023\/12\/mission-humanitaire-jamamique.png\",\"width\":1508,\"height\":1000,\"caption\":\"Journ\u00e9e Mondiale des Volontaires\"},{\"@type\":\"BreadcrumbList\",\"@id\":\"https:\/\/www.vita-explorers.dk\/blog\/vita-fejrer-den-internationale-frivillighedsdag\/#breadcrumb\",\"itemListElement\":[{\"@type\":\"ListItem\",\"position\":1,\"name\":\"Accueil\",\"item\":\"https:\/\/www.vita-explorers.dk\/blog\/\"},{\"@type\":\"ListItem\",\"position\":2,\"name\":\"International Frivillighedsdag!\"}]},{\"@type\":\"WebSite\",\"@id\":\"https:\/\/www.vita-explorers.dk\/blog\/#website\",\"url\":\"https:\/\/www.vita-explorers.dk\/blog\/\",\"name\":\"Association Globalong\",\"description\":\"Frivilligt arbejde, sprogophold, praktik i udlandet og internationale oplevelser\",\"publisher\":{\"@id\":\"https:\/\/www.vita-explorers.dk\/blog\/#organization\"},\"potentialAction\":[{\"@type\":\"SearchAction\",\"target\":{\"@type\":\"EntryPoint\",\"urlTemplate\":\"https:\/\/www.vita-explorers.dk\/blog\/?s={search_term_string}\"},\"query-input\":{\"@type\":\"PropertyValueSpecification\",\"valueRequired\":true,\"valueName\":\"search_term_string\"}}],\"inLanguage\":\"da-DK\"},{\"@type\":\"Organization\",\"@id\":\"https:\/\/www.vita-explorers.dk\/blog\/#organization\",\"name\":\"Association Globalong\",\"url\":\"https:\/\/www.vita-explorers.dk\/blog\/\",\"logo\":{\"@type\":\"ImageObject\",\"inLanguage\":\"da-DK\",\"@id\":\"https:\/\/www.vita-explorers.dk\/blog\/#\/schema\/logo\/image\/\",\"url\":\"https:\/\/www.globalong.com\/blog\/wp-content\/uploads\/2014\/11\/cropped-cropped-Logo-et-Afrique-Globalong-petite-taille-2.jpg\",\"contentUrl\":\"https:\/\/www.globalong.com\/blog\/wp-content\/uploads\/2014\/11\/cropped-cropped-Logo-et-Afrique-Globalong-petite-taille-2.jpg\",\"width\":512,\"height\":512,\"caption\":\"Association Globalong\"},\"image\":{\"@id\":\"https:\/\/www.vita-explorers.dk\/blog\/#\/schema\/logo\/image\/\"},\"sameAs\":[\"https:\/\/www.facebook.com\/globalong\"]},{\"@type\":\"Person\",\"@id\":\"https:\/\/www.vita-explorers.dk\/blog\/#\/schema\/person\/d7df267b64f23018d1dc519e78fb2735\",\"name\":\"VITA Tribe\",\"image\":{\"@type\":\"ImageObject\",\"inLanguage\":\"da-DK\",\"@id\":\"https:\/\/www.vita-explorers.dk\/blog\/#\/schema\/person\/image\/\",\"url\":\"https:\/\/secure.gravatar.com\/avatar\/81461bcc213d0ff2bdc043d4206648f0?s=96&d=mm&r=g\",\"contentUrl\":\"https:\/\/secure.gravatar.com\/avatar\/81461bcc213d0ff2bdc043d4206648f0?s=96&d=mm&r=g\",\"caption\":\"VITA Tribe\"},\"sameAs\":[\"https:\/\/www.globalong.com\"],\"url\":\"https:\/\/www.vita-explorers.dk\/blog\/author\/sophie\/\"}]}<\/script>\n<!-- \/ Yoast SEO Premium plugin. -->","yoast_head_json":{"title":"International Frivillighedsdag! - VITA Explorers Blog","description":"En cette Journ\u00e9e Mondiale des Volontaires, d\u00e9couvrez comment nos volontaires chez GlobAlong font une r\u00e9elle diff\u00e9rence dans le monde.","robots":{"index":"index","follow":"follow","max-snippet":"max-snippet:-1","max-image-preview":"max-image-preview:large","max-video-preview":"max-video-preview:-1"},"canonical":"https:\/\/www.vita-explorers.dk\/blog\/vita-fejrer-den-internationale-frivillighedsdag\/","og_locale":"da_DK","og_type":"article","og_title":"International Frivillighedsdag!","og_description":"En cette Journ\u00e9e Mondiale des Volontaires, d\u00e9couvrez comment nos volontaires chez GlobAlong font une r\u00e9elle diff\u00e9rence dans le monde.","og_url":"https:\/\/www.vita-explorers.dk\/blog\/vita-fejrer-den-internationale-frivillighedsdag\/","og_site_name":"VITA Explorers Blog","article_publisher":"https:\/\/www.facebook.com\/globalong","article_published_time":"2023-12-08T16:30:46+00:00","article_modified_time":"2024-09-25T19:46:13+00:00","og_image":[{"width":1024,"height":679,"url":"https:\/\/www.vita-explorers.dk\/blog\/wp-content\/uploads\/2023\/12\/mission-humanitaire-jamamique-1024x679.png","type":"image\/png"}],"author":"VITA Tribe","twitter_card":"summary_large_image","twitter_misc":{"Skrevet af":"VITA Tribe","Estimeret l\u00e6setid":"4 minutter"},"schema":{"@context":"https:\/\/schema.org","@graph":[{"@type":"Article","@id":"https:\/\/www.vita-explorers.dk\/blog\/vita-fejrer-den-internationale-frivillighedsdag\/#article","isPartOf":{"@id":"https:\/\/www.vita-explorers.dk\/blog\/vita-fejrer-den-internationale-frivillighedsdag\/"},"author":{"name":"VITA Tribe","@id":"https:\/\/www.vita-explorers.dk\/blog\/#\/schema\/person\/d7df267b64f23018d1dc519e78fb2735"},"headline":"International Frivillighedsdag!","datePublished":"2023-12-08T16:30:46+00:00","dateModified":"2024-09-25T19:46:13+00:00","mainEntityOfPage":{"@id":"https:\/\/www.vita-explorers.dk\/blog\/vita-fejrer-den-internationale-frivillighedsdag\/"},"wordCount":661,"commentCount":0,"publisher":{"@id":"https:\/\/www.vita-explorers.dk\/blog\/#organization"},"image":{"@id":"https:\/\/www.vita-explorers.dk\/blog\/vita-fejrer-den-internationale-frivillighedsdag\/#primaryimage"},"thumbnailUrl":"https:\/\/www.vita-explorers.dk\/blog\/wp-content\/uploads\/2023\/12\/mission-humanitaire-jamamique.png","articleSection":["No Name"],"inLanguage":"da-DK","potentialAction":[{"@type":"CommentAction","name":"Comment","target":["https:\/\/www.vita-explorers.dk\/blog\/vita-fejrer-den-internationale-frivillighedsdag\/#respond"]}]},{"@type":"WebPage","@id":"https:\/\/www.vita-explorers.dk\/blog\/vita-fejrer-den-internationale-frivillighedsdag\/","url":"https:\/\/www.vita-explorers.dk\/blog\/vita-fejrer-den-internationale-frivillighedsdag\/","name":"International Frivillighedsdag! - VITA Explorers Blog","isPartOf":{"@id":"https:\/\/www.vita-explorers.dk\/blog\/#website"},"primaryImageOfPage":{"@id":"https:\/\/www.vita-explorers.dk\/blog\/vita-fejrer-den-internationale-frivillighedsdag\/#primaryimage"},"image":{"@id":"https:\/\/www.vita-explorers.dk\/blog\/vita-fejrer-den-internationale-frivillighedsdag\/#primaryimage"},"thumbnailUrl":"https:\/\/www.vita-explorers.dk\/blog\/wp-content\/uploads\/2023\/12\/mission-humanitaire-jamamique.png","datePublished":"2023-12-08T16:30:46+00:00","dateModified":"2024-09-25T19:46:13+00:00","description":"En cette Journ\u00e9e Mondiale des Volontaires, d\u00e9couvrez comment nos volontaires chez GlobAlong font une r\u00e9elle diff\u00e9rence dans le monde.","breadcrumb":{"@id":"https:\/\/www.vita-explorers.dk\/blog\/vita-fejrer-den-internationale-frivillighedsdag\/#breadcrumb"},"inLanguage":"da-DK","potentialAction":[{"@type":"ReadAction","target":["https:\/\/www.vita-explorers.dk\/blog\/vita-fejrer-den-internationale-frivillighedsdag\/"]}]},{"@type":"ImageObject","inLanguage":"da-DK","@id":"https:\/\/www.vita-explorers.dk\/blog\/vita-fejrer-den-internationale-frivillighedsdag\/#primaryimage","url":"https:\/\/www.vita-explorers.dk\/blog\/wp-content\/uploads\/2023\/12\/mission-humanitaire-jamamique.png","contentUrl":"https:\/\/www.vita-explorers.dk\/blog\/wp-content\/uploads\/2023\/12\/mission-humanitaire-jamamique.png","width":1508,"height":1000,"caption":"Journ\u00e9e Mondiale des Volontaires"},{"@type":"BreadcrumbList","@id":"https:\/\/www.vita-explorers.dk\/blog\/vita-fejrer-den-internationale-frivillighedsdag\/#breadcrumb","itemListElement":[{"@type":"ListItem","position":1,"name":"Accueil","item":"https:\/\/www.vita-explorers.dk\/blog\/"},{"@type":"ListItem","position":2,"name":"International Frivillighedsdag!"}]},{"@type":"WebSite","@id":"https:\/\/www.vita-explorers.dk\/blog\/#website","url":"https:\/\/www.vita-explorers.dk\/blog\/","name":"Association Globalong","description":"Frivilligt arbejde, sprogophold, praktik i udlandet og internationale oplevelser","publisher":{"@id":"https:\/\/www.vita-explorers.dk\/blog\/#organization"},"potentialAction":[{"@type":"SearchAction","target":{"@type":"EntryPoint","urlTemplate":"https:\/\/www.vita-explorers.dk\/blog\/?s={search_term_string}"},"query-input":{"@type":"PropertyValueSpecification","valueRequired":true,"valueName":"search_term_string"}}],"inLanguage":"da-DK"},{"@type":"Organization","@id":"https:\/\/www.vita-explorers.dk\/blog\/#organization","name":"Association Globalong","url":"https:\/\/www.vita-explorers.dk\/blog\/","logo":{"@type":"ImageObject","inLanguage":"da-DK","@id":"https:\/\/www.vita-explorers.dk\/blog\/#\/schema\/logo\/image\/","url":"https:\/\/www.globalong.com\/blog\/wp-content\/uploads\/2014\/11\/cropped-cropped-Logo-et-Afrique-Globalong-petite-taille-2.jpg","contentUrl":"https:\/\/www.globalong.com\/blog\/wp-content\/uploads\/2014\/11\/cropped-cropped-Logo-et-Afrique-Globalong-petite-taille-2.jpg","width":512,"height":512,"caption":"Association Globalong"},"image":{"@id":"https:\/\/www.vita-explorers.dk\/blog\/#\/schema\/logo\/image\/"},"sameAs":["https:\/\/www.facebook.com\/globalong"]},{"@type":"Person","@id":"https:\/\/www.vita-explorers.dk\/blog\/#\/schema\/person\/d7df267b64f23018d1dc519e78fb2735","name":"VITA Tribe","image":{"@type":"ImageObject","inLanguage":"da-DK","@id":"https:\/\/www.vita-explorers.dk\/blog\/#\/schema\/person\/image\/","url":"https:\/\/secure.gravatar.com\/avatar\/81461bcc213d0ff2bdc043d4206648f0?s=96&d=mm&r=g","contentUrl":"https:\/\/secure.gravatar.com\/avatar\/81461bcc213d0ff2bdc043d4206648f0?s=96&d=mm&r=g","caption":"VITA Tribe"},"sameAs":["https:\/\/www.globalong.com"],"url":"https:\/\/www.vita-explorers.dk\/blog\/author\/sophie\/"}]}},"_links":{"self":[{"href":"https:\/\/www.vita-explorers.dk\/blog\/wp-json\/wp\/v2\/posts\/15845"}],"collection":[{"href":"https:\/\/www.vita-explorers.dk\/blog\/wp-json\/wp\/v2\/posts"}],"about":[{"href":"https:\/\/www.vita-explorers.dk\/blog\/wp-json\/wp\/v2\/types\/post"}],"author":[{"embeddable":true,"href":"https:\/\/www.vita-explorers.dk\/blog\/wp-json\/wp\/v2\/users\/1"}],"replies":[{"embeddable":true,"href":"https:\/\/www.vita-explorers.dk\/blog\/wp-json\/wp\/v2\/comments?post=15845"}],"version-history":[{"count":5,"href":"https:\/\/www.vita-explorers.dk\/blog\/wp-json\/wp\/v2\/posts\/15845\/revisions"}],"predecessor-version":[{"id":17629,"href":"https:\/\/www.vita-explorers.dk\/blog\/wp-json\/wp\/v2\/posts\/15845\/revisions\/17629"}],"wp:featuredmedia":[{"embeddable":true,"href":"https:\/\/www.vita-explorers.dk\/blog\/wp-json\/wp\/v2\/media\/15848"}],"wp:attachment":[{"href":"https:\/\/www.vita-explorers.dk\/blog\/wp-json\/wp\/v2\/media?parent=15845"}],"wp:term":[{"taxonomy":"category","embeddable":true,"href":"https:\/\/www.vita-explorers.dk\/blog\/wp-json\/wp\/v2\/categories?post=15845"},{"taxonomy":"post_tag","embeddable":true,"href":"https:\/\/www.vita-explorers.dk\/blog\/wp-json\/wp\/v2\/tags?post=15845"}],"curies":[{"name":"wp","href":"https:\/\/api.w.org\/{rel}","templated":true}]}}