{"id":15853,"date":"2023-12-15T17:45:01","date_gmt":"2023-12-15T16:45:01","guid":{"rendered":"https:\/\/www.globalong.com\/blog\/?p=15853"},"modified":"2025-03-31T11:53:47","modified_gmt":"2025-03-31T09:53:47","slug":"beskyt-miljoeet-i-costa-rica","status":"publish","type":"post","link":"https:\/\/www.vita-explorers.dk\/blog\/beskyt-miljoeet-i-costa-rica\/","title":{"rendered":"Engag\u00e9r dig for milj\u00f8beskyttelse"},"content":{"rendered":"<p style=\"text-align: justify;\"><a href=\"https:\/\/www.vita-explorers.dk\/sprog-og-frivilligt-arbejde\/frivilligt-arbejde-spansk-costa-rica.html\" target=\"_blank\" rel=\"noopener\"><span style=\"text-decoration: underline;\">Costa Rica<\/span><\/a>, et lille smykke i Mellemamerika, bliver ofte fremh\u00e6vet som et forbillede inden for natur- og milj\u00f8beskyttelse. Med sin rige biodiversitet, frodige regnskove og storsl\u00e5ede landskaber er det ikke overraskende, at landet har taget markante skridt for at passe p\u00e5 sine naturomr\u00e5der. Costa Ricas fokus p\u00e5 naturbeskyttelse har positive effekter \u2013 ikke kun for landet selv, men ogs\u00e5 i et globalt perspektiv.<\/p>\n<h1 style=\"text-align: justify;\"><span style=\"font-size: 12pt;\">Costa Ricas strategi for b\u00e6redygtig udvikling<\/span><\/h1>\n<p style=\"text-align: justify;\">Costa Rica har gjort bevaring af biodiversitet til en national prioritet gennem en tydelig strategi for b\u00e6redygtig udvikling. Landet har etableret et netv\u00e6rk af nationalparker, biologiske reservater og beskyttede omr\u00e5der, der d\u00e6kker n\u00e6sten 25 % af territoriet. Det ambiti\u00f8se valg har v\u00e6ret med til at bevare en stor del af landets dyre- og planteliv \u2013 herunder truede arter som pumaer, jaguarer og havskildpadder.<\/p>\n<h2 style=\"text-align: justify;\"><span style=\"font-size: 12pt;\">Vedvarende energi i stor skala<\/span><\/h2>\n<p style=\"text-align: justify;\">Costa Rica er ogs\u00e5 en frontl\u00f8ber inden for vedvarende energi. Over 98 % af landets elektricitet kommer fra rene energikilder som vandkraft, vindenergi og geotermi. I 2017 lykkedes det endda Costa Rica at k\u00f8re p\u00e5 100 % vedvarende energi i mere end 300 dage. Det er et inspirerende eksempel p\u00e5, hvordan et land kan s\u00e6nke sit CO\u2082-aftryk og bidrage til indsatsen mod klimaforandringer.<\/p>\n<h3 style=\"text-align: justify;\"><span style=\"font-size: 12pt;\">Milj\u00f8undervisning<\/span><\/h3>\n<p style=\"text-align: justify;\">Costa Rica ved, at milj\u00f8undervisning er en vigtig n\u00f8gle til langsigtet b\u00e6redygtighed. Skolerne integrerer emner som biodiversitet, naturbeskyttelse og klimaforandringer i undervisningen. P\u00e5 den m\u00e5de l\u00e6rer b\u00f8rn og unge fra tidlig alder at forst\u00e5, respektere og passe p\u00e5 deres omgivelser.<\/p>\n<p>Costa Rica \u2013 et forbillede for resten af verden<\/p>\n<p style=\"text-align: justify;\">Costa Rica viser, at beskyttelse af milj\u00f8et ikke kun er en ambition \u2013 det kan ogs\u00e5 lade sig g\u00f8re i praksis. Landets resultater er et konkret eksempel p\u00e5, hvad der kan opn\u00e5s, n\u00e5r naturhensyn prioriteres h\u00f8jt. Costa Rica demonstrerer, at det er muligt at bevare biodiversitet, reducere CO\u2082-udledninger og fremme b\u00e6redygtig udvikling, samtidig med at \u00f8konomien kan udvikle sig. Alligevel st\u00e5r landet fortsat over for udfordringer i arbejdet med at beskytte natur og milj\u00f8.<\/p>\n<h3 style=\"text-align: center;\">De vigtigste udfordringer fremover<\/h3>\n<p style=\"text-align: justify;\">Selvom Costa Rica har opbygget et omfattende netv\u00e6rk af nationalparker og biologiske reservater, er det afg\u00f8rende fortsat at overv\u00e5ge og beskytte disse s\u00e5rbare \u00f8kosystemer. Samtidig er skovrydning stadig en stor udfordring \u2013 s\u00e6rligt i nogle regioner. Det kr\u00e6ver en st\u00e6rkere h\u00e5ndh\u00e6velse af skovlovgivningen, mere genplantning og \u00f8get oplysning om skovenes betydning som CO\u2082-lagre og som helt centrale levesteder for biodiversitet. Derudover er det vigtigt l\u00f8bende at identificere og etablere nye natur- og beskyttelsesomr\u00e5der for at sikre biodiversiteten.<\/p>\n<p style=\"text-align: justify;\">Derudover skal vandressourcer forvaltes b\u00e6redygtigt, s\u00e5 man kan im\u00f8dekomme en voksende befolknings behov uden at presse de akvatiske \u00f8kosystemer. Costa Rica m\u00e5 ogs\u00e5 fortsat tilpasse sig klimaforandringernes konsekvenser \u2013 blandt andet ved at udvikle strategier til at h\u00e5ndtere t\u00f8rke, oversv\u00f8mmelser og stigende havniveau.<\/p>\n<p style=\"text-align: justify;\">Afslutningsvis har Costa Rica taget store skridt i arbejdet med at beskytte biodiversitet og milj\u00f8, men indsatsen m\u00e5 ikke s\u00e6ttes p\u00e5 pause. Samspillet mellem myndigheder, milj\u00f8organisationer, civilsamfund og det internationale f\u00e6llesskab er afg\u00f8rende for at kunne h\u00e5ndtere udfordringerne og bevare landets naturarv for kommende generationer. Costa Rica er fortsat en inspirationskilde i bev\u00e6gelsen mod en mere b\u00e6redygtig og naturrespektfuld fremtid.<\/p>\n<p style=\"text-align: justify;\">Hvis du dr\u00f8mmer om at opleve \u201cPura Vida\u201d og samtidig bidrage til naturbeskyttelse i Costa Rica sammen med VITA, kan det lade sig g\u00f8re. Som VITA Explorer f\u00e5r du mulighed for at indg\u00e5 i et ansvarligt forl\u00f8b med fokus p\u00e5 milj\u00f8 og natur i <a href=\"https:\/\/www.sinac.go.cr\/ES\/turismo\/Paginas\/parquesnacionales.aspx\" target=\"_blank\" rel=\"noopener\"><span style=\"text-decoration: underline;\">Costa Ricas nationalparker<\/span><\/a>. Parkerne er udvalgt for deres solide rammer for deltagere og de konkrete opgaver, der l\u00f8ses side om side med costaricanske skovvagter. Vil du l\u00e6se mere om forl\u00f8bet, kan du <a href=\"https:\/\/www.vita-explorers.dk\/sprog-og-frivilligt-arbejde\/frivilligt-arbejde-spansk-costa-rica\/humanitaert-forloeb-miljoebeskyttelse-costa-rica%20.html\" target=\"_blank\" rel=\"noopener\">klikke her<\/a>!<\/p>\n<p class=\"p4\" style=\"text-align: center;\"><b>Hvis du vil h\u00f8re mere, er du velkommen til at kontakte os p\u00e5 <\/b><a href=\"mailto:info@globalong.com\"><span class=\"s1\"><b><span style=\"text-decoration: underline;\">info@globalong.com<\/span><\/b><\/span><\/a><\/p>\n<div id=\"aircall-extension-app\" style=\"text-align: center;\"><b>Vil du f\u00f8lge mere om VITA og VITA community, kan du finde os p\u00e5 <\/b><a href=\"https:\/\/www.instagram.com\/globalongofficiel\/\"><span class=\"s1\"><b>Instagram<\/b><\/span><\/a><b>, <a href=\"https:\/\/www.tiktok.com\/@globalong\" target=\"_blank\" rel=\"noopener\">TikTok<\/a>, <\/b><a href=\"https:\/\/www.facebook.com\/globalong\"><span class=\"s1\"><b>Facebook<\/b><\/span><\/a><b>,\u00a0<\/b><a href=\"https:\/\/www.linkedin.com\/company\/5113177\/admin\/feed\/posts\/\"><span class=\"s1\"><b>LinkedIn<\/b><\/span><\/a><b>\u00a0og\u00a0<\/b><a href=\"https:\/\/www.youtube.com\/c\/globalong\/videos\"><span class=\"s1\"><b>Youtube<\/b><\/span><\/a><b>\u00a0!\u00a0<\/b><\/div>\n<p><a href=\"https:\/\/www.vita-explorers.dk\/blog\/wp-content\/uploads\/2023\/12\/eco-volontariat-au-Costa-Rica.png\"><img loading=\"lazy\" decoding=\"async\" class=\"alignnone size-full wp-image-15859\" src=\"https:\/\/www.vita-explorers.dk\/blog\/wp-content\/uploads\/2023\/12\/eco-volontariat-au-Costa-Rica.png\" alt=\"\" width=\"2544\" height=\"1004\" srcset=\"https:\/\/www.vita-explorers.dk\/blog\/wp-content\/uploads\/2023\/12\/eco-volontariat-au-Costa-Rica.png 2544w, https:\/\/www.vita-explorers.dk\/blog\/wp-content\/uploads\/2023\/12\/eco-volontariat-au-Costa-Rica-300x118.png 300w, https:\/\/www.vita-explorers.dk\/blog\/wp-content\/uploads\/2023\/12\/eco-volontariat-au-Costa-Rica-1024x404.png 1024w, https:\/\/www.vita-explorers.dk\/blog\/wp-content\/uploads\/2023\/12\/eco-volontariat-au-Costa-Rica-768x303.png 768w, https:\/\/www.vita-explorers.dk\/blog\/wp-content\/uploads\/2023\/12\/eco-volontariat-au-Costa-Rica-1536x606.png 1536w, https:\/\/www.vita-explorers.dk\/blog\/wp-content\/uploads\/2023\/12\/eco-volontariat-au-Costa-Rica-2048x808.png 2048w\" sizes=\"(max-width: 2544px) 100vw, 2544px\" \/><\/a><\/p>\n<div id=\"aircall-extension-app\"><\/div>\n","protected":false},"excerpt":{"rendered":"<p>Costa Rica, et lille smykke i Mellemamerika, bliver ofte fremh\u00e6vet som et forbillede inden for natur- og milj\u00f8beskyttelse. Med sin rige biodiversitet, frodige regnskove\u2026<\/p>\n","protected":false},"author":1,"featured_media":20057,"comment_status":"open","ping_status":"open","sticky":false,"template":"","format":"standard","meta":{"footnotes":""},"categories":[470,6,4],"tags":[],"yoast_head":"<!-- This site is optimized with the Yoast SEO Premium plugin v23.4 (Yoast SEO v23.4) - https:\/\/yoast.com\/wordpress\/plugins\/seo\/ -->\n<title>Engag\u00e9r dig for milj\u00f8beskyttelse - VITA Explorers Blog<\/title>\n<meta name=\"description\" content=\"D\u00e9couvrez comment le Costa Rica prot\u00e8ge l&#039;environnement avec sa biodiversit\u00e9 riche et ses mesures de conservation drastiques.\" \/>\n<meta name=\"robots\" content=\"index, follow, max-snippet:-1, max-image-preview:large, max-video-preview:-1\" \/>\n<link rel=\"canonical\" href=\"https:\/\/www.vita-explorers.dk\/blog\/beskyt-miljoeet-i-costa-rica\/\" \/>\n<meta property=\"og:locale\" content=\"da_DK\" \/>\n<meta property=\"og:type\" content=\"article\" \/>\n<meta property=\"og:title\" content=\"Engag\u00e9r dig for milj\u00f8beskyttelse\" \/>\n<meta property=\"og:description\" content=\"D\u00e9couvrez comment le Costa Rica prot\u00e8ge l&#039;environnement avec sa biodiversit\u00e9 riche et ses mesures de conservation drastiques.\" \/>\n<meta property=\"og:url\" content=\"https:\/\/www.vita-explorers.dk\/blog\/beskyt-miljoeet-i-costa-rica\/\" \/>\n<meta property=\"og:site_name\" content=\"VITA Explorers Blog\" \/>\n<meta property=\"article:publisher\" content=\"https:\/\/www.facebook.com\/globalong\" \/>\n<meta property=\"article:published_time\" content=\"2023-12-15T16:45:01+00:00\" \/>\n<meta property=\"article:modified_time\" content=\"2025-03-31T09:53:47+00:00\" \/>\n<meta property=\"og:image\" content=\"https:\/\/www.vita-explorers.dk\/blog\/wp-content\/uploads\/2025\/01\/PHOTO-2022-09-22-16-06-22-2-63c54b26776af.jpeg\" \/>\n\t<meta property=\"og:image:width\" content=\"370\" \/>\n\t<meta property=\"og:image:height\" content=\"240\" \/>\n\t<meta property=\"og:image:type\" content=\"image\/jpeg\" \/>\n<meta name=\"author\" content=\"VITA Tribe\" \/>\n<meta name=\"twitter:card\" content=\"summary_large_image\" \/>\n<meta name=\"twitter:label1\" content=\"Skrevet af\" \/>\n\t<meta name=\"twitter:data1\" content=\"VITA Tribe\" \/>\n\t<meta name=\"twitter:label2\" content=\"Estimeret l\u00e6setid\" \/>\n\t<meta name=\"twitter:data2\" content=\"5 minutter\" \/>\n<script type=\"application\/ld+json\" class=\"yoast-schema-graph\">{\"@context\":\"https:\/\/schema.org\",\"@graph\":[{\"@type\":\"Article\",\"@id\":\"https:\/\/www.vita-explorers.dk\/blog\/beskyt-miljoeet-i-costa-rica\/#article\",\"isPartOf\":{\"@id\":\"https:\/\/www.vita-explorers.dk\/blog\/beskyt-miljoeet-i-costa-rica\/\"},\"author\":{\"name\":\"VITA Tribe\",\"@id\":\"https:\/\/www.vita-explorers.dk\/blog\/#\/schema\/person\/d7df267b64f23018d1dc519e78fb2735\"},\"headline\":\"Engag\u00e9r dig for milj\u00f8beskyttelse\",\"datePublished\":\"2023-12-15T16:45:01+00:00\",\"dateModified\":\"2025-03-31T09:53:47+00:00\",\"mainEntityOfPage\":{\"@id\":\"https:\/\/www.vita-explorers.dk\/blog\/beskyt-miljoeet-i-costa-rica\/\"},\"wordCount\":678,\"commentCount\":0,\"publisher\":{\"@id\":\"https:\/\/www.vita-explorers.dk\/blog\/#organization\"},\"image\":{\"@id\":\"https:\/\/www.vita-explorers.dk\/blog\/beskyt-miljoeet-i-costa-rica\/#primaryimage\"},\"thumbnailUrl\":\"https:\/\/www.vita-explorers.dk\/blog\/wp-content\/uploads\/2025\/01\/PHOTO-2022-09-22-16-06-22-2-63c54b26776af.jpeg\",\"articleSection\":[\"Natur- og milj\u00f8frivilligt arbejde\",\"Nyheder\",\"VITA Explorers\"],\"inLanguage\":\"da-DK\",\"potentialAction\":[{\"@type\":\"CommentAction\",\"name\":\"Comment\",\"target\":[\"https:\/\/www.vita-explorers.dk\/blog\/beskyt-miljoeet-i-costa-rica\/#respond\"]}]},{\"@type\":\"WebPage\",\"@id\":\"https:\/\/www.vita-explorers.dk\/blog\/beskyt-miljoeet-i-costa-rica\/\",\"url\":\"https:\/\/www.vita-explorers.dk\/blog\/beskyt-miljoeet-i-costa-rica\/\",\"name\":\"Engag\u00e9r dig for milj\u00f8beskyttelse - VITA Explorers Blog\",\"isPartOf\":{\"@id\":\"https:\/\/www.vita-explorers.dk\/blog\/#website\"},\"primaryImageOfPage\":{\"@id\":\"https:\/\/www.vita-explorers.dk\/blog\/beskyt-miljoeet-i-costa-rica\/#primaryimage\"},\"image\":{\"@id\":\"https:\/\/www.vita-explorers.dk\/blog\/beskyt-miljoeet-i-costa-rica\/#primaryimage\"},\"thumbnailUrl\":\"https:\/\/www.vita-explorers.dk\/blog\/wp-content\/uploads\/2025\/01\/PHOTO-2022-09-22-16-06-22-2-63c54b26776af.jpeg\",\"datePublished\":\"2023-12-15T16:45:01+00:00\",\"dateModified\":\"2025-03-31T09:53:47+00:00\",\"description\":\"D\u00e9couvrez comment le Costa Rica prot\u00e8ge l'environnement avec sa biodiversit\u00e9 riche et ses mesures de conservation drastiques.\",\"breadcrumb\":{\"@id\":\"https:\/\/www.vita-explorers.dk\/blog\/beskyt-miljoeet-i-costa-rica\/#breadcrumb\"},\"inLanguage\":\"da-DK\",\"potentialAction\":[{\"@type\":\"ReadAction\",\"target\":[\"https:\/\/www.vita-explorers.dk\/blog\/beskyt-miljoeet-i-costa-rica\/\"]}]},{\"@type\":\"ImageObject\",\"inLanguage\":\"da-DK\",\"@id\":\"https:\/\/www.vita-explorers.dk\/blog\/beskyt-miljoeet-i-costa-rica\/#primaryimage\",\"url\":\"https:\/\/www.vita-explorers.dk\/blog\/wp-content\/uploads\/2025\/01\/PHOTO-2022-09-22-16-06-22-2-63c54b26776af.jpeg\",\"contentUrl\":\"https:\/\/www.vita-explorers.dk\/blog\/wp-content\/uploads\/2025\/01\/PHOTO-2022-09-22-16-06-22-2-63c54b26776af.jpeg\",\"width\":370,\"height\":240,\"caption\":\"\u00c9co-volontariat prot\u00e9ger l\u2019environnement\"},{\"@type\":\"BreadcrumbList\",\"@id\":\"https:\/\/www.vita-explorers.dk\/blog\/beskyt-miljoeet-i-costa-rica\/#breadcrumb\",\"itemListElement\":[{\"@type\":\"ListItem\",\"position\":1,\"name\":\"Accueil\",\"item\":\"https:\/\/www.vita-explorers.dk\/blog\/\"},{\"@type\":\"ListItem\",\"position\":2,\"name\":\"Engag\u00e9r dig for milj\u00f8beskyttelse\"}]},{\"@type\":\"WebSite\",\"@id\":\"https:\/\/www.vita-explorers.dk\/blog\/#website\",\"url\":\"https:\/\/www.vita-explorers.dk\/blog\/\",\"name\":\"Association Globalong\",\"description\":\"Frivilligt arbejde, sprogophold, praktik i udlandet og internationale oplevelser\",\"publisher\":{\"@id\":\"https:\/\/www.vita-explorers.dk\/blog\/#organization\"},\"potentialAction\":[{\"@type\":\"SearchAction\",\"target\":{\"@type\":\"EntryPoint\",\"urlTemplate\":\"https:\/\/www.vita-explorers.dk\/blog\/?s={search_term_string}\"},\"query-input\":{\"@type\":\"PropertyValueSpecification\",\"valueRequired\":true,\"valueName\":\"search_term_string\"}}],\"inLanguage\":\"da-DK\"},{\"@type\":\"Organization\",\"@id\":\"https:\/\/www.vita-explorers.dk\/blog\/#organization\",\"name\":\"Association Globalong\",\"url\":\"https:\/\/www.vita-explorers.dk\/blog\/\",\"logo\":{\"@type\":\"ImageObject\",\"inLanguage\":\"da-DK\",\"@id\":\"https:\/\/www.vita-explorers.dk\/blog\/#\/schema\/logo\/image\/\",\"url\":\"https:\/\/www.globalong.com\/blog\/wp-content\/uploads\/2014\/11\/cropped-cropped-Logo-et-Afrique-Globalong-petite-taille-2.jpg\",\"contentUrl\":\"https:\/\/www.globalong.com\/blog\/wp-content\/uploads\/2014\/11\/cropped-cropped-Logo-et-Afrique-Globalong-petite-taille-2.jpg\",\"width\":512,\"height\":512,\"caption\":\"Association Globalong\"},\"image\":{\"@id\":\"https:\/\/www.vita-explorers.dk\/blog\/#\/schema\/logo\/image\/\"},\"sameAs\":[\"https:\/\/www.facebook.com\/globalong\"]},{\"@type\":\"Person\",\"@id\":\"https:\/\/www.vita-explorers.dk\/blog\/#\/schema\/person\/d7df267b64f23018d1dc519e78fb2735\",\"name\":\"VITA Tribe\",\"image\":{\"@type\":\"ImageObject\",\"inLanguage\":\"da-DK\",\"@id\":\"https:\/\/www.vita-explorers.dk\/blog\/#\/schema\/person\/image\/\",\"url\":\"https:\/\/secure.gravatar.com\/avatar\/81461bcc213d0ff2bdc043d4206648f0?s=96&d=mm&r=g\",\"contentUrl\":\"https:\/\/secure.gravatar.com\/avatar\/81461bcc213d0ff2bdc043d4206648f0?s=96&d=mm&r=g\",\"caption\":\"VITA Tribe\"},\"sameAs\":[\"https:\/\/www.globalong.com\"],\"url\":\"https:\/\/www.vita-explorers.dk\/blog\/author\/sophie\/\"}]}<\/script>\n<!-- \/ Yoast SEO Premium plugin. -->","yoast_head_json":{"title":"Engag\u00e9r dig for milj\u00f8beskyttelse - VITA Explorers Blog","description":"D\u00e9couvrez comment le Costa Rica prot\u00e8ge l'environnement avec sa biodiversit\u00e9 riche et ses mesures de conservation drastiques.","robots":{"index":"index","follow":"follow","max-snippet":"max-snippet:-1","max-image-preview":"max-image-preview:large","max-video-preview":"max-video-preview:-1"},"canonical":"https:\/\/www.vita-explorers.dk\/blog\/beskyt-miljoeet-i-costa-rica\/","og_locale":"da_DK","og_type":"article","og_title":"Engag\u00e9r dig for milj\u00f8beskyttelse","og_description":"D\u00e9couvrez comment le Costa Rica prot\u00e8ge l'environnement avec sa biodiversit\u00e9 riche et ses mesures de conservation drastiques.","og_url":"https:\/\/www.vita-explorers.dk\/blog\/beskyt-miljoeet-i-costa-rica\/","og_site_name":"VITA Explorers Blog","article_publisher":"https:\/\/www.facebook.com\/globalong","article_published_time":"2023-12-15T16:45:01+00:00","article_modified_time":"2025-03-31T09:53:47+00:00","og_image":[{"width":370,"height":240,"url":"https:\/\/www.vita-explorers.dk\/blog\/wp-content\/uploads\/2025\/01\/PHOTO-2022-09-22-16-06-22-2-63c54b26776af.jpeg","type":"image\/jpeg"}],"author":"VITA Tribe","twitter_card":"summary_large_image","twitter_misc":{"Skrevet af":"VITA Tribe","Estimeret l\u00e6setid":"5 minutter"},"schema":{"@context":"https:\/\/schema.org","@graph":[{"@type":"Article","@id":"https:\/\/www.vita-explorers.dk\/blog\/beskyt-miljoeet-i-costa-rica\/#article","isPartOf":{"@id":"https:\/\/www.vita-explorers.dk\/blog\/beskyt-miljoeet-i-costa-rica\/"},"author":{"name":"VITA Tribe","@id":"https:\/\/www.vita-explorers.dk\/blog\/#\/schema\/person\/d7df267b64f23018d1dc519e78fb2735"},"headline":"Engag\u00e9r dig for milj\u00f8beskyttelse","datePublished":"2023-12-15T16:45:01+00:00","dateModified":"2025-03-31T09:53:47+00:00","mainEntityOfPage":{"@id":"https:\/\/www.vita-explorers.dk\/blog\/beskyt-miljoeet-i-costa-rica\/"},"wordCount":678,"commentCount":0,"publisher":{"@id":"https:\/\/www.vita-explorers.dk\/blog\/#organization"},"image":{"@id":"https:\/\/www.vita-explorers.dk\/blog\/beskyt-miljoeet-i-costa-rica\/#primaryimage"},"thumbnailUrl":"https:\/\/www.vita-explorers.dk\/blog\/wp-content\/uploads\/2025\/01\/PHOTO-2022-09-22-16-06-22-2-63c54b26776af.jpeg","articleSection":["Natur- og milj\u00f8frivilligt arbejde","Nyheder","VITA Explorers"],"inLanguage":"da-DK","potentialAction":[{"@type":"CommentAction","name":"Comment","target":["https:\/\/www.vita-explorers.dk\/blog\/beskyt-miljoeet-i-costa-rica\/#respond"]}]},{"@type":"WebPage","@id":"https:\/\/www.vita-explorers.dk\/blog\/beskyt-miljoeet-i-costa-rica\/","url":"https:\/\/www.vita-explorers.dk\/blog\/beskyt-miljoeet-i-costa-rica\/","name":"Engag\u00e9r dig for milj\u00f8beskyttelse - VITA Explorers Blog","isPartOf":{"@id":"https:\/\/www.vita-explorers.dk\/blog\/#website"},"primaryImageOfPage":{"@id":"https:\/\/www.vita-explorers.dk\/blog\/beskyt-miljoeet-i-costa-rica\/#primaryimage"},"image":{"@id":"https:\/\/www.vita-explorers.dk\/blog\/beskyt-miljoeet-i-costa-rica\/#primaryimage"},"thumbnailUrl":"https:\/\/www.vita-explorers.dk\/blog\/wp-content\/uploads\/2025\/01\/PHOTO-2022-09-22-16-06-22-2-63c54b26776af.jpeg","datePublished":"2023-12-15T16:45:01+00:00","dateModified":"2025-03-31T09:53:47+00:00","description":"D\u00e9couvrez comment le Costa Rica prot\u00e8ge l'environnement avec sa biodiversit\u00e9 riche et ses mesures de conservation drastiques.","breadcrumb":{"@id":"https:\/\/www.vita-explorers.dk\/blog\/beskyt-miljoeet-i-costa-rica\/#breadcrumb"},"inLanguage":"da-DK","potentialAction":[{"@type":"ReadAction","target":["https:\/\/www.vita-explorers.dk\/blog\/beskyt-miljoeet-i-costa-rica\/"]}]},{"@type":"ImageObject","inLanguage":"da-DK","@id":"https:\/\/www.vita-explorers.dk\/blog\/beskyt-miljoeet-i-costa-rica\/#primaryimage","url":"https:\/\/www.vita-explorers.dk\/blog\/wp-content\/uploads\/2025\/01\/PHOTO-2022-09-22-16-06-22-2-63c54b26776af.jpeg","contentUrl":"https:\/\/www.vita-explorers.dk\/blog\/wp-content\/uploads\/2025\/01\/PHOTO-2022-09-22-16-06-22-2-63c54b26776af.jpeg","width":370,"height":240,"caption":"\u00c9co-volontariat prot\u00e9ger l\u2019environnement"},{"@type":"BreadcrumbList","@id":"https:\/\/www.vita-explorers.dk\/blog\/beskyt-miljoeet-i-costa-rica\/#breadcrumb","itemListElement":[{"@type":"ListItem","position":1,"name":"Accueil","item":"https:\/\/www.vita-explorers.dk\/blog\/"},{"@type":"ListItem","position":2,"name":"Engag\u00e9r dig for milj\u00f8beskyttelse"}]},{"@type":"WebSite","@id":"https:\/\/www.vita-explorers.dk\/blog\/#website","url":"https:\/\/www.vita-explorers.dk\/blog\/","name":"Association Globalong","description":"Frivilligt arbejde, sprogophold, praktik i udlandet og internationale oplevelser","publisher":{"@id":"https:\/\/www.vita-explorers.dk\/blog\/#organization"},"potentialAction":[{"@type":"SearchAction","target":{"@type":"EntryPoint","urlTemplate":"https:\/\/www.vita-explorers.dk\/blog\/?s={search_term_string}"},"query-input":{"@type":"PropertyValueSpecification","valueRequired":true,"valueName":"search_term_string"}}],"inLanguage":"da-DK"},{"@type":"Organization","@id":"https:\/\/www.vita-explorers.dk\/blog\/#organization","name":"Association Globalong","url":"https:\/\/www.vita-explorers.dk\/blog\/","logo":{"@type":"ImageObject","inLanguage":"da-DK","@id":"https:\/\/www.vita-explorers.dk\/blog\/#\/schema\/logo\/image\/","url":"https:\/\/www.globalong.com\/blog\/wp-content\/uploads\/2014\/11\/cropped-cropped-Logo-et-Afrique-Globalong-petite-taille-2.jpg","contentUrl":"https:\/\/www.globalong.com\/blog\/wp-content\/uploads\/2014\/11\/cropped-cropped-Logo-et-Afrique-Globalong-petite-taille-2.jpg","width":512,"height":512,"caption":"Association Globalong"},"image":{"@id":"https:\/\/www.vita-explorers.dk\/blog\/#\/schema\/logo\/image\/"},"sameAs":["https:\/\/www.facebook.com\/globalong"]},{"@type":"Person","@id":"https:\/\/www.vita-explorers.dk\/blog\/#\/schema\/person\/d7df267b64f23018d1dc519e78fb2735","name":"VITA Tribe","image":{"@type":"ImageObject","inLanguage":"da-DK","@id":"https:\/\/www.vita-explorers.dk\/blog\/#\/schema\/person\/image\/","url":"https:\/\/secure.gravatar.com\/avatar\/81461bcc213d0ff2bdc043d4206648f0?s=96&d=mm&r=g","contentUrl":"https:\/\/secure.gravatar.com\/avatar\/81461bcc213d0ff2bdc043d4206648f0?s=96&d=mm&r=g","caption":"VITA Tribe"},"sameAs":["https:\/\/www.globalong.com"],"url":"https:\/\/www.vita-explorers.dk\/blog\/author\/sophie\/"}]}},"_links":{"self":[{"href":"https:\/\/www.vita-explorers.dk\/blog\/wp-json\/wp\/v2\/posts\/15853"}],"collection":[{"href":"https:\/\/www.vita-explorers.dk\/blog\/wp-json\/wp\/v2\/posts"}],"about":[{"href":"https:\/\/www.vita-explorers.dk\/blog\/wp-json\/wp\/v2\/types\/post"}],"author":[{"embeddable":true,"href":"https:\/\/www.vita-explorers.dk\/blog\/wp-json\/wp\/v2\/users\/1"}],"replies":[{"embeddable":true,"href":"https:\/\/www.vita-explorers.dk\/blog\/wp-json\/wp\/v2\/comments?post=15853"}],"version-history":[{"count":11,"href":"https:\/\/www.vita-explorers.dk\/blog\/wp-json\/wp\/v2\/posts\/15853\/revisions"}],"predecessor-version":[{"id":20994,"href":"https:\/\/www.vita-explorers.dk\/blog\/wp-json\/wp\/v2\/posts\/15853\/revisions\/20994"}],"wp:featuredmedia":[{"embeddable":true,"href":"https:\/\/www.vita-explorers.dk\/blog\/wp-json\/wp\/v2\/media\/20057"}],"wp:attachment":[{"href":"https:\/\/www.vita-explorers.dk\/blog\/wp-json\/wp\/v2\/media?parent=15853"}],"wp:term":[{"taxonomy":"category","embeddable":true,"href":"https:\/\/www.vita-explorers.dk\/blog\/wp-json\/wp\/v2\/categories?post=15853"},{"taxonomy":"post_tag","embeddable":true,"href":"https:\/\/www.vita-explorers.dk\/blog\/wp-json\/wp\/v2\/tags?post=15853"}],"curies":[{"name":"wp","href":"https:\/\/api.w.org\/{rel}","templated":true}]}}