{"id":15938,"date":"2024-01-16T11:00:48","date_gmt":"2024-01-16T10:00:48","guid":{"rendered":"https:\/\/www.globalong.com\/blog\/?p=15938"},"modified":"2024-11-21T10:23:49","modified_gmt":"2024-11-21T09:23:49","slug":"focus-sur-le-senegal-le-cas-des-enfants-talibes","status":"publish","type":"post","link":"https:\/\/www.vita-explorers.dk\/blog\/focus-sur-le-senegal-le-cas-des-enfants-talibes\/","title":{"rendered":"Talib\u00e9-b\u00f8rn"},"content":{"rendered":"<h1><span style=\"font-size: 12pt;\"><strong>Hvem er talib\u00e9-b\u00f8rn?<\/strong><\/span><\/h1>\n<p class=\"p1\" style=\"text-align: justify;\">Talib\u00e9-b\u00f8rn, ofte fra udsatte familier i <strong><a href=\"https:\/\/www.diplomatie.gouv.fr\/fr\/conseils-aux-voyageurs\/conseils-par-pays-destination\/senegal\/#derniere\" target=\"_blank\" rel=\"noopener\">Senegal<\/a><\/strong> og andre dele af Vestafrika, betros til koranl\u00e6rere \u2013 marabouter \u2013 for at f\u00e5 religi\u00f8s undervisning og l\u00e6re Koranen. Ordet &#8220;talib\u00e9&#8221; betyder direkte oversat &#8220;elev&#8221; eller &#8220;discipel&#8221; p\u00e5 arabisk. Oprindeligt var tanken, at b\u00f8rn, hvis familier ikke havde mulighed for en formel skolegang, kunne f\u00e5 religi\u00f8s undervisning.<\/p>\n<p class=\"p1\" style=\"text-align: justify;\">Over tid er traditionen dog i nogle omr\u00e5der blevet forvredet, s\u00e5 den i stedet har f\u00f8rt til overgreb og udnyttelse. Nogle marabouter har gjort b\u00f8rnenes hverdag til en form for \u00f8konomisk udnyttelse. Talib\u00e9-b\u00f8rn tvinges meget ofte til at tigge i gaderne for at indsamle penge og forsyninger, som skal d\u00e6kke koranskolens behov. B\u00f8rnenes levevilk\u00e5r er ofte meget utrygge \u2013 uden adgang til almindelig skolegang, sundhedsydelser og ordentlige rammer.<\/p>\n<p class=\"p1\" style=\"text-align: justify;\">Tvangstiggeri og de sv\u00e6re forhold, som mange talib\u00e9-b\u00f8rn lever under, har skabt bekymring b\u00e5de nationalt og internationalt. Lokale og internationale organisationer samt myndigheder arbejder med oplysning, beskyttelse af b\u00f8rns rettigheder og mere b\u00e6redygtige alternativer. Det kan blandt andet v\u00e6re reformer af daaras (koranskoler, hvor talib\u00e9-b\u00f8rn bor), s\u00e5 <a href=\"https:\/\/www.vita-explorers.dk\/blog\/international-boernedag\/\" target=\"_blank\" rel=\"noopener\">b\u00f8rn<\/a> f\u00e5r en mere balanceret undervisning, der kombinerer religi\u00f8s l\u00e6ring med formel skolegang.<\/p>\n<p class=\"p1\" style=\"text-align: justify;\">Talib\u00e9-b\u00f8rn i <a href=\"https:\/\/www.vita-explorers.dk\/frivilligt-arbejde\/senegal-frivilligt-arbejde-internationalt-ophold.html\" target=\"_blank\" rel=\"noopener\"><strong>Senegal<\/strong><\/a> st\u00e5r over for en r\u00e6kke komplekse og sammenh\u00e6ngende udfordringer, som p\u00e5virker deres trivsel, l\u00e6ring og rettigheder. Det kan blandt andet v\u00e6re \u00f8konomisk udnyttelse, usikre levevilk\u00e5r, omsorgssvigt, begr\u00e6nset adgang til almindelig skole, helbredsproblemer, vold og overgreb, social stigmatisering samt manglende retlig beskyttelse. Mange b\u00f8rn tvinges til at tigge, hvilket \u00f8ger risikoen for mishandling og udnyttelse. De sv\u00e6re levevilk\u00e5r, den begr\u00e6nsede adgang til sundhed og en s\u00e5rbar social position forst\u00e6rker udfordringerne yderligere.<\/p>\n<p class=\"p1\" style=\"text-align: justify;\">Senegalesiske myndigheder, civilsamfundsorganisationer og internationale akt\u00f8rer arbejder sammen om at h\u00e5ndtere udfordringerne. Indsatserne har blandt andet fokus p\u00e5 at forbedre talib\u00e9-b\u00f8rns levevilk\u00e5r og modvirke den \u00f8konomiske udnyttelse, som kan v\u00e6re knyttet til praksissen. Samtidig kr\u00e6ver varige l\u00f8sninger dybere sociale og kulturelle forandringer samt mere oplysning, s\u00e5 uddannelsesformer udvikles p\u00e5 en etisk m\u00e5de, der respekterer b\u00f8rns rettigheder.<\/p>\n<p><a href=\"https:\/\/www.vita-explorers.dk\/blog\/wp-content\/uploads\/2024\/01\/benevolat-aupres-des-enfants-talibes.png\"><img loading=\"lazy\" decoding=\"async\" class=\"alignnone size-full wp-image-15940\" src=\"https:\/\/www.vita-explorers.dk\/blog\/wp-content\/uploads\/2024\/01\/benevolat-aupres-des-enfants-talibes.png\" alt=\"\" width=\"2542\" height=\"942\" srcset=\"https:\/\/www.vita-explorers.dk\/blog\/wp-content\/uploads\/2024\/01\/benevolat-aupres-des-enfants-talibes.png 2542w, https:\/\/www.vita-explorers.dk\/blog\/wp-content\/uploads\/2024\/01\/benevolat-aupres-des-enfants-talibes-300x111.png 300w, https:\/\/www.vita-explorers.dk\/blog\/wp-content\/uploads\/2024\/01\/benevolat-aupres-des-enfants-talibes-1024x379.png 1024w, https:\/\/www.vita-explorers.dk\/blog\/wp-content\/uploads\/2024\/01\/benevolat-aupres-des-enfants-talibes-768x285.png 768w, https:\/\/www.vita-explorers.dk\/blog\/wp-content\/uploads\/2024\/01\/benevolat-aupres-des-enfants-talibes-1536x569.png 1536w, https:\/\/www.vita-explorers.dk\/blog\/wp-content\/uploads\/2024\/01\/benevolat-aupres-des-enfants-talibes-2048x759.png 2048w\" sizes=\"(max-width: 2542px) 100vw, 2542px\" \/><\/a><\/p>\n<h2><span style=\"font-size: 12pt;\"><strong>Udfordringerne og indsatserne for talib\u00e9-b\u00f8rn<\/strong><\/span><\/h2>\n<h3 class=\"p1\" style=\"text-align: justify;\"><span style=\"font-size: 12pt;\">I Saint-Louis, en by der er s\u00e6rligt ramt af problematikken, med omkring 15.000 talib\u00e9-b\u00f8rn i gaderne, er m\u00e5let at st\u00f8tte dem i at blive til uddannede og ansvarlige voksne, der kan forme deres eget liv og bidrage til Senegals udvikling.<\/span><\/h3>\n<p class=\"p3\" style=\"text-align: justify;\">Det lokale team arbejder for at styrke talib\u00e9-b\u00f8rns sociale og faglige muligheder i det senegalesiske samfund. Indsatsen handler om adgang til l\u00e6ring, information om relevante erhvervsuddannelser og st\u00f8tte til deltagelse i sports- og kulturaktiviteter. Den lokale struktur bidrager til bedre hverdagsrammer ved at tage imod b\u00f8rnene i l\u00f8bet af dagen, inden de vender tilbage til deres daaras.<\/p>\n<p class=\"p3\" style=\"text-align: justify;\">Mange talib\u00e9-b\u00f8rn k\u00e6mper med psykiske belastninger som f\u00f8lge af manglende for\u00e6ldren\u00e6rhed, og derfor er det vigtigt at give dem et sted, hvor de kan blive lyttet til og f\u00e5 hj\u00e6lp til at genfinde deres plads som b\u00f8rn. Teamet arbejder p\u00e5 at skabe et trygt milj\u00f8, hvor b\u00f8rnene kan blive h\u00f8rt og f\u00e5 moralsk og psykologisk st\u00f8tte \u2013 s\u00e5 deres barndom kan blive mere normal og v\u00e6rdig.<\/p>\n<p class=\"p3\" style=\"text-align: justify;\">Begr\u00e6nset adgang til uddannelse er en af de st\u00f8rste udfordringer for talib\u00e9-b\u00f8rn. Ved at undervise i l\u00e6sning og skrivning og give adgang til et bibliotek samt basale IT-ressourcer, arbejder teamet for at styrke b\u00f8rnenes muligheder og deres oplevelse af at h\u00f8re til p\u00e5 lige fod med andre b\u00f8rn. Det kan udvide deres horisont og styrke selvv\u00e6rdet \u2013 og dermed skabe mere positive perspektiver for fremtiden.<\/p>\n<p class=\"p5\" style=\"text-align: justify;\">Selvom Senegals officielle sprog er fransk, som b\u00f8rn typisk undervises i fra en tidlig alder i det offentlige skolesystem, har de fleste talib\u00e9-b\u00f8rn kun adgang til undervisningen i daaras, som prim\u00e6rt er rettet mod koranstudier. Den manglende skolegang begr\u00e6nser b\u00f8rnenes l\u00e6se- og skrivef\u00e6rdigheder p\u00e5 fransk, og mange har derfor et meget begr\u00e6nset sprogligt grundlag \u2013 ogs\u00e5 i teenage\u00e5rene.<\/p>\n<p class=\"p6\" style=\"text-align: justify;\">For at afhj\u00e6lpe dette hul i undervisningen introducerer lokale l\u00e6rere og<strong> <a href=\"https:\/\/www.vita-explorers.dk\/frivilligt-arbejde\/senegal-frivilligt-arbejde-internationalt-ophold\/humanitaert-forloeb-senegal-uddannelse-af-talibe-boern-praktik.html\" target=\"_blank\" rel=\"noopener\">VITA Explorers<\/a><\/strong> talib\u00e9-b\u00f8rn til fag fra senegalesisk indskoling, som fransk, matematik, samfundsfag, poesi og sang. Som VITA Explorer vil din rolle v\u00e6re at bidrage i det daglige under vejledning af en lokal l\u00e6rer og dermed st\u00f8tte b\u00f8rnenes l\u00e6ring og muligheder.<\/p>\n<p><a href=\"https:\/\/www.vita-explorers.dk\/blog\/wp-content\/uploads\/2024\/01\/mission-humanitaire-soutien-aux-enfnats-talibes-.png\"><img loading=\"lazy\" decoding=\"async\" class=\"alignnone size-full wp-image-15939\" src=\"https:\/\/www.vita-explorers.dk\/blog\/wp-content\/uploads\/2024\/01\/mission-humanitaire-soutien-aux-enfnats-talibes-.png\" alt=\"\" width=\"2542\" height=\"942\" srcset=\"https:\/\/www.vita-explorers.dk\/blog\/wp-content\/uploads\/2024\/01\/mission-humanitaire-soutien-aux-enfnats-talibes-.png 2542w, https:\/\/www.vita-explorers.dk\/blog\/wp-content\/uploads\/2024\/01\/mission-humanitaire-soutien-aux-enfnats-talibes--300x111.png 300w, https:\/\/www.vita-explorers.dk\/blog\/wp-content\/uploads\/2024\/01\/mission-humanitaire-soutien-aux-enfnats-talibes--1024x379.png 1024w, https:\/\/www.vita-explorers.dk\/blog\/wp-content\/uploads\/2024\/01\/mission-humanitaire-soutien-aux-enfnats-talibes--768x285.png 768w, https:\/\/www.vita-explorers.dk\/blog\/wp-content\/uploads\/2024\/01\/mission-humanitaire-soutien-aux-enfnats-talibes--1536x569.png 1536w, https:\/\/www.vita-explorers.dk\/blog\/wp-content\/uploads\/2024\/01\/mission-humanitaire-soutien-aux-enfnats-talibes--2048x759.png 2048w\" sizes=\"(max-width: 2542px) 100vw, 2542px\" \/><\/a><\/p>\n<p class=\"p7\" style=\"text-align: justify;\">Som en del af det l\u00f8bende arbejde for at beskytte talib\u00e9-b\u00f8rn og forbedre deres levevilk\u00e5r mobiliserer teamet ogs\u00e5 v\u00e6sentlige ressourcer inden for <strong><a href=\"https:\/\/www.vita-explorers.dk\/frivilligt-arbejde\/senegal-frivilligt-arbejde-internationalt-ophold\/medicinsk-humanit\u00e6rt-forl\u00f8b-senegal-talib\u00e9-b\u00f8rn-adgang-til-sundhedspleje-afrika.html\" target=\"_blank\" rel=\"noopener\">sundhed<\/a><\/strong>. Projektet har s\u00e6rligt fokus p\u00e5 b\u00f8rnenes helbred og hygiejne, fordi mange \u2013 p\u00e5 grund af deres situation \u2013 ikke har tilstr\u00e6kkelig adgang til sundhedsydelser. Ved at t\u00e6nke uddannelse og sundhed sammen er ambitionen at give talib\u00e9-b\u00f8rn et mere samlet fundament for udvikling og trivsel.<\/p>\n<p class=\"p9\" style=\"text-align: justify;\">Ligesom i Dakar, Senegals hovedstad, gennemf\u00f8rer de lokale teams natlige runder, hvor de hvert \u00e5r finder og hj\u00e6lper hundredvis af drenge, som er l\u00f8bet v\u00e6k og lever p\u00e5 gaden. B\u00f8rnenes situation vurderes grundigt, hvorefter de f\u00f8lges sikkert tilbage \u2013 enten til deres oprindelige daaras eller til deres egne lokalsamfund.<\/p>\n<p class=\"p9\" style=\"text-align: justify;\">Ud over de direkte indsatser \u00f8nsker organisationen ogs\u00e5 at p\u00e5virke rammer og beslutninger samt styrke oplysningen om talib\u00e9-b\u00f8rns situation. For at n\u00e5 disse m\u00e5l opbygger og vedligeholder teamet i Senegal t\u00e6t kontakt til relevante myndigheder og har samtidig s\u00e6rlig opm\u00e6rksomhed p\u00e5 marabouter, som ofte ses som centrale akt\u00f8rer i systemet. Den l\u00f8bende dialog er vigtig for at skabe meningsfulde og holdbare forbedringer for b\u00f8rnenes beskyttelse og trivsel.<\/p>\n<p class=\"p9\" style=\"text-align: justify;\">Hvis du ogs\u00e5 \u00f8nsker at engagere dig og bidrage til bedre levevilk\u00e5r for talib\u00e9-b\u00f8rn i Senegal, er det muligt gennem <a href=\"https:\/\/www.vita-explorers.dk\/association-globalong.html\" target=\"_blank\" rel=\"noopener\"><strong>VITA Institute<\/strong><\/a>. I <a href=\"https:\/\/www.vita-explorers.dk\/frivilligt-arbejde\/senegal-frivilligt-arbejde-internationalt-ophold\/mission-humanitaire-s%C3%A9n%C3%A9gal-enfants-des-rues-talib%C3%A9s.html\" target=\"_blank\" rel=\"noopener\"><strong>Dakar<\/strong><\/a> eller i <a href=\"https:\/\/www.vita-explorers.dk\/frivilligt-arbejde\/senegal-frivilligt-arbejde-internationalt-ophold\/humanitaert-forloeb-senegal-uddannelse-af-talibe-boern-praktik.html\" target=\"_blank\" rel=\"noopener\"><strong>Saint-Louis<\/strong><\/a> kan du deltage i forl\u00f8b inden for uddannelse, sundhed, <a href=\"https:\/\/www.vita-explorers.dk\/frivilligt-arbejde\/senegal-frivilligt-arbejde-internationalt-ophold\/humanitaert-ophold-senegal-talibe-boern-afrika-ngo%20.html\" target=\"_blank\" rel=\"noopener\"><strong>sport<\/strong><\/a> samt udvikling inden for <strong><a href=\"https:\/\/www.vita-explorers.dk\/frivilligt-arbejde\/senegal-frivilligt-arbejde-internationalt-ophold\/humanitaert-ophold-landbrug-landbrugsudvikling-renovering-senegal%20.html\" target=\"_blank\" rel=\"noopener\">landbrug<\/a><\/strong> og <strong><a href=\"https:\/\/www.vita-explorers.dk\/frivilligt-arbejde\/senegal-frivilligt-arbejde-internationalt-ophold\/mission-humanitaire-senegal-afrique-emancipation-economique-ong-talib%C3%A9s.html\" target=\"_blank\" rel=\"noopener\">iv\u00e6rks\u00e6tteri<\/a><\/strong>.<\/p>\n<p><a href=\"https:\/\/www.vita-explorers.dk\/blog\/wp-content\/uploads\/2024\/01\/venir-en-aide-aux-enfants-talibes-en-afrique.png\"><img loading=\"lazy\" decoding=\"async\" class=\"alignnone size-full wp-image-15941\" src=\"https:\/\/www.vita-explorers.dk\/blog\/wp-content\/uploads\/2024\/01\/venir-en-aide-aux-enfants-talibes-en-afrique.png\" alt=\"\" width=\"2542\" height=\"942\" srcset=\"https:\/\/www.vita-explorers.dk\/blog\/wp-content\/uploads\/2024\/01\/venir-en-aide-aux-enfants-talibes-en-afrique.png 2542w, https:\/\/www.vita-explorers.dk\/blog\/wp-content\/uploads\/2024\/01\/venir-en-aide-aux-enfants-talibes-en-afrique-300x111.png 300w, https:\/\/www.vita-explorers.dk\/blog\/wp-content\/uploads\/2024\/01\/venir-en-aide-aux-enfants-talibes-en-afrique-1024x379.png 1024w, https:\/\/www.vita-explorers.dk\/blog\/wp-content\/uploads\/2024\/01\/venir-en-aide-aux-enfants-talibes-en-afrique-768x285.png 768w, https:\/\/www.vita-explorers.dk\/blog\/wp-content\/uploads\/2024\/01\/venir-en-aide-aux-enfants-talibes-en-afrique-1536x569.png 1536w, https:\/\/www.vita-explorers.dk\/blog\/wp-content\/uploads\/2024\/01\/venir-en-aide-aux-enfants-talibes-en-afrique-2048x759.png 2048w\" sizes=\"(max-width: 2542px) 100vw, 2542px\" \/><\/a><\/p>\n<p class=\"p10\" style=\"text-align: center;\"><b>Har du sp\u00f8rgsm\u00e5l eller \u00f8nsker du mere information, er du velkommen til at kontakte os p\u00e5<\/b><a href=\"mailto:info@globalong.com\"><span class=\"s1\"><b>info@globalong.com<\/b><\/span><\/a><\/p>\n<p class=\"p11\" style=\"text-align: center;\"><b>Vil du vide mere om VITA Institute og vores community, s\u00e5 f\u00f8lg med p\u00e5<\/b><a href=\"https:\/\/www.instagram.com\/globalongofficiel\/\"><span class=\"s2\"><b>Instagram<\/b><\/span><\/a><b>, <\/b><a href=\"https:\/\/www.tiktok.com\/@globalong\"><span class=\"s2\"><b>TikTok<\/b><\/span><\/a><b>, <\/b><a href=\"https:\/\/www.facebook.com\/globalong\"><span class=\"s2\"><b>Facebook<\/b><\/span><\/a><b>, <\/b><a href=\"https:\/\/www.linkedin.com\/company\/5113177\/admin\/feed\/posts\/\"><span class=\"s2\"><b>LinkedIn<\/b><\/span><\/a><b> og <\/b><a href=\"https:\/\/www.youtube.com\/c\/globalong\/videos\"><span class=\"s2\"><b>Youtube<\/b><\/span><\/a><b>!<\/b><\/p>\n","protected":false},"excerpt":{"rendered":"<p>Hvem er talib\u00e9-b\u00f8rn? Talib\u00e9-b\u00f8rn, ofte fra udsatte familier i Senegal og andre dele af Vestafrika, betros til koranl\u00e6rere \u2013 marabouter \u2013 for at f\u00e5\u2026<\/p>\n","protected":false},"author":1,"featured_media":15942,"comment_status":"open","ping_status":"open","sticky":false,"template":"","format":"standard","meta":{"footnotes":""},"categories":[1],"tags":[],"yoast_head":"<!-- This site is optimized with the Yoast SEO Premium plugin v23.4 (Yoast SEO v23.4) - https:\/\/yoast.com\/wordpress\/plugins\/seo\/ -->\n<title>Talib\u00e9-b\u00f8rn - VITA Explorers Blog<\/title>\n<meta name=\"description\" content=\"D\u00e9couvrez la r\u00e9alit\u00e9 des enfants talib\u00e9s au S\u00e9n\u00e9gal et en Afrique de l&#039;Ouest. Une tradition d\u00e9tourn\u00e9e qui m\u00e8ne \u00e0 l&#039;exploitation et \u00e0 l&#039;abus.\" \/>\n<meta name=\"robots\" content=\"index, follow, max-snippet:-1, max-image-preview:large, max-video-preview:-1\" \/>\n<link rel=\"canonical\" href=\"https:\/\/www.vita-explorers.dk\/blog\/focus-sur-le-senegal-le-cas-des-enfants-talibes\/\" \/>\n<meta property=\"og:locale\" content=\"da_DK\" \/>\n<meta property=\"og:type\" content=\"article\" \/>\n<meta property=\"og:title\" content=\"Talib\u00e9-b\u00f8rn\" \/>\n<meta property=\"og:description\" content=\"D\u00e9couvrez la r\u00e9alit\u00e9 des enfants talib\u00e9s au S\u00e9n\u00e9gal et en Afrique de l&#039;Ouest. Une tradition d\u00e9tourn\u00e9e qui m\u00e8ne \u00e0 l&#039;exploitation et \u00e0 l&#039;abus.\" \/>\n<meta property=\"og:url\" content=\"https:\/\/www.vita-explorers.dk\/blog\/focus-sur-le-senegal-le-cas-des-enfants-talibes\/\" \/>\n<meta property=\"og:site_name\" content=\"VITA Explorers Blog\" \/>\n<meta property=\"article:publisher\" content=\"https:\/\/www.facebook.com\/globalong\" \/>\n<meta property=\"article:published_time\" content=\"2024-01-16T10:00:48+00:00\" \/>\n<meta property=\"article:modified_time\" content=\"2024-11-21T09:23:49+00:00\" \/>\n<meta property=\"og:image\" content=\"https:\/\/www.vita-explorers.dk\/blog\/wp-content\/uploads\/2024\/01\/mission-humanitaire-senegal-enfants-talibes-1024x715.png\" \/>\n\t<meta property=\"og:image:width\" content=\"1024\" \/>\n\t<meta property=\"og:image:height\" content=\"715\" \/>\n\t<meta property=\"og:image:type\" content=\"image\/png\" \/>\n<meta name=\"author\" content=\"VITA Tribe\" \/>\n<meta name=\"twitter:card\" content=\"summary_large_image\" \/>\n<meta name=\"twitter:label1\" content=\"Skrevet af\" \/>\n\t<meta name=\"twitter:data1\" content=\"VITA Tribe\" \/>\n\t<meta name=\"twitter:label2\" content=\"Estimeret l\u00e6setid\" \/>\n\t<meta name=\"twitter:data2\" content=\"7 minutter\" \/>\n<script type=\"application\/ld+json\" class=\"yoast-schema-graph\">{\"@context\":\"https:\/\/schema.org\",\"@graph\":[{\"@type\":\"Article\",\"@id\":\"https:\/\/www.vita-explorers.dk\/blog\/focus-sur-le-senegal-le-cas-des-enfants-talibes\/#article\",\"isPartOf\":{\"@id\":\"https:\/\/www.vita-explorers.dk\/blog\/focus-sur-le-senegal-le-cas-des-enfants-talibes\/\"},\"author\":{\"name\":\"VITA Tribe\",\"@id\":\"https:\/\/www.vita-explorers.dk\/blog\/#\/schema\/person\/d7df267b64f23018d1dc519e78fb2735\"},\"headline\":\"Talib\u00e9-b\u00f8rn\",\"datePublished\":\"2024-01-16T10:00:48+00:00\",\"dateModified\":\"2024-11-21T09:23:49+00:00\",\"mainEntityOfPage\":{\"@id\":\"https:\/\/www.vita-explorers.dk\/blog\/focus-sur-le-senegal-le-cas-des-enfants-talibes\/\"},\"wordCount\":1060,\"commentCount\":0,\"publisher\":{\"@id\":\"https:\/\/www.vita-explorers.dk\/blog\/#organization\"},\"image\":{\"@id\":\"https:\/\/www.vita-explorers.dk\/blog\/focus-sur-le-senegal-le-cas-des-enfants-talibes\/#primaryimage\"},\"thumbnailUrl\":\"https:\/\/www.vita-explorers.dk\/blog\/wp-content\/uploads\/2024\/01\/mission-humanitaire-senegal-enfants-talibes.png\",\"articleSection\":[\"No Name\"],\"inLanguage\":\"da-DK\",\"potentialAction\":[{\"@type\":\"CommentAction\",\"name\":\"Comment\",\"target\":[\"https:\/\/www.vita-explorers.dk\/blog\/focus-sur-le-senegal-le-cas-des-enfants-talibes\/#respond\"]}]},{\"@type\":\"WebPage\",\"@id\":\"https:\/\/www.vita-explorers.dk\/blog\/focus-sur-le-senegal-le-cas-des-enfants-talibes\/\",\"url\":\"https:\/\/www.vita-explorers.dk\/blog\/focus-sur-le-senegal-le-cas-des-enfants-talibes\/\",\"name\":\"Talib\u00e9-b\u00f8rn - VITA Explorers Blog\",\"isPartOf\":{\"@id\":\"https:\/\/www.vita-explorers.dk\/blog\/#website\"},\"primaryImageOfPage\":{\"@id\":\"https:\/\/www.vita-explorers.dk\/blog\/focus-sur-le-senegal-le-cas-des-enfants-talibes\/#primaryimage\"},\"image\":{\"@id\":\"https:\/\/www.vita-explorers.dk\/blog\/focus-sur-le-senegal-le-cas-des-enfants-talibes\/#primaryimage\"},\"thumbnailUrl\":\"https:\/\/www.vita-explorers.dk\/blog\/wp-content\/uploads\/2024\/01\/mission-humanitaire-senegal-enfants-talibes.png\",\"datePublished\":\"2024-01-16T10:00:48+00:00\",\"dateModified\":\"2024-11-21T09:23:49+00:00\",\"description\":\"D\u00e9couvrez la r\u00e9alit\u00e9 des enfants talib\u00e9s au S\u00e9n\u00e9gal et en Afrique de l'Ouest. Une tradition d\u00e9tourn\u00e9e qui m\u00e8ne \u00e0 l'exploitation et \u00e0 l'abus.\",\"breadcrumb\":{\"@id\":\"https:\/\/www.vita-explorers.dk\/blog\/focus-sur-le-senegal-le-cas-des-enfants-talibes\/#breadcrumb\"},\"inLanguage\":\"da-DK\",\"potentialAction\":[{\"@type\":\"ReadAction\",\"target\":[\"https:\/\/www.vita-explorers.dk\/blog\/focus-sur-le-senegal-le-cas-des-enfants-talibes\/\"]}]},{\"@type\":\"ImageObject\",\"inLanguage\":\"da-DK\",\"@id\":\"https:\/\/www.vita-explorers.dk\/blog\/focus-sur-le-senegal-le-cas-des-enfants-talibes\/#primaryimage\",\"url\":\"https:\/\/www.vita-explorers.dk\/blog\/wp-content\/uploads\/2024\/01\/mission-humanitaire-senegal-enfants-talibes.png\",\"contentUrl\":\"https:\/\/www.vita-explorers.dk\/blog\/wp-content\/uploads\/2024\/01\/mission-humanitaire-senegal-enfants-talibes.png\",\"width\":1338,\"height\":934,\"caption\":\"Comment int\u00e9grer un voyage humanitaire\"},{\"@type\":\"BreadcrumbList\",\"@id\":\"https:\/\/www.vita-explorers.dk\/blog\/focus-sur-le-senegal-le-cas-des-enfants-talibes\/#breadcrumb\",\"itemListElement\":[{\"@type\":\"ListItem\",\"position\":1,\"name\":\"Accueil\",\"item\":\"https:\/\/www.vita-explorers.dk\/blog\/\"},{\"@type\":\"ListItem\",\"position\":2,\"name\":\"Talib\u00e9-b\u00f8rn\"}]},{\"@type\":\"WebSite\",\"@id\":\"https:\/\/www.vita-explorers.dk\/blog\/#website\",\"url\":\"https:\/\/www.vita-explorers.dk\/blog\/\",\"name\":\"Association Globalong\",\"description\":\"Frivilligt arbejde, sprogophold, praktik i udlandet og internationale oplevelser\",\"publisher\":{\"@id\":\"https:\/\/www.vita-explorers.dk\/blog\/#organization\"},\"potentialAction\":[{\"@type\":\"SearchAction\",\"target\":{\"@type\":\"EntryPoint\",\"urlTemplate\":\"https:\/\/www.vita-explorers.dk\/blog\/?s={search_term_string}\"},\"query-input\":{\"@type\":\"PropertyValueSpecification\",\"valueRequired\":true,\"valueName\":\"search_term_string\"}}],\"inLanguage\":\"da-DK\"},{\"@type\":\"Organization\",\"@id\":\"https:\/\/www.vita-explorers.dk\/blog\/#organization\",\"name\":\"Association Globalong\",\"url\":\"https:\/\/www.vita-explorers.dk\/blog\/\",\"logo\":{\"@type\":\"ImageObject\",\"inLanguage\":\"da-DK\",\"@id\":\"https:\/\/www.vita-explorers.dk\/blog\/#\/schema\/logo\/image\/\",\"url\":\"https:\/\/www.globalong.com\/blog\/wp-content\/uploads\/2014\/11\/cropped-cropped-Logo-et-Afrique-Globalong-petite-taille-2.jpg\",\"contentUrl\":\"https:\/\/www.globalong.com\/blog\/wp-content\/uploads\/2014\/11\/cropped-cropped-Logo-et-Afrique-Globalong-petite-taille-2.jpg\",\"width\":512,\"height\":512,\"caption\":\"Association Globalong\"},\"image\":{\"@id\":\"https:\/\/www.vita-explorers.dk\/blog\/#\/schema\/logo\/image\/\"},\"sameAs\":[\"https:\/\/www.facebook.com\/globalong\"]},{\"@type\":\"Person\",\"@id\":\"https:\/\/www.vita-explorers.dk\/blog\/#\/schema\/person\/d7df267b64f23018d1dc519e78fb2735\",\"name\":\"VITA Tribe\",\"image\":{\"@type\":\"ImageObject\",\"inLanguage\":\"da-DK\",\"@id\":\"https:\/\/www.vita-explorers.dk\/blog\/#\/schema\/person\/image\/\",\"url\":\"https:\/\/secure.gravatar.com\/avatar\/81461bcc213d0ff2bdc043d4206648f0?s=96&d=mm&r=g\",\"contentUrl\":\"https:\/\/secure.gravatar.com\/avatar\/81461bcc213d0ff2bdc043d4206648f0?s=96&d=mm&r=g\",\"caption\":\"VITA Tribe\"},\"sameAs\":[\"https:\/\/www.globalong.com\"],\"url\":\"https:\/\/www.vita-explorers.dk\/blog\/author\/sophie\/\"}]}<\/script>\n<!-- \/ Yoast SEO Premium plugin. -->","yoast_head_json":{"title":"Talib\u00e9-b\u00f8rn - VITA Explorers Blog","description":"D\u00e9couvrez la r\u00e9alit\u00e9 des enfants talib\u00e9s au S\u00e9n\u00e9gal et en Afrique de l'Ouest. Une tradition d\u00e9tourn\u00e9e qui m\u00e8ne \u00e0 l'exploitation et \u00e0 l'abus.","robots":{"index":"index","follow":"follow","max-snippet":"max-snippet:-1","max-image-preview":"max-image-preview:large","max-video-preview":"max-video-preview:-1"},"canonical":"https:\/\/www.vita-explorers.dk\/blog\/focus-sur-le-senegal-le-cas-des-enfants-talibes\/","og_locale":"da_DK","og_type":"article","og_title":"Talib\u00e9-b\u00f8rn","og_description":"D\u00e9couvrez la r\u00e9alit\u00e9 des enfants talib\u00e9s au S\u00e9n\u00e9gal et en Afrique de l'Ouest. Une tradition d\u00e9tourn\u00e9e qui m\u00e8ne \u00e0 l'exploitation et \u00e0 l'abus.","og_url":"https:\/\/www.vita-explorers.dk\/blog\/focus-sur-le-senegal-le-cas-des-enfants-talibes\/","og_site_name":"VITA Explorers Blog","article_publisher":"https:\/\/www.facebook.com\/globalong","article_published_time":"2024-01-16T10:00:48+00:00","article_modified_time":"2024-11-21T09:23:49+00:00","og_image":[{"width":1024,"height":715,"url":"https:\/\/www.vita-explorers.dk\/blog\/wp-content\/uploads\/2024\/01\/mission-humanitaire-senegal-enfants-talibes-1024x715.png","type":"image\/png"}],"author":"VITA Tribe","twitter_card":"summary_large_image","twitter_misc":{"Skrevet af":"VITA Tribe","Estimeret l\u00e6setid":"7 minutter"},"schema":{"@context":"https:\/\/schema.org","@graph":[{"@type":"Article","@id":"https:\/\/www.vita-explorers.dk\/blog\/focus-sur-le-senegal-le-cas-des-enfants-talibes\/#article","isPartOf":{"@id":"https:\/\/www.vita-explorers.dk\/blog\/focus-sur-le-senegal-le-cas-des-enfants-talibes\/"},"author":{"name":"VITA Tribe","@id":"https:\/\/www.vita-explorers.dk\/blog\/#\/schema\/person\/d7df267b64f23018d1dc519e78fb2735"},"headline":"Talib\u00e9-b\u00f8rn","datePublished":"2024-01-16T10:00:48+00:00","dateModified":"2024-11-21T09:23:49+00:00","mainEntityOfPage":{"@id":"https:\/\/www.vita-explorers.dk\/blog\/focus-sur-le-senegal-le-cas-des-enfants-talibes\/"},"wordCount":1060,"commentCount":0,"publisher":{"@id":"https:\/\/www.vita-explorers.dk\/blog\/#organization"},"image":{"@id":"https:\/\/www.vita-explorers.dk\/blog\/focus-sur-le-senegal-le-cas-des-enfants-talibes\/#primaryimage"},"thumbnailUrl":"https:\/\/www.vita-explorers.dk\/blog\/wp-content\/uploads\/2024\/01\/mission-humanitaire-senegal-enfants-talibes.png","articleSection":["No Name"],"inLanguage":"da-DK","potentialAction":[{"@type":"CommentAction","name":"Comment","target":["https:\/\/www.vita-explorers.dk\/blog\/focus-sur-le-senegal-le-cas-des-enfants-talibes\/#respond"]}]},{"@type":"WebPage","@id":"https:\/\/www.vita-explorers.dk\/blog\/focus-sur-le-senegal-le-cas-des-enfants-talibes\/","url":"https:\/\/www.vita-explorers.dk\/blog\/focus-sur-le-senegal-le-cas-des-enfants-talibes\/","name":"Talib\u00e9-b\u00f8rn - VITA Explorers Blog","isPartOf":{"@id":"https:\/\/www.vita-explorers.dk\/blog\/#website"},"primaryImageOfPage":{"@id":"https:\/\/www.vita-explorers.dk\/blog\/focus-sur-le-senegal-le-cas-des-enfants-talibes\/#primaryimage"},"image":{"@id":"https:\/\/www.vita-explorers.dk\/blog\/focus-sur-le-senegal-le-cas-des-enfants-talibes\/#primaryimage"},"thumbnailUrl":"https:\/\/www.vita-explorers.dk\/blog\/wp-content\/uploads\/2024\/01\/mission-humanitaire-senegal-enfants-talibes.png","datePublished":"2024-01-16T10:00:48+00:00","dateModified":"2024-11-21T09:23:49+00:00","description":"D\u00e9couvrez la r\u00e9alit\u00e9 des enfants talib\u00e9s au S\u00e9n\u00e9gal et en Afrique de l'Ouest. Une tradition d\u00e9tourn\u00e9e qui m\u00e8ne \u00e0 l'exploitation et \u00e0 l'abus.","breadcrumb":{"@id":"https:\/\/www.vita-explorers.dk\/blog\/focus-sur-le-senegal-le-cas-des-enfants-talibes\/#breadcrumb"},"inLanguage":"da-DK","potentialAction":[{"@type":"ReadAction","target":["https:\/\/www.vita-explorers.dk\/blog\/focus-sur-le-senegal-le-cas-des-enfants-talibes\/"]}]},{"@type":"ImageObject","inLanguage":"da-DK","@id":"https:\/\/www.vita-explorers.dk\/blog\/focus-sur-le-senegal-le-cas-des-enfants-talibes\/#primaryimage","url":"https:\/\/www.vita-explorers.dk\/blog\/wp-content\/uploads\/2024\/01\/mission-humanitaire-senegal-enfants-talibes.png","contentUrl":"https:\/\/www.vita-explorers.dk\/blog\/wp-content\/uploads\/2024\/01\/mission-humanitaire-senegal-enfants-talibes.png","width":1338,"height":934,"caption":"Comment int\u00e9grer un voyage humanitaire"},{"@type":"BreadcrumbList","@id":"https:\/\/www.vita-explorers.dk\/blog\/focus-sur-le-senegal-le-cas-des-enfants-talibes\/#breadcrumb","itemListElement":[{"@type":"ListItem","position":1,"name":"Accueil","item":"https:\/\/www.vita-explorers.dk\/blog\/"},{"@type":"ListItem","position":2,"name":"Talib\u00e9-b\u00f8rn"}]},{"@type":"WebSite","@id":"https:\/\/www.vita-explorers.dk\/blog\/#website","url":"https:\/\/www.vita-explorers.dk\/blog\/","name":"Association Globalong","description":"Frivilligt arbejde, sprogophold, praktik i udlandet og internationale oplevelser","publisher":{"@id":"https:\/\/www.vita-explorers.dk\/blog\/#organization"},"potentialAction":[{"@type":"SearchAction","target":{"@type":"EntryPoint","urlTemplate":"https:\/\/www.vita-explorers.dk\/blog\/?s={search_term_string}"},"query-input":{"@type":"PropertyValueSpecification","valueRequired":true,"valueName":"search_term_string"}}],"inLanguage":"da-DK"},{"@type":"Organization","@id":"https:\/\/www.vita-explorers.dk\/blog\/#organization","name":"Association Globalong","url":"https:\/\/www.vita-explorers.dk\/blog\/","logo":{"@type":"ImageObject","inLanguage":"da-DK","@id":"https:\/\/www.vita-explorers.dk\/blog\/#\/schema\/logo\/image\/","url":"https:\/\/www.globalong.com\/blog\/wp-content\/uploads\/2014\/11\/cropped-cropped-Logo-et-Afrique-Globalong-petite-taille-2.jpg","contentUrl":"https:\/\/www.globalong.com\/blog\/wp-content\/uploads\/2014\/11\/cropped-cropped-Logo-et-Afrique-Globalong-petite-taille-2.jpg","width":512,"height":512,"caption":"Association Globalong"},"image":{"@id":"https:\/\/www.vita-explorers.dk\/blog\/#\/schema\/logo\/image\/"},"sameAs":["https:\/\/www.facebook.com\/globalong"]},{"@type":"Person","@id":"https:\/\/www.vita-explorers.dk\/blog\/#\/schema\/person\/d7df267b64f23018d1dc519e78fb2735","name":"VITA Tribe","image":{"@type":"ImageObject","inLanguage":"da-DK","@id":"https:\/\/www.vita-explorers.dk\/blog\/#\/schema\/person\/image\/","url":"https:\/\/secure.gravatar.com\/avatar\/81461bcc213d0ff2bdc043d4206648f0?s=96&d=mm&r=g","contentUrl":"https:\/\/secure.gravatar.com\/avatar\/81461bcc213d0ff2bdc043d4206648f0?s=96&d=mm&r=g","caption":"VITA Tribe"},"sameAs":["https:\/\/www.globalong.com"],"url":"https:\/\/www.vita-explorers.dk\/blog\/author\/sophie\/"}]}},"_links":{"self":[{"href":"https:\/\/www.vita-explorers.dk\/blog\/wp-json\/wp\/v2\/posts\/15938"}],"collection":[{"href":"https:\/\/www.vita-explorers.dk\/blog\/wp-json\/wp\/v2\/posts"}],"about":[{"href":"https:\/\/www.vita-explorers.dk\/blog\/wp-json\/wp\/v2\/types\/post"}],"author":[{"embeddable":true,"href":"https:\/\/www.vita-explorers.dk\/blog\/wp-json\/wp\/v2\/users\/1"}],"replies":[{"embeddable":true,"href":"https:\/\/www.vita-explorers.dk\/blog\/wp-json\/wp\/v2\/comments?post=15938"}],"version-history":[{"count":7,"href":"https:\/\/www.vita-explorers.dk\/blog\/wp-json\/wp\/v2\/posts\/15938\/revisions"}],"predecessor-version":[{"id":19260,"href":"https:\/\/www.vita-explorers.dk\/blog\/wp-json\/wp\/v2\/posts\/15938\/revisions\/19260"}],"wp:featuredmedia":[{"embeddable":true,"href":"https:\/\/www.vita-explorers.dk\/blog\/wp-json\/wp\/v2\/media\/15942"}],"wp:attachment":[{"href":"https:\/\/www.vita-explorers.dk\/blog\/wp-json\/wp\/v2\/media?parent=15938"}],"wp:term":[{"taxonomy":"category","embeddable":true,"href":"https:\/\/www.vita-explorers.dk\/blog\/wp-json\/wp\/v2\/categories?post=15938"},{"taxonomy":"post_tag","embeddable":true,"href":"https:\/\/www.vita-explorers.dk\/blog\/wp-json\/wp\/v2\/tags?post=15938"}],"curies":[{"name":"wp","href":"https:\/\/api.w.org\/{rel}","templated":true}]}}