{"id":15965,"date":"2024-01-30T15:32:43","date_gmt":"2024-01-30T14:32:43","guid":{"rendered":"https:\/\/www.globalong.com\/blog\/?p=15965"},"modified":"2024-09-25T21:26:24","modified_gmt":"2024-09-25T19:26:24","slug":"sporgsmal-du-bor-stille-dig-selv-for-du-soger-et-humanitaert-forlob","status":"publish","type":"post","link":"https:\/\/www.vita-explorers.dk\/blog\/sporgsmal-du-bor-stille-dig-selv-for-du-soger-et-humanitaert-forlob\/","title":{"rendered":"Ans\u00f8g om et humanit\u00e6rt ophold!"},"content":{"rendered":"<h1 class=\"p1\" style=\"text-align: center;\"><span style=\"font-size: 18pt;\"><strong>At engagere sig i et internationalt, socialt forl\u00f8b<\/strong> er en meningsfuld beslutning, som kr\u00e6ver <strong>grundig forberedelse<\/strong>.<\/span><\/h1>\n<p>\u00a0<\/p>\n<h2 class=\"p1\" style=\"text-align: center;\"><span style=\"font-size: 18pt;\">F\u00f8r du forpligter dig, <strong>er det vigtigt at stille dig selv en r\u00e6kke sp\u00f8rgsm\u00e5l<\/strong> for at sikre, at din indsats bliver s\u00e5 relevant og positiv som muligt.<\/span><\/h2>\n<h3 class=\"p1\" style=\"text-align: center;\"><span style=\"font-size: 12pt;\">I denne artikel f\u00e5r du et grundigt overblik over <strong>de sp\u00f8rgsm\u00e5l, du b\u00f8r stille dig selv, f\u00f8r du sender din ans\u00f8gning til os<\/strong>!<\/span><\/h3>\n<h4><strong>Afklar dine m\u00e5l:<\/strong><\/h4>\n<ul>\n<li>Hvad motiverer mig til at deltage i et internationalt forl\u00f8b?<\/li>\n<li>H\u00e6nger mine motivationer sammen med <a href=\"https:\/\/www.vita-explorers.dk\/engagements-globalong.html\" target=\"_blank\" rel=\"noopener\"><strong>VITA Institutes v\u00e6rdier<\/strong><\/a> ?<\/li>\n<li><span style=\"text-align: justify;\">Har jeg klare m\u00e5l for, hvad jeg \u00f8nsker at bidrage med under opholdet?<\/span><\/li>\n<\/ul>\n<h4 class=\"p1\" style=\"text-align: justify;\"><strong>Vurd\u00e9r dine kompetencer:<\/strong><\/h4>\n<ul>\n<li class=\"p1\" style=\"text-align: justify;\">Hvilke konkrete kompetencer kan jeg bringe i spil i forl\u00f8bet?<\/li>\n<li class=\"p1\" style=\"text-align: justify;\">Har jeg <strong><a href=\"https:\/\/www.vita-explorers.dk\/blog\/de-vigtigste-kvaliteter-hos-en-deltager\/\" target=\"_blank\" rel=\"noopener\">de n\u00f8dvendige kvalifikationer<\/a><\/strong> til at bidrage p\u00e5 en meningsfuld m\u00e5de?<\/li>\n<li class=\"p1\" style=\"text-align: justify;\">Kan jeg hurtigt tilpasse mig varierede opgaver \u2013 ogs\u00e5 n\u00e5r noget \u00e6ndrer sig undervejs?<\/li>\n<\/ul>\n<h4 class=\"p1\" style=\"text-align: justify;\"><strong>Afklar dit sprogniveau:<\/strong><\/h4>\n<ul>\n<li>Har jeg allerede <a href=\"https:\/\/www.vita-explorers.dk\/blog\/selvevaluering-de-6-sprogniveauer-fra-europaradet\/\" target=\"_blank\" rel=\"noopener\"><strong>testet mit pr\u00e6cise sprogniveau<\/strong><\/a> ?<\/li>\n<li>Har jeg det n\u00f8dvendige niveau i engelsk til et forl\u00f8b i Afrika, Amerika, Asien eller Oceanien?<\/li>\n<li>Har jeg det n\u00f8dvendige niveau i spansk til et forl\u00f8b i Latinamerika?<\/li>\n<\/ul>\n<h4 class=\"p1\" style=\"text-align: justify;\"><strong>Kend din tilg\u00e6ngelighed:<\/strong><\/h4>\n<ul>\n<li class=\"p1\" style=\"text-align: justify;\">Hvor l\u00e6nge kan jeg forpligte mig til opholdet?<\/li>\n<li class=\"p1\" style=\"text-align: justify;\">Har jeg nok fleksibilitet til at h\u00e5ndtere eventuelle \u00e6ndringer?<\/li>\n<li class=\"p1\" style=\"text-align: justify;\">Matcher min tilg\u00e6ngelighed forl\u00f8bets konkrete behov?<\/li>\n<\/ul>\n<h4 class=\"p1\" style=\"text-align: justify;\"><strong>Kunne finde de \u00f8konomiske ressourcer:<\/strong><\/h4>\n<ul>\n<li class=\"p1\" style=\"text-align: justify;\">Er jeg i stand til at <a href=\"https:\/\/www.vita-explorers.dk\/blog\/indsamling-af-fonde-fordelene-ved-en-online-indsamling\/\" target=\"_blank\" rel=\"noopener\"><strong>igangs\u00e6tte en indsamling<\/strong><\/a> ?<\/li>\n<li class=\"p1\" style=\"text-align: justify;\">Hvis ikke, har jeg s\u00e5 <a href=\"https:\/\/www.vita-explorers.dk\/tarifs.html\" target=\"_blank\" rel=\"noopener\"><strong>de n\u00f8dvendige \u00f8konomiske midler<\/strong><\/a> til at d\u00e6kke transport, ophold og andre udgifter i forbindelse med forl\u00f8bet?<\/li>\n<li class=\"p1\" style=\"text-align: justify;\">Har jeg taget h\u00f8jde for eventuelle private omkostninger ved min deltagelse?<\/li>\n<\/ul>\n<h4 class=\"p1\" style=\"text-align: justify;\"><strong>F\u00e5 det til at h\u00e6nge sammen med familie og\/eller arbejde:<\/strong><\/h4>\n<ul>\n<li class=\"p1\" style=\"text-align: justify;\">Hvordan p\u00e5virker min deltagelse mine forpligtelser over for familie og arbejde?<\/li>\n<li class=\"p1\" style=\"text-align: justify;\">Har jeg kommunikeret tydeligt med min familie <strong><a href=\"https:\/\/www.vita-explorers.dk\/blog\/dossiers-vita-ekstra-information-gode-rad-forskelle-sporgsmal-praktik-sprog-internationale-forlob-frivilligt-arbejde-sprogophold-udlandsophold-humanitaert-arbejde-projekt-sabbat\u00e5r\/conge-solidarite-internationale-stage-association-globalong\/\" target=\"_blank\" rel=\"noopener\">og min arbejdsplads<\/a><\/strong> om beslutningen og de mulige konsekvenser?<\/li>\n<\/ul>\n<h4 class=\"p1\" style=\"text-align: justify;\"><strong>Tilpas dig et nyt milj\u00f8:<\/strong><\/h4>\n<ul>\n<li class=\"p1\" style=\"text-align: justify;\">Er jeg klar til at tilpasse mig leve- og arbejdsvilk\u00e5r, der indimellem kan v\u00e6re udfordrende?<\/li>\n<li class=\"p1\" style=\"text-align: justify;\">Hvordan vil jeg h\u00e5ndtere stress og usikkerhed, som kan f\u00f8lge med internationale forl\u00f8b?<\/li>\n<\/ul>\n<h4 class=\"p1\" style=\"text-align: justify;\"><strong>Tilpas dig en ny kultur:<\/strong><\/h4>\n<ul>\n<li class=\"p1\" style=\"text-align: justify;\">Kan jeg s\u00e6tte mig ind i lokal kultur og sociale normer i omr\u00e5det, hvor opholdet foreg\u00e5r?<\/li>\n<li class=\"p1\" style=\"text-align: justify;\">Hvordan sikrer jeg, at jeg m\u00f8der lokale skikke med respekt og forst\u00e5else?<\/li>\n<\/ul>\n<h4 class=\"p1\" style=\"text-align: justify;\"><strong>Trives i f\u00e6llesskab og arbejde i team:<\/strong><\/h4>\n<ul>\n<li class=\"p1\" style=\"text-align: justify;\">Er jeg klar til at arbejde t\u00e6t sammen med andre deltagere, som jeg ikke kender, og som kommer fra forskellige lande?<\/li>\n<li class=\"p1\" style=\"text-align: justify;\">Hvordan kan jeg bidrage til et positivt og effektivt arbejdsmilj\u00f8?<\/li>\n<\/ul>\n<h4 class=\"p1\" style=\"text-align: justify;\"><strong>Have fulgt relevant forberedelse:<\/strong><\/h4>\n<ul>\n<li class=\"p1\" style=\"text-align: justify;\">Har jeg gennemf\u00f8rt den n\u00f8dvendige forberedelse, f\u00f8r jeg tager afsted?<\/li>\n<li class=\"p1\" style=\"text-align: justify;\">Er jeg klar til at l\u00e6re mere og holde mig opdateret inden afrejse, s\u00e5 jeg kan bidrage bedst muligt?<\/li>\n<\/ul>\n<p class=\"p1\" style=\"text-align: justify;\">Vi anbefaler, at du dr\u00f8fter sp\u00f8rgsm\u00e5lene med <a href=\"https:\/\/www.vita-explorers.dk\/apropos.html\" target=\"_blank\" rel=\"noopener\"><strong>erfarne fagfolk hos VITA Institute<\/strong><\/a>, s\u00f8ger sparring hos tidligere deltagere og deltager i relevante forberedelser, s\u00e5 du f\u00e5r et realistisk indblik i hverdagen, f\u00f8r du forpligter dig.<\/p>\n<h4 class=\"p3\" style=\"text-align: center;\"><b>Har du sp\u00f8rgsm\u00e5l, er du altid velkommen til at kontakte os p\u00e5 <\/b><a href=\"mailto:info@globalong.com\"><span class=\"s2\"><b>info@globalong.com<\/b><\/span><\/a><\/h4>\n<h5 class=\"p3\" style=\"text-align: center;\"><span style=\"font-size: 12pt;\">Du kan ogs\u00e5 booke en telefonsamtale med vores team \u2013 <a href=\"https:\/\/appt.link\/meet-with-globalong\"><span class=\"s3\"><b>klik her for at se ledige tider<\/b><\/span><\/a><span class=\"s4\"><b>\u00a0og booke et tidspunkt.\u00a0<\/b><\/span><\/span><\/h5>\n<h6 class=\"p3\" style=\"text-align: center;\"><span style=\"font-size: 12pt;\"><b>Vil du h\u00f8re mere om VITA Institute og vores community, s\u00e5 f\u00f8lg med p\u00e5\u00a0<\/b><a href=\"https:\/\/www.instagram.com\/globalongofficiel\/\"><span class=\"s2\"><b>Instagram<\/b><\/span><\/a><b>,\u00a0<\/b><a href=\"https:\/\/www.tiktok.com\/@globalong\"><span class=\"s2\"><b>TikTok<\/b><\/span><\/a><b>,\u00a0<\/b><a href=\"https:\/\/www.facebook.com\/globalong\"><span class=\"s2\"><b>Facebook<\/b><\/span><\/a><b>,\u00a0<\/b><a href=\"https:\/\/www.linkedin.com\/company\/5113177\/admin\/feed\/posts\/\"><span class=\"s2\"><b>LinkedIn<\/b><\/span><\/a><b>\u00a0og\u00a0<\/b><a href=\"https:\/\/www.youtube.com\/c\/globalong\/videos\"><span class=\"s2\"><b>Youtube<\/b><\/span><\/a><b>\u00a0!\u00a0<\/b><\/span><\/h6>\n<p><a href=\"https:\/\/www.vita-explorers.dk\/blog\/wp-content\/uploads\/2024\/01\/Les-questions-a-se-poser-avant-de-candidater-a-une-mission-humanitaire-.png\" target=\"_blank\" rel=\"noopener\"><img loading=\"lazy\" decoding=\"async\" class=\"aligncenter wp-image-15972 size-full\" src=\"https:\/\/www.vita-explorers.dk\/blog\/wp-content\/uploads\/2024\/01\/Les-questions-a-se-poser-avant-de-candidater-a-une-mission-humanitaire-.png\" alt=\"\" width=\"1260\" height=\"936\" srcset=\"https:\/\/www.vita-explorers.dk\/blog\/wp-content\/uploads\/2024\/01\/Les-questions-a-se-poser-avant-de-candidater-a-une-mission-humanitaire-.png 1260w, https:\/\/www.vita-explorers.dk\/blog\/wp-content\/uploads\/2024\/01\/Les-questions-a-se-poser-avant-de-candidater-a-une-mission-humanitaire--300x223.png 300w, https:\/\/www.vita-explorers.dk\/blog\/wp-content\/uploads\/2024\/01\/Les-questions-a-se-poser-avant-de-candidater-a-une-mission-humanitaire--1024x761.png 1024w, https:\/\/www.vita-explorers.dk\/blog\/wp-content\/uploads\/2024\/01\/Les-questions-a-se-poser-avant-de-candidater-a-une-mission-humanitaire--768x571.png 768w\" sizes=\"(max-width: 1260px) 100vw, 1260px\" \/><\/a><\/p>\n","protected":false},"excerpt":{"rendered":"<p>At engagere sig i et internationalt, socialt forl\u00f8b er en meningsfuld beslutning, som kr\u00e6ver grundig forberedelse. \u00a0 F\u00f8r du forpligter dig, er det vigtigt\u2026<\/p>\n","protected":false},"author":1,"featured_media":15972,"comment_status":"open","ping_status":"open","sticky":false,"template":"","format":"standard","meta":{"footnotes":""},"categories":[1],"tags":[],"yoast_head":"<!-- This site is optimized with the Yoast SEO Premium plugin v23.4 (Yoast SEO v23.4) - https:\/\/yoast.com\/wordpress\/plugins\/seo\/ -->\n<title>Ans\u00f8g om et humanit\u00e6rt ophold! - VITA Explorers Blog<\/title>\n<meta name=\"description\" content=\"D\u00e9couvrez comment candidater \u00e0 une mission humanitaire et \u00e9valuer votre motivation, vos comp\u00e9tences et votre disponibilit\u00e9.\" \/>\n<meta name=\"robots\" content=\"index, follow, max-snippet:-1, max-image-preview:large, max-video-preview:-1\" \/>\n<link rel=\"canonical\" href=\"https:\/\/www.vita-explorers.dk\/blog\/sporgsmal-du-bor-stille-dig-selv-for-du-soger-et-humanitaert-forlob\/\" \/>\n<meta property=\"og:locale\" content=\"da_DK\" \/>\n<meta property=\"og:type\" content=\"article\" \/>\n<meta property=\"og:title\" content=\"Ans\u00f8g om et humanit\u00e6rt ophold!\" \/>\n<meta property=\"og:description\" content=\"D\u00e9couvrez comment candidater \u00e0 une mission humanitaire et \u00e9valuer votre motivation, vos comp\u00e9tences et votre disponibilit\u00e9.\" \/>\n<meta property=\"og:url\" content=\"https:\/\/www.vita-explorers.dk\/blog\/sporgsmal-du-bor-stille-dig-selv-for-du-soger-et-humanitaert-forlob\/\" \/>\n<meta property=\"og:site_name\" content=\"VITA Explorers Blog\" \/>\n<meta property=\"article:publisher\" content=\"https:\/\/www.facebook.com\/globalong\" \/>\n<meta property=\"article:published_time\" content=\"2024-01-30T14:32:43+00:00\" \/>\n<meta property=\"article:modified_time\" content=\"2024-09-25T19:26:24+00:00\" \/>\n<meta property=\"og:image\" content=\"https:\/\/www.vita-explorers.dk\/blog\/wp-content\/uploads\/2024\/01\/Les-questions-a-se-poser-avant-de-candidater-a-une-mission-humanitaire-.png\" \/>\n\t<meta property=\"og:image:width\" content=\"1260\" \/>\n\t<meta property=\"og:image:height\" content=\"936\" \/>\n\t<meta property=\"og:image:type\" content=\"image\/png\" \/>\n<meta name=\"author\" content=\"VITA Tribe\" \/>\n<meta name=\"twitter:card\" content=\"summary_large_image\" \/>\n<meta name=\"twitter:label1\" content=\"Skrevet af\" \/>\n\t<meta name=\"twitter:data1\" content=\"VITA Tribe\" \/>\n\t<meta name=\"twitter:label2\" content=\"Estimeret l\u00e6setid\" \/>\n\t<meta name=\"twitter:data2\" content=\"4 minutter\" \/>\n<script type=\"application\/ld+json\" class=\"yoast-schema-graph\">{\"@context\":\"https:\/\/schema.org\",\"@graph\":[{\"@type\":\"Article\",\"@id\":\"https:\/\/www.vita-explorers.dk\/blog\/sporgsmal-du-bor-stille-dig-selv-for-du-soger-et-humanitaert-forlob\/#article\",\"isPartOf\":{\"@id\":\"https:\/\/www.vita-explorers.dk\/blog\/sporgsmal-du-bor-stille-dig-selv-for-du-soger-et-humanitaert-forlob\/\"},\"author\":{\"name\":\"VITA Tribe\",\"@id\":\"https:\/\/www.vita-explorers.dk\/blog\/#\/schema\/person\/d7df267b64f23018d1dc519e78fb2735\"},\"headline\":\"Ans\u00f8g om et humanit\u00e6rt ophold!\",\"datePublished\":\"2024-01-30T14:32:43+00:00\",\"dateModified\":\"2024-09-25T19:26:24+00:00\",\"mainEntityOfPage\":{\"@id\":\"https:\/\/www.vita-explorers.dk\/blog\/sporgsmal-du-bor-stille-dig-selv-for-du-soger-et-humanitaert-forlob\/\"},\"wordCount\":584,\"commentCount\":0,\"publisher\":{\"@id\":\"https:\/\/www.vita-explorers.dk\/blog\/#organization\"},\"image\":{\"@id\":\"https:\/\/www.vita-explorers.dk\/blog\/sporgsmal-du-bor-stille-dig-selv-for-du-soger-et-humanitaert-forlob\/#primaryimage\"},\"thumbnailUrl\":\"https:\/\/www.vita-explorers.dk\/blog\/wp-content\/uploads\/2024\/01\/Les-questions-a-se-poser-avant-de-candidater-a-une-mission-humanitaire-.png\",\"articleSection\":[\"No Name\"],\"inLanguage\":\"da-DK\",\"potentialAction\":[{\"@type\":\"CommentAction\",\"name\":\"Comment\",\"target\":[\"https:\/\/www.vita-explorers.dk\/blog\/sporgsmal-du-bor-stille-dig-selv-for-du-soger-et-humanitaert-forlob\/#respond\"]}]},{\"@type\":\"WebPage\",\"@id\":\"https:\/\/www.vita-explorers.dk\/blog\/sporgsmal-du-bor-stille-dig-selv-for-du-soger-et-humanitaert-forlob\/\",\"url\":\"https:\/\/www.vita-explorers.dk\/blog\/sporgsmal-du-bor-stille-dig-selv-for-du-soger-et-humanitaert-forlob\/\",\"name\":\"Ans\u00f8g om et humanit\u00e6rt ophold! - VITA Explorers Blog\",\"isPartOf\":{\"@id\":\"https:\/\/www.vita-explorers.dk\/blog\/#website\"},\"primaryImageOfPage\":{\"@id\":\"https:\/\/www.vita-explorers.dk\/blog\/sporgsmal-du-bor-stille-dig-selv-for-du-soger-et-humanitaert-forlob\/#primaryimage\"},\"image\":{\"@id\":\"https:\/\/www.vita-explorers.dk\/blog\/sporgsmal-du-bor-stille-dig-selv-for-du-soger-et-humanitaert-forlob\/#primaryimage\"},\"thumbnailUrl\":\"https:\/\/www.vita-explorers.dk\/blog\/wp-content\/uploads\/2024\/01\/Les-questions-a-se-poser-avant-de-candidater-a-une-mission-humanitaire-.png\",\"datePublished\":\"2024-01-30T14:32:43+00:00\",\"dateModified\":\"2024-09-25T19:26:24+00:00\",\"description\":\"D\u00e9couvrez comment candidater \u00e0 une mission humanitaire et \u00e9valuer votre motivation, vos comp\u00e9tences et votre disponibilit\u00e9.\",\"breadcrumb\":{\"@id\":\"https:\/\/www.vita-explorers.dk\/blog\/sporgsmal-du-bor-stille-dig-selv-for-du-soger-et-humanitaert-forlob\/#breadcrumb\"},\"inLanguage\":\"da-DK\",\"potentialAction\":[{\"@type\":\"ReadAction\",\"target\":[\"https:\/\/www.vita-explorers.dk\/blog\/sporgsmal-du-bor-stille-dig-selv-for-du-soger-et-humanitaert-forlob\/\"]}]},{\"@type\":\"ImageObject\",\"inLanguage\":\"da-DK\",\"@id\":\"https:\/\/www.vita-explorers.dk\/blog\/sporgsmal-du-bor-stille-dig-selv-for-du-soger-et-humanitaert-forlob\/#primaryimage\",\"url\":\"https:\/\/www.vita-explorers.dk\/blog\/wp-content\/uploads\/2024\/01\/Les-questions-a-se-poser-avant-de-candidater-a-une-mission-humanitaire-.png\",\"contentUrl\":\"https:\/\/www.vita-explorers.dk\/blog\/wp-content\/uploads\/2024\/01\/Les-questions-a-se-poser-avant-de-candidater-a-une-mission-humanitaire-.png\",\"width\":1260,\"height\":936,\"caption\":\"faire du b\u00e9n\u00e9volat \u00e0 l'\u00e9tranger\"},{\"@type\":\"BreadcrumbList\",\"@id\":\"https:\/\/www.vita-explorers.dk\/blog\/sporgsmal-du-bor-stille-dig-selv-for-du-soger-et-humanitaert-forlob\/#breadcrumb\",\"itemListElement\":[{\"@type\":\"ListItem\",\"position\":1,\"name\":\"Accueil\",\"item\":\"https:\/\/www.vita-explorers.dk\/blog\/\"},{\"@type\":\"ListItem\",\"position\":2,\"name\":\"Ans\u00f8g om et humanit\u00e6rt ophold!\"}]},{\"@type\":\"WebSite\",\"@id\":\"https:\/\/www.vita-explorers.dk\/blog\/#website\",\"url\":\"https:\/\/www.vita-explorers.dk\/blog\/\",\"name\":\"Association Globalong\",\"description\":\"Frivilligt arbejde, sprogophold, praktik i udlandet og internationale oplevelser\",\"publisher\":{\"@id\":\"https:\/\/www.vita-explorers.dk\/blog\/#organization\"},\"potentialAction\":[{\"@type\":\"SearchAction\",\"target\":{\"@type\":\"EntryPoint\",\"urlTemplate\":\"https:\/\/www.vita-explorers.dk\/blog\/?s={search_term_string}\"},\"query-input\":{\"@type\":\"PropertyValueSpecification\",\"valueRequired\":true,\"valueName\":\"search_term_string\"}}],\"inLanguage\":\"da-DK\"},{\"@type\":\"Organization\",\"@id\":\"https:\/\/www.vita-explorers.dk\/blog\/#organization\",\"name\":\"Association Globalong\",\"url\":\"https:\/\/www.vita-explorers.dk\/blog\/\",\"logo\":{\"@type\":\"ImageObject\",\"inLanguage\":\"da-DK\",\"@id\":\"https:\/\/www.vita-explorers.dk\/blog\/#\/schema\/logo\/image\/\",\"url\":\"https:\/\/www.globalong.com\/blog\/wp-content\/uploads\/2014\/11\/cropped-cropped-Logo-et-Afrique-Globalong-petite-taille-2.jpg\",\"contentUrl\":\"https:\/\/www.globalong.com\/blog\/wp-content\/uploads\/2014\/11\/cropped-cropped-Logo-et-Afrique-Globalong-petite-taille-2.jpg\",\"width\":512,\"height\":512,\"caption\":\"Association Globalong\"},\"image\":{\"@id\":\"https:\/\/www.vita-explorers.dk\/blog\/#\/schema\/logo\/image\/\"},\"sameAs\":[\"https:\/\/www.facebook.com\/globalong\"]},{\"@type\":\"Person\",\"@id\":\"https:\/\/www.vita-explorers.dk\/blog\/#\/schema\/person\/d7df267b64f23018d1dc519e78fb2735\",\"name\":\"VITA Tribe\",\"image\":{\"@type\":\"ImageObject\",\"inLanguage\":\"da-DK\",\"@id\":\"https:\/\/www.vita-explorers.dk\/blog\/#\/schema\/person\/image\/\",\"url\":\"https:\/\/secure.gravatar.com\/avatar\/81461bcc213d0ff2bdc043d4206648f0?s=96&d=mm&r=g\",\"contentUrl\":\"https:\/\/secure.gravatar.com\/avatar\/81461bcc213d0ff2bdc043d4206648f0?s=96&d=mm&r=g\",\"caption\":\"VITA Tribe\"},\"sameAs\":[\"https:\/\/www.globalong.com\"],\"url\":\"https:\/\/www.vita-explorers.dk\/blog\/author\/sophie\/\"}]}<\/script>\n<!-- \/ Yoast SEO Premium plugin. -->","yoast_head_json":{"title":"Ans\u00f8g om et humanit\u00e6rt ophold! - VITA Explorers Blog","description":"D\u00e9couvrez comment candidater \u00e0 une mission humanitaire et \u00e9valuer votre motivation, vos comp\u00e9tences et votre disponibilit\u00e9.","robots":{"index":"index","follow":"follow","max-snippet":"max-snippet:-1","max-image-preview":"max-image-preview:large","max-video-preview":"max-video-preview:-1"},"canonical":"https:\/\/www.vita-explorers.dk\/blog\/sporgsmal-du-bor-stille-dig-selv-for-du-soger-et-humanitaert-forlob\/","og_locale":"da_DK","og_type":"article","og_title":"Ans\u00f8g om et humanit\u00e6rt ophold!","og_description":"D\u00e9couvrez comment candidater \u00e0 une mission humanitaire et \u00e9valuer votre motivation, vos comp\u00e9tences et votre disponibilit\u00e9.","og_url":"https:\/\/www.vita-explorers.dk\/blog\/sporgsmal-du-bor-stille-dig-selv-for-du-soger-et-humanitaert-forlob\/","og_site_name":"VITA Explorers Blog","article_publisher":"https:\/\/www.facebook.com\/globalong","article_published_time":"2024-01-30T14:32:43+00:00","article_modified_time":"2024-09-25T19:26:24+00:00","og_image":[{"width":1260,"height":936,"url":"https:\/\/www.vita-explorers.dk\/blog\/wp-content\/uploads\/2024\/01\/Les-questions-a-se-poser-avant-de-candidater-a-une-mission-humanitaire-.png","type":"image\/png"}],"author":"VITA Tribe","twitter_card":"summary_large_image","twitter_misc":{"Skrevet af":"VITA Tribe","Estimeret l\u00e6setid":"4 minutter"},"schema":{"@context":"https:\/\/schema.org","@graph":[{"@type":"Article","@id":"https:\/\/www.vita-explorers.dk\/blog\/sporgsmal-du-bor-stille-dig-selv-for-du-soger-et-humanitaert-forlob\/#article","isPartOf":{"@id":"https:\/\/www.vita-explorers.dk\/blog\/sporgsmal-du-bor-stille-dig-selv-for-du-soger-et-humanitaert-forlob\/"},"author":{"name":"VITA Tribe","@id":"https:\/\/www.vita-explorers.dk\/blog\/#\/schema\/person\/d7df267b64f23018d1dc519e78fb2735"},"headline":"Ans\u00f8g om et humanit\u00e6rt ophold!","datePublished":"2024-01-30T14:32:43+00:00","dateModified":"2024-09-25T19:26:24+00:00","mainEntityOfPage":{"@id":"https:\/\/www.vita-explorers.dk\/blog\/sporgsmal-du-bor-stille-dig-selv-for-du-soger-et-humanitaert-forlob\/"},"wordCount":584,"commentCount":0,"publisher":{"@id":"https:\/\/www.vita-explorers.dk\/blog\/#organization"},"image":{"@id":"https:\/\/www.vita-explorers.dk\/blog\/sporgsmal-du-bor-stille-dig-selv-for-du-soger-et-humanitaert-forlob\/#primaryimage"},"thumbnailUrl":"https:\/\/www.vita-explorers.dk\/blog\/wp-content\/uploads\/2024\/01\/Les-questions-a-se-poser-avant-de-candidater-a-une-mission-humanitaire-.png","articleSection":["No Name"],"inLanguage":"da-DK","potentialAction":[{"@type":"CommentAction","name":"Comment","target":["https:\/\/www.vita-explorers.dk\/blog\/sporgsmal-du-bor-stille-dig-selv-for-du-soger-et-humanitaert-forlob\/#respond"]}]},{"@type":"WebPage","@id":"https:\/\/www.vita-explorers.dk\/blog\/sporgsmal-du-bor-stille-dig-selv-for-du-soger-et-humanitaert-forlob\/","url":"https:\/\/www.vita-explorers.dk\/blog\/sporgsmal-du-bor-stille-dig-selv-for-du-soger-et-humanitaert-forlob\/","name":"Ans\u00f8g om et humanit\u00e6rt ophold! - VITA Explorers Blog","isPartOf":{"@id":"https:\/\/www.vita-explorers.dk\/blog\/#website"},"primaryImageOfPage":{"@id":"https:\/\/www.vita-explorers.dk\/blog\/sporgsmal-du-bor-stille-dig-selv-for-du-soger-et-humanitaert-forlob\/#primaryimage"},"image":{"@id":"https:\/\/www.vita-explorers.dk\/blog\/sporgsmal-du-bor-stille-dig-selv-for-du-soger-et-humanitaert-forlob\/#primaryimage"},"thumbnailUrl":"https:\/\/www.vita-explorers.dk\/blog\/wp-content\/uploads\/2024\/01\/Les-questions-a-se-poser-avant-de-candidater-a-une-mission-humanitaire-.png","datePublished":"2024-01-30T14:32:43+00:00","dateModified":"2024-09-25T19:26:24+00:00","description":"D\u00e9couvrez comment candidater \u00e0 une mission humanitaire et \u00e9valuer votre motivation, vos comp\u00e9tences et votre disponibilit\u00e9.","breadcrumb":{"@id":"https:\/\/www.vita-explorers.dk\/blog\/sporgsmal-du-bor-stille-dig-selv-for-du-soger-et-humanitaert-forlob\/#breadcrumb"},"inLanguage":"da-DK","potentialAction":[{"@type":"ReadAction","target":["https:\/\/www.vita-explorers.dk\/blog\/sporgsmal-du-bor-stille-dig-selv-for-du-soger-et-humanitaert-forlob\/"]}]},{"@type":"ImageObject","inLanguage":"da-DK","@id":"https:\/\/www.vita-explorers.dk\/blog\/sporgsmal-du-bor-stille-dig-selv-for-du-soger-et-humanitaert-forlob\/#primaryimage","url":"https:\/\/www.vita-explorers.dk\/blog\/wp-content\/uploads\/2024\/01\/Les-questions-a-se-poser-avant-de-candidater-a-une-mission-humanitaire-.png","contentUrl":"https:\/\/www.vita-explorers.dk\/blog\/wp-content\/uploads\/2024\/01\/Les-questions-a-se-poser-avant-de-candidater-a-une-mission-humanitaire-.png","width":1260,"height":936,"caption":"faire du b\u00e9n\u00e9volat \u00e0 l'\u00e9tranger"},{"@type":"BreadcrumbList","@id":"https:\/\/www.vita-explorers.dk\/blog\/sporgsmal-du-bor-stille-dig-selv-for-du-soger-et-humanitaert-forlob\/#breadcrumb","itemListElement":[{"@type":"ListItem","position":1,"name":"Accueil","item":"https:\/\/www.vita-explorers.dk\/blog\/"},{"@type":"ListItem","position":2,"name":"Ans\u00f8g om et humanit\u00e6rt ophold!"}]},{"@type":"WebSite","@id":"https:\/\/www.vita-explorers.dk\/blog\/#website","url":"https:\/\/www.vita-explorers.dk\/blog\/","name":"Association Globalong","description":"Frivilligt arbejde, sprogophold, praktik i udlandet og internationale oplevelser","publisher":{"@id":"https:\/\/www.vita-explorers.dk\/blog\/#organization"},"potentialAction":[{"@type":"SearchAction","target":{"@type":"EntryPoint","urlTemplate":"https:\/\/www.vita-explorers.dk\/blog\/?s={search_term_string}"},"query-input":{"@type":"PropertyValueSpecification","valueRequired":true,"valueName":"search_term_string"}}],"inLanguage":"da-DK"},{"@type":"Organization","@id":"https:\/\/www.vita-explorers.dk\/blog\/#organization","name":"Association Globalong","url":"https:\/\/www.vita-explorers.dk\/blog\/","logo":{"@type":"ImageObject","inLanguage":"da-DK","@id":"https:\/\/www.vita-explorers.dk\/blog\/#\/schema\/logo\/image\/","url":"https:\/\/www.globalong.com\/blog\/wp-content\/uploads\/2014\/11\/cropped-cropped-Logo-et-Afrique-Globalong-petite-taille-2.jpg","contentUrl":"https:\/\/www.globalong.com\/blog\/wp-content\/uploads\/2014\/11\/cropped-cropped-Logo-et-Afrique-Globalong-petite-taille-2.jpg","width":512,"height":512,"caption":"Association Globalong"},"image":{"@id":"https:\/\/www.vita-explorers.dk\/blog\/#\/schema\/logo\/image\/"},"sameAs":["https:\/\/www.facebook.com\/globalong"]},{"@type":"Person","@id":"https:\/\/www.vita-explorers.dk\/blog\/#\/schema\/person\/d7df267b64f23018d1dc519e78fb2735","name":"VITA Tribe","image":{"@type":"ImageObject","inLanguage":"da-DK","@id":"https:\/\/www.vita-explorers.dk\/blog\/#\/schema\/person\/image\/","url":"https:\/\/secure.gravatar.com\/avatar\/81461bcc213d0ff2bdc043d4206648f0?s=96&d=mm&r=g","contentUrl":"https:\/\/secure.gravatar.com\/avatar\/81461bcc213d0ff2bdc043d4206648f0?s=96&d=mm&r=g","caption":"VITA Tribe"},"sameAs":["https:\/\/www.globalong.com"],"url":"https:\/\/www.vita-explorers.dk\/blog\/author\/sophie\/"}]}},"_links":{"self":[{"href":"https:\/\/www.vita-explorers.dk\/blog\/wp-json\/wp\/v2\/posts\/15965"}],"collection":[{"href":"https:\/\/www.vita-explorers.dk\/blog\/wp-json\/wp\/v2\/posts"}],"about":[{"href":"https:\/\/www.vita-explorers.dk\/blog\/wp-json\/wp\/v2\/types\/post"}],"author":[{"embeddable":true,"href":"https:\/\/www.vita-explorers.dk\/blog\/wp-json\/wp\/v2\/users\/1"}],"replies":[{"embeddable":true,"href":"https:\/\/www.vita-explorers.dk\/blog\/wp-json\/wp\/v2\/comments?post=15965"}],"version-history":[{"count":13,"href":"https:\/\/www.vita-explorers.dk\/blog\/wp-json\/wp\/v2\/posts\/15965\/revisions"}],"predecessor-version":[{"id":22216,"href":"https:\/\/www.vita-explorers.dk\/blog\/wp-json\/wp\/v2\/posts\/15965\/revisions\/22216"}],"wp:featuredmedia":[{"embeddable":true,"href":"https:\/\/www.vita-explorers.dk\/blog\/wp-json\/wp\/v2\/media\/15972"}],"wp:attachment":[{"href":"https:\/\/www.vita-explorers.dk\/blog\/wp-json\/wp\/v2\/media?parent=15965"}],"wp:term":[{"taxonomy":"category","embeddable":true,"href":"https:\/\/www.vita-explorers.dk\/blog\/wp-json\/wp\/v2\/categories?post=15965"},{"taxonomy":"post_tag","embeddable":true,"href":"https:\/\/www.vita-explorers.dk\/blog\/wp-json\/wp\/v2\/tags?post=15965"}],"curies":[{"name":"wp","href":"https:\/\/api.w.org\/{rel}","templated":true}]}}