{"id":15989,"date":"2024-02-23T12:00:20","date_gmt":"2024-02-23T11:00:20","guid":{"rendered":"https:\/\/www.globalong.com\/blog\/?p=15989"},"modified":"2024-10-25T16:51:27","modified_gmt":"2024-10-25T14:51:27","slug":"en-bts-klasse-i-analyse-ledelse-og-strategi-for-landbrugsvirksomheder-engagerer-sig-i-senegal","status":"publish","type":"post","link":"https:\/\/www.vita-explorers.dk\/blog\/en-bts-klasse-i-analyse-ledelse-og-strategi-for-landbrugsvirksomheder-engagerer-sig-i-senegal\/","title":{"rendered":"18 landbrugsstuderende fra en erhvervsuddannelse engagerer sig i Senegal!"},"content":{"rendered":"<h1 style=\"text-align: center;\"><span style=\"font-size: 12pt;\"><strong><em><span style=\"font-size: 18pt;\">En fransk studenterklasse fra Bretagne gennemf\u00f8rte et <a href=\"https:\/\/www.vita-explorers.dk\/frivilligt-arbejde\/senegal-frivilligt-arbejde-internationalt-ophold\/humanitaert-ophold-landbrug-landbrugsudvikling-renovering-senegal%20.html\" target=\"_blank\" rel=\"noopener\">forl\u00f8b med fokus p\u00e5 landbrugsudvikling og bedre adgang til mad<\/a> i Saint-Louis i Senegal.<\/span> <\/em><\/strong><\/span><\/h1>\n<p style=\"text-align: center;\"><strong><em>Tak til jer for jeres v\u00e6rdifulde indsats! <\/em><\/strong><\/p>\n<p style=\"text-align: center;\"><strong><em>L\u00e6s deres oplevelser herunder!<\/em><\/strong><\/p>\n<h4 style=\"text-align: justify;\"><span style=\"text-decoration: underline;\">Hvem er de?<\/span><\/h4>\n<h2 style=\"text-align: justify;\"><span style=\"font-size: 18pt;\">Vi er en klasse p\u00e5 18 studerende p\u00e5 en fransk videreg\u00e5ende uddannelse (BTS) med landbrugsretning i Bretagne.<\/span><\/h2>\n<p style=\"text-align: justify;\">Som en del af uddannelsen skal vi gennemf\u00f8re et f\u00e6lles projekt med fokus p\u00e5 initiativ og formidling. Da vi begyndte at planl\u00e6gge (i maj 2023), overvejede vi, om projektet kunne blive et internationalt, praksisn\u00e6rt ophold, hvor vi kunne bidrage meningsfuldt med vores viden og st\u00f8tte til en gruppe mennesker i en s\u00e5rbar situation.<\/p>\n<p style=\"text-align: justify;\">Vi kontaktede derfor flere organisationer, der kunne hj\u00e6lpe os med at f\u00f8re id\u00e9en ud i livet, og <a href=\"https:\/\/www.vita-explorers.dk\/\" target=\"_blank\" rel=\"noopener\">VITA<\/a> bakkede hurtigt op og opmuntrede os. Pludselig blev \u00f8nsket til virkelighed!<\/p>\n<p style=\"text-align: justify;\">Det var f\u00f8rste gang, vores skole tilb\u00f8d et initiativ som dette. Med vores undervisers st\u00f8tte lykkedes det os at holde fast og gennemf\u00f8re. Det kr\u00e6vede en del arbejde, ikke mindst fordi der var mange praktiske forhold at h\u00e5ndtere \u2013 og vi var en hel gruppe.<\/p>\n<p style=\"text-align: justify;\">Men hvor der er vilje, er der vej!<\/p>\n<h3 style=\"text-align: justify;\"><span style=\"font-size: 12pt;\"><u>S\u00e5 begyndte eventyret!<\/u><\/span><\/h3>\n<p style=\"text-align: justify;\">Vi ankom til <a href=\"https:\/\/www.vita-explorers.dk\/blog\/humanit\u00e6rt-forl\u00f8b-au-senegal\/\" target=\"_blank\" rel=\"noopener\">Senegal<\/a> l\u00f8rdag den 13. januar 2024 med afrejse fra Nantes og skulle v\u00e6re der i to uger. Allerede ved ankomsten blev vores vante rammer udfordret (varme, larm, wolof osv.), men vi var fast besluttede p\u00e5 at tage det hele ind og f\u00e5 mest muligt ud af oplevelsen. Vi kunne m\u00e6rke det allerede d\u00e9r: Det her ville s\u00e6tte sig i os for altid.<\/p>\n<p style=\"text-align: justify;\">I Saint-Louis m\u00f8dte vi det lokale team, som fra f\u00f8rste f\u00e6lles m\u00e5ltid fik os til at f\u00f8le os velkomne. Efter en rundtur i Saint-Louis og et bes\u00f8g i centret var det tid til at g\u00e5 i gang \u2013 sammen med og for <a href=\"https:\/\/www.vita-explorers.dk\/blog\/focus-sur-le-senegal-le-cas-des-enfants-talibes\/\" target=\"_blank\" rel=\"noopener\">talib\u00e9-b\u00f8rnene<\/a>.<\/p>\n<p style=\"text-align: justify;\">Vi deltog i omsorgen for talib\u00e9-b\u00f8rnene, i at bage br\u00f8d til deres eftermiddagssnack, i skoleaktiviteter samt i andre mere legende eller sportslige aktiviteter.<\/p>\n<p style=\"text-align: justify;\">Vi fulgte ogs\u00e5 nogle af teamets medlemmer (Abou, Sulayman og El Hadl) under ops\u00f8gende aktiviteter, og vi var med til at renovere daaras samt etablere en k\u00f8kkenhave. Her kunne vi bidrage med vores landbrugsfaglige viden og konkrete r\u00e5d til Samba, Abou, Issa og de andre, som fremover st\u00e5r for drift, vedligeholdelse og opf\u00f8lgning.<\/p>\n<p style=\"text-align: justify;\">I vores forskellige aktiviteter omkring daaras lagde vi m\u00e6rke til store forskelle mellem velfungerende og mindre velfungerende steder \u2013 is\u00e6r n\u00e5r det g\u00e6lder levevilk\u00e5r. Nogle steder s\u00e5 vi tydelige udfordringer med hygiejne, som kan \u00f8ge risikoen for sygdomme, fx fnat.<\/p>\n<p style=\"text-align: justify;\">Til sidst var det med stor tilfredshed, at vi fik mulighed for at bruge vores landbrugsfaglige kompetencer i arbejdet med k\u00f8kkenhaven. Vi st\u00f8dte dog p\u00e5 flere udfordringer: jordtype, klima, jordens tilstand (affald) og det at starte helt fra bunden. Men med f\u00e6lles energi lykkedes det os at gennemf\u00f8re hovedopgaven, og indsatsen gav resultater: Guler\u00f8dderne er begyndt at spire!<\/p>\n<h5 style=\"text-align: justify;\"><span style=\"font-size: 12pt;\"><u>Tak til det lokale team!<\/u><\/span><\/h5>\n<p style=\"text-align: justify;\">Takket v\u00e6re jer \u2013 Issa, teamet og talib\u00e9-b\u00f8rnene \u2013 fik vi en helt s\u00e6rlig oplevelse og m\u00f8dte mennesker, vi aldrig glemmer. B\u00f8rnenes smil vil blive hos os for altid.<\/p>\n<p style=\"text-align: justify;\">Vi vil ogs\u00e5 takke skolen for at have godkendt projektet \u2013 og is\u00e6r Nolwenn for en urokkelig st\u00f8tte. Uden hendes optimisme var det ikke blevet til noget.<\/p>\n<p style=\"text-align: justify;\">Vi takker VITA for at have guidet os og givet os et godt overblik over rammerne for opholdet.<\/p>\n<p style=\"text-align: justify;\">Og igen: Tak til det lokale team for jeres daglige arbejde og jeres omsorg for talib\u00e9-b\u00f8rnene. Vi rejser hjem med en klump i halsen, men denne rejse har forandret os for altid!<\/p>\n<p style=\"text-align: justify;\">Vores ansvar er nu at g\u00f8re flere opm\u00e6rksomme p\u00e5 problemstillingen og forts\u00e6tte det arbejde, der er sat i gang \u2013 s\u00e5 vi en dag, h\u00e5ber vi alle, kan se talib\u00e9-b\u00f8rn trives og have det, de har brug for\u2026<\/p>\n<p style=\"text-align: justify;\">JEREFEF!   BTSA ACSE 2 APP-studerende 2023-2024!<\/p>\n<p style=\"text-align: center;\">Som afslutning p\u00e5 artiklen deler vi den tak, vi modtog fra det lokale team efter de studerendes afrejse \u2013 en fin fort\u00e6lling, der lige er begyndt!<\/p>\n<h4 style=\"text-align: center;\"><strong>K\u00e6re engagerede medlemmer af VITA,<\/strong><\/h4>\n<p style=\"text-align: justify;\">Vi vil gerne udtrykke vores dybe taknemmelighed for den uvurderlige betydning, de franske deltagere har haft i vores arbejde \u2013 og mere overordnet i livet for de talib\u00e9-b\u00f8rn, vi st\u00f8tter.<\/p>\n<p style=\"text-align: justify;\">Deres tilstedev\u00e6relse var langt mere end et bidrag; den blev en drivkraft for positiv forandring. Deres engagement i f\u00e6llesskab og solidaritet blev omsat til konkrete handlinger, som har sat varige spor.<\/p>\n<p style=\"text-align: justify;\">Deltagerne bragte ny energi og engagement ind i vores indsatser og arbejdede med b\u00e5de m\u00e5lrettethed og omsorg. Deres direkte involvering med talib\u00e9-b\u00f8rnene har v\u00e6ret med til at forbedre deres hverdag m\u00e6rkbart. Uanset om det var gennem l\u00e6ringsaktiviteter, milj\u00f8tiltag eller lokale udviklingsprojekter, har hver enkelt indsats haft en effekt, der r\u00e6kker videre.<\/p>\n<p style=\"text-align: justify;\">Deres sociale forst\u00e5else og vilje til at s\u00e6tte sig ind i vores f\u00e6llesskabs konkrete behov har styrket relevansen og kvaliteten af vores arbejde. Samtidig har deres forskellige kompetencer givet nye perspektiver og inspireret til id\u00e9er, vi kan bygge videre p\u00e5.<\/p>\n<p style=\"text-align: justify;\">Ud over de synlige resultater har deltagerne ogs\u00e5 v\u00e6ret med til at skabe vigtige menneskelige forbindelser. Deres varme tilstedev\u00e6relse og lyst til at dele har skabt en samarbejdende og inspirerende stemning i teamet. Vi er overbeviste om, at den positive effekt vil kunne m\u00e6rkes over tid \u2013 til gavn for dem, vi arbejder for, og som en styrkelse af vores f\u00e6lles engagement for en mere retf\u00e6rdig og b\u00e6redygtig verden.<\/p>\n<p style=\"text-align: justify;\">Endnu en gang tak for jeres organisations gener\u00f8sitet og for deltagernes s\u00e6rlige indsats. Vi er glade for samarbejdet med VITA og ser frem til at forts\u00e6tte arbejdet sammen for en bedre fremtid.<\/p>\n<p style=\"text-align: justify;\">Med stor taknemmelighed.<\/p>\n<h6 style=\"text-align: center;\"><strong><span style=\"font-size: 12pt;\">At skabe de her m\u00f8der, udvekslinger og f\u00e6llesskaber \u2013 og se dem udvikle sig over tid \u2013 er kernen i vores arbejde!<\/span> <\/strong><\/h6>\n<p style=\"text-align: center;\"><strong>S\u00e5 hvis du ogs\u00e5 har lyst til at bidrage ved at blive VITA Explorer, er du meget velkommen til at kontakte os!<\/strong><\/p>\n<p style=\"text-align: center;\"><strong>Se deres forl\u00f8b i <a href=\"https:\/\/www.tiktok.com\/@globalong\/video\/7338387730058972449?lang=fr\" target=\"_blank\" rel=\"noopener\">video her<\/a>! Og billederne nedenfor!<\/strong><\/p>\n<p><a href=\"https:\/\/www.vita-explorers.dk\/blog\/wp-content\/uploads\/2024\/02\/mission-humanitaire-au-senegal.png\" target=\"_blank\" rel=\"noopener\"><img loading=\"lazy\" decoding=\"async\" class=\"alignnone wp-image-15992 size-full\" src=\"https:\/\/www.vita-explorers.dk\/blog\/wp-content\/uploads\/2024\/02\/mission-humanitaire-au-senegal.png\" alt=\"\" width=\"2554\" height=\"904\" srcset=\"https:\/\/www.vita-explorers.dk\/blog\/wp-content\/uploads\/2024\/02\/mission-humanitaire-au-senegal.png 2554w, https:\/\/www.vita-explorers.dk\/blog\/wp-content\/uploads\/2024\/02\/mission-humanitaire-au-senegal-300x106.png 300w, https:\/\/www.vita-explorers.dk\/blog\/wp-content\/uploads\/2024\/02\/mission-humanitaire-au-senegal-1024x362.png 1024w, https:\/\/www.vita-explorers.dk\/blog\/wp-content\/uploads\/2024\/02\/mission-humanitaire-au-senegal-768x272.png 768w, https:\/\/www.vita-explorers.dk\/blog\/wp-content\/uploads\/2024\/02\/mission-humanitaire-au-senegal-1536x544.png 1536w, https:\/\/www.vita-explorers.dk\/blog\/wp-content\/uploads\/2024\/02\/mission-humanitaire-au-senegal-2048x725.png 2048w\" sizes=\"(max-width: 2554px) 100vw, 2554px\" \/><\/a><\/p>\n<p><a href=\"https:\/\/www.vita-explorers.dk\/blog\/wp-content\/uploads\/2024\/02\/mission-humanitaire-au-senegal-alimentation.png\" target=\"_blank\" rel=\"noopener\"><img loading=\"lazy\" decoding=\"async\" class=\"alignnone wp-image-15994 size-full\" src=\"https:\/\/www.vita-explorers.dk\/blog\/wp-content\/uploads\/2024\/02\/mission-humanitaire-au-senegal-alimentation.png\" alt=\"\" width=\"2554\" height=\"904\" srcset=\"https:\/\/www.vita-explorers.dk\/blog\/wp-content\/uploads\/2024\/02\/mission-humanitaire-au-senegal-alimentation.png 2554w, https:\/\/www.vita-explorers.dk\/blog\/wp-content\/uploads\/2024\/02\/mission-humanitaire-au-senegal-alimentation-300x106.png 300w, https:\/\/www.vita-explorers.dk\/blog\/wp-content\/uploads\/2024\/02\/mission-humanitaire-au-senegal-alimentation-1024x362.png 1024w, https:\/\/www.vita-explorers.dk\/blog\/wp-content\/uploads\/2024\/02\/mission-humanitaire-au-senegal-alimentation-768x272.png 768w, https:\/\/www.vita-explorers.dk\/blog\/wp-content\/uploads\/2024\/02\/mission-humanitaire-au-senegal-alimentation-1536x544.png 1536w, https:\/\/www.vita-explorers.dk\/blog\/wp-content\/uploads\/2024\/02\/mission-humanitaire-au-senegal-alimentation-2048x725.png 2048w\" sizes=\"(max-width: 2554px) 100vw, 2554px\" \/><\/a> <a href=\"https:\/\/www.vita-explorers.dk\/blog\/wp-content\/uploads\/2024\/02\/mission-humanitaire-au-senegal-daint-louis.png\" target=\"_blank\" rel=\"noopener\"><img loading=\"lazy\" decoding=\"async\" class=\"alignnone wp-image-15995 size-full\" src=\"https:\/\/www.vita-explorers.dk\/blog\/wp-content\/uploads\/2024\/02\/mission-humanitaire-au-senegal-daint-louis.png\" alt=\"\" width=\"2554\" height=\"904\" srcset=\"https:\/\/www.vita-explorers.dk\/blog\/wp-content\/uploads\/2024\/02\/mission-humanitaire-au-senegal-daint-louis.png 2554w, https:\/\/www.vita-explorers.dk\/blog\/wp-content\/uploads\/2024\/02\/mission-humanitaire-au-senegal-daint-louis-300x106.png 300w, https:\/\/www.vita-explorers.dk\/blog\/wp-content\/uploads\/2024\/02\/mission-humanitaire-au-senegal-daint-louis-1024x362.png 1024w, https:\/\/www.vita-explorers.dk\/blog\/wp-content\/uploads\/2024\/02\/mission-humanitaire-au-senegal-daint-louis-768x272.png 768w, https:\/\/www.vita-explorers.dk\/blog\/wp-content\/uploads\/2024\/02\/mission-humanitaire-au-senegal-daint-louis-1536x544.png 1536w, https:\/\/www.vita-explorers.dk\/blog\/wp-content\/uploads\/2024\/02\/mission-humanitaire-au-senegal-daint-louis-2048x725.png 2048w\" sizes=\"(max-width: 2554px) 100vw, 2554px\" \/><\/a><\/p>\n<p class=\"p10\" style=\"text-align: center;\"><b>For mere information er du velkommen til at kontakte os p\u00e5 <\/b><a href=\"mailto:info@globalong.com\"><span class=\"s1\"><b>info@globalong.com<\/b><\/span><\/a><\/p>\n<p class=\"p11\" style=\"text-align: center;\"><b>Vil du vide mere om VITA og vores community, s\u00e5 f\u00f8lg os p\u00e5 <\/b><a href=\"https:\/\/www.instagram.com\/globalongofficiel\/\"><span class=\"s2\"><b>Instagram<\/b><\/span><\/a><b>, <\/b><a href=\"https:\/\/www.tiktok.com\/@globalong\"><span class=\"s2\"><b>TikTok<\/b><\/span><\/a><b>, <\/b><a href=\"https:\/\/www.facebook.com\/globalong\"><span class=\"s2\"><b>Facebook<\/b><\/span><\/a><b>, <\/b><a href=\"https:\/\/www.linkedin.com\/company\/5113177\/admin\/feed\/posts\/\"><span class=\"s2\"><b>LinkedIn<\/b><\/span><\/a><b> og <\/b><a href=\"https:\/\/www.youtube.com\/c\/globalong\/videos\"><span class=\"s2\"><b>YouTube<\/b><\/span><\/a><b>! <\/b><\/p>\n","protected":false},"excerpt":{"rendered":"<p>En fransk studenterklasse fra Bretagne gennemf\u00f8rte et forl\u00f8b med fokus p\u00e5 landbrugsudvikling og bedre adgang til mad i Saint-Louis i Senegal. Tak til jer\u2026<\/p>\n","protected":false},"author":1,"featured_media":15996,"comment_status":"open","ping_status":"open","sticky":false,"template":"","format":"standard","meta":{"footnotes":""},"categories":[470,1,6,4],"tags":[],"yoast_head":"<!-- This site is optimized with the Yoast SEO Premium plugin v23.4 (Yoast SEO v23.4) - https:\/\/yoast.com\/wordpress\/plugins\/seo\/ -->\n<title>18 BTS-studerende p\u00e5 internationalt forl\u00f8b - VITA Explorers Blog<\/title>\n<meta name=\"description\" content=\"18 \u00e9tudiants en BTS racontent leur exp\u00e9rience unique lors d&#039;une mission humanitaire professionnelle. D\u00e9couvrez leur r\u00e9cit inspirant !\" \/>\n<meta name=\"robots\" content=\"index, follow, max-snippet:-1, max-image-preview:large, max-video-preview:-1\" \/>\n<link rel=\"canonical\" href=\"https:\/\/www.vita-explorers.dk\/blog\/en-bts-klasse-i-analyse-ledelse-og-strategi-for-landbrugsvirksomheder-engagerer-sig-i-senegal\/\" \/>\n<meta property=\"og:locale\" content=\"da_DK\" \/>\n<meta property=\"og:type\" content=\"article\" \/>\n<meta property=\"og:title\" content=\"18 landbrugsstuderende fra en erhvervsuddannelse engagerer sig i Senegal!\" \/>\n<meta property=\"og:description\" content=\"18 \u00e9tudiants en BTS racontent leur exp\u00e9rience unique lors d&#039;une mission humanitaire professionnelle. D\u00e9couvrez leur r\u00e9cit inspirant !\" \/>\n<meta property=\"og:url\" content=\"https:\/\/www.vita-explorers.dk\/blog\/en-bts-klasse-i-analyse-ledelse-og-strategi-for-landbrugsvirksomheder-engagerer-sig-i-senegal\/\" \/>\n<meta property=\"og:site_name\" content=\"VITA Explorers Blog\" \/>\n<meta property=\"article:publisher\" content=\"https:\/\/www.facebook.com\/globalong\" \/>\n<meta property=\"article:published_time\" content=\"2024-02-23T11:00:20+00:00\" \/>\n<meta property=\"article:modified_time\" content=\"2024-10-25T14:51:27+00:00\" \/>\n<meta property=\"og:image\" content=\"https:\/\/www.vita-explorers.dk\/blog\/wp-content\/uploads\/2024\/02\/mission-humanitaire-au-senegal-enfants-talibes-951x1024.png\" \/>\n\t<meta property=\"og:image:width\" content=\"951\" \/>\n\t<meta property=\"og:image:height\" content=\"1024\" \/>\n\t<meta property=\"og:image:type\" content=\"image\/png\" \/>\n<meta name=\"author\" content=\"VITA Tribe\" \/>\n<meta name=\"twitter:card\" content=\"summary_large_image\" \/>\n<meta name=\"twitter:label1\" content=\"Skrevet af\" \/>\n\t<meta name=\"twitter:data1\" content=\"VITA Tribe\" \/>\n\t<meta name=\"twitter:label2\" content=\"Estimeret l\u00e6setid\" \/>\n\t<meta name=\"twitter:data2\" content=\"7 minutter\" \/>\n<script type=\"application\/ld+json\" class=\"yoast-schema-graph\">{\"@context\":\"https:\/\/schema.org\",\"@graph\":[{\"@type\":\"Article\",\"@id\":\"https:\/\/www.vita-explorers.dk\/blog\/en-bts-klasse-i-analyse-ledelse-og-strategi-for-landbrugsvirksomheder-engagerer-sig-i-senegal\/#article\",\"isPartOf\":{\"@id\":\"https:\/\/www.vita-explorers.dk\/blog\/en-bts-klasse-i-analyse-ledelse-og-strategi-for-landbrugsvirksomheder-engagerer-sig-i-senegal\/\"},\"author\":{\"name\":\"VITA Tribe\",\"@id\":\"https:\/\/www.vita-explorers.dk\/blog\/#\/schema\/person\/d7df267b64f23018d1dc519e78fb2735\"},\"headline\":\"18 landbrugsstuderende fra en erhvervsuddannelse engagerer sig i Senegal!\",\"datePublished\":\"2024-02-23T11:00:20+00:00\",\"dateModified\":\"2024-10-25T14:51:27+00:00\",\"mainEntityOfPage\":{\"@id\":\"https:\/\/www.vita-explorers.dk\/blog\/en-bts-klasse-i-analyse-ledelse-og-strategi-for-landbrugsvirksomheder-engagerer-sig-i-senegal\/\"},\"wordCount\":1091,\"commentCount\":0,\"publisher\":{\"@id\":\"https:\/\/www.vita-explorers.dk\/blog\/#organization\"},\"image\":{\"@id\":\"https:\/\/www.vita-explorers.dk\/blog\/en-bts-klasse-i-analyse-ledelse-og-strategi-for-landbrugsvirksomheder-engagerer-sig-i-senegal\/#primaryimage\"},\"thumbnailUrl\":\"https:\/\/www.vita-explorers.dk\/blog\/wp-content\/uploads\/2024\/02\/mission-humanitaire-au-senegal-enfants-talibes.png\",\"articleSection\":[\"Natur- og milj\u00f8frivilligt arbejde\",\"No Name\",\"Nyheder\",\"VITA Explorers\"],\"inLanguage\":\"da-DK\",\"potentialAction\":[{\"@type\":\"CommentAction\",\"name\":\"Comment\",\"target\":[\"https:\/\/www.vita-explorers.dk\/blog\/en-bts-klasse-i-analyse-ledelse-og-strategi-for-landbrugsvirksomheder-engagerer-sig-i-senegal\/#respond\"]}]},{\"@type\":\"WebPage\",\"@id\":\"https:\/\/www.vita-explorers.dk\/blog\/en-bts-klasse-i-analyse-ledelse-og-strategi-for-landbrugsvirksomheder-engagerer-sig-i-senegal\/\",\"url\":\"https:\/\/www.vita-explorers.dk\/blog\/en-bts-klasse-i-analyse-ledelse-og-strategi-for-landbrugsvirksomheder-engagerer-sig-i-senegal\/\",\"name\":\"18 BTS-studerende p\u00e5 internationalt forl\u00f8b - VITA Explorers Blog\",\"isPartOf\":{\"@id\":\"https:\/\/www.vita-explorers.dk\/blog\/#website\"},\"primaryImageOfPage\":{\"@id\":\"https:\/\/www.vita-explorers.dk\/blog\/en-bts-klasse-i-analyse-ledelse-og-strategi-for-landbrugsvirksomheder-engagerer-sig-i-senegal\/#primaryimage\"},\"image\":{\"@id\":\"https:\/\/www.vita-explorers.dk\/blog\/en-bts-klasse-i-analyse-ledelse-og-strategi-for-landbrugsvirksomheder-engagerer-sig-i-senegal\/#primaryimage\"},\"thumbnailUrl\":\"https:\/\/www.vita-explorers.dk\/blog\/wp-content\/uploads\/2024\/02\/mission-humanitaire-au-senegal-enfants-talibes.png\",\"datePublished\":\"2024-02-23T11:00:20+00:00\",\"dateModified\":\"2024-10-25T14:51:27+00:00\",\"description\":\"18 \u00e9tudiants en BTS racontent leur exp\u00e9rience unique lors d'une mission humanitaire professionnelle. D\u00e9couvrez leur r\u00e9cit inspirant !\",\"breadcrumb\":{\"@id\":\"https:\/\/www.vita-explorers.dk\/blog\/en-bts-klasse-i-analyse-ledelse-og-strategi-for-landbrugsvirksomheder-engagerer-sig-i-senegal\/#breadcrumb\"},\"inLanguage\":\"da-DK\",\"potentialAction\":[{\"@type\":\"ReadAction\",\"target\":[\"https:\/\/www.vita-explorers.dk\/blog\/en-bts-klasse-i-analyse-ledelse-og-strategi-for-landbrugsvirksomheder-engagerer-sig-i-senegal\/\"]}]},{\"@type\":\"ImageObject\",\"inLanguage\":\"da-DK\",\"@id\":\"https:\/\/www.vita-explorers.dk\/blog\/en-bts-klasse-i-analyse-ledelse-og-strategi-for-landbrugsvirksomheder-engagerer-sig-i-senegal\/#primaryimage\",\"url\":\"https:\/\/www.vita-explorers.dk\/blog\/wp-content\/uploads\/2024\/02\/mission-humanitaire-au-senegal-enfants-talibes.png\",\"contentUrl\":\"https:\/\/www.vita-explorers.dk\/blog\/wp-content\/uploads\/2024\/02\/mission-humanitaire-au-senegal-enfants-talibes.png\",\"width\":1170,\"height\":1260,\"caption\":\"stage 18 \u00e9tudiants en bts\"},{\"@type\":\"BreadcrumbList\",\"@id\":\"https:\/\/www.vita-explorers.dk\/blog\/en-bts-klasse-i-analyse-ledelse-og-strategi-for-landbrugsvirksomheder-engagerer-sig-i-senegal\/#breadcrumb\",\"itemListElement\":[{\"@type\":\"ListItem\",\"position\":1,\"name\":\"Accueil\",\"item\":\"https:\/\/www.vita-explorers.dk\/blog\/\"},{\"@type\":\"ListItem\",\"position\":2,\"name\":\"18 landbrugsstuderende fra en erhvervsuddannelse engagerer sig i Senegal!\"}]},{\"@type\":\"WebSite\",\"@id\":\"https:\/\/www.vita-explorers.dk\/blog\/#website\",\"url\":\"https:\/\/www.vita-explorers.dk\/blog\/\",\"name\":\"Association Globalong\",\"description\":\"Frivilligt arbejde, sprogophold, praktik i udlandet og internationale oplevelser\",\"publisher\":{\"@id\":\"https:\/\/www.vita-explorers.dk\/blog\/#organization\"},\"potentialAction\":[{\"@type\":\"SearchAction\",\"target\":{\"@type\":\"EntryPoint\",\"urlTemplate\":\"https:\/\/www.vita-explorers.dk\/blog\/?s={search_term_string}\"},\"query-input\":{\"@type\":\"PropertyValueSpecification\",\"valueRequired\":true,\"valueName\":\"search_term_string\"}}],\"inLanguage\":\"da-DK\"},{\"@type\":\"Organization\",\"@id\":\"https:\/\/www.vita-explorers.dk\/blog\/#organization\",\"name\":\"Association Globalong\",\"url\":\"https:\/\/www.vita-explorers.dk\/blog\/\",\"logo\":{\"@type\":\"ImageObject\",\"inLanguage\":\"da-DK\",\"@id\":\"https:\/\/www.vita-explorers.dk\/blog\/#\/schema\/logo\/image\/\",\"url\":\"https:\/\/www.globalong.com\/blog\/wp-content\/uploads\/2014\/11\/cropped-cropped-Logo-et-Afrique-Globalong-petite-taille-2.jpg\",\"contentUrl\":\"https:\/\/www.globalong.com\/blog\/wp-content\/uploads\/2014\/11\/cropped-cropped-Logo-et-Afrique-Globalong-petite-taille-2.jpg\",\"width\":512,\"height\":512,\"caption\":\"Association Globalong\"},\"image\":{\"@id\":\"https:\/\/www.vita-explorers.dk\/blog\/#\/schema\/logo\/image\/\"},\"sameAs\":[\"https:\/\/www.facebook.com\/globalong\"]},{\"@type\":\"Person\",\"@id\":\"https:\/\/www.vita-explorers.dk\/blog\/#\/schema\/person\/d7df267b64f23018d1dc519e78fb2735\",\"name\":\"VITA Tribe\",\"image\":{\"@type\":\"ImageObject\",\"inLanguage\":\"da-DK\",\"@id\":\"https:\/\/www.vita-explorers.dk\/blog\/#\/schema\/person\/image\/\",\"url\":\"https:\/\/secure.gravatar.com\/avatar\/81461bcc213d0ff2bdc043d4206648f0?s=96&d=mm&r=g\",\"contentUrl\":\"https:\/\/secure.gravatar.com\/avatar\/81461bcc213d0ff2bdc043d4206648f0?s=96&d=mm&r=g\",\"caption\":\"VITA Tribe\"},\"sameAs\":[\"https:\/\/www.globalong.com\"],\"url\":\"https:\/\/www.vita-explorers.dk\/blog\/author\/sophie\/\"}]}<\/script>\n<!-- \/ Yoast SEO Premium plugin. -->","yoast_head_json":{"title":"18 BTS-studerende p\u00e5 internationalt forl\u00f8b - VITA Explorers Blog","description":"18 \u00e9tudiants en BTS racontent leur exp\u00e9rience unique lors d'une mission humanitaire professionnelle. D\u00e9couvrez leur r\u00e9cit inspirant !","robots":{"index":"index","follow":"follow","max-snippet":"max-snippet:-1","max-image-preview":"max-image-preview:large","max-video-preview":"max-video-preview:-1"},"canonical":"https:\/\/www.vita-explorers.dk\/blog\/en-bts-klasse-i-analyse-ledelse-og-strategi-for-landbrugsvirksomheder-engagerer-sig-i-senegal\/","og_locale":"da_DK","og_type":"article","og_title":"18 landbrugsstuderende fra en erhvervsuddannelse engagerer sig i Senegal!","og_description":"18 \u00e9tudiants en BTS racontent leur exp\u00e9rience unique lors d'une mission humanitaire professionnelle. D\u00e9couvrez leur r\u00e9cit inspirant !","og_url":"https:\/\/www.vita-explorers.dk\/blog\/en-bts-klasse-i-analyse-ledelse-og-strategi-for-landbrugsvirksomheder-engagerer-sig-i-senegal\/","og_site_name":"VITA Explorers Blog","article_publisher":"https:\/\/www.facebook.com\/globalong","article_published_time":"2024-02-23T11:00:20+00:00","article_modified_time":"2024-10-25T14:51:27+00:00","og_image":[{"width":951,"height":1024,"url":"https:\/\/www.vita-explorers.dk\/blog\/wp-content\/uploads\/2024\/02\/mission-humanitaire-au-senegal-enfants-talibes-951x1024.png","type":"image\/png"}],"author":"VITA Tribe","twitter_card":"summary_large_image","twitter_misc":{"Skrevet af":"VITA Tribe","Estimeret l\u00e6setid":"7 minutter"},"schema":{"@context":"https:\/\/schema.org","@graph":[{"@type":"Article","@id":"https:\/\/www.vita-explorers.dk\/blog\/en-bts-klasse-i-analyse-ledelse-og-strategi-for-landbrugsvirksomheder-engagerer-sig-i-senegal\/#article","isPartOf":{"@id":"https:\/\/www.vita-explorers.dk\/blog\/en-bts-klasse-i-analyse-ledelse-og-strategi-for-landbrugsvirksomheder-engagerer-sig-i-senegal\/"},"author":{"name":"VITA Tribe","@id":"https:\/\/www.vita-explorers.dk\/blog\/#\/schema\/person\/d7df267b64f23018d1dc519e78fb2735"},"headline":"18 landbrugsstuderende fra en erhvervsuddannelse engagerer sig i Senegal!","datePublished":"2024-02-23T11:00:20+00:00","dateModified":"2024-10-25T14:51:27+00:00","mainEntityOfPage":{"@id":"https:\/\/www.vita-explorers.dk\/blog\/en-bts-klasse-i-analyse-ledelse-og-strategi-for-landbrugsvirksomheder-engagerer-sig-i-senegal\/"},"wordCount":1091,"commentCount":0,"publisher":{"@id":"https:\/\/www.vita-explorers.dk\/blog\/#organization"},"image":{"@id":"https:\/\/www.vita-explorers.dk\/blog\/en-bts-klasse-i-analyse-ledelse-og-strategi-for-landbrugsvirksomheder-engagerer-sig-i-senegal\/#primaryimage"},"thumbnailUrl":"https:\/\/www.vita-explorers.dk\/blog\/wp-content\/uploads\/2024\/02\/mission-humanitaire-au-senegal-enfants-talibes.png","articleSection":["Natur- og milj\u00f8frivilligt arbejde","No Name","Nyheder","VITA Explorers"],"inLanguage":"da-DK","potentialAction":[{"@type":"CommentAction","name":"Comment","target":["https:\/\/www.vita-explorers.dk\/blog\/en-bts-klasse-i-analyse-ledelse-og-strategi-for-landbrugsvirksomheder-engagerer-sig-i-senegal\/#respond"]}]},{"@type":"WebPage","@id":"https:\/\/www.vita-explorers.dk\/blog\/en-bts-klasse-i-analyse-ledelse-og-strategi-for-landbrugsvirksomheder-engagerer-sig-i-senegal\/","url":"https:\/\/www.vita-explorers.dk\/blog\/en-bts-klasse-i-analyse-ledelse-og-strategi-for-landbrugsvirksomheder-engagerer-sig-i-senegal\/","name":"18 BTS-studerende p\u00e5 internationalt forl\u00f8b - VITA Explorers Blog","isPartOf":{"@id":"https:\/\/www.vita-explorers.dk\/blog\/#website"},"primaryImageOfPage":{"@id":"https:\/\/www.vita-explorers.dk\/blog\/en-bts-klasse-i-analyse-ledelse-og-strategi-for-landbrugsvirksomheder-engagerer-sig-i-senegal\/#primaryimage"},"image":{"@id":"https:\/\/www.vita-explorers.dk\/blog\/en-bts-klasse-i-analyse-ledelse-og-strategi-for-landbrugsvirksomheder-engagerer-sig-i-senegal\/#primaryimage"},"thumbnailUrl":"https:\/\/www.vita-explorers.dk\/blog\/wp-content\/uploads\/2024\/02\/mission-humanitaire-au-senegal-enfants-talibes.png","datePublished":"2024-02-23T11:00:20+00:00","dateModified":"2024-10-25T14:51:27+00:00","description":"18 \u00e9tudiants en BTS racontent leur exp\u00e9rience unique lors d'une mission humanitaire professionnelle. D\u00e9couvrez leur r\u00e9cit inspirant !","breadcrumb":{"@id":"https:\/\/www.vita-explorers.dk\/blog\/en-bts-klasse-i-analyse-ledelse-og-strategi-for-landbrugsvirksomheder-engagerer-sig-i-senegal\/#breadcrumb"},"inLanguage":"da-DK","potentialAction":[{"@type":"ReadAction","target":["https:\/\/www.vita-explorers.dk\/blog\/en-bts-klasse-i-analyse-ledelse-og-strategi-for-landbrugsvirksomheder-engagerer-sig-i-senegal\/"]}]},{"@type":"ImageObject","inLanguage":"da-DK","@id":"https:\/\/www.vita-explorers.dk\/blog\/en-bts-klasse-i-analyse-ledelse-og-strategi-for-landbrugsvirksomheder-engagerer-sig-i-senegal\/#primaryimage","url":"https:\/\/www.vita-explorers.dk\/blog\/wp-content\/uploads\/2024\/02\/mission-humanitaire-au-senegal-enfants-talibes.png","contentUrl":"https:\/\/www.vita-explorers.dk\/blog\/wp-content\/uploads\/2024\/02\/mission-humanitaire-au-senegal-enfants-talibes.png","width":1170,"height":1260,"caption":"stage 18 \u00e9tudiants en bts"},{"@type":"BreadcrumbList","@id":"https:\/\/www.vita-explorers.dk\/blog\/en-bts-klasse-i-analyse-ledelse-og-strategi-for-landbrugsvirksomheder-engagerer-sig-i-senegal\/#breadcrumb","itemListElement":[{"@type":"ListItem","position":1,"name":"Accueil","item":"https:\/\/www.vita-explorers.dk\/blog\/"},{"@type":"ListItem","position":2,"name":"18 landbrugsstuderende fra en erhvervsuddannelse engagerer sig i Senegal!"}]},{"@type":"WebSite","@id":"https:\/\/www.vita-explorers.dk\/blog\/#website","url":"https:\/\/www.vita-explorers.dk\/blog\/","name":"Association Globalong","description":"Frivilligt arbejde, sprogophold, praktik i udlandet og internationale oplevelser","publisher":{"@id":"https:\/\/www.vita-explorers.dk\/blog\/#organization"},"potentialAction":[{"@type":"SearchAction","target":{"@type":"EntryPoint","urlTemplate":"https:\/\/www.vita-explorers.dk\/blog\/?s={search_term_string}"},"query-input":{"@type":"PropertyValueSpecification","valueRequired":true,"valueName":"search_term_string"}}],"inLanguage":"da-DK"},{"@type":"Organization","@id":"https:\/\/www.vita-explorers.dk\/blog\/#organization","name":"Association Globalong","url":"https:\/\/www.vita-explorers.dk\/blog\/","logo":{"@type":"ImageObject","inLanguage":"da-DK","@id":"https:\/\/www.vita-explorers.dk\/blog\/#\/schema\/logo\/image\/","url":"https:\/\/www.globalong.com\/blog\/wp-content\/uploads\/2014\/11\/cropped-cropped-Logo-et-Afrique-Globalong-petite-taille-2.jpg","contentUrl":"https:\/\/www.globalong.com\/blog\/wp-content\/uploads\/2014\/11\/cropped-cropped-Logo-et-Afrique-Globalong-petite-taille-2.jpg","width":512,"height":512,"caption":"Association Globalong"},"image":{"@id":"https:\/\/www.vita-explorers.dk\/blog\/#\/schema\/logo\/image\/"},"sameAs":["https:\/\/www.facebook.com\/globalong"]},{"@type":"Person","@id":"https:\/\/www.vita-explorers.dk\/blog\/#\/schema\/person\/d7df267b64f23018d1dc519e78fb2735","name":"VITA Tribe","image":{"@type":"ImageObject","inLanguage":"da-DK","@id":"https:\/\/www.vita-explorers.dk\/blog\/#\/schema\/person\/image\/","url":"https:\/\/secure.gravatar.com\/avatar\/81461bcc213d0ff2bdc043d4206648f0?s=96&d=mm&r=g","contentUrl":"https:\/\/secure.gravatar.com\/avatar\/81461bcc213d0ff2bdc043d4206648f0?s=96&d=mm&r=g","caption":"VITA Tribe"},"sameAs":["https:\/\/www.globalong.com"],"url":"https:\/\/www.vita-explorers.dk\/blog\/author\/sophie\/"}]}},"_links":{"self":[{"href":"https:\/\/www.vita-explorers.dk\/blog\/wp-json\/wp\/v2\/posts\/15989"}],"collection":[{"href":"https:\/\/www.vita-explorers.dk\/blog\/wp-json\/wp\/v2\/posts"}],"about":[{"href":"https:\/\/www.vita-explorers.dk\/blog\/wp-json\/wp\/v2\/types\/post"}],"author":[{"embeddable":true,"href":"https:\/\/www.vita-explorers.dk\/blog\/wp-json\/wp\/v2\/users\/1"}],"replies":[{"embeddable":true,"href":"https:\/\/www.vita-explorers.dk\/blog\/wp-json\/wp\/v2\/comments?post=15989"}],"version-history":[{"count":10,"href":"https:\/\/www.vita-explorers.dk\/blog\/wp-json\/wp\/v2\/posts\/15989\/revisions"}],"predecessor-version":[{"id":16304,"href":"https:\/\/www.vita-explorers.dk\/blog\/wp-json\/wp\/v2\/posts\/15989\/revisions\/16304"}],"wp:featuredmedia":[{"embeddable":true,"href":"https:\/\/www.vita-explorers.dk\/blog\/wp-json\/wp\/v2\/media\/15996"}],"wp:attachment":[{"href":"https:\/\/www.vita-explorers.dk\/blog\/wp-json\/wp\/v2\/media?parent=15989"}],"wp:term":[{"taxonomy":"category","embeddable":true,"href":"https:\/\/www.vita-explorers.dk\/blog\/wp-json\/wp\/v2\/categories?post=15989"},{"taxonomy":"post_tag","embeddable":true,"href":"https:\/\/www.vita-explorers.dk\/blog\/wp-json\/wp\/v2\/tags?post=15989"}],"curies":[{"name":"wp","href":"https:\/\/api.w.org\/{rel}","templated":true}]}}