{"id":16108,"date":"2024-04-05T11:36:10","date_gmt":"2024-04-05T09:36:10","guid":{"rendered":"https:\/\/www.globalong.com\/blog\/?p=16108"},"modified":"2024-11-15T09:43:40","modified_gmt":"2024-11-15T08:43:40","slug":"hvordan-faar-du-et-studiepraktikforloeb-eller-et-internationalt-forloeb-for-canadiere-fra-quebec","status":"publish","type":"post","link":"https:\/\/www.vita-explorers.dk\/blog\/hvordan-faar-du-et-studiepraktikforloeb-eller-et-internationalt-forloeb-for-canadiere-fra-quebec\/","title":{"rendered":"Praktik eller humanit\u00e6rt ophold for canadiere fra Qu\u00e9bec"},"content":{"rendered":"<h1>Praktik eller humanit\u00e6rt forl\u00f8b i udlandet for canadiere fra Qu\u00e9bec<\/h1>\n<h2 style=\"text-align: justify;\"><span style=\"font-size: 18pt;\"><strong>Hvorfor er praktik i udlandet, et humanit\u00e6rt forl\u00f8b eller et sabbat\u00e5r vigtigt i Canada \u2013 og s\u00e6rligt i Qu\u00e9bec?\u00a0\u00a0<\/strong><\/span><\/h2>\n<p style=\"text-align: justify;\">Uanset om du er <a href=\"https:\/\/www.vita-explorers.dk\/blog\/fire-ergoterapeutstuderende-tager-paa-forloeb-i-indien\/\" target=\"_blank\" rel=\"noopener\">studerende<\/a> p\u00e5 udkig efter nye erfaringer, <strong>professionel og gerne vil udvide dine kompetencer<\/strong>, eller bare et menneske, der \u00f8nsker at bidrage til f\u00e6llesskabet. Mulighederne for at <a href=\"https:\/\/www.vita-explorers.dk\/stage-etudiant-etranger.html\" target=\"_blank\" rel=\"noopener\">tage praktik i udlandet<\/a>, <strong>deltage i et humanit\u00e6rt forl\u00f8b<\/strong> eller <a href=\"https:\/\/www.vita-explorers.dk\/blog\/holde-et-sabbat\u00e5r\/\" target=\"_blank\" rel=\"noopener\">tage et sabbat\u00e5r<\/a> kan give dig erfaringer, der r\u00e6kker langt ud over det faglige. I denne artikel ser vi p\u00e5, hvorfor disse oplevelser kan v\u00e6re b\u00e5de berigende og udviklende \u2013 med fokus p\u00e5 deres <strong>relevans for mennesker i Canada<\/strong>, og s\u00e6rligt for <strong>dig fra Qu\u00e9bec, der overvejer et internationalt studie- eller humanit\u00e6rt praktikforl\u00f8b.<\/strong><\/p>\n<h2 style=\"text-align: justify;\"><span style=\"font-size: 18pt;\"><strong>Kulturel og sproglig udvikling for folk fra Qu\u00e9bec<\/strong><\/span><\/h2>\n<p style=\"text-align: justify;\"><strong>At tage et internationalt praktikforl\u00f8b fra Qu\u00e9bec<\/strong> eller <strong>tage et sabbat\u00e5r<\/strong> giver dig en s\u00e6rlig mulighed for at opleve nye kulturer og sprog p\u00e5 t\u00e6t hold. <strong>I <a href=\"https:\/\/www.vita-explorers.dk\/blog\/internationalt-frivilligt-arbejde-for-unge-fra-quebec\/\" target=\"_blank\" rel=\"noopener\">Qu\u00e9bec<\/a>,<\/strong> hvor to-sprogethed fylder meget i hverdagen, kan muligheden for at <strong>bruge et andet sprog i et milj\u00f8, hvor du er omgivet af det<\/strong>, styrke dine sproglige f\u00e6rdigheder og din interkulturelle forst\u00e5else.<\/p>\n<h2><span style=\"font-size: 18pt;\"><strong>Personlig og faglig udvikling<\/strong><\/span><\/h2>\n<p style=\"text-align: justify;\"><strong>At rejse ud for at tage <a href=\"https:\/\/www.vita-explorers.dk\/blog\/praktik-for-sygeplejestuderende-cegep-quebec-i-udlandet\/\" target=\"_blank\" rel=\"noopener\">praktik<\/a> eller deltage i et humanit\u00e6rt forl\u00f8b<\/strong> kan v\u00e6re en st\u00e6rk drivkraft for din <strong>personlige og professionelle udvikling.<\/strong> Du m\u00f8der nye udfordringer, uventede situationer og andre m\u00e5der at se verden p\u00e5 \u2013 noget, der typisk styrker din omstillingsevne, robusthed og evne til at arbejde i forskellige rammer. <a href=\"https:\/\/www.vita-explorers.dk\/blog\/hvordan-et-internationalt-forlob-kan-styrke-din-linkedin-profil\/\" target=\"_blank\" rel=\"noopener\">Samtidig kan erfaringerne styrke din profil p\u00e5 CV\u2019et<\/a> og vise din <strong>\u00e5benhed og evne til at tilpasse dig<\/strong> \u2013 kompetencer, der er efterspurgte i en mere international og forbundet verden.<\/p>\n<h2 style=\"text-align: justify;\"><span style=\"font-size: 18pt;\"><strong>Socialt engagement og positiv indvirkning<\/strong><\/span><\/h2>\n<p style=\"text-align: justify;\">At deltage i et humanit\u00e6rt forl\u00f8b eller tage praktik i udlandet fra Qu\u00e9bec giver en s\u00e6rlig mulighed for at <strong>bidrage konkret i andres hverdag<\/strong> og st\u00f8tte <strong>vigtige sociale indsatser.<\/strong><\/p>\n<p style=\"text-align: justify;\">Uanset om det handler om at yde <a href=\"https:\/\/www.vita-explorers.dk\/frivilligt-arbejde\/senegal-frivilligt-arbejde-internationalt-ophold\/sygeplejepraktik-senegal-internationalt-forloeb-studerende-ifsi.html\" target=\"_blank\" rel=\"noopener\">sundhedsfaglig st\u00f8tte<\/a> i omr\u00e5der med store behov, hj\u00e6lpe med at udvikle lokale faciliteter eller indg\u00e5 i <strong>uddannelsesprogrammer,<\/strong> kan dit engagement v\u00e6re med til at skabe en varig forskel for de mennesker og f\u00e6llesskaber, du bliver en del af.<\/p>\n<p style=\"text-align: justify;\"><strong>I Qu\u00e9bec<\/strong>, hvor <strong>solidaritet og ansvar for f\u00e6llesskabet<\/strong> st\u00e5r st\u00e6rkt, kan <strong>et humanit\u00e6rt forl\u00f8b<\/strong> f\u00f8les som et naturligt n\u00e6ste skridt for mange.<\/p>\n<p><span style=\"font-size: 18pt;\"><strong>Refleksion og ny energi<\/strong><\/span><\/p>\n<p style=\"text-align: justify;\"><strong>Et sabbat\u00e5r<\/strong> kan v\u00e6re en tid til refleksion og ny energi. Uanset om du v\u00e6lger at rejse, fordybe dig i interesser, du l\u00e6nge har nedprioriteret, eller bare tage et skridt tilbage for at se dine m\u00e5l og retning i et nyt lys, kan <strong>et sabbat\u00e5r<\/strong> give dig et v\u00e6rdifuldt rum til at finde fokus p\u00e5 det, der betyder mest for dig. <strong>For dig fra <a href=\"https:\/\/www.vita-explorers.dk\/blog\/humanitaer-forening-quebec\/\" target=\"_blank\" rel=\"noopener\">Qu\u00e9bec<\/a><\/strong>, hvor tempoet indimellem kan v\u00e6re h\u00f8jt, kan <strong>et sabbat\u00e5r<\/strong> v\u00e6re en k\u00e6rkommen mulighed for at s\u00e6nke farten, lade op og justere dine prioriteter.<\/p>\n<p style=\"text-align: justify;\">Kort sagt: Uanset om du overvejer <strong>praktik i udlandet<\/strong>, at engagere dig i <strong>et humanit\u00e6rt forl\u00f8b<\/strong> eller at <strong>tage et sabbat\u00e5r<\/strong>, kan erfaringerne give stor v\u00e6rdi \u2013 personligt, fagligt og socialt. Du f\u00e5r mulighed for at opdage nye perspektiver, <strong>udvikle dine kompetencer og din forst\u00e5else af verden<\/strong> og bidrage meningsfuldt til f\u00e6llesskabet. S\u00e5 hvorfor vente?<\/p>\n<p style=\"text-align: justify;\"><span style=\"font-size: 14pt;\"><strong>Tag det f\u00f8rste skridt \u2013 og lad dig inspirere af de mange muligheder, der \u00e5bner sig, n\u00e5r du tager ud i verden.<\/strong><\/span><\/p>\n<p style=\"text-align: justify;\"><strong>Udvid dine perspektiver i sygeplejen: Hvorfor sygeplejestuderende fra Qu\u00e9bec b\u00f8r overveje praktik i udlandet, et humanit\u00e6rt forl\u00f8b eller et sabbat\u00e5r<\/strong><\/p>\n<p style=\"text-align: justify;\"><strong>Sygeplejestuderende i Qu\u00e9bec<\/strong> er en del af et fag, der hver dag arbejder for menneskers og f\u00e6llesskabers trivsel. For dig, der gerne vil udvide dine perspektiver og styrke dit engagement i sundhed og omsorg, kan et <strong>praktikforl\u00f8b i udlandet<\/strong>, <strong>et humanit\u00e6rt forl\u00f8b eller et sabbat\u00e5r<\/strong> v\u00e6re et valg, der giver ekstra dybde. Her er, hvorfor det kan v\u00e6re s\u00e6rligt relevant for <strong>sygeplejestuderende fra Qu\u00e9bec:<\/strong><\/p>\n<h3 style=\"text-align: justify;\"><span style=\"font-size: 18pt;\"><strong>Tv\u00e6rkulturel og flersproget l\u00e6ring<\/strong><\/span><\/h3>\n<p style=\"text-align: justify;\"><strong>Qu\u00e9bec<\/strong> er kendetegnet ved b\u00e5de kulturel og sproglig mangfoldighed, og mange <strong>sygeplejestuderende<\/strong> har derfor en naturlig \u00e5benhed over for forskellige baggrunde. <strong>Et praktikforl\u00f8b i udlandet<\/strong> kan bygge videre p\u00e5 den erfaring ved at give indblik i andre kulturer og andre rammer for sundhedsarbejde end dem, man m\u00f8der hjemme. At arbejde i et milj\u00f8, hvor et andet sprog er dagligdag, kan samtidig <strong>styrke dine sproglige kompetencer<\/strong> \u2013 en klar fordel i en mere global hverdag.<\/p>\n<h3 style=\"text-align: justify;\"><span style=\"font-size: 18pt;\"><strong>Praktiske kompetencer og evnen til at omstille sig<\/strong><\/span><\/h3>\n<p style=\"text-align: justify;\">At arbejde i sundhedsrammer i udlandet eller i omr\u00e5der med f\u00e6rre ressourcer under <strong>humanit\u00e6re forl\u00f8b<\/strong> stiller <strong>sygeplejestuderende<\/strong> over for udfordringer, der udvikler b\u00e5de praktiske f\u00e6rdigheder og omstillingsevne. Du l\u00e6rer at navigere i begr\u00e6nsede ressourcer, t\u00e6nke kreativt i probleml\u00f8sning og samarbejde effektivt i teams \u2013 ogs\u00e5 n\u00e5r vilk\u00e5rene er kr\u00e6vende. Det er kompetencer, der er afg\u00f8rende for at <strong>kunne levere god og sikker pleje<\/strong> i forskellige sammenh\u00e6nge.<\/p>\n<h3 style=\"text-align: justify;\"><span style=\"font-size: 18pt;\"><strong>Engagement i solidaritet og mere lige adgang til sundhed<\/strong><\/span><\/h3>\n<p style=\"text-align: justify;\"><strong>Humanit\u00e6re forl\u00f8b giver sygeplejestuderende<\/strong> en konkret mulighed for at oms\u00e6tte v\u00e6rdier som solidaritet og lighed til handling. Ved at bidrage til pleje og sundhedsindsatser for mennesker, der st\u00e5r i s\u00e5rbare situationer, er du med til at mindske ulighed i sundhed og <strong>styrke adgangen til sundhedsydelser<\/strong>. Erfaringen kan samtidig \u00f8ge din forst\u00e5else for b\u00e5de globale og lokale sundhedsudfordringer \u2013 og din evne til at v\u00e6re en ansvarlig medskaber i dit eget fag og lokalsamfund.<\/p>\n<h3 style=\"text-align: justify;\"><span style=\"font-size: 18pt;\"><strong>Styrket robusthed og professionel empati<\/strong><\/span><\/h3>\n<p style=\"text-align: justify;\"><strong>Et sabbat\u00e5r<\/strong> kan give <strong>sygeplejestuderende<\/strong> et vigtigt pusterum til at lade op, t\u00e6nke sig om og styrke den f\u00f8lelsesm\u00e6ssige robusthed. N\u00e5r du tr\u00e6der lidt tilbage fra studiets krav, f\u00e5r du mulighed for at prioritere dit eget velbefindende \u2013 noget, der er centralt for at kunne holde til et langt arbejdsliv med mennesker. Tiden til refleksion kan ogs\u00e5 st\u00f8tte din professionelle empati, som er afg\u00f8rende for at skabe trygge relationer til patienter og p\u00e5r\u00f8rende.<\/p>\n<p style=\"text-align: justify;\">Afslutningsvis rummer <strong>sygeplejestuderende fra Qu\u00e9bec<\/strong> store muligheder i <strong>praktik i udlandet<\/strong>, humanit\u00e6re forl\u00f8b og sabbat\u00e5r \u2013 b\u00e5de for personlig udvikling og faglig styrkelse. Erfaringerne kan \u00e5bne nye perspektiver, sk\u00e6rpe dine kompetencer og give en dybere forst\u00e5else af verden, samtidig med at du bidrager meningsfuldt til menneskers og f\u00e6llesskabers trivsel \u2013 lokalt s\u00e5vel som internationalt. S\u00e5 hvorfor ikke gribe chancen for at g\u00f8re en forskel og samtidig udvide dine perspektiver som <strong>sygeplejestuderende fra Qu\u00e9bec?<\/strong><\/p>\n<h6 style=\"text-align: center;\"><span style=\"font-size: 12pt;\"><strong><b>Vil du vide mere om VITA Institute og vores community, s\u00e5 f\u00f8lg med p\u00e5\u00a0<\/b><a href=\"https:\/\/www.instagram.com\/globalongofficiel\/\"><span class=\"s2\"><b>Instagram<\/b><\/span><\/a><b>,\u00a0<\/b><a href=\"https:\/\/www.tiktok.com\/@globalong\"><span class=\"s2\"><b>TikTok<\/b><\/span><\/a><b>,\u00a0<\/b><a href=\"https:\/\/www.facebook.com\/globalong\"><span class=\"s2\"><b>Facebook<\/b><\/span><\/a><b>,\u00a0<\/b><a href=\"https:\/\/www.linkedin.com\/company\/5113177\/admin\/feed\/posts\/\"><span class=\"s2\"><b>LinkedIn<\/b><\/span><\/a><b>\u00a0og\u00a0<\/b><a href=\"https:\/\/www.youtube.com\/c\/globalong\/videos\"><span class=\"s2\"><b>Youtube<\/b><\/span><\/a><b>\u00a0<\/b><\/strong><\/span><\/h6>\n","protected":false},"excerpt":{"rendered":"<p>Praktik eller humanit\u00e6rt forl\u00f8b i udlandet for canadiere fra Qu\u00e9bec Hvorfor er praktik i udlandet, et humanit\u00e6rt forl\u00f8b eller et sabbat\u00e5r vigtigt i Canada\u2026<\/p>\n","protected":false},"author":7,"featured_media":14756,"comment_status":"open","ping_status":"open","sticky":false,"template":"","format":"standard","meta":{"footnotes":""},"categories":[11,10,8,6,468,472,4],"tags":[],"yoast_head":"<!-- This site is optimized with the Yoast SEO Premium plugin v23.4 (Yoast SEO v23.4) - https:\/\/yoast.com\/wordpress\/plugins\/seo\/ -->\n<title>Praktik eller humanit\u00e6rt ophold for canadiere fra Qu\u00e9bec - VITA Explorers Blog<\/title>\n<meta name=\"description\" content=\"Partez en stage \u00e9tudiant humanitaire depuis le Qu\u00e9bec. Gagnez une exp\u00e9rience internationale tout en contribuant \u00e0 des projets solidaires\" \/>\n<meta name=\"robots\" content=\"index, follow, max-snippet:-1, max-image-preview:large, max-video-preview:-1\" \/>\n<link rel=\"canonical\" href=\"https:\/\/www.vita-explorers.dk\/blog\/hvordan-faar-du-et-studiepraktikforloeb-eller-et-internationalt-forloeb-for-canadiere-fra-quebec\/\" \/>\n<meta property=\"og:locale\" content=\"da_DK\" \/>\n<meta property=\"og:type\" content=\"article\" \/>\n<meta property=\"og:title\" content=\"Praktik eller humanit\u00e6rt ophold for canadiere fra Qu\u00e9bec\" \/>\n<meta property=\"og:description\" content=\"Partez en stage \u00e9tudiant humanitaire depuis le Qu\u00e9bec. Gagnez une exp\u00e9rience internationale tout en contribuant \u00e0 des projets solidaires\" \/>\n<meta property=\"og:url\" content=\"https:\/\/www.vita-explorers.dk\/blog\/hvordan-faar-du-et-studiepraktikforloeb-eller-et-internationalt-forloeb-for-canadiere-fra-quebec\/\" \/>\n<meta property=\"og:site_name\" content=\"VITA Explorers Blog\" \/>\n<meta property=\"article:publisher\" content=\"https:\/\/www.facebook.com\/globalong\" \/>\n<meta property=\"article:published_time\" content=\"2024-04-05T09:36:10+00:00\" \/>\n<meta property=\"article:modified_time\" content=\"2024-11-15T08:43:40+00:00\" \/>\n<meta property=\"og:image\" content=\"https:\/\/www.vita-explorers.dk\/blog\/wp-content\/uploads\/2022\/12\/unnamed-2-scaled.jpg\" \/>\n\t<meta property=\"og:image:width\" content=\"2560\" \/>\n\t<meta property=\"og:image:height\" content=\"1920\" \/>\n\t<meta property=\"og:image:type\" content=\"image\/jpeg\" \/>\n<meta name=\"author\" content=\"VITA Tribe\" \/>\n<meta name=\"twitter:card\" content=\"summary_large_image\" \/>\n<meta name=\"twitter:label1\" content=\"Skrevet af\" \/>\n\t<meta name=\"twitter:data1\" content=\"VITA Tribe\" \/>\n\t<meta name=\"twitter:label2\" content=\"Estimeret l\u00e6setid\" \/>\n\t<meta name=\"twitter:data2\" content=\"6 minutter\" \/>\n<script type=\"application\/ld+json\" class=\"yoast-schema-graph\">{\"@context\":\"https:\/\/schema.org\",\"@graph\":[{\"@type\":\"Article\",\"@id\":\"https:\/\/www.vita-explorers.dk\/blog\/hvordan-faar-du-et-studiepraktikforloeb-eller-et-internationalt-forloeb-for-canadiere-fra-quebec\/#article\",\"isPartOf\":{\"@id\":\"https:\/\/www.vita-explorers.dk\/blog\/hvordan-faar-du-et-studiepraktikforloeb-eller-et-internationalt-forloeb-for-canadiere-fra-quebec\/\"},\"author\":{\"name\":\"VITA Tribe\",\"@id\":\"https:\/\/www.vita-explorers.dk\/blog\/#\/schema\/person\/fc0343a2f2db2ebb2793c1f62dbe73f0\"},\"headline\":\"Praktik eller humanit\u00e6rt ophold for canadiere fra Qu\u00e9bec\",\"datePublished\":\"2024-04-05T09:36:10+00:00\",\"dateModified\":\"2024-11-15T08:43:40+00:00\",\"mainEntityOfPage\":{\"@id\":\"https:\/\/www.vita-explorers.dk\/blog\/hvordan-faar-du-et-studiepraktikforloeb-eller-et-internationalt-forloeb-for-canadiere-fra-quebec\/\"},\"wordCount\":1177,\"commentCount\":2,\"publisher\":{\"@id\":\"https:\/\/www.vita-explorers.dk\/blog\/#organization\"},\"image\":{\"@id\":\"https:\/\/www.vita-explorers.dk\/blog\/hvordan-faar-du-et-studiepraktikforloeb-eller-et-internationalt-forloeb-for-canadiere-fra-quebec\/#primaryimage\"},\"thumbnailUrl\":\"https:\/\/www.vita-explorers.dk\/blog\/wp-content\/uploads\/2022\/12\/unnamed-2-scaled.jpg\",\"articleSection\":[\"Amerika\",\"Europa\",\"Humanit\u00e6rt frivilligt arbejde\",\"Nyheder\",\"Oceanien\",\"Oplysning\",\"VITA Explorers\"],\"inLanguage\":\"da-DK\",\"potentialAction\":[{\"@type\":\"CommentAction\",\"name\":\"Comment\",\"target\":[\"https:\/\/www.vita-explorers.dk\/blog\/hvordan-faar-du-et-studiepraktikforloeb-eller-et-internationalt-forloeb-for-canadiere-fra-quebec\/#respond\"]}]},{\"@type\":\"WebPage\",\"@id\":\"https:\/\/www.vita-explorers.dk\/blog\/hvordan-faar-du-et-studiepraktikforloeb-eller-et-internationalt-forloeb-for-canadiere-fra-quebec\/\",\"url\":\"https:\/\/www.vita-explorers.dk\/blog\/hvordan-faar-du-et-studiepraktikforloeb-eller-et-internationalt-forloeb-for-canadiere-fra-quebec\/\",\"name\":\"Praktik eller humanit\u00e6rt ophold for canadiere fra Qu\u00e9bec - VITA Explorers Blog\",\"isPartOf\":{\"@id\":\"https:\/\/www.vita-explorers.dk\/blog\/#website\"},\"primaryImageOfPage\":{\"@id\":\"https:\/\/www.vita-explorers.dk\/blog\/hvordan-faar-du-et-studiepraktikforloeb-eller-et-internationalt-forloeb-for-canadiere-fra-quebec\/#primaryimage\"},\"image\":{\"@id\":\"https:\/\/www.vita-explorers.dk\/blog\/hvordan-faar-du-et-studiepraktikforloeb-eller-et-internationalt-forloeb-for-canadiere-fra-quebec\/#primaryimage\"},\"thumbnailUrl\":\"https:\/\/www.vita-explorers.dk\/blog\/wp-content\/uploads\/2022\/12\/unnamed-2-scaled.jpg\",\"datePublished\":\"2024-04-05T09:36:10+00:00\",\"dateModified\":\"2024-11-15T08:43:40+00:00\",\"description\":\"Partez en stage \u00e9tudiant humanitaire depuis le Qu\u00e9bec. Gagnez une exp\u00e9rience internationale tout en contribuant \u00e0 des projets solidaires\",\"breadcrumb\":{\"@id\":\"https:\/\/www.vita-explorers.dk\/blog\/hvordan-faar-du-et-studiepraktikforloeb-eller-et-internationalt-forloeb-for-canadiere-fra-quebec\/#breadcrumb\"},\"inLanguage\":\"da-DK\",\"potentialAction\":[{\"@type\":\"ReadAction\",\"target\":[\"https:\/\/www.vita-explorers.dk\/blog\/hvordan-faar-du-et-studiepraktikforloeb-eller-et-internationalt-forloeb-for-canadiere-fra-quebec\/\"]}]},{\"@type\":\"ImageObject\",\"inLanguage\":\"da-DK\",\"@id\":\"https:\/\/www.vita-explorers.dk\/blog\/hvordan-faar-du-et-studiepraktikforloeb-eller-et-internationalt-forloeb-for-canadiere-fra-quebec\/#primaryimage\",\"url\":\"https:\/\/www.vita-explorers.dk\/blog\/wp-content\/uploads\/2022\/12\/unnamed-2-scaled.jpg\",\"contentUrl\":\"https:\/\/www.vita-explorers.dk\/blog\/wp-content\/uploads\/2022\/12\/unnamed-2-scaled.jpg\",\"width\":2560,\"height\":1920,\"caption\":\"B\u00e9n\u00e9voles travaillant ensemble sur un projet de b\u00e9n\u00e9volat \u00e0 l'\u00e9tranger\"},{\"@type\":\"BreadcrumbList\",\"@id\":\"https:\/\/www.vita-explorers.dk\/blog\/hvordan-faar-du-et-studiepraktikforloeb-eller-et-internationalt-forloeb-for-canadiere-fra-quebec\/#breadcrumb\",\"itemListElement\":[{\"@type\":\"ListItem\",\"position\":1,\"name\":\"Accueil\",\"item\":\"https:\/\/www.vita-explorers.dk\/blog\/\"},{\"@type\":\"ListItem\",\"position\":2,\"name\":\"Praktik eller humanit\u00e6rt ophold for canadiere fra Qu\u00e9bec\"}]},{\"@type\":\"WebSite\",\"@id\":\"https:\/\/www.vita-explorers.dk\/blog\/#website\",\"url\":\"https:\/\/www.vita-explorers.dk\/blog\/\",\"name\":\"Association Globalong\",\"description\":\"Frivilligt arbejde, sprogophold, praktik i udlandet og internationale oplevelser\",\"publisher\":{\"@id\":\"https:\/\/www.vita-explorers.dk\/blog\/#organization\"},\"potentialAction\":[{\"@type\":\"SearchAction\",\"target\":{\"@type\":\"EntryPoint\",\"urlTemplate\":\"https:\/\/www.vita-explorers.dk\/blog\/?s={search_term_string}\"},\"query-input\":{\"@type\":\"PropertyValueSpecification\",\"valueRequired\":true,\"valueName\":\"search_term_string\"}}],\"inLanguage\":\"da-DK\"},{\"@type\":\"Organization\",\"@id\":\"https:\/\/www.vita-explorers.dk\/blog\/#organization\",\"name\":\"Association Globalong\",\"url\":\"https:\/\/www.vita-explorers.dk\/blog\/\",\"logo\":{\"@type\":\"ImageObject\",\"inLanguage\":\"da-DK\",\"@id\":\"https:\/\/www.vita-explorers.dk\/blog\/#\/schema\/logo\/image\/\",\"url\":\"https:\/\/www.globalong.com\/blog\/wp-content\/uploads\/2014\/11\/cropped-cropped-Logo-et-Afrique-Globalong-petite-taille-2.jpg\",\"contentUrl\":\"https:\/\/www.globalong.com\/blog\/wp-content\/uploads\/2014\/11\/cropped-cropped-Logo-et-Afrique-Globalong-petite-taille-2.jpg\",\"width\":512,\"height\":512,\"caption\":\"Association Globalong\"},\"image\":{\"@id\":\"https:\/\/www.vita-explorers.dk\/blog\/#\/schema\/logo\/image\/\"},\"sameAs\":[\"https:\/\/www.facebook.com\/globalong\"]},{\"@type\":\"Person\",\"@id\":\"https:\/\/www.vita-explorers.dk\/blog\/#\/schema\/person\/fc0343a2f2db2ebb2793c1f62dbe73f0\",\"name\":\"VITA Tribe\",\"image\":{\"@type\":\"ImageObject\",\"inLanguage\":\"da-DK\",\"@id\":\"https:\/\/www.vita-explorers.dk\/blog\/#\/schema\/person\/image\/\",\"url\":\"https:\/\/secure.gravatar.com\/avatar\/f7f05026bb439d0c96b30e135e5f852c?s=96&d=mm&r=g\",\"contentUrl\":\"https:\/\/secure.gravatar.com\/avatar\/f7f05026bb439d0c96b30e135e5f852c?s=96&d=mm&r=g\",\"caption\":\"VITA Tribe\"},\"sameAs\":[\"http:\/\/www.globalong.com\"],\"url\":\"https:\/\/www.vita-explorers.dk\/blog\/author\/teamglobalong\/\"}]}<\/script>\n<!-- \/ Yoast SEO Premium plugin. -->","yoast_head_json":{"title":"Praktik eller humanit\u00e6rt ophold for canadiere fra Qu\u00e9bec - VITA Explorers Blog","description":"Partez en stage \u00e9tudiant humanitaire depuis le Qu\u00e9bec. Gagnez une exp\u00e9rience internationale tout en contribuant \u00e0 des projets solidaires","robots":{"index":"index","follow":"follow","max-snippet":"max-snippet:-1","max-image-preview":"max-image-preview:large","max-video-preview":"max-video-preview:-1"},"canonical":"https:\/\/www.vita-explorers.dk\/blog\/hvordan-faar-du-et-studiepraktikforloeb-eller-et-internationalt-forloeb-for-canadiere-fra-quebec\/","og_locale":"da_DK","og_type":"article","og_title":"Praktik eller humanit\u00e6rt ophold for canadiere fra Qu\u00e9bec","og_description":"Partez en stage \u00e9tudiant humanitaire depuis le Qu\u00e9bec. Gagnez une exp\u00e9rience internationale tout en contribuant \u00e0 des projets solidaires","og_url":"https:\/\/www.vita-explorers.dk\/blog\/hvordan-faar-du-et-studiepraktikforloeb-eller-et-internationalt-forloeb-for-canadiere-fra-quebec\/","og_site_name":"VITA Explorers Blog","article_publisher":"https:\/\/www.facebook.com\/globalong","article_published_time":"2024-04-05T09:36:10+00:00","article_modified_time":"2024-11-15T08:43:40+00:00","og_image":[{"width":2560,"height":1920,"url":"https:\/\/www.vita-explorers.dk\/blog\/wp-content\/uploads\/2022\/12\/unnamed-2-scaled.jpg","type":"image\/jpeg"}],"author":"VITA Tribe","twitter_card":"summary_large_image","twitter_misc":{"Skrevet af":"VITA Tribe","Estimeret l\u00e6setid":"6 minutter"},"schema":{"@context":"https:\/\/schema.org","@graph":[{"@type":"Article","@id":"https:\/\/www.vita-explorers.dk\/blog\/hvordan-faar-du-et-studiepraktikforloeb-eller-et-internationalt-forloeb-for-canadiere-fra-quebec\/#article","isPartOf":{"@id":"https:\/\/www.vita-explorers.dk\/blog\/hvordan-faar-du-et-studiepraktikforloeb-eller-et-internationalt-forloeb-for-canadiere-fra-quebec\/"},"author":{"name":"VITA Tribe","@id":"https:\/\/www.vita-explorers.dk\/blog\/#\/schema\/person\/fc0343a2f2db2ebb2793c1f62dbe73f0"},"headline":"Praktik eller humanit\u00e6rt ophold for canadiere fra Qu\u00e9bec","datePublished":"2024-04-05T09:36:10+00:00","dateModified":"2024-11-15T08:43:40+00:00","mainEntityOfPage":{"@id":"https:\/\/www.vita-explorers.dk\/blog\/hvordan-faar-du-et-studiepraktikforloeb-eller-et-internationalt-forloeb-for-canadiere-fra-quebec\/"},"wordCount":1177,"commentCount":2,"publisher":{"@id":"https:\/\/www.vita-explorers.dk\/blog\/#organization"},"image":{"@id":"https:\/\/www.vita-explorers.dk\/blog\/hvordan-faar-du-et-studiepraktikforloeb-eller-et-internationalt-forloeb-for-canadiere-fra-quebec\/#primaryimage"},"thumbnailUrl":"https:\/\/www.vita-explorers.dk\/blog\/wp-content\/uploads\/2022\/12\/unnamed-2-scaled.jpg","articleSection":["Amerika","Europa","Humanit\u00e6rt frivilligt arbejde","Nyheder","Oceanien","Oplysning","VITA Explorers"],"inLanguage":"da-DK","potentialAction":[{"@type":"CommentAction","name":"Comment","target":["https:\/\/www.vita-explorers.dk\/blog\/hvordan-faar-du-et-studiepraktikforloeb-eller-et-internationalt-forloeb-for-canadiere-fra-quebec\/#respond"]}]},{"@type":"WebPage","@id":"https:\/\/www.vita-explorers.dk\/blog\/hvordan-faar-du-et-studiepraktikforloeb-eller-et-internationalt-forloeb-for-canadiere-fra-quebec\/","url":"https:\/\/www.vita-explorers.dk\/blog\/hvordan-faar-du-et-studiepraktikforloeb-eller-et-internationalt-forloeb-for-canadiere-fra-quebec\/","name":"Praktik eller humanit\u00e6rt ophold for canadiere fra Qu\u00e9bec - VITA Explorers Blog","isPartOf":{"@id":"https:\/\/www.vita-explorers.dk\/blog\/#website"},"primaryImageOfPage":{"@id":"https:\/\/www.vita-explorers.dk\/blog\/hvordan-faar-du-et-studiepraktikforloeb-eller-et-internationalt-forloeb-for-canadiere-fra-quebec\/#primaryimage"},"image":{"@id":"https:\/\/www.vita-explorers.dk\/blog\/hvordan-faar-du-et-studiepraktikforloeb-eller-et-internationalt-forloeb-for-canadiere-fra-quebec\/#primaryimage"},"thumbnailUrl":"https:\/\/www.vita-explorers.dk\/blog\/wp-content\/uploads\/2022\/12\/unnamed-2-scaled.jpg","datePublished":"2024-04-05T09:36:10+00:00","dateModified":"2024-11-15T08:43:40+00:00","description":"Partez en stage \u00e9tudiant humanitaire depuis le Qu\u00e9bec. Gagnez une exp\u00e9rience internationale tout en contribuant \u00e0 des projets solidaires","breadcrumb":{"@id":"https:\/\/www.vita-explorers.dk\/blog\/hvordan-faar-du-et-studiepraktikforloeb-eller-et-internationalt-forloeb-for-canadiere-fra-quebec\/#breadcrumb"},"inLanguage":"da-DK","potentialAction":[{"@type":"ReadAction","target":["https:\/\/www.vita-explorers.dk\/blog\/hvordan-faar-du-et-studiepraktikforloeb-eller-et-internationalt-forloeb-for-canadiere-fra-quebec\/"]}]},{"@type":"ImageObject","inLanguage":"da-DK","@id":"https:\/\/www.vita-explorers.dk\/blog\/hvordan-faar-du-et-studiepraktikforloeb-eller-et-internationalt-forloeb-for-canadiere-fra-quebec\/#primaryimage","url":"https:\/\/www.vita-explorers.dk\/blog\/wp-content\/uploads\/2022\/12\/unnamed-2-scaled.jpg","contentUrl":"https:\/\/www.vita-explorers.dk\/blog\/wp-content\/uploads\/2022\/12\/unnamed-2-scaled.jpg","width":2560,"height":1920,"caption":"B\u00e9n\u00e9voles travaillant ensemble sur un projet de b\u00e9n\u00e9volat \u00e0 l'\u00e9tranger"},{"@type":"BreadcrumbList","@id":"https:\/\/www.vita-explorers.dk\/blog\/hvordan-faar-du-et-studiepraktikforloeb-eller-et-internationalt-forloeb-for-canadiere-fra-quebec\/#breadcrumb","itemListElement":[{"@type":"ListItem","position":1,"name":"Accueil","item":"https:\/\/www.vita-explorers.dk\/blog\/"},{"@type":"ListItem","position":2,"name":"Praktik eller humanit\u00e6rt ophold for canadiere fra Qu\u00e9bec"}]},{"@type":"WebSite","@id":"https:\/\/www.vita-explorers.dk\/blog\/#website","url":"https:\/\/www.vita-explorers.dk\/blog\/","name":"Association Globalong","description":"Frivilligt arbejde, sprogophold, praktik i udlandet og internationale oplevelser","publisher":{"@id":"https:\/\/www.vita-explorers.dk\/blog\/#organization"},"potentialAction":[{"@type":"SearchAction","target":{"@type":"EntryPoint","urlTemplate":"https:\/\/www.vita-explorers.dk\/blog\/?s={search_term_string}"},"query-input":{"@type":"PropertyValueSpecification","valueRequired":true,"valueName":"search_term_string"}}],"inLanguage":"da-DK"},{"@type":"Organization","@id":"https:\/\/www.vita-explorers.dk\/blog\/#organization","name":"Association Globalong","url":"https:\/\/www.vita-explorers.dk\/blog\/","logo":{"@type":"ImageObject","inLanguage":"da-DK","@id":"https:\/\/www.vita-explorers.dk\/blog\/#\/schema\/logo\/image\/","url":"https:\/\/www.globalong.com\/blog\/wp-content\/uploads\/2014\/11\/cropped-cropped-Logo-et-Afrique-Globalong-petite-taille-2.jpg","contentUrl":"https:\/\/www.globalong.com\/blog\/wp-content\/uploads\/2014\/11\/cropped-cropped-Logo-et-Afrique-Globalong-petite-taille-2.jpg","width":512,"height":512,"caption":"Association Globalong"},"image":{"@id":"https:\/\/www.vita-explorers.dk\/blog\/#\/schema\/logo\/image\/"},"sameAs":["https:\/\/www.facebook.com\/globalong"]},{"@type":"Person","@id":"https:\/\/www.vita-explorers.dk\/blog\/#\/schema\/person\/fc0343a2f2db2ebb2793c1f62dbe73f0","name":"VITA Tribe","image":{"@type":"ImageObject","inLanguage":"da-DK","@id":"https:\/\/www.vita-explorers.dk\/blog\/#\/schema\/person\/image\/","url":"https:\/\/secure.gravatar.com\/avatar\/f7f05026bb439d0c96b30e135e5f852c?s=96&d=mm&r=g","contentUrl":"https:\/\/secure.gravatar.com\/avatar\/f7f05026bb439d0c96b30e135e5f852c?s=96&d=mm&r=g","caption":"VITA Tribe"},"sameAs":["http:\/\/www.globalong.com"],"url":"https:\/\/www.vita-explorers.dk\/blog\/author\/teamglobalong\/"}]}},"_links":{"self":[{"href":"https:\/\/www.vita-explorers.dk\/blog\/wp-json\/wp\/v2\/posts\/16108"}],"collection":[{"href":"https:\/\/www.vita-explorers.dk\/blog\/wp-json\/wp\/v2\/posts"}],"about":[{"href":"https:\/\/www.vita-explorers.dk\/blog\/wp-json\/wp\/v2\/types\/post"}],"author":[{"embeddable":true,"href":"https:\/\/www.vita-explorers.dk\/blog\/wp-json\/wp\/v2\/users\/7"}],"replies":[{"embeddable":true,"href":"https:\/\/www.vita-explorers.dk\/blog\/wp-json\/wp\/v2\/comments?post=16108"}],"version-history":[{"count":15,"href":"https:\/\/www.vita-explorers.dk\/blog\/wp-json\/wp\/v2\/posts\/16108\/revisions"}],"predecessor-version":[{"id":18868,"href":"https:\/\/www.vita-explorers.dk\/blog\/wp-json\/wp\/v2\/posts\/16108\/revisions\/18868"}],"wp:featuredmedia":[{"embeddable":true,"href":"https:\/\/www.vita-explorers.dk\/blog\/wp-json\/wp\/v2\/media\/14756"}],"wp:attachment":[{"href":"https:\/\/www.vita-explorers.dk\/blog\/wp-json\/wp\/v2\/media?parent=16108"}],"wp:term":[{"taxonomy":"category","embeddable":true,"href":"https:\/\/www.vita-explorers.dk\/blog\/wp-json\/wp\/v2\/categories?post=16108"},{"taxonomy":"post_tag","embeddable":true,"href":"https:\/\/www.vita-explorers.dk\/blog\/wp-json\/wp\/v2\/tags?post=16108"}],"curies":[{"name":"wp","href":"https:\/\/api.w.org\/{rel}","templated":true}]}}