{"id":16182,"date":"2024-04-22T09:57:15","date_gmt":"2024-04-22T07:57:15","guid":{"rendered":"https:\/\/www.globalong.com\/blog\/?p=16182"},"modified":"2025-09-08T18:48:22","modified_gmt":"2025-09-08T16:48:22","slug":"engager-dig-i-internationalt-frivilligt-arbejde-og-solidaritet","status":"publish","type":"post","link":"https:\/\/www.vita-explorers.dk\/blog\/engager-dig-i-internationalt-frivilligt-arbejde-og-solidaritet\/","title":{"rendered":"Internationalt frivilligt arbejde og solidaritet"},"content":{"rendered":"<h1 style=\"text-align: justify;\"><span style=\"font-size: 18pt;\">Engag\u00e9r dig i internationalt frivilligt arbejde og solidaritet<\/span><\/h1>\n<p style=\"text-align: justify;\"><strong>VITA Institute<\/strong> arbejder for ansvarlige, internationale forl\u00f8b og st\u00e6rke f\u00e6llesskaber \u2013 i t\u00e6t dialog med de milj\u00f8er, hvor aktiviteterne foreg\u00e5r.<\/p>\n<h2 style=\"text-align: justify;\"><span style=\"font-size: 12pt;\"><strong>VITA Explorers\u2019 rolle: S\u00e6tte fokus, styrke kompetencer og handle<\/strong><\/span><\/h2>\n<p style=\"text-align: justify;\"><strong>Vores indsats handler om at skabe viden, opbygge kompetencer og bidrage i praksis inden for socio-p\u00e6dagogik, milj\u00f8, sundhed og kultur,<\/strong> b\u00e5de i Danmark og internationalt. Vi arbejder for <a href=\"https:\/\/www.vita-explorers.dk\/charte-volontaire-benevolat-international-humanitaire.html\" target=\"_blank\" rel=\"noopener\">internationalt frivilligt arbejde<\/a>, <strong>engagement og b\u00e6redygtige l\u00f8sninger, der styrker mennesker og lokalsamfund.<\/strong><\/p>\n<h3 style=\"text-align: justify;\"><span style=\"font-size: 12pt;\"><strong>Vores indsats for en mere b\u00e6redygtig verden<\/strong><\/span><\/h3>\n<p style=\"text-align: justify;\"><strong>VITA Institute fremmer sprog- og kulturudveksling<\/strong> <strong>og st\u00f8tter solidaritet p\u00e5 tv\u00e6rs af lande.<\/strong> Vi bakker op om social ansvarlig \u00f8konomi gennem initiativer som <strong>fair trade, \u00f8kologisk landbrug og ansvarlige rejser.<\/strong> Samtidig arbejder vi med <strong>lokal udvikling og mod social eksklusion.<\/strong><\/p>\n<h4 style=\"text-align: justify;\"><span style=\"font-size: 12pt;\"><strong>Langsigtet og ansvarligt engagement<\/strong><\/span><\/h4>\n<p style=\"text-align: justify;\"><strong>VITA Institute ledes af en bestyrelse, der arbejder aktivt for at forebygge faldgruberne ved voluntourism.<\/strong> Vi st\u00f8tter vores medlemmer i deres <a href=\"https:\/\/www.vita-explorers.dk\/volontariat-international.html\" target=\"_blank\" rel=\"noopener\">lokale eller internationale forl\u00f8b<\/a> og tilbyder \u2013 n\u00e5r det er muligt \u2013 sproglig forberedelse. Hos VITA tror vi p\u00e5 <strong>langvarigt engagement<\/strong> og p\u00e5, at <strong>frivillighed og solidaritet<\/strong> er centrale byggesten i et ansvarligt medborgerskab.<\/p>\n<p style=\"text-align: justify;\"><strong>Bliv <a href=\"https:\/\/www.vita-explorers.dk\/blog\/vita-medlemskab-kontingent-skattefradrag-frivilligt-arbejde-lokalt-internationalt-humanitaert-erfaringer\/\" target=\"_blank\" rel=\"noopener\">medlem<\/a><\/strong><\/p>\n<p style=\"text-align: justify;\">For at blive en del af vores community betaler du et <strong>opstartsgebyr p\u00e5 200 \u20ac.<\/strong> Medlemmer fritages for \u00e5rligt kontingent efter det f\u00f8rste \u00e5r i en periode p\u00e5 8 \u00e5r, med mulighed for forl\u00e6ngelse. Bel\u00f8bet er sat for at <strong>underst\u00f8tte et langvarigt og forpligtende engagement.<\/strong><\/p>\n<h5 style=\"text-align: justify;\"><span style=\"font-size: 12pt;\"><strong>V\u00e6r med i vores aktiviteter<\/strong><\/span><\/h5>\n<p style=\"text-align: justify;\">Vores deltagere bidrager <strong>i Danmark og internationalt<\/strong> p\u00e5 forskellige projekter. VITA Institute st\u00f8tter ogs\u00e5 andre initiativer i Danmark. Hvis du er nysgerrig p\u00e5 <strong>internationalt frivilligt arbejde, frivilligt arbejde i udlandet eller sprogforl\u00f8b,<\/strong> s\u00e5 skriv til os p\u00e5 <strong><a target=\"_new\" rel=\"noopener\">info@globalong.com<\/a>.<\/strong><\/p>\n<p style=\"text-align: justify;\"><a href=\"https:\/\/www.vita-explorers.dk\/engagements-globalong.html\" target=\"_blank\" rel=\"noopener\">L\u00e6s mere om VITA Institute<\/a><\/p>\n<p style=\"text-align: justify;\">Udforsk vores online ressourcer og f\u00e5 et bedre indblik i vores arbejde, v\u00e6rdier og projekter. <strong>V\u00e6r med til at skabe mere solidaritet og b\u00e6redygtige l\u00f8sninger.<\/strong><\/p>\n<h6><span style=\"font-size: 12pt;\"><strong>Internationalt frivilligt arbejde: Oplev en ny kultur og bidrag meningsfuldt<\/strong><\/span><\/h6>\n<p><strong>Internationalt frivilligt arbejde<\/strong> giver en s\u00e6rlig mulighed for at l\u00e6re en anden kultur at kende, samtidig med at du <strong>bidrager til konkrete, lokale indsatser.<\/strong> Ved at indg\u00e5 i forl\u00f8b sammen med organisationer og teams p\u00e5 stedet kan du <strong>styrke dine sprogkompetencer hurtigt,<\/strong> fx <a href=\"https:\/\/www.vita-explorers.dk\/sprogophold\/\" target=\"_blank\" rel=\"noopener\">engelsk eller spansk,<\/a> og samtidig opbygge v\u00e6rdifuld erfaring.<\/p>\n<p><strong>Gensidigt engagement og positiv effekt<\/strong><\/p>\n<p>Erfaringen er baseret p\u00e5 gensidighed og giver mening b\u00e5de for deltagere og lokalsamfund. <strong>Gennem kulturudveksling<\/strong> er du med til at styrke relationer p\u00e5 tv\u00e6rs af gr\u00e6nser og fremme <strong>v\u00e6rdier som respekt, tolerance og fred.<\/strong><\/p>\n<p><strong>Faglighed og st\u00f8tte undervejs<\/strong><\/p>\n<p>Vores erfarne internationale teams, som arbejder p\u00e5 engelsk eller spansk, hj\u00e6lper dig gennem hele dit forl\u00f8b. <strong>Du bliver m\u00f8dt af kompetente fagpersoner<\/strong>, der st\u00f8tter dig i at f\u00e5 mest muligt ud af din erfaring.<\/p>\n<p><strong>En VITA Explorer deler sin oplevelse<\/strong><\/p>\n<p>David, medlem af VITA, fort\u00e6ller om sin tid i Tanzania:<\/p>\n<p><strong>&#8220;At tage p\u00e5 et frivilligt forl\u00f8b i Tanzania var en af de bedste beslutninger i mit liv. At undervise i engelsk p\u00e5 et b\u00f8rnecenter og st\u00f8tte de helt sm\u00e5 b\u00f8rn l\u00e6rte mig enormt meget om mig selv. Gennem VITA fik jeg mulighed for at m\u00f8de andre studerende f\u00f8r afrejse, og det gav mig ro. At jeg endte med at forl\u00e6nge opholdet, siger meget om den positive forskel, jeg oplevede at kunne bidrage med.&#8221;<\/strong><\/p>\n<h3><strong>S\u00e5dan deltager du i et forl\u00f8b med frivilligt arbejde og solidaritet<\/strong><\/h3>\n<p><a href=\"http:\/\/globalong.com\" target=\"_blank\" rel=\"noopener\">For at blive en del af vores internationale forl\u00f8b<\/a> skal du blot ans\u00f8ge online. Alt efter dine muligheder og interesser kan du <strong>v\u00e6lge varigheden af dit engagement.<\/strong> Bem\u00e6rk, at nogle forl\u00f8b kr\u00e6ver et minimum antal uger, s\u00e6rligt inden for sundhedsomr\u00e5det.<\/p>\n<p><strong>Deltag i meningsfulde indsatser, mens du oplever verden. Bliv en del af VITA i dag.<\/strong><\/p>\n<p class=\"p4\" style=\"text-align: center;\"><strong>Har du sp\u00f8rgsm\u00e5l, er du velkommen til at kontakte os p\u00e5 <a href=\"mailto:info@globalong.com\"><span class=\"s2\">info@globalong.com<\/span><\/a><\/strong><\/p>\n<p class=\"p4\" style=\"text-align: center;\"><strong>Vil du f\u00f8lge med i VITA Institute og vores community, s\u00e5 find os p\u00e5 <a href=\"https:\/\/www.instagram.com\/globalongofficiel\/\"><span class=\"s2\">Instagram<\/span><\/a>, <a href=\"https:\/\/www.facebook.com\/globalong\"><span class=\"s2\">Facebook<\/span><\/a>, <a href=\"https:\/\/www.linkedin.com\/company\/5113177\/admin\/feed\/posts\/\"><span class=\"s2\">LinkedIn<\/span><\/a> og <a href=\"https:\/\/www.youtube.com\/c\/globalong\/videos\"><span class=\"s2\">Youtube<\/span><\/a> ! <\/strong><\/p>\n<p style=\"text-align: justify;\">\n","protected":false},"excerpt":{"rendered":"<p>Engag\u00e9r dig i internationalt frivilligt arbejde og solidaritet VITA Institute arbejder for ansvarlige, internationale forl\u00f8b og st\u00e6rke f\u00e6llesskaber \u2013 i t\u00e6t dialog med de\u2026<\/p>\n","protected":false},"author":7,"featured_media":15645,"comment_status":"open","ping_status":"open","sticky":false,"template":"","format":"standard","meta":{"footnotes":""},"categories":[8,470,6,4],"tags":[],"yoast_head":"<!-- This site is optimized with the Yoast SEO Premium plugin v23.4 (Yoast SEO v23.4) - https:\/\/yoast.com\/wordpress\/plugins\/seo\/ -->\n<title>Internationalt frivilligt arbejde og solidaritet - VITA Explorers Blog<\/title>\n<meta name=\"description\" content=\"D\u00e9couvrez les opportunit\u00e9s de volontariat international et les initiatives de solidarit\u00e9 \u00e0 travers le monde. Engagez-vous en 2025 et 2026\" \/>\n<meta name=\"robots\" content=\"index, follow, max-snippet:-1, max-image-preview:large, max-video-preview:-1\" \/>\n<link rel=\"canonical\" href=\"https:\/\/www.vita-explorers.dk\/blog\/engager-dig-i-internationalt-frivilligt-arbejde-og-solidaritet\/\" \/>\n<meta property=\"og:locale\" content=\"da_DK\" \/>\n<meta property=\"og:type\" content=\"article\" \/>\n<meta property=\"og:title\" content=\"Internationalt frivilligt arbejde og solidaritet\" \/>\n<meta property=\"og:description\" content=\"D\u00e9couvrez les opportunit\u00e9s de volontariat international et les initiatives de solidarit\u00e9 \u00e0 travers le monde. Engagez-vous en 2025 et 2026\" \/>\n<meta property=\"og:url\" content=\"https:\/\/www.vita-explorers.dk\/blog\/engager-dig-i-internationalt-frivilligt-arbejde-og-solidaritet\/\" \/>\n<meta property=\"og:site_name\" content=\"VITA Explorers Blog\" \/>\n<meta property=\"article:publisher\" content=\"https:\/\/www.facebook.com\/globalong\" \/>\n<meta property=\"article:published_time\" content=\"2024-04-22T07:57:15+00:00\" \/>\n<meta property=\"article:modified_time\" content=\"2025-09-08T16:48:22+00:00\" \/>\n<meta property=\"og:image\" content=\"https:\/\/www.vita-explorers.dk\/blog\/wp-content\/uploads\/2023\/08\/globalong-2-1.png\" \/>\n\t<meta property=\"og:image:width\" content=\"958\" \/>\n\t<meta property=\"og:image:height\" content=\"964\" \/>\n\t<meta property=\"og:image:type\" content=\"image\/png\" \/>\n<meta name=\"author\" content=\"VITA Tribe\" \/>\n<meta name=\"twitter:card\" content=\"summary_large_image\" \/>\n<meta name=\"twitter:label1\" content=\"Skrevet af\" \/>\n\t<meta name=\"twitter:data1\" content=\"VITA Tribe\" \/>\n\t<meta name=\"twitter:label2\" content=\"Estimeret l\u00e6setid\" \/>\n\t<meta name=\"twitter:data2\" content=\"4 minutter\" \/>\n<script type=\"application\/ld+json\" class=\"yoast-schema-graph\">{\"@context\":\"https:\/\/schema.org\",\"@graph\":[{\"@type\":\"Article\",\"@id\":\"https:\/\/www.vita-explorers.dk\/blog\/engager-dig-i-internationalt-frivilligt-arbejde-og-solidaritet\/#article\",\"isPartOf\":{\"@id\":\"https:\/\/www.vita-explorers.dk\/blog\/engager-dig-i-internationalt-frivilligt-arbejde-og-solidaritet\/\"},\"author\":{\"name\":\"VITA Tribe\",\"@id\":\"https:\/\/www.vita-explorers.dk\/blog\/#\/schema\/person\/fc0343a2f2db2ebb2793c1f62dbe73f0\"},\"headline\":\"Internationalt frivilligt arbejde og solidaritet\",\"datePublished\":\"2024-04-22T07:57:15+00:00\",\"dateModified\":\"2025-09-08T16:48:22+00:00\",\"mainEntityOfPage\":{\"@id\":\"https:\/\/www.vita-explorers.dk\/blog\/engager-dig-i-internationalt-frivilligt-arbejde-og-solidaritet\/\"},\"wordCount\":695,\"commentCount\":0,\"publisher\":{\"@id\":\"https:\/\/www.vita-explorers.dk\/blog\/#organization\"},\"image\":{\"@id\":\"https:\/\/www.vita-explorers.dk\/blog\/engager-dig-i-internationalt-frivilligt-arbejde-og-solidaritet\/#primaryimage\"},\"thumbnailUrl\":\"https:\/\/www.vita-explorers.dk\/blog\/wp-content\/uploads\/2023\/08\/globalong-2-1.png\",\"articleSection\":[\"Humanit\u00e6rt frivilligt arbejde\",\"Natur- og milj\u00f8frivilligt arbejde\",\"Nyheder\",\"VITA Explorers\"],\"inLanguage\":\"da-DK\",\"potentialAction\":[{\"@type\":\"CommentAction\",\"name\":\"Comment\",\"target\":[\"https:\/\/www.vita-explorers.dk\/blog\/engager-dig-i-internationalt-frivilligt-arbejde-og-solidaritet\/#respond\"]}]},{\"@type\":\"WebPage\",\"@id\":\"https:\/\/www.vita-explorers.dk\/blog\/engager-dig-i-internationalt-frivilligt-arbejde-og-solidaritet\/\",\"url\":\"https:\/\/www.vita-explorers.dk\/blog\/engager-dig-i-internationalt-frivilligt-arbejde-og-solidaritet\/\",\"name\":\"Internationalt frivilligt arbejde og solidaritet - VITA Explorers Blog\",\"isPartOf\":{\"@id\":\"https:\/\/www.vita-explorers.dk\/blog\/#website\"},\"primaryImageOfPage\":{\"@id\":\"https:\/\/www.vita-explorers.dk\/blog\/engager-dig-i-internationalt-frivilligt-arbejde-og-solidaritet\/#primaryimage\"},\"image\":{\"@id\":\"https:\/\/www.vita-explorers.dk\/blog\/engager-dig-i-internationalt-frivilligt-arbejde-og-solidaritet\/#primaryimage\"},\"thumbnailUrl\":\"https:\/\/www.vita-explorers.dk\/blog\/wp-content\/uploads\/2023\/08\/globalong-2-1.png\",\"datePublished\":\"2024-04-22T07:57:15+00:00\",\"dateModified\":\"2025-09-08T16:48:22+00:00\",\"description\":\"D\u00e9couvrez les opportunit\u00e9s de volontariat international et les initiatives de solidarit\u00e9 \u00e0 travers le monde. Engagez-vous en 2025 et 2026\",\"breadcrumb\":{\"@id\":\"https:\/\/www.vita-explorers.dk\/blog\/engager-dig-i-internationalt-frivilligt-arbejde-og-solidaritet\/#breadcrumb\"},\"inLanguage\":\"da-DK\",\"potentialAction\":[{\"@type\":\"ReadAction\",\"target\":[\"https:\/\/www.vita-explorers.dk\/blog\/engager-dig-i-internationalt-frivilligt-arbejde-og-solidaritet\/\"]}]},{\"@type\":\"ImageObject\",\"inLanguage\":\"da-DK\",\"@id\":\"https:\/\/www.vita-explorers.dk\/blog\/engager-dig-i-internationalt-frivilligt-arbejde-og-solidaritet\/#primaryimage\",\"url\":\"https:\/\/www.vita-explorers.dk\/blog\/wp-content\/uploads\/2023\/08\/globalong-2-1.png\",\"contentUrl\":\"https:\/\/www.vita-explorers.dk\/blog\/wp-content\/uploads\/2023\/08\/globalong-2-1.png\",\"width\":958,\"height\":964,\"caption\":\"Stage \u00e9tudiant ing\u00e9nieur \u00e0 l'\u00e9tranger dans une ONG\"},{\"@type\":\"BreadcrumbList\",\"@id\":\"https:\/\/www.vita-explorers.dk\/blog\/engager-dig-i-internationalt-frivilligt-arbejde-og-solidaritet\/#breadcrumb\",\"itemListElement\":[{\"@type\":\"ListItem\",\"position\":1,\"name\":\"Accueil\",\"item\":\"https:\/\/www.vita-explorers.dk\/blog\/\"},{\"@type\":\"ListItem\",\"position\":2,\"name\":\"Internationalt frivilligt arbejde og solidaritet\"}]},{\"@type\":\"WebSite\",\"@id\":\"https:\/\/www.vita-explorers.dk\/blog\/#website\",\"url\":\"https:\/\/www.vita-explorers.dk\/blog\/\",\"name\":\"Association Globalong\",\"description\":\"Frivilligt arbejde, sprogophold, praktik i udlandet og internationale oplevelser\",\"publisher\":{\"@id\":\"https:\/\/www.vita-explorers.dk\/blog\/#organization\"},\"potentialAction\":[{\"@type\":\"SearchAction\",\"target\":{\"@type\":\"EntryPoint\",\"urlTemplate\":\"https:\/\/www.vita-explorers.dk\/blog\/?s={search_term_string}\"},\"query-input\":{\"@type\":\"PropertyValueSpecification\",\"valueRequired\":true,\"valueName\":\"search_term_string\"}}],\"inLanguage\":\"da-DK\"},{\"@type\":\"Organization\",\"@id\":\"https:\/\/www.vita-explorers.dk\/blog\/#organization\",\"name\":\"Association Globalong\",\"url\":\"https:\/\/www.vita-explorers.dk\/blog\/\",\"logo\":{\"@type\":\"ImageObject\",\"inLanguage\":\"da-DK\",\"@id\":\"https:\/\/www.vita-explorers.dk\/blog\/#\/schema\/logo\/image\/\",\"url\":\"https:\/\/www.globalong.com\/blog\/wp-content\/uploads\/2014\/11\/cropped-cropped-Logo-et-Afrique-Globalong-petite-taille-2.jpg\",\"contentUrl\":\"https:\/\/www.globalong.com\/blog\/wp-content\/uploads\/2014\/11\/cropped-cropped-Logo-et-Afrique-Globalong-petite-taille-2.jpg\",\"width\":512,\"height\":512,\"caption\":\"Association Globalong\"},\"image\":{\"@id\":\"https:\/\/www.vita-explorers.dk\/blog\/#\/schema\/logo\/image\/\"},\"sameAs\":[\"https:\/\/www.facebook.com\/globalong\"]},{\"@type\":\"Person\",\"@id\":\"https:\/\/www.vita-explorers.dk\/blog\/#\/schema\/person\/fc0343a2f2db2ebb2793c1f62dbe73f0\",\"name\":\"VITA Tribe\",\"image\":{\"@type\":\"ImageObject\",\"inLanguage\":\"da-DK\",\"@id\":\"https:\/\/www.vita-explorers.dk\/blog\/#\/schema\/person\/image\/\",\"url\":\"https:\/\/secure.gravatar.com\/avatar\/f7f05026bb439d0c96b30e135e5f852c?s=96&d=mm&r=g\",\"contentUrl\":\"https:\/\/secure.gravatar.com\/avatar\/f7f05026bb439d0c96b30e135e5f852c?s=96&d=mm&r=g\",\"caption\":\"VITA Tribe\"},\"sameAs\":[\"http:\/\/www.globalong.com\"],\"url\":\"https:\/\/www.vita-explorers.dk\/blog\/author\/teamglobalong\/\"}]}<\/script>\n<!-- \/ Yoast SEO Premium plugin. -->","yoast_head_json":{"title":"Internationalt frivilligt arbejde og solidaritet - VITA Explorers Blog","description":"D\u00e9couvrez les opportunit\u00e9s de volontariat international et les initiatives de solidarit\u00e9 \u00e0 travers le monde. Engagez-vous en 2025 et 2026","robots":{"index":"index","follow":"follow","max-snippet":"max-snippet:-1","max-image-preview":"max-image-preview:large","max-video-preview":"max-video-preview:-1"},"canonical":"https:\/\/www.vita-explorers.dk\/blog\/engager-dig-i-internationalt-frivilligt-arbejde-og-solidaritet\/","og_locale":"da_DK","og_type":"article","og_title":"Internationalt frivilligt arbejde og solidaritet","og_description":"D\u00e9couvrez les opportunit\u00e9s de volontariat international et les initiatives de solidarit\u00e9 \u00e0 travers le monde. Engagez-vous en 2025 et 2026","og_url":"https:\/\/www.vita-explorers.dk\/blog\/engager-dig-i-internationalt-frivilligt-arbejde-og-solidaritet\/","og_site_name":"VITA Explorers Blog","article_publisher":"https:\/\/www.facebook.com\/globalong","article_published_time":"2024-04-22T07:57:15+00:00","article_modified_time":"2025-09-08T16:48:22+00:00","og_image":[{"url":"https:\/\/www.vita-explorers.dk\/blog\/wp-content\/uploads\/2023\/08\/globalong-2-1.png","width":958,"height":964,"type":"image\/png"}],"author":"VITA Tribe","twitter_card":"summary_large_image","twitter_misc":{"Skrevet af":"VITA Tribe","Estimeret l\u00e6setid":"4 minutter"},"schema":{"@context":"https:\/\/schema.org","@graph":[{"@type":"Article","@id":"https:\/\/www.vita-explorers.dk\/blog\/engager-dig-i-internationalt-frivilligt-arbejde-og-solidaritet\/#article","isPartOf":{"@id":"https:\/\/www.vita-explorers.dk\/blog\/engager-dig-i-internationalt-frivilligt-arbejde-og-solidaritet\/"},"author":{"name":"VITA Tribe","@id":"https:\/\/www.vita-explorers.dk\/blog\/#\/schema\/person\/fc0343a2f2db2ebb2793c1f62dbe73f0"},"headline":"Internationalt frivilligt arbejde og solidaritet","datePublished":"2024-04-22T07:57:15+00:00","dateModified":"2025-09-08T16:48:22+00:00","mainEntityOfPage":{"@id":"https:\/\/www.vita-explorers.dk\/blog\/engager-dig-i-internationalt-frivilligt-arbejde-og-solidaritet\/"},"wordCount":695,"commentCount":0,"publisher":{"@id":"https:\/\/www.vita-explorers.dk\/blog\/#organization"},"image":{"@id":"https:\/\/www.vita-explorers.dk\/blog\/engager-dig-i-internationalt-frivilligt-arbejde-og-solidaritet\/#primaryimage"},"thumbnailUrl":"https:\/\/www.vita-explorers.dk\/blog\/wp-content\/uploads\/2023\/08\/globalong-2-1.png","articleSection":["Humanit\u00e6rt frivilligt arbejde","Natur- og milj\u00f8frivilligt arbejde","Nyheder","VITA Explorers"],"inLanguage":"da-DK","potentialAction":[{"@type":"CommentAction","name":"Comment","target":["https:\/\/www.vita-explorers.dk\/blog\/engager-dig-i-internationalt-frivilligt-arbejde-og-solidaritet\/#respond"]}]},{"@type":"WebPage","@id":"https:\/\/www.vita-explorers.dk\/blog\/engager-dig-i-internationalt-frivilligt-arbejde-og-solidaritet\/","url":"https:\/\/www.vita-explorers.dk\/blog\/engager-dig-i-internationalt-frivilligt-arbejde-og-solidaritet\/","name":"Internationalt frivilligt arbejde og solidaritet - VITA Explorers Blog","isPartOf":{"@id":"https:\/\/www.vita-explorers.dk\/blog\/#website"},"primaryImageOfPage":{"@id":"https:\/\/www.vita-explorers.dk\/blog\/engager-dig-i-internationalt-frivilligt-arbejde-og-solidaritet\/#primaryimage"},"image":{"@id":"https:\/\/www.vita-explorers.dk\/blog\/engager-dig-i-internationalt-frivilligt-arbejde-og-solidaritet\/#primaryimage"},"thumbnailUrl":"https:\/\/www.vita-explorers.dk\/blog\/wp-content\/uploads\/2023\/08\/globalong-2-1.png","datePublished":"2024-04-22T07:57:15+00:00","dateModified":"2025-09-08T16:48:22+00:00","description":"D\u00e9couvrez les opportunit\u00e9s de volontariat international et les initiatives de solidarit\u00e9 \u00e0 travers le monde. Engagez-vous en 2025 et 2026","breadcrumb":{"@id":"https:\/\/www.vita-explorers.dk\/blog\/engager-dig-i-internationalt-frivilligt-arbejde-og-solidaritet\/#breadcrumb"},"inLanguage":"da-DK","potentialAction":[{"@type":"ReadAction","target":["https:\/\/www.vita-explorers.dk\/blog\/engager-dig-i-internationalt-frivilligt-arbejde-og-solidaritet\/"]}]},{"@type":"ImageObject","inLanguage":"da-DK","@id":"https:\/\/www.vita-explorers.dk\/blog\/engager-dig-i-internationalt-frivilligt-arbejde-og-solidaritet\/#primaryimage","url":"https:\/\/www.vita-explorers.dk\/blog\/wp-content\/uploads\/2023\/08\/globalong-2-1.png","contentUrl":"https:\/\/www.vita-explorers.dk\/blog\/wp-content\/uploads\/2023\/08\/globalong-2-1.png","width":958,"height":964,"caption":"Stage \u00e9tudiant ing\u00e9nieur \u00e0 l'\u00e9tranger dans une ONG"},{"@type":"BreadcrumbList","@id":"https:\/\/www.vita-explorers.dk\/blog\/engager-dig-i-internationalt-frivilligt-arbejde-og-solidaritet\/#breadcrumb","itemListElement":[{"@type":"ListItem","position":1,"name":"Accueil","item":"https:\/\/www.vita-explorers.dk\/blog\/"},{"@type":"ListItem","position":2,"name":"Internationalt frivilligt arbejde og solidaritet"}]},{"@type":"WebSite","@id":"https:\/\/www.vita-explorers.dk\/blog\/#website","url":"https:\/\/www.vita-explorers.dk\/blog\/","name":"Association Globalong","description":"Frivilligt arbejde, sprogophold, praktik i udlandet og internationale oplevelser","publisher":{"@id":"https:\/\/www.vita-explorers.dk\/blog\/#organization"},"potentialAction":[{"@type":"SearchAction","target":{"@type":"EntryPoint","urlTemplate":"https:\/\/www.vita-explorers.dk\/blog\/?s={search_term_string}"},"query-input":{"@type":"PropertyValueSpecification","valueRequired":true,"valueName":"search_term_string"}}],"inLanguage":"da-DK"},{"@type":"Organization","@id":"https:\/\/www.vita-explorers.dk\/blog\/#organization","name":"Association Globalong","url":"https:\/\/www.vita-explorers.dk\/blog\/","logo":{"@type":"ImageObject","inLanguage":"da-DK","@id":"https:\/\/www.vita-explorers.dk\/blog\/#\/schema\/logo\/image\/","url":"https:\/\/www.globalong.com\/blog\/wp-content\/uploads\/2014\/11\/cropped-cropped-Logo-et-Afrique-Globalong-petite-taille-2.jpg","contentUrl":"https:\/\/www.globalong.com\/blog\/wp-content\/uploads\/2014\/11\/cropped-cropped-Logo-et-Afrique-Globalong-petite-taille-2.jpg","width":512,"height":512,"caption":"Association Globalong"},"image":{"@id":"https:\/\/www.vita-explorers.dk\/blog\/#\/schema\/logo\/image\/"},"sameAs":["https:\/\/www.facebook.com\/globalong"]},{"@type":"Person","@id":"https:\/\/www.vita-explorers.dk\/blog\/#\/schema\/person\/fc0343a2f2db2ebb2793c1f62dbe73f0","name":"VITA Tribe","image":{"@type":"ImageObject","inLanguage":"da-DK","@id":"https:\/\/www.vita-explorers.dk\/blog\/#\/schema\/person\/image\/","url":"https:\/\/secure.gravatar.com\/avatar\/f7f05026bb439d0c96b30e135e5f852c?s=96&d=mm&r=g","contentUrl":"https:\/\/secure.gravatar.com\/avatar\/f7f05026bb439d0c96b30e135e5f852c?s=96&d=mm&r=g","caption":"VITA Tribe"},"sameAs":["http:\/\/www.globalong.com"],"url":"https:\/\/www.vita-explorers.dk\/blog\/author\/teamglobalong\/"}]}},"_links":{"self":[{"href":"https:\/\/www.vita-explorers.dk\/blog\/wp-json\/wp\/v2\/posts\/16182"}],"collection":[{"href":"https:\/\/www.vita-explorers.dk\/blog\/wp-json\/wp\/v2\/posts"}],"about":[{"href":"https:\/\/www.vita-explorers.dk\/blog\/wp-json\/wp\/v2\/types\/post"}],"author":[{"embeddable":true,"href":"https:\/\/www.vita-explorers.dk\/blog\/wp-json\/wp\/v2\/users\/7"}],"replies":[{"embeddable":true,"href":"https:\/\/www.vita-explorers.dk\/blog\/wp-json\/wp\/v2\/comments?post=16182"}],"version-history":[{"count":8,"href":"https:\/\/www.vita-explorers.dk\/blog\/wp-json\/wp\/v2\/posts\/16182\/revisions"}],"predecessor-version":[{"id":21659,"href":"https:\/\/www.vita-explorers.dk\/blog\/wp-json\/wp\/v2\/posts\/16182\/revisions\/21659"}],"wp:featuredmedia":[{"embeddable":true,"href":"https:\/\/www.vita-explorers.dk\/blog\/wp-json\/wp\/v2\/media\/15645"}],"wp:attachment":[{"href":"https:\/\/www.vita-explorers.dk\/blog\/wp-json\/wp\/v2\/media?parent=16182"}],"wp:term":[{"taxonomy":"category","embeddable":true,"href":"https:\/\/www.vita-explorers.dk\/blog\/wp-json\/wp\/v2\/categories?post=16182"},{"taxonomy":"post_tag","embeddable":true,"href":"https:\/\/www.vita-explorers.dk\/blog\/wp-json\/wp\/v2\/tags?post=16182"}],"curies":[{"name":"wp","href":"https:\/\/api.w.org\/{rel}","templated":true}]}}