{"id":16512,"date":"2024-05-14T15:08:45","date_gmt":"2024-05-14T13:08:45","guid":{"rendered":"https:\/\/www.globalong.com\/blog\/?p=16512"},"modified":"2025-12-02T17:03:17","modified_gmt":"2025-12-02T16:03:17","slug":"kort-humanitaer-rejse-i-2024-og-2025","status":"publish","type":"post","link":"https:\/\/www.vita-explorers.dk\/blog\/kort-humanitaer-rejse-i-2024-og-2025\/","title":{"rendered":"Kort humanit\u00e6rt ophold i 2026 og 2027"},"content":{"rendered":"<h1 style=\"text-align: justify;\"><span style=\"font-size: 14pt;\"><strong><span style=\"font-size: 18pt;\">Fordelene ved et kort humanit\u00e6rt ophold i 2026 og 2027:<\/span> <\/strong><\/span><\/h1>\n<h2 style=\"text-align: justify;\"><span style=\"font-size: 14pt;\"><strong>Kort humanit\u00e6rt ophold: hvorfor engagere sig \u2013 og hvordan fungerer det?<\/strong><\/span><\/h2>\n<p style=\"text-align: justify;\">Et kort humanit\u00e6rt ophold er blevet en vigtig del af det globale engagement i lokalsamfunds trivsel og b\u00e6redygtig udvikling. <strong>I 2026 og 2027<\/strong> har ophold fra 2 uger til flere m\u00e5neder s\u00e6rlig relevans og kan give konkrete fordele \u2013 b\u00e5de for de mennesker og projekter, man st\u00f8tter, og for deltagerne selv. <strong>Denne guide gennemg\u00e5r fordelene ved kortere internationale forl\u00f8b<\/strong> og s\u00e6tter fokus p\u00e5, hvorfor de fortsat giver mening i en verden, hvor behov, ansvarlighed og l\u00e6ring skal h\u00e6nge sammen.<\/p>\n<h3 style=\"text-align: justify;\"><strong>1. Opm\u00e6rksomhed og l\u00e6ring:<\/strong><\/h3>\n<p style=\"text-align: justify;\"><strong>Korte humanit\u00e6re ophold<\/strong> i 2026 kan give en sj\u00e6lden mulighed for at forst\u00e5 de udfordringer, som udsatte lokalsamfund st\u00e5r overfor rundt om i verden. Ved at bo og bidrage i hverdagen f\u00e5r <a href=\"https:\/\/www.vita-explorers.dk\/services-volontariat-international.html\" target=\"_blank\" rel=\"noopener\">internationale deltagere<\/a> et mere nuanceret indblik i lokale forhold \u2013 fx fattigdom, begr\u00e6nset adgang til sundhed og uddannelse samt humanit\u00e6re kriser. For mange f\u00f8rer den erfaring til et mere langsigtet engagement i frivilligt arbejde, ansvarlige ophold og oplysning hjemme.<\/p>\n<h3 style=\"text-align: justify;\"><strong>2. Styrkelse af lokale kompetencer:<\/strong><\/h3>\n<p style=\"text-align: justify;\"><strong>Korte humanit\u00e6re ophold i 2026 handler ikke kun om hj\u00e6lp her og nu<\/strong>, men ogs\u00e5 om at underst\u00f8tte lokale kompetencer. N\u00e5r deltagere arbejder side om side med mennesker i lokalsamfundet, <strong>deler de relevante f\u00e6rdigheder og viden<\/strong> og kan bidrage til kapacitetsopbygning inden for sundhed, undervisning, \u00f8konomisk udvikling og beredskab. <strong>N\u00e5r viden deles p\u00e5 en respektfuld m\u00e5de, kan det styrke lokalt ejerskab og underst\u00f8tte mere langsigtede l\u00f8sninger.<\/strong><\/p>\n<h3 style=\"text-align: justify;\"><strong>3. Hurtig og konkret effekt:<\/strong><\/h3>\n<p style=\"text-align: justify;\">Selv om <strong>korte humanit\u00e6re ophold<\/strong> er tidsafgr\u00e6nsede, kan effekten v\u00e6re tydelig og meget konkret. Projekter, der gennemf\u00f8res i perioden \u2013 fx <strong>opbygning af faciliteter, sundhedsfaglig st\u00f8tte eller etablering af l\u00e6ringsaktiviteter \u2013 kan give umiddelbare forbedringer for de mennesker, der er en del af indsatsen.<\/strong> Den type praktiske bidrag kan im\u00f8dekomme akutte behov og styrke hverdagen p\u00e5 kort sigt.<\/p>\n<h3 style=\"text-align: justify;\"><strong>4. Personlig udvikling:<\/strong><\/h3>\n<p style=\"text-align: justify;\"><strong>Humanit\u00e6re rejser i 2026 giver deltagere mulighed for at udvikle v\u00e6rdifulde kompetencer som ansvarlig ledelse, interkulturel kommunikation, probleml\u00f8sning og teamwork<\/strong>. Ved at tr\u00e6de ud af vante rammer og m\u00f8de komplekse situationer styrkes robusthed og evnen til at omstille sig. Samtidig kan oplevelsen fremme personlig modning, empati og taknemmelighed \u2013 og give et bredere udsyn og en mere global forst\u00e5else.<\/p>\n<h3 style=\"text-align: justify;\"><strong>5. Styrkelse af global solidaritet:<\/strong><\/h3>\n<p style=\"text-align: justify;\"><strong>Korte humanit\u00e6re ophold kan styrke global solidaritet<\/strong> ved at skabe m\u00f8der og f\u00e6lles arbejde p\u00e5 tv\u00e6rs af lande, kulturer og organisationer. Den slags initiativer kan bygge relationer og \u00f8ge forst\u00e5elsen p\u00e5 tv\u00e6rs, og de kan v\u00e6re med til at udvikle mere konstruktive m\u00e5der at samarbejde internationalt p\u00e5. N\u00e5r man v\u00e6lger en f\u00e6lles tilgang til globale udfordringer, <strong>kan opholdene bidrage til et mere retf\u00e6rdigt og inkluderende samfundssyn.<\/strong><\/p>\n<div class=\"w-full text-token-text-primary\" dir=\"auto\" style=\"text-align: justify;\" data-testid=\"conversation-turn-5\" data-scroll-anchor=\"false\">\n<div class=\"py-2 px-3 text-base md:px-4 m-auto md:px-5 lg:px-1 xl:px-5\">\n<div class=\"mx-auto flex flex-1 gap-3 text-base juice:gap-4 juice:md:gap-6 md:max-w-3xl lg:max-w-[40rem] xl:max-w-[48rem]\">\n<div class=\"relative flex w-full min-w-0 flex-col agent-turn\">\n<div class=\"flex-col gap-1 md:gap-3\">\n<div class=\"flex flex-grow flex-col max-w-full\">\n<div class=\"min-h-[20px] text-message flex flex-col items-start whitespace-pre-wrap break-words [.text-message+&#038;]:mt-5 juice:w-full juice:items-end overflow-x-auto gap-3\" dir=\"auto\" data-message-author-role=\"assistant\" data-message-id=\"96c80955-0935-4d41-940f-e5b726bfb3f2\">\n<div class=\"markdown prose w-full break-words dark:prose-invert light\">\n<h3><strong>6. Betydningen af korte humanit\u00e6re ophold for fransktalende deltagere:<\/strong><\/h3>\n<p><strong>Korte humanit\u00e6re ophold i 2026<\/strong> i <a href=\"https:\/\/www.vita-explorers.dk\/frivilligt-arbejde\/senegal-frivilligt-arbejde-internationalt-ophold.html\" target=\"_blank\" rel=\"noopener\">fransktalende lande<\/a> kan have en s\u00e6rlig fordel i praksis. Fransk tales bredt i mange dele af verden, blandt andet i store dele af Afrika, i Haiti og i enkelte omr\u00e5der i Asien. <strong>Fransktalende deltagere<\/strong> kan derfor ofte kommunikere mere direkte i hverdagen, hvilket mindsker sprogbarrierer, som ellers kan g\u00f8re det sv\u00e6rere at st\u00f8tte indsatser p\u00e5 en meningsfuld m\u00e5de. Samtidig kan opholdene styrke kulturforst\u00e5elsen og de historiske forbindelser mellem <strong>fransktalende lande<\/strong>, og dermed skabe et bedre udgangspunkt for f\u00e6lles l\u00f8sninger p\u00e5 udfordringer, der g\u00e5r p\u00e5 tv\u00e6rs.<\/p>\n<h2><span style=\"font-size: 18pt;\"><strong>7. Hvorfor betaler man for at deltage i et kort humanit\u00e6rt ophold i 2026?<\/strong><\/span><\/h2>\n<p><a href=\"https:\/\/www.vita-explorers.dk\/blog\/dons-aux-organismes-dinteret-general\/\" target=\"_blank\" rel=\"noopener\"><strong>At betale for at deltage i korte humanit\u00e6re ophold<\/strong><\/a> kan umiddelbart virke som en overraskelse, men <strong>det giver mening af flere grunde.<\/strong> For det f\u00f8rste g\u00e5r <strong>deltagerbetalingen<\/strong> typisk til at d\u00e6kke de logistiske og driftsm\u00e6ssige udgifter, der er n\u00f8dvendige for at gennemf\u00f8re projekter p\u00e5 stedet \u2013 fx <strong>indkvartering, mad, transport og materialer.<\/strong> De ressourcer er afg\u00f8rende for, at forl\u00f8bet kan fungere stabilt og ansvarligt. Derudover kan deltagerbetalingen ogs\u00e5 rumme et direkte \u00f8konomisk bidrag til aktiviteterne, hvilket <strong>kan v\u00e6re med til at underst\u00f8tte lokale initiativer og \u00f8ge den samlede effekt af indsatsen.<\/strong> Endelig kan det at <strong>betale for at deltage<\/strong> v\u00e6re med til at sikre, at deltagerne m\u00f8der forl\u00f8bet med seri\u00f8sitet og et personligt engagement, s\u00e5 bidraget bliver s\u00e5 relevant og holdbart som muligt.<\/p>\n<\/div>\n<\/div>\n<\/div>\n<div class=\"mt-1 flex gap-3 empty:hidden juice:-ml-3\">\n<div class=\"-ml-1 mt-0 flex h-7 items-center justify-center gap-[2px] self-end text-gray-400 lg:justify-start lg:self-center visible\">\n<div class=\"flex\">\n<h2><strong>Hvorfor v\u00e6lge VITA til dit korte humanit\u00e6re ophold i 2026?<\/strong><\/h2>\n<p><a href=\"https:\/\/www.vita-explorers.dk\/que-penser-de-globalong.html\" target=\"_blank\" rel=\"noopener\">VITA Institute skiller sig ud som en st\u00e6rk akt\u00f8r<\/a> inden for korte humanit\u00e6re ophold. Med fokus p\u00e5 erfaring, tryghed og reel v\u00e6rdi tilbyder VITA et solidt udgangspunkt for deltagere, der \u00f8nsker at bidrage ansvarligt til lokalt forankrede indsatser \u2013 samtidig med at de f\u00e5r en l\u00e6rerig og tryg oplevelse.<\/p>\n<h3><strong>1. Erfaring og trov\u00e6rdighed:<\/strong><\/h3>\n<p><a href=\"https:\/\/www.vita-explorers.dk\/services-volontariat-international.html\" target=\"_blank\" rel=\"noopener\"><strong>VITA har solid erfaring og en st\u00e6rk faglighed inden for internationale forl\u00f8b<\/strong><\/a>. Med mange \u00e5rs arbejde og et bredt netv\u00e6rk af kontakter kan VITA v\u00e6re med til at sikre, at opholdene er veltilrettelagte og meningsfulde.<\/p>\n<p><strong>2. Sikkerhed som prioritet:<br \/>\n<\/strong><br \/>\n<strong>Deltagernes tryghed er et centralt fokus hos VITA.<\/strong> Der arbejdes systematisk med at vurdere og reducere risici, s\u00e5 rammerne er s\u00e5 sikre som muligt under hele opholdet.<\/p>\n<p><strong>3. Direkte og mere varig effekt:<br \/>\n<\/strong><br \/>\nVITAs ophold tilrettel\u00e6gges i dialog med lokalsamfundet for at skabe en konkret og s\u00e5 holdbar effekt som muligt. Ved at tage udgangspunkt i reelle behov kan deltagerne bidrage direkte til det arbejde, der allerede er i gang.<\/p>\n<p><strong>4. Helhedsorienteret st\u00f8tte:<br \/>\n<\/strong><br \/>\nVITA tilbyder <strong>grundig st\u00f8tte til deltagerne,<\/strong> fra den f\u00f8rste planl\u00e6gning til hjemkomsten. Med forberedelse, st\u00f8tte undervejs og opf\u00f8lgning efter opholdet bliver <strong>deltagerne m\u00f8dt gennem hele forl\u00f8bet.<\/strong><\/p>\n<p><strong>5. \u00c5benhed og ansvar:<br \/>\n<\/strong><br \/>\nVITAs arbejde bygger p\u00e5 \u00e5benhed og ansvarlighed. Deltagere f\u00e5r tydelig information om, hvordan midler anvendes, og hvilken forskel indsatsen sigter mod at skabe, hvilket styrker tilliden til organisationen.<\/p>\n<p><strong>6. Muligheder for kulturudveksling:<br \/>\n<\/strong><br \/>\nVITAs ophold giver deltagerne en reel mulighed for at indg\u00e5 i en <a href=\"https:\/\/www.vita-explorers.dk\/blog\/praktikophold-med-faglig-fordybelse-paa-zanzibar\/\" target=\"_blank\" rel=\"noopener\">kulturudveksling<\/a> med mennesker, de m\u00f8der p\u00e5 stedet. Opholdet kan skabe dybere interkulturel forst\u00e5else og relationer, som r\u00e6kker ud over selve perioden.<\/p>\n<p>Kort sagt: <strong>at v\u00e6lge VITA til et kort humanit\u00e6rt ophold<\/strong> kan give en tryg, l\u00e6rerig og meningsfuld oplevelse, underst\u00f8ttet af en erfaren organisation med fokus p\u00e5 ansvarlige ophold og lokal relevans.<\/p>\n<h2>Hvorfor minimum to uger ved et kort humanit\u00e6rt ophold?<\/h2>\n<p>F\u00e5 et indblik i, hvorfor minimum to uger ofte er n\u00f8dvendigt for at kunne bidrage reelt og skabe en mere holdbar effekt.<\/p>\n<p>Korte humanit\u00e6re ophold i 2026 er seri\u00f8se forl\u00f8b, der kr\u00e6ver engagement og tid. Et sp\u00f8rgsm\u00e5l, der ofte dukker op, er varigheden: <strong>Hvorfor er det vigtigt at afs\u00e6tte mindst to uger til et humanit\u00e6rt ophold?<\/strong> Det er centralt for b\u00e5de at forst\u00e5 lokalsamfundets behov og for, at deltagernes indsats bliver s\u00e5 relevant og b\u00e6redygtig som muligt.<\/p>\n<p>At tage afsted p\u00e5 et humanit\u00e6rt ophold kan v\u00e6re en st\u00e6rk og l\u00e6rerig erfaring, hvor man bidrager til noget, der betyder noget. Men <strong>effekten afh\u00e6nger i h\u00f8j grad af varigheden<\/strong>. <strong>Minimum to uger<\/strong> anbefales ofte for at sikre, at indsatsen f\u00e5r den n\u00f8dvendige tid til at virke.<\/p>\n<h2><strong>Varighedens betydning for effekt<\/strong><\/h2>\n<p>Effekten af et humanit\u00e6rt ophold h\u00e6nger t\u00e6t sammen med den tid, deltagerne kan afs\u00e6tte. <strong>To uger<\/strong> giver typisk mulighed for at falde til i omgivelserne, forst\u00e5 de konkrete behov og blive en del af de opgaver, der allerede er i gang. Et kortere ophold kan begr\u00e6nse de muligheder og dermed mindske den samlede nytte.<\/p>\n<h2><strong>Tilv\u00e6nning og kulturforst\u00e5else<\/strong><\/h2>\n<p>De f\u00f8rste dage g\u00e5r ofte med at lande og opbygge kulturforst\u00e5else. Deltagere skal v\u00e6nne sig til nye rammer, som kan indeb\u00e6re forskelle i sprog, normer og hverdagsliv. <strong>Et forl\u00f8b p\u00e5 to uger<\/strong> giver som regel tilstr\u00e6kkelig tid til at komme forbi den f\u00f8rste omstilling og begynde at bidrage mere produktivt.<\/p>\n<h2><strong>At blive en del af lokale projekter<\/strong><\/h2>\n<p>Et centralt form\u00e5l med humanit\u00e6re ophold er at st\u00f8tte og styrke eksisterende indsatser. For at kunne det, skal deltagerne forst\u00e5 dynamikkerne og de konkrete behov i lokalsamfundet. <strong>Et ophold p\u00e5 to uger giver den n\u00f8dvendige tid<\/strong> til at opbygge tillid og engagere sig ordentligt i de projekter, der er i gang.<\/p>\n<h2><strong>Tr\u00e6ning og videndeling<\/strong><\/h2>\n<p><strong>Humanit\u00e6re ophold<\/strong> rummer ofte elementer af opl\u00e6ring og videndeling. Uanset om det handler om undervisning, sundhed eller lokalsamfundsudvikling, kan deltagere bidrage med relevante kompetencer. Men effektiv l\u00e6ring tager tid. To uger giver mulighed for b\u00e5de at introducere indhold, f\u00f8lge op og justere undervejs.<\/p>\n<h2><strong>Opf\u00f8lgning og evaluering<\/strong><\/h2>\n<p><strong>At gennemf\u00f8re humanit\u00e6re indsatser<\/strong> kr\u00e6ver l\u00f8bende opf\u00f8lgning for at vurdere, hvad der virker. <strong>Et ophold p\u00e5 to uger giver deltagerne<\/strong> mulighed for at samle indledende data, medvirke i aktiviteter og begynde at se resultater, s\u00e5 der kan justeres, hvor det er n\u00f8dvendigt.<\/p>\n<h2><strong>Deltagernes personlige udvikling<\/strong><\/h2>\n<p>Ud over betydningen for lokalsamfundet er humanit\u00e6re ophold ogs\u00e5 l\u00e6ringsforl\u00f8b for deltagerne. <strong>To uger giver en tilstr\u00e6kkelig fordybelse<\/strong> til at udvikle nye kompetencer, styrke interkulturel forst\u00e5else og f\u00e5 et mere nuanceret blik p\u00e5 globale problemstillinger. Erfaringen bliver ofte dybere, n\u00e5r man har tid til at engagere sig ordentligt.<\/p>\n<h2><strong>Styrkelse af lokalsamfundets robusthed<\/strong><\/h2>\n<p>Lokalsamfund, der modtager st\u00f8tte, har ofte brug for kontinuitet for at styrke robusthed over tid. <strong>Et forl\u00f8b p\u00e5 to uger giver mulighed for at s\u00e6tte initiativer i gang<\/strong>, som kan r\u00e6kke l\u00e6ngere, og for at koordinere bedre med de mennesker, der driver indsatsen til daglig, s\u00e5 aktiviteterne matcher de behov, der er identificeret.<\/p>\n<h2><strong>Humanit\u00e6re organisationers rolle<\/strong><\/h2>\n<p><a href=\"https:\/\/www.vita-explorers.dk\/\" target=\"_blank\" rel=\"noopener\">Humanit\u00e6re organisationer<\/a>, der koordinerer ophold, har ogs\u00e5 praktiske grunde til at foretr\u00e6kke l\u00e6ngere forl\u00f8b. Planl\u00e6gning og h\u00e5ndtering af deltagere kr\u00e6ver ressourcer, og <strong>meget korte ophold<\/strong> kan skabe h\u00f8j udskiftning, som g\u00f8r kontinuitet vanskelig. <strong>Ophold p\u00e5 to uger eller mere giver typisk en bedre udnyttelse af ressourcer og en mere sammenh\u00e6ngende gennemf\u00f8relse af aktiviteter.<\/strong><\/p>\n<h2><strong>Eksempler p\u00e5 humanit\u00e6re ophold p\u00e5 to uger<\/strong><\/h2>\n<p><strong>Der findes mange eksempler, hvor minimum to uger har v\u00e6ret afg\u00f8rende<\/strong> for, at et humanit\u00e6rt ophold kunne lykkes. Det kan v\u00e6re inden for undervisning, sundhed eller mindre infrastrukturprojekter, hvor det ekstra tidsrum g\u00f8r det muligt at skabe mere stabile resultater. <a href=\"https:\/\/www.vita-explorers.dk\/blog\/avis-globalong\/\">Deltagernes oplevelser<\/a> og lokale perspektiver viser ofte, hvor meget tiden betyder.<\/p>\n<h2><strong>Udfordringer ved meget korte humanit\u00e6re ophold<\/strong><\/h2>\n<p><strong>Meget korte humanit\u00e6re ophold<\/strong> rummer flere udfordringer. Det kan v\u00e6re sv\u00e6rt at n\u00e5 at omstille sig og bidrage effektivt p\u00e5 f\u00e5 dage, og relationer til lokalsamfundet kan blive overfladiske. Derudover kan kontinuitet og sammenh\u00e6ng i aktiviteterne blive udfordret, hvilket kan begr\u00e6nse effekten. N\u00e5r man forst\u00e5r de udfordringer, bliver det tydeligere, hvorfor to uger ofte er et minimum.<\/p>\n<h4><span style=\"font-size: 12pt;\"><strong>I 2024 spiller korte humanit\u00e6re ophold<\/strong> fortsat en vigtig rolle i arbejdet med b\u00e6redygtig udvikling, styrkelse af lokalsamfund og global solidaritet. Fordelene er mange \u2013 b\u00e5de for de mennesker, som indsatserne retter sig mod, og for deltagerne \u2013 og de kan v\u00e6re med til at skabe en mere inkluderende og ansvarlig fremtid.<\/span><\/h4>\n<p><strong>Konklusionen er, at minimum to uger ofte er afg\u00f8rende<\/strong> for at sikre en positiv og mere holdbar effekt. Tiden giver plads til tilv\u00e6nning, forst\u00e5else af lokale behov, ordentlig integration i aktiviteterne og et mere meningsfuldt bidrag. For organisationer og lokalsamfund giver perioden desuden bedre kontinuitet og en mere effektiv udnyttelse af ressourcer. Et humanit\u00e6rt ophold er et seri\u00f8st valg \u2013 og at afs\u00e6tte tilstr\u00e6kkelig tid er en vigtig del af at g\u00f8re det ansvarligt.<\/p>\n<\/div>\n<\/div>\n<\/div>\n<div class=\"pr-2 lg:pr-0\">\n<h3 style=\"text-align: center;\"><strong><b>Vil du f\u00f8lge med i VITA og vores community, s\u00e5 find os p\u00e5 <\/b><a href=\"https:\/\/www.instagram.com\/globalongofficiel\/\"><span class=\"s2\"><b>Instagram<\/b><\/span><\/a><b>, <\/b><a href=\"https:\/\/www.tiktok.com\/@globalong\"><span class=\"s2\"><b>TikTok<\/b><\/span><\/a><b>, <\/b><a href=\"https:\/\/www.facebook.com\/globalong\"><span class=\"s2\"><b>Facebook<\/b><\/span><\/a><b>, <\/b><a href=\"https:\/\/www.linkedin.com\/company\/5113177\/admin\/feed\/posts\/\"><span class=\"s2\"><b>LinkedIn<\/b><\/span><\/a><b> og <\/b><a href=\"https:\/\/www.youtube.com\/c\/globalong\/videos\"><span class=\"s2\"><b>YouTube<\/b><\/span><\/a><b>!<\/b><\/strong><\/h3>\n<\/div>\n<\/div>\n<div class=\"absolute\">\n<div class=\"flex w-full gap-2 items-center justify-center\"><\/div>\n<\/div>\n<\/div>\n<\/div>\n<\/div>\n<\/div>\n<\/div>\n<div class=\"w-full text-token-text-primary\" dir=\"auto\" data-testid=\"conversation-turn-6\" data-scroll-anchor=\"false\">\n<div class=\"py-2 px-3 text-base md:px-4 m-auto md:px-5 lg:px-1 xl:px-5\">\n<div class=\"mx-auto flex flex-1 gap-3 text-base juice:gap-4 juice:md:gap-6 md:max-w-3xl lg:max-w-[40rem] xl:max-w-[48rem]\">\n<div class=\"flex-shrink-0 flex flex-col relative items-end\">\n<div>\n<div class=\"pt-0.5\">\n<div class=\"gizmo-shadow-stroke flex h-6 w-6 items-center justify-center overflow-hidden rounded-full juice:h-8 juice:w-8\" style=\"text-align: justify;\"><\/div>\n<\/div>\n<\/div>\n<\/div>\n<\/div>\n<\/div>\n<\/div>\n","protected":false},"excerpt":{"rendered":"<p>Fordelene ved et kort humanit\u00e6rt ophold i 2026 og 2027: Kort humanit\u00e6rt ophold: hvorfor engagere sig \u2013 og hvordan fungerer det? Et kort humanit\u00e6rt\u2026<\/p>\n","protected":false},"author":7,"featured_media":13692,"comment_status":"open","ping_status":"open","sticky":false,"template":"","format":"standard","meta":{"footnotes":""},"categories":[8,6,472,4],"tags":[],"yoast_head":"<!-- This site is optimized with the Yoast SEO Premium plugin v23.4 (Yoast SEO v23.4) - https:\/\/yoast.com\/wordpress\/plugins\/seo\/ -->\n<title>Kort humanit\u00e6rt ophold i 2026 og 2027 - VITA Explorers Blog<\/title>\n<meta name=\"description\" content=\"Partez en mission humanitaire de courte dur\u00e9e en 2026 et 2027. Contribuez \u00e0 des projets essentiels tout en d\u00e9couvrant de nouvelles cultures\" \/>\n<meta name=\"robots\" content=\"index, follow, max-snippet:-1, max-image-preview:large, max-video-preview:-1\" \/>\n<link rel=\"canonical\" href=\"https:\/\/www.vita-explorers.dk\/blog\/kort-humanitaer-rejse-i-2024-og-2025\/\" \/>\n<meta property=\"og:locale\" content=\"da_DK\" \/>\n<meta property=\"og:type\" content=\"article\" \/>\n<meta property=\"og:title\" content=\"Kort humanit\u00e6rt ophold i 2026 og 2027\" \/>\n<meta property=\"og:description\" content=\"Partez en mission humanitaire de courte dur\u00e9e en 2026 et 2027. Contribuez \u00e0 des projets essentiels tout en d\u00e9couvrant de nouvelles cultures\" \/>\n<meta property=\"og:url\" content=\"https:\/\/www.vita-explorers.dk\/blog\/kort-humanitaer-rejse-i-2024-og-2025\/\" \/>\n<meta property=\"og:site_name\" content=\"VITA Explorers Blog\" \/>\n<meta property=\"article:publisher\" content=\"https:\/\/www.facebook.com\/globalong\" \/>\n<meta property=\"article:published_time\" content=\"2024-05-14T13:08:45+00:00\" \/>\n<meta property=\"article:modified_time\" content=\"2025-12-02T16:03:17+00:00\" \/>\n<meta property=\"og:image\" content=\"https:\/\/www.vita-explorers.dk\/blog\/wp-content\/uploads\/2020\/11\/PHOTO-2020-11-17-10-37-44-2.jpg\" \/>\n\t<meta property=\"og:image:width\" content=\"1600\" \/>\n\t<meta property=\"og:image:height\" content=\"1200\" \/>\n\t<meta property=\"og:image:type\" content=\"image\/jpeg\" \/>\n<meta name=\"author\" content=\"VITA Tribe\" \/>\n<meta name=\"twitter:card\" content=\"summary_large_image\" \/>\n<meta name=\"twitter:label1\" content=\"Skrevet af\" \/>\n\t<meta name=\"twitter:data1\" content=\"VITA Tribe\" \/>\n\t<meta name=\"twitter:label2\" content=\"Estimeret l\u00e6setid\" \/>\n\t<meta name=\"twitter:data2\" content=\"11 minutter\" \/>\n<script type=\"application\/ld+json\" class=\"yoast-schema-graph\">{\"@context\":\"https:\/\/schema.org\",\"@graph\":[{\"@type\":\"Article\",\"@id\":\"https:\/\/www.vita-explorers.dk\/blog\/kort-humanitaer-rejse-i-2024-og-2025\/#article\",\"isPartOf\":{\"@id\":\"https:\/\/www.vita-explorers.dk\/blog\/kort-humanitaer-rejse-i-2024-og-2025\/\"},\"author\":{\"name\":\"VITA Tribe\",\"@id\":\"https:\/\/www.vita-explorers.dk\/blog\/#\/schema\/person\/fc0343a2f2db2ebb2793c1f62dbe73f0\"},\"headline\":\"Kort humanit\u00e6rt ophold i 2026 og 2027\",\"datePublished\":\"2024-05-14T13:08:45+00:00\",\"dateModified\":\"2025-12-02T16:03:17+00:00\",\"mainEntityOfPage\":{\"@id\":\"https:\/\/www.vita-explorers.dk\/blog\/kort-humanitaer-rejse-i-2024-og-2025\/\"},\"wordCount\":1989,\"commentCount\":8,\"publisher\":{\"@id\":\"https:\/\/www.vita-explorers.dk\/blog\/#organization\"},\"image\":{\"@id\":\"https:\/\/www.vita-explorers.dk\/blog\/kort-humanitaer-rejse-i-2024-og-2025\/#primaryimage\"},\"thumbnailUrl\":\"https:\/\/www.vita-explorers.dk\/blog\/wp-content\/uploads\/2020\/11\/PHOTO-2020-11-17-10-37-44-2.jpg\",\"articleSection\":[\"Humanit\u00e6rt frivilligt arbejde\",\"Nyheder\",\"Oplysning\",\"VITA Explorers\"],\"inLanguage\":\"da-DK\",\"potentialAction\":[{\"@type\":\"CommentAction\",\"name\":\"Comment\",\"target\":[\"https:\/\/www.vita-explorers.dk\/blog\/kort-humanitaer-rejse-i-2024-og-2025\/#respond\"]}]},{\"@type\":\"WebPage\",\"@id\":\"https:\/\/www.vita-explorers.dk\/blog\/kort-humanitaer-rejse-i-2024-og-2025\/\",\"url\":\"https:\/\/www.vita-explorers.dk\/blog\/kort-humanitaer-rejse-i-2024-og-2025\/\",\"name\":\"Kort humanit\u00e6rt ophold i 2026 og 2027 - VITA Explorers Blog\",\"isPartOf\":{\"@id\":\"https:\/\/www.vita-explorers.dk\/blog\/#website\"},\"primaryImageOfPage\":{\"@id\":\"https:\/\/www.vita-explorers.dk\/blog\/kort-humanitaer-rejse-i-2024-og-2025\/#primaryimage\"},\"image\":{\"@id\":\"https:\/\/www.vita-explorers.dk\/blog\/kort-humanitaer-rejse-i-2024-og-2025\/#primaryimage\"},\"thumbnailUrl\":\"https:\/\/www.vita-explorers.dk\/blog\/wp-content\/uploads\/2020\/11\/PHOTO-2020-11-17-10-37-44-2.jpg\",\"datePublished\":\"2024-05-14T13:08:45+00:00\",\"dateModified\":\"2025-12-02T16:03:17+00:00\",\"description\":\"Partez en mission humanitaire de courte dur\u00e9e en 2026 et 2027. Contribuez \u00e0 des projets essentiels tout en d\u00e9couvrant de nouvelles cultures\",\"breadcrumb\":{\"@id\":\"https:\/\/www.vita-explorers.dk\/blog\/kort-humanitaer-rejse-i-2024-og-2025\/#breadcrumb\"},\"inLanguage\":\"da-DK\",\"potentialAction\":[{\"@type\":\"ReadAction\",\"target\":[\"https:\/\/www.vita-explorers.dk\/blog\/kort-humanitaer-rejse-i-2024-og-2025\/\"]}]},{\"@type\":\"ImageObject\",\"inLanguage\":\"da-DK\",\"@id\":\"https:\/\/www.vita-explorers.dk\/blog\/kort-humanitaer-rejse-i-2024-og-2025\/#primaryimage\",\"url\":\"https:\/\/www.vita-explorers.dk\/blog\/wp-content\/uploads\/2020\/11\/PHOTO-2020-11-17-10-37-44-2.jpg\",\"contentUrl\":\"https:\/\/www.vita-explorers.dk\/blog\/wp-content\/uploads\/2020\/11\/PHOTO-2020-11-17-10-37-44-2.jpg\",\"width\":1600,\"height\":1200,\"caption\":\"Volontaire participant \u00e0 une mission humanitaire de courte dur\u00e9e en 2024, enseignant des enfants dans une \u00e9cole\"},{\"@type\":\"BreadcrumbList\",\"@id\":\"https:\/\/www.vita-explorers.dk\/blog\/kort-humanitaer-rejse-i-2024-og-2025\/#breadcrumb\",\"itemListElement\":[{\"@type\":\"ListItem\",\"position\":1,\"name\":\"Accueil\",\"item\":\"https:\/\/www.vita-explorers.dk\/blog\/\"},{\"@type\":\"ListItem\",\"position\":2,\"name\":\"Kort humanit\u00e6rt ophold i 2026 og 2027\"}]},{\"@type\":\"WebSite\",\"@id\":\"https:\/\/www.vita-explorers.dk\/blog\/#website\",\"url\":\"https:\/\/www.vita-explorers.dk\/blog\/\",\"name\":\"Association Globalong\",\"description\":\"Frivilligt arbejde, sprogophold, praktik i udlandet og internationale oplevelser\",\"publisher\":{\"@id\":\"https:\/\/www.vita-explorers.dk\/blog\/#organization\"},\"potentialAction\":[{\"@type\":\"SearchAction\",\"target\":{\"@type\":\"EntryPoint\",\"urlTemplate\":\"https:\/\/www.vita-explorers.dk\/blog\/?s={search_term_string}\"},\"query-input\":{\"@type\":\"PropertyValueSpecification\",\"valueRequired\":true,\"valueName\":\"search_term_string\"}}],\"inLanguage\":\"da-DK\"},{\"@type\":\"Organization\",\"@id\":\"https:\/\/www.vita-explorers.dk\/blog\/#organization\",\"name\":\"Association Globalong\",\"url\":\"https:\/\/www.vita-explorers.dk\/blog\/\",\"logo\":{\"@type\":\"ImageObject\",\"inLanguage\":\"da-DK\",\"@id\":\"https:\/\/www.vita-explorers.dk\/blog\/#\/schema\/logo\/image\/\",\"url\":\"https:\/\/www.globalong.com\/blog\/wp-content\/uploads\/2014\/11\/cropped-cropped-Logo-et-Afrique-Globalong-petite-taille-2.jpg\",\"contentUrl\":\"https:\/\/www.globalong.com\/blog\/wp-content\/uploads\/2014\/11\/cropped-cropped-Logo-et-Afrique-Globalong-petite-taille-2.jpg\",\"width\":512,\"height\":512,\"caption\":\"Association Globalong\"},\"image\":{\"@id\":\"https:\/\/www.vita-explorers.dk\/blog\/#\/schema\/logo\/image\/\"},\"sameAs\":[\"https:\/\/www.facebook.com\/globalong\"]},{\"@type\":\"Person\",\"@id\":\"https:\/\/www.vita-explorers.dk\/blog\/#\/schema\/person\/fc0343a2f2db2ebb2793c1f62dbe73f0\",\"name\":\"VITA Tribe\",\"image\":{\"@type\":\"ImageObject\",\"inLanguage\":\"da-DK\",\"@id\":\"https:\/\/www.vita-explorers.dk\/blog\/#\/schema\/person\/image\/\",\"url\":\"https:\/\/secure.gravatar.com\/avatar\/f7f05026bb439d0c96b30e135e5f852c?s=96&d=mm&r=g\",\"contentUrl\":\"https:\/\/secure.gravatar.com\/avatar\/f7f05026bb439d0c96b30e135e5f852c?s=96&d=mm&r=g\",\"caption\":\"VITA Tribe\"},\"sameAs\":[\"http:\/\/www.globalong.com\"],\"url\":\"https:\/\/www.vita-explorers.dk\/blog\/author\/teamglobalong\/\"}]}<\/script>\n<!-- \/ Yoast SEO Premium plugin. -->","yoast_head_json":{"title":"Kort humanit\u00e6rt ophold i 2026 og 2027 - VITA Explorers Blog","description":"Partez en mission humanitaire de courte dur\u00e9e en 2026 et 2027. Contribuez \u00e0 des projets essentiels tout en d\u00e9couvrant de nouvelles cultures","robots":{"index":"index","follow":"follow","max-snippet":"max-snippet:-1","max-image-preview":"max-image-preview:large","max-video-preview":"max-video-preview:-1"},"canonical":"https:\/\/www.vita-explorers.dk\/blog\/kort-humanitaer-rejse-i-2024-og-2025\/","og_locale":"da_DK","og_type":"article","og_title":"Kort humanit\u00e6rt ophold i 2026 og 2027","og_description":"Partez en mission humanitaire de courte dur\u00e9e en 2026 et 2027. Contribuez \u00e0 des projets essentiels tout en d\u00e9couvrant de nouvelles cultures","og_url":"https:\/\/www.vita-explorers.dk\/blog\/kort-humanitaer-rejse-i-2024-og-2025\/","og_site_name":"VITA Explorers Blog","article_publisher":"https:\/\/www.facebook.com\/globalong","article_published_time":"2024-05-14T13:08:45+00:00","article_modified_time":"2025-12-02T16:03:17+00:00","og_image":[{"width":1600,"height":1200,"url":"https:\/\/www.vita-explorers.dk\/blog\/wp-content\/uploads\/2020\/11\/PHOTO-2020-11-17-10-37-44-2.jpg","type":"image\/jpeg"}],"author":"VITA Tribe","twitter_card":"summary_large_image","twitter_misc":{"Skrevet af":"VITA Tribe","Estimeret l\u00e6setid":"11 minutter"},"schema":{"@context":"https:\/\/schema.org","@graph":[{"@type":"Article","@id":"https:\/\/www.vita-explorers.dk\/blog\/kort-humanitaer-rejse-i-2024-og-2025\/#article","isPartOf":{"@id":"https:\/\/www.vita-explorers.dk\/blog\/kort-humanitaer-rejse-i-2024-og-2025\/"},"author":{"name":"VITA Tribe","@id":"https:\/\/www.vita-explorers.dk\/blog\/#\/schema\/person\/fc0343a2f2db2ebb2793c1f62dbe73f0"},"headline":"Kort humanit\u00e6rt ophold i 2026 og 2027","datePublished":"2024-05-14T13:08:45+00:00","dateModified":"2025-12-02T16:03:17+00:00","mainEntityOfPage":{"@id":"https:\/\/www.vita-explorers.dk\/blog\/kort-humanitaer-rejse-i-2024-og-2025\/"},"wordCount":1989,"commentCount":8,"publisher":{"@id":"https:\/\/www.vita-explorers.dk\/blog\/#organization"},"image":{"@id":"https:\/\/www.vita-explorers.dk\/blog\/kort-humanitaer-rejse-i-2024-og-2025\/#primaryimage"},"thumbnailUrl":"https:\/\/www.vita-explorers.dk\/blog\/wp-content\/uploads\/2020\/11\/PHOTO-2020-11-17-10-37-44-2.jpg","articleSection":["Humanit\u00e6rt frivilligt arbejde","Nyheder","Oplysning","VITA Explorers"],"inLanguage":"da-DK","potentialAction":[{"@type":"CommentAction","name":"Comment","target":["https:\/\/www.vita-explorers.dk\/blog\/kort-humanitaer-rejse-i-2024-og-2025\/#respond"]}]},{"@type":"WebPage","@id":"https:\/\/www.vita-explorers.dk\/blog\/kort-humanitaer-rejse-i-2024-og-2025\/","url":"https:\/\/www.vita-explorers.dk\/blog\/kort-humanitaer-rejse-i-2024-og-2025\/","name":"Kort humanit\u00e6rt ophold i 2026 og 2027 - VITA Explorers Blog","isPartOf":{"@id":"https:\/\/www.vita-explorers.dk\/blog\/#website"},"primaryImageOfPage":{"@id":"https:\/\/www.vita-explorers.dk\/blog\/kort-humanitaer-rejse-i-2024-og-2025\/#primaryimage"},"image":{"@id":"https:\/\/www.vita-explorers.dk\/blog\/kort-humanitaer-rejse-i-2024-og-2025\/#primaryimage"},"thumbnailUrl":"https:\/\/www.vita-explorers.dk\/blog\/wp-content\/uploads\/2020\/11\/PHOTO-2020-11-17-10-37-44-2.jpg","datePublished":"2024-05-14T13:08:45+00:00","dateModified":"2025-12-02T16:03:17+00:00","description":"Partez en mission humanitaire de courte dur\u00e9e en 2026 et 2027. Contribuez \u00e0 des projets essentiels tout en d\u00e9couvrant de nouvelles cultures","breadcrumb":{"@id":"https:\/\/www.vita-explorers.dk\/blog\/kort-humanitaer-rejse-i-2024-og-2025\/#breadcrumb"},"inLanguage":"da-DK","potentialAction":[{"@type":"ReadAction","target":["https:\/\/www.vita-explorers.dk\/blog\/kort-humanitaer-rejse-i-2024-og-2025\/"]}]},{"@type":"ImageObject","inLanguage":"da-DK","@id":"https:\/\/www.vita-explorers.dk\/blog\/kort-humanitaer-rejse-i-2024-og-2025\/#primaryimage","url":"https:\/\/www.vita-explorers.dk\/blog\/wp-content\/uploads\/2020\/11\/PHOTO-2020-11-17-10-37-44-2.jpg","contentUrl":"https:\/\/www.vita-explorers.dk\/blog\/wp-content\/uploads\/2020\/11\/PHOTO-2020-11-17-10-37-44-2.jpg","width":1600,"height":1200,"caption":"Volontaire participant \u00e0 une mission humanitaire de courte dur\u00e9e en 2024, enseignant des enfants dans une \u00e9cole"},{"@type":"BreadcrumbList","@id":"https:\/\/www.vita-explorers.dk\/blog\/kort-humanitaer-rejse-i-2024-og-2025\/#breadcrumb","itemListElement":[{"@type":"ListItem","position":1,"name":"Accueil","item":"https:\/\/www.vita-explorers.dk\/blog\/"},{"@type":"ListItem","position":2,"name":"Kort humanit\u00e6rt ophold i 2026 og 2027"}]},{"@type":"WebSite","@id":"https:\/\/www.vita-explorers.dk\/blog\/#website","url":"https:\/\/www.vita-explorers.dk\/blog\/","name":"Association Globalong","description":"Frivilligt arbejde, sprogophold, praktik i udlandet og internationale oplevelser","publisher":{"@id":"https:\/\/www.vita-explorers.dk\/blog\/#organization"},"potentialAction":[{"@type":"SearchAction","target":{"@type":"EntryPoint","urlTemplate":"https:\/\/www.vita-explorers.dk\/blog\/?s={search_term_string}"},"query-input":{"@type":"PropertyValueSpecification","valueRequired":true,"valueName":"search_term_string"}}],"inLanguage":"da-DK"},{"@type":"Organization","@id":"https:\/\/www.vita-explorers.dk\/blog\/#organization","name":"Association Globalong","url":"https:\/\/www.vita-explorers.dk\/blog\/","logo":{"@type":"ImageObject","inLanguage":"da-DK","@id":"https:\/\/www.vita-explorers.dk\/blog\/#\/schema\/logo\/image\/","url":"https:\/\/www.globalong.com\/blog\/wp-content\/uploads\/2014\/11\/cropped-cropped-Logo-et-Afrique-Globalong-petite-taille-2.jpg","contentUrl":"https:\/\/www.globalong.com\/blog\/wp-content\/uploads\/2014\/11\/cropped-cropped-Logo-et-Afrique-Globalong-petite-taille-2.jpg","width":512,"height":512,"caption":"Association Globalong"},"image":{"@id":"https:\/\/www.vita-explorers.dk\/blog\/#\/schema\/logo\/image\/"},"sameAs":["https:\/\/www.facebook.com\/globalong"]},{"@type":"Person","@id":"https:\/\/www.vita-explorers.dk\/blog\/#\/schema\/person\/fc0343a2f2db2ebb2793c1f62dbe73f0","name":"VITA Tribe","image":{"@type":"ImageObject","inLanguage":"da-DK","@id":"https:\/\/www.vita-explorers.dk\/blog\/#\/schema\/person\/image\/","url":"https:\/\/secure.gravatar.com\/avatar\/f7f05026bb439d0c96b30e135e5f852c?s=96&d=mm&r=g","contentUrl":"https:\/\/secure.gravatar.com\/avatar\/f7f05026bb439d0c96b30e135e5f852c?s=96&d=mm&r=g","caption":"VITA Tribe"},"sameAs":["http:\/\/www.globalong.com"],"url":"https:\/\/www.vita-explorers.dk\/blog\/author\/teamglobalong\/"}]}},"_links":{"self":[{"href":"https:\/\/www.vita-explorers.dk\/blog\/wp-json\/wp\/v2\/posts\/16512"}],"collection":[{"href":"https:\/\/www.vita-explorers.dk\/blog\/wp-json\/wp\/v2\/posts"}],"about":[{"href":"https:\/\/www.vita-explorers.dk\/blog\/wp-json\/wp\/v2\/types\/post"}],"author":[{"embeddable":true,"href":"https:\/\/www.vita-explorers.dk\/blog\/wp-json\/wp\/v2\/users\/7"}],"replies":[{"embeddable":true,"href":"https:\/\/www.vita-explorers.dk\/blog\/wp-json\/wp\/v2\/comments?post=16512"}],"version-history":[{"count":9,"href":"https:\/\/www.vita-explorers.dk\/blog\/wp-json\/wp\/v2\/posts\/16512\/revisions"}],"predecessor-version":[{"id":22729,"href":"https:\/\/www.vita-explorers.dk\/blog\/wp-json\/wp\/v2\/posts\/16512\/revisions\/22729"}],"wp:featuredmedia":[{"embeddable":true,"href":"https:\/\/www.vita-explorers.dk\/blog\/wp-json\/wp\/v2\/media\/13692"}],"wp:attachment":[{"href":"https:\/\/www.vita-explorers.dk\/blog\/wp-json\/wp\/v2\/media?parent=16512"}],"wp:term":[{"taxonomy":"category","embeddable":true,"href":"https:\/\/www.vita-explorers.dk\/blog\/wp-json\/wp\/v2\/categories?post=16512"},{"taxonomy":"post_tag","embeddable":true,"href":"https:\/\/www.vita-explorers.dk\/blog\/wp-json\/wp\/v2\/tags?post=16512"}],"curies":[{"name":"wp","href":"https:\/\/api.w.org\/{rel}","templated":true}]}}